{"id":1150,"date":"2017-10-11T00:09:00","date_gmt":"2017-10-11T00:09:00","guid":{"rendered":"https:\/\/www.evento.love\/blog\/?p=1150"},"modified":"2018-09-28T06:55:34","modified_gmt":"2018-09-28T04:55:34","slug":"lluvia-osos-baby-shower-del-pequeno-lucca","status":"publish","type":"post","link":"https:\/\/www.evento.love\/blog\/lluvia-osos-baby-shower-del-pequeno-lucca\/","title":{"rendered":"Lluvia de osos para el baby shower del peque\u00f1o Lucca"},"content":{"rendered":"<p style=\"font-weight: 400;\">Luc\u00eda se puso en contacto con nosotros hace semanas, nos cont\u00f3 que estaba muy ilusionada con organizarle un maravilloso baby shower a su hermana Alexandra y a su beb\u00e9 Lucca.<!--more--><\/p>\n<p style=\"font-weight: 400;\">Luc\u00eda nos respondi\u00f3 con seguridad a la pregunta \u00bfqu\u00e9 tem\u00e1tica para el baby shower prefieres? &#8220;\u00a1Osos!&#8221;, nos dijo. &#8220;Qu\u00e9 alegr\u00eda, \u00a1nos encantan!&#8221;, dijimos. &#8220;Tambi\u00e9n quiero que os ocup\u00e9is de los dulces, la tarta y los detalles para los invitados&#8221;, dijo Luc\u00eda. \u00a1Eso estaba hecho! Nosotros est\u00e1bamos felices.<\/p>\n<p style=\"font-weight: 400;\">Cuando el s\u00e1bado por la ma\u00f1ana llegamos a su casa de Alcorc\u00f3n, nos esperaba toda la familia con una sonrisa. S\u00ed, es verdad, la colaboraci\u00f3n y la alegr\u00eda de la familia <strong>son nuestros motores<\/strong>, m\u00e1s all\u00e1 de que siempre llevamos \u201ctodo\u201d, es sentir y saber que todos se involucran. \u00a1Es la fiesta de la familia! Y as\u00ed lo vivimos.<\/p>\n<p><img decoding=\"async\" loading=\"lazy\" class=\"aligncenter size-full wp-image-1163\" src=\"https:\/\/www.evento.love\/blog\/wp-content\/uploads\/2017\/10\/IMG_7788.jpg\" alt=\"\" width=\"800\" height=\"533\" srcset=\"https:\/\/www.evento.love\/blog\/wp-content\/uploads\/2017\/10\/IMG_7788.jpg 800w, https:\/\/www.evento.love\/blog\/wp-content\/uploads\/2017\/10\/IMG_7788-300x200.jpg 300w, https:\/\/www.evento.love\/blog\/wp-content\/uploads\/2017\/10\/IMG_7788-768x512.jpg 768w, https:\/\/www.evento.love\/blog\/wp-content\/uploads\/2017\/10\/IMG_7788-405x270.jpg 405w\" sizes=\"(max-width: 800px) 100vw, 800px\" \/><img decoding=\"async\" loading=\"lazy\" class=\"aligncenter size-full wp-image-1161\" src=\"https:\/\/www.evento.love\/blog\/wp-content\/uploads\/2017\/10\/IMG_7767.jpg\" alt=\"\" width=\"800\" height=\"1200\" srcset=\"https:\/\/www.evento.love\/blog\/wp-content\/uploads\/2017\/10\/IMG_7767.jpg 800w, https:\/\/www.evento.love\/blog\/wp-content\/uploads\/2017\/10\/IMG_7767-200x300.jpg 200w, https:\/\/www.evento.love\/blog\/wp-content\/uploads\/2017\/10\/IMG_7767-768x1152.jpg 768w, https:\/\/www.evento.love\/blog\/wp-content\/uploads\/2017\/10\/IMG_7767-683x1024.jpg 683w, https:\/\/www.evento.love\/blog\/wp-content\/uploads\/2017\/10\/IMG_7767-180x270.jpg 180w\" sizes=\"(max-width: 800px) 100vw, 800px\" \/><img decoding=\"async\" loading=\"lazy\" class=\"aligncenter size-full wp-image-1157\" src=\"https:\/\/www.evento.love\/blog\/wp-content\/uploads\/2017\/10\/IMG_7742.jpg\" alt=\"\" width=\"800\" height=\"1200\" srcset=\"https:\/\/www.evento.love\/blog\/wp-content\/uploads\/2017\/10\/IMG_7742.jpg 800w, https:\/\/www.evento.love\/blog\/wp-content\/uploads\/2017\/10\/IMG_7742-200x300.jpg 200w, https:\/\/www.evento.love\/blog\/wp-content\/uploads\/2017\/10\/IMG_7742-768x1152.jpg 768w, https:\/\/www.evento.love\/blog\/wp-content\/uploads\/2017\/10\/IMG_7742-683x1024.jpg 683w, https:\/\/www.evento.love\/blog\/wp-content\/uploads\/2017\/10\/IMG_7742-180x270.jpg 180w\" sizes=\"(max-width: 800px) 100vw, 800px\" \/><\/p>\n<p style=\"font-weight: 400;\">La casa se llen\u00f3 de magia, de osos (\u00a1por supuesto!), de colores chocolate y celeste, los elegidos por la futura mam\u00e1. Tambi\u00e9n de globos, dulces, m\u00fasica, sonrisas y&#8230;\u00a1alegr\u00eda! \u00a1Mucha alegr\u00eda!<\/p>\n<p style=\"font-weight: 400;\">Gracias maravillosa familia por darnos la oportunidad de estar presentes en un momento tan especial de vuestras vidas, de ser parte de la alegr\u00eda y de la fiesta por la llegada del peque\u00f1o Lucca, \u00a1que estar\u00e1 colmado de much\u00edsimo amor!<\/p>\n<p><img decoding=\"async\" loading=\"lazy\" class=\"aligncenter size-full wp-image-1158\" src=\"https:\/\/www.evento.love\/blog\/wp-content\/uploads\/2017\/10\/IMG_7753.jpg\" alt=\"\" width=\"800\" height=\"533\" srcset=\"https:\/\/www.evento.love\/blog\/wp-content\/uploads\/2017\/10\/IMG_7753.jpg 800w, https:\/\/www.evento.love\/blog\/wp-content\/uploads\/2017\/10\/IMG_7753-300x200.jpg 300w, https:\/\/www.evento.love\/blog\/wp-content\/uploads\/2017\/10\/IMG_7753-768x512.jpg 768w, https:\/\/www.evento.love\/blog\/wp-content\/uploads\/2017\/10\/IMG_7753-405x270.jpg 405w\" sizes=\"(max-width: 800px) 100vw, 800px\" \/> <img decoding=\"async\" loading=\"lazy\" class=\"aligncenter size-full wp-image-1156\" src=\"https:\/\/www.evento.love\/blog\/wp-content\/uploads\/2017\/10\/IMG_7741.jpg\" alt=\"\" width=\"800\" height=\"533\" srcset=\"https:\/\/www.evento.love\/blog\/wp-content\/uploads\/2017\/10\/IMG_7741.jpg 800w, https:\/\/www.evento.love\/blog\/wp-content\/uploads\/2017\/10\/IMG_7741-300x200.jpg 300w, https:\/\/www.evento.love\/blog\/wp-content\/uploads\/2017\/10\/IMG_7741-768x512.jpg 768w, https:\/\/www.evento.love\/blog\/wp-content\/uploads\/2017\/10\/IMG_7741-405x270.jpg 405w\" sizes=\"(max-width: 800px) 100vw, 800px\" \/> <img decoding=\"async\" loading=\"lazy\" class=\"aligncenter size-full wp-image-1154\" src=\"https:\/\/www.evento.love\/blog\/wp-content\/uploads\/2017\/10\/IMG_7727.jpg\" alt=\"\" width=\"800\" height=\"533\" srcset=\"https:\/\/www.evento.love\/blog\/wp-content\/uploads\/2017\/10\/IMG_7727.jpg 800w, https:\/\/www.evento.love\/blog\/wp-content\/uploads\/2017\/10\/IMG_7727-300x200.jpg 300w, https:\/\/www.evento.love\/blog\/wp-content\/uploads\/2017\/10\/IMG_7727-768x512.jpg 768w, https:\/\/www.evento.love\/blog\/wp-content\/uploads\/2017\/10\/IMG_7727-405x270.jpg 405w\" sizes=\"(max-width: 800px) 100vw, 800px\" \/> <img decoding=\"async\" loading=\"lazy\" class=\"aligncenter size-full wp-image-1153\" src=\"https:\/\/www.evento.love\/blog\/wp-content\/uploads\/2017\/10\/IMG_7706.jpg\" alt=\"\" width=\"800\" height=\"1200\" srcset=\"https:\/\/www.evento.love\/blog\/wp-content\/uploads\/2017\/10\/IMG_7706.jpg 800w, https:\/\/www.evento.love\/blog\/wp-content\/uploads\/2017\/10\/IMG_7706-200x300.jpg 200w, https:\/\/www.evento.love\/blog\/wp-content\/uploads\/2017\/10\/IMG_7706-768x1152.jpg 768w, https:\/\/www.evento.love\/blog\/wp-content\/uploads\/2017\/10\/IMG_7706-683x1024.jpg 683w, https:\/\/www.evento.love\/blog\/wp-content\/uploads\/2017\/10\/IMG_7706-180x270.jpg 180w\" sizes=\"(max-width: 800px) 100vw, 800px\" \/> <img decoding=\"async\" loading=\"lazy\" class=\"aligncenter size-full wp-image-1152\" src=\"https:\/\/www.evento.love\/blog\/wp-content\/uploads\/2017\/10\/IMG_7703.jpg\" alt=\"\" width=\"800\" height=\"533\" srcset=\"https:\/\/www.evento.love\/blog\/wp-content\/uploads\/2017\/10\/IMG_7703.jpg 800w, https:\/\/www.evento.love\/blog\/wp-content\/uploads\/2017\/10\/IMG_7703-300x200.jpg 300w, https:\/\/www.evento.love\/blog\/wp-content\/uploads\/2017\/10\/IMG_7703-768x512.jpg 768w, https:\/\/www.evento.love\/blog\/wp-content\/uploads\/2017\/10\/IMG_7703-405x270.jpg 405w\" sizes=\"(max-width: 800px) 100vw, 800px\" \/><\/p>\n<p>Si quieres un babyshower tan entra\u00f1able como el que hemos preparado, ponte en <a href=\"https:\/\/evento.love\/#contacto\">contacto con evento.love<\/a> y te ayudaremos a preparar <strong>tu baby shower perfecto en Madrid<\/strong>. Podemos ayudarte parcial o totalmente con la organizaci\u00f3n, desde las invitaciones hasta el catering, incluyendo la decoraci\u00f3n, creaci\u00f3n de mesa dulce, animaci\u00f3n, juegos, photocall y mucho m\u00e1s.<\/p>\n<h3 style=\"text-align: center;\">\u00a1Cu\u00e9ntanos qu\u00e9 sue\u00f1as y lo haremos realidad!<\/h3>\n<p><a href=\"https:\/\/www.evento.love\/#contacto\" target=\"_blank\" rel=\"noopener noreferrer\"><img decoding=\"async\" loading=\"lazy\" class=\"aligncenter wp-image-787 size-full\" src=\"https:\/\/www.evento.love\/blog\/wp-content\/uploads\/2017\/05\/cuentanos-sueno.png\" alt=\"\" width=\"600\" height=\"200\" srcset=\"https:\/\/www.evento.love\/blog\/wp-content\/uploads\/2017\/05\/cuentanos-sueno.png 600w, https:\/\/www.evento.love\/blog\/wp-content\/uploads\/2017\/05\/cuentanos-sueno-300x100.png 300w\" sizes=\"(max-width: 600px) 100vw, 600px\" \/><\/a><\/p>\n<p style=\"text-align: center;\">Con amor<\/p>\n<p style=\"text-align: center;\">\u2665\u00a0Nancy<\/p>\n    <div class=\"related-post grid\">\r\n                <div class=\"headline\">M\u00e1s art\u00edculos a tener en cuenta<\/div>\r\n        <div class=\"post-list \">\r\n\r\n                        <div class=\"item\">\r\n                        <div class=\"thumb post_thumb\">\r\n        <a  title=\"Baby Shower, mucho m\u00e1s que un evento social\" href=\"https:\/\/www.evento.love\/blog\/baby-shower-evento-social-madrid\/\">\r\n\r\n            <img width=\"150\" height=\"150\" src=\"https:\/\/www.evento.love\/blog\/wp-content\/uploads\/2016\/07\/babyshower-150x150.jpg\" class=\"attachment-thumbnail size-thumbnail wp-post-image\" alt=\"baby shower-fiesta-beb\u00e9-embarazo-embarazada\" decoding=\"async\" loading=\"lazy\" \/>\r\n\r\n        <\/a>\r\n    <\/div>\r\n\r\n    <a class=\"title post_title\"  title=\"Baby Shower, mucho m\u00e1s que un evento social\" href=\"https:\/\/www.evento.love\/blog\/baby-shower-evento-social-madrid\/\">\r\n                Baby Shower, mucho m\u00e1s que un evento social    <\/a>\r\n\r\n                <\/div>\r\n                            <div class=\"item\">\r\n                        <div class=\"thumb post_thumb\">\r\n        <a  title=\"12 consejos para un Baby Shower perfecto\" href=\"https:\/\/www.evento.love\/blog\/12-consejos-baby-shower-perfecto-madrid\/\">\r\n\r\n            <img width=\"150\" height=\"150\" src=\"https:\/\/www.evento.love\/blog\/wp-content\/uploads\/2016\/09\/16_05_20_12_consejos-para-que-tu-Baby-Shower-sea-perfecto-150x150.jpg\" class=\"attachment-thumbnail size-thumbnail wp-post-image\" alt=\"Baby Shower-perfecto-beb\u00e9-embarazado-embarazada-fiesta-babyshower\" decoding=\"async\" loading=\"lazy\" \/>\r\n\r\n        <\/a>\r\n    <\/div>\r\n\r\n    <a class=\"title post_title\"  title=\"12 consejos para un Baby Shower perfecto\" href=\"https:\/\/www.evento.love\/blog\/12-consejos-baby-shower-perfecto-madrid\/\">\r\n                12 consejos para un Baby Shower perfecto    <\/a>\r\n\r\n                <\/div>\r\n                            <div class=\"item\">\r\n                        <div class=\"thumb post_thumb\">\r\n        <a  title=\"Cu\u00e1ndo hacer el Baby Shower\" href=\"https:\/\/www.evento.love\/blog\/cuando-hacer-el-baby-shower-madrid\/\">\r\n\r\n            <img width=\"150\" height=\"150\" src=\"https:\/\/www.evento.love\/blog\/wp-content\/uploads\/2016\/09\/16_05_23_Cuando-hacer-el-Baby-Shower-150x150.jpg\" class=\"attachment-thumbnail size-thumbnail wp-post-image\" alt=\"Cu\u00e1ndo hacer el baby shower beb\u00e9 embarazo fiesta en Madrid\" decoding=\"async\" loading=\"lazy\" \/>\r\n\r\n        <\/a>\r\n    <\/div>\r\n\r\n    <a class=\"title post_title\"  title=\"Cu\u00e1ndo hacer el Baby Shower\" href=\"https:\/\/www.evento.love\/blog\/cuando-hacer-el-baby-shower-madrid\/\">\r\n                Cu\u00e1ndo hacer el Baby Shower    <\/a>\r\n\r\n                <\/div>\r\n                            <div class=\"item\">\r\n                        <div class=\"thumb post_thumb\">\r\n        <a  title=\"Baby Shower: Elaborando la lista de invitados\" href=\"https:\/\/www.evento.love\/blog\/baby-shower-lista-invitados-madrid\/\">\r\n\r\n            <img width=\"150\" height=\"150\" src=\"https:\/\/www.evento.love\/blog\/wp-content\/uploads\/2016\/09\/16_05_30_Baby-Shower-elaborando-la-lista-de-invitados-150x150.jpg\" class=\"attachment-thumbnail size-thumbnail wp-post-image\" alt=\"\" decoding=\"async\" loading=\"lazy\" \/>\r\n\r\n        <\/a>\r\n    <\/div>\r\n\r\n    <a class=\"title post_title\"  title=\"Baby Shower: Elaborando la lista de invitados\" href=\"https:\/\/www.evento.love\/blog\/baby-shower-lista-invitados-madrid\/\">\r\n                Baby Shower: Elaborando la lista de invitados    <\/a>\r\n\r\n                <\/div>\r\n            \r\n    <\/div>\r\n\r\n    <script>\r\n            <\/script>\r\n    <style>\r\n        .related-post {}\r\n\r\n        .related-post .post-list {\r\n            text-align: left;\r\n                    }\r\n\r\n        .related-post .post-list .item {\r\n            margin: 5px 10px;\r\n            padding: 0px;\r\n                    }\r\n\r\n        .related-post .headline {\r\n            font-size: 24px !important;\r\n            color: #000000 !important;\r\n                    }\r\n\r\n        .related-post .headline{\r\nfont-weight:400 !important;\r\ntext-transform: uppercase;\r\n}.related-post .post-list .item .post_thumb {\r\n            max-height: 180px;\r\n            margin: 10px 0px;\r\n            padding: 0px;\r\n            display: block;\r\n                    }\r\n\r\n        .related-post .post-list .item .post_title {\r\n            font-size: 12px;\r\n            color: #607d8b;\r\n            margin: 10px 0px;\r\n            padding: 0px;\r\n            display: block;\r\n            text-decoration: none;\r\n                    }\r\n\r\n        .related-post .post-list .item .post_excerpt {\r\n            font-size: 13px;\r\n            color: #3f3f3f;\r\n            margin: 10px 0px;\r\n            padding: 0px;\r\n            display: block;\r\n            text-decoration: none;\r\n                    }\r\n\r\n        @media only screen and (min-width: 1024px) {\r\n            .related-post .post-list .item {\r\n                width: 22%;\r\n            }\r\n        }\r\n\r\n        @media only screen and (min-width: 768px) and (max-width: 1023px) {\r\n            .related-post .post-list .item {\r\n                width: 90%;\r\n            }\r\n        }\r\n\r\n        @media only screen and (min-width: 0px) and (max-width: 767px) {\r\n            .related-post .post-list .item {\r\n                width: 30%;\r\n            }\r\n        }\r\n\r\n            <\/style>\r\n        <\/div>\r\n<!-- AddThis Advanced Settings generic via filter on the_content --><!-- AddThis Share Buttons generic via filter on the_content -->","protected":false},"excerpt":{"rendered":"<p>Luc\u00eda se puso en contacto con nosotros hace semanas, nos cont\u00f3 que estaba muy ilusionada con organizarle un maravilloso baby shower a su hermana Alexandra y a su beb\u00e9 Lucca. M\u00e1s art\u00edculos a tener en cuenta Baby Shower, mucho m\u00e1s que un evento social 12 consejos para un Baby Shower perfecto Cu\u00e1ndo hacer el Baby Shower Baby Shower: Elaborando la lista de invitados<!-- AddThis Advanced Settings generic via filter on get_the_excerpt --><!-- AddThis Share Buttons generic via filter on get_the_excerpt --><\/p>\n    <div class=\"related-post grid\">\r\n                <div class=\"headline\">M\u00e1s art\u00edculos a tener en cuenta<\/div>\r\n        <div class=\"post-list \">\r\n\r\n                        <div class=\"item\">\r\n                        <div class=\"thumb post_thumb\">\r\n        <a  title=\"Baby Shower, mucho m\u00e1s que un evento social\" href=\"https:\/\/www.evento.love\/blog\/baby-shower-evento-social-madrid\/\">\r\n\r\n            <img width=\"150\" height=\"150\" src=\"https:\/\/www.evento.love\/blog\/wp-content\/uploads\/2016\/07\/babyshower-150x150.jpg\" class=\"attachment-thumbnail size-thumbnail wp-post-image\" alt=\"baby shower-fiesta-beb\u00e9-embarazo-embarazada\" decoding=\"async\" loading=\"lazy\" \/>\r\n\r\n        <\/a>\r\n    <\/div>\r\n\r\n    <a class=\"title post_title\"  title=\"Baby Shower, mucho m\u00e1s que un evento social\" href=\"https:\/\/www.evento.love\/blog\/baby-shower-evento-social-madrid\/\">\r\n                Baby Shower, mucho m\u00e1s que un evento social    <\/a>\r\n\r\n                <\/div>\r\n                            <div class=\"item\">\r\n                        <div class=\"thumb post_thumb\">\r\n        <a  title=\"12 consejos para un Baby Shower perfecto\" href=\"https:\/\/www.evento.love\/blog\/12-consejos-baby-shower-perfecto-madrid\/\">\r\n\r\n            <img width=\"150\" height=\"150\" src=\"https:\/\/www.evento.love\/blog\/wp-content\/uploads\/2016\/09\/16_05_20_12_consejos-para-que-tu-Baby-Shower-sea-perfecto-150x150.jpg\" class=\"attachment-thumbnail size-thumbnail wp-post-image\" alt=\"Baby Shower-perfecto-beb\u00e9-embarazado-embarazada-fiesta-babyshower\" decoding=\"async\" loading=\"lazy\" \/>\r\n\r\n        <\/a>\r\n    <\/div>\r\n\r\n    <a class=\"title post_title\"  title=\"12 consejos para un Baby Shower perfecto\" href=\"https:\/\/www.evento.love\/blog\/12-consejos-baby-shower-perfecto-madrid\/\">\r\n                12 consejos para un Baby Shower perfecto    <\/a>\r\n\r\n                <\/div>\r\n                            <div class=\"item\">\r\n                        <div class=\"thumb post_thumb\">\r\n        <a  title=\"Cu\u00e1ndo hacer el Baby Shower\" href=\"https:\/\/www.evento.love\/blog\/cuando-hacer-el-baby-shower-madrid\/\">\r\n\r\n            <img width=\"150\" height=\"150\" src=\"https:\/\/www.evento.love\/blog\/wp-content\/uploads\/2016\/09\/16_05_23_Cuando-hacer-el-Baby-Shower-150x150.jpg\" class=\"attachment-thumbnail size-thumbnail wp-post-image\" alt=\"Cu\u00e1ndo hacer el baby shower beb\u00e9 embarazo fiesta en Madrid\" decoding=\"async\" loading=\"lazy\" \/>\r\n\r\n        <\/a>\r\n    <\/div>\r\n\r\n    <a class=\"title post_title\"  title=\"Cu\u00e1ndo hacer el Baby Shower\" href=\"https:\/\/www.evento.love\/blog\/cuando-hacer-el-baby-shower-madrid\/\">\r\n                Cu\u00e1ndo hacer el Baby Shower    <\/a>\r\n\r\n                <\/div>\r\n                            <div class=\"item\">\r\n                        <div class=\"thumb post_thumb\">\r\n        <a  title=\"\u00bfQui\u00e9n debe organizar el Baby Shower?\" href=\"https:\/\/www.evento.love\/blog\/quien-organizar-baby-shower-madrid\/\">\r\n\r\n            <img width=\"150\" height=\"150\" src=\"https:\/\/www.evento.love\/blog\/wp-content\/uploads\/2016\/09\/16_05_29_Qui\u00e9n-organiza-el-Baby-Shower-150x150.jpg\" class=\"attachment-thumbnail size-thumbnail wp-post-image\" alt=\"Organizaci\u00f3n Baby Shower Madrid fiesta beb\u00e9 embarazada\" decoding=\"async\" loading=\"lazy\" \/>\r\n\r\n        <\/a>\r\n    <\/div>\r\n\r\n    <a class=\"title post_title\"  title=\"\u00bfQui\u00e9n debe organizar el Baby Shower?\" href=\"https:\/\/www.evento.love\/blog\/quien-organizar-baby-shower-madrid\/\">\r\n                \u00bfQui\u00e9n debe organizar el Baby Shower?    <\/a>\r\n\r\n                <\/div>\r\n            \r\n    <\/div>\r\n\r\n    <script>\r\n            <\/script>\r\n    <style>\r\n        .related-post {}\r\n\r\n        .related-post .post-list {\r\n            text-align: left;\r\n                    }\r\n\r\n        .related-post .post-list .item {\r\n            margin: 5px 10px;\r\n            padding: 0px;\r\n                    }\r\n\r\n        .related-post .headline {\r\n            font-size: 24px !important;\r\n            color: #000000 !important;\r\n                    }\r\n\r\n        .related-post .headline{\r\nfont-weight:400 !important;\r\ntext-transform: uppercase;\r\n}.related-post .post-list .item .post_thumb {\r\n            max-height: 180px;\r\n            margin: 10px 0px;\r\n            padding: 0px;\r\n            display: block;\r\n                    }\r\n\r\n        .related-post .post-list .item .post_title {\r\n            font-size: 12px;\r\n            color: #607d8b;\r\n            margin: 10px 0px;\r\n            padding: 0px;\r\n            display: block;\r\n            text-decoration: none;\r\n                    }\r\n\r\n        .related-post .post-list .item .post_excerpt {\r\n            font-size: 13px;\r\n            color: #3f3f3f;\r\n            margin: 10px 0px;\r\n            padding: 0px;\r\n            display: block;\r\n            text-decoration: none;\r\n                    }\r\n\r\n        @media only screen and (min-width: 1024px) {\r\n            .related-post .post-list .item {\r\n                width: 22%;\r\n            }\r\n        }\r\n\r\n        @media only screen and (min-width: 768px) and (max-width: 1023px) {\r\n            .related-post .post-list .item {\r\n                width: 90%;\r\n            }\r\n        }\r\n\r\n        @media only screen and (min-width: 0px) and (max-width: 767px) {\r\n            .related-post .post-list .item {\r\n                width: 30%;\r\n            }\r\n        }\r\n\r\n            <\/style>\r\n        <\/div>\r\n","protected":false},"author":1,"featured_media":1151,"comment_status":"open","ping_status":"open","sticky":false,"template":"","format":"standard","meta":{"content-type":""},"categories":[2,391],"tags":[],"yoast_head":"<!-- This site is optimized with the Yoast SEO plugin v20.7 - https:\/\/yoast.com\/wordpress\/plugins\/seo\/ -->\n<title>Baby shower de osos para el peque\u00f1o Lucca - Blog de Evento.love<\/title>\n<meta name=\"description\" content=\"Te contamos todos los detalles de la organizaci\u00f3n del baby shower de osos de este ni\u00f1o, un evento que planeamos con todo detalle.\" \/>\n<meta name=\"robots\" content=\"index, follow, max-snippet:-1, max-image-preview:large, max-video-preview:-1\" \/>\n<meta property=\"og:locale\" content=\"es_ES\" \/>\n<meta property=\"og:type\" content=\"article\" \/>\n<meta property=\"og:title\" content=\"Baby shower de osos para el peque\u00f1o Lucca - Blog de Evento.love\" \/>\n<meta property=\"og:description\" content=\"Te contamos todos los detalles de la organizaci\u00f3n del baby shower de osos de este ni\u00f1o, un evento que planeamos con todo detalle.\" \/>\n<meta property=\"og:url\" content=\"https:\/\/www.evento.love\/blog\/lluvia-osos-baby-shower-del-pequeno-lucca\/\" \/>\n<meta property=\"og:site_name\" content=\"El Blog de evento.love\" \/>\n<meta property=\"article:publisher\" content=\"https:\/\/www.facebook.com\/Evento.love\/\" \/>\n<meta property=\"article:published_time\" content=\"2017-10-11T00:09:00+00:00\" \/>\n<meta property=\"article:modified_time\" content=\"2018-09-28T04:55:34+00:00\" \/>\n<meta property=\"og:image\" content=\"https:\/\/www.evento.love\/blog\/wp-content\/uploads\/2017\/10\/17_10_11-lucca.jpg\" \/>\n\t<meta property=\"og:image:width\" content=\"847\" \/>\n\t<meta property=\"og:image:height\" content=\"470\" \/>\n\t<meta property=\"og:image:type\" content=\"image\/jpeg\" \/>\n<meta name=\"author\" content=\"Evento Love\" \/>\n<meta name=\"twitter:card\" content=\"summary_large_image\" \/>\n<meta name=\"twitter:creator\" content=\"@Evento_love\" \/>\n<meta name=\"twitter:site\" content=\"@Evento_love\" \/>\n<meta name=\"twitter:label1\" content=\"Escrito por\" \/>\n\t<meta name=\"twitter:data1\" content=\"Evento Love\" \/>\n\t<meta name=\"twitter:label2\" content=\"Tiempo de lectura\" \/>\n\t<meta name=\"twitter:data2\" content=\"2 minutos\" \/>\n<!-- \/ Yoast SEO plugin. -->","yoast_head_json":{"title":"Baby shower de osos para el peque\u00f1o Lucca - Blog de Evento.love","description":"Te contamos todos los detalles de la organizaci\u00f3n del baby shower de osos de este ni\u00f1o, un evento que planeamos con todo detalle.","robots":{"index":"index","follow":"follow","max-snippet":"max-snippet:-1","max-image-preview":"max-image-preview:large","max-video-preview":"max-video-preview:-1"},"og_locale":"es_ES","og_type":"article","og_title":"Baby shower de osos para el peque\u00f1o Lucca - Blog de Evento.love","og_description":"Te contamos todos los detalles de la organizaci\u00f3n del baby shower de osos de este ni\u00f1o, un evento que planeamos con todo detalle.","og_url":"https:\/\/www.evento.love\/blog\/lluvia-osos-baby-shower-del-pequeno-lucca\/","og_site_name":"El Blog de evento.love","article_publisher":"https:\/\/www.facebook.com\/Evento.love\/","article_published_time":"2017-10-11T00:09:00+00:00","article_modified_time":"2018-09-28T04:55:34+00:00","og_image":[{"width":847,"height":470,"url":"https:\/\/www.evento.love\/blog\/wp-content\/uploads\/2017\/10\/17_10_11-lucca.jpg","type":"image\/jpeg"}],"author":"Evento Love","twitter_card":"summary_large_image","twitter_creator":"@Evento_love","twitter_site":"@Evento_love","twitter_misc":{"Escrito por":"Evento Love","Tiempo de lectura":"2 minutos"},"schema":{"@context":"https:\/\/schema.org","@graph":[{"@type":"Article","@id":"https:\/\/www.evento.love\/blog\/lluvia-osos-baby-shower-del-pequeno-lucca\/#article","isPartOf":{"@id":"https:\/\/www.evento.love\/blog\/lluvia-osos-baby-shower-del-pequeno-lucca\/"},"author":{"name":"Evento Love","@id":"https:\/\/www.evento.love\/blog\/#\/schema\/person\/a184c2ed424b7fb3006372ce8051542c"},"headline":"Lluvia de osos para el baby shower del peque\u00f1o Lucca","datePublished":"2017-10-11T00:09:00+00:00","dateModified":"2018-09-28T04:55:34+00:00","mainEntityOfPage":{"@id":"https:\/\/www.evento.love\/blog\/lluvia-osos-baby-shower-del-pequeno-lucca\/"},"wordCount":312,"commentCount":0,"publisher":{"@id":"https:\/\/www.evento.love\/blog\/#organization"},"articleSection":["Baby Shower","Nuestros eventos"],"inLanguage":"es","potentialAction":[{"@type":"CommentAction","name":"Comment","target":["https:\/\/www.evento.love\/blog\/lluvia-osos-baby-shower-del-pequeno-lucca\/#respond"]}]},{"@type":"WebPage","@id":"https:\/\/www.evento.love\/blog\/lluvia-osos-baby-shower-del-pequeno-lucca\/","url":"https:\/\/www.evento.love\/blog\/lluvia-osos-baby-shower-del-pequeno-lucca\/","name":"Baby shower de osos para el peque\u00f1o Lucca - Blog de Evento.love","isPartOf":{"@id":"https:\/\/www.evento.love\/blog\/#website"},"datePublished":"2017-10-11T00:09:00+00:00","dateModified":"2018-09-28T04:55:34+00:00","description":"Te contamos todos los detalles de la organizaci\u00f3n del baby shower de osos de este ni\u00f1o, un evento que planeamos con todo detalle.","breadcrumb":{"@id":"https:\/\/www.evento.love\/blog\/lluvia-osos-baby-shower-del-pequeno-lucca\/#breadcrumb"},"inLanguage":"es","potentialAction":[{"@type":"ReadAction","target":["https:\/\/www.evento.love\/blog\/lluvia-osos-baby-shower-del-pequeno-lucca\/"]}]},{"@type":"BreadcrumbList","@id":"https:\/\/www.evento.love\/blog\/lluvia-osos-baby-shower-del-pequeno-lucca\/#breadcrumb","itemListElement":[{"@type":"ListItem","position":1,"name":"Evento.love","item":"https:\/\/www.evento.love\/blog\/"},{"@type":"ListItem","position":2,"name":"Baby Shower","item":"https:\/\/www.evento.love\/blog\/category\/baby-shower\/"},{"@type":"ListItem","position":3,"name":"Lluvia de osos para el baby shower del peque\u00f1o Lucca"}]},{"@type":"WebSite","@id":"https:\/\/www.evento.love\/blog\/#website","url":"https:\/\/www.evento.love\/blog\/","name":"El Blog de evento.love","description":"T\u00fa lo mereces. Disfruta de tu momento","publisher":{"@id":"https:\/\/www.evento.love\/blog\/#organization"},"potentialAction":[{"@type":"SearchAction","target":{"@type":"EntryPoint","urlTemplate":"https:\/\/www.evento.love\/blog\/?s={search_term_string}"},"query-input":"required name=search_term_string"}],"inLanguage":"es"},{"@type":"Organization","@id":"https:\/\/www.evento.love\/blog\/#organization","name":"evento.love","url":"https:\/\/www.evento.love\/blog\/","logo":{"@type":"ImageObject","inLanguage":"es","@id":"https:\/\/www.evento.love\/blog\/#\/schema\/logo\/image\/","url":"https:\/\/www.evento.love\/blog\/wp-content\/uploads\/2016\/07\/logo-evento-love.png","contentUrl":"https:\/\/www.evento.love\/blog\/wp-content\/uploads\/2016\/07\/logo-evento-love.png","width":197,"height":59,"caption":"evento.love"},"image":{"@id":"https:\/\/www.evento.love\/blog\/#\/schema\/logo\/image\/"},"sameAs":["https:\/\/www.facebook.com\/Evento.love\/","https:\/\/twitter.com\/Evento_love","https:\/\/www.instagram.com\/evento.love\/","https:\/\/es.pinterest.com\/evento_love\/","https:\/\/www.youtube.com\/channel\/UCcVbo6ymzx-7FlDJja8aQnw"]},{"@type":"Person","@id":"https:\/\/www.evento.love\/blog\/#\/schema\/person\/a184c2ed424b7fb3006372ce8051542c","name":"Evento Love"}]}},"_links":{"self":[{"href":"https:\/\/www.evento.love\/blog\/wp-json\/wp\/v2\/posts\/1150"}],"collection":[{"href":"https:\/\/www.evento.love\/blog\/wp-json\/wp\/v2\/posts"}],"about":[{"href":"https:\/\/www.evento.love\/blog\/wp-json\/wp\/v2\/types\/post"}],"author":[{"embeddable":true,"href":"https:\/\/www.evento.love\/blog\/wp-json\/wp\/v2\/users\/1"}],"replies":[{"embeddable":true,"href":"https:\/\/www.evento.love\/blog\/wp-json\/wp\/v2\/comments?post=1150"}],"version-history":[{"count":3,"href":"https:\/\/www.evento.love\/blog\/wp-json\/wp\/v2\/posts\/1150\/revisions"}],"predecessor-version":[{"id":2514,"href":"https:\/\/www.evento.love\/blog\/wp-json\/wp\/v2\/posts\/1150\/revisions\/2514"}],"wp:featuredmedia":[{"embeddable":true,"href":"https:\/\/www.evento.love\/blog\/wp-json\/wp\/v2\/media\/1151"}],"wp:attachment":[{"href":"https:\/\/www.evento.love\/blog\/wp-json\/wp\/v2\/media?parent=1150"}],"wp:term":[{"taxonomy":"category","embeddable":true,"href":"https:\/\/www.evento.love\/blog\/wp-json\/wp\/v2\/categories?post=1150"},{"taxonomy":"post_tag","embeddable":true,"href":"https:\/\/www.evento.love\/blog\/wp-json\/wp\/v2\/tags?post=1150"}],"curies":[{"name":"wp","href":"https:\/\/api.w.org\/{rel}","templated":true}]}}