{"id":1484,"date":"2018-01-24T23:28:07","date_gmt":"2018-01-24T23:28:07","guid":{"rendered":"https:\/\/www.evento.love\/blog\/?p=1484"},"modified":"2018-09-27T18:18:29","modified_gmt":"2018-09-27T16:18:29","slug":"tierno-bautizo-amalia-maria","status":"publish","type":"post","link":"https:\/\/www.evento.love\/blog\/tierno-bautizo-amalia-maria\/","title":{"rendered":"El tierno bautizo de Amalia Mar\u00eda"},"content":{"rendered":"<p style=\"font-weight: 400;\">Virginia, muy ilusionada con el Bautizo de su ni\u00f1a Amalia Mar\u00eda, nos contact\u00f3 para ayudarle con el evento. \u00a1As\u00ed que nos pusimos manos a la obra!<\/p>\n<p style=\"font-weight: 400;\"><!--more--><\/p>\n<p style=\"font-weight: 400;\">La feliz mam\u00e1 nos pidi\u00f3 que le hici\u00e9ramos la <strong>decoraci\u00f3n<\/strong> de la trasera de la Mesa Presidencial de la cena que ofrecer\u00eda para sus familiares y amigos. El evento iba a tener lugar en los salones de un precioso restaurante de Madrid.<\/p>\n<p style=\"font-weight: 400;\">Tambi\u00e9n nos coment\u00f3 que quer\u00eda una urna para dejar a un lado de la mesa, para que los <a href=\"https:\/\/www.evento.love\/blog\/detalles-invitados-baby-shower-madrid\/\">invitados<\/a> dejaran all\u00ed los sobres con los regalos para la ni\u00f1a.<\/p>\n<p style=\"font-weight: 400;\">\u00a1Y as\u00ed lo preparamos todo! Decorado con los colores elegidos: blanco y rosa.<\/p>\n<p>\u00a1Gracias por contar con Evento.love!<\/p>\n<p><img decoding=\"async\" loading=\"lazy\" class=\"aligncenter size-full wp-image-1486\" src=\"https:\/\/www.evento.love\/blog\/wp-content\/uploads\/2018\/01\/IMG_0990.jpg\" alt=\"\" width=\"800\" height=\"800\" srcset=\"https:\/\/www.evento.love\/blog\/wp-content\/uploads\/2018\/01\/IMG_0990.jpg 800w, https:\/\/www.evento.love\/blog\/wp-content\/uploads\/2018\/01\/IMG_0990-150x150.jpg 150w, https:\/\/www.evento.love\/blog\/wp-content\/uploads\/2018\/01\/IMG_0990-300x300.jpg 300w, https:\/\/www.evento.love\/blog\/wp-content\/uploads\/2018\/01\/IMG_0990-768x768.jpg 768w, https:\/\/www.evento.love\/blog\/wp-content\/uploads\/2018\/01\/IMG_0990-270x270.jpg 270w\" sizes=\"(max-width: 800px) 100vw, 800px\" \/> <img decoding=\"async\" loading=\"lazy\" class=\"aligncenter size-full wp-image-1487\" src=\"https:\/\/www.evento.love\/blog\/wp-content\/uploads\/2018\/01\/IMG_0997.jpg\" alt=\"\" width=\"800\" height=\"533\" srcset=\"https:\/\/www.evento.love\/blog\/wp-content\/uploads\/2018\/01\/IMG_0997.jpg 800w, https:\/\/www.evento.love\/blog\/wp-content\/uploads\/2018\/01\/IMG_0997-300x200.jpg 300w, https:\/\/www.evento.love\/blog\/wp-content\/uploads\/2018\/01\/IMG_0997-768x512.jpg 768w, https:\/\/www.evento.love\/blog\/wp-content\/uploads\/2018\/01\/IMG_0997-405x270.jpg 405w\" sizes=\"(max-width: 800px) 100vw, 800px\" \/> <img decoding=\"async\" loading=\"lazy\" class=\"aligncenter size-full wp-image-1489\" src=\"https:\/\/www.evento.love\/blog\/wp-content\/uploads\/2018\/01\/IMG_1034.jpg\" alt=\"\" width=\"800\" height=\"800\" srcset=\"https:\/\/www.evento.love\/blog\/wp-content\/uploads\/2018\/01\/IMG_1034.jpg 800w, https:\/\/www.evento.love\/blog\/wp-content\/uploads\/2018\/01\/IMG_1034-150x150.jpg 150w, https:\/\/www.evento.love\/blog\/wp-content\/uploads\/2018\/01\/IMG_1034-300x300.jpg 300w, https:\/\/www.evento.love\/blog\/wp-content\/uploads\/2018\/01\/IMG_1034-768x768.jpg 768w, https:\/\/www.evento.love\/blog\/wp-content\/uploads\/2018\/01\/IMG_1034-270x270.jpg 270w\" sizes=\"(max-width: 800px) 100vw, 800px\" \/><\/p>\n<p><img decoding=\"async\" loading=\"lazy\" class=\"aligncenter size-full wp-image-1490\" src=\"https:\/\/www.evento.love\/blog\/wp-content\/uploads\/2018\/01\/IMG_1013ba.jpg\" alt=\"\" width=\"800\" height=\"800\" srcset=\"https:\/\/www.evento.love\/blog\/wp-content\/uploads\/2018\/01\/IMG_1013ba.jpg 800w, https:\/\/www.evento.love\/blog\/wp-content\/uploads\/2018\/01\/IMG_1013ba-150x150.jpg 150w, https:\/\/www.evento.love\/blog\/wp-content\/uploads\/2018\/01\/IMG_1013ba-300x300.jpg 300w, https:\/\/www.evento.love\/blog\/wp-content\/uploads\/2018\/01\/IMG_1013ba-768x768.jpg 768w, https:\/\/www.evento.love\/blog\/wp-content\/uploads\/2018\/01\/IMG_1013ba-270x270.jpg 270w\" sizes=\"(max-width: 800px) 100vw, 800px\" \/><\/p>\n<p>&nbsp;<\/p>\n<p>\u00bfQu\u00e9 os ha parecido este precioso bautizo? Ver c\u00f3mo todo lo que hab\u00edamos dise\u00f1ado se hac\u00eda realidad fue algo emocionante y que super\u00f3 con creces las expectativas.<\/p>\n<p>Si quieres que te ayudemos a organizar un bautizo o un baby shower inolvidable ponte en <a href=\"https:\/\/evento.love\/#contacto\">contacto con evento.love<\/a> y juntos prepararemos\u00a0<strong>tu evento perfecto en Madrid<\/strong>. Podemos ayudarte parcial o totalmente con la organizaci\u00f3n: decoraci\u00f3n, catering, creaci\u00f3n de la mesa dulce, los detalles para los invitados, photocall, la animaci\u00f3n del evento y mucho m\u00e1s.<\/p>\n<h3 style=\"text-align: center;\">\u00a1Cu\u00e9ntanos qu\u00e9 sue\u00f1as y lo haremos realidad!<\/h3>\n<p><a href=\"https:\/\/www.evento.love\/#contacto\" target=\"_blank\" rel=\"noopener noreferrer\"><img decoding=\"async\" loading=\"lazy\" class=\"aligncenter wp-image-787 size-full\" src=\"https:\/\/www.evento.love\/blog\/wp-content\/uploads\/2017\/05\/cuentanos-sueno.png\" alt=\"\" width=\"600\" height=\"200\" srcset=\"https:\/\/www.evento.love\/blog\/wp-content\/uploads\/2017\/05\/cuentanos-sueno.png 600w, https:\/\/www.evento.love\/blog\/wp-content\/uploads\/2017\/05\/cuentanos-sueno-300x100.png 300w\" sizes=\"(max-width: 600px) 100vw, 600px\" \/><\/a><\/p>\n<p style=\"text-align: center;\">Con amor<\/p>\n<p style=\"text-align: center;\">\u2665 Nancy<\/p>\n    <div class=\"related-post grid\">\r\n                <div class=\"headline\">M\u00e1s art\u00edculos a tener en cuenta<\/div>\r\n        <div class=\"post-list \">\r\n\r\n                        <div class=\"item\">\r\n                        <div class=\"thumb post_thumb\">\r\n        <a  title=\"Baby Shower, mucho m\u00e1s que un evento social\" href=\"https:\/\/www.evento.love\/blog\/baby-shower-evento-social-madrid\/\">\r\n\r\n            <img width=\"150\" height=\"150\" src=\"https:\/\/www.evento.love\/blog\/wp-content\/uploads\/2016\/07\/babyshower-150x150.jpg\" class=\"attachment-thumbnail size-thumbnail wp-post-image\" alt=\"baby shower-fiesta-beb\u00e9-embarazo-embarazada\" decoding=\"async\" loading=\"lazy\" \/>\r\n\r\n        <\/a>\r\n    <\/div>\r\n\r\n    <a class=\"title post_title\"  title=\"Baby Shower, mucho m\u00e1s que un evento social\" href=\"https:\/\/www.evento.love\/blog\/baby-shower-evento-social-madrid\/\">\r\n                Baby Shower, mucho m\u00e1s que un evento social    <\/a>\r\n\r\n                <\/div>\r\n                            <div class=\"item\">\r\n                        <div class=\"thumb post_thumb\">\r\n        <a  title=\"12 consejos para un Baby Shower perfecto\" href=\"https:\/\/www.evento.love\/blog\/12-consejos-baby-shower-perfecto-madrid\/\">\r\n\r\n            <img width=\"150\" height=\"150\" src=\"https:\/\/www.evento.love\/blog\/wp-content\/uploads\/2016\/09\/16_05_20_12_consejos-para-que-tu-Baby-Shower-sea-perfecto-150x150.jpg\" class=\"attachment-thumbnail size-thumbnail wp-post-image\" alt=\"Baby Shower-perfecto-beb\u00e9-embarazado-embarazada-fiesta-babyshower\" decoding=\"async\" loading=\"lazy\" \/>\r\n\r\n        <\/a>\r\n    <\/div>\r\n\r\n    <a class=\"title post_title\"  title=\"12 consejos para un Baby Shower perfecto\" href=\"https:\/\/www.evento.love\/blog\/12-consejos-baby-shower-perfecto-madrid\/\">\r\n                12 consejos para un Baby Shower perfecto    <\/a>\r\n\r\n                <\/div>\r\n                            <div class=\"item\">\r\n                        <div class=\"thumb post_thumb\">\r\n        <a  title=\"Cu\u00e1ndo hacer el Baby Shower\" href=\"https:\/\/www.evento.love\/blog\/cuando-hacer-el-baby-shower-madrid\/\">\r\n\r\n            <img width=\"150\" height=\"150\" src=\"https:\/\/www.evento.love\/blog\/wp-content\/uploads\/2016\/09\/16_05_23_Cuando-hacer-el-Baby-Shower-150x150.jpg\" class=\"attachment-thumbnail size-thumbnail wp-post-image\" alt=\"Cu\u00e1ndo hacer el baby shower beb\u00e9 embarazo fiesta en Madrid\" decoding=\"async\" loading=\"lazy\" \/>\r\n\r\n        <\/a>\r\n    <\/div>\r\n\r\n    <a class=\"title post_title\"  title=\"Cu\u00e1ndo hacer el Baby Shower\" href=\"https:\/\/www.evento.love\/blog\/cuando-hacer-el-baby-shower-madrid\/\">\r\n                Cu\u00e1ndo hacer el Baby Shower    <\/a>\r\n\r\n                <\/div>\r\n                            <div class=\"item\">\r\n                        <div class=\"thumb post_thumb\">\r\n        <a  title=\"\u00bfQui\u00e9n debe organizar el Baby Shower?\" href=\"https:\/\/www.evento.love\/blog\/quien-organizar-baby-shower-madrid\/\">\r\n\r\n            <img width=\"150\" height=\"150\" src=\"https:\/\/www.evento.love\/blog\/wp-content\/uploads\/2016\/09\/16_05_29_Qui\u00e9n-organiza-el-Baby-Shower-150x150.jpg\" class=\"attachment-thumbnail size-thumbnail wp-post-image\" alt=\"Organizaci\u00f3n Baby Shower Madrid fiesta beb\u00e9 embarazada\" decoding=\"async\" loading=\"lazy\" \/>\r\n\r\n        <\/a>\r\n    <\/div>\r\n\r\n    <a class=\"title post_title\"  title=\"\u00bfQui\u00e9n debe organizar el Baby Shower?\" href=\"https:\/\/www.evento.love\/blog\/quien-organizar-baby-shower-madrid\/\">\r\n                \u00bfQui\u00e9n debe organizar el Baby Shower?    <\/a>\r\n\r\n                <\/div>\r\n            \r\n    <\/div>\r\n\r\n    <script>\r\n            <\/script>\r\n    <style>\r\n        .related-post {}\r\n\r\n        .related-post .post-list {\r\n            text-align: left;\r\n                    }\r\n\r\n        .related-post .post-list .item {\r\n            margin: 5px 10px;\r\n            padding: 0px;\r\n                    }\r\n\r\n        .related-post .headline {\r\n            font-size: 24px !important;\r\n            color: #000000 !important;\r\n                    }\r\n\r\n        .related-post .headline{\r\nfont-weight:400 !important;\r\ntext-transform: uppercase;\r\n}.related-post .post-list .item .post_thumb {\r\n            max-height: 180px;\r\n            margin: 10px 0px;\r\n            padding: 0px;\r\n            display: block;\r\n                    }\r\n\r\n        .related-post .post-list .item .post_title {\r\n            font-size: 12px;\r\n            color: #607d8b;\r\n            margin: 10px 0px;\r\n            padding: 0px;\r\n            display: block;\r\n            text-decoration: none;\r\n                    }\r\n\r\n        .related-post .post-list .item .post_excerpt {\r\n            font-size: 13px;\r\n            color: #3f3f3f;\r\n            margin: 10px 0px;\r\n            padding: 0px;\r\n            display: block;\r\n            text-decoration: none;\r\n                    }\r\n\r\n        @media only screen and (min-width: 1024px) {\r\n            .related-post .post-list .item {\r\n                width: 22%;\r\n            }\r\n        }\r\n\r\n        @media only screen and (min-width: 768px) and (max-width: 1023px) {\r\n            .related-post .post-list .item {\r\n                width: 90%;\r\n            }\r\n        }\r\n\r\n        @media only screen and (min-width: 0px) and (max-width: 767px) {\r\n            .related-post .post-list .item {\r\n                width: 30%;\r\n            }\r\n        }\r\n\r\n            <\/style>\r\n        <\/div>\r\n<!-- AddThis Advanced Settings generic via filter on the_content --><!-- AddThis Share Buttons generic via filter on the_content -->","protected":false},"excerpt":{"rendered":"<p>Virginia, muy ilusionada con el Bautizo de su ni\u00f1a Amalia Mar\u00eda, nos contact\u00f3 para ayudarle con el evento. \u00a1As\u00ed que nos pusimos manos a la obra! M\u00e1s art\u00edculos a tener en cuenta Baby Shower, mucho m\u00e1s que un evento social 12 consejos para un Baby Shower perfecto Cu\u00e1ndo hacer el Baby Shower \u00bfQui\u00e9n debe organizar el Baby Shower?<!-- AddThis Advanced Settings generic via filter on get_the_excerpt --><!-- AddThis Share Buttons generic via filter on get_the_excerpt --><\/p>\n    <div class=\"related-post grid\">\r\n                <div class=\"headline\">M\u00e1s art\u00edculos a tener en cuenta<\/div>\r\n        <div class=\"post-list \">\r\n\r\n                        <div class=\"item\">\r\n                        <div class=\"thumb post_thumb\">\r\n        <a  title=\"Baby Shower, mucho m\u00e1s que un evento social\" href=\"https:\/\/www.evento.love\/blog\/baby-shower-evento-social-madrid\/\">\r\n\r\n            <img width=\"150\" height=\"150\" src=\"https:\/\/www.evento.love\/blog\/wp-content\/uploads\/2016\/07\/babyshower-150x150.jpg\" class=\"attachment-thumbnail size-thumbnail wp-post-image\" alt=\"baby shower-fiesta-beb\u00e9-embarazo-embarazada\" decoding=\"async\" loading=\"lazy\" \/>\r\n\r\n        <\/a>\r\n    <\/div>\r\n\r\n    <a class=\"title post_title\"  title=\"Baby Shower, mucho m\u00e1s que un evento social\" href=\"https:\/\/www.evento.love\/blog\/baby-shower-evento-social-madrid\/\">\r\n                Baby Shower, mucho m\u00e1s que un evento social    <\/a>\r\n\r\n                <\/div>\r\n                            <div class=\"item\">\r\n                        <div class=\"thumb post_thumb\">\r\n        <a  title=\"12 consejos para un Baby Shower perfecto\" href=\"https:\/\/www.evento.love\/blog\/12-consejos-baby-shower-perfecto-madrid\/\">\r\n\r\n            <img width=\"150\" height=\"150\" src=\"https:\/\/www.evento.love\/blog\/wp-content\/uploads\/2016\/09\/16_05_20_12_consejos-para-que-tu-Baby-Shower-sea-perfecto-150x150.jpg\" class=\"attachment-thumbnail size-thumbnail wp-post-image\" alt=\"Baby Shower-perfecto-beb\u00e9-embarazado-embarazada-fiesta-babyshower\" decoding=\"async\" loading=\"lazy\" \/>\r\n\r\n        <\/a>\r\n    <\/div>\r\n\r\n    <a class=\"title post_title\"  title=\"12 consejos para un Baby Shower perfecto\" href=\"https:\/\/www.evento.love\/blog\/12-consejos-baby-shower-perfecto-madrid\/\">\r\n                12 consejos para un Baby Shower perfecto    <\/a>\r\n\r\n                <\/div>\r\n                            <div class=\"item\">\r\n                        <div class=\"thumb post_thumb\">\r\n        <a  title=\"Cu\u00e1ndo hacer el Baby Shower\" href=\"https:\/\/www.evento.love\/blog\/cuando-hacer-el-baby-shower-madrid\/\">\r\n\r\n            <img width=\"150\" height=\"150\" src=\"https:\/\/www.evento.love\/blog\/wp-content\/uploads\/2016\/09\/16_05_23_Cuando-hacer-el-Baby-Shower-150x150.jpg\" class=\"attachment-thumbnail size-thumbnail wp-post-image\" alt=\"Cu\u00e1ndo hacer el baby shower beb\u00e9 embarazo fiesta en Madrid\" decoding=\"async\" loading=\"lazy\" \/>\r\n\r\n        <\/a>\r\n    <\/div>\r\n\r\n    <a class=\"title post_title\"  title=\"Cu\u00e1ndo hacer el Baby Shower\" href=\"https:\/\/www.evento.love\/blog\/cuando-hacer-el-baby-shower-madrid\/\">\r\n                Cu\u00e1ndo hacer el Baby Shower    <\/a>\r\n\r\n                <\/div>\r\n                            <div class=\"item\">\r\n                        <div class=\"thumb post_thumb\">\r\n        <a  title=\"Baby Shower: Elaborando la lista de invitados\" href=\"https:\/\/www.evento.love\/blog\/baby-shower-lista-invitados-madrid\/\">\r\n\r\n            <img width=\"150\" height=\"150\" src=\"https:\/\/www.evento.love\/blog\/wp-content\/uploads\/2016\/09\/16_05_30_Baby-Shower-elaborando-la-lista-de-invitados-150x150.jpg\" class=\"attachment-thumbnail size-thumbnail wp-post-image\" alt=\"\" decoding=\"async\" loading=\"lazy\" \/>\r\n\r\n        <\/a>\r\n    <\/div>\r\n\r\n    <a class=\"title post_title\"  title=\"Baby Shower: Elaborando la lista de invitados\" href=\"https:\/\/www.evento.love\/blog\/baby-shower-lista-invitados-madrid\/\">\r\n                Baby Shower: Elaborando la lista de invitados    <\/a>\r\n\r\n                <\/div>\r\n            \r\n    <\/div>\r\n\r\n    <script>\r\n            <\/script>\r\n    <style>\r\n        .related-post {}\r\n\r\n        .related-post .post-list {\r\n            text-align: left;\r\n                    }\r\n\r\n        .related-post .post-list .item {\r\n            margin: 5px 10px;\r\n            padding: 0px;\r\n                    }\r\n\r\n        .related-post .headline {\r\n            font-size: 24px !important;\r\n            color: #000000 !important;\r\n                    }\r\n\r\n        .related-post .headline{\r\nfont-weight:400 !important;\r\ntext-transform: uppercase;\r\n}.related-post .post-list .item .post_thumb {\r\n            max-height: 180px;\r\n            margin: 10px 0px;\r\n            padding: 0px;\r\n            display: block;\r\n                    }\r\n\r\n        .related-post .post-list .item .post_title {\r\n            font-size: 12px;\r\n            color: #607d8b;\r\n            margin: 10px 0px;\r\n            padding: 0px;\r\n            display: block;\r\n            text-decoration: none;\r\n                    }\r\n\r\n        .related-post .post-list .item .post_excerpt {\r\n            font-size: 13px;\r\n            color: #3f3f3f;\r\n            margin: 10px 0px;\r\n            padding: 0px;\r\n            display: block;\r\n            text-decoration: none;\r\n                    }\r\n\r\n        @media only screen and (min-width: 1024px) {\r\n            .related-post .post-list .item {\r\n                width: 22%;\r\n            }\r\n        }\r\n\r\n        @media only screen and (min-width: 768px) and (max-width: 1023px) {\r\n            .related-post .post-list .item {\r\n                width: 90%;\r\n            }\r\n        }\r\n\r\n        @media only screen and (min-width: 0px) and (max-width: 767px) {\r\n            .related-post .post-list .item {\r\n                width: 30%;\r\n            }\r\n        }\r\n\r\n            <\/style>\r\n        <\/div>\r\n","protected":false},"author":1,"featured_media":1485,"comment_status":"open","ping_status":"open","sticky":false,"template":"","format":"standard","meta":{"content-type":""},"categories":[344,391],"tags":[],"yoast_head":"<!-- This site is optimized with the Yoast SEO plugin v20.7 - https:\/\/yoast.com\/wordpress\/plugins\/seo\/ -->\n<title>El tierno bautizo de Amalia Mar\u00eda - El Blog de evento.love<\/title>\n<meta name=\"description\" content=\"Te contamos c\u00f3mo organizamos este bautizo en Madrid, con decoraci\u00f3n en tonos blancos, rosas y melocot\u00f3n. \u00a1Lleno de detalles!\" \/>\n<meta name=\"robots\" content=\"index, follow, max-snippet:-1, max-image-preview:large, max-video-preview:-1\" \/>\n<meta property=\"og:locale\" content=\"es_ES\" \/>\n<meta property=\"og:type\" content=\"article\" \/>\n<meta property=\"og:title\" content=\"El tierno bautizo de Amalia Mar\u00eda - El Blog de evento.love\" \/>\n<meta property=\"og:description\" content=\"Te contamos c\u00f3mo organizamos este bautizo en Madrid, con decoraci\u00f3n en tonos blancos, rosas y melocot\u00f3n. \u00a1Lleno de detalles!\" \/>\n<meta property=\"og:url\" content=\"https:\/\/www.evento.love\/blog\/tierno-bautizo-amalia-maria\/\" \/>\n<meta property=\"og:site_name\" content=\"El Blog de evento.love\" \/>\n<meta property=\"article:publisher\" content=\"https:\/\/www.facebook.com\/Evento.love\/\" \/>\n<meta property=\"article:published_time\" content=\"2018-01-24T23:28:07+00:00\" \/>\n<meta property=\"article:modified_time\" content=\"2018-09-27T16:18:29+00:00\" \/>\n<meta property=\"og:image\" content=\"https:\/\/www.evento.love\/blog\/wp-content\/uploads\/2018\/01\/18_01_24.jpg\" \/>\n\t<meta property=\"og:image:width\" content=\"847\" \/>\n\t<meta property=\"og:image:height\" content=\"470\" \/>\n\t<meta property=\"og:image:type\" content=\"image\/jpeg\" \/>\n<meta name=\"author\" content=\"Evento Love\" \/>\n<meta name=\"twitter:card\" content=\"summary_large_image\" \/>\n<meta name=\"twitter:creator\" content=\"@Evento_love\" \/>\n<meta name=\"twitter:site\" content=\"@Evento_love\" \/>\n<meta name=\"twitter:label1\" content=\"Escrito por\" \/>\n\t<meta name=\"twitter:data1\" content=\"Evento Love\" \/>\n\t<meta name=\"twitter:label2\" content=\"Tiempo de lectura\" \/>\n\t<meta name=\"twitter:data2\" content=\"1 minuto\" \/>\n<!-- \/ Yoast SEO plugin. -->","yoast_head_json":{"title":"El tierno bautizo de Amalia Mar\u00eda - El Blog de evento.love","description":"Te contamos c\u00f3mo organizamos este bautizo en Madrid, con decoraci\u00f3n en tonos blancos, rosas y melocot\u00f3n. \u00a1Lleno de detalles!","robots":{"index":"index","follow":"follow","max-snippet":"max-snippet:-1","max-image-preview":"max-image-preview:large","max-video-preview":"max-video-preview:-1"},"og_locale":"es_ES","og_type":"article","og_title":"El tierno bautizo de Amalia Mar\u00eda - El Blog de evento.love","og_description":"Te contamos c\u00f3mo organizamos este bautizo en Madrid, con decoraci\u00f3n en tonos blancos, rosas y melocot\u00f3n. \u00a1Lleno de detalles!","og_url":"https:\/\/www.evento.love\/blog\/tierno-bautizo-amalia-maria\/","og_site_name":"El Blog de evento.love","article_publisher":"https:\/\/www.facebook.com\/Evento.love\/","article_published_time":"2018-01-24T23:28:07+00:00","article_modified_time":"2018-09-27T16:18:29+00:00","og_image":[{"width":847,"height":470,"url":"https:\/\/www.evento.love\/blog\/wp-content\/uploads\/2018\/01\/18_01_24.jpg","type":"image\/jpeg"}],"author":"Evento Love","twitter_card":"summary_large_image","twitter_creator":"@Evento_love","twitter_site":"@Evento_love","twitter_misc":{"Escrito por":"Evento Love","Tiempo de lectura":"1 minuto"},"schema":{"@context":"https:\/\/schema.org","@graph":[{"@type":"Article","@id":"https:\/\/www.evento.love\/blog\/tierno-bautizo-amalia-maria\/#article","isPartOf":{"@id":"https:\/\/www.evento.love\/blog\/tierno-bautizo-amalia-maria\/"},"author":{"name":"Evento Love","@id":"https:\/\/www.evento.love\/blog\/#\/schema\/person\/a184c2ed424b7fb3006372ce8051542c"},"headline":"El tierno bautizo de Amalia Mar\u00eda","datePublished":"2018-01-24T23:28:07+00:00","dateModified":"2018-09-27T16:18:29+00:00","mainEntityOfPage":{"@id":"https:\/\/www.evento.love\/blog\/tierno-bautizo-amalia-maria\/"},"wordCount":236,"commentCount":0,"publisher":{"@id":"https:\/\/www.evento.love\/blog\/#organization"},"articleSection":["Bautizos","Nuestros eventos"],"inLanguage":"es","potentialAction":[{"@type":"CommentAction","name":"Comment","target":["https:\/\/www.evento.love\/blog\/tierno-bautizo-amalia-maria\/#respond"]}]},{"@type":"WebPage","@id":"https:\/\/www.evento.love\/blog\/tierno-bautizo-amalia-maria\/","url":"https:\/\/www.evento.love\/blog\/tierno-bautizo-amalia-maria\/","name":"El tierno bautizo de Amalia Mar\u00eda - El Blog de evento.love","isPartOf":{"@id":"https:\/\/www.evento.love\/blog\/#website"},"datePublished":"2018-01-24T23:28:07+00:00","dateModified":"2018-09-27T16:18:29+00:00","description":"Te contamos c\u00f3mo organizamos este bautizo en Madrid, con decoraci\u00f3n en tonos blancos, rosas y melocot\u00f3n. \u00a1Lleno de detalles!","breadcrumb":{"@id":"https:\/\/www.evento.love\/blog\/tierno-bautizo-amalia-maria\/#breadcrumb"},"inLanguage":"es","potentialAction":[{"@type":"ReadAction","target":["https:\/\/www.evento.love\/blog\/tierno-bautizo-amalia-maria\/"]}]},{"@type":"BreadcrumbList","@id":"https:\/\/www.evento.love\/blog\/tierno-bautizo-amalia-maria\/#breadcrumb","itemListElement":[{"@type":"ListItem","position":1,"name":"Evento.love","item":"https:\/\/www.evento.love\/blog\/"},{"@type":"ListItem","position":2,"name":"Nuestros eventos","item":"https:\/\/www.evento.love\/blog\/category\/nuestros-eventos\/"},{"@type":"ListItem","position":3,"name":"El tierno bautizo de Amalia Mar\u00eda"}]},{"@type":"WebSite","@id":"https:\/\/www.evento.love\/blog\/#website","url":"https:\/\/www.evento.love\/blog\/","name":"El Blog de evento.love","description":"T\u00fa lo mereces. Disfruta de tu momento","publisher":{"@id":"https:\/\/www.evento.love\/blog\/#organization"},"potentialAction":[{"@type":"SearchAction","target":{"@type":"EntryPoint","urlTemplate":"https:\/\/www.evento.love\/blog\/?s={search_term_string}"},"query-input":"required name=search_term_string"}],"inLanguage":"es"},{"@type":"Organization","@id":"https:\/\/www.evento.love\/blog\/#organization","name":"evento.love","url":"https:\/\/www.evento.love\/blog\/","logo":{"@type":"ImageObject","inLanguage":"es","@id":"https:\/\/www.evento.love\/blog\/#\/schema\/logo\/image\/","url":"https:\/\/www.evento.love\/blog\/wp-content\/uploads\/2016\/07\/logo-evento-love.png","contentUrl":"https:\/\/www.evento.love\/blog\/wp-content\/uploads\/2016\/07\/logo-evento-love.png","width":197,"height":59,"caption":"evento.love"},"image":{"@id":"https:\/\/www.evento.love\/blog\/#\/schema\/logo\/image\/"},"sameAs":["https:\/\/www.facebook.com\/Evento.love\/","https:\/\/twitter.com\/Evento_love","https:\/\/www.instagram.com\/evento.love\/","https:\/\/es.pinterest.com\/evento_love\/","https:\/\/www.youtube.com\/channel\/UCcVbo6ymzx-7FlDJja8aQnw"]},{"@type":"Person","@id":"https:\/\/www.evento.love\/blog\/#\/schema\/person\/a184c2ed424b7fb3006372ce8051542c","name":"Evento Love"}]}},"_links":{"self":[{"href":"https:\/\/www.evento.love\/blog\/wp-json\/wp\/v2\/posts\/1484"}],"collection":[{"href":"https:\/\/www.evento.love\/blog\/wp-json\/wp\/v2\/posts"}],"about":[{"href":"https:\/\/www.evento.love\/blog\/wp-json\/wp\/v2\/types\/post"}],"author":[{"embeddable":true,"href":"https:\/\/www.evento.love\/blog\/wp-json\/wp\/v2\/users\/1"}],"replies":[{"embeddable":true,"href":"https:\/\/www.evento.love\/blog\/wp-json\/wp\/v2\/comments?post=1484"}],"version-history":[{"count":3,"href":"https:\/\/www.evento.love\/blog\/wp-json\/wp\/v2\/posts\/1484\/revisions"}],"predecessor-version":[{"id":2468,"href":"https:\/\/www.evento.love\/blog\/wp-json\/wp\/v2\/posts\/1484\/revisions\/2468"}],"wp:featuredmedia":[{"embeddable":true,"href":"https:\/\/www.evento.love\/blog\/wp-json\/wp\/v2\/media\/1485"}],"wp:attachment":[{"href":"https:\/\/www.evento.love\/blog\/wp-json\/wp\/v2\/media?parent=1484"}],"wp:term":[{"taxonomy":"category","embeddable":true,"href":"https:\/\/www.evento.love\/blog\/wp-json\/wp\/v2\/categories?post=1484"},{"taxonomy":"post_tag","embeddable":true,"href":"https:\/\/www.evento.love\/blog\/wp-json\/wp\/v2\/tags?post=1484"}],"curies":[{"name":"wp","href":"https:\/\/api.w.org\/{rel}","templated":true}]}}