{"id":1580,"date":"2018-03-05T02:50:51","date_gmt":"2018-03-05T02:50:51","guid":{"rendered":"https:\/\/www.evento.love\/blog\/?p=1580"},"modified":"2018-09-27T16:41:10","modified_gmt":"2018-09-27T14:41:10","slug":"la-boda-andrea-david-cuando-los-suenos-se-hacen-realidad","status":"publish","type":"post","link":"https:\/\/www.evento.love\/blog\/la-boda-andrea-david-cuando-los-suenos-se-hacen-realidad\/","title":{"rendered":"La boda de Andrea &#038; David, cuando los sue\u00f1os se hacen realidad"},"content":{"rendered":"<p style=\"font-weight: 400;\">Creamos para esta pareja una boda m\u00e1gica, llena de ilusi\u00f3n. Para nosotros ha sido emocionante porque hemos compartido un gran momento en sus vidas y hemos logrado hacer que sus sue\u00f1os se hicieran realidad.<!--more--><\/p>\n<p style=\"font-weight: 400;\">Cuando Andrea se puso en contacto con nosotros, faltaba tan poco \u00a0para la <a href=\"https:\/\/www.evento.love\/blog\/musica-amor-magia-una-boda-familiar\/\">boda<\/a>, eran tantos los sue\u00f1os, las ilusiones, \u00a1los nervios y las preocupaciones! Y as\u00ed lo manifest\u00f3 en nuestra primera conversaci\u00f3n telef\u00f3nica. Tambi\u00e9n recuerdo que al salir de su casa, al terminar nuestra primera reuni\u00f3n, ya su carita dulce era otra, transmit\u00eda alegr\u00eda y paz y me dijo: <em>&#8220;\u00a1Ahora si estoy tranquila, s\u00e9 que contigo todo saldr\u00e1 genial, conf\u00edo en ti!&#8221;.\u00a0<\/em>Estas palabras todav\u00eda hoy me emocionan.<\/p>\n<p><img decoding=\"async\" loading=\"lazy\" class=\"aligncenter size-full wp-image-1582\" src=\"https:\/\/www.evento.love\/blog\/wp-content\/uploads\/2018\/03\/IMG_5616_preview.jpg\" alt=\"\" width=\"800\" height=\"533\" srcset=\"https:\/\/www.evento.love\/blog\/wp-content\/uploads\/2018\/03\/IMG_5616_preview.jpg 800w, https:\/\/www.evento.love\/blog\/wp-content\/uploads\/2018\/03\/IMG_5616_preview-300x200.jpg 300w, https:\/\/www.evento.love\/blog\/wp-content\/uploads\/2018\/03\/IMG_5616_preview-768x512.jpg 768w, https:\/\/www.evento.love\/blog\/wp-content\/uploads\/2018\/03\/IMG_5616_preview-405x270.jpg 405w\" sizes=\"(max-width: 800px) 100vw, 800px\" \/><\/p>\n<p style=\"font-weight: 400;\">Y a partir de ese momento seguimos un largo camino juntas, o mejor dicho juntos, porque luego conoc\u00ed a David, un encanto de novio , y a la madre de Andrea, una guapa y muy dulce mam\u00e1 deseando colaborar y apoyar a sus hijos para que hicieran realidad \u00a0ese maravilloso y so\u00f1ado d\u00eda.<\/p>\n<p style=\"font-weight: 400;\">Dise\u00f1amos, ideamos, planteamos y comentamos todos y cada uno de los detalles: m\u00fasica, fotograf\u00eda, videos, decoraci\u00f3n, dulces, poco a poco todo iba defini\u00e9ndose y ocupando su sitio.<\/p>\n<p style=\"font-weight: 400;\">Desde un primer momento supimos que su vestido, (precioso, por cierto), ser\u00eda blanco, y sus zapatos y ramo de rosas de un maravilloso azul el\u00e9ctrico, \u00a1me encantan las novias osadas que se decantan por dar un toque de color y personalidad! Si adem\u00e1s el color es precioso, como es el caso, muero de amor.<\/p>\n<p style=\"font-weight: 400;\">Y a partir de all\u00ed todo fue so\u00f1ar, decidir y plasmar esos sue\u00f1os. As\u00ed, cuando casi por arte de magia lleg\u00f3 la semana antes de la boda, todo estaba resuelto y muy claro, lo cual hac\u00eda que si bien Andrea segu\u00eda con los nervios maravillosos y propios de \u201cuna novia\u201d, disfrutara de celebrar \u00a1el \u00faltimo d\u00eda de los enamorados solteros!.<\/p>\n<p><img decoding=\"async\" loading=\"lazy\" class=\"aligncenter size-full wp-image-1581\" src=\"https:\/\/www.evento.love\/blog\/wp-content\/uploads\/2018\/03\/IMG_5604_preview.jpg\" alt=\"\" width=\"800\" height=\"533\" srcset=\"https:\/\/www.evento.love\/blog\/wp-content\/uploads\/2018\/03\/IMG_5604_preview.jpg 800w, https:\/\/www.evento.love\/blog\/wp-content\/uploads\/2018\/03\/IMG_5604_preview-300x200.jpg 300w, https:\/\/www.evento.love\/blog\/wp-content\/uploads\/2018\/03\/IMG_5604_preview-768x512.jpg 768w, https:\/\/www.evento.love\/blog\/wp-content\/uploads\/2018\/03\/IMG_5604_preview-405x270.jpg 405w\" sizes=\"(max-width: 800px) 100vw, 800px\" \/> <img decoding=\"async\" loading=\"lazy\" class=\"aligncenter size-full wp-image-1583\" src=\"https:\/\/www.evento.love\/blog\/wp-content\/uploads\/2018\/03\/IMG_5633_preview.jpg\" alt=\"\" width=\"800\" height=\"533\" srcset=\"https:\/\/www.evento.love\/blog\/wp-content\/uploads\/2018\/03\/IMG_5633_preview.jpg 800w, https:\/\/www.evento.love\/blog\/wp-content\/uploads\/2018\/03\/IMG_5633_preview-300x200.jpg 300w, https:\/\/www.evento.love\/blog\/wp-content\/uploads\/2018\/03\/IMG_5633_preview-768x512.jpg 768w, https:\/\/www.evento.love\/blog\/wp-content\/uploads\/2018\/03\/IMG_5633_preview-405x270.jpg 405w\" sizes=\"(max-width: 800px) 100vw, 800px\" \/> <img decoding=\"async\" loading=\"lazy\" class=\"aligncenter size-full wp-image-1585\" src=\"https:\/\/www.evento.love\/blog\/wp-content\/uploads\/2018\/03\/IMG_5643_preview.jpg\" alt=\"\" width=\"800\" height=\"533\" srcset=\"https:\/\/www.evento.love\/blog\/wp-content\/uploads\/2018\/03\/IMG_5643_preview.jpg 800w, https:\/\/www.evento.love\/blog\/wp-content\/uploads\/2018\/03\/IMG_5643_preview-300x200.jpg 300w, https:\/\/www.evento.love\/blog\/wp-content\/uploads\/2018\/03\/IMG_5643_preview-768x512.jpg 768w, https:\/\/www.evento.love\/blog\/wp-content\/uploads\/2018\/03\/IMG_5643_preview-405x270.jpg 405w\" sizes=\"(max-width: 800px) 100vw, 800px\" \/><\/p>\n<h2>Y lleg\u00f3 el gran d\u00eda<\/h2>\n<p style=\"font-weight: 400;\">Si bien la boda ser\u00eda el s\u00e1bado, el viernes comenzamos a decorar y ambientar el maravilloso sal\u00f3n que hab\u00edan elegidos los novios, \u00a1las cosas bonitas y bien hechas llevan su tiempo!<\/p>\n<p style=\"font-weight: 400;\">Finalizamos la tarea el s\u00e1bado, ya que las flores y los dulces deben llevarse muy a \u00faltima hora para que todo luzca fresco y radiante. Esa misma ma\u00f1ana Andrea volvi\u00f3 a decirme: \u201cE<em>stoy tranquila, conf\u00edo en ti y s\u00e9 que todo estar\u00e1 maravilloso\u201d.<\/em><\/p>\n<p style=\"font-weight: 400;\">Cuando finalmente \u00a0vimos llegar el coche con unos felices y radiantes novios, parec\u00eda todo un cuento de hadas hecho realidad, \u00a1incluidos ellos y sus hermosas sonrisas!<\/p>\n<p style=\"font-weight: 400;\">Bajando la ventanilla del coche Andrea exclam\u00f3 feliz: &#8220;<em>\u00a1Nancy, todo est\u00e1 precioso!&#8221;<\/em><\/p>\n<p style=\"font-weight: 400;\">&#8220;<em>\u00bfDesde la iglesia lo viste?<\/em>&#8220;, pregunt\u00e9. Y todos echamos a re\u00edr, sabiendo que sus familiares y amigos encantados con todo lo que hab\u00edan encontrado en el sal\u00f3n, ya les hab\u00edan enviado fotos felicit\u00e1ndolos por lo hermoso que estaba todo.<\/p>\n<p style=\"font-weight: 400;\">Y as\u00ed sigui\u00f3 la fiesta.<\/p>\n<p><img decoding=\"async\" loading=\"lazy\" class=\"aligncenter size-full wp-image-1586\" src=\"https:\/\/www.evento.love\/blog\/wp-content\/uploads\/2018\/03\/IMG_5658_preview.jpg\" alt=\"\" width=\"800\" height=\"533\" srcset=\"https:\/\/www.evento.love\/blog\/wp-content\/uploads\/2018\/03\/IMG_5658_preview.jpg 800w, https:\/\/www.evento.love\/blog\/wp-content\/uploads\/2018\/03\/IMG_5658_preview-300x200.jpg 300w, https:\/\/www.evento.love\/blog\/wp-content\/uploads\/2018\/03\/IMG_5658_preview-768x512.jpg 768w, https:\/\/www.evento.love\/blog\/wp-content\/uploads\/2018\/03\/IMG_5658_preview-405x270.jpg 405w\" sizes=\"(max-width: 800px) 100vw, 800px\" \/> <img decoding=\"async\" loading=\"lazy\" class=\"aligncenter size-full wp-image-1590\" src=\"https:\/\/www.evento.love\/blog\/wp-content\/uploads\/2018\/03\/IMG_5730_preview.jpg\" alt=\"\" width=\"800\" height=\"554\" srcset=\"https:\/\/www.evento.love\/blog\/wp-content\/uploads\/2018\/03\/IMG_5730_preview.jpg 800w, https:\/\/www.evento.love\/blog\/wp-content\/uploads\/2018\/03\/IMG_5730_preview-300x208.jpg 300w, https:\/\/www.evento.love\/blog\/wp-content\/uploads\/2018\/03\/IMG_5730_preview-768x532.jpg 768w, https:\/\/www.evento.love\/blog\/wp-content\/uploads\/2018\/03\/IMG_5730_preview-390x270.jpg 390w\" sizes=\"(max-width: 800px) 100vw, 800px\" \/> <img decoding=\"async\" loading=\"lazy\" class=\"aligncenter size-full wp-image-1593\" src=\"https:\/\/www.evento.love\/blog\/wp-content\/uploads\/2018\/03\/IMG_5660_preview.jpg\" alt=\"\" width=\"800\" height=\"533\" srcset=\"https:\/\/www.evento.love\/blog\/wp-content\/uploads\/2018\/03\/IMG_5660_preview.jpg 800w, https:\/\/www.evento.love\/blog\/wp-content\/uploads\/2018\/03\/IMG_5660_preview-300x200.jpg 300w, https:\/\/www.evento.love\/blog\/wp-content\/uploads\/2018\/03\/IMG_5660_preview-768x512.jpg 768w, https:\/\/www.evento.love\/blog\/wp-content\/uploads\/2018\/03\/IMG_5660_preview-405x270.jpg 405w\" sizes=\"(max-width: 800px) 100vw, 800px\" \/> <img decoding=\"async\" loading=\"lazy\" class=\"aligncenter size-full wp-image-1592\" src=\"https:\/\/www.evento.love\/blog\/wp-content\/uploads\/2018\/03\/IMG_5739_preview.jpg\" alt=\"\" width=\"800\" height=\"533\" srcset=\"https:\/\/www.evento.love\/blog\/wp-content\/uploads\/2018\/03\/IMG_5739_preview.jpg 800w, https:\/\/www.evento.love\/blog\/wp-content\/uploads\/2018\/03\/IMG_5739_preview-300x200.jpg 300w, https:\/\/www.evento.love\/blog\/wp-content\/uploads\/2018\/03\/IMG_5739_preview-768x512.jpg 768w, https:\/\/www.evento.love\/blog\/wp-content\/uploads\/2018\/03\/IMG_5739_preview-405x270.jpg 405w\" sizes=\"(max-width: 800px) 100vw, 800px\" \/> <img decoding=\"async\" loading=\"lazy\" class=\"aligncenter size-full wp-image-1588\" src=\"https:\/\/www.evento.love\/blog\/wp-content\/uploads\/2018\/03\/IMG_5669_preview.jpg\" alt=\"\" width=\"800\" height=\"533\" srcset=\"https:\/\/www.evento.love\/blog\/wp-content\/uploads\/2018\/03\/IMG_5669_preview.jpg 800w, https:\/\/www.evento.love\/blog\/wp-content\/uploads\/2018\/03\/IMG_5669_preview-300x200.jpg 300w, https:\/\/www.evento.love\/blog\/wp-content\/uploads\/2018\/03\/IMG_5669_preview-768x512.jpg 768w, https:\/\/www.evento.love\/blog\/wp-content\/uploads\/2018\/03\/IMG_5669_preview-405x270.jpg 405w\" sizes=\"(max-width: 800px) 100vw, 800px\" \/> <img decoding=\"async\" loading=\"lazy\" class=\"aligncenter size-full wp-image-1589\" src=\"https:\/\/www.evento.love\/blog\/wp-content\/uploads\/2018\/03\/IMG_5672_preview.jpg\" alt=\"\" width=\"800\" height=\"533\" srcset=\"https:\/\/www.evento.love\/blog\/wp-content\/uploads\/2018\/03\/IMG_5672_preview.jpg 800w, https:\/\/www.evento.love\/blog\/wp-content\/uploads\/2018\/03\/IMG_5672_preview-300x200.jpg 300w, https:\/\/www.evento.love\/blog\/wp-content\/uploads\/2018\/03\/IMG_5672_preview-768x512.jpg 768w, https:\/\/www.evento.love\/blog\/wp-content\/uploads\/2018\/03\/IMG_5672_preview-405x270.jpg 405w\" sizes=\"(max-width: 800px) 100vw, 800px\" \/> <img decoding=\"async\" loading=\"lazy\" class=\"aligncenter size-full wp-image-1587\" src=\"https:\/\/www.evento.love\/blog\/wp-content\/uploads\/2018\/03\/IMG_5665_preview.jpg\" alt=\"\" width=\"800\" height=\"533\" srcset=\"https:\/\/www.evento.love\/blog\/wp-content\/uploads\/2018\/03\/IMG_5665_preview.jpg 800w, https:\/\/www.evento.love\/blog\/wp-content\/uploads\/2018\/03\/IMG_5665_preview-300x200.jpg 300w, https:\/\/www.evento.love\/blog\/wp-content\/uploads\/2018\/03\/IMG_5665_preview-768x512.jpg 768w, https:\/\/www.evento.love\/blog\/wp-content\/uploads\/2018\/03\/IMG_5665_preview-405x270.jpg 405w\" sizes=\"(max-width: 800px) 100vw, 800px\" \/> <img decoding=\"async\" loading=\"lazy\" class=\"aligncenter size-full wp-image-1584\" src=\"https:\/\/www.evento.love\/blog\/wp-content\/uploads\/2018\/03\/IMG_5637_preview.jpg\" alt=\"\" width=\"800\" height=\"533\" srcset=\"https:\/\/www.evento.love\/blog\/wp-content\/uploads\/2018\/03\/IMG_5637_preview.jpg 800w, https:\/\/www.evento.love\/blog\/wp-content\/uploads\/2018\/03\/IMG_5637_preview-300x200.jpg 300w, https:\/\/www.evento.love\/blog\/wp-content\/uploads\/2018\/03\/IMG_5637_preview-768x512.jpg 768w, https:\/\/www.evento.love\/blog\/wp-content\/uploads\/2018\/03\/IMG_5637_preview-405x270.jpg 405w\" sizes=\"(max-width: 800px) 100vw, 800px\" \/><\/p>\n<p>Aqu\u00ed te dejo el v\u00eddeo con los instantes m\u00e1s maravillosos de este gran evento:<\/p>\n<p><center><iframe loading=\"lazy\" src=\"https:\/\/youtu.be\/_LR3BdCUzyk\" width=\"560\" height=\"315\" frameborder=\"0\" allowfullscreen=\"allowfullscreen\"><\/iframe><\/center>Si quieres que te ayudemos a organizar una boda inolvidable ponte en <a href=\"https:\/\/evento.love\/#contacto\">contacto con evento.love<\/a> y te ayudaremos a preparar <strong>tu boda perfecta en Madrid<\/strong>. Podemos ayudarte parcial o totalmente con la organizaci\u00f3n, desde las invitaciones hasta el catering, incluyendo la decoraci\u00f3n, creaci\u00f3n de mesa dulce, detalles para los invitados, photocall y mucho m\u00e1s.<\/p>\n<h3 style=\"text-align: center;\">\u00a1Cu\u00e9ntanos qu\u00e9 sue\u00f1as y lo haremos realidad!<\/h3>\n<p><a href=\"https:\/\/www.evento.love\/#contacto\" target=\"_blank\" rel=\"noopener noreferrer\"><img decoding=\"async\" loading=\"lazy\" class=\"aligncenter wp-image-787 size-full\" src=\"https:\/\/www.evento.love\/blog\/wp-content\/uploads\/2017\/05\/cuentanos-sueno.png\" alt=\"\" width=\"600\" height=\"200\" srcset=\"https:\/\/www.evento.love\/blog\/wp-content\/uploads\/2017\/05\/cuentanos-sueno.png 600w, https:\/\/www.evento.love\/blog\/wp-content\/uploads\/2017\/05\/cuentanos-sueno-300x100.png 300w\" sizes=\"(max-width: 600px) 100vw, 600px\" \/><\/a><\/p>\n<p style=\"text-align: center;\">Con amor<\/p>\n<p style=\"text-align: center;\">\u2665 Nancy<\/p>\n    <div class=\"related-post grid\">\r\n                <div class=\"headline\">M\u00e1s art\u00edculos a tener en cuenta<\/div>\r\n        <div class=\"post-list \">\r\n\r\n                        <div class=\"item\">\r\n                        <div class=\"thumb post_thumb\">\r\n        <a  title=\"Baby Shower, mucho m\u00e1s que un evento social\" href=\"https:\/\/www.evento.love\/blog\/baby-shower-evento-social-madrid\/\">\r\n\r\n            <img width=\"150\" height=\"150\" src=\"https:\/\/www.evento.love\/blog\/wp-content\/uploads\/2016\/07\/babyshower-150x150.jpg\" class=\"attachment-thumbnail size-thumbnail wp-post-image\" alt=\"baby shower-fiesta-beb\u00e9-embarazo-embarazada\" decoding=\"async\" loading=\"lazy\" \/>\r\n\r\n        <\/a>\r\n    <\/div>\r\n\r\n    <a class=\"title post_title\"  title=\"Baby Shower, mucho m\u00e1s que un evento social\" href=\"https:\/\/www.evento.love\/blog\/baby-shower-evento-social-madrid\/\">\r\n                Baby Shower, mucho m\u00e1s que un evento social    <\/a>\r\n\r\n                <\/div>\r\n                            <div class=\"item\">\r\n                        <div class=\"thumb post_thumb\">\r\n        <a  title=\"12 consejos para un Baby Shower perfecto\" href=\"https:\/\/www.evento.love\/blog\/12-consejos-baby-shower-perfecto-madrid\/\">\r\n\r\n            <img width=\"150\" height=\"150\" src=\"https:\/\/www.evento.love\/blog\/wp-content\/uploads\/2016\/09\/16_05_20_12_consejos-para-que-tu-Baby-Shower-sea-perfecto-150x150.jpg\" class=\"attachment-thumbnail size-thumbnail wp-post-image\" alt=\"Baby Shower-perfecto-beb\u00e9-embarazado-embarazada-fiesta-babyshower\" decoding=\"async\" loading=\"lazy\" \/>\r\n\r\n        <\/a>\r\n    <\/div>\r\n\r\n    <a class=\"title post_title\"  title=\"12 consejos para un Baby Shower perfecto\" href=\"https:\/\/www.evento.love\/blog\/12-consejos-baby-shower-perfecto-madrid\/\">\r\n                12 consejos para un Baby Shower perfecto    <\/a>\r\n\r\n                <\/div>\r\n                            <div class=\"item\">\r\n                        <div class=\"thumb post_thumb\">\r\n        <a  title=\"Cu\u00e1ndo hacer el Baby Shower\" href=\"https:\/\/www.evento.love\/blog\/cuando-hacer-el-baby-shower-madrid\/\">\r\n\r\n            <img width=\"150\" height=\"150\" src=\"https:\/\/www.evento.love\/blog\/wp-content\/uploads\/2016\/09\/16_05_23_Cuando-hacer-el-Baby-Shower-150x150.jpg\" class=\"attachment-thumbnail size-thumbnail wp-post-image\" alt=\"Cu\u00e1ndo hacer el baby shower beb\u00e9 embarazo fiesta en Madrid\" decoding=\"async\" loading=\"lazy\" \/>\r\n\r\n        <\/a>\r\n    <\/div>\r\n\r\n    <a class=\"title post_title\"  title=\"Cu\u00e1ndo hacer el Baby Shower\" href=\"https:\/\/www.evento.love\/blog\/cuando-hacer-el-baby-shower-madrid\/\">\r\n                Cu\u00e1ndo hacer el Baby Shower    <\/a>\r\n\r\n                <\/div>\r\n                            <div class=\"item\">\r\n                        <div class=\"thumb post_thumb\">\r\n        <a  title=\"\u00bfQui\u00e9n debe organizar el Baby Shower?\" href=\"https:\/\/www.evento.love\/blog\/quien-organizar-baby-shower-madrid\/\">\r\n\r\n            <img width=\"150\" height=\"150\" src=\"https:\/\/www.evento.love\/blog\/wp-content\/uploads\/2016\/09\/16_05_29_Qui\u00e9n-organiza-el-Baby-Shower-150x150.jpg\" class=\"attachment-thumbnail size-thumbnail wp-post-image\" alt=\"Organizaci\u00f3n Baby Shower Madrid fiesta beb\u00e9 embarazada\" decoding=\"async\" loading=\"lazy\" \/>\r\n\r\n        <\/a>\r\n    <\/div>\r\n\r\n    <a class=\"title post_title\"  title=\"\u00bfQui\u00e9n debe organizar el Baby Shower?\" href=\"https:\/\/www.evento.love\/blog\/quien-organizar-baby-shower-madrid\/\">\r\n                \u00bfQui\u00e9n debe organizar el Baby Shower?    <\/a>\r\n\r\n                <\/div>\r\n            \r\n    <\/div>\r\n\r\n    <script>\r\n            <\/script>\r\n    <style>\r\n        .related-post {}\r\n\r\n        .related-post .post-list {\r\n            text-align: left;\r\n                    }\r\n\r\n        .related-post .post-list .item {\r\n            margin: 5px 10px;\r\n            padding: 0px;\r\n                    }\r\n\r\n        .related-post .headline {\r\n            font-size: 24px !important;\r\n            color: #000000 !important;\r\n                    }\r\n\r\n        .related-post .headline{\r\nfont-weight:400 !important;\r\ntext-transform: uppercase;\r\n}.related-post .post-list .item .post_thumb {\r\n            max-height: 180px;\r\n            margin: 10px 0px;\r\n            padding: 0px;\r\n            display: block;\r\n                    }\r\n\r\n        .related-post .post-list .item .post_title {\r\n            font-size: 12px;\r\n            color: #607d8b;\r\n            margin: 10px 0px;\r\n            padding: 0px;\r\n            display: block;\r\n            text-decoration: none;\r\n                    }\r\n\r\n        .related-post .post-list .item .post_excerpt {\r\n            font-size: 13px;\r\n            color: #3f3f3f;\r\n            margin: 10px 0px;\r\n            padding: 0px;\r\n            display: block;\r\n            text-decoration: none;\r\n                    }\r\n\r\n        @media only screen and (min-width: 1024px) {\r\n            .related-post .post-list .item {\r\n                width: 22%;\r\n            }\r\n        }\r\n\r\n        @media only screen and (min-width: 768px) and (max-width: 1023px) {\r\n            .related-post .post-list .item {\r\n                width: 90%;\r\n            }\r\n        }\r\n\r\n        @media only screen and (min-width: 0px) and (max-width: 767px) {\r\n            .related-post .post-list .item {\r\n                width: 30%;\r\n            }\r\n        }\r\n\r\n            <\/style>\r\n        <\/div>\r\n<!-- AddThis Advanced Settings generic via filter on the_content --><!-- AddThis Share Buttons generic via filter on the_content -->","protected":false},"excerpt":{"rendered":"<p>Creamos para esta pareja una boda m\u00e1gica, llena de ilusi\u00f3n. Para nosotros ha sido emocionante porque hemos compartido un gran momento en sus vidas y hemos logrado hacer que sus sue\u00f1os se hicieran realidad. M\u00e1s art\u00edculos a tener en cuenta Baby Shower, mucho m\u00e1s que un evento social 12 consejos para un Baby Shower perfecto Cu\u00e1ndo hacer el Baby Shower \u00bfQui\u00e9n debe organizar el Baby Shower?<!-- AddThis Advanced Settings generic via filter on get_the_excerpt --><!-- AddThis Share Buttons generic via filter on get_the_excerpt --><\/p>\n    <div class=\"related-post grid\">\r\n                <div class=\"headline\">M\u00e1s art\u00edculos a tener en cuenta<\/div>\r\n        <div class=\"post-list \">\r\n\r\n                        <div class=\"item\">\r\n                        <div class=\"thumb post_thumb\">\r\n        <a  title=\"Baby Shower, mucho m\u00e1s que un evento social\" href=\"https:\/\/www.evento.love\/blog\/baby-shower-evento-social-madrid\/\">\r\n\r\n            <img width=\"150\" height=\"150\" src=\"https:\/\/www.evento.love\/blog\/wp-content\/uploads\/2016\/07\/babyshower-150x150.jpg\" class=\"attachment-thumbnail size-thumbnail wp-post-image\" alt=\"baby shower-fiesta-beb\u00e9-embarazo-embarazada\" decoding=\"async\" loading=\"lazy\" \/>\r\n\r\n        <\/a>\r\n    <\/div>\r\n\r\n    <a class=\"title post_title\"  title=\"Baby Shower, mucho m\u00e1s que un evento social\" href=\"https:\/\/www.evento.love\/blog\/baby-shower-evento-social-madrid\/\">\r\n                Baby Shower, mucho m\u00e1s que un evento social    <\/a>\r\n\r\n                <\/div>\r\n                            <div class=\"item\">\r\n                        <div class=\"thumb post_thumb\">\r\n        <a  title=\"12 consejos para un Baby Shower perfecto\" href=\"https:\/\/www.evento.love\/blog\/12-consejos-baby-shower-perfecto-madrid\/\">\r\n\r\n            <img width=\"150\" height=\"150\" src=\"https:\/\/www.evento.love\/blog\/wp-content\/uploads\/2016\/09\/16_05_20_12_consejos-para-que-tu-Baby-Shower-sea-perfecto-150x150.jpg\" class=\"attachment-thumbnail size-thumbnail wp-post-image\" alt=\"Baby Shower-perfecto-beb\u00e9-embarazado-embarazada-fiesta-babyshower\" decoding=\"async\" loading=\"lazy\" \/>\r\n\r\n        <\/a>\r\n    <\/div>\r\n\r\n    <a class=\"title post_title\"  title=\"12 consejos para un Baby Shower perfecto\" href=\"https:\/\/www.evento.love\/blog\/12-consejos-baby-shower-perfecto-madrid\/\">\r\n                12 consejos para un Baby Shower perfecto    <\/a>\r\n\r\n                <\/div>\r\n                            <div class=\"item\">\r\n                        <div class=\"thumb post_thumb\">\r\n        <a  title=\"Cu\u00e1ndo hacer el Baby Shower\" href=\"https:\/\/www.evento.love\/blog\/cuando-hacer-el-baby-shower-madrid\/\">\r\n\r\n            <img width=\"150\" height=\"150\" src=\"https:\/\/www.evento.love\/blog\/wp-content\/uploads\/2016\/09\/16_05_23_Cuando-hacer-el-Baby-Shower-150x150.jpg\" class=\"attachment-thumbnail size-thumbnail wp-post-image\" alt=\"Cu\u00e1ndo hacer el baby shower beb\u00e9 embarazo fiesta en Madrid\" decoding=\"async\" loading=\"lazy\" \/>\r\n\r\n        <\/a>\r\n    <\/div>\r\n\r\n    <a class=\"title post_title\"  title=\"Cu\u00e1ndo hacer el Baby Shower\" href=\"https:\/\/www.evento.love\/blog\/cuando-hacer-el-baby-shower-madrid\/\">\r\n                Cu\u00e1ndo hacer el Baby Shower    <\/a>\r\n\r\n                <\/div>\r\n                            <div class=\"item\">\r\n                        <div class=\"thumb post_thumb\">\r\n        <a  title=\"Baby Shower: Elaborando la lista de invitados\" href=\"https:\/\/www.evento.love\/blog\/baby-shower-lista-invitados-madrid\/\">\r\n\r\n            <img width=\"150\" height=\"150\" src=\"https:\/\/www.evento.love\/blog\/wp-content\/uploads\/2016\/09\/16_05_30_Baby-Shower-elaborando-la-lista-de-invitados-150x150.jpg\" class=\"attachment-thumbnail size-thumbnail wp-post-image\" alt=\"\" decoding=\"async\" loading=\"lazy\" \/>\r\n\r\n        <\/a>\r\n    <\/div>\r\n\r\n    <a class=\"title post_title\"  title=\"Baby Shower: Elaborando la lista de invitados\" href=\"https:\/\/www.evento.love\/blog\/baby-shower-lista-invitados-madrid\/\">\r\n                Baby Shower: Elaborando la lista de invitados    <\/a>\r\n\r\n                <\/div>\r\n            \r\n    <\/div>\r\n\r\n    <script>\r\n            <\/script>\r\n    <style>\r\n        .related-post {}\r\n\r\n        .related-post .post-list {\r\n            text-align: left;\r\n                    }\r\n\r\n        .related-post .post-list .item {\r\n            margin: 5px 10px;\r\n            padding: 0px;\r\n                    }\r\n\r\n        .related-post .headline {\r\n            font-size: 24px !important;\r\n            color: #000000 !important;\r\n                    }\r\n\r\n        .related-post .headline{\r\nfont-weight:400 !important;\r\ntext-transform: uppercase;\r\n}.related-post .post-list .item .post_thumb {\r\n            max-height: 180px;\r\n            margin: 10px 0px;\r\n            padding: 0px;\r\n            display: block;\r\n                    }\r\n\r\n        .related-post .post-list .item .post_title {\r\n            font-size: 12px;\r\n            color: #607d8b;\r\n            margin: 10px 0px;\r\n            padding: 0px;\r\n            display: block;\r\n            text-decoration: none;\r\n                    }\r\n\r\n        .related-post .post-list .item .post_excerpt {\r\n            font-size: 13px;\r\n            color: #3f3f3f;\r\n            margin: 10px 0px;\r\n            padding: 0px;\r\n            display: block;\r\n            text-decoration: none;\r\n                    }\r\n\r\n        @media only screen and (min-width: 1024px) {\r\n            .related-post .post-list .item {\r\n                width: 22%;\r\n            }\r\n        }\r\n\r\n        @media only screen and (min-width: 768px) and (max-width: 1023px) {\r\n            .related-post .post-list .item {\r\n                width: 90%;\r\n            }\r\n        }\r\n\r\n        @media only screen and (min-width: 0px) and (max-width: 767px) {\r\n            .related-post .post-list .item {\r\n                width: 30%;\r\n            }\r\n        }\r\n\r\n            <\/style>\r\n        <\/div>\r\n","protected":false},"author":1,"featured_media":1594,"comment_status":"open","ping_status":"open","sticky":false,"template":"","format":"standard","meta":{"content-type":""},"categories":[756,391],"tags":[],"yoast_head":"<!-- This site is optimized with the Yoast SEO plugin v20.7 - https:\/\/yoast.com\/wordpress\/plugins\/seo\/ -->\n<title>Una boda con encanto en un sal\u00f3n en Madrid - Evento.love<\/title>\n<meta name=\"description\" content=\"Una preciosa y m\u00e1gica boda en Madrid, con la decoraci\u00f3n y los dulces tematizados con flores y globos en cascada, as\u00ed como los centros de mesa.\" \/>\n<meta name=\"robots\" content=\"index, follow, max-snippet:-1, max-image-preview:large, max-video-preview:-1\" \/>\n<meta property=\"og:locale\" content=\"es_ES\" \/>\n<meta property=\"og:type\" content=\"article\" \/>\n<meta property=\"og:title\" content=\"Una boda con encanto en un sal\u00f3n en Madrid - Evento.love\" \/>\n<meta property=\"og:description\" content=\"Una preciosa y m\u00e1gica boda en Madrid, con la decoraci\u00f3n y los dulces tematizados con flores y globos en cascada, as\u00ed como los centros de mesa.\" \/>\n<meta property=\"og:url\" content=\"https:\/\/www.evento.love\/blog\/la-boda-andrea-david-cuando-los-suenos-se-hacen-realidad\/\" \/>\n<meta property=\"og:site_name\" content=\"El Blog de evento.love\" \/>\n<meta property=\"article:publisher\" content=\"https:\/\/www.facebook.com\/Evento.love\/\" \/>\n<meta property=\"article:published_time\" content=\"2018-03-05T02:50:51+00:00\" \/>\n<meta property=\"article:modified_time\" content=\"2018-09-27T14:41:10+00:00\" \/>\n<meta property=\"og:image\" content=\"https:\/\/www.evento.love\/blog\/wp-content\/uploads\/2018\/03\/18_02_boda.jpg\" \/>\n\t<meta property=\"og:image:width\" content=\"847\" \/>\n\t<meta property=\"og:image:height\" content=\"470\" \/>\n\t<meta property=\"og:image:type\" content=\"image\/jpeg\" \/>\n<meta name=\"author\" content=\"Evento Love\" \/>\n<meta name=\"twitter:card\" content=\"summary_large_image\" \/>\n<meta name=\"twitter:creator\" content=\"@Evento_love\" \/>\n<meta name=\"twitter:site\" content=\"@Evento_love\" \/>\n<meta name=\"twitter:label1\" content=\"Escrito por\" \/>\n\t<meta name=\"twitter:data1\" content=\"Evento Love\" \/>\n\t<meta name=\"twitter:label2\" content=\"Tiempo de lectura\" \/>\n\t<meta name=\"twitter:data2\" content=\"3 minutos\" \/>\n<!-- \/ Yoast SEO plugin. -->","yoast_head_json":{"title":"Una boda con encanto en un sal\u00f3n en Madrid - Evento.love","description":"Una preciosa y m\u00e1gica boda en Madrid, con la decoraci\u00f3n y los dulces tematizados con flores y globos en cascada, as\u00ed como los centros de mesa.","robots":{"index":"index","follow":"follow","max-snippet":"max-snippet:-1","max-image-preview":"max-image-preview:large","max-video-preview":"max-video-preview:-1"},"og_locale":"es_ES","og_type":"article","og_title":"Una boda con encanto en un sal\u00f3n en Madrid - Evento.love","og_description":"Una preciosa y m\u00e1gica boda en Madrid, con la decoraci\u00f3n y los dulces tematizados con flores y globos en cascada, as\u00ed como los centros de mesa.","og_url":"https:\/\/www.evento.love\/blog\/la-boda-andrea-david-cuando-los-suenos-se-hacen-realidad\/","og_site_name":"El Blog de evento.love","article_publisher":"https:\/\/www.facebook.com\/Evento.love\/","article_published_time":"2018-03-05T02:50:51+00:00","article_modified_time":"2018-09-27T14:41:10+00:00","og_image":[{"width":"847","height":"470","url":"https:\/\/www.evento.love\/blog\/wp-content\/uploads\/2018\/03\/18_02_boda.jpg","type":"image\/jpeg"}],"author":"Evento Love","twitter_card":"summary_large_image","twitter_creator":"@Evento_love","twitter_site":"@Evento_love","twitter_misc":{"Escrito por":"Evento Love","Tiempo de lectura":"3 minutos"},"schema":{"@context":"https:\/\/schema.org","@graph":[{"@type":"Article","@id":"https:\/\/www.evento.love\/blog\/la-boda-andrea-david-cuando-los-suenos-se-hacen-realidad\/#article","isPartOf":{"@id":"https:\/\/www.evento.love\/blog\/la-boda-andrea-david-cuando-los-suenos-se-hacen-realidad\/"},"author":{"name":"Evento Love","@id":"https:\/\/www.evento.love\/blog\/#\/schema\/person\/a184c2ed424b7fb3006372ce8051542c"},"headline":"La boda de Andrea &#038; David, cuando los sue\u00f1os se hacen realidad","datePublished":"2018-03-05T02:50:51+00:00","dateModified":"2018-09-27T14:41:10+00:00","mainEntityOfPage":{"@id":"https:\/\/www.evento.love\/blog\/la-boda-andrea-david-cuando-los-suenos-se-hacen-realidad\/"},"wordCount":607,"commentCount":0,"publisher":{"@id":"https:\/\/www.evento.love\/blog\/#organization"},"articleSection":["Bodas","Nuestros eventos"],"inLanguage":"es","potentialAction":[{"@type":"CommentAction","name":"Comment","target":["https:\/\/www.evento.love\/blog\/la-boda-andrea-david-cuando-los-suenos-se-hacen-realidad\/#respond"]}]},{"@type":"WebPage","@id":"https:\/\/www.evento.love\/blog\/la-boda-andrea-david-cuando-los-suenos-se-hacen-realidad\/","url":"https:\/\/www.evento.love\/blog\/la-boda-andrea-david-cuando-los-suenos-se-hacen-realidad\/","name":"Una boda con encanto en un sal\u00f3n en Madrid - Evento.love","isPartOf":{"@id":"https:\/\/www.evento.love\/blog\/#website"},"datePublished":"2018-03-05T02:50:51+00:00","dateModified":"2018-09-27T14:41:10+00:00","description":"Una preciosa y m\u00e1gica boda en Madrid, con la decoraci\u00f3n y los dulces tematizados con flores y globos en cascada, as\u00ed como los centros de mesa.","breadcrumb":{"@id":"https:\/\/www.evento.love\/blog\/la-boda-andrea-david-cuando-los-suenos-se-hacen-realidad\/#breadcrumb"},"inLanguage":"es","potentialAction":[{"@type":"ReadAction","target":["https:\/\/www.evento.love\/blog\/la-boda-andrea-david-cuando-los-suenos-se-hacen-realidad\/"]}]},{"@type":"BreadcrumbList","@id":"https:\/\/www.evento.love\/blog\/la-boda-andrea-david-cuando-los-suenos-se-hacen-realidad\/#breadcrumb","itemListElement":[{"@type":"ListItem","position":1,"name":"Evento.love","item":"https:\/\/www.evento.love\/blog\/"},{"@type":"ListItem","position":2,"name":"Bodas","item":"https:\/\/www.evento.love\/blog\/category\/bodas\/"},{"@type":"ListItem","position":3,"name":"La boda de Andrea &#038; David, cuando los sue\u00f1os se hacen realidad"}]},{"@type":"WebSite","@id":"https:\/\/www.evento.love\/blog\/#website","url":"https:\/\/www.evento.love\/blog\/","name":"El Blog de evento.love","description":"T\u00fa lo mereces. Disfruta de tu momento","publisher":{"@id":"https:\/\/www.evento.love\/blog\/#organization"},"potentialAction":[{"@type":"SearchAction","target":{"@type":"EntryPoint","urlTemplate":"https:\/\/www.evento.love\/blog\/?s={search_term_string}"},"query-input":"required name=search_term_string"}],"inLanguage":"es"},{"@type":"Organization","@id":"https:\/\/www.evento.love\/blog\/#organization","name":"evento.love","url":"https:\/\/www.evento.love\/blog\/","logo":{"@type":"ImageObject","inLanguage":"es","@id":"https:\/\/www.evento.love\/blog\/#\/schema\/logo\/image\/","url":"https:\/\/www.evento.love\/blog\/wp-content\/uploads\/2016\/07\/logo-evento-love.png","contentUrl":"https:\/\/www.evento.love\/blog\/wp-content\/uploads\/2016\/07\/logo-evento-love.png","width":197,"height":59,"caption":"evento.love"},"image":{"@id":"https:\/\/www.evento.love\/blog\/#\/schema\/logo\/image\/"},"sameAs":["https:\/\/www.facebook.com\/Evento.love\/","https:\/\/twitter.com\/Evento_love","https:\/\/www.instagram.com\/evento.love\/","https:\/\/es.pinterest.com\/evento_love\/","https:\/\/www.youtube.com\/channel\/UCcVbo6ymzx-7FlDJja8aQnw"]},{"@type":"Person","@id":"https:\/\/www.evento.love\/blog\/#\/schema\/person\/a184c2ed424b7fb3006372ce8051542c","name":"Evento Love"}]}},"_links":{"self":[{"href":"https:\/\/www.evento.love\/blog\/wp-json\/wp\/v2\/posts\/1580"}],"collection":[{"href":"https:\/\/www.evento.love\/blog\/wp-json\/wp\/v2\/posts"}],"about":[{"href":"https:\/\/www.evento.love\/blog\/wp-json\/wp\/v2\/types\/post"}],"author":[{"embeddable":true,"href":"https:\/\/www.evento.love\/blog\/wp-json\/wp\/v2\/users\/1"}],"replies":[{"embeddable":true,"href":"https:\/\/www.evento.love\/blog\/wp-json\/wp\/v2\/comments?post=1580"}],"version-history":[{"count":3,"href":"https:\/\/www.evento.love\/blog\/wp-json\/wp\/v2\/posts\/1580\/revisions"}],"predecessor-version":[{"id":2462,"href":"https:\/\/www.evento.love\/blog\/wp-json\/wp\/v2\/posts\/1580\/revisions\/2462"}],"wp:featuredmedia":[{"embeddable":true,"href":"https:\/\/www.evento.love\/blog\/wp-json\/wp\/v2\/media\/1594"}],"wp:attachment":[{"href":"https:\/\/www.evento.love\/blog\/wp-json\/wp\/v2\/media?parent=1580"}],"wp:term":[{"taxonomy":"category","embeddable":true,"href":"https:\/\/www.evento.love\/blog\/wp-json\/wp\/v2\/categories?post=1580"},{"taxonomy":"post_tag","embeddable":true,"href":"https:\/\/www.evento.love\/blog\/wp-json\/wp\/v2\/tags?post=1580"}],"curies":[{"name":"wp","href":"https:\/\/api.w.org\/{rel}","templated":true}]}}