{"id":1638,"date":"2018-03-26T19:00:58","date_gmt":"2018-03-26T19:00:58","guid":{"rendered":"https:\/\/www.evento.love\/blog\/?p=1638"},"modified":"2018-09-27T16:04:45","modified_gmt":"2018-09-27T14:04:45","slug":"baby-shower-ositos-globos-estrellas","status":"publish","type":"post","link":"https:\/\/www.evento.love\/blog\/baby-shower-ositos-globos-estrellas\/","title":{"rendered":"Baby Shower de Rodrigo: una fiesta de ositos, globos y estrellas"},"content":{"rendered":"<p>Es dif\u00edcil disimular cu\u00e1nto nos gusta organizar un Baby Shower. <a href=\"https:\/\/www.evento.love\/babyshower\/\" target=\"_blank\" rel=\"noopener\">Celebrar la pr\u00f3xima llegada de un beb\u00e9<\/a> nos llena de ternura, y cuando el encargo va a ser una \u201csorpresa\u201d para la futura madre, nos ilusiona un mont\u00f3n, aunque supone todo un reto el no poder preguntarle qu\u00e9 y c\u00f3mo le gusta.\u00a0<!--more--><\/p>\n<p>Si adem\u00e1s, la persona que quiere dar la sorpresa es el \u201cfuturo pap\u00e1\u201d a la \u201cfutura mam\u00e1\u201d, \u00a1entonces s\u00ed que morimos de amor!<\/p>\n<h2>Tomando decisiones para elegir la tem\u00e1tica del Baby Shower<\/h2>\n<p>Aitor nos contact\u00f3 para organizar el Baby Shower sorpresa de Silvia, para su beb\u00e9 Rodrigo, por lo que empezamos a transitar ese camino maravilloso de fotos a trav\u00e9s del WhatsApp con el pap\u00e1, y respuestas entre reuni\u00f3n y reuni\u00f3n de trabajo y a escondidas de mam\u00e1, \u00a1una maravillosa complicidad!.<\/p>\n<h3>Ositos y estrellas para Rodrigo<\/h3>\n<p>Poco a poco fuimos definiendo el estilo y tem\u00e1tica de la fiesta. Para <strong>la decoraci\u00f3n<\/strong>, acab\u00e1bamos de recibir unos maravillosos osos de peluche y ten\u00eda la intuici\u00f3n de que le encantar\u00edan a Silvia. As\u00ed conseguimos montar un mundo de ositos jugando entre estrellas, globos y luces, sobre la base de telas de diferentes texturas, brillos y acabados.<\/p>\n<h3>Un picoteo para finalizar la jornada<\/h3>\n<p>En cuanto al <strong>catering del Baby Shower<\/strong>, acordamos <em>para los mayores<\/em> un surtido de ib\u00e9ricos con picos de Jerez, surtido de quesos semi-curados con nueces, pasas y rega\u00f1\u00e1s, empanada hojaldrada rellena de carne, medias noches de pavo, medias noches de mortadela de Bolonia, arropados de salm\u00f3n con brie, croissants vegetales, tortilla espa\u00f1ola, bocados de bienmesabe sobre cama vegetal, panes noruegos de salm\u00f3n con salsa de eneldo, brochetas de mel\u00f3n con cecina de le\u00f3n y queso fresco de frambuesa y s\u00e1ndwiches cocktail variados. <em>Para los ni\u00f1os<\/em>: tortilla espa\u00f1ola, mini rol dogs, mini hamburguesas, croquetas caseras de jam\u00f3n, sandwiches cocktail de jam\u00f3n y queso y de nocilla, empanadillas de at\u00fan con tomate y aceitunas. Y no pod\u00eda faltar para una celebraci\u00f3n tan dulce, una <em>candy-bar<\/em> con cupcakes, cakepops, galletas, postres&#8230;<\/p>\n<figure id=\"attachment_1629\" aria-describedby=\"caption-attachment-1629\" style=\"width: 847px\" class=\"wp-caption alignnone\"><img decoding=\"async\" loading=\"lazy\" class=\"wp-image-1629 size-full\" title=\"Catering y mesa dulce o candy bar para la fiesta Baby Shower de beb\u00e9 con decoraci\u00f3n azul\" src=\"https:\/\/www.evento.love\/blog\/wp-content\/uploads\/2018\/03\/babyshower-catering-mesadulce-azul.jpg\" alt=\"Catering mesa dulce candy bar fiesta Baby Shower beb\u00e9 azul\" width=\"847\" height=\"470\" srcset=\"https:\/\/www.evento.love\/blog\/wp-content\/uploads\/2018\/03\/babyshower-catering-mesadulce-azul.jpg 847w, https:\/\/www.evento.love\/blog\/wp-content\/uploads\/2018\/03\/babyshower-catering-mesadulce-azul-300x166.jpg 300w, https:\/\/www.evento.love\/blog\/wp-content\/uploads\/2018\/03\/babyshower-catering-mesadulce-azul-768x426.jpg 768w, https:\/\/www.evento.love\/blog\/wp-content\/uploads\/2018\/03\/babyshower-catering-mesadulce-azul-487x270.jpg 487w\" sizes=\"(max-width: 847px) 100vw, 847px\" \/><figcaption id=\"caption-attachment-1629\" class=\"wp-caption-text\">Para este evento contamos con un men\u00fa de catering para adultos y otro para ni\u00f1os, sin olvidarnos de la mesa dulce<\/figcaption><\/figure>\n<p>Y la maravillosa <strong>tarta personalizada<\/strong>, todo a juego con el resto de la decoraci\u00f3n.<\/p>\n<figure id=\"attachment_1632\" aria-describedby=\"caption-attachment-1632\" style=\"width: 847px\" class=\"wp-caption alignnone\"><img decoding=\"async\" loading=\"lazy\" class=\"wp-image-1632 size-full\" title=\"Tarta fondant azul con osos y estrellas para Baby Shower de beb\u00e9\" src=\"https:\/\/www.evento.love\/blog\/wp-content\/uploads\/2018\/03\/babyshower-tarta-azul-ositos.jpg\" alt=\"Tarta fondant azul con osos y estrellas para Baby Shower evento de beb\u00e9\" width=\"847\" height=\"470\" srcset=\"https:\/\/www.evento.love\/blog\/wp-content\/uploads\/2018\/03\/babyshower-tarta-azul-ositos.jpg 847w, https:\/\/www.evento.love\/blog\/wp-content\/uploads\/2018\/03\/babyshower-tarta-azul-ositos-300x166.jpg 300w, https:\/\/www.evento.love\/blog\/wp-content\/uploads\/2018\/03\/babyshower-tarta-azul-ositos-768x426.jpg 768w, https:\/\/www.evento.love\/blog\/wp-content\/uploads\/2018\/03\/babyshower-tarta-azul-ositos-487x270.jpg 487w\" sizes=\"(max-width: 847px) 100vw, 847px\" \/><figcaption id=\"caption-attachment-1632\" class=\"wp-caption-text\">La tarta fondant de la fiesta va a juego con la decoraci\u00f3n<\/figcaption><\/figure>\n<h3>\u00a1No pod\u00edan faltar las flores!<\/h3>\n<p>Cuando todo qued\u00f3 tal y como quer\u00edamos, nos fuimos sigilosamente, antes que llegaran los invitados y, por supuesto, antes que llegara la futura mam\u00e1. M\u00e1s tarde vimos\u00a0tambi\u00e9n el precioso <a href=\"http:\/\/www.iglesiasfloristeria.es\/\" target=\"_blank\" rel=\"noopener\">detalle de flores<\/a> de nuestra amiga Naiara de la florister\u00eda Iglesias, \u00a1mon\u00edsimo!<\/p>\n<blockquote class=\"instagram-media\" data-instgrm-captioned=\"\" data-instgrm-permalink=\"https:\/\/www.instagram.com\/p\/Bgoy3fwFh7w\/\" data-instgrm-version=\"8\">\n<div>\n<div>\n<div><\/div>\n<\/div>\n<p><a href=\"https:\/\/www.instagram.com\/p\/Bgoy3fwFh7w\/\" target=\"_blank\" rel=\"noopener\">Y este fue el jarr\u00f3n que le preparamos a nuestra querida amiga Silvia de @ohmylooks para el baby shower<\/p>\n    <div class=\"related-post grid\">\r\n                <div class=\"headline\">M\u00e1s art\u00edculos a tener en cuenta<\/div>\r\n        <div class=\"post-list \">\r\n\r\n                        <div class=\"item\">\r\n                        <div class=\"thumb post_thumb\">\r\n        <a  title=\"Baby Shower, mucho m\u00e1s que un evento social\" href=\"https:\/\/www.evento.love\/blog\/baby-shower-evento-social-madrid\/\">\r\n\r\n            <img width=\"150\" height=\"150\" src=\"https:\/\/www.evento.love\/blog\/wp-content\/uploads\/2016\/07\/babyshower-150x150.jpg\" class=\"attachment-thumbnail size-thumbnail wp-post-image\" alt=\"baby shower-fiesta-beb\u00e9-embarazo-embarazada\" decoding=\"async\" loading=\"lazy\" \/>\r\n\r\n        <\/a>\r\n    <\/div>\r\n\r\n    <a class=\"title post_title\"  title=\"Baby Shower, mucho m\u00e1s que un evento social\" href=\"https:\/\/www.evento.love\/blog\/baby-shower-evento-social-madrid\/\">\r\n                Baby Shower, mucho m\u00e1s que un evento social    <\/a>\r\n\r\n                <\/div>\r\n                            <div class=\"item\">\r\n                        <div class=\"thumb post_thumb\">\r\n        <a  title=\"12 consejos para un Baby Shower perfecto\" href=\"https:\/\/www.evento.love\/blog\/12-consejos-baby-shower-perfecto-madrid\/\">\r\n\r\n            <img width=\"150\" height=\"150\" src=\"https:\/\/www.evento.love\/blog\/wp-content\/uploads\/2016\/09\/16_05_20_12_consejos-para-que-tu-Baby-Shower-sea-perfecto-150x150.jpg\" class=\"attachment-thumbnail size-thumbnail wp-post-image\" alt=\"Baby Shower-perfecto-beb\u00e9-embarazado-embarazada-fiesta-babyshower\" decoding=\"async\" loading=\"lazy\" \/>\r\n\r\n        <\/a>\r\n    <\/div>\r\n\r\n    <a class=\"title post_title\"  title=\"12 consejos para un Baby Shower perfecto\" href=\"https:\/\/www.evento.love\/blog\/12-consejos-baby-shower-perfecto-madrid\/\">\r\n                12 consejos para un Baby Shower perfecto    <\/a>\r\n\r\n                <\/div>\r\n                            <div class=\"item\">\r\n                        <div class=\"thumb post_thumb\">\r\n        <a  title=\"Cu\u00e1ndo hacer el Baby Shower\" href=\"https:\/\/www.evento.love\/blog\/cuando-hacer-el-baby-shower-madrid\/\">\r\n\r\n            <img width=\"150\" height=\"150\" src=\"https:\/\/www.evento.love\/blog\/wp-content\/uploads\/2016\/09\/16_05_23_Cuando-hacer-el-Baby-Shower-150x150.jpg\" class=\"attachment-thumbnail size-thumbnail wp-post-image\" alt=\"Cu\u00e1ndo hacer el baby shower beb\u00e9 embarazo fiesta en Madrid\" decoding=\"async\" loading=\"lazy\" \/>\r\n\r\n        <\/a>\r\n    <\/div>\r\n\r\n    <a class=\"title post_title\"  title=\"Cu\u00e1ndo hacer el Baby Shower\" href=\"https:\/\/www.evento.love\/blog\/cuando-hacer-el-baby-shower-madrid\/\">\r\n                Cu\u00e1ndo hacer el Baby Shower    <\/a>\r\n\r\n                <\/div>\r\n                            <div class=\"item\">\r\n                        <div class=\"thumb post_thumb\">\r\n        <a  title=\"Baby Shower: Elaborando la lista de invitados\" href=\"https:\/\/www.evento.love\/blog\/baby-shower-lista-invitados-madrid\/\">\r\n\r\n            <img width=\"150\" height=\"150\" src=\"https:\/\/www.evento.love\/blog\/wp-content\/uploads\/2016\/09\/16_05_30_Baby-Shower-elaborando-la-lista-de-invitados-150x150.jpg\" class=\"attachment-thumbnail size-thumbnail wp-post-image\" alt=\"\" decoding=\"async\" loading=\"lazy\" \/>\r\n\r\n        <\/a>\r\n    <\/div>\r\n\r\n    <a class=\"title post_title\"  title=\"Baby Shower: Elaborando la lista de invitados\" href=\"https:\/\/www.evento.love\/blog\/baby-shower-lista-invitados-madrid\/\">\r\n                Baby Shower: Elaborando la lista de invitados    <\/a>\r\n\r\n                <\/div>\r\n            \r\n    <\/div>\r\n\r\n    <script>\r\n            <\/script>\r\n    <style>\r\n        .related-post {}\r\n\r\n        .related-post .post-list {\r\n            text-align: left;\r\n                    }\r\n\r\n        .related-post .post-list .item {\r\n            margin: 5px 10px;\r\n            padding: 0px;\r\n                    }\r\n\r\n        .related-post .headline {\r\n            font-size: 24px !important;\r\n            color: #000000 !important;\r\n                    }\r\n\r\n        .related-post .headline{\r\nfont-weight:400 !important;\r\ntext-transform: uppercase;\r\n}.related-post .post-list .item .post_thumb {\r\n            max-height: 180px;\r\n            margin: 10px 0px;\r\n            padding: 0px;\r\n            display: block;\r\n                    }\r\n\r\n        .related-post .post-list .item .post_title {\r\n            font-size: 12px;\r\n            color: #607d8b;\r\n            margin: 10px 0px;\r\n            padding: 0px;\r\n            display: block;\r\n            text-decoration: none;\r\n                    }\r\n\r\n        .related-post .post-list .item .post_excerpt {\r\n            font-size: 13px;\r\n            color: #3f3f3f;\r\n            margin: 10px 0px;\r\n            padding: 0px;\r\n            display: block;\r\n            text-decoration: none;\r\n                    }\r\n\r\n        @media only screen and (min-width: 1024px) {\r\n            .related-post .post-list .item {\r\n                width: 22%;\r\n            }\r\n        }\r\n\r\n        @media only screen and (min-width: 768px) and (max-width: 1023px) {\r\n            .related-post .post-list .item {\r\n                width: 90%;\r\n            }\r\n        }\r\n\r\n        @media only screen and (min-width: 0px) and (max-width: 767px) {\r\n            .related-post .post-list .item {\r\n                width: 30%;\r\n            }\r\n        }\r\n\r\n            <\/style>\r\n        <\/div>\r\n<!-- AddThis Advanced Settings generic via filter on the_content --><!-- AddThis Share Buttons generic via filter on the_content -->","protected":false},"excerpt":{"rendered":"<p>Es dif\u00edcil disimular cu\u00e1nto nos gusta organizar un Baby Shower. Celebrar la pr\u00f3xima llegada de un beb\u00e9 nos llena de ternura, y cuando el encargo va a ser una \u201csorpresa\u201d para la futura madre, nos ilusiona un mont\u00f3n, aunque supone todo un reto el no poder preguntarle qu\u00e9 y c\u00f3mo le gusta.\u00a0 M\u00e1s art\u00edculos a tener en cuenta Baby Shower, mucho m\u00e1s que un evento social 12 consejos para un Baby Shower perfecto Cu\u00e1ndo hacer el Baby Shower Baby Shower:&#8230;<\/p>\n<p class=\"read-more\"><a class=\"btn btn-default\" href=\"https:\/\/www.evento.love\/blog\/baby-shower-lista-invitados-madrid\/\"> Leer m\u00e1s<span class=\"screen-reader-text\">  Leer m\u00e1s<\/span><\/a><\/p>\n<p><!-- AddThis Advanced Settings generic via filter on get_the_excerpt --><!-- AddThis Share Buttons generic via filter on get_the_excerpt --><\/p>\n    <div class=\"related-post grid\">\r\n                <div class=\"headline\">M\u00e1s art\u00edculos a tener en cuenta<\/div>\r\n        <div class=\"post-list \">\r\n\r\n                        <div class=\"item\">\r\n                        <div class=\"thumb post_thumb\">\r\n        <a  title=\"Baby Shower, mucho m\u00e1s que un evento social\" href=\"https:\/\/www.evento.love\/blog\/baby-shower-evento-social-madrid\/\">\r\n\r\n            <img width=\"150\" height=\"150\" src=\"https:\/\/www.evento.love\/blog\/wp-content\/uploads\/2016\/07\/babyshower-150x150.jpg\" class=\"attachment-thumbnail size-thumbnail wp-post-image\" alt=\"baby shower-fiesta-beb\u00e9-embarazo-embarazada\" decoding=\"async\" loading=\"lazy\" \/>\r\n\r\n        <\/a>\r\n    <\/div>\r\n\r\n    <a class=\"title post_title\"  title=\"Baby Shower, mucho m\u00e1s que un evento social\" href=\"https:\/\/www.evento.love\/blog\/baby-shower-evento-social-madrid\/\">\r\n                Baby Shower, mucho m\u00e1s que un evento social    <\/a>\r\n\r\n                <\/div>\r\n                            <div class=\"item\">\r\n                        <div class=\"thumb post_thumb\">\r\n        <a  title=\"12 consejos para un Baby Shower perfecto\" href=\"https:\/\/www.evento.love\/blog\/12-consejos-baby-shower-perfecto-madrid\/\">\r\n\r\n            <img width=\"150\" height=\"150\" src=\"https:\/\/www.evento.love\/blog\/wp-content\/uploads\/2016\/09\/16_05_20_12_consejos-para-que-tu-Baby-Shower-sea-perfecto-150x150.jpg\" class=\"attachment-thumbnail size-thumbnail wp-post-image\" alt=\"Baby Shower-perfecto-beb\u00e9-embarazado-embarazada-fiesta-babyshower\" decoding=\"async\" loading=\"lazy\" \/>\r\n\r\n        <\/a>\r\n    <\/div>\r\n\r\n    <a class=\"title post_title\"  title=\"12 consejos para un Baby Shower perfecto\" href=\"https:\/\/www.evento.love\/blog\/12-consejos-baby-shower-perfecto-madrid\/\">\r\n                12 consejos para un Baby Shower perfecto    <\/a>\r\n\r\n                <\/div>\r\n                            <div class=\"item\">\r\n                        <div class=\"thumb post_thumb\">\r\n        <a  title=\"Cu\u00e1ndo hacer el Baby Shower\" href=\"https:\/\/www.evento.love\/blog\/cuando-hacer-el-baby-shower-madrid\/\">\r\n\r\n            <img width=\"150\" height=\"150\" src=\"https:\/\/www.evento.love\/blog\/wp-content\/uploads\/2016\/09\/16_05_23_Cuando-hacer-el-Baby-Shower-150x150.jpg\" class=\"attachment-thumbnail size-thumbnail wp-post-image\" alt=\"Cu\u00e1ndo hacer el baby shower beb\u00e9 embarazo fiesta en Madrid\" decoding=\"async\" loading=\"lazy\" \/>\r\n\r\n        <\/a>\r\n    <\/div>\r\n\r\n    <a class=\"title post_title\"  title=\"Cu\u00e1ndo hacer el Baby Shower\" href=\"https:\/\/www.evento.love\/blog\/cuando-hacer-el-baby-shower-madrid\/\">\r\n                Cu\u00e1ndo hacer el Baby Shower    <\/a>\r\n\r\n                <\/div>\r\n                            <div class=\"item\">\r\n                        <div class=\"thumb post_thumb\">\r\n        <a  title=\"\u00bfQui\u00e9n debe organizar el Baby Shower?\" href=\"https:\/\/www.evento.love\/blog\/quien-organizar-baby-shower-madrid\/\">\r\n\r\n            <img width=\"150\" height=\"150\" src=\"https:\/\/www.evento.love\/blog\/wp-content\/uploads\/2016\/09\/16_05_29_Qui\u00e9n-organiza-el-Baby-Shower-150x150.jpg\" class=\"attachment-thumbnail size-thumbnail wp-post-image\" alt=\"Organizaci\u00f3n Baby Shower Madrid fiesta beb\u00e9 embarazada\" decoding=\"async\" loading=\"lazy\" \/>\r\n\r\n        <\/a>\r\n    <\/div>\r\n\r\n    <a class=\"title post_title\"  title=\"\u00bfQui\u00e9n debe organizar el Baby Shower?\" href=\"https:\/\/www.evento.love\/blog\/quien-organizar-baby-shower-madrid\/\">\r\n                \u00bfQui\u00e9n debe organizar el Baby Shower?    <\/a>\r\n\r\n                <\/div>\r\n            \r\n    <\/div>\r\n\r\n    <script>\r\n            <\/script>\r\n    <style>\r\n        .related-post {}\r\n\r\n        .related-post .post-list {\r\n            text-align: left;\r\n                    }\r\n\r\n        .related-post .post-list .item {\r\n            margin: 5px 10px;\r\n            padding: 0px;\r\n                    }\r\n\r\n        .related-post .headline {\r\n            font-size: 24px !important;\r\n            color: #000000 !important;\r\n                    }\r\n\r\n        .related-post .headline{\r\nfont-weight:400 !important;\r\ntext-transform: uppercase;\r\n}.related-post .post-list .item .post_thumb {\r\n            max-height: 180px;\r\n            margin: 10px 0px;\r\n            padding: 0px;\r\n            display: block;\r\n                    }\r\n\r\n        .related-post .post-list .item .post_title {\r\n            font-size: 12px;\r\n            color: #607d8b;\r\n            margin: 10px 0px;\r\n            padding: 0px;\r\n            display: block;\r\n            text-decoration: none;\r\n                    }\r\n\r\n        .related-post .post-list .item .post_excerpt {\r\n            font-size: 13px;\r\n            color: #3f3f3f;\r\n            margin: 10px 0px;\r\n            padding: 0px;\r\n            display: block;\r\n            text-decoration: none;\r\n                    }\r\n\r\n        @media only screen and (min-width: 1024px) {\r\n            .related-post .post-list .item {\r\n                width: 22%;\r\n            }\r\n        }\r\n\r\n        @media only screen and (min-width: 768px) and (max-width: 1023px) {\r\n            .related-post .post-list .item {\r\n                width: 90%;\r\n            }\r\n        }\r\n\r\n        @media only screen and (min-width: 0px) and (max-width: 767px) {\r\n            .related-post .post-list .item {\r\n                width: 30%;\r\n            }\r\n        }\r\n\r\n            <\/style>\r\n        <\/div>\r\n","protected":false},"author":1,"featured_media":1627,"comment_status":"open","ping_status":"open","sticky":false,"template":"","format":"standard","meta":{"content-type":""},"categories":[2,391],"tags":[13,9,93,27,10,62,108,377,669,668,217,614,19,482,26],"yoast_head":"<!-- This site is optimized with the Yoast SEO plugin v20.7 - https:\/\/yoast.com\/wordpress\/plugins\/seo\/ -->\n<title>Baby Shower de Rodrigo: una fiesta de ositos, globos y estrellas<\/title>\n<meta name=\"description\" content=\"Te contamos todo sobre este precioso baby shower en Madrid con tem\u00e1tica de osos, globos y estrellas. La mesa dulce tematizada y decorada asombr\u00f3 a todos!\" \/>\n<meta name=\"robots\" content=\"index, follow, max-snippet:-1, max-image-preview:large, max-video-preview:-1\" \/>\n<meta property=\"og:locale\" content=\"es_ES\" \/>\n<meta property=\"og:type\" content=\"article\" \/>\n<meta property=\"og:title\" content=\"Baby Shower de Rodrigo: una fiesta de ositos, globos y estrellas\" \/>\n<meta property=\"og:description\" content=\"Te contamos todo sobre este precioso baby shower en Madrid con tem\u00e1tica de osos, globos y estrellas. La mesa dulce tematizada y decorada asombr\u00f3 a todos!\" \/>\n<meta property=\"og:url\" content=\"https:\/\/www.evento.love\/blog\/baby-shower-ositos-globos-estrellas\/\" \/>\n<meta property=\"og:site_name\" content=\"El Blog de evento.love\" \/>\n<meta property=\"article:publisher\" content=\"https:\/\/www.facebook.com\/Evento.love\/\" \/>\n<meta property=\"article:published_time\" content=\"2018-03-26T19:00:58+00:00\" \/>\n<meta property=\"article:modified_time\" content=\"2018-09-27T14:04:45+00:00\" \/>\n<meta property=\"og:image\" content=\"https:\/\/www.evento.love\/blog\/wp-content\/uploads\/2018\/03\/babyshower-ositos-globos-estrellas.jpg\" \/>\n\t<meta property=\"og:image:width\" content=\"847\" \/>\n\t<meta property=\"og:image:height\" content=\"470\" \/>\n\t<meta property=\"og:image:type\" content=\"image\/jpeg\" \/>\n<meta name=\"author\" content=\"Evento Love\" \/>\n<meta name=\"twitter:card\" content=\"summary_large_image\" \/>\n<meta name=\"twitter:creator\" content=\"@Evento_love\" \/>\n<meta name=\"twitter:site\" content=\"@Evento_love\" \/>\n<meta name=\"twitter:label1\" content=\"Escrito por\" \/>\n\t<meta name=\"twitter:data1\" content=\"Evento Love\" \/>\n\t<meta name=\"twitter:label2\" content=\"Tiempo de lectura\" \/>\n\t<meta name=\"twitter:data2\" content=\"2 minutos\" \/>\n<!-- \/ Yoast SEO plugin. -->","yoast_head_json":{"title":"Baby Shower de Rodrigo: una fiesta de ositos, globos y estrellas","description":"Te contamos todo sobre este precioso baby shower en Madrid con tem\u00e1tica de osos, globos y estrellas. La mesa dulce tematizada y decorada asombr\u00f3 a todos!","robots":{"index":"index","follow":"follow","max-snippet":"max-snippet:-1","max-image-preview":"max-image-preview:large","max-video-preview":"max-video-preview:-1"},"og_locale":"es_ES","og_type":"article","og_title":"Baby Shower de Rodrigo: una fiesta de ositos, globos y estrellas","og_description":"Te contamos todo sobre este precioso baby shower en Madrid con tem\u00e1tica de osos, globos y estrellas. La mesa dulce tematizada y decorada asombr\u00f3 a todos!","og_url":"https:\/\/www.evento.love\/blog\/baby-shower-ositos-globos-estrellas\/","og_site_name":"El Blog de evento.love","article_publisher":"https:\/\/www.facebook.com\/Evento.love\/","article_published_time":"2018-03-26T19:00:58+00:00","article_modified_time":"2018-09-27T14:04:45+00:00","og_image":[{"width":"847","height":"470","url":"https:\/\/www.evento.love\/blog\/wp-content\/uploads\/2018\/03\/babyshower-ositos-globos-estrellas.jpg","type":"image\/jpeg"}],"author":"Evento Love","twitter_card":"summary_large_image","twitter_creator":"@Evento_love","twitter_site":"@Evento_love","twitter_misc":{"Escrito por":"Evento Love","Tiempo de lectura":"2 minutos"},"schema":{"@context":"https:\/\/schema.org","@graph":[{"@type":"Article","@id":"https:\/\/www.evento.love\/blog\/baby-shower-ositos-globos-estrellas\/#article","isPartOf":{"@id":"https:\/\/www.evento.love\/blog\/baby-shower-ositos-globos-estrellas\/"},"author":{"name":"Evento Love","@id":"https:\/\/www.evento.love\/blog\/#\/schema\/person\/a184c2ed424b7fb3006372ce8051542c"},"headline":"Baby Shower de Rodrigo: una fiesta de ositos, globos y estrellas","datePublished":"2018-03-26T19:00:58+00:00","dateModified":"2018-09-27T14:04:45+00:00","mainEntityOfPage":{"@id":"https:\/\/www.evento.love\/blog\/baby-shower-ositos-globos-estrellas\/"},"wordCount":508,"commentCount":0,"publisher":{"@id":"https:\/\/www.evento.love\/blog\/#organization"},"keywords":["baby","baby shower","baby shower madrid","babyshower","consejos baby shower","decoracion baby shower","decorar baby shower madrid","en madrid","event planner","event planner madrid","evento love","eventos madrid","invitados","nuestros eventos","regalos baby shower"],"articleSection":["Baby Shower","Nuestros eventos"],"inLanguage":"es","potentialAction":[{"@type":"CommentAction","name":"Comment","target":["https:\/\/www.evento.love\/blog\/baby-shower-ositos-globos-estrellas\/#respond"]}]},{"@type":"WebPage","@id":"https:\/\/www.evento.love\/blog\/baby-shower-ositos-globos-estrellas\/","url":"https:\/\/www.evento.love\/blog\/baby-shower-ositos-globos-estrellas\/","name":"Baby Shower de Rodrigo: una fiesta de ositos, globos y estrellas","isPartOf":{"@id":"https:\/\/www.evento.love\/blog\/#website"},"datePublished":"2018-03-26T19:00:58+00:00","dateModified":"2018-09-27T14:04:45+00:00","description":"Te contamos todo sobre este precioso baby shower en Madrid con tem\u00e1tica de osos, globos y estrellas. La mesa dulce tematizada y decorada asombr\u00f3 a todos!","breadcrumb":{"@id":"https:\/\/www.evento.love\/blog\/baby-shower-ositos-globos-estrellas\/#breadcrumb"},"inLanguage":"es","potentialAction":[{"@type":"ReadAction","target":["https:\/\/www.evento.love\/blog\/baby-shower-ositos-globos-estrellas\/"]}]},{"@type":"BreadcrumbList","@id":"https:\/\/www.evento.love\/blog\/baby-shower-ositos-globos-estrellas\/#breadcrumb","itemListElement":[{"@type":"ListItem","position":1,"name":"Evento.love","item":"https:\/\/www.evento.love\/blog\/"},{"@type":"ListItem","position":2,"name":"Nuestros eventos","item":"https:\/\/www.evento.love\/blog\/category\/nuestros-eventos\/"},{"@type":"ListItem","position":3,"name":"Baby Shower de Rodrigo: una fiesta de ositos, globos y estrellas"}]},{"@type":"WebSite","@id":"https:\/\/www.evento.love\/blog\/#website","url":"https:\/\/www.evento.love\/blog\/","name":"El Blog de evento.love","description":"T\u00fa lo mereces. Disfruta de tu momento","publisher":{"@id":"https:\/\/www.evento.love\/blog\/#organization"},"potentialAction":[{"@type":"SearchAction","target":{"@type":"EntryPoint","urlTemplate":"https:\/\/www.evento.love\/blog\/?s={search_term_string}"},"query-input":"required name=search_term_string"}],"inLanguage":"es"},{"@type":"Organization","@id":"https:\/\/www.evento.love\/blog\/#organization","name":"evento.love","url":"https:\/\/www.evento.love\/blog\/","logo":{"@type":"ImageObject","inLanguage":"es","@id":"https:\/\/www.evento.love\/blog\/#\/schema\/logo\/image\/","url":"https:\/\/www.evento.love\/blog\/wp-content\/uploads\/2016\/07\/logo-evento-love.png","contentUrl":"https:\/\/www.evento.love\/blog\/wp-content\/uploads\/2016\/07\/logo-evento-love.png","width":197,"height":59,"caption":"evento.love"},"image":{"@id":"https:\/\/www.evento.love\/blog\/#\/schema\/logo\/image\/"},"sameAs":["https:\/\/www.facebook.com\/Evento.love\/","https:\/\/twitter.com\/Evento_love","https:\/\/www.instagram.com\/evento.love\/","https:\/\/es.pinterest.com\/evento_love\/","https:\/\/www.youtube.com\/channel\/UCcVbo6ymzx-7FlDJja8aQnw"]},{"@type":"Person","@id":"https:\/\/www.evento.love\/blog\/#\/schema\/person\/a184c2ed424b7fb3006372ce8051542c","name":"Evento Love"}]}},"_links":{"self":[{"href":"https:\/\/www.evento.love\/blog\/wp-json\/wp\/v2\/posts\/1638"}],"collection":[{"href":"https:\/\/www.evento.love\/blog\/wp-json\/wp\/v2\/posts"}],"about":[{"href":"https:\/\/www.evento.love\/blog\/wp-json\/wp\/v2\/types\/post"}],"author":[{"embeddable":true,"href":"https:\/\/www.evento.love\/blog\/wp-json\/wp\/v2\/users\/1"}],"replies":[{"embeddable":true,"href":"https:\/\/www.evento.love\/blog\/wp-json\/wp\/v2\/comments?post=1638"}],"version-history":[{"count":6,"href":"https:\/\/www.evento.love\/blog\/wp-json\/wp\/v2\/posts\/1638\/revisions"}],"predecessor-version":[{"id":1697,"href":"https:\/\/www.evento.love\/blog\/wp-json\/wp\/v2\/posts\/1638\/revisions\/1697"}],"wp:featuredmedia":[{"embeddable":true,"href":"https:\/\/www.evento.love\/blog\/wp-json\/wp\/v2\/media\/1627"}],"wp:attachment":[{"href":"https:\/\/www.evento.love\/blog\/wp-json\/wp\/v2\/media?parent=1638"}],"wp:term":[{"taxonomy":"category","embeddable":true,"href":"https:\/\/www.evento.love\/blog\/wp-json\/wp\/v2\/categories?post=1638"},{"taxonomy":"post_tag","embeddable":true,"href":"https:\/\/www.evento.love\/blog\/wp-json\/wp\/v2\/tags?post=1638"}],"curies":[{"name":"wp","href":"https:\/\/api.w.org\/{rel}","templated":true}]}}