{"id":1646,"date":"2018-06-19T10:34:34","date_gmt":"2018-06-19T08:34:34","guid":{"rendered":"https:\/\/www.evento.love\/blog\/?p=1646"},"modified":"2019-07-19T00:17:59","modified_gmt":"2019-07-18T22:17:59","slug":"luna-de-miel-origen-tradicion","status":"publish","type":"post","link":"https:\/\/www.evento.love\/blog\/luna-de-miel-origen-tradicion\/","title":{"rendered":"Luna de miel, \u00bfcu\u00e1l es el origen de esta tradici\u00f3n?"},"content":{"rendered":"<p>La luna de miel es uno de los momentos m\u00e1s anhelados por los <strong>novios.\u00a0<\/strong>Pero\u2026 te has preguntado alguna vez \u00bfcu\u00e1l es su origen?<!--more--><\/p>\n<p>La luna de miel representa el <a href=\"https:\/\/www.evento.love\/blog\/category\/bodas\/\" target=\"_blank\" rel=\"noopener noreferrer\">inicio de una vida juntos<\/a> como esposos, de manera que comenzar por todo lo alto es indispensable para las parejas. Adem\u00e1s, se ha convertido en toda una tradici\u00f3n desde hace muchos a\u00f1os.<\/p>\n<h2><strong>La luna de miel esconde una historia interesante<\/strong><\/h2>\n<p>Por el nombre con el que se le bautiz\u00f3 a esta tradici\u00f3n, es posible que sospechemos que <strong>su origen est\u00e1 relacionado con en el mundo de la gastronom\u00eda<\/strong>. \u00a1Y as\u00ed es! La historia de luna de miel est\u00e1 m\u00e1s vinculada con el <a href=\"https:\/\/www.evento.love\/blog\/aperitivos-brunch-lunch-drunch\/\" target=\"_blank\" rel=\"noopener noreferrer\">consumo de alimentos<\/a> que con viajar y conocer otros lugares del mundo.<\/p>\n<p>Por otro lado, hay que mencionar que el periodo de la luna son de 29 d\u00edas, ciclo que coincide con la menstruaci\u00f3n de la mujer. Ahora bien, en \u00e9pocas remotas las personas se alimentaban para sobrevivir y ten\u00edan relaciones sexuales con fines de perpetuar su especie, no para saciar su sed de placer. As\u00ed que para las parejas era fundamental mantenerse vivos y procrear.<\/p>\n<h3><strong>Una costumbre con or\u00edgenes celtas<\/strong><\/h3>\n<p>Procrear para asegurar la permanencia de la especie en la tierra era muy importante entre los celtas. Por ello, <a href=\"https:\/\/www.evento.love\/blog\/musica-amor-magia-una-boda-familiar\/\" target=\"_blank\" rel=\"noopener noreferrer\">cuando una pareja decid\u00eda unirse<\/a>, germin\u00f3 la costumbre de aislar a los \u201cnovios\u201d por 29 d\u00edas para que intentaran tener hijos y prolongar el tiempo de su raza.<\/p>\n<p>Pero, \u00bfde d\u00f3nde proviene su relaci\u00f3n con la miel?\u00a0En aquellos tiempos se cre\u00eda que este producto proporcionaba vigor, energ\u00eda y era bastante efectivo para propiciar la fertilidad. Es decir, se pensaba que la miel que fortalec\u00eda f\u00edsicamente a las personas que lo ingirieran.<\/p>\n<p>Cuando una persona preguntaba por la pareja que hab\u00eda decidido unirse, se le comunicaba que se encontraban de \u2018luna de miel\u2019. As\u00ed, se entend\u00eda que estaban alejados para engendrar con ayuda de la miel y otros alimentos.<\/p>\n<h2><strong>Una tradici\u00f3n que se mantendr\u00e1 por los siglos de los siglos<\/strong><\/h2>\n<p>A mediados del siglo XX, los reci\u00e9n casados a\u00fan se aislaban de sus familiares, amigos y conocidos durante 29 lunas o un poco m\u00e1s, al igual que los celtas.\u00a0De esta forma se aumentan las posibilidades de que, a lo largo de ese mes, se lograse el objetivo: engendrar a un descendiente.<\/p>\n<p>En definitiva, el origen de la luna de miel radica en la necesidad de la humanidad de procrear. Se trata de una f\u00f3rmula para preservar la poblaci\u00f3n y mantener su cultura durante la mayor cantidad de tiempo posible. Por supuesto, la finalidad de esta tradici\u00f3n ha cambiado bastante. A d\u00eda de hoy, est\u00e1 principalmente asociada con el disfrute de los reci\u00e9n casados.<\/p>\n<p>\u00bfQuieres hacer que tu boda sea incre\u00edble? <a href=\"https:\/\/www.evento.love\/cumpleanos\/index.html\">Contacta con nosotros<\/a> y organizaremos el enlace m\u00e1s inolvidable y&#8230;\u00a1sorprendente!<strong>\u00a0<\/strong>\u00a1Con gusto te asesoraremos!<\/p>\n    <div class=\"related-post grid\">\r\n                <div class=\"headline\">M\u00e1s art\u00edculos a tener en cuenta<\/div>\r\n        <div class=\"post-list \">\r\n\r\n                        <div class=\"item\">\r\n                        <div class=\"thumb post_thumb\">\r\n        <a  title=\"5+1 ideas imprescindibles para dar un toque especial a tu boda\" href=\"https:\/\/www.evento.love\/blog\/ideas-imprescindibles-tu-boda-madrid\/\">\r\n\r\n            <img width=\"150\" height=\"150\" src=\"https:\/\/www.evento.love\/blog\/wp-content\/uploads\/2017\/04\/17_04_01-150x150.jpg\" class=\"attachment-thumbnail size-thumbnail wp-post-image\" alt=\"Ideas para tu boda organizaci\u00f3n eventos madrid\" decoding=\"async\" loading=\"lazy\" \/>\r\n\r\n        <\/a>\r\n    <\/div>\r\n\r\n    <a class=\"title post_title\"  title=\"5+1 ideas imprescindibles para dar un toque especial a tu boda\" href=\"https:\/\/www.evento.love\/blog\/ideas-imprescindibles-tu-boda-madrid\/\">\r\n                5+1 ideas imprescindibles para dar un toque especial a tu boda    <\/a>\r\n\r\n                <\/div>\r\n                            <div class=\"item\">\r\n                        <div class=\"thumb post_thumb\">\r\n        <a  title=\"\u00bfQu\u00e9 es una preboda?\" href=\"https:\/\/www.evento.love\/blog\/que-es-una-preboda-madrid\/\">\r\n\r\n            <img width=\"150\" height=\"150\" src=\"https:\/\/www.evento.love\/blog\/wp-content\/uploads\/2017\/04\/17_04_15-150x150.jpg\" class=\"attachment-thumbnail size-thumbnail wp-post-image\" alt=\"preboda boda fotograf\u00eda novios madrid\" decoding=\"async\" loading=\"lazy\" \/>\r\n\r\n        <\/a>\r\n    <\/div>\r\n\r\n    <a class=\"title post_title\"  title=\"\u00bfQu\u00e9 es una preboda?\" href=\"https:\/\/www.evento.love\/blog\/que-es-una-preboda-madrid\/\">\r\n                \u00bfQu\u00e9 es una preboda?    <\/a>\r\n\r\n                <\/div>\r\n                            <div class=\"item\">\r\n                        <div class=\"thumb post_thumb\">\r\n        <a  title=\"Consejos para organizar una sesi\u00f3n postboda\" href=\"https:\/\/www.evento.love\/blog\/consejos-sesion-postboda-madrid\/\">\r\n\r\n            <img width=\"150\" height=\"150\" src=\"https:\/\/www.evento.love\/blog\/wp-content\/uploads\/2017\/05\/17_05_10-150x150.jpg\" class=\"attachment-thumbnail size-thumbnail wp-post-image\" alt=\"Consejos para una sesi\u00f3n de fotograf\u00eda postboda en Madrid\" decoding=\"async\" loading=\"lazy\" \/>\r\n\r\n        <\/a>\r\n    <\/div>\r\n\r\n    <a class=\"title post_title\"  title=\"Consejos para organizar una sesi\u00f3n postboda\" href=\"https:\/\/www.evento.love\/blog\/consejos-sesion-postboda-madrid\/\">\r\n                Consejos para organizar una sesi\u00f3n postboda    <\/a>\r\n\r\n                <\/div>\r\n                            <div class=\"item\">\r\n                        <div class=\"thumb post_thumb\">\r\n        <a  title=\"Cinco hermosos textos para leer en una boda\" href=\"https:\/\/www.evento.love\/blog\/cinco-hermosos-textos-pueden-leer-boda\/\">\r\n\r\n            <img width=\"150\" height=\"150\" src=\"https:\/\/www.evento.love\/blog\/wp-content\/uploads\/2017\/06\/16_06_08-150x150.jpg\" class=\"attachment-thumbnail size-thumbnail wp-post-image\" alt=\"textos para leer en una boda religiosa civil madrid\" decoding=\"async\" loading=\"lazy\" \/>\r\n\r\n        <\/a>\r\n    <\/div>\r\n\r\n    <a class=\"title post_title\"  title=\"Cinco hermosos textos para leer en una boda\" href=\"https:\/\/www.evento.love\/blog\/cinco-hermosos-textos-pueden-leer-boda\/\">\r\n                Cinco hermosos textos para leer en una boda    <\/a>\r\n\r\n                <\/div>\r\n            \r\n    <\/div>\r\n\r\n    <script>\r\n            <\/script>\r\n    <style>\r\n        .related-post {}\r\n\r\n        .related-post .post-list {\r\n            text-align: left;\r\n                    }\r\n\r\n        .related-post .post-list .item {\r\n            margin: 5px 10px;\r\n            padding: 0px;\r\n                    }\r\n\r\n        .related-post .headline {\r\n            font-size: 24px !important;\r\n            color: #000000 !important;\r\n                    }\r\n\r\n        .related-post .headline{\r\nfont-weight:400 !important;\r\ntext-transform: uppercase;\r\n}.related-post .post-list .item .post_thumb {\r\n            max-height: 180px;\r\n            margin: 10px 0px;\r\n            padding: 0px;\r\n            display: block;\r\n                    }\r\n\r\n        .related-post .post-list .item .post_title {\r\n            font-size: 12px;\r\n            color: #607d8b;\r\n            margin: 10px 0px;\r\n            padding: 0px;\r\n            display: block;\r\n            text-decoration: none;\r\n                    }\r\n\r\n        .related-post .post-list .item .post_excerpt {\r\n            font-size: 13px;\r\n            color: #3f3f3f;\r\n            margin: 10px 0px;\r\n            padding: 0px;\r\n            display: block;\r\n            text-decoration: none;\r\n                    }\r\n\r\n        @media only screen and (min-width: 1024px) {\r\n            .related-post .post-list .item {\r\n                width: 22%;\r\n            }\r\n        }\r\n\r\n        @media only screen and (min-width: 768px) and (max-width: 1023px) {\r\n            .related-post .post-list .item {\r\n                width: 90%;\r\n            }\r\n        }\r\n\r\n        @media only screen and (min-width: 0px) and (max-width: 767px) {\r\n            .related-post .post-list .item {\r\n                width: 30%;\r\n            }\r\n        }\r\n\r\n            <\/style>\r\n        <\/div>\r\n<!-- AddThis Advanced Settings generic via filter on the_content --><!-- AddThis Share Buttons generic via filter on the_content -->","protected":false},"excerpt":{"rendered":"<p>La luna de miel es uno de los momentos m\u00e1s anhelados por los novios.\u00a0Pero\u2026 te has preguntado alguna vez \u00bfcu\u00e1l es su origen? M\u00e1s art\u00edculos a tener en cuenta Juegos y actividades en tu baby shower C\u00f3mo inmortalizar tu baby shower Juegos en el baby shower Un beb\u00e9 en camino \u00bfBaby shower o bautizo?<!-- AddThis Advanced Settings generic via filter on get_the_excerpt --><!-- AddThis Share Buttons generic via filter on get_the_excerpt --><\/p>\n    <div class=\"related-post grid\">\r\n                <div class=\"headline\">M\u00e1s art\u00edculos a tener en cuenta<\/div>\r\n        <div class=\"post-list \">\r\n\r\n                        <div class=\"item\">\r\n                        <div class=\"thumb post_thumb\">\r\n        <a  title=\"Baby Shower, mucho m\u00e1s que un evento social\" href=\"https:\/\/www.evento.love\/blog\/baby-shower-evento-social-madrid\/\">\r\n\r\n            <img width=\"150\" height=\"150\" src=\"https:\/\/www.evento.love\/blog\/wp-content\/uploads\/2016\/07\/babyshower-150x150.jpg\" class=\"attachment-thumbnail size-thumbnail wp-post-image\" alt=\"baby shower-fiesta-beb\u00e9-embarazo-embarazada\" decoding=\"async\" loading=\"lazy\" \/>\r\n\r\n        <\/a>\r\n    <\/div>\r\n\r\n    <a class=\"title post_title\"  title=\"Baby Shower, mucho m\u00e1s que un evento social\" href=\"https:\/\/www.evento.love\/blog\/baby-shower-evento-social-madrid\/\">\r\n                Baby Shower, mucho m\u00e1s que un evento social    <\/a>\r\n\r\n                <\/div>\r\n                            <div class=\"item\">\r\n                        <div class=\"thumb post_thumb\">\r\n        <a  title=\"12 consejos para un Baby Shower perfecto\" href=\"https:\/\/www.evento.love\/blog\/12-consejos-baby-shower-perfecto-madrid\/\">\r\n\r\n            <img width=\"150\" height=\"150\" src=\"https:\/\/www.evento.love\/blog\/wp-content\/uploads\/2016\/09\/16_05_20_12_consejos-para-que-tu-Baby-Shower-sea-perfecto-150x150.jpg\" class=\"attachment-thumbnail size-thumbnail wp-post-image\" alt=\"Baby Shower-perfecto-beb\u00e9-embarazado-embarazada-fiesta-babyshower\" decoding=\"async\" loading=\"lazy\" \/>\r\n\r\n        <\/a>\r\n    <\/div>\r\n\r\n    <a class=\"title post_title\"  title=\"12 consejos para un Baby Shower perfecto\" href=\"https:\/\/www.evento.love\/blog\/12-consejos-baby-shower-perfecto-madrid\/\">\r\n                12 consejos para un Baby Shower perfecto    <\/a>\r\n\r\n                <\/div>\r\n                            <div class=\"item\">\r\n                        <div class=\"thumb post_thumb\">\r\n        <a  title=\"Cu\u00e1ndo hacer el Baby Shower\" href=\"https:\/\/www.evento.love\/blog\/cuando-hacer-el-baby-shower-madrid\/\">\r\n\r\n            <img width=\"150\" height=\"150\" src=\"https:\/\/www.evento.love\/blog\/wp-content\/uploads\/2016\/09\/16_05_23_Cuando-hacer-el-Baby-Shower-150x150.jpg\" class=\"attachment-thumbnail size-thumbnail wp-post-image\" alt=\"Cu\u00e1ndo hacer el baby shower beb\u00e9 embarazo fiesta en Madrid\" decoding=\"async\" loading=\"lazy\" \/>\r\n\r\n        <\/a>\r\n    <\/div>\r\n\r\n    <a class=\"title post_title\"  title=\"Cu\u00e1ndo hacer el Baby Shower\" href=\"https:\/\/www.evento.love\/blog\/cuando-hacer-el-baby-shower-madrid\/\">\r\n                Cu\u00e1ndo hacer el Baby Shower    <\/a>\r\n\r\n                <\/div>\r\n                            <div class=\"item\">\r\n                        <div class=\"thumb post_thumb\">\r\n        <a  title=\"\u00bfQui\u00e9n debe organizar el Baby Shower?\" href=\"https:\/\/www.evento.love\/blog\/quien-organizar-baby-shower-madrid\/\">\r\n\r\n            <img width=\"150\" height=\"150\" src=\"https:\/\/www.evento.love\/blog\/wp-content\/uploads\/2016\/09\/16_05_29_Qui\u00e9n-organiza-el-Baby-Shower-150x150.jpg\" class=\"attachment-thumbnail size-thumbnail wp-post-image\" alt=\"Organizaci\u00f3n Baby Shower Madrid fiesta beb\u00e9 embarazada\" decoding=\"async\" loading=\"lazy\" \/>\r\n\r\n        <\/a>\r\n    <\/div>\r\n\r\n    <a class=\"title post_title\"  title=\"\u00bfQui\u00e9n debe organizar el Baby Shower?\" href=\"https:\/\/www.evento.love\/blog\/quien-organizar-baby-shower-madrid\/\">\r\n                \u00bfQui\u00e9n debe organizar el Baby Shower?    <\/a>\r\n\r\n                <\/div>\r\n            \r\n    <\/div>\r\n\r\n    <script>\r\n            <\/script>\r\n    <style>\r\n        .related-post {}\r\n\r\n        .related-post .post-list {\r\n            text-align: left;\r\n                    }\r\n\r\n        .related-post .post-list .item {\r\n            margin: 5px 10px;\r\n            padding: 0px;\r\n                    }\r\n\r\n        .related-post .headline {\r\n            font-size: 24px !important;\r\n            color: #000000 !important;\r\n                    }\r\n\r\n        .related-post .headline{\r\nfont-weight:400 !important;\r\ntext-transform: uppercase;\r\n}.related-post .post-list .item .post_thumb {\r\n            max-height: 180px;\r\n            margin: 10px 0px;\r\n            padding: 0px;\r\n            display: block;\r\n                    }\r\n\r\n        .related-post .post-list .item .post_title {\r\n            font-size: 12px;\r\n            color: #607d8b;\r\n            margin: 10px 0px;\r\n            padding: 0px;\r\n            display: block;\r\n            text-decoration: none;\r\n                    }\r\n\r\n        .related-post .post-list .item .post_excerpt {\r\n            font-size: 13px;\r\n            color: #3f3f3f;\r\n            margin: 10px 0px;\r\n            padding: 0px;\r\n            display: block;\r\n            text-decoration: none;\r\n                    }\r\n\r\n        @media only screen and (min-width: 1024px) {\r\n            .related-post .post-list .item {\r\n                width: 22%;\r\n            }\r\n        }\r\n\r\n        @media only screen and (min-width: 768px) and (max-width: 1023px) {\r\n            .related-post .post-list .item {\r\n                width: 90%;\r\n            }\r\n        }\r\n\r\n        @media only screen and (min-width: 0px) and (max-width: 767px) {\r\n            .related-post .post-list .item {\r\n                width: 30%;\r\n            }\r\n        }\r\n\r\n            <\/style>\r\n        <\/div>\r\n","protected":false},"author":1,"featured_media":2084,"comment_status":"closed","ping_status":"open","sticky":false,"template":"","format":"standard","meta":{"content-type":""},"categories":[756],"tags":[],"yoast_head":"<!-- This site is optimized with the Yoast SEO plugin v20.7 - https:\/\/yoast.com\/wordpress\/plugins\/seo\/ -->\n<title>Luna de miel, \u00bfcu\u00e1l es el origen de esta tradici\u00f3n?<\/title>\n<meta name=\"description\" content=\"Organizamos la boda de tus sue\u00f1os. Celebra tu boda a lo grande, Evento.love se ocupa de todos los detalles: la finca, el catering, las invitaciones, la decoraci\u00f3n, la m\u00fasica\u2026\u00a1Simplemente elige tu plan o cont\u00e1ctanos para hacer de tu boda el d\u00eda m\u00e1s especial!\" \/>\n<meta name=\"robots\" content=\"index, follow, max-snippet:-1, max-image-preview:large, max-video-preview:-1\" \/>\n<meta property=\"og:locale\" content=\"es_ES\" \/>\n<meta property=\"og:type\" content=\"article\" \/>\n<meta property=\"og:title\" content=\"Luna de miel, \u00bfcu\u00e1l es el origen de esta tradici\u00f3n?\" \/>\n<meta property=\"og:description\" content=\"Organizamos la boda de tus sue\u00f1os. Celebra tu boda a lo grande, Evento.love se ocupa de todos los detalles: la finca, el catering, las invitaciones, la decoraci\u00f3n, la m\u00fasica\u2026\u00a1Simplemente elige tu plan o cont\u00e1ctanos para hacer de tu boda el d\u00eda m\u00e1s especial!\" \/>\n<meta property=\"og:url\" content=\"https:\/\/www.evento.love\/blog\/luna-de-miel-origen-tradicion\/\" \/>\n<meta property=\"og:site_name\" content=\"El Blog de evento.love\" \/>\n<meta property=\"article:publisher\" content=\"https:\/\/www.facebook.com\/Evento.love\/\" \/>\n<meta property=\"article:published_time\" content=\"2018-06-19T08:34:34+00:00\" \/>\n<meta property=\"article:modified_time\" content=\"2019-07-18T22:17:59+00:00\" \/>\n<meta property=\"og:image\" content=\"https:\/\/www.evento.love\/blog\/wp-content\/uploads\/2018\/06\/Origen-de-la-luna-de-miel-pareja-marido-mujer-atardecer.png\" \/>\n\t<meta property=\"og:image:width\" content=\"847\" \/>\n\t<meta property=\"og:image:height\" content=\"470\" \/>\n\t<meta property=\"og:image:type\" content=\"image\/png\" \/>\n<meta name=\"author\" content=\"Evento Love\" \/>\n<meta name=\"twitter:card\" content=\"summary_large_image\" \/>\n<meta name=\"twitter:creator\" content=\"@Evento_love\" \/>\n<meta name=\"twitter:site\" content=\"@Evento_love\" \/>\n<meta name=\"twitter:label1\" content=\"Escrito por\" \/>\n\t<meta name=\"twitter:data1\" content=\"Evento Love\" \/>\n\t<meta name=\"twitter:label2\" content=\"Tiempo de lectura\" \/>\n\t<meta name=\"twitter:data2\" content=\"2 minutos\" \/>\n<!-- \/ Yoast SEO plugin. -->","yoast_head_json":{"title":"Luna de miel, \u00bfcu\u00e1l es el origen de esta tradici\u00f3n?","description":"Organizamos la boda de tus sue\u00f1os. Celebra tu boda a lo grande, Evento.love se ocupa de todos los detalles: la finca, el catering, las invitaciones, la decoraci\u00f3n, la m\u00fasica\u2026\u00a1Simplemente elige tu plan o cont\u00e1ctanos para hacer de tu boda el d\u00eda m\u00e1s especial!","robots":{"index":"index","follow":"follow","max-snippet":"max-snippet:-1","max-image-preview":"max-image-preview:large","max-video-preview":"max-video-preview:-1"},"og_locale":"es_ES","og_type":"article","og_title":"Luna de miel, \u00bfcu\u00e1l es el origen de esta tradici\u00f3n?","og_description":"Organizamos la boda de tus sue\u00f1os. Celebra tu boda a lo grande, Evento.love se ocupa de todos los detalles: la finca, el catering, las invitaciones, la decoraci\u00f3n, la m\u00fasica\u2026\u00a1Simplemente elige tu plan o cont\u00e1ctanos para hacer de tu boda el d\u00eda m\u00e1s especial!","og_url":"https:\/\/www.evento.love\/blog\/luna-de-miel-origen-tradicion\/","og_site_name":"El Blog de evento.love","article_publisher":"https:\/\/www.facebook.com\/Evento.love\/","article_published_time":"2018-06-19T08:34:34+00:00","article_modified_time":"2019-07-18T22:17:59+00:00","og_image":[{"width":"847","height":"470","url":"https:\/\/www.evento.love\/blog\/wp-content\/uploads\/2018\/06\/Origen-de-la-luna-de-miel-pareja-marido-mujer-atardecer.png","type":"image\/png"}],"author":"Evento Love","twitter_card":"summary_large_image","twitter_creator":"@Evento_love","twitter_site":"@Evento_love","twitter_misc":{"Escrito por":"Evento Love","Tiempo de lectura":"2 minutos"},"schema":{"@context":"https:\/\/schema.org","@graph":[{"@type":"Article","@id":"https:\/\/www.evento.love\/blog\/luna-de-miel-origen-tradicion\/#article","isPartOf":{"@id":"https:\/\/www.evento.love\/blog\/luna-de-miel-origen-tradicion\/"},"author":{"name":"Evento Love","@id":"https:\/\/www.evento.love\/blog\/#\/schema\/person\/a184c2ed424b7fb3006372ce8051542c"},"headline":"Luna de miel, \u00bfcu\u00e1l es el origen de esta tradici\u00f3n?","datePublished":"2018-06-19T08:34:34+00:00","dateModified":"2019-07-18T22:17:59+00:00","mainEntityOfPage":{"@id":"https:\/\/www.evento.love\/blog\/luna-de-miel-origen-tradicion\/"},"wordCount":510,"publisher":{"@id":"https:\/\/www.evento.love\/blog\/#organization"},"articleSection":["Bodas"],"inLanguage":"es"},{"@type":"WebPage","@id":"https:\/\/www.evento.love\/blog\/luna-de-miel-origen-tradicion\/","url":"https:\/\/www.evento.love\/blog\/luna-de-miel-origen-tradicion\/","name":"Luna de miel, \u00bfcu\u00e1l es el origen de esta tradici\u00f3n?","isPartOf":{"@id":"https:\/\/www.evento.love\/blog\/#website"},"datePublished":"2018-06-19T08:34:34+00:00","dateModified":"2019-07-18T22:17:59+00:00","description":"Organizamos la boda de tus sue\u00f1os. Celebra tu boda a lo grande, Evento.love se ocupa de todos los detalles: la finca, el catering, las invitaciones, la decoraci\u00f3n, la m\u00fasica\u2026\u00a1Simplemente elige tu plan o cont\u00e1ctanos para hacer de tu boda el d\u00eda m\u00e1s especial!","breadcrumb":{"@id":"https:\/\/www.evento.love\/blog\/luna-de-miel-origen-tradicion\/#breadcrumb"},"inLanguage":"es","potentialAction":[{"@type":"ReadAction","target":["https:\/\/www.evento.love\/blog\/luna-de-miel-origen-tradicion\/"]}]},{"@type":"BreadcrumbList","@id":"https:\/\/www.evento.love\/blog\/luna-de-miel-origen-tradicion\/#breadcrumb","itemListElement":[{"@type":"ListItem","position":1,"name":"Evento.love","item":"https:\/\/www.evento.love\/blog\/"},{"@type":"ListItem","position":2,"name":"Bodas","item":"https:\/\/www.evento.love\/blog\/category\/bodas\/"},{"@type":"ListItem","position":3,"name":"Luna de miel, \u00bfcu\u00e1l es el origen de esta tradici\u00f3n?"}]},{"@type":"WebSite","@id":"https:\/\/www.evento.love\/blog\/#website","url":"https:\/\/www.evento.love\/blog\/","name":"El Blog de evento.love","description":"T\u00fa lo mereces. Disfruta de tu momento","publisher":{"@id":"https:\/\/www.evento.love\/blog\/#organization"},"potentialAction":[{"@type":"SearchAction","target":{"@type":"EntryPoint","urlTemplate":"https:\/\/www.evento.love\/blog\/?s={search_term_string}"},"query-input":"required name=search_term_string"}],"inLanguage":"es"},{"@type":"Organization","@id":"https:\/\/www.evento.love\/blog\/#organization","name":"evento.love","url":"https:\/\/www.evento.love\/blog\/","logo":{"@type":"ImageObject","inLanguage":"es","@id":"https:\/\/www.evento.love\/blog\/#\/schema\/logo\/image\/","url":"https:\/\/www.evento.love\/blog\/wp-content\/uploads\/2016\/07\/logo-evento-love.png","contentUrl":"https:\/\/www.evento.love\/blog\/wp-content\/uploads\/2016\/07\/logo-evento-love.png","width":197,"height":59,"caption":"evento.love"},"image":{"@id":"https:\/\/www.evento.love\/blog\/#\/schema\/logo\/image\/"},"sameAs":["https:\/\/www.facebook.com\/Evento.love\/","https:\/\/twitter.com\/Evento_love","https:\/\/www.instagram.com\/evento.love\/","https:\/\/es.pinterest.com\/evento_love\/","https:\/\/www.youtube.com\/channel\/UCcVbo6ymzx-7FlDJja8aQnw"]},{"@type":"Person","@id":"https:\/\/www.evento.love\/blog\/#\/schema\/person\/a184c2ed424b7fb3006372ce8051542c","name":"Evento Love"}]}},"_links":{"self":[{"href":"https:\/\/www.evento.love\/blog\/wp-json\/wp\/v2\/posts\/1646"}],"collection":[{"href":"https:\/\/www.evento.love\/blog\/wp-json\/wp\/v2\/posts"}],"about":[{"href":"https:\/\/www.evento.love\/blog\/wp-json\/wp\/v2\/types\/post"}],"author":[{"embeddable":true,"href":"https:\/\/www.evento.love\/blog\/wp-json\/wp\/v2\/users\/1"}],"replies":[{"embeddable":true,"href":"https:\/\/www.evento.love\/blog\/wp-json\/wp\/v2\/comments?post=1646"}],"version-history":[{"count":5,"href":"https:\/\/www.evento.love\/blog\/wp-json\/wp\/v2\/posts\/1646\/revisions"}],"predecessor-version":[{"id":5014,"href":"https:\/\/www.evento.love\/blog\/wp-json\/wp\/v2\/posts\/1646\/revisions\/5014"}],"wp:featuredmedia":[{"embeddable":true,"href":"https:\/\/www.evento.love\/blog\/wp-json\/wp\/v2\/media\/2084"}],"wp:attachment":[{"href":"https:\/\/www.evento.love\/blog\/wp-json\/wp\/v2\/media?parent=1646"}],"wp:term":[{"taxonomy":"category","embeddable":true,"href":"https:\/\/www.evento.love\/blog\/wp-json\/wp\/v2\/categories?post=1646"},{"taxonomy":"post_tag","embeddable":true,"href":"https:\/\/www.evento.love\/blog\/wp-json\/wp\/v2\/tags?post=1646"}],"curies":[{"name":"wp","href":"https:\/\/api.w.org\/{rel}","templated":true}]}}