{"id":1658,"date":"2018-09-06T12:52:24","date_gmt":"2018-09-06T10:52:24","guid":{"rendered":"https:\/\/www.evento.love\/blog\/?p=1658"},"modified":"2019-07-19T00:17:57","modified_gmt":"2019-07-18T22:17:57","slug":"organizar-una-primera-comunion-tematica","status":"publish","type":"post","link":"https:\/\/www.evento.love\/blog\/organizar-una-primera-comunion-tematica\/","title":{"rendered":"Claves para organizar una primera comuni\u00f3n tem\u00e1tica"},"content":{"rendered":"<p>Organizar una primera comuni\u00f3n tem\u00e1tica est\u00e1 muy de moda. Cualquier tema es susceptible: un equipo de f\u00fatbol, un personaje, una pel\u00edcula, etc. Esta tendencia ha crecido tanto en los \u00faltimos a\u00f1os que incluso ha incursionado en celebraciones religiosas como la primera comuni\u00f3n, convirti\u00e9ndose en una de las principales protagonistas de este tipo de festejos.<!--more--><\/p>\n<p>\u00bfQuieres\u00a0<strong>organizar una primera comuni\u00f3n tem\u00e1tica<\/strong> para conseguir una fiesta diferente y especial? Entonces debes tener en cuenta varios aspectos para que la celebraci\u00f3n sea exitosa. \u00a1Empecemos!<\/p>\n<h2>Una primera comuni\u00f3n tem\u00e1tica<\/h2>\n<p>Las opciones son infinitas. Lo mejor es pensar en una afici\u00f3n que tenga el peque\u00f1o o la peque\u00f1a, es decir, <strong>tener en cuenta lo que m\u00e1s le gusta<\/strong> o si hay un personaje que la fascina especialmente.<\/p>\n<p>Sin embargo, tambi\u00e9n est\u00e1 la alternativa de elegir una <a href=\"https:\/\/www.evento.love\/blog\/comuniones-perfectas-ideas-convertirlo-dia-magico\/\" target=\"_blank\" rel=\"noopener noreferrer\">tem\u00e1tica vinculada con la comuni\u00f3n<\/a>. Por ejemplo: \u00e1ngeles, pajaritos.<\/p>\n<h2><strong>Escoger el lugar de la fiesta<\/strong><\/h2>\n<p>Este tipo de celebraciones la puedes hacer en tu casa, en un sal\u00f3n, <a href=\"https:\/\/www.evento.love\/blog\/primera-comunion-al-aire-libre-antia-madrid\/\" target=\"_blank\" rel=\"noopener noreferrer\">al aire libre <\/a>o en un sitio especializado en eventos infantiles. Lo primordial es que el recinto que se eligi\u00f3 para la <strong>fiesta<\/strong> tenga la capacidad de albergar al n\u00famero de personas que vas a invitar.<\/p>\n<p>Por otro lado, tiene que ofrecerles a los comensales todas las comodidades: mesas, sillas, ba\u00f1os&#8230; No olvides que es una fiesta de ni\u00f1os, as\u00ed que tambi\u00e9n debes considerar el disfrute de ellos destinando un espacio para correr, saltar y \u00a0jugar.<\/p>\n<h2><strong>Las invitaciones <\/strong><\/h2>\n<p>Son la antesala del evento y dan un indicio de lo que se vivir\u00e1 en ese d\u00eda. As\u00ed que deben ser llamativas y reflejar el tema de la fiesta. Esto denota que a la hora de <strong>organizar una comuni\u00f3n tem\u00e1tica <\/strong>tienes que sorprender a tus comensales con unas invitaciones originales.<\/p>\n<p>\u00c9stas deben incluir:<\/p>\n<ul>\n<li>el nombre del ni\u00f1o o ni\u00f1a<\/li>\n<li>el motivo de la celebraci\u00f3n<\/li>\n<li>la direcci\u00f3n exacta del lugar donde se va a realizar la fiesta<\/li>\n<li>el n\u00famero telef\u00f3nico para confirmar la asistencia<\/li>\n<li>indicar si el invitado tiene que ir con alguna vestimenta en espec\u00edfica<\/li>\n<\/ul>\n<h2><strong>Decoraci\u00f3n <\/strong><\/h2>\n<p>Para ambientar el sal\u00f3n o la casa donde se va a realizar la fiesta se requiere de mucha creatividad. En este caso se pueden usar guirnaldas, globos, centros de mesa, cartel de bienvenidas, servilleteros, colores e im\u00e1genes de las invitaciones, cajitas de recuerdo, etc.<\/p>\n<p>Eso s\u00ed, estos elementos de decoraci\u00f3n deben reflejar la tem\u00e1tica que se escogi\u00f3, de lo contrario no generar\u00e1s el impacto deseado. Aunque tambi\u00e9n puedes combinarlas con im\u00e1genes relacionadas con la comuni\u00f3n: uvas, pan, p\u00e1jaros, flores, el c\u00e1liz\u2026<\/p>\n<h2><strong>La diversi\u00f3n de los ni\u00f1os<\/strong><\/h2>\n<p>Quiz\u00e1 sea el punto m\u00e1s relevante. \u00bfPor qu\u00e9? Pues de <strong>la diversi\u00f3n de los peque\u00f1os depender\u00e1 el \u00e9xito de la fiesta. <\/strong>Adem\u00e1s cada juego debe estar centrado en la tem\u00e1tica de la fiesta. Por ejemplo, si el ni\u00f1o quiso que su comuni\u00f3n sea en torno al f\u00fatbol, puedes organizar un partido con los invitados.<\/p>\n<p>En definitiva, para <strong>organizar una comuni\u00f3n tem\u00e1tica <\/strong>es imprescindible ser creativo y darle rienda suelta a la imaginaci\u00f3n. Por eso siempre recomendamos ponerse en manos de un profesional para garantizar una fiesta exitosa.<\/p>\n<p>\u00bfQuieres hacer que tu comuni\u00f3n sea incre\u00edble? <a href=\"https:\/\/www.evento.love\/#contacto\" target=\"_blank\" rel=\"nofollow noopener noreferrer\">Contacta con nosotros<\/a> y organizaremos la fiesta m\u00e1s inolvidable y&#8230;\u00a1sorprendente!<\/p>\n    <div class=\"related-post grid\">\r\n                <div class=\"headline\">M\u00e1s art\u00edculos a tener en cuenta<\/div>\r\n        <div class=\"post-list \">\r\n\r\n                        <div class=\"item\">\r\n                        <div class=\"thumb post_thumb\">\r\n        <a  title=\"Baby Shower, mucho m\u00e1s que un evento social\" href=\"https:\/\/www.evento.love\/blog\/baby-shower-evento-social-madrid\/\">\r\n\r\n            <img width=\"150\" height=\"150\" src=\"https:\/\/www.evento.love\/blog\/wp-content\/uploads\/2016\/07\/babyshower-150x150.jpg\" class=\"attachment-thumbnail size-thumbnail wp-post-image\" alt=\"baby shower-fiesta-beb\u00e9-embarazo-embarazada\" decoding=\"async\" loading=\"lazy\" \/>\r\n\r\n        <\/a>\r\n    <\/div>\r\n\r\n    <a class=\"title post_title\"  title=\"Baby Shower, mucho m\u00e1s que un evento social\" href=\"https:\/\/www.evento.love\/blog\/baby-shower-evento-social-madrid\/\">\r\n                Baby Shower, mucho m\u00e1s que un evento social    <\/a>\r\n\r\n                <\/div>\r\n                            <div class=\"item\">\r\n                        <div class=\"thumb post_thumb\">\r\n        <a  title=\"12 consejos para un Baby Shower perfecto\" href=\"https:\/\/www.evento.love\/blog\/12-consejos-baby-shower-perfecto-madrid\/\">\r\n\r\n            <img width=\"150\" height=\"150\" src=\"https:\/\/www.evento.love\/blog\/wp-content\/uploads\/2016\/09\/16_05_20_12_consejos-para-que-tu-Baby-Shower-sea-perfecto-150x150.jpg\" class=\"attachment-thumbnail size-thumbnail wp-post-image\" alt=\"Baby Shower-perfecto-beb\u00e9-embarazado-embarazada-fiesta-babyshower\" decoding=\"async\" loading=\"lazy\" \/>\r\n\r\n        <\/a>\r\n    <\/div>\r\n\r\n    <a class=\"title post_title\"  title=\"12 consejos para un Baby Shower perfecto\" href=\"https:\/\/www.evento.love\/blog\/12-consejos-baby-shower-perfecto-madrid\/\">\r\n                12 consejos para un Baby Shower perfecto    <\/a>\r\n\r\n                <\/div>\r\n                            <div class=\"item\">\r\n                        <div class=\"thumb post_thumb\">\r\n        <a  title=\"Cu\u00e1ndo hacer el Baby Shower\" href=\"https:\/\/www.evento.love\/blog\/cuando-hacer-el-baby-shower-madrid\/\">\r\n\r\n            <img width=\"150\" height=\"150\" src=\"https:\/\/www.evento.love\/blog\/wp-content\/uploads\/2016\/09\/16_05_23_Cuando-hacer-el-Baby-Shower-150x150.jpg\" class=\"attachment-thumbnail size-thumbnail wp-post-image\" alt=\"Cu\u00e1ndo hacer el baby shower beb\u00e9 embarazo fiesta en Madrid\" decoding=\"async\" loading=\"lazy\" \/>\r\n\r\n        <\/a>\r\n    <\/div>\r\n\r\n    <a class=\"title post_title\"  title=\"Cu\u00e1ndo hacer el Baby Shower\" href=\"https:\/\/www.evento.love\/blog\/cuando-hacer-el-baby-shower-madrid\/\">\r\n                Cu\u00e1ndo hacer el Baby Shower    <\/a>\r\n\r\n                <\/div>\r\n                            <div class=\"item\">\r\n                        <div class=\"thumb post_thumb\">\r\n        <a  title=\"\u00bfQui\u00e9n debe organizar el Baby Shower?\" href=\"https:\/\/www.evento.love\/blog\/quien-organizar-baby-shower-madrid\/\">\r\n\r\n            <img width=\"150\" height=\"150\" src=\"https:\/\/www.evento.love\/blog\/wp-content\/uploads\/2016\/09\/16_05_29_Qui\u00e9n-organiza-el-Baby-Shower-150x150.jpg\" class=\"attachment-thumbnail size-thumbnail wp-post-image\" alt=\"Organizaci\u00f3n Baby Shower Madrid fiesta beb\u00e9 embarazada\" decoding=\"async\" loading=\"lazy\" \/>\r\n\r\n        <\/a>\r\n    <\/div>\r\n\r\n    <a class=\"title post_title\"  title=\"\u00bfQui\u00e9n debe organizar el Baby Shower?\" href=\"https:\/\/www.evento.love\/blog\/quien-organizar-baby-shower-madrid\/\">\r\n                \u00bfQui\u00e9n debe organizar el Baby Shower?    <\/a>\r\n\r\n                <\/div>\r\n            \r\n    <\/div>\r\n\r\n    <script>\r\n            <\/script>\r\n    <style>\r\n        .related-post {}\r\n\r\n        .related-post .post-list {\r\n            text-align: left;\r\n                    }\r\n\r\n        .related-post .post-list .item {\r\n            margin: 5px 10px;\r\n            padding: 0px;\r\n                    }\r\n\r\n        .related-post .headline {\r\n            font-size: 24px !important;\r\n            color: #000000 !important;\r\n                    }\r\n\r\n        .related-post .headline{\r\nfont-weight:400 !important;\r\ntext-transform: uppercase;\r\n}.related-post .post-list .item .post_thumb {\r\n            max-height: 180px;\r\n            margin: 10px 0px;\r\n            padding: 0px;\r\n            display: block;\r\n                    }\r\n\r\n        .related-post .post-list .item .post_title {\r\n            font-size: 12px;\r\n            color: #607d8b;\r\n            margin: 10px 0px;\r\n            padding: 0px;\r\n            display: block;\r\n            text-decoration: none;\r\n                    }\r\n\r\n        .related-post .post-list .item .post_excerpt {\r\n            font-size: 13px;\r\n            color: #3f3f3f;\r\n            margin: 10px 0px;\r\n            padding: 0px;\r\n            display: block;\r\n            text-decoration: none;\r\n                    }\r\n\r\n        @media only screen and (min-width: 1024px) {\r\n            .related-post .post-list .item {\r\n                width: 22%;\r\n            }\r\n        }\r\n\r\n        @media only screen and (min-width: 768px) and (max-width: 1023px) {\r\n            .related-post .post-list .item {\r\n                width: 90%;\r\n            }\r\n        }\r\n\r\n        @media only screen and (min-width: 0px) and (max-width: 767px) {\r\n            .related-post .post-list .item {\r\n                width: 30%;\r\n            }\r\n        }\r\n\r\n            <\/style>\r\n        <\/div>\r\n<!-- AddThis Advanced Settings generic via filter on the_content --><!-- AddThis Share Buttons generic via filter on the_content -->","protected":false},"excerpt":{"rendered":"<p>Organizar una primera comuni\u00f3n tem\u00e1tica est\u00e1 muy de moda. Cualquier tema es susceptible: un equipo de f\u00fatbol, un personaje, una pel\u00edcula, etc. Esta tendencia ha crecido tanto en los \u00faltimos a\u00f1os que incluso ha incursionado en celebraciones religiosas como la primera comuni\u00f3n, convirti\u00e9ndose en una de las principales protagonistas de este tipo de festejos. M\u00e1s art\u00edculos a tener en cuenta Baby Shower, mucho m\u00e1s que un evento social 12 consejos para un Baby Shower perfecto Cu\u00e1ndo hacer el Baby Shower&#8230;<\/p>\n<p class=\"read-more\"><a class=\"btn btn-default\" href=\"https:\/\/www.evento.love\/blog\/quien-organizar-baby-shower-madrid\/\"> Leer m\u00e1s<span class=\"screen-reader-text\">  Leer m\u00e1s<\/span><\/a><\/p>\n<p><!-- AddThis Advanced Settings generic via filter on get_the_excerpt --><!-- AddThis Share Buttons generic via filter on get_the_excerpt --><\/p>\n    <div class=\"related-post grid\">\r\n                <div class=\"headline\">M\u00e1s art\u00edculos a tener en cuenta<\/div>\r\n        <div class=\"post-list \">\r\n\r\n                        <div class=\"item\">\r\n                        <div class=\"thumb post_thumb\">\r\n        <a  title=\"Baby Shower, mucho m\u00e1s que un evento social\" href=\"https:\/\/www.evento.love\/blog\/baby-shower-evento-social-madrid\/\">\r\n\r\n            <img width=\"150\" height=\"150\" src=\"https:\/\/www.evento.love\/blog\/wp-content\/uploads\/2016\/07\/babyshower-150x150.jpg\" class=\"attachment-thumbnail size-thumbnail wp-post-image\" alt=\"baby shower-fiesta-beb\u00e9-embarazo-embarazada\" decoding=\"async\" loading=\"lazy\" \/>\r\n\r\n        <\/a>\r\n    <\/div>\r\n\r\n    <a class=\"title post_title\"  title=\"Baby Shower, mucho m\u00e1s que un evento social\" href=\"https:\/\/www.evento.love\/blog\/baby-shower-evento-social-madrid\/\">\r\n                Baby Shower, mucho m\u00e1s que un evento social    <\/a>\r\n\r\n                <\/div>\r\n                            <div class=\"item\">\r\n                        <div class=\"thumb post_thumb\">\r\n        <a  title=\"12 consejos para un Baby Shower perfecto\" href=\"https:\/\/www.evento.love\/blog\/12-consejos-baby-shower-perfecto-madrid\/\">\r\n\r\n            <img width=\"150\" height=\"150\" src=\"https:\/\/www.evento.love\/blog\/wp-content\/uploads\/2016\/09\/16_05_20_12_consejos-para-que-tu-Baby-Shower-sea-perfecto-150x150.jpg\" class=\"attachment-thumbnail size-thumbnail wp-post-image\" alt=\"Baby Shower-perfecto-beb\u00e9-embarazado-embarazada-fiesta-babyshower\" decoding=\"async\" loading=\"lazy\" \/>\r\n\r\n        <\/a>\r\n    <\/div>\r\n\r\n    <a class=\"title post_title\"  title=\"12 consejos para un Baby Shower perfecto\" href=\"https:\/\/www.evento.love\/blog\/12-consejos-baby-shower-perfecto-madrid\/\">\r\n                12 consejos para un Baby Shower perfecto    <\/a>\r\n\r\n                <\/div>\r\n                            <div class=\"item\">\r\n                        <div class=\"thumb post_thumb\">\r\n        <a  title=\"Cu\u00e1ndo hacer el Baby Shower\" href=\"https:\/\/www.evento.love\/blog\/cuando-hacer-el-baby-shower-madrid\/\">\r\n\r\n            <img width=\"150\" height=\"150\" src=\"https:\/\/www.evento.love\/blog\/wp-content\/uploads\/2016\/09\/16_05_23_Cuando-hacer-el-Baby-Shower-150x150.jpg\" class=\"attachment-thumbnail size-thumbnail wp-post-image\" alt=\"Cu\u00e1ndo hacer el baby shower beb\u00e9 embarazo fiesta en Madrid\" decoding=\"async\" loading=\"lazy\" \/>\r\n\r\n        <\/a>\r\n    <\/div>\r\n\r\n    <a class=\"title post_title\"  title=\"Cu\u00e1ndo hacer el Baby Shower\" href=\"https:\/\/www.evento.love\/blog\/cuando-hacer-el-baby-shower-madrid\/\">\r\n                Cu\u00e1ndo hacer el Baby Shower    <\/a>\r\n\r\n                <\/div>\r\n                            <div class=\"item\">\r\n                        <div class=\"thumb post_thumb\">\r\n        <a  title=\"Baby Shower: Elaborando la lista de invitados\" href=\"https:\/\/www.evento.love\/blog\/baby-shower-lista-invitados-madrid\/\">\r\n\r\n            <img width=\"150\" height=\"150\" src=\"https:\/\/www.evento.love\/blog\/wp-content\/uploads\/2016\/09\/16_05_30_Baby-Shower-elaborando-la-lista-de-invitados-150x150.jpg\" class=\"attachment-thumbnail size-thumbnail wp-post-image\" alt=\"\" decoding=\"async\" loading=\"lazy\" \/>\r\n\r\n        <\/a>\r\n    <\/div>\r\n\r\n    <a class=\"title post_title\"  title=\"Baby Shower: Elaborando la lista de invitados\" href=\"https:\/\/www.evento.love\/blog\/baby-shower-lista-invitados-madrid\/\">\r\n                Baby Shower: Elaborando la lista de invitados    <\/a>\r\n\r\n                <\/div>\r\n            \r\n    <\/div>\r\n\r\n    <script>\r\n            <\/script>\r\n    <style>\r\n        .related-post {}\r\n\r\n        .related-post .post-list {\r\n            text-align: left;\r\n                    }\r\n\r\n        .related-post .post-list .item {\r\n            margin: 5px 10px;\r\n            padding: 0px;\r\n                    }\r\n\r\n        .related-post .headline {\r\n            font-size: 24px !important;\r\n            color: #000000 !important;\r\n                    }\r\n\r\n        .related-post .headline{\r\nfont-weight:400 !important;\r\ntext-transform: uppercase;\r\n}.related-post .post-list .item .post_thumb {\r\n            max-height: 180px;\r\n            margin: 10px 0px;\r\n            padding: 0px;\r\n            display: block;\r\n                    }\r\n\r\n        .related-post .post-list .item .post_title {\r\n            font-size: 12px;\r\n            color: #607d8b;\r\n            margin: 10px 0px;\r\n            padding: 0px;\r\n            display: block;\r\n            text-decoration: none;\r\n                    }\r\n\r\n        .related-post .post-list .item .post_excerpt {\r\n            font-size: 13px;\r\n            color: #3f3f3f;\r\n            margin: 10px 0px;\r\n            padding: 0px;\r\n            display: block;\r\n            text-decoration: none;\r\n                    }\r\n\r\n        @media only screen and (min-width: 1024px) {\r\n            .related-post .post-list .item {\r\n                width: 22%;\r\n            }\r\n        }\r\n\r\n        @media only screen and (min-width: 768px) and (max-width: 1023px) {\r\n            .related-post .post-list .item {\r\n                width: 90%;\r\n            }\r\n        }\r\n\r\n        @media only screen and (min-width: 0px) and (max-width: 767px) {\r\n            .related-post .post-list .item {\r\n                width: 30%;\r\n            }\r\n        }\r\n\r\n            <\/style>\r\n        <\/div>\r\n","protected":false},"author":1,"featured_media":2356,"comment_status":"closed","ping_status":"open","sticky":false,"template":"","format":"standard","meta":{"content-type":""},"categories":[342],"tags":[378,401,384,346,533,403],"yoast_head":"<!-- This site is optimized with the Yoast SEO plugin v20.7 - https:\/\/yoast.com\/wordpress\/plugins\/seo\/ -->\n<title>Primera comuni\u00f3n tem\u00e1tica: claves para organizarla<\/title>\n<meta name=\"description\" content=\"Sorprende a tus invitados con una celebraci\u00f3n de la primera comuni\u00f3n \u00fanica. Nos encargamos del local, catering, mesas dulces, decoraci\u00f3n o animaci\u00f3n para tu fiesta. Organizamos tu comuni\u00f3n a la medida de tu presupuesto. \u00a1Contacta ahora para celebrar la comuni\u00f3n de tus hijos!\" \/>\n<meta name=\"robots\" content=\"index, follow, max-snippet:-1, max-image-preview:large, max-video-preview:-1\" \/>\n<meta property=\"og:locale\" content=\"es_ES\" \/>\n<meta property=\"og:type\" content=\"article\" \/>\n<meta property=\"og:title\" content=\"Primera comuni\u00f3n tem\u00e1tica: claves para organizarla\" \/>\n<meta property=\"og:description\" content=\"Sorprende a tus invitados con una celebraci\u00f3n de la primera comuni\u00f3n \u00fanica. Nos encargamos del local, catering, mesas dulces, decoraci\u00f3n o animaci\u00f3n para tu fiesta. Organizamos tu comuni\u00f3n a la medida de tu presupuesto. \u00a1Contacta ahora para celebrar la comuni\u00f3n de tus hijos!\" \/>\n<meta property=\"og:url\" content=\"https:\/\/www.evento.love\/blog\/organizar-una-primera-comunion-tematica\/\" \/>\n<meta property=\"og:site_name\" content=\"El Blog de evento.love\" \/>\n<meta property=\"article:publisher\" content=\"https:\/\/www.facebook.com\/Evento.love\/\" \/>\n<meta property=\"article:published_time\" content=\"2018-09-06T10:52:24+00:00\" \/>\n<meta property=\"article:modified_time\" content=\"2019-07-18T22:17:57+00:00\" \/>\n<meta property=\"og:image\" content=\"https:\/\/www.evento.love\/blog\/wp-content\/uploads\/2018\/09\/primera-comuni\u00f3n-tem\u00e1tica-cruz-angelitos-angel-mesa-dulce-Madrid-comuniones-flores-cupackes-1.png\" \/>\n\t<meta property=\"og:image:width\" content=\"847\" \/>\n\t<meta property=\"og:image:height\" content=\"470\" \/>\n\t<meta property=\"og:image:type\" content=\"image\/png\" \/>\n<meta name=\"author\" content=\"Evento Love\" \/>\n<meta name=\"twitter:card\" content=\"summary_large_image\" \/>\n<meta name=\"twitter:creator\" content=\"@Evento_love\" \/>\n<meta name=\"twitter:site\" content=\"@Evento_love\" \/>\n<meta name=\"twitter:label1\" content=\"Escrito por\" \/>\n\t<meta name=\"twitter:data1\" content=\"Evento Love\" \/>\n\t<meta name=\"twitter:label2\" content=\"Tiempo de lectura\" \/>\n\t<meta name=\"twitter:data2\" content=\"3 minutos\" \/>\n<!-- \/ Yoast SEO plugin. -->","yoast_head_json":{"title":"Primera comuni\u00f3n tem\u00e1tica: claves para organizarla","description":"Sorprende a tus invitados con una celebraci\u00f3n de la primera comuni\u00f3n \u00fanica. Nos encargamos del local, catering, mesas dulces, decoraci\u00f3n o animaci\u00f3n para tu fiesta. Organizamos tu comuni\u00f3n a la medida de tu presupuesto. \u00a1Contacta ahora para celebrar la comuni\u00f3n de tus hijos!","robots":{"index":"index","follow":"follow","max-snippet":"max-snippet:-1","max-image-preview":"max-image-preview:large","max-video-preview":"max-video-preview:-1"},"og_locale":"es_ES","og_type":"article","og_title":"Primera comuni\u00f3n tem\u00e1tica: claves para organizarla","og_description":"Sorprende a tus invitados con una celebraci\u00f3n de la primera comuni\u00f3n \u00fanica. Nos encargamos del local, catering, mesas dulces, decoraci\u00f3n o animaci\u00f3n para tu fiesta. Organizamos tu comuni\u00f3n a la medida de tu presupuesto. \u00a1Contacta ahora para celebrar la comuni\u00f3n de tus hijos!","og_url":"https:\/\/www.evento.love\/blog\/organizar-una-primera-comunion-tematica\/","og_site_name":"El Blog de evento.love","article_publisher":"https:\/\/www.facebook.com\/Evento.love\/","article_published_time":"2018-09-06T10:52:24+00:00","article_modified_time":"2019-07-18T22:17:57+00:00","og_image":[{"width":"847","height":"470","url":"https:\/\/www.evento.love\/blog\/wp-content\/uploads\/2018\/09\/primera-comuni\u00f3n-tem\u00e1tica-cruz-angelitos-angel-mesa-dulce-Madrid-comuniones-flores-cupackes-1.png","type":"image\/png"}],"author":"Evento Love","twitter_card":"summary_large_image","twitter_creator":"@Evento_love","twitter_site":"@Evento_love","twitter_misc":{"Escrito por":"Evento Love","Tiempo de lectura":"3 minutos"},"schema":{"@context":"https:\/\/schema.org","@graph":[{"@type":"Article","@id":"https:\/\/www.evento.love\/blog\/organizar-una-primera-comunion-tematica\/#article","isPartOf":{"@id":"https:\/\/www.evento.love\/blog\/organizar-una-primera-comunion-tematica\/"},"author":{"name":"Evento Love","@id":"https:\/\/www.evento.love\/blog\/#\/schema\/person\/a184c2ed424b7fb3006372ce8051542c"},"headline":"Claves para organizar una primera comuni\u00f3n tem\u00e1tica","datePublished":"2018-09-06T10:52:24+00:00","dateModified":"2019-07-18T22:17:57+00:00","mainEntityOfPage":{"@id":"https:\/\/www.evento.love\/blog\/organizar-una-primera-comunion-tematica\/"},"wordCount":594,"publisher":{"@id":"https:\/\/www.evento.love\/blog\/#organization"},"keywords":["celebrar comunion","comunion tematica","decoracion de comunion","fiesta tematica","organizar primera comunion","primeras comuniones en madrid"],"articleSection":["Comuniones"],"inLanguage":"es"},{"@type":"WebPage","@id":"https:\/\/www.evento.love\/blog\/organizar-una-primera-comunion-tematica\/","url":"https:\/\/www.evento.love\/blog\/organizar-una-primera-comunion-tematica\/","name":"Primera comuni\u00f3n tem\u00e1tica: claves para organizarla","isPartOf":{"@id":"https:\/\/www.evento.love\/blog\/#website"},"datePublished":"2018-09-06T10:52:24+00:00","dateModified":"2019-07-18T22:17:57+00:00","description":"Sorprende a tus invitados con una celebraci\u00f3n de la primera comuni\u00f3n \u00fanica. Nos encargamos del local, catering, mesas dulces, decoraci\u00f3n o animaci\u00f3n para tu fiesta. Organizamos tu comuni\u00f3n a la medida de tu presupuesto. \u00a1Contacta ahora para celebrar la comuni\u00f3n de tus hijos!","breadcrumb":{"@id":"https:\/\/www.evento.love\/blog\/organizar-una-primera-comunion-tematica\/#breadcrumb"},"inLanguage":"es","potentialAction":[{"@type":"ReadAction","target":["https:\/\/www.evento.love\/blog\/organizar-una-primera-comunion-tematica\/"]}]},{"@type":"BreadcrumbList","@id":"https:\/\/www.evento.love\/blog\/organizar-una-primera-comunion-tematica\/#breadcrumb","itemListElement":[{"@type":"ListItem","position":1,"name":"Evento.love","item":"https:\/\/www.evento.love\/blog\/"},{"@type":"ListItem","position":2,"name":"Comuniones","item":"https:\/\/www.evento.love\/blog\/category\/comuniones\/"},{"@type":"ListItem","position":3,"name":"Claves para organizar una primera comuni\u00f3n tem\u00e1tica"}]},{"@type":"WebSite","@id":"https:\/\/www.evento.love\/blog\/#website","url":"https:\/\/www.evento.love\/blog\/","name":"El Blog de evento.love","description":"T\u00fa lo mereces. Disfruta de tu momento","publisher":{"@id":"https:\/\/www.evento.love\/blog\/#organization"},"potentialAction":[{"@type":"SearchAction","target":{"@type":"EntryPoint","urlTemplate":"https:\/\/www.evento.love\/blog\/?s={search_term_string}"},"query-input":"required name=search_term_string"}],"inLanguage":"es"},{"@type":"Organization","@id":"https:\/\/www.evento.love\/blog\/#organization","name":"evento.love","url":"https:\/\/www.evento.love\/blog\/","logo":{"@type":"ImageObject","inLanguage":"es","@id":"https:\/\/www.evento.love\/blog\/#\/schema\/logo\/image\/","url":"https:\/\/www.evento.love\/blog\/wp-content\/uploads\/2016\/07\/logo-evento-love.png","contentUrl":"https:\/\/www.evento.love\/blog\/wp-content\/uploads\/2016\/07\/logo-evento-love.png","width":197,"height":59,"caption":"evento.love"},"image":{"@id":"https:\/\/www.evento.love\/blog\/#\/schema\/logo\/image\/"},"sameAs":["https:\/\/www.facebook.com\/Evento.love\/","https:\/\/twitter.com\/Evento_love","https:\/\/www.instagram.com\/evento.love\/","https:\/\/es.pinterest.com\/evento_love\/","https:\/\/www.youtube.com\/channel\/UCcVbo6ymzx-7FlDJja8aQnw"]},{"@type":"Person","@id":"https:\/\/www.evento.love\/blog\/#\/schema\/person\/a184c2ed424b7fb3006372ce8051542c","name":"Evento Love"}]}},"_links":{"self":[{"href":"https:\/\/www.evento.love\/blog\/wp-json\/wp\/v2\/posts\/1658"}],"collection":[{"href":"https:\/\/www.evento.love\/blog\/wp-json\/wp\/v2\/posts"}],"about":[{"href":"https:\/\/www.evento.love\/blog\/wp-json\/wp\/v2\/types\/post"}],"author":[{"embeddable":true,"href":"https:\/\/www.evento.love\/blog\/wp-json\/wp\/v2\/users\/1"}],"replies":[{"embeddable":true,"href":"https:\/\/www.evento.love\/blog\/wp-json\/wp\/v2\/comments?post=1658"}],"version-history":[{"count":4,"href":"https:\/\/www.evento.love\/blog\/wp-json\/wp\/v2\/posts\/1658\/revisions"}],"predecessor-version":[{"id":4990,"href":"https:\/\/www.evento.love\/blog\/wp-json\/wp\/v2\/posts\/1658\/revisions\/4990"}],"wp:featuredmedia":[{"embeddable":true,"href":"https:\/\/www.evento.love\/blog\/wp-json\/wp\/v2\/media\/2356"}],"wp:attachment":[{"href":"https:\/\/www.evento.love\/blog\/wp-json\/wp\/v2\/media?parent=1658"}],"wp:term":[{"taxonomy":"category","embeddable":true,"href":"https:\/\/www.evento.love\/blog\/wp-json\/wp\/v2\/categories?post=1658"},{"taxonomy":"post_tag","embeddable":true,"href":"https:\/\/www.evento.love\/blog\/wp-json\/wp\/v2\/tags?post=1658"}],"curies":[{"name":"wp","href":"https:\/\/api.w.org\/{rel}","templated":true}]}}