{"id":1715,"date":"2018-04-17T21:00:02","date_gmt":"2018-04-17T19:00:02","guid":{"rendered":"https:\/\/www.evento.love\/blog\/?p=1715"},"modified":"2019-07-19T00:18:01","modified_gmt":"2019-07-18T22:18:01","slug":"nos-vamos-a-la-madrid-bridal-week","status":"publish","type":"post","link":"https:\/\/www.evento.love\/blog\/nos-vamos-a-la-madrid-bridal-week\/","title":{"rendered":"\u00a1Nos vamos a la Madrid Bridal Week!"},"content":{"rendered":"<p>Esta semana se est\u00e1 celebrando la quinta edici\u00f3n de Madrid Bridal Week &#8211;<a href=\"https:\/\/www.facebook.com\/MadridBridal\/\" target=\"_blank\" rel=\"noopener noreferrer\"> Pasarela Costura Espa\u00f1a.<\/a>\u00a0Se trata de un evento internacional de presentaci\u00f3n de desfiles de moda nupcial, costura, fiesta y ceremonia, y no queremos perder la ocasi\u00f3n para ponernos al d\u00eda y conocer las \u00faltimas tendencias.<!--more--><\/p>\n<h2>\u00bfQu\u00e9 nos vamos a encontrar en Madrid Bridal Week?<\/h2>\n<p>El Palacio de Cibeles acoge hasta el jueves 19 la quinta edici\u00f3n de este evento, cuyo objetivo es fomentar y promover que los dise\u00f1adores trabajen en su pa\u00eds de origen, contribuyendo as\u00ed al tejido laboral de su pa\u00eds. En la pasada edici\u00f3n de 2017, un total de 36 dise\u00f1adores presentaron m\u00e1s de 500 propuestas de dise\u00f1o de autor, convirti\u00e9ndose en un \u00e9xito con m\u00e1s de 250 profesionales acreditados.<\/p>\n<p>En Evento.love <strong>sabemos lo importante que es la etiqueta para cualquier tipo de ceremonia, <\/strong>motivo por el cual asistiremos a varios desfiles de la jornada de ma\u00f1ana mi\u00e9rcoles 18. Queremos empaparnos de las \u00faltimas tendencias y as\u00ed poder aportar ideas frescas a nuestros eventos. \u00a1Y eso no es todo! Estad atentos a nuestras redes sociales, por qu\u00e9 os contaremos nuestras impresiones y haremos un repaso de aquellos detalles que m\u00e1s nos hayan gustado de Madrid Bridal Week.<\/p>\n<h3>Resumen de \u00faltimas ediciones de Madrid Bridal Week<\/h3>\n<p>Pod\u00e9is ver lo que dio de s\u00ed la edici\u00f3n del a\u00f1o pasado pinchando en este <a href=\"https:\/\/www.facebook.com\/100022334509144\/videos\/188002128620936\/\" target=\"_blank\" rel=\"noopener noreferrer\">enlace de Facebook<\/a>, y en este v\u00eddeo el de la edici\u00f3n de 2016, \u00bfresulta inspirador, verdad?<br \/>\n<iframe loading=\"lazy\" src=\"https:\/\/www.youtube.com\/embed\/2DvwmW-XHkU?rel=0\" width=\"560\" height=\"315\" frameborder=\"0\" allowfullscreen=\"allowfullscreen\"><\/iframe><\/p>\n<h3>La forma de vestir es muy importante en una ceremonia<\/h3>\n<p>Un vestido es mucho m\u00e1s que una prenda para protegerse del fr\u00edo, ya que <strong>nuestra forma de vestir pone de manifiesto nuestra individualidad<\/strong> y denota un determinado <em>status<\/em>. Si en el d\u00eda a d\u00eda ya tiene peso en nuestras relaciones sociales, <strong>en una boda o una fiesta de noche<\/strong>, la elecci\u00f3n del modelo que vamos a vestir adquiere una importancia que no se puede menospreciar. Por ejemplo, si hablamos de una boda, el <a href=\"https:\/\/www.evento.love\/blog\/funciones-dama-honor-boda\/\" target=\"_blank\" rel=\"noopener noreferrer\">vestido de la novia<\/a> es uno de los ejes en torno al cual gira toda la atenci\u00f3n, y ocurre lo mismo si acudimos como invitadas a una fiesta de compromiso, nuestra elecci\u00f3n de atuendo y complementos marcar\u00e1 nuestra impronta entre los asistentes.<\/p>\n<p><strong>En Evento.love nos encargamos de todo el d\u00eda de tu boda<\/strong>, y por supuesto, tambi\u00e9n te ayudamos con la etiqueta para tu ceremonia. \u00bfQuieres hacer de tu boda un evento inolvidable? <a href=\"http:\/\/evento.love\/#contacto\" target=\"_blank\" rel=\"noopener noreferrer\">Cont\u00e1ctanos <\/a>y te contaremos c\u00f3mo trabajamos para hacerlo posible.<\/p>\n    <div class=\"related-post grid\">\r\n                <div class=\"headline\">M\u00e1s art\u00edculos a tener en cuenta<\/div>\r\n        <div class=\"post-list \">\r\n\r\n                        <div class=\"item\">\r\n                        <div class=\"thumb post_thumb\">\r\n        <a  title=\"Baby Shower, mucho m\u00e1s que un evento social\" href=\"https:\/\/www.evento.love\/blog\/baby-shower-evento-social-madrid\/\">\r\n\r\n            <img width=\"150\" height=\"150\" src=\"https:\/\/www.evento.love\/blog\/wp-content\/uploads\/2016\/07\/babyshower-150x150.jpg\" class=\"attachment-thumbnail size-thumbnail wp-post-image\" alt=\"baby shower-fiesta-beb\u00e9-embarazo-embarazada\" decoding=\"async\" loading=\"lazy\" \/>\r\n\r\n        <\/a>\r\n    <\/div>\r\n\r\n    <a class=\"title post_title\"  title=\"Baby Shower, mucho m\u00e1s que un evento social\" href=\"https:\/\/www.evento.love\/blog\/baby-shower-evento-social-madrid\/\">\r\n                Baby Shower, mucho m\u00e1s que un evento social    <\/a>\r\n\r\n                <\/div>\r\n                            <div class=\"item\">\r\n                        <div class=\"thumb post_thumb\">\r\n        <a  title=\"12 consejos para un Baby Shower perfecto\" href=\"https:\/\/www.evento.love\/blog\/12-consejos-baby-shower-perfecto-madrid\/\">\r\n\r\n            <img width=\"150\" height=\"150\" src=\"https:\/\/www.evento.love\/blog\/wp-content\/uploads\/2016\/09\/16_05_20_12_consejos-para-que-tu-Baby-Shower-sea-perfecto-150x150.jpg\" class=\"attachment-thumbnail size-thumbnail wp-post-image\" alt=\"Baby Shower-perfecto-beb\u00e9-embarazado-embarazada-fiesta-babyshower\" decoding=\"async\" loading=\"lazy\" \/>\r\n\r\n        <\/a>\r\n    <\/div>\r\n\r\n    <a class=\"title post_title\"  title=\"12 consejos para un Baby Shower perfecto\" href=\"https:\/\/www.evento.love\/blog\/12-consejos-baby-shower-perfecto-madrid\/\">\r\n                12 consejos para un Baby Shower perfecto    <\/a>\r\n\r\n                <\/div>\r\n                            <div class=\"item\">\r\n                        <div class=\"thumb post_thumb\">\r\n        <a  title=\"Cu\u00e1ndo hacer el Baby Shower\" href=\"https:\/\/www.evento.love\/blog\/cuando-hacer-el-baby-shower-madrid\/\">\r\n\r\n            <img width=\"150\" height=\"150\" src=\"https:\/\/www.evento.love\/blog\/wp-content\/uploads\/2016\/09\/16_05_23_Cuando-hacer-el-Baby-Shower-150x150.jpg\" class=\"attachment-thumbnail size-thumbnail wp-post-image\" alt=\"Cu\u00e1ndo hacer el baby shower beb\u00e9 embarazo fiesta en Madrid\" decoding=\"async\" loading=\"lazy\" \/>\r\n\r\n        <\/a>\r\n    <\/div>\r\n\r\n    <a class=\"title post_title\"  title=\"Cu\u00e1ndo hacer el Baby Shower\" href=\"https:\/\/www.evento.love\/blog\/cuando-hacer-el-baby-shower-madrid\/\">\r\n                Cu\u00e1ndo hacer el Baby Shower    <\/a>\r\n\r\n                <\/div>\r\n                            <div class=\"item\">\r\n                        <div class=\"thumb post_thumb\">\r\n        <a  title=\"\u00bfQui\u00e9n debe organizar el Baby Shower?\" href=\"https:\/\/www.evento.love\/blog\/quien-organizar-baby-shower-madrid\/\">\r\n\r\n            <img width=\"150\" height=\"150\" src=\"https:\/\/www.evento.love\/blog\/wp-content\/uploads\/2016\/09\/16_05_29_Qui\u00e9n-organiza-el-Baby-Shower-150x150.jpg\" class=\"attachment-thumbnail size-thumbnail wp-post-image\" alt=\"Organizaci\u00f3n Baby Shower Madrid fiesta beb\u00e9 embarazada\" decoding=\"async\" loading=\"lazy\" \/>\r\n\r\n        <\/a>\r\n    <\/div>\r\n\r\n    <a class=\"title post_title\"  title=\"\u00bfQui\u00e9n debe organizar el Baby Shower?\" href=\"https:\/\/www.evento.love\/blog\/quien-organizar-baby-shower-madrid\/\">\r\n                \u00bfQui\u00e9n debe organizar el Baby Shower?    <\/a>\r\n\r\n                <\/div>\r\n            \r\n    <\/div>\r\n\r\n    <script>\r\n            <\/script>\r\n    <style>\r\n        .related-post {}\r\n\r\n        .related-post .post-list {\r\n            text-align: left;\r\n                    }\r\n\r\n        .related-post .post-list .item {\r\n            margin: 5px 10px;\r\n            padding: 0px;\r\n                    }\r\n\r\n        .related-post .headline {\r\n            font-size: 24px !important;\r\n            color: #000000 !important;\r\n                    }\r\n\r\n        .related-post .headline{\r\nfont-weight:400 !important;\r\ntext-transform: uppercase;\r\n}.related-post .post-list .item .post_thumb {\r\n            max-height: 180px;\r\n            margin: 10px 0px;\r\n            padding: 0px;\r\n            display: block;\r\n                    }\r\n\r\n        .related-post .post-list .item .post_title {\r\n            font-size: 12px;\r\n            color: #607d8b;\r\n            margin: 10px 0px;\r\n            padding: 0px;\r\n            display: block;\r\n            text-decoration: none;\r\n                    }\r\n\r\n        .related-post .post-list .item .post_excerpt {\r\n            font-size: 13px;\r\n            color: #3f3f3f;\r\n            margin: 10px 0px;\r\n            padding: 0px;\r\n            display: block;\r\n            text-decoration: none;\r\n                    }\r\n\r\n        @media only screen and (min-width: 1024px) {\r\n            .related-post .post-list .item {\r\n                width: 22%;\r\n            }\r\n        }\r\n\r\n        @media only screen and (min-width: 768px) and (max-width: 1023px) {\r\n            .related-post .post-list .item {\r\n                width: 90%;\r\n            }\r\n        }\r\n\r\n        @media only screen and (min-width: 0px) and (max-width: 767px) {\r\n            .related-post .post-list .item {\r\n                width: 30%;\r\n            }\r\n        }\r\n\r\n            <\/style>\r\n        <\/div>\r\n<!-- AddThis Advanced Settings generic via filter on the_content --><!-- AddThis Share Buttons generic via filter on the_content -->","protected":false},"excerpt":{"rendered":"<p>Esta semana se est\u00e1 celebrando la quinta edici\u00f3n de Madrid Bridal Week &#8211; Pasarela Costura Espa\u00f1a.\u00a0Se trata de un evento internacional de presentaci\u00f3n de desfiles de moda nupcial, costura, fiesta y ceremonia, y no queremos perder la ocasi\u00f3n para ponernos al d\u00eda y conocer las \u00faltimas tendencias. M\u00e1s art\u00edculos a tener en cuenta Baby Shower, mucho m\u00e1s que un evento social 12 consejos para un Baby Shower perfecto Cu\u00e1ndo hacer el Baby Shower \u00bfQui\u00e9n debe organizar el Baby Shower?<!-- AddThis Advanced Settings generic via filter on get_the_excerpt --><!-- AddThis Share Buttons generic via filter on get_the_excerpt --><\/p>\n    <div class=\"related-post grid\">\r\n                <div class=\"headline\">M\u00e1s art\u00edculos a tener en cuenta<\/div>\r\n        <div class=\"post-list \">\r\n\r\n                        <div class=\"item\">\r\n                        <div class=\"thumb post_thumb\">\r\n        <a  title=\"Baby Shower, mucho m\u00e1s que un evento social\" href=\"https:\/\/www.evento.love\/blog\/baby-shower-evento-social-madrid\/\">\r\n\r\n            <img width=\"150\" height=\"150\" src=\"https:\/\/www.evento.love\/blog\/wp-content\/uploads\/2016\/07\/babyshower-150x150.jpg\" class=\"attachment-thumbnail size-thumbnail wp-post-image\" alt=\"baby shower-fiesta-beb\u00e9-embarazo-embarazada\" decoding=\"async\" loading=\"lazy\" \/>\r\n\r\n        <\/a>\r\n    <\/div>\r\n\r\n    <a class=\"title post_title\"  title=\"Baby Shower, mucho m\u00e1s que un evento social\" href=\"https:\/\/www.evento.love\/blog\/baby-shower-evento-social-madrid\/\">\r\n                Baby Shower, mucho m\u00e1s que un evento social    <\/a>\r\n\r\n                <\/div>\r\n                            <div class=\"item\">\r\n                        <div class=\"thumb post_thumb\">\r\n        <a  title=\"12 consejos para un Baby Shower perfecto\" href=\"https:\/\/www.evento.love\/blog\/12-consejos-baby-shower-perfecto-madrid\/\">\r\n\r\n            <img width=\"150\" height=\"150\" src=\"https:\/\/www.evento.love\/blog\/wp-content\/uploads\/2016\/09\/16_05_20_12_consejos-para-que-tu-Baby-Shower-sea-perfecto-150x150.jpg\" class=\"attachment-thumbnail size-thumbnail wp-post-image\" alt=\"Baby Shower-perfecto-beb\u00e9-embarazado-embarazada-fiesta-babyshower\" decoding=\"async\" loading=\"lazy\" \/>\r\n\r\n        <\/a>\r\n    <\/div>\r\n\r\n    <a class=\"title post_title\"  title=\"12 consejos para un Baby Shower perfecto\" href=\"https:\/\/www.evento.love\/blog\/12-consejos-baby-shower-perfecto-madrid\/\">\r\n                12 consejos para un Baby Shower perfecto    <\/a>\r\n\r\n                <\/div>\r\n                            <div class=\"item\">\r\n                        <div class=\"thumb post_thumb\">\r\n        <a  title=\"Cu\u00e1ndo hacer el Baby Shower\" href=\"https:\/\/www.evento.love\/blog\/cuando-hacer-el-baby-shower-madrid\/\">\r\n\r\n            <img width=\"150\" height=\"150\" src=\"https:\/\/www.evento.love\/blog\/wp-content\/uploads\/2016\/09\/16_05_23_Cuando-hacer-el-Baby-Shower-150x150.jpg\" class=\"attachment-thumbnail size-thumbnail wp-post-image\" alt=\"Cu\u00e1ndo hacer el baby shower beb\u00e9 embarazo fiesta en Madrid\" decoding=\"async\" loading=\"lazy\" \/>\r\n\r\n        <\/a>\r\n    <\/div>\r\n\r\n    <a class=\"title post_title\"  title=\"Cu\u00e1ndo hacer el Baby Shower\" href=\"https:\/\/www.evento.love\/blog\/cuando-hacer-el-baby-shower-madrid\/\">\r\n                Cu\u00e1ndo hacer el Baby Shower    <\/a>\r\n\r\n                <\/div>\r\n                            <div class=\"item\">\r\n                        <div class=\"thumb post_thumb\">\r\n        <a  title=\"Baby Shower: Elaborando la lista de invitados\" href=\"https:\/\/www.evento.love\/blog\/baby-shower-lista-invitados-madrid\/\">\r\n\r\n            <img width=\"150\" height=\"150\" src=\"https:\/\/www.evento.love\/blog\/wp-content\/uploads\/2016\/09\/16_05_30_Baby-Shower-elaborando-la-lista-de-invitados-150x150.jpg\" class=\"attachment-thumbnail size-thumbnail wp-post-image\" alt=\"\" decoding=\"async\" loading=\"lazy\" \/>\r\n\r\n        <\/a>\r\n    <\/div>\r\n\r\n    <a class=\"title post_title\"  title=\"Baby Shower: Elaborando la lista de invitados\" href=\"https:\/\/www.evento.love\/blog\/baby-shower-lista-invitados-madrid\/\">\r\n                Baby Shower: Elaborando la lista de invitados    <\/a>\r\n\r\n                <\/div>\r\n            \r\n    <\/div>\r\n\r\n    <script>\r\n            <\/script>\r\n    <style>\r\n        .related-post {}\r\n\r\n        .related-post .post-list {\r\n            text-align: left;\r\n                    }\r\n\r\n        .related-post .post-list .item {\r\n            margin: 5px 10px;\r\n            padding: 0px;\r\n                    }\r\n\r\n        .related-post .headline {\r\n            font-size: 24px !important;\r\n            color: #000000 !important;\r\n                    }\r\n\r\n        .related-post .headline{\r\nfont-weight:400 !important;\r\ntext-transform: uppercase;\r\n}.related-post .post-list .item .post_thumb {\r\n            max-height: 180px;\r\n            margin: 10px 0px;\r\n            padding: 0px;\r\n            display: block;\r\n                    }\r\n\r\n        .related-post .post-list .item .post_title {\r\n            font-size: 12px;\r\n            color: #607d8b;\r\n            margin: 10px 0px;\r\n            padding: 0px;\r\n            display: block;\r\n            text-decoration: none;\r\n                    }\r\n\r\n        .related-post .post-list .item .post_excerpt {\r\n            font-size: 13px;\r\n            color: #3f3f3f;\r\n            margin: 10px 0px;\r\n            padding: 0px;\r\n            display: block;\r\n            text-decoration: none;\r\n                    }\r\n\r\n        @media only screen and (min-width: 1024px) {\r\n            .related-post .post-list .item {\r\n                width: 22%;\r\n            }\r\n        }\r\n\r\n        @media only screen and (min-width: 768px) and (max-width: 1023px) {\r\n            .related-post .post-list .item {\r\n                width: 90%;\r\n            }\r\n        }\r\n\r\n        @media only screen and (min-width: 0px) and (max-width: 767px) {\r\n            .related-post .post-list .item {\r\n                width: 30%;\r\n            }\r\n        }\r\n\r\n            <\/style>\r\n        <\/div>\r\n","protected":false},"author":1,"featured_media":1713,"comment_status":"closed","ping_status":"open","sticky":false,"template":"","format":"standard","meta":{"content-type":""},"categories":[756,138],"tags":[],"yoast_head":"<!-- This site is optimized with the Yoast SEO plugin v20.7 - https:\/\/yoast.com\/wordpress\/plugins\/seo\/ -->\n<title>Madrid Bridal Week Evento.love asistir\u00e1 a varios desfiles<\/title>\n<meta name=\"description\" content=\"Organizamos la boda de tus sue\u00f1os. Celebra tu boda a lo grande, Evento.love se ocupa de todos los detalles: la finca, el catering, las invitaciones, la decoraci\u00f3n, la m\u00fasica\u2026\u00a1Simplemente elige tu plan o cont\u00e1ctanos para hacer de tu boda el d\u00eda m\u00e1s especial!\" \/>\n<meta name=\"robots\" content=\"index, follow, max-snippet:-1, max-image-preview:large, max-video-preview:-1\" \/>\n<meta property=\"og:locale\" content=\"es_ES\" \/>\n<meta property=\"og:type\" content=\"article\" \/>\n<meta property=\"og:title\" content=\"Madrid Bridal Week Evento.love asistir\u00e1 a varios desfiles\" \/>\n<meta property=\"og:description\" content=\"Organizamos la boda de tus sue\u00f1os. Celebra tu boda a lo grande, Evento.love se ocupa de todos los detalles: la finca, el catering, las invitaciones, la decoraci\u00f3n, la m\u00fasica\u2026\u00a1Simplemente elige tu plan o cont\u00e1ctanos para hacer de tu boda el d\u00eda m\u00e1s especial!\" \/>\n<meta property=\"og:url\" content=\"https:\/\/www.evento.love\/blog\/nos-vamos-a-la-madrid-bridal-week\/\" \/>\n<meta property=\"og:site_name\" content=\"El Blog de evento.love\" \/>\n<meta property=\"article:publisher\" content=\"https:\/\/www.facebook.com\/Evento.love\/\" \/>\n<meta property=\"article:published_time\" content=\"2018-04-17T19:00:02+00:00\" \/>\n<meta property=\"article:modified_time\" content=\"2019-07-18T22:18:01+00:00\" \/>\n<meta property=\"og:image\" content=\"https:\/\/www.evento.love\/blog\/wp-content\/uploads\/2018\/04\/Madrid_Bridal_Week_2018.jpg\" \/>\n\t<meta property=\"og:image:width\" content=\"847\" \/>\n\t<meta property=\"og:image:height\" content=\"470\" \/>\n\t<meta property=\"og:image:type\" content=\"image\/jpeg\" \/>\n<meta name=\"author\" content=\"Evento Love\" \/>\n<meta name=\"twitter:card\" content=\"summary_large_image\" \/>\n<meta name=\"twitter:creator\" content=\"@Evento_love\" \/>\n<meta name=\"twitter:site\" content=\"@Evento_love\" \/>\n<meta name=\"twitter:label1\" content=\"Escrito por\" \/>\n\t<meta name=\"twitter:data1\" content=\"Evento Love\" \/>\n\t<meta name=\"twitter:label2\" content=\"Tiempo de lectura\" \/>\n\t<meta name=\"twitter:data2\" content=\"2 minutos\" \/>\n<!-- \/ Yoast SEO plugin. -->","yoast_head_json":{"title":"Madrid Bridal Week Evento.love asistir\u00e1 a varios desfiles","description":"Organizamos la boda de tus sue\u00f1os. Celebra tu boda a lo grande, Evento.love se ocupa de todos los detalles: la finca, el catering, las invitaciones, la decoraci\u00f3n, la m\u00fasica\u2026\u00a1Simplemente elige tu plan o cont\u00e1ctanos para hacer de tu boda el d\u00eda m\u00e1s especial!","robots":{"index":"index","follow":"follow","max-snippet":"max-snippet:-1","max-image-preview":"max-image-preview:large","max-video-preview":"max-video-preview:-1"},"og_locale":"es_ES","og_type":"article","og_title":"Madrid Bridal Week Evento.love asistir\u00e1 a varios desfiles","og_description":"Organizamos la boda de tus sue\u00f1os. Celebra tu boda a lo grande, Evento.love se ocupa de todos los detalles: la finca, el catering, las invitaciones, la decoraci\u00f3n, la m\u00fasica\u2026\u00a1Simplemente elige tu plan o cont\u00e1ctanos para hacer de tu boda el d\u00eda m\u00e1s especial!","og_url":"https:\/\/www.evento.love\/blog\/nos-vamos-a-la-madrid-bridal-week\/","og_site_name":"El Blog de evento.love","article_publisher":"https:\/\/www.facebook.com\/Evento.love\/","article_published_time":"2018-04-17T19:00:02+00:00","article_modified_time":"2019-07-18T22:18:01+00:00","og_image":[{"width":"847","height":"470","url":"https:\/\/www.evento.love\/blog\/wp-content\/uploads\/2018\/04\/Madrid_Bridal_Week_2018.jpg","type":"image\/jpeg"}],"author":"Evento Love","twitter_card":"summary_large_image","twitter_creator":"@Evento_love","twitter_site":"@Evento_love","twitter_misc":{"Escrito por":"Evento Love","Tiempo de lectura":"2 minutos"},"schema":{"@context":"https:\/\/schema.org","@graph":[{"@type":"Article","@id":"https:\/\/www.evento.love\/blog\/nos-vamos-a-la-madrid-bridal-week\/#article","isPartOf":{"@id":"https:\/\/www.evento.love\/blog\/nos-vamos-a-la-madrid-bridal-week\/"},"author":{"name":"Evento Love","@id":"https:\/\/www.evento.love\/blog\/#\/schema\/person\/a184c2ed424b7fb3006372ce8051542c"},"headline":"\u00a1Nos vamos a la Madrid Bridal Week!","datePublished":"2018-04-17T19:00:02+00:00","dateModified":"2019-07-18T22:18:01+00:00","mainEntityOfPage":{"@id":"https:\/\/www.evento.love\/blog\/nos-vamos-a-la-madrid-bridal-week\/"},"wordCount":442,"publisher":{"@id":"https:\/\/www.evento.love\/blog\/#organization"},"articleSection":["Bodas","Evento.love"],"inLanguage":"es"},{"@type":"WebPage","@id":"https:\/\/www.evento.love\/blog\/nos-vamos-a-la-madrid-bridal-week\/","url":"https:\/\/www.evento.love\/blog\/nos-vamos-a-la-madrid-bridal-week\/","name":"Madrid Bridal Week Evento.love asistir\u00e1 a varios desfiles","isPartOf":{"@id":"https:\/\/www.evento.love\/blog\/#website"},"datePublished":"2018-04-17T19:00:02+00:00","dateModified":"2019-07-18T22:18:01+00:00","description":"Organizamos la boda de tus sue\u00f1os. Celebra tu boda a lo grande, Evento.love se ocupa de todos los detalles: la finca, el catering, las invitaciones, la decoraci\u00f3n, la m\u00fasica\u2026\u00a1Simplemente elige tu plan o cont\u00e1ctanos para hacer de tu boda el d\u00eda m\u00e1s especial!","breadcrumb":{"@id":"https:\/\/www.evento.love\/blog\/nos-vamos-a-la-madrid-bridal-week\/#breadcrumb"},"inLanguage":"es","potentialAction":[{"@type":"ReadAction","target":["https:\/\/www.evento.love\/blog\/nos-vamos-a-la-madrid-bridal-week\/"]}]},{"@type":"BreadcrumbList","@id":"https:\/\/www.evento.love\/blog\/nos-vamos-a-la-madrid-bridal-week\/#breadcrumb","itemListElement":[{"@type":"ListItem","position":1,"name":"Evento.love","item":"https:\/\/www.evento.love\/blog\/"},{"@type":"ListItem","position":2,"name":"Bodas","item":"https:\/\/www.evento.love\/blog\/category\/bodas\/"},{"@type":"ListItem","position":3,"name":"\u00a1Nos vamos a la Madrid Bridal Week!"}]},{"@type":"WebSite","@id":"https:\/\/www.evento.love\/blog\/#website","url":"https:\/\/www.evento.love\/blog\/","name":"El Blog de evento.love","description":"T\u00fa lo mereces. Disfruta de tu momento","publisher":{"@id":"https:\/\/www.evento.love\/blog\/#organization"},"potentialAction":[{"@type":"SearchAction","target":{"@type":"EntryPoint","urlTemplate":"https:\/\/www.evento.love\/blog\/?s={search_term_string}"},"query-input":"required name=search_term_string"}],"inLanguage":"es"},{"@type":"Organization","@id":"https:\/\/www.evento.love\/blog\/#organization","name":"evento.love","url":"https:\/\/www.evento.love\/blog\/","logo":{"@type":"ImageObject","inLanguage":"es","@id":"https:\/\/www.evento.love\/blog\/#\/schema\/logo\/image\/","url":"https:\/\/www.evento.love\/blog\/wp-content\/uploads\/2016\/07\/logo-evento-love.png","contentUrl":"https:\/\/www.evento.love\/blog\/wp-content\/uploads\/2016\/07\/logo-evento-love.png","width":197,"height":59,"caption":"evento.love"},"image":{"@id":"https:\/\/www.evento.love\/blog\/#\/schema\/logo\/image\/"},"sameAs":["https:\/\/www.facebook.com\/Evento.love\/","https:\/\/twitter.com\/Evento_love","https:\/\/www.instagram.com\/evento.love\/","https:\/\/es.pinterest.com\/evento_love\/","https:\/\/www.youtube.com\/channel\/UCcVbo6ymzx-7FlDJja8aQnw"]},{"@type":"Person","@id":"https:\/\/www.evento.love\/blog\/#\/schema\/person\/a184c2ed424b7fb3006372ce8051542c","name":"Evento Love"}]}},"_links":{"self":[{"href":"https:\/\/www.evento.love\/blog\/wp-json\/wp\/v2\/posts\/1715"}],"collection":[{"href":"https:\/\/www.evento.love\/blog\/wp-json\/wp\/v2\/posts"}],"about":[{"href":"https:\/\/www.evento.love\/blog\/wp-json\/wp\/v2\/types\/post"}],"author":[{"embeddable":true,"href":"https:\/\/www.evento.love\/blog\/wp-json\/wp\/v2\/users\/1"}],"replies":[{"embeddable":true,"href":"https:\/\/www.evento.love\/blog\/wp-json\/wp\/v2\/comments?post=1715"}],"version-history":[{"count":6,"href":"https:\/\/www.evento.love\/blog\/wp-json\/wp\/v2\/posts\/1715\/revisions"}],"predecessor-version":[{"id":5031,"href":"https:\/\/www.evento.love\/blog\/wp-json\/wp\/v2\/posts\/1715\/revisions\/5031"}],"wp:featuredmedia":[{"embeddable":true,"href":"https:\/\/www.evento.love\/blog\/wp-json\/wp\/v2\/media\/1713"}],"wp:attachment":[{"href":"https:\/\/www.evento.love\/blog\/wp-json\/wp\/v2\/media?parent=1715"}],"wp:term":[{"taxonomy":"category","embeddable":true,"href":"https:\/\/www.evento.love\/blog\/wp-json\/wp\/v2\/categories?post=1715"},{"taxonomy":"post_tag","embeddable":true,"href":"https:\/\/www.evento.love\/blog\/wp-json\/wp\/v2\/tags?post=1715"}],"curies":[{"name":"wp","href":"https:\/\/api.w.org\/{rel}","templated":true}]}}