{"id":2000,"date":"2018-05-31T10:00:25","date_gmt":"2018-05-31T08:00:25","guid":{"rendered":"https:\/\/www.evento.love\/blog\/?p=2000"},"modified":"2019-09-26T12:26:49","modified_gmt":"2019-09-26T10:26:49","slug":"primera-comunion-al-aire-libre-antia-madrid","status":"publish","type":"post","link":"https:\/\/www.evento.love\/blog\/primera-comunion-al-aire-libre-antia-madrid\/","title":{"rendered":"La preciosa primera comuni\u00f3n al aire libre de Ant\u00eda"},"content":{"rendered":"<p>Una primera comuni\u00f3n al aire libre es lo que hab\u00eda pensado Sandra para su hija Ant\u00eda. En noviembre de 2017 nos contact\u00f3 feliz porque su peque\u00f1a har\u00eda en mayo su primera comuni\u00f3n y quer\u00eda una fiesta inolvidable. Sin duda le ayudamos a conseguirlo. \u00a1Os lo contamos!<!--more--><\/p>\n<h2>Celebrar una primera comuni\u00f3n al aire libre<\/h2>\n<p>Cuando en noviembre del 2017 Sandra nos contact\u00f3, estaba \u201cfeliz, no, felic\u00edsima\u201d Su ni\u00f1a har\u00eda la primera comuni\u00f3n en mayo del a\u00f1o siguiente y eso la llenaba de una ilusi\u00f3n y una alegr\u00eda tan contagiosa, que creo que desde ese mismo d\u00eda comenzamos a so\u00f1ar y decorar ese precioso momento.<\/p>\n<p>Luego, cuando a los pocos d\u00edas nos conocimos, definitivamente nos enamoramos de ella, de su ni\u00f1a Ant\u00eda, de su hijo Adri\u00e1n, porque todos estaban all\u00ed, en el c\u00e1lido sal\u00f3n dispuestos a <a href=\"https:\/\/www.evento.love\/blog\/category\/decoracion\/\" target=\"_blank\" rel=\"noopener noreferrer\">imaginar y dise\u00f1ar los rincones y detalles<\/a>. Una preciosa familia.<\/p>\n<p>Fueron meses intensos, de intercambios de correos, de whatsapp&#8230; La idea de base siempre estuvo clara. Quer\u00edan para la primera comuni\u00f3n una decoraci\u00f3n dulce y femenina, sin caer en l\u00edneas infantiles, ya que Ant\u00eda es ya toda una se\u00f1orita.<\/p>\n<p>Pero el tiempo nos mantuvo en vilo hasta el \u00faltimo momento. El d\u00eda de la comuni\u00f3n amaneci\u00f3 nublado y durante toda la ma\u00f1ana amenaz\u00f3 de lluvia. All\u00ed estuvimos decorando, pendientes del cielo y las nubes. Y como ten\u00eda que ser, al final la tarde result\u00f3 preciosa, el sol luci\u00f3 y toda la decoraci\u00f3n qued\u00f3 completada seg\u00fan lo planeado. Cuando finaliz\u00f3 la celebraci\u00f3n, Sandra nos abraz\u00f3 con su ternura habitual y nos dijo feliz: &#8220;Todo ha estado precioso, de 10 no, \u00a1de 20!&#8221;. Hasta la fot\u00f3grafa nos dijo que hab\u00eda visto pocos eventos con una decoraci\u00f3n tan bonita y elegante como esta. \u00a1Quer\u00eda hasta comprar el atrezzo del photocall!<\/p>\n<h2>La finca<\/h2>\n<p>Como quer\u00edan una primera comuni\u00f3n al aire libre, se eligi\u00f3 para la celebraci\u00f3n el Club Alameda de Osuna. Un espacio muy bonito al aire libre, entre \u00e1rboles y al lado de la piscina. Cuando lo conocimos dijimos: \u00a1Ideal, en mayo la decoraci\u00f3n que estamos dise\u00f1ando quedar\u00e1 preciosa!<\/p>\n<p>Al tratarse de una primera comuni\u00f3n al aire libre, la finca nos dio mucho juego. As\u00ed, pudimos decorar los \u00e1rboles por los que se accede a la zona del cocktail, indicando a los invitados que ese era el camino por el que deb\u00edan seguir para llegar a la fiesta. Una pared cubierta de hiedra decidimos ser\u00eda el lugar en el que montar\u00edamos el <em>photocall<\/em>, siguiendo la tem\u00e1tica y los elementos elegidos para decorar las mesas: flores, pompones y nidos de abeja. Y tambi\u00e9n adornar\u00edamos con cintas el amplio techo de la zona de las mesas decoradas, para que todo tuviera el mismo aire de fiesta.<\/p>\n<h2>La decoraci\u00f3n<\/h2>\n<p>&#8220;Campestre pero suave, rom\u00e1ntico pero alegre&#8221;, dijo Sandra. \u00bfQu\u00e9 detalles podemos incluir para una primera comuni\u00f3n al aire libre? Pensamos en estampados de florecillas peque\u00f1as, de topitos, de cuadritos vichy, o relacionados con la reposter\u00eda. Mariposas y corazones, flores en jarrones, en jaulas de p\u00e1jaros, cajas de madera, cubos y regaderas decoradas.\u00a0Pompones de papel de seda, abanicos, bolas de nido de abeja.<\/p>\n<figure id=\"attachment_2007\" aria-describedby=\"caption-attachment-2007\" style=\"width: 847px\" class=\"wp-caption aligncenter\"><img decoding=\"async\" loading=\"lazy\" class=\"wp-image-2007 size-full\" title=\"Primera comuni\u00f3n de Ant\u00eda en Madrid\" src=\"https:\/\/www.evento.love\/blog\/wp-content\/uploads\/2018\/05\/Primera-comunion-Ant\u00eda-Madrid-mesa-dulce-aire-libre-fofucha-arbol.jpg\" alt=\"Primera-comunion-Ant\u00eda-Madrid-mesa-dulce-aire-libre-fofucha-arbol\" width=\"847\" height=\"470\" srcset=\"https:\/\/www.evento.love\/blog\/wp-content\/uploads\/2018\/05\/Primera-comunion-Ant\u00eda-Madrid-mesa-dulce-aire-libre-fofucha-arbol.jpg 847w, https:\/\/www.evento.love\/blog\/wp-content\/uploads\/2018\/05\/Primera-comunion-Ant\u00eda-Madrid-mesa-dulce-aire-libre-fofucha-arbol-300x166.jpg 300w, https:\/\/www.evento.love\/blog\/wp-content\/uploads\/2018\/05\/Primera-comunion-Ant\u00eda-Madrid-mesa-dulce-aire-libre-fofucha-arbol-768x426.jpg 768w, https:\/\/www.evento.love\/blog\/wp-content\/uploads\/2018\/05\/Primera-comunion-Ant\u00eda-Madrid-mesa-dulce-aire-libre-fofucha-arbol-487x270.jpg 487w\" sizes=\"(max-width: 847px) 100vw, 847px\" \/><figcaption id=\"caption-attachment-2007\" class=\"wp-caption-text\">La mesa dulce de la primera comuni\u00f3n de Ant\u00eda, el photocall hecho con flores de papel y la mesa con los detalles para los invitados.<\/figcaption><\/figure>\n<p>Los colores: malva, rosa, verde, melocot\u00f3n, alegres y suaves.<\/p>\n<p><a href=\"https:\/\/www.evento.love\/blog\/mesas-dulces-cumpleanos-comuniones-madrid\/\" target=\"_blank\" rel=\"noopener noreferrer\">Las mesas a montar y decorar<\/a>: la mesa dulce con las letras de madera con el nombre de Ant\u00eda, la mesa del Libro Firmas, que llevar\u00eda la fofucha y el marco con las preciosas fotos de la historia de la ni\u00f1a, la mesa para los regalos y la mesa con los detalles para los invitados, ya que cada asistente se llevar\u00eda su regalo como recuerdo de ese d\u00eda tan especial.<\/p>\n<h2>El catering<\/h2>\n<p>Tambi\u00e9n nos ocupar\u00edamos de las <strong>galletas tematizadas<\/strong>\u00a0y los dulces: mini croissant, mini palmeritas de chocolate y mini pan bao recubierto con chocolate. Y por supuesto de las chuches, deliciosas y elegidas seg\u00fan los colores de la decoraci\u00f3n.<\/p>\n<p>Al final, las condiciones climatol\u00f3gicas permitieron que Ant\u00eda disfrutase de su d\u00eda en compa\u00f1\u00eda de su familia y amistades. \u00a1Es una aut\u00e9ntico places hacer felices a las familias que cuentan con nosotros!<\/p>\n<p><strong>\u00bfQuieres celebrar una primera comuni\u00f3n de ensue\u00f1o?<\/strong> <a href=\"https:\/\/www.evento.love\/#contacto\" target=\"_blank\" rel=\"noopener noreferrer\">Contacta con nosotros<\/a> y te ayudaremos a hacerlo realidad.<\/p>\n    <div class=\"related-post grid\">\r\n                <div class=\"headline\">M\u00e1s art\u00edculos a tener en cuenta<\/div>\r\n        <div class=\"post-list \">\r\n\r\n                        <div class=\"item\">\r\n                        <div class=\"thumb post_thumb\">\r\n        <a  title=\"Baby Shower, mucho m\u00e1s que un evento social\" href=\"https:\/\/www.evento.love\/blog\/baby-shower-evento-social-madrid\/\">\r\n\r\n            <img width=\"150\" height=\"150\" src=\"https:\/\/www.evento.love\/blog\/wp-content\/uploads\/2016\/07\/babyshower-150x150.jpg\" class=\"attachment-thumbnail size-thumbnail wp-post-image\" alt=\"baby shower-fiesta-beb\u00e9-embarazo-embarazada\" decoding=\"async\" loading=\"lazy\" \/>\r\n\r\n        <\/a>\r\n    <\/div>\r\n\r\n    <a class=\"title post_title\"  title=\"Baby Shower, mucho m\u00e1s que un evento social\" href=\"https:\/\/www.evento.love\/blog\/baby-shower-evento-social-madrid\/\">\r\n                Baby Shower, mucho m\u00e1s que un evento social    <\/a>\r\n\r\n                <\/div>\r\n                            <div class=\"item\">\r\n                        <div class=\"thumb post_thumb\">\r\n        <a  title=\"12 consejos para un Baby Shower perfecto\" href=\"https:\/\/www.evento.love\/blog\/12-consejos-baby-shower-perfecto-madrid\/\">\r\n\r\n            <img width=\"150\" height=\"150\" src=\"https:\/\/www.evento.love\/blog\/wp-content\/uploads\/2016\/09\/16_05_20_12_consejos-para-que-tu-Baby-Shower-sea-perfecto-150x150.jpg\" class=\"attachment-thumbnail size-thumbnail wp-post-image\" alt=\"Baby Shower-perfecto-beb\u00e9-embarazado-embarazada-fiesta-babyshower\" decoding=\"async\" loading=\"lazy\" \/>\r\n\r\n        <\/a>\r\n    <\/div>\r\n\r\n    <a class=\"title post_title\"  title=\"12 consejos para un Baby Shower perfecto\" href=\"https:\/\/www.evento.love\/blog\/12-consejos-baby-shower-perfecto-madrid\/\">\r\n                12 consejos para un Baby Shower perfecto    <\/a>\r\n\r\n                <\/div>\r\n                            <div class=\"item\">\r\n                        <div class=\"thumb post_thumb\">\r\n        <a  title=\"Cu\u00e1ndo hacer el Baby Shower\" href=\"https:\/\/www.evento.love\/blog\/cuando-hacer-el-baby-shower-madrid\/\">\r\n\r\n            <img width=\"150\" height=\"150\" src=\"https:\/\/www.evento.love\/blog\/wp-content\/uploads\/2016\/09\/16_05_23_Cuando-hacer-el-Baby-Shower-150x150.jpg\" class=\"attachment-thumbnail size-thumbnail wp-post-image\" alt=\"Cu\u00e1ndo hacer el baby shower beb\u00e9 embarazo fiesta en Madrid\" decoding=\"async\" loading=\"lazy\" \/>\r\n\r\n        <\/a>\r\n    <\/div>\r\n\r\n    <a class=\"title post_title\"  title=\"Cu\u00e1ndo hacer el Baby Shower\" href=\"https:\/\/www.evento.love\/blog\/cuando-hacer-el-baby-shower-madrid\/\">\r\n                Cu\u00e1ndo hacer el Baby Shower    <\/a>\r\n\r\n                <\/div>\r\n                            <div class=\"item\">\r\n                        <div class=\"thumb post_thumb\">\r\n        <a  title=\"\u00bfQui\u00e9n debe organizar el Baby Shower?\" href=\"https:\/\/www.evento.love\/blog\/quien-organizar-baby-shower-madrid\/\">\r\n\r\n            <img width=\"150\" height=\"150\" src=\"https:\/\/www.evento.love\/blog\/wp-content\/uploads\/2016\/09\/16_05_29_Qui\u00e9n-organiza-el-Baby-Shower-150x150.jpg\" class=\"attachment-thumbnail size-thumbnail wp-post-image\" alt=\"Organizaci\u00f3n Baby Shower Madrid fiesta beb\u00e9 embarazada\" decoding=\"async\" loading=\"lazy\" \/>\r\n\r\n        <\/a>\r\n    <\/div>\r\n\r\n    <a class=\"title post_title\"  title=\"\u00bfQui\u00e9n debe organizar el Baby Shower?\" href=\"https:\/\/www.evento.love\/blog\/quien-organizar-baby-shower-madrid\/\">\r\n                \u00bfQui\u00e9n debe organizar el Baby Shower?    <\/a>\r\n\r\n                <\/div>\r\n            \r\n    <\/div>\r\n\r\n    <script>\r\n            <\/script>\r\n    <style>\r\n        .related-post {}\r\n\r\n        .related-post .post-list {\r\n            text-align: left;\r\n                    }\r\n\r\n        .related-post .post-list .item {\r\n            margin: 5px 10px;\r\n            padding: 0px;\r\n                    }\r\n\r\n        .related-post .headline {\r\n            font-size: 24px !important;\r\n            color: #000000 !important;\r\n                    }\r\n\r\n        .related-post .headline{\r\nfont-weight:400 !important;\r\ntext-transform: uppercase;\r\n}.related-post .post-list .item .post_thumb {\r\n            max-height: 180px;\r\n            margin: 10px 0px;\r\n            padding: 0px;\r\n            display: block;\r\n                    }\r\n\r\n        .related-post .post-list .item .post_title {\r\n            font-size: 12px;\r\n            color: #607d8b;\r\n            margin: 10px 0px;\r\n            padding: 0px;\r\n            display: block;\r\n            text-decoration: none;\r\n                    }\r\n\r\n        .related-post .post-list .item .post_excerpt {\r\n            font-size: 13px;\r\n            color: #3f3f3f;\r\n            margin: 10px 0px;\r\n            padding: 0px;\r\n            display: block;\r\n            text-decoration: none;\r\n                    }\r\n\r\n        @media only screen and (min-width: 1024px) {\r\n            .related-post .post-list .item {\r\n                width: 22%;\r\n            }\r\n        }\r\n\r\n        @media only screen and (min-width: 768px) and (max-width: 1023px) {\r\n            .related-post .post-list .item {\r\n                width: 90%;\r\n            }\r\n        }\r\n\r\n        @media only screen and (min-width: 0px) and (max-width: 767px) {\r\n            .related-post .post-list .item {\r\n                width: 30%;\r\n            }\r\n        }\r\n\r\n            <\/style>\r\n        <\/div>\r\n<!-- AddThis Advanced Settings generic via filter on the_content --><!-- AddThis Share Buttons generic via filter on the_content -->","protected":false},"excerpt":{"rendered":"<p>Una primera comuni\u00f3n al aire libre es lo que hab\u00eda pensado Sandra para su hija Ant\u00eda. En noviembre de 2017 nos contact\u00f3 feliz porque su peque\u00f1a har\u00eda en mayo su primera comuni\u00f3n y quer\u00eda una fiesta inolvidable. Sin duda le ayudamos a conseguirlo. \u00a1Os lo contamos! M\u00e1s art\u00edculos a tener en cuenta Baby Shower, mucho m\u00e1s que un evento social 12 consejos para un Baby Shower perfecto Cu\u00e1ndo hacer el Baby Shower \u00bfQui\u00e9n debe organizar el Baby Shower?<!-- AddThis Advanced Settings generic via filter on get_the_excerpt --><!-- AddThis Share Buttons generic via filter on get_the_excerpt --><\/p>\n    <div class=\"related-post grid\">\r\n                <div class=\"headline\">M\u00e1s art\u00edculos a tener en cuenta<\/div>\r\n        <div class=\"post-list \">\r\n\r\n                        <div class=\"item\">\r\n                        <div class=\"thumb post_thumb\">\r\n        <a  title=\"Baby Shower, mucho m\u00e1s que un evento social\" href=\"https:\/\/www.evento.love\/blog\/baby-shower-evento-social-madrid\/\">\r\n\r\n            <img width=\"150\" height=\"150\" src=\"https:\/\/www.evento.love\/blog\/wp-content\/uploads\/2016\/07\/babyshower-150x150.jpg\" class=\"attachment-thumbnail size-thumbnail wp-post-image\" alt=\"baby shower-fiesta-beb\u00e9-embarazo-embarazada\" decoding=\"async\" loading=\"lazy\" \/>\r\n\r\n        <\/a>\r\n    <\/div>\r\n\r\n    <a class=\"title post_title\"  title=\"Baby Shower, mucho m\u00e1s que un evento social\" href=\"https:\/\/www.evento.love\/blog\/baby-shower-evento-social-madrid\/\">\r\n                Baby Shower, mucho m\u00e1s que un evento social    <\/a>\r\n\r\n                <\/div>\r\n                            <div class=\"item\">\r\n                        <div class=\"thumb post_thumb\">\r\n        <a  title=\"12 consejos para un Baby Shower perfecto\" href=\"https:\/\/www.evento.love\/blog\/12-consejos-baby-shower-perfecto-madrid\/\">\r\n\r\n            <img width=\"150\" height=\"150\" src=\"https:\/\/www.evento.love\/blog\/wp-content\/uploads\/2016\/09\/16_05_20_12_consejos-para-que-tu-Baby-Shower-sea-perfecto-150x150.jpg\" class=\"attachment-thumbnail size-thumbnail wp-post-image\" alt=\"Baby Shower-perfecto-beb\u00e9-embarazado-embarazada-fiesta-babyshower\" decoding=\"async\" loading=\"lazy\" \/>\r\n\r\n        <\/a>\r\n    <\/div>\r\n\r\n    <a class=\"title post_title\"  title=\"12 consejos para un Baby Shower perfecto\" href=\"https:\/\/www.evento.love\/blog\/12-consejos-baby-shower-perfecto-madrid\/\">\r\n                12 consejos para un Baby Shower perfecto    <\/a>\r\n\r\n                <\/div>\r\n                            <div class=\"item\">\r\n                        <div class=\"thumb post_thumb\">\r\n        <a  title=\"Cu\u00e1ndo hacer el Baby Shower\" href=\"https:\/\/www.evento.love\/blog\/cuando-hacer-el-baby-shower-madrid\/\">\r\n\r\n            <img width=\"150\" height=\"150\" src=\"https:\/\/www.evento.love\/blog\/wp-content\/uploads\/2016\/09\/16_05_23_Cuando-hacer-el-Baby-Shower-150x150.jpg\" class=\"attachment-thumbnail size-thumbnail wp-post-image\" alt=\"Cu\u00e1ndo hacer el baby shower beb\u00e9 embarazo fiesta en Madrid\" decoding=\"async\" loading=\"lazy\" \/>\r\n\r\n        <\/a>\r\n    <\/div>\r\n\r\n    <a class=\"title post_title\"  title=\"Cu\u00e1ndo hacer el Baby Shower\" href=\"https:\/\/www.evento.love\/blog\/cuando-hacer-el-baby-shower-madrid\/\">\r\n                Cu\u00e1ndo hacer el Baby Shower    <\/a>\r\n\r\n                <\/div>\r\n                            <div class=\"item\">\r\n                        <div class=\"thumb post_thumb\">\r\n        <a  title=\"Baby Shower: Elaborando la lista de invitados\" href=\"https:\/\/www.evento.love\/blog\/baby-shower-lista-invitados-madrid\/\">\r\n\r\n            <img width=\"150\" height=\"150\" src=\"https:\/\/www.evento.love\/blog\/wp-content\/uploads\/2016\/09\/16_05_30_Baby-Shower-elaborando-la-lista-de-invitados-150x150.jpg\" class=\"attachment-thumbnail size-thumbnail wp-post-image\" alt=\"\" decoding=\"async\" loading=\"lazy\" \/>\r\n\r\n        <\/a>\r\n    <\/div>\r\n\r\n    <a class=\"title post_title\"  title=\"Baby Shower: Elaborando la lista de invitados\" href=\"https:\/\/www.evento.love\/blog\/baby-shower-lista-invitados-madrid\/\">\r\n                Baby Shower: Elaborando la lista de invitados    <\/a>\r\n\r\n                <\/div>\r\n            \r\n    <\/div>\r\n\r\n    <script>\r\n            <\/script>\r\n    <style>\r\n        .related-post {}\r\n\r\n        .related-post .post-list {\r\n            text-align: left;\r\n                    }\r\n\r\n        .related-post .post-list .item {\r\n            margin: 5px 10px;\r\n            padding: 0px;\r\n                    }\r\n\r\n        .related-post .headline {\r\n            font-size: 24px !important;\r\n            color: #000000 !important;\r\n                    }\r\n\r\n        .related-post .headline{\r\nfont-weight:400 !important;\r\ntext-transform: uppercase;\r\n}.related-post .post-list .item .post_thumb {\r\n            max-height: 180px;\r\n            margin: 10px 0px;\r\n            padding: 0px;\r\n            display: block;\r\n                    }\r\n\r\n        .related-post .post-list .item .post_title {\r\n            font-size: 12px;\r\n            color: #607d8b;\r\n            margin: 10px 0px;\r\n            padding: 0px;\r\n            display: block;\r\n            text-decoration: none;\r\n                    }\r\n\r\n        .related-post .post-list .item .post_excerpt {\r\n            font-size: 13px;\r\n            color: #3f3f3f;\r\n            margin: 10px 0px;\r\n            padding: 0px;\r\n            display: block;\r\n            text-decoration: none;\r\n                    }\r\n\r\n        @media only screen and (min-width: 1024px) {\r\n            .related-post .post-list .item {\r\n                width: 22%;\r\n            }\r\n        }\r\n\r\n        @media only screen and (min-width: 768px) and (max-width: 1023px) {\r\n            .related-post .post-list .item {\r\n                width: 90%;\r\n            }\r\n        }\r\n\r\n        @media only screen and (min-width: 0px) and (max-width: 767px) {\r\n            .related-post .post-list .item {\r\n                width: 30%;\r\n            }\r\n        }\r\n\r\n            <\/style>\r\n        <\/div>\r\n","protected":false},"author":1,"featured_media":2008,"comment_status":"closed","ping_status":"open","sticky":false,"template":"","format":"standard","meta":{"content-type":""},"categories":[342,391],"tags":[819],"yoast_head":"<!-- This site is optimized with the Yoast SEO plugin v20.7 - https:\/\/yoast.com\/wordpress\/plugins\/seo\/ -->\n<title>Primera comuni\u00f3n al aire libre: una fiesta preciosa para Ant\u00eda<\/title>\n<meta name=\"description\" content=\"Sorprende a tus invitados con una celebraci\u00f3n de la primera comuni\u00f3n al aire libre \u00fanica en Madrid. Nos encargamos del local, catering, mesas dulces, decoraci\u00f3n o animaci\u00f3n para tu fiesta. Organizamos tu comuni\u00f3n a la medida de tu presupuesto. \u00a1Contacta ahora para celebrar la comuni\u00f3n de tus hijos!\" \/>\n<meta name=\"robots\" content=\"index, follow, max-snippet:-1, max-image-preview:large, max-video-preview:-1\" \/>\n<meta property=\"og:locale\" content=\"es_ES\" \/>\n<meta property=\"og:type\" content=\"article\" \/>\n<meta property=\"og:title\" content=\"Primera comuni\u00f3n al aire libre: una fiesta preciosa para Ant\u00eda\" \/>\n<meta property=\"og:description\" content=\"Sorprende a tus invitados con una celebraci\u00f3n de la primera comuni\u00f3n al aire libre \u00fanica en Madrid. Nos encargamos del local, catering, mesas dulces, decoraci\u00f3n o animaci\u00f3n para tu fiesta. Organizamos tu comuni\u00f3n a la medida de tu presupuesto. \u00a1Contacta ahora para celebrar la comuni\u00f3n de tus hijos!\" \/>\n<meta property=\"og:url\" content=\"https:\/\/www.evento.love\/blog\/primera-comunion-al-aire-libre-antia-madrid\/\" \/>\n<meta property=\"og:site_name\" content=\"El Blog de evento.love\" \/>\n<meta property=\"article:publisher\" content=\"https:\/\/www.facebook.com\/Evento.love\/\" \/>\n<meta property=\"article:published_time\" content=\"2018-05-31T08:00:25+00:00\" \/>\n<meta property=\"article:modified_time\" content=\"2019-09-26T10:26:49+00:00\" \/>\n<meta property=\"og:image\" content=\"https:\/\/www.evento.love\/blog\/wp-content\/uploads\/2018\/05\/Primera-comunion-Ant\u00eda-Madrid-catering-mesa-dulce-chuches-farolillos.jpg\" \/>\n\t<meta property=\"og:image:width\" content=\"847\" \/>\n\t<meta property=\"og:image:height\" content=\"470\" \/>\n\t<meta property=\"og:image:type\" content=\"image\/jpeg\" \/>\n<meta name=\"author\" content=\"Evento Love\" \/>\n<meta name=\"twitter:card\" content=\"summary_large_image\" \/>\n<meta name=\"twitter:creator\" content=\"@Evento_love\" \/>\n<meta name=\"twitter:site\" content=\"@Evento_love\" \/>\n<meta name=\"twitter:label1\" content=\"Escrito por\" \/>\n\t<meta name=\"twitter:data1\" content=\"Evento Love\" \/>\n\t<meta name=\"twitter:label2\" content=\"Tiempo de lectura\" \/>\n\t<meta name=\"twitter:data2\" content=\"4 minutos\" \/>\n<!-- \/ Yoast SEO plugin. -->","yoast_head_json":{"title":"Primera comuni\u00f3n al aire libre: una fiesta preciosa para Ant\u00eda","description":"Sorprende a tus invitados con una celebraci\u00f3n de la primera comuni\u00f3n al aire libre \u00fanica en Madrid. Nos encargamos del local, catering, mesas dulces, decoraci\u00f3n o animaci\u00f3n para tu fiesta. Organizamos tu comuni\u00f3n a la medida de tu presupuesto. \u00a1Contacta ahora para celebrar la comuni\u00f3n de tus hijos!","robots":{"index":"index","follow":"follow","max-snippet":"max-snippet:-1","max-image-preview":"max-image-preview:large","max-video-preview":"max-video-preview:-1"},"og_locale":"es_ES","og_type":"article","og_title":"Primera comuni\u00f3n al aire libre: una fiesta preciosa para Ant\u00eda","og_description":"Sorprende a tus invitados con una celebraci\u00f3n de la primera comuni\u00f3n al aire libre \u00fanica en Madrid. Nos encargamos del local, catering, mesas dulces, decoraci\u00f3n o animaci\u00f3n para tu fiesta. Organizamos tu comuni\u00f3n a la medida de tu presupuesto. \u00a1Contacta ahora para celebrar la comuni\u00f3n de tus hijos!","og_url":"https:\/\/www.evento.love\/blog\/primera-comunion-al-aire-libre-antia-madrid\/","og_site_name":"El Blog de evento.love","article_publisher":"https:\/\/www.facebook.com\/Evento.love\/","article_published_time":"2018-05-31T08:00:25+00:00","article_modified_time":"2019-09-26T10:26:49+00:00","og_image":[{"width":"847","height":"470","url":"https:\/\/www.evento.love\/blog\/wp-content\/uploads\/2018\/05\/Primera-comunion-Ant\u00eda-Madrid-catering-mesa-dulce-chuches-farolillos.jpg","type":"image\/jpeg"}],"author":"Evento Love","twitter_card":"summary_large_image","twitter_creator":"@Evento_love","twitter_site":"@Evento_love","twitter_misc":{"Escrito por":"Evento Love","Tiempo de lectura":"4 minutos"},"schema":{"@context":"https:\/\/schema.org","@graph":[{"@type":"Article","@id":"https:\/\/www.evento.love\/blog\/primera-comunion-al-aire-libre-antia-madrid\/#article","isPartOf":{"@id":"https:\/\/www.evento.love\/blog\/primera-comunion-al-aire-libre-antia-madrid\/"},"author":{"name":"Evento Love","@id":"https:\/\/www.evento.love\/blog\/#\/schema\/person\/a184c2ed424b7fb3006372ce8051542c"},"headline":"La preciosa primera comuni\u00f3n al aire libre de Ant\u00eda","datePublished":"2018-05-31T08:00:25+00:00","dateModified":"2019-09-26T10:26:49+00:00","mainEntityOfPage":{"@id":"https:\/\/www.evento.love\/blog\/primera-comunion-al-aire-libre-antia-madrid\/"},"wordCount":794,"publisher":{"@id":"https:\/\/www.evento.love\/blog\/#organization"},"keywords":["primera comuni\u00f3n al aire libre"],"articleSection":["Comuniones","Nuestros eventos"],"inLanguage":"es"},{"@type":"WebPage","@id":"https:\/\/www.evento.love\/blog\/primera-comunion-al-aire-libre-antia-madrid\/","url":"https:\/\/www.evento.love\/blog\/primera-comunion-al-aire-libre-antia-madrid\/","name":"Primera comuni\u00f3n al aire libre: una fiesta preciosa para Ant\u00eda","isPartOf":{"@id":"https:\/\/www.evento.love\/blog\/#website"},"datePublished":"2018-05-31T08:00:25+00:00","dateModified":"2019-09-26T10:26:49+00:00","description":"Sorprende a tus invitados con una celebraci\u00f3n de la primera comuni\u00f3n al aire libre \u00fanica en Madrid. Nos encargamos del local, catering, mesas dulces, decoraci\u00f3n o animaci\u00f3n para tu fiesta. Organizamos tu comuni\u00f3n a la medida de tu presupuesto. \u00a1Contacta ahora para celebrar la comuni\u00f3n de tus hijos!","breadcrumb":{"@id":"https:\/\/www.evento.love\/blog\/primera-comunion-al-aire-libre-antia-madrid\/#breadcrumb"},"inLanguage":"es","potentialAction":[{"@type":"ReadAction","target":["https:\/\/www.evento.love\/blog\/primera-comunion-al-aire-libre-antia-madrid\/"]}]},{"@type":"BreadcrumbList","@id":"https:\/\/www.evento.love\/blog\/primera-comunion-al-aire-libre-antia-madrid\/#breadcrumb","itemListElement":[{"@type":"ListItem","position":1,"name":"Evento.love","item":"https:\/\/www.evento.love\/blog\/"},{"@type":"ListItem","position":2,"name":"Comuniones","item":"https:\/\/www.evento.love\/blog\/category\/comuniones\/"},{"@type":"ListItem","position":3,"name":"La preciosa primera comuni\u00f3n al aire libre de Ant\u00eda"}]},{"@type":"WebSite","@id":"https:\/\/www.evento.love\/blog\/#website","url":"https:\/\/www.evento.love\/blog\/","name":"El Blog de evento.love","description":"T\u00fa lo mereces. Disfruta de tu momento","publisher":{"@id":"https:\/\/www.evento.love\/blog\/#organization"},"potentialAction":[{"@type":"SearchAction","target":{"@type":"EntryPoint","urlTemplate":"https:\/\/www.evento.love\/blog\/?s={search_term_string}"},"query-input":"required name=search_term_string"}],"inLanguage":"es"},{"@type":"Organization","@id":"https:\/\/www.evento.love\/blog\/#organization","name":"evento.love","url":"https:\/\/www.evento.love\/blog\/","logo":{"@type":"ImageObject","inLanguage":"es","@id":"https:\/\/www.evento.love\/blog\/#\/schema\/logo\/image\/","url":"https:\/\/www.evento.love\/blog\/wp-content\/uploads\/2016\/07\/logo-evento-love.png","contentUrl":"https:\/\/www.evento.love\/blog\/wp-content\/uploads\/2016\/07\/logo-evento-love.png","width":197,"height":59,"caption":"evento.love"},"image":{"@id":"https:\/\/www.evento.love\/blog\/#\/schema\/logo\/image\/"},"sameAs":["https:\/\/www.facebook.com\/Evento.love\/","https:\/\/twitter.com\/Evento_love","https:\/\/www.instagram.com\/evento.love\/","https:\/\/es.pinterest.com\/evento_love\/","https:\/\/www.youtube.com\/channel\/UCcVbo6ymzx-7FlDJja8aQnw"]},{"@type":"Person","@id":"https:\/\/www.evento.love\/blog\/#\/schema\/person\/a184c2ed424b7fb3006372ce8051542c","name":"Evento Love"}]}},"_links":{"self":[{"href":"https:\/\/www.evento.love\/blog\/wp-json\/wp\/v2\/posts\/2000"}],"collection":[{"href":"https:\/\/www.evento.love\/blog\/wp-json\/wp\/v2\/posts"}],"about":[{"href":"https:\/\/www.evento.love\/blog\/wp-json\/wp\/v2\/types\/post"}],"author":[{"embeddable":true,"href":"https:\/\/www.evento.love\/blog\/wp-json\/wp\/v2\/users\/1"}],"replies":[{"embeddable":true,"href":"https:\/\/www.evento.love\/blog\/wp-json\/wp\/v2\/comments?post=2000"}],"version-history":[{"count":6,"href":"https:\/\/www.evento.love\/blog\/wp-json\/wp\/v2\/posts\/2000\/revisions"}],"predecessor-version":[{"id":5367,"href":"https:\/\/www.evento.love\/blog\/wp-json\/wp\/v2\/posts\/2000\/revisions\/5367"}],"wp:featuredmedia":[{"embeddable":true,"href":"https:\/\/www.evento.love\/blog\/wp-json\/wp\/v2\/media\/2008"}],"wp:attachment":[{"href":"https:\/\/www.evento.love\/blog\/wp-json\/wp\/v2\/media?parent=2000"}],"wp:term":[{"taxonomy":"category","embeddable":true,"href":"https:\/\/www.evento.love\/blog\/wp-json\/wp\/v2\/categories?post=2000"},{"taxonomy":"post_tag","embeddable":true,"href":"https:\/\/www.evento.love\/blog\/wp-json\/wp\/v2\/tags?post=2000"}],"curies":[{"name":"wp","href":"https:\/\/api.w.org\/{rel}","templated":true}]}}