{"id":2065,"date":"2018-06-14T14:24:22","date_gmt":"2018-06-14T12:24:22","guid":{"rendered":"https:\/\/www.evento.love\/blog\/?p=2065"},"modified":"2019-07-19T00:17:59","modified_gmt":"2019-07-18T22:17:59","slug":"cumpleanos-tematico-de-blancanieves-adriana-madrid","status":"publish","type":"post","link":"https:\/\/www.evento.love\/blog\/cumpleanos-tematico-de-blancanieves-adriana-madrid\/","title":{"rendered":"Un precioso cumplea\u00f1os tem\u00e1tico de Blancanieves para Adriana"},"content":{"rendered":"<p>Este cumplea\u00f1os tem\u00e1tico de Blancanieves ha resultado una aut\u00e9ntica maravilla. \u00a1C\u00f3mo disfrutamos preparando la decoraci\u00f3n de este evento!<!--more--><\/p>\n<h2>Un encargo muy especial: un cumplea\u00f1os tem\u00e1tico de Blancanieves<\/h2>\n<p>A principios de mayo, Marta nos contact\u00f3 para que organiz\u00e1ramos y decor\u00e1ramos el cumplea\u00f1os de su ni\u00f1a, Adriana. Marta so\u00f1aba con celebrarlo en el parque de su precioso chalet y nos pareci\u00f3 estupendo, \u00bfqu\u00e9 puede ser m\u00e1s bonito para una ni\u00f1a de 3 a\u00f1os que <a href=\"https:\/\/www.evento.love\/blog\/el-primer-cumpleanos-ibrahim-pocoyo\/\" target=\"_blank\" rel=\"noopener noreferrer\">celebrar su cumplea\u00f1os<\/a> acompa\u00f1ada de sus seres queridos y teniendo presente a su querida Blancanieves?<\/p>\n<p>La semana de lluvias auguraba un s\u00e1bado que parec\u00eda no permitirnos una decoraci\u00f3n al aire libre. Por supuesto, ten\u00edamos un plan B, con lo cual, la \u201cmudanza\u201d a casa de Marta, ese d\u00eda \u00a1fue doble!<\/p>\n<h2>La decoraci\u00f3n de la mesa dulce<\/h2>\n<p>Una vez instaladas en el precioso jard\u00edn coincidimos en que no llover\u00eda, y desde muy temprano estuvimos manos a la obra.\u00a0El jard\u00edn del chalet es precioso, y los \u00e1rboles y su ligustrum verde oscuro nos parecieron un maravilloso fondo para montar all\u00ed la mesa dulce.<\/p>\n<p>Sab\u00edamos que a Adriana le encantan los globos, por eso tambi\u00e9n optamos por un <strong>arco\u00a0de globos con los colores de Blancanieves<\/strong> como marco. Dentro de \u00e9l, el maravilloso<em> espejito, espejito m\u00e1gico<\/em>. As\u00ed es como poco a poco <a href=\"https:\/\/www.evento.love\/blog\/category\/decoracion\" target=\"_blank\" rel=\"noopener noreferrer\">fue tomando forma la decoraci\u00f3n<\/a>, idea tras idea, sue\u00f1o tras sue\u00f1o. Por momentos, nos transform\u00e1bamos en una peque\u00f1a de 3 a\u00f1os para, desde su ojos, ver todos los detalles que consiguieran hacer de Adriana la cumplea\u00f1era m\u00e1s feliz.<\/p>\n<p>Y el jard\u00edn poco a poco fue transform\u00e1ndose en el bosque de Blancanieves, con las setas, los enanitos&#8230;<img decoding=\"async\" loading=\"lazy\" class=\"aligncenter wp-image-2069 size-full\" src=\"https:\/\/www.evento.love\/blog\/wp-content\/uploads\/2018\/06\/Cumplea\u00f1os-de-Blancanieves-para-Adriana-\u00e1rbol-manzanas-caramelizadas-espejito-globos-enanitos-1.jpg\" alt=\"Cumplea\u00f1os de Blancanieves para Adriana \u00e1rbol espejito globos enanitos Madrid mesa dulce\" width=\"847\" height=\"470\" srcset=\"https:\/\/www.evento.love\/blog\/wp-content\/uploads\/2018\/06\/Cumplea\u00f1os-de-Blancanieves-para-Adriana-\u00e1rbol-manzanas-caramelizadas-espejito-globos-enanitos-1.jpg 847w, https:\/\/www.evento.love\/blog\/wp-content\/uploads\/2018\/06\/Cumplea\u00f1os-de-Blancanieves-para-Adriana-\u00e1rbol-manzanas-caramelizadas-espejito-globos-enanitos-1-300x166.jpg 300w, https:\/\/www.evento.love\/blog\/wp-content\/uploads\/2018\/06\/Cumplea\u00f1os-de-Blancanieves-para-Adriana-\u00e1rbol-manzanas-caramelizadas-espejito-globos-enanitos-1-768x426.jpg 768w, https:\/\/www.evento.love\/blog\/wp-content\/uploads\/2018\/06\/Cumplea\u00f1os-de-Blancanieves-para-Adriana-\u00e1rbol-manzanas-caramelizadas-espejito-globos-enanitos-1-487x270.jpg 487w\" sizes=\"(max-width: 847px) 100vw, 847px\" \/><\/p>\n<h2>El catering<\/h2>\n<p>Tambi\u00e9n nos ocupamos del catering:<\/p>\n<ul>\n<li>Surtido de ib\u00e9ricos con picos de Jerez<\/li>\n<li>Surtido de quesos semi-curados con nueces, pasas y rega\u00f1\u00e1s<\/li>\n<li>Empanada hojaldrada rellena de carne<\/li>\n<li>Medias noches de pavo<\/li>\n<li>Medias noches de mortadela de Bolonia<\/li>\n<li>Arropados de salm\u00f3n con brie<\/li>\n<li>Croissants vegetales<\/li>\n<li>Tortilla espa\u00f1ola<\/li>\n<li>Bocados de bienmesabe sobre cama vegetal<\/li>\n<li>Panes noruegos de salm\u00f3n con salsa de eneldo<\/li>\n<li>Brochetas de mel\u00f3n con cecina de le\u00f3n y queso fresco de frambuesa<\/li>\n<li>S\u00e1ndwiches cocktail variados<\/li>\n<li>Mini pitas griegas con at\u00fan<\/li>\n<\/ul>\n<p>Para los ni\u00f1os:<\/p>\n<ul>\n<li><strong>T<\/strong>ortilla espa\u00f1ola<\/li>\n<li>Mini Rol dogs<\/li>\n<li>Mini hamburguesas<\/li>\n<li>Croquetas caseras de jam\u00f3n<\/li>\n<li>Sandwiches cocktail de jam\u00f3n y queso y de nocilla<\/li>\n<li>Empanadillas de at\u00fan con tomate y aceitunas<\/li>\n<\/ul>\n<p>Y por supuesto, no pod\u00edan faltar \u00a1<strong>las manzanas caramelizadas<\/strong>!<\/p>\n<p><img decoding=\"async\" loading=\"lazy\" class=\"aligncenter wp-image-2070 size-full\" src=\"https:\/\/www.evento.love\/blog\/wp-content\/uploads\/2018\/06\/Manzanas-caramelizadas-cumplea\u00f1os-blancanieves-lazos-azules-mesa-dulce.jpg\" alt=\"Manzanas caramelizadas cumplea\u00f1os blancanieves lazos azules mesa dulce\" width=\"847\" height=\"470\" srcset=\"https:\/\/www.evento.love\/blog\/wp-content\/uploads\/2018\/06\/Manzanas-caramelizadas-cumplea\u00f1os-blancanieves-lazos-azules-mesa-dulce.jpg 847w, https:\/\/www.evento.love\/blog\/wp-content\/uploads\/2018\/06\/Manzanas-caramelizadas-cumplea\u00f1os-blancanieves-lazos-azules-mesa-dulce-300x166.jpg 300w, https:\/\/www.evento.love\/blog\/wp-content\/uploads\/2018\/06\/Manzanas-caramelizadas-cumplea\u00f1os-blancanieves-lazos-azules-mesa-dulce-768x426.jpg 768w, https:\/\/www.evento.love\/blog\/wp-content\/uploads\/2018\/06\/Manzanas-caramelizadas-cumplea\u00f1os-blancanieves-lazos-azules-mesa-dulce-487x270.jpg 487w\" sizes=\"(max-width: 847px) 100vw, 847px\" \/><\/p>\n<p>Al ver a Blancanieves la emoci\u00f3n de Adriana nos emocion\u00f3 a nosotras tambi\u00e9n, \u00a1no pod\u00eda creer que estuviera all\u00ed!. Ha sido un placer ese maravilloso momento, su preciosa carita desprend\u00eda amor, \u00a1as\u00ed es como nos enamoramos de nuestros agasajados! Gracias Adriana por tu cari\u00f1o, gracias Marta por hacerlo posible.<\/p>\n<p>\u00bfQuieres <a href=\"https:\/\/www.evento.love\/blog\/cumpleanos-tematico-pequeno-batman\/\" target=\"_blank\" rel=\"noopener noreferrer\">celebrar un cumplea\u00f1os tem\u00e1tico<\/a> en Madrid? <a href=\"https:\/\/www.evento.love\/#contacto\" target=\"_blank\" rel=\"noopener noreferrer\">Contacta con Evento.love<\/a> y cu\u00e9ntanos la idea que m\u00e1s te gusta, y nosotros te ayudaremos a hacerla realidad.<\/p>\n    <div class=\"related-post grid\">\r\n                <div class=\"headline\">M\u00e1s art\u00edculos a tener en cuenta<\/div>\r\n        <div class=\"post-list \">\r\n\r\n                        <div class=\"item\">\r\n                        <div class=\"thumb post_thumb\">\r\n        <a  title=\"Baby Shower, mucho m\u00e1s que un evento social\" href=\"https:\/\/www.evento.love\/blog\/baby-shower-evento-social-madrid\/\">\r\n\r\n            <img width=\"150\" height=\"150\" src=\"https:\/\/www.evento.love\/blog\/wp-content\/uploads\/2016\/07\/babyshower-150x150.jpg\" class=\"attachment-thumbnail size-thumbnail wp-post-image\" alt=\"baby shower-fiesta-beb\u00e9-embarazo-embarazada\" decoding=\"async\" loading=\"lazy\" \/>\r\n\r\n        <\/a>\r\n    <\/div>\r\n\r\n    <a class=\"title post_title\"  title=\"Baby Shower, mucho m\u00e1s que un evento social\" href=\"https:\/\/www.evento.love\/blog\/baby-shower-evento-social-madrid\/\">\r\n                Baby Shower, mucho m\u00e1s que un evento social    <\/a>\r\n\r\n                <\/div>\r\n                            <div class=\"item\">\r\n                        <div class=\"thumb post_thumb\">\r\n        <a  title=\"12 consejos para un Baby Shower perfecto\" href=\"https:\/\/www.evento.love\/blog\/12-consejos-baby-shower-perfecto-madrid\/\">\r\n\r\n            <img width=\"150\" height=\"150\" src=\"https:\/\/www.evento.love\/blog\/wp-content\/uploads\/2016\/09\/16_05_20_12_consejos-para-que-tu-Baby-Shower-sea-perfecto-150x150.jpg\" class=\"attachment-thumbnail size-thumbnail wp-post-image\" alt=\"Baby Shower-perfecto-beb\u00e9-embarazado-embarazada-fiesta-babyshower\" decoding=\"async\" loading=\"lazy\" \/>\r\n\r\n        <\/a>\r\n    <\/div>\r\n\r\n    <a class=\"title post_title\"  title=\"12 consejos para un Baby Shower perfecto\" href=\"https:\/\/www.evento.love\/blog\/12-consejos-baby-shower-perfecto-madrid\/\">\r\n                12 consejos para un Baby Shower perfecto    <\/a>\r\n\r\n                <\/div>\r\n                            <div class=\"item\">\r\n                        <div class=\"thumb post_thumb\">\r\n        <a  title=\"Cu\u00e1ndo hacer el Baby Shower\" href=\"https:\/\/www.evento.love\/blog\/cuando-hacer-el-baby-shower-madrid\/\">\r\n\r\n            <img width=\"150\" height=\"150\" src=\"https:\/\/www.evento.love\/blog\/wp-content\/uploads\/2016\/09\/16_05_23_Cuando-hacer-el-Baby-Shower-150x150.jpg\" class=\"attachment-thumbnail size-thumbnail wp-post-image\" alt=\"Cu\u00e1ndo hacer el baby shower beb\u00e9 embarazo fiesta en Madrid\" decoding=\"async\" loading=\"lazy\" \/>\r\n\r\n        <\/a>\r\n    <\/div>\r\n\r\n    <a class=\"title post_title\"  title=\"Cu\u00e1ndo hacer el Baby Shower\" href=\"https:\/\/www.evento.love\/blog\/cuando-hacer-el-baby-shower-madrid\/\">\r\n                Cu\u00e1ndo hacer el Baby Shower    <\/a>\r\n\r\n                <\/div>\r\n                            <div class=\"item\">\r\n                        <div class=\"thumb post_thumb\">\r\n        <a  title=\"\u00bfQui\u00e9n debe organizar el Baby Shower?\" href=\"https:\/\/www.evento.love\/blog\/quien-organizar-baby-shower-madrid\/\">\r\n\r\n            <img width=\"150\" height=\"150\" src=\"https:\/\/www.evento.love\/blog\/wp-content\/uploads\/2016\/09\/16_05_29_Qui\u00e9n-organiza-el-Baby-Shower-150x150.jpg\" class=\"attachment-thumbnail size-thumbnail wp-post-image\" alt=\"Organizaci\u00f3n Baby Shower Madrid fiesta beb\u00e9 embarazada\" decoding=\"async\" loading=\"lazy\" \/>\r\n\r\n        <\/a>\r\n    <\/div>\r\n\r\n    <a class=\"title post_title\"  title=\"\u00bfQui\u00e9n debe organizar el Baby Shower?\" href=\"https:\/\/www.evento.love\/blog\/quien-organizar-baby-shower-madrid\/\">\r\n                \u00bfQui\u00e9n debe organizar el Baby Shower?    <\/a>\r\n\r\n                <\/div>\r\n            \r\n    <\/div>\r\n\r\n    <script>\r\n            <\/script>\r\n    <style>\r\n        .related-post {}\r\n\r\n        .related-post .post-list {\r\n            text-align: left;\r\n                    }\r\n\r\n        .related-post .post-list .item {\r\n            margin: 5px 10px;\r\n            padding: 0px;\r\n                    }\r\n\r\n        .related-post .headline {\r\n            font-size: 24px !important;\r\n            color: #000000 !important;\r\n                    }\r\n\r\n        .related-post .headline{\r\nfont-weight:400 !important;\r\ntext-transform: uppercase;\r\n}.related-post .post-list .item .post_thumb {\r\n            max-height: 180px;\r\n            margin: 10px 0px;\r\n            padding: 0px;\r\n            display: block;\r\n                    }\r\n\r\n        .related-post .post-list .item .post_title {\r\n            font-size: 12px;\r\n            color: #607d8b;\r\n            margin: 10px 0px;\r\n            padding: 0px;\r\n            display: block;\r\n            text-decoration: none;\r\n                    }\r\n\r\n        .related-post .post-list .item .post_excerpt {\r\n            font-size: 13px;\r\n            color: #3f3f3f;\r\n            margin: 10px 0px;\r\n            padding: 0px;\r\n            display: block;\r\n            text-decoration: none;\r\n                    }\r\n\r\n        @media only screen and (min-width: 1024px) {\r\n            .related-post .post-list .item {\r\n                width: 22%;\r\n            }\r\n        }\r\n\r\n        @media only screen and (min-width: 768px) and (max-width: 1023px) {\r\n            .related-post .post-list .item {\r\n                width: 90%;\r\n            }\r\n        }\r\n\r\n        @media only screen and (min-width: 0px) and (max-width: 767px) {\r\n            .related-post .post-list .item {\r\n                width: 30%;\r\n            }\r\n        }\r\n\r\n            <\/style>\r\n        <\/div>\r\n<!-- AddThis Advanced Settings generic via filter on the_content --><!-- AddThis Share Buttons generic via filter on the_content -->","protected":false},"excerpt":{"rendered":"<p>Este cumplea\u00f1os tem\u00e1tico de Blancanieves ha resultado una aut\u00e9ntica maravilla. \u00a1C\u00f3mo disfrutamos preparando la decoraci\u00f3n de este evento! M\u00e1s art\u00edculos a tener en cuenta Baby Shower, mucho m\u00e1s que un evento social 12 consejos para un Baby Shower perfecto Cu\u00e1ndo hacer el Baby Shower \u00bfQui\u00e9n debe organizar el Baby Shower?<!-- AddThis Advanced Settings generic via filter on get_the_excerpt --><!-- AddThis Share Buttons generic via filter on get_the_excerpt --><\/p>\n    <div class=\"related-post grid\">\r\n                <div class=\"headline\">M\u00e1s art\u00edculos a tener en cuenta<\/div>\r\n        <div class=\"post-list \">\r\n\r\n                        <div class=\"item\">\r\n                        <div class=\"thumb post_thumb\">\r\n        <a  title=\"Baby Shower, mucho m\u00e1s que un evento social\" href=\"https:\/\/www.evento.love\/blog\/baby-shower-evento-social-madrid\/\">\r\n\r\n            <img width=\"150\" height=\"150\" src=\"https:\/\/www.evento.love\/blog\/wp-content\/uploads\/2016\/07\/babyshower-150x150.jpg\" class=\"attachment-thumbnail size-thumbnail wp-post-image\" alt=\"baby shower-fiesta-beb\u00e9-embarazo-embarazada\" decoding=\"async\" loading=\"lazy\" \/>\r\n\r\n        <\/a>\r\n    <\/div>\r\n\r\n    <a class=\"title post_title\"  title=\"Baby Shower, mucho m\u00e1s que un evento social\" href=\"https:\/\/www.evento.love\/blog\/baby-shower-evento-social-madrid\/\">\r\n                Baby Shower, mucho m\u00e1s que un evento social    <\/a>\r\n\r\n                <\/div>\r\n                            <div class=\"item\">\r\n                        <div class=\"thumb post_thumb\">\r\n        <a  title=\"12 consejos para un Baby Shower perfecto\" href=\"https:\/\/www.evento.love\/blog\/12-consejos-baby-shower-perfecto-madrid\/\">\r\n\r\n            <img width=\"150\" height=\"150\" src=\"https:\/\/www.evento.love\/blog\/wp-content\/uploads\/2016\/09\/16_05_20_12_consejos-para-que-tu-Baby-Shower-sea-perfecto-150x150.jpg\" class=\"attachment-thumbnail size-thumbnail wp-post-image\" alt=\"Baby Shower-perfecto-beb\u00e9-embarazado-embarazada-fiesta-babyshower\" decoding=\"async\" loading=\"lazy\" \/>\r\n\r\n        <\/a>\r\n    <\/div>\r\n\r\n    <a class=\"title post_title\"  title=\"12 consejos para un Baby Shower perfecto\" href=\"https:\/\/www.evento.love\/blog\/12-consejos-baby-shower-perfecto-madrid\/\">\r\n                12 consejos para un Baby Shower perfecto    <\/a>\r\n\r\n                <\/div>\r\n                            <div class=\"item\">\r\n                        <div class=\"thumb post_thumb\">\r\n        <a  title=\"Cu\u00e1ndo hacer el Baby Shower\" href=\"https:\/\/www.evento.love\/blog\/cuando-hacer-el-baby-shower-madrid\/\">\r\n\r\n            <img width=\"150\" height=\"150\" src=\"https:\/\/www.evento.love\/blog\/wp-content\/uploads\/2016\/09\/16_05_23_Cuando-hacer-el-Baby-Shower-150x150.jpg\" class=\"attachment-thumbnail size-thumbnail wp-post-image\" alt=\"Cu\u00e1ndo hacer el baby shower beb\u00e9 embarazo fiesta en Madrid\" decoding=\"async\" loading=\"lazy\" \/>\r\n\r\n        <\/a>\r\n    <\/div>\r\n\r\n    <a class=\"title post_title\"  title=\"Cu\u00e1ndo hacer el Baby Shower\" href=\"https:\/\/www.evento.love\/blog\/cuando-hacer-el-baby-shower-madrid\/\">\r\n                Cu\u00e1ndo hacer el Baby Shower    <\/a>\r\n\r\n                <\/div>\r\n                            <div class=\"item\">\r\n                        <div class=\"thumb post_thumb\">\r\n        <a  title=\"Baby Shower: Elaborando la lista de invitados\" href=\"https:\/\/www.evento.love\/blog\/baby-shower-lista-invitados-madrid\/\">\r\n\r\n            <img width=\"150\" height=\"150\" src=\"https:\/\/www.evento.love\/blog\/wp-content\/uploads\/2016\/09\/16_05_30_Baby-Shower-elaborando-la-lista-de-invitados-150x150.jpg\" class=\"attachment-thumbnail size-thumbnail wp-post-image\" alt=\"\" decoding=\"async\" loading=\"lazy\" \/>\r\n\r\n        <\/a>\r\n    <\/div>\r\n\r\n    <a class=\"title post_title\"  title=\"Baby Shower: Elaborando la lista de invitados\" href=\"https:\/\/www.evento.love\/blog\/baby-shower-lista-invitados-madrid\/\">\r\n                Baby Shower: Elaborando la lista de invitados    <\/a>\r\n\r\n                <\/div>\r\n            \r\n    <\/div>\r\n\r\n    <script>\r\n            <\/script>\r\n    <style>\r\n        .related-post {}\r\n\r\n        .related-post .post-list {\r\n            text-align: left;\r\n                    }\r\n\r\n        .related-post .post-list .item {\r\n            margin: 5px 10px;\r\n            padding: 0px;\r\n                    }\r\n\r\n        .related-post .headline {\r\n            font-size: 24px !important;\r\n            color: #000000 !important;\r\n                    }\r\n\r\n        .related-post .headline{\r\nfont-weight:400 !important;\r\ntext-transform: uppercase;\r\n}.related-post .post-list .item .post_thumb {\r\n            max-height: 180px;\r\n            margin: 10px 0px;\r\n            padding: 0px;\r\n            display: block;\r\n                    }\r\n\r\n        .related-post .post-list .item .post_title {\r\n            font-size: 12px;\r\n            color: #607d8b;\r\n            margin: 10px 0px;\r\n            padding: 0px;\r\n            display: block;\r\n            text-decoration: none;\r\n                    }\r\n\r\n        .related-post .post-list .item .post_excerpt {\r\n            font-size: 13px;\r\n            color: #3f3f3f;\r\n            margin: 10px 0px;\r\n            padding: 0px;\r\n            display: block;\r\n            text-decoration: none;\r\n                    }\r\n\r\n        @media only screen and (min-width: 1024px) {\r\n            .related-post .post-list .item {\r\n                width: 22%;\r\n            }\r\n        }\r\n\r\n        @media only screen and (min-width: 768px) and (max-width: 1023px) {\r\n            .related-post .post-list .item {\r\n                width: 90%;\r\n            }\r\n        }\r\n\r\n        @media only screen and (min-width: 0px) and (max-width: 767px) {\r\n            .related-post .post-list .item {\r\n                width: 30%;\r\n            }\r\n        }\r\n\r\n            <\/style>\r\n        <\/div>\r\n","protected":false},"author":1,"featured_media":2071,"comment_status":"closed","ping_status":"open","sticky":false,"template":"","format":"standard","meta":{"content-type":""},"categories":[57,391],"tags":[],"yoast_head":"<!-- This site is optimized with the Yoast SEO plugin v20.7 - https:\/\/yoast.com\/wordpress\/plugins\/seo\/ -->\n<title>Un precioso cumplea\u00f1os tem\u00e1tico de Blancanieves para Adriana<\/title>\n<meta name=\"description\" content=\"Da igual la edad, que cumplas 1 o 90 a\u00f1os, hacemos que tu celebraci\u00f3n quede en el recuerdo para siempre. Organizamos todo tipo de fiestas de aniversario y cumplea\u00f1os: invitaciones creativas, deliciosos bocadillos y almuerzos, juegos entretenidos, decoraciones y mucho m\u00e1s. \u00a1Celebra tu cumplea\u00f1os con nosotros!\" \/>\n<meta name=\"robots\" content=\"index, follow, max-snippet:-1, max-image-preview:large, max-video-preview:-1\" \/>\n<meta property=\"og:locale\" content=\"es_ES\" \/>\n<meta property=\"og:type\" content=\"article\" \/>\n<meta property=\"og:title\" content=\"Un precioso cumplea\u00f1os tem\u00e1tico de Blancanieves para Adriana\" \/>\n<meta property=\"og:description\" content=\"Da igual la edad, que cumplas 1 o 90 a\u00f1os, hacemos que tu celebraci\u00f3n quede en el recuerdo para siempre. Organizamos todo tipo de fiestas de aniversario y cumplea\u00f1os: invitaciones creativas, deliciosos bocadillos y almuerzos, juegos entretenidos, decoraciones y mucho m\u00e1s. \u00a1Celebra tu cumplea\u00f1os con nosotros!\" \/>\n<meta property=\"og:url\" content=\"https:\/\/www.evento.love\/blog\/cumpleanos-tematico-de-blancanieves-adriana-madrid\/\" \/>\n<meta property=\"og:site_name\" content=\"El Blog de evento.love\" \/>\n<meta property=\"article:publisher\" content=\"https:\/\/www.facebook.com\/Evento.love\/\" \/>\n<meta property=\"article:published_time\" content=\"2018-06-14T12:24:22+00:00\" \/>\n<meta property=\"article:modified_time\" content=\"2019-07-18T22:17:59+00:00\" \/>\n<meta property=\"og:image\" content=\"https:\/\/www.evento.love\/blog\/wp-content\/uploads\/2018\/06\/Cumplea\u00f1os-de-Blancanieves-para-Adriana-\u00e1rbol-manzanas-caramelizadas-espejito-arco-globos-enanitos.jpg\" \/>\n\t<meta property=\"og:image:width\" content=\"847\" \/>\n\t<meta property=\"og:image:height\" content=\"470\" \/>\n\t<meta property=\"og:image:type\" content=\"image\/jpeg\" \/>\n<meta name=\"author\" content=\"Evento Love\" \/>\n<meta name=\"twitter:card\" content=\"summary_large_image\" \/>\n<meta name=\"twitter:creator\" content=\"@Evento_love\" \/>\n<meta name=\"twitter:site\" content=\"@Evento_love\" \/>\n<meta name=\"twitter:label1\" content=\"Escrito por\" \/>\n\t<meta name=\"twitter:data1\" content=\"Evento Love\" \/>\n\t<meta name=\"twitter:label2\" content=\"Tiempo de lectura\" \/>\n\t<meta name=\"twitter:data2\" content=\"3 minutos\" \/>\n<!-- \/ Yoast SEO plugin. -->","yoast_head_json":{"title":"Un precioso cumplea\u00f1os tem\u00e1tico de Blancanieves para Adriana","description":"Da igual la edad, que cumplas 1 o 90 a\u00f1os, hacemos que tu celebraci\u00f3n quede en el recuerdo para siempre. Organizamos todo tipo de fiestas de aniversario y cumplea\u00f1os: invitaciones creativas, deliciosos bocadillos y almuerzos, juegos entretenidos, decoraciones y mucho m\u00e1s. \u00a1Celebra tu cumplea\u00f1os con nosotros!","robots":{"index":"index","follow":"follow","max-snippet":"max-snippet:-1","max-image-preview":"max-image-preview:large","max-video-preview":"max-video-preview:-1"},"og_locale":"es_ES","og_type":"article","og_title":"Un precioso cumplea\u00f1os tem\u00e1tico de Blancanieves para Adriana","og_description":"Da igual la edad, que cumplas 1 o 90 a\u00f1os, hacemos que tu celebraci\u00f3n quede en el recuerdo para siempre. Organizamos todo tipo de fiestas de aniversario y cumplea\u00f1os: invitaciones creativas, deliciosos bocadillos y almuerzos, juegos entretenidos, decoraciones y mucho m\u00e1s. \u00a1Celebra tu cumplea\u00f1os con nosotros!","og_url":"https:\/\/www.evento.love\/blog\/cumpleanos-tematico-de-blancanieves-adriana-madrid\/","og_site_name":"El Blog de evento.love","article_publisher":"https:\/\/www.facebook.com\/Evento.love\/","article_published_time":"2018-06-14T12:24:22+00:00","article_modified_time":"2019-07-18T22:17:59+00:00","og_image":[{"width":"847","height":"470","url":"https:\/\/www.evento.love\/blog\/wp-content\/uploads\/2018\/06\/Cumplea\u00f1os-de-Blancanieves-para-Adriana-\u00e1rbol-manzanas-caramelizadas-espejito-arco-globos-enanitos.jpg","type":"image\/jpeg"}],"author":"Evento Love","twitter_card":"summary_large_image","twitter_creator":"@Evento_love","twitter_site":"@Evento_love","twitter_misc":{"Escrito por":"Evento Love","Tiempo de lectura":"3 minutos"},"schema":{"@context":"https:\/\/schema.org","@graph":[{"@type":"Article","@id":"https:\/\/www.evento.love\/blog\/cumpleanos-tematico-de-blancanieves-adriana-madrid\/#article","isPartOf":{"@id":"https:\/\/www.evento.love\/blog\/cumpleanos-tematico-de-blancanieves-adriana-madrid\/"},"author":{"name":"Evento Love","@id":"https:\/\/www.evento.love\/blog\/#\/schema\/person\/a184c2ed424b7fb3006372ce8051542c"},"headline":"Un precioso cumplea\u00f1os tem\u00e1tico de Blancanieves para Adriana","datePublished":"2018-06-14T12:24:22+00:00","dateModified":"2019-07-18T22:17:59+00:00","mainEntityOfPage":{"@id":"https:\/\/www.evento.love\/blog\/cumpleanos-tematico-de-blancanieves-adriana-madrid\/"},"wordCount":535,"publisher":{"@id":"https:\/\/www.evento.love\/blog\/#organization"},"articleSection":["Cumplea\u00f1os","Nuestros eventos"],"inLanguage":"es"},{"@type":"WebPage","@id":"https:\/\/www.evento.love\/blog\/cumpleanos-tematico-de-blancanieves-adriana-madrid\/","url":"https:\/\/www.evento.love\/blog\/cumpleanos-tematico-de-blancanieves-adriana-madrid\/","name":"Un precioso cumplea\u00f1os tem\u00e1tico de Blancanieves para Adriana","isPartOf":{"@id":"https:\/\/www.evento.love\/blog\/#website"},"datePublished":"2018-06-14T12:24:22+00:00","dateModified":"2019-07-18T22:17:59+00:00","description":"Da igual la edad, que cumplas 1 o 90 a\u00f1os, hacemos que tu celebraci\u00f3n quede en el recuerdo para siempre. Organizamos todo tipo de fiestas de aniversario y cumplea\u00f1os: invitaciones creativas, deliciosos bocadillos y almuerzos, juegos entretenidos, decoraciones y mucho m\u00e1s. \u00a1Celebra tu cumplea\u00f1os con nosotros!","breadcrumb":{"@id":"https:\/\/www.evento.love\/blog\/cumpleanos-tematico-de-blancanieves-adriana-madrid\/#breadcrumb"},"inLanguage":"es","potentialAction":[{"@type":"ReadAction","target":["https:\/\/www.evento.love\/blog\/cumpleanos-tematico-de-blancanieves-adriana-madrid\/"]}]},{"@type":"BreadcrumbList","@id":"https:\/\/www.evento.love\/blog\/cumpleanos-tematico-de-blancanieves-adriana-madrid\/#breadcrumb","itemListElement":[{"@type":"ListItem","position":1,"name":"Evento.love","item":"https:\/\/www.evento.love\/blog\/"},{"@type":"ListItem","position":2,"name":"Nuestros eventos","item":"https:\/\/www.evento.love\/blog\/category\/nuestros-eventos\/"},{"@type":"ListItem","position":3,"name":"Un precioso cumplea\u00f1os tem\u00e1tico de Blancanieves para Adriana"}]},{"@type":"WebSite","@id":"https:\/\/www.evento.love\/blog\/#website","url":"https:\/\/www.evento.love\/blog\/","name":"El Blog de evento.love","description":"T\u00fa lo mereces. Disfruta de tu momento","publisher":{"@id":"https:\/\/www.evento.love\/blog\/#organization"},"potentialAction":[{"@type":"SearchAction","target":{"@type":"EntryPoint","urlTemplate":"https:\/\/www.evento.love\/blog\/?s={search_term_string}"},"query-input":"required name=search_term_string"}],"inLanguage":"es"},{"@type":"Organization","@id":"https:\/\/www.evento.love\/blog\/#organization","name":"evento.love","url":"https:\/\/www.evento.love\/blog\/","logo":{"@type":"ImageObject","inLanguage":"es","@id":"https:\/\/www.evento.love\/blog\/#\/schema\/logo\/image\/","url":"https:\/\/www.evento.love\/blog\/wp-content\/uploads\/2016\/07\/logo-evento-love.png","contentUrl":"https:\/\/www.evento.love\/blog\/wp-content\/uploads\/2016\/07\/logo-evento-love.png","width":197,"height":59,"caption":"evento.love"},"image":{"@id":"https:\/\/www.evento.love\/blog\/#\/schema\/logo\/image\/"},"sameAs":["https:\/\/www.facebook.com\/Evento.love\/","https:\/\/twitter.com\/Evento_love","https:\/\/www.instagram.com\/evento.love\/","https:\/\/es.pinterest.com\/evento_love\/","https:\/\/www.youtube.com\/channel\/UCcVbo6ymzx-7FlDJja8aQnw"]},{"@type":"Person","@id":"https:\/\/www.evento.love\/blog\/#\/schema\/person\/a184c2ed424b7fb3006372ce8051542c","name":"Evento Love"}]}},"_links":{"self":[{"href":"https:\/\/www.evento.love\/blog\/wp-json\/wp\/v2\/posts\/2065"}],"collection":[{"href":"https:\/\/www.evento.love\/blog\/wp-json\/wp\/v2\/posts"}],"about":[{"href":"https:\/\/www.evento.love\/blog\/wp-json\/wp\/v2\/types\/post"}],"author":[{"embeddable":true,"href":"https:\/\/www.evento.love\/blog\/wp-json\/wp\/v2\/users\/1"}],"replies":[{"embeddable":true,"href":"https:\/\/www.evento.love\/blog\/wp-json\/wp\/v2\/comments?post=2065"}],"version-history":[{"count":4,"href":"https:\/\/www.evento.love\/blog\/wp-json\/wp\/v2\/posts\/2065\/revisions"}],"predecessor-version":[{"id":5015,"href":"https:\/\/www.evento.love\/blog\/wp-json\/wp\/v2\/posts\/2065\/revisions\/5015"}],"wp:featuredmedia":[{"embeddable":true,"href":"https:\/\/www.evento.love\/blog\/wp-json\/wp\/v2\/media\/2071"}],"wp:attachment":[{"href":"https:\/\/www.evento.love\/blog\/wp-json\/wp\/v2\/media?parent=2065"}],"wp:term":[{"taxonomy":"category","embeddable":true,"href":"https:\/\/www.evento.love\/blog\/wp-json\/wp\/v2\/categories?post=2065"},{"taxonomy":"post_tag","embeddable":true,"href":"https:\/\/www.evento.love\/blog\/wp-json\/wp\/v2\/tags?post=2065"}],"curies":[{"name":"wp","href":"https:\/\/api.w.org\/{rel}","templated":true}]}}