{"id":2085,"date":"2018-06-21T12:56:16","date_gmt":"2018-06-21T10:56:16","guid":{"rendered":"https:\/\/www.evento.love\/blog\/?p=2085"},"modified":"2019-07-19T00:17:59","modified_gmt":"2019-07-18T22:17:59","slug":"fiesta-de-cumpleanos-y-graduacion-lydia-madrid","status":"publish","type":"post","link":"https:\/\/www.evento.love\/blog\/fiesta-de-cumpleanos-y-graduacion-lydia-madrid\/","title":{"rendered":"Fiesta de cumplea\u00f1os y graduaci\u00f3n sorpresa de Lydia"},"content":{"rendered":"<p>Una fiesta de cumplea\u00f1os y graduaci\u00f3n, o c\u00f3mo celebrar los 18 a\u00f1os y el fin de una etapa vital en compa\u00f1\u00eda de tus seres queridos. \u00a1Os contamos todos los detalles de la fiesta sorpresa de Lydia!<!--more--><\/p>\n<h2>Un desaf\u00edo para la organizaci\u00f3n<\/h2>\n<p>Cada evento que hacemos es diferente, \u00fanico y personal. Esto es lo que hace que nos apasionemos y que todo quede perfecto en las celebraciones que organizamos.<\/p>\n<p>Esta fiesta de cumplea\u00f1os y de graduaci\u00f3n ha supuesto un gran desaf\u00edo para Evento.love. Por un lado, se trata de <strong>una doble celebraci\u00f3n<\/strong> de dos hitos muy importantes en la vida de cualquier persona: entrar en la mayor\u00eda de edad, y el cierre de una importante etapa educativa. Por otro lado, la madre de la protagonista nos pidi\u00f3 que fuese una sorpresa. De este modo, resulta m\u00e1s complejo nuestro trabajo, ya que nos debemos esforzar por acertar en todos los detalles y complementos sin poder consultar nada con la reina de la fiesta. Se trata de todo un reto que nos encanta afrontar, ya que nos motiva y hace que nos enamoremos cada d\u00eda un poco m\u00e1s de nuestra profesi\u00f3n.<\/p>\n<h2>La decoraci\u00f3n\u00a0para la fiesta de cumplea\u00f1os y graduaci\u00f3n<\/h2>\n<p>El local elegido para celebrar la <a href=\"https:\/\/www.evento.love\/blog\/category\/cumpleanos\/\" target=\"_blank\" rel=\"noopener noreferrer\">fiesta de cumplea\u00f1os<\/a> y graduaci\u00f3n es un espacio com\u00fan de la urbanizaci\u00f3n donde vive la familia, en el centro de Madrid. Se trata de una sal\u00f3n amplio y c\u00f3modo, que nos permiti\u00f3 estar desde muy temprano decorando y organizando las mesas, el sal\u00f3n y el photocall.<\/p>\n<p>En cuanto a la tem\u00e1tica, <strong>nos decidimos por Par\u00eds<\/strong>, que aportar\u00eda un toque de elegancia y glamour a un momento tan importante en la vida de Lydia. As\u00ed nos pusimos manos a la obra con el dise\u00f1o de los postres: cupcakes, cakepops, galletas y claro est\u00e1, \u00a1la tarta!. Acorde con la <a href=\"https:\/\/www.evento.love\/blog\/fiesta-quince-cumple-fucsia-negro-paris\/\" target=\"_blank\" rel=\"noopener noreferrer\">decoraci\u00f3n parisina<\/a>, preparamos representaciones de la Torre Eiffel, y como complemento, flores, pompones y abanicos en blanco, rosa, negro y dorado.<\/p>\n<p><img decoding=\"async\" loading=\"lazy\" class=\"aligncenter wp-image-2090 size-full\" src=\"https:\/\/www.evento.love\/blog\/wp-content\/uploads\/2018\/06\/Fiesta-de-cumplea\u00f1os-y-graduaci\u00f3n-Madrid-velas-tarta-rosa-negro-blanco-par\u00eds-torre-eiffel-mesa-dulce-catering.png\" alt=\"Fiesta de cumplea\u00f1os y graduaci\u00f3n Madrid velas tarta rosa negro blanco par\u00eds torre eiffel mesa dulce catering\" width=\"847\" height=\"470\" srcset=\"https:\/\/www.evento.love\/blog\/wp-content\/uploads\/2018\/06\/Fiesta-de-cumplea\u00f1os-y-graduaci\u00f3n-Madrid-velas-tarta-rosa-negro-blanco-par\u00eds-torre-eiffel-mesa-dulce-catering.png 847w, https:\/\/www.evento.love\/blog\/wp-content\/uploads\/2018\/06\/Fiesta-de-cumplea\u00f1os-y-graduaci\u00f3n-Madrid-velas-tarta-rosa-negro-blanco-par\u00eds-torre-eiffel-mesa-dulce-catering-300x166.png 300w, https:\/\/www.evento.love\/blog\/wp-content\/uploads\/2018\/06\/Fiesta-de-cumplea\u00f1os-y-graduaci\u00f3n-Madrid-velas-tarta-rosa-negro-blanco-par\u00eds-torre-eiffel-mesa-dulce-catering-768x426.png 768w, https:\/\/www.evento.love\/blog\/wp-content\/uploads\/2018\/06\/Fiesta-de-cumplea\u00f1os-y-graduaci\u00f3n-Madrid-velas-tarta-rosa-negro-blanco-par\u00eds-torre-eiffel-mesa-dulce-catering-487x270.png 487w\" sizes=\"(max-width: 847px) 100vw, 847px\" \/><\/p>\n<h2>El catering<\/h2>\n<p>Adem\u00e1s de la mesa dulce, seleccionamos el siguiente <strong>men\u00fa<\/strong>:<\/p>\n<ul>\n<li>Jam\u00f3n Ib\u00e9rico de Bellota con picos de Jerez<\/li>\n<li>Surtido de quesos semi-curados con nueces, pasas y rega\u00f1\u00e1s<\/li>\n<li>Brochetas de cherry con mozzarella<\/li>\n<li>Empanada de hojaldre de at\u00fan con verdura<\/li>\n<li>Medias noches de esp\u00e1rragos<\/li>\n<li>Medias noches de mortadela de Bolonia<\/li>\n<li>Focaccias de mozzarella con tomate seco al pesto<\/li>\n<li>Pinchos de salm\u00f3n con Brie<\/li>\n<li>Mini hamburguesas con cebolla caramelizada y tomate<\/li>\n<li>Bandeja de Hummus con dips de ma\u00edz y zanahoria<\/li>\n<li>S\u00e1ndwiches cocktail variados<\/li>\n<li>Croquetas caseras de bacalao al cilantro<\/li>\n<\/ul>\n<p>Una hora antes de que comenzase la celebraci\u00f3n, ya estaba todo dispuesto. Cuando lleg\u00f3 la agasajada, qued\u00f3 feliz y encantada con la maravillosa sorpresa de regalo que le ofrecieron sus padres. En ese momento supimos que todo el esfuerzo y dedicaci\u00f3n hab\u00edan llegado a buen puerto. \u00a1Reto superado!<\/p>\n<p>\u00bfQuieres celebrar un cumplea\u00f1os inolvidable? <a href=\"https:\/\/www.evento.love\/#contacto\" target=\"_blank\" rel=\"noopener noreferrer\">Contacta con nosotros<\/a> y te ayudaremos a organizar una fiesta que<\/p>\n    <div class=\"related-post grid\">\r\n                <div class=\"headline\">M\u00e1s art\u00edculos a tener en cuenta<\/div>\r\n        <div class=\"post-list \">\r\n\r\n                        <div class=\"item\">\r\n                        <div class=\"thumb post_thumb\">\r\n        <a  title=\"Baby Shower, mucho m\u00e1s que un evento social\" href=\"https:\/\/www.evento.love\/blog\/baby-shower-evento-social-madrid\/\">\r\n\r\n            <img width=\"150\" height=\"150\" src=\"https:\/\/www.evento.love\/blog\/wp-content\/uploads\/2016\/07\/babyshower-150x150.jpg\" class=\"attachment-thumbnail size-thumbnail wp-post-image\" alt=\"baby shower-fiesta-beb\u00e9-embarazo-embarazada\" decoding=\"async\" loading=\"lazy\" \/>\r\n\r\n        <\/a>\r\n    <\/div>\r\n\r\n    <a class=\"title post_title\"  title=\"Baby Shower, mucho m\u00e1s que un evento social\" href=\"https:\/\/www.evento.love\/blog\/baby-shower-evento-social-madrid\/\">\r\n                Baby Shower, mucho m\u00e1s que un evento social    <\/a>\r\n\r\n                <\/div>\r\n                            <div class=\"item\">\r\n                        <div class=\"thumb post_thumb\">\r\n        <a  title=\"12 consejos para un Baby Shower perfecto\" href=\"https:\/\/www.evento.love\/blog\/12-consejos-baby-shower-perfecto-madrid\/\">\r\n\r\n            <img width=\"150\" height=\"150\" src=\"https:\/\/www.evento.love\/blog\/wp-content\/uploads\/2016\/09\/16_05_20_12_consejos-para-que-tu-Baby-Shower-sea-perfecto-150x150.jpg\" class=\"attachment-thumbnail size-thumbnail wp-post-image\" alt=\"Baby Shower-perfecto-beb\u00e9-embarazado-embarazada-fiesta-babyshower\" decoding=\"async\" loading=\"lazy\" \/>\r\n\r\n        <\/a>\r\n    <\/div>\r\n\r\n    <a class=\"title post_title\"  title=\"12 consejos para un Baby Shower perfecto\" href=\"https:\/\/www.evento.love\/blog\/12-consejos-baby-shower-perfecto-madrid\/\">\r\n                12 consejos para un Baby Shower perfecto    <\/a>\r\n\r\n                <\/div>\r\n                            <div class=\"item\">\r\n                        <div class=\"thumb post_thumb\">\r\n        <a  title=\"Cu\u00e1ndo hacer el Baby Shower\" href=\"https:\/\/www.evento.love\/blog\/cuando-hacer-el-baby-shower-madrid\/\">\r\n\r\n            <img width=\"150\" height=\"150\" src=\"https:\/\/www.evento.love\/blog\/wp-content\/uploads\/2016\/09\/16_05_23_Cuando-hacer-el-Baby-Shower-150x150.jpg\" class=\"attachment-thumbnail size-thumbnail wp-post-image\" alt=\"Cu\u00e1ndo hacer el baby shower beb\u00e9 embarazo fiesta en Madrid\" decoding=\"async\" loading=\"lazy\" \/>\r\n\r\n        <\/a>\r\n    <\/div>\r\n\r\n    <a class=\"title post_title\"  title=\"Cu\u00e1ndo hacer el Baby Shower\" href=\"https:\/\/www.evento.love\/blog\/cuando-hacer-el-baby-shower-madrid\/\">\r\n                Cu\u00e1ndo hacer el Baby Shower    <\/a>\r\n\r\n                <\/div>\r\n                            <div class=\"item\">\r\n                        <div class=\"thumb post_thumb\">\r\n        <a  title=\"\u00bfQui\u00e9n debe organizar el Baby Shower?\" href=\"https:\/\/www.evento.love\/blog\/quien-organizar-baby-shower-madrid\/\">\r\n\r\n            <img width=\"150\" height=\"150\" src=\"https:\/\/www.evento.love\/blog\/wp-content\/uploads\/2016\/09\/16_05_29_Qui\u00e9n-organiza-el-Baby-Shower-150x150.jpg\" class=\"attachment-thumbnail size-thumbnail wp-post-image\" alt=\"Organizaci\u00f3n Baby Shower Madrid fiesta beb\u00e9 embarazada\" decoding=\"async\" loading=\"lazy\" \/>\r\n\r\n        <\/a>\r\n    <\/div>\r\n\r\n    <a class=\"title post_title\"  title=\"\u00bfQui\u00e9n debe organizar el Baby Shower?\" href=\"https:\/\/www.evento.love\/blog\/quien-organizar-baby-shower-madrid\/\">\r\n                \u00bfQui\u00e9n debe organizar el Baby Shower?    <\/a>\r\n\r\n                <\/div>\r\n            \r\n    <\/div>\r\n\r\n    <script>\r\n            <\/script>\r\n    <style>\r\n        .related-post {}\r\n\r\n        .related-post .post-list {\r\n            text-align: left;\r\n                    }\r\n\r\n        .related-post .post-list .item {\r\n            margin: 5px 10px;\r\n            padding: 0px;\r\n                    }\r\n\r\n        .related-post .headline {\r\n            font-size: 24px !important;\r\n            color: #000000 !important;\r\n                    }\r\n\r\n        .related-post .headline{\r\nfont-weight:400 !important;\r\ntext-transform: uppercase;\r\n}.related-post .post-list .item .post_thumb {\r\n            max-height: 180px;\r\n            margin: 10px 0px;\r\n            padding: 0px;\r\n            display: block;\r\n                    }\r\n\r\n        .related-post .post-list .item .post_title {\r\n            font-size: 12px;\r\n            color: #607d8b;\r\n            margin: 10px 0px;\r\n            padding: 0px;\r\n            display: block;\r\n            text-decoration: none;\r\n                    }\r\n\r\n        .related-post .post-list .item .post_excerpt {\r\n            font-size: 13px;\r\n            color: #3f3f3f;\r\n            margin: 10px 0px;\r\n            padding: 0px;\r\n            display: block;\r\n            text-decoration: none;\r\n                    }\r\n\r\n        @media only screen and (min-width: 1024px) {\r\n            .related-post .post-list .item {\r\n                width: 22%;\r\n            }\r\n        }\r\n\r\n        @media only screen and (min-width: 768px) and (max-width: 1023px) {\r\n            .related-post .post-list .item {\r\n                width: 90%;\r\n            }\r\n        }\r\n\r\n        @media only screen and (min-width: 0px) and (max-width: 767px) {\r\n            .related-post .post-list .item {\r\n                width: 30%;\r\n            }\r\n        }\r\n\r\n            <\/style>\r\n        <\/div>\r\n<!-- AddThis Advanced Settings generic via filter on the_content --><!-- AddThis Share Buttons generic via filter on the_content -->","protected":false},"excerpt":{"rendered":"<p>Una fiesta de cumplea\u00f1os y graduaci\u00f3n, o c\u00f3mo celebrar los 18 a\u00f1os y el fin de una etapa vital en compa\u00f1\u00eda de tus seres queridos. \u00a1Os contamos todos los detalles de la fiesta sorpresa de Lydia! M\u00e1s art\u00edculos a tener en cuenta Baby Shower, mucho m\u00e1s que un evento social 12 consejos para un Baby Shower perfecto Cu\u00e1ndo hacer el Baby Shower \u00bfQui\u00e9n debe organizar el Baby Shower?<!-- AddThis Advanced Settings generic via filter on get_the_excerpt --><!-- AddThis Share Buttons generic via filter on get_the_excerpt --><\/p>\n    <div class=\"related-post grid\">\r\n                <div class=\"headline\">M\u00e1s art\u00edculos a tener en cuenta<\/div>\r\n        <div class=\"post-list \">\r\n\r\n                        <div class=\"item\">\r\n                        <div class=\"thumb post_thumb\">\r\n        <a  title=\"Baby Shower, mucho m\u00e1s que un evento social\" href=\"https:\/\/www.evento.love\/blog\/baby-shower-evento-social-madrid\/\">\r\n\r\n            <img width=\"150\" height=\"150\" src=\"https:\/\/www.evento.love\/blog\/wp-content\/uploads\/2016\/07\/babyshower-150x150.jpg\" class=\"attachment-thumbnail size-thumbnail wp-post-image\" alt=\"baby shower-fiesta-beb\u00e9-embarazo-embarazada\" decoding=\"async\" loading=\"lazy\" \/>\r\n\r\n        <\/a>\r\n    <\/div>\r\n\r\n    <a class=\"title post_title\"  title=\"Baby Shower, mucho m\u00e1s que un evento social\" href=\"https:\/\/www.evento.love\/blog\/baby-shower-evento-social-madrid\/\">\r\n                Baby Shower, mucho m\u00e1s que un evento social    <\/a>\r\n\r\n                <\/div>\r\n                            <div class=\"item\">\r\n                        <div class=\"thumb post_thumb\">\r\n        <a  title=\"12 consejos para un Baby Shower perfecto\" href=\"https:\/\/www.evento.love\/blog\/12-consejos-baby-shower-perfecto-madrid\/\">\r\n\r\n            <img width=\"150\" height=\"150\" src=\"https:\/\/www.evento.love\/blog\/wp-content\/uploads\/2016\/09\/16_05_20_12_consejos-para-que-tu-Baby-Shower-sea-perfecto-150x150.jpg\" class=\"attachment-thumbnail size-thumbnail wp-post-image\" alt=\"Baby Shower-perfecto-beb\u00e9-embarazado-embarazada-fiesta-babyshower\" decoding=\"async\" loading=\"lazy\" \/>\r\n\r\n        <\/a>\r\n    <\/div>\r\n\r\n    <a class=\"title post_title\"  title=\"12 consejos para un Baby Shower perfecto\" href=\"https:\/\/www.evento.love\/blog\/12-consejos-baby-shower-perfecto-madrid\/\">\r\n                12 consejos para un Baby Shower perfecto    <\/a>\r\n\r\n                <\/div>\r\n                            <div class=\"item\">\r\n                        <div class=\"thumb post_thumb\">\r\n        <a  title=\"Cu\u00e1ndo hacer el Baby Shower\" href=\"https:\/\/www.evento.love\/blog\/cuando-hacer-el-baby-shower-madrid\/\">\r\n\r\n            <img width=\"150\" height=\"150\" src=\"https:\/\/www.evento.love\/blog\/wp-content\/uploads\/2016\/09\/16_05_23_Cuando-hacer-el-Baby-Shower-150x150.jpg\" class=\"attachment-thumbnail size-thumbnail wp-post-image\" alt=\"Cu\u00e1ndo hacer el baby shower beb\u00e9 embarazo fiesta en Madrid\" decoding=\"async\" loading=\"lazy\" \/>\r\n\r\n        <\/a>\r\n    <\/div>\r\n\r\n    <a class=\"title post_title\"  title=\"Cu\u00e1ndo hacer el Baby Shower\" href=\"https:\/\/www.evento.love\/blog\/cuando-hacer-el-baby-shower-madrid\/\">\r\n                Cu\u00e1ndo hacer el Baby Shower    <\/a>\r\n\r\n                <\/div>\r\n                            <div class=\"item\">\r\n                        <div class=\"thumb post_thumb\">\r\n        <a  title=\"Baby Shower: Elaborando la lista de invitados\" href=\"https:\/\/www.evento.love\/blog\/baby-shower-lista-invitados-madrid\/\">\r\n\r\n            <img width=\"150\" height=\"150\" src=\"https:\/\/www.evento.love\/blog\/wp-content\/uploads\/2016\/09\/16_05_30_Baby-Shower-elaborando-la-lista-de-invitados-150x150.jpg\" class=\"attachment-thumbnail size-thumbnail wp-post-image\" alt=\"\" decoding=\"async\" loading=\"lazy\" \/>\r\n\r\n        <\/a>\r\n    <\/div>\r\n\r\n    <a class=\"title post_title\"  title=\"Baby Shower: Elaborando la lista de invitados\" href=\"https:\/\/www.evento.love\/blog\/baby-shower-lista-invitados-madrid\/\">\r\n                Baby Shower: Elaborando la lista de invitados    <\/a>\r\n\r\n                <\/div>\r\n            \r\n    <\/div>\r\n\r\n    <script>\r\n            <\/script>\r\n    <style>\r\n        .related-post {}\r\n\r\n        .related-post .post-list {\r\n            text-align: left;\r\n                    }\r\n\r\n        .related-post .post-list .item {\r\n            margin: 5px 10px;\r\n            padding: 0px;\r\n                    }\r\n\r\n        .related-post .headline {\r\n            font-size: 24px !important;\r\n            color: #000000 !important;\r\n                    }\r\n\r\n        .related-post .headline{\r\nfont-weight:400 !important;\r\ntext-transform: uppercase;\r\n}.related-post .post-list .item .post_thumb {\r\n            max-height: 180px;\r\n            margin: 10px 0px;\r\n            padding: 0px;\r\n            display: block;\r\n                    }\r\n\r\n        .related-post .post-list .item .post_title {\r\n            font-size: 12px;\r\n            color: #607d8b;\r\n            margin: 10px 0px;\r\n            padding: 0px;\r\n            display: block;\r\n            text-decoration: none;\r\n                    }\r\n\r\n        .related-post .post-list .item .post_excerpt {\r\n            font-size: 13px;\r\n            color: #3f3f3f;\r\n            margin: 10px 0px;\r\n            padding: 0px;\r\n            display: block;\r\n            text-decoration: none;\r\n                    }\r\n\r\n        @media only screen and (min-width: 1024px) {\r\n            .related-post .post-list .item {\r\n                width: 22%;\r\n            }\r\n        }\r\n\r\n        @media only screen and (min-width: 768px) and (max-width: 1023px) {\r\n            .related-post .post-list .item {\r\n                width: 90%;\r\n            }\r\n        }\r\n\r\n        @media only screen and (min-width: 0px) and (max-width: 767px) {\r\n            .related-post .post-list .item {\r\n                width: 30%;\r\n            }\r\n        }\r\n\r\n            <\/style>\r\n        <\/div>\r\n","protected":false},"author":1,"featured_media":2089,"comment_status":"closed","ping_status":"open","sticky":false,"template":"","format":"standard","meta":{"content-type":""},"categories":[57,391],"tags":[827,828,829,40,479,830],"yoast_head":"<!-- This site is optimized with the Yoast SEO plugin v20.7 - https:\/\/yoast.com\/wordpress\/plugins\/seo\/ -->\n<title>Fiesta de cumplea\u00f1os y graduaci\u00f3n sorpresa para Lydia<\/title>\n<meta name=\"description\" content=\"Da igual la edad, que cumplas 1 o 90 a\u00f1os, hacemos que tu celebraci\u00f3n quede en el recuerdo para siempre. Organizamos todo tipo de fiestas de aniversario y cumplea\u00f1os: invitaciones creativas, deliciosos bocadillos y almuerzos, juegos entretenidos, decoraciones y mucho m\u00e1s. \u00a1Celebra tu cumplea\u00f1os con nosotros!\" \/>\n<meta name=\"robots\" content=\"index, follow, max-snippet:-1, max-image-preview:large, max-video-preview:-1\" \/>\n<meta property=\"og:locale\" content=\"es_ES\" \/>\n<meta property=\"og:type\" content=\"article\" \/>\n<meta property=\"og:title\" content=\"Fiesta de cumplea\u00f1os y graduaci\u00f3n sorpresa para Lydia\" \/>\n<meta property=\"og:description\" content=\"Da igual la edad, que cumplas 1 o 90 a\u00f1os, hacemos que tu celebraci\u00f3n quede en el recuerdo para siempre. Organizamos todo tipo de fiestas de aniversario y cumplea\u00f1os: invitaciones creativas, deliciosos bocadillos y almuerzos, juegos entretenidos, decoraciones y mucho m\u00e1s. \u00a1Celebra tu cumplea\u00f1os con nosotros!\" \/>\n<meta property=\"og:url\" content=\"https:\/\/www.evento.love\/blog\/fiesta-de-cumpleanos-y-graduacion-lydia-madrid\/\" \/>\n<meta property=\"og:site_name\" content=\"El Blog de evento.love\" \/>\n<meta property=\"article:publisher\" content=\"https:\/\/www.facebook.com\/Evento.love\/\" \/>\n<meta property=\"article:published_time\" content=\"2018-06-21T10:56:16+00:00\" \/>\n<meta property=\"article:modified_time\" content=\"2019-07-18T22:17:59+00:00\" \/>\n<meta property=\"og:image\" content=\"https:\/\/www.evento.love\/blog\/wp-content\/uploads\/2018\/06\/Fiesta-de-cumplea\u00f1os-y-graduaci\u00f3n-sorpresa-de-Lydia-Madrid-tarta-rosa-negro-par\u00eds-torre-eiffel-cupcakes.png\" \/>\n\t<meta property=\"og:image:width\" content=\"847\" \/>\n\t<meta property=\"og:image:height\" content=\"470\" \/>\n\t<meta property=\"og:image:type\" content=\"image\/png\" \/>\n<meta name=\"author\" content=\"Evento Love\" \/>\n<meta name=\"twitter:card\" content=\"summary_large_image\" \/>\n<meta name=\"twitter:creator\" content=\"@Evento_love\" \/>\n<meta name=\"twitter:site\" content=\"@Evento_love\" \/>\n<meta name=\"twitter:label1\" content=\"Escrito por\" \/>\n\t<meta name=\"twitter:data1\" content=\"Evento Love\" \/>\n\t<meta name=\"twitter:label2\" content=\"Tiempo de lectura\" \/>\n\t<meta name=\"twitter:data2\" content=\"3 minutos\" \/>\n<!-- \/ Yoast SEO plugin. -->","yoast_head_json":{"title":"Fiesta de cumplea\u00f1os y graduaci\u00f3n sorpresa para Lydia","description":"Da igual la edad, que cumplas 1 o 90 a\u00f1os, hacemos que tu celebraci\u00f3n quede en el recuerdo para siempre. Organizamos todo tipo de fiestas de aniversario y cumplea\u00f1os: invitaciones creativas, deliciosos bocadillos y almuerzos, juegos entretenidos, decoraciones y mucho m\u00e1s. \u00a1Celebra tu cumplea\u00f1os con nosotros!","robots":{"index":"index","follow":"follow","max-snippet":"max-snippet:-1","max-image-preview":"max-image-preview:large","max-video-preview":"max-video-preview:-1"},"og_locale":"es_ES","og_type":"article","og_title":"Fiesta de cumplea\u00f1os y graduaci\u00f3n sorpresa para Lydia","og_description":"Da igual la edad, que cumplas 1 o 90 a\u00f1os, hacemos que tu celebraci\u00f3n quede en el recuerdo para siempre. Organizamos todo tipo de fiestas de aniversario y cumplea\u00f1os: invitaciones creativas, deliciosos bocadillos y almuerzos, juegos entretenidos, decoraciones y mucho m\u00e1s. \u00a1Celebra tu cumplea\u00f1os con nosotros!","og_url":"https:\/\/www.evento.love\/blog\/fiesta-de-cumpleanos-y-graduacion-lydia-madrid\/","og_site_name":"El Blog de evento.love","article_publisher":"https:\/\/www.facebook.com\/Evento.love\/","article_published_time":"2018-06-21T10:56:16+00:00","article_modified_time":"2019-07-18T22:17:59+00:00","og_image":[{"width":"847","height":"470","url":"https:\/\/www.evento.love\/blog\/wp-content\/uploads\/2018\/06\/Fiesta-de-cumplea\u00f1os-y-graduaci\u00f3n-sorpresa-de-Lydia-Madrid-tarta-rosa-negro-par\u00eds-torre-eiffel-cupcakes.png","type":"image\/png"}],"author":"Evento Love","twitter_card":"summary_large_image","twitter_creator":"@Evento_love","twitter_site":"@Evento_love","twitter_misc":{"Escrito por":"Evento Love","Tiempo de lectura":"3 minutos"},"schema":{"@context":"https:\/\/schema.org","@graph":[{"@type":"Article","@id":"https:\/\/www.evento.love\/blog\/fiesta-de-cumpleanos-y-graduacion-lydia-madrid\/#article","isPartOf":{"@id":"https:\/\/www.evento.love\/blog\/fiesta-de-cumpleanos-y-graduacion-lydia-madrid\/"},"author":{"name":"Evento Love","@id":"https:\/\/www.evento.love\/blog\/#\/schema\/person\/a184c2ed424b7fb3006372ce8051542c"},"headline":"Fiesta de cumplea\u00f1os y graduaci\u00f3n sorpresa de Lydia","datePublished":"2018-06-21T10:56:16+00:00","dateModified":"2019-07-18T22:17:59+00:00","mainEntityOfPage":{"@id":"https:\/\/www.evento.love\/blog\/fiesta-de-cumpleanos-y-graduacion-lydia-madrid\/"},"wordCount":527,"publisher":{"@id":"https:\/\/www.evento.love\/blog\/#organization"},"keywords":["18 cumplea\u00f1os","graduaci\u00f3n","Par\u00eds","photocall","photocall cumplea\u00f1os","Rosa"],"articleSection":["Cumplea\u00f1os","Nuestros eventos"],"inLanguage":"es"},{"@type":"WebPage","@id":"https:\/\/www.evento.love\/blog\/fiesta-de-cumpleanos-y-graduacion-lydia-madrid\/","url":"https:\/\/www.evento.love\/blog\/fiesta-de-cumpleanos-y-graduacion-lydia-madrid\/","name":"Fiesta de cumplea\u00f1os y graduaci\u00f3n sorpresa para Lydia","isPartOf":{"@id":"https:\/\/www.evento.love\/blog\/#website"},"datePublished":"2018-06-21T10:56:16+00:00","dateModified":"2019-07-18T22:17:59+00:00","description":"Da igual la edad, que cumplas 1 o 90 a\u00f1os, hacemos que tu celebraci\u00f3n quede en el recuerdo para siempre. Organizamos todo tipo de fiestas de aniversario y cumplea\u00f1os: invitaciones creativas, deliciosos bocadillos y almuerzos, juegos entretenidos, decoraciones y mucho m\u00e1s. \u00a1Celebra tu cumplea\u00f1os con nosotros!","breadcrumb":{"@id":"https:\/\/www.evento.love\/blog\/fiesta-de-cumpleanos-y-graduacion-lydia-madrid\/#breadcrumb"},"inLanguage":"es","potentialAction":[{"@type":"ReadAction","target":["https:\/\/www.evento.love\/blog\/fiesta-de-cumpleanos-y-graduacion-lydia-madrid\/"]}]},{"@type":"BreadcrumbList","@id":"https:\/\/www.evento.love\/blog\/fiesta-de-cumpleanos-y-graduacion-lydia-madrid\/#breadcrumb","itemListElement":[{"@type":"ListItem","position":1,"name":"Evento.love","item":"https:\/\/www.evento.love\/blog\/"},{"@type":"ListItem","position":2,"name":"Nuestros eventos","item":"https:\/\/www.evento.love\/blog\/category\/nuestros-eventos\/"},{"@type":"ListItem","position":3,"name":"Fiesta de cumplea\u00f1os y graduaci\u00f3n sorpresa de Lydia"}]},{"@type":"WebSite","@id":"https:\/\/www.evento.love\/blog\/#website","url":"https:\/\/www.evento.love\/blog\/","name":"El Blog de evento.love","description":"T\u00fa lo mereces. Disfruta de tu momento","publisher":{"@id":"https:\/\/www.evento.love\/blog\/#organization"},"potentialAction":[{"@type":"SearchAction","target":{"@type":"EntryPoint","urlTemplate":"https:\/\/www.evento.love\/blog\/?s={search_term_string}"},"query-input":"required name=search_term_string"}],"inLanguage":"es"},{"@type":"Organization","@id":"https:\/\/www.evento.love\/blog\/#organization","name":"evento.love","url":"https:\/\/www.evento.love\/blog\/","logo":{"@type":"ImageObject","inLanguage":"es","@id":"https:\/\/www.evento.love\/blog\/#\/schema\/logo\/image\/","url":"https:\/\/www.evento.love\/blog\/wp-content\/uploads\/2016\/07\/logo-evento-love.png","contentUrl":"https:\/\/www.evento.love\/blog\/wp-content\/uploads\/2016\/07\/logo-evento-love.png","width":197,"height":59,"caption":"evento.love"},"image":{"@id":"https:\/\/www.evento.love\/blog\/#\/schema\/logo\/image\/"},"sameAs":["https:\/\/www.facebook.com\/Evento.love\/","https:\/\/twitter.com\/Evento_love","https:\/\/www.instagram.com\/evento.love\/","https:\/\/es.pinterest.com\/evento_love\/","https:\/\/www.youtube.com\/channel\/UCcVbo6ymzx-7FlDJja8aQnw"]},{"@type":"Person","@id":"https:\/\/www.evento.love\/blog\/#\/schema\/person\/a184c2ed424b7fb3006372ce8051542c","name":"Evento Love"}]}},"_links":{"self":[{"href":"https:\/\/www.evento.love\/blog\/wp-json\/wp\/v2\/posts\/2085"}],"collection":[{"href":"https:\/\/www.evento.love\/blog\/wp-json\/wp\/v2\/posts"}],"about":[{"href":"https:\/\/www.evento.love\/blog\/wp-json\/wp\/v2\/types\/post"}],"author":[{"embeddable":true,"href":"https:\/\/www.evento.love\/blog\/wp-json\/wp\/v2\/users\/1"}],"replies":[{"embeddable":true,"href":"https:\/\/www.evento.love\/blog\/wp-json\/wp\/v2\/comments?post=2085"}],"version-history":[{"count":5,"href":"https:\/\/www.evento.love\/blog\/wp-json\/wp\/v2\/posts\/2085\/revisions"}],"predecessor-version":[{"id":5013,"href":"https:\/\/www.evento.love\/blog\/wp-json\/wp\/v2\/posts\/2085\/revisions\/5013"}],"wp:featuredmedia":[{"embeddable":true,"href":"https:\/\/www.evento.love\/blog\/wp-json\/wp\/v2\/media\/2089"}],"wp:attachment":[{"href":"https:\/\/www.evento.love\/blog\/wp-json\/wp\/v2\/media?parent=2085"}],"wp:term":[{"taxonomy":"category","embeddable":true,"href":"https:\/\/www.evento.love\/blog\/wp-json\/wp\/v2\/categories?post=2085"},{"taxonomy":"post_tag","embeddable":true,"href":"https:\/\/www.evento.love\/blog\/wp-json\/wp\/v2\/tags?post=2085"}],"curies":[{"name":"wp","href":"https:\/\/api.w.org\/{rel}","templated":true}]}}