{"id":2172,"date":"2018-08-09T10:00:47","date_gmt":"2018-08-09T08:00:47","guid":{"rendered":"https:\/\/www.evento.love\/blog\/?p=2172"},"modified":"2019-07-19T00:17:58","modified_gmt":"2019-07-18T22:17:58","slug":"origen-de-las-manzanas-caramelizadas-celebracion","status":"publish","type":"post","link":"https:\/\/www.evento.love\/blog\/origen-de-las-manzanas-caramelizadas-celebracion\/","title":{"rendered":"El origen de las manzanas caramelizadas: un dulce ideal para tu celebraci\u00f3n"},"content":{"rendered":"<div>El origen de las manzanas caramelizadas se cuela hoy en nuestro blog. Os invitamos a hacer un viaje a lo largo y ancho del planeta para descubrir el origen de este dulce internacional. \u00a1Vamos!<\/div>\n<p><!--more--><\/p>\n<h2>Mesas dulces que saltan a la vista<\/h2>\n<p>Las <strong>manzanas cubiertas de caramelo<\/strong> son un elemento ideal para completar la decoraci\u00f3n de un <a href=\"https:\/\/www.evento.love\/blog\/category\/catering-y-mesas-dulces\/\" target=\"_blank\" rel=\"noopener noreferrer\"><em>candy bar<\/em> o mesa dulce<\/a>.\u00a0Estamos hablando de una pieza de manzana fresca a la que se le coloca un palo y se recubre con caramelo l\u00edquido. El resultado es un dulce muy atractivo a la vista, que a muchos traer\u00e1 <a href=\"https:\/\/www.evento.love\/blog\/cumpleanos-tematico-de-blancanieves-adriana-madrid\/\" target=\"_blank\" rel=\"nofollow noopener noreferrer\">recuerdos de su m\u00e1s tierna infancia.<\/a><\/p>\n<p>Para este tipo de recetas se recomienda emplear variedades de manzana crujientes, pudiendo elegir algunas \u00e1cidas como la <strong>Granny Smith<\/strong>, o m\u00e1s dulces como la <strong>Fuji<\/strong>. Y para la cobertura, tendremos multitud de opciones, pudiendo aplicar tintes alimenticios para que el caramelo adquiera el <a href=\"https:\/\/www.evento.love\/blog\/fiesta-quince-cumple-fucsia-negro-paris\/\" target=\"_blank\" rel=\"noopener noreferrer\">color de la tem\u00e1tica de nuestro evento<\/a>, por ejemplo. Tambi\u00e9n se puede cubrir el caramelo con trocitos de frutos secos, chocolate o gominolas.<\/p>\n<h2>El origen de las manzanas caramelizadas<\/h2>\n<div>Las manzanas caramelizadas tienen poco m\u00e1s de 100 a\u00f1os de historia. El origen de las manzanas caramelizadas <strong>se remonta al\u00a0a\u00f1o 1908 en norte am\u00e9rica.<\/strong><\/div>\n<div><strong>William W. Kolb,<\/strong> un experto creador de caramelos de Newark (New Jersey, EEUU), estaba haciendo pruebas con un caramelo de canela roja. Su tienda fue la primera en ofrecer estas manzanas confitadas. Kolb se plante\u00f3 este postre para decorar su escaparate de cara a las fiestas de Navidad.<\/div>\n<div>El producto de Kolb fue todo un \u00e9xito, y m\u00e1s adelante,<strong> en la d\u00e9cada de los 50<\/strong>, la marca de alimentos Kraft consigui\u00f3 producirlas a gran escala. La f\u00f3rmula original se modific\u00f3 ligeramente, logrando un vivo color rojo, que resultaba un excelente reclamo sobre todo a ojos de los ni\u00f1os.<\/div>\n<div>Ya <strong>a mediados de los a\u00f1os 60<\/strong>, la manzana caramelizada se populariz\u00f3 en Estados Unidos como un regalo ideal para ofrecer a los ni\u00f1os durante la celebraci\u00f3n de Halloween. Se planteaba una chucher\u00eda sana, ya que a pesar de contener mucho az\u00facar, no dejaba de tratarse de una pieza de fruta que los peque\u00f1os com\u00edan encantados.<\/div>\n<div>A lo largo del continente americano, su consumo se populariz\u00f3 desde Canad\u00e1 hasta Chile. As\u00ed, es f\u00e1cil encontrar manzanas caramelizadas en ferias, circos y celebraciones de grandes masas. A d\u00eda de hoy, esta golosina de fruta se ha colado en todo tipo de celebraciones. Por ello, tanto si se trata de un <a href=\"https:\/\/www.evento.love\/blog\/50o-cumpleanos-sorpresa-rafael\/\" target=\"_blank\" rel=\"noopener noreferrer\">50 cumplea\u00f1os<\/a> como de una boda, un baby shower o una <a href=\"https:\/\/www.evento.love\/blog\/primera-comunion-al-aire-libre-antia-madrid\/\" target=\"_blank\" rel=\"noopener noreferrer\">primera comuni\u00f3n<\/a>,\u00a0las manzanas de caramelo ser\u00e1n las reinas de la mesa dulce.<\/div>\n<div>\n<h2>Las manzanas caramelizadas en Europa<\/h2>\n<\/div>\n<div>Por supuesto, fuera de EEUU tambi\u00e9n existen referencias al consumo de manzanas caramelizadas.\u00a0En <strong>Inglaterra<\/strong> se trata de un dulce t\u00edpico de la celebraci\u00f3n de la Noche de Guy Fawkes o <i>Bonfire Night<\/i>\u00a0(la noche de las hogueras). Su uso est\u00e1 tambi\u00e9n extendido a <strong>Irlanda<\/strong> y <strong>Escocia<\/strong>, donde es popular su consumo en las celebraciones de Halloween.<\/div>\n<div>En\u00a0<strong>Brasil,<\/strong> se conoce a la manzana caramelizada de color rojo como <em>Ma\u00e7\u00e1 do Amor\u00a0<\/em>(manzana del amor). \u00a1Qu\u00e9 mejor reclamo para una mesa dulce en la celebraci\u00f3n de una boda!<\/div>\n<div>Para los <strong>franceses<\/strong> tambi\u00e9n resulta un dulce familiar, que conocen con un nombre muy cari\u00f1oso:\u00a0<i>Pommes d&#8217;amour.\u00a0<\/i><\/div>\n<div>\n<h2>Dulces de fruta con caramelo en Asia<\/h2>\n<\/div>\n<div>\n<div id=\"js-block-1776260\" class=\"\">\n<p class=\"adme-img-copyright\">El\u00a0<strong>tanghulu<\/strong> es\u00a0un\u00a0bocado dulce tradicional chino. Consiste en\u00a0una brocheta de\u00a0bamb\u00fa de\u00a020\u00a0cm de\u00a0largo con fruta caramelizada y\u00a0a\u00a0veces con chocolate.\u00a0En la actualidad se pueden encontrar ba\u00f1ada en chocolate,\u00a0 salpicada con semillas de\u00a0s\u00e9samo. Adem\u00e1s, la tradicional fruta del espino chino ha sido destronada por otras frutas como gajos de\u00a0mandarina,\u00a0fresas,\u00a0ar\u00e1ndanos,\u00a0uvas, trocitos de\u00a0pi\u00f1a\u00a0y\u00a0pl\u00e1tano\u00a0o rodajas de\u00a0kiwi, por lo que acaba pareciendo m\u00e1s un\u00a0pincho\u00a0de\u00a0macedonia que la fruta confitada original.<\/p>\n<\/div>\n<p>Y hasta aqu\u00ed el repaso por el\u00a0origen de las manzanas caramelizadas. \u00bfQuieres dejar a tus invitados impresionados con el catering de tu fiesta? <a href=\"https:\/\/www.evento.love\/#contacto\" target=\"_blank\" rel=\"noopener noreferrer\">Contacta con nosotros<\/a> y podremos ofrecerte manzanas caramelizadas y muchas otras opciones para conseguir una celebraci\u00f3n inolvidable!<\/p>\n<\/div>\n    <div class=\"related-post grid\">\r\n                <div class=\"headline\">M\u00e1s art\u00edculos a tener en cuenta<\/div>\r\n        <div class=\"post-list \">\r\n\r\n                        <div class=\"item\">\r\n                        <div class=\"thumb post_thumb\">\r\n        <a  title=\"Baby Shower, mucho m\u00e1s que un evento social\" href=\"https:\/\/www.evento.love\/blog\/baby-shower-evento-social-madrid\/\">\r\n\r\n            <img width=\"150\" height=\"150\" src=\"https:\/\/www.evento.love\/blog\/wp-content\/uploads\/2016\/07\/babyshower-150x150.jpg\" class=\"attachment-thumbnail size-thumbnail wp-post-image\" alt=\"baby shower-fiesta-beb\u00e9-embarazo-embarazada\" decoding=\"async\" loading=\"lazy\" \/>\r\n\r\n        <\/a>\r\n    <\/div>\r\n\r\n    <a class=\"title post_title\"  title=\"Baby Shower, mucho m\u00e1s que un evento social\" href=\"https:\/\/www.evento.love\/blog\/baby-shower-evento-social-madrid\/\">\r\n                Baby Shower, mucho m\u00e1s que un evento social    <\/a>\r\n\r\n                <\/div>\r\n                            <div class=\"item\">\r\n                        <div class=\"thumb post_thumb\">\r\n        <a  title=\"12 consejos para un Baby Shower perfecto\" href=\"https:\/\/www.evento.love\/blog\/12-consejos-baby-shower-perfecto-madrid\/\">\r\n\r\n            <img width=\"150\" height=\"150\" src=\"https:\/\/www.evento.love\/blog\/wp-content\/uploads\/2016\/09\/16_05_20_12_consejos-para-que-tu-Baby-Shower-sea-perfecto-150x150.jpg\" class=\"attachment-thumbnail size-thumbnail wp-post-image\" alt=\"Baby Shower-perfecto-beb\u00e9-embarazado-embarazada-fiesta-babyshower\" decoding=\"async\" loading=\"lazy\" \/>\r\n\r\n        <\/a>\r\n    <\/div>\r\n\r\n    <a class=\"title post_title\"  title=\"12 consejos para un Baby Shower perfecto\" href=\"https:\/\/www.evento.love\/blog\/12-consejos-baby-shower-perfecto-madrid\/\">\r\n                12 consejos para un Baby Shower perfecto    <\/a>\r\n\r\n                <\/div>\r\n                            <div class=\"item\">\r\n                        <div class=\"thumb post_thumb\">\r\n        <a  title=\"Cu\u00e1ndo hacer el Baby Shower\" href=\"https:\/\/www.evento.love\/blog\/cuando-hacer-el-baby-shower-madrid\/\">\r\n\r\n            <img width=\"150\" height=\"150\" src=\"https:\/\/www.evento.love\/blog\/wp-content\/uploads\/2016\/09\/16_05_23_Cuando-hacer-el-Baby-Shower-150x150.jpg\" class=\"attachment-thumbnail size-thumbnail wp-post-image\" alt=\"Cu\u00e1ndo hacer el baby shower beb\u00e9 embarazo fiesta en Madrid\" decoding=\"async\" loading=\"lazy\" \/>\r\n\r\n        <\/a>\r\n    <\/div>\r\n\r\n    <a class=\"title post_title\"  title=\"Cu\u00e1ndo hacer el Baby Shower\" href=\"https:\/\/www.evento.love\/blog\/cuando-hacer-el-baby-shower-madrid\/\">\r\n                Cu\u00e1ndo hacer el Baby Shower    <\/a>\r\n\r\n                <\/div>\r\n                            <div class=\"item\">\r\n                        <div class=\"thumb post_thumb\">\r\n        <a  title=\"\u00bfQui\u00e9n debe organizar el Baby Shower?\" href=\"https:\/\/www.evento.love\/blog\/quien-organizar-baby-shower-madrid\/\">\r\n\r\n            <img width=\"150\" height=\"150\" src=\"https:\/\/www.evento.love\/blog\/wp-content\/uploads\/2016\/09\/16_05_29_Qui\u00e9n-organiza-el-Baby-Shower-150x150.jpg\" class=\"attachment-thumbnail size-thumbnail wp-post-image\" alt=\"Organizaci\u00f3n Baby Shower Madrid fiesta beb\u00e9 embarazada\" decoding=\"async\" loading=\"lazy\" \/>\r\n\r\n        <\/a>\r\n    <\/div>\r\n\r\n    <a class=\"title post_title\"  title=\"\u00bfQui\u00e9n debe organizar el Baby Shower?\" href=\"https:\/\/www.evento.love\/blog\/quien-organizar-baby-shower-madrid\/\">\r\n                \u00bfQui\u00e9n debe organizar el Baby Shower?    <\/a>\r\n\r\n                <\/div>\r\n            \r\n    <\/div>\r\n\r\n    <script>\r\n            <\/script>\r\n    <style>\r\n        .related-post {}\r\n\r\n        .related-post .post-list {\r\n            text-align: left;\r\n                    }\r\n\r\n        .related-post .post-list .item {\r\n            margin: 5px 10px;\r\n            padding: 0px;\r\n                    }\r\n\r\n        .related-post .headline {\r\n            font-size: 24px !important;\r\n            color: #000000 !important;\r\n                    }\r\n\r\n        .related-post .headline{\r\nfont-weight:400 !important;\r\ntext-transform: uppercase;\r\n}.related-post .post-list .item .post_thumb {\r\n            max-height: 180px;\r\n            margin: 10px 0px;\r\n            padding: 0px;\r\n            display: block;\r\n                    }\r\n\r\n        .related-post .post-list .item .post_title {\r\n            font-size: 12px;\r\n            color: #607d8b;\r\n            margin: 10px 0px;\r\n            padding: 0px;\r\n            display: block;\r\n            text-decoration: none;\r\n                    }\r\n\r\n        .related-post .post-list .item .post_excerpt {\r\n            font-size: 13px;\r\n            color: #3f3f3f;\r\n            margin: 10px 0px;\r\n            padding: 0px;\r\n            display: block;\r\n            text-decoration: none;\r\n                    }\r\n\r\n        @media only screen and (min-width: 1024px) {\r\n            .related-post .post-list .item {\r\n                width: 22%;\r\n            }\r\n        }\r\n\r\n        @media only screen and (min-width: 768px) and (max-width: 1023px) {\r\n            .related-post .post-list .item {\r\n                width: 90%;\r\n            }\r\n        }\r\n\r\n        @media only screen and (min-width: 0px) and (max-width: 767px) {\r\n            .related-post .post-list .item {\r\n                width: 30%;\r\n            }\r\n        }\r\n\r\n            <\/style>\r\n        <\/div>\r\n<!-- AddThis Advanced Settings generic via filter on the_content --><!-- AddThis Share Buttons generic via filter on the_content -->","protected":false},"excerpt":{"rendered":"<p>El origen de las manzanas caramelizadas se cuela hoy en nuestro blog. Os invitamos a hacer un viaje a lo largo y ancho del planeta para descubrir el origen de este dulce internacional. \u00a1Vamos! M\u00e1s art\u00edculos a tener en cuenta Baby Shower, mucho m\u00e1s que un evento social 12 consejos para un Baby Shower perfecto Cu\u00e1ndo hacer el Baby Shower \u00bfQui\u00e9n debe organizar el Baby Shower?<!-- AddThis Advanced Settings generic via filter on get_the_excerpt --><!-- AddThis Share Buttons generic via filter on get_the_excerpt --><\/p>\n    <div class=\"related-post grid\">\r\n                <div class=\"headline\">M\u00e1s art\u00edculos a tener en cuenta<\/div>\r\n        <div class=\"post-list \">\r\n\r\n                        <div class=\"item\">\r\n                        <div class=\"thumb post_thumb\">\r\n        <a  title=\"Baby Shower, mucho m\u00e1s que un evento social\" href=\"https:\/\/www.evento.love\/blog\/baby-shower-evento-social-madrid\/\">\r\n\r\n            <img width=\"150\" height=\"150\" src=\"https:\/\/www.evento.love\/blog\/wp-content\/uploads\/2016\/07\/babyshower-150x150.jpg\" class=\"attachment-thumbnail size-thumbnail wp-post-image\" alt=\"baby shower-fiesta-beb\u00e9-embarazo-embarazada\" decoding=\"async\" loading=\"lazy\" \/>\r\n\r\n        <\/a>\r\n    <\/div>\r\n\r\n    <a class=\"title post_title\"  title=\"Baby Shower, mucho m\u00e1s que un evento social\" href=\"https:\/\/www.evento.love\/blog\/baby-shower-evento-social-madrid\/\">\r\n                Baby Shower, mucho m\u00e1s que un evento social    <\/a>\r\n\r\n                <\/div>\r\n                            <div class=\"item\">\r\n                        <div class=\"thumb post_thumb\">\r\n        <a  title=\"12 consejos para un Baby Shower perfecto\" href=\"https:\/\/www.evento.love\/blog\/12-consejos-baby-shower-perfecto-madrid\/\">\r\n\r\n            <img width=\"150\" height=\"150\" src=\"https:\/\/www.evento.love\/blog\/wp-content\/uploads\/2016\/09\/16_05_20_12_consejos-para-que-tu-Baby-Shower-sea-perfecto-150x150.jpg\" class=\"attachment-thumbnail size-thumbnail wp-post-image\" alt=\"Baby Shower-perfecto-beb\u00e9-embarazado-embarazada-fiesta-babyshower\" decoding=\"async\" loading=\"lazy\" \/>\r\n\r\n        <\/a>\r\n    <\/div>\r\n\r\n    <a class=\"title post_title\"  title=\"12 consejos para un Baby Shower perfecto\" href=\"https:\/\/www.evento.love\/blog\/12-consejos-baby-shower-perfecto-madrid\/\">\r\n                12 consejos para un Baby Shower perfecto    <\/a>\r\n\r\n                <\/div>\r\n                            <div class=\"item\">\r\n                        <div class=\"thumb post_thumb\">\r\n        <a  title=\"Cu\u00e1ndo hacer el Baby Shower\" href=\"https:\/\/www.evento.love\/blog\/cuando-hacer-el-baby-shower-madrid\/\">\r\n\r\n            <img width=\"150\" height=\"150\" src=\"https:\/\/www.evento.love\/blog\/wp-content\/uploads\/2016\/09\/16_05_23_Cuando-hacer-el-Baby-Shower-150x150.jpg\" class=\"attachment-thumbnail size-thumbnail wp-post-image\" alt=\"Cu\u00e1ndo hacer el baby shower beb\u00e9 embarazo fiesta en Madrid\" decoding=\"async\" loading=\"lazy\" \/>\r\n\r\n        <\/a>\r\n    <\/div>\r\n\r\n    <a class=\"title post_title\"  title=\"Cu\u00e1ndo hacer el Baby Shower\" href=\"https:\/\/www.evento.love\/blog\/cuando-hacer-el-baby-shower-madrid\/\">\r\n                Cu\u00e1ndo hacer el Baby Shower    <\/a>\r\n\r\n                <\/div>\r\n                            <div class=\"item\">\r\n                        <div class=\"thumb post_thumb\">\r\n        <a  title=\"Baby Shower: Elaborando la lista de invitados\" href=\"https:\/\/www.evento.love\/blog\/baby-shower-lista-invitados-madrid\/\">\r\n\r\n            <img width=\"150\" height=\"150\" src=\"https:\/\/www.evento.love\/blog\/wp-content\/uploads\/2016\/09\/16_05_30_Baby-Shower-elaborando-la-lista-de-invitados-150x150.jpg\" class=\"attachment-thumbnail size-thumbnail wp-post-image\" alt=\"\" decoding=\"async\" loading=\"lazy\" \/>\r\n\r\n        <\/a>\r\n    <\/div>\r\n\r\n    <a class=\"title post_title\"  title=\"Baby Shower: Elaborando la lista de invitados\" href=\"https:\/\/www.evento.love\/blog\/baby-shower-lista-invitados-madrid\/\">\r\n                Baby Shower: Elaborando la lista de invitados    <\/a>\r\n\r\n                <\/div>\r\n            \r\n    <\/div>\r\n\r\n    <script>\r\n            <\/script>\r\n    <style>\r\n        .related-post {}\r\n\r\n        .related-post .post-list {\r\n            text-align: left;\r\n                    }\r\n\r\n        .related-post .post-list .item {\r\n            margin: 5px 10px;\r\n            padding: 0px;\r\n                    }\r\n\r\n        .related-post .headline {\r\n            font-size: 24px !important;\r\n            color: #000000 !important;\r\n                    }\r\n\r\n        .related-post .headline{\r\nfont-weight:400 !important;\r\ntext-transform: uppercase;\r\n}.related-post .post-list .item .post_thumb {\r\n            max-height: 180px;\r\n            margin: 10px 0px;\r\n            padding: 0px;\r\n            display: block;\r\n                    }\r\n\r\n        .related-post .post-list .item .post_title {\r\n            font-size: 12px;\r\n            color: #607d8b;\r\n            margin: 10px 0px;\r\n            padding: 0px;\r\n            display: block;\r\n            text-decoration: none;\r\n                    }\r\n\r\n        .related-post .post-list .item .post_excerpt {\r\n            font-size: 13px;\r\n            color: #3f3f3f;\r\n            margin: 10px 0px;\r\n            padding: 0px;\r\n            display: block;\r\n            text-decoration: none;\r\n                    }\r\n\r\n        @media only screen and (min-width: 1024px) {\r\n            .related-post .post-list .item {\r\n                width: 22%;\r\n            }\r\n        }\r\n\r\n        @media only screen and (min-width: 768px) and (max-width: 1023px) {\r\n            .related-post .post-list .item {\r\n                width: 90%;\r\n            }\r\n        }\r\n\r\n        @media only screen and (min-width: 0px) and (max-width: 767px) {\r\n            .related-post .post-list .item {\r\n                width: 30%;\r\n            }\r\n        }\r\n\r\n            <\/style>\r\n        <\/div>\r\n","protected":false},"author":1,"featured_media":2244,"comment_status":"closed","ping_status":"open","sticky":false,"template":"","format":"standard","meta":{"content-type":""},"categories":[807],"tags":[847,850,841,843,842,844,849,848,846,845],"yoast_head":"<!-- This site is optimized with the Yoast SEO plugin v20.7 - https:\/\/yoast.com\/wordpress\/plugins\/seo\/ -->\n<title>Origen de las manzanas caramelizadas: un dulce ideal para tu celebraci\u00f3n<\/title>\n<meta name=\"description\" content=\"Sorprende a tus seres queridos con Evento.Love. Podemos organizar todo tipo de eventos para ti de principio a fin. Te ofrecemos la mejor de las celebraciones de acuerdo a tus necesidades. Local, catering, decoraci\u00f3n, complementos, etc. y todo aquello que puedas necesitar. Visita nuestra web o ll\u00e1manos al 650 669 436.\" \/>\n<meta name=\"robots\" content=\"index, follow, max-snippet:-1, max-image-preview:large, max-video-preview:-1\" \/>\n<meta property=\"og:locale\" content=\"es_ES\" \/>\n<meta property=\"og:type\" content=\"article\" \/>\n<meta property=\"og:title\" content=\"Origen de las manzanas caramelizadas: un dulce ideal para tu celebraci\u00f3n\" \/>\n<meta property=\"og:description\" content=\"Sorprende a tus seres queridos con Evento.Love. Podemos organizar todo tipo de eventos para ti de principio a fin. Te ofrecemos la mejor de las celebraciones de acuerdo a tus necesidades. Local, catering, decoraci\u00f3n, complementos, etc. y todo aquello que puedas necesitar. Visita nuestra web o ll\u00e1manos al 650 669 436.\" \/>\n<meta property=\"og:url\" content=\"https:\/\/www.evento.love\/blog\/origen-de-las-manzanas-caramelizadas-celebracion\/\" \/>\n<meta property=\"og:site_name\" content=\"El Blog de evento.love\" \/>\n<meta property=\"article:publisher\" content=\"https:\/\/www.facebook.com\/Evento.love\/\" \/>\n<meta property=\"article:published_time\" content=\"2018-08-09T08:00:47+00:00\" \/>\n<meta property=\"article:modified_time\" content=\"2019-07-18T22:17:58+00:00\" \/>\n<meta property=\"og:image\" content=\"https:\/\/www.evento.love\/blog\/wp-content\/uploads\/2018\/07\/manzanas-caramelizadas-catering-evento-boda-mesa-dulce-madrid-manzanas-de-caramelo-dulces-rojas.png\" \/>\n\t<meta property=\"og:image:width\" content=\"847\" \/>\n\t<meta property=\"og:image:height\" content=\"470\" \/>\n\t<meta property=\"og:image:type\" content=\"image\/png\" \/>\n<meta name=\"author\" content=\"Evento Love\" \/>\n<meta name=\"twitter:card\" content=\"summary_large_image\" \/>\n<meta name=\"twitter:creator\" content=\"@Evento_love\" \/>\n<meta name=\"twitter:site\" content=\"@Evento_love\" \/>\n<meta name=\"twitter:label1\" content=\"Escrito por\" \/>\n\t<meta name=\"twitter:data1\" content=\"Evento Love\" \/>\n\t<meta name=\"twitter:label2\" content=\"Tiempo de lectura\" \/>\n\t<meta name=\"twitter:data2\" content=\"4 minutos\" \/>\n<!-- \/ Yoast SEO plugin. -->","yoast_head_json":{"title":"Origen de las manzanas caramelizadas: un dulce ideal para tu celebraci\u00f3n","description":"Sorprende a tus seres queridos con Evento.Love. Podemos organizar todo tipo de eventos para ti de principio a fin. Te ofrecemos la mejor de las celebraciones de acuerdo a tus necesidades. Local, catering, decoraci\u00f3n, complementos, etc. y todo aquello que puedas necesitar. Visita nuestra web o ll\u00e1manos al 650 669 436.","robots":{"index":"index","follow":"follow","max-snippet":"max-snippet:-1","max-image-preview":"max-image-preview:large","max-video-preview":"max-video-preview:-1"},"og_locale":"es_ES","og_type":"article","og_title":"Origen de las manzanas caramelizadas: un dulce ideal para tu celebraci\u00f3n","og_description":"Sorprende a tus seres queridos con Evento.Love. Podemos organizar todo tipo de eventos para ti de principio a fin. Te ofrecemos la mejor de las celebraciones de acuerdo a tus necesidades. Local, catering, decoraci\u00f3n, complementos, etc. y todo aquello que puedas necesitar. Visita nuestra web o ll\u00e1manos al 650 669 436.","og_url":"https:\/\/www.evento.love\/blog\/origen-de-las-manzanas-caramelizadas-celebracion\/","og_site_name":"El Blog de evento.love","article_publisher":"https:\/\/www.facebook.com\/Evento.love\/","article_published_time":"2018-08-09T08:00:47+00:00","article_modified_time":"2019-07-18T22:17:58+00:00","og_image":[{"width":"847","height":"470","url":"https:\/\/www.evento.love\/blog\/wp-content\/uploads\/2018\/07\/manzanas-caramelizadas-catering-evento-boda-mesa-dulce-madrid-manzanas-de-caramelo-dulces-rojas.png","type":"image\/png"}],"author":"Evento Love","twitter_card":"summary_large_image","twitter_creator":"@Evento_love","twitter_site":"@Evento_love","twitter_misc":{"Escrito por":"Evento Love","Tiempo de lectura":"4 minutos"},"schema":{"@context":"https:\/\/schema.org","@graph":[{"@type":"Article","@id":"https:\/\/www.evento.love\/blog\/origen-de-las-manzanas-caramelizadas-celebracion\/#article","isPartOf":{"@id":"https:\/\/www.evento.love\/blog\/origen-de-las-manzanas-caramelizadas-celebracion\/"},"author":{"name":"Evento Love","@id":"https:\/\/www.evento.love\/blog\/#\/schema\/person\/a184c2ed424b7fb3006372ce8051542c"},"headline":"El origen de las manzanas caramelizadas: un dulce ideal para tu celebraci\u00f3n","datePublished":"2018-08-09T08:00:47+00:00","dateModified":"2019-07-18T22:17:58+00:00","mainEntityOfPage":{"@id":"https:\/\/www.evento.love\/blog\/origen-de-las-manzanas-caramelizadas-celebracion\/"},"wordCount":723,"publisher":{"@id":"https:\/\/www.evento.love\/blog\/#organization"},"keywords":["candy apples","caramel apples","manzanas","manzanas acarameladas","manzanas caramelizadas","manzanas de caramelo","manzanas de feria","manzanas de halloween","manzanas dulces","manzanas rojas"],"articleSection":["Catering y Mesas dulces"],"inLanguage":"es"},{"@type":"WebPage","@id":"https:\/\/www.evento.love\/blog\/origen-de-las-manzanas-caramelizadas-celebracion\/","url":"https:\/\/www.evento.love\/blog\/origen-de-las-manzanas-caramelizadas-celebracion\/","name":"Origen de las manzanas caramelizadas: un dulce ideal para tu celebraci\u00f3n","isPartOf":{"@id":"https:\/\/www.evento.love\/blog\/#website"},"datePublished":"2018-08-09T08:00:47+00:00","dateModified":"2019-07-18T22:17:58+00:00","description":"Sorprende a tus seres queridos con Evento.Love. Podemos organizar todo tipo de eventos para ti de principio a fin. Te ofrecemos la mejor de las celebraciones de acuerdo a tus necesidades. Local, catering, decoraci\u00f3n, complementos, etc. y todo aquello que puedas necesitar. Visita nuestra web o ll\u00e1manos al 650 669 436.","breadcrumb":{"@id":"https:\/\/www.evento.love\/blog\/origen-de-las-manzanas-caramelizadas-celebracion\/#breadcrumb"},"inLanguage":"es","potentialAction":[{"@type":"ReadAction","target":["https:\/\/www.evento.love\/blog\/origen-de-las-manzanas-caramelizadas-celebracion\/"]}]},{"@type":"BreadcrumbList","@id":"https:\/\/www.evento.love\/blog\/origen-de-las-manzanas-caramelizadas-celebracion\/#breadcrumb","itemListElement":[{"@type":"ListItem","position":1,"name":"Evento.love","item":"https:\/\/www.evento.love\/blog\/"},{"@type":"ListItem","position":2,"name":"Catering y Mesas dulces","item":"https:\/\/www.evento.love\/blog\/category\/catering-y-mesas-dulces\/"},{"@type":"ListItem","position":3,"name":"El origen de las manzanas caramelizadas: un dulce ideal para tu celebraci\u00f3n"}]},{"@type":"WebSite","@id":"https:\/\/www.evento.love\/blog\/#website","url":"https:\/\/www.evento.love\/blog\/","name":"El Blog de evento.love","description":"T\u00fa lo mereces. Disfruta de tu momento","publisher":{"@id":"https:\/\/www.evento.love\/blog\/#organization"},"potentialAction":[{"@type":"SearchAction","target":{"@type":"EntryPoint","urlTemplate":"https:\/\/www.evento.love\/blog\/?s={search_term_string}"},"query-input":"required name=search_term_string"}],"inLanguage":"es"},{"@type":"Organization","@id":"https:\/\/www.evento.love\/blog\/#organization","name":"evento.love","url":"https:\/\/www.evento.love\/blog\/","logo":{"@type":"ImageObject","inLanguage":"es","@id":"https:\/\/www.evento.love\/blog\/#\/schema\/logo\/image\/","url":"https:\/\/www.evento.love\/blog\/wp-content\/uploads\/2016\/07\/logo-evento-love.png","contentUrl":"https:\/\/www.evento.love\/blog\/wp-content\/uploads\/2016\/07\/logo-evento-love.png","width":197,"height":59,"caption":"evento.love"},"image":{"@id":"https:\/\/www.evento.love\/blog\/#\/schema\/logo\/image\/"},"sameAs":["https:\/\/www.facebook.com\/Evento.love\/","https:\/\/twitter.com\/Evento_love","https:\/\/www.instagram.com\/evento.love\/","https:\/\/es.pinterest.com\/evento_love\/","https:\/\/www.youtube.com\/channel\/UCcVbo6ymzx-7FlDJja8aQnw"]},{"@type":"Person","@id":"https:\/\/www.evento.love\/blog\/#\/schema\/person\/a184c2ed424b7fb3006372ce8051542c","name":"Evento Love"}]}},"_links":{"self":[{"href":"https:\/\/www.evento.love\/blog\/wp-json\/wp\/v2\/posts\/2172"}],"collection":[{"href":"https:\/\/www.evento.love\/blog\/wp-json\/wp\/v2\/posts"}],"about":[{"href":"https:\/\/www.evento.love\/blog\/wp-json\/wp\/v2\/types\/post"}],"author":[{"embeddable":true,"href":"https:\/\/www.evento.love\/blog\/wp-json\/wp\/v2\/users\/1"}],"replies":[{"embeddable":true,"href":"https:\/\/www.evento.love\/blog\/wp-json\/wp\/v2\/comments?post=2172"}],"version-history":[{"count":7,"href":"https:\/\/www.evento.love\/blog\/wp-json\/wp\/v2\/posts\/2172\/revisions"}],"predecessor-version":[{"id":4998,"href":"https:\/\/www.evento.love\/blog\/wp-json\/wp\/v2\/posts\/2172\/revisions\/4998"}],"wp:featuredmedia":[{"embeddable":true,"href":"https:\/\/www.evento.love\/blog\/wp-json\/wp\/v2\/media\/2244"}],"wp:attachment":[{"href":"https:\/\/www.evento.love\/blog\/wp-json\/wp\/v2\/media?parent=2172"}],"wp:term":[{"taxonomy":"category","embeddable":true,"href":"https:\/\/www.evento.love\/blog\/wp-json\/wp\/v2\/categories?post=2172"},{"taxonomy":"post_tag","embeddable":true,"href":"https:\/\/www.evento.love\/blog\/wp-json\/wp\/v2\/tags?post=2172"}],"curies":[{"name":"wp","href":"https:\/\/api.w.org\/{rel}","templated":true}]}}