{"id":2227,"date":"2018-08-07T10:08:31","date_gmt":"2018-08-07T08:08:31","guid":{"rendered":"https:\/\/www.evento.love\/blog\/?p=2227"},"modified":"2019-07-19T00:17:58","modified_gmt":"2019-07-18T22:17:58","slug":"oficiante-de-ceremonias-profesional","status":"publish","type":"post","link":"https:\/\/www.evento.love\/blog\/oficiante-de-ceremonias-profesional\/","title":{"rendered":"Oficiante de ceremonias profesional: definici\u00f3n y atributos"},"content":{"rendered":"<p>Un oficiante de ceremonias profesional conseguir\u00e1 que tu boda salga perfecta. En el caso de las ceremonias religiosas, es de todos conocido la figura del cura o rabino para guiar el enlace. En el caso de una boda civil, os recomendamos contratar a un oficiante de ceremonias profesional.<!--more--><\/p>\n<h2>El oficiante de ceremonias profesional<\/h2>\n<p>Quiz\u00e1s alguna vez has o\u00eddo sobre el <strong>maestro de ceremonias<\/strong> de una boda. S\u00ed, aquel que se encarga de conducir la celebraci\u00f3n no oficial, desde que comienza hasta que termina. A esta persona nos referimos cuando <a href=\"https:\/\/www.evento.love\/blog\/category\/bodas\/\" target=\"_blank\" rel=\"noopener noreferrer\">hablamos del oficiante para <strong>bodas<\/strong><\/a>. Eso s\u00ed, no hacemos alusi\u00f3n a cualquier amigo, familiar o conocido sin preparaci\u00f3n. \u00bfC\u00f3mo elegir a un buen oficiante para tu boda? Te contamos lo que para nosotros es muy importante a la hora de tomar esta decisi\u00f3n.<\/p>\n<p>La principal funci\u00f3n de un oficiante es asegurarse de que todo marche correctamente durante el desarrollo del evento. Esto significa que debe <strong>asumir su papel con seriedad<\/strong>.\u00a0El profesional que act\u00faa como oficiante de una boda no solamente puede casar a los novios. Tambi\u00e9n debe estar capacitado para ser el maestro de ceremonia que conduzca la celebraci\u00f3n -tanto formal como informal- en cada una de sus etapas y momentos.<\/p>\n<p>Por experiencia sabemos que cuando se escoge a un amigo sin formaci\u00f3n espec\u00edfica, se corre el riesgo de que la celebraci\u00f3n no se desarrolle como lo so\u00f1aste. Uno de los errores m\u00e1s habituales que comete un amigo o familiar que asume el papel de oficiante, es que a veces suele buscar protagonismo durante el evento informal. Por el contrario, <strong>un oficiante con vocaci\u00f3n profesional<\/strong> siempre tiene un objetivo concreto y claro: hacer que los novios sean los protagonistas del d\u00eda.<\/p>\n<h2><strong>Atributos del oficiante de ceremonias ideal<\/strong><\/h2>\n<p>Para identificar al oficiante de ceremonias ideal para tu boda es indispensable contar con los siguientes requisitos y capacidades:<\/p>\n<ol>\n<li>Tener buena presencia personal y desarrollar el papel de oficiante con sentido de responsabilidad y profesionalidad.<\/li>\n<li>Debe respetar el orden y los tiempos establecidos para cada fase de la celebraci\u00f3n, siguiendo un gui\u00f3n o <strong><a href=\"https:\/\/www.evento.love\/blog\/programa-de-boda-como-hacerlo\/\" target=\"_blank\" rel=\"noopener noreferrer\">programa de boda<\/a><\/strong>.<\/li>\n<li>Tiene que proyectar confianza y saber actuar ante el p\u00fablico, hablando claramente y usando el lenguaje o tono adecuado.<\/li>\n<li>Sabe transmitir la sensaci\u00f3n de que todo est\u00e1 bajo control. Act\u00faa de manera serena y natural ante las irregularidades.<\/li>\n<li>Improvisa con espontaneidad y ofrece soluciones r\u00e1pidas ante cualquier problema.<\/li>\n<li>Siempre est\u00e1 abierto a recibir cr\u00edticas para mejorar en esta profesi\u00f3n.<\/li>\n<\/ol>\n<p>Desde Evento.love os recomendamos que opt\u00e9is por un oficiante de ceremonias profesional, ya sea el propio funcionario encargado de celebrar el matrimonio o bien que contrat\u00e9is los servicios a trav\u00e9s de la empresa que os organiza la boda. As\u00ed podr\u00e9is aseguraros de que todo saldr\u00e1 seg\u00fan lo previsto el d\u00eda de la boda.<\/p>\n<p>\u00bfQuieres encontrar un oficiante profesional que re\u00fana todos estos requisitos? En <em>Evento Love <\/em>estamos avalados por la Escuela de Oficiantes para dirigir tu boda como siempre lo has querido. <strong><a href=\"https:\/\/www.evento.love\/#contacto\" target=\"_blank\" rel=\"noopener noreferrer\">\u00a1Cont\u00e1ctanos!<\/a><\/strong><\/p>\n    <div class=\"related-post grid\">\r\n                <div class=\"headline\">M\u00e1s art\u00edculos a tener en cuenta<\/div>\r\n        <div class=\"post-list \">\r\n\r\n                        <div class=\"item\">\r\n                        <div class=\"thumb post_thumb\">\r\n        <a  title=\"5+1 ideas imprescindibles para dar un toque especial a tu boda\" href=\"https:\/\/www.evento.love\/blog\/ideas-imprescindibles-tu-boda-madrid\/\">\r\n\r\n            <img width=\"150\" height=\"150\" src=\"https:\/\/www.evento.love\/blog\/wp-content\/uploads\/2017\/04\/17_04_01-150x150.jpg\" class=\"attachment-thumbnail size-thumbnail wp-post-image\" alt=\"Ideas para tu boda organizaci\u00f3n eventos madrid\" decoding=\"async\" loading=\"lazy\" \/>\r\n\r\n        <\/a>\r\n    <\/div>\r\n\r\n    <a class=\"title post_title\"  title=\"5+1 ideas imprescindibles para dar un toque especial a tu boda\" href=\"https:\/\/www.evento.love\/blog\/ideas-imprescindibles-tu-boda-madrid\/\">\r\n                5+1 ideas imprescindibles para dar un toque especial a tu boda    <\/a>\r\n\r\n                <\/div>\r\n                            <div class=\"item\">\r\n                        <div class=\"thumb post_thumb\">\r\n        <a  title=\"\u00bfQu\u00e9 es una preboda?\" href=\"https:\/\/www.evento.love\/blog\/que-es-una-preboda-madrid\/\">\r\n\r\n            <img width=\"150\" height=\"150\" src=\"https:\/\/www.evento.love\/blog\/wp-content\/uploads\/2017\/04\/17_04_15-150x150.jpg\" class=\"attachment-thumbnail size-thumbnail wp-post-image\" alt=\"preboda boda fotograf\u00eda novios madrid\" decoding=\"async\" loading=\"lazy\" \/>\r\n\r\n        <\/a>\r\n    <\/div>\r\n\r\n    <a class=\"title post_title\"  title=\"\u00bfQu\u00e9 es una preboda?\" href=\"https:\/\/www.evento.love\/blog\/que-es-una-preboda-madrid\/\">\r\n                \u00bfQu\u00e9 es una preboda?    <\/a>\r\n\r\n                <\/div>\r\n                            <div class=\"item\">\r\n                        <div class=\"thumb post_thumb\">\r\n        <a  title=\"Consejos para organizar una sesi\u00f3n postboda\" href=\"https:\/\/www.evento.love\/blog\/consejos-sesion-postboda-madrid\/\">\r\n\r\n            <img width=\"150\" height=\"150\" src=\"https:\/\/www.evento.love\/blog\/wp-content\/uploads\/2017\/05\/17_05_10-150x150.jpg\" class=\"attachment-thumbnail size-thumbnail wp-post-image\" alt=\"Consejos para una sesi\u00f3n de fotograf\u00eda postboda en Madrid\" decoding=\"async\" loading=\"lazy\" \/>\r\n\r\n        <\/a>\r\n    <\/div>\r\n\r\n    <a class=\"title post_title\"  title=\"Consejos para organizar una sesi\u00f3n postboda\" href=\"https:\/\/www.evento.love\/blog\/consejos-sesion-postboda-madrid\/\">\r\n                Consejos para organizar una sesi\u00f3n postboda    <\/a>\r\n\r\n                <\/div>\r\n                            <div class=\"item\">\r\n                        <div class=\"thumb post_thumb\">\r\n        <a  title=\"Cinco hermosos textos para leer en una boda\" href=\"https:\/\/www.evento.love\/blog\/cinco-hermosos-textos-pueden-leer-boda\/\">\r\n\r\n            <img width=\"150\" height=\"150\" src=\"https:\/\/www.evento.love\/blog\/wp-content\/uploads\/2017\/06\/16_06_08-150x150.jpg\" class=\"attachment-thumbnail size-thumbnail wp-post-image\" alt=\"textos para leer en una boda religiosa civil madrid\" decoding=\"async\" loading=\"lazy\" \/>\r\n\r\n        <\/a>\r\n    <\/div>\r\n\r\n    <a class=\"title post_title\"  title=\"Cinco hermosos textos para leer en una boda\" href=\"https:\/\/www.evento.love\/blog\/cinco-hermosos-textos-pueden-leer-boda\/\">\r\n                Cinco hermosos textos para leer en una boda    <\/a>\r\n\r\n                <\/div>\r\n            \r\n    <\/div>\r\n\r\n    <script>\r\n            <\/script>\r\n    <style>\r\n        .related-post {}\r\n\r\n        .related-post .post-list {\r\n            text-align: left;\r\n                    }\r\n\r\n        .related-post .post-list .item {\r\n            margin: 5px 10px;\r\n            padding: 0px;\r\n                    }\r\n\r\n        .related-post .headline {\r\n            font-size: 24px !important;\r\n            color: #000000 !important;\r\n                    }\r\n\r\n        .related-post .headline{\r\nfont-weight:400 !important;\r\ntext-transform: uppercase;\r\n}.related-post .post-list .item .post_thumb {\r\n            max-height: 180px;\r\n            margin: 10px 0px;\r\n            padding: 0px;\r\n            display: block;\r\n                    }\r\n\r\n        .related-post .post-list .item .post_title {\r\n            font-size: 12px;\r\n            color: #607d8b;\r\n            margin: 10px 0px;\r\n            padding: 0px;\r\n            display: block;\r\n            text-decoration: none;\r\n                    }\r\n\r\n        .related-post .post-list .item .post_excerpt {\r\n            font-size: 13px;\r\n            color: #3f3f3f;\r\n            margin: 10px 0px;\r\n            padding: 0px;\r\n            display: block;\r\n            text-decoration: none;\r\n                    }\r\n\r\n        @media only screen and (min-width: 1024px) {\r\n            .related-post .post-list .item {\r\n                width: 22%;\r\n            }\r\n        }\r\n\r\n        @media only screen and (min-width: 768px) and (max-width: 1023px) {\r\n            .related-post .post-list .item {\r\n                width: 90%;\r\n            }\r\n        }\r\n\r\n        @media only screen and (min-width: 0px) and (max-width: 767px) {\r\n            .related-post .post-list .item {\r\n                width: 30%;\r\n            }\r\n        }\r\n\r\n            <\/style>\r\n        <\/div>\r\n<!-- AddThis Advanced Settings generic via filter on the_content --><!-- AddThis Share Buttons generic via filter on the_content -->","protected":false},"excerpt":{"rendered":"<p>Un oficiante de ceremonias profesional conseguir\u00e1 que tu boda salga perfecta. En el caso de las ceremonias religiosas, es de todos conocido la figura del cura o rabino para guiar el enlace. En el caso de una boda civil, os recomendamos contratar a un oficiante de ceremonias profesional. M\u00e1s art\u00edculos a tener en cuenta Juegos y actividades en tu baby shower C\u00f3mo inmortalizar tu baby shower Juegos en el baby shower Un beb\u00e9 en camino \u00bfBaby shower o bautizo?<!-- AddThis Advanced Settings generic via filter on get_the_excerpt --><!-- AddThis Share Buttons generic via filter on get_the_excerpt --><\/p>\n    <div class=\"related-post grid\">\r\n                <div class=\"headline\">M\u00e1s art\u00edculos a tener en cuenta<\/div>\r\n        <div class=\"post-list \">\r\n\r\n                        <div class=\"item\">\r\n                        <div class=\"thumb post_thumb\">\r\n        <a  title=\"Baby Shower, mucho m\u00e1s que un evento social\" href=\"https:\/\/www.evento.love\/blog\/baby-shower-evento-social-madrid\/\">\r\n\r\n            <img width=\"150\" height=\"150\" src=\"https:\/\/www.evento.love\/blog\/wp-content\/uploads\/2016\/07\/babyshower-150x150.jpg\" class=\"attachment-thumbnail size-thumbnail wp-post-image\" alt=\"baby shower-fiesta-beb\u00e9-embarazo-embarazada\" decoding=\"async\" loading=\"lazy\" \/>\r\n\r\n        <\/a>\r\n    <\/div>\r\n\r\n    <a class=\"title post_title\"  title=\"Baby Shower, mucho m\u00e1s que un evento social\" href=\"https:\/\/www.evento.love\/blog\/baby-shower-evento-social-madrid\/\">\r\n                Baby Shower, mucho m\u00e1s que un evento social    <\/a>\r\n\r\n                <\/div>\r\n                            <div class=\"item\">\r\n                        <div class=\"thumb post_thumb\">\r\n        <a  title=\"12 consejos para un Baby Shower perfecto\" href=\"https:\/\/www.evento.love\/blog\/12-consejos-baby-shower-perfecto-madrid\/\">\r\n\r\n            <img width=\"150\" height=\"150\" src=\"https:\/\/www.evento.love\/blog\/wp-content\/uploads\/2016\/09\/16_05_20_12_consejos-para-que-tu-Baby-Shower-sea-perfecto-150x150.jpg\" class=\"attachment-thumbnail size-thumbnail wp-post-image\" alt=\"Baby Shower-perfecto-beb\u00e9-embarazado-embarazada-fiesta-babyshower\" decoding=\"async\" loading=\"lazy\" \/>\r\n\r\n        <\/a>\r\n    <\/div>\r\n\r\n    <a class=\"title post_title\"  title=\"12 consejos para un Baby Shower perfecto\" href=\"https:\/\/www.evento.love\/blog\/12-consejos-baby-shower-perfecto-madrid\/\">\r\n                12 consejos para un Baby Shower perfecto    <\/a>\r\n\r\n                <\/div>\r\n                            <div class=\"item\">\r\n                        <div class=\"thumb post_thumb\">\r\n        <a  title=\"Cu\u00e1ndo hacer el Baby Shower\" href=\"https:\/\/www.evento.love\/blog\/cuando-hacer-el-baby-shower-madrid\/\">\r\n\r\n            <img width=\"150\" height=\"150\" src=\"https:\/\/www.evento.love\/blog\/wp-content\/uploads\/2016\/09\/16_05_23_Cuando-hacer-el-Baby-Shower-150x150.jpg\" class=\"attachment-thumbnail size-thumbnail wp-post-image\" alt=\"Cu\u00e1ndo hacer el baby shower beb\u00e9 embarazo fiesta en Madrid\" decoding=\"async\" loading=\"lazy\" \/>\r\n\r\n        <\/a>\r\n    <\/div>\r\n\r\n    <a class=\"title post_title\"  title=\"Cu\u00e1ndo hacer el Baby Shower\" href=\"https:\/\/www.evento.love\/blog\/cuando-hacer-el-baby-shower-madrid\/\">\r\n                Cu\u00e1ndo hacer el Baby Shower    <\/a>\r\n\r\n                <\/div>\r\n                            <div class=\"item\">\r\n                        <div class=\"thumb post_thumb\">\r\n        <a  title=\"\u00bfQui\u00e9n debe organizar el Baby Shower?\" href=\"https:\/\/www.evento.love\/blog\/quien-organizar-baby-shower-madrid\/\">\r\n\r\n            <img width=\"150\" height=\"150\" src=\"https:\/\/www.evento.love\/blog\/wp-content\/uploads\/2016\/09\/16_05_29_Qui\u00e9n-organiza-el-Baby-Shower-150x150.jpg\" class=\"attachment-thumbnail size-thumbnail wp-post-image\" alt=\"Organizaci\u00f3n Baby Shower Madrid fiesta beb\u00e9 embarazada\" decoding=\"async\" loading=\"lazy\" \/>\r\n\r\n        <\/a>\r\n    <\/div>\r\n\r\n    <a class=\"title post_title\"  title=\"\u00bfQui\u00e9n debe organizar el Baby Shower?\" href=\"https:\/\/www.evento.love\/blog\/quien-organizar-baby-shower-madrid\/\">\r\n                \u00bfQui\u00e9n debe organizar el Baby Shower?    <\/a>\r\n\r\n                <\/div>\r\n            \r\n    <\/div>\r\n\r\n    <script>\r\n            <\/script>\r\n    <style>\r\n        .related-post {}\r\n\r\n        .related-post .post-list {\r\n            text-align: left;\r\n                    }\r\n\r\n        .related-post .post-list .item {\r\n            margin: 5px 10px;\r\n            padding: 0px;\r\n                    }\r\n\r\n        .related-post .headline {\r\n            font-size: 24px !important;\r\n            color: #000000 !important;\r\n                    }\r\n\r\n        .related-post .headline{\r\nfont-weight:400 !important;\r\ntext-transform: uppercase;\r\n}.related-post .post-list .item .post_thumb {\r\n            max-height: 180px;\r\n            margin: 10px 0px;\r\n            padding: 0px;\r\n            display: block;\r\n                    }\r\n\r\n        .related-post .post-list .item .post_title {\r\n            font-size: 12px;\r\n            color: #607d8b;\r\n            margin: 10px 0px;\r\n            padding: 0px;\r\n            display: block;\r\n            text-decoration: none;\r\n                    }\r\n\r\n        .related-post .post-list .item .post_excerpt {\r\n            font-size: 13px;\r\n            color: #3f3f3f;\r\n            margin: 10px 0px;\r\n            padding: 0px;\r\n            display: block;\r\n            text-decoration: none;\r\n                    }\r\n\r\n        @media only screen and (min-width: 1024px) {\r\n            .related-post .post-list .item {\r\n                width: 22%;\r\n            }\r\n        }\r\n\r\n        @media only screen and (min-width: 768px) and (max-width: 1023px) {\r\n            .related-post .post-list .item {\r\n                width: 90%;\r\n            }\r\n        }\r\n\r\n        @media only screen and (min-width: 0px) and (max-width: 767px) {\r\n            .related-post .post-list .item {\r\n                width: 30%;\r\n            }\r\n        }\r\n\r\n            <\/style>\r\n        <\/div>\r\n","protected":false},"author":1,"featured_media":2230,"comment_status":"closed","ping_status":"open","sticky":false,"template":"","format":"standard","meta":{"content-type":""},"categories":[756],"tags":[],"yoast_head":"<!-- This site is optimized with the Yoast SEO plugin v20.7 - https:\/\/yoast.com\/wordpress\/plugins\/seo\/ -->\n<title>Oficiante de ceremonias profesional: definici\u00f3n y atributos<\/title>\n<meta name=\"description\" content=\"Organizamos la boda de tus sue\u00f1os. Celebra tu boda a lo grande, Evento.love se ocupa de todos los detalles: la finca, el catering, las invitaciones, la decoraci\u00f3n, la m\u00fasica\u2026\u00a1Simplemente elige tu plan o cont\u00e1ctanos para hacer de tu boda el d\u00eda m\u00e1s especial!\" \/>\n<meta name=\"robots\" content=\"index, follow, max-snippet:-1, max-image-preview:large, max-video-preview:-1\" \/>\n<meta property=\"og:locale\" content=\"es_ES\" \/>\n<meta property=\"og:type\" content=\"article\" \/>\n<meta property=\"og:title\" content=\"Oficiante de ceremonias profesional: definici\u00f3n y atributos\" \/>\n<meta property=\"og:description\" content=\"Organizamos la boda de tus sue\u00f1os. Celebra tu boda a lo grande, Evento.love se ocupa de todos los detalles: la finca, el catering, las invitaciones, la decoraci\u00f3n, la m\u00fasica\u2026\u00a1Simplemente elige tu plan o cont\u00e1ctanos para hacer de tu boda el d\u00eda m\u00e1s especial!\" \/>\n<meta property=\"og:url\" content=\"https:\/\/www.evento.love\/blog\/oficiante-de-ceremonias-profesional\/\" \/>\n<meta property=\"og:site_name\" content=\"El Blog de evento.love\" \/>\n<meta property=\"article:publisher\" content=\"https:\/\/www.facebook.com\/Evento.love\/\" \/>\n<meta property=\"article:published_time\" content=\"2018-08-07T08:08:31+00:00\" \/>\n<meta property=\"article:modified_time\" content=\"2019-07-18T22:17:58+00:00\" \/>\n<meta property=\"og:image\" content=\"https:\/\/www.evento.love\/blog\/wp-content\/uploads\/2018\/07\/manos-ramo-novia-boda-enlace-Madrid-novio-oficiante-de-ceremonia-profesional.png\" \/>\n\t<meta property=\"og:image:width\" content=\"847\" \/>\n\t<meta property=\"og:image:height\" content=\"470\" \/>\n\t<meta property=\"og:image:type\" content=\"image\/png\" \/>\n<meta name=\"author\" content=\"Evento Love\" \/>\n<meta name=\"twitter:card\" content=\"summary_large_image\" \/>\n<meta name=\"twitter:creator\" content=\"@Evento_love\" \/>\n<meta name=\"twitter:site\" content=\"@Evento_love\" \/>\n<meta name=\"twitter:label1\" content=\"Escrito por\" \/>\n\t<meta name=\"twitter:data1\" content=\"Evento Love\" \/>\n\t<meta name=\"twitter:label2\" content=\"Tiempo de lectura\" \/>\n\t<meta name=\"twitter:data2\" content=\"3 minutos\" \/>\n<!-- \/ Yoast SEO plugin. -->","yoast_head_json":{"title":"Oficiante de ceremonias profesional: definici\u00f3n y atributos","description":"Organizamos la boda de tus sue\u00f1os. Celebra tu boda a lo grande, Evento.love se ocupa de todos los detalles: la finca, el catering, las invitaciones, la decoraci\u00f3n, la m\u00fasica\u2026\u00a1Simplemente elige tu plan o cont\u00e1ctanos para hacer de tu boda el d\u00eda m\u00e1s especial!","robots":{"index":"index","follow":"follow","max-snippet":"max-snippet:-1","max-image-preview":"max-image-preview:large","max-video-preview":"max-video-preview:-1"},"og_locale":"es_ES","og_type":"article","og_title":"Oficiante de ceremonias profesional: definici\u00f3n y atributos","og_description":"Organizamos la boda de tus sue\u00f1os. Celebra tu boda a lo grande, Evento.love se ocupa de todos los detalles: la finca, el catering, las invitaciones, la decoraci\u00f3n, la m\u00fasica\u2026\u00a1Simplemente elige tu plan o cont\u00e1ctanos para hacer de tu boda el d\u00eda m\u00e1s especial!","og_url":"https:\/\/www.evento.love\/blog\/oficiante-de-ceremonias-profesional\/","og_site_name":"El Blog de evento.love","article_publisher":"https:\/\/www.facebook.com\/Evento.love\/","article_published_time":"2018-08-07T08:08:31+00:00","article_modified_time":"2019-07-18T22:17:58+00:00","og_image":[{"width":"847","height":"470","url":"https:\/\/www.evento.love\/blog\/wp-content\/uploads\/2018\/07\/manos-ramo-novia-boda-enlace-Madrid-novio-oficiante-de-ceremonia-profesional.png","type":"image\/png"}],"author":"Evento Love","twitter_card":"summary_large_image","twitter_creator":"@Evento_love","twitter_site":"@Evento_love","twitter_misc":{"Escrito por":"Evento Love","Tiempo de lectura":"3 minutos"},"schema":{"@context":"https:\/\/schema.org","@graph":[{"@type":"Article","@id":"https:\/\/www.evento.love\/blog\/oficiante-de-ceremonias-profesional\/#article","isPartOf":{"@id":"https:\/\/www.evento.love\/blog\/oficiante-de-ceremonias-profesional\/"},"author":{"name":"Evento Love","@id":"https:\/\/www.evento.love\/blog\/#\/schema\/person\/a184c2ed424b7fb3006372ce8051542c"},"headline":"Oficiante de ceremonias profesional: definici\u00f3n y atributos","datePublished":"2018-08-07T08:08:31+00:00","dateModified":"2019-07-18T22:17:58+00:00","mainEntityOfPage":{"@id":"https:\/\/www.evento.love\/blog\/oficiante-de-ceremonias-profesional\/"},"wordCount":528,"publisher":{"@id":"https:\/\/www.evento.love\/blog\/#organization"},"articleSection":["Bodas"],"inLanguage":"es"},{"@type":"WebPage","@id":"https:\/\/www.evento.love\/blog\/oficiante-de-ceremonias-profesional\/","url":"https:\/\/www.evento.love\/blog\/oficiante-de-ceremonias-profesional\/","name":"Oficiante de ceremonias profesional: definici\u00f3n y atributos","isPartOf":{"@id":"https:\/\/www.evento.love\/blog\/#website"},"datePublished":"2018-08-07T08:08:31+00:00","dateModified":"2019-07-18T22:17:58+00:00","description":"Organizamos la boda de tus sue\u00f1os. Celebra tu boda a lo grande, Evento.love se ocupa de todos los detalles: la finca, el catering, las invitaciones, la decoraci\u00f3n, la m\u00fasica\u2026\u00a1Simplemente elige tu plan o cont\u00e1ctanos para hacer de tu boda el d\u00eda m\u00e1s especial!","breadcrumb":{"@id":"https:\/\/www.evento.love\/blog\/oficiante-de-ceremonias-profesional\/#breadcrumb"},"inLanguage":"es","potentialAction":[{"@type":"ReadAction","target":["https:\/\/www.evento.love\/blog\/oficiante-de-ceremonias-profesional\/"]}]},{"@type":"BreadcrumbList","@id":"https:\/\/www.evento.love\/blog\/oficiante-de-ceremonias-profesional\/#breadcrumb","itemListElement":[{"@type":"ListItem","position":1,"name":"Evento.love","item":"https:\/\/www.evento.love\/blog\/"},{"@type":"ListItem","position":2,"name":"Bodas","item":"https:\/\/www.evento.love\/blog\/category\/bodas\/"},{"@type":"ListItem","position":3,"name":"Oficiante de ceremonias profesional: definici\u00f3n y atributos"}]},{"@type":"WebSite","@id":"https:\/\/www.evento.love\/blog\/#website","url":"https:\/\/www.evento.love\/blog\/","name":"El Blog de evento.love","description":"T\u00fa lo mereces. Disfruta de tu momento","publisher":{"@id":"https:\/\/www.evento.love\/blog\/#organization"},"potentialAction":[{"@type":"SearchAction","target":{"@type":"EntryPoint","urlTemplate":"https:\/\/www.evento.love\/blog\/?s={search_term_string}"},"query-input":"required name=search_term_string"}],"inLanguage":"es"},{"@type":"Organization","@id":"https:\/\/www.evento.love\/blog\/#organization","name":"evento.love","url":"https:\/\/www.evento.love\/blog\/","logo":{"@type":"ImageObject","inLanguage":"es","@id":"https:\/\/www.evento.love\/blog\/#\/schema\/logo\/image\/","url":"https:\/\/www.evento.love\/blog\/wp-content\/uploads\/2016\/07\/logo-evento-love.png","contentUrl":"https:\/\/www.evento.love\/blog\/wp-content\/uploads\/2016\/07\/logo-evento-love.png","width":197,"height":59,"caption":"evento.love"},"image":{"@id":"https:\/\/www.evento.love\/blog\/#\/schema\/logo\/image\/"},"sameAs":["https:\/\/www.facebook.com\/Evento.love\/","https:\/\/twitter.com\/Evento_love","https:\/\/www.instagram.com\/evento.love\/","https:\/\/es.pinterest.com\/evento_love\/","https:\/\/www.youtube.com\/channel\/UCcVbo6ymzx-7FlDJja8aQnw"]},{"@type":"Person","@id":"https:\/\/www.evento.love\/blog\/#\/schema\/person\/a184c2ed424b7fb3006372ce8051542c","name":"Evento Love"}]}},"_links":{"self":[{"href":"https:\/\/www.evento.love\/blog\/wp-json\/wp\/v2\/posts\/2227"}],"collection":[{"href":"https:\/\/www.evento.love\/blog\/wp-json\/wp\/v2\/posts"}],"about":[{"href":"https:\/\/www.evento.love\/blog\/wp-json\/wp\/v2\/types\/post"}],"author":[{"embeddable":true,"href":"https:\/\/www.evento.love\/blog\/wp-json\/wp\/v2\/users\/1"}],"replies":[{"embeddable":true,"href":"https:\/\/www.evento.love\/blog\/wp-json\/wp\/v2\/comments?post=2227"}],"version-history":[{"count":7,"href":"https:\/\/www.evento.love\/blog\/wp-json\/wp\/v2\/posts\/2227\/revisions"}],"predecessor-version":[{"id":4999,"href":"https:\/\/www.evento.love\/blog\/wp-json\/wp\/v2\/posts\/2227\/revisions\/4999"}],"wp:featuredmedia":[{"embeddable":true,"href":"https:\/\/www.evento.love\/blog\/wp-json\/wp\/v2\/media\/2230"}],"wp:attachment":[{"href":"https:\/\/www.evento.love\/blog\/wp-json\/wp\/v2\/media?parent=2227"}],"wp:term":[{"taxonomy":"category","embeddable":true,"href":"https:\/\/www.evento.love\/blog\/wp-json\/wp\/v2\/categories?post=2227"},{"taxonomy":"post_tag","embeddable":true,"href":"https:\/\/www.evento.love\/blog\/wp-json\/wp\/v2\/tags?post=2227"}],"curies":[{"name":"wp","href":"https:\/\/api.w.org\/{rel}","templated":true}]}}