{"id":2265,"date":"2018-08-21T20:02:15","date_gmt":"2018-08-21T18:02:15","guid":{"rendered":"https:\/\/www.evento.love\/blog\/?p=2265"},"modified":"2019-07-19T00:17:58","modified_gmt":"2019-07-18T22:17:58","slug":"celebrar-un-baby-shower-en-verano-ideas-catering","status":"publish","type":"post","link":"https:\/\/www.evento.love\/blog\/celebrar-un-baby-shower-en-verano-ideas-catering\/","title":{"rendered":"Ideas de catering para celebrar un baby shower en verano"},"content":{"rendered":"<p>Celebrar un baby shower en verano puede dar mucho juego en cuanto a la decoraci\u00f3n. Y tambi\u00e9n nos permite plantear un catering muy divertido teniendo en cuenta la gran diversidad de frutas disponibles y los tentempi\u00e9s fr\u00edos que se pueden plantear. \u00a1Toma nota de estas refrescantes ideas!<!--more--><\/p>\n<h2>C\u00f3mo celebrar un baby shower en verano<\/h2>\n<p>El verano nos permite una mayor libertad a la hora de <b>elegir la localizaci\u00f3n de la fiesta<\/b>. As\u00ed, podemos aprovechar jardines, terrazas, parques&#8230;adem\u00e1s de cualquier local cubierto o interior.<\/p>\n<p>Por otro lado, las actividades al aire libre son ideales si se va a contar con ni\u00f1os entre los invitados. Adem\u00e1s, organizar una <a href=\"https:\/\/www.evento.love\/blog\/category\/baby-shower\/\" target=\"_blank\" rel=\"noopener noreferrer\">fiesta de bienvenida al beb\u00e9 <\/a>en verano nos permite dar rienda suelta a la imaginaci\u00f3n en cuanto a <b>la decoraci\u00f3n<\/b>. En invierno, nos tendremos que limitar a espacios interiores o especialmente preparados para hacer de la estancia un espacio agradable y con una temperatura adecuada para realizar el evento.<\/p>\n<h2>\u00bfQu\u00e9 men\u00fa ofrezco a los invitados del baby shower?<\/h2>\n<p>Si vamos a\u00a0celebrar un baby shower en verano no podemos olvidarnos de la homenajeada: la embarazada. La protagonista de la fiesta debe sentirse como una reina en su d\u00eda. Como ya sabemos, el embarazo en un periodo en el que la mujer debe cuidarse especialmente, para que madre y beb\u00e9 se encuentren en condiciones \u00f3ptimas en este periodo tan importante de sus vidas.<\/p>\n<p>Por ello, lo ideal es que a la hora de seleccionar el men\u00fa, se piense tambi\u00e9n en que la embarazada pueda picar de todo sin remordimientos o sin darle envidia con ingredientes que debe evitar. La fiesta es por <a href=\"https:\/\/www.evento.love\/blog\/baby-shower-ositos-globos-estrellas\/\" target=\"_blank\" rel=\"noopener noreferrer\">el beb\u00e9 que est\u00e1 en camino<\/a>, pero la protagonista absoluta ese d\u00eda ser\u00e1 la futura madre. As\u00ed que \u00bfqu\u00e9 menos que plantear una comida totalmente adaptada a ella?\u00a0Con un poco de imaginaci\u00f3n y gracias a adaptaciones m\u00e1s sanas de recetas tradicionales, podemos completar un rico catering apto para todos los p\u00fablicos en nuestro baby shower veraniego.<\/p>\n<h2><b>Ideas de catering para un baby shower veraniego<\/b><\/h2>\n<p>Ahora s\u00ed, os desgranamos algunas ideas refrescantes para que vuestros invitados queden encantados, y que a la vez, la futura madre pueda darse un homenaje con los pinchos.<\/p>\n<ul>\n<li><strong>Fruta<\/strong>: fondue con chocolate negro, brochetas o ensaladas de fruta de temporada. Se consiguir\u00e1 aportar un bonito colorido y adaptar la fruta dandole formas y combinando los colores para seguir la tem\u00e1tica elegida para la fiesta.<\/li>\n<li><strong>Gazpacho, salmorejo, cremas fr\u00edas de verduras<\/strong>. Sopas que adem\u00e1s de hidratar \u00a1son muy nutritivas!<\/li>\n<li><strong>Humus cl\u00e1sico y humus rosa<\/strong> (con remolacha) acompa\u00f1ado de palitos de pan integrales o palitos crudiveganos (zanahoria, pepino, calabac\u00edn, etc.)<\/li>\n<li><strong>Ensaladas de pasta o arroz integral<\/strong><\/li>\n<li><strong>Mini tortillas y revueltos<\/strong><\/li>\n<li><strong>Patatas asadas al romero<\/strong><\/li>\n<li><strong>Mini hamburguesas,<\/strong> de carne o veganas<\/li>\n<li><strong>Fajitas de verduras con guacamole<\/strong><\/li>\n<li><strong>Pat\u00e9s veganos con tostas integrales<\/strong> variadas (pan de espelta, centeno, ma\u00edz&#8230;)<\/li>\n<\/ul>\n<h2>Alternativas dulces para un baby shower<\/h2>\n<p>Para la <strong>mesa dulce<\/strong>, en lugar de poner las t\u00edpicas gominolas, se pueden aprovechar frutas <em>delicatessen<\/em> como los ar\u00e1ndanos, frambuesas o alquenquejes (tambi\u00e9n conocidos como farolillos chinos). Se puede contemplar tambi\u00e9n incluir bandejas de <strong>frutos secos<\/strong> como nueces, pistachos, anacardos y avellanas sin sal a\u00f1adida.<\/p>\n<p>Por supuesto, no podemos olvidarnos de los <strong>cupcakes y cookies<\/strong>, que para esta ocasi\u00f3n podr\u00edan ser realizados con harinas integrales y con sustitutos del az\u00facar para dar el toque dulce al baby shower.<\/p>\n<p>Por \u00faltimo, podemos presentar una tarta realizada con varios pisos de fruta, o una tartaleta de frutas. Si bien con un catering as\u00ed de sano, podr\u00edamos plantear incluir una tarta tradicional <a href=\"https:\/\/www.evento.love\/blog\/baby-shower-cine-pequeno-sebastian\/\" target=\"_blank\" rel=\"noopener noreferrer\">acorde con la tem\u00e1tica elegida<\/a> (siempre que la madre pueda consumir az\u00facar ocasionalmente).<\/p>\n<h2>Y para beber&#8230;<\/h2>\n<p>M\u00e1s all\u00e1 del <strong>agua mineral y de los zumos naturales<\/strong>,\u00a0encontramos algunas ideas muy atractivas de bebidas alternativas. Las <strong>infusiones<\/strong> de melisa y jengibre y t\u00e9 rooibos son una muy buena opci\u00f3n, por poner alg\u00fan ejemplo. Y <strong>para los brindis, <\/strong>podemos hacer uso de cerveza 0,0 en lugar del tradicional champ\u00e1n.\u00a0En cuanto a los <strong>cocktails<\/strong>, existe una gran oferta de <a href=\"https:\/\/www.evento.love\/blog\/ideas-catering-alternativo-sin-alcohol\/\">combinados sin alcohol<\/a> que har\u00e1n las delicias de todos los invitados a la fiesta.<\/p>\n<p>Esperamos que os hayan gustado nuestras ideas saludables de catering para celebrar un baby shower en verano.<\/p>\n<p>\u00bfEst\u00e1s pensando en organizar un baby shower en Madrid? \u00a1<a href=\"https:\/\/www.evento.love\/#contacto\" target=\"_blank\" rel=\"noopener noreferrer\">Contacta con nosotros<\/a>! Podremos ayudarte con la organizaci\u00f3n de parte del evento o hacernos cargos de hacer realidad tu fiesta so\u00f1ada.<\/p>\n    <div class=\"related-post grid\">\r\n                <div class=\"headline\">M\u00e1s art\u00edculos a tener en cuenta<\/div>\r\n        <div class=\"post-list \">\r\n\r\n                        <div class=\"item\">\r\n                        <div class=\"thumb post_thumb\">\r\n        <a  title=\"Baby Shower, mucho m\u00e1s que un evento social\" href=\"https:\/\/www.evento.love\/blog\/baby-shower-evento-social-madrid\/\">\r\n\r\n            <img width=\"150\" height=\"150\" src=\"https:\/\/www.evento.love\/blog\/wp-content\/uploads\/2016\/07\/babyshower-150x150.jpg\" class=\"attachment-thumbnail size-thumbnail wp-post-image\" alt=\"baby shower-fiesta-beb\u00e9-embarazo-embarazada\" decoding=\"async\" loading=\"lazy\" \/>\r\n\r\n        <\/a>\r\n    <\/div>\r\n\r\n    <a class=\"title post_title\"  title=\"Baby Shower, mucho m\u00e1s que un evento social\" href=\"https:\/\/www.evento.love\/blog\/baby-shower-evento-social-madrid\/\">\r\n                Baby Shower, mucho m\u00e1s que un evento social    <\/a>\r\n\r\n                <\/div>\r\n                            <div class=\"item\">\r\n                        <div class=\"thumb post_thumb\">\r\n        <a  title=\"12 consejos para un Baby Shower perfecto\" href=\"https:\/\/www.evento.love\/blog\/12-consejos-baby-shower-perfecto-madrid\/\">\r\n\r\n            <img width=\"150\" height=\"150\" src=\"https:\/\/www.evento.love\/blog\/wp-content\/uploads\/2016\/09\/16_05_20_12_consejos-para-que-tu-Baby-Shower-sea-perfecto-150x150.jpg\" class=\"attachment-thumbnail size-thumbnail wp-post-image\" alt=\"Baby Shower-perfecto-beb\u00e9-embarazado-embarazada-fiesta-babyshower\" decoding=\"async\" loading=\"lazy\" \/>\r\n\r\n        <\/a>\r\n    <\/div>\r\n\r\n    <a class=\"title post_title\"  title=\"12 consejos para un Baby Shower perfecto\" href=\"https:\/\/www.evento.love\/blog\/12-consejos-baby-shower-perfecto-madrid\/\">\r\n                12 consejos para un Baby Shower perfecto    <\/a>\r\n\r\n                <\/div>\r\n                            <div class=\"item\">\r\n                        <div class=\"thumb post_thumb\">\r\n        <a  title=\"Cu\u00e1ndo hacer el Baby Shower\" href=\"https:\/\/www.evento.love\/blog\/cuando-hacer-el-baby-shower-madrid\/\">\r\n\r\n            <img width=\"150\" height=\"150\" src=\"https:\/\/www.evento.love\/blog\/wp-content\/uploads\/2016\/09\/16_05_23_Cuando-hacer-el-Baby-Shower-150x150.jpg\" class=\"attachment-thumbnail size-thumbnail wp-post-image\" alt=\"Cu\u00e1ndo hacer el baby shower beb\u00e9 embarazo fiesta en Madrid\" decoding=\"async\" loading=\"lazy\" \/>\r\n\r\n        <\/a>\r\n    <\/div>\r\n\r\n    <a class=\"title post_title\"  title=\"Cu\u00e1ndo hacer el Baby Shower\" href=\"https:\/\/www.evento.love\/blog\/cuando-hacer-el-baby-shower-madrid\/\">\r\n                Cu\u00e1ndo hacer el Baby Shower    <\/a>\r\n\r\n                <\/div>\r\n                            <div class=\"item\">\r\n                        <div class=\"thumb post_thumb\">\r\n        <a  title=\"Baby Shower: Elaborando la lista de invitados\" href=\"https:\/\/www.evento.love\/blog\/baby-shower-lista-invitados-madrid\/\">\r\n\r\n            <img width=\"150\" height=\"150\" src=\"https:\/\/www.evento.love\/blog\/wp-content\/uploads\/2016\/09\/16_05_30_Baby-Shower-elaborando-la-lista-de-invitados-150x150.jpg\" class=\"attachment-thumbnail size-thumbnail wp-post-image\" alt=\"\" decoding=\"async\" loading=\"lazy\" \/>\r\n\r\n        <\/a>\r\n    <\/div>\r\n\r\n    <a class=\"title post_title\"  title=\"Baby Shower: Elaborando la lista de invitados\" href=\"https:\/\/www.evento.love\/blog\/baby-shower-lista-invitados-madrid\/\">\r\n                Baby Shower: Elaborando la lista de invitados    <\/a>\r\n\r\n                <\/div>\r\n            \r\n    <\/div>\r\n\r\n    <script>\r\n            <\/script>\r\n    <style>\r\n        .related-post {}\r\n\r\n        .related-post .post-list {\r\n            text-align: left;\r\n                    }\r\n\r\n        .related-post .post-list .item {\r\n            margin: 5px 10px;\r\n            padding: 0px;\r\n                    }\r\n\r\n        .related-post .headline {\r\n            font-size: 24px !important;\r\n            color: #000000 !important;\r\n                    }\r\n\r\n        .related-post .headline{\r\nfont-weight:400 !important;\r\ntext-transform: uppercase;\r\n}.related-post .post-list .item .post_thumb {\r\n            max-height: 180px;\r\n            margin: 10px 0px;\r\n            padding: 0px;\r\n            display: block;\r\n                    }\r\n\r\n        .related-post .post-list .item .post_title {\r\n            font-size: 12px;\r\n            color: #607d8b;\r\n            margin: 10px 0px;\r\n            padding: 0px;\r\n            display: block;\r\n            text-decoration: none;\r\n                    }\r\n\r\n        .related-post .post-list .item .post_excerpt {\r\n            font-size: 13px;\r\n            color: #3f3f3f;\r\n            margin: 10px 0px;\r\n            padding: 0px;\r\n            display: block;\r\n            text-decoration: none;\r\n                    }\r\n\r\n        @media only screen and (min-width: 1024px) {\r\n            .related-post .post-list .item {\r\n                width: 22%;\r\n            }\r\n        }\r\n\r\n        @media only screen and (min-width: 768px) and (max-width: 1023px) {\r\n            .related-post .post-list .item {\r\n                width: 90%;\r\n            }\r\n        }\r\n\r\n        @media only screen and (min-width: 0px) and (max-width: 767px) {\r\n            .related-post .post-list .item {\r\n                width: 30%;\r\n            }\r\n        }\r\n\r\n            <\/style>\r\n        <\/div>\r\n<!-- AddThis Advanced Settings generic via filter on the_content --><!-- AddThis Share Buttons generic via filter on the_content -->","protected":false},"excerpt":{"rendered":"<p>Celebrar un baby shower en verano puede dar mucho juego en cuanto a la decoraci\u00f3n. Y tambi\u00e9n nos permite plantear un catering muy divertido teniendo en cuenta la gran diversidad de frutas disponibles y los tentempi\u00e9s fr\u00edos que se pueden plantear. \u00a1Toma nota de estas refrescantes ideas! M\u00e1s art\u00edculos a tener en cuenta Baby Shower, mucho m\u00e1s que un evento social 12 consejos para un Baby Shower perfecto Cu\u00e1ndo hacer el Baby Shower Baby Shower: Elaborando la lista de invitados<!-- AddThis Advanced Settings generic via filter on get_the_excerpt --><!-- AddThis Share Buttons generic via filter on get_the_excerpt --><\/p>\n    <div class=\"related-post grid\">\r\n                <div class=\"headline\">M\u00e1s art\u00edculos a tener en cuenta<\/div>\r\n        <div class=\"post-list \">\r\n\r\n                        <div class=\"item\">\r\n                        <div class=\"thumb post_thumb\">\r\n        <a  title=\"Baby Shower, mucho m\u00e1s que un evento social\" href=\"https:\/\/www.evento.love\/blog\/baby-shower-evento-social-madrid\/\">\r\n\r\n            <img width=\"150\" height=\"150\" src=\"https:\/\/www.evento.love\/blog\/wp-content\/uploads\/2016\/07\/babyshower-150x150.jpg\" class=\"attachment-thumbnail size-thumbnail wp-post-image\" alt=\"baby shower-fiesta-beb\u00e9-embarazo-embarazada\" decoding=\"async\" loading=\"lazy\" \/>\r\n\r\n        <\/a>\r\n    <\/div>\r\n\r\n    <a class=\"title post_title\"  title=\"Baby Shower, mucho m\u00e1s que un evento social\" href=\"https:\/\/www.evento.love\/blog\/baby-shower-evento-social-madrid\/\">\r\n                Baby Shower, mucho m\u00e1s que un evento social    <\/a>\r\n\r\n                <\/div>\r\n                            <div class=\"item\">\r\n                        <div class=\"thumb post_thumb\">\r\n        <a  title=\"12 consejos para un Baby Shower perfecto\" href=\"https:\/\/www.evento.love\/blog\/12-consejos-baby-shower-perfecto-madrid\/\">\r\n\r\n            <img width=\"150\" height=\"150\" src=\"https:\/\/www.evento.love\/blog\/wp-content\/uploads\/2016\/09\/16_05_20_12_consejos-para-que-tu-Baby-Shower-sea-perfecto-150x150.jpg\" class=\"attachment-thumbnail size-thumbnail wp-post-image\" alt=\"Baby Shower-perfecto-beb\u00e9-embarazado-embarazada-fiesta-babyshower\" decoding=\"async\" loading=\"lazy\" \/>\r\n\r\n        <\/a>\r\n    <\/div>\r\n\r\n    <a class=\"title post_title\"  title=\"12 consejos para un Baby Shower perfecto\" href=\"https:\/\/www.evento.love\/blog\/12-consejos-baby-shower-perfecto-madrid\/\">\r\n                12 consejos para un Baby Shower perfecto    <\/a>\r\n\r\n                <\/div>\r\n                            <div class=\"item\">\r\n                        <div class=\"thumb post_thumb\">\r\n        <a  title=\"Cu\u00e1ndo hacer el Baby Shower\" href=\"https:\/\/www.evento.love\/blog\/cuando-hacer-el-baby-shower-madrid\/\">\r\n\r\n            <img width=\"150\" height=\"150\" src=\"https:\/\/www.evento.love\/blog\/wp-content\/uploads\/2016\/09\/16_05_23_Cuando-hacer-el-Baby-Shower-150x150.jpg\" class=\"attachment-thumbnail size-thumbnail wp-post-image\" alt=\"Cu\u00e1ndo hacer el baby shower beb\u00e9 embarazo fiesta en Madrid\" decoding=\"async\" loading=\"lazy\" \/>\r\n\r\n        <\/a>\r\n    <\/div>\r\n\r\n    <a class=\"title post_title\"  title=\"Cu\u00e1ndo hacer el Baby Shower\" href=\"https:\/\/www.evento.love\/blog\/cuando-hacer-el-baby-shower-madrid\/\">\r\n                Cu\u00e1ndo hacer el Baby Shower    <\/a>\r\n\r\n                <\/div>\r\n                            <div class=\"item\">\r\n                        <div class=\"thumb post_thumb\">\r\n        <a  title=\"\u00bfQui\u00e9n debe organizar el Baby Shower?\" href=\"https:\/\/www.evento.love\/blog\/quien-organizar-baby-shower-madrid\/\">\r\n\r\n            <img width=\"150\" height=\"150\" src=\"https:\/\/www.evento.love\/blog\/wp-content\/uploads\/2016\/09\/16_05_29_Qui\u00e9n-organiza-el-Baby-Shower-150x150.jpg\" class=\"attachment-thumbnail size-thumbnail wp-post-image\" alt=\"Organizaci\u00f3n Baby Shower Madrid fiesta beb\u00e9 embarazada\" decoding=\"async\" loading=\"lazy\" \/>\r\n\r\n        <\/a>\r\n    <\/div>\r\n\r\n    <a class=\"title post_title\"  title=\"\u00bfQui\u00e9n debe organizar el Baby Shower?\" href=\"https:\/\/www.evento.love\/blog\/quien-organizar-baby-shower-madrid\/\">\r\n                \u00bfQui\u00e9n debe organizar el Baby Shower?    <\/a>\r\n\r\n                <\/div>\r\n            \r\n    <\/div>\r\n\r\n    <script>\r\n            <\/script>\r\n    <style>\r\n        .related-post {}\r\n\r\n        .related-post .post-list {\r\n            text-align: left;\r\n                    }\r\n\r\n        .related-post .post-list .item {\r\n            margin: 5px 10px;\r\n            padding: 0px;\r\n                    }\r\n\r\n        .related-post .headline {\r\n            font-size: 24px !important;\r\n            color: #000000 !important;\r\n                    }\r\n\r\n        .related-post .headline{\r\nfont-weight:400 !important;\r\ntext-transform: uppercase;\r\n}.related-post .post-list .item .post_thumb {\r\n            max-height: 180px;\r\n            margin: 10px 0px;\r\n            padding: 0px;\r\n            display: block;\r\n                    }\r\n\r\n        .related-post .post-list .item .post_title {\r\n            font-size: 12px;\r\n            color: #607d8b;\r\n            margin: 10px 0px;\r\n            padding: 0px;\r\n            display: block;\r\n            text-decoration: none;\r\n                    }\r\n\r\n        .related-post .post-list .item .post_excerpt {\r\n            font-size: 13px;\r\n            color: #3f3f3f;\r\n            margin: 10px 0px;\r\n            padding: 0px;\r\n            display: block;\r\n            text-decoration: none;\r\n                    }\r\n\r\n        @media only screen and (min-width: 1024px) {\r\n            .related-post .post-list .item {\r\n                width: 22%;\r\n            }\r\n        }\r\n\r\n        @media only screen and (min-width: 768px) and (max-width: 1023px) {\r\n            .related-post .post-list .item {\r\n                width: 90%;\r\n            }\r\n        }\r\n\r\n        @media only screen and (min-width: 0px) and (max-width: 767px) {\r\n            .related-post .post-list .item {\r\n                width: 30%;\r\n            }\r\n        }\r\n\r\n            <\/style>\r\n        <\/div>\r\n","protected":false},"author":1,"featured_media":2267,"comment_status":"closed","ping_status":"open","sticky":false,"template":"","format":"standard","meta":{"content-type":""},"categories":[2,807],"tags":[864,860,861,863,865,862],"yoast_head":"<!-- This site is optimized with the Yoast SEO plugin v20.7 - https:\/\/yoast.com\/wordpress\/plugins\/seo\/ -->\n<title>Celebrar un baby shower en verano: ideas de catering<\/title>\n<meta name=\"description\" content=\"Celebra la llegada de tu beb\u00e9 con toda la familia y amigos. Hacemos de tu Baby Shower una fiesta inolvidable para ti y tus seres queridos. Organizamos tu lista de invitados, las invitaciones, decoraciones creativas, ideas de men\u00fa, ideas para regalos, etc. Visita nuestra web o ll\u00e1manos al 650 669 436.\" \/>\n<meta name=\"robots\" content=\"index, follow, max-snippet:-1, max-image-preview:large, max-video-preview:-1\" \/>\n<meta property=\"og:locale\" content=\"es_ES\" \/>\n<meta property=\"og:type\" content=\"article\" \/>\n<meta property=\"og:title\" content=\"Celebrar un baby shower en verano: ideas de catering\" \/>\n<meta property=\"og:description\" content=\"Celebra la llegada de tu beb\u00e9 con toda la familia y amigos. Hacemos de tu Baby Shower una fiesta inolvidable para ti y tus seres queridos. Organizamos tu lista de invitados, las invitaciones, decoraciones creativas, ideas de men\u00fa, ideas para regalos, etc. Visita nuestra web o ll\u00e1manos al 650 669 436.\" \/>\n<meta property=\"og:url\" content=\"https:\/\/www.evento.love\/blog\/celebrar-un-baby-shower-en-verano-ideas-catering\/\" \/>\n<meta property=\"og:site_name\" content=\"El Blog de evento.love\" \/>\n<meta property=\"article:publisher\" content=\"https:\/\/www.facebook.com\/Evento.love\/\" \/>\n<meta property=\"article:published_time\" content=\"2018-08-21T18:02:15+00:00\" \/>\n<meta property=\"article:modified_time\" content=\"2019-07-18T22:17:58+00:00\" \/>\n<meta property=\"og:image\" content=\"https:\/\/www.evento.love\/blog\/wp-content\/uploads\/2018\/08\/brocheta-de-frutas-catering-celebrar-un-baby-shower-en-verano-Madrid-embarazada-saludable-fresas-platano.png\" \/>\n\t<meta property=\"og:image:width\" content=\"847\" \/>\n\t<meta property=\"og:image:height\" content=\"470\" \/>\n\t<meta property=\"og:image:type\" content=\"image\/png\" \/>\n<meta name=\"author\" content=\"Evento Love\" \/>\n<meta name=\"twitter:card\" content=\"summary_large_image\" \/>\n<meta name=\"twitter:creator\" content=\"@Evento_love\" \/>\n<meta name=\"twitter:site\" content=\"@Evento_love\" \/>\n<meta name=\"twitter:label1\" content=\"Escrito por\" \/>\n\t<meta name=\"twitter:data1\" content=\"Evento Love\" \/>\n\t<meta name=\"twitter:label2\" content=\"Tiempo de lectura\" \/>\n\t<meta name=\"twitter:data2\" content=\"4 minutos\" \/>\n<!-- \/ Yoast SEO plugin. -->","yoast_head_json":{"title":"Celebrar un baby shower en verano: ideas de catering","description":"Celebra la llegada de tu beb\u00e9 con toda la familia y amigos. Hacemos de tu Baby Shower una fiesta inolvidable para ti y tus seres queridos. Organizamos tu lista de invitados, las invitaciones, decoraciones creativas, ideas de men\u00fa, ideas para regalos, etc. Visita nuestra web o ll\u00e1manos al 650 669 436.","robots":{"index":"index","follow":"follow","max-snippet":"max-snippet:-1","max-image-preview":"max-image-preview:large","max-video-preview":"max-video-preview:-1"},"og_locale":"es_ES","og_type":"article","og_title":"Celebrar un baby shower en verano: ideas de catering","og_description":"Celebra la llegada de tu beb\u00e9 con toda la familia y amigos. Hacemos de tu Baby Shower una fiesta inolvidable para ti y tus seres queridos. Organizamos tu lista de invitados, las invitaciones, decoraciones creativas, ideas de men\u00fa, ideas para regalos, etc. Visita nuestra web o ll\u00e1manos al 650 669 436.","og_url":"https:\/\/www.evento.love\/blog\/celebrar-un-baby-shower-en-verano-ideas-catering\/","og_site_name":"El Blog de evento.love","article_publisher":"https:\/\/www.facebook.com\/Evento.love\/","article_published_time":"2018-08-21T18:02:15+00:00","article_modified_time":"2019-07-18T22:17:58+00:00","og_image":[{"width":"847","height":"470","url":"https:\/\/www.evento.love\/blog\/wp-content\/uploads\/2018\/08\/brocheta-de-frutas-catering-celebrar-un-baby-shower-en-verano-Madrid-embarazada-saludable-fresas-platano.png","type":"image\/png"}],"author":"Evento Love","twitter_card":"summary_large_image","twitter_creator":"@Evento_love","twitter_site":"@Evento_love","twitter_misc":{"Escrito por":"Evento Love","Tiempo de lectura":"4 minutos"},"schema":{"@context":"https:\/\/schema.org","@graph":[{"@type":"Article","@id":"https:\/\/www.evento.love\/blog\/celebrar-un-baby-shower-en-verano-ideas-catering\/#article","isPartOf":{"@id":"https:\/\/www.evento.love\/blog\/celebrar-un-baby-shower-en-verano-ideas-catering\/"},"author":{"name":"Evento Love","@id":"https:\/\/www.evento.love\/blog\/#\/schema\/person\/a184c2ed424b7fb3006372ce8051542c"},"headline":"Ideas de catering para celebrar un baby shower en verano","datePublished":"2018-08-21T18:02:15+00:00","dateModified":"2019-07-18T22:17:58+00:00","mainEntityOfPage":{"@id":"https:\/\/www.evento.love\/blog\/celebrar-un-baby-shower-en-verano-ideas-catering\/"},"wordCount":773,"publisher":{"@id":"https:\/\/www.evento.love\/blog\/#organization"},"keywords":["alimentos integrales","catering baby shower","catering saludable","fruta y veruuras de fiesta","healthy food","pinchos sanos"],"articleSection":["Baby Shower","Catering y Mesas dulces"],"inLanguage":"es"},{"@type":"WebPage","@id":"https:\/\/www.evento.love\/blog\/celebrar-un-baby-shower-en-verano-ideas-catering\/","url":"https:\/\/www.evento.love\/blog\/celebrar-un-baby-shower-en-verano-ideas-catering\/","name":"Celebrar un baby shower en verano: ideas de catering","isPartOf":{"@id":"https:\/\/www.evento.love\/blog\/#website"},"datePublished":"2018-08-21T18:02:15+00:00","dateModified":"2019-07-18T22:17:58+00:00","description":"Celebra la llegada de tu beb\u00e9 con toda la familia y amigos. Hacemos de tu Baby Shower una fiesta inolvidable para ti y tus seres queridos. Organizamos tu lista de invitados, las invitaciones, decoraciones creativas, ideas de men\u00fa, ideas para regalos, etc. Visita nuestra web o ll\u00e1manos al 650 669 436.","breadcrumb":{"@id":"https:\/\/www.evento.love\/blog\/celebrar-un-baby-shower-en-verano-ideas-catering\/#breadcrumb"},"inLanguage":"es","potentialAction":[{"@type":"ReadAction","target":["https:\/\/www.evento.love\/blog\/celebrar-un-baby-shower-en-verano-ideas-catering\/"]}]},{"@type":"BreadcrumbList","@id":"https:\/\/www.evento.love\/blog\/celebrar-un-baby-shower-en-verano-ideas-catering\/#breadcrumb","itemListElement":[{"@type":"ListItem","position":1,"name":"Evento.love","item":"https:\/\/www.evento.love\/blog\/"},{"@type":"ListItem","position":2,"name":"Baby Shower","item":"https:\/\/www.evento.love\/blog\/category\/baby-shower\/"},{"@type":"ListItem","position":3,"name":"Ideas de catering para celebrar un baby shower en verano"}]},{"@type":"WebSite","@id":"https:\/\/www.evento.love\/blog\/#website","url":"https:\/\/www.evento.love\/blog\/","name":"El Blog de evento.love","description":"T\u00fa lo mereces. Disfruta de tu momento","publisher":{"@id":"https:\/\/www.evento.love\/blog\/#organization"},"potentialAction":[{"@type":"SearchAction","target":{"@type":"EntryPoint","urlTemplate":"https:\/\/www.evento.love\/blog\/?s={search_term_string}"},"query-input":"required name=search_term_string"}],"inLanguage":"es"},{"@type":"Organization","@id":"https:\/\/www.evento.love\/blog\/#organization","name":"evento.love","url":"https:\/\/www.evento.love\/blog\/","logo":{"@type":"ImageObject","inLanguage":"es","@id":"https:\/\/www.evento.love\/blog\/#\/schema\/logo\/image\/","url":"https:\/\/www.evento.love\/blog\/wp-content\/uploads\/2016\/07\/logo-evento-love.png","contentUrl":"https:\/\/www.evento.love\/blog\/wp-content\/uploads\/2016\/07\/logo-evento-love.png","width":197,"height":59,"caption":"evento.love"},"image":{"@id":"https:\/\/www.evento.love\/blog\/#\/schema\/logo\/image\/"},"sameAs":["https:\/\/www.facebook.com\/Evento.love\/","https:\/\/twitter.com\/Evento_love","https:\/\/www.instagram.com\/evento.love\/","https:\/\/es.pinterest.com\/evento_love\/","https:\/\/www.youtube.com\/channel\/UCcVbo6ymzx-7FlDJja8aQnw"]},{"@type":"Person","@id":"https:\/\/www.evento.love\/blog\/#\/schema\/person\/a184c2ed424b7fb3006372ce8051542c","name":"Evento Love"}]}},"_links":{"self":[{"href":"https:\/\/www.evento.love\/blog\/wp-json\/wp\/v2\/posts\/2265"}],"collection":[{"href":"https:\/\/www.evento.love\/blog\/wp-json\/wp\/v2\/posts"}],"about":[{"href":"https:\/\/www.evento.love\/blog\/wp-json\/wp\/v2\/types\/post"}],"author":[{"embeddable":true,"href":"https:\/\/www.evento.love\/blog\/wp-json\/wp\/v2\/users\/1"}],"replies":[{"embeddable":true,"href":"https:\/\/www.evento.love\/blog\/wp-json\/wp\/v2\/comments?post=2265"}],"version-history":[{"count":7,"href":"https:\/\/www.evento.love\/blog\/wp-json\/wp\/v2\/posts\/2265\/revisions"}],"predecessor-version":[{"id":4995,"href":"https:\/\/www.evento.love\/blog\/wp-json\/wp\/v2\/posts\/2265\/revisions\/4995"}],"wp:featuredmedia":[{"embeddable":true,"href":"https:\/\/www.evento.love\/blog\/wp-json\/wp\/v2\/media\/2267"}],"wp:attachment":[{"href":"https:\/\/www.evento.love\/blog\/wp-json\/wp\/v2\/media?parent=2265"}],"wp:term":[{"taxonomy":"category","embeddable":true,"href":"https:\/\/www.evento.love\/blog\/wp-json\/wp\/v2\/categories?post=2265"},{"taxonomy":"post_tag","embeddable":true,"href":"https:\/\/www.evento.love\/blog\/wp-json\/wp\/v2\/tags?post=2265"}],"curies":[{"name":"wp","href":"https:\/\/api.w.org\/{rel}","templated":true}]}}