{"id":2404,"date":"2018-09-18T13:47:20","date_gmt":"2018-09-18T11:47:20","guid":{"rendered":"https:\/\/www.evento.love\/blog\/?p=2404"},"modified":"2019-07-19T00:17:57","modified_gmt":"2019-07-18T22:17:57","slug":"decoracion-con-letras-gigantes-nuevo-servicio-de-alquiler-en-madrid","status":"publish","type":"post","link":"https:\/\/www.evento.love\/blog\/decoracion-con-letras-gigantes-nuevo-servicio-de-alquiler-en-madrid\/","title":{"rendered":"Decoraci\u00f3n con letras gigantes: nuevo servicio de alquiler en Madrid"},"content":{"rendered":"<p>La decoraci\u00f3n con letras gigantes son una tendencia al alza en las celebraciones madrile\u00f1as. Y a partir de ahora, podr\u00e1s conseguir este fant\u00e1stico reclamo de la mano de Evento.love.<\/p>\n<p><!--more--><\/p>\n<h2>Iniciales en tu fiesta<\/h2>\n<p>\u00daltimamente es muy habitual ver las iniciales de los novios o el nombre de la ni\u00f1a que realiza la primera comuni\u00f3n en formato grande. Las iniciales gigantes resultan un elemento decorativo que contribuye a dotar de grandeza la celebraci\u00f3n en la que se les incluye. Por eso animamos a nuestros clientes a incluir en la decoraci\u00f3n esta pieza tan demandada.<\/p>\n<h2>Consejos de decoraci\u00f3n con letras gigantes<\/h2>\n<p>Se adaptan a todo tipo de eventos: bodas, comuniones, cumplea\u00f1os&#8230; A continuaci\u00f3n, detallamos algunos consejos a la hora de incluir las letras gigantes en la decoraci\u00f3n de la fiesta:<\/p>\n<ol>\n<li><strong>Que no estorben<\/strong>: hay que tener en cuenta que las letras gigantes ocupan un gran volumen, por lo que es importante apartarlas de zonas de paso o conflictivas. Siempre es mejor reducir al m\u00ednimo las oportunidades de que haya un tropez\u00f3n o que parte de la decoraci\u00f3n se caiga.<\/li>\n<li><strong>Que se vean bien<\/strong>: si la celebraci\u00f3n es de d\u00eda, es importante que est\u00e9n colocadas en un lugar visible y que contribuyan a captar la atenci\u00f3n de los asistentes. Si estamos hablando de una celebraci\u00f3n nocturna, resulta interesante plantearse el <a href=\"https:\/\/www.evento.love\/tienda\/tienda\/220-alquiler-iniciales-de-boda-luminosas-70-cm.html\" target=\"_blank\" rel=\"noopener noreferrer\">alquiler de letras gigantes luminosas<\/a>. Este tipo de elementos son tremendamente atractivos y aportan una calidez al ambiente inmejorable.<\/li>\n<li><strong>Que se adapten a la tem\u00e1tica<\/strong> del evento: Si se trata de una boda, <a href=\"https:\/\/www.evento.love\/tienda\/tienda\/227-alquiler-corazon-rojo-bodas.html\" target=\"_blank\" rel=\"noopener noreferrer\">podremos incluir un coraz\u00f3n<\/a> o un &#8220;<em>Si quiero<\/em>&#8220;, por ejemplo, pero para un cumplea\u00f1os tiene m\u00e1s sentido alquilar el n\u00famero de a\u00f1os del cumplea\u00f1ero.<\/li>\n<li><strong>Que sirvan de gu\u00eda<\/strong>: se pueden colocar a la entrada del sal\u00f3n donde se celebra el convite, de forma que los invitados sepan que es all\u00ed a donde tienen que dirigirse. Tambi\u00e9n se pueden colocar a la entrada de la iglesia, y despu\u00e9s trasladar las letras gigantes a la zona donde tendr\u00e1 lugar el banquete.<\/li>\n<li><strong>Que se coloquen bajo las mesas importantes<\/strong>: por ejemplo, debajo de la mesa dulce con la tarta nupcial presidiendo, o bien bajo la mesa presidencial, donde se sentar\u00e1n los protagonistas de la celebraci\u00f3n.<\/li>\n<li><strong>Que sean el photocall<\/strong>: se trata de un elemento ideal para realizar las fotograf\u00edas a su alrededor, opci\u00f3n por la que optaron <a href=\"https:\/\/www.evento.love\/blog\/fotos-de-la-boda-con-rosas-azules-exkllely-y-franco\/\" target=\"_blank\" rel=\"noopener noreferrer\">Exklelly y Franco en su boda<\/a>.<a href=\"https:\/\/www.evento.love\/blog\/fotos-de-la-boda-con-rosas-azules-exkllely-y-franco\/\"><img decoding=\"async\" loading=\"lazy\" class=\"aligncenter wp-image-2291 size-full\" src=\"https:\/\/www.evento.love\/blog\/wp-content\/uploads\/2018\/08\/fotos-de-la-boda-con-rosas-azules-novios-pareja-matrimonio-con-letras-gigantes-iniciales-letras-grandes-enlace-decoraci\u00f3n-porexpan-Madrid.png\" alt=\"fotos de la\u00a0boda con rosas azules novios pareja matrimonio con letras gigantes iniciales letras grandes enlace decoraci\u00f3n porexpan Madrid decoraci\u00f3n con letras gigantes\" width=\"847\" height=\"470\" srcset=\"https:\/\/www.evento.love\/blog\/wp-content\/uploads\/2018\/08\/fotos-de-la-boda-con-rosas-azules-novios-pareja-matrimonio-con-letras-gigantes-iniciales-letras-grandes-enlace-decoraci\u00f3n-porexpan-Madrid.png 847w, https:\/\/www.evento.love\/blog\/wp-content\/uploads\/2018\/08\/fotos-de-la-boda-con-rosas-azules-novios-pareja-matrimonio-con-letras-gigantes-iniciales-letras-grandes-enlace-decoraci\u00f3n-porexpan-Madrid-300x166.png 300w, https:\/\/www.evento.love\/blog\/wp-content\/uploads\/2018\/08\/fotos-de-la-boda-con-rosas-azules-novios-pareja-matrimonio-con-letras-gigantes-iniciales-letras-grandes-enlace-decoraci\u00f3n-porexpan-Madrid-768x426.png 768w, https:\/\/www.evento.love\/blog\/wp-content\/uploads\/2018\/08\/fotos-de-la-boda-con-rosas-azules-novios-pareja-matrimonio-con-letras-gigantes-iniciales-letras-grandes-enlace-decoraci\u00f3n-porexpan-Madrid-487x270.png 487w\" sizes=\"(max-width: 847px) 100vw, 847px\" \/><\/a><\/li>\n<\/ol>\n<h2>\u00bfCompra o alquiler?<\/h2>\n<p>Las letras gigantes pueden ser de diferentes materiales y acabados.\u00a0Las m\u00e1s comunes son de corcho blanco o porexp\u00e1n, por su bajo peso, f\u00e1cil manejo y acabado. Pero tambi\u00e9n las hay de aluminio lacado, de madera, con iluminaci\u00f3n incorporada&#8230;A veces, realizar las piezas personalizadas ad hoc para la ocasi\u00f3n puede encarecer el presupuesto del evento, por lo que se puede optar por el alquiler de letras gigantes.<\/p>\n<p>\u00bfQuieres incluir en tu fiesta una<strong> decoraci\u00f3n con letras gigantes<\/strong>? <a href=\"https:\/\/www.evento.love\/tienda\/59-decoracion-con-letras-gigantes\" target=\"_blank\" rel=\"noopener noreferrer\">Visita nuestra tienda on line<\/a> para ver los modelos que tenemos disponibles actualmente. Si te interesan otras opciones, no dudes en <a href=\"https:\/\/www.evento.love\/#contacto\" target=\"_blank\" rel=\"nofollow noopener noreferrer\">contactar con Evento.love<\/a> y te ayudaremos a organizar una fiesta de ensue\u00f1o.<\/p>\n    <div class=\"related-post grid\">\r\n                <div class=\"headline\">M\u00e1s art\u00edculos a tener en cuenta<\/div>\r\n        <div class=\"post-list \">\r\n\r\n                        <div class=\"item\">\r\n                        <div class=\"thumb post_thumb\">\r\n        <a  title=\"Baby Shower, mucho m\u00e1s que un evento social\" href=\"https:\/\/www.evento.love\/blog\/baby-shower-evento-social-madrid\/\">\r\n\r\n            <img width=\"150\" height=\"150\" src=\"https:\/\/www.evento.love\/blog\/wp-content\/uploads\/2016\/07\/babyshower-150x150.jpg\" class=\"attachment-thumbnail size-thumbnail wp-post-image\" alt=\"baby shower-fiesta-beb\u00e9-embarazo-embarazada\" decoding=\"async\" loading=\"lazy\" \/>\r\n\r\n        <\/a>\r\n    <\/div>\r\n\r\n    <a class=\"title post_title\"  title=\"Baby Shower, mucho m\u00e1s que un evento social\" href=\"https:\/\/www.evento.love\/blog\/baby-shower-evento-social-madrid\/\">\r\n                Baby Shower, mucho m\u00e1s que un evento social    <\/a>\r\n\r\n                <\/div>\r\n                            <div class=\"item\">\r\n                        <div class=\"thumb post_thumb\">\r\n        <a  title=\"12 consejos para un Baby Shower perfecto\" href=\"https:\/\/www.evento.love\/blog\/12-consejos-baby-shower-perfecto-madrid\/\">\r\n\r\n            <img width=\"150\" height=\"150\" src=\"https:\/\/www.evento.love\/blog\/wp-content\/uploads\/2016\/09\/16_05_20_12_consejos-para-que-tu-Baby-Shower-sea-perfecto-150x150.jpg\" class=\"attachment-thumbnail size-thumbnail wp-post-image\" alt=\"Baby Shower-perfecto-beb\u00e9-embarazado-embarazada-fiesta-babyshower\" decoding=\"async\" loading=\"lazy\" \/>\r\n\r\n        <\/a>\r\n    <\/div>\r\n\r\n    <a class=\"title post_title\"  title=\"12 consejos para un Baby Shower perfecto\" href=\"https:\/\/www.evento.love\/blog\/12-consejos-baby-shower-perfecto-madrid\/\">\r\n                12 consejos para un Baby Shower perfecto    <\/a>\r\n\r\n                <\/div>\r\n                            <div class=\"item\">\r\n                        <div class=\"thumb post_thumb\">\r\n        <a  title=\"Cu\u00e1ndo hacer el Baby Shower\" href=\"https:\/\/www.evento.love\/blog\/cuando-hacer-el-baby-shower-madrid\/\">\r\n\r\n            <img width=\"150\" height=\"150\" src=\"https:\/\/www.evento.love\/blog\/wp-content\/uploads\/2016\/09\/16_05_23_Cuando-hacer-el-Baby-Shower-150x150.jpg\" class=\"attachment-thumbnail size-thumbnail wp-post-image\" alt=\"Cu\u00e1ndo hacer el baby shower beb\u00e9 embarazo fiesta en Madrid\" decoding=\"async\" loading=\"lazy\" \/>\r\n\r\n        <\/a>\r\n    <\/div>\r\n\r\n    <a class=\"title post_title\"  title=\"Cu\u00e1ndo hacer el Baby Shower\" href=\"https:\/\/www.evento.love\/blog\/cuando-hacer-el-baby-shower-madrid\/\">\r\n                Cu\u00e1ndo hacer el Baby Shower    <\/a>\r\n\r\n                <\/div>\r\n                            <div class=\"item\">\r\n                        <div class=\"thumb post_thumb\">\r\n        <a  title=\"\u00bfQui\u00e9n debe organizar el Baby Shower?\" href=\"https:\/\/www.evento.love\/blog\/quien-organizar-baby-shower-madrid\/\">\r\n\r\n            <img width=\"150\" height=\"150\" src=\"https:\/\/www.evento.love\/blog\/wp-content\/uploads\/2016\/09\/16_05_29_Qui\u00e9n-organiza-el-Baby-Shower-150x150.jpg\" class=\"attachment-thumbnail size-thumbnail wp-post-image\" alt=\"Organizaci\u00f3n Baby Shower Madrid fiesta beb\u00e9 embarazada\" decoding=\"async\" loading=\"lazy\" \/>\r\n\r\n        <\/a>\r\n    <\/div>\r\n\r\n    <a class=\"title post_title\"  title=\"\u00bfQui\u00e9n debe organizar el Baby Shower?\" href=\"https:\/\/www.evento.love\/blog\/quien-organizar-baby-shower-madrid\/\">\r\n                \u00bfQui\u00e9n debe organizar el Baby Shower?    <\/a>\r\n\r\n                <\/div>\r\n            \r\n    <\/div>\r\n\r\n    <script>\r\n            <\/script>\r\n    <style>\r\n        .related-post {}\r\n\r\n        .related-post .post-list {\r\n            text-align: left;\r\n                    }\r\n\r\n        .related-post .post-list .item {\r\n            margin: 5px 10px;\r\n            padding: 0px;\r\n                    }\r\n\r\n        .related-post .headline {\r\n            font-size: 24px !important;\r\n            color: #000000 !important;\r\n                    }\r\n\r\n        .related-post .headline{\r\nfont-weight:400 !important;\r\ntext-transform: uppercase;\r\n}.related-post .post-list .item .post_thumb {\r\n            max-height: 180px;\r\n            margin: 10px 0px;\r\n            padding: 0px;\r\n            display: block;\r\n                    }\r\n\r\n        .related-post .post-list .item .post_title {\r\n            font-size: 12px;\r\n            color: #607d8b;\r\n            margin: 10px 0px;\r\n            padding: 0px;\r\n            display: block;\r\n            text-decoration: none;\r\n                    }\r\n\r\n        .related-post .post-list .item .post_excerpt {\r\n            font-size: 13px;\r\n            color: #3f3f3f;\r\n            margin: 10px 0px;\r\n            padding: 0px;\r\n            display: block;\r\n            text-decoration: none;\r\n                    }\r\n\r\n        @media only screen and (min-width: 1024px) {\r\n            .related-post .post-list .item {\r\n                width: 22%;\r\n            }\r\n        }\r\n\r\n        @media only screen and (min-width: 768px) and (max-width: 1023px) {\r\n            .related-post .post-list .item {\r\n                width: 90%;\r\n            }\r\n        }\r\n\r\n        @media only screen and (min-width: 0px) and (max-width: 767px) {\r\n            .related-post .post-list .item {\r\n                width: 30%;\r\n            }\r\n        }\r\n\r\n            <\/style>\r\n        <\/div>\r\n<!-- AddThis Advanced Settings generic via filter on the_content --><!-- AddThis Share Buttons generic via filter on the_content -->","protected":false},"excerpt":{"rendered":"<p>La decoraci\u00f3n con letras gigantes son una tendencia al alza en las celebraciones madrile\u00f1as. Y a partir de ahora, podr\u00e1s conseguir este fant\u00e1stico reclamo de la mano de Evento.love. M\u00e1s art\u00edculos a tener en cuenta Baby Shower, mucho m\u00e1s que un evento social 12 consejos para un Baby Shower perfecto Cu\u00e1ndo hacer el Baby Shower \u00bfQui\u00e9n debe organizar el Baby Shower?<!-- AddThis Advanced Settings generic via filter on get_the_excerpt --><!-- AddThis Share Buttons generic via filter on get_the_excerpt --><\/p>\n    <div class=\"related-post grid\">\r\n                <div class=\"headline\">M\u00e1s art\u00edculos a tener en cuenta<\/div>\r\n        <div class=\"post-list \">\r\n\r\n                        <div class=\"item\">\r\n                        <div class=\"thumb post_thumb\">\r\n        <a  title=\"Baby Shower, mucho m\u00e1s que un evento social\" href=\"https:\/\/www.evento.love\/blog\/baby-shower-evento-social-madrid\/\">\r\n\r\n            <img width=\"150\" height=\"150\" src=\"https:\/\/www.evento.love\/blog\/wp-content\/uploads\/2016\/07\/babyshower-150x150.jpg\" class=\"attachment-thumbnail size-thumbnail wp-post-image\" alt=\"baby shower-fiesta-beb\u00e9-embarazo-embarazada\" decoding=\"async\" loading=\"lazy\" \/>\r\n\r\n        <\/a>\r\n    <\/div>\r\n\r\n    <a class=\"title post_title\"  title=\"Baby Shower, mucho m\u00e1s que un evento social\" href=\"https:\/\/www.evento.love\/blog\/baby-shower-evento-social-madrid\/\">\r\n                Baby Shower, mucho m\u00e1s que un evento social    <\/a>\r\n\r\n                <\/div>\r\n                            <div class=\"item\">\r\n                        <div class=\"thumb post_thumb\">\r\n        <a  title=\"12 consejos para un Baby Shower perfecto\" href=\"https:\/\/www.evento.love\/blog\/12-consejos-baby-shower-perfecto-madrid\/\">\r\n\r\n            <img width=\"150\" height=\"150\" src=\"https:\/\/www.evento.love\/blog\/wp-content\/uploads\/2016\/09\/16_05_20_12_consejos-para-que-tu-Baby-Shower-sea-perfecto-150x150.jpg\" class=\"attachment-thumbnail size-thumbnail wp-post-image\" alt=\"Baby Shower-perfecto-beb\u00e9-embarazado-embarazada-fiesta-babyshower\" decoding=\"async\" loading=\"lazy\" \/>\r\n\r\n        <\/a>\r\n    <\/div>\r\n\r\n    <a class=\"title post_title\"  title=\"12 consejos para un Baby Shower perfecto\" href=\"https:\/\/www.evento.love\/blog\/12-consejos-baby-shower-perfecto-madrid\/\">\r\n                12 consejos para un Baby Shower perfecto    <\/a>\r\n\r\n                <\/div>\r\n                            <div class=\"item\">\r\n                        <div class=\"thumb post_thumb\">\r\n        <a  title=\"Cu\u00e1ndo hacer el Baby Shower\" href=\"https:\/\/www.evento.love\/blog\/cuando-hacer-el-baby-shower-madrid\/\">\r\n\r\n            <img width=\"150\" height=\"150\" src=\"https:\/\/www.evento.love\/blog\/wp-content\/uploads\/2016\/09\/16_05_23_Cuando-hacer-el-Baby-Shower-150x150.jpg\" class=\"attachment-thumbnail size-thumbnail wp-post-image\" alt=\"Cu\u00e1ndo hacer el baby shower beb\u00e9 embarazo fiesta en Madrid\" decoding=\"async\" loading=\"lazy\" \/>\r\n\r\n        <\/a>\r\n    <\/div>\r\n\r\n    <a class=\"title post_title\"  title=\"Cu\u00e1ndo hacer el Baby Shower\" href=\"https:\/\/www.evento.love\/blog\/cuando-hacer-el-baby-shower-madrid\/\">\r\n                Cu\u00e1ndo hacer el Baby Shower    <\/a>\r\n\r\n                <\/div>\r\n                            <div class=\"item\">\r\n                        <div class=\"thumb post_thumb\">\r\n        <a  title=\"Baby Shower: Elaborando la lista de invitados\" href=\"https:\/\/www.evento.love\/blog\/baby-shower-lista-invitados-madrid\/\">\r\n\r\n            <img width=\"150\" height=\"150\" src=\"https:\/\/www.evento.love\/blog\/wp-content\/uploads\/2016\/09\/16_05_30_Baby-Shower-elaborando-la-lista-de-invitados-150x150.jpg\" class=\"attachment-thumbnail size-thumbnail wp-post-image\" alt=\"\" decoding=\"async\" loading=\"lazy\" \/>\r\n\r\n        <\/a>\r\n    <\/div>\r\n\r\n    <a class=\"title post_title\"  title=\"Baby Shower: Elaborando la lista de invitados\" href=\"https:\/\/www.evento.love\/blog\/baby-shower-lista-invitados-madrid\/\">\r\n                Baby Shower: Elaborando la lista de invitados    <\/a>\r\n\r\n                <\/div>\r\n            \r\n    <\/div>\r\n\r\n    <script>\r\n            <\/script>\r\n    <style>\r\n        .related-post {}\r\n\r\n        .related-post .post-list {\r\n            text-align: left;\r\n                    }\r\n\r\n        .related-post .post-list .item {\r\n            margin: 5px 10px;\r\n            padding: 0px;\r\n                    }\r\n\r\n        .related-post .headline {\r\n            font-size: 24px !important;\r\n            color: #000000 !important;\r\n                    }\r\n\r\n        .related-post .headline{\r\nfont-weight:400 !important;\r\ntext-transform: uppercase;\r\n}.related-post .post-list .item .post_thumb {\r\n            max-height: 180px;\r\n            margin: 10px 0px;\r\n            padding: 0px;\r\n            display: block;\r\n                    }\r\n\r\n        .related-post .post-list .item .post_title {\r\n            font-size: 12px;\r\n            color: #607d8b;\r\n            margin: 10px 0px;\r\n            padding: 0px;\r\n            display: block;\r\n            text-decoration: none;\r\n                    }\r\n\r\n        .related-post .post-list .item .post_excerpt {\r\n            font-size: 13px;\r\n            color: #3f3f3f;\r\n            margin: 10px 0px;\r\n            padding: 0px;\r\n            display: block;\r\n            text-decoration: none;\r\n                    }\r\n\r\n        @media only screen and (min-width: 1024px) {\r\n            .related-post .post-list .item {\r\n                width: 22%;\r\n            }\r\n        }\r\n\r\n        @media only screen and (min-width: 768px) and (max-width: 1023px) {\r\n            .related-post .post-list .item {\r\n                width: 90%;\r\n            }\r\n        }\r\n\r\n        @media only screen and (min-width: 0px) and (max-width: 767px) {\r\n            .related-post .post-list .item {\r\n                width: 30%;\r\n            }\r\n        }\r\n\r\n            <\/style>\r\n        <\/div>\r\n","protected":false},"author":1,"featured_media":2408,"comment_status":"closed","ping_status":"open","sticky":false,"template":"","format":"standard","meta":{"content-type":""},"categories":[811,1],"tags":[880,766,883,882,884,881],"yoast_head":"<!-- This site is optimized with the Yoast SEO plugin v20.7 - https:\/\/yoast.com\/wordpress\/plugins\/seo\/ -->\n<title>Decoraci\u00f3n con letras gigantes: nuevo servicio de alquiler en Madrid<\/title>\n<meta name=\"description\" content=\"En evento.love somos expertos en organizaci\u00f3n de eventos \u00fanicos y personalizados en Madrid, \u00a1Compru\u00e9balo!\" \/>\n<meta name=\"robots\" content=\"index, follow, max-snippet:-1, max-image-preview:large, max-video-preview:-1\" \/>\n<meta property=\"og:locale\" content=\"es_ES\" \/>\n<meta property=\"og:type\" content=\"article\" \/>\n<meta property=\"og:title\" content=\"Decoraci\u00f3n con letras gigantes: nuevo servicio de alquiler en Madrid\" \/>\n<meta property=\"og:description\" content=\"En evento.love somos expertos en organizaci\u00f3n de eventos \u00fanicos y personalizados en Madrid, \u00a1Compru\u00e9balo!\" \/>\n<meta property=\"og:url\" content=\"https:\/\/www.evento.love\/blog\/decoracion-con-letras-gigantes-nuevo-servicio-de-alquiler-en-madrid\/\" \/>\n<meta property=\"og:site_name\" content=\"El Blog de evento.love\" \/>\n<meta property=\"article:publisher\" content=\"https:\/\/www.facebook.com\/Evento.love\/\" \/>\n<meta property=\"article:published_time\" content=\"2018-09-18T11:47:20+00:00\" \/>\n<meta property=\"article:modified_time\" content=\"2019-07-18T22:17:57+00:00\" \/>\n<meta property=\"og:image\" content=\"https:\/\/www.evento.love\/blog\/wp-content\/uploads\/2018\/09\/alquiler-iniciales-boda-luminosas-bombillas-L-S-letras-celebraci\u00f3n-madera-70-cm-decoraci\u00f3n-con-letras-gigantes-Madrid.png\" \/>\n\t<meta property=\"og:image:width\" content=\"847\" \/>\n\t<meta property=\"og:image:height\" content=\"470\" \/>\n\t<meta property=\"og:image:type\" content=\"image\/png\" \/>\n<meta name=\"author\" content=\"Evento Love\" \/>\n<meta name=\"twitter:card\" content=\"summary_large_image\" \/>\n<meta name=\"twitter:creator\" content=\"@Evento_love\" \/>\n<meta name=\"twitter:site\" content=\"@Evento_love\" \/>\n<meta name=\"twitter:label1\" content=\"Escrito por\" \/>\n\t<meta name=\"twitter:data1\" content=\"Evento Love\" \/>\n\t<meta name=\"twitter:label2\" content=\"Tiempo de lectura\" \/>\n\t<meta name=\"twitter:data2\" content=\"3 minutos\" \/>\n<!-- \/ Yoast SEO plugin. -->","yoast_head_json":{"title":"Decoraci\u00f3n con letras gigantes: nuevo servicio de alquiler en Madrid","description":"En evento.love somos expertos en organizaci\u00f3n de eventos \u00fanicos y personalizados en Madrid, \u00a1Compru\u00e9balo!","robots":{"index":"index","follow":"follow","max-snippet":"max-snippet:-1","max-image-preview":"max-image-preview:large","max-video-preview":"max-video-preview:-1"},"og_locale":"es_ES","og_type":"article","og_title":"Decoraci\u00f3n con letras gigantes: nuevo servicio de alquiler en Madrid","og_description":"En evento.love somos expertos en organizaci\u00f3n de eventos \u00fanicos y personalizados en Madrid, \u00a1Compru\u00e9balo!","og_url":"https:\/\/www.evento.love\/blog\/decoracion-con-letras-gigantes-nuevo-servicio-de-alquiler-en-madrid\/","og_site_name":"El Blog de evento.love","article_publisher":"https:\/\/www.facebook.com\/Evento.love\/","article_published_time":"2018-09-18T11:47:20+00:00","article_modified_time":"2019-07-18T22:17:57+00:00","og_image":[{"width":847,"height":470,"url":"https:\/\/www.evento.love\/blog\/wp-content\/uploads\/2018\/09\/alquiler-iniciales-boda-luminosas-bombillas-L-S-letras-celebraci\u00f3n-madera-70-cm-decoraci\u00f3n-con-letras-gigantes-Madrid.png","type":"image\/png"}],"author":"Evento Love","twitter_card":"summary_large_image","twitter_creator":"@Evento_love","twitter_site":"@Evento_love","twitter_misc":{"Escrito por":"Evento Love","Tiempo de lectura":"3 minutos"},"schema":{"@context":"https:\/\/schema.org","@graph":[{"@type":"Article","@id":"https:\/\/www.evento.love\/blog\/decoracion-con-letras-gigantes-nuevo-servicio-de-alquiler-en-madrid\/#article","isPartOf":{"@id":"https:\/\/www.evento.love\/blog\/decoracion-con-letras-gigantes-nuevo-servicio-de-alquiler-en-madrid\/"},"author":{"name":"Evento Love","@id":"https:\/\/www.evento.love\/blog\/#\/schema\/person\/a184c2ed424b7fb3006372ce8051542c"},"headline":"Decoraci\u00f3n con letras gigantes: nuevo servicio de alquiler en Madrid","datePublished":"2018-09-18T11:47:20+00:00","dateModified":"2019-07-18T22:17:57+00:00","mainEntityOfPage":{"@id":"https:\/\/www.evento.love\/blog\/decoracion-con-letras-gigantes-nuevo-servicio-de-alquiler-en-madrid\/"},"wordCount":560,"publisher":{"@id":"https:\/\/www.evento.love\/blog\/#organization"},"keywords":["alquiler letras gigantes","decoracion boda","iniciales corcho","iniciales porexpan","letras corcho blanco","letras gigantes"],"articleSection":["Decoraci\u00f3n","Event planner"],"inLanguage":"es"},{"@type":"WebPage","@id":"https:\/\/www.evento.love\/blog\/decoracion-con-letras-gigantes-nuevo-servicio-de-alquiler-en-madrid\/","url":"https:\/\/www.evento.love\/blog\/decoracion-con-letras-gigantes-nuevo-servicio-de-alquiler-en-madrid\/","name":"Decoraci\u00f3n con letras gigantes: nuevo servicio de alquiler en Madrid","isPartOf":{"@id":"https:\/\/www.evento.love\/blog\/#website"},"datePublished":"2018-09-18T11:47:20+00:00","dateModified":"2019-07-18T22:17:57+00:00","description":"En evento.love somos expertos en organizaci\u00f3n de eventos \u00fanicos y personalizados en Madrid, \u00a1Compru\u00e9balo!","breadcrumb":{"@id":"https:\/\/www.evento.love\/blog\/decoracion-con-letras-gigantes-nuevo-servicio-de-alquiler-en-madrid\/#breadcrumb"},"inLanguage":"es","potentialAction":[{"@type":"ReadAction","target":["https:\/\/www.evento.love\/blog\/decoracion-con-letras-gigantes-nuevo-servicio-de-alquiler-en-madrid\/"]}]},{"@type":"BreadcrumbList","@id":"https:\/\/www.evento.love\/blog\/decoracion-con-letras-gigantes-nuevo-servicio-de-alquiler-en-madrid\/#breadcrumb","itemListElement":[{"@type":"ListItem","position":1,"name":"Evento.love","item":"https:\/\/www.evento.love\/blog\/"},{"@type":"ListItem","position":2,"name":"Decoraci\u00f3n","item":"https:\/\/www.evento.love\/blog\/category\/decoracion\/"},{"@type":"ListItem","position":3,"name":"Decoraci\u00f3n con letras gigantes: nuevo servicio de alquiler en Madrid"}]},{"@type":"WebSite","@id":"https:\/\/www.evento.love\/blog\/#website","url":"https:\/\/www.evento.love\/blog\/","name":"El Blog de evento.love","description":"T\u00fa lo mereces. Disfruta de tu momento","publisher":{"@id":"https:\/\/www.evento.love\/blog\/#organization"},"potentialAction":[{"@type":"SearchAction","target":{"@type":"EntryPoint","urlTemplate":"https:\/\/www.evento.love\/blog\/?s={search_term_string}"},"query-input":"required name=search_term_string"}],"inLanguage":"es"},{"@type":"Organization","@id":"https:\/\/www.evento.love\/blog\/#organization","name":"evento.love","url":"https:\/\/www.evento.love\/blog\/","logo":{"@type":"ImageObject","inLanguage":"es","@id":"https:\/\/www.evento.love\/blog\/#\/schema\/logo\/image\/","url":"https:\/\/www.evento.love\/blog\/wp-content\/uploads\/2016\/07\/logo-evento-love.png","contentUrl":"https:\/\/www.evento.love\/blog\/wp-content\/uploads\/2016\/07\/logo-evento-love.png","width":197,"height":59,"caption":"evento.love"},"image":{"@id":"https:\/\/www.evento.love\/blog\/#\/schema\/logo\/image\/"},"sameAs":["https:\/\/www.facebook.com\/Evento.love\/","https:\/\/twitter.com\/Evento_love","https:\/\/www.instagram.com\/evento.love\/","https:\/\/es.pinterest.com\/evento_love\/","https:\/\/www.youtube.com\/channel\/UCcVbo6ymzx-7FlDJja8aQnw"]},{"@type":"Person","@id":"https:\/\/www.evento.love\/blog\/#\/schema\/person\/a184c2ed424b7fb3006372ce8051542c","name":"Evento Love"}]}},"_links":{"self":[{"href":"https:\/\/www.evento.love\/blog\/wp-json\/wp\/v2\/posts\/2404"}],"collection":[{"href":"https:\/\/www.evento.love\/blog\/wp-json\/wp\/v2\/posts"}],"about":[{"href":"https:\/\/www.evento.love\/blog\/wp-json\/wp\/v2\/types\/post"}],"author":[{"embeddable":true,"href":"https:\/\/www.evento.love\/blog\/wp-json\/wp\/v2\/users\/1"}],"replies":[{"embeddable":true,"href":"https:\/\/www.evento.love\/blog\/wp-json\/wp\/v2\/comments?post=2404"}],"version-history":[{"count":4,"href":"https:\/\/www.evento.love\/blog\/wp-json\/wp\/v2\/posts\/2404\/revisions"}],"predecessor-version":[{"id":4987,"href":"https:\/\/www.evento.love\/blog\/wp-json\/wp\/v2\/posts\/2404\/revisions\/4987"}],"wp:featuredmedia":[{"embeddable":true,"href":"https:\/\/www.evento.love\/blog\/wp-json\/wp\/v2\/media\/2408"}],"wp:attachment":[{"href":"https:\/\/www.evento.love\/blog\/wp-json\/wp\/v2\/media?parent=2404"}],"wp:term":[{"taxonomy":"category","embeddable":true,"href":"https:\/\/www.evento.love\/blog\/wp-json\/wp\/v2\/categories?post=2404"},{"taxonomy":"post_tag","embeddable":true,"href":"https:\/\/www.evento.love\/blog\/wp-json\/wp\/v2\/tags?post=2404"}],"curies":[{"name":"wp","href":"https:\/\/api.w.org\/{rel}","templated":true}]}}