{"id":2695,"date":"2018-10-12T12:00:23","date_gmt":"2018-10-12T10:00:23","guid":{"rendered":"https:\/\/www.evento.love\/blog\/?p=2695"},"modified":"2019-07-22T10:47:43","modified_gmt":"2019-07-22T08:47:43","slug":"5-claves-para-organizar-el-primer-cumpleanos-de-tu-hijo","status":"publish","type":"post","link":"https:\/\/www.evento.love\/blog\/5-claves-para-organizar-el-primer-cumpleanos-de-tu-hijo\/","title":{"rendered":"5 claves para organizar el primer cumplea\u00f1os de tu hijo"},"content":{"rendered":"<p>Ya casi ha pasado un a\u00f1o y parece que fue ayer cuando lleg\u00f3 a vuestras vidas. Pero s\u00ed, vuestro peque se hace mayor y es hora de celebrarlo. El primer cumplea\u00f1os de tu hijo es un momento de lo m\u00e1s especial y que recordar\u00e9is toda la vida.<!--more--><\/p>\n<p>Si est\u00e1s pensando en celebrar una fiesta para familiares y amigos y as\u00ed celebrar su <a href=\"https:\/\/www.evento.love\/blog\/?s=cumplea\u00f1os\" target=\"_blank\" rel=\"noopener noreferrer\">cumplea\u00f1os<\/a> de la mejor manera posible, est\u00e1s en el sitio correcto. Hoy te mostramos las claves y pasos para la organizaci\u00f3n del primer cumplea\u00f1os de tu hijo. Cuando le veas la cara de felicidad vas a morir de amor. \u00a1Empezamos!<\/p>\n<h3>1. Haz la lista de invitados<\/h3>\n<p>Es posible que el primer cumplea\u00f1os no sea un cumplea\u00f1os fundamentalmente infantil, ya que si tu hijo a\u00fan no ha ido a la guarder\u00eda y no ten\u00e9is muchos ni\u00f1os peque\u00f1os alrededor (familia, amigos&#8230;), la cantidad de ni\u00f1os se reduce.<\/p>\n<p>La clave pensar en todos esos amiguitos que van a disfrutar con tu hij@ de ese d\u00eda e invitar a ellos y a sus padres. Estar\u00e1 encantado de ver c\u00f3mo todos sopl\u00e1is las velas con \u00e9l y le homenaje\u00e1is. Porque aunque parezca que no, \u00a1los ni\u00f1os se enteran de todo!<\/p>\n<p>Una vez tengas la lista, procura avisar con antelaci\u00f3n a todos para que reserven el d\u00eda.<\/p>\n<h3>2. Escoge el espacio<\/h3>\n<p>Dependiendo del punto anterior, podr\u00e1s decidir si lo organizas en casa o prefieres un lugar m\u00e1s amplio y con zona de exterior para que los ni\u00f1os jueguen y correteen.<\/p>\n<p>Si es as\u00ed, te recomendamos echar un vistazo a nuestra lista de <a href=\"https:\/\/www.evento.love\/tienda\/espacios-madrid\" target=\"_blank\" rel=\"noopener noreferrer\">espacios en Madrid y alrededores<\/a>, donde el cumplea\u00f1os ser\u00e1 de lo m\u00e1s especial.<\/p>\n<figure id=\"attachment_2697\" aria-describedby=\"caption-attachment-2697\" style=\"width: 798px\" class=\"wp-caption aligncenter\"><img decoding=\"async\" loading=\"lazy\" class=\"wp-image-2697 size-full\" src=\"https:\/\/www.evento.love\/blog\/wp-content\/uploads\/2018\/10\/finca-zona-sur-de-madrid.jpg-e1538661034384.png\" alt=\"Finca zona sur de Madrid\" width=\"798\" height=\"552\" srcset=\"https:\/\/www.evento.love\/blog\/wp-content\/uploads\/2018\/10\/finca-zona-sur-de-madrid.jpg-e1538661034384.png 798w, https:\/\/www.evento.love\/blog\/wp-content\/uploads\/2018\/10\/finca-zona-sur-de-madrid.jpg-e1538661034384-300x208.png 300w, https:\/\/www.evento.love\/blog\/wp-content\/uploads\/2018\/10\/finca-zona-sur-de-madrid.jpg-e1538661034384-768x531.png 768w, https:\/\/www.evento.love\/blog\/wp-content\/uploads\/2018\/10\/finca-zona-sur-de-madrid.jpg-e1538661034384-390x270.png 390w\" sizes=\"(max-width: 798px) 100vw, 798px\" \/><figcaption id=\"caption-attachment-2697\" class=\"wp-caption-text\"><a href=\"https:\/\/www.evento.love\/tienda\/espacios\/zona-sur-de-madrid\/finca-zona-sur-de-madrid\" target=\"_blank\" rel=\"noopener noreferrer\">Finca zona sur de Madrid<\/a><\/figcaption><\/figure>\n<h3>3. Piensa una tem\u00e1tica<\/h3>\n<p>\u00a1La parte m\u00e1s divertida! Piensa en lo que m\u00e1s le puede gustar en estos momentos a tu hijo: <a href=\"https:\/\/www.evento.love\/blog\/el-primer-cumpleanos-ibrahim-pocoyo\/\" target=\"_blank\" rel=\"noopener noreferrer\">Pocoy\u00f3<\/a>, los <a href=\"https:\/\/www.evento.love\/blog\/la-granja-celebrar-primer-cumpleanos\/\" target=\"_blank\" rel=\"noopener noreferrer\">animales<\/a>&#8230;y haz que sea la decoraci\u00f3n de su primer cumple: los <a href=\"https:\/\/www.evento.love\/blog\/decorar-una-fiesta-globos-madrid\/\" target=\"_blank\" rel=\"noopener noreferrer\">globos<\/a>, la <a href=\"https:\/\/www.evento.love\/blog\/mesas-dulces-cumpleanos-comuniones-madrid\/\" target=\"_blank\" rel=\"noopener noreferrer\">mesa dulce<\/a>, los <a href=\"https:\/\/www.evento.love\/tienda\/cumpleanos\" target=\"_blank\" rel=\"noopener noreferrer\">detallitos<\/a>&#8230;<\/p>\n<p>Si tienes una idea y necesitas ayuda con la planificaci\u00f3n, en <a href=\"https:\/\/www.evento.love\/cumpleanos\/\" target=\"_blank\" rel=\"noopener noreferrer\">Evento.love<\/a> estaremos encantados de ayudarte.<\/p>\n<figure id=\"attachment_2738\" aria-describedby=\"caption-attachment-2738\" style=\"width: 850px\" class=\"wp-caption aligncenter\"><img decoding=\"async\" loading=\"lazy\" class=\"wp-image-2738 size-full\" src=\"https:\/\/www.evento.love\/blog\/wp-content\/uploads\/2018\/10\/primer-cumpleanios-1.jpg\" alt=\"\" width=\"850\" height=\"638\" srcset=\"https:\/\/www.evento.love\/blog\/wp-content\/uploads\/2018\/10\/primer-cumpleanios-1.jpg 850w, https:\/\/www.evento.love\/blog\/wp-content\/uploads\/2018\/10\/primer-cumpleanios-1-300x225.jpg 300w, https:\/\/www.evento.love\/blog\/wp-content\/uploads\/2018\/10\/primer-cumpleanios-1-768x576.jpg 768w, https:\/\/www.evento.love\/blog\/wp-content\/uploads\/2018\/10\/primer-cumpleanios-1-360x270.jpg 360w\" sizes=\"(max-width: 850px) 100vw, 850px\" \/><figcaption id=\"caption-attachment-2738\" class=\"wp-caption-text\"><a href=\"https:\/\/www.evento.love\/blog\/el-primer-cumpleanos-ibrahim-pocoyo\/\" target=\"_blank\" rel=\"noopener noreferrer\">Cumple de Pocoy\u00f3 de Ibrahim<\/a><\/figcaption><\/figure>\n<h3>4. Decide el catering<\/h3>\n<p>Aqu\u00ed tienes que pensar en ni\u00f1os y mayores, en sus gustos, en la mejor hora para todos, etc.<\/p>\n<p>Por ello te aconsejamos optar por una merienda y colocar una <a href=\"https:\/\/www.evento.love\/blog\/category\/nuestros-eventos\/\" target=\"_blank\" rel=\"noopener noreferrer\">mesa dulce<\/a> que sea tambi\u00e9n parte de la decoraci\u00f3n. \u00a1Esto nos encanta a todos, no importa la edad! Adem\u00e1s, la puedes tematizar tal y como quieras.<\/p>\n<figure id=\"attachment_2737\" aria-describedby=\"caption-attachment-2737\" style=\"width: 850px\" class=\"wp-caption aligncenter\"><img decoding=\"async\" loading=\"lazy\" class=\"wp-image-2737 size-full\" src=\"https:\/\/www.evento.love\/blog\/wp-content\/uploads\/2018\/10\/primer-cumpleanios-.jpg\" alt=\"\" width=\"850\" height=\"567\" srcset=\"https:\/\/www.evento.love\/blog\/wp-content\/uploads\/2018\/10\/primer-cumpleanios-.jpg 850w, https:\/\/www.evento.love\/blog\/wp-content\/uploads\/2018\/10\/primer-cumpleanios--300x200.jpg 300w, https:\/\/www.evento.love\/blog\/wp-content\/uploads\/2018\/10\/primer-cumpleanios--768x512.jpg 768w, https:\/\/www.evento.love\/blog\/wp-content\/uploads\/2018\/10\/primer-cumpleanios--405x270.jpg 405w\" sizes=\"(max-width: 850px) 100vw, 850px\" \/><figcaption id=\"caption-attachment-2737\" class=\"wp-caption-text\"><a href=\"https:\/\/www.evento.love\/blog\/el-primer-cumpleanos-ibrahim-pocoyo\/\" target=\"_blank\" rel=\"noopener noreferrer\">Cumple de safari de Aurelio<\/a><\/figcaption><\/figure>\n<h3>5. Prepara detalles para los invitados<\/h3>\n<p>A modo de recuerdo para todos los asistentes, ser\u00e1 precioso si les regalas un detalle original. Aqu\u00ed puedes ver una selecci\u00f3n con las <a href=\"https:\/\/www.evento.love\/tienda\/detalles-y-regalos\" target=\"_blank\" rel=\"noopener noreferrer\">mejores ideas,<\/a> que estamos seguros de que te encantar\u00e1n. Se sentir\u00e1n parte de la familia y lo recordar\u00e1n para siempre.<\/p>\n<p>&#8211;<\/p>\n<p>\u00bfHas apuntado todos los pasos? No te preocupes por nada porque en evento.love te ayudaremos a que tu \u00fanico objetivo sea disfrutar. Escr\u00edbenos a <a href=\"mailto:hola@evento.love\">hola@evento.love<\/a> y estaremos deseando conocerte.<\/p>\n    <div class=\"related-post grid\">\r\n                <div class=\"headline\">M\u00e1s art\u00edculos a tener en cuenta<\/div>\r\n        <div class=\"post-list \">\r\n\r\n                        <div class=\"item\">\r\n                        <div class=\"thumb post_thumb\">\r\n        <a  title=\"Baby Shower, mucho m\u00e1s que un evento social\" href=\"https:\/\/www.evento.love\/blog\/baby-shower-evento-social-madrid\/\">\r\n\r\n            <img width=\"150\" height=\"150\" src=\"https:\/\/www.evento.love\/blog\/wp-content\/uploads\/2016\/07\/babyshower-150x150.jpg\" class=\"attachment-thumbnail size-thumbnail wp-post-image\" alt=\"baby shower-fiesta-beb\u00e9-embarazo-embarazada\" decoding=\"async\" loading=\"lazy\" \/>\r\n\r\n        <\/a>\r\n    <\/div>\r\n\r\n    <a class=\"title post_title\"  title=\"Baby Shower, mucho m\u00e1s que un evento social\" href=\"https:\/\/www.evento.love\/blog\/baby-shower-evento-social-madrid\/\">\r\n                Baby Shower, mucho m\u00e1s que un evento social    <\/a>\r\n\r\n                <\/div>\r\n                            <div class=\"item\">\r\n                        <div class=\"thumb post_thumb\">\r\n        <a  title=\"12 consejos para un Baby Shower perfecto\" href=\"https:\/\/www.evento.love\/blog\/12-consejos-baby-shower-perfecto-madrid\/\">\r\n\r\n            <img width=\"150\" height=\"150\" src=\"https:\/\/www.evento.love\/blog\/wp-content\/uploads\/2016\/09\/16_05_20_12_consejos-para-que-tu-Baby-Shower-sea-perfecto-150x150.jpg\" class=\"attachment-thumbnail size-thumbnail wp-post-image\" alt=\"Baby Shower-perfecto-beb\u00e9-embarazado-embarazada-fiesta-babyshower\" decoding=\"async\" loading=\"lazy\" \/>\r\n\r\n        <\/a>\r\n    <\/div>\r\n\r\n    <a class=\"title post_title\"  title=\"12 consejos para un Baby Shower perfecto\" href=\"https:\/\/www.evento.love\/blog\/12-consejos-baby-shower-perfecto-madrid\/\">\r\n                12 consejos para un Baby Shower perfecto    <\/a>\r\n\r\n                <\/div>\r\n                            <div class=\"item\">\r\n                        <div class=\"thumb post_thumb\">\r\n        <a  title=\"Cu\u00e1ndo hacer el Baby Shower\" href=\"https:\/\/www.evento.love\/blog\/cuando-hacer-el-baby-shower-madrid\/\">\r\n\r\n            <img width=\"150\" height=\"150\" src=\"https:\/\/www.evento.love\/blog\/wp-content\/uploads\/2016\/09\/16_05_23_Cuando-hacer-el-Baby-Shower-150x150.jpg\" class=\"attachment-thumbnail size-thumbnail wp-post-image\" alt=\"Cu\u00e1ndo hacer el baby shower beb\u00e9 embarazo fiesta en Madrid\" decoding=\"async\" loading=\"lazy\" \/>\r\n\r\n        <\/a>\r\n    <\/div>\r\n\r\n    <a class=\"title post_title\"  title=\"Cu\u00e1ndo hacer el Baby Shower\" href=\"https:\/\/www.evento.love\/blog\/cuando-hacer-el-baby-shower-madrid\/\">\r\n                Cu\u00e1ndo hacer el Baby Shower    <\/a>\r\n\r\n                <\/div>\r\n                            <div class=\"item\">\r\n                        <div class=\"thumb post_thumb\">\r\n        <a  title=\"\u00bfQui\u00e9n debe organizar el Baby Shower?\" href=\"https:\/\/www.evento.love\/blog\/quien-organizar-baby-shower-madrid\/\">\r\n\r\n            <img width=\"150\" height=\"150\" src=\"https:\/\/www.evento.love\/blog\/wp-content\/uploads\/2016\/09\/16_05_29_Qui\u00e9n-organiza-el-Baby-Shower-150x150.jpg\" class=\"attachment-thumbnail size-thumbnail wp-post-image\" alt=\"Organizaci\u00f3n Baby Shower Madrid fiesta beb\u00e9 embarazada\" decoding=\"async\" loading=\"lazy\" \/>\r\n\r\n        <\/a>\r\n    <\/div>\r\n\r\n    <a class=\"title post_title\"  title=\"\u00bfQui\u00e9n debe organizar el Baby Shower?\" href=\"https:\/\/www.evento.love\/blog\/quien-organizar-baby-shower-madrid\/\">\r\n                \u00bfQui\u00e9n debe organizar el Baby Shower?    <\/a>\r\n\r\n                <\/div>\r\n            \r\n    <\/div>\r\n\r\n    <script>\r\n            <\/script>\r\n    <style>\r\n        .related-post {}\r\n\r\n        .related-post .post-list {\r\n            text-align: left;\r\n                    }\r\n\r\n        .related-post .post-list .item {\r\n            margin: 5px 10px;\r\n            padding: 0px;\r\n                    }\r\n\r\n        .related-post .headline {\r\n            font-size: 24px !important;\r\n            color: #000000 !important;\r\n                    }\r\n\r\n        .related-post .headline{\r\nfont-weight:400 !important;\r\ntext-transform: uppercase;\r\n}.related-post .post-list .item .post_thumb {\r\n            max-height: 180px;\r\n            margin: 10px 0px;\r\n            padding: 0px;\r\n            display: block;\r\n                    }\r\n\r\n        .related-post .post-list .item .post_title {\r\n            font-size: 12px;\r\n            color: #607d8b;\r\n            margin: 10px 0px;\r\n            padding: 0px;\r\n            display: block;\r\n            text-decoration: none;\r\n                    }\r\n\r\n        .related-post .post-list .item .post_excerpt {\r\n            font-size: 13px;\r\n            color: #3f3f3f;\r\n            margin: 10px 0px;\r\n            padding: 0px;\r\n            display: block;\r\n            text-decoration: none;\r\n                    }\r\n\r\n        @media only screen and (min-width: 1024px) {\r\n            .related-post .post-list .item {\r\n                width: 22%;\r\n            }\r\n        }\r\n\r\n        @media only screen and (min-width: 768px) and (max-width: 1023px) {\r\n            .related-post .post-list .item {\r\n                width: 90%;\r\n            }\r\n        }\r\n\r\n        @media only screen and (min-width: 0px) and (max-width: 767px) {\r\n            .related-post .post-list .item {\r\n                width: 30%;\r\n            }\r\n        }\r\n\r\n            <\/style>\r\n        <\/div>\r\n<!-- AddThis Advanced Settings generic via filter on the_content --><!-- AddThis Share Buttons generic via filter on the_content -->","protected":false},"excerpt":{"rendered":"<p>Ya casi ha pasado un a\u00f1o y parece que fue ayer cuando lleg\u00f3 a vuestras vidas. Pero s\u00ed, vuestro peque se hace mayor y es hora de celebrarlo. El primer cumplea\u00f1os de tu hijo es un momento de lo m\u00e1s especial y que recordar\u00e9is toda la vida. M\u00e1s art\u00edculos a tener en cuenta Baby Shower, mucho m\u00e1s que un evento social 12 consejos para un Baby Shower perfecto Cu\u00e1ndo hacer el Baby Shower \u00bfQui\u00e9n debe organizar el Baby Shower?<!-- AddThis Advanced Settings generic via filter on get_the_excerpt --><!-- AddThis Share Buttons generic via filter on get_the_excerpt --><\/p>\n    <div class=\"related-post grid\">\r\n                <div class=\"headline\">M\u00e1s art\u00edculos a tener en cuenta<\/div>\r\n        <div class=\"post-list \">\r\n\r\n                        <div class=\"item\">\r\n                        <div class=\"thumb post_thumb\">\r\n        <a  title=\"Baby Shower, mucho m\u00e1s que un evento social\" href=\"https:\/\/www.evento.love\/blog\/baby-shower-evento-social-madrid\/\">\r\n\r\n            <img width=\"150\" height=\"150\" src=\"https:\/\/www.evento.love\/blog\/wp-content\/uploads\/2016\/07\/babyshower-150x150.jpg\" class=\"attachment-thumbnail size-thumbnail wp-post-image\" alt=\"baby shower-fiesta-beb\u00e9-embarazo-embarazada\" decoding=\"async\" loading=\"lazy\" \/>\r\n\r\n        <\/a>\r\n    <\/div>\r\n\r\n    <a class=\"title post_title\"  title=\"Baby Shower, mucho m\u00e1s que un evento social\" href=\"https:\/\/www.evento.love\/blog\/baby-shower-evento-social-madrid\/\">\r\n                Baby Shower, mucho m\u00e1s que un evento social    <\/a>\r\n\r\n                <\/div>\r\n                            <div class=\"item\">\r\n                        <div class=\"thumb post_thumb\">\r\n        <a  title=\"12 consejos para un Baby Shower perfecto\" href=\"https:\/\/www.evento.love\/blog\/12-consejos-baby-shower-perfecto-madrid\/\">\r\n\r\n            <img width=\"150\" height=\"150\" src=\"https:\/\/www.evento.love\/blog\/wp-content\/uploads\/2016\/09\/16_05_20_12_consejos-para-que-tu-Baby-Shower-sea-perfecto-150x150.jpg\" class=\"attachment-thumbnail size-thumbnail wp-post-image\" alt=\"Baby Shower-perfecto-beb\u00e9-embarazado-embarazada-fiesta-babyshower\" decoding=\"async\" loading=\"lazy\" \/>\r\n\r\n        <\/a>\r\n    <\/div>\r\n\r\n    <a class=\"title post_title\"  title=\"12 consejos para un Baby Shower perfecto\" href=\"https:\/\/www.evento.love\/blog\/12-consejos-baby-shower-perfecto-madrid\/\">\r\n                12 consejos para un Baby Shower perfecto    <\/a>\r\n\r\n                <\/div>\r\n                            <div class=\"item\">\r\n                        <div class=\"thumb post_thumb\">\r\n        <a  title=\"Cu\u00e1ndo hacer el Baby Shower\" href=\"https:\/\/www.evento.love\/blog\/cuando-hacer-el-baby-shower-madrid\/\">\r\n\r\n            <img width=\"150\" height=\"150\" src=\"https:\/\/www.evento.love\/blog\/wp-content\/uploads\/2016\/09\/16_05_23_Cuando-hacer-el-Baby-Shower-150x150.jpg\" class=\"attachment-thumbnail size-thumbnail wp-post-image\" alt=\"Cu\u00e1ndo hacer el baby shower beb\u00e9 embarazo fiesta en Madrid\" decoding=\"async\" loading=\"lazy\" \/>\r\n\r\n        <\/a>\r\n    <\/div>\r\n\r\n    <a class=\"title post_title\"  title=\"Cu\u00e1ndo hacer el Baby Shower\" href=\"https:\/\/www.evento.love\/blog\/cuando-hacer-el-baby-shower-madrid\/\">\r\n                Cu\u00e1ndo hacer el Baby Shower    <\/a>\r\n\r\n                <\/div>\r\n                            <div class=\"item\">\r\n                        <div class=\"thumb post_thumb\">\r\n        <a  title=\"Baby Shower: Elaborando la lista de invitados\" href=\"https:\/\/www.evento.love\/blog\/baby-shower-lista-invitados-madrid\/\">\r\n\r\n            <img width=\"150\" height=\"150\" src=\"https:\/\/www.evento.love\/blog\/wp-content\/uploads\/2016\/09\/16_05_30_Baby-Shower-elaborando-la-lista-de-invitados-150x150.jpg\" class=\"attachment-thumbnail size-thumbnail wp-post-image\" alt=\"\" decoding=\"async\" loading=\"lazy\" \/>\r\n\r\n        <\/a>\r\n    <\/div>\r\n\r\n    <a class=\"title post_title\"  title=\"Baby Shower: Elaborando la lista de invitados\" href=\"https:\/\/www.evento.love\/blog\/baby-shower-lista-invitados-madrid\/\">\r\n                Baby Shower: Elaborando la lista de invitados    <\/a>\r\n\r\n                <\/div>\r\n            \r\n    <\/div>\r\n\r\n    <script>\r\n            <\/script>\r\n    <style>\r\n        .related-post {}\r\n\r\n        .related-post .post-list {\r\n            text-align: left;\r\n                    }\r\n\r\n        .related-post .post-list .item {\r\n            margin: 5px 10px;\r\n            padding: 0px;\r\n                    }\r\n\r\n        .related-post .headline {\r\n            font-size: 24px !important;\r\n            color: #000000 !important;\r\n                    }\r\n\r\n        .related-post .headline{\r\nfont-weight:400 !important;\r\ntext-transform: uppercase;\r\n}.related-post .post-list .item .post_thumb {\r\n            max-height: 180px;\r\n            margin: 10px 0px;\r\n            padding: 0px;\r\n            display: block;\r\n                    }\r\n\r\n        .related-post .post-list .item .post_title {\r\n            font-size: 12px;\r\n            color: #607d8b;\r\n            margin: 10px 0px;\r\n            padding: 0px;\r\n            display: block;\r\n            text-decoration: none;\r\n                    }\r\n\r\n        .related-post .post-list .item .post_excerpt {\r\n            font-size: 13px;\r\n            color: #3f3f3f;\r\n            margin: 10px 0px;\r\n            padding: 0px;\r\n            display: block;\r\n            text-decoration: none;\r\n                    }\r\n\r\n        @media only screen and (min-width: 1024px) {\r\n            .related-post .post-list .item {\r\n                width: 22%;\r\n            }\r\n        }\r\n\r\n        @media only screen and (min-width: 768px) and (max-width: 1023px) {\r\n            .related-post .post-list .item {\r\n                width: 90%;\r\n            }\r\n        }\r\n\r\n        @media only screen and (min-width: 0px) and (max-width: 767px) {\r\n            .related-post .post-list .item {\r\n                width: 30%;\r\n            }\r\n        }\r\n\r\n            <\/style>\r\n        <\/div>\r\n","protected":false},"author":1,"featured_media":2737,"comment_status":"closed","ping_status":"open","sticky":false,"template":"","format":"standard","meta":{"content-type":""},"categories":[57],"tags":[171,446,422,908,142],"yoast_head":"<!-- This site is optimized with the Yoast SEO plugin v20.7 - https:\/\/yoast.com\/wordpress\/plugins\/seo\/ -->\n<title>5 claves para organizar el primer cumplea\u00f1os de tu hijo - El Blog de evento.love<\/title>\n<meta name=\"description\" content=\"Estos son los pasos que debes seguir para organizarle a tu hijo el mejor primer cumplea\u00f1os del mundo, rodeado de sus seres queridos.\" \/>\n<meta name=\"robots\" content=\"index, follow, max-snippet:-1, max-image-preview:large, max-video-preview:-1\" \/>\n<meta property=\"og:locale\" content=\"es_ES\" \/>\n<meta property=\"og:type\" content=\"article\" \/>\n<meta property=\"og:title\" content=\"5 claves para organizar el primer cumplea\u00f1os de tu hijo - El Blog de evento.love\" \/>\n<meta property=\"og:description\" content=\"Estos son los pasos que debes seguir para organizarle a tu hijo el mejor primer cumplea\u00f1os del mundo, rodeado de sus seres queridos.\" \/>\n<meta property=\"og:url\" content=\"https:\/\/www.evento.love\/blog\/5-claves-para-organizar-el-primer-cumpleanos-de-tu-hijo\/\" \/>\n<meta property=\"og:site_name\" content=\"El Blog de evento.love\" \/>\n<meta property=\"article:publisher\" content=\"https:\/\/www.facebook.com\/Evento.love\/\" \/>\n<meta property=\"article:published_time\" content=\"2018-10-12T10:00:23+00:00\" \/>\n<meta property=\"article:modified_time\" content=\"2019-07-22T08:47:43+00:00\" \/>\n<meta property=\"og:image\" content=\"https:\/\/www.evento.love\/blog\/wp-content\/uploads\/2018\/10\/primer-cumpleanios-.jpg\" \/>\n\t<meta property=\"og:image:width\" content=\"850\" \/>\n\t<meta property=\"og:image:height\" content=\"567\" \/>\n\t<meta property=\"og:image:type\" content=\"image\/jpeg\" \/>\n<meta name=\"author\" content=\"Evento Love\" \/>\n<meta name=\"twitter:card\" content=\"summary_large_image\" \/>\n<meta name=\"twitter:creator\" content=\"@Evento_love\" \/>\n<meta name=\"twitter:site\" content=\"@Evento_love\" \/>\n<meta name=\"twitter:label1\" content=\"Escrito por\" \/>\n\t<meta name=\"twitter:data1\" content=\"Evento Love\" \/>\n\t<meta name=\"twitter:label2\" content=\"Tiempo de lectura\" \/>\n\t<meta name=\"twitter:data2\" content=\"3 minutos\" \/>\n<!-- \/ Yoast SEO plugin. -->","yoast_head_json":{"title":"5 claves para organizar el primer cumplea\u00f1os de tu hijo - El Blog de evento.love","description":"Estos son los pasos que debes seguir para organizarle a tu hijo el mejor primer cumplea\u00f1os del mundo, rodeado de sus seres queridos.","robots":{"index":"index","follow":"follow","max-snippet":"max-snippet:-1","max-image-preview":"max-image-preview:large","max-video-preview":"max-video-preview:-1"},"og_locale":"es_ES","og_type":"article","og_title":"5 claves para organizar el primer cumplea\u00f1os de tu hijo - El Blog de evento.love","og_description":"Estos son los pasos que debes seguir para organizarle a tu hijo el mejor primer cumplea\u00f1os del mundo, rodeado de sus seres queridos.","og_url":"https:\/\/www.evento.love\/blog\/5-claves-para-organizar-el-primer-cumpleanos-de-tu-hijo\/","og_site_name":"El Blog de evento.love","article_publisher":"https:\/\/www.facebook.com\/Evento.love\/","article_published_time":"2018-10-12T10:00:23+00:00","article_modified_time":"2019-07-22T08:47:43+00:00","og_image":[{"width":850,"height":567,"url":"https:\/\/www.evento.love\/blog\/wp-content\/uploads\/2018\/10\/primer-cumpleanios-.jpg","type":"image\/jpeg"}],"author":"Evento Love","twitter_card":"summary_large_image","twitter_creator":"@Evento_love","twitter_site":"@Evento_love","twitter_misc":{"Escrito por":"Evento Love","Tiempo de lectura":"3 minutos"},"schema":{"@context":"https:\/\/schema.org","@graph":[{"@type":"Article","@id":"https:\/\/www.evento.love\/blog\/5-claves-para-organizar-el-primer-cumpleanos-de-tu-hijo\/#article","isPartOf":{"@id":"https:\/\/www.evento.love\/blog\/5-claves-para-organizar-el-primer-cumpleanos-de-tu-hijo\/"},"author":{"name":"Evento Love","@id":"https:\/\/www.evento.love\/blog\/#\/schema\/person\/a184c2ed424b7fb3006372ce8051542c"},"headline":"5 claves para organizar el primer cumplea\u00f1os de tu hijo","datePublished":"2018-10-12T10:00:23+00:00","dateModified":"2019-07-22T08:47:43+00:00","mainEntityOfPage":{"@id":"https:\/\/www.evento.love\/blog\/5-claves-para-organizar-el-primer-cumpleanos-de-tu-hijo\/"},"wordCount":555,"publisher":{"@id":"https:\/\/www.evento.love\/blog\/#organization"},"keywords":["cumplea\u00f1os tematico","decoracion de cumplea\u00f1os","mesa dulce","organizaci\u00f3n de cumplea\u00f1os","primer cumplea\u00f1os"],"articleSection":["Cumplea\u00f1os"],"inLanguage":"es"},{"@type":"WebPage","@id":"https:\/\/www.evento.love\/blog\/5-claves-para-organizar-el-primer-cumpleanos-de-tu-hijo\/","url":"https:\/\/www.evento.love\/blog\/5-claves-para-organizar-el-primer-cumpleanos-de-tu-hijo\/","name":"5 claves para organizar el primer cumplea\u00f1os de tu hijo - El Blog de evento.love","isPartOf":{"@id":"https:\/\/www.evento.love\/blog\/#website"},"datePublished":"2018-10-12T10:00:23+00:00","dateModified":"2019-07-22T08:47:43+00:00","description":"Estos son los pasos que debes seguir para organizarle a tu hijo el mejor primer cumplea\u00f1os del mundo, rodeado de sus seres queridos.","breadcrumb":{"@id":"https:\/\/www.evento.love\/blog\/5-claves-para-organizar-el-primer-cumpleanos-de-tu-hijo\/#breadcrumb"},"inLanguage":"es","potentialAction":[{"@type":"ReadAction","target":["https:\/\/www.evento.love\/blog\/5-claves-para-organizar-el-primer-cumpleanos-de-tu-hijo\/"]}]},{"@type":"BreadcrumbList","@id":"https:\/\/www.evento.love\/blog\/5-claves-para-organizar-el-primer-cumpleanos-de-tu-hijo\/#breadcrumb","itemListElement":[{"@type":"ListItem","position":1,"name":"Evento.love","item":"https:\/\/www.evento.love\/blog\/"},{"@type":"ListItem","position":2,"name":"Cumplea\u00f1os","item":"https:\/\/www.evento.love\/blog\/category\/cumpleanos\/"},{"@type":"ListItem","position":3,"name":"5 claves para organizar el primer cumplea\u00f1os de tu hijo"}]},{"@type":"WebSite","@id":"https:\/\/www.evento.love\/blog\/#website","url":"https:\/\/www.evento.love\/blog\/","name":"El Blog de evento.love","description":"T\u00fa lo mereces. Disfruta de tu momento","publisher":{"@id":"https:\/\/www.evento.love\/blog\/#organization"},"potentialAction":[{"@type":"SearchAction","target":{"@type":"EntryPoint","urlTemplate":"https:\/\/www.evento.love\/blog\/?s={search_term_string}"},"query-input":"required name=search_term_string"}],"inLanguage":"es"},{"@type":"Organization","@id":"https:\/\/www.evento.love\/blog\/#organization","name":"evento.love","url":"https:\/\/www.evento.love\/blog\/","logo":{"@type":"ImageObject","inLanguage":"es","@id":"https:\/\/www.evento.love\/blog\/#\/schema\/logo\/image\/","url":"https:\/\/www.evento.love\/blog\/wp-content\/uploads\/2016\/07\/logo-evento-love.png","contentUrl":"https:\/\/www.evento.love\/blog\/wp-content\/uploads\/2016\/07\/logo-evento-love.png","width":197,"height":59,"caption":"evento.love"},"image":{"@id":"https:\/\/www.evento.love\/blog\/#\/schema\/logo\/image\/"},"sameAs":["https:\/\/www.facebook.com\/Evento.love\/","https:\/\/twitter.com\/Evento_love","https:\/\/www.instagram.com\/evento.love\/","https:\/\/es.pinterest.com\/evento_love\/","https:\/\/www.youtube.com\/channel\/UCcVbo6ymzx-7FlDJja8aQnw"]},{"@type":"Person","@id":"https:\/\/www.evento.love\/blog\/#\/schema\/person\/a184c2ed424b7fb3006372ce8051542c","name":"Evento Love"}]}},"_links":{"self":[{"href":"https:\/\/www.evento.love\/blog\/wp-json\/wp\/v2\/posts\/2695"}],"collection":[{"href":"https:\/\/www.evento.love\/blog\/wp-json\/wp\/v2\/posts"}],"about":[{"href":"https:\/\/www.evento.love\/blog\/wp-json\/wp\/v2\/types\/post"}],"author":[{"embeddable":true,"href":"https:\/\/www.evento.love\/blog\/wp-json\/wp\/v2\/users\/1"}],"replies":[{"embeddable":true,"href":"https:\/\/www.evento.love\/blog\/wp-json\/wp\/v2\/comments?post=2695"}],"version-history":[{"count":7,"href":"https:\/\/www.evento.love\/blog\/wp-json\/wp\/v2\/posts\/2695\/revisions"}],"predecessor-version":[{"id":5056,"href":"https:\/\/www.evento.love\/blog\/wp-json\/wp\/v2\/posts\/2695\/revisions\/5056"}],"wp:featuredmedia":[{"embeddable":true,"href":"https:\/\/www.evento.love\/blog\/wp-json\/wp\/v2\/media\/2737"}],"wp:attachment":[{"href":"https:\/\/www.evento.love\/blog\/wp-json\/wp\/v2\/media?parent=2695"}],"wp:term":[{"taxonomy":"category","embeddable":true,"href":"https:\/\/www.evento.love\/blog\/wp-json\/wp\/v2\/categories?post=2695"},{"taxonomy":"post_tag","embeddable":true,"href":"https:\/\/www.evento.love\/blog\/wp-json\/wp\/v2\/tags?post=2695"}],"curies":[{"name":"wp","href":"https:\/\/api.w.org\/{rel}","templated":true}]}}