{"id":2945,"date":"2018-11-13T12:00:35","date_gmt":"2018-11-13T10:00:35","guid":{"rendered":"https:\/\/www.evento.love\/blog\/?p=2945"},"modified":"2019-07-19T00:17:54","modified_gmt":"2019-07-18T22:17:54","slug":"ideas-para-boda-de-invierno","status":"publish","type":"post","link":"https:\/\/www.evento.love\/blog\/ideas-para-boda-de-invierno\/","title":{"rendered":"Ideas para una boda de invierno"},"content":{"rendered":"<p>A pesar de que las <a href=\"https:\/\/www.evento.love\/bodas\/\" target=\"_blank\" rel=\"noopener noreferrer\">bodas<\/a> en primavera y verano parecen ser las m\u00e1s populares, \u00faltimamente muchas parejas optan por organizar su d\u00eda especial en invierno.<!--more--><\/p>\n<p>Lo cierto es que la \u00e9poca de oto\u00f1o-invierno tiene una atm\u00f3sfera m\u00e1gica que se puede aprovechar de manera \u00fanica para crear una boda inolvidable, de cuento, de aut\u00e9ntica reina de las nieves.<\/p>\n<p>Hoy nos hemos propuesto demostraros c\u00f3mo las bodas de invierno pueden ser maravillosas, gracias a los diferentes elementos decorativos y a los detalles que las convierten en un sue\u00f1o. \u00a1Vamos all\u00e1!<\/p>\n<h3>El vestido de novia<\/h3>\n<p>Comencemos por lo m\u00e1s apetecible, \u00a1el\u00a0vestido de novia! Los dise\u00f1os con mangas tienen algo especial que los hace muy rom\u00e1nticos, sofisticados y diferentes. Aunque si prefer\u00eds mostrar los brazos cuando est\u00e9is ya en el banquete, os aconsejamos optar por un abrigo o capa que pod\u00e1is utilizar para la ceremonia y despu\u00e9s quedaros con el vestido. Si os decant\u00e1is por esta opci\u00f3n, \u00a1no olvid\u00e9is comprobar que no pasar\u00e9is fr\u00edo en el espacio!<\/p>\n<figure id=\"attachment_2949\" aria-describedby=\"caption-attachment-2949\" style=\"width: 850px\" class=\"wp-caption aligncenter\"><img decoding=\"async\" loading=\"lazy\" class=\"size-full wp-image-2949\" src=\"https:\/\/www.evento.love\/blog\/wp-content\/uploads\/2018\/10\/decoracion-bodas-invierno-2.jpg\" alt=\"Decoraci\u00f3n de bodas de invierno\" width=\"850\" height=\"571\" srcset=\"https:\/\/www.evento.love\/blog\/wp-content\/uploads\/2018\/10\/decoracion-bodas-invierno-2.jpg 850w, https:\/\/www.evento.love\/blog\/wp-content\/uploads\/2018\/10\/decoracion-bodas-invierno-2-300x202.jpg 300w, https:\/\/www.evento.love\/blog\/wp-content\/uploads\/2018\/10\/decoracion-bodas-invierno-2-768x516.jpg 768w, https:\/\/www.evento.love\/blog\/wp-content\/uploads\/2018\/10\/decoracion-bodas-invierno-2-402x270.jpg 402w\" sizes=\"(max-width: 850px) 100vw, 850px\" \/><figcaption id=\"caption-attachment-2949\" class=\"wp-caption-text\">1. Vestido Isabel Zapardiez \/ 2. Vestido Victoria<\/figcaption><\/figure>\n<h3>Las invitaciones<\/h3>\n<p>Las invitaciones, como siempre decimos, son la antesala de la boda. Por eso, deb\u00e9is pensar en c\u00f3mo ser\u00e1 la boda y qu\u00e9 detalles introducir\u00e9is para que ya aparezcan en las invitaciones, as\u00ed como en los colores. Os recomendamos optar por una gama de colores elegante como un burdeos, verde botella o azul marino, colores preciosos y sofisticados que evocan al invierno y le dan un toque <em>chic<\/em> a cualquier detalle. \u00a1Especialmente en papeler\u00eda!<\/p>\n<h3>El espacio<\/h3>\n<p>Est\u00e1 claro que en invierno lo m\u00e1s probable es que dej\u00e9is a un lado la idea de casaros al aire libre, pero no por eso deb\u00e9is renunciar a la naturaleza. Hay multitud de <a href=\"https:\/\/www.evento.love\/tienda\/espacios\" target=\"_blank\" rel=\"noopener noreferrer\">espacios interiores<\/a> acristalados o con grandes ventanales que os permitir\u00e1n ver el jard\u00edn de la finca y disfrutar de una luz natural maravillosa.<\/p>\n<h3>La decoraci\u00f3n floral<\/h3>\n<p>Algunas flores de temporada de invierno que os recomendamos y que no nos pueden gustar m\u00e1s, son:<\/p>\n<ul>\n<li>Flores de pascua en rojo o blanco<\/li>\n<li>Lirios<\/li>\n<li>Ran\u00fanculus<\/li>\n<li>Suculentas<\/li>\n<li>An\u00e9monas<\/li>\n<\/ul>\n<figure id=\"attachment_2950\" aria-describedby=\"caption-attachment-2950\" style=\"width: 850px\" class=\"wp-caption aligncenter\"><img decoding=\"async\" loading=\"lazy\" class=\"wp-image-2950 size-full\" src=\"https:\/\/www.evento.love\/blog\/wp-content\/uploads\/2018\/10\/decoracion-bodas-invierno.jpg\" alt=\"Decoraci\u00f3n de bodas de invierno\" width=\"850\" height=\"571\" srcset=\"https:\/\/www.evento.love\/blog\/wp-content\/uploads\/2018\/10\/decoracion-bodas-invierno.jpg 850w, https:\/\/www.evento.love\/blog\/wp-content\/uploads\/2018\/10\/decoracion-bodas-invierno-300x202.jpg 300w, https:\/\/www.evento.love\/blog\/wp-content\/uploads\/2018\/10\/decoracion-bodas-invierno-768x516.jpg 768w, https:\/\/www.evento.love\/blog\/wp-content\/uploads\/2018\/10\/decoracion-bodas-invierno-402x270.jpg 402w\" sizes=\"(max-width: 850px) 100vw, 850px\" \/><figcaption id=\"caption-attachment-2950\" class=\"wp-caption-text\">Pinterest<\/figcaption><\/figure>\n<h3>Los detalles de invierno<\/h3>\n<p>Siguiendo con la decoraci\u00f3n, para acompa\u00f1ar a los centros de mesa y resto de composiciones que adornar\u00e1n el altar o el pasillo de la ceremonia, os aconsejamos colocar elementos de car\u00e1cter invernal para construir una maravillosa boda de invierno. Aqu\u00ed os damos algunas ideas.<\/p>\n<ul>\n<li>Las cl\u00e1sicas pi\u00f1as, pero esta vez reinventadas. \u00bfQu\u00e9 os parece te\u00f1irlas de un color granate o dorado?<\/li>\n<li>Ramas de pino o arbustos como base para los centros de flores o caminos de mesa.<\/li>\n<li>Velas, que siempre dan un toque rom\u00e1ntico y c\u00e1lido a cualquier celebraci\u00f3n.<\/li>\n<li>Le\u00f1a o elementos de madera natural, aportando el estilo r\u00fastico.<\/li>\n<li>Bombillas de luz c\u00e1lida para la decoraci\u00f3n a\u00e9rea.<\/li>\n<li>Juego de texturas y colores con elementos de cristal y toques plateados.<\/li>\n<li>Estrellas luminosas<\/li>\n<\/ul>\n<h3>La manteler\u00eda y vajilla<\/h3>\n<p>En cuanto a la manteler\u00eda y vajilla para bodas de invierno, os proponemos dos mezclas que pueden ir fenomenal:<\/p>\n<ul>\n<li>Blanco y plata.<br \/>\nManteler\u00eda y flores blancas y vajilla con toques grises y plateados.<\/li>\n<\/ul>\n<figure id=\"attachment_2947\" aria-describedby=\"caption-attachment-2947\" style=\"width: 850px\" class=\"wp-caption aligncenter\"><img decoding=\"async\" loading=\"lazy\" class=\"wp-image-2947 size-full\" src=\"https:\/\/www.evento.love\/blog\/wp-content\/uploads\/2018\/10\/decoracion-bodas-invierno-.jpg\" alt=\"Decoraci\u00f3n de bodas de invierno\" width=\"850\" height=\"850\" srcset=\"https:\/\/www.evento.love\/blog\/wp-content\/uploads\/2018\/10\/decoracion-bodas-invierno-.jpg 850w, https:\/\/www.evento.love\/blog\/wp-content\/uploads\/2018\/10\/decoracion-bodas-invierno--150x150.jpg 150w, https:\/\/www.evento.love\/blog\/wp-content\/uploads\/2018\/10\/decoracion-bodas-invierno--300x300.jpg 300w, https:\/\/www.evento.love\/blog\/wp-content\/uploads\/2018\/10\/decoracion-bodas-invierno--768x768.jpg 768w, https:\/\/www.evento.love\/blog\/wp-content\/uploads\/2018\/10\/decoracion-bodas-invierno--270x270.jpg 270w\" sizes=\"(max-width: 850px) 100vw, 850px\" \/><figcaption id=\"caption-attachment-2947\" class=\"wp-caption-text\">Casa de Perrin<\/figcaption><\/figure>\n<ul>\n<li>Tonos tierra<br \/>\nMantel en gris\/beige, toques de madera y dorado y centro de mesa con tonos burdeos (un toque sutil navide\u00f1o)<\/li>\n<\/ul>\n<figure id=\"attachment_2948\" aria-describedby=\"caption-attachment-2948\" style=\"width: 850px\" class=\"wp-caption aligncenter\"><img decoding=\"async\" loading=\"lazy\" class=\"size-full wp-image-2948\" src=\"https:\/\/www.evento.love\/blog\/wp-content\/uploads\/2018\/10\/decoracion-bodas-invierno-1.jpg\" alt=\"Decoraci\u00f3n de bodas de invierno\" width=\"850\" height=\"850\" srcset=\"https:\/\/www.evento.love\/blog\/wp-content\/uploads\/2018\/10\/decoracion-bodas-invierno-1.jpg 850w, https:\/\/www.evento.love\/blog\/wp-content\/uploads\/2018\/10\/decoracion-bodas-invierno-1-150x150.jpg 150w, https:\/\/www.evento.love\/blog\/wp-content\/uploads\/2018\/10\/decoracion-bodas-invierno-1-300x300.jpg 300w, https:\/\/www.evento.love\/blog\/wp-content\/uploads\/2018\/10\/decoracion-bodas-invierno-1-768x768.jpg 768w, https:\/\/www.evento.love\/blog\/wp-content\/uploads\/2018\/10\/decoracion-bodas-invierno-1-270x270.jpg 270w\" sizes=\"(max-width: 850px) 100vw, 850px\" \/><figcaption id=\"caption-attachment-2948\" class=\"wp-caption-text\">Casa de Perrin<\/figcaption><\/figure>\n<h3>El catering<\/h3>\n<p>Y por \u00faltimo, no podemos olvidarnos del <a href=\"https:\/\/www.evento.love\/blog\/category\/catering-y-mesas-dulces\/\" target=\"_blank\" rel=\"noopener noreferrer\">catering<\/a>. Como las flores, a cada temporada le corresponden un tipo de alimentos que siempre se encuentran con una calidad \u00f3ptima en funci\u00f3n de la \u00e9poca del a\u00f1o. Aqu\u00ed van algunos platos que pod\u00e9is tener en cuenta:<\/p>\n<ul>\n<li>Cremas y sopas de marisco<\/li>\n<li>Carne roja acompa\u00f1ada de pur\u00e9 de patata o salsas elaboradas con queso, nueces o casta\u00f1as.<\/li>\n<li>Lubina con vieiras<\/li>\n<li>Y de postre, una tarta con detalles invernales como flores de pascua, o una espectacular fuente de chocolate. \u00a1\u00d1am!<\/li>\n<\/ul>\n<p>\u00bfEst\u00e1is ya convencidos de organizar vuestra boda en invierno? En Evento.love somos expertos en personalizar bodas y tenemos mil y una ideas para hacer de la tuya un d\u00eda \u00fanico. Escr\u00edbenos a <a href=\"mailto:hola@evento.love\" target=\"_blank\" rel=\"noopener noreferrer\">hola@evento.love<\/a> y cu\u00e9ntanos tu idea.<\/p>\n<p>&#8211;<\/p>\n<p>Are you already convinced to organize your winter wedding? At Evento.love we are experts in unique weddings and we have a thousand ideas to make yours an unforgettable day. Write to <a href=\"mailto:hola@evento.love\" target=\"_blank\" rel=\"noopener noreferrer\">hola@evento.love<\/a> and tell us your idea!<\/p>\n    <div class=\"related-post grid\">\r\n                <div class=\"headline\">M\u00e1s art\u00edculos a tener en cuenta<\/div>\r\n        <div class=\"post-list \">\r\n\r\n                        <div class=\"item\">\r\n                        <div class=\"thumb post_thumb\">\r\n        <a  title=\"C\u00f3mo planificar el men\u00fa del baby shower\" href=\"https:\/\/www.evento.love\/blog\/planificar-menu-del_baby-shower-madrid\/\">\r\n\r\n            <img width=\"150\" height=\"150\" src=\"https:\/\/www.evento.love\/blog\/wp-content\/uploads\/2016\/09\/16_06_27_Planificando-y-elaborando-un-men\u00fa-divertido-para-el-baby-shower-150x150.jpg\" class=\"attachment-thumbnail size-thumbnail wp-post-image\" alt=\"\" decoding=\"async\" loading=\"lazy\" \/>\r\n\r\n        <\/a>\r\n    <\/div>\r\n\r\n    <a class=\"title post_title\"  title=\"C\u00f3mo planificar el men\u00fa del baby shower\" href=\"https:\/\/www.evento.love\/blog\/planificar-menu-del_baby-shower-madrid\/\">\r\n                C\u00f3mo planificar el men\u00fa del baby shower    <\/a>\r\n\r\n                <\/div>\r\n                            <div class=\"item\">\r\n                        <div class=\"thumb post_thumb\">\r\n        <a  title=\"Juegos y actividades en tu baby shower\" href=\"https:\/\/www.evento.love\/blog\/juegos-actividades-baby-shower-madrid\/\">\r\n\r\n            <img width=\"150\" height=\"150\" src=\"https:\/\/www.evento.love\/blog\/wp-content\/uploads\/2016\/09\/16_06_28_Juegos-y-actividades-en-tu-baby-shower-150x150.jpg\" class=\"attachment-thumbnail size-thumbnail wp-post-image\" alt=\"\" decoding=\"async\" loading=\"lazy\" \/>\r\n\r\n        <\/a>\r\n    <\/div>\r\n\r\n    <a class=\"title post_title\"  title=\"Juegos y actividades en tu baby shower\" href=\"https:\/\/www.evento.love\/blog\/juegos-actividades-baby-shower-madrid\/\">\r\n                Juegos y actividades en tu baby shower    <\/a>\r\n\r\n                <\/div>\r\n                            <div class=\"item\">\r\n                        <div class=\"thumb post_thumb\">\r\n        <a  title=\"C\u00f3mo inmortalizar tu baby shower\" href=\"https:\/\/www.evento.love\/blog\/inmortalizar-baby-shower-madrid\/\">\r\n\r\n            <img width=\"150\" height=\"150\" src=\"https:\/\/www.evento.love\/blog\/wp-content\/uploads\/2016\/09\/16_06_30_C\u00f3mo-inmortalizar-tu-baby-shower-150x150.jpg\" class=\"attachment-thumbnail size-thumbnail wp-post-image\" alt=\"\" decoding=\"async\" loading=\"lazy\" \/>\r\n\r\n        <\/a>\r\n    <\/div>\r\n\r\n    <a class=\"title post_title\"  title=\"C\u00f3mo inmortalizar tu baby shower\" href=\"https:\/\/www.evento.love\/blog\/inmortalizar-baby-shower-madrid\/\">\r\n                C\u00f3mo inmortalizar tu baby shower    <\/a>\r\n\r\n                <\/div>\r\n                            <div class=\"item\">\r\n                        <div class=\"thumb post_thumb\">\r\n        <a  title=\"Juegos en el baby shower\" href=\"https:\/\/www.evento.love\/blog\/juegos-baby-shower-madrid\/\">\r\n\r\n            <img width=\"150\" height=\"150\" src=\"https:\/\/www.evento.love\/blog\/wp-content\/uploads\/2016\/09\/16_07_22_Juegos-para-el-baby-shower-150x150.jpg\" class=\"attachment-thumbnail size-thumbnail wp-post-image\" alt=\"\" decoding=\"async\" loading=\"lazy\" \/>\r\n\r\n        <\/a>\r\n    <\/div>\r\n\r\n    <a class=\"title post_title\"  title=\"Juegos en el baby shower\" href=\"https:\/\/www.evento.love\/blog\/juegos-baby-shower-madrid\/\">\r\n                Juegos en el baby shower    <\/a>\r\n\r\n                <\/div>\r\n            \r\n    <\/div>\r\n\r\n    <script>\r\n            <\/script>\r\n    <style>\r\n        .related-post {}\r\n\r\n        .related-post .post-list {\r\n            text-align: left;\r\n                    }\r\n\r\n        .related-post .post-list .item {\r\n            margin: 5px 10px;\r\n            padding: 0px;\r\n                    }\r\n\r\n        .related-post .headline {\r\n            font-size: 24px !important;\r\n            color: #000000 !important;\r\n                    }\r\n\r\n        .related-post .headline{\r\nfont-weight:400 !important;\r\ntext-transform: uppercase;\r\n}.related-post .post-list .item .post_thumb {\r\n            max-height: 180px;\r\n            margin: 10px 0px;\r\n            padding: 0px;\r\n            display: block;\r\n                    }\r\n\r\n        .related-post .post-list .item .post_title {\r\n            font-size: 12px;\r\n            color: #607d8b;\r\n            margin: 10px 0px;\r\n            padding: 0px;\r\n            display: block;\r\n            text-decoration: none;\r\n                    }\r\n\r\n        .related-post .post-list .item .post_excerpt {\r\n            font-size: 13px;\r\n            color: #3f3f3f;\r\n            margin: 10px 0px;\r\n            padding: 0px;\r\n            display: block;\r\n            text-decoration: none;\r\n                    }\r\n\r\n        @media only screen and (min-width: 1024px) {\r\n            .related-post .post-list .item {\r\n                width: 22%;\r\n            }\r\n        }\r\n\r\n        @media only screen and (min-width: 768px) and (max-width: 1023px) {\r\n            .related-post .post-list .item {\r\n                width: 90%;\r\n            }\r\n        }\r\n\r\n        @media only screen and (min-width: 0px) and (max-width: 767px) {\r\n            .related-post .post-list .item {\r\n                width: 30%;\r\n            }\r\n        }\r\n\r\n            <\/style>\r\n        <\/div>\r\n<!-- AddThis Advanced Settings generic via filter on the_content --><!-- AddThis Share Buttons generic via filter on the_content -->","protected":false},"excerpt":{"rendered":"<p>A pesar de que las bodas en primavera y verano parecen ser las m\u00e1s populares, \u00faltimamente muchas parejas optan por organizar su d\u00eda especial en invierno. M\u00e1s art\u00edculos a tener en cuenta Baby Shower, mucho m\u00e1s que un evento social 12 consejos para un Baby Shower perfecto Cu\u00e1ndo hacer el Baby Shower Baby Shower: Elaborando la lista de invitados<!-- AddThis Advanced Settings generic via filter on get_the_excerpt --><!-- AddThis Share Buttons generic via filter on get_the_excerpt --><\/p>\n    <div class=\"related-post grid\">\r\n                <div class=\"headline\">M\u00e1s art\u00edculos a tener en cuenta<\/div>\r\n        <div class=\"post-list \">\r\n\r\n                        <div class=\"item\">\r\n                        <div class=\"thumb post_thumb\">\r\n        <a  title=\"Baby Shower, mucho m\u00e1s que un evento social\" href=\"https:\/\/www.evento.love\/blog\/baby-shower-evento-social-madrid\/\">\r\n\r\n            <img width=\"150\" height=\"150\" src=\"https:\/\/www.evento.love\/blog\/wp-content\/uploads\/2016\/07\/babyshower-150x150.jpg\" class=\"attachment-thumbnail size-thumbnail wp-post-image\" alt=\"baby shower-fiesta-beb\u00e9-embarazo-embarazada\" decoding=\"async\" loading=\"lazy\" \/>\r\n\r\n        <\/a>\r\n    <\/div>\r\n\r\n    <a class=\"title post_title\"  title=\"Baby Shower, mucho m\u00e1s que un evento social\" href=\"https:\/\/www.evento.love\/blog\/baby-shower-evento-social-madrid\/\">\r\n                Baby Shower, mucho m\u00e1s que un evento social    <\/a>\r\n\r\n                <\/div>\r\n                            <div class=\"item\">\r\n                        <div class=\"thumb post_thumb\">\r\n        <a  title=\"12 consejos para un Baby Shower perfecto\" href=\"https:\/\/www.evento.love\/blog\/12-consejos-baby-shower-perfecto-madrid\/\">\r\n\r\n            <img width=\"150\" height=\"150\" src=\"https:\/\/www.evento.love\/blog\/wp-content\/uploads\/2016\/09\/16_05_20_12_consejos-para-que-tu-Baby-Shower-sea-perfecto-150x150.jpg\" class=\"attachment-thumbnail size-thumbnail wp-post-image\" alt=\"Baby Shower-perfecto-beb\u00e9-embarazado-embarazada-fiesta-babyshower\" decoding=\"async\" loading=\"lazy\" \/>\r\n\r\n        <\/a>\r\n    <\/div>\r\n\r\n    <a class=\"title post_title\"  title=\"12 consejos para un Baby Shower perfecto\" href=\"https:\/\/www.evento.love\/blog\/12-consejos-baby-shower-perfecto-madrid\/\">\r\n                12 consejos para un Baby Shower perfecto    <\/a>\r\n\r\n                <\/div>\r\n                            <div class=\"item\">\r\n                        <div class=\"thumb post_thumb\">\r\n        <a  title=\"Cu\u00e1ndo hacer el Baby Shower\" href=\"https:\/\/www.evento.love\/blog\/cuando-hacer-el-baby-shower-madrid\/\">\r\n\r\n            <img width=\"150\" height=\"150\" src=\"https:\/\/www.evento.love\/blog\/wp-content\/uploads\/2016\/09\/16_05_23_Cuando-hacer-el-Baby-Shower-150x150.jpg\" class=\"attachment-thumbnail size-thumbnail wp-post-image\" alt=\"Cu\u00e1ndo hacer el baby shower beb\u00e9 embarazo fiesta en Madrid\" decoding=\"async\" loading=\"lazy\" \/>\r\n\r\n        <\/a>\r\n    <\/div>\r\n\r\n    <a class=\"title post_title\"  title=\"Cu\u00e1ndo hacer el Baby Shower\" href=\"https:\/\/www.evento.love\/blog\/cuando-hacer-el-baby-shower-madrid\/\">\r\n                Cu\u00e1ndo hacer el Baby Shower    <\/a>\r\n\r\n                <\/div>\r\n                            <div class=\"item\">\r\n                        <div class=\"thumb post_thumb\">\r\n        <a  title=\"\u00bfQui\u00e9n debe organizar el Baby Shower?\" href=\"https:\/\/www.evento.love\/blog\/quien-organizar-baby-shower-madrid\/\">\r\n\r\n            <img width=\"150\" height=\"150\" src=\"https:\/\/www.evento.love\/blog\/wp-content\/uploads\/2016\/09\/16_05_29_Qui\u00e9n-organiza-el-Baby-Shower-150x150.jpg\" class=\"attachment-thumbnail size-thumbnail wp-post-image\" alt=\"Organizaci\u00f3n Baby Shower Madrid fiesta beb\u00e9 embarazada\" decoding=\"async\" loading=\"lazy\" \/>\r\n\r\n        <\/a>\r\n    <\/div>\r\n\r\n    <a class=\"title post_title\"  title=\"\u00bfQui\u00e9n debe organizar el Baby Shower?\" href=\"https:\/\/www.evento.love\/blog\/quien-organizar-baby-shower-madrid\/\">\r\n                \u00bfQui\u00e9n debe organizar el Baby Shower?    <\/a>\r\n\r\n                <\/div>\r\n            \r\n    <\/div>\r\n\r\n    <script>\r\n            <\/script>\r\n    <style>\r\n        .related-post {}\r\n\r\n        .related-post .post-list {\r\n            text-align: left;\r\n                    }\r\n\r\n        .related-post .post-list .item {\r\n            margin: 5px 10px;\r\n            padding: 0px;\r\n                    }\r\n\r\n        .related-post .headline {\r\n            font-size: 24px !important;\r\n            color: #000000 !important;\r\n                    }\r\n\r\n        .related-post .headline{\r\nfont-weight:400 !important;\r\ntext-transform: uppercase;\r\n}.related-post .post-list .item .post_thumb {\r\n            max-height: 180px;\r\n            margin: 10px 0px;\r\n            padding: 0px;\r\n            display: block;\r\n                    }\r\n\r\n        .related-post .post-list .item .post_title {\r\n            font-size: 12px;\r\n            color: #607d8b;\r\n            margin: 10px 0px;\r\n            padding: 0px;\r\n            display: block;\r\n            text-decoration: none;\r\n                    }\r\n\r\n        .related-post .post-list .item .post_excerpt {\r\n            font-size: 13px;\r\n            color: #3f3f3f;\r\n            margin: 10px 0px;\r\n            padding: 0px;\r\n            display: block;\r\n            text-decoration: none;\r\n                    }\r\n\r\n        @media only screen and (min-width: 1024px) {\r\n            .related-post .post-list .item {\r\n                width: 22%;\r\n            }\r\n        }\r\n\r\n        @media only screen and (min-width: 768px) and (max-width: 1023px) {\r\n            .related-post .post-list .item {\r\n                width: 90%;\r\n            }\r\n        }\r\n\r\n        @media only screen and (min-width: 0px) and (max-width: 767px) {\r\n            .related-post .post-list .item {\r\n                width: 30%;\r\n            }\r\n        }\r\n\r\n            <\/style>\r\n        <\/div>\r\n","protected":false},"author":1,"featured_media":2950,"comment_status":"closed","ping_status":"open","sticky":false,"template":"","format":"standard","meta":{"content-type":""},"categories":[756],"tags":[1012,524,250,978,888,1013],"yoast_head":"<!-- This site is optimized with the Yoast SEO plugin v20.7 - https:\/\/yoast.com\/wordpress\/plugins\/seo\/ -->\n<title>Ideas para una boda de invierno - El Blog de evento.love<\/title>\n<meta name=\"description\" content=\"Todas las ventajas, decoraci\u00f3n y detalles de las bodas de invierno, eventos \u00fanicos a los que podemos darle un toque especial y m\u00e1gico.\" \/>\n<meta name=\"robots\" content=\"index, follow, max-snippet:-1, max-image-preview:large, max-video-preview:-1\" \/>\n<meta property=\"og:locale\" content=\"es_ES\" \/>\n<meta property=\"og:type\" content=\"article\" \/>\n<meta property=\"og:title\" content=\"Ideas para una boda de invierno - El Blog de evento.love\" \/>\n<meta property=\"og:description\" content=\"Todas las ventajas, decoraci\u00f3n y detalles de las bodas de invierno, eventos \u00fanicos a los que podemos darle un toque especial y m\u00e1gico.\" \/>\n<meta property=\"og:url\" content=\"https:\/\/www.evento.love\/blog\/ideas-para-boda-de-invierno\/\" \/>\n<meta property=\"og:site_name\" content=\"El Blog de evento.love\" \/>\n<meta property=\"article:publisher\" content=\"https:\/\/www.facebook.com\/Evento.love\/\" \/>\n<meta property=\"article:published_time\" content=\"2018-11-13T10:00:35+00:00\" \/>\n<meta property=\"article:modified_time\" content=\"2019-07-18T22:17:54+00:00\" \/>\n<meta property=\"og:image\" content=\"https:\/\/www.evento.love\/blog\/wp-content\/uploads\/2018\/10\/decoracion-bodas-invierno.jpg\" \/>\n\t<meta property=\"og:image:width\" content=\"850\" \/>\n\t<meta property=\"og:image:height\" content=\"571\" \/>\n\t<meta property=\"og:image:type\" content=\"image\/jpeg\" \/>\n<meta name=\"author\" content=\"Evento Love\" \/>\n<meta name=\"twitter:card\" content=\"summary_large_image\" \/>\n<meta name=\"twitter:creator\" content=\"@Evento_love\" \/>\n<meta name=\"twitter:site\" content=\"@Evento_love\" \/>\n<meta name=\"twitter:label1\" content=\"Escrito por\" \/>\n\t<meta name=\"twitter:data1\" content=\"Evento Love\" \/>\n\t<meta name=\"twitter:label2\" content=\"Tiempo de lectura\" \/>\n\t<meta name=\"twitter:data2\" content=\"4 minutos\" \/>\n<!-- \/ Yoast SEO plugin. -->","yoast_head_json":{"title":"Ideas para una boda de invierno - El Blog de evento.love","description":"Todas las ventajas, decoraci\u00f3n y detalles de las bodas de invierno, eventos \u00fanicos a los que podemos darle un toque especial y m\u00e1gico.","robots":{"index":"index","follow":"follow","max-snippet":"max-snippet:-1","max-image-preview":"max-image-preview:large","max-video-preview":"max-video-preview:-1"},"og_locale":"es_ES","og_type":"article","og_title":"Ideas para una boda de invierno - El Blog de evento.love","og_description":"Todas las ventajas, decoraci\u00f3n y detalles de las bodas de invierno, eventos \u00fanicos a los que podemos darle un toque especial y m\u00e1gico.","og_url":"https:\/\/www.evento.love\/blog\/ideas-para-boda-de-invierno\/","og_site_name":"El Blog de evento.love","article_publisher":"https:\/\/www.facebook.com\/Evento.love\/","article_published_time":"2018-11-13T10:00:35+00:00","article_modified_time":"2019-07-18T22:17:54+00:00","og_image":[{"width":850,"height":571,"url":"https:\/\/www.evento.love\/blog\/wp-content\/uploads\/2018\/10\/decoracion-bodas-invierno.jpg","type":"image\/jpeg"}],"author":"Evento Love","twitter_card":"summary_large_image","twitter_creator":"@Evento_love","twitter_site":"@Evento_love","twitter_misc":{"Escrito por":"Evento Love","Tiempo de lectura":"4 minutos"},"schema":{"@context":"https:\/\/schema.org","@graph":[{"@type":"Article","@id":"https:\/\/www.evento.love\/blog\/ideas-para-boda-de-invierno\/#article","isPartOf":{"@id":"https:\/\/www.evento.love\/blog\/ideas-para-boda-de-invierno\/"},"author":{"name":"Evento Love","@id":"https:\/\/www.evento.love\/blog\/#\/schema\/person\/a184c2ed424b7fb3006372ce8051542c"},"headline":"Ideas para una boda de invierno","datePublished":"2018-11-13T10:00:35+00:00","dateModified":"2019-07-18T22:17:54+00:00","mainEntityOfPage":{"@id":"https:\/\/www.evento.love\/blog\/ideas-para-boda-de-invierno\/"},"wordCount":789,"publisher":{"@id":"https:\/\/www.evento.love\/blog\/#organization"},"keywords":["bodas de invierno","catering","decoracion floral","vestido de novia","wedding planner","winter wedding"],"articleSection":["Bodas"],"inLanguage":"es"},{"@type":"WebPage","@id":"https:\/\/www.evento.love\/blog\/ideas-para-boda-de-invierno\/","url":"https:\/\/www.evento.love\/blog\/ideas-para-boda-de-invierno\/","name":"Ideas para una boda de invierno - El Blog de evento.love","isPartOf":{"@id":"https:\/\/www.evento.love\/blog\/#website"},"datePublished":"2018-11-13T10:00:35+00:00","dateModified":"2019-07-18T22:17:54+00:00","description":"Todas las ventajas, decoraci\u00f3n y detalles de las bodas de invierno, eventos \u00fanicos a los que podemos darle un toque especial y m\u00e1gico.","breadcrumb":{"@id":"https:\/\/www.evento.love\/blog\/ideas-para-boda-de-invierno\/#breadcrumb"},"inLanguage":"es","potentialAction":[{"@type":"ReadAction","target":["https:\/\/www.evento.love\/blog\/ideas-para-boda-de-invierno\/"]}]},{"@type":"BreadcrumbList","@id":"https:\/\/www.evento.love\/blog\/ideas-para-boda-de-invierno\/#breadcrumb","itemListElement":[{"@type":"ListItem","position":1,"name":"Evento.love","item":"https:\/\/www.evento.love\/blog\/"},{"@type":"ListItem","position":2,"name":"Bodas","item":"https:\/\/www.evento.love\/blog\/category\/bodas\/"},{"@type":"ListItem","position":3,"name":"Ideas para una boda de invierno"}]},{"@type":"WebSite","@id":"https:\/\/www.evento.love\/blog\/#website","url":"https:\/\/www.evento.love\/blog\/","name":"El Blog de evento.love","description":"T\u00fa lo mereces. Disfruta de tu momento","publisher":{"@id":"https:\/\/www.evento.love\/blog\/#organization"},"potentialAction":[{"@type":"SearchAction","target":{"@type":"EntryPoint","urlTemplate":"https:\/\/www.evento.love\/blog\/?s={search_term_string}"},"query-input":"required name=search_term_string"}],"inLanguage":"es"},{"@type":"Organization","@id":"https:\/\/www.evento.love\/blog\/#organization","name":"evento.love","url":"https:\/\/www.evento.love\/blog\/","logo":{"@type":"ImageObject","inLanguage":"es","@id":"https:\/\/www.evento.love\/blog\/#\/schema\/logo\/image\/","url":"https:\/\/www.evento.love\/blog\/wp-content\/uploads\/2016\/07\/logo-evento-love.png","contentUrl":"https:\/\/www.evento.love\/blog\/wp-content\/uploads\/2016\/07\/logo-evento-love.png","width":197,"height":59,"caption":"evento.love"},"image":{"@id":"https:\/\/www.evento.love\/blog\/#\/schema\/logo\/image\/"},"sameAs":["https:\/\/www.facebook.com\/Evento.love\/","https:\/\/twitter.com\/Evento_love","https:\/\/www.instagram.com\/evento.love\/","https:\/\/es.pinterest.com\/evento_love\/","https:\/\/www.youtube.com\/channel\/UCcVbo6ymzx-7FlDJja8aQnw"]},{"@type":"Person","@id":"https:\/\/www.evento.love\/blog\/#\/schema\/person\/a184c2ed424b7fb3006372ce8051542c","name":"Evento Love"}]}},"_links":{"self":[{"href":"https:\/\/www.evento.love\/blog\/wp-json\/wp\/v2\/posts\/2945"}],"collection":[{"href":"https:\/\/www.evento.love\/blog\/wp-json\/wp\/v2\/posts"}],"about":[{"href":"https:\/\/www.evento.love\/blog\/wp-json\/wp\/v2\/types\/post"}],"author":[{"embeddable":true,"href":"https:\/\/www.evento.love\/blog\/wp-json\/wp\/v2\/users\/1"}],"replies":[{"embeddable":true,"href":"https:\/\/www.evento.love\/blog\/wp-json\/wp\/v2\/comments?post=2945"}],"version-history":[{"count":7,"href":"https:\/\/www.evento.love\/blog\/wp-json\/wp\/v2\/posts\/2945\/revisions"}],"predecessor-version":[{"id":4954,"href":"https:\/\/www.evento.love\/blog\/wp-json\/wp\/v2\/posts\/2945\/revisions\/4954"}],"wp:featuredmedia":[{"embeddable":true,"href":"https:\/\/www.evento.love\/blog\/wp-json\/wp\/v2\/media\/2950"}],"wp:attachment":[{"href":"https:\/\/www.evento.love\/blog\/wp-json\/wp\/v2\/media?parent=2945"}],"wp:term":[{"taxonomy":"category","embeddable":true,"href":"https:\/\/www.evento.love\/blog\/wp-json\/wp\/v2\/categories?post=2945"},{"taxonomy":"post_tag","embeddable":true,"href":"https:\/\/www.evento.love\/blog\/wp-json\/wp\/v2\/tags?post=2945"}],"curies":[{"name":"wp","href":"https:\/\/api.w.org\/{rel}","templated":true}]}}