{"id":2953,"date":"2018-11-12T12:00:09","date_gmt":"2018-11-12T10:00:09","guid":{"rendered":"https:\/\/www.evento.love\/blog\/?p=2953"},"modified":"2019-07-19T00:17:54","modified_gmt":"2019-07-18T22:17:54","slug":"tratamientos-de-belleza-para-antes-de-la-boda","status":"publish","type":"post","link":"https:\/\/www.evento.love\/blog\/tratamientos-de-belleza-para-antes-de-la-boda\/","title":{"rendered":"Tratamientos de belleza para antes de la boda"},"content":{"rendered":"<p>Los <a href=\"https:\/\/www.evento.love\/bodas\/index.html\" target=\"_blank\" rel=\"noopener noreferrer\">preparativos de una boda<\/a> siempre son motivo de estr\u00e9s o de cierta tensi\u00f3n. Esto depende mucho de cada persona y de la actitud con la que te tomes la planificaci\u00f3n pero, qui\u00e9n m\u00e1s o qui\u00e9n menos ha tenido alg\u00fan momento de agobio.<!--more--><\/p>\n<p>Es fundamental cuidar cuerpo y mente durante esos meses para que, adem\u00e1s de disfrutar de los preparativos, te veas radiante el d\u00eda m\u00e1s feliz de tu vida. Por eso hoy os traemos varios tratamientos de belleza que estamos seguros te ayudar\u00e1n a sentirte estupenda por dentro y por fuera.<\/p>\n<h3>Rostro<\/h3>\n<p>Comenzamos por el rostro, algo que resplandecer\u00e1 seguro en tu boda, ya que las emocionas har\u00e1n que tus ojos brillen. Pero no podemos olvidar que con el estr\u00e9s aparecen granos, manchitas e impurezas que debemos eliminar con tratamientos adecuados a nuestra piel.<\/p>\n<p>Os recomendamos acudir a un experto al menos 3 meses antes de la boda, ya que existen algunos tratamientos que toman su tiempo para hacer efecto o que son agresivos, como el <strong>peeling qu\u00edmico<\/strong>.<\/p>\n<p>Otros tratamientos que os recomendamos seguir son los de <strong>hidrataci\u00f3n y luminosidad<\/strong>, que os dejen la piel natural y jugosa para que est\u00e9is espl\u00e9ndidas cuando camin\u00e9is hacia el altar.<\/p>\n<figure id=\"attachment_2965\" aria-describedby=\"caption-attachment-2965\" style=\"width: 850px\" class=\"wp-caption aligncenter\"><img decoding=\"async\" loading=\"lazy\" class=\"wp-image-2965\" src=\"https:\/\/www.evento.love\/blog\/wp-content\/uploads\/2018\/10\/tratamientos-belleza-boda-2.jpg\" alt=\"Tratamientos de belleza para antes de la boda\" width=\"850\" height=\"629\" srcset=\"https:\/\/www.evento.love\/blog\/wp-content\/uploads\/2018\/10\/tratamientos-belleza-boda-2.jpg 603w, https:\/\/www.evento.love\/blog\/wp-content\/uploads\/2018\/10\/tratamientos-belleza-boda-2-300x222.jpg 300w, https:\/\/www.evento.love\/blog\/wp-content\/uploads\/2018\/10\/tratamientos-belleza-boda-2-365x270.jpg 365w\" sizes=\"(max-width: 850px) 100vw, 850px\" \/><figcaption id=\"caption-attachment-2965\" class=\"wp-caption-text\">Fot\u00f3grafo: Borja Ballonga<\/figcaption><\/figure>\n<h3>Pelo<\/h3>\n<p>En cuanto al cabello, todo depende de c\u00f3mo sea el vuestro. Por un lado, si ten\u00e9is el pelo muy rizado y os gustar\u00eda poder domarlo con m\u00e1s facilidad el d\u00eda de la boda, pod\u00e9is optar por realizaros un tratamiento de <strong>keratina<\/strong>.<\/p>\n<p>Si por el contrario necesit\u00e1is<strong> volumen<\/strong>, tambi\u00e9n existen tratamientos que os lo puedan proporcionar, as\u00ed como dotarlo de <strong>brillo<\/strong> para que luzca inmejorable en vuestra boda.<\/p>\n<h3>Cuerpo<\/h3>\n<p>El cuerpo es nuestro templo y en momentos de mucho estr\u00e9s debemos cuidarlo m\u00e1s si cabe. Si quer\u00e9is bajar un poco de volumen o peso, o si simplemente quer\u00e9is modificar vuestros h\u00e1bitos de alimentaci\u00f3n, os recomendamos visitar un <strong>nutricionista<\/strong> que os haga un plan espec\u00edfico y efectivo.<\/p>\n<p>Todo, por supuesto, acompa\u00f1ado de deporte. No hace falta matarse en el gimnasio, a cada una os puede ir bien una cosa diferente: correr, dar largos paseos, hacer senderismo, bici, yoga, etc. Todo <strong>movimiento<\/strong> es bueno y os ayudar\u00e1 a desconectar.<\/p>\n<h3>Mente<\/h3>\n<p>Entre tantos tratamientos de belleza, no podemos olvidarnos de algo m\u00e1s fundamental a\u00fan: nuestra mente. Hay que cuidarla igual o m\u00e1s que el cuerpo, para mantenerte sana y con buen \u00e1nimo, fuerte en los momentos en los que parece que todo es negro. Talleres de <strong>mindfulness, clases de yoga y tratamientos de spa<\/strong> son algunas de nuestras recomendaciones. \u00a1Incluso lo pod\u00e9is hacer en pareja!<\/p>\n<p><strong><img decoding=\"async\" loading=\"lazy\" class=\"aligncenter size-full wp-image-2964\" src=\"https:\/\/www.evento.love\/blog\/wp-content\/uploads\/2018\/10\/tratamientos-belleza-boda-1.jpg\" alt=\"Tratamientos de belleza para antes de la boda\" width=\"850\" height=\"567\" srcset=\"https:\/\/www.evento.love\/blog\/wp-content\/uploads\/2018\/10\/tratamientos-belleza-boda-1.jpg 850w, https:\/\/www.evento.love\/blog\/wp-content\/uploads\/2018\/10\/tratamientos-belleza-boda-1-300x200.jpg 300w, https:\/\/www.evento.love\/blog\/wp-content\/uploads\/2018\/10\/tratamientos-belleza-boda-1-768x512.jpg 768w, https:\/\/www.evento.love\/blog\/wp-content\/uploads\/2018\/10\/tratamientos-belleza-boda-1-405x270.jpg 405w\" sizes=\"(max-width: 850px) 100vw, 850px\" \/><\/strong><\/p>\n<p>\u00bfHab\u00e9is tomado nota? Adem\u00e1s de todos esos tratamientos, os recomendamos poder contar con la ayuda de un profesional que os ayude en la organizaci\u00f3n de vuestra boda. Poneros en manos de un profesional que se encarga de las contrataciones, facturas, deadlines, comunicaci\u00f3n con los proveedores, asesoramiento, etc., os har\u00e1 sentiros mucho m\u00e1s relajados. Si est\u00e1s buscando <a href=\"https:\/\/www.evento.love\/bodas\/\" target=\"_blank\" rel=\"noopener noreferrer\">wedding planner<\/a>, escr\u00edbenos a <a href=\"mailto:hola@evento.love\" target=\"_blank\" rel=\"noopener noreferrer\">hola@evento.love<\/a> y te haremos la propuesta con la que siempre so\u00f1aste.<\/p>\n<p>&#8211;<\/p>\n<p>In addition to all these treatments, we recommend you to hire a professional to help you in the organization of your wedding. If you are looking for <a href=\"https:\/\/www.evento.love\/bodas\/\" target=\"_blank\" rel=\"noopener noreferrer\">wedding planner,<\/a> write us to <a href=\"mailto:hola@evento.love\" target=\"_blank\" rel=\"noopener noreferrer\">hola@evento.love<\/a> and we will make the proposal you always dreamed about.<\/p>\n    <div class=\"related-post grid\">\r\n                <div class=\"headline\">M\u00e1s art\u00edculos a tener en cuenta<\/div>\r\n        <div class=\"post-list \">\r\n\r\n                        <div class=\"item\">\r\n                        <div class=\"thumb post_thumb\">\r\n        <a  title=\"Juegos y actividades en tu baby shower\" href=\"https:\/\/www.evento.love\/blog\/juegos-actividades-baby-shower-madrid\/\">\r\n\r\n            <img width=\"150\" height=\"150\" src=\"https:\/\/www.evento.love\/blog\/wp-content\/uploads\/2016\/09\/16_06_28_Juegos-y-actividades-en-tu-baby-shower-150x150.jpg\" class=\"attachment-thumbnail size-thumbnail wp-post-image\" alt=\"\" decoding=\"async\" loading=\"lazy\" \/>\r\n\r\n        <\/a>\r\n    <\/div>\r\n\r\n    <a class=\"title post_title\"  title=\"Juegos y actividades en tu baby shower\" href=\"https:\/\/www.evento.love\/blog\/juegos-actividades-baby-shower-madrid\/\">\r\n                Juegos y actividades en tu baby shower    <\/a>\r\n\r\n                <\/div>\r\n                            <div class=\"item\">\r\n                        <div class=\"thumb post_thumb\">\r\n        <a  title=\"C\u00f3mo inmortalizar tu baby shower\" href=\"https:\/\/www.evento.love\/blog\/inmortalizar-baby-shower-madrid\/\">\r\n\r\n            <img width=\"150\" height=\"150\" src=\"https:\/\/www.evento.love\/blog\/wp-content\/uploads\/2016\/09\/16_06_30_C\u00f3mo-inmortalizar-tu-baby-shower-150x150.jpg\" class=\"attachment-thumbnail size-thumbnail wp-post-image\" alt=\"\" decoding=\"async\" loading=\"lazy\" \/>\r\n\r\n        <\/a>\r\n    <\/div>\r\n\r\n    <a class=\"title post_title\"  title=\"C\u00f3mo inmortalizar tu baby shower\" href=\"https:\/\/www.evento.love\/blog\/inmortalizar-baby-shower-madrid\/\">\r\n                C\u00f3mo inmortalizar tu baby shower    <\/a>\r\n\r\n                <\/div>\r\n                            <div class=\"item\">\r\n                        <div class=\"thumb post_thumb\">\r\n        <a  title=\"Juegos en el baby shower\" href=\"https:\/\/www.evento.love\/blog\/juegos-baby-shower-madrid\/\">\r\n\r\n            <img width=\"150\" height=\"150\" src=\"https:\/\/www.evento.love\/blog\/wp-content\/uploads\/2016\/09\/16_07_22_Juegos-para-el-baby-shower-150x150.jpg\" class=\"attachment-thumbnail size-thumbnail wp-post-image\" alt=\"\" decoding=\"async\" loading=\"lazy\" \/>\r\n\r\n        <\/a>\r\n    <\/div>\r\n\r\n    <a class=\"title post_title\"  title=\"Juegos en el baby shower\" href=\"https:\/\/www.evento.love\/blog\/juegos-baby-shower-madrid\/\">\r\n                Juegos en el baby shower    <\/a>\r\n\r\n                <\/div>\r\n                            <div class=\"item\">\r\n                        <div class=\"thumb post_thumb\">\r\n        <a  title=\"Un beb\u00e9 en camino \u00bfBaby shower o bautizo?\" href=\"https:\/\/www.evento.love\/blog\/bebe-baby-shower-bautizo-madrid\/\">\r\n\r\n            <img width=\"150\" height=\"150\" src=\"https:\/\/www.evento.love\/blog\/wp-content\/uploads\/2016\/09\/16_07_30_Un-beb\u00e9-en-camino-\u00bfBaby-Shower-o-Bautizo-150x150.jpg\" class=\"attachment-thumbnail size-thumbnail wp-post-image\" alt=\"\" decoding=\"async\" loading=\"lazy\" \/>\r\n\r\n        <\/a>\r\n    <\/div>\r\n\r\n    <a class=\"title post_title\"  title=\"Un beb\u00e9 en camino \u00bfBaby shower o bautizo?\" href=\"https:\/\/www.evento.love\/blog\/bebe-baby-shower-bautizo-madrid\/\">\r\n                Un beb\u00e9 en camino \u00bfBaby shower o bautizo?    <\/a>\r\n\r\n                <\/div>\r\n            \r\n    <\/div>\r\n\r\n    <script>\r\n            <\/script>\r\n    <style>\r\n        .related-post {}\r\n\r\n        .related-post .post-list {\r\n            text-align: left;\r\n                    }\r\n\r\n        .related-post .post-list .item {\r\n            margin: 5px 10px;\r\n            padding: 0px;\r\n                    }\r\n\r\n        .related-post .headline {\r\n            font-size: 24px !important;\r\n            color: #000000 !important;\r\n                    }\r\n\r\n        .related-post .headline{\r\nfont-weight:400 !important;\r\ntext-transform: uppercase;\r\n}.related-post .post-list .item .post_thumb {\r\n            max-height: 180px;\r\n            margin: 10px 0px;\r\n            padding: 0px;\r\n            display: block;\r\n                    }\r\n\r\n        .related-post .post-list .item .post_title {\r\n            font-size: 12px;\r\n            color: #607d8b;\r\n            margin: 10px 0px;\r\n            padding: 0px;\r\n            display: block;\r\n            text-decoration: none;\r\n                    }\r\n\r\n        .related-post .post-list .item .post_excerpt {\r\n            font-size: 13px;\r\n            color: #3f3f3f;\r\n            margin: 10px 0px;\r\n            padding: 0px;\r\n            display: block;\r\n            text-decoration: none;\r\n                    }\r\n\r\n        @media only screen and (min-width: 1024px) {\r\n            .related-post .post-list .item {\r\n                width: 22%;\r\n            }\r\n        }\r\n\r\n        @media only screen and (min-width: 768px) and (max-width: 1023px) {\r\n            .related-post .post-list .item {\r\n                width: 90%;\r\n            }\r\n        }\r\n\r\n        @media only screen and (min-width: 0px) and (max-width: 767px) {\r\n            .related-post .post-list .item {\r\n                width: 30%;\r\n            }\r\n        }\r\n\r\n            <\/style>\r\n        <\/div>\r\n<!-- AddThis Advanced Settings generic via filter on the_content --><!-- AddThis Share Buttons generic via filter on the_content -->","protected":false},"excerpt":{"rendered":"<p>Los preparativos de una boda siempre son motivo de estr\u00e9s o de cierta tensi\u00f3n. Esto depende mucho de cada persona y de la actitud con la que te tomes la planificaci\u00f3n pero, qui\u00e9n m\u00e1s o qui\u00e9n menos ha tenido alg\u00fan momento de agobio. M\u00e1s art\u00edculos a tener en cuenta Baby Shower, mucho m\u00e1s que un evento social 12 consejos para un Baby Shower perfecto Cu\u00e1ndo hacer el Baby Shower Baby Shower: Elaborando la lista de invitados<!-- AddThis Advanced Settings generic via filter on get_the_excerpt --><!-- AddThis Share Buttons generic via filter on get_the_excerpt --><\/p>\n    <div class=\"related-post grid\">\r\n                <div class=\"headline\">M\u00e1s art\u00edculos a tener en cuenta<\/div>\r\n        <div class=\"post-list \">\r\n\r\n                        <div class=\"item\">\r\n                        <div class=\"thumb post_thumb\">\r\n        <a  title=\"Baby Shower, mucho m\u00e1s que un evento social\" href=\"https:\/\/www.evento.love\/blog\/baby-shower-evento-social-madrid\/\">\r\n\r\n            <img width=\"150\" height=\"150\" src=\"https:\/\/www.evento.love\/blog\/wp-content\/uploads\/2016\/07\/babyshower-150x150.jpg\" class=\"attachment-thumbnail size-thumbnail wp-post-image\" alt=\"baby shower-fiesta-beb\u00e9-embarazo-embarazada\" decoding=\"async\" loading=\"lazy\" \/>\r\n\r\n        <\/a>\r\n    <\/div>\r\n\r\n    <a class=\"title post_title\"  title=\"Baby Shower, mucho m\u00e1s que un evento social\" href=\"https:\/\/www.evento.love\/blog\/baby-shower-evento-social-madrid\/\">\r\n                Baby Shower, mucho m\u00e1s que un evento social    <\/a>\r\n\r\n                <\/div>\r\n                            <div class=\"item\">\r\n                        <div class=\"thumb post_thumb\">\r\n        <a  title=\"12 consejos para un Baby Shower perfecto\" href=\"https:\/\/www.evento.love\/blog\/12-consejos-baby-shower-perfecto-madrid\/\">\r\n\r\n            <img width=\"150\" height=\"150\" src=\"https:\/\/www.evento.love\/blog\/wp-content\/uploads\/2016\/09\/16_05_20_12_consejos-para-que-tu-Baby-Shower-sea-perfecto-150x150.jpg\" class=\"attachment-thumbnail size-thumbnail wp-post-image\" alt=\"Baby Shower-perfecto-beb\u00e9-embarazado-embarazada-fiesta-babyshower\" decoding=\"async\" loading=\"lazy\" \/>\r\n\r\n        <\/a>\r\n    <\/div>\r\n\r\n    <a class=\"title post_title\"  title=\"12 consejos para un Baby Shower perfecto\" href=\"https:\/\/www.evento.love\/blog\/12-consejos-baby-shower-perfecto-madrid\/\">\r\n                12 consejos para un Baby Shower perfecto    <\/a>\r\n\r\n                <\/div>\r\n                            <div class=\"item\">\r\n                        <div class=\"thumb post_thumb\">\r\n        <a  title=\"Cu\u00e1ndo hacer el Baby Shower\" href=\"https:\/\/www.evento.love\/blog\/cuando-hacer-el-baby-shower-madrid\/\">\r\n\r\n            <img width=\"150\" height=\"150\" src=\"https:\/\/www.evento.love\/blog\/wp-content\/uploads\/2016\/09\/16_05_23_Cuando-hacer-el-Baby-Shower-150x150.jpg\" class=\"attachment-thumbnail size-thumbnail wp-post-image\" alt=\"Cu\u00e1ndo hacer el baby shower beb\u00e9 embarazo fiesta en Madrid\" decoding=\"async\" loading=\"lazy\" \/>\r\n\r\n        <\/a>\r\n    <\/div>\r\n\r\n    <a class=\"title post_title\"  title=\"Cu\u00e1ndo hacer el Baby Shower\" href=\"https:\/\/www.evento.love\/blog\/cuando-hacer-el-baby-shower-madrid\/\">\r\n                Cu\u00e1ndo hacer el Baby Shower    <\/a>\r\n\r\n                <\/div>\r\n                            <div class=\"item\">\r\n                        <div class=\"thumb post_thumb\">\r\n        <a  title=\"\u00bfQui\u00e9n debe organizar el Baby Shower?\" href=\"https:\/\/www.evento.love\/blog\/quien-organizar-baby-shower-madrid\/\">\r\n\r\n            <img width=\"150\" height=\"150\" src=\"https:\/\/www.evento.love\/blog\/wp-content\/uploads\/2016\/09\/16_05_29_Qui\u00e9n-organiza-el-Baby-Shower-150x150.jpg\" class=\"attachment-thumbnail size-thumbnail wp-post-image\" alt=\"Organizaci\u00f3n Baby Shower Madrid fiesta beb\u00e9 embarazada\" decoding=\"async\" loading=\"lazy\" \/>\r\n\r\n        <\/a>\r\n    <\/div>\r\n\r\n    <a class=\"title post_title\"  title=\"\u00bfQui\u00e9n debe organizar el Baby Shower?\" href=\"https:\/\/www.evento.love\/blog\/quien-organizar-baby-shower-madrid\/\">\r\n                \u00bfQui\u00e9n debe organizar el Baby Shower?    <\/a>\r\n\r\n                <\/div>\r\n            \r\n    <\/div>\r\n\r\n    <script>\r\n            <\/script>\r\n    <style>\r\n        .related-post {}\r\n\r\n        .related-post .post-list {\r\n            text-align: left;\r\n                    }\r\n\r\n        .related-post .post-list .item {\r\n            margin: 5px 10px;\r\n            padding: 0px;\r\n                    }\r\n\r\n        .related-post .headline {\r\n            font-size: 24px !important;\r\n            color: #000000 !important;\r\n                    }\r\n\r\n        .related-post .headline{\r\nfont-weight:400 !important;\r\ntext-transform: uppercase;\r\n}.related-post .post-list .item .post_thumb {\r\n            max-height: 180px;\r\n            margin: 10px 0px;\r\n            padding: 0px;\r\n            display: block;\r\n                    }\r\n\r\n        .related-post .post-list .item .post_title {\r\n            font-size: 12px;\r\n            color: #607d8b;\r\n            margin: 10px 0px;\r\n            padding: 0px;\r\n            display: block;\r\n            text-decoration: none;\r\n                    }\r\n\r\n        .related-post .post-list .item .post_excerpt {\r\n            font-size: 13px;\r\n            color: #3f3f3f;\r\n            margin: 10px 0px;\r\n            padding: 0px;\r\n            display: block;\r\n            text-decoration: none;\r\n                    }\r\n\r\n        @media only screen and (min-width: 1024px) {\r\n            .related-post .post-list .item {\r\n                width: 22%;\r\n            }\r\n        }\r\n\r\n        @media only screen and (min-width: 768px) and (max-width: 1023px) {\r\n            .related-post .post-list .item {\r\n                width: 90%;\r\n            }\r\n        }\r\n\r\n        @media only screen and (min-width: 0px) and (max-width: 767px) {\r\n            .related-post .post-list .item {\r\n                width: 30%;\r\n            }\r\n        }\r\n\r\n            <\/style>\r\n        <\/div>\r\n","protected":false},"author":1,"featured_media":2958,"comment_status":"closed","ping_status":"open","sticky":false,"template":"","format":"standard","meta":{"content-type":""},"categories":[756],"tags":[375,1015,1014,1002,888],"yoast_head":"<!-- This site is optimized with the Yoast SEO plugin v20.7 - https:\/\/yoast.com\/wordpress\/plugins\/seo\/ -->\n<title>Tratamientos de belleza para antes de la boda - El Blog de evento.love<\/title>\n<meta name=\"description\" content=\"Estos son los mejores tratamientos de belleza para los meses previos a la boda, para mantener sano tanto el cuerpo como la mente.\" \/>\n<meta name=\"robots\" content=\"index, follow, max-snippet:-1, max-image-preview:large, max-video-preview:-1\" \/>\n<meta property=\"og:locale\" content=\"es_ES\" \/>\n<meta property=\"og:type\" content=\"article\" \/>\n<meta property=\"og:title\" content=\"Tratamientos de belleza para antes de la boda - El Blog de evento.love\" \/>\n<meta property=\"og:description\" content=\"Estos son los mejores tratamientos de belleza para los meses previos a la boda, para mantener sano tanto el cuerpo como la mente.\" \/>\n<meta property=\"og:url\" content=\"https:\/\/www.evento.love\/blog\/tratamientos-de-belleza-para-antes-de-la-boda\/\" \/>\n<meta property=\"og:site_name\" content=\"El Blog de evento.love\" \/>\n<meta property=\"article:publisher\" content=\"https:\/\/www.facebook.com\/Evento.love\/\" \/>\n<meta property=\"article:published_time\" content=\"2018-11-12T10:00:09+00:00\" \/>\n<meta property=\"article:modified_time\" content=\"2019-07-18T22:17:54+00:00\" \/>\n<meta property=\"og:image\" content=\"https:\/\/www.evento.love\/blog\/wp-content\/uploads\/2018\/10\/tratamientos-belleza-boda.jpg\" \/>\n\t<meta property=\"og:image:width\" content=\"1920\" \/>\n\t<meta property=\"og:image:height\" content=\"1280\" \/>\n\t<meta property=\"og:image:type\" content=\"image\/jpeg\" \/>\n<meta name=\"author\" content=\"Evento Love\" \/>\n<meta name=\"twitter:card\" content=\"summary_large_image\" \/>\n<meta name=\"twitter:creator\" content=\"@Evento_love\" \/>\n<meta name=\"twitter:site\" content=\"@Evento_love\" \/>\n<meta name=\"twitter:label1\" content=\"Escrito por\" \/>\n\t<meta name=\"twitter:data1\" content=\"Evento Love\" \/>\n\t<meta name=\"twitter:label2\" content=\"Tiempo de lectura\" \/>\n\t<meta name=\"twitter:data2\" content=\"3 minutos\" \/>\n<!-- \/ Yoast SEO plugin. -->","yoast_head_json":{"title":"Tratamientos de belleza para antes de la boda - El Blog de evento.love","description":"Estos son los mejores tratamientos de belleza para los meses previos a la boda, para mantener sano tanto el cuerpo como la mente.","robots":{"index":"index","follow":"follow","max-snippet":"max-snippet:-1","max-image-preview":"max-image-preview:large","max-video-preview":"max-video-preview:-1"},"og_locale":"es_ES","og_type":"article","og_title":"Tratamientos de belleza para antes de la boda - El Blog de evento.love","og_description":"Estos son los mejores tratamientos de belleza para los meses previos a la boda, para mantener sano tanto el cuerpo como la mente.","og_url":"https:\/\/www.evento.love\/blog\/tratamientos-de-belleza-para-antes-de-la-boda\/","og_site_name":"El Blog de evento.love","article_publisher":"https:\/\/www.facebook.com\/Evento.love\/","article_published_time":"2018-11-12T10:00:09+00:00","article_modified_time":"2019-07-18T22:17:54+00:00","og_image":[{"width":1920,"height":1280,"url":"https:\/\/www.evento.love\/blog\/wp-content\/uploads\/2018\/10\/tratamientos-belleza-boda.jpg","type":"image\/jpeg"}],"author":"Evento Love","twitter_card":"summary_large_image","twitter_creator":"@Evento_love","twitter_site":"@Evento_love","twitter_misc":{"Escrito por":"Evento Love","Tiempo de lectura":"3 minutos"},"schema":{"@context":"https:\/\/schema.org","@graph":[{"@type":"Article","@id":"https:\/\/www.evento.love\/blog\/tratamientos-de-belleza-para-antes-de-la-boda\/#article","isPartOf":{"@id":"https:\/\/www.evento.love\/blog\/tratamientos-de-belleza-para-antes-de-la-boda\/"},"author":{"name":"Evento Love","@id":"https:\/\/www.evento.love\/blog\/#\/schema\/person\/a184c2ed424b7fb3006372ce8051542c"},"headline":"Tratamientos de belleza para antes de la boda","datePublished":"2018-11-12T10:00:09+00:00","dateModified":"2019-07-18T22:17:54+00:00","mainEntityOfPage":{"@id":"https:\/\/www.evento.love\/blog\/tratamientos-de-belleza-para-antes-de-la-boda\/"},"wordCount":603,"publisher":{"@id":"https:\/\/www.evento.love\/blog\/#organization"},"keywords":["boda","novia","tratamientos de belleza","wedding","wedding planner"],"articleSection":["Bodas"],"inLanguage":"es"},{"@type":"WebPage","@id":"https:\/\/www.evento.love\/blog\/tratamientos-de-belleza-para-antes-de-la-boda\/","url":"https:\/\/www.evento.love\/blog\/tratamientos-de-belleza-para-antes-de-la-boda\/","name":"Tratamientos de belleza para antes de la boda - El Blog de evento.love","isPartOf":{"@id":"https:\/\/www.evento.love\/blog\/#website"},"datePublished":"2018-11-12T10:00:09+00:00","dateModified":"2019-07-18T22:17:54+00:00","description":"Estos son los mejores tratamientos de belleza para los meses previos a la boda, para mantener sano tanto el cuerpo como la mente.","breadcrumb":{"@id":"https:\/\/www.evento.love\/blog\/tratamientos-de-belleza-para-antes-de-la-boda\/#breadcrumb"},"inLanguage":"es","potentialAction":[{"@type":"ReadAction","target":["https:\/\/www.evento.love\/blog\/tratamientos-de-belleza-para-antes-de-la-boda\/"]}]},{"@type":"BreadcrumbList","@id":"https:\/\/www.evento.love\/blog\/tratamientos-de-belleza-para-antes-de-la-boda\/#breadcrumb","itemListElement":[{"@type":"ListItem","position":1,"name":"Evento.love","item":"https:\/\/www.evento.love\/blog\/"},{"@type":"ListItem","position":2,"name":"Bodas","item":"https:\/\/www.evento.love\/blog\/category\/bodas\/"},{"@type":"ListItem","position":3,"name":"Tratamientos de belleza para antes de la boda"}]},{"@type":"WebSite","@id":"https:\/\/www.evento.love\/blog\/#website","url":"https:\/\/www.evento.love\/blog\/","name":"El Blog de evento.love","description":"T\u00fa lo mereces. Disfruta de tu momento","publisher":{"@id":"https:\/\/www.evento.love\/blog\/#organization"},"potentialAction":[{"@type":"SearchAction","target":{"@type":"EntryPoint","urlTemplate":"https:\/\/www.evento.love\/blog\/?s={search_term_string}"},"query-input":"required name=search_term_string"}],"inLanguage":"es"},{"@type":"Organization","@id":"https:\/\/www.evento.love\/blog\/#organization","name":"evento.love","url":"https:\/\/www.evento.love\/blog\/","logo":{"@type":"ImageObject","inLanguage":"es","@id":"https:\/\/www.evento.love\/blog\/#\/schema\/logo\/image\/","url":"https:\/\/www.evento.love\/blog\/wp-content\/uploads\/2016\/07\/logo-evento-love.png","contentUrl":"https:\/\/www.evento.love\/blog\/wp-content\/uploads\/2016\/07\/logo-evento-love.png","width":197,"height":59,"caption":"evento.love"},"image":{"@id":"https:\/\/www.evento.love\/blog\/#\/schema\/logo\/image\/"},"sameAs":["https:\/\/www.facebook.com\/Evento.love\/","https:\/\/twitter.com\/Evento_love","https:\/\/www.instagram.com\/evento.love\/","https:\/\/es.pinterest.com\/evento_love\/","https:\/\/www.youtube.com\/channel\/UCcVbo6ymzx-7FlDJja8aQnw"]},{"@type":"Person","@id":"https:\/\/www.evento.love\/blog\/#\/schema\/person\/a184c2ed424b7fb3006372ce8051542c","name":"Evento Love"}]}},"_links":{"self":[{"href":"https:\/\/www.evento.love\/blog\/wp-json\/wp\/v2\/posts\/2953"}],"collection":[{"href":"https:\/\/www.evento.love\/blog\/wp-json\/wp\/v2\/posts"}],"about":[{"href":"https:\/\/www.evento.love\/blog\/wp-json\/wp\/v2\/types\/post"}],"author":[{"embeddable":true,"href":"https:\/\/www.evento.love\/blog\/wp-json\/wp\/v2\/users\/1"}],"replies":[{"embeddable":true,"href":"https:\/\/www.evento.love\/blog\/wp-json\/wp\/v2\/comments?post=2953"}],"version-history":[{"count":14,"href":"https:\/\/www.evento.love\/blog\/wp-json\/wp\/v2\/posts\/2953\/revisions"}],"predecessor-version":[{"id":4955,"href":"https:\/\/www.evento.love\/blog\/wp-json\/wp\/v2\/posts\/2953\/revisions\/4955"}],"wp:featuredmedia":[{"embeddable":true,"href":"https:\/\/www.evento.love\/blog\/wp-json\/wp\/v2\/media\/2958"}],"wp:attachment":[{"href":"https:\/\/www.evento.love\/blog\/wp-json\/wp\/v2\/media?parent=2953"}],"wp:term":[{"taxonomy":"category","embeddable":true,"href":"https:\/\/www.evento.love\/blog\/wp-json\/wp\/v2\/categories?post=2953"},{"taxonomy":"post_tag","embeddable":true,"href":"https:\/\/www.evento.love\/blog\/wp-json\/wp\/v2\/tags?post=2953"}],"curies":[{"name":"wp","href":"https:\/\/api.w.org\/{rel}","templated":true}]}}