{"id":3030,"date":"2018-11-05T12:00:49","date_gmt":"2018-11-05T10:00:49","guid":{"rendered":"https:\/\/www.evento.love\/blog\/?p=3030"},"modified":"2019-07-19T00:17:54","modified_gmt":"2019-07-18T22:17:54","slug":"la-decoracion-personalizada-la-clave-para-una-boda-unica","status":"publish","type":"post","link":"https:\/\/www.evento.love\/blog\/la-decoracion-personalizada-la-clave-para-una-boda-unica\/","title":{"rendered":"La decoraci\u00f3n personalizada, clave para una boda \u00fanica"},"content":{"rendered":"<p>\u00bfQu\u00e9 estilo te gusta m\u00e1s, industrial, vintage o r\u00fastico?, \u00bfhas decidido ya c\u00f3mo quieres que se llamen las mesas del banquete?, \u00bftienes claro la gama crom\u00e1tica de tu boda?, \u00bfal aire libre o en interior?&#8230;<!--more--><\/p>\n<p>Estas son solo algunas de las miles de preguntas que te ver\u00e1s &#8220;obligada&#8221; a responder una vez comiences con la<a href=\"https:\/\/www.evento.love\/bodas\/\" target=\"_blank\" rel=\"noopener noreferrer\"> organizaci\u00f3n de tu boda<\/a>. Y aunque m\u00e1s o menos tengas una idea clara de lo que quieres, es probable que te sientas algo abrumada a la hora de decidirte.<\/p>\n<p>En una \u00e9poca en la que vivimos constantemente impactados por las redes sociales, los blogs y medios de comunicaci\u00f3n, resulta dif\u00edcil centrarse y descubrir el que de verdad es tu estilo. Algunos pensar\u00e1n que es m\u00e1s f\u00e1cil por la cantidad de posibilidades que hay, pero es precisamente por esto por lo que puedes sentirte confusa.<\/p>\n<p>Seguro que pasas horas viendo webs de organizadores de eventos y sorprendi\u00e9ndote de lo mucho que te gustan las composiciones. Gustarte es el primer requisito que debe cumplir pero, \u00bfte ves a ti rodeada de esa decoraci\u00f3n en el d\u00eda m\u00e1s feliz de tu vida? Y la pregunta m\u00e1s importante de todas, \u00bfrefleja tu personalidad y la de tu pareja?<\/p>\n<p>Y sobre este concepto creamos <a href=\"https:\/\/www.evento.love\/bodas\/\" target=\"_blank\" rel=\"noopener noreferrer\">Evento.love<\/a>, siendo conscientes de que a pesar de los diferentes estilos de decoraci\u00f3n establecidos que podemos ofrecerles a nuestros novios, debemos crear siempre uno \u00fanico para ellos, que lleve su nombre. Ah\u00ed es cuando nos hicimos especialistas en <a href=\"https:\/\/www.evento.love\/blog\/category\/decoracion\/\" target=\"_blank\" rel=\"noopener noreferrer\">decoraci\u00f3n personalizada<\/a>, nuestro valor a\u00f1adido.<\/p>\n<h3>C\u00f3mo crear una decoraci\u00f3n de boda personalizada<\/h3>\n<p>Lo primero de todo y m\u00e1s importante para conseguir una boda \u00fanica, es que form\u00e9is un equipo con vuestra <a href=\"https:\/\/www.evento.love\/bodas\/\" target=\"_blank\" rel=\"noopener noreferrer\">wedding planner<\/a>. En Evento.love lo llevamos a rajatabla, nos encanta reunirnos con nuestros novios para conocerles m\u00e1s a fondo, que es la \u00fanica manera de poder hacerles una propuesta acorde a sus personalidades y gustos. No se trata solo de sus colores favoritos; se trata del tipo de boda que quieren, el lugar, sus sue\u00f1os y sus miedos. Todo suma para ayudarnos a crear el ambiente perfecto.<\/p>\n<p>A partir de ah\u00ed, nos enfocamos en dise\u00f1ar una propuesta, siempre acorde a lo que nos han pedido. Cada pareja tiene un sue\u00f1o y nosotros garantizamos que se cumpla. \u00bfC\u00f3mo? Dise\u00f1ando cada detalle a medida, desde los centros de mesa hasta el \u00faltimo <a href=\"https:\/\/www.evento.love\/tienda\/dulces\" target=\"_blank\" rel=\"noopener noreferrer\">cupcake de la mesa dulce<\/a>, \u00a1todo tal y como lo imaginaron! Porque los peque\u00f1os detalles marcan la diferencia.<\/p>\n<p>Para que os hag\u00e1is una idea, os damos a continuaci\u00f3n dos ejemplos de nuestras bodas m\u00e1s queridas:<\/p>\n<h3><a href=\"https:\/\/www.evento.love\/blog\/boda-con-rosas-azules-exclelly-franco\/\" target=\"_blank\" rel=\"noopener noreferrer\">Una boda de rosas azules<\/a><\/h3>\n<p>Exklelly y Franco ten\u00edan clar\u00edsimo que quer\u00edan rosas azules en su boda. \u00a1No se hable m\u00e1s!, respondimos nosotros. Y fue exactamente lo que tuvieron. Colocamos rosas azules en los centros de mesa, en la decoraci\u00f3n a\u00e9rea del espacio y, por supuesto, en una mesa dulce de ensue\u00f1o que les preparamos en tonos azules y blancos, con una <a href=\"https:\/\/www.evento.love\/tienda\/dulces\/tartas-personalizadas\/tartas-personalizadas\" target=\"_blank\" rel=\"noopener noreferrer\">tarta espectacular<\/a>. Hasta los <a href=\"https:\/\/www.evento.love\/tienda\/dulces\" target=\"_blank\" rel=\"noopener noreferrer\">cupcakes eran personalizados<\/a>, fijaos el nivel de detalle:<\/p>\n<p><img decoding=\"async\" loading=\"lazy\" class=\"wp-image-3047 size-full\" src=\"https:\/\/www.evento.love\/blog\/wp-content\/uploads\/2018\/10\/decoracion-bodas-personalizada-1.jpg\" alt=\"decoraci\u00f3n de boda personalizada\" width=\"850\" height=\"563\" srcset=\"https:\/\/www.evento.love\/blog\/wp-content\/uploads\/2018\/10\/decoracion-bodas-personalizada-1.jpg 850w, https:\/\/www.evento.love\/blog\/wp-content\/uploads\/2018\/10\/decoracion-bodas-personalizada-1-300x199.jpg 300w, https:\/\/www.evento.love\/blog\/wp-content\/uploads\/2018\/10\/decoracion-bodas-personalizada-1-768x509.jpg 768w, https:\/\/www.evento.love\/blog\/wp-content\/uploads\/2018\/10\/decoracion-bodas-personalizada-1-408x270.jpg 408w\" sizes=\"(max-width: 850px) 100vw, 850px\" \/><\/p>\n<h3><a href=\"https:\/\/www.evento.love\/blog\/una-boda-con-tematica-de-viajes\/\" target=\"_blank\" rel=\"noopener noreferrer\">Una boda con tem\u00e1tica de viajes<\/a><\/h3>\n<p>Cuando Mary nos contact\u00f3 para decorar el seating y los centros de mesa de su boda viajera, nos enamor\u00f3 la idea. Para trabajar en una decoraci\u00f3n personalizada es fundamental tener una muy buena comunicaci\u00f3n con los novios, ya que entran en juego elementos personales. Mary nos pas\u00f3 las fotograf\u00edas que quer\u00eda que adjunt\u00e1ramos en la composici\u00f3n de los centros de mesa, en las que se les ve a los novios en la ciudad que da nombre a cada mesa. \u00a1Os dejamos con el resultado!<\/p>\n<p><img decoding=\"async\" loading=\"lazy\" class=\"aligncenter wp-image-3036 size-full\" src=\"https:\/\/www.evento.love\/blog\/wp-content\/uploads\/2018\/10\/decoracion-bodas-personalizada.jpg\" alt=\"decoraci\u00f3n de boda personalizada\" width=\"850\" height=\"638\" srcset=\"https:\/\/www.evento.love\/blog\/wp-content\/uploads\/2018\/10\/decoracion-bodas-personalizada.jpg 850w, https:\/\/www.evento.love\/blog\/wp-content\/uploads\/2018\/10\/decoracion-bodas-personalizada-300x225.jpg 300w, https:\/\/www.evento.love\/blog\/wp-content\/uploads\/2018\/10\/decoracion-bodas-personalizada-768x576.jpg 768w, https:\/\/www.evento.love\/blog\/wp-content\/uploads\/2018\/10\/decoracion-bodas-personalizada-360x270.jpg 360w\" sizes=\"(max-width: 850px) 100vw, 850px\" \/><\/p>\n<p>Y as\u00ed es como convertimos una boda en un evento muy personal, a la medida de los novios. No hacemos dos bodas iguales. \u00a1Una de las partes que m\u00e1s nos encanta de nuestro trabajo!<\/p>\n<p>\u00bfQuieres que te ayudemos a dise\u00f1ar tu\u00a0<a href=\"https:\/\/www.evento.love\/bodas\/\" target=\"_blank\" rel=\"noopener noreferrer\">decoraci\u00f3n de boda personalizada<\/a>? Escr\u00edbenos a <a href=\"mailto:hola@evento.love\" target=\"_blank\" rel=\"noopener noreferrer\">hola@evento.love.<\/a><\/p>\n<p>&#8211;<\/p>\n<p>Do you want us to help you design the <a href=\"https:\/\/www.evento.love\/bodas\/\" target=\"_blank\" rel=\"noopener noreferrer\">customized decoration of your wedding<\/a>? Write to us at <a href=\"mailto:hola@evento.love\" target=\"_blank\" rel=\"noopener noreferrer\">hola@evento.love<\/a>.<\/p>\n    <div class=\"related-post grid\">\r\n                <div class=\"headline\">M\u00e1s art\u00edculos a tener en cuenta<\/div>\r\n        <div class=\"post-list \">\r\n\r\n                        <div class=\"item\">\r\n                        <div class=\"thumb post_thumb\">\r\n        <a  title=\"Baby Shower, mucho m\u00e1s que un evento social\" href=\"https:\/\/www.evento.love\/blog\/baby-shower-evento-social-madrid\/\">\r\n\r\n            <img width=\"150\" height=\"150\" src=\"https:\/\/www.evento.love\/blog\/wp-content\/uploads\/2016\/07\/babyshower-150x150.jpg\" class=\"attachment-thumbnail size-thumbnail wp-post-image\" alt=\"baby shower-fiesta-beb\u00e9-embarazo-embarazada\" decoding=\"async\" loading=\"lazy\" \/>\r\n\r\n        <\/a>\r\n    <\/div>\r\n\r\n    <a class=\"title post_title\"  title=\"Baby Shower, mucho m\u00e1s que un evento social\" href=\"https:\/\/www.evento.love\/blog\/baby-shower-evento-social-madrid\/\">\r\n                Baby Shower, mucho m\u00e1s que un evento social    <\/a>\r\n\r\n                <\/div>\r\n                            <div class=\"item\">\r\n                        <div class=\"thumb post_thumb\">\r\n        <a  title=\"12 consejos para un Baby Shower perfecto\" href=\"https:\/\/www.evento.love\/blog\/12-consejos-baby-shower-perfecto-madrid\/\">\r\n\r\n            <img width=\"150\" height=\"150\" src=\"https:\/\/www.evento.love\/blog\/wp-content\/uploads\/2016\/09\/16_05_20_12_consejos-para-que-tu-Baby-Shower-sea-perfecto-150x150.jpg\" class=\"attachment-thumbnail size-thumbnail wp-post-image\" alt=\"Baby Shower-perfecto-beb\u00e9-embarazado-embarazada-fiesta-babyshower\" decoding=\"async\" loading=\"lazy\" \/>\r\n\r\n        <\/a>\r\n    <\/div>\r\n\r\n    <a class=\"title post_title\"  title=\"12 consejos para un Baby Shower perfecto\" href=\"https:\/\/www.evento.love\/blog\/12-consejos-baby-shower-perfecto-madrid\/\">\r\n                12 consejos para un Baby Shower perfecto    <\/a>\r\n\r\n                <\/div>\r\n                            <div class=\"item\">\r\n                        <div class=\"thumb post_thumb\">\r\n        <a  title=\"Cu\u00e1ndo hacer el Baby Shower\" href=\"https:\/\/www.evento.love\/blog\/cuando-hacer-el-baby-shower-madrid\/\">\r\n\r\n            <img width=\"150\" height=\"150\" src=\"https:\/\/www.evento.love\/blog\/wp-content\/uploads\/2016\/09\/16_05_23_Cuando-hacer-el-Baby-Shower-150x150.jpg\" class=\"attachment-thumbnail size-thumbnail wp-post-image\" alt=\"Cu\u00e1ndo hacer el baby shower beb\u00e9 embarazo fiesta en Madrid\" decoding=\"async\" loading=\"lazy\" \/>\r\n\r\n        <\/a>\r\n    <\/div>\r\n\r\n    <a class=\"title post_title\"  title=\"Cu\u00e1ndo hacer el Baby Shower\" href=\"https:\/\/www.evento.love\/blog\/cuando-hacer-el-baby-shower-madrid\/\">\r\n                Cu\u00e1ndo hacer el Baby Shower    <\/a>\r\n\r\n                <\/div>\r\n                            <div class=\"item\">\r\n                        <div class=\"thumb post_thumb\">\r\n        <a  title=\"\u00bfQui\u00e9n debe organizar el Baby Shower?\" href=\"https:\/\/www.evento.love\/blog\/quien-organizar-baby-shower-madrid\/\">\r\n\r\n            <img width=\"150\" height=\"150\" src=\"https:\/\/www.evento.love\/blog\/wp-content\/uploads\/2016\/09\/16_05_29_Qui\u00e9n-organiza-el-Baby-Shower-150x150.jpg\" class=\"attachment-thumbnail size-thumbnail wp-post-image\" alt=\"Organizaci\u00f3n Baby Shower Madrid fiesta beb\u00e9 embarazada\" decoding=\"async\" loading=\"lazy\" \/>\r\n\r\n        <\/a>\r\n    <\/div>\r\n\r\n    <a class=\"title post_title\"  title=\"\u00bfQui\u00e9n debe organizar el Baby Shower?\" href=\"https:\/\/www.evento.love\/blog\/quien-organizar-baby-shower-madrid\/\">\r\n                \u00bfQui\u00e9n debe organizar el Baby Shower?    <\/a>\r\n\r\n                <\/div>\r\n            \r\n    <\/div>\r\n\r\n    <script>\r\n            <\/script>\r\n    <style>\r\n        .related-post {}\r\n\r\n        .related-post .post-list {\r\n            text-align: left;\r\n                    }\r\n\r\n        .related-post .post-list .item {\r\n            margin: 5px 10px;\r\n            padding: 0px;\r\n                    }\r\n\r\n        .related-post .headline {\r\n            font-size: 24px !important;\r\n            color: #000000 !important;\r\n                    }\r\n\r\n        .related-post .headline{\r\nfont-weight:400 !important;\r\ntext-transform: uppercase;\r\n}.related-post .post-list .item .post_thumb {\r\n            max-height: 180px;\r\n            margin: 10px 0px;\r\n            padding: 0px;\r\n            display: block;\r\n                    }\r\n\r\n        .related-post .post-list .item .post_title {\r\n            font-size: 12px;\r\n            color: #607d8b;\r\n            margin: 10px 0px;\r\n            padding: 0px;\r\n            display: block;\r\n            text-decoration: none;\r\n                    }\r\n\r\n        .related-post .post-list .item .post_excerpt {\r\n            font-size: 13px;\r\n            color: #3f3f3f;\r\n            margin: 10px 0px;\r\n            padding: 0px;\r\n            display: block;\r\n            text-decoration: none;\r\n                    }\r\n\r\n        @media only screen and (min-width: 1024px) {\r\n            .related-post .post-list .item {\r\n                width: 22%;\r\n            }\r\n        }\r\n\r\n        @media only screen and (min-width: 768px) and (max-width: 1023px) {\r\n            .related-post .post-list .item {\r\n                width: 90%;\r\n            }\r\n        }\r\n\r\n        @media only screen and (min-width: 0px) and (max-width: 767px) {\r\n            .related-post .post-list .item {\r\n                width: 30%;\r\n            }\r\n        }\r\n\r\n            <\/style>\r\n        <\/div>\r\n<!-- AddThis Advanced Settings generic via filter on the_content --><!-- AddThis Share Buttons generic via filter on the_content -->","protected":false},"excerpt":{"rendered":"<p>\u00bfQu\u00e9 estilo te gusta m\u00e1s, industrial, vintage o r\u00fastico?, \u00bfhas decidido ya c\u00f3mo quieres que se llamen las mesas del banquete?, \u00bftienes claro la gama crom\u00e1tica de tu boda?, \u00bfal aire libre o en interior?&#8230; M\u00e1s art\u00edculos a tener en cuenta Baby Shower, mucho m\u00e1s que un evento social 12 consejos para un Baby Shower perfecto Cu\u00e1ndo hacer el Baby Shower \u00bfQui\u00e9n debe organizar el Baby Shower?<!-- AddThis Advanced Settings generic via filter on get_the_excerpt --><!-- AddThis Share Buttons generic via filter on get_the_excerpt --><\/p>\n    <div class=\"related-post grid\">\r\n                <div class=\"headline\">M\u00e1s art\u00edculos a tener en cuenta<\/div>\r\n        <div class=\"post-list \">\r\n\r\n                        <div class=\"item\">\r\n                        <div class=\"thumb post_thumb\">\r\n        <a  title=\"Baby Shower, mucho m\u00e1s que un evento social\" href=\"https:\/\/www.evento.love\/blog\/baby-shower-evento-social-madrid\/\">\r\n\r\n            <img width=\"150\" height=\"150\" src=\"https:\/\/www.evento.love\/blog\/wp-content\/uploads\/2016\/07\/babyshower-150x150.jpg\" class=\"attachment-thumbnail size-thumbnail wp-post-image\" alt=\"baby shower-fiesta-beb\u00e9-embarazo-embarazada\" decoding=\"async\" loading=\"lazy\" \/>\r\n\r\n        <\/a>\r\n    <\/div>\r\n\r\n    <a class=\"title post_title\"  title=\"Baby Shower, mucho m\u00e1s que un evento social\" href=\"https:\/\/www.evento.love\/blog\/baby-shower-evento-social-madrid\/\">\r\n                Baby Shower, mucho m\u00e1s que un evento social    <\/a>\r\n\r\n                <\/div>\r\n                            <div class=\"item\">\r\n                        <div class=\"thumb post_thumb\">\r\n        <a  title=\"12 consejos para un Baby Shower perfecto\" href=\"https:\/\/www.evento.love\/blog\/12-consejos-baby-shower-perfecto-madrid\/\">\r\n\r\n            <img width=\"150\" height=\"150\" src=\"https:\/\/www.evento.love\/blog\/wp-content\/uploads\/2016\/09\/16_05_20_12_consejos-para-que-tu-Baby-Shower-sea-perfecto-150x150.jpg\" class=\"attachment-thumbnail size-thumbnail wp-post-image\" alt=\"Baby Shower-perfecto-beb\u00e9-embarazado-embarazada-fiesta-babyshower\" decoding=\"async\" loading=\"lazy\" \/>\r\n\r\n        <\/a>\r\n    <\/div>\r\n\r\n    <a class=\"title post_title\"  title=\"12 consejos para un Baby Shower perfecto\" href=\"https:\/\/www.evento.love\/blog\/12-consejos-baby-shower-perfecto-madrid\/\">\r\n                12 consejos para un Baby Shower perfecto    <\/a>\r\n\r\n                <\/div>\r\n                            <div class=\"item\">\r\n                        <div class=\"thumb post_thumb\">\r\n        <a  title=\"Cu\u00e1ndo hacer el Baby Shower\" href=\"https:\/\/www.evento.love\/blog\/cuando-hacer-el-baby-shower-madrid\/\">\r\n\r\n            <img width=\"150\" height=\"150\" src=\"https:\/\/www.evento.love\/blog\/wp-content\/uploads\/2016\/09\/16_05_23_Cuando-hacer-el-Baby-Shower-150x150.jpg\" class=\"attachment-thumbnail size-thumbnail wp-post-image\" alt=\"Cu\u00e1ndo hacer el baby shower beb\u00e9 embarazo fiesta en Madrid\" decoding=\"async\" loading=\"lazy\" \/>\r\n\r\n        <\/a>\r\n    <\/div>\r\n\r\n    <a class=\"title post_title\"  title=\"Cu\u00e1ndo hacer el Baby Shower\" href=\"https:\/\/www.evento.love\/blog\/cuando-hacer-el-baby-shower-madrid\/\">\r\n                Cu\u00e1ndo hacer el Baby Shower    <\/a>\r\n\r\n                <\/div>\r\n                            <div class=\"item\">\r\n                        <div class=\"thumb post_thumb\">\r\n        <a  title=\"Baby Shower: Elaborando la lista de invitados\" href=\"https:\/\/www.evento.love\/blog\/baby-shower-lista-invitados-madrid\/\">\r\n\r\n            <img width=\"150\" height=\"150\" src=\"https:\/\/www.evento.love\/blog\/wp-content\/uploads\/2016\/09\/16_05_30_Baby-Shower-elaborando-la-lista-de-invitados-150x150.jpg\" class=\"attachment-thumbnail size-thumbnail wp-post-image\" alt=\"\" decoding=\"async\" loading=\"lazy\" \/>\r\n\r\n        <\/a>\r\n    <\/div>\r\n\r\n    <a class=\"title post_title\"  title=\"Baby Shower: Elaborando la lista de invitados\" href=\"https:\/\/www.evento.love\/blog\/baby-shower-lista-invitados-madrid\/\">\r\n                Baby Shower: Elaborando la lista de invitados    <\/a>\r\n\r\n                <\/div>\r\n            \r\n    <\/div>\r\n\r\n    <script>\r\n            <\/script>\r\n    <style>\r\n        .related-post {}\r\n\r\n        .related-post .post-list {\r\n            text-align: left;\r\n                    }\r\n\r\n        .related-post .post-list .item {\r\n            margin: 5px 10px;\r\n            padding: 0px;\r\n                    }\r\n\r\n        .related-post .headline {\r\n            font-size: 24px !important;\r\n            color: #000000 !important;\r\n                    }\r\n\r\n        .related-post .headline{\r\nfont-weight:400 !important;\r\ntext-transform: uppercase;\r\n}.related-post .post-list .item .post_thumb {\r\n            max-height: 180px;\r\n            margin: 10px 0px;\r\n            padding: 0px;\r\n            display: block;\r\n                    }\r\n\r\n        .related-post .post-list .item .post_title {\r\n            font-size: 12px;\r\n            color: #607d8b;\r\n            margin: 10px 0px;\r\n            padding: 0px;\r\n            display: block;\r\n            text-decoration: none;\r\n                    }\r\n\r\n        .related-post .post-list .item .post_excerpt {\r\n            font-size: 13px;\r\n            color: #3f3f3f;\r\n            margin: 10px 0px;\r\n            padding: 0px;\r\n            display: block;\r\n            text-decoration: none;\r\n                    }\r\n\r\n        @media only screen and (min-width: 1024px) {\r\n            .related-post .post-list .item {\r\n                width: 22%;\r\n            }\r\n        }\r\n\r\n        @media only screen and (min-width: 768px) and (max-width: 1023px) {\r\n            .related-post .post-list .item {\r\n                width: 90%;\r\n            }\r\n        }\r\n\r\n        @media only screen and (min-width: 0px) and (max-width: 767px) {\r\n            .related-post .post-list .item {\r\n                width: 30%;\r\n            }\r\n        }\r\n\r\n            <\/style>\r\n        <\/div>\r\n","protected":false},"author":1,"featured_media":3048,"comment_status":"closed","ping_status":"open","sticky":false,"template":"","format":"standard","meta":{"content-type":""},"categories":[756,811],"tags":[1029,1031,1032,934,1030,888],"yoast_head":"<!-- This site is optimized with the Yoast SEO plugin v20.7 - https:\/\/yoast.com\/wordpress\/plugins\/seo\/ -->\n<title>La decoraci\u00f3n personalizada, clave para una boda \u00fanica - El Blog de evento.love<\/title>\n<meta name=\"description\" content=\"Somos especialistas en crear una decoraci\u00f3n personalizada para cada tipo de boda, tal y como nuestros novios la han so\u00f1ado toda su vida, detalle a detalle.\" \/>\n<meta name=\"robots\" content=\"index, follow, max-snippet:-1, max-image-preview:large, max-video-preview:-1\" \/>\n<meta property=\"og:locale\" content=\"es_ES\" \/>\n<meta property=\"og:type\" content=\"article\" \/>\n<meta property=\"og:title\" content=\"La decoraci\u00f3n personalizada, clave para una boda \u00fanica - El Blog de evento.love\" \/>\n<meta property=\"og:description\" content=\"Somos especialistas en crear una decoraci\u00f3n personalizada para cada tipo de boda, tal y como nuestros novios la han so\u00f1ado toda su vida, detalle a detalle.\" \/>\n<meta property=\"og:url\" content=\"https:\/\/www.evento.love\/blog\/la-decoracion-personalizada-la-clave-para-una-boda-unica\/\" \/>\n<meta property=\"og:site_name\" content=\"El Blog de evento.love\" \/>\n<meta property=\"article:publisher\" content=\"https:\/\/www.facebook.com\/Evento.love\/\" \/>\n<meta property=\"article:published_time\" content=\"2018-11-05T10:00:49+00:00\" \/>\n<meta property=\"article:modified_time\" content=\"2019-07-18T22:17:54+00:00\" \/>\n<meta property=\"og:image\" content=\"https:\/\/www.evento.love\/blog\/wp-content\/uploads\/2018\/10\/decoracion-bodas-personalizada-2.jpg\" \/>\n\t<meta property=\"og:image:width\" content=\"850\" \/>\n\t<meta property=\"og:image:height\" content=\"567\" \/>\n\t<meta property=\"og:image:type\" content=\"image\/jpeg\" \/>\n<meta name=\"author\" content=\"Evento Love\" \/>\n<meta name=\"twitter:card\" content=\"summary_large_image\" \/>\n<meta name=\"twitter:creator\" content=\"@Evento_love\" \/>\n<meta name=\"twitter:site\" content=\"@Evento_love\" \/>\n<meta name=\"twitter:label1\" content=\"Escrito por\" \/>\n\t<meta name=\"twitter:data1\" content=\"Evento Love\" \/>\n\t<meta name=\"twitter:label2\" content=\"Tiempo de lectura\" \/>\n\t<meta name=\"twitter:data2\" content=\"4 minutos\" \/>\n<!-- \/ Yoast SEO plugin. -->","yoast_head_json":{"title":"La decoraci\u00f3n personalizada, clave para una boda \u00fanica - El Blog de evento.love","description":"Somos especialistas en crear una decoraci\u00f3n personalizada para cada tipo de boda, tal y como nuestros novios la han so\u00f1ado toda su vida, detalle a detalle.","robots":{"index":"index","follow":"follow","max-snippet":"max-snippet:-1","max-image-preview":"max-image-preview:large","max-video-preview":"max-video-preview:-1"},"og_locale":"es_ES","og_type":"article","og_title":"La decoraci\u00f3n personalizada, clave para una boda \u00fanica - El Blog de evento.love","og_description":"Somos especialistas en crear una decoraci\u00f3n personalizada para cada tipo de boda, tal y como nuestros novios la han so\u00f1ado toda su vida, detalle a detalle.","og_url":"https:\/\/www.evento.love\/blog\/la-decoracion-personalizada-la-clave-para-una-boda-unica\/","og_site_name":"El Blog de evento.love","article_publisher":"https:\/\/www.facebook.com\/Evento.love\/","article_published_time":"2018-11-05T10:00:49+00:00","article_modified_time":"2019-07-18T22:17:54+00:00","og_image":[{"width":850,"height":567,"url":"https:\/\/www.evento.love\/blog\/wp-content\/uploads\/2018\/10\/decoracion-bodas-personalizada-2.jpg","type":"image\/jpeg"}],"author":"Evento Love","twitter_card":"summary_large_image","twitter_creator":"@Evento_love","twitter_site":"@Evento_love","twitter_misc":{"Escrito por":"Evento Love","Tiempo de lectura":"4 minutos"},"schema":{"@context":"https:\/\/schema.org","@graph":[{"@type":"Article","@id":"https:\/\/www.evento.love\/blog\/la-decoracion-personalizada-la-clave-para-una-boda-unica\/#article","isPartOf":{"@id":"https:\/\/www.evento.love\/blog\/la-decoracion-personalizada-la-clave-para-una-boda-unica\/"},"author":{"name":"Evento Love","@id":"https:\/\/www.evento.love\/blog\/#\/schema\/person\/a184c2ed424b7fb3006372ce8051542c"},"headline":"La decoraci\u00f3n personalizada, clave para una boda \u00fanica","datePublished":"2018-11-05T10:00:49+00:00","dateModified":"2019-07-18T22:17:54+00:00","mainEntityOfPage":{"@id":"https:\/\/www.evento.love\/blog\/la-decoracion-personalizada-la-clave-para-una-boda-unica\/"},"wordCount":717,"publisher":{"@id":"https:\/\/www.evento.love\/blog\/#organization"},"keywords":["boda personalizada","bodas tem\u00e1ticas","decoraci\u00f3n de boda personalizada","decoraci\u00f3n de bodas","decoraci\u00f3n personalizada","wedding planner"],"articleSection":["Bodas","Decoraci\u00f3n"],"inLanguage":"es"},{"@type":"WebPage","@id":"https:\/\/www.evento.love\/blog\/la-decoracion-personalizada-la-clave-para-una-boda-unica\/","url":"https:\/\/www.evento.love\/blog\/la-decoracion-personalizada-la-clave-para-una-boda-unica\/","name":"La decoraci\u00f3n personalizada, clave para una boda \u00fanica - El Blog de evento.love","isPartOf":{"@id":"https:\/\/www.evento.love\/blog\/#website"},"datePublished":"2018-11-05T10:00:49+00:00","dateModified":"2019-07-18T22:17:54+00:00","description":"Somos especialistas en crear una decoraci\u00f3n personalizada para cada tipo de boda, tal y como nuestros novios la han so\u00f1ado toda su vida, detalle a detalle.","breadcrumb":{"@id":"https:\/\/www.evento.love\/blog\/la-decoracion-personalizada-la-clave-para-una-boda-unica\/#breadcrumb"},"inLanguage":"es","potentialAction":[{"@type":"ReadAction","target":["https:\/\/www.evento.love\/blog\/la-decoracion-personalizada-la-clave-para-una-boda-unica\/"]}]},{"@type":"BreadcrumbList","@id":"https:\/\/www.evento.love\/blog\/la-decoracion-personalizada-la-clave-para-una-boda-unica\/#breadcrumb","itemListElement":[{"@type":"ListItem","position":1,"name":"Evento.love","item":"https:\/\/www.evento.love\/blog\/"},{"@type":"ListItem","position":2,"name":"Bodas","item":"https:\/\/www.evento.love\/blog\/category\/bodas\/"},{"@type":"ListItem","position":3,"name":"La decoraci\u00f3n personalizada, clave para una boda \u00fanica"}]},{"@type":"WebSite","@id":"https:\/\/www.evento.love\/blog\/#website","url":"https:\/\/www.evento.love\/blog\/","name":"El Blog de evento.love","description":"T\u00fa lo mereces. Disfruta de tu momento","publisher":{"@id":"https:\/\/www.evento.love\/blog\/#organization"},"potentialAction":[{"@type":"SearchAction","target":{"@type":"EntryPoint","urlTemplate":"https:\/\/www.evento.love\/blog\/?s={search_term_string}"},"query-input":"required name=search_term_string"}],"inLanguage":"es"},{"@type":"Organization","@id":"https:\/\/www.evento.love\/blog\/#organization","name":"evento.love","url":"https:\/\/www.evento.love\/blog\/","logo":{"@type":"ImageObject","inLanguage":"es","@id":"https:\/\/www.evento.love\/blog\/#\/schema\/logo\/image\/","url":"https:\/\/www.evento.love\/blog\/wp-content\/uploads\/2016\/07\/logo-evento-love.png","contentUrl":"https:\/\/www.evento.love\/blog\/wp-content\/uploads\/2016\/07\/logo-evento-love.png","width":197,"height":59,"caption":"evento.love"},"image":{"@id":"https:\/\/www.evento.love\/blog\/#\/schema\/logo\/image\/"},"sameAs":["https:\/\/www.facebook.com\/Evento.love\/","https:\/\/twitter.com\/Evento_love","https:\/\/www.instagram.com\/evento.love\/","https:\/\/es.pinterest.com\/evento_love\/","https:\/\/www.youtube.com\/channel\/UCcVbo6ymzx-7FlDJja8aQnw"]},{"@type":"Person","@id":"https:\/\/www.evento.love\/blog\/#\/schema\/person\/a184c2ed424b7fb3006372ce8051542c","name":"Evento Love"}]}},"_links":{"self":[{"href":"https:\/\/www.evento.love\/blog\/wp-json\/wp\/v2\/posts\/3030"}],"collection":[{"href":"https:\/\/www.evento.love\/blog\/wp-json\/wp\/v2\/posts"}],"about":[{"href":"https:\/\/www.evento.love\/blog\/wp-json\/wp\/v2\/types\/post"}],"author":[{"embeddable":true,"href":"https:\/\/www.evento.love\/blog\/wp-json\/wp\/v2\/users\/1"}],"replies":[{"embeddable":true,"href":"https:\/\/www.evento.love\/blog\/wp-json\/wp\/v2\/comments?post=3030"}],"version-history":[{"count":16,"href":"https:\/\/www.evento.love\/blog\/wp-json\/wp\/v2\/posts\/3030\/revisions"}],"predecessor-version":[{"id":4961,"href":"https:\/\/www.evento.love\/blog\/wp-json\/wp\/v2\/posts\/3030\/revisions\/4961"}],"wp:featuredmedia":[{"embeddable":true,"href":"https:\/\/www.evento.love\/blog\/wp-json\/wp\/v2\/media\/3048"}],"wp:attachment":[{"href":"https:\/\/www.evento.love\/blog\/wp-json\/wp\/v2\/media?parent=3030"}],"wp:term":[{"taxonomy":"category","embeddable":true,"href":"https:\/\/www.evento.love\/blog\/wp-json\/wp\/v2\/categories?post=3030"},{"taxonomy":"post_tag","embeddable":true,"href":"https:\/\/www.evento.love\/blog\/wp-json\/wp\/v2\/tags?post=3030"}],"curies":[{"name":"wp","href":"https:\/\/api.w.org\/{rel}","templated":true}]}}