{"id":3295,"date":"2018-11-23T11:00:02","date_gmt":"2018-11-23T09:00:02","guid":{"rendered":"https:\/\/www.evento.love\/blog\/?p=3295"},"modified":"2019-07-19T00:17:53","modified_gmt":"2019-07-18T22:17:53","slug":"la-wedding-planner-y-sus-reflexiones-la-semana-antes-de-la-boda","status":"publish","type":"post","link":"https:\/\/www.evento.love\/blog\/la-wedding-planner-y-sus-reflexiones-la-semana-antes-de-la-boda\/","title":{"rendered":"La wedding planner y sus reflexiones: la semana antes de la boda"},"content":{"rendered":"<p>Por fin se acerca el d\u00eda so\u00f1ado; nos encontramos en la semana antes de la boda\u00a0\u00a1ya est\u00e1 aqu\u00ed y ya est\u00e1 todo preparado! Y como wedding planner comienzo con la \u00faltima etapa de este d\u00eda tan esperado.<!--more--><\/p>\n<p>Es entonces cuando piensas y revisas todos y cada uno de los detalles. Sabes que est\u00e1 todo a gusto de los novios&#8230;\u00a1Ains! La &#8220;gran pregunta&#8221; que no paras de hacerte&#8230;&#8221;\u00bfLes encantar\u00e1?&#8221;, &#8220;\u00bfser\u00e1 esto con lo que so\u00f1aban?&#8221;. Aunque est\u00e9s segura de sus gustos y el estilo que desean, lo hayas repasado mil y una veces con ellos y est\u00e9 todo m\u00e1s que hablado, no puedes evitar las dudas. Y es que, se\u00f1oras y se\u00f1ores, las wedding planners tambi\u00e9n somos humanas. Lo que hace que nuestro trabajo valga tanto la pena es que, aunque haya imprevistos, seamos capaces de solucionarlo sin que nuestros novios se enteren ni sufran un instante.<\/p>\n<p>Otra de nuestras cualidades de debe ser saber interpretar lo que desean los novios. Porque claro, esto de la comunicaci\u00f3n\u00a0es todo un tema&#8230;Por m\u00e1s fotos que te pasen,\u00a0por m\u00e1s esquemas, por m\u00e1s dibujos, por m\u00e1s reuniones y charlas, t\u00fa dices &#8220;mesa&#8221; y yo me la imagino de centro, cuadrada y de cuatro patas. \u00bfT\u00fa hab\u00edas pensado en esa mesa?, \u00bfo la hab\u00edas imaginado redonda y con una pata en el centro? Esto es solo un ejemplo del reto que supone estar alineados.<\/p>\n<h3>El esfuerzo merece la pena<\/h3>\n<p>A pesar de estos retos que os describo, al final todo merece la pena. Y con creces. Mi mayor satisfacci\u00f3n es cuando los novios en un gesto c\u00f3mplice me sonr\u00eden en alg\u00fan momento de la fiesta con el pulgar hacia arriba, o me dicen: \u00a1sab\u00edamos que todo estar\u00eda ideal, pero no nos imaginabamos que tanto! Y entonces descubro feliz\u00a0que s\u00ed, \u00a1que habl\u00e1bamos de la misma mesa!<\/p>\n<p>Estos son los momentos que hacen que ame esta profesi\u00f3n, porque realmente me encanta y cada d\u00eda m\u00e1s. As\u00ed que novios de ah\u00ed fuera, no dud\u00e9is en escribirme y comenzar con esta aventura sin ning\u00fan miedo, y con toda la ilusi\u00f3n del mundo. \u00a1Porque vuestra boda la siento como si fuera la m\u00eda!<\/p>\n<p>Nancy<\/p>\n<p>&#8211;<\/p>\n<p>Si quieres saber m\u00e1s sobre mi trabajo como <a href=\"https:\/\/www.evento.love\/bodas\/index.html\" target=\"_blank\" rel=\"noopener noreferrer\">wedding planner<\/a>, no dudes en escribirme a <a href=\"mailto:hola@evento.love\" target=\"_blank\" rel=\"noopener noreferrer\">hola@evento.love<\/a>. \u00a1Me encantar\u00e1 conocerte!<\/p>\n<p>If you want to know more about my work as a <a href=\"https:\/\/www.evento.love\/bodas\/index.html\" target=\"_blank\" rel=\"noopener noreferrer\">wedding planner<\/a>, do not hesitate to write me at <a href=\"mailto:hola@evento.love\" target=\"_blank\" rel=\"noopener noreferrer\">hola@evento.love<\/a>. I will love meeting you!<\/p>\n    <div class=\"related-post grid\">\r\n                <div class=\"headline\">M\u00e1s art\u00edculos a tener en cuenta<\/div>\r\n        <div class=\"post-list \">\r\n\r\n                        <div class=\"item\">\r\n                        <div class=\"thumb post_thumb\">\r\n        <a  title=\"5+1 ideas imprescindibles para dar un toque especial a tu boda\" href=\"https:\/\/www.evento.love\/blog\/ideas-imprescindibles-tu-boda-madrid\/\">\r\n\r\n            <img width=\"150\" height=\"150\" src=\"https:\/\/www.evento.love\/blog\/wp-content\/uploads\/2017\/04\/17_04_01-150x150.jpg\" class=\"attachment-thumbnail size-thumbnail wp-post-image\" alt=\"Ideas para tu boda organizaci\u00f3n eventos madrid\" decoding=\"async\" loading=\"lazy\" \/>\r\n\r\n        <\/a>\r\n    <\/div>\r\n\r\n    <a class=\"title post_title\"  title=\"5+1 ideas imprescindibles para dar un toque especial a tu boda\" href=\"https:\/\/www.evento.love\/blog\/ideas-imprescindibles-tu-boda-madrid\/\">\r\n                5+1 ideas imprescindibles para dar un toque especial a tu boda    <\/a>\r\n\r\n                <\/div>\r\n                            <div class=\"item\">\r\n                        <div class=\"thumb post_thumb\">\r\n        <a  title=\"\u00bfQu\u00e9 es una preboda?\" href=\"https:\/\/www.evento.love\/blog\/que-es-una-preboda-madrid\/\">\r\n\r\n            <img width=\"150\" height=\"150\" src=\"https:\/\/www.evento.love\/blog\/wp-content\/uploads\/2017\/04\/17_04_15-150x150.jpg\" class=\"attachment-thumbnail size-thumbnail wp-post-image\" alt=\"preboda boda fotograf\u00eda novios madrid\" decoding=\"async\" loading=\"lazy\" \/>\r\n\r\n        <\/a>\r\n    <\/div>\r\n\r\n    <a class=\"title post_title\"  title=\"\u00bfQu\u00e9 es una preboda?\" href=\"https:\/\/www.evento.love\/blog\/que-es-una-preboda-madrid\/\">\r\n                \u00bfQu\u00e9 es una preboda?    <\/a>\r\n\r\n                <\/div>\r\n                            <div class=\"item\">\r\n                        <div class=\"thumb post_thumb\">\r\n        <a  title=\"Consejos para organizar una sesi\u00f3n postboda\" href=\"https:\/\/www.evento.love\/blog\/consejos-sesion-postboda-madrid\/\">\r\n\r\n            <img width=\"150\" height=\"150\" src=\"https:\/\/www.evento.love\/blog\/wp-content\/uploads\/2017\/05\/17_05_10-150x150.jpg\" class=\"attachment-thumbnail size-thumbnail wp-post-image\" alt=\"Consejos para una sesi\u00f3n de fotograf\u00eda postboda en Madrid\" decoding=\"async\" loading=\"lazy\" \/>\r\n\r\n        <\/a>\r\n    <\/div>\r\n\r\n    <a class=\"title post_title\"  title=\"Consejos para organizar una sesi\u00f3n postboda\" href=\"https:\/\/www.evento.love\/blog\/consejos-sesion-postboda-madrid\/\">\r\n                Consejos para organizar una sesi\u00f3n postboda    <\/a>\r\n\r\n                <\/div>\r\n                            <div class=\"item\">\r\n                        <div class=\"thumb post_thumb\">\r\n        <a  title=\"Cinco hermosos textos para leer en una boda\" href=\"https:\/\/www.evento.love\/blog\/cinco-hermosos-textos-pueden-leer-boda\/\">\r\n\r\n            <img width=\"150\" height=\"150\" src=\"https:\/\/www.evento.love\/blog\/wp-content\/uploads\/2017\/06\/16_06_08-150x150.jpg\" class=\"attachment-thumbnail size-thumbnail wp-post-image\" alt=\"textos para leer en una boda religiosa civil madrid\" decoding=\"async\" loading=\"lazy\" \/>\r\n\r\n        <\/a>\r\n    <\/div>\r\n\r\n    <a class=\"title post_title\"  title=\"Cinco hermosos textos para leer en una boda\" href=\"https:\/\/www.evento.love\/blog\/cinco-hermosos-textos-pueden-leer-boda\/\">\r\n                Cinco hermosos textos para leer en una boda    <\/a>\r\n\r\n                <\/div>\r\n            \r\n    <\/div>\r\n\r\n    <script>\r\n            <\/script>\r\n    <style>\r\n        .related-post {}\r\n\r\n        .related-post .post-list {\r\n            text-align: left;\r\n                    }\r\n\r\n        .related-post .post-list .item {\r\n            margin: 5px 10px;\r\n            padding: 0px;\r\n                    }\r\n\r\n        .related-post .headline {\r\n            font-size: 24px !important;\r\n            color: #000000 !important;\r\n                    }\r\n\r\n        .related-post .headline{\r\nfont-weight:400 !important;\r\ntext-transform: uppercase;\r\n}.related-post .post-list .item .post_thumb {\r\n            max-height: 180px;\r\n            margin: 10px 0px;\r\n            padding: 0px;\r\n            display: block;\r\n                    }\r\n\r\n        .related-post .post-list .item .post_title {\r\n            font-size: 12px;\r\n            color: #607d8b;\r\n            margin: 10px 0px;\r\n            padding: 0px;\r\n            display: block;\r\n            text-decoration: none;\r\n                    }\r\n\r\n        .related-post .post-list .item .post_excerpt {\r\n            font-size: 13px;\r\n            color: #3f3f3f;\r\n            margin: 10px 0px;\r\n            padding: 0px;\r\n            display: block;\r\n            text-decoration: none;\r\n                    }\r\n\r\n        @media only screen and (min-width: 1024px) {\r\n            .related-post .post-list .item {\r\n                width: 22%;\r\n            }\r\n        }\r\n\r\n        @media only screen and (min-width: 768px) and (max-width: 1023px) {\r\n            .related-post .post-list .item {\r\n                width: 90%;\r\n            }\r\n        }\r\n\r\n        @media only screen and (min-width: 0px) and (max-width: 767px) {\r\n            .related-post .post-list .item {\r\n                width: 30%;\r\n            }\r\n        }\r\n\r\n            <\/style>\r\n        <\/div>\r\n<!-- AddThis Advanced Settings generic via filter on the_content --><!-- AddThis Share Buttons generic via filter on the_content -->","protected":false},"excerpt":{"rendered":"<p>Por fin se acerca el d\u00eda so\u00f1ado; nos encontramos en la semana antes de la boda\u00a0\u00a1ya est\u00e1 aqu\u00ed y ya est\u00e1 todo preparado! Y como wedding planner comienzo con la \u00faltima etapa de este d\u00eda tan esperado. M\u00e1s art\u00edculos a tener en cuenta Juegos y actividades en tu baby shower C\u00f3mo inmortalizar tu baby shower Juegos en el baby shower Un beb\u00e9 en camino \u00bfBaby shower o bautizo?<!-- AddThis Advanced Settings generic via filter on get_the_excerpt --><!-- AddThis Share Buttons generic via filter on get_the_excerpt --><\/p>\n    <div class=\"related-post grid\">\r\n                <div class=\"headline\">M\u00e1s art\u00edculos a tener en cuenta<\/div>\r\n        <div class=\"post-list \">\r\n\r\n                        <div class=\"item\">\r\n                        <div class=\"thumb post_thumb\">\r\n        <a  title=\"Baby Shower, mucho m\u00e1s que un evento social\" href=\"https:\/\/www.evento.love\/blog\/baby-shower-evento-social-madrid\/\">\r\n\r\n            <img width=\"150\" height=\"150\" src=\"https:\/\/www.evento.love\/blog\/wp-content\/uploads\/2016\/07\/babyshower-150x150.jpg\" class=\"attachment-thumbnail size-thumbnail wp-post-image\" alt=\"baby shower-fiesta-beb\u00e9-embarazo-embarazada\" decoding=\"async\" loading=\"lazy\" \/>\r\n\r\n        <\/a>\r\n    <\/div>\r\n\r\n    <a class=\"title post_title\"  title=\"Baby Shower, mucho m\u00e1s que un evento social\" href=\"https:\/\/www.evento.love\/blog\/baby-shower-evento-social-madrid\/\">\r\n                Baby Shower, mucho m\u00e1s que un evento social    <\/a>\r\n\r\n                <\/div>\r\n                            <div class=\"item\">\r\n                        <div class=\"thumb post_thumb\">\r\n        <a  title=\"12 consejos para un Baby Shower perfecto\" href=\"https:\/\/www.evento.love\/blog\/12-consejos-baby-shower-perfecto-madrid\/\">\r\n\r\n            <img width=\"150\" height=\"150\" src=\"https:\/\/www.evento.love\/blog\/wp-content\/uploads\/2016\/09\/16_05_20_12_consejos-para-que-tu-Baby-Shower-sea-perfecto-150x150.jpg\" class=\"attachment-thumbnail size-thumbnail wp-post-image\" alt=\"Baby Shower-perfecto-beb\u00e9-embarazado-embarazada-fiesta-babyshower\" decoding=\"async\" loading=\"lazy\" \/>\r\n\r\n        <\/a>\r\n    <\/div>\r\n\r\n    <a class=\"title post_title\"  title=\"12 consejos para un Baby Shower perfecto\" href=\"https:\/\/www.evento.love\/blog\/12-consejos-baby-shower-perfecto-madrid\/\">\r\n                12 consejos para un Baby Shower perfecto    <\/a>\r\n\r\n                <\/div>\r\n                            <div class=\"item\">\r\n                        <div class=\"thumb post_thumb\">\r\n        <a  title=\"Cu\u00e1ndo hacer el Baby Shower\" href=\"https:\/\/www.evento.love\/blog\/cuando-hacer-el-baby-shower-madrid\/\">\r\n\r\n            <img width=\"150\" height=\"150\" src=\"https:\/\/www.evento.love\/blog\/wp-content\/uploads\/2016\/09\/16_05_23_Cuando-hacer-el-Baby-Shower-150x150.jpg\" class=\"attachment-thumbnail size-thumbnail wp-post-image\" alt=\"Cu\u00e1ndo hacer el baby shower beb\u00e9 embarazo fiesta en Madrid\" decoding=\"async\" loading=\"lazy\" \/>\r\n\r\n        <\/a>\r\n    <\/div>\r\n\r\n    <a class=\"title post_title\"  title=\"Cu\u00e1ndo hacer el Baby Shower\" href=\"https:\/\/www.evento.love\/blog\/cuando-hacer-el-baby-shower-madrid\/\">\r\n                Cu\u00e1ndo hacer el Baby Shower    <\/a>\r\n\r\n                <\/div>\r\n                            <div class=\"item\">\r\n                        <div class=\"thumb post_thumb\">\r\n        <a  title=\"\u00bfQui\u00e9n debe organizar el Baby Shower?\" href=\"https:\/\/www.evento.love\/blog\/quien-organizar-baby-shower-madrid\/\">\r\n\r\n            <img width=\"150\" height=\"150\" src=\"https:\/\/www.evento.love\/blog\/wp-content\/uploads\/2016\/09\/16_05_29_Qui\u00e9n-organiza-el-Baby-Shower-150x150.jpg\" class=\"attachment-thumbnail size-thumbnail wp-post-image\" alt=\"Organizaci\u00f3n Baby Shower Madrid fiesta beb\u00e9 embarazada\" decoding=\"async\" loading=\"lazy\" \/>\r\n\r\n        <\/a>\r\n    <\/div>\r\n\r\n    <a class=\"title post_title\"  title=\"\u00bfQui\u00e9n debe organizar el Baby Shower?\" href=\"https:\/\/www.evento.love\/blog\/quien-organizar-baby-shower-madrid\/\">\r\n                \u00bfQui\u00e9n debe organizar el Baby Shower?    <\/a>\r\n\r\n                <\/div>\r\n            \r\n    <\/div>\r\n\r\n    <script>\r\n            <\/script>\r\n    <style>\r\n        .related-post {}\r\n\r\n        .related-post .post-list {\r\n            text-align: left;\r\n                    }\r\n\r\n        .related-post .post-list .item {\r\n            margin: 5px 10px;\r\n            padding: 0px;\r\n                    }\r\n\r\n        .related-post .headline {\r\n            font-size: 24px !important;\r\n            color: #000000 !important;\r\n                    }\r\n\r\n        .related-post .headline{\r\nfont-weight:400 !important;\r\ntext-transform: uppercase;\r\n}.related-post .post-list .item .post_thumb {\r\n            max-height: 180px;\r\n            margin: 10px 0px;\r\n            padding: 0px;\r\n            display: block;\r\n                    }\r\n\r\n        .related-post .post-list .item .post_title {\r\n            font-size: 12px;\r\n            color: #607d8b;\r\n            margin: 10px 0px;\r\n            padding: 0px;\r\n            display: block;\r\n            text-decoration: none;\r\n                    }\r\n\r\n        .related-post .post-list .item .post_excerpt {\r\n            font-size: 13px;\r\n            color: #3f3f3f;\r\n            margin: 10px 0px;\r\n            padding: 0px;\r\n            display: block;\r\n            text-decoration: none;\r\n                    }\r\n\r\n        @media only screen and (min-width: 1024px) {\r\n            .related-post .post-list .item {\r\n                width: 22%;\r\n            }\r\n        }\r\n\r\n        @media only screen and (min-width: 768px) and (max-width: 1023px) {\r\n            .related-post .post-list .item {\r\n                width: 90%;\r\n            }\r\n        }\r\n\r\n        @media only screen and (min-width: 0px) and (max-width: 767px) {\r\n            .related-post .post-list .item {\r\n                width: 30%;\r\n            }\r\n        }\r\n\r\n            <\/style>\r\n        <\/div>\r\n","protected":false},"author":1,"featured_media":3297,"comment_status":"closed","ping_status":"open","sticky":false,"template":"","format":"standard","meta":{"content-type":""},"categories":[756],"tags":[895,934,889,1002,888],"yoast_head":"<!-- This site is optimized with the Yoast SEO plugin v20.7 - https:\/\/yoast.com\/wordpress\/plugins\/seo\/ -->\n<title>La wedding planner y sus reflexiones: la semana antes de la boda - El Blog de evento.love<\/title>\n<meta name=\"description\" content=\"As\u00ed es la semana antes de una boda para una wedding planner. Te cuento los retos a los que me enfrento y porqu\u00e9 me gusta tanto mi trabajo.\" \/>\n<meta name=\"robots\" content=\"index, follow, max-snippet:-1, max-image-preview:large, max-video-preview:-1\" \/>\n<meta property=\"og:locale\" content=\"es_ES\" \/>\n<meta property=\"og:type\" content=\"article\" \/>\n<meta property=\"og:title\" content=\"La wedding planner y sus reflexiones: la semana antes de la boda - El Blog de evento.love\" \/>\n<meta property=\"og:description\" content=\"As\u00ed es la semana antes de una boda para una wedding planner. Te cuento los retos a los que me enfrento y porqu\u00e9 me gusta tanto mi trabajo.\" \/>\n<meta property=\"og:url\" content=\"https:\/\/www.evento.love\/blog\/la-wedding-planner-y-sus-reflexiones-la-semana-antes-de-la-boda\/\" \/>\n<meta property=\"og:site_name\" content=\"El Blog de evento.love\" \/>\n<meta property=\"article:publisher\" content=\"https:\/\/www.facebook.com\/Evento.love\/\" \/>\n<meta property=\"article:published_time\" content=\"2018-11-23T09:00:02+00:00\" \/>\n<meta property=\"article:modified_time\" content=\"2019-07-18T22:17:53+00:00\" \/>\n<meta property=\"og:image\" content=\"https:\/\/www.evento.love\/blog\/wp-content\/uploads\/2018\/11\/reflexiones-wedding-planner.jpg\" \/>\n\t<meta property=\"og:image:width\" content=\"850\" \/>\n\t<meta property=\"og:image:height\" content=\"525\" \/>\n\t<meta property=\"og:image:type\" content=\"image\/jpeg\" \/>\n<meta name=\"author\" content=\"Evento Love\" \/>\n<meta name=\"twitter:card\" content=\"summary_large_image\" \/>\n<meta name=\"twitter:creator\" content=\"@Evento_love\" \/>\n<meta name=\"twitter:site\" content=\"@Evento_love\" \/>\n<meta name=\"twitter:label1\" content=\"Escrito por\" \/>\n\t<meta name=\"twitter:data1\" content=\"Evento Love\" \/>\n\t<meta name=\"twitter:label2\" content=\"Tiempo de lectura\" \/>\n\t<meta name=\"twitter:data2\" content=\"2 minutos\" \/>\n<!-- \/ Yoast SEO plugin. -->","yoast_head_json":{"title":"La wedding planner y sus reflexiones: la semana antes de la boda - El Blog de evento.love","description":"As\u00ed es la semana antes de una boda para una wedding planner. Te cuento los retos a los que me enfrento y porqu\u00e9 me gusta tanto mi trabajo.","robots":{"index":"index","follow":"follow","max-snippet":"max-snippet:-1","max-image-preview":"max-image-preview:large","max-video-preview":"max-video-preview:-1"},"og_locale":"es_ES","og_type":"article","og_title":"La wedding planner y sus reflexiones: la semana antes de la boda - El Blog de evento.love","og_description":"As\u00ed es la semana antes de una boda para una wedding planner. Te cuento los retos a los que me enfrento y porqu\u00e9 me gusta tanto mi trabajo.","og_url":"https:\/\/www.evento.love\/blog\/la-wedding-planner-y-sus-reflexiones-la-semana-antes-de-la-boda\/","og_site_name":"El Blog de evento.love","article_publisher":"https:\/\/www.facebook.com\/Evento.love\/","article_published_time":"2018-11-23T09:00:02+00:00","article_modified_time":"2019-07-18T22:17:53+00:00","og_image":[{"width":850,"height":525,"url":"https:\/\/www.evento.love\/blog\/wp-content\/uploads\/2018\/11\/reflexiones-wedding-planner.jpg","type":"image\/jpeg"}],"author":"Evento Love","twitter_card":"summary_large_image","twitter_creator":"@Evento_love","twitter_site":"@Evento_love","twitter_misc":{"Escrito por":"Evento Love","Tiempo de lectura":"2 minutos"},"schema":{"@context":"https:\/\/schema.org","@graph":[{"@type":"Article","@id":"https:\/\/www.evento.love\/blog\/la-wedding-planner-y-sus-reflexiones-la-semana-antes-de-la-boda\/#article","isPartOf":{"@id":"https:\/\/www.evento.love\/blog\/la-wedding-planner-y-sus-reflexiones-la-semana-antes-de-la-boda\/"},"author":{"name":"Evento Love","@id":"https:\/\/www.evento.love\/blog\/#\/schema\/person\/a184c2ed424b7fb3006372ce8051542c"},"headline":"La wedding planner y sus reflexiones: la semana antes de la boda","datePublished":"2018-11-23T09:00:02+00:00","dateModified":"2019-07-18T22:17:53+00:00","mainEntityOfPage":{"@id":"https:\/\/www.evento.love\/blog\/la-wedding-planner-y-sus-reflexiones-la-semana-antes-de-la-boda\/"},"wordCount":453,"publisher":{"@id":"https:\/\/www.evento.love\/blog\/#organization"},"keywords":["boda en Madrid","decoraci\u00f3n de bodas","organizaci\u00f3n de bodas","wedding","wedding planner"],"articleSection":["Bodas"],"inLanguage":"es"},{"@type":"WebPage","@id":"https:\/\/www.evento.love\/blog\/la-wedding-planner-y-sus-reflexiones-la-semana-antes-de-la-boda\/","url":"https:\/\/www.evento.love\/blog\/la-wedding-planner-y-sus-reflexiones-la-semana-antes-de-la-boda\/","name":"La wedding planner y sus reflexiones: la semana antes de la boda - El Blog de evento.love","isPartOf":{"@id":"https:\/\/www.evento.love\/blog\/#website"},"datePublished":"2018-11-23T09:00:02+00:00","dateModified":"2019-07-18T22:17:53+00:00","description":"As\u00ed es la semana antes de una boda para una wedding planner. Te cuento los retos a los que me enfrento y porqu\u00e9 me gusta tanto mi trabajo.","breadcrumb":{"@id":"https:\/\/www.evento.love\/blog\/la-wedding-planner-y-sus-reflexiones-la-semana-antes-de-la-boda\/#breadcrumb"},"inLanguage":"es","potentialAction":[{"@type":"ReadAction","target":["https:\/\/www.evento.love\/blog\/la-wedding-planner-y-sus-reflexiones-la-semana-antes-de-la-boda\/"]}]},{"@type":"BreadcrumbList","@id":"https:\/\/www.evento.love\/blog\/la-wedding-planner-y-sus-reflexiones-la-semana-antes-de-la-boda\/#breadcrumb","itemListElement":[{"@type":"ListItem","position":1,"name":"Evento.love","item":"https:\/\/www.evento.love\/blog\/"},{"@type":"ListItem","position":2,"name":"Bodas","item":"https:\/\/www.evento.love\/blog\/category\/bodas\/"},{"@type":"ListItem","position":3,"name":"La wedding planner y sus reflexiones: la semana antes de la boda"}]},{"@type":"WebSite","@id":"https:\/\/www.evento.love\/blog\/#website","url":"https:\/\/www.evento.love\/blog\/","name":"El Blog de evento.love","description":"T\u00fa lo mereces. Disfruta de tu momento","publisher":{"@id":"https:\/\/www.evento.love\/blog\/#organization"},"potentialAction":[{"@type":"SearchAction","target":{"@type":"EntryPoint","urlTemplate":"https:\/\/www.evento.love\/blog\/?s={search_term_string}"},"query-input":"required name=search_term_string"}],"inLanguage":"es"},{"@type":"Organization","@id":"https:\/\/www.evento.love\/blog\/#organization","name":"evento.love","url":"https:\/\/www.evento.love\/blog\/","logo":{"@type":"ImageObject","inLanguage":"es","@id":"https:\/\/www.evento.love\/blog\/#\/schema\/logo\/image\/","url":"https:\/\/www.evento.love\/blog\/wp-content\/uploads\/2016\/07\/logo-evento-love.png","contentUrl":"https:\/\/www.evento.love\/blog\/wp-content\/uploads\/2016\/07\/logo-evento-love.png","width":197,"height":59,"caption":"evento.love"},"image":{"@id":"https:\/\/www.evento.love\/blog\/#\/schema\/logo\/image\/"},"sameAs":["https:\/\/www.facebook.com\/Evento.love\/","https:\/\/twitter.com\/Evento_love","https:\/\/www.instagram.com\/evento.love\/","https:\/\/es.pinterest.com\/evento_love\/","https:\/\/www.youtube.com\/channel\/UCcVbo6ymzx-7FlDJja8aQnw"]},{"@type":"Person","@id":"https:\/\/www.evento.love\/blog\/#\/schema\/person\/a184c2ed424b7fb3006372ce8051542c","name":"Evento Love"}]}},"_links":{"self":[{"href":"https:\/\/www.evento.love\/blog\/wp-json\/wp\/v2\/posts\/3295"}],"collection":[{"href":"https:\/\/www.evento.love\/blog\/wp-json\/wp\/v2\/posts"}],"about":[{"href":"https:\/\/www.evento.love\/blog\/wp-json\/wp\/v2\/types\/post"}],"author":[{"embeddable":true,"href":"https:\/\/www.evento.love\/blog\/wp-json\/wp\/v2\/users\/1"}],"replies":[{"embeddable":true,"href":"https:\/\/www.evento.love\/blog\/wp-json\/wp\/v2\/comments?post=3295"}],"version-history":[{"count":4,"href":"https:\/\/www.evento.love\/blog\/wp-json\/wp\/v2\/posts\/3295\/revisions"}],"predecessor-version":[{"id":4945,"href":"https:\/\/www.evento.love\/blog\/wp-json\/wp\/v2\/posts\/3295\/revisions\/4945"}],"wp:featuredmedia":[{"embeddable":true,"href":"https:\/\/www.evento.love\/blog\/wp-json\/wp\/v2\/media\/3297"}],"wp:attachment":[{"href":"https:\/\/www.evento.love\/blog\/wp-json\/wp\/v2\/media?parent=3295"}],"wp:term":[{"taxonomy":"category","embeddable":true,"href":"https:\/\/www.evento.love\/blog\/wp-json\/wp\/v2\/categories?post=3295"},{"taxonomy":"post_tag","embeddable":true,"href":"https:\/\/www.evento.love\/blog\/wp-json\/wp\/v2\/tags?post=3295"}],"curies":[{"name":"wp","href":"https:\/\/api.w.org\/{rel}","templated":true}]}}