{"id":3403,"date":"2018-11-26T12:00:01","date_gmt":"2018-11-26T10:00:01","guid":{"rendered":"https:\/\/www.evento.love\/blog\/?p=3403"},"modified":"2020-04-16T14:35:02","modified_gmt":"2020-04-16T12:35:02","slug":"ideas-para-una-boda-navidena","status":"publish","type":"post","link":"https:\/\/www.evento.love\/blog\/ideas-para-una-boda-navidena\/","title":{"rendered":"Ideas para una boda navide\u00f1a"},"content":{"rendered":"<p>El post de ideas para <a href=\"https:\/\/www.evento.love\/blog\/ideas-para-boda-de-invierno\/\" target=\"_blank\" rel=\"noopener noreferrer\">bodas de invierno<\/a> os encant\u00f3, por eso hemos decidido hacer uno m\u00e1s espec\u00edfico y que, por otra parte, nos hace tremenda ilusi\u00f3n: \u00a1las bodas de navidad! \u00bfNos acompa\u00f1as?<!--more--><\/p>\n<p>La Navidad es una \u00e9poca preciosa para celebrar y reunirse con tus seres queridos. Si a eso le unes una decoraci\u00f3n c\u00e1lida y muy acogedora, y un paisaje de monta\u00f1a o nevado, es un escenario perfecto para una boda de invierno inspirada en estas fiestas.<\/p>\n<p>A continuaci\u00f3n repasamos todas las ideas y tendencias para decorar con encanto una boda navide\u00f1a de lo m\u00e1s especial.<\/p>\n<h2>Decoraci\u00f3n<\/h2>\n<h3>Gama de colores<\/h3>\n<p>Os recomendamos escoger tonos neutros de base como el blanco, beige o gris, y acompa\u00f1arlo de detalles en verde botella, rojo y granate. Adem\u00e1s, la incorporaci\u00f3n de tonos metalizados ser\u00e1 la guinda perfecta. Puede ser en dorado para darle m\u00e1s calidez, o en plata para darle ese toque chic.<\/p>\n<figure id=\"attachment_3406\" aria-describedby=\"caption-attachment-3406\" style=\"width: 850px\" class=\"wp-caption aligncenter\"><img decoding=\"async\" loading=\"lazy\" class=\"size-full wp-image-3406\" src=\"https:\/\/www.evento.love\/blog\/wp-content\/uploads\/2018\/11\/boda-navidadena-2.jpg\" alt=\"Boda navide\u00f1a\" width=\"850\" height=\"588\" srcset=\"https:\/\/www.evento.love\/blog\/wp-content\/uploads\/2018\/11\/boda-navidadena-2.jpg 850w, https:\/\/www.evento.love\/blog\/wp-content\/uploads\/2018\/11\/boda-navidadena-2-300x208.jpg 300w, https:\/\/www.evento.love\/blog\/wp-content\/uploads\/2018\/11\/boda-navidadena-2-768x531.jpg 768w, https:\/\/www.evento.love\/blog\/wp-content\/uploads\/2018\/11\/boda-navidadena-2-390x270.jpg 390w\" sizes=\"(max-width: 850px) 100vw, 850px\" \/><figcaption id=\"caption-attachment-3406\" class=\"wp-caption-text\">Foto 1 localmilkblog.com \/ Foto 2 Rachel Havel. Planning and design by Blue Bird Productions.<\/figcaption><\/figure>\n<h3>Detalles tartan<\/h3>\n<p>El famoso estampado de tartan de cuadros en rojo y verde es un cl\u00e1sico navide\u00f1o, y f\u00e1cilmente adaptable a los detalles de una boda. Pod\u00e9is utilizarlo a modo de decoraci\u00f3n en la mesa:<\/p>\n<figure id=\"attachment_3404\" aria-describedby=\"caption-attachment-3404\" style=\"width: 850px\" class=\"wp-caption aligncenter\"><img decoding=\"async\" loading=\"lazy\" class=\"size-full wp-image-3404\" src=\"https:\/\/www.evento.love\/blog\/wp-content\/uploads\/2018\/11\/boda-navidadena.jpg\" alt=\"Boda navide\u00f1a\" width=\"850\" height=\"588\" srcset=\"https:\/\/www.evento.love\/blog\/wp-content\/uploads\/2018\/11\/boda-navidadena.jpg 850w, https:\/\/www.evento.love\/blog\/wp-content\/uploads\/2018\/11\/boda-navidadena-300x208.jpg 300w, https:\/\/www.evento.love\/blog\/wp-content\/uploads\/2018\/11\/boda-navidadena-768x531.jpg 768w, https:\/\/www.evento.love\/blog\/wp-content\/uploads\/2018\/11\/boda-navidadena-390x270.jpg 390w\" sizes=\"(max-width: 850px) 100vw, 850px\" \/><figcaption id=\"caption-attachment-3404\" class=\"wp-caption-text\">Fotograf\u00eda Pat Moyer \/ Wedding Planner Taylor\u2019d Events \/ Visto en Stylemepretty<\/figcaption><\/figure>\n<p>O en otros detalles, como en las sillas y a modo mantas. \u00a1Nos encanta!<\/p>\n<figure id=\"attachment_3405\" aria-describedby=\"caption-attachment-3405\" style=\"width: 599px\" class=\"wp-caption aligncenter\"><img decoding=\"async\" loading=\"lazy\" class=\"size-full wp-image-3405\" src=\"https:\/\/www.evento.love\/blog\/wp-content\/uploads\/2018\/11\/boda-navidadena-1.jpg\" alt=\"Boda navide\u00f1a\" width=\"599\" height=\"486\" srcset=\"https:\/\/www.evento.love\/blog\/wp-content\/uploads\/2018\/11\/boda-navidadena-1.jpg 599w, https:\/\/www.evento.love\/blog\/wp-content\/uploads\/2018\/11\/boda-navidadena-1-300x243.jpg 300w, https:\/\/www.evento.love\/blog\/wp-content\/uploads\/2018\/11\/boda-navidadena-1-333x270.jpg 333w\" sizes=\"(max-width: 599px) 100vw, 599px\" \/><figcaption id=\"caption-attachment-3405\" class=\"wp-caption-text\">Fotograf\u00eda Hillary Maybery Photography \/\u00a0Wedding Planning\u00a0Amanda Seaward\u2019s Absolute Weddings<\/figcaption><\/figure>\n<h3>Chimeneas<\/h3>\n<p>Sabemos que no todos los espacios para bodas tienen chimenea, pero no pod\u00edamos dejar de mencionar la tendencia de decorarlas que tan fuerte est\u00e1 pisando. Cuando visites el espacio, que no se te olvide fijarte si cuentan con una chimenea, y as\u00ed tenerla presente en la decoraci\u00f3n.<\/p>\n<figure id=\"attachment_3407\" aria-describedby=\"caption-attachment-3407\" style=\"width: 850px\" class=\"wp-caption aligncenter\"><img decoding=\"async\" loading=\"lazy\" class=\"size-full wp-image-3407\" src=\"https:\/\/www.evento.love\/blog\/wp-content\/uploads\/2018\/11\/boda-navidadena-3.jpg\" alt=\"Boda navide\u00f1a\" width=\"850\" height=\"588\" srcset=\"https:\/\/www.evento.love\/blog\/wp-content\/uploads\/2018\/11\/boda-navidadena-3.jpg 850w, https:\/\/www.evento.love\/blog\/wp-content\/uploads\/2018\/11\/boda-navidadena-3-300x208.jpg 300w, https:\/\/www.evento.love\/blog\/wp-content\/uploads\/2018\/11\/boda-navidadena-3-768x531.jpg 768w, https:\/\/www.evento.love\/blog\/wp-content\/uploads\/2018\/11\/boda-navidadena-3-390x270.jpg 390w\" sizes=\"(max-width: 850px) 100vw, 850px\" \/><figcaption id=\"caption-attachment-3407\" class=\"wp-caption-text\">Foto 1: Brumley &amp; Wells via Magnolia Rouge \/ Foto 2: Pinterest<\/figcaption><\/figure>\n<h2>Flores<\/h2>\n<p>En nuestro post sobre <a href=\"https:\/\/www.evento.love\/blog\/como-elegir-las-flores-de-tu-boda\/\" target=\"_blank\" rel=\"noopener noreferrer\">c\u00f3mo escoger las flores de tu boda<\/a>, repasamos las flores id\u00f3neas para cada temporada del a\u00f1o. Siempre aconsejamos por precio y disponibilidad escoger las flores de esa misma temporada, pero para una boda navide\u00f1a damos un paso m\u00e1s. Os recomendamos adem\u00e1s que estas composiciones florales tengan tonos navide\u00f1os como los que hemos comentado en el primer punto, y alg\u00fan detalle que le de ese aspecto \u00fanico y acogedor.<\/p>\n<p>Unos ran\u00fanculos o flores de pascua en tonos rojos pueden quedar ideales en tu boda navide\u00f1a, mezclados con mucho verde.<\/p>\n<p><img decoding=\"async\" loading=\"lazy\" class=\"aligncenter size-full wp-image-3412\" src=\"https:\/\/www.evento.love\/blog\/wp-content\/uploads\/2018\/11\/boda-navidena-5.jpg\" alt=\"Boda navide\u00f1a\" width=\"850\" height=\"567\" srcset=\"https:\/\/www.evento.love\/blog\/wp-content\/uploads\/2018\/11\/boda-navidena-5.jpg 850w, https:\/\/www.evento.love\/blog\/wp-content\/uploads\/2018\/11\/boda-navidena-5-300x200.jpg 300w, https:\/\/www.evento.love\/blog\/wp-content\/uploads\/2018\/11\/boda-navidena-5-768x512.jpg 768w, https:\/\/www.evento.love\/blog\/wp-content\/uploads\/2018\/11\/boda-navidena-5-405x270.jpg 405w\" sizes=\"(max-width: 850px) 100vw, 850px\" \/><\/p>\n<h2>Dress code<\/h2>\n<p>En cuanto al c\u00f3digo de vestimenta somos firmes defensoras de la naturalidad y de que todo el mundo se sienta c\u00f3modo. Sin embargo, puede ser una idea preciosa que tus damas de honor vayan vestidas con los tonos de la boda, o incluso con alg\u00fan detalle navide\u00f1o como una corona o ramo. \u00a1Las fotos quedar\u00e1n espectaculares!<\/p>\n<p>Para tu vestido, puedes a\u00f1adir alguna capa como la que vimos en nuestro post <a href=\"https:\/\/www.evento.love\/blog\/ideas-para-boda-de-invierno\/\" target=\"_blank\" rel=\"noopener noreferrer\">bodas de invierno<\/a>, o unos zapatos navide\u00f1os de lo m\u00e1s especiales:<\/p>\n<p><img decoding=\"async\" loading=\"lazy\" class=\"aligncenter size-full wp-image-3414\" src=\"https:\/\/www.evento.love\/blog\/wp-content\/uploads\/2018\/11\/boda-navidena-6.jpg\" alt=\"Boda navide\u00f1a\" width=\"850\" height=\"588\" srcset=\"https:\/\/www.evento.love\/blog\/wp-content\/uploads\/2018\/11\/boda-navidena-6.jpg 850w, https:\/\/www.evento.love\/blog\/wp-content\/uploads\/2018\/11\/boda-navidena-6-300x208.jpg 300w, https:\/\/www.evento.love\/blog\/wp-content\/uploads\/2018\/11\/boda-navidena-6-768x531.jpg 768w, https:\/\/www.evento.love\/blog\/wp-content\/uploads\/2018\/11\/boda-navidena-6-390x270.jpg 390w\" sizes=\"(max-width: 850px) 100vw, 850px\" \/><\/p>\n<p>\u00a1Nos han enamorado estos dise\u00f1os de Manolo Blahnik!<\/p>\n<p>&#8211;<\/p>\n<p>Si quieres organizar una boda navide\u00f1a con estas y otras mil ideas que tenemos en mente, no dudes en escribirnos a <a href=\"mailto:hola@evento.love\" target=\"_blank\" rel=\"noopener noreferrer\">hola@evento.love<\/a> y juntos dise\u00f1aremos tu boda so\u00f1ada.<\/p>\n<p>&#8211;<\/p>\n<p>If you want to organize a Christmas wedding with these and other thousand ideas that we have in mind, do not hesitate to write us to <a href=\"mailto:hola@evento.love\" target=\"_blank\" rel=\"noopener noreferrer\">hola@evento.love<\/a> and together we will design your dream wedding.<\/p>\n    <div class=\"related-post grid\">\r\n                <div class=\"headline\">M\u00e1s art\u00edculos a tener en cuenta<\/div>\r\n        <div class=\"post-list \">\r\n\r\n                        <div class=\"item\">\r\n                        <div class=\"thumb post_thumb\">\r\n        <a  title=\"5+1 ideas imprescindibles para dar un toque especial a tu boda\" href=\"https:\/\/www.evento.love\/blog\/ideas-imprescindibles-tu-boda-madrid\/\">\r\n\r\n            <img width=\"150\" height=\"150\" src=\"https:\/\/www.evento.love\/blog\/wp-content\/uploads\/2017\/04\/17_04_01-150x150.jpg\" class=\"attachment-thumbnail size-thumbnail wp-post-image\" alt=\"Ideas para tu boda organizaci\u00f3n eventos madrid\" decoding=\"async\" loading=\"lazy\" \/>\r\n\r\n        <\/a>\r\n    <\/div>\r\n\r\n    <a class=\"title post_title\"  title=\"5+1 ideas imprescindibles para dar un toque especial a tu boda\" href=\"https:\/\/www.evento.love\/blog\/ideas-imprescindibles-tu-boda-madrid\/\">\r\n                5+1 ideas imprescindibles para dar un toque especial a tu boda    <\/a>\r\n\r\n                <\/div>\r\n                            <div class=\"item\">\r\n                        <div class=\"thumb post_thumb\">\r\n        <a  title=\"\u00bfQu\u00e9 es una preboda?\" href=\"https:\/\/www.evento.love\/blog\/que-es-una-preboda-madrid\/\">\r\n\r\n            <img width=\"150\" height=\"150\" src=\"https:\/\/www.evento.love\/blog\/wp-content\/uploads\/2017\/04\/17_04_15-150x150.jpg\" class=\"attachment-thumbnail size-thumbnail wp-post-image\" alt=\"preboda boda fotograf\u00eda novios madrid\" decoding=\"async\" loading=\"lazy\" \/>\r\n\r\n        <\/a>\r\n    <\/div>\r\n\r\n    <a class=\"title post_title\"  title=\"\u00bfQu\u00e9 es una preboda?\" href=\"https:\/\/www.evento.love\/blog\/que-es-una-preboda-madrid\/\">\r\n                \u00bfQu\u00e9 es una preboda?    <\/a>\r\n\r\n                <\/div>\r\n                            <div class=\"item\">\r\n                        <div class=\"thumb post_thumb\">\r\n        <a  title=\"Consejos para organizar una sesi\u00f3n postboda\" href=\"https:\/\/www.evento.love\/blog\/consejos-sesion-postboda-madrid\/\">\r\n\r\n            <img width=\"150\" height=\"150\" src=\"https:\/\/www.evento.love\/blog\/wp-content\/uploads\/2017\/05\/17_05_10-150x150.jpg\" class=\"attachment-thumbnail size-thumbnail wp-post-image\" alt=\"Consejos para una sesi\u00f3n de fotograf\u00eda postboda en Madrid\" decoding=\"async\" loading=\"lazy\" \/>\r\n\r\n        <\/a>\r\n    <\/div>\r\n\r\n    <a class=\"title post_title\"  title=\"Consejos para organizar una sesi\u00f3n postboda\" href=\"https:\/\/www.evento.love\/blog\/consejos-sesion-postboda-madrid\/\">\r\n                Consejos para organizar una sesi\u00f3n postboda    <\/a>\r\n\r\n                <\/div>\r\n                            <div class=\"item\">\r\n                        <div class=\"thumb post_thumb\">\r\n        <a  title=\"Cinco hermosos textos para leer en una boda\" href=\"https:\/\/www.evento.love\/blog\/cinco-hermosos-textos-pueden-leer-boda\/\">\r\n\r\n            <img width=\"150\" height=\"150\" src=\"https:\/\/www.evento.love\/blog\/wp-content\/uploads\/2017\/06\/16_06_08-150x150.jpg\" class=\"attachment-thumbnail size-thumbnail wp-post-image\" alt=\"textos para leer en una boda religiosa civil madrid\" decoding=\"async\" loading=\"lazy\" \/>\r\n\r\n        <\/a>\r\n    <\/div>\r\n\r\n    <a class=\"title post_title\"  title=\"Cinco hermosos textos para leer en una boda\" href=\"https:\/\/www.evento.love\/blog\/cinco-hermosos-textos-pueden-leer-boda\/\">\r\n                Cinco hermosos textos para leer en una boda    <\/a>\r\n\r\n                <\/div>\r\n            \r\n    <\/div>\r\n\r\n    <script>\r\n            <\/script>\r\n    <style>\r\n        .related-post {}\r\n\r\n        .related-post .post-list {\r\n            text-align: left;\r\n                    }\r\n\r\n        .related-post .post-list .item {\r\n            margin: 5px 10px;\r\n            padding: 0px;\r\n                    }\r\n\r\n        .related-post .headline {\r\n            font-size: 24px !important;\r\n            color: #000000 !important;\r\n                    }\r\n\r\n        .related-post .headline{\r\nfont-weight:400 !important;\r\ntext-transform: uppercase;\r\n}.related-post .post-list .item .post_thumb {\r\n            max-height: 180px;\r\n            margin: 10px 0px;\r\n            padding: 0px;\r\n            display: block;\r\n                    }\r\n\r\n        .related-post .post-list .item .post_title {\r\n            font-size: 12px;\r\n            color: #607d8b;\r\n            margin: 10px 0px;\r\n            padding: 0px;\r\n            display: block;\r\n            text-decoration: none;\r\n                    }\r\n\r\n        .related-post .post-list .item .post_excerpt {\r\n            font-size: 13px;\r\n            color: #3f3f3f;\r\n            margin: 10px 0px;\r\n            padding: 0px;\r\n            display: block;\r\n            text-decoration: none;\r\n                    }\r\n\r\n        @media only screen and (min-width: 1024px) {\r\n            .related-post .post-list .item {\r\n                width: 22%;\r\n            }\r\n        }\r\n\r\n        @media only screen and (min-width: 768px) and (max-width: 1023px) {\r\n            .related-post .post-list .item {\r\n                width: 90%;\r\n            }\r\n        }\r\n\r\n        @media only screen and (min-width: 0px) and (max-width: 767px) {\r\n            .related-post .post-list .item {\r\n                width: 30%;\r\n            }\r\n        }\r\n\r\n            <\/style>\r\n        <\/div>\r\n<!-- AddThis Advanced Settings generic via filter on the_content --><!-- AddThis Share Buttons generic via filter on the_content -->","protected":false},"excerpt":{"rendered":"<p>El post de ideas para bodas de invierno os encant\u00f3, por eso hemos decidido hacer uno m\u00e1s espec\u00edfico y que, por otra parte, nos hace tremenda ilusi\u00f3n: \u00a1las bodas de navidad! \u00bfNos acompa\u00f1as? M\u00e1s art\u00edculos a tener en cuenta Juegos y actividades en tu baby shower C\u00f3mo inmortalizar tu baby shower Juegos en el baby shower Un beb\u00e9 en camino \u00bfBaby shower o bautizo?<!-- AddThis Advanced Settings generic via filter on get_the_excerpt --><!-- AddThis Share Buttons generic via filter on get_the_excerpt --><\/p>\n    <div class=\"related-post grid\">\r\n                <div class=\"headline\">M\u00e1s art\u00edculos a tener en cuenta<\/div>\r\n        <div class=\"post-list \">\r\n\r\n                        <div class=\"item\">\r\n                        <div class=\"thumb post_thumb\">\r\n        <a  title=\"Baby Shower, mucho m\u00e1s que un evento social\" href=\"https:\/\/www.evento.love\/blog\/baby-shower-evento-social-madrid\/\">\r\n\r\n            <img width=\"150\" height=\"150\" src=\"https:\/\/www.evento.love\/blog\/wp-content\/uploads\/2016\/07\/babyshower-150x150.jpg\" class=\"attachment-thumbnail size-thumbnail wp-post-image\" alt=\"baby shower-fiesta-beb\u00e9-embarazo-embarazada\" decoding=\"async\" loading=\"lazy\" \/>\r\n\r\n        <\/a>\r\n    <\/div>\r\n\r\n    <a class=\"title post_title\"  title=\"Baby Shower, mucho m\u00e1s que un evento social\" href=\"https:\/\/www.evento.love\/blog\/baby-shower-evento-social-madrid\/\">\r\n                Baby Shower, mucho m\u00e1s que un evento social    <\/a>\r\n\r\n                <\/div>\r\n                            <div class=\"item\">\r\n                        <div class=\"thumb post_thumb\">\r\n        <a  title=\"12 consejos para un Baby Shower perfecto\" href=\"https:\/\/www.evento.love\/blog\/12-consejos-baby-shower-perfecto-madrid\/\">\r\n\r\n            <img width=\"150\" height=\"150\" src=\"https:\/\/www.evento.love\/blog\/wp-content\/uploads\/2016\/09\/16_05_20_12_consejos-para-que-tu-Baby-Shower-sea-perfecto-150x150.jpg\" class=\"attachment-thumbnail size-thumbnail wp-post-image\" alt=\"Baby Shower-perfecto-beb\u00e9-embarazado-embarazada-fiesta-babyshower\" decoding=\"async\" loading=\"lazy\" \/>\r\n\r\n        <\/a>\r\n    <\/div>\r\n\r\n    <a class=\"title post_title\"  title=\"12 consejos para un Baby Shower perfecto\" href=\"https:\/\/www.evento.love\/blog\/12-consejos-baby-shower-perfecto-madrid\/\">\r\n                12 consejos para un Baby Shower perfecto    <\/a>\r\n\r\n                <\/div>\r\n                            <div class=\"item\">\r\n                        <div class=\"thumb post_thumb\">\r\n        <a  title=\"Cu\u00e1ndo hacer el Baby Shower\" href=\"https:\/\/www.evento.love\/blog\/cuando-hacer-el-baby-shower-madrid\/\">\r\n\r\n            <img width=\"150\" height=\"150\" src=\"https:\/\/www.evento.love\/blog\/wp-content\/uploads\/2016\/09\/16_05_23_Cuando-hacer-el-Baby-Shower-150x150.jpg\" class=\"attachment-thumbnail size-thumbnail wp-post-image\" alt=\"Cu\u00e1ndo hacer el baby shower beb\u00e9 embarazo fiesta en Madrid\" decoding=\"async\" loading=\"lazy\" \/>\r\n\r\n        <\/a>\r\n    <\/div>\r\n\r\n    <a class=\"title post_title\"  title=\"Cu\u00e1ndo hacer el Baby Shower\" href=\"https:\/\/www.evento.love\/blog\/cuando-hacer-el-baby-shower-madrid\/\">\r\n                Cu\u00e1ndo hacer el Baby Shower    <\/a>\r\n\r\n                <\/div>\r\n                            <div class=\"item\">\r\n                        <div class=\"thumb post_thumb\">\r\n        <a  title=\"\u00bfQui\u00e9n debe organizar el Baby Shower?\" href=\"https:\/\/www.evento.love\/blog\/quien-organizar-baby-shower-madrid\/\">\r\n\r\n            <img width=\"150\" height=\"150\" src=\"https:\/\/www.evento.love\/blog\/wp-content\/uploads\/2016\/09\/16_05_29_Qui\u00e9n-organiza-el-Baby-Shower-150x150.jpg\" class=\"attachment-thumbnail size-thumbnail wp-post-image\" alt=\"Organizaci\u00f3n Baby Shower Madrid fiesta beb\u00e9 embarazada\" decoding=\"async\" loading=\"lazy\" \/>\r\n\r\n        <\/a>\r\n    <\/div>\r\n\r\n    <a class=\"title post_title\"  title=\"\u00bfQui\u00e9n debe organizar el Baby Shower?\" href=\"https:\/\/www.evento.love\/blog\/quien-organizar-baby-shower-madrid\/\">\r\n                \u00bfQui\u00e9n debe organizar el Baby Shower?    <\/a>\r\n\r\n                <\/div>\r\n            \r\n    <\/div>\r\n\r\n    <script>\r\n            <\/script>\r\n    <style>\r\n        .related-post {}\r\n\r\n        .related-post .post-list {\r\n            text-align: left;\r\n                    }\r\n\r\n        .related-post .post-list .item {\r\n            margin: 5px 10px;\r\n            padding: 0px;\r\n                    }\r\n\r\n        .related-post .headline {\r\n            font-size: 24px !important;\r\n            color: #000000 !important;\r\n                    }\r\n\r\n        .related-post .headline{\r\nfont-weight:400 !important;\r\ntext-transform: uppercase;\r\n}.related-post .post-list .item .post_thumb {\r\n            max-height: 180px;\r\n            margin: 10px 0px;\r\n            padding: 0px;\r\n            display: block;\r\n                    }\r\n\r\n        .related-post .post-list .item .post_title {\r\n            font-size: 12px;\r\n            color: #607d8b;\r\n            margin: 10px 0px;\r\n            padding: 0px;\r\n            display: block;\r\n            text-decoration: none;\r\n                    }\r\n\r\n        .related-post .post-list .item .post_excerpt {\r\n            font-size: 13px;\r\n            color: #3f3f3f;\r\n            margin: 10px 0px;\r\n            padding: 0px;\r\n            display: block;\r\n            text-decoration: none;\r\n                    }\r\n\r\n        @media only screen and (min-width: 1024px) {\r\n            .related-post .post-list .item {\r\n                width: 22%;\r\n            }\r\n        }\r\n\r\n        @media only screen and (min-width: 768px) and (max-width: 1023px) {\r\n            .related-post .post-list .item {\r\n                width: 90%;\r\n            }\r\n        }\r\n\r\n        @media only screen and (min-width: 0px) and (max-width: 767px) {\r\n            .related-post .post-list .item {\r\n                width: 30%;\r\n            }\r\n        }\r\n\r\n            <\/style>\r\n        <\/div>\r\n","protected":false},"author":1,"featured_media":3404,"comment_status":"closed","ping_status":"open","sticky":false,"template":"","format":"standard","meta":{"content-type":""},"categories":[756],"tags":[1071,1069,1070,934,888],"yoast_head":"<!-- This site is optimized with the Yoast SEO plugin v20.7 - https:\/\/yoast.com\/wordpress\/plugins\/seo\/ -->\n<title>Ideas para una boda navide\u00f1a - El Blog de evento.love<\/title>\n<meta name=\"description\" content=\"Descubre estas ideas y tendencias para una boda navide\u00f1a de lo m\u00e1s especial. Ideas de decoraci\u00f3n, flores y detalles invernales.\" \/>\n<meta name=\"robots\" content=\"index, follow, max-snippet:-1, max-image-preview:large, max-video-preview:-1\" \/>\n<meta property=\"og:locale\" content=\"es_ES\" \/>\n<meta property=\"og:type\" content=\"article\" \/>\n<meta property=\"og:title\" content=\"Ideas para una boda navide\u00f1a - El Blog de evento.love\" \/>\n<meta property=\"og:description\" content=\"Descubre estas ideas y tendencias para una boda navide\u00f1a de lo m\u00e1s especial. Ideas de decoraci\u00f3n, flores y detalles invernales.\" \/>\n<meta property=\"og:url\" content=\"https:\/\/www.evento.love\/blog\/ideas-para-una-boda-navidena\/\" \/>\n<meta property=\"og:site_name\" content=\"El Blog de evento.love\" \/>\n<meta property=\"article:publisher\" content=\"https:\/\/www.facebook.com\/Evento.love\/\" \/>\n<meta property=\"article:published_time\" content=\"2018-11-26T10:00:01+00:00\" \/>\n<meta property=\"article:modified_time\" content=\"2020-04-16T12:35:02+00:00\" \/>\n<meta property=\"og:image\" content=\"https:\/\/www.evento.love\/blog\/wp-content\/uploads\/2018\/11\/boda-navidadena.jpg\" \/>\n\t<meta property=\"og:image:width\" content=\"850\" \/>\n\t<meta property=\"og:image:height\" content=\"588\" \/>\n\t<meta property=\"og:image:type\" content=\"image\/jpeg\" \/>\n<meta name=\"author\" content=\"Evento Love\" \/>\n<meta name=\"twitter:card\" content=\"summary_large_image\" \/>\n<meta name=\"twitter:creator\" content=\"@Evento_love\" \/>\n<meta name=\"twitter:site\" content=\"@Evento_love\" \/>\n<meta name=\"twitter:label1\" content=\"Escrito por\" \/>\n\t<meta name=\"twitter:data1\" content=\"Evento Love\" \/>\n\t<meta name=\"twitter:label2\" content=\"Tiempo de lectura\" \/>\n\t<meta name=\"twitter:data2\" content=\"3 minutos\" \/>\n<!-- \/ Yoast SEO plugin. -->","yoast_head_json":{"title":"Ideas para una boda navide\u00f1a - El Blog de evento.love","description":"Descubre estas ideas y tendencias para una boda navide\u00f1a de lo m\u00e1s especial. Ideas de decoraci\u00f3n, flores y detalles invernales.","robots":{"index":"index","follow":"follow","max-snippet":"max-snippet:-1","max-image-preview":"max-image-preview:large","max-video-preview":"max-video-preview:-1"},"og_locale":"es_ES","og_type":"article","og_title":"Ideas para una boda navide\u00f1a - El Blog de evento.love","og_description":"Descubre estas ideas y tendencias para una boda navide\u00f1a de lo m\u00e1s especial. Ideas de decoraci\u00f3n, flores y detalles invernales.","og_url":"https:\/\/www.evento.love\/blog\/ideas-para-una-boda-navidena\/","og_site_name":"El Blog de evento.love","article_publisher":"https:\/\/www.facebook.com\/Evento.love\/","article_published_time":"2018-11-26T10:00:01+00:00","article_modified_time":"2020-04-16T12:35:02+00:00","og_image":[{"width":850,"height":588,"url":"https:\/\/www.evento.love\/blog\/wp-content\/uploads\/2018\/11\/boda-navidadena.jpg","type":"image\/jpeg"}],"author":"Evento Love","twitter_card":"summary_large_image","twitter_creator":"@Evento_love","twitter_site":"@Evento_love","twitter_misc":{"Escrito por":"Evento Love","Tiempo de lectura":"3 minutos"},"schema":{"@context":"https:\/\/schema.org","@graph":[{"@type":"Article","@id":"https:\/\/www.evento.love\/blog\/ideas-para-una-boda-navidena\/#article","isPartOf":{"@id":"https:\/\/www.evento.love\/blog\/ideas-para-una-boda-navidena\/"},"author":{"name":"Evento Love","@id":"https:\/\/www.evento.love\/blog\/#\/schema\/person\/a184c2ed424b7fb3006372ce8051542c"},"headline":"Ideas para una boda navide\u00f1a","datePublished":"2018-11-26T10:00:01+00:00","dateModified":"2020-04-16T12:35:02+00:00","mainEntityOfPage":{"@id":"https:\/\/www.evento.love\/blog\/ideas-para-una-boda-navidena\/"},"wordCount":624,"publisher":{"@id":"https:\/\/www.evento.love\/blog\/#organization"},"keywords":["boda de invierno","boda navide\u00f1a","bodas de navidad","decoraci\u00f3n de bodas","wedding planner"],"articleSection":["Bodas"],"inLanguage":"es"},{"@type":"WebPage","@id":"https:\/\/www.evento.love\/blog\/ideas-para-una-boda-navidena\/","url":"https:\/\/www.evento.love\/blog\/ideas-para-una-boda-navidena\/","name":"Ideas para una boda navide\u00f1a - El Blog de evento.love","isPartOf":{"@id":"https:\/\/www.evento.love\/blog\/#website"},"datePublished":"2018-11-26T10:00:01+00:00","dateModified":"2020-04-16T12:35:02+00:00","description":"Descubre estas ideas y tendencias para una boda navide\u00f1a de lo m\u00e1s especial. Ideas de decoraci\u00f3n, flores y detalles invernales.","breadcrumb":{"@id":"https:\/\/www.evento.love\/blog\/ideas-para-una-boda-navidena\/#breadcrumb"},"inLanguage":"es","potentialAction":[{"@type":"ReadAction","target":["https:\/\/www.evento.love\/blog\/ideas-para-una-boda-navidena\/"]}]},{"@type":"BreadcrumbList","@id":"https:\/\/www.evento.love\/blog\/ideas-para-una-boda-navidena\/#breadcrumb","itemListElement":[{"@type":"ListItem","position":1,"name":"Evento.love","item":"https:\/\/www.evento.love\/blog\/"},{"@type":"ListItem","position":2,"name":"Bodas","item":"https:\/\/www.evento.love\/blog\/category\/bodas\/"},{"@type":"ListItem","position":3,"name":"Ideas para una boda navide\u00f1a"}]},{"@type":"WebSite","@id":"https:\/\/www.evento.love\/blog\/#website","url":"https:\/\/www.evento.love\/blog\/","name":"El Blog de evento.love","description":"T\u00fa lo mereces. Disfruta de tu momento","publisher":{"@id":"https:\/\/www.evento.love\/blog\/#organization"},"potentialAction":[{"@type":"SearchAction","target":{"@type":"EntryPoint","urlTemplate":"https:\/\/www.evento.love\/blog\/?s={search_term_string}"},"query-input":"required name=search_term_string"}],"inLanguage":"es"},{"@type":"Organization","@id":"https:\/\/www.evento.love\/blog\/#organization","name":"evento.love","url":"https:\/\/www.evento.love\/blog\/","logo":{"@type":"ImageObject","inLanguage":"es","@id":"https:\/\/www.evento.love\/blog\/#\/schema\/logo\/image\/","url":"https:\/\/www.evento.love\/blog\/wp-content\/uploads\/2016\/07\/logo-evento-love.png","contentUrl":"https:\/\/www.evento.love\/blog\/wp-content\/uploads\/2016\/07\/logo-evento-love.png","width":197,"height":59,"caption":"evento.love"},"image":{"@id":"https:\/\/www.evento.love\/blog\/#\/schema\/logo\/image\/"},"sameAs":["https:\/\/www.facebook.com\/Evento.love\/","https:\/\/twitter.com\/Evento_love","https:\/\/www.instagram.com\/evento.love\/","https:\/\/es.pinterest.com\/evento_love\/","https:\/\/www.youtube.com\/channel\/UCcVbo6ymzx-7FlDJja8aQnw"]},{"@type":"Person","@id":"https:\/\/www.evento.love\/blog\/#\/schema\/person\/a184c2ed424b7fb3006372ce8051542c","name":"Evento Love"}]}},"_links":{"self":[{"href":"https:\/\/www.evento.love\/blog\/wp-json\/wp\/v2\/posts\/3403"}],"collection":[{"href":"https:\/\/www.evento.love\/blog\/wp-json\/wp\/v2\/posts"}],"about":[{"href":"https:\/\/www.evento.love\/blog\/wp-json\/wp\/v2\/types\/post"}],"author":[{"embeddable":true,"href":"https:\/\/www.evento.love\/blog\/wp-json\/wp\/v2\/users\/1"}],"replies":[{"embeddable":true,"href":"https:\/\/www.evento.love\/blog\/wp-json\/wp\/v2\/comments?post=3403"}],"version-history":[{"count":10,"href":"https:\/\/www.evento.love\/blog\/wp-json\/wp\/v2\/posts\/3403\/revisions"}],"predecessor-version":[{"id":6217,"href":"https:\/\/www.evento.love\/blog\/wp-json\/wp\/v2\/posts\/3403\/revisions\/6217"}],"wp:featuredmedia":[{"embeddable":true,"href":"https:\/\/www.evento.love\/blog\/wp-json\/wp\/v2\/media\/3404"}],"wp:attachment":[{"href":"https:\/\/www.evento.love\/blog\/wp-json\/wp\/v2\/media?parent=3403"}],"wp:term":[{"taxonomy":"category","embeddable":true,"href":"https:\/\/www.evento.love\/blog\/wp-json\/wp\/v2\/categories?post=3403"},{"taxonomy":"post_tag","embeddable":true,"href":"https:\/\/www.evento.love\/blog\/wp-json\/wp\/v2\/tags?post=3403"}],"curies":[{"name":"wp","href":"https:\/\/api.w.org\/{rel}","templated":true}]}}