{"id":3419,"date":"2018-11-27T10:00:08","date_gmt":"2018-11-27T08:00:08","guid":{"rendered":"https:\/\/www.evento.love\/blog\/?p=3419"},"modified":"2019-07-19T00:17:53","modified_gmt":"2019-07-18T22:17:53","slug":"organizamos-y-decoramos-tu-boda-a-medida","status":"publish","type":"post","link":"https:\/\/www.evento.love\/blog\/organizamos-y-decoramos-tu-boda-a-medida\/","title":{"rendered":"Organizamos y decoramos tu boda a medida"},"content":{"rendered":"<p>Si est\u00e1is empezando a <a href=\"https:\/\/www.evento.love\/bodas\/\" target=\"_blank\" rel=\"noopener noreferrer\">organizar vuestra boda<\/a>, es posible que os encontr\u00e9is abrumados a la hora de empezar a tomar decisiones y buscar proveedores.<!--more--><\/p>\n<p>En <a href=\"https:\/\/www.evento.love\/bodas\/\" target=\"_blank\" rel=\"noopener noreferrer\">deboda.love<\/a> estamos especializados en organizar y decorar vuestro gran d\u00eda y eliminar el estr\u00e9s para que disfrut\u00e9is de todo el proceso. A continuaci\u00f3n os detallamos todos nuestros servicios para construir vuestro d\u00eda m\u00e1gico. \u00a1Seguro que encuentras el vuestro!<\/p>\n<h2>Organizaci\u00f3n y decoraci\u00f3n integral<\/h2>\n<p><img decoding=\"async\" loading=\"lazy\" class=\"aligncenter size-full wp-image-3607\" src=\"https:\/\/www.evento.love\/blog\/wp-content\/uploads\/2018\/11\/organizacion-de-boda-3.jpg\" alt=\"Organizaci\u00f3n de boda\" width=\"850\" height=\"638\" srcset=\"https:\/\/www.evento.love\/blog\/wp-content\/uploads\/2018\/11\/organizacion-de-boda-3.jpg 850w, https:\/\/www.evento.love\/blog\/wp-content\/uploads\/2018\/11\/organizacion-de-boda-3-300x225.jpg 300w, https:\/\/www.evento.love\/blog\/wp-content\/uploads\/2018\/11\/organizacion-de-boda-3-768x576.jpg 768w, https:\/\/www.evento.love\/blog\/wp-content\/uploads\/2018\/11\/organizacion-de-boda-3-360x270.jpg 360w\" sizes=\"(max-width: 850px) 100vw, 850px\" \/><\/p>\n<p>Este servicio es el m\u00e1s completo de todos y engloba todo lo que puedas necesitar para la organizaci\u00f3n y decoraci\u00f3n de tu boda. Nos reuniremos en cuanto vay\u00e1is a empezar con la organizaci\u00f3n y estaremos juntos a lo largo de todo el proceso, ayud\u00e1ndoos a disfrutar de cada momento.<\/p>\n<ul>\n<li>B\u00fasqueda de espacio: os haremos una propuesta acorde a vuestros gustos y n\u00famero de invitados y os acompa\u00f1aremos en las visitas.<\/li>\n<li>Documentaci\u00f3n. La parte m\u00e1s ardua de la boda son todos los papeles legales. Estaremos con vosotros y os asesoraremos para que no se os pase nada.<\/li>\n<li>Dise\u00f1o y decoraci\u00f3n. Elaboraremos un <em>moodboard<\/em> despu\u00e9s de conocer vuestros gustos y personalidades. A partir de ah\u00ed ajustaremos todo lo necesario para que la boda sea tal cual la so\u00f1asteis. \u00a1O mejor!<\/li>\n<li>B\u00fasqueda de proveedores. Os conseguiremos los mejores proveedores al mejor precio, y que por supuesto os garanticen el estilo que busc\u00e1is.<\/li>\n<li>Presupuesto. Coordinaremos el presupuesto total de la boda y estaremos al tanto de todas las facturas, contratos y pagos para que no se escape nada.<\/li>\n<li>Coordinaci\u00f3n del d\u00eda B. Organizaremos un <em>timing<\/em> detallado y coordinaremos a todos los proveedores que participen ese d\u00eda para que vosotros solo teng\u00e1is que disfrutar. Estaremos con vosotros desde el principio hasta que se vaya el \u00faltimo invitado.<\/li>\n<li>M\u00e1s servicios. Si quer\u00e9is una sesi\u00f3n de fotos preboda, una fiesta el d\u00eda anterior o cualquier otra celebraci\u00f3n diferente a la boda, os ayudaremos con la organizaci\u00f3n y decoraci\u00f3n para que sea un completo \u00e9xito.<\/li>\n<\/ul>\n<h2>Organizaci\u00f3n y decoraci\u00f3n parcial o a la carta<\/h2>\n<p>Si, por ejemplo, ya ten\u00e9is escogido el espacio de la boda pero necesit\u00e1is ayuda con la decoraci\u00f3n, esta es la opci\u00f3n perfecta para vosotros. Se trata de un pack a la carta, en el que vosotros contrat\u00e1is los servicios que necesit\u00e9is en funci\u00f3n de vuestra situaci\u00f3n.<\/p>\n<p><img decoding=\"async\" loading=\"lazy\" class=\"aligncenter size-full wp-image-3608\" src=\"https:\/\/www.evento.love\/blog\/wp-content\/uploads\/2018\/11\/organizacion-de-boda-4.jpg\" alt=\"Organizaci\u00f3n de boda\" width=\"850\" height=\"606\" srcset=\"https:\/\/www.evento.love\/blog\/wp-content\/uploads\/2018\/11\/organizacion-de-boda-4.jpg 850w, https:\/\/www.evento.love\/blog\/wp-content\/uploads\/2018\/11\/organizacion-de-boda-4-300x214.jpg 300w, https:\/\/www.evento.love\/blog\/wp-content\/uploads\/2018\/11\/organizacion-de-boda-4-768x548.jpg 768w, https:\/\/www.evento.love\/blog\/wp-content\/uploads\/2018\/11\/organizacion-de-boda-4-379x270.jpg 379w\" sizes=\"(max-width: 850px) 100vw, 850px\" \/><\/p>\n<h2>Coordinaci\u00f3n del d\u00eda B<\/h2>\n<p>Y si ya ten\u00e9is todo preparado pero no quer\u00e9is tener ninguna preocupaci\u00f3n el d\u00eda de la boda, os recomendamos escoger este servicio, en el que nosotros nos encargamos de todo durante vuestro gran d\u00eda. Antes de la boda nos reuniremos para que nos cont\u00e9is todos los detalles y os tomaremos el relevo para coordinar a todos los proveedores. \u00a1Todo saldr\u00e1 rodado!<\/p>\n<h2>Servicios<\/h2>\n<p>Entre los servicios que ofrecemos para la organizaci\u00f3n y decoraci\u00f3n de bodas se encuentran los siguientes:<\/p>\n<h3>B\u00fasqueda de espacio<\/h3>\n<p>Contamos con una red de <a href=\"https:\/\/www.evento.love\/tienda\/espacios\" target=\"_blank\" rel=\"noopener noreferrer\">espacios colaboradores de Madrid y alrededores<\/a>, y os recomendaremos los mejores y m\u00e1s profesionales acordes a vuestra boda so\u00f1ada.<\/p>\n<h3>Catering y mesas dulces<\/h3>\n<p>Nos encargaremos de daros las mejores opciones de catering y nuestro obrador os preparar\u00e1 la mejor <a href=\"https:\/\/www.evento.love\/tienda\/dulces\" target=\"_blank\" rel=\"noopener noreferrer\">reposter\u00eda<\/a> para vuestra mesa dulce.<\/p>\n<h3>Decoraci\u00f3n personalizada<\/h3>\n<p>No solo nos encargamos de decorar, sino que nos ocupamos de que cada detalle de la <a href=\"https:\/\/www.evento.love\/blog\/la-decoracion-personalizada-la-clave-para-una-boda-unica\/\" target=\"_blank\" rel=\"noopener noreferrer\">decoraci\u00f3n sea personalizado<\/a> con vuestra tem\u00e1tica: la decoraci\u00f3n con globos, las flores, el photocall, la mesa dulce y todos los rincones que quer\u00e1is incorporar.<\/p>\n<p><img decoding=\"async\" loading=\"lazy\" class=\"aligncenter size-full wp-image-3048\" src=\"https:\/\/www.evento.love\/blog\/wp-content\/uploads\/2018\/10\/decoracion-bodas-personalizada-2.jpg\" alt=\"decoraci\u00f3n de boda personalizada\" width=\"850\" height=\"567\" srcset=\"https:\/\/www.evento.love\/blog\/wp-content\/uploads\/2018\/10\/decoracion-bodas-personalizada-2.jpg 850w, https:\/\/www.evento.love\/blog\/wp-content\/uploads\/2018\/10\/decoracion-bodas-personalizada-2-300x200.jpg 300w, https:\/\/www.evento.love\/blog\/wp-content\/uploads\/2018\/10\/decoracion-bodas-personalizada-2-768x512.jpg 768w, https:\/\/www.evento.love\/blog\/wp-content\/uploads\/2018\/10\/decoracion-bodas-personalizada-2-405x270.jpg 405w\" sizes=\"(max-width: 850px) 100vw, 850px\" \/><\/p>\n<h3>Regalos y detalles para invitados<\/h3>\n<p>Contamos con un amplio cat\u00e1logo de <a href=\"https:\/\/www.evento.love\/tienda\/detalles-y-regalos\" target=\"_blank\" rel=\"noopener noreferrer\">detalles y regalos<\/a> para que vuestros invitados se lleven un maravilloso recuerdo de ese gran d\u00eda. Adem\u00e1s, nos encargaremos de colocarlos de manera acorde con la decoraci\u00f3n.<\/p>\n<h3>Animaci\u00f3n<\/h3>\n<p>Y c\u00f3mo no, os ayudaremos en la b\u00fasqueda de DJ, orquestas, m\u00fasica en directo, animaci\u00f3n infantil y todo lo que quer\u00e1is para animar a vuestros invitados y que todos se lo pasen en grande.<\/p>\n<p>Si quieres saber m\u00e1s sobre nuestros servicios de wedding planner y decoraci\u00f3n de bodas, no dudes en escribirnos a <a href=\"mailto:hola@evento.love\" target=\"_blank\" rel=\"noopener noreferrer\">hola@evento.love<\/a> y encontraremos el que m\u00e1s se adecue a vuestras necesidades. \u00a1Os esperamos!<\/p>\n<p>&#8211;<\/p>\n<p>If you want to know more about our wedding planner and wedding decoration services, do not hesitate to write us to <a href=\"mailto:hola@evento.love\" target=\"_blank\" rel=\"noopener noreferrer\">hola@evento.love<\/a> and we will find the one that best suits your needs. We wait for you!<\/p>\n    <div class=\"related-post grid\">\r\n                <div class=\"headline\">M\u00e1s art\u00edculos a tener en cuenta<\/div>\r\n        <div class=\"post-list \">\r\n\r\n                        <div class=\"item\">\r\n                        <div class=\"thumb post_thumb\">\r\n        <a  title=\"5+1 ideas imprescindibles para dar un toque especial a tu boda\" href=\"https:\/\/www.evento.love\/blog\/ideas-imprescindibles-tu-boda-madrid\/\">\r\n\r\n            <img width=\"150\" height=\"150\" src=\"https:\/\/www.evento.love\/blog\/wp-content\/uploads\/2017\/04\/17_04_01-150x150.jpg\" class=\"attachment-thumbnail size-thumbnail wp-post-image\" alt=\"Ideas para tu boda organizaci\u00f3n eventos madrid\" decoding=\"async\" loading=\"lazy\" \/>\r\n\r\n        <\/a>\r\n    <\/div>\r\n\r\n    <a class=\"title post_title\"  title=\"5+1 ideas imprescindibles para dar un toque especial a tu boda\" href=\"https:\/\/www.evento.love\/blog\/ideas-imprescindibles-tu-boda-madrid\/\">\r\n                5+1 ideas imprescindibles para dar un toque especial a tu boda    <\/a>\r\n\r\n                <\/div>\r\n                            <div class=\"item\">\r\n                        <div class=\"thumb post_thumb\">\r\n        <a  title=\"\u00bfQu\u00e9 es una preboda?\" href=\"https:\/\/www.evento.love\/blog\/que-es-una-preboda-madrid\/\">\r\n\r\n            <img width=\"150\" height=\"150\" src=\"https:\/\/www.evento.love\/blog\/wp-content\/uploads\/2017\/04\/17_04_15-150x150.jpg\" class=\"attachment-thumbnail size-thumbnail wp-post-image\" alt=\"preboda boda fotograf\u00eda novios madrid\" decoding=\"async\" loading=\"lazy\" \/>\r\n\r\n        <\/a>\r\n    <\/div>\r\n\r\n    <a class=\"title post_title\"  title=\"\u00bfQu\u00e9 es una preboda?\" href=\"https:\/\/www.evento.love\/blog\/que-es-una-preboda-madrid\/\">\r\n                \u00bfQu\u00e9 es una preboda?    <\/a>\r\n\r\n                <\/div>\r\n                            <div class=\"item\">\r\n                        <div class=\"thumb post_thumb\">\r\n        <a  title=\"Consejos para organizar una sesi\u00f3n postboda\" href=\"https:\/\/www.evento.love\/blog\/consejos-sesion-postboda-madrid\/\">\r\n\r\n            <img width=\"150\" height=\"150\" src=\"https:\/\/www.evento.love\/blog\/wp-content\/uploads\/2017\/05\/17_05_10-150x150.jpg\" class=\"attachment-thumbnail size-thumbnail wp-post-image\" alt=\"Consejos para una sesi\u00f3n de fotograf\u00eda postboda en Madrid\" decoding=\"async\" loading=\"lazy\" \/>\r\n\r\n        <\/a>\r\n    <\/div>\r\n\r\n    <a class=\"title post_title\"  title=\"Consejos para organizar una sesi\u00f3n postboda\" href=\"https:\/\/www.evento.love\/blog\/consejos-sesion-postboda-madrid\/\">\r\n                Consejos para organizar una sesi\u00f3n postboda    <\/a>\r\n\r\n                <\/div>\r\n                            <div class=\"item\">\r\n                        <div class=\"thumb post_thumb\">\r\n        <a  title=\"Cinco hermosos textos para leer en una boda\" href=\"https:\/\/www.evento.love\/blog\/cinco-hermosos-textos-pueden-leer-boda\/\">\r\n\r\n            <img width=\"150\" height=\"150\" src=\"https:\/\/www.evento.love\/blog\/wp-content\/uploads\/2017\/06\/16_06_08-150x150.jpg\" class=\"attachment-thumbnail size-thumbnail wp-post-image\" alt=\"textos para leer en una boda religiosa civil madrid\" decoding=\"async\" loading=\"lazy\" \/>\r\n\r\n        <\/a>\r\n    <\/div>\r\n\r\n    <a class=\"title post_title\"  title=\"Cinco hermosos textos para leer en una boda\" href=\"https:\/\/www.evento.love\/blog\/cinco-hermosos-textos-pueden-leer-boda\/\">\r\n                Cinco hermosos textos para leer en una boda    <\/a>\r\n\r\n                <\/div>\r\n            \r\n    <\/div>\r\n\r\n    <script>\r\n            <\/script>\r\n    <style>\r\n        .related-post {}\r\n\r\n        .related-post .post-list {\r\n            text-align: left;\r\n                    }\r\n\r\n        .related-post .post-list .item {\r\n            margin: 5px 10px;\r\n            padding: 0px;\r\n                    }\r\n\r\n        .related-post .headline {\r\n            font-size: 24px !important;\r\n            color: #000000 !important;\r\n                    }\r\n\r\n        .related-post .headline{\r\nfont-weight:400 !important;\r\ntext-transform: uppercase;\r\n}.related-post .post-list .item .post_thumb {\r\n            max-height: 180px;\r\n            margin: 10px 0px;\r\n            padding: 0px;\r\n            display: block;\r\n                    }\r\n\r\n        .related-post .post-list .item .post_title {\r\n            font-size: 12px;\r\n            color: #607d8b;\r\n            margin: 10px 0px;\r\n            padding: 0px;\r\n            display: block;\r\n            text-decoration: none;\r\n                    }\r\n\r\n        .related-post .post-list .item .post_excerpt {\r\n            font-size: 13px;\r\n            color: #3f3f3f;\r\n            margin: 10px 0px;\r\n            padding: 0px;\r\n            display: block;\r\n            text-decoration: none;\r\n                    }\r\n\r\n        @media only screen and (min-width: 1024px) {\r\n            .related-post .post-list .item {\r\n                width: 22%;\r\n            }\r\n        }\r\n\r\n        @media only screen and (min-width: 768px) and (max-width: 1023px) {\r\n            .related-post .post-list .item {\r\n                width: 90%;\r\n            }\r\n        }\r\n\r\n        @media only screen and (min-width: 0px) and (max-width: 767px) {\r\n            .related-post .post-list .item {\r\n                width: 30%;\r\n            }\r\n        }\r\n\r\n            <\/style>\r\n        <\/div>\r\n<!-- AddThis Advanced Settings generic via filter on the_content --><!-- AddThis Share Buttons generic via filter on the_content -->","protected":false},"excerpt":{"rendered":"<p>Si est\u00e1is empezando a organizar vuestra boda, es posible que os encontr\u00e9is abrumados a la hora de empezar a tomar decisiones y buscar proveedores. M\u00e1s art\u00edculos a tener en cuenta Juegos y actividades en tu baby shower C\u00f3mo inmortalizar tu baby shower Juegos en el baby shower Un beb\u00e9 en camino \u00bfBaby shower o bautizo?<!-- AddThis Advanced Settings generic via filter on get_the_excerpt --><!-- AddThis Share Buttons generic via filter on get_the_excerpt --><\/p>\n    <div class=\"related-post grid\">\r\n                <div class=\"headline\">M\u00e1s art\u00edculos a tener en cuenta<\/div>\r\n        <div class=\"post-list \">\r\n\r\n                        <div class=\"item\">\r\n                        <div class=\"thumb post_thumb\">\r\n        <a  title=\"Baby Shower, mucho m\u00e1s que un evento social\" href=\"https:\/\/www.evento.love\/blog\/baby-shower-evento-social-madrid\/\">\r\n\r\n            <img width=\"150\" height=\"150\" src=\"https:\/\/www.evento.love\/blog\/wp-content\/uploads\/2016\/07\/babyshower-150x150.jpg\" class=\"attachment-thumbnail size-thumbnail wp-post-image\" alt=\"baby shower-fiesta-beb\u00e9-embarazo-embarazada\" decoding=\"async\" loading=\"lazy\" \/>\r\n\r\n        <\/a>\r\n    <\/div>\r\n\r\n    <a class=\"title post_title\"  title=\"Baby Shower, mucho m\u00e1s que un evento social\" href=\"https:\/\/www.evento.love\/blog\/baby-shower-evento-social-madrid\/\">\r\n                Baby Shower, mucho m\u00e1s que un evento social    <\/a>\r\n\r\n                <\/div>\r\n                            <div class=\"item\">\r\n                        <div class=\"thumb post_thumb\">\r\n        <a  title=\"12 consejos para un Baby Shower perfecto\" href=\"https:\/\/www.evento.love\/blog\/12-consejos-baby-shower-perfecto-madrid\/\">\r\n\r\n            <img width=\"150\" height=\"150\" src=\"https:\/\/www.evento.love\/blog\/wp-content\/uploads\/2016\/09\/16_05_20_12_consejos-para-que-tu-Baby-Shower-sea-perfecto-150x150.jpg\" class=\"attachment-thumbnail size-thumbnail wp-post-image\" alt=\"Baby Shower-perfecto-beb\u00e9-embarazado-embarazada-fiesta-babyshower\" decoding=\"async\" loading=\"lazy\" \/>\r\n\r\n        <\/a>\r\n    <\/div>\r\n\r\n    <a class=\"title post_title\"  title=\"12 consejos para un Baby Shower perfecto\" href=\"https:\/\/www.evento.love\/blog\/12-consejos-baby-shower-perfecto-madrid\/\">\r\n                12 consejos para un Baby Shower perfecto    <\/a>\r\n\r\n                <\/div>\r\n                            <div class=\"item\">\r\n                        <div class=\"thumb post_thumb\">\r\n        <a  title=\"Cu\u00e1ndo hacer el Baby Shower\" href=\"https:\/\/www.evento.love\/blog\/cuando-hacer-el-baby-shower-madrid\/\">\r\n\r\n            <img width=\"150\" height=\"150\" src=\"https:\/\/www.evento.love\/blog\/wp-content\/uploads\/2016\/09\/16_05_23_Cuando-hacer-el-Baby-Shower-150x150.jpg\" class=\"attachment-thumbnail size-thumbnail wp-post-image\" alt=\"Cu\u00e1ndo hacer el baby shower beb\u00e9 embarazo fiesta en Madrid\" decoding=\"async\" loading=\"lazy\" \/>\r\n\r\n        <\/a>\r\n    <\/div>\r\n\r\n    <a class=\"title post_title\"  title=\"Cu\u00e1ndo hacer el Baby Shower\" href=\"https:\/\/www.evento.love\/blog\/cuando-hacer-el-baby-shower-madrid\/\">\r\n                Cu\u00e1ndo hacer el Baby Shower    <\/a>\r\n\r\n                <\/div>\r\n                            <div class=\"item\">\r\n                        <div class=\"thumb post_thumb\">\r\n        <a  title=\"\u00bfQui\u00e9n debe organizar el Baby Shower?\" href=\"https:\/\/www.evento.love\/blog\/quien-organizar-baby-shower-madrid\/\">\r\n\r\n            <img width=\"150\" height=\"150\" src=\"https:\/\/www.evento.love\/blog\/wp-content\/uploads\/2016\/09\/16_05_29_Qui\u00e9n-organiza-el-Baby-Shower-150x150.jpg\" class=\"attachment-thumbnail size-thumbnail wp-post-image\" alt=\"Organizaci\u00f3n Baby Shower Madrid fiesta beb\u00e9 embarazada\" decoding=\"async\" loading=\"lazy\" \/>\r\n\r\n        <\/a>\r\n    <\/div>\r\n\r\n    <a class=\"title post_title\"  title=\"\u00bfQui\u00e9n debe organizar el Baby Shower?\" href=\"https:\/\/www.evento.love\/blog\/quien-organizar-baby-shower-madrid\/\">\r\n                \u00bfQui\u00e9n debe organizar el Baby Shower?    <\/a>\r\n\r\n                <\/div>\r\n            \r\n    <\/div>\r\n\r\n    <script>\r\n            <\/script>\r\n    <style>\r\n        .related-post {}\r\n\r\n        .related-post .post-list {\r\n            text-align: left;\r\n                    }\r\n\r\n        .related-post .post-list .item {\r\n            margin: 5px 10px;\r\n            padding: 0px;\r\n                    }\r\n\r\n        .related-post .headline {\r\n            font-size: 24px !important;\r\n            color: #000000 !important;\r\n                    }\r\n\r\n        .related-post .headline{\r\nfont-weight:400 !important;\r\ntext-transform: uppercase;\r\n}.related-post .post-list .item .post_thumb {\r\n            max-height: 180px;\r\n            margin: 10px 0px;\r\n            padding: 0px;\r\n            display: block;\r\n                    }\r\n\r\n        .related-post .post-list .item .post_title {\r\n            font-size: 12px;\r\n            color: #607d8b;\r\n            margin: 10px 0px;\r\n            padding: 0px;\r\n            display: block;\r\n            text-decoration: none;\r\n                    }\r\n\r\n        .related-post .post-list .item .post_excerpt {\r\n            font-size: 13px;\r\n            color: #3f3f3f;\r\n            margin: 10px 0px;\r\n            padding: 0px;\r\n            display: block;\r\n            text-decoration: none;\r\n                    }\r\n\r\n        @media only screen and (min-width: 1024px) {\r\n            .related-post .post-list .item {\r\n                width: 22%;\r\n            }\r\n        }\r\n\r\n        @media only screen and (min-width: 768px) and (max-width: 1023px) {\r\n            .related-post .post-list .item {\r\n                width: 90%;\r\n            }\r\n        }\r\n\r\n        @media only screen and (min-width: 0px) and (max-width: 767px) {\r\n            .related-post .post-list .item {\r\n                width: 30%;\r\n            }\r\n        }\r\n\r\n            <\/style>\r\n        <\/div>\r\n","protected":false},"author":1,"featured_media":3607,"comment_status":"closed","ping_status":"open","sticky":false,"template":"","format":"standard","meta":{"content-type":""},"categories":[756],"tags":[987,1072,979,851,888],"yoast_head":"<!-- This site is optimized with the Yoast SEO plugin v20.7 - https:\/\/yoast.com\/wordpress\/plugins\/seo\/ -->\n<title>Organizamos y decoramos tu boda a medida - El Blog de evento.love<\/title>\n<meta name=\"description\" content=\"Escoge el servicio de organizaci\u00f3n de boda y decoraci\u00f3n adecuado para tu gran d\u00eda y te ayudaremos con todo lo necesario para que sea un \u00e9xito.\" \/>\n<meta name=\"robots\" content=\"index, follow, max-snippet:-1, max-image-preview:large, max-video-preview:-1\" \/>\n<meta property=\"og:locale\" content=\"es_ES\" \/>\n<meta property=\"og:type\" content=\"article\" \/>\n<meta property=\"og:title\" content=\"Organizamos y decoramos tu boda a medida - El Blog de evento.love\" \/>\n<meta property=\"og:description\" content=\"Escoge el servicio de organizaci\u00f3n de boda y decoraci\u00f3n adecuado para tu gran d\u00eda y te ayudaremos con todo lo necesario para que sea un \u00e9xito.\" \/>\n<meta property=\"og:url\" content=\"https:\/\/www.evento.love\/blog\/organizamos-y-decoramos-tu-boda-a-medida\/\" \/>\n<meta property=\"og:site_name\" content=\"El Blog de evento.love\" \/>\n<meta property=\"article:publisher\" content=\"https:\/\/www.facebook.com\/Evento.love\/\" \/>\n<meta property=\"article:published_time\" content=\"2018-11-27T08:00:08+00:00\" \/>\n<meta property=\"article:modified_time\" content=\"2019-07-18T22:17:53+00:00\" \/>\n<meta property=\"og:image\" content=\"https:\/\/www.evento.love\/blog\/wp-content\/uploads\/2018\/11\/organizacion-de-boda-3.jpg\" \/>\n\t<meta property=\"og:image:width\" content=\"850\" \/>\n\t<meta property=\"og:image:height\" content=\"638\" \/>\n\t<meta property=\"og:image:type\" content=\"image\/jpeg\" \/>\n<meta name=\"author\" content=\"Evento Love\" \/>\n<meta name=\"twitter:card\" content=\"summary_large_image\" \/>\n<meta name=\"twitter:creator\" content=\"@Evento_love\" \/>\n<meta name=\"twitter:site\" content=\"@Evento_love\" \/>\n<meta name=\"twitter:label1\" content=\"Escrito por\" \/>\n\t<meta name=\"twitter:data1\" content=\"Evento Love\" \/>\n\t<meta name=\"twitter:label2\" content=\"Tiempo de lectura\" \/>\n\t<meta name=\"twitter:data2\" content=\"4 minutos\" \/>\n<!-- \/ Yoast SEO plugin. -->","yoast_head_json":{"title":"Organizamos y decoramos tu boda a medida - El Blog de evento.love","description":"Escoge el servicio de organizaci\u00f3n de boda y decoraci\u00f3n adecuado para tu gran d\u00eda y te ayudaremos con todo lo necesario para que sea un \u00e9xito.","robots":{"index":"index","follow":"follow","max-snippet":"max-snippet:-1","max-image-preview":"max-image-preview:large","max-video-preview":"max-video-preview:-1"},"og_locale":"es_ES","og_type":"article","og_title":"Organizamos y decoramos tu boda a medida - El Blog de evento.love","og_description":"Escoge el servicio de organizaci\u00f3n de boda y decoraci\u00f3n adecuado para tu gran d\u00eda y te ayudaremos con todo lo necesario para que sea un \u00e9xito.","og_url":"https:\/\/www.evento.love\/blog\/organizamos-y-decoramos-tu-boda-a-medida\/","og_site_name":"El Blog de evento.love","article_publisher":"https:\/\/www.facebook.com\/Evento.love\/","article_published_time":"2018-11-27T08:00:08+00:00","article_modified_time":"2019-07-18T22:17:53+00:00","og_image":[{"width":850,"height":638,"url":"https:\/\/www.evento.love\/blog\/wp-content\/uploads\/2018\/11\/organizacion-de-boda-3.jpg","type":"image\/jpeg"}],"author":"Evento Love","twitter_card":"summary_large_image","twitter_creator":"@Evento_love","twitter_site":"@Evento_love","twitter_misc":{"Escrito por":"Evento Love","Tiempo de lectura":"4 minutos"},"schema":{"@context":"https:\/\/schema.org","@graph":[{"@type":"Article","@id":"https:\/\/www.evento.love\/blog\/organizamos-y-decoramos-tu-boda-a-medida\/#article","isPartOf":{"@id":"https:\/\/www.evento.love\/blog\/organizamos-y-decoramos-tu-boda-a-medida\/"},"author":{"name":"Evento Love","@id":"https:\/\/www.evento.love\/blog\/#\/schema\/person\/a184c2ed424b7fb3006372ce8051542c"},"headline":"Organizamos y decoramos tu boda a medida","datePublished":"2018-11-27T08:00:08+00:00","dateModified":"2019-07-18T22:17:53+00:00","mainEntityOfPage":{"@id":"https:\/\/www.evento.love\/blog\/organizamos-y-decoramos-tu-boda-a-medida\/"},"wordCount":779,"publisher":{"@id":"https:\/\/www.evento.love\/blog\/#organization"},"keywords":["bodas 2019","coordinaci\u00f3n de boda","decoraci\u00f3n de boda","organizaci\u00f3n de boda","wedding planner"],"articleSection":["Bodas"],"inLanguage":"es"},{"@type":"WebPage","@id":"https:\/\/www.evento.love\/blog\/organizamos-y-decoramos-tu-boda-a-medida\/","url":"https:\/\/www.evento.love\/blog\/organizamos-y-decoramos-tu-boda-a-medida\/","name":"Organizamos y decoramos tu boda a medida - El Blog de evento.love","isPartOf":{"@id":"https:\/\/www.evento.love\/blog\/#website"},"datePublished":"2018-11-27T08:00:08+00:00","dateModified":"2019-07-18T22:17:53+00:00","description":"Escoge el servicio de organizaci\u00f3n de boda y decoraci\u00f3n adecuado para tu gran d\u00eda y te ayudaremos con todo lo necesario para que sea un \u00e9xito.","breadcrumb":{"@id":"https:\/\/www.evento.love\/blog\/organizamos-y-decoramos-tu-boda-a-medida\/#breadcrumb"},"inLanguage":"es","potentialAction":[{"@type":"ReadAction","target":["https:\/\/www.evento.love\/blog\/organizamos-y-decoramos-tu-boda-a-medida\/"]}]},{"@type":"BreadcrumbList","@id":"https:\/\/www.evento.love\/blog\/organizamos-y-decoramos-tu-boda-a-medida\/#breadcrumb","itemListElement":[{"@type":"ListItem","position":1,"name":"Evento.love","item":"https:\/\/www.evento.love\/blog\/"},{"@type":"ListItem","position":2,"name":"Bodas","item":"https:\/\/www.evento.love\/blog\/category\/bodas\/"},{"@type":"ListItem","position":3,"name":"Organizamos y decoramos tu boda a medida"}]},{"@type":"WebSite","@id":"https:\/\/www.evento.love\/blog\/#website","url":"https:\/\/www.evento.love\/blog\/","name":"El Blog de evento.love","description":"T\u00fa lo mereces. Disfruta de tu momento","publisher":{"@id":"https:\/\/www.evento.love\/blog\/#organization"},"potentialAction":[{"@type":"SearchAction","target":{"@type":"EntryPoint","urlTemplate":"https:\/\/www.evento.love\/blog\/?s={search_term_string}"},"query-input":"required name=search_term_string"}],"inLanguage":"es"},{"@type":"Organization","@id":"https:\/\/www.evento.love\/blog\/#organization","name":"evento.love","url":"https:\/\/www.evento.love\/blog\/","logo":{"@type":"ImageObject","inLanguage":"es","@id":"https:\/\/www.evento.love\/blog\/#\/schema\/logo\/image\/","url":"https:\/\/www.evento.love\/blog\/wp-content\/uploads\/2016\/07\/logo-evento-love.png","contentUrl":"https:\/\/www.evento.love\/blog\/wp-content\/uploads\/2016\/07\/logo-evento-love.png","width":197,"height":59,"caption":"evento.love"},"image":{"@id":"https:\/\/www.evento.love\/blog\/#\/schema\/logo\/image\/"},"sameAs":["https:\/\/www.facebook.com\/Evento.love\/","https:\/\/twitter.com\/Evento_love","https:\/\/www.instagram.com\/evento.love\/","https:\/\/es.pinterest.com\/evento_love\/","https:\/\/www.youtube.com\/channel\/UCcVbo6ymzx-7FlDJja8aQnw"]},{"@type":"Person","@id":"https:\/\/www.evento.love\/blog\/#\/schema\/person\/a184c2ed424b7fb3006372ce8051542c","name":"Evento Love"}]}},"_links":{"self":[{"href":"https:\/\/www.evento.love\/blog\/wp-json\/wp\/v2\/posts\/3419"}],"collection":[{"href":"https:\/\/www.evento.love\/blog\/wp-json\/wp\/v2\/posts"}],"about":[{"href":"https:\/\/www.evento.love\/blog\/wp-json\/wp\/v2\/types\/post"}],"author":[{"embeddable":true,"href":"https:\/\/www.evento.love\/blog\/wp-json\/wp\/v2\/users\/1"}],"replies":[{"embeddable":true,"href":"https:\/\/www.evento.love\/blog\/wp-json\/wp\/v2\/comments?post=3419"}],"version-history":[{"count":8,"href":"https:\/\/www.evento.love\/blog\/wp-json\/wp\/v2\/posts\/3419\/revisions"}],"predecessor-version":[{"id":4943,"href":"https:\/\/www.evento.love\/blog\/wp-json\/wp\/v2\/posts\/3419\/revisions\/4943"}],"wp:featuredmedia":[{"embeddable":true,"href":"https:\/\/www.evento.love\/blog\/wp-json\/wp\/v2\/media\/3607"}],"wp:attachment":[{"href":"https:\/\/www.evento.love\/blog\/wp-json\/wp\/v2\/media?parent=3419"}],"wp:term":[{"taxonomy":"category","embeddable":true,"href":"https:\/\/www.evento.love\/blog\/wp-json\/wp\/v2\/categories?post=3419"},{"taxonomy":"post_tag","embeddable":true,"href":"https:\/\/www.evento.love\/blog\/wp-json\/wp\/v2\/tags?post=3419"}],"curies":[{"name":"wp","href":"https:\/\/api.w.org\/{rel}","templated":true}]}}