{"id":3520,"date":"2018-12-10T12:00:10","date_gmt":"2018-12-10T10:00:10","guid":{"rendered":"https:\/\/www.evento.love\/blog\/?p=3520"},"modified":"2019-07-19T00:17:52","modified_gmt":"2019-07-18T22:17:52","slug":"el-timing-del-dia-de-la-boda-paso-a-paso","status":"publish","type":"post","link":"https:\/\/www.evento.love\/blog\/el-timing-del-dia-de-la-boda-paso-a-paso\/","title":{"rendered":"El timing de la boda: paso a paso"},"content":{"rendered":"<p>Uno de los aspectos principales en los que te debes fijar a la hora de organizar una boda, son los tiempos que requiere cada momento de los preparativos y de la celebraci\u00f3n.<!--more--><\/p>\n<p>Para nosotros, que somos <a href=\"https:\/\/www.evento.love\/bodas\/index.html\" target=\"_blank\" rel=\"noopener noreferrer\">wedding planners<\/a>, el timing va mucho m\u00e1s all\u00e1. Nos permite saber con exactitud las horas y minutos y el listado de proveedores que participan en cada momento (ejemplo: peluquer\u00eda), para tenerlo todo controlado.<\/p>\n<p>Si te vas a casar en los pr\u00f3ximos meses y no tienes claro como empezar a organizarlo todo, te mostramos los tiempos que manejar\u00e1s el d\u00eda de la boda para que todo encaje a la perfecci\u00f3n. \u00a1Vamos all\u00e1!<\/p>\n<h2>La ceremonia<\/h2>\n<p>Una ceremonia religiosa en Espa\u00f1a suele durar unos <strong>45 minutos &#8211; 1 hora<\/strong> y generalmente comienza puntual, ya que tanto el sacerdote como la iglesia pueden tener compromisos antes o despu\u00e9s de la boda. Las bodas civiles el tiempo es m\u00e1s flexible, ya que m\u00e1s all\u00e1 de los textos legales (que no suelen durar mucho), la pod\u00e9is estructurar como quer\u00e1is: escoger m\u00e1s o menos lecturas, pedir a algunos seres queridos que den unas palabras o incluso darlas vosotros. No obstante, os recomendamos que no dure m\u00e1s de 1 hora en ning\u00fan caso, para que no se haga demasiado pesada, especialmente si no todos os invitados est\u00e1n sentados o el sol aprieta.<\/p>\n<p>Debes contar con que deber\u00e1s disponer de <strong>3-4 horas<\/strong> para prepararte tranquilamente: peluquer\u00eda, maquillaje y vestido, as\u00ed como para tomarte fotos tranquilamente de ese momento tan bonito para recordar.<\/p>\n<p>Si la ceremonia es de ma\u00f1ana, pongamos sobre la 1, te recomendamos madrugar para no ir con prisas y que todo vaya sobre ruedas. Se trata de disfrutar el momento completamente.<\/p>\n<figure id=\"attachment_3525\" aria-describedby=\"caption-attachment-3525\" style=\"width: 850px\" class=\"wp-caption aligncenter\"><img decoding=\"async\" loading=\"lazy\" class=\"wp-image-3525 size-full\" src=\"https:\/\/www.evento.love\/blog\/wp-content\/uploads\/2018\/12\/timing-boda-2.jpg\" alt=\"Timing de la boda\" width=\"850\" height=\"638\" srcset=\"https:\/\/www.evento.love\/blog\/wp-content\/uploads\/2018\/12\/timing-boda-2.jpg 850w, https:\/\/www.evento.love\/blog\/wp-content\/uploads\/2018\/12\/timing-boda-2-300x225.jpg 300w, https:\/\/www.evento.love\/blog\/wp-content\/uploads\/2018\/12\/timing-boda-2-768x576.jpg 768w, https:\/\/www.evento.love\/blog\/wp-content\/uploads\/2018\/12\/timing-boda-2-360x270.jpg 360w\" sizes=\"(max-width: 850px) 100vw, 850px\" \/><figcaption id=\"caption-attachment-3525\" class=\"wp-caption-text\">Boda en colaboraci\u00f3n con De Blanco y Menta.<\/figcaption><\/figure>\n<h2>El c\u00f3ctel<\/h2>\n<p>Tras la ceremonia, los invitados pasan a disfrutar de un c\u00f3ctel mientras los novios suelen hacerse fotos aprovechando la luz del d\u00eda y los diferentes escenarios de la finca. El c\u00f3ctel suele durar <strong>1 hora y media &#8211; dos horas<\/strong> aproximadamente. Os recomendamos concretar previamente en una reuni\u00f3n con vuestro fot\u00f3grafo el tipo de fotograf\u00edas que quer\u00e9is, vuestro estilo y localizaciones para que al menos, pod\u00e1is disfrutar de un buen rato de c\u00f3ctel. No nos gusta que nuestros novios se queden sin probar bocado&#8230;<\/p>\n<h2>La recepci\u00f3n<\/h2>\n<p>Y por fin, llega el banquete, una comida y cena que por lo general, y m\u00e1s en Espa\u00f1a, suele demorarse demasiado. Unas <strong>dos-tres horas<\/strong> suele ser la media de duraci\u00f3n, aunque todo depende del men\u00fa y de si hay sorpresas o no durante la recepci\u00f3n (discursos, v\u00eddeos emotivos, etc.).<\/p>\n<p>La clave aqu\u00ed ser\u00e1 la m\u00fasica. El <a href=\"https:\/\/www.evento.love\/blog\/category\/musica-y-animacion\/\" target=\"_blank\" rel=\"noopener noreferrer\">DJ<\/a> deber\u00e1 estar preparado para que, una vez se termine el postre, comience con una m\u00fasica sutil para animar el momento &#8220;licor&#8221; y los invitados comiencen a animarse. Esto evitar\u00e1 la brusca transici\u00f3n entre estar en una sala de banquetes y pasar a la discoteca con apenas cruzar una puerta.<\/p>\n<p><img decoding=\"async\" loading=\"lazy\" class=\"aligncenter size-full wp-image-3526\" src=\"https:\/\/www.evento.love\/blog\/wp-content\/uploads\/2018\/12\/timing-boda-1.jpg\" alt=\"\" width=\"850\" height=\"606\" srcset=\"https:\/\/www.evento.love\/blog\/wp-content\/uploads\/2018\/12\/timing-boda-1.jpg 850w, https:\/\/www.evento.love\/blog\/wp-content\/uploads\/2018\/12\/timing-boda-1-300x214.jpg 300w, https:\/\/www.evento.love\/blog\/wp-content\/uploads\/2018\/12\/timing-boda-1-768x548.jpg 768w, https:\/\/www.evento.love\/blog\/wp-content\/uploads\/2018\/12\/timing-boda-1-379x270.jpg 379w\" sizes=\"(max-width: 850px) 100vw, 850px\" \/><\/p>\n<h2>La fiesta<\/h2>\n<p>Llegados a este punto ya podr\u00e9is relajaros y disfrutar m\u00e1s aun de la celebraci\u00f3n. No obstante, os aconsejamos preguntar cuanto antes al <a href=\"https:\/\/www.evento.love\/tienda\/espacios\" target=\"_blank\" rel=\"noopener noreferrer\">espacio<\/a> la hora l\u00edmite de la barra libre para que, si lo dese\u00e1is, pod\u00e1is contratar m\u00e1s horas o incluso reservar otro espacio para continuar la fiesta.<\/p>\n<p>Si est\u00e1is pensando en ofrecer recena o <a href=\"https:\/\/www.evento.love\/blog\/tendencias-de-boda-de-candy-bar-a-mesas-dulces\/\" target=\"_blank\" rel=\"noopener noreferrer\">mesa dulce<\/a>, procurad sacarlo a una hora razonable y dejarlo organizado para que no teng\u00e1is que preocuparos por nada.<\/p>\n<h3>A tener en cuenta<\/h3>\n<ul>\n<li>Deb\u00e9is contar con que el proceso de dirigir a los invitados de la ceremonia al c\u00f3ctel, y del c\u00f3ctel al banquete, puede tomar una media hora.<\/li>\n<li>Si la ceremonia y la recepci\u00f3n de la boda se lleva a cabo en dos lugares diferentes, sumad el tiempo que tardar\u00e9is en trasladaros de un lado a otro, para determinar un timing lo m\u00e1s realista posible.<\/li>\n<li>Para que los tiempos no se dilaten y los invitados disfruten en todo momento, contar con una wedding planner ser\u00e1 la soluci\u00f3n perfecta. Conoce al dedillo los tiempos e imprevistos que puedan surgir y lograr\u00e1 que no haya tiempos muertos entre las diferentes localizaciones.<\/li>\n<\/ul>\n<p>Si quieres que te ayudemos a <a href=\"https:\/\/www.evento.love\/bodas\/index.html\" target=\"_blank\" rel=\"noopener noreferrer\">organizar el timing de la boda y a dise\u00f1arla<\/a> para que sea perfecta, no dudes en contactarnos en <a href=\"mailto:hola@evento.love\" target=\"_blank\" rel=\"noopener noreferrer\">hola@evento.love<\/a>.<\/p>\n<p>&#8211;<\/p>\n<p>If you want us to help you organizing your <a href=\"https:\/\/www.evento.love\/bodas\/index.html\" target=\"_blank\" rel=\"noopener noreferrer\">wedding timing and designing your big day<\/a>, do not hesitate to contact us at <a href=\"mailto:hola@evento.love\" target=\"_blank\" rel=\"noopener noreferrer\">hola@evento.love<\/a>.<\/p>\n    <div class=\"related-post grid\">\r\n                <div class=\"headline\">M\u00e1s art\u00edculos a tener en cuenta<\/div>\r\n        <div class=\"post-list \">\r\n\r\n                        <div class=\"item\">\r\n                        <div class=\"thumb post_thumb\">\r\n        <a  title=\"C\u00f3mo inmortalizar tu baby shower\" href=\"https:\/\/www.evento.love\/blog\/inmortalizar-baby-shower-madrid\/\">\r\n\r\n            <img width=\"150\" height=\"150\" src=\"https:\/\/www.evento.love\/blog\/wp-content\/uploads\/2016\/09\/16_06_30_C\u00f3mo-inmortalizar-tu-baby-shower-150x150.jpg\" class=\"attachment-thumbnail size-thumbnail wp-post-image\" alt=\"\" decoding=\"async\" loading=\"lazy\" \/>\r\n\r\n        <\/a>\r\n    <\/div>\r\n\r\n    <a class=\"title post_title\"  title=\"C\u00f3mo inmortalizar tu baby shower\" href=\"https:\/\/www.evento.love\/blog\/inmortalizar-baby-shower-madrid\/\">\r\n                C\u00f3mo inmortalizar tu baby shower    <\/a>\r\n\r\n                <\/div>\r\n                            <div class=\"item\">\r\n                        <div class=\"thumb post_thumb\">\r\n        <a  title=\"C\u00f3mo crear un fotomat\u00f3n o photocall para tu fiesta\" href=\"https:\/\/www.evento.love\/blog\/crear-fotomaton-photocall-fiesta-madrid\/\">\r\n\r\n            <img width=\"150\" height=\"150\" src=\"https:\/\/www.evento.love\/blog\/wp-content\/uploads\/2016\/11\/C\u00d3MO-CREAR-UN-FOTOMAT\u00d3N-O-PHOTOCALL-PARA-TU-FIESTA-150x150.jpg\" class=\"attachment-thumbnail size-thumbnail wp-post-image\" alt=\"C\u00d3MO CREAR UN FOTOMAT\u00d3N O PHOTOCALL PARA TU FIESTA\" decoding=\"async\" loading=\"lazy\" \/>\r\n\r\n        <\/a>\r\n    <\/div>\r\n\r\n    <a class=\"title post_title\"  title=\"C\u00f3mo crear un fotomat\u00f3n o photocall para tu fiesta\" href=\"https:\/\/www.evento.love\/blog\/crear-fotomaton-photocall-fiesta-madrid\/\">\r\n                C\u00f3mo crear un fotomat\u00f3n o photocall para tu fiesta    <\/a>\r\n\r\n                <\/div>\r\n                            <div class=\"item\">\r\n                        <div class=\"thumb post_thumb\">\r\n        <a  title=\"8 ideas para utilizar pizarras en tu fiesta\" href=\"https:\/\/www.evento.love\/blog\/8-ideas-para-utilizar-pizarras-en-tu-fiesta-madrid\/\">\r\n\r\n            <img width=\"150\" height=\"150\" src=\"https:\/\/www.evento.love\/blog\/wp-content\/uploads\/2017\/04\/17_03_18-150x150.jpg\" class=\"attachment-thumbnail size-thumbnail wp-post-image\" alt=\"8 ideas para utilizar pizarras en tu fiesta\" decoding=\"async\" loading=\"lazy\" \/>\r\n\r\n        <\/a>\r\n    <\/div>\r\n\r\n    <a class=\"title post_title\"  title=\"8 ideas para utilizar pizarras en tu fiesta\" href=\"https:\/\/www.evento.love\/blog\/8-ideas-para-utilizar-pizarras-en-tu-fiesta-madrid\/\">\r\n                8 ideas para utilizar pizarras en tu fiesta    <\/a>\r\n\r\n                <\/div>\r\n                            <div class=\"item\">\r\n                        <div class=\"thumb post_thumb\">\r\n        <a  title=\"5+1 ideas imprescindibles para dar un toque especial a tu boda\" href=\"https:\/\/www.evento.love\/blog\/ideas-imprescindibles-tu-boda-madrid\/\">\r\n\r\n            <img width=\"150\" height=\"150\" src=\"https:\/\/www.evento.love\/blog\/wp-content\/uploads\/2017\/04\/17_04_01-150x150.jpg\" class=\"attachment-thumbnail size-thumbnail wp-post-image\" alt=\"Ideas para tu boda organizaci\u00f3n eventos madrid\" decoding=\"async\" loading=\"lazy\" \/>\r\n\r\n        <\/a>\r\n    <\/div>\r\n\r\n    <a class=\"title post_title\"  title=\"5+1 ideas imprescindibles para dar un toque especial a tu boda\" href=\"https:\/\/www.evento.love\/blog\/ideas-imprescindibles-tu-boda-madrid\/\">\r\n                5+1 ideas imprescindibles para dar un toque especial a tu boda    <\/a>\r\n\r\n                <\/div>\r\n            \r\n    <\/div>\r\n\r\n    <script>\r\n            <\/script>\r\n    <style>\r\n        .related-post {}\r\n\r\n        .related-post .post-list {\r\n            text-align: left;\r\n                    }\r\n\r\n        .related-post .post-list .item {\r\n            margin: 5px 10px;\r\n            padding: 0px;\r\n                    }\r\n\r\n        .related-post .headline {\r\n            font-size: 24px !important;\r\n            color: #000000 !important;\r\n                    }\r\n\r\n        .related-post .headline{\r\nfont-weight:400 !important;\r\ntext-transform: uppercase;\r\n}.related-post .post-list .item .post_thumb {\r\n            max-height: 180px;\r\n            margin: 10px 0px;\r\n            padding: 0px;\r\n            display: block;\r\n                    }\r\n\r\n        .related-post .post-list .item .post_title {\r\n            font-size: 12px;\r\n            color: #607d8b;\r\n            margin: 10px 0px;\r\n            padding: 0px;\r\n            display: block;\r\n            text-decoration: none;\r\n                    }\r\n\r\n        .related-post .post-list .item .post_excerpt {\r\n            font-size: 13px;\r\n            color: #3f3f3f;\r\n            margin: 10px 0px;\r\n            padding: 0px;\r\n            display: block;\r\n            text-decoration: none;\r\n                    }\r\n\r\n        @media only screen and (min-width: 1024px) {\r\n            .related-post .post-list .item {\r\n                width: 22%;\r\n            }\r\n        }\r\n\r\n        @media only screen and (min-width: 768px) and (max-width: 1023px) {\r\n            .related-post .post-list .item {\r\n                width: 90%;\r\n            }\r\n        }\r\n\r\n        @media only screen and (min-width: 0px) and (max-width: 767px) {\r\n            .related-post .post-list .item {\r\n                width: 30%;\r\n            }\r\n        }\r\n\r\n            <\/style>\r\n        <\/div>\r\n<!-- AddThis Advanced Settings generic via filter on the_content --><!-- AddThis Share Buttons generic via filter on the_content -->","protected":false},"excerpt":{"rendered":"<p>Uno de los aspectos principales en los que te debes fijar a la hora de organizar una boda, son los tiempos que requiere cada momento de los preparativos y de la celebraci\u00f3n. M\u00e1s art\u00edculos a tener en cuenta Baby Shower, mucho m\u00e1s que un evento social 12 consejos para un Baby Shower perfecto Cu\u00e1ndo hacer el Baby Shower \u00bfQui\u00e9n debe organizar el Baby Shower?<!-- AddThis Advanced Settings generic via filter on get_the_excerpt --><!-- AddThis Share Buttons generic via filter on get_the_excerpt --><\/p>\n    <div class=\"related-post grid\">\r\n                <div class=\"headline\">M\u00e1s art\u00edculos a tener en cuenta<\/div>\r\n        <div class=\"post-list \">\r\n\r\n                        <div class=\"item\">\r\n                        <div class=\"thumb post_thumb\">\r\n        <a  title=\"Baby Shower, mucho m\u00e1s que un evento social\" href=\"https:\/\/www.evento.love\/blog\/baby-shower-evento-social-madrid\/\">\r\n\r\n            <img width=\"150\" height=\"150\" src=\"https:\/\/www.evento.love\/blog\/wp-content\/uploads\/2016\/07\/babyshower-150x150.jpg\" class=\"attachment-thumbnail size-thumbnail wp-post-image\" alt=\"baby shower-fiesta-beb\u00e9-embarazo-embarazada\" decoding=\"async\" loading=\"lazy\" \/>\r\n\r\n        <\/a>\r\n    <\/div>\r\n\r\n    <a class=\"title post_title\"  title=\"Baby Shower, mucho m\u00e1s que un evento social\" href=\"https:\/\/www.evento.love\/blog\/baby-shower-evento-social-madrid\/\">\r\n                Baby Shower, mucho m\u00e1s que un evento social    <\/a>\r\n\r\n                <\/div>\r\n                            <div class=\"item\">\r\n                        <div class=\"thumb post_thumb\">\r\n        <a  title=\"12 consejos para un Baby Shower perfecto\" href=\"https:\/\/www.evento.love\/blog\/12-consejos-baby-shower-perfecto-madrid\/\">\r\n\r\n            <img width=\"150\" height=\"150\" src=\"https:\/\/www.evento.love\/blog\/wp-content\/uploads\/2016\/09\/16_05_20_12_consejos-para-que-tu-Baby-Shower-sea-perfecto-150x150.jpg\" class=\"attachment-thumbnail size-thumbnail wp-post-image\" alt=\"Baby Shower-perfecto-beb\u00e9-embarazado-embarazada-fiesta-babyshower\" decoding=\"async\" loading=\"lazy\" \/>\r\n\r\n        <\/a>\r\n    <\/div>\r\n\r\n    <a class=\"title post_title\"  title=\"12 consejos para un Baby Shower perfecto\" href=\"https:\/\/www.evento.love\/blog\/12-consejos-baby-shower-perfecto-madrid\/\">\r\n                12 consejos para un Baby Shower perfecto    <\/a>\r\n\r\n                <\/div>\r\n                            <div class=\"item\">\r\n                        <div class=\"thumb post_thumb\">\r\n        <a  title=\"Cu\u00e1ndo hacer el Baby Shower\" href=\"https:\/\/www.evento.love\/blog\/cuando-hacer-el-baby-shower-madrid\/\">\r\n\r\n            <img width=\"150\" height=\"150\" src=\"https:\/\/www.evento.love\/blog\/wp-content\/uploads\/2016\/09\/16_05_23_Cuando-hacer-el-Baby-Shower-150x150.jpg\" class=\"attachment-thumbnail size-thumbnail wp-post-image\" alt=\"Cu\u00e1ndo hacer el baby shower beb\u00e9 embarazo fiesta en Madrid\" decoding=\"async\" loading=\"lazy\" \/>\r\n\r\n        <\/a>\r\n    <\/div>\r\n\r\n    <a class=\"title post_title\"  title=\"Cu\u00e1ndo hacer el Baby Shower\" href=\"https:\/\/www.evento.love\/blog\/cuando-hacer-el-baby-shower-madrid\/\">\r\n                Cu\u00e1ndo hacer el Baby Shower    <\/a>\r\n\r\n                <\/div>\r\n                            <div class=\"item\">\r\n                        <div class=\"thumb post_thumb\">\r\n        <a  title=\"Baby Shower: Elaborando la lista de invitados\" href=\"https:\/\/www.evento.love\/blog\/baby-shower-lista-invitados-madrid\/\">\r\n\r\n            <img width=\"150\" height=\"150\" src=\"https:\/\/www.evento.love\/blog\/wp-content\/uploads\/2016\/09\/16_05_30_Baby-Shower-elaborando-la-lista-de-invitados-150x150.jpg\" class=\"attachment-thumbnail size-thumbnail wp-post-image\" alt=\"\" decoding=\"async\" loading=\"lazy\" \/>\r\n\r\n        <\/a>\r\n    <\/div>\r\n\r\n    <a class=\"title post_title\"  title=\"Baby Shower: Elaborando la lista de invitados\" href=\"https:\/\/www.evento.love\/blog\/baby-shower-lista-invitados-madrid\/\">\r\n                Baby Shower: Elaborando la lista de invitados    <\/a>\r\n\r\n                <\/div>\r\n            \r\n    <\/div>\r\n\r\n    <script>\r\n            <\/script>\r\n    <style>\r\n        .related-post {}\r\n\r\n        .related-post .post-list {\r\n            text-align: left;\r\n                    }\r\n\r\n        .related-post .post-list .item {\r\n            margin: 5px 10px;\r\n            padding: 0px;\r\n                    }\r\n\r\n        .related-post .headline {\r\n            font-size: 24px !important;\r\n            color: #000000 !important;\r\n                    }\r\n\r\n        .related-post .headline{\r\nfont-weight:400 !important;\r\ntext-transform: uppercase;\r\n}.related-post .post-list .item .post_thumb {\r\n            max-height: 180px;\r\n            margin: 10px 0px;\r\n            padding: 0px;\r\n            display: block;\r\n                    }\r\n\r\n        .related-post .post-list .item .post_title {\r\n            font-size: 12px;\r\n            color: #607d8b;\r\n            margin: 10px 0px;\r\n            padding: 0px;\r\n            display: block;\r\n            text-decoration: none;\r\n                    }\r\n\r\n        .related-post .post-list .item .post_excerpt {\r\n            font-size: 13px;\r\n            color: #3f3f3f;\r\n            margin: 10px 0px;\r\n            padding: 0px;\r\n            display: block;\r\n            text-decoration: none;\r\n                    }\r\n\r\n        @media only screen and (min-width: 1024px) {\r\n            .related-post .post-list .item {\r\n                width: 22%;\r\n            }\r\n        }\r\n\r\n        @media only screen and (min-width: 768px) and (max-width: 1023px) {\r\n            .related-post .post-list .item {\r\n                width: 90%;\r\n            }\r\n        }\r\n\r\n        @media only screen and (min-width: 0px) and (max-width: 767px) {\r\n            .related-post .post-list .item {\r\n                width: 30%;\r\n            }\r\n        }\r\n\r\n            <\/style>\r\n        <\/div>\r\n","protected":false},"author":1,"featured_media":3527,"comment_status":"closed","ping_status":"open","sticky":false,"template":"","format":"standard","meta":{"content-type":""},"categories":[756],"tags":[510,786,1104,889,1105,1103,888],"yoast_head":"<!-- This site is optimized with the Yoast SEO plugin v20.7 - https:\/\/yoast.com\/wordpress\/plugins\/seo\/ -->\n<title>El timing de la boda: paso a paso - El Blog de evento.love<\/title>\n<meta name=\"description\" content=\"Te contamos paso por paso el timing de la boda, desde los preparativos del d\u00eda pasando por la ceremonia o el banquete. \u00a1No te lo pierdas!\" \/>\n<meta name=\"robots\" content=\"index, follow, max-snippet:-1, max-image-preview:large, max-video-preview:-1\" \/>\n<meta property=\"og:locale\" content=\"es_ES\" \/>\n<meta property=\"og:type\" content=\"article\" \/>\n<meta property=\"og:title\" content=\"El timing de la boda: paso a paso - El Blog de evento.love\" \/>\n<meta property=\"og:description\" content=\"Te contamos paso por paso el timing de la boda, desde los preparativos del d\u00eda pasando por la ceremonia o el banquete. \u00a1No te lo pierdas!\" \/>\n<meta property=\"og:url\" content=\"https:\/\/www.evento.love\/blog\/el-timing-del-dia-de-la-boda-paso-a-paso\/\" \/>\n<meta property=\"og:site_name\" content=\"El Blog de evento.love\" \/>\n<meta property=\"article:publisher\" content=\"https:\/\/www.facebook.com\/Evento.love\/\" \/>\n<meta property=\"article:published_time\" content=\"2018-12-10T10:00:10+00:00\" \/>\n<meta property=\"article:modified_time\" content=\"2019-07-18T22:17:52+00:00\" \/>\n<meta property=\"og:image\" content=\"https:\/\/www.evento.love\/blog\/wp-content\/uploads\/2018\/12\/timing-boda.jpg\" \/>\n\t<meta property=\"og:image:width\" content=\"850\" \/>\n\t<meta property=\"og:image:height\" content=\"566\" \/>\n\t<meta property=\"og:image:type\" content=\"image\/jpeg\" \/>\n<meta name=\"author\" content=\"Evento Love\" \/>\n<meta name=\"twitter:card\" content=\"summary_large_image\" \/>\n<meta name=\"twitter:creator\" content=\"@Evento_love\" \/>\n<meta name=\"twitter:site\" content=\"@Evento_love\" \/>\n<meta name=\"twitter:label1\" content=\"Escrito por\" \/>\n\t<meta name=\"twitter:data1\" content=\"Evento Love\" \/>\n\t<meta name=\"twitter:label2\" content=\"Tiempo de lectura\" \/>\n\t<meta name=\"twitter:data2\" content=\"4 minutos\" \/>\n<!-- \/ Yoast SEO plugin. -->","yoast_head_json":{"title":"El timing de la boda: paso a paso - El Blog de evento.love","description":"Te contamos paso por paso el timing de la boda, desde los preparativos del d\u00eda pasando por la ceremonia o el banquete. \u00a1No te lo pierdas!","robots":{"index":"index","follow":"follow","max-snippet":"max-snippet:-1","max-image-preview":"max-image-preview:large","max-video-preview":"max-video-preview:-1"},"og_locale":"es_ES","og_type":"article","og_title":"El timing de la boda: paso a paso - El Blog de evento.love","og_description":"Te contamos paso por paso el timing de la boda, desde los preparativos del d\u00eda pasando por la ceremonia o el banquete. \u00a1No te lo pierdas!","og_url":"https:\/\/www.evento.love\/blog\/el-timing-del-dia-de-la-boda-paso-a-paso\/","og_site_name":"El Blog de evento.love","article_publisher":"https:\/\/www.facebook.com\/Evento.love\/","article_published_time":"2018-12-10T10:00:10+00:00","article_modified_time":"2019-07-18T22:17:52+00:00","og_image":[{"width":850,"height":566,"url":"https:\/\/www.evento.love\/blog\/wp-content\/uploads\/2018\/12\/timing-boda.jpg","type":"image\/jpeg"}],"author":"Evento Love","twitter_card":"summary_large_image","twitter_creator":"@Evento_love","twitter_site":"@Evento_love","twitter_misc":{"Escrito por":"Evento Love","Tiempo de lectura":"4 minutos"},"schema":{"@context":"https:\/\/schema.org","@graph":[{"@type":"Article","@id":"https:\/\/www.evento.love\/blog\/el-timing-del-dia-de-la-boda-paso-a-paso\/#article","isPartOf":{"@id":"https:\/\/www.evento.love\/blog\/el-timing-del-dia-de-la-boda-paso-a-paso\/"},"author":{"name":"Evento Love","@id":"https:\/\/www.evento.love\/blog\/#\/schema\/person\/a184c2ed424b7fb3006372ce8051542c"},"headline":"El timing de la boda: paso a paso","datePublished":"2018-12-10T10:00:10+00:00","dateModified":"2019-07-18T22:17:52+00:00","mainEntityOfPage":{"@id":"https:\/\/www.evento.love\/blog\/el-timing-del-dia-de-la-boda-paso-a-paso\/"},"wordCount":790,"publisher":{"@id":"https:\/\/www.evento.love\/blog\/#organization"},"keywords":["banquete","ceremonia","c\u00f3ctel","organizaci\u00f3n de bodas","tiempo de la boda","timing de la boda","wedding planner"],"articleSection":["Bodas"],"inLanguage":"es"},{"@type":"WebPage","@id":"https:\/\/www.evento.love\/blog\/el-timing-del-dia-de-la-boda-paso-a-paso\/","url":"https:\/\/www.evento.love\/blog\/el-timing-del-dia-de-la-boda-paso-a-paso\/","name":"El timing de la boda: paso a paso - El Blog de evento.love","isPartOf":{"@id":"https:\/\/www.evento.love\/blog\/#website"},"datePublished":"2018-12-10T10:00:10+00:00","dateModified":"2019-07-18T22:17:52+00:00","description":"Te contamos paso por paso el timing de la boda, desde los preparativos del d\u00eda pasando por la ceremonia o el banquete. \u00a1No te lo pierdas!","breadcrumb":{"@id":"https:\/\/www.evento.love\/blog\/el-timing-del-dia-de-la-boda-paso-a-paso\/#breadcrumb"},"inLanguage":"es","potentialAction":[{"@type":"ReadAction","target":["https:\/\/www.evento.love\/blog\/el-timing-del-dia-de-la-boda-paso-a-paso\/"]}]},{"@type":"BreadcrumbList","@id":"https:\/\/www.evento.love\/blog\/el-timing-del-dia-de-la-boda-paso-a-paso\/#breadcrumb","itemListElement":[{"@type":"ListItem","position":1,"name":"Evento.love","item":"https:\/\/www.evento.love\/blog\/"},{"@type":"ListItem","position":2,"name":"Bodas","item":"https:\/\/www.evento.love\/blog\/category\/bodas\/"},{"@type":"ListItem","position":3,"name":"El timing de la boda: paso a paso"}]},{"@type":"WebSite","@id":"https:\/\/www.evento.love\/blog\/#website","url":"https:\/\/www.evento.love\/blog\/","name":"El Blog de evento.love","description":"T\u00fa lo mereces. Disfruta de tu momento","publisher":{"@id":"https:\/\/www.evento.love\/blog\/#organization"},"potentialAction":[{"@type":"SearchAction","target":{"@type":"EntryPoint","urlTemplate":"https:\/\/www.evento.love\/blog\/?s={search_term_string}"},"query-input":"required name=search_term_string"}],"inLanguage":"es"},{"@type":"Organization","@id":"https:\/\/www.evento.love\/blog\/#organization","name":"evento.love","url":"https:\/\/www.evento.love\/blog\/","logo":{"@type":"ImageObject","inLanguage":"es","@id":"https:\/\/www.evento.love\/blog\/#\/schema\/logo\/image\/","url":"https:\/\/www.evento.love\/blog\/wp-content\/uploads\/2016\/07\/logo-evento-love.png","contentUrl":"https:\/\/www.evento.love\/blog\/wp-content\/uploads\/2016\/07\/logo-evento-love.png","width":197,"height":59,"caption":"evento.love"},"image":{"@id":"https:\/\/www.evento.love\/blog\/#\/schema\/logo\/image\/"},"sameAs":["https:\/\/www.facebook.com\/Evento.love\/","https:\/\/twitter.com\/Evento_love","https:\/\/www.instagram.com\/evento.love\/","https:\/\/es.pinterest.com\/evento_love\/","https:\/\/www.youtube.com\/channel\/UCcVbo6ymzx-7FlDJja8aQnw"]},{"@type":"Person","@id":"https:\/\/www.evento.love\/blog\/#\/schema\/person\/a184c2ed424b7fb3006372ce8051542c","name":"Evento Love"}]}},"_links":{"self":[{"href":"https:\/\/www.evento.love\/blog\/wp-json\/wp\/v2\/posts\/3520"}],"collection":[{"href":"https:\/\/www.evento.love\/blog\/wp-json\/wp\/v2\/posts"}],"about":[{"href":"https:\/\/www.evento.love\/blog\/wp-json\/wp\/v2\/types\/post"}],"author":[{"embeddable":true,"href":"https:\/\/www.evento.love\/blog\/wp-json\/wp\/v2\/users\/1"}],"replies":[{"embeddable":true,"href":"https:\/\/www.evento.love\/blog\/wp-json\/wp\/v2\/comments?post=3520"}],"version-history":[{"count":9,"href":"https:\/\/www.evento.love\/blog\/wp-json\/wp\/v2\/posts\/3520\/revisions"}],"predecessor-version":[{"id":4934,"href":"https:\/\/www.evento.love\/blog\/wp-json\/wp\/v2\/posts\/3520\/revisions\/4934"}],"wp:featuredmedia":[{"embeddable":true,"href":"https:\/\/www.evento.love\/blog\/wp-json\/wp\/v2\/media\/3527"}],"wp:attachment":[{"href":"https:\/\/www.evento.love\/blog\/wp-json\/wp\/v2\/media?parent=3520"}],"wp:term":[{"taxonomy":"category","embeddable":true,"href":"https:\/\/www.evento.love\/blog\/wp-json\/wp\/v2\/categories?post=3520"},{"taxonomy":"post_tag","embeddable":true,"href":"https:\/\/www.evento.love\/blog\/wp-json\/wp\/v2\/tags?post=3520"}],"curies":[{"name":"wp","href":"https:\/\/api.w.org\/{rel}","templated":true}]}}