{"id":3530,"date":"2018-12-11T12:00:53","date_gmt":"2018-12-11T10:00:53","guid":{"rendered":"https:\/\/www.evento.love\/blog\/?p=3530"},"modified":"2019-07-19T00:17:52","modified_gmt":"2019-07-18T22:17:52","slug":"ideas-originales-para-el-seating-plan","status":"publish","type":"post","link":"https:\/\/www.evento.love\/blog\/ideas-originales-para-el-seating-plan\/","title":{"rendered":"Ideas originales para el seating plan"},"content":{"rendered":"<p>En una de nuestras <a href=\"https:\/\/www.evento.love\/blog\/reflexiones-de-una-wedding-planner-el-seating-plan-y-sus-secretos\/\" target=\"_blank\" rel=\"noopener noreferrer\">reflexiones como wedding planner<\/a> os hablamos de las dificultades que conlleva engranar todo el seating plan de la boda para que todos los invitados est\u00e9n contentos y no haya quejas.<!--more--><\/p>\n<p>Sin embargo, organizar este aspecto de la boda no es solo un tr\u00e1mite abrumador, sino que tambi\u00e9n tiene su parte buena y muy divertida: la de decorar el seating plan y montar el rinc\u00f3n m\u00e1s bonito del mundo. Hoy nos centramos en esta parte as\u00ed que, novias 2019, \u00a1anotad todas las ideas!<\/p>\n<h2>Decidir el lugar<\/h2>\n<p>Lo primero que debemos saber es d\u00f3nde ir\u00e1 nuestro seating. Para ello son necesarias las visitas a la finca o espacio de la boda y fijarnos en dos aspectos fundamentales:<\/p>\n<ol>\n<li>Debemos colocarlo en un lugar de paso y visible entre el c\u00f3ctel y el banquete, para que los invitados vayan fij\u00e1ndose en qu\u00e9 mesa les toca mientras disfrutan del c\u00f3ctel.<\/li>\n<li>Nunca debe entorpecer el paso. A pesar de que debe estar visible, no puede estorbar. Es m\u00e1s, jam\u00e1s debe estar en un pasillo o zona de paso estrecha, ya que eso har\u00e1 que la gente se amontone y que haya cola por ver su sitio en la mesa.<\/li>\n<\/ol>\n<p>Una vez ya tenemos claro d\u00f3nde ir\u00e1 nuestro seating, las opciones que se abren ante nosotros son infinitas. La clave aqu\u00ed est\u00e1 en utilizar la gama de colores y el estilo del resto de la boda para que todo est\u00e9 en armon\u00eda. A partir de ah\u00ed, \u00a1a crear!<\/p>\n<h2>Ideas para tu seating plan<\/h2>\n<h3>Decoraci\u00f3n vertical<\/h3>\n<p>De cara a pensar en la decoraci\u00f3n del seating, debemos tener en cuenta el tama\u00f1o del espacio que tenemos. Cuando es una zona muy peque\u00f1a, una buena idea es construirlo en vertical, como estos dos ejemplos que os mostramos a continuaci\u00f3n:<\/p>\n<figure id=\"attachment_3531\" aria-describedby=\"caption-attachment-3531\" style=\"width: 850px\" class=\"wp-caption aligncenter\"><img decoding=\"async\" loading=\"lazy\" class=\"wp-image-3531 size-full\" src=\"https:\/\/www.evento.love\/blog\/wp-content\/uploads\/2018\/12\/seating-plan.jpg\" alt=\"seating plan\" width=\"850\" height=\"566\" srcset=\"https:\/\/www.evento.love\/blog\/wp-content\/uploads\/2018\/12\/seating-plan.jpg 850w, https:\/\/www.evento.love\/blog\/wp-content\/uploads\/2018\/12\/seating-plan-300x200.jpg 300w, https:\/\/www.evento.love\/blog\/wp-content\/uploads\/2018\/12\/seating-plan-768x511.jpg 768w, https:\/\/www.evento.love\/blog\/wp-content\/uploads\/2018\/12\/seating-plan-405x270.jpg 405w\" sizes=\"(max-width: 850px) 100vw, 850px\" \/><figcaption id=\"caption-attachment-3531\" class=\"wp-caption-text\"><a href=\"https:\/\/www.evento.love\/blog\/fotos-de-la-boda-con-rosas-azules-exkllely-y-franco\/\" target=\"_blank\" rel=\"noopener noreferrer\">Boda rosas azules<\/a> \/ <a href=\"https:\/\/www.evento.love\/blog\/una-boda-con-tematica-de-viajes\/\" target=\"_blank\" rel=\"noopener noreferrer\">Boda viajera<\/a><\/figcaption><\/figure>\n<p>En la segunda opci\u00f3n, como la boda giraba entorno a la <a href=\"https:\/\/www.evento.love\/blog\/una-boda-con-tematica-de-viajes\/\" target=\"_blank\" rel=\"noopener noreferrer\">tem\u00e1tica de viajes<\/a> y cont\u00e1bamos con m\u00e1s espacio, creamos dos composiciones a ambos lados del seating con diferentes detalles que evocaban los viajes: maletas vintage y globos.<\/p>\n<h3>Decoraci\u00f3n horizontal<\/h3>\n<p>Si por el contrario cuentas con una mesa y quieres montar una composici\u00f3n m\u00e1s horizontal, aqu\u00ed te damos algunas ideas para colocar los nombres de las mesas y los invitados:<\/p>\n<p>Empezamos con esta decoraci\u00f3n para una boda en tonos azules, malvas y rosas.\u00a0Tonos muy vivos que contrastaban con el neutro de la madera. El fondo con tejidos de diferentes texturas en blanco y beige le daba el toque r\u00fastico que tanto so\u00f1aban los novios. Una vez m\u00e1s, vemos que colocar flores siempre es sin\u00f3nimo de \u00e9xito en los eventos. \u00a1Quedan bien en cualquier rinc\u00f3n!<\/p>\n<figure id=\"attachment_3543\" aria-describedby=\"caption-attachment-3543\" style=\"width: 850px\" class=\"wp-caption aligncenter\"><img decoding=\"async\" loading=\"lazy\" class=\"wp-image-3543 size-full\" src=\"https:\/\/www.evento.love\/blog\/wp-content\/uploads\/2018\/12\/seating-plan-01.jpg\" alt=\"seating plan\" width=\"850\" height=\"638\" srcset=\"https:\/\/www.evento.love\/blog\/wp-content\/uploads\/2018\/12\/seating-plan-01.jpg 850w, https:\/\/www.evento.love\/blog\/wp-content\/uploads\/2018\/12\/seating-plan-01-300x225.jpg 300w, https:\/\/www.evento.love\/blog\/wp-content\/uploads\/2018\/12\/seating-plan-01-768x576.jpg 768w, https:\/\/www.evento.love\/blog\/wp-content\/uploads\/2018\/12\/seating-plan-01-360x270.jpg 360w\" sizes=\"(max-width: 850px) 100vw, 850px\" \/><figcaption id=\"caption-attachment-3543\" class=\"wp-caption-text\">Boda en colaboraci\u00f3n con De Blanco y Menta.<\/figcaption><\/figure>\n<p>Cada flor iba en un tarro de cristal vintage de diferentes formas y con cintas en rosa y blanco. \u00a1El resultado qued\u00f3 precioso!<\/p>\n<p>Y ahora vamos con otro seating plan de estilo r\u00fastico pero muy diferente al anterior. Se trataba de una boda colmada de olivos y flores blancas, una combinaci\u00f3n que nos encanta. El gran protagonista de este seating fue un carro con ruedas y tabla de madera, una pieza espectacular y perfecta para colocar el seating.\u00bfQu\u00e9 os parece?<\/p>\n<p><img decoding=\"async\" loading=\"lazy\" class=\"wp-image-3534 size-full aligncenter\" src=\"https:\/\/www.evento.love\/blog\/wp-content\/uploads\/2018\/12\/seating-plan-2.jpg\" alt=\"seating plan\" width=\"850\" height=\"638\" srcset=\"https:\/\/www.evento.love\/blog\/wp-content\/uploads\/2018\/12\/seating-plan-2.jpg 850w, https:\/\/www.evento.love\/blog\/wp-content\/uploads\/2018\/12\/seating-plan-2-300x225.jpg 300w, https:\/\/www.evento.love\/blog\/wp-content\/uploads\/2018\/12\/seating-plan-2-768x576.jpg 768w, https:\/\/www.evento.love\/blog\/wp-content\/uploads\/2018\/12\/seating-plan-2-360x270.jpg 360w\" sizes=\"(max-width: 850px) 100vw, 850px\" \/><\/p>\n<p>Para nuestras bodas 2019 ya estamos echando a volar nuestra imaginaci\u00f3n, buscando inspiraci\u00f3n para construir los mejores seating plan para nuestras novias.<\/p>\n<h3>Inspiraciones para seating plan 2019<\/h3>\n<p>Como anunci\u00e1bamos en nuestro post sobre <a href=\"https:\/\/www.evento.love\/blog\/tendencias-para-bodas-2019\/\" target=\"_blank\" rel=\"noopener noreferrer\">tendencias de bodas 2019<\/a>, la decoraci\u00f3n circular va a pisar fuerte en las bodas del a\u00f1o que viene. Por otro lado, el uso de botellas recicladas y flores nos encanta para un seating de lo m\u00e1s original:<\/p>\n<figure id=\"attachment_3536\" aria-describedby=\"caption-attachment-3536\" style=\"width: 850px\" class=\"wp-caption aligncenter\"><img decoding=\"async\" loading=\"lazy\" class=\"wp-image-3536 size-full\" src=\"https:\/\/www.evento.love\/blog\/wp-content\/uploads\/2018\/12\/seating-plan-3.jpg\" alt=\"seating plan\" width=\"850\" height=\"566\" srcset=\"https:\/\/www.evento.love\/blog\/wp-content\/uploads\/2018\/12\/seating-plan-3.jpg 850w, https:\/\/www.evento.love\/blog\/wp-content\/uploads\/2018\/12\/seating-plan-3-300x200.jpg 300w, https:\/\/www.evento.love\/blog\/wp-content\/uploads\/2018\/12\/seating-plan-3-768x511.jpg 768w, https:\/\/www.evento.love\/blog\/wp-content\/uploads\/2018\/12\/seating-plan-3-405x270.jpg 405w\" sizes=\"(max-width: 850px) 100vw, 850px\" \/><figcaption id=\"caption-attachment-3536\" class=\"wp-caption-text\">Pic 1: Fotograf\u00eda: Nadine Aucamp | Flores y decoraci\u00f3n: Anel Botha | Papeler\u00eda: Bride \/ Pic 2: Fotograf\u00eda: Melani Lust Photography | Dise\u00f1o floral: Hana Floral Design<\/figcaption><\/figure>\n<p>\u00bfQuieres que te ayudemos a organizar y decorar tu seating plan u otros aspectos de la boda? Escr\u00edbenos a <a href=\"mailto:hola@evento.love\" target=\"_blank\" rel=\"noopener noreferrer\">hola@evento.love<\/a> y juntos dise\u00f1aremos la decoraci\u00f3n perfecta.<\/p>\n<p>&#8211;<\/p>\n<p>Do you want us to help you organize and decorate your seating plan or other aspects of the wedding? Write to us at <a href=\"mailto:hola@evento.love\" target=\"_blank\" rel=\"noopener noreferrer\">hola@evento.love<\/a> and together we will design the perfect decoration.<\/p>\n    <div class=\"related-post grid\">\r\n                <div class=\"headline\">M\u00e1s art\u00edculos a tener en cuenta<\/div>\r\n        <div class=\"post-list \">\r\n\r\n                        <div class=\"item\">\r\n                        <div class=\"thumb post_thumb\">\r\n        <a  title=\"C\u00f3mo inmortalizar tu baby shower\" href=\"https:\/\/www.evento.love\/blog\/inmortalizar-baby-shower-madrid\/\">\r\n\r\n            <img width=\"150\" height=\"150\" src=\"https:\/\/www.evento.love\/blog\/wp-content\/uploads\/2016\/09\/16_06_30_C\u00f3mo-inmortalizar-tu-baby-shower-150x150.jpg\" class=\"attachment-thumbnail size-thumbnail wp-post-image\" alt=\"\" decoding=\"async\" loading=\"lazy\" \/>\r\n\r\n        <\/a>\r\n    <\/div>\r\n\r\n    <a class=\"title post_title\"  title=\"C\u00f3mo inmortalizar tu baby shower\" href=\"https:\/\/www.evento.love\/blog\/inmortalizar-baby-shower-madrid\/\">\r\n                C\u00f3mo inmortalizar tu baby shower    <\/a>\r\n\r\n                <\/div>\r\n                            <div class=\"item\">\r\n                        <div class=\"thumb post_thumb\">\r\n        <a  title=\"C\u00f3mo crear un fotomat\u00f3n o photocall para tu fiesta\" href=\"https:\/\/www.evento.love\/blog\/crear-fotomaton-photocall-fiesta-madrid\/\">\r\n\r\n            <img width=\"150\" height=\"150\" src=\"https:\/\/www.evento.love\/blog\/wp-content\/uploads\/2016\/11\/C\u00d3MO-CREAR-UN-FOTOMAT\u00d3N-O-PHOTOCALL-PARA-TU-FIESTA-150x150.jpg\" class=\"attachment-thumbnail size-thumbnail wp-post-image\" alt=\"C\u00d3MO CREAR UN FOTOMAT\u00d3N O PHOTOCALL PARA TU FIESTA\" decoding=\"async\" loading=\"lazy\" \/>\r\n\r\n        <\/a>\r\n    <\/div>\r\n\r\n    <a class=\"title post_title\"  title=\"C\u00f3mo crear un fotomat\u00f3n o photocall para tu fiesta\" href=\"https:\/\/www.evento.love\/blog\/crear-fotomaton-photocall-fiesta-madrid\/\">\r\n                C\u00f3mo crear un fotomat\u00f3n o photocall para tu fiesta    <\/a>\r\n\r\n                <\/div>\r\n                            <div class=\"item\">\r\n                        <div class=\"thumb post_thumb\">\r\n        <a  title=\"8 ideas para utilizar pizarras en tu fiesta\" href=\"https:\/\/www.evento.love\/blog\/8-ideas-para-utilizar-pizarras-en-tu-fiesta-madrid\/\">\r\n\r\n            <img width=\"150\" height=\"150\" src=\"https:\/\/www.evento.love\/blog\/wp-content\/uploads\/2017\/04\/17_03_18-150x150.jpg\" class=\"attachment-thumbnail size-thumbnail wp-post-image\" alt=\"8 ideas para utilizar pizarras en tu fiesta\" decoding=\"async\" loading=\"lazy\" \/>\r\n\r\n        <\/a>\r\n    <\/div>\r\n\r\n    <a class=\"title post_title\"  title=\"8 ideas para utilizar pizarras en tu fiesta\" href=\"https:\/\/www.evento.love\/blog\/8-ideas-para-utilizar-pizarras-en-tu-fiesta-madrid\/\">\r\n                8 ideas para utilizar pizarras en tu fiesta    <\/a>\r\n\r\n                <\/div>\r\n                            <div class=\"item\">\r\n                        <div class=\"thumb post_thumb\">\r\n        <a  title=\"5+1 ideas imprescindibles para dar un toque especial a tu boda\" href=\"https:\/\/www.evento.love\/blog\/ideas-imprescindibles-tu-boda-madrid\/\">\r\n\r\n            <img width=\"150\" height=\"150\" src=\"https:\/\/www.evento.love\/blog\/wp-content\/uploads\/2017\/04\/17_04_01-150x150.jpg\" class=\"attachment-thumbnail size-thumbnail wp-post-image\" alt=\"Ideas para tu boda organizaci\u00f3n eventos madrid\" decoding=\"async\" loading=\"lazy\" \/>\r\n\r\n        <\/a>\r\n    <\/div>\r\n\r\n    <a class=\"title post_title\"  title=\"5+1 ideas imprescindibles para dar un toque especial a tu boda\" href=\"https:\/\/www.evento.love\/blog\/ideas-imprescindibles-tu-boda-madrid\/\">\r\n                5+1 ideas imprescindibles para dar un toque especial a tu boda    <\/a>\r\n\r\n                <\/div>\r\n            \r\n    <\/div>\r\n\r\n    <script>\r\n            <\/script>\r\n    <style>\r\n        .related-post {}\r\n\r\n        .related-post .post-list {\r\n            text-align: left;\r\n                    }\r\n\r\n        .related-post .post-list .item {\r\n            margin: 5px 10px;\r\n            padding: 0px;\r\n                    }\r\n\r\n        .related-post .headline {\r\n            font-size: 24px !important;\r\n            color: #000000 !important;\r\n                    }\r\n\r\n        .related-post .headline{\r\nfont-weight:400 !important;\r\ntext-transform: uppercase;\r\n}.related-post .post-list .item .post_thumb {\r\n            max-height: 180px;\r\n            margin: 10px 0px;\r\n            padding: 0px;\r\n            display: block;\r\n                    }\r\n\r\n        .related-post .post-list .item .post_title {\r\n            font-size: 12px;\r\n            color: #607d8b;\r\n            margin: 10px 0px;\r\n            padding: 0px;\r\n            display: block;\r\n            text-decoration: none;\r\n                    }\r\n\r\n        .related-post .post-list .item .post_excerpt {\r\n            font-size: 13px;\r\n            color: #3f3f3f;\r\n            margin: 10px 0px;\r\n            padding: 0px;\r\n            display: block;\r\n            text-decoration: none;\r\n                    }\r\n\r\n        @media only screen and (min-width: 1024px) {\r\n            .related-post .post-list .item {\r\n                width: 22%;\r\n            }\r\n        }\r\n\r\n        @media only screen and (min-width: 768px) and (max-width: 1023px) {\r\n            .related-post .post-list .item {\r\n                width: 90%;\r\n            }\r\n        }\r\n\r\n        @media only screen and (min-width: 0px) and (max-width: 767px) {\r\n            .related-post .post-list .item {\r\n                width: 30%;\r\n            }\r\n        }\r\n\r\n            <\/style>\r\n        <\/div>\r\n<!-- AddThis Advanced Settings generic via filter on the_content --><!-- AddThis Share Buttons generic via filter on the_content -->","protected":false},"excerpt":{"rendered":"<p>En una de nuestras reflexiones como wedding planner os hablamos de las dificultades que conlleva engranar todo el seating plan de la boda para que todos los invitados est\u00e9n contentos y no haya quejas. M\u00e1s art\u00edculos a tener en cuenta Baby Shower, mucho m\u00e1s que un evento social 12 consejos para un Baby Shower perfecto Cu\u00e1ndo hacer el Baby Shower \u00bfQui\u00e9n debe organizar el Baby Shower?<!-- AddThis Advanced Settings generic via filter on get_the_excerpt --><!-- AddThis Share Buttons generic via filter on get_the_excerpt --><\/p>\n    <div class=\"related-post grid\">\r\n                <div class=\"headline\">M\u00e1s art\u00edculos a tener en cuenta<\/div>\r\n        <div class=\"post-list \">\r\n\r\n                        <div class=\"item\">\r\n                        <div class=\"thumb post_thumb\">\r\n        <a  title=\"Baby Shower, mucho m\u00e1s que un evento social\" href=\"https:\/\/www.evento.love\/blog\/baby-shower-evento-social-madrid\/\">\r\n\r\n            <img width=\"150\" height=\"150\" src=\"https:\/\/www.evento.love\/blog\/wp-content\/uploads\/2016\/07\/babyshower-150x150.jpg\" class=\"attachment-thumbnail size-thumbnail wp-post-image\" alt=\"baby shower-fiesta-beb\u00e9-embarazo-embarazada\" decoding=\"async\" loading=\"lazy\" \/>\r\n\r\n        <\/a>\r\n    <\/div>\r\n\r\n    <a class=\"title post_title\"  title=\"Baby Shower, mucho m\u00e1s que un evento social\" href=\"https:\/\/www.evento.love\/blog\/baby-shower-evento-social-madrid\/\">\r\n                Baby Shower, mucho m\u00e1s que un evento social    <\/a>\r\n\r\n                <\/div>\r\n                            <div class=\"item\">\r\n                        <div class=\"thumb post_thumb\">\r\n        <a  title=\"12 consejos para un Baby Shower perfecto\" href=\"https:\/\/www.evento.love\/blog\/12-consejos-baby-shower-perfecto-madrid\/\">\r\n\r\n            <img width=\"150\" height=\"150\" src=\"https:\/\/www.evento.love\/blog\/wp-content\/uploads\/2016\/09\/16_05_20_12_consejos-para-que-tu-Baby-Shower-sea-perfecto-150x150.jpg\" class=\"attachment-thumbnail size-thumbnail wp-post-image\" alt=\"Baby Shower-perfecto-beb\u00e9-embarazado-embarazada-fiesta-babyshower\" decoding=\"async\" loading=\"lazy\" \/>\r\n\r\n        <\/a>\r\n    <\/div>\r\n\r\n    <a class=\"title post_title\"  title=\"12 consejos para un Baby Shower perfecto\" href=\"https:\/\/www.evento.love\/blog\/12-consejos-baby-shower-perfecto-madrid\/\">\r\n                12 consejos para un Baby Shower perfecto    <\/a>\r\n\r\n                <\/div>\r\n                            <div class=\"item\">\r\n                        <div class=\"thumb post_thumb\">\r\n        <a  title=\"Cu\u00e1ndo hacer el Baby Shower\" href=\"https:\/\/www.evento.love\/blog\/cuando-hacer-el-baby-shower-madrid\/\">\r\n\r\n            <img width=\"150\" height=\"150\" src=\"https:\/\/www.evento.love\/blog\/wp-content\/uploads\/2016\/09\/16_05_23_Cuando-hacer-el-Baby-Shower-150x150.jpg\" class=\"attachment-thumbnail size-thumbnail wp-post-image\" alt=\"Cu\u00e1ndo hacer el baby shower beb\u00e9 embarazo fiesta en Madrid\" decoding=\"async\" loading=\"lazy\" \/>\r\n\r\n        <\/a>\r\n    <\/div>\r\n\r\n    <a class=\"title post_title\"  title=\"Cu\u00e1ndo hacer el Baby Shower\" href=\"https:\/\/www.evento.love\/blog\/cuando-hacer-el-baby-shower-madrid\/\">\r\n                Cu\u00e1ndo hacer el Baby Shower    <\/a>\r\n\r\n                <\/div>\r\n                            <div class=\"item\">\r\n                        <div class=\"thumb post_thumb\">\r\n        <a  title=\"Baby Shower: Elaborando la lista de invitados\" href=\"https:\/\/www.evento.love\/blog\/baby-shower-lista-invitados-madrid\/\">\r\n\r\n            <img width=\"150\" height=\"150\" src=\"https:\/\/www.evento.love\/blog\/wp-content\/uploads\/2016\/09\/16_05_30_Baby-Shower-elaborando-la-lista-de-invitados-150x150.jpg\" class=\"attachment-thumbnail size-thumbnail wp-post-image\" alt=\"\" decoding=\"async\" loading=\"lazy\" \/>\r\n\r\n        <\/a>\r\n    <\/div>\r\n\r\n    <a class=\"title post_title\"  title=\"Baby Shower: Elaborando la lista de invitados\" href=\"https:\/\/www.evento.love\/blog\/baby-shower-lista-invitados-madrid\/\">\r\n                Baby Shower: Elaborando la lista de invitados    <\/a>\r\n\r\n                <\/div>\r\n            \r\n    <\/div>\r\n\r\n    <script>\r\n            <\/script>\r\n    <style>\r\n        .related-post {}\r\n\r\n        .related-post .post-list {\r\n            text-align: left;\r\n                    }\r\n\r\n        .related-post .post-list .item {\r\n            margin: 5px 10px;\r\n            padding: 0px;\r\n                    }\r\n\r\n        .related-post .headline {\r\n            font-size: 24px !important;\r\n            color: #000000 !important;\r\n                    }\r\n\r\n        .related-post .headline{\r\nfont-weight:400 !important;\r\ntext-transform: uppercase;\r\n}.related-post .post-list .item .post_thumb {\r\n            max-height: 180px;\r\n            margin: 10px 0px;\r\n            padding: 0px;\r\n            display: block;\r\n                    }\r\n\r\n        .related-post .post-list .item .post_title {\r\n            font-size: 12px;\r\n            color: #607d8b;\r\n            margin: 10px 0px;\r\n            padding: 0px;\r\n            display: block;\r\n            text-decoration: none;\r\n                    }\r\n\r\n        .related-post .post-list .item .post_excerpt {\r\n            font-size: 13px;\r\n            color: #3f3f3f;\r\n            margin: 10px 0px;\r\n            padding: 0px;\r\n            display: block;\r\n            text-decoration: none;\r\n                    }\r\n\r\n        @media only screen and (min-width: 1024px) {\r\n            .related-post .post-list .item {\r\n                width: 22%;\r\n            }\r\n        }\r\n\r\n        @media only screen and (min-width: 768px) and (max-width: 1023px) {\r\n            .related-post .post-list .item {\r\n                width: 90%;\r\n            }\r\n        }\r\n\r\n        @media only screen and (min-width: 0px) and (max-width: 767px) {\r\n            .related-post .post-list .item {\r\n                width: 30%;\r\n            }\r\n        }\r\n\r\n            <\/style>\r\n        <\/div>\r\n","protected":false},"author":1,"featured_media":3534,"comment_status":"closed","ping_status":"open","sticky":false,"template":"","format":"standard","meta":{"content-type":""},"categories":[756],"tags":[752,979,851,823,1002,888],"yoast_head":"<!-- This site is optimized with the Yoast SEO plugin v20.7 - https:\/\/yoast.com\/wordpress\/plugins\/seo\/ -->\n<title>Ideas originales para el seating plan - El Blog de evento.love<\/title>\n<meta name=\"description\" content=\"Te mostramos c\u00f3mo elegir la decoraci\u00f3n de tu seating plan en funci\u00f3n del espacio y las ideas m\u00e1s top para la temporada de bodas 2019.\" \/>\n<meta name=\"robots\" content=\"index, follow, max-snippet:-1, max-image-preview:large, max-video-preview:-1\" \/>\n<meta property=\"og:locale\" content=\"es_ES\" \/>\n<meta property=\"og:type\" content=\"article\" \/>\n<meta property=\"og:title\" content=\"Ideas originales para el seating plan - El Blog de evento.love\" \/>\n<meta property=\"og:description\" content=\"Te mostramos c\u00f3mo elegir la decoraci\u00f3n de tu seating plan en funci\u00f3n del espacio y las ideas m\u00e1s top para la temporada de bodas 2019.\" \/>\n<meta property=\"og:url\" content=\"https:\/\/www.evento.love\/blog\/ideas-originales-para-el-seating-plan\/\" \/>\n<meta property=\"og:site_name\" content=\"El Blog de evento.love\" \/>\n<meta property=\"article:publisher\" content=\"https:\/\/www.facebook.com\/Evento.love\/\" \/>\n<meta property=\"article:published_time\" content=\"2018-12-11T10:00:53+00:00\" \/>\n<meta property=\"article:modified_time\" content=\"2019-07-18T22:17:52+00:00\" \/>\n<meta property=\"og:image\" content=\"https:\/\/www.evento.love\/blog\/wp-content\/uploads\/2018\/12\/seating-plan-2.jpg\" \/>\n\t<meta property=\"og:image:width\" content=\"850\" \/>\n\t<meta property=\"og:image:height\" content=\"638\" \/>\n\t<meta property=\"og:image:type\" content=\"image\/jpeg\" \/>\n<meta name=\"author\" content=\"Evento Love\" \/>\n<meta name=\"twitter:card\" content=\"summary_large_image\" \/>\n<meta name=\"twitter:creator\" content=\"@Evento_love\" \/>\n<meta name=\"twitter:site\" content=\"@Evento_love\" \/>\n<meta name=\"twitter:label1\" content=\"Escrito por\" \/>\n\t<meta name=\"twitter:data1\" content=\"Evento Love\" \/>\n\t<meta name=\"twitter:label2\" content=\"Tiempo de lectura\" \/>\n\t<meta name=\"twitter:data2\" content=\"4 minutos\" \/>\n<!-- \/ Yoast SEO plugin. -->","yoast_head_json":{"title":"Ideas originales para el seating plan - El Blog de evento.love","description":"Te mostramos c\u00f3mo elegir la decoraci\u00f3n de tu seating plan en funci\u00f3n del espacio y las ideas m\u00e1s top para la temporada de bodas 2019.","robots":{"index":"index","follow":"follow","max-snippet":"max-snippet:-1","max-image-preview":"max-image-preview:large","max-video-preview":"max-video-preview:-1"},"og_locale":"es_ES","og_type":"article","og_title":"Ideas originales para el seating plan - El Blog de evento.love","og_description":"Te mostramos c\u00f3mo elegir la decoraci\u00f3n de tu seating plan en funci\u00f3n del espacio y las ideas m\u00e1s top para la temporada de bodas 2019.","og_url":"https:\/\/www.evento.love\/blog\/ideas-originales-para-el-seating-plan\/","og_site_name":"El Blog de evento.love","article_publisher":"https:\/\/www.facebook.com\/Evento.love\/","article_published_time":"2018-12-11T10:00:53+00:00","article_modified_time":"2019-07-18T22:17:52+00:00","og_image":[{"width":850,"height":638,"url":"https:\/\/www.evento.love\/blog\/wp-content\/uploads\/2018\/12\/seating-plan-2.jpg","type":"image\/jpeg"}],"author":"Evento Love","twitter_card":"summary_large_image","twitter_creator":"@Evento_love","twitter_site":"@Evento_love","twitter_misc":{"Escrito por":"Evento Love","Tiempo de lectura":"4 minutos"},"schema":{"@context":"https:\/\/schema.org","@graph":[{"@type":"Article","@id":"https:\/\/www.evento.love\/blog\/ideas-originales-para-el-seating-plan\/#article","isPartOf":{"@id":"https:\/\/www.evento.love\/blog\/ideas-originales-para-el-seating-plan\/"},"author":{"name":"Evento Love","@id":"https:\/\/www.evento.love\/blog\/#\/schema\/person\/a184c2ed424b7fb3006372ce8051542c"},"headline":"Ideas originales para el seating plan","datePublished":"2018-12-11T10:00:53+00:00","dateModified":"2019-07-18T22:17:52+00:00","mainEntityOfPage":{"@id":"https:\/\/www.evento.love\/blog\/ideas-originales-para-el-seating-plan\/"},"wordCount":747,"publisher":{"@id":"https:\/\/www.evento.love\/blog\/#organization"},"keywords":["bodas","decoraci\u00f3n de boda","organizaci\u00f3n de boda","seating plan","wedding","wedding planner"],"articleSection":["Bodas"],"inLanguage":"es"},{"@type":"WebPage","@id":"https:\/\/www.evento.love\/blog\/ideas-originales-para-el-seating-plan\/","url":"https:\/\/www.evento.love\/blog\/ideas-originales-para-el-seating-plan\/","name":"Ideas originales para el seating plan - El Blog de evento.love","isPartOf":{"@id":"https:\/\/www.evento.love\/blog\/#website"},"datePublished":"2018-12-11T10:00:53+00:00","dateModified":"2019-07-18T22:17:52+00:00","description":"Te mostramos c\u00f3mo elegir la decoraci\u00f3n de tu seating plan en funci\u00f3n del espacio y las ideas m\u00e1s top para la temporada de bodas 2019.","breadcrumb":{"@id":"https:\/\/www.evento.love\/blog\/ideas-originales-para-el-seating-plan\/#breadcrumb"},"inLanguage":"es","potentialAction":[{"@type":"ReadAction","target":["https:\/\/www.evento.love\/blog\/ideas-originales-para-el-seating-plan\/"]}]},{"@type":"BreadcrumbList","@id":"https:\/\/www.evento.love\/blog\/ideas-originales-para-el-seating-plan\/#breadcrumb","itemListElement":[{"@type":"ListItem","position":1,"name":"Evento.love","item":"https:\/\/www.evento.love\/blog\/"},{"@type":"ListItem","position":2,"name":"Bodas","item":"https:\/\/www.evento.love\/blog\/category\/bodas\/"},{"@type":"ListItem","position":3,"name":"Ideas originales para el seating plan"}]},{"@type":"WebSite","@id":"https:\/\/www.evento.love\/blog\/#website","url":"https:\/\/www.evento.love\/blog\/","name":"El Blog de evento.love","description":"T\u00fa lo mereces. Disfruta de tu momento","publisher":{"@id":"https:\/\/www.evento.love\/blog\/#organization"},"potentialAction":[{"@type":"SearchAction","target":{"@type":"EntryPoint","urlTemplate":"https:\/\/www.evento.love\/blog\/?s={search_term_string}"},"query-input":"required name=search_term_string"}],"inLanguage":"es"},{"@type":"Organization","@id":"https:\/\/www.evento.love\/blog\/#organization","name":"evento.love","url":"https:\/\/www.evento.love\/blog\/","logo":{"@type":"ImageObject","inLanguage":"es","@id":"https:\/\/www.evento.love\/blog\/#\/schema\/logo\/image\/","url":"https:\/\/www.evento.love\/blog\/wp-content\/uploads\/2016\/07\/logo-evento-love.png","contentUrl":"https:\/\/www.evento.love\/blog\/wp-content\/uploads\/2016\/07\/logo-evento-love.png","width":197,"height":59,"caption":"evento.love"},"image":{"@id":"https:\/\/www.evento.love\/blog\/#\/schema\/logo\/image\/"},"sameAs":["https:\/\/www.facebook.com\/Evento.love\/","https:\/\/twitter.com\/Evento_love","https:\/\/www.instagram.com\/evento.love\/","https:\/\/es.pinterest.com\/evento_love\/","https:\/\/www.youtube.com\/channel\/UCcVbo6ymzx-7FlDJja8aQnw"]},{"@type":"Person","@id":"https:\/\/www.evento.love\/blog\/#\/schema\/person\/a184c2ed424b7fb3006372ce8051542c","name":"Evento Love"}]}},"_links":{"self":[{"href":"https:\/\/www.evento.love\/blog\/wp-json\/wp\/v2\/posts\/3530"}],"collection":[{"href":"https:\/\/www.evento.love\/blog\/wp-json\/wp\/v2\/posts"}],"about":[{"href":"https:\/\/www.evento.love\/blog\/wp-json\/wp\/v2\/types\/post"}],"author":[{"embeddable":true,"href":"https:\/\/www.evento.love\/blog\/wp-json\/wp\/v2\/users\/1"}],"replies":[{"embeddable":true,"href":"https:\/\/www.evento.love\/blog\/wp-json\/wp\/v2\/comments?post=3530"}],"version-history":[{"count":10,"href":"https:\/\/www.evento.love\/blog\/wp-json\/wp\/v2\/posts\/3530\/revisions"}],"predecessor-version":[{"id":4933,"href":"https:\/\/www.evento.love\/blog\/wp-json\/wp\/v2\/posts\/3530\/revisions\/4933"}],"wp:featuredmedia":[{"embeddable":true,"href":"https:\/\/www.evento.love\/blog\/wp-json\/wp\/v2\/media\/3534"}],"wp:attachment":[{"href":"https:\/\/www.evento.love\/blog\/wp-json\/wp\/v2\/media?parent=3530"}],"wp:term":[{"taxonomy":"category","embeddable":true,"href":"https:\/\/www.evento.love\/blog\/wp-json\/wp\/v2\/categories?post=3530"},{"taxonomy":"post_tag","embeddable":true,"href":"https:\/\/www.evento.love\/blog\/wp-json\/wp\/v2\/tags?post=3530"}],"curies":[{"name":"wp","href":"https:\/\/api.w.org\/{rel}","templated":true}]}}