{"id":3630,"date":"2018-12-21T11:00:35","date_gmt":"2018-12-21T09:00:35","guid":{"rendered":"https:\/\/www.evento.love\/blog\/?p=3630"},"modified":"2019-07-19T00:17:50","modified_gmt":"2019-07-18T22:17:50","slug":"reflexiones-de-una-wedding-planner-boda-de-dia-o-de-noche","status":"publish","type":"post","link":"https:\/\/www.evento.love\/blog\/reflexiones-de-una-wedding-planner-boda-de-dia-o-de-noche\/","title":{"rendered":"Reflexiones de una wedding planner: boda de d\u00eda o de noche"},"content":{"rendered":"<p>\u00a1Hola evento lovers! El otro d\u00eda charlando con una querida amiga, cuya hija est\u00e1 a punto de casarse, me comentaba que la ni\u00f1a quer\u00eda casarse de noche, pero a ella no le gustaba la idea&#8230;prefer\u00eda celebrar una boda de d\u00eda.<!--more--><\/p>\n<p>Seguro que si os pregunto ahora mismo, muchas ten\u00e9is clara la respuesta de qu\u00e9 tipo de boda prefer\u00eds. Pero creedme, a la hora de la verdad, \u00a1entran muchas dudas! Me ha parecido un tema de lo m\u00e1s interesante para mostraros en una de mis reflexiones, as\u00ed que all\u00e1 vamos.<\/p>\n<p>Como siempre, aqu\u00ed van mis recomendaciones a la hora de escoger entre estas dos opciones, y los aspectos en los que deb\u00e9is fijaros.<\/p>\n<p><img decoding=\"async\" loading=\"lazy\" class=\"aligncenter size-full wp-image-3675\" src=\"https:\/\/www.evento.love\/blog\/wp-content\/uploads\/2018\/12\/boda-de-dia.jpg\" alt=\"boda de d\u00eda\" width=\"850\" height=\"607\" srcset=\"https:\/\/www.evento.love\/blog\/wp-content\/uploads\/2018\/12\/boda-de-dia.jpg 850w, https:\/\/www.evento.love\/blog\/wp-content\/uploads\/2018\/12\/boda-de-dia-300x214.jpg 300w, https:\/\/www.evento.love\/blog\/wp-content\/uploads\/2018\/12\/boda-de-dia-768x548.jpg 768w, https:\/\/www.evento.love\/blog\/wp-content\/uploads\/2018\/12\/boda-de-dia-378x270.jpg 378w\" sizes=\"(max-width: 850px) 100vw, 850px\" \/><\/p>\n<h2>Tips para escoger el horario de tu boda<\/h2>\n<h3>La estaci\u00f3n de a\u00f1o en la que ser\u00e1 la boda<\/h3>\n<ul>\n<li>En invierno deb\u00e9is tener en cuenta que el d\u00eda se acaba mucho antes, y que a las 6 ya es de noche. Por tanto, si la ceremonia es en esas horas, quiz\u00e1 no llegu\u00e9is a tener fotos con luz natural. No obstante, con una iluminaci\u00f3n c\u00e1lida y jugando con velas y guirnaldas de luces, el resultado tambi\u00e9n puede ser espectacular.<\/li>\n<li>Lo mismo ocurre en verano, pero con las bodas de ma\u00f1ana. En algunas zonas de Espa\u00f1a el calor es insoportable, por lo que si decid\u00eds celebrarla de d\u00eda, procurad que los invitados tengan sombra en todo momento, igual que vosotros. \u00a1No queremos que os derrit\u00e1is!<\/li>\n<\/ul>\n<h3>El dress code<\/h3>\n<p>Aunque los protocolos ya no son tan estrictos como antes, es verdad que vuestras invitadas tender\u00e1n a lucir m\u00e1s tocados y pamelas de d\u00eda y vestidos de fiesta de noche. \u00bfC\u00f3mo te imaginas a tus invitados?<\/p>\n<h3>El ambiente<\/h3>\n<p>Cierra los ojos e imag\u00ednate en tu boda. \u00bfQu\u00e9 colores te vienen a la mente?, \u00bfSe trata de un d\u00eda soleado en tonos pasteles, o de una velada m\u00e1s elegante, en la que disfrutar\u00e9is de una noche de fiesta, dando especial importancia a la decoraci\u00f3n luminosa? Por supuesto, en las bodas de verano aunque sean de noche, pod\u00e9is disfrutar de ambos ambientes sin renunciar a nada.<\/p>\n<p>Si algo he aprendido es que todas las &#8220;desventajas&#8221; que puedan surgir de vuestra elecci\u00f3n tienen soluci\u00f3n, y lo importante es sacar partido de las circunstancias y crear el mejor ambiente para tu boda. Cuando se lo dije a mi amiga, parece que su preocupaci\u00f3n se fue borrando poco a poco. Eso lo acompa\u00f1\u00e9 con algunas ideas preciosas para bodas de noche y, \u00a1parece que funcion\u00f3!<\/p>\n<p>Tom\u00e9is la decisi\u00f3n que tom\u00e9is, siempre que sea meditada y bajo ning\u00fan tipo de presi\u00f3n, ser\u00e1 la acertada.<\/p>\n<p>Eso os lo puedo asegurar \ud83d\ude42<\/p>\n<p>Nancy<\/p>\n<p>Si quieres saber m\u00e1s sobre mi trabajo como <a href=\"https:\/\/www.evento.love\/bodas\/index.html\" target=\"_blank\" rel=\"noopener noreferrer\">wedding planner<\/a>, no dudes en escribirme a <a href=\"mailto:hola@evento.love\" target=\"_blank\" rel=\"noopener noreferrer\">hola@evento.love<\/a>. \u00a1Me encantar\u00e1 conocerte!<\/p>\n<p>If you want to know more about my work as a <a href=\"https:\/\/www.evento.love\/bodas\/index.html\" target=\"_blank\" rel=\"noopener noreferrer\">wedding planner<\/a>, do not hesitate to write me at <a href=\"mailto:hola@evento.love\" target=\"_blank\" rel=\"noopener noreferrer\">hola@evento.love<\/a>. I will love meeting you!<\/p>\n    <div class=\"related-post grid\">\r\n                <div class=\"headline\">M\u00e1s art\u00edculos a tener en cuenta<\/div>\r\n        <div class=\"post-list \">\r\n\r\n                        <div class=\"item\">\r\n                        <div class=\"thumb post_thumb\">\r\n        <a  title=\"5+1 ideas imprescindibles para dar un toque especial a tu boda\" href=\"https:\/\/www.evento.love\/blog\/ideas-imprescindibles-tu-boda-madrid\/\">\r\n\r\n            <img width=\"150\" height=\"150\" src=\"https:\/\/www.evento.love\/blog\/wp-content\/uploads\/2017\/04\/17_04_01-150x150.jpg\" class=\"attachment-thumbnail size-thumbnail wp-post-image\" alt=\"Ideas para tu boda organizaci\u00f3n eventos madrid\" decoding=\"async\" loading=\"lazy\" \/>\r\n\r\n        <\/a>\r\n    <\/div>\r\n\r\n    <a class=\"title post_title\"  title=\"5+1 ideas imprescindibles para dar un toque especial a tu boda\" href=\"https:\/\/www.evento.love\/blog\/ideas-imprescindibles-tu-boda-madrid\/\">\r\n                5+1 ideas imprescindibles para dar un toque especial a tu boda    <\/a>\r\n\r\n                <\/div>\r\n                            <div class=\"item\">\r\n                        <div class=\"thumb post_thumb\">\r\n        <a  title=\"\u00bfQu\u00e9 es una preboda?\" href=\"https:\/\/www.evento.love\/blog\/que-es-una-preboda-madrid\/\">\r\n\r\n            <img width=\"150\" height=\"150\" src=\"https:\/\/www.evento.love\/blog\/wp-content\/uploads\/2017\/04\/17_04_15-150x150.jpg\" class=\"attachment-thumbnail size-thumbnail wp-post-image\" alt=\"preboda boda fotograf\u00eda novios madrid\" decoding=\"async\" loading=\"lazy\" \/>\r\n\r\n        <\/a>\r\n    <\/div>\r\n\r\n    <a class=\"title post_title\"  title=\"\u00bfQu\u00e9 es una preboda?\" href=\"https:\/\/www.evento.love\/blog\/que-es-una-preboda-madrid\/\">\r\n                \u00bfQu\u00e9 es una preboda?    <\/a>\r\n\r\n                <\/div>\r\n                            <div class=\"item\">\r\n                        <div class=\"thumb post_thumb\">\r\n        <a  title=\"Consejos para organizar una sesi\u00f3n postboda\" href=\"https:\/\/www.evento.love\/blog\/consejos-sesion-postboda-madrid\/\">\r\n\r\n            <img width=\"150\" height=\"150\" src=\"https:\/\/www.evento.love\/blog\/wp-content\/uploads\/2017\/05\/17_05_10-150x150.jpg\" class=\"attachment-thumbnail size-thumbnail wp-post-image\" alt=\"Consejos para una sesi\u00f3n de fotograf\u00eda postboda en Madrid\" decoding=\"async\" loading=\"lazy\" \/>\r\n\r\n        <\/a>\r\n    <\/div>\r\n\r\n    <a class=\"title post_title\"  title=\"Consejos para organizar una sesi\u00f3n postboda\" href=\"https:\/\/www.evento.love\/blog\/consejos-sesion-postboda-madrid\/\">\r\n                Consejos para organizar una sesi\u00f3n postboda    <\/a>\r\n\r\n                <\/div>\r\n                            <div class=\"item\">\r\n                        <div class=\"thumb post_thumb\">\r\n        <a  title=\"Cinco hermosos textos para leer en una boda\" href=\"https:\/\/www.evento.love\/blog\/cinco-hermosos-textos-pueden-leer-boda\/\">\r\n\r\n            <img width=\"150\" height=\"150\" src=\"https:\/\/www.evento.love\/blog\/wp-content\/uploads\/2017\/06\/16_06_08-150x150.jpg\" class=\"attachment-thumbnail size-thumbnail wp-post-image\" alt=\"textos para leer en una boda religiosa civil madrid\" decoding=\"async\" loading=\"lazy\" \/>\r\n\r\n        <\/a>\r\n    <\/div>\r\n\r\n    <a class=\"title post_title\"  title=\"Cinco hermosos textos para leer en una boda\" href=\"https:\/\/www.evento.love\/blog\/cinco-hermosos-textos-pueden-leer-boda\/\">\r\n                Cinco hermosos textos para leer en una boda    <\/a>\r\n\r\n                <\/div>\r\n            \r\n    <\/div>\r\n\r\n    <script>\r\n            <\/script>\r\n    <style>\r\n        .related-post {}\r\n\r\n        .related-post .post-list {\r\n            text-align: left;\r\n                    }\r\n\r\n        .related-post .post-list .item {\r\n            margin: 5px 10px;\r\n            padding: 0px;\r\n                    }\r\n\r\n        .related-post .headline {\r\n            font-size: 24px !important;\r\n            color: #000000 !important;\r\n                    }\r\n\r\n        .related-post .headline{\r\nfont-weight:400 !important;\r\ntext-transform: uppercase;\r\n}.related-post .post-list .item .post_thumb {\r\n            max-height: 180px;\r\n            margin: 10px 0px;\r\n            padding: 0px;\r\n            display: block;\r\n                    }\r\n\r\n        .related-post .post-list .item .post_title {\r\n            font-size: 12px;\r\n            color: #607d8b;\r\n            margin: 10px 0px;\r\n            padding: 0px;\r\n            display: block;\r\n            text-decoration: none;\r\n                    }\r\n\r\n        .related-post .post-list .item .post_excerpt {\r\n            font-size: 13px;\r\n            color: #3f3f3f;\r\n            margin: 10px 0px;\r\n            padding: 0px;\r\n            display: block;\r\n            text-decoration: none;\r\n                    }\r\n\r\n        @media only screen and (min-width: 1024px) {\r\n            .related-post .post-list .item {\r\n                width: 22%;\r\n            }\r\n        }\r\n\r\n        @media only screen and (min-width: 768px) and (max-width: 1023px) {\r\n            .related-post .post-list .item {\r\n                width: 90%;\r\n            }\r\n        }\r\n\r\n        @media only screen and (min-width: 0px) and (max-width: 767px) {\r\n            .related-post .post-list .item {\r\n                width: 30%;\r\n            }\r\n        }\r\n\r\n            <\/style>\r\n        <\/div>\r\n<!-- AddThis Advanced Settings generic via filter on the_content --><!-- AddThis Share Buttons generic via filter on the_content -->","protected":false},"excerpt":{"rendered":"<p>\u00a1Hola evento lovers! El otro d\u00eda charlando con una querida amiga, cuya hija est\u00e1 a punto de casarse, me comentaba que la ni\u00f1a quer\u00eda casarse de noche, pero a ella no le gustaba la idea&#8230;prefer\u00eda celebrar una boda de d\u00eda. M\u00e1s art\u00edculos a tener en cuenta Juegos y actividades en tu baby shower C\u00f3mo inmortalizar tu baby shower Juegos en el baby shower Un beb\u00e9 en camino \u00bfBaby shower o bautizo?<!-- AddThis Advanced Settings generic via filter on get_the_excerpt --><!-- AddThis Share Buttons generic via filter on get_the_excerpt --><\/p>\n    <div class=\"related-post grid\">\r\n                <div class=\"headline\">M\u00e1s art\u00edculos a tener en cuenta<\/div>\r\n        <div class=\"post-list \">\r\n\r\n                        <div class=\"item\">\r\n                        <div class=\"thumb post_thumb\">\r\n        <a  title=\"Baby Shower, mucho m\u00e1s que un evento social\" href=\"https:\/\/www.evento.love\/blog\/baby-shower-evento-social-madrid\/\">\r\n\r\n            <img width=\"150\" height=\"150\" src=\"https:\/\/www.evento.love\/blog\/wp-content\/uploads\/2016\/07\/babyshower-150x150.jpg\" class=\"attachment-thumbnail size-thumbnail wp-post-image\" alt=\"baby shower-fiesta-beb\u00e9-embarazo-embarazada\" decoding=\"async\" loading=\"lazy\" \/>\r\n\r\n        <\/a>\r\n    <\/div>\r\n\r\n    <a class=\"title post_title\"  title=\"Baby Shower, mucho m\u00e1s que un evento social\" href=\"https:\/\/www.evento.love\/blog\/baby-shower-evento-social-madrid\/\">\r\n                Baby Shower, mucho m\u00e1s que un evento social    <\/a>\r\n\r\n                <\/div>\r\n                            <div class=\"item\">\r\n                        <div class=\"thumb post_thumb\">\r\n        <a  title=\"12 consejos para un Baby Shower perfecto\" href=\"https:\/\/www.evento.love\/blog\/12-consejos-baby-shower-perfecto-madrid\/\">\r\n\r\n            <img width=\"150\" height=\"150\" src=\"https:\/\/www.evento.love\/blog\/wp-content\/uploads\/2016\/09\/16_05_20_12_consejos-para-que-tu-Baby-Shower-sea-perfecto-150x150.jpg\" class=\"attachment-thumbnail size-thumbnail wp-post-image\" alt=\"Baby Shower-perfecto-beb\u00e9-embarazado-embarazada-fiesta-babyshower\" decoding=\"async\" loading=\"lazy\" \/>\r\n\r\n        <\/a>\r\n    <\/div>\r\n\r\n    <a class=\"title post_title\"  title=\"12 consejos para un Baby Shower perfecto\" href=\"https:\/\/www.evento.love\/blog\/12-consejos-baby-shower-perfecto-madrid\/\">\r\n                12 consejos para un Baby Shower perfecto    <\/a>\r\n\r\n                <\/div>\r\n                            <div class=\"item\">\r\n                        <div class=\"thumb post_thumb\">\r\n        <a  title=\"Cu\u00e1ndo hacer el Baby Shower\" href=\"https:\/\/www.evento.love\/blog\/cuando-hacer-el-baby-shower-madrid\/\">\r\n\r\n            <img width=\"150\" height=\"150\" src=\"https:\/\/www.evento.love\/blog\/wp-content\/uploads\/2016\/09\/16_05_23_Cuando-hacer-el-Baby-Shower-150x150.jpg\" class=\"attachment-thumbnail size-thumbnail wp-post-image\" alt=\"Cu\u00e1ndo hacer el baby shower beb\u00e9 embarazo fiesta en Madrid\" decoding=\"async\" loading=\"lazy\" \/>\r\n\r\n        <\/a>\r\n    <\/div>\r\n\r\n    <a class=\"title post_title\"  title=\"Cu\u00e1ndo hacer el Baby Shower\" href=\"https:\/\/www.evento.love\/blog\/cuando-hacer-el-baby-shower-madrid\/\">\r\n                Cu\u00e1ndo hacer el Baby Shower    <\/a>\r\n\r\n                <\/div>\r\n                            <div class=\"item\">\r\n                        <div class=\"thumb post_thumb\">\r\n        <a  title=\"\u00bfQui\u00e9n debe organizar el Baby Shower?\" href=\"https:\/\/www.evento.love\/blog\/quien-organizar-baby-shower-madrid\/\">\r\n\r\n            <img width=\"150\" height=\"150\" src=\"https:\/\/www.evento.love\/blog\/wp-content\/uploads\/2016\/09\/16_05_29_Qui\u00e9n-organiza-el-Baby-Shower-150x150.jpg\" class=\"attachment-thumbnail size-thumbnail wp-post-image\" alt=\"Organizaci\u00f3n Baby Shower Madrid fiesta beb\u00e9 embarazada\" decoding=\"async\" loading=\"lazy\" \/>\r\n\r\n        <\/a>\r\n    <\/div>\r\n\r\n    <a class=\"title post_title\"  title=\"\u00bfQui\u00e9n debe organizar el Baby Shower?\" href=\"https:\/\/www.evento.love\/blog\/quien-organizar-baby-shower-madrid\/\">\r\n                \u00bfQui\u00e9n debe organizar el Baby Shower?    <\/a>\r\n\r\n                <\/div>\r\n            \r\n    <\/div>\r\n\r\n    <script>\r\n            <\/script>\r\n    <style>\r\n        .related-post {}\r\n\r\n        .related-post .post-list {\r\n            text-align: left;\r\n                    }\r\n\r\n        .related-post .post-list .item {\r\n            margin: 5px 10px;\r\n            padding: 0px;\r\n                    }\r\n\r\n        .related-post .headline {\r\n            font-size: 24px !important;\r\n            color: #000000 !important;\r\n                    }\r\n\r\n        .related-post .headline{\r\nfont-weight:400 !important;\r\ntext-transform: uppercase;\r\n}.related-post .post-list .item .post_thumb {\r\n            max-height: 180px;\r\n            margin: 10px 0px;\r\n            padding: 0px;\r\n            display: block;\r\n                    }\r\n\r\n        .related-post .post-list .item .post_title {\r\n            font-size: 12px;\r\n            color: #607d8b;\r\n            margin: 10px 0px;\r\n            padding: 0px;\r\n            display: block;\r\n            text-decoration: none;\r\n                    }\r\n\r\n        .related-post .post-list .item .post_excerpt {\r\n            font-size: 13px;\r\n            color: #3f3f3f;\r\n            margin: 10px 0px;\r\n            padding: 0px;\r\n            display: block;\r\n            text-decoration: none;\r\n                    }\r\n\r\n        @media only screen and (min-width: 1024px) {\r\n            .related-post .post-list .item {\r\n                width: 22%;\r\n            }\r\n        }\r\n\r\n        @media only screen and (min-width: 768px) and (max-width: 1023px) {\r\n            .related-post .post-list .item {\r\n                width: 90%;\r\n            }\r\n        }\r\n\r\n        @media only screen and (min-width: 0px) and (max-width: 767px) {\r\n            .related-post .post-list .item {\r\n                width: 30%;\r\n            }\r\n        }\r\n\r\n            <\/style>\r\n        <\/div>\r\n","protected":false},"author":1,"featured_media":3674,"comment_status":"closed","ping_status":"open","sticky":false,"template":"","format":"standard","meta":{"content-type":""},"categories":[756],"tags":[1132,1133,889,1134,888],"yoast_head":"<!-- This site is optimized with the Yoast SEO plugin v20.7 - https:\/\/yoast.com\/wordpress\/plugins\/seo\/ -->\n<title>Reflexiones de una wedding planner: boda de d\u00eda o de noche - El Blog de evento.love<\/title>\n<meta name=\"description\" content=\"Repaso con vosotros las recomendaciones definitivas para escoger celebrar una boda de d\u00eda o una boda de noche. \u00a1No os lo perd\u00e1is!\" \/>\n<meta name=\"robots\" content=\"index, follow, max-snippet:-1, max-image-preview:large, max-video-preview:-1\" \/>\n<meta property=\"og:locale\" content=\"es_ES\" \/>\n<meta property=\"og:type\" content=\"article\" \/>\n<meta property=\"og:title\" content=\"Reflexiones de una wedding planner: boda de d\u00eda o de noche - El Blog de evento.love\" \/>\n<meta property=\"og:description\" content=\"Repaso con vosotros las recomendaciones definitivas para escoger celebrar una boda de d\u00eda o una boda de noche. \u00a1No os lo perd\u00e1is!\" \/>\n<meta property=\"og:url\" content=\"https:\/\/www.evento.love\/blog\/reflexiones-de-una-wedding-planner-boda-de-dia-o-de-noche\/\" \/>\n<meta property=\"og:site_name\" content=\"El Blog de evento.love\" \/>\n<meta property=\"article:publisher\" content=\"https:\/\/www.facebook.com\/Evento.love\/\" \/>\n<meta property=\"article:published_time\" content=\"2018-12-21T09:00:35+00:00\" \/>\n<meta property=\"article:modified_time\" content=\"2019-07-18T22:17:50+00:00\" \/>\n<meta property=\"og:image\" content=\"https:\/\/www.evento.love\/blog\/wp-content\/uploads\/2018\/12\/boda-de-dia-1.jpg\" \/>\n\t<meta property=\"og:image:width\" content=\"850\" \/>\n\t<meta property=\"og:image:height\" content=\"638\" \/>\n\t<meta property=\"og:image:type\" content=\"image\/jpeg\" \/>\n<meta name=\"author\" content=\"Evento Love\" \/>\n<meta name=\"twitter:card\" content=\"summary_large_image\" \/>\n<meta name=\"twitter:creator\" content=\"@Evento_love\" \/>\n<meta name=\"twitter:site\" content=\"@Evento_love\" \/>\n<meta name=\"twitter:label1\" content=\"Escrito por\" \/>\n\t<meta name=\"twitter:data1\" content=\"Evento Love\" \/>\n\t<meta name=\"twitter:label2\" content=\"Tiempo de lectura\" \/>\n\t<meta name=\"twitter:data2\" content=\"3 minutos\" \/>\n<!-- \/ Yoast SEO plugin. -->","yoast_head_json":{"title":"Reflexiones de una wedding planner: boda de d\u00eda o de noche - El Blog de evento.love","description":"Repaso con vosotros las recomendaciones definitivas para escoger celebrar una boda de d\u00eda o una boda de noche. \u00a1No os lo perd\u00e1is!","robots":{"index":"index","follow":"follow","max-snippet":"max-snippet:-1","max-image-preview":"max-image-preview:large","max-video-preview":"max-video-preview:-1"},"og_locale":"es_ES","og_type":"article","og_title":"Reflexiones de una wedding planner: boda de d\u00eda o de noche - El Blog de evento.love","og_description":"Repaso con vosotros las recomendaciones definitivas para escoger celebrar una boda de d\u00eda o una boda de noche. \u00a1No os lo perd\u00e1is!","og_url":"https:\/\/www.evento.love\/blog\/reflexiones-de-una-wedding-planner-boda-de-dia-o-de-noche\/","og_site_name":"El Blog de evento.love","article_publisher":"https:\/\/www.facebook.com\/Evento.love\/","article_published_time":"2018-12-21T09:00:35+00:00","article_modified_time":"2019-07-18T22:17:50+00:00","og_image":[{"width":850,"height":638,"url":"https:\/\/www.evento.love\/blog\/wp-content\/uploads\/2018\/12\/boda-de-dia-1.jpg","type":"image\/jpeg"}],"author":"Evento Love","twitter_card":"summary_large_image","twitter_creator":"@Evento_love","twitter_site":"@Evento_love","twitter_misc":{"Escrito por":"Evento Love","Tiempo de lectura":"3 minutos"},"schema":{"@context":"https:\/\/schema.org","@graph":[{"@type":"Article","@id":"https:\/\/www.evento.love\/blog\/reflexiones-de-una-wedding-planner-boda-de-dia-o-de-noche\/#article","isPartOf":{"@id":"https:\/\/www.evento.love\/blog\/reflexiones-de-una-wedding-planner-boda-de-dia-o-de-noche\/"},"author":{"name":"Evento Love","@id":"https:\/\/www.evento.love\/blog\/#\/schema\/person\/a184c2ed424b7fb3006372ce8051542c"},"headline":"Reflexiones de una wedding planner: boda de d\u00eda o de noche","datePublished":"2018-12-21T09:00:35+00:00","dateModified":"2019-07-18T22:17:50+00:00","mainEntityOfPage":{"@id":"https:\/\/www.evento.love\/blog\/reflexiones-de-una-wedding-planner-boda-de-dia-o-de-noche\/"},"wordCount":534,"publisher":{"@id":"https:\/\/www.evento.love\/blog\/#organization"},"keywords":["boda de d\u00eda","boda de noche","organizaci\u00f3n de bodas","reflexiones de una wedding planner","wedding planner"],"articleSection":["Bodas"],"inLanguage":"es"},{"@type":"WebPage","@id":"https:\/\/www.evento.love\/blog\/reflexiones-de-una-wedding-planner-boda-de-dia-o-de-noche\/","url":"https:\/\/www.evento.love\/blog\/reflexiones-de-una-wedding-planner-boda-de-dia-o-de-noche\/","name":"Reflexiones de una wedding planner: boda de d\u00eda o de noche - El Blog de evento.love","isPartOf":{"@id":"https:\/\/www.evento.love\/blog\/#website"},"datePublished":"2018-12-21T09:00:35+00:00","dateModified":"2019-07-18T22:17:50+00:00","description":"Repaso con vosotros las recomendaciones definitivas para escoger celebrar una boda de d\u00eda o una boda de noche. \u00a1No os lo perd\u00e1is!","breadcrumb":{"@id":"https:\/\/www.evento.love\/blog\/reflexiones-de-una-wedding-planner-boda-de-dia-o-de-noche\/#breadcrumb"},"inLanguage":"es","potentialAction":[{"@type":"ReadAction","target":["https:\/\/www.evento.love\/blog\/reflexiones-de-una-wedding-planner-boda-de-dia-o-de-noche\/"]}]},{"@type":"BreadcrumbList","@id":"https:\/\/www.evento.love\/blog\/reflexiones-de-una-wedding-planner-boda-de-dia-o-de-noche\/#breadcrumb","itemListElement":[{"@type":"ListItem","position":1,"name":"Evento.love","item":"https:\/\/www.evento.love\/blog\/"},{"@type":"ListItem","position":2,"name":"Bodas","item":"https:\/\/www.evento.love\/blog\/category\/bodas\/"},{"@type":"ListItem","position":3,"name":"Reflexiones de una wedding planner: boda de d\u00eda o de noche"}]},{"@type":"WebSite","@id":"https:\/\/www.evento.love\/blog\/#website","url":"https:\/\/www.evento.love\/blog\/","name":"El Blog de evento.love","description":"T\u00fa lo mereces. Disfruta de tu momento","publisher":{"@id":"https:\/\/www.evento.love\/blog\/#organization"},"potentialAction":[{"@type":"SearchAction","target":{"@type":"EntryPoint","urlTemplate":"https:\/\/www.evento.love\/blog\/?s={search_term_string}"},"query-input":"required name=search_term_string"}],"inLanguage":"es"},{"@type":"Organization","@id":"https:\/\/www.evento.love\/blog\/#organization","name":"evento.love","url":"https:\/\/www.evento.love\/blog\/","logo":{"@type":"ImageObject","inLanguage":"es","@id":"https:\/\/www.evento.love\/blog\/#\/schema\/logo\/image\/","url":"https:\/\/www.evento.love\/blog\/wp-content\/uploads\/2016\/07\/logo-evento-love.png","contentUrl":"https:\/\/www.evento.love\/blog\/wp-content\/uploads\/2016\/07\/logo-evento-love.png","width":197,"height":59,"caption":"evento.love"},"image":{"@id":"https:\/\/www.evento.love\/blog\/#\/schema\/logo\/image\/"},"sameAs":["https:\/\/www.facebook.com\/Evento.love\/","https:\/\/twitter.com\/Evento_love","https:\/\/www.instagram.com\/evento.love\/","https:\/\/es.pinterest.com\/evento_love\/","https:\/\/www.youtube.com\/channel\/UCcVbo6ymzx-7FlDJja8aQnw"]},{"@type":"Person","@id":"https:\/\/www.evento.love\/blog\/#\/schema\/person\/a184c2ed424b7fb3006372ce8051542c","name":"Evento Love"}]}},"_links":{"self":[{"href":"https:\/\/www.evento.love\/blog\/wp-json\/wp\/v2\/posts\/3630"}],"collection":[{"href":"https:\/\/www.evento.love\/blog\/wp-json\/wp\/v2\/posts"}],"about":[{"href":"https:\/\/www.evento.love\/blog\/wp-json\/wp\/v2\/types\/post"}],"author":[{"embeddable":true,"href":"https:\/\/www.evento.love\/blog\/wp-json\/wp\/v2\/users\/1"}],"replies":[{"embeddable":true,"href":"https:\/\/www.evento.love\/blog\/wp-json\/wp\/v2\/comments?post=3630"}],"version-history":[{"count":11,"href":"https:\/\/www.evento.love\/blog\/wp-json\/wp\/v2\/posts\/3630\/revisions"}],"predecessor-version":[{"id":4925,"href":"https:\/\/www.evento.love\/blog\/wp-json\/wp\/v2\/posts\/3630\/revisions\/4925"}],"wp:featuredmedia":[{"embeddable":true,"href":"https:\/\/www.evento.love\/blog\/wp-json\/wp\/v2\/media\/3674"}],"wp:attachment":[{"href":"https:\/\/www.evento.love\/blog\/wp-json\/wp\/v2\/media?parent=3630"}],"wp:term":[{"taxonomy":"category","embeddable":true,"href":"https:\/\/www.evento.love\/blog\/wp-json\/wp\/v2\/categories?post=3630"},{"taxonomy":"post_tag","embeddable":true,"href":"https:\/\/www.evento.love\/blog\/wp-json\/wp\/v2\/tags?post=3630"}],"curies":[{"name":"wp","href":"https:\/\/api.w.org\/{rel}","templated":true}]}}