{"id":3692,"date":"2019-01-08T12:00:11","date_gmt":"2019-01-08T10:00:11","guid":{"rendered":"https:\/\/www.evento.love\/blog\/?p=3692"},"modified":"2019-07-19T00:17:49","modified_gmt":"2019-07-18T22:17:49","slug":"fiesta-de-bienvenida-del-bebe","status":"publish","type":"post","link":"https:\/\/www.evento.love\/blog\/fiesta-de-bienvenida-del-bebe\/","title":{"rendered":"Fiesta de Bienvenida del Beb\u00e9"},"content":{"rendered":"<p>Todos los eventos nos emocionan, porque desde el momento en que nos contactan percibimos y compartimos la alegr\u00eda que esa nueva celebraci\u00f3n est\u00e1 trayendo a esa familia. Y, por supuesto, la fiesta de bienvenida de un beb\u00e9 es una de las m\u00e1s emocionantes.<!--more--><\/p>\n<p>Cuando hace unos meses una feliz futura mam\u00e1 nos contact\u00f3 para que la ayud\u00e1ramos a <a href=\"https:\/\/www.evento.love\/babyshower\/index.html\" target=\"_blank\" rel=\"noopener noreferrer\">organizar su fiesta<\/a>, fuimos inmediatamente a su casa para conocer el lugar y definir juntas todos los detalles.<\/p>\n<p><img decoding=\"async\" loading=\"lazy\" class=\"aligncenter size-full wp-image-3715\" src=\"https:\/\/www.evento.love\/blog\/wp-content\/uploads\/2019\/01\/fiesta-bienvenida-bebe-rustica-14.jpg\" alt=\"\" width=\"850\" height=\"567\" srcset=\"https:\/\/www.evento.love\/blog\/wp-content\/uploads\/2019\/01\/fiesta-bienvenida-bebe-rustica-14.jpg 850w, https:\/\/www.evento.love\/blog\/wp-content\/uploads\/2019\/01\/fiesta-bienvenida-bebe-rustica-14-300x200.jpg 300w, https:\/\/www.evento.love\/blog\/wp-content\/uploads\/2019\/01\/fiesta-bienvenida-bebe-rustica-14-768x512.jpg 768w, https:\/\/www.evento.love\/blog\/wp-content\/uploads\/2019\/01\/fiesta-bienvenida-bebe-rustica-14-405x270.jpg 405w\" sizes=\"(max-width: 850px) 100vw, 850px\" \/><\/p>\n<h2>El reto de las fiestas del beb\u00e9<\/h2>\n<p>Este, como todo evento, tiene particularidades, mas all\u00e1 de los gustos y deseos de la familia. Y es que debemos tener en cuenta algo fundamental, \u00a1que no podemos definir la fecha de la fiesta! \u00bfc\u00f3mo definimos la fecha del evento? La respuesta es sencilla: \u00a1no la definimos! No sabemos qu\u00e9 d\u00eda ser\u00e1 la fiesta, sencillamente, porque dependemos del nacimiento del beb\u00e9. Y en eso es en lo \u00fanico que no podemos hacer nada&#8230;\u00a1toca esperar!<\/p>\n<p>Aunque esta espera nos da el tiempo necesario para elegir y dise\u00f1ar todos los <a href=\"https:\/\/www.evento.love\/tienda\/detalles-y-regalos\" target=\"_blank\" rel=\"noopener noreferrer\">detalles<\/a>, la <a href=\"https:\/\/www.evento.love\/blog\/category\/decoracion\/\" target=\"_blank\" rel=\"noopener noreferrer\">decoraci\u00f3n<\/a>, los <a href=\"https:\/\/www.evento.love\/tienda\/dulces\" target=\"_blank\" rel=\"noopener noreferrer\">dulces<\/a>, etc., con la tem\u00e1tica que hayamos elegido y en completa armon\u00eda de colores y dise\u00f1o.<\/p>\n<p><img decoding=\"async\" loading=\"lazy\" class=\"aligncenter size-full wp-image-3717\" src=\"https:\/\/www.evento.love\/blog\/wp-content\/uploads\/2019\/01\/fiesta-bienvenida-bebe-rustica-1.jpg\" alt=\"fiesta de bienvenida del beb\u00e9\" width=\"850\" height=\"567\" srcset=\"https:\/\/www.evento.love\/blog\/wp-content\/uploads\/2019\/01\/fiesta-bienvenida-bebe-rustica-1.jpg 850w, https:\/\/www.evento.love\/blog\/wp-content\/uploads\/2019\/01\/fiesta-bienvenida-bebe-rustica-1-300x200.jpg 300w, https:\/\/www.evento.love\/blog\/wp-content\/uploads\/2019\/01\/fiesta-bienvenida-bebe-rustica-1-768x512.jpg 768w, https:\/\/www.evento.love\/blog\/wp-content\/uploads\/2019\/01\/fiesta-bienvenida-bebe-rustica-1-405x270.jpg 405w\" sizes=\"(max-width: 850px) 100vw, 850px\" \/><\/p>\n<h2>Los preparativos<\/h2>\n<p>En este caso, la futura mam\u00e1 ten\u00eda muy claro qu\u00e9 colores y qu\u00e9 tem\u00e1tica quer\u00eda para recibir a su beb\u00e9, por lo que todo fue muy sencillo. Nos encant\u00f3 su elecci\u00f3n y desde el primer d\u00eda nos pusimos manos a la obra.<\/p>\n<p>Las semanas pasaban y la pregunta segu\u00eda siendo &#8220;\u00bfCu\u00e1ndo?&#8221;, hasta que finalmente una ma\u00f1ana recibimos la feliz noticia: el beb\u00e9 acababa de nacer&#8230;y es que desde el momento en el que su madre nos llam\u00f3, el peque\u00f1o pas\u00f3 a formar parte de nuestra familia, la gran familia de <a href=\"https:\/\/www.evento.love\/blog\/category\/nuestros-eventos\/\" target=\"_blank\" rel=\"noopener noreferrer\">evento.love<\/a>.\u00a0Definimos por fin la fecha, que ser\u00eda el s\u00e1bado siguiente.<\/p>\n<p>La &#8220;mudanza&#8221;, como ya sab\u00e9is que la llamamos, qued\u00f3 preparada el d\u00eda anterior, ya que el s\u00e1bado quer\u00edamos estar en casa del beb\u00e9 desde muy temprano.<\/p>\n<p>Cuando terminamos de descargar todo en su casa, los nuevos pap\u00e1s no pod\u00edan creer lo que ten\u00edamos all\u00ed. Aunque no nos lo dijeron sentimos que el pensamiento era: &#8220;\u00bfc\u00f3mo v\u00e1is a hacer para que todo esto se transforme en la decoraci\u00f3n de la que hablamos?&#8221; y les entiendo, \u00a1parece imposible!<\/p>\n<h2>La decoraci\u00f3n<\/h2>\n<p>Comenzamos con nuestro magia: un biombo aqu\u00ed, el otro all\u00ed, una mesa que queda totalmente cubierta por un mantel blanco, luces y ramas que encajaban a la perfecci\u00f3n en cada rinc\u00f3n&#8230;Y todo comienza a encajar como un puzzle, todo comienza a tener sentido.<\/p>\n<p>Las luces iluminaban y decoraban los rincones que pasaban desapercibidos.<\/p>\n<p><img decoding=\"async\" loading=\"lazy\" class=\"aligncenter size-full wp-image-3714\" src=\"https:\/\/www.evento.love\/blog\/wp-content\/uploads\/2019\/01\/fiesta-bienvenida-bebe-rustica-13.jpg\" alt=\"fiesta de bienvenida del beb\u00e9\" width=\"850\" height=\"567\" srcset=\"https:\/\/www.evento.love\/blog\/wp-content\/uploads\/2019\/01\/fiesta-bienvenida-bebe-rustica-13.jpg 850w, https:\/\/www.evento.love\/blog\/wp-content\/uploads\/2019\/01\/fiesta-bienvenida-bebe-rustica-13-300x200.jpg 300w, https:\/\/www.evento.love\/blog\/wp-content\/uploads\/2019\/01\/fiesta-bienvenida-bebe-rustica-13-768x512.jpg 768w, https:\/\/www.evento.love\/blog\/wp-content\/uploads\/2019\/01\/fiesta-bienvenida-bebe-rustica-13-405x270.jpg 405w\" sizes=\"(max-width: 850px) 100vw, 850px\" \/><\/p>\n<p>Las fuentes, cajas, dulces, chuches&#8230;cada cosa ocupa su lugar y entonces el coqueto sal\u00f3n se transforma y todo es una gran fiesta.<\/p>\n<p><img decoding=\"async\" loading=\"lazy\" class=\"aligncenter size-full wp-image-3713\" src=\"https:\/\/www.evento.love\/blog\/wp-content\/uploads\/2019\/01\/fiesta-bienvenida-bebe-rustica-12.jpg\" alt=\"fiesta de bienvenida del beb\u00e9\" width=\"850\" height=\"567\" srcset=\"https:\/\/www.evento.love\/blog\/wp-content\/uploads\/2019\/01\/fiesta-bienvenida-bebe-rustica-12.jpg 850w, https:\/\/www.evento.love\/blog\/wp-content\/uploads\/2019\/01\/fiesta-bienvenida-bebe-rustica-12-300x200.jpg 300w, https:\/\/www.evento.love\/blog\/wp-content\/uploads\/2019\/01\/fiesta-bienvenida-bebe-rustica-12-768x512.jpg 768w, https:\/\/www.evento.love\/blog\/wp-content\/uploads\/2019\/01\/fiesta-bienvenida-bebe-rustica-12-405x270.jpg 405w\" sizes=\"(max-width: 850px) 100vw, 850px\" \/><\/p>\n<p><a href=\"https:\/\/www.evento.love\/tienda\/tartas-personalizadas\" target=\"_blank\" rel=\"noopener noreferrer\">La tarta<\/a>, tematizada con los colores de la decoraci\u00f3n y con el dise\u00f1o elegido por los pap\u00e1s, presid\u00eda la gran mesa dulce.<\/p>\n<p><img decoding=\"async\" loading=\"lazy\" class=\"aligncenter size-full wp-image-3712\" src=\"https:\/\/www.evento.love\/blog\/wp-content\/uploads\/2019\/01\/fiesta-bienvenida-bebe-rustica-9.jpg\" alt=\"fiesta de bienvenida del beb\u00e9\" width=\"850\" height=\"567\" srcset=\"https:\/\/www.evento.love\/blog\/wp-content\/uploads\/2019\/01\/fiesta-bienvenida-bebe-rustica-9.jpg 850w, https:\/\/www.evento.love\/blog\/wp-content\/uploads\/2019\/01\/fiesta-bienvenida-bebe-rustica-9-300x200.jpg 300w, https:\/\/www.evento.love\/blog\/wp-content\/uploads\/2019\/01\/fiesta-bienvenida-bebe-rustica-9-768x512.jpg 768w, https:\/\/www.evento.love\/blog\/wp-content\/uploads\/2019\/01\/fiesta-bienvenida-bebe-rustica-9-405x270.jpg 405w\" sizes=\"(max-width: 850px) 100vw, 850px\" \/><\/p>\n<p>Y como toda fiesta comienza desde la puerta para dar la bienvenida a los invitados, la decoramos anunciando la fiesta de bienvenida.<\/p>\n<p><img decoding=\"async\" loading=\"lazy\" class=\"aligncenter size-full wp-image-3709\" src=\"https:\/\/www.evento.love\/blog\/wp-content\/uploads\/2019\/01\/fiesta-bienvenida-bebe-rustica.jpg\" alt=\"fiesta de bienvenida del beb\u00e9\" width=\"850\" height=\"577\" srcset=\"https:\/\/www.evento.love\/blog\/wp-content\/uploads\/2019\/01\/fiesta-bienvenida-bebe-rustica.jpg 850w, https:\/\/www.evento.love\/blog\/wp-content\/uploads\/2019\/01\/fiesta-bienvenida-bebe-rustica-300x204.jpg 300w, https:\/\/www.evento.love\/blog\/wp-content\/uploads\/2019\/01\/fiesta-bienvenida-bebe-rustica-768x521.jpg 768w, https:\/\/www.evento.love\/blog\/wp-content\/uploads\/2019\/01\/fiesta-bienvenida-bebe-rustica-398x270.jpg 398w\" sizes=\"(max-width: 850px) 100vw, 850px\" \/><\/p>\n<p>A la hora se\u00f1alada, todo queda listo, decorado, ordenado, con las luces y velas encendidas, y discretamente nosotras nos vamos. Despu\u00e9s de recibir el agradecimiento y la felicitaci\u00f3n de los pap\u00e1s al ver todo terminado, nos emocionamos al ver que nuevamente lo hemos conseguido.<\/p>\n<p>Cuando al d\u00eda siguiente fuimos a desmontar y recoger la decoraci\u00f3n, la mam\u00e1 nos coment\u00f3 que todos los invitados quedaron maravillados con nuestra decoraci\u00f3n y que nos llamar\u00edan para sus pr\u00f3ximas celebraciones, al igual que ella y su esposo que ya nos adoptaton como su empresa de eventos.\u00a0Por cierto, tambi\u00e9n nos comento: \u00a1la tarta estaba exquisita! \ud83d\ude09<\/p>\n<p><iframe loading=\"lazy\" width=\"640\" height=\"360\" src=\"https:\/\/www.youtube.com\/embed\/4N25Z-_7etQ?start=2&#038;feature=oembed\" frameborder=\"0\" allow=\"accelerometer; autoplay; encrypted-media; gyroscope; picture-in-picture\" allowfullscreen><\/iframe><\/p>\n<p>Si quieres recibir a tu beb\u00e9 con una fiesta como esta, no dudes en ponerte <a href=\"https:\/\/www.evento.love\" target=\"_blank\" rel=\"noopener noreferrer\">en contacto con nosotros<\/a> y dise\u00f1aremos la decoraci\u00f3n completamente personalizada, a tu gusto. Te esperamos en <a href=\"mailto:hola@evento.love\" target=\"_blank\" rel=\"noopener noreferrer\">hola@evento.love<\/a>.<\/p>\n<p>&#8211;<\/p>\n<p>If you want to receive your baby with a beautiful party like this one, do not hesitate to <a href=\"https:\/\/www.evento.love\" target=\"_blank\" rel=\"noopener noreferrer\">contact us<\/a> and we will design your decoration completely personalized. We are waiting for you at <a href=\"mailto:hola@evento.love\" target=\"_blank\" rel=\"noopener noreferrer\">hola@evento.love<\/a>.<\/p>\n    <div class=\"related-post grid\">\r\n                <div class=\"headline\">M\u00e1s art\u00edculos a tener en cuenta<\/div>\r\n        <div class=\"post-list \">\r\n\r\n                        <div class=\"item\">\r\n                        <div class=\"thumb post_thumb\">\r\n        <a  title=\"Baby Shower, mucho m\u00e1s que un evento social\" href=\"https:\/\/www.evento.love\/blog\/baby-shower-evento-social-madrid\/\">\r\n\r\n            <img width=\"150\" height=\"150\" src=\"https:\/\/www.evento.love\/blog\/wp-content\/uploads\/2016\/07\/babyshower-150x150.jpg\" class=\"attachment-thumbnail size-thumbnail wp-post-image\" alt=\"baby shower-fiesta-beb\u00e9-embarazo-embarazada\" decoding=\"async\" loading=\"lazy\" \/>\r\n\r\n        <\/a>\r\n    <\/div>\r\n\r\n    <a class=\"title post_title\"  title=\"Baby Shower, mucho m\u00e1s que un evento social\" href=\"https:\/\/www.evento.love\/blog\/baby-shower-evento-social-madrid\/\">\r\n                Baby Shower, mucho m\u00e1s que un evento social    <\/a>\r\n\r\n                <\/div>\r\n                            <div class=\"item\">\r\n                        <div class=\"thumb post_thumb\">\r\n        <a  title=\"12 consejos para un Baby Shower perfecto\" href=\"https:\/\/www.evento.love\/blog\/12-consejos-baby-shower-perfecto-madrid\/\">\r\n\r\n            <img width=\"150\" height=\"150\" src=\"https:\/\/www.evento.love\/blog\/wp-content\/uploads\/2016\/09\/16_05_20_12_consejos-para-que-tu-Baby-Shower-sea-perfecto-150x150.jpg\" class=\"attachment-thumbnail size-thumbnail wp-post-image\" alt=\"Baby Shower-perfecto-beb\u00e9-embarazado-embarazada-fiesta-babyshower\" decoding=\"async\" loading=\"lazy\" \/>\r\n\r\n        <\/a>\r\n    <\/div>\r\n\r\n    <a class=\"title post_title\"  title=\"12 consejos para un Baby Shower perfecto\" href=\"https:\/\/www.evento.love\/blog\/12-consejos-baby-shower-perfecto-madrid\/\">\r\n                12 consejos para un Baby Shower perfecto    <\/a>\r\n\r\n                <\/div>\r\n                            <div class=\"item\">\r\n                        <div class=\"thumb post_thumb\">\r\n        <a  title=\"Cu\u00e1ndo hacer el Baby Shower\" href=\"https:\/\/www.evento.love\/blog\/cuando-hacer-el-baby-shower-madrid\/\">\r\n\r\n            <img width=\"150\" height=\"150\" src=\"https:\/\/www.evento.love\/blog\/wp-content\/uploads\/2016\/09\/16_05_23_Cuando-hacer-el-Baby-Shower-150x150.jpg\" class=\"attachment-thumbnail size-thumbnail wp-post-image\" alt=\"Cu\u00e1ndo hacer el baby shower beb\u00e9 embarazo fiesta en Madrid\" decoding=\"async\" loading=\"lazy\" \/>\r\n\r\n        <\/a>\r\n    <\/div>\r\n\r\n    <a class=\"title post_title\"  title=\"Cu\u00e1ndo hacer el Baby Shower\" href=\"https:\/\/www.evento.love\/blog\/cuando-hacer-el-baby-shower-madrid\/\">\r\n                Cu\u00e1ndo hacer el Baby Shower    <\/a>\r\n\r\n                <\/div>\r\n                            <div class=\"item\">\r\n                        <div class=\"thumb post_thumb\">\r\n        <a  title=\"Baby Shower: Elaborando la lista de invitados\" href=\"https:\/\/www.evento.love\/blog\/baby-shower-lista-invitados-madrid\/\">\r\n\r\n            <img width=\"150\" height=\"150\" src=\"https:\/\/www.evento.love\/blog\/wp-content\/uploads\/2016\/09\/16_05_30_Baby-Shower-elaborando-la-lista-de-invitados-150x150.jpg\" class=\"attachment-thumbnail size-thumbnail wp-post-image\" alt=\"\" decoding=\"async\" loading=\"lazy\" \/>\r\n\r\n        <\/a>\r\n    <\/div>\r\n\r\n    <a class=\"title post_title\"  title=\"Baby Shower: Elaborando la lista de invitados\" href=\"https:\/\/www.evento.love\/blog\/baby-shower-lista-invitados-madrid\/\">\r\n                Baby Shower: Elaborando la lista de invitados    <\/a>\r\n\r\n                <\/div>\r\n            \r\n    <\/div>\r\n\r\n    <script>\r\n            <\/script>\r\n    <style>\r\n        .related-post {}\r\n\r\n        .related-post .post-list {\r\n            text-align: left;\r\n                    }\r\n\r\n        .related-post .post-list .item {\r\n            margin: 5px 10px;\r\n            padding: 0px;\r\n                    }\r\n\r\n        .related-post .headline {\r\n            font-size: 24px !important;\r\n            color: #000000 !important;\r\n                    }\r\n\r\n        .related-post .headline{\r\nfont-weight:400 !important;\r\ntext-transform: uppercase;\r\n}.related-post .post-list .item .post_thumb {\r\n            max-height: 180px;\r\n            margin: 10px 0px;\r\n            padding: 0px;\r\n            display: block;\r\n                    }\r\n\r\n        .related-post .post-list .item .post_title {\r\n            font-size: 12px;\r\n            color: #607d8b;\r\n            margin: 10px 0px;\r\n            padding: 0px;\r\n            display: block;\r\n            text-decoration: none;\r\n                    }\r\n\r\n        .related-post .post-list .item .post_excerpt {\r\n            font-size: 13px;\r\n            color: #3f3f3f;\r\n            margin: 10px 0px;\r\n            padding: 0px;\r\n            display: block;\r\n            text-decoration: none;\r\n                    }\r\n\r\n        @media only screen and (min-width: 1024px) {\r\n            .related-post .post-list .item {\r\n                width: 22%;\r\n            }\r\n        }\r\n\r\n        @media only screen and (min-width: 768px) and (max-width: 1023px) {\r\n            .related-post .post-list .item {\r\n                width: 90%;\r\n            }\r\n        }\r\n\r\n        @media only screen and (min-width: 0px) and (max-width: 767px) {\r\n            .related-post .post-list .item {\r\n                width: 30%;\r\n            }\r\n        }\r\n\r\n            <\/style>\r\n        <\/div>\r\n<!-- AddThis Advanced Settings generic via filter on the_content --><!-- AddThis Share Buttons generic via filter on the_content -->","protected":false},"excerpt":{"rendered":"<p>Todos los eventos nos emocionan, porque desde el momento en que nos contactan percibimos y compartimos la alegr\u00eda que esa nueva celebraci\u00f3n est\u00e1 trayendo a esa familia. Y, por supuesto, la fiesta de bienvenida de un beb\u00e9 es una de las m\u00e1s emocionantes. M\u00e1s art\u00edculos a tener en cuenta Baby Shower, mucho m\u00e1s que un evento social 12 consejos para un Baby Shower perfecto Cu\u00e1ndo hacer el Baby Shower Baby Shower: Elaborando la lista de invitados<!-- AddThis Advanced Settings generic via filter on get_the_excerpt --><!-- AddThis Share Buttons generic via filter on get_the_excerpt --><\/p>\n    <div class=\"related-post grid\">\r\n                <div class=\"headline\">M\u00e1s art\u00edculos a tener en cuenta<\/div>\r\n        <div class=\"post-list \">\r\n\r\n                        <div class=\"item\">\r\n                        <div class=\"thumb post_thumb\">\r\n        <a  title=\"Baby Shower, mucho m\u00e1s que un evento social\" href=\"https:\/\/www.evento.love\/blog\/baby-shower-evento-social-madrid\/\">\r\n\r\n            <img width=\"150\" height=\"150\" src=\"https:\/\/www.evento.love\/blog\/wp-content\/uploads\/2016\/07\/babyshower-150x150.jpg\" class=\"attachment-thumbnail size-thumbnail wp-post-image\" alt=\"baby shower-fiesta-beb\u00e9-embarazo-embarazada\" decoding=\"async\" loading=\"lazy\" \/>\r\n\r\n        <\/a>\r\n    <\/div>\r\n\r\n    <a class=\"title post_title\"  title=\"Baby Shower, mucho m\u00e1s que un evento social\" href=\"https:\/\/www.evento.love\/blog\/baby-shower-evento-social-madrid\/\">\r\n                Baby Shower, mucho m\u00e1s que un evento social    <\/a>\r\n\r\n                <\/div>\r\n                            <div class=\"item\">\r\n                        <div class=\"thumb post_thumb\">\r\n        <a  title=\"12 consejos para un Baby Shower perfecto\" href=\"https:\/\/www.evento.love\/blog\/12-consejos-baby-shower-perfecto-madrid\/\">\r\n\r\n            <img width=\"150\" height=\"150\" src=\"https:\/\/www.evento.love\/blog\/wp-content\/uploads\/2016\/09\/16_05_20_12_consejos-para-que-tu-Baby-Shower-sea-perfecto-150x150.jpg\" class=\"attachment-thumbnail size-thumbnail wp-post-image\" alt=\"Baby Shower-perfecto-beb\u00e9-embarazado-embarazada-fiesta-babyshower\" decoding=\"async\" loading=\"lazy\" \/>\r\n\r\n        <\/a>\r\n    <\/div>\r\n\r\n    <a class=\"title post_title\"  title=\"12 consejos para un Baby Shower perfecto\" href=\"https:\/\/www.evento.love\/blog\/12-consejos-baby-shower-perfecto-madrid\/\">\r\n                12 consejos para un Baby Shower perfecto    <\/a>\r\n\r\n                <\/div>\r\n                            <div class=\"item\">\r\n                        <div class=\"thumb post_thumb\">\r\n        <a  title=\"Cu\u00e1ndo hacer el Baby Shower\" href=\"https:\/\/www.evento.love\/blog\/cuando-hacer-el-baby-shower-madrid\/\">\r\n\r\n            <img width=\"150\" height=\"150\" src=\"https:\/\/www.evento.love\/blog\/wp-content\/uploads\/2016\/09\/16_05_23_Cuando-hacer-el-Baby-Shower-150x150.jpg\" class=\"attachment-thumbnail size-thumbnail wp-post-image\" alt=\"Cu\u00e1ndo hacer el baby shower beb\u00e9 embarazo fiesta en Madrid\" decoding=\"async\" loading=\"lazy\" \/>\r\n\r\n        <\/a>\r\n    <\/div>\r\n\r\n    <a class=\"title post_title\"  title=\"Cu\u00e1ndo hacer el Baby Shower\" href=\"https:\/\/www.evento.love\/blog\/cuando-hacer-el-baby-shower-madrid\/\">\r\n                Cu\u00e1ndo hacer el Baby Shower    <\/a>\r\n\r\n                <\/div>\r\n                            <div class=\"item\">\r\n                        <div class=\"thumb post_thumb\">\r\n        <a  title=\"\u00bfQui\u00e9n debe organizar el Baby Shower?\" href=\"https:\/\/www.evento.love\/blog\/quien-organizar-baby-shower-madrid\/\">\r\n\r\n            <img width=\"150\" height=\"150\" src=\"https:\/\/www.evento.love\/blog\/wp-content\/uploads\/2016\/09\/16_05_29_Qui\u00e9n-organiza-el-Baby-Shower-150x150.jpg\" class=\"attachment-thumbnail size-thumbnail wp-post-image\" alt=\"Organizaci\u00f3n Baby Shower Madrid fiesta beb\u00e9 embarazada\" decoding=\"async\" loading=\"lazy\" \/>\r\n\r\n        <\/a>\r\n    <\/div>\r\n\r\n    <a class=\"title post_title\"  title=\"\u00bfQui\u00e9n debe organizar el Baby Shower?\" href=\"https:\/\/www.evento.love\/blog\/quien-organizar-baby-shower-madrid\/\">\r\n                \u00bfQui\u00e9n debe organizar el Baby Shower?    <\/a>\r\n\r\n                <\/div>\r\n            \r\n    <\/div>\r\n\r\n    <script>\r\n            <\/script>\r\n    <style>\r\n        .related-post {}\r\n\r\n        .related-post .post-list {\r\n            text-align: left;\r\n                    }\r\n\r\n        .related-post .post-list .item {\r\n            margin: 5px 10px;\r\n            padding: 0px;\r\n                    }\r\n\r\n        .related-post .headline {\r\n            font-size: 24px !important;\r\n            color: #000000 !important;\r\n                    }\r\n\r\n        .related-post .headline{\r\nfont-weight:400 !important;\r\ntext-transform: uppercase;\r\n}.related-post .post-list .item .post_thumb {\r\n            max-height: 180px;\r\n            margin: 10px 0px;\r\n            padding: 0px;\r\n            display: block;\r\n                    }\r\n\r\n        .related-post .post-list .item .post_title {\r\n            font-size: 12px;\r\n            color: #607d8b;\r\n            margin: 10px 0px;\r\n            padding: 0px;\r\n            display: block;\r\n            text-decoration: none;\r\n                    }\r\n\r\n        .related-post .post-list .item .post_excerpt {\r\n            font-size: 13px;\r\n            color: #3f3f3f;\r\n            margin: 10px 0px;\r\n            padding: 0px;\r\n            display: block;\r\n            text-decoration: none;\r\n                    }\r\n\r\n        @media only screen and (min-width: 1024px) {\r\n            .related-post .post-list .item {\r\n                width: 22%;\r\n            }\r\n        }\r\n\r\n        @media only screen and (min-width: 768px) and (max-width: 1023px) {\r\n            .related-post .post-list .item {\r\n                width: 90%;\r\n            }\r\n        }\r\n\r\n        @media only screen and (min-width: 0px) and (max-width: 767px) {\r\n            .related-post .post-list .item {\r\n                width: 30%;\r\n            }\r\n        }\r\n\r\n            <\/style>\r\n        <\/div>\r\n","protected":false},"author":1,"featured_media":3710,"comment_status":"closed","ping_status":"open","sticky":false,"template":"","format":"standard","meta":{"content-type":""},"categories":[391],"tags":[9,1155,1061,1154,964,613,814,422,1153,818],"yoast_head":"<!-- This site is optimized with the Yoast SEO plugin v20.7 - https:\/\/yoast.com\/wordpress\/plugins\/seo\/ -->\n<title>Fiesta de Bienvenida del Beb\u00e9 - El Blog de evento.love<\/title>\n<meta name=\"description\" content=\"Decoraci\u00f3n de una fiesta de bienvenida del beb\u00e9 con un estilo r\u00fastico, en madera, blanco y dorado, con una tarta personalizada que preside la mesa dulce.\" \/>\n<meta name=\"robots\" content=\"index, follow, max-snippet:-1, max-image-preview:large, max-video-preview:-1\" \/>\n<meta property=\"og:locale\" content=\"es_ES\" \/>\n<meta property=\"og:type\" content=\"article\" \/>\n<meta property=\"og:title\" content=\"Fiesta de Bienvenida del Beb\u00e9 - El Blog de evento.love\" \/>\n<meta property=\"og:description\" content=\"Decoraci\u00f3n de una fiesta de bienvenida del beb\u00e9 con un estilo r\u00fastico, en madera, blanco y dorado, con una tarta personalizada que preside la mesa dulce.\" \/>\n<meta property=\"og:url\" content=\"https:\/\/www.evento.love\/blog\/fiesta-de-bienvenida-del-bebe\/\" \/>\n<meta property=\"og:site_name\" content=\"El Blog de evento.love\" \/>\n<meta property=\"article:publisher\" content=\"https:\/\/www.facebook.com\/Evento.love\/\" \/>\n<meta property=\"article:published_time\" content=\"2019-01-08T10:00:11+00:00\" \/>\n<meta property=\"article:modified_time\" content=\"2019-07-18T22:17:49+00:00\" \/>\n<meta property=\"og:image\" content=\"https:\/\/www.evento.love\/blog\/wp-content\/uploads\/2019\/01\/fiesta-bienvenida-bebe-rustica-5.jpg\" \/>\n\t<meta property=\"og:image:width\" content=\"850\" \/>\n\t<meta property=\"og:image:height\" content=\"567\" \/>\n\t<meta property=\"og:image:type\" content=\"image\/jpeg\" \/>\n<meta name=\"author\" content=\"Evento Love\" \/>\n<meta name=\"twitter:card\" content=\"summary_large_image\" \/>\n<meta name=\"twitter:creator\" content=\"@Evento_love\" \/>\n<meta name=\"twitter:site\" content=\"@Evento_love\" \/>\n<meta name=\"twitter:label1\" content=\"Escrito por\" \/>\n\t<meta name=\"twitter:data1\" content=\"Evento Love\" \/>\n\t<meta name=\"twitter:label2\" content=\"Tiempo de lectura\" \/>\n\t<meta name=\"twitter:data2\" content=\"4 minutos\" \/>\n<!-- \/ Yoast SEO plugin. -->","yoast_head_json":{"title":"Fiesta de Bienvenida del Beb\u00e9 - El Blog de evento.love","description":"Decoraci\u00f3n de una fiesta de bienvenida del beb\u00e9 con un estilo r\u00fastico, en madera, blanco y dorado, con una tarta personalizada que preside la mesa dulce.","robots":{"index":"index","follow":"follow","max-snippet":"max-snippet:-1","max-image-preview":"max-image-preview:large","max-video-preview":"max-video-preview:-1"},"og_locale":"es_ES","og_type":"article","og_title":"Fiesta de Bienvenida del Beb\u00e9 - El Blog de evento.love","og_description":"Decoraci\u00f3n de una fiesta de bienvenida del beb\u00e9 con un estilo r\u00fastico, en madera, blanco y dorado, con una tarta personalizada que preside la mesa dulce.","og_url":"https:\/\/www.evento.love\/blog\/fiesta-de-bienvenida-del-bebe\/","og_site_name":"El Blog de evento.love","article_publisher":"https:\/\/www.facebook.com\/Evento.love\/","article_published_time":"2019-01-08T10:00:11+00:00","article_modified_time":"2019-07-18T22:17:49+00:00","og_image":[{"width":850,"height":567,"url":"https:\/\/www.evento.love\/blog\/wp-content\/uploads\/2019\/01\/fiesta-bienvenida-bebe-rustica-5.jpg","type":"image\/jpeg"}],"author":"Evento Love","twitter_card":"summary_large_image","twitter_creator":"@Evento_love","twitter_site":"@Evento_love","twitter_misc":{"Escrito por":"Evento Love","Tiempo de lectura":"4 minutos"},"schema":{"@context":"https:\/\/schema.org","@graph":[{"@type":"Article","@id":"https:\/\/www.evento.love\/blog\/fiesta-de-bienvenida-del-bebe\/#article","isPartOf":{"@id":"https:\/\/www.evento.love\/blog\/fiesta-de-bienvenida-del-bebe\/"},"author":{"name":"Evento Love","@id":"https:\/\/www.evento.love\/blog\/#\/schema\/person\/a184c2ed424b7fb3006372ce8051542c"},"headline":"Fiesta de Bienvenida del Beb\u00e9","datePublished":"2019-01-08T10:00:11+00:00","dateModified":"2019-07-18T22:17:49+00:00","mainEntityOfPage":{"@id":"https:\/\/www.evento.love\/blog\/fiesta-de-bienvenida-del-bebe\/"},"wordCount":738,"publisher":{"@id":"https:\/\/www.evento.love\/blog\/#organization"},"keywords":["baby shower","cakepops","decoraci\u00f3n de eventos","decoraci\u00f3n infantil","fiesta de bienvenida del beb\u00e9","fiesta del bebe","galletas","mesa dulce","nacimiento del beb\u00e9","organizaci\u00f3n de eventos"],"articleSection":["Nuestros eventos"],"inLanguage":"es"},{"@type":"WebPage","@id":"https:\/\/www.evento.love\/blog\/fiesta-de-bienvenida-del-bebe\/","url":"https:\/\/www.evento.love\/blog\/fiesta-de-bienvenida-del-bebe\/","name":"Fiesta de Bienvenida del Beb\u00e9 - El Blog de evento.love","isPartOf":{"@id":"https:\/\/www.evento.love\/blog\/#website"},"datePublished":"2019-01-08T10:00:11+00:00","dateModified":"2019-07-18T22:17:49+00:00","description":"Decoraci\u00f3n de una fiesta de bienvenida del beb\u00e9 con un estilo r\u00fastico, en madera, blanco y dorado, con una tarta personalizada que preside la mesa dulce.","breadcrumb":{"@id":"https:\/\/www.evento.love\/blog\/fiesta-de-bienvenida-del-bebe\/#breadcrumb"},"inLanguage":"es","potentialAction":[{"@type":"ReadAction","target":["https:\/\/www.evento.love\/blog\/fiesta-de-bienvenida-del-bebe\/"]}]},{"@type":"BreadcrumbList","@id":"https:\/\/www.evento.love\/blog\/fiesta-de-bienvenida-del-bebe\/#breadcrumb","itemListElement":[{"@type":"ListItem","position":1,"name":"Evento.love","item":"https:\/\/www.evento.love\/blog\/"},{"@type":"ListItem","position":2,"name":"Nuestros eventos","item":"https:\/\/www.evento.love\/blog\/category\/nuestros-eventos\/"},{"@type":"ListItem","position":3,"name":"Fiesta de Bienvenida del Beb\u00e9"}]},{"@type":"WebSite","@id":"https:\/\/www.evento.love\/blog\/#website","url":"https:\/\/www.evento.love\/blog\/","name":"El Blog de evento.love","description":"T\u00fa lo mereces. Disfruta de tu momento","publisher":{"@id":"https:\/\/www.evento.love\/blog\/#organization"},"potentialAction":[{"@type":"SearchAction","target":{"@type":"EntryPoint","urlTemplate":"https:\/\/www.evento.love\/blog\/?s={search_term_string}"},"query-input":"required name=search_term_string"}],"inLanguage":"es"},{"@type":"Organization","@id":"https:\/\/www.evento.love\/blog\/#organization","name":"evento.love","url":"https:\/\/www.evento.love\/blog\/","logo":{"@type":"ImageObject","inLanguage":"es","@id":"https:\/\/www.evento.love\/blog\/#\/schema\/logo\/image\/","url":"https:\/\/www.evento.love\/blog\/wp-content\/uploads\/2016\/07\/logo-evento-love.png","contentUrl":"https:\/\/www.evento.love\/blog\/wp-content\/uploads\/2016\/07\/logo-evento-love.png","width":197,"height":59,"caption":"evento.love"},"image":{"@id":"https:\/\/www.evento.love\/blog\/#\/schema\/logo\/image\/"},"sameAs":["https:\/\/www.facebook.com\/Evento.love\/","https:\/\/twitter.com\/Evento_love","https:\/\/www.instagram.com\/evento.love\/","https:\/\/es.pinterest.com\/evento_love\/","https:\/\/www.youtube.com\/channel\/UCcVbo6ymzx-7FlDJja8aQnw"]},{"@type":"Person","@id":"https:\/\/www.evento.love\/blog\/#\/schema\/person\/a184c2ed424b7fb3006372ce8051542c","name":"Evento Love"}]}},"_links":{"self":[{"href":"https:\/\/www.evento.love\/blog\/wp-json\/wp\/v2\/posts\/3692"}],"collection":[{"href":"https:\/\/www.evento.love\/blog\/wp-json\/wp\/v2\/posts"}],"about":[{"href":"https:\/\/www.evento.love\/blog\/wp-json\/wp\/v2\/types\/post"}],"author":[{"embeddable":true,"href":"https:\/\/www.evento.love\/blog\/wp-json\/wp\/v2\/users\/1"}],"replies":[{"embeddable":true,"href":"https:\/\/www.evento.love\/blog\/wp-json\/wp\/v2\/comments?post=3692"}],"version-history":[{"count":11,"href":"https:\/\/www.evento.love\/blog\/wp-json\/wp\/v2\/posts\/3692\/revisions"}],"predecessor-version":[{"id":4914,"href":"https:\/\/www.evento.love\/blog\/wp-json\/wp\/v2\/posts\/3692\/revisions\/4914"}],"wp:featuredmedia":[{"embeddable":true,"href":"https:\/\/www.evento.love\/blog\/wp-json\/wp\/v2\/media\/3710"}],"wp:attachment":[{"href":"https:\/\/www.evento.love\/blog\/wp-json\/wp\/v2\/media?parent=3692"}],"wp:term":[{"taxonomy":"category","embeddable":true,"href":"https:\/\/www.evento.love\/blog\/wp-json\/wp\/v2\/categories?post=3692"},{"taxonomy":"post_tag","embeddable":true,"href":"https:\/\/www.evento.love\/blog\/wp-json\/wp\/v2\/tags?post=3692"}],"curies":[{"name":"wp","href":"https:\/\/api.w.org\/{rel}","templated":true}]}}