{"id":3853,"date":"2019-01-18T11:00:21","date_gmt":"2019-01-18T09:00:21","guid":{"rendered":"https:\/\/www.evento.love\/blog\/?p=3853"},"modified":"2019-07-19T00:17:49","modified_gmt":"2019-07-18T22:17:49","slug":"te-organizamos-el-catering-de-tu-evento-en-madrid","status":"publish","type":"post","link":"https:\/\/www.evento.love\/blog\/te-organizamos-el-catering-de-tu-evento-en-madrid\/","title":{"rendered":"Te organizamos el catering de tu evento en Madrid"},"content":{"rendered":"<p>\u00bfNecesitas ayuda para contratar un catering para tu evento? Si tienes un evento privado como un bautizo, comuni\u00f3n, baby shower, cumplea\u00f1os o boda, o un evento de empresa que quieres que salga a la perfecci\u00f3n, \u00a1est\u00e1s en el sitio correcto!<!--more--><\/p>\n<p>En <a href=\"https:\/\/www.evento.love\" target=\"_blank\" rel=\"noopener noreferrer\">Evento.love<\/a> somos event planners, es decir, que nos encargamos de organizar el evento al completo, sin dejarnos nada en el tintero. Ofrecemos la decoraci\u00f3n completa, pero adem\u00e1s la organizaci\u00f3n de principio a fin, lo que incluye gestionar el espacio, la m\u00fasica, la animaci\u00f3n, fot\u00f3grafo, v\u00eddeografo, flores&#8230;y, por supuesto, el catering.<\/p>\n<p>Nos pregunt\u00e1is mucho en Instagram si contamos con opciones de catering tanto dulce como salado, y la respuesta es: \u00a1S\u00ed, millones! Por eso si necesitas un catering para tu evento en Madrid, no te pierdas las diferentes posibilidades.<\/p>\n<p><img decoding=\"async\" loading=\"lazy\" class=\"aligncenter size-full wp-image-3883\" src=\"https:\/\/www.evento.love\/blog\/wp-content\/uploads\/2019\/01\/catering-evento-bodas-bautizos-comuniones-babyshower-cumpleanos-eventos-empresa-madrid-1.jpg\" alt=\"\" width=\"850\" height=\"567\" srcset=\"https:\/\/www.evento.love\/blog\/wp-content\/uploads\/2019\/01\/catering-evento-bodas-bautizos-comuniones-babyshower-cumpleanos-eventos-empresa-madrid-1.jpg 850w, https:\/\/www.evento.love\/blog\/wp-content\/uploads\/2019\/01\/catering-evento-bodas-bautizos-comuniones-babyshower-cumpleanos-eventos-empresa-madrid-1-300x200.jpg 300w, https:\/\/www.evento.love\/blog\/wp-content\/uploads\/2019\/01\/catering-evento-bodas-bautizos-comuniones-babyshower-cumpleanos-eventos-empresa-madrid-1-768x512.jpg 768w, https:\/\/www.evento.love\/blog\/wp-content\/uploads\/2019\/01\/catering-evento-bodas-bautizos-comuniones-babyshower-cumpleanos-eventos-empresa-madrid-1-405x270.jpg 405w\" sizes=\"(max-width: 850px) 100vw, 850px\" \/><\/p>\n<h2><a href=\"https:\/\/www.evento.love\/tienda\/menu-banquete-para-eventos\" target=\"_blank\" rel=\"noopener noreferrer\">Men\u00fa banquete<\/a><\/h2>\n<p>El men\u00fa, digamos, m\u00e1s completo de todos. Se trata de una opci\u00f3n para un evento largo, m\u00e1s elegante y formal, como una <a href=\"https:\/\/www.evento.love\/bodas\/\" target=\"_blank\" rel=\"noopener noreferrer\">boda<\/a>, <a href=\"https:\/\/www.evento.love\/empresas\/\" target=\"_blank\" rel=\"noopener noreferrer\">cena de empresa<\/a> o <a href=\"https:\/\/www.evento.love\/empresas\/\" target=\"_blank\" rel=\"noopener noreferrer\">presentaci\u00f3n de producto<\/a>. Aunque todo depende de tu gusto y de c\u00f3mo te imagines tu evento perfecto. Es un men\u00fa dise\u00f1ado para ser degustado sentado y las opciones son infinitas. Por supuesto, podemos incluir men\u00fa vegetariano, vegano, para diferentes intolerancias&#8230;\u00a1Nos encargamos de conseguir el mejor men\u00fa para ti! Tanto si lo quieres en casa como en un espacio para eventos.<\/p>\n<p><img decoding=\"async\" loading=\"lazy\" class=\"aligncenter size-full wp-image-3857\" src=\"https:\/\/www.evento.love\/blog\/wp-content\/uploads\/2019\/01\/catering-eventos-madrid-2.jpg\" alt=\"\" width=\"850\" height=\"567\" srcset=\"https:\/\/www.evento.love\/blog\/wp-content\/uploads\/2019\/01\/catering-eventos-madrid-2.jpg 850w, https:\/\/www.evento.love\/blog\/wp-content\/uploads\/2019\/01\/catering-eventos-madrid-2-300x200.jpg 300w, https:\/\/www.evento.love\/blog\/wp-content\/uploads\/2019\/01\/catering-eventos-madrid-2-768x512.jpg 768w, https:\/\/www.evento.love\/blog\/wp-content\/uploads\/2019\/01\/catering-eventos-madrid-2-405x270.jpg 405w\" sizes=\"(max-width: 850px) 100vw, 850px\" \/><\/p>\n<h2><a href=\"https:\/\/www.evento.love\/tienda\/coctel-para-eventos\" target=\"_blank\" rel=\"noopener noreferrer\">Men\u00fa c\u00f3ctel<\/a><\/h2>\n<p>Quiz\u00e1 el m\u00e1s popular entre los eventos que realizamos, y muy vers\u00e1til. Cada vez est\u00e1n m\u00e1s de boda las <a href=\"https:\/\/www.evento.love\/blog\/una-boda-tipo-coctel-vs-una-boda-con-banquete-tradicional\/\" target=\"_blank\" rel=\"noopener noreferrer\">bodas tipo c\u00f3ctel<\/a>, pero lo que es indudable es que es la elecci\u00f3n favorita para todo tipo de eventos. Con este tipo de catering los invitados pueden charlar m\u00e1s distendidamente entre ellos y disfrutar de gran variedad de &#8220;canap\u00e9s&#8221;, platos o bocaditos.<\/p>\n<p><img decoding=\"async\" loading=\"lazy\" class=\"aligncenter size-full wp-image-3884\" src=\"https:\/\/www.evento.love\/blog\/wp-content\/uploads\/2019\/01\/catering-evento-bodas-bautizos-comuniones-babyshower-cumpleanos-eventos-empresa-madrid-2.jpg\" alt=\"Catering para eventos Madrid\" width=\"850\" height=\"567\" srcset=\"https:\/\/www.evento.love\/blog\/wp-content\/uploads\/2019\/01\/catering-evento-bodas-bautizos-comuniones-babyshower-cumpleanos-eventos-empresa-madrid-2.jpg 850w, https:\/\/www.evento.love\/blog\/wp-content\/uploads\/2019\/01\/catering-evento-bodas-bautizos-comuniones-babyshower-cumpleanos-eventos-empresa-madrid-2-300x200.jpg 300w, https:\/\/www.evento.love\/blog\/wp-content\/uploads\/2019\/01\/catering-evento-bodas-bautizos-comuniones-babyshower-cumpleanos-eventos-empresa-madrid-2-768x512.jpg 768w, https:\/\/www.evento.love\/blog\/wp-content\/uploads\/2019\/01\/catering-evento-bodas-bautizos-comuniones-babyshower-cumpleanos-eventos-empresa-madrid-2-405x270.jpg 405w\" sizes=\"(max-width: 850px) 100vw, 850px\" \/><\/p>\n<h2><a href=\"https:\/\/www.evento.love\/tienda\/food-trucks-para-eventos\" target=\"_blank\" rel=\"noopener noreferrer\">Food trucks\u00a0<\/a><\/h2>\n<p>Si hay algo que gusta en los eventos es degustar diferentes tipos de comida, ya sea por regiones o pa\u00edses. Adem\u00e1s, los food trucks sirven para decorar el espacio y son una manera perfecta para dar personalidad al evento. Por ejemplo, ofreciendo productos propios de la localidad donde se celebre la fiesta. Para una fiesta de empresa, triunfar\u00e1s si los c\u00f3rners tienen comida de pa\u00edses diferentes: un food truck con tacos mexicanos, otro con sushi, arepas&#8230;etc.<\/p>\n<p><img decoding=\"async\" loading=\"lazy\" class=\"aligncenter wp-image-3855 size-full\" src=\"https:\/\/www.evento.love\/blog\/wp-content\/uploads\/2019\/01\/catering-eventos-madrid-e1547049054610.jpg\" alt=\"\" width=\"850\" height=\"469\" srcset=\"https:\/\/www.evento.love\/blog\/wp-content\/uploads\/2019\/01\/catering-eventos-madrid-e1547049054610.jpg 850w, https:\/\/www.evento.love\/blog\/wp-content\/uploads\/2019\/01\/catering-eventos-madrid-e1547049054610-300x166.jpg 300w, https:\/\/www.evento.love\/blog\/wp-content\/uploads\/2019\/01\/catering-eventos-madrid-e1547049054610-768x424.jpg 768w, https:\/\/www.evento.love\/blog\/wp-content\/uploads\/2019\/01\/catering-eventos-madrid-e1547049054610-489x270.jpg 489w\" sizes=\"(max-width: 850px) 100vw, 850px\" \/><\/p>\n<h2><a href=\"https:\/\/www.evento.love\/tienda\/dulces\" target=\"_blank\" rel=\"noopener noreferrer\">Mesas dulces<\/a><\/h2>\n<p>Y c\u00f3mo no, nuestras queridas mesas dulces. Ese elemento tan elaborado y decorado con mimo, con el que tus invitados podr\u00e1n disfrutar del postre o de una merienda deliciosa. Adem\u00e1s, tematizamos hasta el m\u00e1s m\u00ednimo detalle para que todo sea personalizado y con tu toque personal. Llena tu evento de cupcakes, cake pops, galletas y una tarta de dise\u00f1o y triunfar\u00e1s seguro.<\/p>\n<p><img decoding=\"async\" loading=\"lazy\" class=\"aligncenter size-full wp-image-3886\" src=\"https:\/\/www.evento.love\/blog\/wp-content\/uploads\/2019\/01\/catering-evento-bodas-bautizos-comuniones-babyshower-cumpleanos-eventos-empresa-madrid-04.jpg\" alt=\"\" width=\"850\" height=\"567\" srcset=\"https:\/\/www.evento.love\/blog\/wp-content\/uploads\/2019\/01\/catering-evento-bodas-bautizos-comuniones-babyshower-cumpleanos-eventos-empresa-madrid-04.jpg 850w, https:\/\/www.evento.love\/blog\/wp-content\/uploads\/2019\/01\/catering-evento-bodas-bautizos-comuniones-babyshower-cumpleanos-eventos-empresa-madrid-04-300x200.jpg 300w, https:\/\/www.evento.love\/blog\/wp-content\/uploads\/2019\/01\/catering-evento-bodas-bautizos-comuniones-babyshower-cumpleanos-eventos-empresa-madrid-04-768x512.jpg 768w, https:\/\/www.evento.love\/blog\/wp-content\/uploads\/2019\/01\/catering-evento-bodas-bautizos-comuniones-babyshower-cumpleanos-eventos-empresa-madrid-04-405x270.jpg 405w\" sizes=\"(max-width: 850px) 100vw, 850px\" \/><\/p>\n<p>&nbsp;<\/p>\n<p>\u00bfTe ayudamos con el catering y la organizaci\u00f3n de tu evento? Escr\u00edbenos a <a href=\"mailto:hola@evento.love\" target=\"_blank\" rel=\"noopener noreferrer\">hola@evento.love<\/a> y te enviaremos todas nuestras opciones.<\/p>\n<p>&#8211;<\/p>\n<p>Do we help you with the catering and the organization of your event? Write to us at <a href=\"mailto:hola@evento.love\" target=\"_blank\" rel=\"noopener noreferrer\">hola@evento.love<\/a> and we will send you all our options.<\/p>\n    <div class=\"related-post grid\">\r\n                <div class=\"headline\">M\u00e1s art\u00edculos a tener en cuenta<\/div>\r\n        <div class=\"post-list \">\r\n\r\n                        <div class=\"item\">\r\n                        <div class=\"thumb post_thumb\">\r\n        <a  title=\"Baby Shower, mucho m\u00e1s que un evento social\" href=\"https:\/\/www.evento.love\/blog\/baby-shower-evento-social-madrid\/\">\r\n\r\n            <img width=\"150\" height=\"150\" src=\"https:\/\/www.evento.love\/blog\/wp-content\/uploads\/2016\/07\/babyshower-150x150.jpg\" class=\"attachment-thumbnail size-thumbnail wp-post-image\" alt=\"baby shower-fiesta-beb\u00e9-embarazo-embarazada\" decoding=\"async\" loading=\"lazy\" \/>\r\n\r\n        <\/a>\r\n    <\/div>\r\n\r\n    <a class=\"title post_title\"  title=\"Baby Shower, mucho m\u00e1s que un evento social\" href=\"https:\/\/www.evento.love\/blog\/baby-shower-evento-social-madrid\/\">\r\n                Baby Shower, mucho m\u00e1s que un evento social    <\/a>\r\n\r\n                <\/div>\r\n                            <div class=\"item\">\r\n                        <div class=\"thumb post_thumb\">\r\n        <a  title=\"12 consejos para un Baby Shower perfecto\" href=\"https:\/\/www.evento.love\/blog\/12-consejos-baby-shower-perfecto-madrid\/\">\r\n\r\n            <img width=\"150\" height=\"150\" src=\"https:\/\/www.evento.love\/blog\/wp-content\/uploads\/2016\/09\/16_05_20_12_consejos-para-que-tu-Baby-Shower-sea-perfecto-150x150.jpg\" class=\"attachment-thumbnail size-thumbnail wp-post-image\" alt=\"Baby Shower-perfecto-beb\u00e9-embarazado-embarazada-fiesta-babyshower\" decoding=\"async\" loading=\"lazy\" \/>\r\n\r\n        <\/a>\r\n    <\/div>\r\n\r\n    <a class=\"title post_title\"  title=\"12 consejos para un Baby Shower perfecto\" href=\"https:\/\/www.evento.love\/blog\/12-consejos-baby-shower-perfecto-madrid\/\">\r\n                12 consejos para un Baby Shower perfecto    <\/a>\r\n\r\n                <\/div>\r\n                            <div class=\"item\">\r\n                        <div class=\"thumb post_thumb\">\r\n        <a  title=\"Cu\u00e1ndo hacer el Baby Shower\" href=\"https:\/\/www.evento.love\/blog\/cuando-hacer-el-baby-shower-madrid\/\">\r\n\r\n            <img width=\"150\" height=\"150\" src=\"https:\/\/www.evento.love\/blog\/wp-content\/uploads\/2016\/09\/16_05_23_Cuando-hacer-el-Baby-Shower-150x150.jpg\" class=\"attachment-thumbnail size-thumbnail wp-post-image\" alt=\"Cu\u00e1ndo hacer el baby shower beb\u00e9 embarazo fiesta en Madrid\" decoding=\"async\" loading=\"lazy\" \/>\r\n\r\n        <\/a>\r\n    <\/div>\r\n\r\n    <a class=\"title post_title\"  title=\"Cu\u00e1ndo hacer el Baby Shower\" href=\"https:\/\/www.evento.love\/blog\/cuando-hacer-el-baby-shower-madrid\/\">\r\n                Cu\u00e1ndo hacer el Baby Shower    <\/a>\r\n\r\n                <\/div>\r\n                            <div class=\"item\">\r\n                        <div class=\"thumb post_thumb\">\r\n        <a  title=\"\u00bfQui\u00e9n debe organizar el Baby Shower?\" href=\"https:\/\/www.evento.love\/blog\/quien-organizar-baby-shower-madrid\/\">\r\n\r\n            <img width=\"150\" height=\"150\" src=\"https:\/\/www.evento.love\/blog\/wp-content\/uploads\/2016\/09\/16_05_29_Qui\u00e9n-organiza-el-Baby-Shower-150x150.jpg\" class=\"attachment-thumbnail size-thumbnail wp-post-image\" alt=\"Organizaci\u00f3n Baby Shower Madrid fiesta beb\u00e9 embarazada\" decoding=\"async\" loading=\"lazy\" \/>\r\n\r\n        <\/a>\r\n    <\/div>\r\n\r\n    <a class=\"title post_title\"  title=\"\u00bfQui\u00e9n debe organizar el Baby Shower?\" href=\"https:\/\/www.evento.love\/blog\/quien-organizar-baby-shower-madrid\/\">\r\n                \u00bfQui\u00e9n debe organizar el Baby Shower?    <\/a>\r\n\r\n                <\/div>\r\n            \r\n    <\/div>\r\n\r\n    <script>\r\n            <\/script>\r\n    <style>\r\n        .related-post {}\r\n\r\n        .related-post .post-list {\r\n            text-align: left;\r\n                    }\r\n\r\n        .related-post .post-list .item {\r\n            margin: 5px 10px;\r\n            padding: 0px;\r\n                    }\r\n\r\n        .related-post .headline {\r\n            font-size: 24px !important;\r\n            color: #000000 !important;\r\n                    }\r\n\r\n        .related-post .headline{\r\nfont-weight:400 !important;\r\ntext-transform: uppercase;\r\n}.related-post .post-list .item .post_thumb {\r\n            max-height: 180px;\r\n            margin: 10px 0px;\r\n            padding: 0px;\r\n            display: block;\r\n                    }\r\n\r\n        .related-post .post-list .item .post_title {\r\n            font-size: 12px;\r\n            color: #607d8b;\r\n            margin: 10px 0px;\r\n            padding: 0px;\r\n            display: block;\r\n            text-decoration: none;\r\n                    }\r\n\r\n        .related-post .post-list .item .post_excerpt {\r\n            font-size: 13px;\r\n            color: #3f3f3f;\r\n            margin: 10px 0px;\r\n            padding: 0px;\r\n            display: block;\r\n            text-decoration: none;\r\n                    }\r\n\r\n        @media only screen and (min-width: 1024px) {\r\n            .related-post .post-list .item {\r\n                width: 22%;\r\n            }\r\n        }\r\n\r\n        @media only screen and (min-width: 768px) and (max-width: 1023px) {\r\n            .related-post .post-list .item {\r\n                width: 90%;\r\n            }\r\n        }\r\n\r\n        @media only screen and (min-width: 0px) and (max-width: 767px) {\r\n            .related-post .post-list .item {\r\n                width: 30%;\r\n            }\r\n        }\r\n\r\n            <\/style>\r\n        <\/div>\r\n<!-- AddThis Advanced Settings generic via filter on the_content --><!-- AddThis Share Buttons generic via filter on the_content -->","protected":false},"excerpt":{"rendered":"<p>\u00bfNecesitas ayuda para contratar un catering para tu evento? Si tienes un evento privado como un bautizo, comuni\u00f3n, baby shower, cumplea\u00f1os o boda, o un evento de empresa que quieres que salga a la perfecci\u00f3n, \u00a1est\u00e1s en el sitio correcto! M\u00e1s art\u00edculos a tener en cuenta Baby Shower, mucho m\u00e1s que un evento social 12 consejos para un Baby Shower perfecto Cu\u00e1ndo hacer el Baby Shower \u00bfQui\u00e9n debe organizar el Baby Shower?<!-- AddThis Advanced Settings generic via filter on get_the_excerpt --><!-- AddThis Share Buttons generic via filter on get_the_excerpt --><\/p>\n    <div class=\"related-post grid\">\r\n                <div class=\"headline\">M\u00e1s art\u00edculos a tener en cuenta<\/div>\r\n        <div class=\"post-list \">\r\n\r\n                        <div class=\"item\">\r\n                        <div class=\"thumb post_thumb\">\r\n        <a  title=\"Baby Shower, mucho m\u00e1s que un evento social\" href=\"https:\/\/www.evento.love\/blog\/baby-shower-evento-social-madrid\/\">\r\n\r\n            <img width=\"150\" height=\"150\" src=\"https:\/\/www.evento.love\/blog\/wp-content\/uploads\/2016\/07\/babyshower-150x150.jpg\" class=\"attachment-thumbnail size-thumbnail wp-post-image\" alt=\"baby shower-fiesta-beb\u00e9-embarazo-embarazada\" decoding=\"async\" loading=\"lazy\" \/>\r\n\r\n        <\/a>\r\n    <\/div>\r\n\r\n    <a class=\"title post_title\"  title=\"Baby Shower, mucho m\u00e1s que un evento social\" href=\"https:\/\/www.evento.love\/blog\/baby-shower-evento-social-madrid\/\">\r\n                Baby Shower, mucho m\u00e1s que un evento social    <\/a>\r\n\r\n                <\/div>\r\n                            <div class=\"item\">\r\n                        <div class=\"thumb post_thumb\">\r\n        <a  title=\"12 consejos para un Baby Shower perfecto\" href=\"https:\/\/www.evento.love\/blog\/12-consejos-baby-shower-perfecto-madrid\/\">\r\n\r\n            <img width=\"150\" height=\"150\" src=\"https:\/\/www.evento.love\/blog\/wp-content\/uploads\/2016\/09\/16_05_20_12_consejos-para-que-tu-Baby-Shower-sea-perfecto-150x150.jpg\" class=\"attachment-thumbnail size-thumbnail wp-post-image\" alt=\"Baby Shower-perfecto-beb\u00e9-embarazado-embarazada-fiesta-babyshower\" decoding=\"async\" loading=\"lazy\" \/>\r\n\r\n        <\/a>\r\n    <\/div>\r\n\r\n    <a class=\"title post_title\"  title=\"12 consejos para un Baby Shower perfecto\" href=\"https:\/\/www.evento.love\/blog\/12-consejos-baby-shower-perfecto-madrid\/\">\r\n                12 consejos para un Baby Shower perfecto    <\/a>\r\n\r\n                <\/div>\r\n                            <div class=\"item\">\r\n                        <div class=\"thumb post_thumb\">\r\n        <a  title=\"Cu\u00e1ndo hacer el Baby Shower\" href=\"https:\/\/www.evento.love\/blog\/cuando-hacer-el-baby-shower-madrid\/\">\r\n\r\n            <img width=\"150\" height=\"150\" src=\"https:\/\/www.evento.love\/blog\/wp-content\/uploads\/2016\/09\/16_05_23_Cuando-hacer-el-Baby-Shower-150x150.jpg\" class=\"attachment-thumbnail size-thumbnail wp-post-image\" alt=\"Cu\u00e1ndo hacer el baby shower beb\u00e9 embarazo fiesta en Madrid\" decoding=\"async\" loading=\"lazy\" \/>\r\n\r\n        <\/a>\r\n    <\/div>\r\n\r\n    <a class=\"title post_title\"  title=\"Cu\u00e1ndo hacer el Baby Shower\" href=\"https:\/\/www.evento.love\/blog\/cuando-hacer-el-baby-shower-madrid\/\">\r\n                Cu\u00e1ndo hacer el Baby Shower    <\/a>\r\n\r\n                <\/div>\r\n                            <div class=\"item\">\r\n                        <div class=\"thumb post_thumb\">\r\n        <a  title=\"Baby Shower: Elaborando la lista de invitados\" href=\"https:\/\/www.evento.love\/blog\/baby-shower-lista-invitados-madrid\/\">\r\n\r\n            <img width=\"150\" height=\"150\" src=\"https:\/\/www.evento.love\/blog\/wp-content\/uploads\/2016\/09\/16_05_30_Baby-Shower-elaborando-la-lista-de-invitados-150x150.jpg\" class=\"attachment-thumbnail size-thumbnail wp-post-image\" alt=\"\" decoding=\"async\" loading=\"lazy\" \/>\r\n\r\n        <\/a>\r\n    <\/div>\r\n\r\n    <a class=\"title post_title\"  title=\"Baby Shower: Elaborando la lista de invitados\" href=\"https:\/\/www.evento.love\/blog\/baby-shower-lista-invitados-madrid\/\">\r\n                Baby Shower: Elaborando la lista de invitados    <\/a>\r\n\r\n                <\/div>\r\n            \r\n    <\/div>\r\n\r\n    <script>\r\n            <\/script>\r\n    <style>\r\n        .related-post {}\r\n\r\n        .related-post .post-list {\r\n            text-align: left;\r\n                    }\r\n\r\n        .related-post .post-list .item {\r\n            margin: 5px 10px;\r\n            padding: 0px;\r\n                    }\r\n\r\n        .related-post .headline {\r\n            font-size: 24px !important;\r\n            color: #000000 !important;\r\n                    }\r\n\r\n        .related-post .headline{\r\nfont-weight:400 !important;\r\ntext-transform: uppercase;\r\n}.related-post .post-list .item .post_thumb {\r\n            max-height: 180px;\r\n            margin: 10px 0px;\r\n            padding: 0px;\r\n            display: block;\r\n                    }\r\n\r\n        .related-post .post-list .item .post_title {\r\n            font-size: 12px;\r\n            color: #607d8b;\r\n            margin: 10px 0px;\r\n            padding: 0px;\r\n            display: block;\r\n            text-decoration: none;\r\n                    }\r\n\r\n        .related-post .post-list .item .post_excerpt {\r\n            font-size: 13px;\r\n            color: #3f3f3f;\r\n            margin: 10px 0px;\r\n            padding: 0px;\r\n            display: block;\r\n            text-decoration: none;\r\n                    }\r\n\r\n        @media only screen and (min-width: 1024px) {\r\n            .related-post .post-list .item {\r\n                width: 22%;\r\n            }\r\n        }\r\n\r\n        @media only screen and (min-width: 768px) and (max-width: 1023px) {\r\n            .related-post .post-list .item {\r\n                width: 90%;\r\n            }\r\n        }\r\n\r\n        @media only screen and (min-width: 0px) and (max-width: 767px) {\r\n            .related-post .post-list .item {\r\n                width: 30%;\r\n            }\r\n        }\r\n\r\n            <\/style>\r\n        <\/div>\r\n","protected":false},"author":1,"featured_media":3884,"comment_status":"closed","ping_status":"open","sticky":false,"template":"","format":"standard","meta":{"content-type":""},"categories":[807],"tags":[524,1191,1192,1190,1104,1189,1193,493,1194,28,393],"yoast_head":"<!-- This site is optimized with the Yoast SEO plugin v20.7 - https:\/\/yoast.com\/wordpress\/plugins\/seo\/ -->\n<title>Te organizamos el catering de tu evento en Madrid - El Blog de evento.love<\/title>\n<meta name=\"description\" content=\"Te ayudamos a escoger el catering para tu evento en Madrid, ya sea baby shower, boda, bautizo, comuni\u00f3n, cumplea\u00f1os o evento de empresa.\" \/>\n<meta name=\"robots\" content=\"index, follow, max-snippet:-1, max-image-preview:large, max-video-preview:-1\" \/>\n<meta property=\"og:locale\" content=\"es_ES\" \/>\n<meta property=\"og:type\" content=\"article\" \/>\n<meta property=\"og:title\" content=\"Te organizamos el catering de tu evento en Madrid - El Blog de evento.love\" \/>\n<meta property=\"og:description\" content=\"Te ayudamos a escoger el catering para tu evento en Madrid, ya sea baby shower, boda, bautizo, comuni\u00f3n, cumplea\u00f1os o evento de empresa.\" \/>\n<meta property=\"og:url\" content=\"https:\/\/www.evento.love\/blog\/te-organizamos-el-catering-de-tu-evento-en-madrid\/\" \/>\n<meta property=\"og:site_name\" content=\"El Blog de evento.love\" \/>\n<meta property=\"article:publisher\" content=\"https:\/\/www.facebook.com\/Evento.love\/\" \/>\n<meta property=\"article:published_time\" content=\"2019-01-18T09:00:21+00:00\" \/>\n<meta property=\"article:modified_time\" content=\"2019-07-18T22:17:49+00:00\" \/>\n<meta property=\"og:image\" content=\"https:\/\/www.evento.love\/blog\/wp-content\/uploads\/2019\/01\/catering-evento-bodas-bautizos-comuniones-babyshower-cumpleanos-eventos-empresa-madrid-2.jpg\" \/>\n\t<meta property=\"og:image:width\" content=\"850\" \/>\n\t<meta property=\"og:image:height\" content=\"567\" \/>\n\t<meta property=\"og:image:type\" content=\"image\/jpeg\" \/>\n<meta name=\"author\" content=\"Evento Love\" \/>\n<meta name=\"twitter:card\" content=\"summary_large_image\" \/>\n<meta name=\"twitter:creator\" content=\"@Evento_love\" \/>\n<meta name=\"twitter:site\" content=\"@Evento_love\" \/>\n<meta name=\"twitter:label1\" content=\"Escrito por\" \/>\n\t<meta name=\"twitter:data1\" content=\"Evento Love\" \/>\n\t<meta name=\"twitter:label2\" content=\"Tiempo de lectura\" \/>\n\t<meta name=\"twitter:data2\" content=\"3 minutos\" \/>\n<!-- \/ Yoast SEO plugin. -->","yoast_head_json":{"title":"Te organizamos el catering de tu evento en Madrid - El Blog de evento.love","description":"Te ayudamos a escoger el catering para tu evento en Madrid, ya sea baby shower, boda, bautizo, comuni\u00f3n, cumplea\u00f1os o evento de empresa.","robots":{"index":"index","follow":"follow","max-snippet":"max-snippet:-1","max-image-preview":"max-image-preview:large","max-video-preview":"max-video-preview:-1"},"og_locale":"es_ES","og_type":"article","og_title":"Te organizamos el catering de tu evento en Madrid - El Blog de evento.love","og_description":"Te ayudamos a escoger el catering para tu evento en Madrid, ya sea baby shower, boda, bautizo, comuni\u00f3n, cumplea\u00f1os o evento de empresa.","og_url":"https:\/\/www.evento.love\/blog\/te-organizamos-el-catering-de-tu-evento-en-madrid\/","og_site_name":"El Blog de evento.love","article_publisher":"https:\/\/www.facebook.com\/Evento.love\/","article_published_time":"2019-01-18T09:00:21+00:00","article_modified_time":"2019-07-18T22:17:49+00:00","og_image":[{"width":850,"height":567,"url":"https:\/\/www.evento.love\/blog\/wp-content\/uploads\/2019\/01\/catering-evento-bodas-bautizos-comuniones-babyshower-cumpleanos-eventos-empresa-madrid-2.jpg","type":"image\/jpeg"}],"author":"Evento Love","twitter_card":"summary_large_image","twitter_creator":"@Evento_love","twitter_site":"@Evento_love","twitter_misc":{"Escrito por":"Evento Love","Tiempo de lectura":"3 minutos"},"schema":{"@context":"https:\/\/schema.org","@graph":[{"@type":"Article","@id":"https:\/\/www.evento.love\/blog\/te-organizamos-el-catering-de-tu-evento-en-madrid\/#article","isPartOf":{"@id":"https:\/\/www.evento.love\/blog\/te-organizamos-el-catering-de-tu-evento-en-madrid\/"},"author":{"name":"Evento Love","@id":"https:\/\/www.evento.love\/blog\/#\/schema\/person\/a184c2ed424b7fb3006372ce8051542c"},"headline":"Te organizamos el catering de tu evento en Madrid","datePublished":"2019-01-18T09:00:21+00:00","dateModified":"2019-07-18T22:17:49+00:00","mainEntityOfPage":{"@id":"https:\/\/www.evento.love\/blog\/te-organizamos-el-catering-de-tu-evento-en-madrid\/"},"wordCount":529,"publisher":{"@id":"https:\/\/www.evento.love\/blog\/#organization"},"keywords":["catering","catering para eventos","catering para eventos en Madrid","cocktail","c\u00f3ctel","degustaci\u00f3n","Event planners","eventos en madrid","foodtruck","menu","mesas dulces"],"articleSection":["Catering y Mesas dulces"],"inLanguage":"es"},{"@type":"WebPage","@id":"https:\/\/www.evento.love\/blog\/te-organizamos-el-catering-de-tu-evento-en-madrid\/","url":"https:\/\/www.evento.love\/blog\/te-organizamos-el-catering-de-tu-evento-en-madrid\/","name":"Te organizamos el catering de tu evento en Madrid - El Blog de evento.love","isPartOf":{"@id":"https:\/\/www.evento.love\/blog\/#website"},"datePublished":"2019-01-18T09:00:21+00:00","dateModified":"2019-07-18T22:17:49+00:00","description":"Te ayudamos a escoger el catering para tu evento en Madrid, ya sea baby shower, boda, bautizo, comuni\u00f3n, cumplea\u00f1os o evento de empresa.","breadcrumb":{"@id":"https:\/\/www.evento.love\/blog\/te-organizamos-el-catering-de-tu-evento-en-madrid\/#breadcrumb"},"inLanguage":"es","potentialAction":[{"@type":"ReadAction","target":["https:\/\/www.evento.love\/blog\/te-organizamos-el-catering-de-tu-evento-en-madrid\/"]}]},{"@type":"BreadcrumbList","@id":"https:\/\/www.evento.love\/blog\/te-organizamos-el-catering-de-tu-evento-en-madrid\/#breadcrumb","itemListElement":[{"@type":"ListItem","position":1,"name":"Evento.love","item":"https:\/\/www.evento.love\/blog\/"},{"@type":"ListItem","position":2,"name":"Catering y Mesas dulces","item":"https:\/\/www.evento.love\/blog\/category\/catering-y-mesas-dulces\/"},{"@type":"ListItem","position":3,"name":"Te organizamos el catering de tu evento en Madrid"}]},{"@type":"WebSite","@id":"https:\/\/www.evento.love\/blog\/#website","url":"https:\/\/www.evento.love\/blog\/","name":"El Blog de evento.love","description":"T\u00fa lo mereces. Disfruta de tu momento","publisher":{"@id":"https:\/\/www.evento.love\/blog\/#organization"},"potentialAction":[{"@type":"SearchAction","target":{"@type":"EntryPoint","urlTemplate":"https:\/\/www.evento.love\/blog\/?s={search_term_string}"},"query-input":"required name=search_term_string"}],"inLanguage":"es"},{"@type":"Organization","@id":"https:\/\/www.evento.love\/blog\/#organization","name":"evento.love","url":"https:\/\/www.evento.love\/blog\/","logo":{"@type":"ImageObject","inLanguage":"es","@id":"https:\/\/www.evento.love\/blog\/#\/schema\/logo\/image\/","url":"https:\/\/www.evento.love\/blog\/wp-content\/uploads\/2016\/07\/logo-evento-love.png","contentUrl":"https:\/\/www.evento.love\/blog\/wp-content\/uploads\/2016\/07\/logo-evento-love.png","width":197,"height":59,"caption":"evento.love"},"image":{"@id":"https:\/\/www.evento.love\/blog\/#\/schema\/logo\/image\/"},"sameAs":["https:\/\/www.facebook.com\/Evento.love\/","https:\/\/twitter.com\/Evento_love","https:\/\/www.instagram.com\/evento.love\/","https:\/\/es.pinterest.com\/evento_love\/","https:\/\/www.youtube.com\/channel\/UCcVbo6ymzx-7FlDJja8aQnw"]},{"@type":"Person","@id":"https:\/\/www.evento.love\/blog\/#\/schema\/person\/a184c2ed424b7fb3006372ce8051542c","name":"Evento Love"}]}},"_links":{"self":[{"href":"https:\/\/www.evento.love\/blog\/wp-json\/wp\/v2\/posts\/3853"}],"collection":[{"href":"https:\/\/www.evento.love\/blog\/wp-json\/wp\/v2\/posts"}],"about":[{"href":"https:\/\/www.evento.love\/blog\/wp-json\/wp\/v2\/types\/post"}],"author":[{"embeddable":true,"href":"https:\/\/www.evento.love\/blog\/wp-json\/wp\/v2\/users\/1"}],"replies":[{"embeddable":true,"href":"https:\/\/www.evento.love\/blog\/wp-json\/wp\/v2\/comments?post=3853"}],"version-history":[{"count":5,"href":"https:\/\/www.evento.love\/blog\/wp-json\/wp\/v2\/posts\/3853\/revisions"}],"predecessor-version":[{"id":4905,"href":"https:\/\/www.evento.love\/blog\/wp-json\/wp\/v2\/posts\/3853\/revisions\/4905"}],"wp:featuredmedia":[{"embeddable":true,"href":"https:\/\/www.evento.love\/blog\/wp-json\/wp\/v2\/media\/3884"}],"wp:attachment":[{"href":"https:\/\/www.evento.love\/blog\/wp-json\/wp\/v2\/media?parent=3853"}],"wp:term":[{"taxonomy":"category","embeddable":true,"href":"https:\/\/www.evento.love\/blog\/wp-json\/wp\/v2\/categories?post=3853"},{"taxonomy":"post_tag","embeddable":true,"href":"https:\/\/www.evento.love\/blog\/wp-json\/wp\/v2\/tags?post=3853"}],"curies":[{"name":"wp","href":"https:\/\/api.w.org\/{rel}","templated":true}]}}