{"id":3959,"date":"2019-02-06T11:00:16","date_gmt":"2019-02-06T09:00:16","guid":{"rendered":"https:\/\/www.evento.love\/blog\/?p=3959"},"modified":"2019-07-19T00:17:47","modified_gmt":"2019-07-18T22:17:47","slug":"como-incorporar-algo-azul-look-de-novia","status":"publish","type":"post","link":"https:\/\/www.evento.love\/blog\/como-incorporar-algo-azul-look-de-novia\/","title":{"rendered":"C\u00f3mo incorporar tu &#8220;algo azul&#8221; en tu look de novia"},"content":{"rendered":"<p>Muchas son las tradiciones que rodean a la <a href=\"https:\/\/www.evento.love\/bodas\/\" target=\"_blank\" rel=\"noopener noreferrer\">celebraci\u00f3n de una boda<\/a>, y una de las m\u00e1s populares es de la que hablamos hoy: llevar algo azul en tu look de novia.<!--more--><\/p>\n<p>Ahora que el color invade los complementos e incluso los vestidos de novia, es m\u00e1s f\u00e1cil encontrar la manera de a\u00f1adir ese &#8220;algo azul&#8221; que todas queremos llevar en nuestro gran d\u00eda. Hoy os damos ideas para incorporar ese complemento azul a tu look de novia y que te sientas radiante ese d\u00eda. \u00a1Comenzamos!<\/p>\n<h3>Unos pendientes<\/h3>\n<p>Las joyas que escojas el d\u00eda de tu boda pueden engrandecer tu look y dar luz a tu rostro, especialmente los pendientes. A\u00f1ade un modelo con un toque de azul y cumplir\u00e1s con la tradici\u00f3n de la manera ma\u00b4s chic.<\/p>\n<figure id=\"attachment_3960\" aria-describedby=\"caption-attachment-3960\" style=\"width: 850px\" class=\"wp-caption aligncenter\"><img decoding=\"async\" loading=\"lazy\" class=\"wp-image-3960 size-full\" src=\"https:\/\/www.evento.love\/blog\/wp-content\/uploads\/2019\/01\/vestido-novia-algo-azul-1.jpg\" alt=\"\" width=\"850\" height=\"426\" srcset=\"https:\/\/www.evento.love\/blog\/wp-content\/uploads\/2019\/01\/vestido-novia-algo-azul-1.jpg 850w, https:\/\/www.evento.love\/blog\/wp-content\/uploads\/2019\/01\/vestido-novia-algo-azul-1-300x150.jpg 300w, https:\/\/www.evento.love\/blog\/wp-content\/uploads\/2019\/01\/vestido-novia-algo-azul-1-768x385.jpg 768w, https:\/\/www.evento.love\/blog\/wp-content\/uploads\/2019\/01\/vestido-novia-algo-azul-1-539x270.jpg 539w\" sizes=\"(max-width: 850px) 100vw, 850px\" \/><figcaption id=\"caption-attachment-3960\" class=\"wp-caption-text\">1. Navas Joyeros \/ 2. Girbes Joyas<\/figcaption><\/figure>\n<p>&nbsp;<\/p>\n<h3>Un anillo<\/h3>\n<p>Si prefieres optar por otro tipo de joya, \u00bfqu\u00e9 te parece un anillo? Este solitario con forma de flor, dise\u00f1o de La Petite Mafalda, es un recuerdo ideal para lucir en tu boda, y m\u00e1s si te lo regala un ser querido o las damas de honor. Adem\u00e1s, al no tener un tama\u00f1o muy grande, puedes llevarlo en tu d\u00eda a d\u00eda y que te recuerde siempre al mejor d\u00eda de tu vida.<\/p>\n<figure id=\"attachment_3961\" aria-describedby=\"caption-attachment-3961\" style=\"width: 850px\" class=\"wp-caption aligncenter\"><img decoding=\"async\" loading=\"lazy\" class=\"wp-image-3961 size-full\" src=\"https:\/\/www.evento.love\/blog\/wp-content\/uploads\/2019\/01\/vestido-novia-algo-azul-2.jpg\" alt=\"\" width=\"850\" height=\"634\" srcset=\"https:\/\/www.evento.love\/blog\/wp-content\/uploads\/2019\/01\/vestido-novia-algo-azul-2.jpg 850w, https:\/\/www.evento.love\/blog\/wp-content\/uploads\/2019\/01\/vestido-novia-algo-azul-2-300x224.jpg 300w, https:\/\/www.evento.love\/blog\/wp-content\/uploads\/2019\/01\/vestido-novia-algo-azul-2-768x573.jpg 768w, https:\/\/www.evento.love\/blog\/wp-content\/uploads\/2019\/01\/vestido-novia-algo-azul-2-362x270.jpg 362w\" sizes=\"(max-width: 850px) 100vw, 850px\" \/><figcaption id=\"caption-attachment-3961\" class=\"wp-caption-text\">La Petite Mafalda<\/figcaption><\/figure>\n<h3>Los zapatos<\/h3>\n<p>Uno de los complementos m\u00e1s deseados por las novias son unos zapatos bonitos y c\u00f3modos, con los que bailar toda la noche. Si quieres un toque de color en tu look pero deseas que tu vestido de novia sea blanco, unos zapatos azules pueden ser la soluci\u00f3n perfecta. nuestra recomendaci\u00f3n son estos tan ideales, en velvet y con un pomp\u00f3n, de Salo Madrid.<\/p>\n<figure id=\"attachment_3962\" aria-describedby=\"caption-attachment-3962\" style=\"width: 850px\" class=\"wp-caption aligncenter\"><img decoding=\"async\" loading=\"lazy\" class=\"wp-image-3962 size-full\" src=\"https:\/\/www.evento.love\/blog\/wp-content\/uploads\/2019\/01\/vestido-novia-algo-azul-3.jpg\" alt=\"\" width=\"850\" height=\"668\" srcset=\"https:\/\/www.evento.love\/blog\/wp-content\/uploads\/2019\/01\/vestido-novia-algo-azul-3.jpg 850w, https:\/\/www.evento.love\/blog\/wp-content\/uploads\/2019\/01\/vestido-novia-algo-azul-3-300x236.jpg 300w, https:\/\/www.evento.love\/blog\/wp-content\/uploads\/2019\/01\/vestido-novia-algo-azul-3-768x604.jpg 768w, https:\/\/www.evento.love\/blog\/wp-content\/uploads\/2019\/01\/vestido-novia-algo-azul-3-344x270.jpg 344w\" sizes=\"(max-width: 850px) 100vw, 850px\" \/><figcaption id=\"caption-attachment-3962\" class=\"wp-caption-text\">Salo Madrid<\/figcaption><\/figure>\n<h3>El velo<\/h3>\n<p>Desde hace algunas temporadas el color en los tocados y en el velo est\u00e1 de moda. Una manera m\u00e1s de dar un toque de color a tu look y romper con el cl\u00e1sico look bridal total white. Este dise\u00f1o de Las Hilanderas nos parece precioso:<\/p>\n<figure id=\"attachment_3963\" aria-describedby=\"caption-attachment-3963\" style=\"width: 850px\" class=\"wp-caption aligncenter\"><img decoding=\"async\" loading=\"lazy\" class=\"wp-image-3963 size-full\" src=\"https:\/\/www.evento.love\/blog\/wp-content\/uploads\/2019\/01\/vestido-novia-algo-azul-5.jpg\" alt=\"Vestido de novia algo azul\" width=\"850\" height=\"580\" srcset=\"https:\/\/www.evento.love\/blog\/wp-content\/uploads\/2019\/01\/vestido-novia-algo-azul-5.jpg 850w, https:\/\/www.evento.love\/blog\/wp-content\/uploads\/2019\/01\/vestido-novia-algo-azul-5-300x205.jpg 300w, https:\/\/www.evento.love\/blog\/wp-content\/uploads\/2019\/01\/vestido-novia-algo-azul-5-768x524.jpg 768w, https:\/\/www.evento.love\/blog\/wp-content\/uploads\/2019\/01\/vestido-novia-algo-azul-5-396x270.jpg 396w\" sizes=\"(max-width: 850px) 100vw, 850px\" \/><figcaption id=\"caption-attachment-3963\" class=\"wp-caption-text\">Las Hilanderas<\/figcaption><\/figure>\n<h3>Las flores del ramo<\/h3>\n<p>Nuestra novia de la boda de rosas azules tuvo en su boda su &#8220;algo azul&#8221; en todos los rincones. Pero ella no pod\u00eda ser menos y ten\u00eda que llevar algo de este bonito color en su look. Escogi\u00f3 el ramo de novia con rosas en dos tonos de azul, \u00a1y no pod\u00eda estar m\u00e1s guapa! Si quer\u00e9is ver m\u00e1s detalles de esta boda de rosas azules, no dud\u00e9is en visitar <a href=\"https:\/\/www.evento.love\/bodas\/\" target=\"_blank\" rel=\"noopener noreferrer\">este post<\/a>.<\/p>\n<p><img decoding=\"async\" loading=\"lazy\" class=\"aligncenter size-full wp-image-3964\" src=\"https:\/\/www.evento.love\/blog\/wp-content\/uploads\/2019\/01\/vestido-novia-algo-azul-4.jpg\" alt=\"\" width=\"850\" height=\"494\" srcset=\"https:\/\/www.evento.love\/blog\/wp-content\/uploads\/2019\/01\/vestido-novia-algo-azul-4.jpg 850w, https:\/\/www.evento.love\/blog\/wp-content\/uploads\/2019\/01\/vestido-novia-algo-azul-4-300x174.jpg 300w, https:\/\/www.evento.love\/blog\/wp-content\/uploads\/2019\/01\/vestido-novia-algo-azul-4-768x446.jpg 768w, https:\/\/www.evento.love\/blog\/wp-content\/uploads\/2019\/01\/vestido-novia-algo-azul-4-465x270.jpg 465w\" sizes=\"(max-width: 850px) 100vw, 850px\" \/><\/p>\n<p>\u00bfNecesitas ayuda con la <a href=\"https:\/\/www.evento.love\/bodas\/\" target=\"_blank\" rel=\"noopener noreferrer\">organizaci\u00f3n y decoraci\u00f3n de tu boda<\/a> para que quede seg\u00fan la imaginas en tu cabeza? Nosotros nos encargamos de hacer ese sue\u00f1o realidad. Te esperamos en <a href=\"mailto:hola@evento.love\" target=\"_blank\" rel=\"noopener noreferrer\">hola@evento.love<\/a>.<\/p>\n<p>&#8211;<\/p>\n<p>Do you need help with the <a href=\"https:\/\/www.evento.love\/bodas\/\" target=\"_blank\" rel=\"noopener noreferrer\">organization and decoration of your wedding<\/a> so that it is as you imagine it in your head? We take care of making that dream come true. We are waiting for you at <a href=\"mailto:hola@evento.love\" target=\"_blank\" rel=\"noopener noreferrer\">hola@evento.love<\/a>.<\/p>\n    <div class=\"related-post grid\">\r\n                <div class=\"headline\">M\u00e1s art\u00edculos a tener en cuenta<\/div>\r\n        <div class=\"post-list \">\r\n\r\n                        <div class=\"item\">\r\n                        <div class=\"thumb post_thumb\">\r\n        <a  title=\"5+1 ideas imprescindibles para dar un toque especial a tu boda\" href=\"https:\/\/www.evento.love\/blog\/ideas-imprescindibles-tu-boda-madrid\/\">\r\n\r\n            <img width=\"150\" height=\"150\" src=\"https:\/\/www.evento.love\/blog\/wp-content\/uploads\/2017\/04\/17_04_01-150x150.jpg\" class=\"attachment-thumbnail size-thumbnail wp-post-image\" alt=\"Ideas para tu boda organizaci\u00f3n eventos madrid\" decoding=\"async\" loading=\"lazy\" \/>\r\n\r\n        <\/a>\r\n    <\/div>\r\n\r\n    <a class=\"title post_title\"  title=\"5+1 ideas imprescindibles para dar un toque especial a tu boda\" href=\"https:\/\/www.evento.love\/blog\/ideas-imprescindibles-tu-boda-madrid\/\">\r\n                5+1 ideas imprescindibles para dar un toque especial a tu boda    <\/a>\r\n\r\n                <\/div>\r\n                            <div class=\"item\">\r\n                        <div class=\"thumb post_thumb\">\r\n        <a  title=\"\u00bfQu\u00e9 es una preboda?\" href=\"https:\/\/www.evento.love\/blog\/que-es-una-preboda-madrid\/\">\r\n\r\n            <img width=\"150\" height=\"150\" src=\"https:\/\/www.evento.love\/blog\/wp-content\/uploads\/2017\/04\/17_04_15-150x150.jpg\" class=\"attachment-thumbnail size-thumbnail wp-post-image\" alt=\"preboda boda fotograf\u00eda novios madrid\" decoding=\"async\" loading=\"lazy\" \/>\r\n\r\n        <\/a>\r\n    <\/div>\r\n\r\n    <a class=\"title post_title\"  title=\"\u00bfQu\u00e9 es una preboda?\" href=\"https:\/\/www.evento.love\/blog\/que-es-una-preboda-madrid\/\">\r\n                \u00bfQu\u00e9 es una preboda?    <\/a>\r\n\r\n                <\/div>\r\n                            <div class=\"item\">\r\n                        <div class=\"thumb post_thumb\">\r\n        <a  title=\"Consejos para organizar una sesi\u00f3n postboda\" href=\"https:\/\/www.evento.love\/blog\/consejos-sesion-postboda-madrid\/\">\r\n\r\n            <img width=\"150\" height=\"150\" src=\"https:\/\/www.evento.love\/blog\/wp-content\/uploads\/2017\/05\/17_05_10-150x150.jpg\" class=\"attachment-thumbnail size-thumbnail wp-post-image\" alt=\"Consejos para una sesi\u00f3n de fotograf\u00eda postboda en Madrid\" decoding=\"async\" loading=\"lazy\" \/>\r\n\r\n        <\/a>\r\n    <\/div>\r\n\r\n    <a class=\"title post_title\"  title=\"Consejos para organizar una sesi\u00f3n postboda\" href=\"https:\/\/www.evento.love\/blog\/consejos-sesion-postboda-madrid\/\">\r\n                Consejos para organizar una sesi\u00f3n postboda    <\/a>\r\n\r\n                <\/div>\r\n                            <div class=\"item\">\r\n                        <div class=\"thumb post_thumb\">\r\n        <a  title=\"Cinco hermosos textos para leer en una boda\" href=\"https:\/\/www.evento.love\/blog\/cinco-hermosos-textos-pueden-leer-boda\/\">\r\n\r\n            <img width=\"150\" height=\"150\" src=\"https:\/\/www.evento.love\/blog\/wp-content\/uploads\/2017\/06\/16_06_08-150x150.jpg\" class=\"attachment-thumbnail size-thumbnail wp-post-image\" alt=\"textos para leer en una boda religiosa civil madrid\" decoding=\"async\" loading=\"lazy\" \/>\r\n\r\n        <\/a>\r\n    <\/div>\r\n\r\n    <a class=\"title post_title\"  title=\"Cinco hermosos textos para leer en una boda\" href=\"https:\/\/www.evento.love\/blog\/cinco-hermosos-textos-pueden-leer-boda\/\">\r\n                Cinco hermosos textos para leer en una boda    <\/a>\r\n\r\n                <\/div>\r\n            \r\n    <\/div>\r\n\r\n    <script>\r\n            <\/script>\r\n    <style>\r\n        .related-post {}\r\n\r\n        .related-post .post-list {\r\n            text-align: left;\r\n                    }\r\n\r\n        .related-post .post-list .item {\r\n            margin: 5px 10px;\r\n            padding: 0px;\r\n                    }\r\n\r\n        .related-post .headline {\r\n            font-size: 24px !important;\r\n            color: #000000 !important;\r\n                    }\r\n\r\n        .related-post .headline{\r\nfont-weight:400 !important;\r\ntext-transform: uppercase;\r\n}.related-post .post-list .item .post_thumb {\r\n            max-height: 180px;\r\n            margin: 10px 0px;\r\n            padding: 0px;\r\n            display: block;\r\n                    }\r\n\r\n        .related-post .post-list .item .post_title {\r\n            font-size: 12px;\r\n            color: #607d8b;\r\n            margin: 10px 0px;\r\n            padding: 0px;\r\n            display: block;\r\n            text-decoration: none;\r\n                    }\r\n\r\n        .related-post .post-list .item .post_excerpt {\r\n            font-size: 13px;\r\n            color: #3f3f3f;\r\n            margin: 10px 0px;\r\n            padding: 0px;\r\n            display: block;\r\n            text-decoration: none;\r\n                    }\r\n\r\n        @media only screen and (min-width: 1024px) {\r\n            .related-post .post-list .item {\r\n                width: 22%;\r\n            }\r\n        }\r\n\r\n        @media only screen and (min-width: 768px) and (max-width: 1023px) {\r\n            .related-post .post-list .item {\r\n                width: 90%;\r\n            }\r\n        }\r\n\r\n        @media only screen and (min-width: 0px) and (max-width: 767px) {\r\n            .related-post .post-list .item {\r\n                width: 30%;\r\n            }\r\n        }\r\n\r\n            <\/style>\r\n        <\/div>\r\n<!-- AddThis Advanced Settings generic via filter on the_content --><!-- AddThis Share Buttons generic via filter on the_content -->","protected":false},"excerpt":{"rendered":"<p>Muchas son las tradiciones que rodean a la celebraci\u00f3n de una boda, y una de las m\u00e1s populares es de la que hablamos hoy: llevar algo azul en tu look de novia. M\u00e1s art\u00edculos a tener en cuenta Juegos y actividades en tu baby shower C\u00f3mo inmortalizar tu baby shower Juegos en el baby shower Un beb\u00e9 en camino \u00bfBaby shower o bautizo?<!-- AddThis Advanced Settings generic via filter on get_the_excerpt --><!-- AddThis Share Buttons generic via filter on get_the_excerpt --><\/p>\n    <div class=\"related-post grid\">\r\n                <div class=\"headline\">M\u00e1s art\u00edculos a tener en cuenta<\/div>\r\n        <div class=\"post-list \">\r\n\r\n                        <div class=\"item\">\r\n                        <div class=\"thumb post_thumb\">\r\n        <a  title=\"Baby Shower, mucho m\u00e1s que un evento social\" href=\"https:\/\/www.evento.love\/blog\/baby-shower-evento-social-madrid\/\">\r\n\r\n            <img width=\"150\" height=\"150\" src=\"https:\/\/www.evento.love\/blog\/wp-content\/uploads\/2016\/07\/babyshower-150x150.jpg\" class=\"attachment-thumbnail size-thumbnail wp-post-image\" alt=\"baby shower-fiesta-beb\u00e9-embarazo-embarazada\" decoding=\"async\" loading=\"lazy\" \/>\r\n\r\n        <\/a>\r\n    <\/div>\r\n\r\n    <a class=\"title post_title\"  title=\"Baby Shower, mucho m\u00e1s que un evento social\" href=\"https:\/\/www.evento.love\/blog\/baby-shower-evento-social-madrid\/\">\r\n                Baby Shower, mucho m\u00e1s que un evento social    <\/a>\r\n\r\n                <\/div>\r\n                            <div class=\"item\">\r\n                        <div class=\"thumb post_thumb\">\r\n        <a  title=\"12 consejos para un Baby Shower perfecto\" href=\"https:\/\/www.evento.love\/blog\/12-consejos-baby-shower-perfecto-madrid\/\">\r\n\r\n            <img width=\"150\" height=\"150\" src=\"https:\/\/www.evento.love\/blog\/wp-content\/uploads\/2016\/09\/16_05_20_12_consejos-para-que-tu-Baby-Shower-sea-perfecto-150x150.jpg\" class=\"attachment-thumbnail size-thumbnail wp-post-image\" alt=\"Baby Shower-perfecto-beb\u00e9-embarazado-embarazada-fiesta-babyshower\" decoding=\"async\" loading=\"lazy\" \/>\r\n\r\n        <\/a>\r\n    <\/div>\r\n\r\n    <a class=\"title post_title\"  title=\"12 consejos para un Baby Shower perfecto\" href=\"https:\/\/www.evento.love\/blog\/12-consejos-baby-shower-perfecto-madrid\/\">\r\n                12 consejos para un Baby Shower perfecto    <\/a>\r\n\r\n                <\/div>\r\n                            <div class=\"item\">\r\n                        <div class=\"thumb post_thumb\">\r\n        <a  title=\"Cu\u00e1ndo hacer el Baby Shower\" href=\"https:\/\/www.evento.love\/blog\/cuando-hacer-el-baby-shower-madrid\/\">\r\n\r\n            <img width=\"150\" height=\"150\" src=\"https:\/\/www.evento.love\/blog\/wp-content\/uploads\/2016\/09\/16_05_23_Cuando-hacer-el-Baby-Shower-150x150.jpg\" class=\"attachment-thumbnail size-thumbnail wp-post-image\" alt=\"Cu\u00e1ndo hacer el baby shower beb\u00e9 embarazo fiesta en Madrid\" decoding=\"async\" loading=\"lazy\" \/>\r\n\r\n        <\/a>\r\n    <\/div>\r\n\r\n    <a class=\"title post_title\"  title=\"Cu\u00e1ndo hacer el Baby Shower\" href=\"https:\/\/www.evento.love\/blog\/cuando-hacer-el-baby-shower-madrid\/\">\r\n                Cu\u00e1ndo hacer el Baby Shower    <\/a>\r\n\r\n                <\/div>\r\n                            <div class=\"item\">\r\n                        <div class=\"thumb post_thumb\">\r\n        <a  title=\"\u00bfQui\u00e9n debe organizar el Baby Shower?\" href=\"https:\/\/www.evento.love\/blog\/quien-organizar-baby-shower-madrid\/\">\r\n\r\n            <img width=\"150\" height=\"150\" src=\"https:\/\/www.evento.love\/blog\/wp-content\/uploads\/2016\/09\/16_05_29_Qui\u00e9n-organiza-el-Baby-Shower-150x150.jpg\" class=\"attachment-thumbnail size-thumbnail wp-post-image\" alt=\"Organizaci\u00f3n Baby Shower Madrid fiesta beb\u00e9 embarazada\" decoding=\"async\" loading=\"lazy\" \/>\r\n\r\n        <\/a>\r\n    <\/div>\r\n\r\n    <a class=\"title post_title\"  title=\"\u00bfQui\u00e9n debe organizar el Baby Shower?\" href=\"https:\/\/www.evento.love\/blog\/quien-organizar-baby-shower-madrid\/\">\r\n                \u00bfQui\u00e9n debe organizar el Baby Shower?    <\/a>\r\n\r\n                <\/div>\r\n            \r\n    <\/div>\r\n\r\n    <script>\r\n            <\/script>\r\n    <style>\r\n        .related-post {}\r\n\r\n        .related-post .post-list {\r\n            text-align: left;\r\n                    }\r\n\r\n        .related-post .post-list .item {\r\n            margin: 5px 10px;\r\n            padding: 0px;\r\n                    }\r\n\r\n        .related-post .headline {\r\n            font-size: 24px !important;\r\n            color: #000000 !important;\r\n                    }\r\n\r\n        .related-post .headline{\r\nfont-weight:400 !important;\r\ntext-transform: uppercase;\r\n}.related-post .post-list .item .post_thumb {\r\n            max-height: 180px;\r\n            margin: 10px 0px;\r\n            padding: 0px;\r\n            display: block;\r\n                    }\r\n\r\n        .related-post .post-list .item .post_title {\r\n            font-size: 12px;\r\n            color: #607d8b;\r\n            margin: 10px 0px;\r\n            padding: 0px;\r\n            display: block;\r\n            text-decoration: none;\r\n                    }\r\n\r\n        .related-post .post-list .item .post_excerpt {\r\n            font-size: 13px;\r\n            color: #3f3f3f;\r\n            margin: 10px 0px;\r\n            padding: 0px;\r\n            display: block;\r\n            text-decoration: none;\r\n                    }\r\n\r\n        @media only screen and (min-width: 1024px) {\r\n            .related-post .post-list .item {\r\n                width: 22%;\r\n            }\r\n        }\r\n\r\n        @media only screen and (min-width: 768px) and (max-width: 1023px) {\r\n            .related-post .post-list .item {\r\n                width: 90%;\r\n            }\r\n        }\r\n\r\n        @media only screen and (min-width: 0px) and (max-width: 767px) {\r\n            .related-post .post-list .item {\r\n                width: 30%;\r\n            }\r\n        }\r\n\r\n            <\/style>\r\n        <\/div>\r\n","protected":false},"author":1,"featured_media":3962,"comment_status":"closed","ping_status":"open","sticky":false,"template":"","format":"standard","meta":{"content-type":""},"categories":[756],"tags":[1221,1224,1170,1020,1222,1223,978,888],"yoast_head":"<!-- This site is optimized with the Yoast SEO plugin v20.7 - https:\/\/yoast.com\/wordpress\/plugins\/seo\/ -->\n<title>C\u00f3mo incorporar tu &quot;algo azul&quot; en tu look de novia - El Blog de evento.love<\/title>\n<meta name=\"description\" content=\"Te damos 6 ideas para llevar algo azul el d\u00eda de tu boda y que tu look de novia sea perfecto. Tendencias de novias y consejos bridal.\" \/>\n<meta name=\"robots\" content=\"index, follow, max-snippet:-1, max-image-preview:large, max-video-preview:-1\" \/>\n<meta property=\"og:locale\" content=\"es_ES\" \/>\n<meta property=\"og:type\" content=\"article\" \/>\n<meta property=\"og:title\" content=\"C\u00f3mo incorporar tu &quot;algo azul&quot; en tu look de novia - El Blog de evento.love\" \/>\n<meta property=\"og:description\" content=\"Te damos 6 ideas para llevar algo azul el d\u00eda de tu boda y que tu look de novia sea perfecto. Tendencias de novias y consejos bridal.\" \/>\n<meta property=\"og:url\" content=\"https:\/\/www.evento.love\/blog\/como-incorporar-algo-azul-look-de-novia\/\" \/>\n<meta property=\"og:site_name\" content=\"El Blog de evento.love\" \/>\n<meta property=\"article:publisher\" content=\"https:\/\/www.facebook.com\/Evento.love\/\" \/>\n<meta property=\"article:published_time\" content=\"2019-02-06T09:00:16+00:00\" \/>\n<meta property=\"article:modified_time\" content=\"2019-07-18T22:17:47+00:00\" \/>\n<meta property=\"og:image\" content=\"https:\/\/www.evento.love\/blog\/wp-content\/uploads\/2019\/01\/vestido-novia-algo-azul-3.jpg\" \/>\n\t<meta property=\"og:image:width\" content=\"850\" \/>\n\t<meta property=\"og:image:height\" content=\"668\" \/>\n\t<meta property=\"og:image:type\" content=\"image\/jpeg\" \/>\n<meta name=\"author\" content=\"Evento Love\" \/>\n<meta name=\"twitter:card\" content=\"summary_large_image\" \/>\n<meta name=\"twitter:creator\" content=\"@Evento_love\" \/>\n<meta name=\"twitter:site\" content=\"@Evento_love\" \/>\n<meta name=\"twitter:label1\" content=\"Escrito por\" \/>\n\t<meta name=\"twitter:data1\" content=\"Evento Love\" \/>\n\t<meta name=\"twitter:label2\" content=\"Tiempo de lectura\" \/>\n\t<meta name=\"twitter:data2\" content=\"3 minutos\" \/>\n<!-- \/ Yoast SEO plugin. -->","yoast_head_json":{"title":"C\u00f3mo incorporar tu \"algo azul\" en tu look de novia - El Blog de evento.love","description":"Te damos 6 ideas para llevar algo azul el d\u00eda de tu boda y que tu look de novia sea perfecto. Tendencias de novias y consejos bridal.","robots":{"index":"index","follow":"follow","max-snippet":"max-snippet:-1","max-image-preview":"max-image-preview:large","max-video-preview":"max-video-preview:-1"},"og_locale":"es_ES","og_type":"article","og_title":"C\u00f3mo incorporar tu \"algo azul\" en tu look de novia - El Blog de evento.love","og_description":"Te damos 6 ideas para llevar algo azul el d\u00eda de tu boda y que tu look de novia sea perfecto. Tendencias de novias y consejos bridal.","og_url":"https:\/\/www.evento.love\/blog\/como-incorporar-algo-azul-look-de-novia\/","og_site_name":"El Blog de evento.love","article_publisher":"https:\/\/www.facebook.com\/Evento.love\/","article_published_time":"2019-02-06T09:00:16+00:00","article_modified_time":"2019-07-18T22:17:47+00:00","og_image":[{"width":850,"height":668,"url":"https:\/\/www.evento.love\/blog\/wp-content\/uploads\/2019\/01\/vestido-novia-algo-azul-3.jpg","type":"image\/jpeg"}],"author":"Evento Love","twitter_card":"summary_large_image","twitter_creator":"@Evento_love","twitter_site":"@Evento_love","twitter_misc":{"Escrito por":"Evento Love","Tiempo de lectura":"3 minutos"},"schema":{"@context":"https:\/\/schema.org","@graph":[{"@type":"Article","@id":"https:\/\/www.evento.love\/blog\/como-incorporar-algo-azul-look-de-novia\/#article","isPartOf":{"@id":"https:\/\/www.evento.love\/blog\/como-incorporar-algo-azul-look-de-novia\/"},"author":{"name":"Evento Love","@id":"https:\/\/www.evento.love\/blog\/#\/schema\/person\/a184c2ed424b7fb3006372ce8051542c"},"headline":"C\u00f3mo incorporar tu &#8220;algo azul&#8221; en tu look de novia","datePublished":"2019-02-06T09:00:16+00:00","dateModified":"2019-07-18T22:17:47+00:00","mainEntityOfPage":{"@id":"https:\/\/www.evento.love\/blog\/como-incorporar-algo-azul-look-de-novia\/"},"wordCount":555,"publisher":{"@id":"https:\/\/www.evento.love\/blog\/#organization"},"keywords":["algo azul","joyas de novia","ramo de novia","tendencias de boda","tradiciones de boda","velo","vestido de novia","wedding planner"],"articleSection":["Bodas"],"inLanguage":"es"},{"@type":"WebPage","@id":"https:\/\/www.evento.love\/blog\/como-incorporar-algo-azul-look-de-novia\/","url":"https:\/\/www.evento.love\/blog\/como-incorporar-algo-azul-look-de-novia\/","name":"C\u00f3mo incorporar tu \"algo azul\" en tu look de novia - El Blog de evento.love","isPartOf":{"@id":"https:\/\/www.evento.love\/blog\/#website"},"datePublished":"2019-02-06T09:00:16+00:00","dateModified":"2019-07-18T22:17:47+00:00","description":"Te damos 6 ideas para llevar algo azul el d\u00eda de tu boda y que tu look de novia sea perfecto. Tendencias de novias y consejos bridal.","breadcrumb":{"@id":"https:\/\/www.evento.love\/blog\/como-incorporar-algo-azul-look-de-novia\/#breadcrumb"},"inLanguage":"es","potentialAction":[{"@type":"ReadAction","target":["https:\/\/www.evento.love\/blog\/como-incorporar-algo-azul-look-de-novia\/"]}]},{"@type":"BreadcrumbList","@id":"https:\/\/www.evento.love\/blog\/como-incorporar-algo-azul-look-de-novia\/#breadcrumb","itemListElement":[{"@type":"ListItem","position":1,"name":"Evento.love","item":"https:\/\/www.evento.love\/blog\/"},{"@type":"ListItem","position":2,"name":"Bodas","item":"https:\/\/www.evento.love\/blog\/category\/bodas\/"},{"@type":"ListItem","position":3,"name":"C\u00f3mo incorporar tu &#8220;algo azul&#8221; en tu look de novia"}]},{"@type":"WebSite","@id":"https:\/\/www.evento.love\/blog\/#website","url":"https:\/\/www.evento.love\/blog\/","name":"El Blog de evento.love","description":"T\u00fa lo mereces. Disfruta de tu momento","publisher":{"@id":"https:\/\/www.evento.love\/blog\/#organization"},"potentialAction":[{"@type":"SearchAction","target":{"@type":"EntryPoint","urlTemplate":"https:\/\/www.evento.love\/blog\/?s={search_term_string}"},"query-input":"required name=search_term_string"}],"inLanguage":"es"},{"@type":"Organization","@id":"https:\/\/www.evento.love\/blog\/#organization","name":"evento.love","url":"https:\/\/www.evento.love\/blog\/","logo":{"@type":"ImageObject","inLanguage":"es","@id":"https:\/\/www.evento.love\/blog\/#\/schema\/logo\/image\/","url":"https:\/\/www.evento.love\/blog\/wp-content\/uploads\/2016\/07\/logo-evento-love.png","contentUrl":"https:\/\/www.evento.love\/blog\/wp-content\/uploads\/2016\/07\/logo-evento-love.png","width":197,"height":59,"caption":"evento.love"},"image":{"@id":"https:\/\/www.evento.love\/blog\/#\/schema\/logo\/image\/"},"sameAs":["https:\/\/www.facebook.com\/Evento.love\/","https:\/\/twitter.com\/Evento_love","https:\/\/www.instagram.com\/evento.love\/","https:\/\/es.pinterest.com\/evento_love\/","https:\/\/www.youtube.com\/channel\/UCcVbo6ymzx-7FlDJja8aQnw"]},{"@type":"Person","@id":"https:\/\/www.evento.love\/blog\/#\/schema\/person\/a184c2ed424b7fb3006372ce8051542c","name":"Evento Love"}]}},"_links":{"self":[{"href":"https:\/\/www.evento.love\/blog\/wp-json\/wp\/v2\/posts\/3959"}],"collection":[{"href":"https:\/\/www.evento.love\/blog\/wp-json\/wp\/v2\/posts"}],"about":[{"href":"https:\/\/www.evento.love\/blog\/wp-json\/wp\/v2\/types\/post"}],"author":[{"embeddable":true,"href":"https:\/\/www.evento.love\/blog\/wp-json\/wp\/v2\/users\/1"}],"replies":[{"embeddable":true,"href":"https:\/\/www.evento.love\/blog\/wp-json\/wp\/v2\/comments?post=3959"}],"version-history":[{"count":5,"href":"https:\/\/www.evento.love\/blog\/wp-json\/wp\/v2\/posts\/3959\/revisions"}],"predecessor-version":[{"id":4894,"href":"https:\/\/www.evento.love\/blog\/wp-json\/wp\/v2\/posts\/3959\/revisions\/4894"}],"wp:featuredmedia":[{"embeddable":true,"href":"https:\/\/www.evento.love\/blog\/wp-json\/wp\/v2\/media\/3962"}],"wp:attachment":[{"href":"https:\/\/www.evento.love\/blog\/wp-json\/wp\/v2\/media?parent=3959"}],"wp:term":[{"taxonomy":"category","embeddable":true,"href":"https:\/\/www.evento.love\/blog\/wp-json\/wp\/v2\/categories?post=3959"},{"taxonomy":"post_tag","embeddable":true,"href":"https:\/\/www.evento.love\/blog\/wp-json\/wp\/v2\/tags?post=3959"}],"curies":[{"name":"wp","href":"https:\/\/api.w.org\/{rel}","templated":true}]}}