{"id":3969,"date":"2019-02-08T12:00:38","date_gmt":"2019-02-08T10:00:38","guid":{"rendered":"https:\/\/www.evento.love\/blog\/?p=3969"},"modified":"2019-07-19T00:17:47","modified_gmt":"2019-07-18T22:17:47","slug":"7-figuras-para-tu-tarta-de-boda-de-las-que-te-vas-a-enamorar","status":"publish","type":"post","link":"https:\/\/www.evento.love\/blog\/7-figuras-para-tu-tarta-de-boda-de-las-que-te-vas-a-enamorar\/","title":{"rendered":"7 figuras para tu tarta de boda de las que te vas a enamorar"},"content":{"rendered":"<p>Todos los que nos segu\u00eds en <a href=\"https:\/\/www.instagram.com\/deboda.love\/\" target=\"_blank\" rel=\"noopener noreferrer\">redes sociales<\/a> y el <a href=\"https:\/\/www.evento.love\/blog\/\" target=\"_blank\" rel=\"noopener noreferrer\">blog<\/a>, sab\u00e9is que las mesas dulces y las tartas son una de nuestras pasiones. Contamos con un obrador que las dise\u00f1a de manera completamente artesanal y que crea obras de arte de reposter\u00eda. \u00a1La creatividad no tiene l\u00edmites!<!--more--><\/p>\n<p>Hoy os queremos hablar del adorno de <a href=\"https:\/\/www.evento.love\/tienda\/tartas-personalizadas\" target=\"_blank\" rel=\"noopener noreferrer\">tartas nupciales<\/a> por excelencia: las figuras que representan a los novios. Existen mil opciones: la pareja con las poses m\u00e1s cl\u00e1sicas, m\u00e1s elegantes, divertidas, con gui\u00f1os a los hobbies de cada miembro de la pareja&#8230;En fin, de lo que se trata es de que encontr\u00e9is la que encaje con vuestra personalidad y la tarta elegida.<\/p>\n<p>Acabamos de recibir las <a href=\"https:\/\/www.evento.love\/tienda\/boda\" target=\"_blank\" rel=\"noopener noreferrer\">novedades para bodas 2019<\/a> en nuestra tienda, y entre ellas est\u00e1n unas ideales figuras para tu tarta de boda que seguro te van a enamorar. \u00a1A nosotras nos han encantado! \u00bfQuieres verlas?<\/p>\n<h3><strong>Figuras de tarta de boda cl\u00e1sicas<\/strong><\/h3>\n<p>Si busc\u00e1is un estilo elegante para vuestra tarta de bodas, esta ser\u00e1 la opci\u00f3n perfecta. Los novios son delicadas figuras pintadas a mano con colores neutros, y en el velo de la novia destacan unos bonitos detalles de strass. Una figura de tarta de boda glamurosa y muy en tendencia.<\/p>\n<figure id=\"attachment_3973\" aria-describedby=\"caption-attachment-3973\" style=\"width: 468px\" class=\"wp-caption aligncenter\"><a href=\"https:\/\/www.evento.love\/tienda\/detalles-y-regalos\/boda\/figura-tarta-novios-con-ramo-original-23-cm\"><img decoding=\"async\" loading=\"lazy\" class=\"wp-image-3973\" src=\"https:\/\/www.evento.love\/blog\/wp-content\/uploads\/2019\/01\/figura-tarta-novios-con-ramo-original-23-cm.jpg\" alt=\"\" width=\"468\" height=\"468\" srcset=\"https:\/\/www.evento.love\/blog\/wp-content\/uploads\/2019\/01\/figura-tarta-novios-con-ramo-original-23-cm.jpg 800w, https:\/\/www.evento.love\/blog\/wp-content\/uploads\/2019\/01\/figura-tarta-novios-con-ramo-original-23-cm-150x150.jpg 150w, https:\/\/www.evento.love\/blog\/wp-content\/uploads\/2019\/01\/figura-tarta-novios-con-ramo-original-23-cm-300x300.jpg 300w, https:\/\/www.evento.love\/blog\/wp-content\/uploads\/2019\/01\/figura-tarta-novios-con-ramo-original-23-cm-768x768.jpg 768w, https:\/\/www.evento.love\/blog\/wp-content\/uploads\/2019\/01\/figura-tarta-novios-con-ramo-original-23-cm-270x270.jpg 270w\" sizes=\"(max-width: 468px) 100vw, 468px\" \/><\/a><figcaption id=\"caption-attachment-3973\" class=\"wp-caption-text\"><a href=\"https:\/\/www.evento.love\/tienda\/detalles-y-regalos\/boda\/figura-tarta-novios-con-ramo-original-23-cm\" target=\"_blank\" rel=\"noopener noreferrer\">Novios cl\u00e1sicos<\/a><\/figcaption><\/figure>\n<h3>Tu hij@ como protagonista<\/h3>\n<p>Si sois una familia de tres o est\u00e1is a punto de serlo, qu\u00e9 mejor idea que representarlo en vuestra tarta nupcial. Una de nuestras \u00faltimas novedades es esta preciosa figura con una estampa de la novia embarazada, con una corona de flores muy rom\u00e1ntica y delicado vestido. El novio aparece toc\u00e1ndole la tripa con un cari\u00f1oso gesto. \u00bfNo os parece ideal?<\/p>\n<figure id=\"attachment_3974\" aria-describedby=\"caption-attachment-3974\" style=\"width: 478px\" class=\"wp-caption aligncenter\"><a href=\"https:\/\/www.evento.love\/tienda\/detalles-y-regalos\/boda\/figura-tarta-novia-embarazada\"><img decoding=\"async\" loading=\"lazy\" class=\"wp-image-3974\" src=\"https:\/\/www.evento.love\/blog\/wp-content\/uploads\/2019\/01\/figura-tarta-novia-embarazada.jpg\" alt=\"\" width=\"478\" height=\"474\" \/><\/a><figcaption id=\"caption-attachment-3974\" class=\"wp-caption-text\"><a href=\"https:\/\/www.evento.love\/tienda\/detalles-y-regalos\/boda\/figura-tarta-novia-embarazada\" target=\"_blank\" rel=\"noopener noreferrer\">Figura novia embarazada<\/a><\/figcaption><\/figure>\n<p>Y si ya ten\u00e9is a vuestro beb\u00e9 con vosotros, una figura que os represente a los tres ser\u00e1 la opci\u00f3n m\u00e1s bonita de todas, como esta figura que es puro amor.<\/p>\n<figure id=\"attachment_3971\" aria-describedby=\"caption-attachment-3971\" style=\"width: 476px\" class=\"wp-caption aligncenter\"><a href=\"https:\/\/www.evento.love\/tienda\/detalles-y-regalos\/boda\/figura-tarta-boda-novios-con-bebe-21cm\"><img decoding=\"async\" loading=\"lazy\" class=\"wp-image-3971\" src=\"https:\/\/www.evento.love\/blog\/wp-content\/uploads\/2019\/01\/figura-tarta-boda-novios-con-bebe-21cm.jpg\" alt=\"\" width=\"476\" height=\"477\" srcset=\"https:\/\/www.evento.love\/blog\/wp-content\/uploads\/2019\/01\/figura-tarta-boda-novios-con-bebe-21cm.jpg 800w, https:\/\/www.evento.love\/blog\/wp-content\/uploads\/2019\/01\/figura-tarta-boda-novios-con-bebe-21cm-150x150.jpg 150w, https:\/\/www.evento.love\/blog\/wp-content\/uploads\/2019\/01\/figura-tarta-boda-novios-con-bebe-21cm-300x300.jpg 300w, https:\/\/www.evento.love\/blog\/wp-content\/uploads\/2019\/01\/figura-tarta-boda-novios-con-bebe-21cm-768x768.jpg 768w, https:\/\/www.evento.love\/blog\/wp-content\/uploads\/2019\/01\/figura-tarta-boda-novios-con-bebe-21cm-270x270.jpg 270w\" sizes=\"(max-width: 476px) 100vw, 476px\" \/><\/a><figcaption id=\"caption-attachment-3971\" class=\"wp-caption-text\"><a href=\"https:\/\/www.evento.love\/tienda\/detalles-y-regalos\/boda\/figura-tarta-boda-novios-con-bebe-21cm\" target=\"_blank\" rel=\"noopener noreferrer\">Novios con beb\u00e9<\/a><\/figcaption><\/figure>\n<h3>Representados por vuestros hobbies<\/h3>\n<p>\u00bfAl futuro novio le gusta el f\u00fatbol o los videojuegos? Entonces no lo dud\u00e9is y optad por una figura graciosa que a\u00f1ada estos hobbies a un d\u00eda tan especial como el de vuestra boda. Estas son las dos figuras nuevas que tenemos en nuestro cat\u00e1logo 2019. \u00a1Son geniales!<\/p>\n<p>&nbsp;<\/p>\n<figure id=\"attachment_3970\" aria-describedby=\"caption-attachment-3970\" style=\"width: 491px\" class=\"wp-caption aligncenter\"><a href=\"https:\/\/www.evento.love\/tienda\/detalles-y-regalos\/boda\/figura-tarta-boda-futbol-21cm\"><img decoding=\"async\" loading=\"lazy\" class=\"wp-image-3970\" src=\"https:\/\/www.evento.love\/blog\/wp-content\/uploads\/2019\/01\/figura-tarta-boda-futbol-21cm.jpg\" alt=\"\" width=\"491\" height=\"491\" srcset=\"https:\/\/www.evento.love\/blog\/wp-content\/uploads\/2019\/01\/figura-tarta-boda-futbol-21cm.jpg 800w, https:\/\/www.evento.love\/blog\/wp-content\/uploads\/2019\/01\/figura-tarta-boda-futbol-21cm-150x150.jpg 150w, https:\/\/www.evento.love\/blog\/wp-content\/uploads\/2019\/01\/figura-tarta-boda-futbol-21cm-300x300.jpg 300w, https:\/\/www.evento.love\/blog\/wp-content\/uploads\/2019\/01\/figura-tarta-boda-futbol-21cm-768x768.jpg 768w, https:\/\/www.evento.love\/blog\/wp-content\/uploads\/2019\/01\/figura-tarta-boda-futbol-21cm-270x270.jpg 270w\" sizes=\"(max-width: 491px) 100vw, 491px\" \/><\/a><figcaption id=\"caption-attachment-3970\" class=\"wp-caption-text\"><a href=\"https:\/\/www.evento.love\/tienda\/detalles-y-regalos\/boda\/figura-tarta-boda-futbol-21cm\" target=\"_blank\" rel=\"noopener noreferrer\">Novio jugando al f\u00fatbol<\/a><\/figcaption><\/figure>\n<figure id=\"attachment_3977\" aria-describedby=\"caption-attachment-3977\" style=\"width: 494px\" class=\"wp-caption aligncenter\"><a href=\"https:\/\/www.evento.love\/tienda\/detalles-y-regalos\/boda\/figura-tarta-boda-videojuegos-21cm\"><img decoding=\"async\" loading=\"lazy\" class=\"wp-image-3977\" src=\"https:\/\/www.evento.love\/blog\/wp-content\/uploads\/2019\/01\/figura-tarta-boda-videojuegos-21cm.jpg\" alt=\"\" width=\"494\" height=\"494\" srcset=\"https:\/\/www.evento.love\/blog\/wp-content\/uploads\/2019\/01\/figura-tarta-boda-videojuegos-21cm.jpg 800w, https:\/\/www.evento.love\/blog\/wp-content\/uploads\/2019\/01\/figura-tarta-boda-videojuegos-21cm-150x150.jpg 150w, https:\/\/www.evento.love\/blog\/wp-content\/uploads\/2019\/01\/figura-tarta-boda-videojuegos-21cm-300x300.jpg 300w, https:\/\/www.evento.love\/blog\/wp-content\/uploads\/2019\/01\/figura-tarta-boda-videojuegos-21cm-768x768.jpg 768w, https:\/\/www.evento.love\/blog\/wp-content\/uploads\/2019\/01\/figura-tarta-boda-videojuegos-21cm-270x270.jpg 270w\" sizes=\"(max-width: 494px) 100vw, 494px\" \/><\/a><figcaption id=\"caption-attachment-3977\" class=\"wp-caption-text\"><a href=\"https:\/\/www.evento.love\/tienda\/detalles-y-regalos\/boda\/figura-tarta-boda-videojuegos-21cm\" target=\"_blank\" rel=\"noopener noreferrer\">Novio jugando a videojuegos<\/a><\/figcaption><\/figure>\n<h3>Figuras de tarta de boda con un toque divertido<\/h3>\n<p>Si est\u00e1s pensando en salirte de lo cl\u00e1sico y a\u00f1adir un toque divertido como en las figuras anteriores, te recomendamos estos modelos con detalles originales. Los novios con un photocall y la novia &#8220;arrastrando&#8221; al novio de la corbata.<\/p>\n<figure id=\"attachment_3975\" aria-describedby=\"caption-attachment-3975\" style=\"width: 484px\" class=\"wp-caption aligncenter\"><a href=\"https:\/\/www.evento.love\/tienda\/detalles-y-regalos\/boda\/figura-para-tarta-de-boda-novios-con-fotocall\"><img decoding=\"async\" loading=\"lazy\" class=\"wp-image-3975\" src=\"https:\/\/www.evento.love\/blog\/wp-content\/uploads\/2019\/01\/figura-para-tarta-de-boda-novios-con-fotocall.jpg\" alt=\"\" width=\"484\" height=\"484\" srcset=\"https:\/\/www.evento.love\/blog\/wp-content\/uploads\/2019\/01\/figura-para-tarta-de-boda-novios-con-fotocall.jpg 800w, https:\/\/www.evento.love\/blog\/wp-content\/uploads\/2019\/01\/figura-para-tarta-de-boda-novios-con-fotocall-150x150.jpg 150w, https:\/\/www.evento.love\/blog\/wp-content\/uploads\/2019\/01\/figura-para-tarta-de-boda-novios-con-fotocall-300x300.jpg 300w, https:\/\/www.evento.love\/blog\/wp-content\/uploads\/2019\/01\/figura-para-tarta-de-boda-novios-con-fotocall-768x768.jpg 768w, https:\/\/www.evento.love\/blog\/wp-content\/uploads\/2019\/01\/figura-para-tarta-de-boda-novios-con-fotocall-270x270.jpg 270w\" sizes=\"(max-width: 484px) 100vw, 484px\" \/><\/a><figcaption id=\"caption-attachment-3975\" class=\"wp-caption-text\"><a href=\"https:\/\/www.evento.love\/tienda\/detalles-y-regalos\/boda\/figura-para-tarta-de-boda-novios-con-fotocall\" target=\"_blank\" rel=\"noopener noreferrer\">Novios photocall<\/a><\/figcaption><\/figure>\n<figure id=\"attachment_3972\" aria-describedby=\"caption-attachment-3972\" style=\"width: 485px\" class=\"wp-caption aligncenter\"><a href=\"https:\/\/www.evento.love\/tienda\/detalles-y-regalos\/boda\/figura-para-tarta-nupcial-corbata-19cm\"><img decoding=\"async\" loading=\"lazy\" class=\"wp-image-3972\" src=\"https:\/\/www.evento.love\/blog\/wp-content\/uploads\/2019\/01\/figura-para-tarta-nupcial-corbata-19cm.jpg\" alt=\"\" width=\"485\" height=\"485\" srcset=\"https:\/\/www.evento.love\/blog\/wp-content\/uploads\/2019\/01\/figura-para-tarta-nupcial-corbata-19cm.jpg 800w, https:\/\/www.evento.love\/blog\/wp-content\/uploads\/2019\/01\/figura-para-tarta-nupcial-corbata-19cm-150x150.jpg 150w, https:\/\/www.evento.love\/blog\/wp-content\/uploads\/2019\/01\/figura-para-tarta-nupcial-corbata-19cm-300x300.jpg 300w, https:\/\/www.evento.love\/blog\/wp-content\/uploads\/2019\/01\/figura-para-tarta-nupcial-corbata-19cm-768x768.jpg 768w, https:\/\/www.evento.love\/blog\/wp-content\/uploads\/2019\/01\/figura-para-tarta-nupcial-corbata-19cm-270x270.jpg 270w\" sizes=\"(max-width: 485px) 100vw, 485px\" \/><\/a><figcaption id=\"caption-attachment-3972\" class=\"wp-caption-text\"><a href=\"https:\/\/www.evento.love\/tienda\/detalles-y-regalos\/boda\/figura-para-tarta-nupcial-corbata-19cm\" target=\"_blank\" rel=\"noopener noreferrer\">Novios corbata<\/a><\/figcaption><\/figure>\n<p>\u00bfQuieres que dise\u00f1emos tu tarta de boda y te ayudemos a encontrar la figura perfecta? Escr\u00edbenos a <a href=\"mailto:hola@evento.love\" target=\"_blank\" rel=\"noopener noreferrer\">hola@evento.love<\/a> y daremos forma a tu idea. \/\u00a0Do you want us to design your wedding cake and help you find the perfect figure? Write us to <a href=\"mailto:hola@evento.love\" target=\"_blank\" rel=\"noopener noreferrer\">hola@evento.love<\/a>.<\/p>\n    <div class=\"related-post grid\">\r\n                <div class=\"headline\">M\u00e1s art\u00edculos a tener en cuenta<\/div>\r\n        <div class=\"post-list \">\r\n\r\n                        <div class=\"item\">\r\n                        <div class=\"thumb post_thumb\">\r\n        <a  title=\"C\u00f3mo inmortalizar tu baby shower\" href=\"https:\/\/www.evento.love\/blog\/inmortalizar-baby-shower-madrid\/\">\r\n\r\n            <img width=\"150\" height=\"150\" src=\"https:\/\/www.evento.love\/blog\/wp-content\/uploads\/2016\/09\/16_06_30_C\u00f3mo-inmortalizar-tu-baby-shower-150x150.jpg\" class=\"attachment-thumbnail size-thumbnail wp-post-image\" alt=\"\" decoding=\"async\" loading=\"lazy\" \/>\r\n\r\n        <\/a>\r\n    <\/div>\r\n\r\n    <a class=\"title post_title\"  title=\"C\u00f3mo inmortalizar tu baby shower\" href=\"https:\/\/www.evento.love\/blog\/inmortalizar-baby-shower-madrid\/\">\r\n                C\u00f3mo inmortalizar tu baby shower    <\/a>\r\n\r\n                <\/div>\r\n                            <div class=\"item\">\r\n                        <div class=\"thumb post_thumb\">\r\n        <a  title=\"C\u00f3mo crear un fotomat\u00f3n o photocall para tu fiesta\" href=\"https:\/\/www.evento.love\/blog\/crear-fotomaton-photocall-fiesta-madrid\/\">\r\n\r\n            <img width=\"150\" height=\"150\" src=\"https:\/\/www.evento.love\/blog\/wp-content\/uploads\/2016\/11\/C\u00d3MO-CREAR-UN-FOTOMAT\u00d3N-O-PHOTOCALL-PARA-TU-FIESTA-150x150.jpg\" class=\"attachment-thumbnail size-thumbnail wp-post-image\" alt=\"C\u00d3MO CREAR UN FOTOMAT\u00d3N O PHOTOCALL PARA TU FIESTA\" decoding=\"async\" loading=\"lazy\" \/>\r\n\r\n        <\/a>\r\n    <\/div>\r\n\r\n    <a class=\"title post_title\"  title=\"C\u00f3mo crear un fotomat\u00f3n o photocall para tu fiesta\" href=\"https:\/\/www.evento.love\/blog\/crear-fotomaton-photocall-fiesta-madrid\/\">\r\n                C\u00f3mo crear un fotomat\u00f3n o photocall para tu fiesta    <\/a>\r\n\r\n                <\/div>\r\n                            <div class=\"item\">\r\n                        <div class=\"thumb post_thumb\">\r\n        <a  title=\"8 ideas para utilizar pizarras en tu fiesta\" href=\"https:\/\/www.evento.love\/blog\/8-ideas-para-utilizar-pizarras-en-tu-fiesta-madrid\/\">\r\n\r\n            <img width=\"150\" height=\"150\" src=\"https:\/\/www.evento.love\/blog\/wp-content\/uploads\/2017\/04\/17_03_18-150x150.jpg\" class=\"attachment-thumbnail size-thumbnail wp-post-image\" alt=\"8 ideas para utilizar pizarras en tu fiesta\" decoding=\"async\" loading=\"lazy\" \/>\r\n\r\n        <\/a>\r\n    <\/div>\r\n\r\n    <a class=\"title post_title\"  title=\"8 ideas para utilizar pizarras en tu fiesta\" href=\"https:\/\/www.evento.love\/blog\/8-ideas-para-utilizar-pizarras-en-tu-fiesta-madrid\/\">\r\n                8 ideas para utilizar pizarras en tu fiesta    <\/a>\r\n\r\n                <\/div>\r\n                            <div class=\"item\">\r\n                        <div class=\"thumb post_thumb\">\r\n        <a  title=\"5+1 ideas imprescindibles para dar un toque especial a tu boda\" href=\"https:\/\/www.evento.love\/blog\/ideas-imprescindibles-tu-boda-madrid\/\">\r\n\r\n            <img width=\"150\" height=\"150\" src=\"https:\/\/www.evento.love\/blog\/wp-content\/uploads\/2017\/04\/17_04_01-150x150.jpg\" class=\"attachment-thumbnail size-thumbnail wp-post-image\" alt=\"Ideas para tu boda organizaci\u00f3n eventos madrid\" decoding=\"async\" loading=\"lazy\" \/>\r\n\r\n        <\/a>\r\n    <\/div>\r\n\r\n    <a class=\"title post_title\"  title=\"5+1 ideas imprescindibles para dar un toque especial a tu boda\" href=\"https:\/\/www.evento.love\/blog\/ideas-imprescindibles-tu-boda-madrid\/\">\r\n                5+1 ideas imprescindibles para dar un toque especial a tu boda    <\/a>\r\n\r\n                <\/div>\r\n            \r\n    <\/div>\r\n\r\n    <script>\r\n            <\/script>\r\n    <style>\r\n        .related-post {}\r\n\r\n        .related-post .post-list {\r\n            text-align: left;\r\n                    }\r\n\r\n        .related-post .post-list .item {\r\n            margin: 5px 10px;\r\n            padding: 0px;\r\n                    }\r\n\r\n        .related-post .headline {\r\n            font-size: 24px !important;\r\n            color: #000000 !important;\r\n                    }\r\n\r\n        .related-post .headline{\r\nfont-weight:400 !important;\r\ntext-transform: uppercase;\r\n}.related-post .post-list .item .post_thumb {\r\n            max-height: 180px;\r\n            margin: 10px 0px;\r\n            padding: 0px;\r\n            display: block;\r\n                    }\r\n\r\n        .related-post .post-list .item .post_title {\r\n            font-size: 12px;\r\n            color: #607d8b;\r\n            margin: 10px 0px;\r\n            padding: 0px;\r\n            display: block;\r\n            text-decoration: none;\r\n                    }\r\n\r\n        .related-post .post-list .item .post_excerpt {\r\n            font-size: 13px;\r\n            color: #3f3f3f;\r\n            margin: 10px 0px;\r\n            padding: 0px;\r\n            display: block;\r\n            text-decoration: none;\r\n                    }\r\n\r\n        @media only screen and (min-width: 1024px) {\r\n            .related-post .post-list .item {\r\n                width: 22%;\r\n            }\r\n        }\r\n\r\n        @media only screen and (min-width: 768px) and (max-width: 1023px) {\r\n            .related-post .post-list .item {\r\n                width: 90%;\r\n            }\r\n        }\r\n\r\n        @media only screen and (min-width: 0px) and (max-width: 767px) {\r\n            .related-post .post-list .item {\r\n                width: 30%;\r\n            }\r\n        }\r\n\r\n            <\/style>\r\n        <\/div>\r\n<!-- AddThis Advanced Settings generic via filter on the_content --><!-- AddThis Share Buttons generic via filter on the_content -->","protected":false},"excerpt":{"rendered":"<p>Todos los que nos segu\u00eds en redes sociales y el blog, sab\u00e9is que las mesas dulces y las tartas son una de nuestras pasiones. Contamos con un obrador que las dise\u00f1a de manera completamente artesanal y que crea obras de arte de reposter\u00eda. \u00a1La creatividad no tiene l\u00edmites! M\u00e1s art\u00edculos a tener en cuenta Baby Shower, mucho m\u00e1s que un evento social 12 consejos para un Baby Shower perfecto Cu\u00e1ndo hacer el Baby Shower \u00bfQui\u00e9n debe organizar el Baby Shower?<!-- AddThis Advanced Settings generic via filter on get_the_excerpt --><!-- AddThis Share Buttons generic via filter on get_the_excerpt --><\/p>\n    <div class=\"related-post grid\">\r\n                <div class=\"headline\">M\u00e1s art\u00edculos a tener en cuenta<\/div>\r\n        <div class=\"post-list \">\r\n\r\n                        <div class=\"item\">\r\n                        <div class=\"thumb post_thumb\">\r\n        <a  title=\"Baby Shower, mucho m\u00e1s que un evento social\" href=\"https:\/\/www.evento.love\/blog\/baby-shower-evento-social-madrid\/\">\r\n\r\n            <img width=\"150\" height=\"150\" src=\"https:\/\/www.evento.love\/blog\/wp-content\/uploads\/2016\/07\/babyshower-150x150.jpg\" class=\"attachment-thumbnail size-thumbnail wp-post-image\" alt=\"baby shower-fiesta-beb\u00e9-embarazo-embarazada\" decoding=\"async\" loading=\"lazy\" \/>\r\n\r\n        <\/a>\r\n    <\/div>\r\n\r\n    <a class=\"title post_title\"  title=\"Baby Shower, mucho m\u00e1s que un evento social\" href=\"https:\/\/www.evento.love\/blog\/baby-shower-evento-social-madrid\/\">\r\n                Baby Shower, mucho m\u00e1s que un evento social    <\/a>\r\n\r\n                <\/div>\r\n                            <div class=\"item\">\r\n                        <div class=\"thumb post_thumb\">\r\n        <a  title=\"12 consejos para un Baby Shower perfecto\" href=\"https:\/\/www.evento.love\/blog\/12-consejos-baby-shower-perfecto-madrid\/\">\r\n\r\n            <img width=\"150\" height=\"150\" src=\"https:\/\/www.evento.love\/blog\/wp-content\/uploads\/2016\/09\/16_05_20_12_consejos-para-que-tu-Baby-Shower-sea-perfecto-150x150.jpg\" class=\"attachment-thumbnail size-thumbnail wp-post-image\" alt=\"Baby Shower-perfecto-beb\u00e9-embarazado-embarazada-fiesta-babyshower\" decoding=\"async\" loading=\"lazy\" \/>\r\n\r\n        <\/a>\r\n    <\/div>\r\n\r\n    <a class=\"title post_title\"  title=\"12 consejos para un Baby Shower perfecto\" href=\"https:\/\/www.evento.love\/blog\/12-consejos-baby-shower-perfecto-madrid\/\">\r\n                12 consejos para un Baby Shower perfecto    <\/a>\r\n\r\n                <\/div>\r\n                            <div class=\"item\">\r\n                        <div class=\"thumb post_thumb\">\r\n        <a  title=\"Cu\u00e1ndo hacer el Baby Shower\" href=\"https:\/\/www.evento.love\/blog\/cuando-hacer-el-baby-shower-madrid\/\">\r\n\r\n            <img width=\"150\" height=\"150\" src=\"https:\/\/www.evento.love\/blog\/wp-content\/uploads\/2016\/09\/16_05_23_Cuando-hacer-el-Baby-Shower-150x150.jpg\" class=\"attachment-thumbnail size-thumbnail wp-post-image\" alt=\"Cu\u00e1ndo hacer el baby shower beb\u00e9 embarazo fiesta en Madrid\" decoding=\"async\" loading=\"lazy\" \/>\r\n\r\n        <\/a>\r\n    <\/div>\r\n\r\n    <a class=\"title post_title\"  title=\"Cu\u00e1ndo hacer el Baby Shower\" href=\"https:\/\/www.evento.love\/blog\/cuando-hacer-el-baby-shower-madrid\/\">\r\n                Cu\u00e1ndo hacer el Baby Shower    <\/a>\r\n\r\n                <\/div>\r\n                            <div class=\"item\">\r\n                        <div class=\"thumb post_thumb\">\r\n        <a  title=\"Baby Shower: Elaborando la lista de invitados\" href=\"https:\/\/www.evento.love\/blog\/baby-shower-lista-invitados-madrid\/\">\r\n\r\n            <img width=\"150\" height=\"150\" src=\"https:\/\/www.evento.love\/blog\/wp-content\/uploads\/2016\/09\/16_05_30_Baby-Shower-elaborando-la-lista-de-invitados-150x150.jpg\" class=\"attachment-thumbnail size-thumbnail wp-post-image\" alt=\"\" decoding=\"async\" loading=\"lazy\" \/>\r\n\r\n        <\/a>\r\n    <\/div>\r\n\r\n    <a class=\"title post_title\"  title=\"Baby Shower: Elaborando la lista de invitados\" href=\"https:\/\/www.evento.love\/blog\/baby-shower-lista-invitados-madrid\/\">\r\n                Baby Shower: Elaborando la lista de invitados    <\/a>\r\n\r\n                <\/div>\r\n            \r\n    <\/div>\r\n\r\n    <script>\r\n            <\/script>\r\n    <style>\r\n        .related-post {}\r\n\r\n        .related-post .post-list {\r\n            text-align: left;\r\n                    }\r\n\r\n        .related-post .post-list .item {\r\n            margin: 5px 10px;\r\n            padding: 0px;\r\n                    }\r\n\r\n        .related-post .headline {\r\n            font-size: 24px !important;\r\n            color: #000000 !important;\r\n                    }\r\n\r\n        .related-post .headline{\r\nfont-weight:400 !important;\r\ntext-transform: uppercase;\r\n}.related-post .post-list .item .post_thumb {\r\n            max-height: 180px;\r\n            margin: 10px 0px;\r\n            padding: 0px;\r\n            display: block;\r\n                    }\r\n\r\n        .related-post .post-list .item .post_title {\r\n            font-size: 12px;\r\n            color: #607d8b;\r\n            margin: 10px 0px;\r\n            padding: 0px;\r\n            display: block;\r\n            text-decoration: none;\r\n                    }\r\n\r\n        .related-post .post-list .item .post_excerpt {\r\n            font-size: 13px;\r\n            color: #3f3f3f;\r\n            margin: 10px 0px;\r\n            padding: 0px;\r\n            display: block;\r\n            text-decoration: none;\r\n                    }\r\n\r\n        @media only screen and (min-width: 1024px) {\r\n            .related-post .post-list .item {\r\n                width: 22%;\r\n            }\r\n        }\r\n\r\n        @media only screen and (min-width: 768px) and (max-width: 1023px) {\r\n            .related-post .post-list .item {\r\n                width: 90%;\r\n            }\r\n        }\r\n\r\n        @media only screen and (min-width: 0px) and (max-width: 767px) {\r\n            .related-post .post-list .item {\r\n                width: 30%;\r\n            }\r\n        }\r\n\r\n            <\/style>\r\n        <\/div>\r\n","protected":false},"author":1,"featured_media":3982,"comment_status":"closed","ping_status":"open","sticky":false,"template":"","format":"standard","meta":{"content-type":""},"categories":[756],"tags":[1225,752,934,878,776,889,1227,930,1226,888],"yoast_head":"<!-- This site is optimized with the Yoast SEO plugin v20.7 - https:\/\/yoast.com\/wordpress\/plugins\/seo\/ -->\n<title>7 figuras para tu tarta de boda - Blog de Evento.love<\/title>\n<meta name=\"description\" content=\"Las mejores y m\u00e1s divertidas figuras para tu tarta de boda, que ser\u00e1n la guinda perfecta para tu bonita y deliciosa tarta de boda.\" \/>\n<meta name=\"robots\" content=\"index, follow, max-snippet:-1, max-image-preview:large, max-video-preview:-1\" \/>\n<meta property=\"og:locale\" content=\"es_ES\" \/>\n<meta property=\"og:type\" content=\"article\" \/>\n<meta property=\"og:title\" content=\"7 figuras para tu tarta de boda - Blog de Evento.love\" \/>\n<meta property=\"og:description\" content=\"Las mejores y m\u00e1s divertidas figuras para tu tarta de boda, que ser\u00e1n la guinda perfecta para tu bonita y deliciosa tarta de boda.\" \/>\n<meta property=\"og:url\" content=\"https:\/\/www.evento.love\/blog\/7-figuras-para-tu-tarta-de-boda-de-las-que-te-vas-a-enamorar\/\" \/>\n<meta property=\"og:site_name\" content=\"El Blog de evento.love\" \/>\n<meta property=\"article:publisher\" content=\"https:\/\/www.facebook.com\/Evento.love\/\" \/>\n<meta property=\"article:published_time\" content=\"2019-02-08T10:00:38+00:00\" \/>\n<meta property=\"article:modified_time\" content=\"2019-07-18T22:17:47+00:00\" \/>\n<meta property=\"og:image\" content=\"https:\/\/www.evento.love\/blog\/wp-content\/uploads\/2019\/01\/figura-tarta-boda.jpg\" \/>\n\t<meta property=\"og:image:width\" content=\"850\" \/>\n\t<meta property=\"og:image:height\" content=\"580\" \/>\n\t<meta property=\"og:image:type\" content=\"image\/jpeg\" \/>\n<meta name=\"author\" content=\"Evento Love\" \/>\n<meta name=\"twitter:card\" content=\"summary_large_image\" \/>\n<meta name=\"twitter:creator\" content=\"@Evento_love\" \/>\n<meta name=\"twitter:site\" content=\"@Evento_love\" \/>\n<meta name=\"twitter:label1\" content=\"Escrito por\" \/>\n\t<meta name=\"twitter:data1\" content=\"Evento Love\" \/>\n\t<meta name=\"twitter:label2\" content=\"Tiempo de lectura\" \/>\n\t<meta name=\"twitter:data2\" content=\"3 minutos\" \/>\n<!-- \/ Yoast SEO plugin. -->","yoast_head_json":{"title":"7 figuras para tu tarta de boda - Blog de Evento.love","description":"Las mejores y m\u00e1s divertidas figuras para tu tarta de boda, que ser\u00e1n la guinda perfecta para tu bonita y deliciosa tarta de boda.","robots":{"index":"index","follow":"follow","max-snippet":"max-snippet:-1","max-image-preview":"max-image-preview:large","max-video-preview":"max-video-preview:-1"},"og_locale":"es_ES","og_type":"article","og_title":"7 figuras para tu tarta de boda - Blog de Evento.love","og_description":"Las mejores y m\u00e1s divertidas figuras para tu tarta de boda, que ser\u00e1n la guinda perfecta para tu bonita y deliciosa tarta de boda.","og_url":"https:\/\/www.evento.love\/blog\/7-figuras-para-tu-tarta-de-boda-de-las-que-te-vas-a-enamorar\/","og_site_name":"El Blog de evento.love","article_publisher":"https:\/\/www.facebook.com\/Evento.love\/","article_published_time":"2019-02-08T10:00:38+00:00","article_modified_time":"2019-07-18T22:17:47+00:00","og_image":[{"width":850,"height":580,"url":"https:\/\/www.evento.love\/blog\/wp-content\/uploads\/2019\/01\/figura-tarta-boda.jpg","type":"image\/jpeg"}],"author":"Evento Love","twitter_card":"summary_large_image","twitter_creator":"@Evento_love","twitter_site":"@Evento_love","twitter_misc":{"Escrito por":"Evento Love","Tiempo de lectura":"3 minutos"},"schema":{"@context":"https:\/\/schema.org","@graph":[{"@type":"Article","@id":"https:\/\/www.evento.love\/blog\/7-figuras-para-tu-tarta-de-boda-de-las-que-te-vas-a-enamorar\/#article","isPartOf":{"@id":"https:\/\/www.evento.love\/blog\/7-figuras-para-tu-tarta-de-boda-de-las-que-te-vas-a-enamorar\/"},"author":{"name":"Evento Love","@id":"https:\/\/www.evento.love\/blog\/#\/schema\/person\/a184c2ed424b7fb3006372ce8051542c"},"headline":"7 figuras para tu tarta de boda de las que te vas a enamorar","datePublished":"2019-02-08T10:00:38+00:00","dateModified":"2019-07-18T22:17:47+00:00","mainEntityOfPage":{"@id":"https:\/\/www.evento.love\/blog\/7-figuras-para-tu-tarta-de-boda-de-las-que-te-vas-a-enamorar\/"},"wordCount":561,"publisher":{"@id":"https:\/\/www.evento.love\/blog\/#organization"},"keywords":["5 figuras para tu tarta de boda","bodas","decoraci\u00f3n de bodas","figuras para tarta","novios","organizaci\u00f3n de bodas","pastel de bodas","tarta de boda","tarta nupcial","wedding planner"],"articleSection":["Bodas"],"inLanguage":"es"},{"@type":"WebPage","@id":"https:\/\/www.evento.love\/blog\/7-figuras-para-tu-tarta-de-boda-de-las-que-te-vas-a-enamorar\/","url":"https:\/\/www.evento.love\/blog\/7-figuras-para-tu-tarta-de-boda-de-las-que-te-vas-a-enamorar\/","name":"7 figuras para tu tarta de boda - Blog de Evento.love","isPartOf":{"@id":"https:\/\/www.evento.love\/blog\/#website"},"datePublished":"2019-02-08T10:00:38+00:00","dateModified":"2019-07-18T22:17:47+00:00","description":"Las mejores y m\u00e1s divertidas figuras para tu tarta de boda, que ser\u00e1n la guinda perfecta para tu bonita y deliciosa tarta de boda.","breadcrumb":{"@id":"https:\/\/www.evento.love\/blog\/7-figuras-para-tu-tarta-de-boda-de-las-que-te-vas-a-enamorar\/#breadcrumb"},"inLanguage":"es","potentialAction":[{"@type":"ReadAction","target":["https:\/\/www.evento.love\/blog\/7-figuras-para-tu-tarta-de-boda-de-las-que-te-vas-a-enamorar\/"]}]},{"@type":"BreadcrumbList","@id":"https:\/\/www.evento.love\/blog\/7-figuras-para-tu-tarta-de-boda-de-las-que-te-vas-a-enamorar\/#breadcrumb","itemListElement":[{"@type":"ListItem","position":1,"name":"Evento.love","item":"https:\/\/www.evento.love\/blog\/"},{"@type":"ListItem","position":2,"name":"Bodas","item":"https:\/\/www.evento.love\/blog\/category\/bodas\/"},{"@type":"ListItem","position":3,"name":"7 figuras para tu tarta de boda de las que te vas a enamorar"}]},{"@type":"WebSite","@id":"https:\/\/www.evento.love\/blog\/#website","url":"https:\/\/www.evento.love\/blog\/","name":"El Blog de evento.love","description":"T\u00fa lo mereces. Disfruta de tu momento","publisher":{"@id":"https:\/\/www.evento.love\/blog\/#organization"},"potentialAction":[{"@type":"SearchAction","target":{"@type":"EntryPoint","urlTemplate":"https:\/\/www.evento.love\/blog\/?s={search_term_string}"},"query-input":"required name=search_term_string"}],"inLanguage":"es"},{"@type":"Organization","@id":"https:\/\/www.evento.love\/blog\/#organization","name":"evento.love","url":"https:\/\/www.evento.love\/blog\/","logo":{"@type":"ImageObject","inLanguage":"es","@id":"https:\/\/www.evento.love\/blog\/#\/schema\/logo\/image\/","url":"https:\/\/www.evento.love\/blog\/wp-content\/uploads\/2016\/07\/logo-evento-love.png","contentUrl":"https:\/\/www.evento.love\/blog\/wp-content\/uploads\/2016\/07\/logo-evento-love.png","width":197,"height":59,"caption":"evento.love"},"image":{"@id":"https:\/\/www.evento.love\/blog\/#\/schema\/logo\/image\/"},"sameAs":["https:\/\/www.facebook.com\/Evento.love\/","https:\/\/twitter.com\/Evento_love","https:\/\/www.instagram.com\/evento.love\/","https:\/\/es.pinterest.com\/evento_love\/","https:\/\/www.youtube.com\/channel\/UCcVbo6ymzx-7FlDJja8aQnw"]},{"@type":"Person","@id":"https:\/\/www.evento.love\/blog\/#\/schema\/person\/a184c2ed424b7fb3006372ce8051542c","name":"Evento Love"}]}},"_links":{"self":[{"href":"https:\/\/www.evento.love\/blog\/wp-json\/wp\/v2\/posts\/3969"}],"collection":[{"href":"https:\/\/www.evento.love\/blog\/wp-json\/wp\/v2\/posts"}],"about":[{"href":"https:\/\/www.evento.love\/blog\/wp-json\/wp\/v2\/types\/post"}],"author":[{"embeddable":true,"href":"https:\/\/www.evento.love\/blog\/wp-json\/wp\/v2\/users\/1"}],"replies":[{"embeddable":true,"href":"https:\/\/www.evento.love\/blog\/wp-json\/wp\/v2\/comments?post=3969"}],"version-history":[{"count":9,"href":"https:\/\/www.evento.love\/blog\/wp-json\/wp\/v2\/posts\/3969\/revisions"}],"predecessor-version":[{"id":4892,"href":"https:\/\/www.evento.love\/blog\/wp-json\/wp\/v2\/posts\/3969\/revisions\/4892"}],"wp:featuredmedia":[{"embeddable":true,"href":"https:\/\/www.evento.love\/blog\/wp-json\/wp\/v2\/media\/3982"}],"wp:attachment":[{"href":"https:\/\/www.evento.love\/blog\/wp-json\/wp\/v2\/media?parent=3969"}],"wp:term":[{"taxonomy":"category","embeddable":true,"href":"https:\/\/www.evento.love\/blog\/wp-json\/wp\/v2\/categories?post=3969"},{"taxonomy":"post_tag","embeddable":true,"href":"https:\/\/www.evento.love\/blog\/wp-json\/wp\/v2\/tags?post=3969"}],"curies":[{"name":"wp","href":"https:\/\/api.w.org\/{rel}","templated":true}]}}