{"id":4000,"date":"2019-02-01T11:00:03","date_gmt":"2019-02-01T09:00:03","guid":{"rendered":"https:\/\/www.evento.love\/blog\/?p=4000"},"modified":"2019-07-19T00:17:48","modified_gmt":"2019-07-18T22:17:48","slug":"5-tendencias-en-decoracion-de-mesas-de-boda","status":"publish","type":"post","link":"https:\/\/www.evento.love\/blog\/5-tendencias-en-decoracion-de-mesas-de-boda\/","title":{"rendered":"5 tendencias en decoraci\u00f3n de mesas de boda"},"content":{"rendered":"<p>Si est\u00e1is inmersos en la <a href=\"https:\/\/www.evento.love\/bodas\/index.html\" target=\"_blank\" rel=\"noopener noreferrer\">organizaci\u00f3n de la boda<\/a>, os habr\u00e9is dado cuenta que gran parte de la decoraci\u00f3n ser\u00e1 la que adorne vuestro banquete de boda. Para ayudaros a escoger la decoraci\u00f3n que m\u00e1s se adapte a vuestro estilo, os traemos 5 tendencias de decoraci\u00f3n de mesas de boda que est\u00e1n pisando fuerte esta temporada.<!--more--><\/p>\n<p>Lo primero que deb\u00e9is hacer para escoger la decoraci\u00f3n de mesas de vuestra boda es ser conscientes del <a href=\"https:\/\/www.evento.love\/tienda\/espacios\" target=\"_blank\" rel=\"noopener noreferrer\">espacio<\/a>, del <a href=\"https:\/\/www.evento.love\/blog\/tipos-de-mesas-de-boda-con-cual-te-quedas\/\" target=\"_blank\" rel=\"noopener noreferrer\">tipo de mesa disponibles<\/a> y de las posibilidades que ofrece. Y lo m\u00e1s importante, abrir la mente y buscar inspiraci\u00f3n all\u00e1 donde vayamos.<\/p>\n<p>Estas son las 5 tendencias en decoraci\u00f3n de mesas de boda que no te puedes perder si est\u00e1s organizando la tuya. \u00a1Coge papel y boli!<\/p>\n<h3>Vajilla estampada<\/h3>\n<p>El color se lleva y mucho. No hay m\u00e1s que ver el color del a\u00f1o 2019 seg\u00fan Pantone, del que os habl\u00e1bamos en <a href=\"https:\/\/www.evento.love\/blog\/el-color-del-2019-segun-pantone\/\" target=\"_blank\" rel=\"noopener noreferrer\">este post<\/a>. Y adem\u00e1s del color, son tendencia los estampados frente a las vajillas lisas. Casa de Perrin nos propone esta preciosa composici\u00f3n en el color de moda, Living Coral, con unos platos estampados ideales.<\/p>\n<p><img decoding=\"async\" loading=\"lazy\" class=\"wp-image-4005 aligncenter\" src=\"https:\/\/www.evento.love\/blog\/wp-content\/uploads\/2019\/01\/tendencias-decoracion-mesas-boda-1.jpg\" alt=\"\" width=\"593\" height=\"593\" srcset=\"https:\/\/www.evento.love\/blog\/wp-content\/uploads\/2019\/01\/tendencias-decoracion-mesas-boda-1.jpg 850w, https:\/\/www.evento.love\/blog\/wp-content\/uploads\/2019\/01\/tendencias-decoracion-mesas-boda-1-150x150.jpg 150w, https:\/\/www.evento.love\/blog\/wp-content\/uploads\/2019\/01\/tendencias-decoracion-mesas-boda-1-300x300.jpg 300w, https:\/\/www.evento.love\/blog\/wp-content\/uploads\/2019\/01\/tendencias-decoracion-mesas-boda-1-768x768.jpg 768w, https:\/\/www.evento.love\/blog\/wp-content\/uploads\/2019\/01\/tendencias-decoracion-mesas-boda-1-270x270.jpg 270w\" sizes=\"(max-width: 593px) 100vw, 593px\" \/><\/p>\n<p>Casa de Perrin<\/p>\n<h3>Cuberter\u00eda dorada<\/h3>\n<p>El dorado ha adquirido mucho protagonismo en lo que se refiere a mesas de boda, y fundamentalmente en cuberter\u00eda. Lo cierto es que si a cualquier mesa le a\u00f1adimos una cuberter\u00eda dorada, se ilumina de inmediato. Es un toque muy glamuroso que combina bien con la mayor\u00eda de menaje de mesa.<\/p>\n<figure id=\"attachment_4006\" aria-describedby=\"caption-attachment-4006\" style=\"width: 608px\" class=\"wp-caption aligncenter\"><img decoding=\"async\" loading=\"lazy\" class=\"wp-image-4006\" src=\"https:\/\/www.evento.love\/blog\/wp-content\/uploads\/2019\/01\/tendencias-decoracion-mesas-bodaArtedeViePhotography.jpg\" alt=\"decoraci\u00f3n mesas boda\" width=\"608\" height=\"911\" srcset=\"https:\/\/www.evento.love\/blog\/wp-content\/uploads\/2019\/01\/tendencias-decoracion-mesas-bodaArtedeViePhotography.jpg 850w, https:\/\/www.evento.love\/blog\/wp-content\/uploads\/2019\/01\/tendencias-decoracion-mesas-bodaArtedeViePhotography-200x300.jpg 200w, https:\/\/www.evento.love\/blog\/wp-content\/uploads\/2019\/01\/tendencias-decoracion-mesas-bodaArtedeViePhotography-768x1150.jpg 768w, https:\/\/www.evento.love\/blog\/wp-content\/uploads\/2019\/01\/tendencias-decoracion-mesas-bodaArtedeViePhotography-684x1024.jpg 684w, https:\/\/www.evento.love\/blog\/wp-content\/uploads\/2019\/01\/tendencias-decoracion-mesas-bodaArtedeViePhotography-180x270.jpg 180w\" sizes=\"(max-width: 608px) 100vw, 608px\" \/><figcaption id=\"caption-attachment-4006\" class=\"wp-caption-text\">Fotograf\u00eda: Arte de Vie Photography<\/figcaption><\/figure>\n<h3>Cristaler\u00eda de colores<\/h3>\n<p>El color no solo se aplica a la vajilla, sino tambi\u00e9n a la cristaler\u00eda. Hay much\u00edsimas opciones en cuesti\u00f3n de cristaler\u00eda de colores y, si no puedes decidirte, quedar\u00e1 ideal mezclar diferentes copas en la mesa.<\/p>\n<figure id=\"attachment_4003\" aria-describedby=\"caption-attachment-4003\" style=\"width: 615px\" class=\"wp-caption aligncenter\"><img decoding=\"async\" loading=\"lazy\" class=\"wp-image-4003\" src=\"https:\/\/www.evento.love\/blog\/wp-content\/uploads\/2019\/01\/tendencias-decoracion-mesas-boda-2.jpg\" alt=\"decoraci\u00f3n mesas boda\" width=\"615\" height=\"535\" srcset=\"https:\/\/www.evento.love\/blog\/wp-content\/uploads\/2019\/01\/tendencias-decoracion-mesas-boda-2.jpg 850w, https:\/\/www.evento.love\/blog\/wp-content\/uploads\/2019\/01\/tendencias-decoracion-mesas-boda-2-300x261.jpg 300w, https:\/\/www.evento.love\/blog\/wp-content\/uploads\/2019\/01\/tendencias-decoracion-mesas-boda-2-768x668.jpg 768w, https:\/\/www.evento.love\/blog\/wp-content\/uploads\/2019\/01\/tendencias-decoracion-mesas-boda-2-311x270.jpg 311w\" sizes=\"(max-width: 615px) 100vw, 615px\" \/><figcaption id=\"caption-attachment-4003\" class=\"wp-caption-text\">Instagram Zara home<\/figcaption><\/figure>\n<h3>Detalle personalizado<\/h3>\n<p>A los invitados les gusta sentirse \u00fanicos. Por eso, es un gesto muy bonito colocar un detalle personalizado para cada invitado como, por ejemplo, su nombre con una tarjeta a juego con el resto de papeler\u00eda de la boda.<\/p>\n<figure id=\"attachment_4007\" aria-describedby=\"caption-attachment-4007\" style=\"width: 600px\" class=\"wp-caption aligncenter\"><img decoding=\"async\" loading=\"lazy\" class=\"size-full wp-image-4007\" src=\"https:\/\/www.evento.love\/blog\/wp-content\/uploads\/2019\/01\/tendencias-decoracion-mesas-boda-3.jpg\" alt=\"decoraci\u00f3n mesas boda\" width=\"600\" height=\"625\" srcset=\"https:\/\/www.evento.love\/blog\/wp-content\/uploads\/2019\/01\/tendencias-decoracion-mesas-boda-3.jpg 600w, https:\/\/www.evento.love\/blog\/wp-content\/uploads\/2019\/01\/tendencias-decoracion-mesas-boda-3-288x300.jpg 288w, https:\/\/www.evento.love\/blog\/wp-content\/uploads\/2019\/01\/tendencias-decoracion-mesas-boda-3-259x270.jpg 259w\" sizes=\"(max-width: 600px) 100vw, 600px\" \/><figcaption id=\"caption-attachment-4007\" class=\"wp-caption-text\">Pepapaper<\/figcaption><\/figure>\n<h3>Decorar con piezas de fruta<\/h3>\n<p>S\u00ed, como lo lees. A la deco floral tradicional de los centros de mesa, se une ahora la tendencia de colocar piezas de fruta que contribuyan a esa est\u00e9tica natural: uvas, granadas, ciruelas, pi\u00f1as&#8230; \u00bfQu\u00e9 os parece la idea?<\/p>\n<figure id=\"attachment_4004\" aria-describedby=\"caption-attachment-4004\" style=\"width: 622px\" class=\"wp-caption aligncenter\"><img decoding=\"async\" loading=\"lazy\" class=\"wp-image-4004\" src=\"https:\/\/www.evento.love\/blog\/wp-content\/uploads\/2019\/01\/tendencias-decoracion-mesas-boda.jpg\" alt=\"decoraci\u00f3n mesas boda\" width=\"622\" height=\"932\" srcset=\"https:\/\/www.evento.love\/blog\/wp-content\/uploads\/2019\/01\/tendencias-decoracion-mesas-boda.jpg 850w, https:\/\/www.evento.love\/blog\/wp-content\/uploads\/2019\/01\/tendencias-decoracion-mesas-boda-200x300.jpg 200w, https:\/\/www.evento.love\/blog\/wp-content\/uploads\/2019\/01\/tendencias-decoracion-mesas-boda-768x1151.jpg 768w, https:\/\/www.evento.love\/blog\/wp-content\/uploads\/2019\/01\/tendencias-decoracion-mesas-boda-683x1024.jpg 683w, https:\/\/www.evento.love\/blog\/wp-content\/uploads\/2019\/01\/tendencias-decoracion-mesas-boda-180x270.jpg 180w\" sizes=\"(max-width: 622px) 100vw, 622px\" \/><figcaption id=\"caption-attachment-4004\" class=\"wp-caption-text\">Foto: Rebecca Hollis \/ Dise\u00f1o floral: Red Wooster \/ Visto en Stylemepretty<\/figcaption><\/figure>\n<p>\u00bfTe ayudamos a <a href=\"https:\/\/www.evento.love\/bodas\/index.html\" target=\"_blank\" rel=\"noopener noreferrer\">organizar y dise\u00f1ar una decoraci\u00f3n<\/a> a medida para tu boda? Escr\u00edbenos a <a href=\"mailto:hola@evento.love\" target=\"_blank\" rel=\"noopener noreferrer\">hola@evento.love<\/a> y crearemos una decoraci\u00f3n de ensue\u00f1o para tu gran d\u00eda. \/\u00a0Do we help you <a href=\"https:\/\/www.evento.love\/bodas\/index.html\" target=\"_blank\" rel=\"noopener noreferrer\">organize and design a custom decoration<\/a> for your wedding? Write us to <a href=\"mailto:hola@evento.love\" target=\"_blank\" rel=\"noopener noreferrer\">hola@evento.love<\/a> and we will create a dreamy decoration for your big day.<\/p>\n    <div class=\"related-post grid\">\r\n                <div class=\"headline\">M\u00e1s art\u00edculos a tener en cuenta<\/div>\r\n        <div class=\"post-list \">\r\n\r\n                        <div class=\"item\">\r\n                        <div class=\"thumb post_thumb\">\r\n        <a  title=\"Baby Shower, mucho m\u00e1s que un evento social\" href=\"https:\/\/www.evento.love\/blog\/baby-shower-evento-social-madrid\/\">\r\n\r\n            <img width=\"150\" height=\"150\" src=\"https:\/\/www.evento.love\/blog\/wp-content\/uploads\/2016\/07\/babyshower-150x150.jpg\" class=\"attachment-thumbnail size-thumbnail wp-post-image\" alt=\"baby shower-fiesta-beb\u00e9-embarazo-embarazada\" decoding=\"async\" loading=\"lazy\" \/>\r\n\r\n        <\/a>\r\n    <\/div>\r\n\r\n    <a class=\"title post_title\"  title=\"Baby Shower, mucho m\u00e1s que un evento social\" href=\"https:\/\/www.evento.love\/blog\/baby-shower-evento-social-madrid\/\">\r\n                Baby Shower, mucho m\u00e1s que un evento social    <\/a>\r\n\r\n                <\/div>\r\n                            <div class=\"item\">\r\n                        <div class=\"thumb post_thumb\">\r\n        <a  title=\"12 consejos para un Baby Shower perfecto\" href=\"https:\/\/www.evento.love\/blog\/12-consejos-baby-shower-perfecto-madrid\/\">\r\n\r\n            <img width=\"150\" height=\"150\" src=\"https:\/\/www.evento.love\/blog\/wp-content\/uploads\/2016\/09\/16_05_20_12_consejos-para-que-tu-Baby-Shower-sea-perfecto-150x150.jpg\" class=\"attachment-thumbnail size-thumbnail wp-post-image\" alt=\"Baby Shower-perfecto-beb\u00e9-embarazado-embarazada-fiesta-babyshower\" decoding=\"async\" loading=\"lazy\" \/>\r\n\r\n        <\/a>\r\n    <\/div>\r\n\r\n    <a class=\"title post_title\"  title=\"12 consejos para un Baby Shower perfecto\" href=\"https:\/\/www.evento.love\/blog\/12-consejos-baby-shower-perfecto-madrid\/\">\r\n                12 consejos para un Baby Shower perfecto    <\/a>\r\n\r\n                <\/div>\r\n                            <div class=\"item\">\r\n                        <div class=\"thumb post_thumb\">\r\n        <a  title=\"Cu\u00e1ndo hacer el Baby Shower\" href=\"https:\/\/www.evento.love\/blog\/cuando-hacer-el-baby-shower-madrid\/\">\r\n\r\n            <img width=\"150\" height=\"150\" src=\"https:\/\/www.evento.love\/blog\/wp-content\/uploads\/2016\/09\/16_05_23_Cuando-hacer-el-Baby-Shower-150x150.jpg\" class=\"attachment-thumbnail size-thumbnail wp-post-image\" alt=\"Cu\u00e1ndo hacer el baby shower beb\u00e9 embarazo fiesta en Madrid\" decoding=\"async\" loading=\"lazy\" \/>\r\n\r\n        <\/a>\r\n    <\/div>\r\n\r\n    <a class=\"title post_title\"  title=\"Cu\u00e1ndo hacer el Baby Shower\" href=\"https:\/\/www.evento.love\/blog\/cuando-hacer-el-baby-shower-madrid\/\">\r\n                Cu\u00e1ndo hacer el Baby Shower    <\/a>\r\n\r\n                <\/div>\r\n                            <div class=\"item\">\r\n                        <div class=\"thumb post_thumb\">\r\n        <a  title=\"\u00bfQui\u00e9n debe organizar el Baby Shower?\" href=\"https:\/\/www.evento.love\/blog\/quien-organizar-baby-shower-madrid\/\">\r\n\r\n            <img width=\"150\" height=\"150\" src=\"https:\/\/www.evento.love\/blog\/wp-content\/uploads\/2016\/09\/16_05_29_Qui\u00e9n-organiza-el-Baby-Shower-150x150.jpg\" class=\"attachment-thumbnail size-thumbnail wp-post-image\" alt=\"Organizaci\u00f3n Baby Shower Madrid fiesta beb\u00e9 embarazada\" decoding=\"async\" loading=\"lazy\" \/>\r\n\r\n        <\/a>\r\n    <\/div>\r\n\r\n    <a class=\"title post_title\"  title=\"\u00bfQui\u00e9n debe organizar el Baby Shower?\" href=\"https:\/\/www.evento.love\/blog\/quien-organizar-baby-shower-madrid\/\">\r\n                \u00bfQui\u00e9n debe organizar el Baby Shower?    <\/a>\r\n\r\n                <\/div>\r\n            \r\n    <\/div>\r\n\r\n    <script>\r\n            <\/script>\r\n    <style>\r\n        .related-post {}\r\n\r\n        .related-post .post-list {\r\n            text-align: left;\r\n                    }\r\n\r\n        .related-post .post-list .item {\r\n            margin: 5px 10px;\r\n            padding: 0px;\r\n                    }\r\n\r\n        .related-post .headline {\r\n            font-size: 24px !important;\r\n            color: #000000 !important;\r\n                    }\r\n\r\n        .related-post .headline{\r\nfont-weight:400 !important;\r\ntext-transform: uppercase;\r\n}.related-post .post-list .item .post_thumb {\r\n            max-height: 180px;\r\n            margin: 10px 0px;\r\n            padding: 0px;\r\n            display: block;\r\n                    }\r\n\r\n        .related-post .post-list .item .post_title {\r\n            font-size: 12px;\r\n            color: #607d8b;\r\n            margin: 10px 0px;\r\n            padding: 0px;\r\n            display: block;\r\n            text-decoration: none;\r\n                    }\r\n\r\n        .related-post .post-list .item .post_excerpt {\r\n            font-size: 13px;\r\n            color: #3f3f3f;\r\n            margin: 10px 0px;\r\n            padding: 0px;\r\n            display: block;\r\n            text-decoration: none;\r\n                    }\r\n\r\n        @media only screen and (min-width: 1024px) {\r\n            .related-post .post-list .item {\r\n                width: 22%;\r\n            }\r\n        }\r\n\r\n        @media only screen and (min-width: 768px) and (max-width: 1023px) {\r\n            .related-post .post-list .item {\r\n                width: 90%;\r\n            }\r\n        }\r\n\r\n        @media only screen and (min-width: 0px) and (max-width: 767px) {\r\n            .related-post .post-list .item {\r\n                width: 30%;\r\n            }\r\n        }\r\n\r\n            <\/style>\r\n        <\/div>\r\n<!-- AddThis Advanced Settings generic via filter on the_content --><!-- AddThis Share Buttons generic via filter on the_content -->","protected":false},"excerpt":{"rendered":"<p>Si est\u00e1is inmersos en la organizaci\u00f3n de la boda, os habr\u00e9is dado cuenta que gran parte de la decoraci\u00f3n ser\u00e1 la que adorne vuestro banquete de boda. Para ayudaros a escoger la decoraci\u00f3n que m\u00e1s se adapte a vuestro estilo, os traemos 5 tendencias de decoraci\u00f3n de mesas de boda que est\u00e1n pisando fuerte esta temporada. M\u00e1s art\u00edculos a tener en cuenta Baby Shower, mucho m\u00e1s que un evento social 12 consejos para un Baby Shower perfecto Cu\u00e1ndo hacer el&#8230;<\/p>\n<p class=\"read-more\"><a class=\"btn btn-default\" href=\"https:\/\/www.evento.love\/blog\/quien-organizar-baby-shower-madrid\/\"> Leer m\u00e1s<span class=\"screen-reader-text\">  Leer m\u00e1s<\/span><\/a><\/p>\n<p><!-- AddThis Advanced Settings generic via filter on get_the_excerpt --><!-- AddThis Share Buttons generic via filter on get_the_excerpt --><\/p>\n    <div class=\"related-post grid\">\r\n                <div class=\"headline\">M\u00e1s art\u00edculos a tener en cuenta<\/div>\r\n        <div class=\"post-list \">\r\n\r\n                        <div class=\"item\">\r\n                        <div class=\"thumb post_thumb\">\r\n        <a  title=\"Baby Shower, mucho m\u00e1s que un evento social\" href=\"https:\/\/www.evento.love\/blog\/baby-shower-evento-social-madrid\/\">\r\n\r\n            <img width=\"150\" height=\"150\" src=\"https:\/\/www.evento.love\/blog\/wp-content\/uploads\/2016\/07\/babyshower-150x150.jpg\" class=\"attachment-thumbnail size-thumbnail wp-post-image\" alt=\"baby shower-fiesta-beb\u00e9-embarazo-embarazada\" decoding=\"async\" loading=\"lazy\" \/>\r\n\r\n        <\/a>\r\n    <\/div>\r\n\r\n    <a class=\"title post_title\"  title=\"Baby Shower, mucho m\u00e1s que un evento social\" href=\"https:\/\/www.evento.love\/blog\/baby-shower-evento-social-madrid\/\">\r\n                Baby Shower, mucho m\u00e1s que un evento social    <\/a>\r\n\r\n                <\/div>\r\n                            <div class=\"item\">\r\n                        <div class=\"thumb post_thumb\">\r\n        <a  title=\"12 consejos para un Baby Shower perfecto\" href=\"https:\/\/www.evento.love\/blog\/12-consejos-baby-shower-perfecto-madrid\/\">\r\n\r\n            <img width=\"150\" height=\"150\" src=\"https:\/\/www.evento.love\/blog\/wp-content\/uploads\/2016\/09\/16_05_20_12_consejos-para-que-tu-Baby-Shower-sea-perfecto-150x150.jpg\" class=\"attachment-thumbnail size-thumbnail wp-post-image\" alt=\"Baby Shower-perfecto-beb\u00e9-embarazado-embarazada-fiesta-babyshower\" decoding=\"async\" loading=\"lazy\" \/>\r\n\r\n        <\/a>\r\n    <\/div>\r\n\r\n    <a class=\"title post_title\"  title=\"12 consejos para un Baby Shower perfecto\" href=\"https:\/\/www.evento.love\/blog\/12-consejos-baby-shower-perfecto-madrid\/\">\r\n                12 consejos para un Baby Shower perfecto    <\/a>\r\n\r\n                <\/div>\r\n                            <div class=\"item\">\r\n                        <div class=\"thumb post_thumb\">\r\n        <a  title=\"Cu\u00e1ndo hacer el Baby Shower\" href=\"https:\/\/www.evento.love\/blog\/cuando-hacer-el-baby-shower-madrid\/\">\r\n\r\n            <img width=\"150\" height=\"150\" src=\"https:\/\/www.evento.love\/blog\/wp-content\/uploads\/2016\/09\/16_05_23_Cuando-hacer-el-Baby-Shower-150x150.jpg\" class=\"attachment-thumbnail size-thumbnail wp-post-image\" alt=\"Cu\u00e1ndo hacer el baby shower beb\u00e9 embarazo fiesta en Madrid\" decoding=\"async\" loading=\"lazy\" \/>\r\n\r\n        <\/a>\r\n    <\/div>\r\n\r\n    <a class=\"title post_title\"  title=\"Cu\u00e1ndo hacer el Baby Shower\" href=\"https:\/\/www.evento.love\/blog\/cuando-hacer-el-baby-shower-madrid\/\">\r\n                Cu\u00e1ndo hacer el Baby Shower    <\/a>\r\n\r\n                <\/div>\r\n                            <div class=\"item\">\r\n                        <div class=\"thumb post_thumb\">\r\n        <a  title=\"Baby Shower: Elaborando la lista de invitados\" href=\"https:\/\/www.evento.love\/blog\/baby-shower-lista-invitados-madrid\/\">\r\n\r\n            <img width=\"150\" height=\"150\" src=\"https:\/\/www.evento.love\/blog\/wp-content\/uploads\/2016\/09\/16_05_30_Baby-Shower-elaborando-la-lista-de-invitados-150x150.jpg\" class=\"attachment-thumbnail size-thumbnail wp-post-image\" alt=\"\" decoding=\"async\" loading=\"lazy\" \/>\r\n\r\n        <\/a>\r\n    <\/div>\r\n\r\n    <a class=\"title post_title\"  title=\"Baby Shower: Elaborando la lista de invitados\" href=\"https:\/\/www.evento.love\/blog\/baby-shower-lista-invitados-madrid\/\">\r\n                Baby Shower: Elaborando la lista de invitados    <\/a>\r\n\r\n                <\/div>\r\n            \r\n    <\/div>\r\n\r\n    <script>\r\n            <\/script>\r\n    <style>\r\n        .related-post {}\r\n\r\n        .related-post .post-list {\r\n            text-align: left;\r\n                    }\r\n\r\n        .related-post .post-list .item {\r\n            margin: 5px 10px;\r\n            padding: 0px;\r\n                    }\r\n\r\n        .related-post .headline {\r\n            font-size: 24px !important;\r\n            color: #000000 !important;\r\n                    }\r\n\r\n        .related-post .headline{\r\nfont-weight:400 !important;\r\ntext-transform: uppercase;\r\n}.related-post .post-list .item .post_thumb {\r\n            max-height: 180px;\r\n            margin: 10px 0px;\r\n            padding: 0px;\r\n            display: block;\r\n                    }\r\n\r\n        .related-post .post-list .item .post_title {\r\n            font-size: 12px;\r\n            color: #607d8b;\r\n            margin: 10px 0px;\r\n            padding: 0px;\r\n            display: block;\r\n            text-decoration: none;\r\n                    }\r\n\r\n        .related-post .post-list .item .post_excerpt {\r\n            font-size: 13px;\r\n            color: #3f3f3f;\r\n            margin: 10px 0px;\r\n            padding: 0px;\r\n            display: block;\r\n            text-decoration: none;\r\n                    }\r\n\r\n        @media only screen and (min-width: 1024px) {\r\n            .related-post .post-list .item {\r\n                width: 22%;\r\n            }\r\n        }\r\n\r\n        @media only screen and (min-width: 768px) and (max-width: 1023px) {\r\n            .related-post .post-list .item {\r\n                width: 90%;\r\n            }\r\n        }\r\n\r\n        @media only screen and (min-width: 0px) and (max-width: 767px) {\r\n            .related-post .post-list .item {\r\n                width: 30%;\r\n            }\r\n        }\r\n\r\n            <\/style>\r\n        <\/div>\r\n","protected":false},"author":1,"featured_media":4005,"comment_status":"closed","ping_status":"open","sticky":false,"template":"","format":"standard","meta":{"content-type":""},"categories":[756,811],"tags":[1230,987,934,1229,1106,986,888],"yoast_head":"<!-- This site is optimized with the Yoast SEO plugin v20.7 - https:\/\/yoast.com\/wordpress\/plugins\/seo\/ -->\n<title>5 tendencias en decoraci\u00f3n de mesas de boda - El Blog de evento.love<\/title>\n<meta name=\"description\" content=\"Estas son las top 5 tendencias en decoraci\u00f3n de mesas de boda para 2019 que no puedes perderte si est\u00e1s organizando la tuya.\" \/>\n<meta name=\"robots\" content=\"index, follow, max-snippet:-1, max-image-preview:large, max-video-preview:-1\" \/>\n<meta property=\"og:locale\" content=\"es_ES\" \/>\n<meta property=\"og:type\" content=\"article\" \/>\n<meta property=\"og:title\" content=\"5 tendencias en decoraci\u00f3n de mesas de boda - El Blog de evento.love\" \/>\n<meta property=\"og:description\" content=\"Estas son las top 5 tendencias en decoraci\u00f3n de mesas de boda para 2019 que no puedes perderte si est\u00e1s organizando la tuya.\" \/>\n<meta property=\"og:url\" content=\"https:\/\/www.evento.love\/blog\/5-tendencias-en-decoracion-de-mesas-de-boda\/\" \/>\n<meta property=\"og:site_name\" content=\"El Blog de evento.love\" \/>\n<meta property=\"article:publisher\" content=\"https:\/\/www.facebook.com\/Evento.love\/\" \/>\n<meta property=\"article:published_time\" content=\"2019-02-01T09:00:03+00:00\" \/>\n<meta property=\"article:modified_time\" content=\"2019-07-18T22:17:48+00:00\" \/>\n<meta property=\"og:image\" content=\"https:\/\/www.evento.love\/blog\/wp-content\/uploads\/2019\/01\/tendencias-decoracion-mesas-boda-1.jpg\" \/>\n\t<meta property=\"og:image:width\" content=\"850\" \/>\n\t<meta property=\"og:image:height\" content=\"850\" \/>\n\t<meta property=\"og:image:type\" content=\"image\/jpeg\" \/>\n<meta name=\"author\" content=\"Evento Love\" \/>\n<meta name=\"twitter:card\" content=\"summary_large_image\" \/>\n<meta name=\"twitter:creator\" content=\"@Evento_love\" \/>\n<meta name=\"twitter:site\" content=\"@Evento_love\" \/>\n<meta name=\"twitter:label1\" content=\"Escrito por\" \/>\n\t<meta name=\"twitter:data1\" content=\"Evento Love\" \/>\n\t<meta name=\"twitter:label2\" content=\"Tiempo de lectura\" \/>\n\t<meta name=\"twitter:data2\" content=\"3 minutos\" \/>\n<!-- \/ Yoast SEO plugin. -->","yoast_head_json":{"title":"5 tendencias en decoraci\u00f3n de mesas de boda - El Blog de evento.love","description":"Estas son las top 5 tendencias en decoraci\u00f3n de mesas de boda para 2019 que no puedes perderte si est\u00e1s organizando la tuya.","robots":{"index":"index","follow":"follow","max-snippet":"max-snippet:-1","max-image-preview":"max-image-preview:large","max-video-preview":"max-video-preview:-1"},"og_locale":"es_ES","og_type":"article","og_title":"5 tendencias en decoraci\u00f3n de mesas de boda - El Blog de evento.love","og_description":"Estas son las top 5 tendencias en decoraci\u00f3n de mesas de boda para 2019 que no puedes perderte si est\u00e1s organizando la tuya.","og_url":"https:\/\/www.evento.love\/blog\/5-tendencias-en-decoracion-de-mesas-de-boda\/","og_site_name":"El Blog de evento.love","article_publisher":"https:\/\/www.facebook.com\/Evento.love\/","article_published_time":"2019-02-01T09:00:03+00:00","article_modified_time":"2019-07-18T22:17:48+00:00","og_image":[{"width":850,"height":850,"url":"https:\/\/www.evento.love\/blog\/wp-content\/uploads\/2019\/01\/tendencias-decoracion-mesas-boda-1.jpg","type":"image\/jpeg"}],"author":"Evento Love","twitter_card":"summary_large_image","twitter_creator":"@Evento_love","twitter_site":"@Evento_love","twitter_misc":{"Escrito por":"Evento Love","Tiempo de lectura":"3 minutos"},"schema":{"@context":"https:\/\/schema.org","@graph":[{"@type":"Article","@id":"https:\/\/www.evento.love\/blog\/5-tendencias-en-decoracion-de-mesas-de-boda\/#article","isPartOf":{"@id":"https:\/\/www.evento.love\/blog\/5-tendencias-en-decoracion-de-mesas-de-boda\/"},"author":{"name":"Evento Love","@id":"https:\/\/www.evento.love\/blog\/#\/schema\/person\/a184c2ed424b7fb3006372ce8051542c"},"headline":"5 tendencias en decoraci\u00f3n de mesas de boda","datePublished":"2019-02-01T09:00:03+00:00","dateModified":"2019-07-18T22:17:48+00:00","mainEntityOfPage":{"@id":"https:\/\/www.evento.love\/blog\/5-tendencias-en-decoracion-de-mesas-de-boda\/"},"wordCount":516,"publisher":{"@id":"https:\/\/www.evento.love\/blog\/#organization"},"keywords":["banquete de boda","bodas 2019","decoraci\u00f3n de bodas","decoraci\u00f3n mesas boda","mesas de boda","tendencias de bodas","wedding planner"],"articleSection":["Bodas","Decoraci\u00f3n"],"inLanguage":"es"},{"@type":"WebPage","@id":"https:\/\/www.evento.love\/blog\/5-tendencias-en-decoracion-de-mesas-de-boda\/","url":"https:\/\/www.evento.love\/blog\/5-tendencias-en-decoracion-de-mesas-de-boda\/","name":"5 tendencias en decoraci\u00f3n de mesas de boda - El Blog de evento.love","isPartOf":{"@id":"https:\/\/www.evento.love\/blog\/#website"},"datePublished":"2019-02-01T09:00:03+00:00","dateModified":"2019-07-18T22:17:48+00:00","description":"Estas son las top 5 tendencias en decoraci\u00f3n de mesas de boda para 2019 que no puedes perderte si est\u00e1s organizando la tuya.","breadcrumb":{"@id":"https:\/\/www.evento.love\/blog\/5-tendencias-en-decoracion-de-mesas-de-boda\/#breadcrumb"},"inLanguage":"es","potentialAction":[{"@type":"ReadAction","target":["https:\/\/www.evento.love\/blog\/5-tendencias-en-decoracion-de-mesas-de-boda\/"]}]},{"@type":"BreadcrumbList","@id":"https:\/\/www.evento.love\/blog\/5-tendencias-en-decoracion-de-mesas-de-boda\/#breadcrumb","itemListElement":[{"@type":"ListItem","position":1,"name":"Evento.love","item":"https:\/\/www.evento.love\/blog\/"},{"@type":"ListItem","position":2,"name":"Bodas","item":"https:\/\/www.evento.love\/blog\/category\/bodas\/"},{"@type":"ListItem","position":3,"name":"5 tendencias en decoraci\u00f3n de mesas de boda"}]},{"@type":"WebSite","@id":"https:\/\/www.evento.love\/blog\/#website","url":"https:\/\/www.evento.love\/blog\/","name":"El Blog de evento.love","description":"T\u00fa lo mereces. Disfruta de tu momento","publisher":{"@id":"https:\/\/www.evento.love\/blog\/#organization"},"potentialAction":[{"@type":"SearchAction","target":{"@type":"EntryPoint","urlTemplate":"https:\/\/www.evento.love\/blog\/?s={search_term_string}"},"query-input":"required name=search_term_string"}],"inLanguage":"es"},{"@type":"Organization","@id":"https:\/\/www.evento.love\/blog\/#organization","name":"evento.love","url":"https:\/\/www.evento.love\/blog\/","logo":{"@type":"ImageObject","inLanguage":"es","@id":"https:\/\/www.evento.love\/blog\/#\/schema\/logo\/image\/","url":"https:\/\/www.evento.love\/blog\/wp-content\/uploads\/2016\/07\/logo-evento-love.png","contentUrl":"https:\/\/www.evento.love\/blog\/wp-content\/uploads\/2016\/07\/logo-evento-love.png","width":197,"height":59,"caption":"evento.love"},"image":{"@id":"https:\/\/www.evento.love\/blog\/#\/schema\/logo\/image\/"},"sameAs":["https:\/\/www.facebook.com\/Evento.love\/","https:\/\/twitter.com\/Evento_love","https:\/\/www.instagram.com\/evento.love\/","https:\/\/es.pinterest.com\/evento_love\/","https:\/\/www.youtube.com\/channel\/UCcVbo6ymzx-7FlDJja8aQnw"]},{"@type":"Person","@id":"https:\/\/www.evento.love\/blog\/#\/schema\/person\/a184c2ed424b7fb3006372ce8051542c","name":"Evento Love"}]}},"_links":{"self":[{"href":"https:\/\/www.evento.love\/blog\/wp-json\/wp\/v2\/posts\/4000"}],"collection":[{"href":"https:\/\/www.evento.love\/blog\/wp-json\/wp\/v2\/posts"}],"about":[{"href":"https:\/\/www.evento.love\/blog\/wp-json\/wp\/v2\/types\/post"}],"author":[{"embeddable":true,"href":"https:\/\/www.evento.love\/blog\/wp-json\/wp\/v2\/users\/1"}],"replies":[{"embeddable":true,"href":"https:\/\/www.evento.love\/blog\/wp-json\/wp\/v2\/comments?post=4000"}],"version-history":[{"count":5,"href":"https:\/\/www.evento.love\/blog\/wp-json\/wp\/v2\/posts\/4000\/revisions"}],"predecessor-version":[{"id":4897,"href":"https:\/\/www.evento.love\/blog\/wp-json\/wp\/v2\/posts\/4000\/revisions\/4897"}],"wp:featuredmedia":[{"embeddable":true,"href":"https:\/\/www.evento.love\/blog\/wp-json\/wp\/v2\/media\/4005"}],"wp:attachment":[{"href":"https:\/\/www.evento.love\/blog\/wp-json\/wp\/v2\/media?parent=4000"}],"wp:term":[{"taxonomy":"category","embeddable":true,"href":"https:\/\/www.evento.love\/blog\/wp-json\/wp\/v2\/categories?post=4000"},{"taxonomy":"post_tag","embeddable":true,"href":"https:\/\/www.evento.love\/blog\/wp-json\/wp\/v2\/tags?post=4000"}],"curies":[{"name":"wp","href":"https:\/\/api.w.org\/{rel}","templated":true}]}}