{"id":4010,"date":"2019-02-04T12:00:48","date_gmt":"2019-02-04T10:00:48","guid":{"rendered":"https:\/\/www.evento.love\/blog\/?p=4010"},"modified":"2019-07-19T00:17:48","modified_gmt":"2019-07-18T22:17:48","slug":"cupcakes-personalizados-para-tu-boda","status":"publish","type":"post","link":"https:\/\/www.evento.love\/blog\/cupcakes-personalizados-para-tu-boda\/","title":{"rendered":"Cupcakes personalizados para la mesa dulce de tu boda"},"content":{"rendered":"<p>Descubre la \u00faltima tendencia en dulces para tu boda: los cupcakes personalizados. Escoge el sabor, la forma y el color y juntos crearemos tus cupcakes a la \u00faltima.<!--more--><\/p>\n<p>Si los las <a href=\"https:\/\/www.evento.love\/blog\/tendencias-de-boda-de-candy-bar-a-mesas-dulces\/\" target=\"_blank\" rel=\"noopener noreferrer\">mesas dulces han desbancado a los Candy bar<\/a>, los cupcakes personalizados han hecho lo mismo con las &#8220;chuches&#8221; tradicionales. Y es que es tendencia decorar todos y cada uno de los detalles de la boda de manera \u00fanica y muy personal, y los dulces de la mesa dulce no iban a ser menos. A continuaci\u00f3n os mostramos 4 ideas de cupcakes personalizados que dise\u00f1amos en nuestro obrador artesanal.<\/p>\n<h3>Con rosas azules<\/h3>\n<p>Para la m\u00e1gica <a href=\"https:\/\/www.evento.love\/blog\/fotos-de-la-boda-con-rosas-azules-exkllely-y-franco\/\" target=\"_blank\" rel=\"noopener noreferrer\">boda de rosas azules de Exklelly y Franco<\/a> personalizamos hasta el \u00faltimo detalle. Incluidos, por supuesto, estos deliciosos cupcakes con el detalle de las rosas azules que colocamos en su espectacular mesa dulce.<\/p>\n<p><img decoding=\"async\" loading=\"lazy\" class=\"aligncenter size-full wp-image-4012\" src=\"https:\/\/www.evento.love\/blog\/wp-content\/uploads\/2019\/01\/cupcakes-personalizados-boda-1.jpg\" alt=\"Cupcakes personalizados\" width=\"850\" height=\"567\" srcset=\"https:\/\/www.evento.love\/blog\/wp-content\/uploads\/2019\/01\/cupcakes-personalizados-boda-1.jpg 850w, https:\/\/www.evento.love\/blog\/wp-content\/uploads\/2019\/01\/cupcakes-personalizados-boda-1-300x200.jpg 300w, https:\/\/www.evento.love\/blog\/wp-content\/uploads\/2019\/01\/cupcakes-personalizados-boda-1-768x512.jpg 768w, https:\/\/www.evento.love\/blog\/wp-content\/uploads\/2019\/01\/cupcakes-personalizados-boda-1-405x270.jpg 405w\" sizes=\"(max-width: 850px) 100vw, 850px\" \/><\/p>\n<h3>Con las alianzas<\/h3>\n<p><a href=\"https:\/\/www.evento.love\/blog\/la-boda-andrea-david-cuando-los-suenos-se-hacen-realidad\/\" target=\"_blank\" rel=\"noopener noreferrer\">Andrea y David celebraron una preciosa boda en gold<\/a> con una mesa dulce de ensue\u00f1o que colocamos en el gran sal\u00f3n donde celebraron el banquete. Entre los muchos dulces que llenaban esta mesa, se encontraban los cupcakes personalizados que dise\u00f1amos para la ocasi\u00f3n y que tuvieron much\u00edsimo \u00e9xito entre los invitados, gracias al detalle de las alianzas. \u00a1Son ideales!<\/p>\n<p><img decoding=\"async\" loading=\"lazy\" class=\"aligncenter size-full wp-image-4011\" src=\"https:\/\/www.evento.love\/blog\/wp-content\/uploads\/2019\/01\/cupcakes-personalizados-boda.jpg\" alt=\"Cupcakes personalizados\" width=\"846\" height=\"579\" srcset=\"https:\/\/www.evento.love\/blog\/wp-content\/uploads\/2019\/01\/cupcakes-personalizados-boda.jpg 846w, https:\/\/www.evento.love\/blog\/wp-content\/uploads\/2019\/01\/cupcakes-personalizados-boda-300x205.jpg 300w, https:\/\/www.evento.love\/blog\/wp-content\/uploads\/2019\/01\/cupcakes-personalizados-boda-768x526.jpg 768w, https:\/\/www.evento.love\/blog\/wp-content\/uploads\/2019\/01\/cupcakes-personalizados-boda-395x270.jpg 395w\" sizes=\"(max-width: 846px) 100vw, 846px\" \/><\/p>\n<h3>En tonos neutros<\/h3>\n<p>Si quieres optar por un estilo m\u00e1s sencillo, en tonos neutros, estos cupcakes te van a encantar. Como el color era un tono claro, nos pareci\u00f3 una buena idea colocarlos sobre una base metalizada, a juego con la gran noria donde los presentamos.<\/p>\n<p><img decoding=\"async\" loading=\"lazy\" class=\"aligncenter wp-image-4016 size-full\" src=\"https:\/\/www.evento.love\/blog\/wp-content\/uploads\/2019\/02\/cupcakes-personalizados-boda-3.jpg\" alt=\"Cupcakes personalizados\" width=\"850\" height=\"449\" srcset=\"https:\/\/www.evento.love\/blog\/wp-content\/uploads\/2019\/02\/cupcakes-personalizados-boda-3.jpg 850w, https:\/\/www.evento.love\/blog\/wp-content\/uploads\/2019\/02\/cupcakes-personalizados-boda-3-300x158.jpg 300w, https:\/\/www.evento.love\/blog\/wp-content\/uploads\/2019\/02\/cupcakes-personalizados-boda-3-768x406.jpg 768w, https:\/\/www.evento.love\/blog\/wp-content\/uploads\/2019\/02\/cupcakes-personalizados-boda-3-511x270.jpg 511w\" sizes=\"(max-width: 850px) 100vw, 850px\" \/><\/p>\n<h3>En rosa<\/h3>\n<p>\u00bfY qu\u00e9 me dec\u00eds de estos amorosos cupcakes personalizados en rosa y con corazones? Una opci\u00f3n de los m\u00e1s rom\u00e1ntica y colorida.<\/p>\n<p><img decoding=\"async\" loading=\"lazy\" class=\"aligncenter size-full wp-image-4013\" src=\"https:\/\/www.evento.love\/blog\/wp-content\/uploads\/2019\/01\/cupcakes-personalizados-boda-2.jpg\" alt=\"Cupcakes personalizados\" width=\"850\" height=\"561\" srcset=\"https:\/\/www.evento.love\/blog\/wp-content\/uploads\/2019\/01\/cupcakes-personalizados-boda-2.jpg 850w, https:\/\/www.evento.love\/blog\/wp-content\/uploads\/2019\/01\/cupcakes-personalizados-boda-2-300x198.jpg 300w, https:\/\/www.evento.love\/blog\/wp-content\/uploads\/2019\/01\/cupcakes-personalizados-boda-2-768x507.jpg 768w, https:\/\/www.evento.love\/blog\/wp-content\/uploads\/2019\/01\/cupcakes-personalizados-boda-2-409x270.jpg 409w\" sizes=\"(max-width: 850px) 100vw, 850px\" \/><\/p>\n<p>\u00bfQuieres que te ayudemos a <a href=\"https:\/\/www.evento.love\/bodas\/\" target=\"_blank\" rel=\"noopener noreferrer\">organizar y decorar tu boda<\/a> y nos encarguemos de dise\u00f1ar los mejores <a href=\"https:\/\/www.evento.love\/tienda\/dulces\" target=\"_blank\" rel=\"noopener noreferrer\">dulces personalizados<\/a>? Escr\u00edbenos a <a href=\"mailto:hola@evento.love\" target=\"_blank\" rel=\"noopener noreferrer\">hola@evento.love<\/a>. \/\u00a0Do you want us to help you organize and decorate your wedding and take care of designing the best personalized sweets? Write to us at <a href=\"mailto:hola@evento.love\" target=\"_blank\" rel=\"noopener noreferrer\">hola@evento.love<\/a>.<\/p>\n    <div class=\"related-post grid\">\r\n                <div class=\"headline\">M\u00e1s art\u00edculos a tener en cuenta<\/div>\r\n        <div class=\"post-list \">\r\n\r\n                        <div class=\"item\">\r\n                        <div class=\"thumb post_thumb\">\r\n        <a  title=\"Baby Shower, mucho m\u00e1s que un evento social\" href=\"https:\/\/www.evento.love\/blog\/baby-shower-evento-social-madrid\/\">\r\n\r\n            <img width=\"150\" height=\"150\" src=\"https:\/\/www.evento.love\/blog\/wp-content\/uploads\/2016\/07\/babyshower-150x150.jpg\" class=\"attachment-thumbnail size-thumbnail wp-post-image\" alt=\"baby shower-fiesta-beb\u00e9-embarazo-embarazada\" decoding=\"async\" loading=\"lazy\" \/>\r\n\r\n        <\/a>\r\n    <\/div>\r\n\r\n    <a class=\"title post_title\"  title=\"Baby Shower, mucho m\u00e1s que un evento social\" href=\"https:\/\/www.evento.love\/blog\/baby-shower-evento-social-madrid\/\">\r\n                Baby Shower, mucho m\u00e1s que un evento social    <\/a>\r\n\r\n                <\/div>\r\n                            <div class=\"item\">\r\n                        <div class=\"thumb post_thumb\">\r\n        <a  title=\"12 consejos para un Baby Shower perfecto\" href=\"https:\/\/www.evento.love\/blog\/12-consejos-baby-shower-perfecto-madrid\/\">\r\n\r\n            <img width=\"150\" height=\"150\" src=\"https:\/\/www.evento.love\/blog\/wp-content\/uploads\/2016\/09\/16_05_20_12_consejos-para-que-tu-Baby-Shower-sea-perfecto-150x150.jpg\" class=\"attachment-thumbnail size-thumbnail wp-post-image\" alt=\"Baby Shower-perfecto-beb\u00e9-embarazado-embarazada-fiesta-babyshower\" decoding=\"async\" loading=\"lazy\" \/>\r\n\r\n        <\/a>\r\n    <\/div>\r\n\r\n    <a class=\"title post_title\"  title=\"12 consejos para un Baby Shower perfecto\" href=\"https:\/\/www.evento.love\/blog\/12-consejos-baby-shower-perfecto-madrid\/\">\r\n                12 consejos para un Baby Shower perfecto    <\/a>\r\n\r\n                <\/div>\r\n                            <div class=\"item\">\r\n                        <div class=\"thumb post_thumb\">\r\n        <a  title=\"Cu\u00e1ndo hacer el Baby Shower\" href=\"https:\/\/www.evento.love\/blog\/cuando-hacer-el-baby-shower-madrid\/\">\r\n\r\n            <img width=\"150\" height=\"150\" src=\"https:\/\/www.evento.love\/blog\/wp-content\/uploads\/2016\/09\/16_05_23_Cuando-hacer-el-Baby-Shower-150x150.jpg\" class=\"attachment-thumbnail size-thumbnail wp-post-image\" alt=\"Cu\u00e1ndo hacer el baby shower beb\u00e9 embarazo fiesta en Madrid\" decoding=\"async\" loading=\"lazy\" \/>\r\n\r\n        <\/a>\r\n    <\/div>\r\n\r\n    <a class=\"title post_title\"  title=\"Cu\u00e1ndo hacer el Baby Shower\" href=\"https:\/\/www.evento.love\/blog\/cuando-hacer-el-baby-shower-madrid\/\">\r\n                Cu\u00e1ndo hacer el Baby Shower    <\/a>\r\n\r\n                <\/div>\r\n                            <div class=\"item\">\r\n                        <div class=\"thumb post_thumb\">\r\n        <a  title=\"\u00bfQui\u00e9n debe organizar el Baby Shower?\" href=\"https:\/\/www.evento.love\/blog\/quien-organizar-baby-shower-madrid\/\">\r\n\r\n            <img width=\"150\" height=\"150\" src=\"https:\/\/www.evento.love\/blog\/wp-content\/uploads\/2016\/09\/16_05_29_Qui\u00e9n-organiza-el-Baby-Shower-150x150.jpg\" class=\"attachment-thumbnail size-thumbnail wp-post-image\" alt=\"Organizaci\u00f3n Baby Shower Madrid fiesta beb\u00e9 embarazada\" decoding=\"async\" loading=\"lazy\" \/>\r\n\r\n        <\/a>\r\n    <\/div>\r\n\r\n    <a class=\"title post_title\"  title=\"\u00bfQui\u00e9n debe organizar el Baby Shower?\" href=\"https:\/\/www.evento.love\/blog\/quien-organizar-baby-shower-madrid\/\">\r\n                \u00bfQui\u00e9n debe organizar el Baby Shower?    <\/a>\r\n\r\n                <\/div>\r\n            \r\n    <\/div>\r\n\r\n    <script>\r\n            <\/script>\r\n    <style>\r\n        .related-post {}\r\n\r\n        .related-post .post-list {\r\n            text-align: left;\r\n                    }\r\n\r\n        .related-post .post-list .item {\r\n            margin: 5px 10px;\r\n            padding: 0px;\r\n                    }\r\n\r\n        .related-post .headline {\r\n            font-size: 24px !important;\r\n            color: #000000 !important;\r\n                    }\r\n\r\n        .related-post .headline{\r\nfont-weight:400 !important;\r\ntext-transform: uppercase;\r\n}.related-post .post-list .item .post_thumb {\r\n            max-height: 180px;\r\n            margin: 10px 0px;\r\n            padding: 0px;\r\n            display: block;\r\n                    }\r\n\r\n        .related-post .post-list .item .post_title {\r\n            font-size: 12px;\r\n            color: #607d8b;\r\n            margin: 10px 0px;\r\n            padding: 0px;\r\n            display: block;\r\n            text-decoration: none;\r\n                    }\r\n\r\n        .related-post .post-list .item .post_excerpt {\r\n            font-size: 13px;\r\n            color: #3f3f3f;\r\n            margin: 10px 0px;\r\n            padding: 0px;\r\n            display: block;\r\n            text-decoration: none;\r\n                    }\r\n\r\n        @media only screen and (min-width: 1024px) {\r\n            .related-post .post-list .item {\r\n                width: 22%;\r\n            }\r\n        }\r\n\r\n        @media only screen and (min-width: 768px) and (max-width: 1023px) {\r\n            .related-post .post-list .item {\r\n                width: 90%;\r\n            }\r\n        }\r\n\r\n        @media only screen and (min-width: 0px) and (max-width: 767px) {\r\n            .related-post .post-list .item {\r\n                width: 30%;\r\n            }\r\n        }\r\n\r\n            <\/style>\r\n        <\/div>\r\n<!-- AddThis Advanced Settings generic via filter on the_content --><!-- AddThis Share Buttons generic via filter on the_content -->","protected":false},"excerpt":{"rendered":"<p>Descubre la \u00faltima tendencia en dulces para tu boda: los cupcakes personalizados. Escoge el sabor, la forma y el color y juntos crearemos tus cupcakes a la \u00faltima. M\u00e1s art\u00edculos a tener en cuenta Baby Shower, mucho m\u00e1s que un evento social 12 consejos para un Baby Shower perfecto Cu\u00e1ndo hacer el Baby Shower \u00bfQui\u00e9n debe organizar el Baby Shower?<!-- AddThis Advanced Settings generic via filter on get_the_excerpt --><!-- AddThis Share Buttons generic via filter on get_the_excerpt --><\/p>\n    <div class=\"related-post grid\">\r\n                <div class=\"headline\">M\u00e1s art\u00edculos a tener en cuenta<\/div>\r\n        <div class=\"post-list \">\r\n\r\n                        <div class=\"item\">\r\n                        <div class=\"thumb post_thumb\">\r\n        <a  title=\"Baby Shower, mucho m\u00e1s que un evento social\" href=\"https:\/\/www.evento.love\/blog\/baby-shower-evento-social-madrid\/\">\r\n\r\n            <img width=\"150\" height=\"150\" src=\"https:\/\/www.evento.love\/blog\/wp-content\/uploads\/2016\/07\/babyshower-150x150.jpg\" class=\"attachment-thumbnail size-thumbnail wp-post-image\" alt=\"baby shower-fiesta-beb\u00e9-embarazo-embarazada\" decoding=\"async\" loading=\"lazy\" \/>\r\n\r\n        <\/a>\r\n    <\/div>\r\n\r\n    <a class=\"title post_title\"  title=\"Baby Shower, mucho m\u00e1s que un evento social\" href=\"https:\/\/www.evento.love\/blog\/baby-shower-evento-social-madrid\/\">\r\n                Baby Shower, mucho m\u00e1s que un evento social    <\/a>\r\n\r\n                <\/div>\r\n                            <div class=\"item\">\r\n                        <div class=\"thumb post_thumb\">\r\n        <a  title=\"12 consejos para un Baby Shower perfecto\" href=\"https:\/\/www.evento.love\/blog\/12-consejos-baby-shower-perfecto-madrid\/\">\r\n\r\n            <img width=\"150\" height=\"150\" src=\"https:\/\/www.evento.love\/blog\/wp-content\/uploads\/2016\/09\/16_05_20_12_consejos-para-que-tu-Baby-Shower-sea-perfecto-150x150.jpg\" class=\"attachment-thumbnail size-thumbnail wp-post-image\" alt=\"Baby Shower-perfecto-beb\u00e9-embarazado-embarazada-fiesta-babyshower\" decoding=\"async\" loading=\"lazy\" \/>\r\n\r\n        <\/a>\r\n    <\/div>\r\n\r\n    <a class=\"title post_title\"  title=\"12 consejos para un Baby Shower perfecto\" href=\"https:\/\/www.evento.love\/blog\/12-consejos-baby-shower-perfecto-madrid\/\">\r\n                12 consejos para un Baby Shower perfecto    <\/a>\r\n\r\n                <\/div>\r\n                            <div class=\"item\">\r\n                        <div class=\"thumb post_thumb\">\r\n        <a  title=\"Cu\u00e1ndo hacer el Baby Shower\" href=\"https:\/\/www.evento.love\/blog\/cuando-hacer-el-baby-shower-madrid\/\">\r\n\r\n            <img width=\"150\" height=\"150\" src=\"https:\/\/www.evento.love\/blog\/wp-content\/uploads\/2016\/09\/16_05_23_Cuando-hacer-el-Baby-Shower-150x150.jpg\" class=\"attachment-thumbnail size-thumbnail wp-post-image\" alt=\"Cu\u00e1ndo hacer el baby shower beb\u00e9 embarazo fiesta en Madrid\" decoding=\"async\" loading=\"lazy\" \/>\r\n\r\n        <\/a>\r\n    <\/div>\r\n\r\n    <a class=\"title post_title\"  title=\"Cu\u00e1ndo hacer el Baby Shower\" href=\"https:\/\/www.evento.love\/blog\/cuando-hacer-el-baby-shower-madrid\/\">\r\n                Cu\u00e1ndo hacer el Baby Shower    <\/a>\r\n\r\n                <\/div>\r\n                            <div class=\"item\">\r\n                        <div class=\"thumb post_thumb\">\r\n        <a  title=\"Baby Shower: Elaborando la lista de invitados\" href=\"https:\/\/www.evento.love\/blog\/baby-shower-lista-invitados-madrid\/\">\r\n\r\n            <img width=\"150\" height=\"150\" src=\"https:\/\/www.evento.love\/blog\/wp-content\/uploads\/2016\/09\/16_05_30_Baby-Shower-elaborando-la-lista-de-invitados-150x150.jpg\" class=\"attachment-thumbnail size-thumbnail wp-post-image\" alt=\"\" decoding=\"async\" loading=\"lazy\" \/>\r\n\r\n        <\/a>\r\n    <\/div>\r\n\r\n    <a class=\"title post_title\"  title=\"Baby Shower: Elaborando la lista de invitados\" href=\"https:\/\/www.evento.love\/blog\/baby-shower-lista-invitados-madrid\/\">\r\n                Baby Shower: Elaborando la lista de invitados    <\/a>\r\n\r\n                <\/div>\r\n            \r\n    <\/div>\r\n\r\n    <script>\r\n            <\/script>\r\n    <style>\r\n        .related-post {}\r\n\r\n        .related-post .post-list {\r\n            text-align: left;\r\n                    }\r\n\r\n        .related-post .post-list .item {\r\n            margin: 5px 10px;\r\n            padding: 0px;\r\n                    }\r\n\r\n        .related-post .headline {\r\n            font-size: 24px !important;\r\n            color: #000000 !important;\r\n                    }\r\n\r\n        .related-post .headline{\r\nfont-weight:400 !important;\r\ntext-transform: uppercase;\r\n}.related-post .post-list .item .post_thumb {\r\n            max-height: 180px;\r\n            margin: 10px 0px;\r\n            padding: 0px;\r\n            display: block;\r\n                    }\r\n\r\n        .related-post .post-list .item .post_title {\r\n            font-size: 12px;\r\n            color: #607d8b;\r\n            margin: 10px 0px;\r\n            padding: 0px;\r\n            display: block;\r\n            text-decoration: none;\r\n                    }\r\n\r\n        .related-post .post-list .item .post_excerpt {\r\n            font-size: 13px;\r\n            color: #3f3f3f;\r\n            margin: 10px 0px;\r\n            padding: 0px;\r\n            display: block;\r\n            text-decoration: none;\r\n                    }\r\n\r\n        @media only screen and (min-width: 1024px) {\r\n            .related-post .post-list .item {\r\n                width: 22%;\r\n            }\r\n        }\r\n\r\n        @media only screen and (min-width: 768px) and (max-width: 1023px) {\r\n            .related-post .post-list .item {\r\n                width: 90%;\r\n            }\r\n        }\r\n\r\n        @media only screen and (min-width: 0px) and (max-width: 767px) {\r\n            .related-post .post-list .item {\r\n                width: 30%;\r\n            }\r\n        }\r\n\r\n            <\/style>\r\n        <\/div>\r\n","protected":false},"author":1,"featured_media":4011,"comment_status":"closed","ping_status":"open","sticky":false,"template":"","format":"standard","meta":{"content-type":""},"categories":[756,807],"tags":[996,979,1030,714,422,851,1020,888],"yoast_head":"<!-- This site is optimized with the Yoast SEO plugin v20.7 - https:\/\/yoast.com\/wordpress\/plugins\/seo\/ -->\n<title>Cupcakes personalizados para tu boda - Blog de Evento.love<\/title>\n<meta name=\"description\" content=\"Dise\u00f1amos los cupcakes personalizados para la mesa dulce de tu boda, con la forma, los colores y los sabores que m\u00e1s te gusten.\" \/>\n<meta name=\"robots\" content=\"index, follow, max-snippet:-1, max-image-preview:large, max-video-preview:-1\" \/>\n<meta property=\"og:locale\" content=\"es_ES\" \/>\n<meta property=\"og:type\" content=\"article\" \/>\n<meta property=\"og:title\" content=\"Cupcakes personalizados para tu boda - Blog de Evento.love\" \/>\n<meta property=\"og:description\" content=\"Dise\u00f1amos los cupcakes personalizados para la mesa dulce de tu boda, con la forma, los colores y los sabores que m\u00e1s te gusten.\" \/>\n<meta property=\"og:url\" content=\"https:\/\/www.evento.love\/blog\/cupcakes-personalizados-para-tu-boda\/\" \/>\n<meta property=\"og:site_name\" content=\"El Blog de evento.love\" \/>\n<meta property=\"article:publisher\" content=\"https:\/\/www.facebook.com\/Evento.love\/\" \/>\n<meta property=\"article:published_time\" content=\"2019-02-04T10:00:48+00:00\" \/>\n<meta property=\"article:modified_time\" content=\"2019-07-18T22:17:48+00:00\" \/>\n<meta property=\"og:image\" content=\"https:\/\/www.evento.love\/blog\/wp-content\/uploads\/2019\/01\/cupcakes-personalizados-boda.jpg\" \/>\n\t<meta property=\"og:image:width\" content=\"846\" \/>\n\t<meta property=\"og:image:height\" content=\"579\" \/>\n\t<meta property=\"og:image:type\" content=\"image\/jpeg\" \/>\n<meta name=\"author\" content=\"Evento Love\" \/>\n<meta name=\"twitter:card\" content=\"summary_large_image\" \/>\n<meta name=\"twitter:creator\" content=\"@Evento_love\" \/>\n<meta name=\"twitter:site\" content=\"@Evento_love\" \/>\n<meta name=\"twitter:label1\" content=\"Escrito por\" \/>\n\t<meta name=\"twitter:data1\" content=\"Evento Love\" \/>\n\t<meta name=\"twitter:label2\" content=\"Tiempo de lectura\" \/>\n\t<meta name=\"twitter:data2\" content=\"2 minutos\" \/>\n<!-- \/ Yoast SEO plugin. -->","yoast_head_json":{"title":"Cupcakes personalizados para tu boda - Blog de Evento.love","description":"Dise\u00f1amos los cupcakes personalizados para la mesa dulce de tu boda, con la forma, los colores y los sabores que m\u00e1s te gusten.","robots":{"index":"index","follow":"follow","max-snippet":"max-snippet:-1","max-image-preview":"max-image-preview:large","max-video-preview":"max-video-preview:-1"},"og_locale":"es_ES","og_type":"article","og_title":"Cupcakes personalizados para tu boda - Blog de Evento.love","og_description":"Dise\u00f1amos los cupcakes personalizados para la mesa dulce de tu boda, con la forma, los colores y los sabores que m\u00e1s te gusten.","og_url":"https:\/\/www.evento.love\/blog\/cupcakes-personalizados-para-tu-boda\/","og_site_name":"El Blog de evento.love","article_publisher":"https:\/\/www.facebook.com\/Evento.love\/","article_published_time":"2019-02-04T10:00:48+00:00","article_modified_time":"2019-07-18T22:17:48+00:00","og_image":[{"width":846,"height":579,"url":"https:\/\/www.evento.love\/blog\/wp-content\/uploads\/2019\/01\/cupcakes-personalizados-boda.jpg","type":"image\/jpeg"}],"author":"Evento Love","twitter_card":"summary_large_image","twitter_creator":"@Evento_love","twitter_site":"@Evento_love","twitter_misc":{"Escrito por":"Evento Love","Tiempo de lectura":"2 minutos"},"schema":{"@context":"https:\/\/schema.org","@graph":[{"@type":"Article","@id":"https:\/\/www.evento.love\/blog\/cupcakes-personalizados-para-tu-boda\/#article","isPartOf":{"@id":"https:\/\/www.evento.love\/blog\/cupcakes-personalizados-para-tu-boda\/"},"author":{"name":"Evento Love","@id":"https:\/\/www.evento.love\/blog\/#\/schema\/person\/a184c2ed424b7fb3006372ce8051542c"},"headline":"Cupcakes personalizados para la mesa dulce de tu boda","datePublished":"2019-02-04T10:00:48+00:00","dateModified":"2019-07-18T22:17:48+00:00","mainEntityOfPage":{"@id":"https:\/\/www.evento.love\/blog\/cupcakes-personalizados-para-tu-boda\/"},"wordCount":345,"publisher":{"@id":"https:\/\/www.evento.love\/blog\/#organization"},"keywords":["cupcakes personalizados","decoraci\u00f3n de boda","decoraci\u00f3n personalizada","dulces","mesa dulce","organizaci\u00f3n de boda","tendencias de boda","wedding planner"],"articleSection":["Bodas","Catering y Mesas dulces"],"inLanguage":"es"},{"@type":"WebPage","@id":"https:\/\/www.evento.love\/blog\/cupcakes-personalizados-para-tu-boda\/","url":"https:\/\/www.evento.love\/blog\/cupcakes-personalizados-para-tu-boda\/","name":"Cupcakes personalizados para tu boda - Blog de Evento.love","isPartOf":{"@id":"https:\/\/www.evento.love\/blog\/#website"},"datePublished":"2019-02-04T10:00:48+00:00","dateModified":"2019-07-18T22:17:48+00:00","description":"Dise\u00f1amos los cupcakes personalizados para la mesa dulce de tu boda, con la forma, los colores y los sabores que m\u00e1s te gusten.","breadcrumb":{"@id":"https:\/\/www.evento.love\/blog\/cupcakes-personalizados-para-tu-boda\/#breadcrumb"},"inLanguage":"es","potentialAction":[{"@type":"ReadAction","target":["https:\/\/www.evento.love\/blog\/cupcakes-personalizados-para-tu-boda\/"]}]},{"@type":"BreadcrumbList","@id":"https:\/\/www.evento.love\/blog\/cupcakes-personalizados-para-tu-boda\/#breadcrumb","itemListElement":[{"@type":"ListItem","position":1,"name":"Evento.love","item":"https:\/\/www.evento.love\/blog\/"},{"@type":"ListItem","position":2,"name":"Bodas","item":"https:\/\/www.evento.love\/blog\/category\/bodas\/"},{"@type":"ListItem","position":3,"name":"Cupcakes personalizados para la mesa dulce de tu boda"}]},{"@type":"WebSite","@id":"https:\/\/www.evento.love\/blog\/#website","url":"https:\/\/www.evento.love\/blog\/","name":"El Blog de evento.love","description":"T\u00fa lo mereces. Disfruta de tu momento","publisher":{"@id":"https:\/\/www.evento.love\/blog\/#organization"},"potentialAction":[{"@type":"SearchAction","target":{"@type":"EntryPoint","urlTemplate":"https:\/\/www.evento.love\/blog\/?s={search_term_string}"},"query-input":"required name=search_term_string"}],"inLanguage":"es"},{"@type":"Organization","@id":"https:\/\/www.evento.love\/blog\/#organization","name":"evento.love","url":"https:\/\/www.evento.love\/blog\/","logo":{"@type":"ImageObject","inLanguage":"es","@id":"https:\/\/www.evento.love\/blog\/#\/schema\/logo\/image\/","url":"https:\/\/www.evento.love\/blog\/wp-content\/uploads\/2016\/07\/logo-evento-love.png","contentUrl":"https:\/\/www.evento.love\/blog\/wp-content\/uploads\/2016\/07\/logo-evento-love.png","width":197,"height":59,"caption":"evento.love"},"image":{"@id":"https:\/\/www.evento.love\/blog\/#\/schema\/logo\/image\/"},"sameAs":["https:\/\/www.facebook.com\/Evento.love\/","https:\/\/twitter.com\/Evento_love","https:\/\/www.instagram.com\/evento.love\/","https:\/\/es.pinterest.com\/evento_love\/","https:\/\/www.youtube.com\/channel\/UCcVbo6ymzx-7FlDJja8aQnw"]},{"@type":"Person","@id":"https:\/\/www.evento.love\/blog\/#\/schema\/person\/a184c2ed424b7fb3006372ce8051542c","name":"Evento Love"}]}},"_links":{"self":[{"href":"https:\/\/www.evento.love\/blog\/wp-json\/wp\/v2\/posts\/4010"}],"collection":[{"href":"https:\/\/www.evento.love\/blog\/wp-json\/wp\/v2\/posts"}],"about":[{"href":"https:\/\/www.evento.love\/blog\/wp-json\/wp\/v2\/types\/post"}],"author":[{"embeddable":true,"href":"https:\/\/www.evento.love\/blog\/wp-json\/wp\/v2\/users\/1"}],"replies":[{"embeddable":true,"href":"https:\/\/www.evento.love\/blog\/wp-json\/wp\/v2\/comments?post=4010"}],"version-history":[{"count":6,"href":"https:\/\/www.evento.love\/blog\/wp-json\/wp\/v2\/posts\/4010\/revisions"}],"predecessor-version":[{"id":4896,"href":"https:\/\/www.evento.love\/blog\/wp-json\/wp\/v2\/posts\/4010\/revisions\/4896"}],"wp:featuredmedia":[{"embeddable":true,"href":"https:\/\/www.evento.love\/blog\/wp-json\/wp\/v2\/media\/4011"}],"wp:attachment":[{"href":"https:\/\/www.evento.love\/blog\/wp-json\/wp\/v2\/media?parent=4010"}],"wp:term":[{"taxonomy":"category","embeddable":true,"href":"https:\/\/www.evento.love\/blog\/wp-json\/wp\/v2\/categories?post=4010"},{"taxonomy":"post_tag","embeddable":true,"href":"https:\/\/www.evento.love\/blog\/wp-json\/wp\/v2\/tags?post=4010"}],"curies":[{"name":"wp","href":"https:\/\/api.w.org\/{rel}","templated":true}]}}