{"id":4030,"date":"2019-01-30T12:00:00","date_gmt":"2019-01-30T10:00:00","guid":{"rendered":"https:\/\/www.evento.love\/blog\/?p=4030"},"modified":"2019-07-22T10:48:17","modified_gmt":"2019-07-22T08:48:17","slug":"celebra-un-original-dia-de-los-enamorados","status":"publish","type":"post","link":"https:\/\/www.evento.love\/blog\/celebra-un-original-dia-de-los-enamorados\/","title":{"rendered":"Celebra un original D\u00eda de los Enamorados"},"content":{"rendered":"<p>Si ayer os cont\u00e1bamos c\u00f3mo sorprender a vuestra pareja con algo rom\u00e1ntico por San Valent\u00edn, hoy os damos una propuesta original para celebrar el D\u00eda de los Enamorados.<!--more--><\/p>\n<p>Aunque tradicionalmente el D\u00eda de los Enamorados se celebra en pareja y en la intimidad, muchos optan por organizar una fiesta por todo lo alto. Y es que cualquier motivo es bueno para reunirse y celebrar la vida y el amor.<\/p>\n<p>En <a href=\"https:\/\/www.evento.love\" target=\"_blank\" rel=\"noopener noreferrer\">Evento.love<\/a> nos gusta organizar y decorar fiestas originales, hechas a medida para ti y los tuyos y completamente personalizadas. Hoy os sugerimos esta propuesta que es, adem\u00e1s de original, la mar de divertida.<\/p>\n<h2>C\u00f3mo organizar una fiesta original para el D\u00eda de los Enamorados<\/h2>\n<h3>Lista de invitados<\/h3>\n<p>Lo primero que debes hacer antes de organizar la fiesta es pensar en cu\u00e1ntos invitados ser\u00e9is y hacer las invitaciones. Si lo prefieres y no sois demasiados, puedes llamar por tel\u00e9fono y pedir una primera confirmaci\u00f3n para escoger fecha y hora. No caigas en el error de invitar solo a parejas porque es el D\u00eda de los Enamorados, se trata de hacer una fiesta para celebrar el amor. As\u00ed que, \u00a1todo el mundo est\u00e1 invitado!<\/p>\n<h3>El espacio ideal<\/h3>\n<p>En funci\u00f3n del n\u00famero de invitados, ser\u00e1 m\u00e1s o menos pr\u00e1ctico realizar la fiesta en casa. Si es as\u00ed, iremos a ver c\u00f3mo podemos ayudarte y d\u00f3nde colocaremos cada elemento para que sea la mejor fiesta del a\u00f1o. Si prefieres buscar un espacio diferente, contamos con <a href=\"https:\/\/www.evento.love\/tienda\/espacios-madrid\" target=\"_blank\" rel=\"noopener noreferrer\">espacios colaboradores<\/a> originales y muy bonitos para este tipo de celebraciones.<\/p>\n<h3>Catering y mesa dulce<\/h3>\n<p>El <a href=\"https:\/\/www.evento.love\/tienda\/desayunos-y-breaks\">catering<\/a> es uno de los aspectos que m\u00e1s se recuerdan de una fiesta. Dinos qu\u00e9 tipo de comida te gusta y te proporcionaremos una selecci\u00f3n de men\u00fas que se adaptar\u00e1n a tus necesidades. Puedes escoger entre formato banquete o men\u00fa tipo c\u00f3ctel, y si quieres incorporar algo diferente, tenemos food trucks para dejar tus invitados con la boca abierta.<\/p>\n<p>Adem\u00e1s, somos especialistas en <a href=\"https:\/\/www.evento.love\/blog\/?s=mesa+dulce\" target=\"_blank\" rel=\"noopener noreferrer\">mesas dulces tem\u00e1ticas<\/a>, por lo que quedar\u00e1s como el perfecto anfitri\u00f3n colocando una en tu fiesta absolutamente personalizada de San Valent\u00edn. \u00bfTe animas?<\/p>\n<h3>Una decoraci\u00f3n original<\/h3>\n<p>Adem\u00e1s de la decoraci\u00f3n de la mesa dulce, animaremos el espacio y crearemos un ambiente festivo con el estilo y colores que tu elijas. Aunque tradicionalmente el D\u00eda de los Enamorados va de la mano con el color rojo, \u00a1no hay nada escrito! Podemos decorar la fiesta tal y como la sue\u00f1es: en blanco y dorado, en verde mint y plata, todo al rosa&#8230;<\/p>\n<h3>Detalles para los invitados<\/h3>\n<p>A modo de recuerdo de este d\u00eda tan divertido y especial, te proponemos regalar un peque\u00f1o detalle a tus invitados, que seguro triunfar\u00e1 entre los asistentes. \u00bfQu\u00e9 te parecen estas <a href=\"https:\/\/www.evento.love\/tienda\/detalles-y-regalos\/441-24-llaveros-i-love-you-con-bombones.html\" target=\"_blank\" rel=\"noopener noreferrer\">cajitas con bombones y un bonito llavero<\/a>? Adem\u00e1s vienen con una tarjeta felicitando San Valent\u00edn. Son absolutamente ideales&#8230;<\/p>\n<p><a href=\"https:\/\/www.evento.love\/tienda\/detalles-y-regalos\/441-24-llaveros-i-love-you-con-bombones.html\"><img decoding=\"async\" loading=\"lazy\" class=\"aligncenter wp-image-4031 size-full\" src=\"https:\/\/www.evento.love\/blog\/wp-content\/uploads\/2019\/01\/24-llaveros-i-love-you-con-bombones-dia-de-los-enamorados.jpg\" alt=\"D\u00eda de los Enamorados\" width=\"800\" height=\"800\" srcset=\"https:\/\/www.evento.love\/blog\/wp-content\/uploads\/2019\/01\/24-llaveros-i-love-you-con-bombones-dia-de-los-enamorados.jpg 800w, https:\/\/www.evento.love\/blog\/wp-content\/uploads\/2019\/01\/24-llaveros-i-love-you-con-bombones-dia-de-los-enamorados-150x150.jpg 150w, https:\/\/www.evento.love\/blog\/wp-content\/uploads\/2019\/01\/24-llaveros-i-love-you-con-bombones-dia-de-los-enamorados-300x300.jpg 300w, https:\/\/www.evento.love\/blog\/wp-content\/uploads\/2019\/01\/24-llaveros-i-love-you-con-bombones-dia-de-los-enamorados-768x768.jpg 768w, https:\/\/www.evento.love\/blog\/wp-content\/uploads\/2019\/01\/24-llaveros-i-love-you-con-bombones-dia-de-los-enamorados-270x270.jpg 270w\" sizes=\"(max-width: 800px) 100vw, 800px\" \/><\/a><\/p>\n<p>Si quieres celebrar este a\u00f1o el D\u00eda de los enamorados de manera original, escr\u00edbenos a <a href=\"mailto:hola@evento.love\" target=\"_blank\" rel=\"noopener noreferrer\">hola@evento.love<\/a> y te ayudaremos con toda la organizaci\u00f3n. \/\u00a0If you want to celebrate Valentine&#8217;s Day in an original way this year, write to <a href=\"mailto:hola@evento.love\" target=\"_blank\" rel=\"noopener noreferrer\">hola@evento.love<\/a> and we will help you with the whole organization.<\/p>\n    <div class=\"related-post grid\">\r\n                <div class=\"headline\">M\u00e1s art\u00edculos a tener en cuenta<\/div>\r\n        <div class=\"post-list \">\r\n\r\n                        <div class=\"item\">\r\n                        <div class=\"thumb post_thumb\">\r\n        <a  title=\"Baby Shower, mucho m\u00e1s que un evento social\" href=\"https:\/\/www.evento.love\/blog\/baby-shower-evento-social-madrid\/\">\r\n\r\n            <img width=\"150\" height=\"150\" src=\"https:\/\/www.evento.love\/blog\/wp-content\/uploads\/2016\/07\/babyshower-150x150.jpg\" class=\"attachment-thumbnail size-thumbnail wp-post-image\" alt=\"baby shower-fiesta-beb\u00e9-embarazo-embarazada\" decoding=\"async\" loading=\"lazy\" \/>\r\n\r\n        <\/a>\r\n    <\/div>\r\n\r\n    <a class=\"title post_title\"  title=\"Baby Shower, mucho m\u00e1s que un evento social\" href=\"https:\/\/www.evento.love\/blog\/baby-shower-evento-social-madrid\/\">\r\n                Baby Shower, mucho m\u00e1s que un evento social    <\/a>\r\n\r\n                <\/div>\r\n                            <div class=\"item\">\r\n                        <div class=\"thumb post_thumb\">\r\n        <a  title=\"12 consejos para un Baby Shower perfecto\" href=\"https:\/\/www.evento.love\/blog\/12-consejos-baby-shower-perfecto-madrid\/\">\r\n\r\n            <img width=\"150\" height=\"150\" src=\"https:\/\/www.evento.love\/blog\/wp-content\/uploads\/2016\/09\/16_05_20_12_consejos-para-que-tu-Baby-Shower-sea-perfecto-150x150.jpg\" class=\"attachment-thumbnail size-thumbnail wp-post-image\" alt=\"Baby Shower-perfecto-beb\u00e9-embarazado-embarazada-fiesta-babyshower\" decoding=\"async\" loading=\"lazy\" \/>\r\n\r\n        <\/a>\r\n    <\/div>\r\n\r\n    <a class=\"title post_title\"  title=\"12 consejos para un Baby Shower perfecto\" href=\"https:\/\/www.evento.love\/blog\/12-consejos-baby-shower-perfecto-madrid\/\">\r\n                12 consejos para un Baby Shower perfecto    <\/a>\r\n\r\n                <\/div>\r\n                            <div class=\"item\">\r\n                        <div class=\"thumb post_thumb\">\r\n        <a  title=\"Cu\u00e1ndo hacer el Baby Shower\" href=\"https:\/\/www.evento.love\/blog\/cuando-hacer-el-baby-shower-madrid\/\">\r\n\r\n            <img width=\"150\" height=\"150\" src=\"https:\/\/www.evento.love\/blog\/wp-content\/uploads\/2016\/09\/16_05_23_Cuando-hacer-el-Baby-Shower-150x150.jpg\" class=\"attachment-thumbnail size-thumbnail wp-post-image\" alt=\"Cu\u00e1ndo hacer el baby shower beb\u00e9 embarazo fiesta en Madrid\" decoding=\"async\" loading=\"lazy\" \/>\r\n\r\n        <\/a>\r\n    <\/div>\r\n\r\n    <a class=\"title post_title\"  title=\"Cu\u00e1ndo hacer el Baby Shower\" href=\"https:\/\/www.evento.love\/blog\/cuando-hacer-el-baby-shower-madrid\/\">\r\n                Cu\u00e1ndo hacer el Baby Shower    <\/a>\r\n\r\n                <\/div>\r\n                            <div class=\"item\">\r\n                        <div class=\"thumb post_thumb\">\r\n        <a  title=\"\u00bfQui\u00e9n debe organizar el Baby Shower?\" href=\"https:\/\/www.evento.love\/blog\/quien-organizar-baby-shower-madrid\/\">\r\n\r\n            <img width=\"150\" height=\"150\" src=\"https:\/\/www.evento.love\/blog\/wp-content\/uploads\/2016\/09\/16_05_29_Qui\u00e9n-organiza-el-Baby-Shower-150x150.jpg\" class=\"attachment-thumbnail size-thumbnail wp-post-image\" alt=\"Organizaci\u00f3n Baby Shower Madrid fiesta beb\u00e9 embarazada\" decoding=\"async\" loading=\"lazy\" \/>\r\n\r\n        <\/a>\r\n    <\/div>\r\n\r\n    <a class=\"title post_title\"  title=\"\u00bfQui\u00e9n debe organizar el Baby Shower?\" href=\"https:\/\/www.evento.love\/blog\/quien-organizar-baby-shower-madrid\/\">\r\n                \u00bfQui\u00e9n debe organizar el Baby Shower?    <\/a>\r\n\r\n                <\/div>\r\n            \r\n    <\/div>\r\n\r\n    <script>\r\n            <\/script>\r\n    <style>\r\n        .related-post {}\r\n\r\n        .related-post .post-list {\r\n            text-align: left;\r\n                    }\r\n\r\n        .related-post .post-list .item {\r\n            margin: 5px 10px;\r\n            padding: 0px;\r\n                    }\r\n\r\n        .related-post .headline {\r\n            font-size: 24px !important;\r\n            color: #000000 !important;\r\n                    }\r\n\r\n        .related-post .headline{\r\nfont-weight:400 !important;\r\ntext-transform: uppercase;\r\n}.related-post .post-list .item .post_thumb {\r\n            max-height: 180px;\r\n            margin: 10px 0px;\r\n            padding: 0px;\r\n            display: block;\r\n                    }\r\n\r\n        .related-post .post-list .item .post_title {\r\n            font-size: 12px;\r\n            color: #607d8b;\r\n            margin: 10px 0px;\r\n            padding: 0px;\r\n            display: block;\r\n            text-decoration: none;\r\n                    }\r\n\r\n        .related-post .post-list .item .post_excerpt {\r\n            font-size: 13px;\r\n            color: #3f3f3f;\r\n            margin: 10px 0px;\r\n            padding: 0px;\r\n            display: block;\r\n            text-decoration: none;\r\n                    }\r\n\r\n        @media only screen and (min-width: 1024px) {\r\n            .related-post .post-list .item {\r\n                width: 22%;\r\n            }\r\n        }\r\n\r\n        @media only screen and (min-width: 768px) and (max-width: 1023px) {\r\n            .related-post .post-list .item {\r\n                width: 90%;\r\n            }\r\n        }\r\n\r\n        @media only screen and (min-width: 0px) and (max-width: 767px) {\r\n            .related-post .post-list .item {\r\n                width: 30%;\r\n            }\r\n        }\r\n\r\n            <\/style>\r\n        <\/div>\r\n<!-- AddThis Advanced Settings generic via filter on the_content --><!-- AddThis Share Buttons generic via filter on the_content -->","protected":false},"excerpt":{"rendered":"<p>Si ayer os cont\u00e1bamos c\u00f3mo sorprender a vuestra pareja con algo rom\u00e1ntico por San Valent\u00edn, hoy os damos una propuesta original para celebrar el D\u00eda de los Enamorados. M\u00e1s art\u00edculos a tener en cuenta Baby Shower, mucho m\u00e1s que un evento social 12 consejos para un Baby Shower perfecto Cu\u00e1ndo hacer el Baby Shower \u00bfQui\u00e9n debe organizar el Baby Shower?<!-- AddThis Advanced Settings generic via filter on get_the_excerpt --><!-- AddThis Share Buttons generic via filter on get_the_excerpt --><\/p>\n    <div class=\"related-post grid\">\r\n                <div class=\"headline\">M\u00e1s art\u00edculos a tener en cuenta<\/div>\r\n        <div class=\"post-list \">\r\n\r\n                        <div class=\"item\">\r\n                        <div class=\"thumb post_thumb\">\r\n        <a  title=\"Baby Shower, mucho m\u00e1s que un evento social\" href=\"https:\/\/www.evento.love\/blog\/baby-shower-evento-social-madrid\/\">\r\n\r\n            <img width=\"150\" height=\"150\" src=\"https:\/\/www.evento.love\/blog\/wp-content\/uploads\/2016\/07\/babyshower-150x150.jpg\" class=\"attachment-thumbnail size-thumbnail wp-post-image\" alt=\"baby shower-fiesta-beb\u00e9-embarazo-embarazada\" decoding=\"async\" loading=\"lazy\" \/>\r\n\r\n        <\/a>\r\n    <\/div>\r\n\r\n    <a class=\"title post_title\"  title=\"Baby Shower, mucho m\u00e1s que un evento social\" href=\"https:\/\/www.evento.love\/blog\/baby-shower-evento-social-madrid\/\">\r\n                Baby Shower, mucho m\u00e1s que un evento social    <\/a>\r\n\r\n                <\/div>\r\n                            <div class=\"item\">\r\n                        <div class=\"thumb post_thumb\">\r\n        <a  title=\"12 consejos para un Baby Shower perfecto\" href=\"https:\/\/www.evento.love\/blog\/12-consejos-baby-shower-perfecto-madrid\/\">\r\n\r\n            <img width=\"150\" height=\"150\" src=\"https:\/\/www.evento.love\/blog\/wp-content\/uploads\/2016\/09\/16_05_20_12_consejos-para-que-tu-Baby-Shower-sea-perfecto-150x150.jpg\" class=\"attachment-thumbnail size-thumbnail wp-post-image\" alt=\"Baby Shower-perfecto-beb\u00e9-embarazado-embarazada-fiesta-babyshower\" decoding=\"async\" loading=\"lazy\" \/>\r\n\r\n        <\/a>\r\n    <\/div>\r\n\r\n    <a class=\"title post_title\"  title=\"12 consejos para un Baby Shower perfecto\" href=\"https:\/\/www.evento.love\/blog\/12-consejos-baby-shower-perfecto-madrid\/\">\r\n                12 consejos para un Baby Shower perfecto    <\/a>\r\n\r\n                <\/div>\r\n                            <div class=\"item\">\r\n                        <div class=\"thumb post_thumb\">\r\n        <a  title=\"Cu\u00e1ndo hacer el Baby Shower\" href=\"https:\/\/www.evento.love\/blog\/cuando-hacer-el-baby-shower-madrid\/\">\r\n\r\n            <img width=\"150\" height=\"150\" src=\"https:\/\/www.evento.love\/blog\/wp-content\/uploads\/2016\/09\/16_05_23_Cuando-hacer-el-Baby-Shower-150x150.jpg\" class=\"attachment-thumbnail size-thumbnail wp-post-image\" alt=\"Cu\u00e1ndo hacer el baby shower beb\u00e9 embarazo fiesta en Madrid\" decoding=\"async\" loading=\"lazy\" \/>\r\n\r\n        <\/a>\r\n    <\/div>\r\n\r\n    <a class=\"title post_title\"  title=\"Cu\u00e1ndo hacer el Baby Shower\" href=\"https:\/\/www.evento.love\/blog\/cuando-hacer-el-baby-shower-madrid\/\">\r\n                Cu\u00e1ndo hacer el Baby Shower    <\/a>\r\n\r\n                <\/div>\r\n                            <div class=\"item\">\r\n                        <div class=\"thumb post_thumb\">\r\n        <a  title=\"Baby Shower: Elaborando la lista de invitados\" href=\"https:\/\/www.evento.love\/blog\/baby-shower-lista-invitados-madrid\/\">\r\n\r\n            <img width=\"150\" height=\"150\" src=\"https:\/\/www.evento.love\/blog\/wp-content\/uploads\/2016\/09\/16_05_30_Baby-Shower-elaborando-la-lista-de-invitados-150x150.jpg\" class=\"attachment-thumbnail size-thumbnail wp-post-image\" alt=\"\" decoding=\"async\" loading=\"lazy\" \/>\r\n\r\n        <\/a>\r\n    <\/div>\r\n\r\n    <a class=\"title post_title\"  title=\"Baby Shower: Elaborando la lista de invitados\" href=\"https:\/\/www.evento.love\/blog\/baby-shower-lista-invitados-madrid\/\">\r\n                Baby Shower: Elaborando la lista de invitados    <\/a>\r\n\r\n                <\/div>\r\n            \r\n    <\/div>\r\n\r\n    <script>\r\n            <\/script>\r\n    <style>\r\n        .related-post {}\r\n\r\n        .related-post .post-list {\r\n            text-align: left;\r\n                    }\r\n\r\n        .related-post .post-list .item {\r\n            margin: 5px 10px;\r\n            padding: 0px;\r\n                    }\r\n\r\n        .related-post .headline {\r\n            font-size: 24px !important;\r\n            color: #000000 !important;\r\n                    }\r\n\r\n        .related-post .headline{\r\nfont-weight:400 !important;\r\ntext-transform: uppercase;\r\n}.related-post .post-list .item .post_thumb {\r\n            max-height: 180px;\r\n            margin: 10px 0px;\r\n            padding: 0px;\r\n            display: block;\r\n                    }\r\n\r\n        .related-post .post-list .item .post_title {\r\n            font-size: 12px;\r\n            color: #607d8b;\r\n            margin: 10px 0px;\r\n            padding: 0px;\r\n            display: block;\r\n            text-decoration: none;\r\n                    }\r\n\r\n        .related-post .post-list .item .post_excerpt {\r\n            font-size: 13px;\r\n            color: #3f3f3f;\r\n            margin: 10px 0px;\r\n            padding: 0px;\r\n            display: block;\r\n            text-decoration: none;\r\n                    }\r\n\r\n        @media only screen and (min-width: 1024px) {\r\n            .related-post .post-list .item {\r\n                width: 22%;\r\n            }\r\n        }\r\n\r\n        @media only screen and (min-width: 768px) and (max-width: 1023px) {\r\n            .related-post .post-list .item {\r\n                width: 90%;\r\n            }\r\n        }\r\n\r\n        @media only screen and (min-width: 0px) and (max-width: 767px) {\r\n            .related-post .post-list .item {\r\n                width: 30%;\r\n            }\r\n        }\r\n\r\n            <\/style>\r\n        <\/div>\r\n","protected":false},"author":1,"featured_media":4088,"comment_status":"closed","ping_status":"open","sticky":false,"template":"","format":"standard","meta":{"content-type":""},"categories":[811,1],"tags":[1231,938,52,818,1236,564,1235],"yoast_head":"<!-- This site is optimized with the Yoast SEO plugin v20.7 - https:\/\/yoast.com\/wordpress\/plugins\/seo\/ -->\n<title>Celebra un original D\u00eda de los Enamorados - El Blog de evento.love<\/title>\n<meta name=\"description\" content=\"Celebra San Valent\u00edn con una fiesta de lo m\u00e1s original entre amigos. Te ayudamos a organizar el mejor D\u00eda de los Enamorados con estas ideas.\" \/>\n<meta name=\"robots\" content=\"index, follow, max-snippet:-1, max-image-preview:large, max-video-preview:-1\" \/>\n<meta property=\"og:locale\" content=\"es_ES\" \/>\n<meta property=\"og:type\" content=\"article\" \/>\n<meta property=\"og:title\" content=\"Celebra un original D\u00eda de los Enamorados - El Blog de evento.love\" \/>\n<meta property=\"og:description\" content=\"Celebra San Valent\u00edn con una fiesta de lo m\u00e1s original entre amigos. Te ayudamos a organizar el mejor D\u00eda de los Enamorados con estas ideas.\" \/>\n<meta property=\"og:url\" content=\"https:\/\/www.evento.love\/blog\/celebra-un-original-dia-de-los-enamorados\/\" \/>\n<meta property=\"og:site_name\" content=\"El Blog de evento.love\" \/>\n<meta property=\"article:publisher\" content=\"https:\/\/www.facebook.com\/Evento.love\/\" \/>\n<meta property=\"article:published_time\" content=\"2019-01-30T10:00:00+00:00\" \/>\n<meta property=\"article:modified_time\" content=\"2019-07-22T08:48:17+00:00\" \/>\n<meta property=\"og:image\" content=\"https:\/\/www.evento.love\/blog\/wp-content\/uploads\/2019\/01\/dia-de-los-enamorados.jpg\" \/>\n\t<meta property=\"og:image:width\" content=\"850\" \/>\n\t<meta property=\"og:image:height\" content=\"613\" \/>\n\t<meta property=\"og:image:type\" content=\"image\/jpeg\" \/>\n<meta name=\"author\" content=\"Evento Love\" \/>\n<meta name=\"twitter:card\" content=\"summary_large_image\" \/>\n<meta name=\"twitter:creator\" content=\"@Evento_love\" \/>\n<meta name=\"twitter:site\" content=\"@Evento_love\" \/>\n<meta name=\"twitter:label1\" content=\"Escrito por\" \/>\n\t<meta name=\"twitter:data1\" content=\"Evento Love\" \/>\n\t<meta name=\"twitter:label2\" content=\"Tiempo de lectura\" \/>\n\t<meta name=\"twitter:data2\" content=\"3 minutos\" \/>\n<!-- \/ Yoast SEO plugin. -->","yoast_head_json":{"title":"Celebra un original D\u00eda de los Enamorados - El Blog de evento.love","description":"Celebra San Valent\u00edn con una fiesta de lo m\u00e1s original entre amigos. Te ayudamos a organizar el mejor D\u00eda de los Enamorados con estas ideas.","robots":{"index":"index","follow":"follow","max-snippet":"max-snippet:-1","max-image-preview":"max-image-preview:large","max-video-preview":"max-video-preview:-1"},"og_locale":"es_ES","og_type":"article","og_title":"Celebra un original D\u00eda de los Enamorados - El Blog de evento.love","og_description":"Celebra San Valent\u00edn con una fiesta de lo m\u00e1s original entre amigos. Te ayudamos a organizar el mejor D\u00eda de los Enamorados con estas ideas.","og_url":"https:\/\/www.evento.love\/blog\/celebra-un-original-dia-de-los-enamorados\/","og_site_name":"El Blog de evento.love","article_publisher":"https:\/\/www.facebook.com\/Evento.love\/","article_published_time":"2019-01-30T10:00:00+00:00","article_modified_time":"2019-07-22T08:48:17+00:00","og_image":[{"width":850,"height":613,"url":"https:\/\/www.evento.love\/blog\/wp-content\/uploads\/2019\/01\/dia-de-los-enamorados.jpg","type":"image\/jpeg"}],"author":"Evento Love","twitter_card":"summary_large_image","twitter_creator":"@Evento_love","twitter_site":"@Evento_love","twitter_misc":{"Escrito por":"Evento Love","Tiempo de lectura":"3 minutos"},"schema":{"@context":"https:\/\/schema.org","@graph":[{"@type":"Article","@id":"https:\/\/www.evento.love\/blog\/celebra-un-original-dia-de-los-enamorados\/#article","isPartOf":{"@id":"https:\/\/www.evento.love\/blog\/celebra-un-original-dia-de-los-enamorados\/"},"author":{"name":"Evento Love","@id":"https:\/\/www.evento.love\/blog\/#\/schema\/person\/a184c2ed424b7fb3006372ce8051542c"},"headline":"Celebra un original D\u00eda de los Enamorados","datePublished":"2019-01-30T10:00:00+00:00","dateModified":"2019-07-22T08:48:17+00:00","mainEntityOfPage":{"@id":"https:\/\/www.evento.love\/blog\/celebra-un-original-dia-de-los-enamorados\/"},"wordCount":568,"publisher":{"@id":"https:\/\/www.evento.love\/blog\/#organization"},"keywords":["d\u00eda de los enamorados","espacio para eventos","fiesta","organizaci\u00f3n de eventos","regalos de San Valent\u00edn originales","san valentin","San Valent\u00edn Original"],"articleSection":["Decoraci\u00f3n","Event planner"],"inLanguage":"es"},{"@type":"WebPage","@id":"https:\/\/www.evento.love\/blog\/celebra-un-original-dia-de-los-enamorados\/","url":"https:\/\/www.evento.love\/blog\/celebra-un-original-dia-de-los-enamorados\/","name":"Celebra un original D\u00eda de los Enamorados - El Blog de evento.love","isPartOf":{"@id":"https:\/\/www.evento.love\/blog\/#website"},"datePublished":"2019-01-30T10:00:00+00:00","dateModified":"2019-07-22T08:48:17+00:00","description":"Celebra San Valent\u00edn con una fiesta de lo m\u00e1s original entre amigos. Te ayudamos a organizar el mejor D\u00eda de los Enamorados con estas ideas.","breadcrumb":{"@id":"https:\/\/www.evento.love\/blog\/celebra-un-original-dia-de-los-enamorados\/#breadcrumb"},"inLanguage":"es","potentialAction":[{"@type":"ReadAction","target":["https:\/\/www.evento.love\/blog\/celebra-un-original-dia-de-los-enamorados\/"]}]},{"@type":"BreadcrumbList","@id":"https:\/\/www.evento.love\/blog\/celebra-un-original-dia-de-los-enamorados\/#breadcrumb","itemListElement":[{"@type":"ListItem","position":1,"name":"Evento.love","item":"https:\/\/www.evento.love\/blog\/"},{"@type":"ListItem","position":2,"name":"Decoraci\u00f3n","item":"https:\/\/www.evento.love\/blog\/category\/decoracion\/"},{"@type":"ListItem","position":3,"name":"Celebra un original D\u00eda de los Enamorados"}]},{"@type":"WebSite","@id":"https:\/\/www.evento.love\/blog\/#website","url":"https:\/\/www.evento.love\/blog\/","name":"El Blog de evento.love","description":"T\u00fa lo mereces. Disfruta de tu momento","publisher":{"@id":"https:\/\/www.evento.love\/blog\/#organization"},"potentialAction":[{"@type":"SearchAction","target":{"@type":"EntryPoint","urlTemplate":"https:\/\/www.evento.love\/blog\/?s={search_term_string}"},"query-input":"required name=search_term_string"}],"inLanguage":"es"},{"@type":"Organization","@id":"https:\/\/www.evento.love\/blog\/#organization","name":"evento.love","url":"https:\/\/www.evento.love\/blog\/","logo":{"@type":"ImageObject","inLanguage":"es","@id":"https:\/\/www.evento.love\/blog\/#\/schema\/logo\/image\/","url":"https:\/\/www.evento.love\/blog\/wp-content\/uploads\/2016\/07\/logo-evento-love.png","contentUrl":"https:\/\/www.evento.love\/blog\/wp-content\/uploads\/2016\/07\/logo-evento-love.png","width":197,"height":59,"caption":"evento.love"},"image":{"@id":"https:\/\/www.evento.love\/blog\/#\/schema\/logo\/image\/"},"sameAs":["https:\/\/www.facebook.com\/Evento.love\/","https:\/\/twitter.com\/Evento_love","https:\/\/www.instagram.com\/evento.love\/","https:\/\/es.pinterest.com\/evento_love\/","https:\/\/www.youtube.com\/channel\/UCcVbo6ymzx-7FlDJja8aQnw"]},{"@type":"Person","@id":"https:\/\/www.evento.love\/blog\/#\/schema\/person\/a184c2ed424b7fb3006372ce8051542c","name":"Evento Love"}]}},"_links":{"self":[{"href":"https:\/\/www.evento.love\/blog\/wp-json\/wp\/v2\/posts\/4030"}],"collection":[{"href":"https:\/\/www.evento.love\/blog\/wp-json\/wp\/v2\/posts"}],"about":[{"href":"https:\/\/www.evento.love\/blog\/wp-json\/wp\/v2\/types\/post"}],"author":[{"embeddable":true,"href":"https:\/\/www.evento.love\/blog\/wp-json\/wp\/v2\/users\/1"}],"replies":[{"embeddable":true,"href":"https:\/\/www.evento.love\/blog\/wp-json\/wp\/v2\/comments?post=4030"}],"version-history":[{"count":7,"href":"https:\/\/www.evento.love\/blog\/wp-json\/wp\/v2\/posts\/4030\/revisions"}],"predecessor-version":[{"id":5057,"href":"https:\/\/www.evento.love\/blog\/wp-json\/wp\/v2\/posts\/4030\/revisions\/5057"}],"wp:featuredmedia":[{"embeddable":true,"href":"https:\/\/www.evento.love\/blog\/wp-json\/wp\/v2\/media\/4088"}],"wp:attachment":[{"href":"https:\/\/www.evento.love\/blog\/wp-json\/wp\/v2\/media?parent=4030"}],"wp:term":[{"taxonomy":"category","embeddable":true,"href":"https:\/\/www.evento.love\/blog\/wp-json\/wp\/v2\/categories?post=4030"},{"taxonomy":"post_tag","embeddable":true,"href":"https:\/\/www.evento.love\/blog\/wp-json\/wp\/v2\/tags?post=4030"}],"curies":[{"name":"wp","href":"https:\/\/api.w.org\/{rel}","templated":true}]}}