{"id":4147,"date":"2019-02-26T11:00:22","date_gmt":"2019-02-26T09:00:22","guid":{"rendered":"https:\/\/www.evento.love\/blog\/?p=4147"},"modified":"2019-07-19T00:17:46","modified_gmt":"2019-07-18T22:17:46","slug":"como-escoger-la-fecha-de-la-boda","status":"publish","type":"post","link":"https:\/\/www.evento.love\/blog\/como-escoger-la-fecha-de-la-boda\/","title":{"rendered":"C\u00f3mo escoger la fecha de la boda"},"content":{"rendered":"<p>Te has prometido, \u00a1enhorabuena! Est\u00e1s viviendo un momento muy dulce, cargado de ilusiones y con mucho que hacer por delante. Una de las primeras cosas a las que te tendr\u00e1s que enfrentar y quiz\u00e1 se te atasque, es la elecci\u00f3n de la fecha de la boda.<!--more--><\/p>\n<p>Para ayudarte a que esto no suceda, te damos las claves y aspectos en los que debes pensar para elegir el d\u00eda m\u00e1s feliz de tu vida. \u00a1Empezamos!<\/p>\n<p><img decoding=\"async\" loading=\"lazy\" class=\"aligncenter size-full wp-image-4173\" src=\"https:\/\/www.evento.love\/blog\/wp-content\/uploads\/2019\/02\/fecha-de-la-boda-2-1.jpg\" alt=\"fecha de la boda\" width=\"850\" height=\"566\" srcset=\"https:\/\/www.evento.love\/blog\/wp-content\/uploads\/2019\/02\/fecha-de-la-boda-2-1.jpg 850w, https:\/\/www.evento.love\/blog\/wp-content\/uploads\/2019\/02\/fecha-de-la-boda-2-1-300x200.jpg 300w, https:\/\/www.evento.love\/blog\/wp-content\/uploads\/2019\/02\/fecha-de-la-boda-2-1-768x511.jpg 768w, https:\/\/www.evento.love\/blog\/wp-content\/uploads\/2019\/02\/fecha-de-la-boda-2-1-405x270.jpg 405w\" sizes=\"(max-width: 850px) 100vw, 850px\" \/><\/p>\n<h1>C\u00f3mo escoger la fecha de la boda<\/h1>\n<h2>Escoge tu estaci\u00f3n preferida<\/h2>\n<p>Lo primero es pensar en la estaci\u00f3n del a\u00f1o en la que quieres casarte. Esto depende de varios factores:<\/p>\n<ul>\n<li>Tus gustos. Quiz\u00e1 te enamoren los colores del oto\u00f1o y tengas especial conexi\u00f3n con esa \u00e9poca del a\u00f1o. O te encanta la nieve y quieres una <a href=\"https:\/\/www.evento.love\/blog\/ideas-para-boda-de-invierno\/\" target=\"_blank\" rel=\"noopener noreferrer\">boda invernal<\/a>. \u00a1Para gustos los colores!<\/li>\n<li>Ubicaci\u00f3n. No es lo mismo casarse en verano en Sevilla o en Asturias. Intenta evitar las temperaturas extremas y busca una estaci\u00f3n en la que el clima sea moderado.<\/li>\n<li>Proximidad. Si te has prometido en verano, quiz\u00e1 casarse ese mismo oto\u00f1o es demasiado pronto y no te da tiempo a organizar la boda de tus sue\u00f1os, y el oto\u00f1o siguiente est\u00e1 muy lejano&#8230;Ten en cuenta los factores de la organizaci\u00f3n y decide tambi\u00e9n conforme a ellos.<\/li>\n<\/ul>\n<h2>Revisa el calendario de festivos y fechas especiales<\/h2>\n<p>Para asegurarte de que nadie hace planes, es fundamental revisar los festivos de ese a\u00f1o. Y no solo los m\u00e1s t\u00edpicos, intenta profundizar en las fiestas propias del a\u00f1o de tu boda para que no se te escape nada. Hay novios que incluso miran los partidos de f\u00fatbol, para no tener a los invitados pendientes del resultado&#8230;<\/p>\n<p>No obstante, si lo avisas con tiempo a tus invitados y estos vienen de lejos, s\u00ed que es una buena opci\u00f3n escoger un puente para que el viaje se les haga m\u00e1s ameno y puedan disfrutar de la estancia sin tener que pedir vacaciones adicionales.<\/p>\n<h2>\u00bfBoda de d\u00eda o boda de noche?<\/h2>\n<p>Si te apasionan las bodas de noche pero quieres que tu ceremonia sea con la luz del d\u00eda, est\u00e1 claro que deber\u00e1s escoger los d\u00edas m\u00e1s largos, y tener en cuenta la puesta de sol para las fotograf\u00edas. Te recomendamos <a href=\"https:\/\/www.evento.love\/blog\/reflexiones-de-una-wedding-planner-boda-de-dia-o-de-noche\/\" target=\"_blank\" rel=\"noopener noreferrer\">este art\u00edculo<\/a> para ayudarte a decidir.<\/p>\n<h2>N\u00fameros con significado<\/h2>\n<p>Hay n\u00fameros o fechas que tienen un significado especial para vosotros. El d\u00eda en el que os conocisteis, vuestro n\u00famero de la suerte, el d\u00eda de vuestro primer beso&#8230;Pod\u00e9is jugar con esos n\u00fameros y escoger la fecha de la boda de una manera muy bonita.<\/p>\n<p><img decoding=\"async\" loading=\"lazy\" class=\"aligncenter size-full wp-image-4172\" src=\"https:\/\/www.evento.love\/blog\/wp-content\/uploads\/2019\/02\/fecha-de-la-boda-1-1.jpg\" alt=\"fecha de la boda\" width=\"850\" height=\"567\" srcset=\"https:\/\/www.evento.love\/blog\/wp-content\/uploads\/2019\/02\/fecha-de-la-boda-1-1.jpg 850w, https:\/\/www.evento.love\/blog\/wp-content\/uploads\/2019\/02\/fecha-de-la-boda-1-1-300x200.jpg 300w, https:\/\/www.evento.love\/blog\/wp-content\/uploads\/2019\/02\/fecha-de-la-boda-1-1-768x512.jpg 768w, https:\/\/www.evento.love\/blog\/wp-content\/uploads\/2019\/02\/fecha-de-la-boda-1-1-405x270.jpg 405w\" sizes=\"(max-width: 850px) 100vw, 850px\" \/><\/p>\n<h2>Tener en cuenta el presupuesto<\/h2>\n<p>Y por \u00faltimo pero no menos importante, tener en cuenta el presupuesto. En temporada baja los precios de los men\u00fas en los espacios suelen bajar, as\u00ed como del resto de proveedores, ya que no es \u00e9poca de muchas bodas. Pensad si os compensa escoger una fecha en temporada baja y destinar ese presupuesto a otras cosas como la <a href=\"https:\/\/www.evento.love\/blog\/5-tendencias-en-decoracion-de-mesas-de-boda\/\" target=\"_blank\" rel=\"noopener noreferrer\">decoraci\u00f3n<\/a> o la <a href=\"https:\/\/www.evento.love\/blog\/luna-de-miel-origen-tradicion\/\" target=\"_blank\" rel=\"noopener noreferrer\">luna de miel<\/a>.<\/p>\n<p>&#8211;<\/p>\n<p>\u00bfQuieres contar con una <a href=\"https:\/\/www.evento.love\/bodas\/\" target=\"_blank\" rel=\"noopener noreferrer\">wedding planner<\/a> que os oriente y ayude con la organizaci\u00f3n de la boda? Nosotras te ayudaremos a que sea un d\u00eda de ensue\u00f1o. Escr\u00edbenos a <a href=\"mailto:hola@evento.love\" target=\"_blank\" rel=\"noopener noreferrer\">hola@evento.love<\/a>.<\/p>\n<p>&#8211;<\/p>\n<p>Do you want to have a <a href=\"https:\/\/www.evento.love\/bodas\/\" target=\"_blank\" rel=\"noopener noreferrer\">wedding planner<\/a> to guide you and help with the organization of the wedding? We will help you to make it a dream day. Write to us at <a href=\"mailto:hola@evento.love\" target=\"_blank\" rel=\"noopener noreferrer\">hola@evento.love<\/a>.<\/p>\n    <div class=\"related-post grid\">\r\n                <div class=\"headline\">M\u00e1s art\u00edculos a tener en cuenta<\/div>\r\n        <div class=\"post-list \">\r\n\r\n                        <div class=\"item\">\r\n                        <div class=\"thumb post_thumb\">\r\n        <a  title=\"Juegos y actividades en tu baby shower\" href=\"https:\/\/www.evento.love\/blog\/juegos-actividades-baby-shower-madrid\/\">\r\n\r\n            <img width=\"150\" height=\"150\" src=\"https:\/\/www.evento.love\/blog\/wp-content\/uploads\/2016\/09\/16_06_28_Juegos-y-actividades-en-tu-baby-shower-150x150.jpg\" class=\"attachment-thumbnail size-thumbnail wp-post-image\" alt=\"\" decoding=\"async\" loading=\"lazy\" \/>\r\n\r\n        <\/a>\r\n    <\/div>\r\n\r\n    <a class=\"title post_title\"  title=\"Juegos y actividades en tu baby shower\" href=\"https:\/\/www.evento.love\/blog\/juegos-actividades-baby-shower-madrid\/\">\r\n                Juegos y actividades en tu baby shower    <\/a>\r\n\r\n                <\/div>\r\n                            <div class=\"item\">\r\n                        <div class=\"thumb post_thumb\">\r\n        <a  title=\"C\u00f3mo inmortalizar tu baby shower\" href=\"https:\/\/www.evento.love\/blog\/inmortalizar-baby-shower-madrid\/\">\r\n\r\n            <img width=\"150\" height=\"150\" src=\"https:\/\/www.evento.love\/blog\/wp-content\/uploads\/2016\/09\/16_06_30_C\u00f3mo-inmortalizar-tu-baby-shower-150x150.jpg\" class=\"attachment-thumbnail size-thumbnail wp-post-image\" alt=\"\" decoding=\"async\" loading=\"lazy\" \/>\r\n\r\n        <\/a>\r\n    <\/div>\r\n\r\n    <a class=\"title post_title\"  title=\"C\u00f3mo inmortalizar tu baby shower\" href=\"https:\/\/www.evento.love\/blog\/inmortalizar-baby-shower-madrid\/\">\r\n                C\u00f3mo inmortalizar tu baby shower    <\/a>\r\n\r\n                <\/div>\r\n                            <div class=\"item\">\r\n                        <div class=\"thumb post_thumb\">\r\n        <a  title=\"Juegos en el baby shower\" href=\"https:\/\/www.evento.love\/blog\/juegos-baby-shower-madrid\/\">\r\n\r\n            <img width=\"150\" height=\"150\" src=\"https:\/\/www.evento.love\/blog\/wp-content\/uploads\/2016\/09\/16_07_22_Juegos-para-el-baby-shower-150x150.jpg\" class=\"attachment-thumbnail size-thumbnail wp-post-image\" alt=\"\" decoding=\"async\" loading=\"lazy\" \/>\r\n\r\n        <\/a>\r\n    <\/div>\r\n\r\n    <a class=\"title post_title\"  title=\"Juegos en el baby shower\" href=\"https:\/\/www.evento.love\/blog\/juegos-baby-shower-madrid\/\">\r\n                Juegos en el baby shower    <\/a>\r\n\r\n                <\/div>\r\n                            <div class=\"item\">\r\n                        <div class=\"thumb post_thumb\">\r\n        <a  title=\"Un beb\u00e9 en camino \u00bfBaby shower o bautizo?\" href=\"https:\/\/www.evento.love\/blog\/bebe-baby-shower-bautizo-madrid\/\">\r\n\r\n            <img width=\"150\" height=\"150\" src=\"https:\/\/www.evento.love\/blog\/wp-content\/uploads\/2016\/09\/16_07_30_Un-beb\u00e9-en-camino-\u00bfBaby-Shower-o-Bautizo-150x150.jpg\" class=\"attachment-thumbnail size-thumbnail wp-post-image\" alt=\"\" decoding=\"async\" loading=\"lazy\" \/>\r\n\r\n        <\/a>\r\n    <\/div>\r\n\r\n    <a class=\"title post_title\"  title=\"Un beb\u00e9 en camino \u00bfBaby shower o bautizo?\" href=\"https:\/\/www.evento.love\/blog\/bebe-baby-shower-bautizo-madrid\/\">\r\n                Un beb\u00e9 en camino \u00bfBaby shower o bautizo?    <\/a>\r\n\r\n                <\/div>\r\n            \r\n    <\/div>\r\n\r\n    <script>\r\n            <\/script>\r\n    <style>\r\n        .related-post {}\r\n\r\n        .related-post .post-list {\r\n            text-align: left;\r\n                    }\r\n\r\n        .related-post .post-list .item {\r\n            margin: 5px 10px;\r\n            padding: 0px;\r\n                    }\r\n\r\n        .related-post .headline {\r\n            font-size: 24px !important;\r\n            color: #000000 !important;\r\n                    }\r\n\r\n        .related-post .headline{\r\nfont-weight:400 !important;\r\ntext-transform: uppercase;\r\n}.related-post .post-list .item .post_thumb {\r\n            max-height: 180px;\r\n            margin: 10px 0px;\r\n            padding: 0px;\r\n            display: block;\r\n                    }\r\n\r\n        .related-post .post-list .item .post_title {\r\n            font-size: 12px;\r\n            color: #607d8b;\r\n            margin: 10px 0px;\r\n            padding: 0px;\r\n            display: block;\r\n            text-decoration: none;\r\n                    }\r\n\r\n        .related-post .post-list .item .post_excerpt {\r\n            font-size: 13px;\r\n            color: #3f3f3f;\r\n            margin: 10px 0px;\r\n            padding: 0px;\r\n            display: block;\r\n            text-decoration: none;\r\n                    }\r\n\r\n        @media only screen and (min-width: 1024px) {\r\n            .related-post .post-list .item {\r\n                width: 22%;\r\n            }\r\n        }\r\n\r\n        @media only screen and (min-width: 768px) and (max-width: 1023px) {\r\n            .related-post .post-list .item {\r\n                width: 90%;\r\n            }\r\n        }\r\n\r\n        @media only screen and (min-width: 0px) and (max-width: 767px) {\r\n            .related-post .post-list .item {\r\n                width: 30%;\r\n            }\r\n        }\r\n\r\n            <\/style>\r\n        <\/div>\r\n<!-- AddThis Advanced Settings generic via filter on the_content --><!-- AddThis Share Buttons generic via filter on the_content -->","protected":false},"excerpt":{"rendered":"<p>Te has prometido, \u00a1enhorabuena! Est\u00e1s viviendo un momento muy dulce, cargado de ilusiones y con mucho que hacer por delante. Una de las primeras cosas a las que te tendr\u00e1s que enfrentar y quiz\u00e1 se te atasque, es la elecci\u00f3n de la fecha de la boda. M\u00e1s art\u00edculos a tener en cuenta Baby Shower, mucho m\u00e1s que un evento social 12 consejos para un Baby Shower perfecto Cu\u00e1ndo hacer el Baby Shower Baby Shower: Elaborando la lista de invitados<!-- AddThis Advanced Settings generic via filter on get_the_excerpt --><!-- AddThis Share Buttons generic via filter on get_the_excerpt --><\/p>\n    <div class=\"related-post grid\">\r\n                <div class=\"headline\">M\u00e1s art\u00edculos a tener en cuenta<\/div>\r\n        <div class=\"post-list \">\r\n\r\n                        <div class=\"item\">\r\n                        <div class=\"thumb post_thumb\">\r\n        <a  title=\"Baby Shower, mucho m\u00e1s que un evento social\" href=\"https:\/\/www.evento.love\/blog\/baby-shower-evento-social-madrid\/\">\r\n\r\n            <img width=\"150\" height=\"150\" src=\"https:\/\/www.evento.love\/blog\/wp-content\/uploads\/2016\/07\/babyshower-150x150.jpg\" class=\"attachment-thumbnail size-thumbnail wp-post-image\" alt=\"baby shower-fiesta-beb\u00e9-embarazo-embarazada\" decoding=\"async\" loading=\"lazy\" \/>\r\n\r\n        <\/a>\r\n    <\/div>\r\n\r\n    <a class=\"title post_title\"  title=\"Baby Shower, mucho m\u00e1s que un evento social\" href=\"https:\/\/www.evento.love\/blog\/baby-shower-evento-social-madrid\/\">\r\n                Baby Shower, mucho m\u00e1s que un evento social    <\/a>\r\n\r\n                <\/div>\r\n                            <div class=\"item\">\r\n                        <div class=\"thumb post_thumb\">\r\n        <a  title=\"12 consejos para un Baby Shower perfecto\" href=\"https:\/\/www.evento.love\/blog\/12-consejos-baby-shower-perfecto-madrid\/\">\r\n\r\n            <img width=\"150\" height=\"150\" src=\"https:\/\/www.evento.love\/blog\/wp-content\/uploads\/2016\/09\/16_05_20_12_consejos-para-que-tu-Baby-Shower-sea-perfecto-150x150.jpg\" class=\"attachment-thumbnail size-thumbnail wp-post-image\" alt=\"Baby Shower-perfecto-beb\u00e9-embarazado-embarazada-fiesta-babyshower\" decoding=\"async\" loading=\"lazy\" \/>\r\n\r\n        <\/a>\r\n    <\/div>\r\n\r\n    <a class=\"title post_title\"  title=\"12 consejos para un Baby Shower perfecto\" href=\"https:\/\/www.evento.love\/blog\/12-consejos-baby-shower-perfecto-madrid\/\">\r\n                12 consejos para un Baby Shower perfecto    <\/a>\r\n\r\n                <\/div>\r\n                            <div class=\"item\">\r\n                        <div class=\"thumb post_thumb\">\r\n        <a  title=\"Cu\u00e1ndo hacer el Baby Shower\" href=\"https:\/\/www.evento.love\/blog\/cuando-hacer-el-baby-shower-madrid\/\">\r\n\r\n            <img width=\"150\" height=\"150\" src=\"https:\/\/www.evento.love\/blog\/wp-content\/uploads\/2016\/09\/16_05_23_Cuando-hacer-el-Baby-Shower-150x150.jpg\" class=\"attachment-thumbnail size-thumbnail wp-post-image\" alt=\"Cu\u00e1ndo hacer el baby shower beb\u00e9 embarazo fiesta en Madrid\" decoding=\"async\" loading=\"lazy\" \/>\r\n\r\n        <\/a>\r\n    <\/div>\r\n\r\n    <a class=\"title post_title\"  title=\"Cu\u00e1ndo hacer el Baby Shower\" href=\"https:\/\/www.evento.love\/blog\/cuando-hacer-el-baby-shower-madrid\/\">\r\n                Cu\u00e1ndo hacer el Baby Shower    <\/a>\r\n\r\n                <\/div>\r\n                            <div class=\"item\">\r\n                        <div class=\"thumb post_thumb\">\r\n        <a  title=\"\u00bfQui\u00e9n debe organizar el Baby Shower?\" href=\"https:\/\/www.evento.love\/blog\/quien-organizar-baby-shower-madrid\/\">\r\n\r\n            <img width=\"150\" height=\"150\" src=\"https:\/\/www.evento.love\/blog\/wp-content\/uploads\/2016\/09\/16_05_29_Qui\u00e9n-organiza-el-Baby-Shower-150x150.jpg\" class=\"attachment-thumbnail size-thumbnail wp-post-image\" alt=\"Organizaci\u00f3n Baby Shower Madrid fiesta beb\u00e9 embarazada\" decoding=\"async\" loading=\"lazy\" \/>\r\n\r\n        <\/a>\r\n    <\/div>\r\n\r\n    <a class=\"title post_title\"  title=\"\u00bfQui\u00e9n debe organizar el Baby Shower?\" href=\"https:\/\/www.evento.love\/blog\/quien-organizar-baby-shower-madrid\/\">\r\n                \u00bfQui\u00e9n debe organizar el Baby Shower?    <\/a>\r\n\r\n                <\/div>\r\n            \r\n    <\/div>\r\n\r\n    <script>\r\n            <\/script>\r\n    <style>\r\n        .related-post {}\r\n\r\n        .related-post .post-list {\r\n            text-align: left;\r\n                    }\r\n\r\n        .related-post .post-list .item {\r\n            margin: 5px 10px;\r\n            padding: 0px;\r\n                    }\r\n\r\n        .related-post .headline {\r\n            font-size: 24px !important;\r\n            color: #000000 !important;\r\n                    }\r\n\r\n        .related-post .headline{\r\nfont-weight:400 !important;\r\ntext-transform: uppercase;\r\n}.related-post .post-list .item .post_thumb {\r\n            max-height: 180px;\r\n            margin: 10px 0px;\r\n            padding: 0px;\r\n            display: block;\r\n                    }\r\n\r\n        .related-post .post-list .item .post_title {\r\n            font-size: 12px;\r\n            color: #607d8b;\r\n            margin: 10px 0px;\r\n            padding: 0px;\r\n            display: block;\r\n            text-decoration: none;\r\n                    }\r\n\r\n        .related-post .post-list .item .post_excerpt {\r\n            font-size: 13px;\r\n            color: #3f3f3f;\r\n            margin: 10px 0px;\r\n            padding: 0px;\r\n            display: block;\r\n            text-decoration: none;\r\n                    }\r\n\r\n        @media only screen and (min-width: 1024px) {\r\n            .related-post .post-list .item {\r\n                width: 22%;\r\n            }\r\n        }\r\n\r\n        @media only screen and (min-width: 768px) and (max-width: 1023px) {\r\n            .related-post .post-list .item {\r\n                width: 90%;\r\n            }\r\n        }\r\n\r\n        @media only screen and (min-width: 0px) and (max-width: 767px) {\r\n            .related-post .post-list .item {\r\n                width: 30%;\r\n            }\r\n        }\r\n\r\n            <\/style>\r\n        <\/div>\r\n","protected":false},"author":1,"featured_media":4171,"comment_status":"closed","ping_status":"open","sticky":false,"template":"","format":"standard","meta":{"content-type":""},"categories":[756],"tags":[375,934,1269,889,1002,888,1161],"yoast_head":"<!-- This site is optimized with the Yoast SEO plugin v20.7 - https:\/\/yoast.com\/wordpress\/plugins\/seo\/ -->\n<title>C\u00f3mo escoger la fecha de la boda - El Blog de evento.love<\/title>\n<meta name=\"description\" content=\"Las claves definitivas que te ayudar\u00e1n a escoger la fecha de la boda sin agobios ni preocupaciones. Te ayudamos a organizarla como siempre la so\u00f1aste.\" \/>\n<meta name=\"robots\" content=\"index, follow, max-snippet:-1, max-image-preview:large, max-video-preview:-1\" \/>\n<meta property=\"og:locale\" content=\"es_ES\" \/>\n<meta property=\"og:type\" content=\"article\" \/>\n<meta property=\"og:title\" content=\"C\u00f3mo escoger la fecha de la boda - El Blog de evento.love\" \/>\n<meta property=\"og:description\" content=\"Las claves definitivas que te ayudar\u00e1n a escoger la fecha de la boda sin agobios ni preocupaciones. Te ayudamos a organizarla como siempre la so\u00f1aste.\" \/>\n<meta property=\"og:url\" content=\"https:\/\/www.evento.love\/blog\/como-escoger-la-fecha-de-la-boda\/\" \/>\n<meta property=\"og:site_name\" content=\"El Blog de evento.love\" \/>\n<meta property=\"article:publisher\" content=\"https:\/\/www.facebook.com\/Evento.love\/\" \/>\n<meta property=\"article:published_time\" content=\"2019-02-26T09:00:22+00:00\" \/>\n<meta property=\"article:modified_time\" content=\"2019-07-18T22:17:46+00:00\" \/>\n<meta property=\"og:image\" content=\"https:\/\/www.evento.love\/blog\/wp-content\/uploads\/2019\/02\/fecha-de-la-boda-3.jpg\" \/>\n\t<meta property=\"og:image:width\" content=\"850\" \/>\n\t<meta property=\"og:image:height\" content=\"567\" \/>\n\t<meta property=\"og:image:type\" content=\"image\/jpeg\" \/>\n<meta name=\"author\" content=\"Evento Love\" \/>\n<meta name=\"twitter:card\" content=\"summary_large_image\" \/>\n<meta name=\"twitter:creator\" content=\"@Evento_love\" \/>\n<meta name=\"twitter:site\" content=\"@Evento_love\" \/>\n<meta name=\"twitter:label1\" content=\"Escrito por\" \/>\n\t<meta name=\"twitter:data1\" content=\"Evento Love\" \/>\n\t<meta name=\"twitter:label2\" content=\"Tiempo de lectura\" \/>\n\t<meta name=\"twitter:data2\" content=\"3 minutos\" \/>\n<!-- \/ Yoast SEO plugin. -->","yoast_head_json":{"title":"C\u00f3mo escoger la fecha de la boda - El Blog de evento.love","description":"Las claves definitivas que te ayudar\u00e1n a escoger la fecha de la boda sin agobios ni preocupaciones. Te ayudamos a organizarla como siempre la so\u00f1aste.","robots":{"index":"index","follow":"follow","max-snippet":"max-snippet:-1","max-image-preview":"max-image-preview:large","max-video-preview":"max-video-preview:-1"},"og_locale":"es_ES","og_type":"article","og_title":"C\u00f3mo escoger la fecha de la boda - El Blog de evento.love","og_description":"Las claves definitivas que te ayudar\u00e1n a escoger la fecha de la boda sin agobios ni preocupaciones. Te ayudamos a organizarla como siempre la so\u00f1aste.","og_url":"https:\/\/www.evento.love\/blog\/como-escoger-la-fecha-de-la-boda\/","og_site_name":"El Blog de evento.love","article_publisher":"https:\/\/www.facebook.com\/Evento.love\/","article_published_time":"2019-02-26T09:00:22+00:00","article_modified_time":"2019-07-18T22:17:46+00:00","og_image":[{"width":850,"height":567,"url":"https:\/\/www.evento.love\/blog\/wp-content\/uploads\/2019\/02\/fecha-de-la-boda-3.jpg","type":"image\/jpeg"}],"author":"Evento Love","twitter_card":"summary_large_image","twitter_creator":"@Evento_love","twitter_site":"@Evento_love","twitter_misc":{"Escrito por":"Evento Love","Tiempo de lectura":"3 minutos"},"schema":{"@context":"https:\/\/schema.org","@graph":[{"@type":"Article","@id":"https:\/\/www.evento.love\/blog\/como-escoger-la-fecha-de-la-boda\/#article","isPartOf":{"@id":"https:\/\/www.evento.love\/blog\/como-escoger-la-fecha-de-la-boda\/"},"author":{"name":"Evento Love","@id":"https:\/\/www.evento.love\/blog\/#\/schema\/person\/a184c2ed424b7fb3006372ce8051542c"},"headline":"C\u00f3mo escoger la fecha de la boda","datePublished":"2019-02-26T09:00:22+00:00","dateModified":"2019-07-18T22:17:46+00:00","mainEntityOfPage":{"@id":"https:\/\/www.evento.love\/blog\/como-escoger-la-fecha-de-la-boda\/"},"wordCount":618,"publisher":{"@id":"https:\/\/www.evento.love\/blog\/#organization"},"keywords":["boda","decoraci\u00f3n de bodas","fecha de la boda","organizaci\u00f3n de bodas","wedding","wedding planner","wedding planner en Madrid"],"articleSection":["Bodas"],"inLanguage":"es"},{"@type":"WebPage","@id":"https:\/\/www.evento.love\/blog\/como-escoger-la-fecha-de-la-boda\/","url":"https:\/\/www.evento.love\/blog\/como-escoger-la-fecha-de-la-boda\/","name":"C\u00f3mo escoger la fecha de la boda - El Blog de evento.love","isPartOf":{"@id":"https:\/\/www.evento.love\/blog\/#website"},"datePublished":"2019-02-26T09:00:22+00:00","dateModified":"2019-07-18T22:17:46+00:00","description":"Las claves definitivas que te ayudar\u00e1n a escoger la fecha de la boda sin agobios ni preocupaciones. Te ayudamos a organizarla como siempre la so\u00f1aste.","breadcrumb":{"@id":"https:\/\/www.evento.love\/blog\/como-escoger-la-fecha-de-la-boda\/#breadcrumb"},"inLanguage":"es","potentialAction":[{"@type":"ReadAction","target":["https:\/\/www.evento.love\/blog\/como-escoger-la-fecha-de-la-boda\/"]}]},{"@type":"BreadcrumbList","@id":"https:\/\/www.evento.love\/blog\/como-escoger-la-fecha-de-la-boda\/#breadcrumb","itemListElement":[{"@type":"ListItem","position":1,"name":"Evento.love","item":"https:\/\/www.evento.love\/blog\/"},{"@type":"ListItem","position":2,"name":"Bodas","item":"https:\/\/www.evento.love\/blog\/category\/bodas\/"},{"@type":"ListItem","position":3,"name":"C\u00f3mo escoger la fecha de la boda"}]},{"@type":"WebSite","@id":"https:\/\/www.evento.love\/blog\/#website","url":"https:\/\/www.evento.love\/blog\/","name":"El Blog de evento.love","description":"T\u00fa lo mereces. Disfruta de tu momento","publisher":{"@id":"https:\/\/www.evento.love\/blog\/#organization"},"potentialAction":[{"@type":"SearchAction","target":{"@type":"EntryPoint","urlTemplate":"https:\/\/www.evento.love\/blog\/?s={search_term_string}"},"query-input":"required name=search_term_string"}],"inLanguage":"es"},{"@type":"Organization","@id":"https:\/\/www.evento.love\/blog\/#organization","name":"evento.love","url":"https:\/\/www.evento.love\/blog\/","logo":{"@type":"ImageObject","inLanguage":"es","@id":"https:\/\/www.evento.love\/blog\/#\/schema\/logo\/image\/","url":"https:\/\/www.evento.love\/blog\/wp-content\/uploads\/2016\/07\/logo-evento-love.png","contentUrl":"https:\/\/www.evento.love\/blog\/wp-content\/uploads\/2016\/07\/logo-evento-love.png","width":197,"height":59,"caption":"evento.love"},"image":{"@id":"https:\/\/www.evento.love\/blog\/#\/schema\/logo\/image\/"},"sameAs":["https:\/\/www.facebook.com\/Evento.love\/","https:\/\/twitter.com\/Evento_love","https:\/\/www.instagram.com\/evento.love\/","https:\/\/es.pinterest.com\/evento_love\/","https:\/\/www.youtube.com\/channel\/UCcVbo6ymzx-7FlDJja8aQnw"]},{"@type":"Person","@id":"https:\/\/www.evento.love\/blog\/#\/schema\/person\/a184c2ed424b7fb3006372ce8051542c","name":"Evento Love"}]}},"_links":{"self":[{"href":"https:\/\/www.evento.love\/blog\/wp-json\/wp\/v2\/posts\/4147"}],"collection":[{"href":"https:\/\/www.evento.love\/blog\/wp-json\/wp\/v2\/posts"}],"about":[{"href":"https:\/\/www.evento.love\/blog\/wp-json\/wp\/v2\/types\/post"}],"author":[{"embeddable":true,"href":"https:\/\/www.evento.love\/blog\/wp-json\/wp\/v2\/users\/1"}],"replies":[{"embeddable":true,"href":"https:\/\/www.evento.love\/blog\/wp-json\/wp\/v2\/comments?post=4147"}],"version-history":[{"count":7,"href":"https:\/\/www.evento.love\/blog\/wp-json\/wp\/v2\/posts\/4147\/revisions"}],"predecessor-version":[{"id":4879,"href":"https:\/\/www.evento.love\/blog\/wp-json\/wp\/v2\/posts\/4147\/revisions\/4879"}],"wp:featuredmedia":[{"embeddable":true,"href":"https:\/\/www.evento.love\/blog\/wp-json\/wp\/v2\/media\/4171"}],"wp:attachment":[{"href":"https:\/\/www.evento.love\/blog\/wp-json\/wp\/v2\/media?parent=4147"}],"wp:term":[{"taxonomy":"category","embeddable":true,"href":"https:\/\/www.evento.love\/blog\/wp-json\/wp\/v2\/categories?post=4147"},{"taxonomy":"post_tag","embeddable":true,"href":"https:\/\/www.evento.love\/blog\/wp-json\/wp\/v2\/tags?post=4147"}],"curies":[{"name":"wp","href":"https:\/\/api.w.org\/{rel}","templated":true}]}}