{"id":4152,"date":"2019-02-25T12:32:29","date_gmt":"2019-02-25T10:32:29","guid":{"rendered":"https:\/\/www.evento.love\/blog\/?p=4152"},"modified":"2019-07-19T00:17:46","modified_gmt":"2019-07-18T22:17:46","slug":"baby-shower-sorpresa-silvia-de-benito","status":"publish","type":"post","link":"https:\/\/www.evento.love\/blog\/baby-shower-sorpresa-silvia-de-benito\/","title":{"rendered":"Un baby shower sorpresa para Silvia de Benito"},"content":{"rendered":"<p>Hace unas semanas, nuestra querida Silvia de Oh My Looks, con la que compartimos momentos maravillosos gracias al <a href=\"https:\/\/www.evento.love\/blog\/baby-shower-ositos-globos-estrellas\/\" target=\"_blank\" rel=\"noopener noreferrer\">baby shower<\/a> y <a href=\"https:\/\/www.evento.love\/blog\/el-bautizo-de-caballitos-de-rodrigo\/\" target=\"_blank\" rel=\"noopener noreferrer\">bautizo<\/a> de su beb\u00e9 Rodrigo, nos llam\u00f3 para comentarnos una idea fabulosa: organizar y dise\u00f1ar el baby shower de Silvia de Benito.<!--more--><\/p>\n<p>Varias amigas muy queridas para Silvia quisieron preparar esta fiesta sorpresa para compartir con la futura mam\u00e1 la feliz noticia de la llegada de Cayetano. \u00a1Nos encant\u00f3 la idea! Quedamos en que Alba de @rayasymanchas ser\u00eda nuestra interlocutora para organizar este baby shower tan especial.<\/p>\n<p>Alba nos cont\u00f3 detalles: el n\u00famero de asistentes, la fecha y hora, lugar, la log\u00edstica (\u00a1muy importante! Recordemos que ser\u00eda sorpresa&#8230;) y nos mand\u00f3 una foto de inspiraci\u00f3n preciosa, con un estilo natural y toques tropicales que nos enamor\u00f3 al primer instante. Adem\u00e1s, nos comentaron que a Silvia le gustaba un conejito y decidimos que ser\u00eda la tem\u00e1tica de la fiesta.<\/p>\n<p>A partir de ah\u00ed, confiaron en nosotras y dejaron que en <a href=\"https:\/\/www.evento.love\/babyshower\/index.html\" target=\"_blank\" rel=\"noopener noreferrer\">Evento.love<\/a> nos pusi\u00e9ramos manos a la obra con el dise\u00f1o.<\/p>\n<p><img decoding=\"async\" loading=\"lazy\" class=\"aligncenter size-full wp-image-4159\" src=\"https:\/\/www.evento.love\/blog\/wp-content\/uploads\/2019\/02\/babyshower-silviadebenito-2.jpg\" alt=\"\" width=\"850\" height=\"567\" srcset=\"https:\/\/www.evento.love\/blog\/wp-content\/uploads\/2019\/02\/babyshower-silviadebenito-2.jpg 850w, https:\/\/www.evento.love\/blog\/wp-content\/uploads\/2019\/02\/babyshower-silviadebenito-2-300x200.jpg 300w, https:\/\/www.evento.love\/blog\/wp-content\/uploads\/2019\/02\/babyshower-silviadebenito-2-768x512.jpg 768w, https:\/\/www.evento.love\/blog\/wp-content\/uploads\/2019\/02\/babyshower-silviadebenito-2-405x270.jpg 405w\" sizes=\"(max-width: 850px) 100vw, 850px\" \/><\/p>\n<h2>Los preparativos<\/h2>\n<p>El baby shower ser\u00eda el s\u00e1bado 23 de febrero en la casa de Silvia, y su marido Jose ser\u00eda nuestro compinche. \u00c9l se encargar\u00eda de que Silvia no estuviera en casa para prepararlo todo y que apareciera sobre las 6 de la tarde, hora en la que empezar\u00eda el evento.<\/p>\n<p>En cuanto a los colores, ser\u00edan el gris, beige, verde y blanco, siguiendo con esa tem\u00e1tica natural que tanto nos gustaba a todos. Comenzamos a dise\u00f1ar todos los detalles: pompones, plantas y hojas en verde que le dar\u00edan vida al espacio, <a href=\"https:\/\/www.evento.love\/tienda\/dulces\" target=\"_blank\" rel=\"noopener noreferrer\">reposter\u00eda<\/a>, decoraci\u00f3n de la mesa dulce, los detalles para invitados&#8230;En fin, todo de lo que nos encargamos y que nos apasiona crear.<\/p>\n<p>Ana de Mam\u00e1 Leona se encarg\u00f3 del dise\u00f1o de la papeler\u00eda y, como siempre, no pudo ser m\u00e1s ideal. Ya hab\u00edamos trabajado con ella en otros eventos como en la <a href=\"https:\/\/www.evento.love\/blog\/un-cumpleanos-de-unicornios-para-celebrar-el-primer-ano-de-monchito\/\" target=\"_blank\" rel=\"noopener noreferrer\">fiesta de cumple de unicornios de Monchito<\/a>.<\/p>\n<p>Ana de Manualidades Creativas Vintage se encarg\u00f3 del precioso photocall. \u00a1Un equipo de 10!<\/p>\n<p><img decoding=\"async\" loading=\"lazy\" class=\"aligncenter size-full wp-image-4160\" src=\"https:\/\/www.evento.love\/blog\/wp-content\/uploads\/2019\/02\/babyshower-silviadebenito-3.jpg\" alt=\"\" width=\"850\" height=\"567\" srcset=\"https:\/\/www.evento.love\/blog\/wp-content\/uploads\/2019\/02\/babyshower-silviadebenito-3.jpg 850w, https:\/\/www.evento.love\/blog\/wp-content\/uploads\/2019\/02\/babyshower-silviadebenito-3-300x200.jpg 300w, https:\/\/www.evento.love\/blog\/wp-content\/uploads\/2019\/02\/babyshower-silviadebenito-3-768x512.jpg 768w, https:\/\/www.evento.love\/blog\/wp-content\/uploads\/2019\/02\/babyshower-silviadebenito-3-405x270.jpg 405w\" sizes=\"(max-width: 850px) 100vw, 850px\" \/><\/p>\n<h2>El d\u00eda del baby shower<\/h2>\n<p>El s\u00e1bado a las 10 de la ma\u00f1ana ya est\u00e1bamos en casa de Silvia, donde Jose nos dej\u00f3 todo a nuestra disposici\u00f3n. Le comentamos que har\u00edamos algunos cambios para disponer del sal\u00f3n tal y como lo hab\u00edamos imaginado y, \u00a1\u00e9l encantado! Da gusto trabajar con personas tan encantadoras. Y es que, como dijo Ana de Mam\u00e1 Leona, <em>&#8220;\u00a1nadie se imagina las horas que hay detr\u00e1s!&#8221;.<\/em><\/p>\n<p>Decidimos colocar la mesa dulce en una preciosa mesa de madera que tiene Silvia, en la que <a href=\"https:\/\/www.evento.love\/blog\/tarta-personalizada-para-tu-evento-en-madrid\/\" target=\"_blank\" rel=\"noopener noreferrer\">la tarta<\/a> ser\u00eda el centro de atenci\u00f3n. Sobre la mesa dulce colocamos una guirnalda con hojas, flores y luces ideal, que le daba ese toque natural que busc\u00e1bamos. La mesa era tan bonita que dejamos que luciera y colocamos \u00fanicamente un camino de mesa en blanco con motivos verdes.<\/p>\n<p><img decoding=\"async\" loading=\"lazy\" class=\"aligncenter size-full wp-image-4162\" src=\"https:\/\/www.evento.love\/blog\/wp-content\/uploads\/2019\/02\/babyshower-silviadebenito-5.jpg\" alt=\"\" width=\"850\" height=\"567\" srcset=\"https:\/\/www.evento.love\/blog\/wp-content\/uploads\/2019\/02\/babyshower-silviadebenito-5.jpg 850w, https:\/\/www.evento.love\/blog\/wp-content\/uploads\/2019\/02\/babyshower-silviadebenito-5-300x200.jpg 300w, https:\/\/www.evento.love\/blog\/wp-content\/uploads\/2019\/02\/babyshower-silviadebenito-5-768x512.jpg 768w, https:\/\/www.evento.love\/blog\/wp-content\/uploads\/2019\/02\/babyshower-silviadebenito-5-405x270.jpg 405w\" sizes=\"(max-width: 850px) 100vw, 850px\" \/><\/p>\n<p>En cuanto a la reposter\u00eda, dise\u00f1amos una naked cake en blanco con flores naturales, \u00a1la joya de la corona!, que presidi\u00f3 la mesa dulce. Los deliciosos cupcakes llevaban l\u00e1minas de almendra y para los cakepops escogimos el color verde. Las galletas no pudieron faltar en este baby shower, con un dise\u00f1o en el mismo estilo.<\/p>\n<p><img decoding=\"async\" loading=\"lazy\" class=\"aligncenter size-full wp-image-4165\" src=\"https:\/\/www.evento.love\/blog\/wp-content\/uploads\/2019\/02\/babyshower-silviadebenito-8.jpg\" alt=\"\" width=\"850\" height=\"567\" srcset=\"https:\/\/www.evento.love\/blog\/wp-content\/uploads\/2019\/02\/babyshower-silviadebenito-8.jpg 850w, https:\/\/www.evento.love\/blog\/wp-content\/uploads\/2019\/02\/babyshower-silviadebenito-8-300x200.jpg 300w, https:\/\/www.evento.love\/blog\/wp-content\/uploads\/2019\/02\/babyshower-silviadebenito-8-768x512.jpg 768w, https:\/\/www.evento.love\/blog\/wp-content\/uploads\/2019\/02\/babyshower-silviadebenito-8-405x270.jpg 405w\" sizes=\"(max-width: 850px) 100vw, 850px\" \/><\/p>\n<p><img decoding=\"async\" loading=\"lazy\" class=\"aligncenter size-full wp-image-4161\" src=\"https:\/\/www.evento.love\/blog\/wp-content\/uploads\/2019\/02\/babyshower-silviadebenito-4.jpg\" alt=\"\" width=\"850\" height=\"567\" srcset=\"https:\/\/www.evento.love\/blog\/wp-content\/uploads\/2019\/02\/babyshower-silviadebenito-4.jpg 850w, https:\/\/www.evento.love\/blog\/wp-content\/uploads\/2019\/02\/babyshower-silviadebenito-4-300x200.jpg 300w, https:\/\/www.evento.love\/blog\/wp-content\/uploads\/2019\/02\/babyshower-silviadebenito-4-768x512.jpg 768w, https:\/\/www.evento.love\/blog\/wp-content\/uploads\/2019\/02\/babyshower-silviadebenito-4-405x270.jpg 405w\" sizes=\"(max-width: 850px) 100vw, 850px\" \/><\/p>\n<p>Al lado de la mesa dulce, colocamos el precioso photocall de Manualidades Creativas Vintage, con cartel de conejito de Mam\u00e1 Leona. \u00a1Estaba ideal!<\/p>\n<p><img decoding=\"async\" loading=\"lazy\" class=\"aligncenter size-full wp-image-4157\" src=\"https:\/\/www.evento.love\/blog\/wp-content\/uploads\/2019\/02\/babyshower-silviadebenito.jpg\" alt=\"\" width=\"850\" height=\"567\" srcset=\"https:\/\/www.evento.love\/blog\/wp-content\/uploads\/2019\/02\/babyshower-silviadebenito.jpg 850w, https:\/\/www.evento.love\/blog\/wp-content\/uploads\/2019\/02\/babyshower-silviadebenito-300x200.jpg 300w, https:\/\/www.evento.love\/blog\/wp-content\/uploads\/2019\/02\/babyshower-silviadebenito-768x512.jpg 768w, https:\/\/www.evento.love\/blog\/wp-content\/uploads\/2019\/02\/babyshower-silviadebenito-405x270.jpg 405w\" sizes=\"(max-width: 850px) 100vw, 850px\" \/><\/p>\n<p>En <a href=\"https:\/\/www.evento.love\/babyshower\/index.html\" target=\"_blank\" rel=\"noopener noreferrer\">Evento.love<\/a> nos encargamos tambi\u00e9n de los detalles para los invitados. No dudamos en escoger estas preciosas macetas con suculentas. Nos parece un regalo original y perfecto para decorar cualquier rinc\u00f3n. Colocamos los detalles junto a la mesa dulce.<\/p>\n<p><img decoding=\"async\" loading=\"lazy\" class=\"aligncenter size-full wp-image-4158\" src=\"https:\/\/www.evento.love\/blog\/wp-content\/uploads\/2019\/02\/babyshower-silviadebenito-1.jpg\" alt=\"\" width=\"850\" height=\"567\" srcset=\"https:\/\/www.evento.love\/blog\/wp-content\/uploads\/2019\/02\/babyshower-silviadebenito-1.jpg 850w, https:\/\/www.evento.love\/blog\/wp-content\/uploads\/2019\/02\/babyshower-silviadebenito-1-300x200.jpg 300w, https:\/\/www.evento.love\/blog\/wp-content\/uploads\/2019\/02\/babyshower-silviadebenito-1-768x512.jpg 768w, https:\/\/www.evento.love\/blog\/wp-content\/uploads\/2019\/02\/babyshower-silviadebenito-1-405x270.jpg 405w\" sizes=\"(max-width: 850px) 100vw, 850px\" \/><\/p>\n<h3>La sorpresa<\/h3>\n<p>Y sobre las 6, se escuch\u00f3 la llave de la puerta&#8230;<\/p>\n<p>Nada, pero nada pudo hacernos m\u00e1s felices que la entrada que hizo Silvia al sal\u00f3n. \u00a1No se lo esperaba! Al ver a todas sus amigas y esa decoraci\u00f3n que con tanta ilusi\u00f3n hab\u00edamos preparado, se emocion\u00f3. Ver c\u00f3mo abrazaba a todas fue nuestra mayor alegr\u00eda. Vimos en su cara esa felicidad al ver a sus amigas y lo que hab\u00edan hecho por ella. A\u00fan se nos ponen los pelos de punta. Estas fueron las palabras que nos dedic\u00f3 Silvia de Benito despu\u00e9s de su maravilloso d\u00eda:<\/p>\n<blockquote><p><em>&#8220;Ayer fue un d\u00eda tan emotivo y especial, que todav\u00eda estoy sin cre\u00e9rmelo. Salimos de casa y al volver, tenia preparado el BabyShower m\u00e1s bonito que me podr\u00eda imaginar. Todo gracias a ellas, que una vez m\u00e1s han vuelto a dejarme sin palabras. \u00a0Gracias AMIGAS. Ya sab\u00e9is que no hace falta verse todos los d\u00edas, porque cada vez que estamos juntas, es como si no hubiera pasado el tiempo. Tengo (TENEMOS) mucha suerte de teneros. A vosotras y a vosotros. Gracias tambi\u00e9n a @evento.love, @mamaleona.oficial y a @manualidadescreativasvintage por hacer realidad algo tan bonito.\u00a0\u00a1FELIZ!&#8221;<\/em><\/p><\/blockquote>\n<p>Y nosotras os decimos: gracias y m\u00e1s gracias a todas por confiar en nosotras y dejarnos ser part\u00edcipes de este d\u00eda tan especial y de vuestra felicidad. Os dejamos con las palabras de algunas de ellas que nos dibujaron una enorme sonrisa:<\/p>\n<h4>Silvia de @ohmylooks<\/h4>\n<p><em>&#8220;Me he emocionado al verlo, me ha recordado a mi baby shower sorpresa. Lo hemos dejado en las mejores manos, hemos confiado en Nancy, de @evento.love&#8221;, &#8220;El trabajo que han hecho es precioso&#8221;\u00a0<\/em><\/p>\n<h4><em>Alba de @rayasymanchas<\/em><\/h4>\n<p><em>&#8220;Porque un d\u00eda, alguien aparece en tu vida y se hace indispensable! Eso me pas\u00f3 con mi @silviadebenito! As\u00ed que le dimos una sorpresa con este pedazo de baby shower que nos hicieron realidad las manos m\u00e1gicas de @evento.love , @mamaleona.oficial y @manualidadescreativasvintage!&#8221;<\/em><\/p>\n<h4>@patriciagarciadeparedes<\/h4>\n<p><em>&#8220;Sorpresa!!!\u00a0Porque ella no merec\u00eda menos @silviadebenito Gracias a todo el equipo de @evento.love , @manualidadescreativasvintage &amp; @mamaleona.oficial por hacer de nuestras ideas una preciosa realidad <\/p>\n    <div class=\"related-post grid\">\r\n                <div class=\"headline\">M\u00e1s art\u00edculos a tener en cuenta<\/div>\r\n        <div class=\"post-list \">\r\n\r\n                        <div class=\"item\">\r\n                        <div class=\"thumb post_thumb\">\r\n        <a  title=\"Baby Shower, mucho m\u00e1s que un evento social\" href=\"https:\/\/www.evento.love\/blog\/baby-shower-evento-social-madrid\/\">\r\n\r\n            <img width=\"150\" height=\"150\" src=\"https:\/\/www.evento.love\/blog\/wp-content\/uploads\/2016\/07\/babyshower-150x150.jpg\" class=\"attachment-thumbnail size-thumbnail wp-post-image\" alt=\"baby shower-fiesta-beb\u00e9-embarazo-embarazada\" decoding=\"async\" loading=\"lazy\" \/>\r\n\r\n        <\/a>\r\n    <\/div>\r\n\r\n    <a class=\"title post_title\"  title=\"Baby Shower, mucho m\u00e1s que un evento social\" href=\"https:\/\/www.evento.love\/blog\/baby-shower-evento-social-madrid\/\">\r\n                Baby Shower, mucho m\u00e1s que un evento social    <\/a>\r\n\r\n                <\/div>\r\n                            <div class=\"item\">\r\n                        <div class=\"thumb post_thumb\">\r\n        <a  title=\"12 consejos para un Baby Shower perfecto\" href=\"https:\/\/www.evento.love\/blog\/12-consejos-baby-shower-perfecto-madrid\/\">\r\n\r\n            <img width=\"150\" height=\"150\" src=\"https:\/\/www.evento.love\/blog\/wp-content\/uploads\/2016\/09\/16_05_20_12_consejos-para-que-tu-Baby-Shower-sea-perfecto-150x150.jpg\" class=\"attachment-thumbnail size-thumbnail wp-post-image\" alt=\"Baby Shower-perfecto-beb\u00e9-embarazado-embarazada-fiesta-babyshower\" decoding=\"async\" loading=\"lazy\" \/>\r\n\r\n        <\/a>\r\n    <\/div>\r\n\r\n    <a class=\"title post_title\"  title=\"12 consejos para un Baby Shower perfecto\" href=\"https:\/\/www.evento.love\/blog\/12-consejos-baby-shower-perfecto-madrid\/\">\r\n                12 consejos para un Baby Shower perfecto    <\/a>\r\n\r\n                <\/div>\r\n                            <div class=\"item\">\r\n                        <div class=\"thumb post_thumb\">\r\n        <a  title=\"Cu\u00e1ndo hacer el Baby Shower\" href=\"https:\/\/www.evento.love\/blog\/cuando-hacer-el-baby-shower-madrid\/\">\r\n\r\n            <img width=\"150\" height=\"150\" src=\"https:\/\/www.evento.love\/blog\/wp-content\/uploads\/2016\/09\/16_05_23_Cuando-hacer-el-Baby-Shower-150x150.jpg\" class=\"attachment-thumbnail size-thumbnail wp-post-image\" alt=\"Cu\u00e1ndo hacer el baby shower beb\u00e9 embarazo fiesta en Madrid\" decoding=\"async\" loading=\"lazy\" \/>\r\n\r\n        <\/a>\r\n    <\/div>\r\n\r\n    <a class=\"title post_title\"  title=\"Cu\u00e1ndo hacer el Baby Shower\" href=\"https:\/\/www.evento.love\/blog\/cuando-hacer-el-baby-shower-madrid\/\">\r\n                Cu\u00e1ndo hacer el Baby Shower    <\/a>\r\n\r\n                <\/div>\r\n                            <div class=\"item\">\r\n                        <div class=\"thumb post_thumb\">\r\n        <a  title=\"Baby Shower: Elaborando la lista de invitados\" href=\"https:\/\/www.evento.love\/blog\/baby-shower-lista-invitados-madrid\/\">\r\n\r\n            <img width=\"150\" height=\"150\" src=\"https:\/\/www.evento.love\/blog\/wp-content\/uploads\/2016\/09\/16_05_30_Baby-Shower-elaborando-la-lista-de-invitados-150x150.jpg\" class=\"attachment-thumbnail size-thumbnail wp-post-image\" alt=\"\" decoding=\"async\" loading=\"lazy\" \/>\r\n\r\n        <\/a>\r\n    <\/div>\r\n\r\n    <a class=\"title post_title\"  title=\"Baby Shower: Elaborando la lista de invitados\" href=\"https:\/\/www.evento.love\/blog\/baby-shower-lista-invitados-madrid\/\">\r\n                Baby Shower: Elaborando la lista de invitados    <\/a>\r\n\r\n                <\/div>\r\n            \r\n    <\/div>\r\n\r\n    <script>\r\n            <\/script>\r\n    <style>\r\n        .related-post {}\r\n\r\n        .related-post .post-list {\r\n            text-align: left;\r\n                    }\r\n\r\n        .related-post .post-list .item {\r\n            margin: 5px 10px;\r\n            padding: 0px;\r\n                    }\r\n\r\n        .related-post .headline {\r\n            font-size: 24px !important;\r\n            color: #000000 !important;\r\n                    }\r\n\r\n        .related-post .headline{\r\nfont-weight:400 !important;\r\ntext-transform: uppercase;\r\n}.related-post .post-list .item .post_thumb {\r\n            max-height: 180px;\r\n            margin: 10px 0px;\r\n            padding: 0px;\r\n            display: block;\r\n                    }\r\n\r\n        .related-post .post-list .item .post_title {\r\n            font-size: 12px;\r\n            color: #607d8b;\r\n            margin: 10px 0px;\r\n            padding: 0px;\r\n            display: block;\r\n            text-decoration: none;\r\n                    }\r\n\r\n        .related-post .post-list .item .post_excerpt {\r\n            font-size: 13px;\r\n            color: #3f3f3f;\r\n            margin: 10px 0px;\r\n            padding: 0px;\r\n            display: block;\r\n            text-decoration: none;\r\n                    }\r\n\r\n        @media only screen and (min-width: 1024px) {\r\n            .related-post .post-list .item {\r\n                width: 22%;\r\n            }\r\n        }\r\n\r\n        @media only screen and (min-width: 768px) and (max-width: 1023px) {\r\n            .related-post .post-list .item {\r\n                width: 90%;\r\n            }\r\n        }\r\n\r\n        @media only screen and (min-width: 0px) and (max-width: 767px) {\r\n            .related-post .post-list .item {\r\n                width: 30%;\r\n            }\r\n        }\r\n\r\n            <\/style>\r\n        <\/div>\r\n<!-- AddThis Advanced Settings generic via filter on the_content --><!-- AddThis Share Buttons generic via filter on the_content -->","protected":false},"excerpt":{"rendered":"<p>Hace unas semanas, nuestra querida Silvia de Oh My Looks, con la que compartimos momentos maravillosos gracias al baby shower y bautizo de su beb\u00e9 Rodrigo, nos llam\u00f3 para comentarnos una idea fabulosa: organizar y dise\u00f1ar el baby shower de Silvia de Benito. M\u00e1s art\u00edculos a tener en cuenta Baby Shower, mucho m\u00e1s que un evento social 12 consejos para un Baby Shower perfecto Cu\u00e1ndo hacer el Baby Shower Baby Shower: Elaborando la lista de invitados<!-- AddThis Advanced Settings generic via filter on get_the_excerpt --><!-- AddThis Share Buttons generic via filter on get_the_excerpt --><\/p>\n    <div class=\"related-post grid\">\r\n                <div class=\"headline\">M\u00e1s art\u00edculos a tener en cuenta<\/div>\r\n        <div class=\"post-list \">\r\n\r\n                        <div class=\"item\">\r\n                        <div class=\"thumb post_thumb\">\r\n        <a  title=\"Baby Shower, mucho m\u00e1s que un evento social\" href=\"https:\/\/www.evento.love\/blog\/baby-shower-evento-social-madrid\/\">\r\n\r\n            <img width=\"150\" height=\"150\" src=\"https:\/\/www.evento.love\/blog\/wp-content\/uploads\/2016\/07\/babyshower-150x150.jpg\" class=\"attachment-thumbnail size-thumbnail wp-post-image\" alt=\"baby shower-fiesta-beb\u00e9-embarazo-embarazada\" decoding=\"async\" loading=\"lazy\" \/>\r\n\r\n        <\/a>\r\n    <\/div>\r\n\r\n    <a class=\"title post_title\"  title=\"Baby Shower, mucho m\u00e1s que un evento social\" href=\"https:\/\/www.evento.love\/blog\/baby-shower-evento-social-madrid\/\">\r\n                Baby Shower, mucho m\u00e1s que un evento social    <\/a>\r\n\r\n                <\/div>\r\n                            <div class=\"item\">\r\n                        <div class=\"thumb post_thumb\">\r\n        <a  title=\"12 consejos para un Baby Shower perfecto\" href=\"https:\/\/www.evento.love\/blog\/12-consejos-baby-shower-perfecto-madrid\/\">\r\n\r\n            <img width=\"150\" height=\"150\" src=\"https:\/\/www.evento.love\/blog\/wp-content\/uploads\/2016\/09\/16_05_20_12_consejos-para-que-tu-Baby-Shower-sea-perfecto-150x150.jpg\" class=\"attachment-thumbnail size-thumbnail wp-post-image\" alt=\"Baby Shower-perfecto-beb\u00e9-embarazado-embarazada-fiesta-babyshower\" decoding=\"async\" loading=\"lazy\" \/>\r\n\r\n        <\/a>\r\n    <\/div>\r\n\r\n    <a class=\"title post_title\"  title=\"12 consejos para un Baby Shower perfecto\" href=\"https:\/\/www.evento.love\/blog\/12-consejos-baby-shower-perfecto-madrid\/\">\r\n                12 consejos para un Baby Shower perfecto    <\/a>\r\n\r\n                <\/div>\r\n                            <div class=\"item\">\r\n                        <div class=\"thumb post_thumb\">\r\n        <a  title=\"Cu\u00e1ndo hacer el Baby Shower\" href=\"https:\/\/www.evento.love\/blog\/cuando-hacer-el-baby-shower-madrid\/\">\r\n\r\n            <img width=\"150\" height=\"150\" src=\"https:\/\/www.evento.love\/blog\/wp-content\/uploads\/2016\/09\/16_05_23_Cuando-hacer-el-Baby-Shower-150x150.jpg\" class=\"attachment-thumbnail size-thumbnail wp-post-image\" alt=\"Cu\u00e1ndo hacer el baby shower beb\u00e9 embarazo fiesta en Madrid\" decoding=\"async\" loading=\"lazy\" \/>\r\n\r\n        <\/a>\r\n    <\/div>\r\n\r\n    <a class=\"title post_title\"  title=\"Cu\u00e1ndo hacer el Baby Shower\" href=\"https:\/\/www.evento.love\/blog\/cuando-hacer-el-baby-shower-madrid\/\">\r\n                Cu\u00e1ndo hacer el Baby Shower    <\/a>\r\n\r\n                <\/div>\r\n                            <div class=\"item\">\r\n                        <div class=\"thumb post_thumb\">\r\n        <a  title=\"\u00bfQui\u00e9n debe organizar el Baby Shower?\" href=\"https:\/\/www.evento.love\/blog\/quien-organizar-baby-shower-madrid\/\">\r\n\r\n            <img width=\"150\" height=\"150\" src=\"https:\/\/www.evento.love\/blog\/wp-content\/uploads\/2016\/09\/16_05_29_Qui\u00e9n-organiza-el-Baby-Shower-150x150.jpg\" class=\"attachment-thumbnail size-thumbnail wp-post-image\" alt=\"Organizaci\u00f3n Baby Shower Madrid fiesta beb\u00e9 embarazada\" decoding=\"async\" loading=\"lazy\" \/>\r\n\r\n        <\/a>\r\n    <\/div>\r\n\r\n    <a class=\"title post_title\"  title=\"\u00bfQui\u00e9n debe organizar el Baby Shower?\" href=\"https:\/\/www.evento.love\/blog\/quien-organizar-baby-shower-madrid\/\">\r\n                \u00bfQui\u00e9n debe organizar el Baby Shower?    <\/a>\r\n\r\n                <\/div>\r\n            \r\n    <\/div>\r\n\r\n    <script>\r\n            <\/script>\r\n    <style>\r\n        .related-post {}\r\n\r\n        .related-post .post-list {\r\n            text-align: left;\r\n                    }\r\n\r\n        .related-post .post-list .item {\r\n            margin: 5px 10px;\r\n            padding: 0px;\r\n                    }\r\n\r\n        .related-post .headline {\r\n            font-size: 24px !important;\r\n            color: #000000 !important;\r\n                    }\r\n\r\n        .related-post .headline{\r\nfont-weight:400 !important;\r\ntext-transform: uppercase;\r\n}.related-post .post-list .item .post_thumb {\r\n            max-height: 180px;\r\n            margin: 10px 0px;\r\n            padding: 0px;\r\n            display: block;\r\n                    }\r\n\r\n        .related-post .post-list .item .post_title {\r\n            font-size: 12px;\r\n            color: #607d8b;\r\n            margin: 10px 0px;\r\n            padding: 0px;\r\n            display: block;\r\n            text-decoration: none;\r\n                    }\r\n\r\n        .related-post .post-list .item .post_excerpt {\r\n            font-size: 13px;\r\n            color: #3f3f3f;\r\n            margin: 10px 0px;\r\n            padding: 0px;\r\n            display: block;\r\n            text-decoration: none;\r\n                    }\r\n\r\n        @media only screen and (min-width: 1024px) {\r\n            .related-post .post-list .item {\r\n                width: 22%;\r\n            }\r\n        }\r\n\r\n        @media only screen and (min-width: 768px) and (max-width: 1023px) {\r\n            .related-post .post-list .item {\r\n                width: 90%;\r\n            }\r\n        }\r\n\r\n        @media only screen and (min-width: 0px) and (max-width: 767px) {\r\n            .related-post .post-list .item {\r\n                width: 30%;\r\n            }\r\n        }\r\n\r\n            <\/style>\r\n        <\/div>\r\n","protected":false},"author":1,"featured_media":4157,"comment_status":"closed","ping_status":"open","sticky":false,"template":"","format":"standard","meta":{"content-type":""},"categories":[2,391],"tags":[9,1264,1267,1266,992,1265,105,422,899,40,1268,946],"yoast_head":"<!-- This site is optimized with the Yoast SEO plugin v20.7 - https:\/\/yoast.com\/wordpress\/plugins\/seo\/ -->\n<title>Un baby shower sorpresa para Silvia de Benito - El Blog de evento.love<\/title>\n<meta name=\"description\" content=\"El baby shower sorpresa que organizamos y dise\u00f1amos para Silvia de Benito, orquestado por todas sus amigas y con su marido como compinche.\" \/>\n<meta name=\"robots\" content=\"index, follow, max-snippet:-1, max-image-preview:large, max-video-preview:-1\" \/>\n<meta property=\"og:locale\" content=\"es_ES\" \/>\n<meta property=\"og:type\" content=\"article\" \/>\n<meta property=\"og:title\" content=\"Un baby shower sorpresa para Silvia de Benito - El Blog de evento.love\" \/>\n<meta property=\"og:description\" content=\"El baby shower sorpresa que organizamos y dise\u00f1amos para Silvia de Benito, orquestado por todas sus amigas y con su marido como compinche.\" \/>\n<meta property=\"og:url\" content=\"https:\/\/www.evento.love\/blog\/baby-shower-sorpresa-silvia-de-benito\/\" \/>\n<meta property=\"og:site_name\" content=\"El Blog de evento.love\" \/>\n<meta property=\"article:publisher\" content=\"https:\/\/www.facebook.com\/Evento.love\/\" \/>\n<meta property=\"article:published_time\" content=\"2019-02-25T10:32:29+00:00\" \/>\n<meta property=\"article:modified_time\" content=\"2019-07-18T22:17:46+00:00\" \/>\n<meta property=\"og:image\" content=\"https:\/\/www.evento.love\/blog\/wp-content\/uploads\/2019\/02\/babyshower-silviadebenito.jpg\" \/>\n\t<meta property=\"og:image:width\" content=\"850\" \/>\n\t<meta property=\"og:image:height\" content=\"567\" \/>\n\t<meta property=\"og:image:type\" content=\"image\/jpeg\" \/>\n<meta name=\"author\" content=\"Evento Love\" \/>\n<meta name=\"twitter:card\" content=\"summary_large_image\" \/>\n<meta name=\"twitter:creator\" content=\"@Evento_love\" \/>\n<meta name=\"twitter:site\" content=\"@Evento_love\" \/>\n<meta name=\"twitter:label1\" content=\"Escrito por\" \/>\n\t<meta name=\"twitter:data1\" content=\"Evento Love\" \/>\n\t<meta name=\"twitter:label2\" content=\"Tiempo de lectura\" \/>\n\t<meta name=\"twitter:data2\" content=\"5 minutos\" \/>\n<!-- \/ Yoast SEO plugin. -->","yoast_head_json":{"title":"Un baby shower sorpresa para Silvia de Benito - El Blog de evento.love","description":"El baby shower sorpresa que organizamos y dise\u00f1amos para Silvia de Benito, orquestado por todas sus amigas y con su marido como compinche.","robots":{"index":"index","follow":"follow","max-snippet":"max-snippet:-1","max-image-preview":"max-image-preview:large","max-video-preview":"max-video-preview:-1"},"og_locale":"es_ES","og_type":"article","og_title":"Un baby shower sorpresa para Silvia de Benito - El Blog de evento.love","og_description":"El baby shower sorpresa que organizamos y dise\u00f1amos para Silvia de Benito, orquestado por todas sus amigas y con su marido como compinche.","og_url":"https:\/\/www.evento.love\/blog\/baby-shower-sorpresa-silvia-de-benito\/","og_site_name":"El Blog de evento.love","article_publisher":"https:\/\/www.facebook.com\/Evento.love\/","article_published_time":"2019-02-25T10:32:29+00:00","article_modified_time":"2019-07-18T22:17:46+00:00","og_image":[{"width":850,"height":567,"url":"https:\/\/www.evento.love\/blog\/wp-content\/uploads\/2019\/02\/babyshower-silviadebenito.jpg","type":"image\/jpeg"}],"author":"Evento Love","twitter_card":"summary_large_image","twitter_creator":"@Evento_love","twitter_site":"@Evento_love","twitter_misc":{"Escrito por":"Evento Love","Tiempo de lectura":"5 minutos"},"schema":{"@context":"https:\/\/schema.org","@graph":[{"@type":"Article","@id":"https:\/\/www.evento.love\/blog\/baby-shower-sorpresa-silvia-de-benito\/#article","isPartOf":{"@id":"https:\/\/www.evento.love\/blog\/baby-shower-sorpresa-silvia-de-benito\/"},"author":{"name":"Evento Love","@id":"https:\/\/www.evento.love\/blog\/#\/schema\/person\/a184c2ed424b7fb3006372ce8051542c"},"headline":"Un baby shower sorpresa para Silvia de Benito","datePublished":"2019-02-25T10:32:29+00:00","dateModified":"2019-07-18T22:17:46+00:00","mainEntityOfPage":{"@id":"https:\/\/www.evento.love\/blog\/baby-shower-sorpresa-silvia-de-benito\/"},"wordCount":1015,"publisher":{"@id":"https:\/\/www.evento.love\/blog\/#organization"},"keywords":["baby shower","baby shower natural","baby shower r\u00fastico","baby shower silvia de benito","baby shower sorpresa","baby shower tropical","decoracion de baby shower","mesa dulce","organizaci\u00f3n de baby shower","photocall","regalos para baby shower","regalos para invitados"],"articleSection":["Baby Shower","Nuestros eventos"],"inLanguage":"es"},{"@type":"WebPage","@id":"https:\/\/www.evento.love\/blog\/baby-shower-sorpresa-silvia-de-benito\/","url":"https:\/\/www.evento.love\/blog\/baby-shower-sorpresa-silvia-de-benito\/","name":"Un baby shower sorpresa para Silvia de Benito - El Blog de evento.love","isPartOf":{"@id":"https:\/\/www.evento.love\/blog\/#website"},"datePublished":"2019-02-25T10:32:29+00:00","dateModified":"2019-07-18T22:17:46+00:00","description":"El baby shower sorpresa que organizamos y dise\u00f1amos para Silvia de Benito, orquestado por todas sus amigas y con su marido como compinche.","breadcrumb":{"@id":"https:\/\/www.evento.love\/blog\/baby-shower-sorpresa-silvia-de-benito\/#breadcrumb"},"inLanguage":"es","potentialAction":[{"@type":"ReadAction","target":["https:\/\/www.evento.love\/blog\/baby-shower-sorpresa-silvia-de-benito\/"]}]},{"@type":"BreadcrumbList","@id":"https:\/\/www.evento.love\/blog\/baby-shower-sorpresa-silvia-de-benito\/#breadcrumb","itemListElement":[{"@type":"ListItem","position":1,"name":"Evento.love","item":"https:\/\/www.evento.love\/blog\/"},{"@type":"ListItem","position":2,"name":"Nuestros eventos","item":"https:\/\/www.evento.love\/blog\/category\/nuestros-eventos\/"},{"@type":"ListItem","position":3,"name":"Un baby shower sorpresa para Silvia de Benito"}]},{"@type":"WebSite","@id":"https:\/\/www.evento.love\/blog\/#website","url":"https:\/\/www.evento.love\/blog\/","name":"El Blog de evento.love","description":"T\u00fa lo mereces. Disfruta de tu momento","publisher":{"@id":"https:\/\/www.evento.love\/blog\/#organization"},"potentialAction":[{"@type":"SearchAction","target":{"@type":"EntryPoint","urlTemplate":"https:\/\/www.evento.love\/blog\/?s={search_term_string}"},"query-input":"required name=search_term_string"}],"inLanguage":"es"},{"@type":"Organization","@id":"https:\/\/www.evento.love\/blog\/#organization","name":"evento.love","url":"https:\/\/www.evento.love\/blog\/","logo":{"@type":"ImageObject","inLanguage":"es","@id":"https:\/\/www.evento.love\/blog\/#\/schema\/logo\/image\/","url":"https:\/\/www.evento.love\/blog\/wp-content\/uploads\/2016\/07\/logo-evento-love.png","contentUrl":"https:\/\/www.evento.love\/blog\/wp-content\/uploads\/2016\/07\/logo-evento-love.png","width":197,"height":59,"caption":"evento.love"},"image":{"@id":"https:\/\/www.evento.love\/blog\/#\/schema\/logo\/image\/"},"sameAs":["https:\/\/www.facebook.com\/Evento.love\/","https:\/\/twitter.com\/Evento_love","https:\/\/www.instagram.com\/evento.love\/","https:\/\/es.pinterest.com\/evento_love\/","https:\/\/www.youtube.com\/channel\/UCcVbo6ymzx-7FlDJja8aQnw"]},{"@type":"Person","@id":"https:\/\/www.evento.love\/blog\/#\/schema\/person\/a184c2ed424b7fb3006372ce8051542c","name":"Evento Love"}]}},"_links":{"self":[{"href":"https:\/\/www.evento.love\/blog\/wp-json\/wp\/v2\/posts\/4152"}],"collection":[{"href":"https:\/\/www.evento.love\/blog\/wp-json\/wp\/v2\/posts"}],"about":[{"href":"https:\/\/www.evento.love\/blog\/wp-json\/wp\/v2\/types\/post"}],"author":[{"embeddable":true,"href":"https:\/\/www.evento.love\/blog\/wp-json\/wp\/v2\/users\/1"}],"replies":[{"embeddable":true,"href":"https:\/\/www.evento.love\/blog\/wp-json\/wp\/v2\/comments?post=4152"}],"version-history":[{"count":7,"href":"https:\/\/www.evento.love\/blog\/wp-json\/wp\/v2\/posts\/4152\/revisions"}],"predecessor-version":[{"id":5307,"href":"https:\/\/www.evento.love\/blog\/wp-json\/wp\/v2\/posts\/4152\/revisions\/5307"}],"wp:featuredmedia":[{"embeddable":true,"href":"https:\/\/www.evento.love\/blog\/wp-json\/wp\/v2\/media\/4157"}],"wp:attachment":[{"href":"https:\/\/www.evento.love\/blog\/wp-json\/wp\/v2\/media?parent=4152"}],"wp:term":[{"taxonomy":"category","embeddable":true,"href":"https:\/\/www.evento.love\/blog\/wp-json\/wp\/v2\/categories?post=4152"},{"taxonomy":"post_tag","embeddable":true,"href":"https:\/\/www.evento.love\/blog\/wp-json\/wp\/v2\/tags?post=4152"}],"curies":[{"name":"wp","href":"https:\/\/api.w.org\/{rel}","templated":true}]}}