{"id":4204,"date":"2019-02-28T12:00:44","date_gmt":"2019-02-28T10:00:44","guid":{"rendered":"https:\/\/www.evento.love\/blog\/?p=4204"},"modified":"2020-05-17T20:21:22","modified_gmt":"2020-05-17T18:21:22","slug":"organizar-y-decorar-el-banquete-de-boda","status":"publish","type":"post","link":"https:\/\/www.evento.love\/blog\/organizar-y-decorar-el-banquete-de-boda\/","title":{"rendered":"C\u00f3mo organizar y decorar el banquete de boda"},"content":{"rendered":"<p>El lugar donde se realice el banquete de <a href=\"https:\/\/www.evento.love\/bodas\/index.html\" target=\"_blank\" rel=\"noopener noreferrer\">boda<\/a> ser\u00e1 uno de los espacios donde m\u00e1s tiempo pasen tus invitados y en el que se podr\u00e1 apreciar el estilo de la boda, la decoraci\u00f3n&#8230;Hoy os ayudamos a decorarlo para que quede espectacular.<!--more--><\/p>\n<p>Cuando en la finca o espacio para bodas os ense\u00f1an el sal\u00f3n donde ser\u00e1 el banquete, a veces puede resultar abrumador pensar en c\u00f3mo organizar\u00e9is las mesas y la decoraci\u00f3n para que quede tal y como lo so\u00f1\u00e1is. No os preocup\u00e9is, para eso estamos nosotras, \u00a1vuestras wedding planners! Lo primero que deb\u00e9is tener en cuenta es que, si hay algo que no os gusta, no os desesper\u00e9is, todo o casi todo se puede cambiar. No os imagin\u00e1is el cambio que puede dar un sal\u00f3n con los detalles decorativos correctos: manteler\u00eda, vajillas, sillas, deco a\u00e9rea&#8230; Si hablamos de un jard\u00edn o zona exterior, entonces las posibilidades se multiplican.<\/p>\n<h2>Claves para organizar y decorar el banquete de boda<\/h2>\n<h3>Tipos de mesas y seating plan<\/h3>\n<p>Lo primero que deb\u00e9is preguntar al espacio es el <a href=\"https:\/\/www.evento.love\/blog\/tipos-de-mesas-de-boda-con-cual-te-quedas\/\" target=\"_blank\" rel=\"noopener noreferrer\">tipo de mesas<\/a> que disponen. Un banquete cambia mucho si est\u00e1 compuesto por mesas imperiales, redondas, ovaladas&#8230;Buscad inspiraci\u00f3n y escoged el tipo de mesas que os vayan mejor, tambi\u00e9n en funci\u00f3n de la cantidad de invitados. Quiz\u00e1 tu grupo de amigos de la universidad es numeroso, por lo que conviene poner una mesa de grandes proporciones.<\/p>\n<p>La elecci\u00f3n de los tipos de mesa va siempre de la mano con la configuraci\u00f3n del seating plan. En <a href=\"https:\/\/www.evento.love\/blog\/organizar-seating-plan-una-boda-sin-volverse-loco\/\" target=\"_blank\" rel=\"noopener noreferrer\">este post<\/a> os damos ideas para la organizaci\u00f3n del seating sin volveros locos.<\/p>\n<h3>Manteler\u00eda, vajilla y sillas<\/h3>\n<p>Al igual que con los tipos de mesa, los espacios para bodas suelen tener varias opciones para vestir las mesas, y es importante que os las muestren en las primeras visitas. Si no os convence ninguna, siempre pod\u00e9is alquilar <a href=\"https:\/\/www.evento.love\/blog\/5-tendencias-en-decoracion-de-mesas-de-boda\/\" target=\"_blank\" rel=\"noopener noreferrer\">manteler\u00eda, vajilla o sillas<\/a> que vayan con vuestro estilo. Sabemos que es un gasto extra, pero si de verdad es importante para vosotros, vuestra wedding planner se encargar\u00e1 de destinar parte del presupuesto a ello intentando comprometer lo m\u00ednimo posible otros aspectos de la boda. \u00a1Se trata de haceros felices!<\/p>\n<figure id=\"attachment_4206\" aria-describedby=\"caption-attachment-4206\" style=\"width: 850px\" class=\"wp-caption aligncenter\"><img decoding=\"async\" loading=\"lazy\" class=\"wp-image-4206 size-full\" src=\"https:\/\/www.evento.love\/blog\/wp-content\/uploads\/2019\/02\/banquete-boda-1.jpg\" alt=\"banquete de boda\" width=\"850\" height=\"850\" srcset=\"https:\/\/www.evento.love\/blog\/wp-content\/uploads\/2019\/02\/banquete-boda-1.jpg 850w, https:\/\/www.evento.love\/blog\/wp-content\/uploads\/2019\/02\/banquete-boda-1-150x150.jpg 150w, https:\/\/www.evento.love\/blog\/wp-content\/uploads\/2019\/02\/banquete-boda-1-300x300.jpg 300w, https:\/\/www.evento.love\/blog\/wp-content\/uploads\/2019\/02\/banquete-boda-1-768x768.jpg 768w, https:\/\/www.evento.love\/blog\/wp-content\/uploads\/2019\/02\/banquete-boda-1-270x270.jpg 270w\" sizes=\"(max-width: 850px) 100vw, 850px\" \/><figcaption id=\"caption-attachment-4206\" class=\"wp-caption-text\">Casa de Perrin<\/figcaption><\/figure>\n<h3>Flores<\/h3>\n<p>Comenzamos por lo fundamental, que son los centros de mesa. Recomendamos que sean <a href=\"https:\/\/www.evento.love\/blog\/como-elegir-las-flores-de-tu-boda\/\" target=\"_blank\" rel=\"noopener noreferrer\">flores y colores<\/a> que vayan con la gama escogida para la boda. Adem\u00e1s, pod\u00e9is poner detalles que os representen, como hicieron nuestros <a href=\"https:\/\/www.evento.love\/blog\/una-boda-con-tematica-de-viajes\/\" target=\"_blank\" rel=\"noopener noreferrer\">novios con su boda viajera<\/a>, colocando fotograf\u00edas suyas, en la ciudad que daba nombre a cada mesa.<\/p>\n<p><img decoding=\"async\" loading=\"lazy\" class=\"aligncenter wp-image-4209 size-full\" src=\"https:\/\/www.evento.love\/blog\/wp-content\/uploads\/2019\/02\/banquete-boda.jpg\" alt=\"banquete de boda\" width=\"850\" height=\"571\" srcset=\"https:\/\/www.evento.love\/blog\/wp-content\/uploads\/2019\/02\/banquete-boda.jpg 850w, https:\/\/www.evento.love\/blog\/wp-content\/uploads\/2019\/02\/banquete-boda-300x202.jpg 300w, https:\/\/www.evento.love\/blog\/wp-content\/uploads\/2019\/02\/banquete-boda-768x516.jpg 768w, https:\/\/www.evento.love\/blog\/wp-content\/uploads\/2019\/02\/banquete-boda-402x270.jpg 402w\" sizes=\"(max-width: 850px) 100vw, 850px\" \/><\/p>\n<p>Existen muchas posibilidades m\u00e1s all\u00e1 de los centros de mesa bajos tradicionales, ya que una tendencia clara de los \u00faltimos a\u00f1os es crear estructuras a\u00e9reas con mucho verde y flores, que dan volumen al banquete y visten el espacio de manera m\u00e1gica. Especialmente en los banquetes de boda de interior, se trata de traer la naturaleza a un espacio cerrado.<\/p>\n<h3>Luz<\/h3>\n<p>La luz es algo fundamental para el banquete de boda, ya que se trata de que los invitados puedan verse c\u00f3modamente y que no parezca un restaurante en los que tienes acercar una linterna para ver el men\u00fa. Sin embargo, pod\u00e9is regular la intensidad de la luz, especialmente en zonas al aire libre. En este caso podr\u00e9is colocar luces a\u00e9reas, bombillas que se distribuyan por todo el banquete formando un &#8220;techo&#8221; y proporcionando una bonita luz a la velada.<\/p>\n<p>En el interior tambi\u00e9n podr\u00e9is colocar este tipo de luces en alg\u00fan rinc\u00f3n. Siempre son un acierto incluso cuando su prop\u00f3sito es meramente decorativo.<\/p>\n<p><img decoding=\"async\" loading=\"lazy\" class=\"aligncenter wp-image-4207 size-full\" src=\"https:\/\/www.evento.love\/blog\/wp-content\/uploads\/2019\/02\/banquete-boda-2.jpg\" alt=\"banquete de boda\" width=\"850\" height=\"567\" srcset=\"https:\/\/www.evento.love\/blog\/wp-content\/uploads\/2019\/02\/banquete-boda-2.jpg 850w, https:\/\/www.evento.love\/blog\/wp-content\/uploads\/2019\/02\/banquete-boda-2-300x200.jpg 300w, https:\/\/www.evento.love\/blog\/wp-content\/uploads\/2019\/02\/banquete-boda-2-768x512.jpg 768w, https:\/\/www.evento.love\/blog\/wp-content\/uploads\/2019\/02\/banquete-boda-2-405x270.jpg 405w\" sizes=\"(max-width: 850px) 100vw, 850px\" \/><\/p>\n<h3>Detalles<\/h3>\n<p>Los detalles siempre son protagonistas en una boda, y en el banquete de tu boda hay que cuidarlos much\u00edsimo. Por ejemplo, que todos los servicios de mesa cuenten con la minuta adecuada. Tened en cuenta si hay alguien al\u00e9rgico, celiaco o intolerane a la lactosa, vegetariano&#8230;Quiz\u00e1 os convenga preparar ciertas minutas diferentes para estos comensales.<\/p>\n<p>Dejar una nota con unas <a href=\"https:\/\/www.evento.love\/blog\/frases-de-agradecimiento-para-invitados-de-tu-boda\/\" target=\"_blank\" rel=\"noopener noreferrer\">palabras de agradecimiento para los invitados<\/a> sobre el plato es un detalle precioso, aqu\u00ed os damos ideas para que se sientan especiales.<\/p>\n<p>Si el espacio es grande y sent\u00eds la necesidad de decorar varios de los rincones del sal\u00f3n, vuestra wedding planner os har\u00e1 un moodboard de acuerdo a ese plano para que no quede ning\u00fan espacio desolado y todo tenga el equilibrio perfecto. Buscar\u00e1 un sitio para la mesa dulce, los detalles para los invitados, photocall&#8230;<\/p>\n<p>&#8211;<\/p>\n<p>\u00bfQuieres que te ayudemos a <a href=\"https:\/\/www.evento.love\/bodas\/index.html\" target=\"_blank\" rel=\"noopener noreferrer\">organizar y decorar tu banquete de boda<\/a>? Escr\u00edbenos a <a href=\"mailto:hola@evento.love\" target=\"_blank\" rel=\"noopener noreferrer\">hola@evento.love<\/a>. \/\u00a0Do you want us to help you organize and decorate your wedding banquet? Write to us at <a href=\"mailto:hola@evento.love\" target=\"_blank\" rel=\"noopener noreferrer\">hola@evento.love<\/a>.<\/p>\n<p>&nbsp;<\/p>\n    <div class=\"related-post grid\">\r\n                <div class=\"headline\">M\u00e1s art\u00edculos a tener en cuenta<\/div>\r\n        <div class=\"post-list \">\r\n\r\n                        <div class=\"item\">\r\n                        <div class=\"thumb post_thumb\">\r\n        <a  title=\"Baby Shower, mucho m\u00e1s que un evento social\" href=\"https:\/\/www.evento.love\/blog\/baby-shower-evento-social-madrid\/\">\r\n\r\n            <img width=\"150\" height=\"150\" src=\"https:\/\/www.evento.love\/blog\/wp-content\/uploads\/2016\/07\/babyshower-150x150.jpg\" class=\"attachment-thumbnail size-thumbnail wp-post-image\" alt=\"baby shower-fiesta-beb\u00e9-embarazo-embarazada\" decoding=\"async\" loading=\"lazy\" \/>\r\n\r\n        <\/a>\r\n    <\/div>\r\n\r\n    <a class=\"title post_title\"  title=\"Baby Shower, mucho m\u00e1s que un evento social\" href=\"https:\/\/www.evento.love\/blog\/baby-shower-evento-social-madrid\/\">\r\n                Baby Shower, mucho m\u00e1s que un evento social    <\/a>\r\n\r\n                <\/div>\r\n                            <div class=\"item\">\r\n                        <div class=\"thumb post_thumb\">\r\n        <a  title=\"12 consejos para un Baby Shower perfecto\" href=\"https:\/\/www.evento.love\/blog\/12-consejos-baby-shower-perfecto-madrid\/\">\r\n\r\n            <img width=\"150\" height=\"150\" src=\"https:\/\/www.evento.love\/blog\/wp-content\/uploads\/2016\/09\/16_05_20_12_consejos-para-que-tu-Baby-Shower-sea-perfecto-150x150.jpg\" class=\"attachment-thumbnail size-thumbnail wp-post-image\" alt=\"Baby Shower-perfecto-beb\u00e9-embarazado-embarazada-fiesta-babyshower\" decoding=\"async\" loading=\"lazy\" \/>\r\n\r\n        <\/a>\r\n    <\/div>\r\n\r\n    <a class=\"title post_title\"  title=\"12 consejos para un Baby Shower perfecto\" href=\"https:\/\/www.evento.love\/blog\/12-consejos-baby-shower-perfecto-madrid\/\">\r\n                12 consejos para un Baby Shower perfecto    <\/a>\r\n\r\n                <\/div>\r\n                            <div class=\"item\">\r\n                        <div class=\"thumb post_thumb\">\r\n        <a  title=\"Cu\u00e1ndo hacer el Baby Shower\" href=\"https:\/\/www.evento.love\/blog\/cuando-hacer-el-baby-shower-madrid\/\">\r\n\r\n            <img width=\"150\" height=\"150\" src=\"https:\/\/www.evento.love\/blog\/wp-content\/uploads\/2016\/09\/16_05_23_Cuando-hacer-el-Baby-Shower-150x150.jpg\" class=\"attachment-thumbnail size-thumbnail wp-post-image\" alt=\"Cu\u00e1ndo hacer el baby shower beb\u00e9 embarazo fiesta en Madrid\" decoding=\"async\" loading=\"lazy\" \/>\r\n\r\n        <\/a>\r\n    <\/div>\r\n\r\n    <a class=\"title post_title\"  title=\"Cu\u00e1ndo hacer el Baby Shower\" href=\"https:\/\/www.evento.love\/blog\/cuando-hacer-el-baby-shower-madrid\/\">\r\n                Cu\u00e1ndo hacer el Baby Shower    <\/a>\r\n\r\n                <\/div>\r\n                            <div class=\"item\">\r\n                        <div class=\"thumb post_thumb\">\r\n        <a  title=\"\u00bfQui\u00e9n debe organizar el Baby Shower?\" href=\"https:\/\/www.evento.love\/blog\/quien-organizar-baby-shower-madrid\/\">\r\n\r\n            <img width=\"150\" height=\"150\" src=\"https:\/\/www.evento.love\/blog\/wp-content\/uploads\/2016\/09\/16_05_29_Qui\u00e9n-organiza-el-Baby-Shower-150x150.jpg\" class=\"attachment-thumbnail size-thumbnail wp-post-image\" alt=\"Organizaci\u00f3n Baby Shower Madrid fiesta beb\u00e9 embarazada\" decoding=\"async\" loading=\"lazy\" \/>\r\n\r\n        <\/a>\r\n    <\/div>\r\n\r\n    <a class=\"title post_title\"  title=\"\u00bfQui\u00e9n debe organizar el Baby Shower?\" href=\"https:\/\/www.evento.love\/blog\/quien-organizar-baby-shower-madrid\/\">\r\n                \u00bfQui\u00e9n debe organizar el Baby Shower?    <\/a>\r\n\r\n                <\/div>\r\n            \r\n    <\/div>\r\n\r\n    <script>\r\n            <\/script>\r\n    <style>\r\n        .related-post {}\r\n\r\n        .related-post .post-list {\r\n            text-align: left;\r\n                    }\r\n\r\n        .related-post .post-list .item {\r\n            margin: 5px 10px;\r\n            padding: 0px;\r\n                    }\r\n\r\n        .related-post .headline {\r\n            font-size: 24px !important;\r\n            color: #000000 !important;\r\n                    }\r\n\r\n        .related-post .headline{\r\nfont-weight:400 !important;\r\ntext-transform: uppercase;\r\n}.related-post .post-list .item .post_thumb {\r\n            max-height: 180px;\r\n            margin: 10px 0px;\r\n            padding: 0px;\r\n            display: block;\r\n                    }\r\n\r\n        .related-post .post-list .item .post_title {\r\n            font-size: 12px;\r\n            color: #607d8b;\r\n            margin: 10px 0px;\r\n            padding: 0px;\r\n            display: block;\r\n            text-decoration: none;\r\n                    }\r\n\r\n        .related-post .post-list .item .post_excerpt {\r\n            font-size: 13px;\r\n            color: #3f3f3f;\r\n            margin: 10px 0px;\r\n            padding: 0px;\r\n            display: block;\r\n            text-decoration: none;\r\n                    }\r\n\r\n        @media only screen and (min-width: 1024px) {\r\n            .related-post .post-list .item {\r\n                width: 22%;\r\n            }\r\n        }\r\n\r\n        @media only screen and (min-width: 768px) and (max-width: 1023px) {\r\n            .related-post .post-list .item {\r\n                width: 90%;\r\n            }\r\n        }\r\n\r\n        @media only screen and (min-width: 0px) and (max-width: 767px) {\r\n            .related-post .post-list .item {\r\n                width: 30%;\r\n            }\r\n        }\r\n\r\n            <\/style>\r\n        <\/div>\r\n<!-- AddThis Advanced Settings generic via filter on the_content --><!-- AddThis Share Buttons generic via filter on the_content -->","protected":false},"excerpt":{"rendered":"<p>El lugar donde se realice el banquete de boda ser\u00e1 uno de los espacios donde m\u00e1s tiempo pasen tus invitados y en el que se podr\u00e1 apreciar el estilo de la boda, la decoraci\u00f3n&#8230;Hoy os ayudamos a decorarlo para que quede espectacular. M\u00e1s art\u00edculos a tener en cuenta Baby Shower, mucho m\u00e1s que un evento social 12 consejos para un Baby Shower perfecto Cu\u00e1ndo hacer el Baby Shower \u00bfQui\u00e9n debe organizar el Baby Shower?<!-- AddThis Advanced Settings generic via filter on get_the_excerpt --><!-- AddThis Share Buttons generic via filter on get_the_excerpt --><\/p>\n    <div class=\"related-post grid\">\r\n                <div class=\"headline\">M\u00e1s art\u00edculos a tener en cuenta<\/div>\r\n        <div class=\"post-list \">\r\n\r\n                        <div class=\"item\">\r\n                        <div class=\"thumb post_thumb\">\r\n        <a  title=\"Baby Shower, mucho m\u00e1s que un evento social\" href=\"https:\/\/www.evento.love\/blog\/baby-shower-evento-social-madrid\/\">\r\n\r\n            <img width=\"150\" height=\"150\" src=\"https:\/\/www.evento.love\/blog\/wp-content\/uploads\/2016\/07\/babyshower-150x150.jpg\" class=\"attachment-thumbnail size-thumbnail wp-post-image\" alt=\"baby shower-fiesta-beb\u00e9-embarazo-embarazada\" decoding=\"async\" loading=\"lazy\" \/>\r\n\r\n        <\/a>\r\n    <\/div>\r\n\r\n    <a class=\"title post_title\"  title=\"Baby Shower, mucho m\u00e1s que un evento social\" href=\"https:\/\/www.evento.love\/blog\/baby-shower-evento-social-madrid\/\">\r\n                Baby Shower, mucho m\u00e1s que un evento social    <\/a>\r\n\r\n                <\/div>\r\n                            <div class=\"item\">\r\n                        <div class=\"thumb post_thumb\">\r\n        <a  title=\"12 consejos para un Baby Shower perfecto\" href=\"https:\/\/www.evento.love\/blog\/12-consejos-baby-shower-perfecto-madrid\/\">\r\n\r\n            <img width=\"150\" height=\"150\" src=\"https:\/\/www.evento.love\/blog\/wp-content\/uploads\/2016\/09\/16_05_20_12_consejos-para-que-tu-Baby-Shower-sea-perfecto-150x150.jpg\" class=\"attachment-thumbnail size-thumbnail wp-post-image\" alt=\"Baby Shower-perfecto-beb\u00e9-embarazado-embarazada-fiesta-babyshower\" decoding=\"async\" loading=\"lazy\" \/>\r\n\r\n        <\/a>\r\n    <\/div>\r\n\r\n    <a class=\"title post_title\"  title=\"12 consejos para un Baby Shower perfecto\" href=\"https:\/\/www.evento.love\/blog\/12-consejos-baby-shower-perfecto-madrid\/\">\r\n                12 consejos para un Baby Shower perfecto    <\/a>\r\n\r\n                <\/div>\r\n                            <div class=\"item\">\r\n                        <div class=\"thumb post_thumb\">\r\n        <a  title=\"Cu\u00e1ndo hacer el Baby Shower\" href=\"https:\/\/www.evento.love\/blog\/cuando-hacer-el-baby-shower-madrid\/\">\r\n\r\n            <img width=\"150\" height=\"150\" src=\"https:\/\/www.evento.love\/blog\/wp-content\/uploads\/2016\/09\/16_05_23_Cuando-hacer-el-Baby-Shower-150x150.jpg\" class=\"attachment-thumbnail size-thumbnail wp-post-image\" alt=\"Cu\u00e1ndo hacer el baby shower beb\u00e9 embarazo fiesta en Madrid\" decoding=\"async\" loading=\"lazy\" \/>\r\n\r\n        <\/a>\r\n    <\/div>\r\n\r\n    <a class=\"title post_title\"  title=\"Cu\u00e1ndo hacer el Baby Shower\" href=\"https:\/\/www.evento.love\/blog\/cuando-hacer-el-baby-shower-madrid\/\">\r\n                Cu\u00e1ndo hacer el Baby Shower    <\/a>\r\n\r\n                <\/div>\r\n                            <div class=\"item\">\r\n                        <div class=\"thumb post_thumb\">\r\n        <a  title=\"Baby Shower: Elaborando la lista de invitados\" href=\"https:\/\/www.evento.love\/blog\/baby-shower-lista-invitados-madrid\/\">\r\n\r\n            <img width=\"150\" height=\"150\" src=\"https:\/\/www.evento.love\/blog\/wp-content\/uploads\/2016\/09\/16_05_30_Baby-Shower-elaborando-la-lista-de-invitados-150x150.jpg\" class=\"attachment-thumbnail size-thumbnail wp-post-image\" alt=\"\" decoding=\"async\" loading=\"lazy\" \/>\r\n\r\n        <\/a>\r\n    <\/div>\r\n\r\n    <a class=\"title post_title\"  title=\"Baby Shower: Elaborando la lista de invitados\" href=\"https:\/\/www.evento.love\/blog\/baby-shower-lista-invitados-madrid\/\">\r\n                Baby Shower: Elaborando la lista de invitados    <\/a>\r\n\r\n                <\/div>\r\n            \r\n    <\/div>\r\n\r\n    <script>\r\n            <\/script>\r\n    <style>\r\n        .related-post {}\r\n\r\n        .related-post .post-list {\r\n            text-align: left;\r\n                    }\r\n\r\n        .related-post .post-list .item {\r\n            margin: 5px 10px;\r\n            padding: 0px;\r\n                    }\r\n\r\n        .related-post .headline {\r\n            font-size: 24px !important;\r\n            color: #000000 !important;\r\n                    }\r\n\r\n        .related-post .headline{\r\nfont-weight:400 !important;\r\ntext-transform: uppercase;\r\n}.related-post .post-list .item .post_thumb {\r\n            max-height: 180px;\r\n            margin: 10px 0px;\r\n            padding: 0px;\r\n            display: block;\r\n                    }\r\n\r\n        .related-post .post-list .item .post_title {\r\n            font-size: 12px;\r\n            color: #607d8b;\r\n            margin: 10px 0px;\r\n            padding: 0px;\r\n            display: block;\r\n            text-decoration: none;\r\n                    }\r\n\r\n        .related-post .post-list .item .post_excerpt {\r\n            font-size: 13px;\r\n            color: #3f3f3f;\r\n            margin: 10px 0px;\r\n            padding: 0px;\r\n            display: block;\r\n            text-decoration: none;\r\n                    }\r\n\r\n        @media only screen and (min-width: 1024px) {\r\n            .related-post .post-list .item {\r\n                width: 22%;\r\n            }\r\n        }\r\n\r\n        @media only screen and (min-width: 768px) and (max-width: 1023px) {\r\n            .related-post .post-list .item {\r\n                width: 90%;\r\n            }\r\n        }\r\n\r\n        @media only screen and (min-width: 0px) and (max-width: 767px) {\r\n            .related-post .post-list .item {\r\n                width: 30%;\r\n            }\r\n        }\r\n\r\n            <\/style>\r\n        <\/div>\r\n","protected":false},"author":1,"featured_media":4207,"comment_status":"closed","ping_status":"open","sticky":false,"template":"","format":"standard","meta":{"content-type":""},"categories":[756],"tags":[1230,375,1271,979,241,249,1106,851,1002,888,1161],"yoast_head":"<!-- This site is optimized with the Yoast SEO plugin v20.7 - https:\/\/yoast.com\/wordpress\/plugins\/seo\/ -->\n<title>C\u00f3mo organizar y decorar el banquete de boda - El Blog de evento.love<\/title>\n<meta name=\"description\" content=\"Consejos y pasos para organizar y decorar el banquete de boda: mesas, flores, manteler\u00eda, vajilla, y toda la decoraci\u00f3n que vaya con tu estilo.\" \/>\n<meta name=\"robots\" content=\"index, follow, max-snippet:-1, max-image-preview:large, max-video-preview:-1\" \/>\n<meta property=\"og:locale\" content=\"es_ES\" \/>\n<meta property=\"og:type\" content=\"article\" \/>\n<meta property=\"og:title\" content=\"C\u00f3mo organizar y decorar el banquete de boda - El Blog de evento.love\" \/>\n<meta property=\"og:description\" content=\"Consejos y pasos para organizar y decorar el banquete de boda: mesas, flores, manteler\u00eda, vajilla, y toda la decoraci\u00f3n que vaya con tu estilo.\" \/>\n<meta property=\"og:url\" content=\"https:\/\/www.evento.love\/blog\/organizar-y-decorar-el-banquete-de-boda\/\" \/>\n<meta property=\"og:site_name\" content=\"El Blog de evento.love\" \/>\n<meta property=\"article:publisher\" content=\"https:\/\/www.facebook.com\/Evento.love\/\" \/>\n<meta property=\"article:published_time\" content=\"2019-02-28T10:00:44+00:00\" \/>\n<meta property=\"article:modified_time\" content=\"2020-05-17T18:21:22+00:00\" \/>\n<meta property=\"og:image\" content=\"https:\/\/www.evento.love\/blog\/wp-content\/uploads\/2019\/02\/banquete-boda-2.jpg\" \/>\n\t<meta property=\"og:image:width\" content=\"850\" \/>\n\t<meta property=\"og:image:height\" content=\"567\" \/>\n\t<meta property=\"og:image:type\" content=\"image\/jpeg\" \/>\n<meta name=\"author\" content=\"Evento Love\" \/>\n<meta name=\"twitter:card\" content=\"summary_large_image\" \/>\n<meta name=\"twitter:creator\" content=\"@Evento_love\" \/>\n<meta name=\"twitter:site\" content=\"@Evento_love\" \/>\n<meta name=\"twitter:label1\" content=\"Escrito por\" \/>\n\t<meta name=\"twitter:data1\" content=\"Evento Love\" \/>\n\t<meta name=\"twitter:label2\" content=\"Tiempo de lectura\" \/>\n\t<meta name=\"twitter:data2\" content=\"4 minutos\" \/>\n<!-- \/ Yoast SEO plugin. -->","yoast_head_json":{"title":"C\u00f3mo organizar y decorar el banquete de boda - El Blog de evento.love","description":"Consejos y pasos para organizar y decorar el banquete de boda: mesas, flores, manteler\u00eda, vajilla, y toda la decoraci\u00f3n que vaya con tu estilo.","robots":{"index":"index","follow":"follow","max-snippet":"max-snippet:-1","max-image-preview":"max-image-preview:large","max-video-preview":"max-video-preview:-1"},"og_locale":"es_ES","og_type":"article","og_title":"C\u00f3mo organizar y decorar el banquete de boda - El Blog de evento.love","og_description":"Consejos y pasos para organizar y decorar el banquete de boda: mesas, flores, manteler\u00eda, vajilla, y toda la decoraci\u00f3n que vaya con tu estilo.","og_url":"https:\/\/www.evento.love\/blog\/organizar-y-decorar-el-banquete-de-boda\/","og_site_name":"El Blog de evento.love","article_publisher":"https:\/\/www.facebook.com\/Evento.love\/","article_published_time":"2019-02-28T10:00:44+00:00","article_modified_time":"2020-05-17T18:21:22+00:00","og_image":[{"width":850,"height":567,"url":"https:\/\/www.evento.love\/blog\/wp-content\/uploads\/2019\/02\/banquete-boda-2.jpg","type":"image\/jpeg"}],"author":"Evento Love","twitter_card":"summary_large_image","twitter_creator":"@Evento_love","twitter_site":"@Evento_love","twitter_misc":{"Escrito por":"Evento Love","Tiempo de lectura":"4 minutos"},"schema":{"@context":"https:\/\/schema.org","@graph":[{"@type":"Article","@id":"https:\/\/www.evento.love\/blog\/organizar-y-decorar-el-banquete-de-boda\/#article","isPartOf":{"@id":"https:\/\/www.evento.love\/blog\/organizar-y-decorar-el-banquete-de-boda\/"},"author":{"name":"Evento Love","@id":"https:\/\/www.evento.love\/blog\/#\/schema\/person\/a184c2ed424b7fb3006372ce8051542c"},"headline":"C\u00f3mo organizar y decorar el banquete de boda","datePublished":"2019-02-28T10:00:44+00:00","dateModified":"2020-05-17T18:21:22+00:00","mainEntityOfPage":{"@id":"https:\/\/www.evento.love\/blog\/organizar-y-decorar-el-banquete-de-boda\/"},"wordCount":819,"publisher":{"@id":"https:\/\/www.evento.love\/blog\/#organization"},"keywords":["banquete de boda","boda","centros de mesa","decoraci\u00f3n de boda","detalles para invitados","flores","mesas de boda","organizaci\u00f3n de boda","wedding","wedding planner","wedding planner en Madrid"],"articleSection":["Bodas"],"inLanguage":"es"},{"@type":"WebPage","@id":"https:\/\/www.evento.love\/blog\/organizar-y-decorar-el-banquete-de-boda\/","url":"https:\/\/www.evento.love\/blog\/organizar-y-decorar-el-banquete-de-boda\/","name":"C\u00f3mo organizar y decorar el banquete de boda - El Blog de evento.love","isPartOf":{"@id":"https:\/\/www.evento.love\/blog\/#website"},"datePublished":"2019-02-28T10:00:44+00:00","dateModified":"2020-05-17T18:21:22+00:00","description":"Consejos y pasos para organizar y decorar el banquete de boda: mesas, flores, manteler\u00eda, vajilla, y toda la decoraci\u00f3n que vaya con tu estilo.","breadcrumb":{"@id":"https:\/\/www.evento.love\/blog\/organizar-y-decorar-el-banquete-de-boda\/#breadcrumb"},"inLanguage":"es","potentialAction":[{"@type":"ReadAction","target":["https:\/\/www.evento.love\/blog\/organizar-y-decorar-el-banquete-de-boda\/"]}]},{"@type":"BreadcrumbList","@id":"https:\/\/www.evento.love\/blog\/organizar-y-decorar-el-banquete-de-boda\/#breadcrumb","itemListElement":[{"@type":"ListItem","position":1,"name":"Evento.love","item":"https:\/\/www.evento.love\/blog\/"},{"@type":"ListItem","position":2,"name":"Bodas","item":"https:\/\/www.evento.love\/blog\/category\/bodas\/"},{"@type":"ListItem","position":3,"name":"C\u00f3mo organizar y decorar el banquete de boda"}]},{"@type":"WebSite","@id":"https:\/\/www.evento.love\/blog\/#website","url":"https:\/\/www.evento.love\/blog\/","name":"El Blog de evento.love","description":"T\u00fa lo mereces. Disfruta de tu momento","publisher":{"@id":"https:\/\/www.evento.love\/blog\/#organization"},"potentialAction":[{"@type":"SearchAction","target":{"@type":"EntryPoint","urlTemplate":"https:\/\/www.evento.love\/blog\/?s={search_term_string}"},"query-input":"required name=search_term_string"}],"inLanguage":"es"},{"@type":"Organization","@id":"https:\/\/www.evento.love\/blog\/#organization","name":"evento.love","url":"https:\/\/www.evento.love\/blog\/","logo":{"@type":"ImageObject","inLanguage":"es","@id":"https:\/\/www.evento.love\/blog\/#\/schema\/logo\/image\/","url":"https:\/\/www.evento.love\/blog\/wp-content\/uploads\/2016\/07\/logo-evento-love.png","contentUrl":"https:\/\/www.evento.love\/blog\/wp-content\/uploads\/2016\/07\/logo-evento-love.png","width":197,"height":59,"caption":"evento.love"},"image":{"@id":"https:\/\/www.evento.love\/blog\/#\/schema\/logo\/image\/"},"sameAs":["https:\/\/www.facebook.com\/Evento.love\/","https:\/\/twitter.com\/Evento_love","https:\/\/www.instagram.com\/evento.love\/","https:\/\/es.pinterest.com\/evento_love\/","https:\/\/www.youtube.com\/channel\/UCcVbo6ymzx-7FlDJja8aQnw"]},{"@type":"Person","@id":"https:\/\/www.evento.love\/blog\/#\/schema\/person\/a184c2ed424b7fb3006372ce8051542c","name":"Evento Love"}]}},"_links":{"self":[{"href":"https:\/\/www.evento.love\/blog\/wp-json\/wp\/v2\/posts\/4204"}],"collection":[{"href":"https:\/\/www.evento.love\/blog\/wp-json\/wp\/v2\/posts"}],"about":[{"href":"https:\/\/www.evento.love\/blog\/wp-json\/wp\/v2\/types\/post"}],"author":[{"embeddable":true,"href":"https:\/\/www.evento.love\/blog\/wp-json\/wp\/v2\/users\/1"}],"replies":[{"embeddable":true,"href":"https:\/\/www.evento.love\/blog\/wp-json\/wp\/v2\/comments?post=4204"}],"version-history":[{"count":6,"href":"https:\/\/www.evento.love\/blog\/wp-json\/wp\/v2\/posts\/4204\/revisions"}],"predecessor-version":[{"id":6360,"href":"https:\/\/www.evento.love\/blog\/wp-json\/wp\/v2\/posts\/4204\/revisions\/6360"}],"wp:featuredmedia":[{"embeddable":true,"href":"https:\/\/www.evento.love\/blog\/wp-json\/wp\/v2\/media\/4207"}],"wp:attachment":[{"href":"https:\/\/www.evento.love\/blog\/wp-json\/wp\/v2\/media?parent=4204"}],"wp:term":[{"taxonomy":"category","embeddable":true,"href":"https:\/\/www.evento.love\/blog\/wp-json\/wp\/v2\/categories?post=4204"},{"taxonomy":"post_tag","embeddable":true,"href":"https:\/\/www.evento.love\/blog\/wp-json\/wp\/v2\/tags?post=4204"}],"curies":[{"name":"wp","href":"https:\/\/api.w.org\/{rel}","templated":true}]}}