{"id":4213,"date":"2019-03-04T09:00:00","date_gmt":"2019-03-04T07:00:00","guid":{"rendered":"https:\/\/www.evento.love\/blog\/?p=4213"},"modified":"2019-07-19T00:17:46","modified_gmt":"2019-07-18T22:17:46","slug":"organizamos-la-fiesta-sorpresa-perfecta","status":"publish","type":"post","link":"https:\/\/www.evento.love\/blog\/organizamos-la-fiesta-sorpresa-perfecta\/","title":{"rendered":"Organizamos la fiesta sorpresa perfecta"},"content":{"rendered":"<p>Si nos segu\u00eds en <a href=\"https:\/\/www.instagram.com\/evento.love\/\" target=\"_blank\" rel=\"noopener noreferrer\">redes<\/a> y en el <a href=\"https:\/\/www.evento.love\/blog\/\" target=\"_blank\" rel=\"noopener noreferrer\">blog<\/a>, sabr\u00e9is que tenemos cierta predilecci\u00f3n por las fiestas sorpresa. Y es que se trata de eventos organizados por alguien muy querido para una persona muy especial. \u00a1Un acto de amor en toda regla!<!--more--><\/p>\n<p>Ver la cara del homenajeado al descubrir la decoraci\u00f3n y a sus seres queridos reunidos es el motor que hace que queramos superarnos en cada fiesta sorpresa que organizamos. Este tipo de eventos suponen adem\u00e1s un reto extra, ya que significa mantener la sorpresa hasta el final. Dependiendo del tipo de fiesta, la complicaci\u00f3n ser\u00e1 mayor. Por ejemplo, un cumplea\u00f1os en un local ser\u00e1 siempre m\u00e1s f\u00e1cil de mantener que un baby shower en la propia casa de la mam\u00e1. \u00a1Eso s\u00ed que son malabares! Que no sospeche nada y que le pille completamente por sorpresa.<\/p>\n<p><img decoding=\"async\" loading=\"lazy\" class=\"aligncenter size-full wp-image-4194\" src=\"https:\/\/www.evento.love\/blog\/wp-content\/uploads\/2019\/02\/babyshower-azul-blanco-2.jpg\" alt=\"baby shower azul y blanco\" width=\"850\" height=\"567\" srcset=\"https:\/\/www.evento.love\/blog\/wp-content\/uploads\/2019\/02\/babyshower-azul-blanco-2.jpg 850w, https:\/\/www.evento.love\/blog\/wp-content\/uploads\/2019\/02\/babyshower-azul-blanco-2-300x200.jpg 300w, https:\/\/www.evento.love\/blog\/wp-content\/uploads\/2019\/02\/babyshower-azul-blanco-2-768x512.jpg 768w, https:\/\/www.evento.love\/blog\/wp-content\/uploads\/2019\/02\/babyshower-azul-blanco-2-405x270.jpg 405w\" sizes=\"(max-width: 850px) 100vw, 850px\" \/><\/p>\n<h1>Claves que aseguran el \u00e9xito de una fiesta sorpresa<\/h1>\n<ul>\n<li>Un solo interlocutor. En ocasiones en las que los organizadores son varios, como por ejemplo, unas amigas organizando una <a href=\"https:\/\/www.evento.love\/blog\/celebra-una-bridal-shower-de-cuento\/\" target=\"_blank\" rel=\"noopener noreferrer\">bridal shower<\/a>, es necesario que una de ellas sea la portavoz. La persona que centralice las ideas y peticiones y con la que mantengamos el contacto durante todo el proceso<\/li>\n<li>Una v\u00eda de comunicaci\u00f3n segura. En Evento.love tenemos mucho cuidado con las llamadas, \u00a1nunca sabemos si el homenajeado va a estar con el organizador! Especialmente si son pareja o madre e hija, como ocurre con muchos baby showers. Para ello, solemos establecer un canal de comunicaci\u00f3n m\u00e1s seguro como el whatsapp o email para ir tomando decisiones.<\/li>\n<li>Reuniones agendadas. Si la organizaci\u00f3n es clave para cualquier evento, en una fiesta sorpresa lo es a\u00fan m\u00e1s. Hay que escoger las horas exactas para no ser &#8220;pillados&#8221; y no dejar nada al azar.<\/li>\n<\/ul>\n<h1>Nuestras fiestas sorpresa<\/h1>\n<p>Echamos la vista atr\u00e1s a todas las fiestas sorpresa que hemos organizado y no podemos evitar sonre\u00edr con cada una de ellas. \u00a1Todas han sido un \u00e9xito! Os mostramos a continuaci\u00f3n diferentes tipos de fiesta sorpresa que organizamos y decoramos con nuestra mayor ilusi\u00f3n.<\/p>\n<h2>Baby shower sorpresa<\/h2>\n<p>La estrella de la corona de los eventos sorpresa: los <a href=\"https:\/\/www.evento.love\/babyshower\/\" target=\"_blank\" rel=\"noopener noreferrer\">baby showers<\/a>. Si ya de por s\u00ed es una celebraci\u00f3n s\u00faper especial y emotiva, imaginaos si es sorpresa.<\/p>\n<h3>Baby shower sorpresa organizado por pap\u00e1<\/h3>\n<p>Nos encanta recibir llamadas de padres ilusionados que quieren sorprender con un baby shower a su mujer. Son una de las fiestas sorpresa que m\u00e1s reto suponen pero tambi\u00e9n una de las m\u00e1s bonitas.<\/p>\n<p>Recordamos el baby shower sorpresa que Nacho nos pidi\u00f3 que organiz\u00e1ramos para su mujer, y que <a href=\"https:\/\/www.evento.love\/blog\/un-baby-shower-en-rosa-y-blanco\/\" target=\"_blank\" rel=\"noopener noreferrer\">qued\u00f3 as\u00ed de bonito<\/a>. El sal\u00f3n inundado de rosa y blanco. \u00a1Ideal!<\/p>\n<p><a href=\"https:\/\/www.evento.love\/blog\/un-baby-shower-en-rosa-y-blanco\/\"><img decoding=\"async\" loading=\"lazy\" class=\"aligncenter wp-image-4127 size-full\" src=\"https:\/\/www.evento.love\/blog\/wp-content\/uploads\/2019\/02\/baby-shower-sorpresa-rosa-blanc-4.jpg\" alt=\"baby shower en rosa y blanco\" width=\"850\" height=\"567\" srcset=\"https:\/\/www.evento.love\/blog\/wp-content\/uploads\/2019\/02\/baby-shower-sorpresa-rosa-blanc-4.jpg 850w, https:\/\/www.evento.love\/blog\/wp-content\/uploads\/2019\/02\/baby-shower-sorpresa-rosa-blanc-4-300x200.jpg 300w, https:\/\/www.evento.love\/blog\/wp-content\/uploads\/2019\/02\/baby-shower-sorpresa-rosa-blanc-4-768x512.jpg 768w, https:\/\/www.evento.love\/blog\/wp-content\/uploads\/2019\/02\/baby-shower-sorpresa-rosa-blanc-4-405x270.jpg 405w\" sizes=\"(max-width: 850px) 100vw, 850px\" \/><\/a><\/p>\n<p>En el caso del baby shower que organizamos con Javier, escogimos un precioso espacio y mucha animaci\u00f3n para una fiesta llena de momentos divertidos.<\/p>\n<p><img decoding=\"async\" loading=\"lazy\" class=\"aligncenter size-full wp-image-2842\" src=\"https:\/\/www.evento.love\/blog\/wp-content\/uploads\/2018\/10\/baby-shower-sorpresa-3.jpg\" alt=\"Baby shower sorpresa\" width=\"850\" height=\"567\" srcset=\"https:\/\/www.evento.love\/blog\/wp-content\/uploads\/2018\/10\/baby-shower-sorpresa-3.jpg 850w, https:\/\/www.evento.love\/blog\/wp-content\/uploads\/2018\/10\/baby-shower-sorpresa-3-300x200.jpg 300w, https:\/\/www.evento.love\/blog\/wp-content\/uploads\/2018\/10\/baby-shower-sorpresa-3-768x512.jpg 768w, https:\/\/www.evento.love\/blog\/wp-content\/uploads\/2018\/10\/baby-shower-sorpresa-3-405x270.jpg 405w\" sizes=\"(max-width: 850px) 100vw, 850px\" \/><\/p>\n<h3>Baby shower organizado por tus amigas<\/h3>\n<p>Cuando las amigas de Silvia de Benito nos contactaron para organizar su baby shower sorpresa con estilo natural y toques tropicales, \u00a1nos enamoramos de la idea! En <a href=\"https:\/\/www.evento.love\/blog\/baby-shower-sorpresa-silvia-de-benito\/\" target=\"_blank\" rel=\"noopener noreferrer\">este post<\/a> os contamos todo sobre este baby shower sorpresa. Quien tiene amigas, tiene tesoros.<\/p>\n<p><a href=\"https:\/\/www.evento.love\/blog\/baby-shower-sorpresa-silvia-de-benito\/\"><img decoding=\"async\" loading=\"lazy\" class=\"aligncenter size-full wp-image-4162\" src=\"https:\/\/www.evento.love\/blog\/wp-content\/uploads\/2019\/02\/babyshower-silviadebenito-5.jpg\" alt=\"baby shower sorpresa para Silvia de Benito\" width=\"850\" height=\"567\" srcset=\"https:\/\/www.evento.love\/blog\/wp-content\/uploads\/2019\/02\/babyshower-silviadebenito-5.jpg 850w, https:\/\/www.evento.love\/blog\/wp-content\/uploads\/2019\/02\/babyshower-silviadebenito-5-300x200.jpg 300w, https:\/\/www.evento.love\/blog\/wp-content\/uploads\/2019\/02\/babyshower-silviadebenito-5-768x512.jpg 768w, https:\/\/www.evento.love\/blog\/wp-content\/uploads\/2019\/02\/babyshower-silviadebenito-5-405x270.jpg 405w\" sizes=\"(max-width: 850px) 100vw, 850px\" \/><\/a><\/p>\n<h3>Baby shower sorpresa organizado por la abuela<\/h3>\n<p>\u00bfY qu\u00e9 me dec\u00eds de las abuelas? Son hadas madrinas que comienzan ya desde antes de que nazca el beb\u00e9. La abuela de Sof\u00eda nos pidi\u00f3 que organiz\u00e1ramos este bonito <a href=\"https:\/\/www.evento.love\/blog\/el-baby-shower-rosa-de-sofia\/\" target=\"_blank\" rel=\"noopener noreferrer\">baby shower<\/a> para su hija que estaba embarazada:<\/p>\n<p><a href=\"https:\/\/www.evento.love\/blog\/el-baby-shower-rosa-de-sofia\/\"><img decoding=\"async\" loading=\"lazy\" class=\"aligncenter size-full wp-image-4187\" src=\"https:\/\/www.evento.love\/blog\/wp-content\/uploads\/2019\/02\/babyshower-rosa-11.jpg\" alt=\"baby shower rosa\" width=\"850\" height=\"747\" srcset=\"https:\/\/www.evento.love\/blog\/wp-content\/uploads\/2019\/02\/babyshower-rosa-11.jpg 850w, https:\/\/www.evento.love\/blog\/wp-content\/uploads\/2019\/02\/babyshower-rosa-11-300x264.jpg 300w, https:\/\/www.evento.love\/blog\/wp-content\/uploads\/2019\/02\/babyshower-rosa-11-768x675.jpg 768w, https:\/\/www.evento.love\/blog\/wp-content\/uploads\/2019\/02\/babyshower-rosa-11-307x270.jpg 307w\" sizes=\"(max-width: 850px) 100vw, 850px\" \/><\/a><\/p>\n<h3>Baby shower organizado por los compa\u00f1eros de trabajo<\/h3>\n<p>\u00bfNo os ha pasado que una compa\u00f1ero@ de trabajo va a tener un hijo y no sab\u00e9is qu\u00e9 regalarle? Os junt\u00e1is varios y ten\u00e9is que pensar en un regalo grande&#8230;\u00bfqu\u00e9 mejor que una <a href=\"https:\/\/www.evento.love\/blog\/baby-shower-sorpresa-para-el-jefe-y-un-companero\/\" target=\"_blank\" rel=\"noopener noreferrer\">fiesta sorpresa<\/a>\u00a0en la oficina? Como esta que organizamos para un jefe y un compa\u00f1ero que iban a ser pap\u00e1s, en unas oficinas del centro de Madrid. Como era fiesta conjunta nos decantamos por un color neutro: el verde mint.<\/p>\n<p><a href=\"https:\/\/www.evento.love\/blog\/baby-shower-sorpresa-para-el-jefe-y-un-companero\/\"><img decoding=\"async\" loading=\"lazy\" class=\"aligncenter size-full wp-image-2863\" src=\"https:\/\/www.evento.love\/blog\/wp-content\/uploads\/2018\/10\/baby-shower-en-la-oficina-1.jpg\" alt=\"\" width=\"850\" height=\"562\" srcset=\"https:\/\/www.evento.love\/blog\/wp-content\/uploads\/2018\/10\/baby-shower-en-la-oficina-1.jpg 850w, https:\/\/www.evento.love\/blog\/wp-content\/uploads\/2018\/10\/baby-shower-en-la-oficina-1-300x198.jpg 300w, https:\/\/www.evento.love\/blog\/wp-content\/uploads\/2018\/10\/baby-shower-en-la-oficina-1-768x508.jpg 768w, https:\/\/www.evento.love\/blog\/wp-content\/uploads\/2018\/10\/baby-shower-en-la-oficina-1-408x270.jpg 408w\" sizes=\"(max-width: 850px) 100vw, 850px\" \/><\/a><\/p>\n<h2>Cumplea\u00f1os sorpresa<\/h2>\n<p>Las <a href=\"https:\/\/www.evento.love\/cumpleanos\/index.html\" target=\"_blank\" rel=\"noopener noreferrer\">fiestas de cumplea\u00f1os<\/a> son otro de los eventos que m\u00e1s papeletas tienen de ser &#8220;sorpresa&#8221;. En Evento.love organizamos y decoramos cumplea\u00f1os de todas las edades. Si est\u00e1is pensando en organizar uno, os recomendamos <a href=\"https:\/\/www.evento.love\/blog\/organiza-el-cumpleanos-sorpresa-perfecto\/\" target=\"_blank\" rel=\"noopener noreferrer\">este post<\/a> con las claves para que salga a la perfecci\u00f3n.<\/p>\n<h3>El 50 cumplea\u00f1os de Rafael<\/h3>\n<p>A Rafael le sorprendieron por su <a href=\"https:\/\/www.evento.love\/blog\/50o-cumpleanos-sorpresa-rafael\/\" target=\"_blank\" rel=\"noopener noreferrer\">50 cumplea\u00f1os<\/a>, una cifra redonda digna de celebrarse por todo lo alto. \u00a1No sab\u00e9is lo bien que se lo pasaron!<\/p>\n<p><a href=\"https:\/\/www.evento.love\/blog\/50o-cumpleanos-sorpresa-rafael\/\"><img decoding=\"async\" loading=\"lazy\" class=\"aligncenter wp-image-1527 size-full\" src=\"https:\/\/www.evento.love\/blog\/wp-content\/uploads\/2018\/02\/IMG_1362_preview.jpg\" alt=\"fiesta sorpresa\" width=\"800\" height=\"533\" srcset=\"https:\/\/www.evento.love\/blog\/wp-content\/uploads\/2018\/02\/IMG_1362_preview.jpg 800w, https:\/\/www.evento.love\/blog\/wp-content\/uploads\/2018\/02\/IMG_1362_preview-300x200.jpg 300w, https:\/\/www.evento.love\/blog\/wp-content\/uploads\/2018\/02\/IMG_1362_preview-768x512.jpg 768w, https:\/\/www.evento.love\/blog\/wp-content\/uploads\/2018\/02\/IMG_1362_preview-405x270.jpg 405w\" sizes=\"(max-width: 800px) 100vw, 800px\" \/><\/a><\/p>\n<h3>Un cumplea\u00f1os doble para una mam\u00e1 y su hijo<\/h3>\n<p>Madre e hijo cumpl\u00edan a\u00f1os el mismo d\u00eda, pero eso no supuso un problema para organizar esta <a href=\"https:\/\/www.evento.love\/blog\/doble-cumpleanos-sorpresa-y-un-reto-para-la-tarta\/\" target=\"_blank\" rel=\"noopener noreferrer\">fiesta sorpresa doble<\/a>. \u00a1La tarta fue todo un reto!<\/p>\n<p><img decoding=\"async\" loading=\"lazy\" class=\"aligncenter size-full wp-image-1194\" src=\"https:\/\/www.evento.love\/blog\/wp-content\/uploads\/2017\/10\/IMG_7943.jpg\" alt=\"fiesta sorpresa\" width=\"800\" height=\"533\" srcset=\"https:\/\/www.evento.love\/blog\/wp-content\/uploads\/2017\/10\/IMG_7943.jpg 800w, https:\/\/www.evento.love\/blog\/wp-content\/uploads\/2017\/10\/IMG_7943-300x200.jpg 300w, https:\/\/www.evento.love\/blog\/wp-content\/uploads\/2017\/10\/IMG_7943-768x512.jpg 768w, https:\/\/www.evento.love\/blog\/wp-content\/uploads\/2017\/10\/IMG_7943-405x270.jpg 405w\" sizes=\"(max-width: 800px) 100vw, 800px\" \/><\/p>\n<h3>Graduaci\u00f3n y cumplea\u00f1os sorpresa<\/h3>\n<p>Y por \u00faltimo, siguiendo con las fiestas dobles, Lydia le organizamos una fiesta sorpresa de graduaci\u00f3n y de cumplea\u00f1os. Dos momentos importantes de su vida en una fiesta con tem\u00e1tica de Par\u00eds.<\/p>\n<figure id=\"attachment_2089\" aria-describedby=\"caption-attachment-2089\" style=\"width: 847px\" class=\"wp-caption aligncenter\"><a href=\"https:\/\/www.evento.love\/blog\/wp-content\/uploads\/2018\/06\/Fiesta-de-cumplea\u00f1os-y-graduaci\u00f3n-sorpresa-de-Lydia-Madrid-tarta-rosa-negro-par%C3%ADs-torre-eiffel-cupcakes.png\"><img decoding=\"async\" loading=\"lazy\" class=\"size-full wp-image-2089\" src=\"https:\/\/www.evento.love\/blog\/wp-content\/uploads\/2018\/06\/Fiesta-de-cumplea\u00f1os-y-graduaci\u00f3n-sorpresa-de-Lydia-Madrid-tarta-rosa-negro-par\u00eds-torre-eiffel-cupcakes.png\" alt=\"Fiesta de cumplea\u00f1os y graduaci\u00f3n sorpresa de Lydia Madrid tarta rosa negro par\u00eds torre eiffel cupcakes\" width=\"847\" height=\"470\" srcset=\"https:\/\/www.evento.love\/blog\/wp-content\/uploads\/2018\/06\/Fiesta-de-cumplea\u00f1os-y-graduaci\u00f3n-sorpresa-de-Lydia-Madrid-tarta-rosa-negro-par\u00eds-torre-eiffel-cupcakes.png 847w, https:\/\/www.evento.love\/blog\/wp-content\/uploads\/2018\/06\/Fiesta-de-cumplea\u00f1os-y-graduaci\u00f3n-sorpresa-de-Lydia-Madrid-tarta-rosa-negro-par\u00eds-torre-eiffel-cupcakes-300x166.png 300w, https:\/\/www.evento.love\/blog\/wp-content\/uploads\/2018\/06\/Fiesta-de-cumplea\u00f1os-y-graduaci\u00f3n-sorpresa-de-Lydia-Madrid-tarta-rosa-negro-par\u00eds-torre-eiffel-cupcakes-768x426.png 768w, https:\/\/www.evento.love\/blog\/wp-content\/uploads\/2018\/06\/Fiesta-de-cumplea\u00f1os-y-graduaci\u00f3n-sorpresa-de-Lydia-Madrid-tarta-rosa-negro-par\u00eds-torre-eiffel-cupcakes-487x270.png 487w\" sizes=\"(max-width: 847px) 100vw, 847px\" \/><\/a><figcaption id=\"caption-attachment-2089\" class=\"wp-caption-text\">Fiesta de cumplea\u00f1os y graduaci\u00f3n sorpresa de Lydia<\/figcaption><\/figure>\n<p>\u00bfQuieres que te ayudemos organizar una fiesta sorpresa? Escr\u00edbenos a <a href=\"https:\/\/hola@evento.love\" target=\"_blank\" rel=\"noopener noreferrer\">hola@evento.love<\/a>. Nos aseguraremos de que esa persona a la que quieres tanto se emocione y viva uno de los momentos m\u00e1s especiales de su vida. \/\u00a0Do you want us to help you organize a surprise party? Write to us at <a href=\"https:\/\/hola@evento.love\" target=\"_blank\" rel=\"noopener noreferrer\">hola@evento.love<\/a>. We will make sure that the person you love is so excited and live one of the most special moments of your life.<\/p>\n    <div class=\"related-post grid\">\r\n                <div class=\"headline\">M\u00e1s art\u00edculos a tener en cuenta<\/div>\r\n        <div class=\"post-list \">\r\n\r\n                        <div class=\"item\">\r\n                        <div class=\"thumb post_thumb\">\r\n        <a  title=\"Baby Shower, mucho m\u00e1s que un evento social\" href=\"https:\/\/www.evento.love\/blog\/baby-shower-evento-social-madrid\/\">\r\n\r\n            <img width=\"150\" height=\"150\" src=\"https:\/\/www.evento.love\/blog\/wp-content\/uploads\/2016\/07\/babyshower-150x150.jpg\" class=\"attachment-thumbnail size-thumbnail wp-post-image\" alt=\"baby shower-fiesta-beb\u00e9-embarazo-embarazada\" decoding=\"async\" loading=\"lazy\" \/>\r\n\r\n        <\/a>\r\n    <\/div>\r\n\r\n    <a class=\"title post_title\"  title=\"Baby Shower, mucho m\u00e1s que un evento social\" href=\"https:\/\/www.evento.love\/blog\/baby-shower-evento-social-madrid\/\">\r\n                Baby Shower, mucho m\u00e1s que un evento social    <\/a>\r\n\r\n                <\/div>\r\n                            <div class=\"item\">\r\n                        <div class=\"thumb post_thumb\">\r\n        <a  title=\"12 consejos para un Baby Shower perfecto\" href=\"https:\/\/www.evento.love\/blog\/12-consejos-baby-shower-perfecto-madrid\/\">\r\n\r\n            <img width=\"150\" height=\"150\" src=\"https:\/\/www.evento.love\/blog\/wp-content\/uploads\/2016\/09\/16_05_20_12_consejos-para-que-tu-Baby-Shower-sea-perfecto-150x150.jpg\" class=\"attachment-thumbnail size-thumbnail wp-post-image\" alt=\"Baby Shower-perfecto-beb\u00e9-embarazado-embarazada-fiesta-babyshower\" decoding=\"async\" loading=\"lazy\" \/>\r\n\r\n        <\/a>\r\n    <\/div>\r\n\r\n    <a class=\"title post_title\"  title=\"12 consejos para un Baby Shower perfecto\" href=\"https:\/\/www.evento.love\/blog\/12-consejos-baby-shower-perfecto-madrid\/\">\r\n                12 consejos para un Baby Shower perfecto    <\/a>\r\n\r\n                <\/div>\r\n                            <div class=\"item\">\r\n                        <div class=\"thumb post_thumb\">\r\n        <a  title=\"Cu\u00e1ndo hacer el Baby Shower\" href=\"https:\/\/www.evento.love\/blog\/cuando-hacer-el-baby-shower-madrid\/\">\r\n\r\n            <img width=\"150\" height=\"150\" src=\"https:\/\/www.evento.love\/blog\/wp-content\/uploads\/2016\/09\/16_05_23_Cuando-hacer-el-Baby-Shower-150x150.jpg\" class=\"attachment-thumbnail size-thumbnail wp-post-image\" alt=\"Cu\u00e1ndo hacer el baby shower beb\u00e9 embarazo fiesta en Madrid\" decoding=\"async\" loading=\"lazy\" \/>\r\n\r\n        <\/a>\r\n    <\/div>\r\n\r\n    <a class=\"title post_title\"  title=\"Cu\u00e1ndo hacer el Baby Shower\" href=\"https:\/\/www.evento.love\/blog\/cuando-hacer-el-baby-shower-madrid\/\">\r\n                Cu\u00e1ndo hacer el Baby Shower    <\/a>\r\n\r\n                <\/div>\r\n                            <div class=\"item\">\r\n                        <div class=\"thumb post_thumb\">\r\n        <a  title=\"\u00bfQui\u00e9n debe organizar el Baby Shower?\" href=\"https:\/\/www.evento.love\/blog\/quien-organizar-baby-shower-madrid\/\">\r\n\r\n            <img width=\"150\" height=\"150\" src=\"https:\/\/www.evento.love\/blog\/wp-content\/uploads\/2016\/09\/16_05_29_Qui\u00e9n-organiza-el-Baby-Shower-150x150.jpg\" class=\"attachment-thumbnail size-thumbnail wp-post-image\" alt=\"Organizaci\u00f3n Baby Shower Madrid fiesta beb\u00e9 embarazada\" decoding=\"async\" loading=\"lazy\" \/>\r\n\r\n        <\/a>\r\n    <\/div>\r\n\r\n    <a class=\"title post_title\"  title=\"\u00bfQui\u00e9n debe organizar el Baby Shower?\" href=\"https:\/\/www.evento.love\/blog\/quien-organizar-baby-shower-madrid\/\">\r\n                \u00bfQui\u00e9n debe organizar el Baby Shower?    <\/a>\r\n\r\n                <\/div>\r\n            \r\n    <\/div>\r\n\r\n    <script>\r\n            <\/script>\r\n    <style>\r\n        .related-post {}\r\n\r\n        .related-post .post-list {\r\n            text-align: left;\r\n                    }\r\n\r\n        .related-post .post-list .item {\r\n            margin: 5px 10px;\r\n            padding: 0px;\r\n                    }\r\n\r\n        .related-post .headline {\r\n            font-size: 24px !important;\r\n            color: #000000 !important;\r\n                    }\r\n\r\n        .related-post .headline{\r\nfont-weight:400 !important;\r\ntext-transform: uppercase;\r\n}.related-post .post-list .item .post_thumb {\r\n            max-height: 180px;\r\n            margin: 10px 0px;\r\n            padding: 0px;\r\n            display: block;\r\n                    }\r\n\r\n        .related-post .post-list .item .post_title {\r\n            font-size: 12px;\r\n            color: #607d8b;\r\n            margin: 10px 0px;\r\n            padding: 0px;\r\n            display: block;\r\n            text-decoration: none;\r\n                    }\r\n\r\n        .related-post .post-list .item .post_excerpt {\r\n            font-size: 13px;\r\n            color: #3f3f3f;\r\n            margin: 10px 0px;\r\n            padding: 0px;\r\n            display: block;\r\n            text-decoration: none;\r\n                    }\r\n\r\n        @media only screen and (min-width: 1024px) {\r\n            .related-post .post-list .item {\r\n                width: 22%;\r\n            }\r\n        }\r\n\r\n        @media only screen and (min-width: 768px) and (max-width: 1023px) {\r\n            .related-post .post-list .item {\r\n                width: 90%;\r\n            }\r\n        }\r\n\r\n        @media only screen and (min-width: 0px) and (max-width: 767px) {\r\n            .related-post .post-list .item {\r\n                width: 30%;\r\n            }\r\n        }\r\n\r\n            <\/style>\r\n        <\/div>\r\n<!-- AddThis Advanced Settings generic via filter on the_content --><!-- AddThis Share Buttons generic via filter on the_content -->","protected":false},"excerpt":{"rendered":"<p>Si nos segu\u00eds en redes y en el blog, sabr\u00e9is que tenemos cierta predilecci\u00f3n por las fiestas sorpresa. Y es que se trata de eventos organizados por alguien muy querido para una persona muy especial. \u00a1Un acto de amor en toda regla! M\u00e1s art\u00edculos a tener en cuenta Baby Shower, mucho m\u00e1s que un evento social 12 consejos para un Baby Shower perfecto Cu\u00e1ndo hacer el Baby Shower \u00bfQui\u00e9n debe organizar el Baby Shower?<!-- AddThis Advanced Settings generic via filter on get_the_excerpt --><!-- AddThis Share Buttons generic via filter on get_the_excerpt --><\/p>\n    <div class=\"related-post grid\">\r\n                <div class=\"headline\">M\u00e1s art\u00edculos a tener en cuenta<\/div>\r\n        <div class=\"post-list \">\r\n\r\n                        <div class=\"item\">\r\n                        <div class=\"thumb post_thumb\">\r\n        <a  title=\"Baby Shower, mucho m\u00e1s que un evento social\" href=\"https:\/\/www.evento.love\/blog\/baby-shower-evento-social-madrid\/\">\r\n\r\n            <img width=\"150\" height=\"150\" src=\"https:\/\/www.evento.love\/blog\/wp-content\/uploads\/2016\/07\/babyshower-150x150.jpg\" class=\"attachment-thumbnail size-thumbnail wp-post-image\" alt=\"baby shower-fiesta-beb\u00e9-embarazo-embarazada\" decoding=\"async\" loading=\"lazy\" \/>\r\n\r\n        <\/a>\r\n    <\/div>\r\n\r\n    <a class=\"title post_title\"  title=\"Baby Shower, mucho m\u00e1s que un evento social\" href=\"https:\/\/www.evento.love\/blog\/baby-shower-evento-social-madrid\/\">\r\n                Baby Shower, mucho m\u00e1s que un evento social    <\/a>\r\n\r\n                <\/div>\r\n                            <div class=\"item\">\r\n                        <div class=\"thumb post_thumb\">\r\n        <a  title=\"12 consejos para un Baby Shower perfecto\" href=\"https:\/\/www.evento.love\/blog\/12-consejos-baby-shower-perfecto-madrid\/\">\r\n\r\n            <img width=\"150\" height=\"150\" src=\"https:\/\/www.evento.love\/blog\/wp-content\/uploads\/2016\/09\/16_05_20_12_consejos-para-que-tu-Baby-Shower-sea-perfecto-150x150.jpg\" class=\"attachment-thumbnail size-thumbnail wp-post-image\" alt=\"Baby Shower-perfecto-beb\u00e9-embarazado-embarazada-fiesta-babyshower\" decoding=\"async\" loading=\"lazy\" \/>\r\n\r\n        <\/a>\r\n    <\/div>\r\n\r\n    <a class=\"title post_title\"  title=\"12 consejos para un Baby Shower perfecto\" href=\"https:\/\/www.evento.love\/blog\/12-consejos-baby-shower-perfecto-madrid\/\">\r\n                12 consejos para un Baby Shower perfecto    <\/a>\r\n\r\n                <\/div>\r\n                            <div class=\"item\">\r\n                        <div class=\"thumb post_thumb\">\r\n        <a  title=\"Cu\u00e1ndo hacer el Baby Shower\" href=\"https:\/\/www.evento.love\/blog\/cuando-hacer-el-baby-shower-madrid\/\">\r\n\r\n            <img width=\"150\" height=\"150\" src=\"https:\/\/www.evento.love\/blog\/wp-content\/uploads\/2016\/09\/16_05_23_Cuando-hacer-el-Baby-Shower-150x150.jpg\" class=\"attachment-thumbnail size-thumbnail wp-post-image\" alt=\"Cu\u00e1ndo hacer el baby shower beb\u00e9 embarazo fiesta en Madrid\" decoding=\"async\" loading=\"lazy\" \/>\r\n\r\n        <\/a>\r\n    <\/div>\r\n\r\n    <a class=\"title post_title\"  title=\"Cu\u00e1ndo hacer el Baby Shower\" href=\"https:\/\/www.evento.love\/blog\/cuando-hacer-el-baby-shower-madrid\/\">\r\n                Cu\u00e1ndo hacer el Baby Shower    <\/a>\r\n\r\n                <\/div>\r\n                            <div class=\"item\">\r\n                        <div class=\"thumb post_thumb\">\r\n        <a  title=\"Baby Shower: Elaborando la lista de invitados\" href=\"https:\/\/www.evento.love\/blog\/baby-shower-lista-invitados-madrid\/\">\r\n\r\n            <img width=\"150\" height=\"150\" src=\"https:\/\/www.evento.love\/blog\/wp-content\/uploads\/2016\/09\/16_05_30_Baby-Shower-elaborando-la-lista-de-invitados-150x150.jpg\" class=\"attachment-thumbnail size-thumbnail wp-post-image\" alt=\"\" decoding=\"async\" loading=\"lazy\" \/>\r\n\r\n        <\/a>\r\n    <\/div>\r\n\r\n    <a class=\"title post_title\"  title=\"Baby Shower: Elaborando la lista de invitados\" href=\"https:\/\/www.evento.love\/blog\/baby-shower-lista-invitados-madrid\/\">\r\n                Baby Shower: Elaborando la lista de invitados    <\/a>\r\n\r\n                <\/div>\r\n            \r\n    <\/div>\r\n\r\n    <script>\r\n            <\/script>\r\n    <style>\r\n        .related-post {}\r\n\r\n        .related-post .post-list {\r\n            text-align: left;\r\n                    }\r\n\r\n        .related-post .post-list .item {\r\n            margin: 5px 10px;\r\n            padding: 0px;\r\n                    }\r\n\r\n        .related-post .headline {\r\n            font-size: 24px !important;\r\n            color: #000000 !important;\r\n                    }\r\n\r\n        .related-post .headline{\r\nfont-weight:400 !important;\r\ntext-transform: uppercase;\r\n}.related-post .post-list .item .post_thumb {\r\n            max-height: 180px;\r\n            margin: 10px 0px;\r\n            padding: 0px;\r\n            display: block;\r\n                    }\r\n\r\n        .related-post .post-list .item .post_title {\r\n            font-size: 12px;\r\n            color: #607d8b;\r\n            margin: 10px 0px;\r\n            padding: 0px;\r\n            display: block;\r\n            text-decoration: none;\r\n                    }\r\n\r\n        .related-post .post-list .item .post_excerpt {\r\n            font-size: 13px;\r\n            color: #3f3f3f;\r\n            margin: 10px 0px;\r\n            padding: 0px;\r\n            display: block;\r\n            text-decoration: none;\r\n                    }\r\n\r\n        @media only screen and (min-width: 1024px) {\r\n            .related-post .post-list .item {\r\n                width: 22%;\r\n            }\r\n        }\r\n\r\n        @media only screen and (min-width: 768px) and (max-width: 1023px) {\r\n            .related-post .post-list .item {\r\n                width: 90%;\r\n            }\r\n        }\r\n\r\n        @media only screen and (min-width: 0px) and (max-width: 767px) {\r\n            .related-post .post-list .item {\r\n                width: 30%;\r\n            }\r\n        }\r\n\r\n            <\/style>\r\n        <\/div>\r\n","protected":false},"author":1,"featured_media":4182,"comment_status":"closed","ping_status":"open","sticky":false,"template":"","format":"standard","meta":{"content-type":""},"categories":[1],"tags":[992,1138,969,1061,1234,422,818,156],"yoast_head":"<!-- This site is optimized with the Yoast SEO plugin v20.7 - https:\/\/yoast.com\/wordpress\/plugins\/seo\/ -->\n<title>Organizamos la fiesta sorpresa perfecta - El Blog de evento.love<\/title>\n<meta name=\"description\" content=\"Organizamos y decoramos tu fiesta sorpresa para esa persona tan especial: baby showers, cumplea\u00f1os, graducaciones, bridal showers...\" \/>\n<meta name=\"robots\" content=\"index, follow, max-snippet:-1, max-image-preview:large, max-video-preview:-1\" \/>\n<meta property=\"og:locale\" content=\"es_ES\" \/>\n<meta property=\"og:type\" content=\"article\" \/>\n<meta property=\"og:title\" content=\"Organizamos la fiesta sorpresa perfecta - El Blog de evento.love\" \/>\n<meta property=\"og:description\" content=\"Organizamos y decoramos tu fiesta sorpresa para esa persona tan especial: baby showers, cumplea\u00f1os, graducaciones, bridal showers...\" \/>\n<meta property=\"og:url\" content=\"https:\/\/www.evento.love\/blog\/organizamos-la-fiesta-sorpresa-perfecta\/\" \/>\n<meta property=\"og:site_name\" content=\"El Blog de evento.love\" \/>\n<meta property=\"article:publisher\" content=\"https:\/\/www.facebook.com\/Evento.love\/\" \/>\n<meta property=\"article:published_time\" content=\"2019-03-04T07:00:00+00:00\" \/>\n<meta property=\"article:modified_time\" content=\"2019-07-18T22:17:46+00:00\" \/>\n<meta property=\"og:image\" content=\"https:\/\/www.evento.love\/blog\/wp-content\/uploads\/2019\/02\/babyshower-rosa-1.jpg\" \/>\n\t<meta property=\"og:image:width\" content=\"850\" \/>\n\t<meta property=\"og:image:height\" content=\"567\" \/>\n\t<meta property=\"og:image:type\" content=\"image\/jpeg\" \/>\n<meta name=\"author\" content=\"Evento Love\" \/>\n<meta name=\"twitter:card\" content=\"summary_large_image\" \/>\n<meta name=\"twitter:creator\" content=\"@Evento_love\" \/>\n<meta name=\"twitter:site\" content=\"@Evento_love\" \/>\n<meta name=\"twitter:label1\" content=\"Escrito por\" \/>\n\t<meta name=\"twitter:data1\" content=\"Evento Love\" \/>\n\t<meta name=\"twitter:label2\" content=\"Tiempo de lectura\" \/>\n\t<meta name=\"twitter:data2\" content=\"5 minutos\" \/>\n<!-- \/ Yoast SEO plugin. -->","yoast_head_json":{"title":"Organizamos la fiesta sorpresa perfecta - El Blog de evento.love","description":"Organizamos y decoramos tu fiesta sorpresa para esa persona tan especial: baby showers, cumplea\u00f1os, graducaciones, bridal showers...","robots":{"index":"index","follow":"follow","max-snippet":"max-snippet:-1","max-image-preview":"max-image-preview:large","max-video-preview":"max-video-preview:-1"},"og_locale":"es_ES","og_type":"article","og_title":"Organizamos la fiesta sorpresa perfecta - El Blog de evento.love","og_description":"Organizamos y decoramos tu fiesta sorpresa para esa persona tan especial: baby showers, cumplea\u00f1os, graducaciones, bridal showers...","og_url":"https:\/\/www.evento.love\/blog\/organizamos-la-fiesta-sorpresa-perfecta\/","og_site_name":"El Blog de evento.love","article_publisher":"https:\/\/www.facebook.com\/Evento.love\/","article_published_time":"2019-03-04T07:00:00+00:00","article_modified_time":"2019-07-18T22:17:46+00:00","og_image":[{"width":850,"height":567,"url":"https:\/\/www.evento.love\/blog\/wp-content\/uploads\/2019\/02\/babyshower-rosa-1.jpg","type":"image\/jpeg"}],"author":"Evento Love","twitter_card":"summary_large_image","twitter_creator":"@Evento_love","twitter_site":"@Evento_love","twitter_misc":{"Escrito por":"Evento Love","Tiempo de lectura":"5 minutos"},"schema":{"@context":"https:\/\/schema.org","@graph":[{"@type":"Article","@id":"https:\/\/www.evento.love\/blog\/organizamos-la-fiesta-sorpresa-perfecta\/#article","isPartOf":{"@id":"https:\/\/www.evento.love\/blog\/organizamos-la-fiesta-sorpresa-perfecta\/"},"author":{"name":"Evento Love","@id":"https:\/\/www.evento.love\/blog\/#\/schema\/person\/a184c2ed424b7fb3006372ce8051542c"},"headline":"Organizamos la fiesta sorpresa perfecta","datePublished":"2019-03-04T07:00:00+00:00","dateModified":"2019-07-18T22:17:46+00:00","mainEntityOfPage":{"@id":"https:\/\/www.evento.love\/blog\/organizamos-la-fiesta-sorpresa-perfecta\/"},"wordCount":940,"publisher":{"@id":"https:\/\/www.evento.love\/blog\/#organization"},"keywords":["baby shower sorpresa","cumplea\u00f1os sorpresa","decoraci\u00f3n con globos","decoraci\u00f3n de eventos","fiesta sorpresa","mesa dulce","organizaci\u00f3n de eventos","tarta de cumplea\u00f1os"],"articleSection":["Event planner"],"inLanguage":"es"},{"@type":"WebPage","@id":"https:\/\/www.evento.love\/blog\/organizamos-la-fiesta-sorpresa-perfecta\/","url":"https:\/\/www.evento.love\/blog\/organizamos-la-fiesta-sorpresa-perfecta\/","name":"Organizamos la fiesta sorpresa perfecta - El Blog de evento.love","isPartOf":{"@id":"https:\/\/www.evento.love\/blog\/#website"},"datePublished":"2019-03-04T07:00:00+00:00","dateModified":"2019-07-18T22:17:46+00:00","description":"Organizamos y decoramos tu fiesta sorpresa para esa persona tan especial: baby showers, cumplea\u00f1os, graducaciones, bridal showers...","breadcrumb":{"@id":"https:\/\/www.evento.love\/blog\/organizamos-la-fiesta-sorpresa-perfecta\/#breadcrumb"},"inLanguage":"es","potentialAction":[{"@type":"ReadAction","target":["https:\/\/www.evento.love\/blog\/organizamos-la-fiesta-sorpresa-perfecta\/"]}]},{"@type":"BreadcrumbList","@id":"https:\/\/www.evento.love\/blog\/organizamos-la-fiesta-sorpresa-perfecta\/#breadcrumb","itemListElement":[{"@type":"ListItem","position":1,"name":"Evento.love","item":"https:\/\/www.evento.love\/blog\/"},{"@type":"ListItem","position":2,"name":"Event planner","item":"https:\/\/www.evento.love\/blog\/category\/event-planner\/"},{"@type":"ListItem","position":3,"name":"Organizamos la fiesta sorpresa perfecta"}]},{"@type":"WebSite","@id":"https:\/\/www.evento.love\/blog\/#website","url":"https:\/\/www.evento.love\/blog\/","name":"El Blog de evento.love","description":"T\u00fa lo mereces. Disfruta de tu momento","publisher":{"@id":"https:\/\/www.evento.love\/blog\/#organization"},"potentialAction":[{"@type":"SearchAction","target":{"@type":"EntryPoint","urlTemplate":"https:\/\/www.evento.love\/blog\/?s={search_term_string}"},"query-input":"required name=search_term_string"}],"inLanguage":"es"},{"@type":"Organization","@id":"https:\/\/www.evento.love\/blog\/#organization","name":"evento.love","url":"https:\/\/www.evento.love\/blog\/","logo":{"@type":"ImageObject","inLanguage":"es","@id":"https:\/\/www.evento.love\/blog\/#\/schema\/logo\/image\/","url":"https:\/\/www.evento.love\/blog\/wp-content\/uploads\/2016\/07\/logo-evento-love.png","contentUrl":"https:\/\/www.evento.love\/blog\/wp-content\/uploads\/2016\/07\/logo-evento-love.png","width":197,"height":59,"caption":"evento.love"},"image":{"@id":"https:\/\/www.evento.love\/blog\/#\/schema\/logo\/image\/"},"sameAs":["https:\/\/www.facebook.com\/Evento.love\/","https:\/\/twitter.com\/Evento_love","https:\/\/www.instagram.com\/evento.love\/","https:\/\/es.pinterest.com\/evento_love\/","https:\/\/www.youtube.com\/channel\/UCcVbo6ymzx-7FlDJja8aQnw"]},{"@type":"Person","@id":"https:\/\/www.evento.love\/blog\/#\/schema\/person\/a184c2ed424b7fb3006372ce8051542c","name":"Evento Love"}]}},"_links":{"self":[{"href":"https:\/\/www.evento.love\/blog\/wp-json\/wp\/v2\/posts\/4213"}],"collection":[{"href":"https:\/\/www.evento.love\/blog\/wp-json\/wp\/v2\/posts"}],"about":[{"href":"https:\/\/www.evento.love\/blog\/wp-json\/wp\/v2\/types\/post"}],"author":[{"embeddable":true,"href":"https:\/\/www.evento.love\/blog\/wp-json\/wp\/v2\/users\/1"}],"replies":[{"embeddable":true,"href":"https:\/\/www.evento.love\/blog\/wp-json\/wp\/v2\/comments?post=4213"}],"version-history":[{"count":6,"href":"https:\/\/www.evento.love\/blog\/wp-json\/wp\/v2\/posts\/4213\/revisions"}],"predecessor-version":[{"id":4876,"href":"https:\/\/www.evento.love\/blog\/wp-json\/wp\/v2\/posts\/4213\/revisions\/4876"}],"wp:featuredmedia":[{"embeddable":true,"href":"https:\/\/www.evento.love\/blog\/wp-json\/wp\/v2\/media\/4182"}],"wp:attachment":[{"href":"https:\/\/www.evento.love\/blog\/wp-json\/wp\/v2\/media?parent=4213"}],"wp:term":[{"taxonomy":"category","embeddable":true,"href":"https:\/\/www.evento.love\/blog\/wp-json\/wp\/v2\/categories?post=4213"},{"taxonomy":"post_tag","embeddable":true,"href":"https:\/\/www.evento.love\/blog\/wp-json\/wp\/v2\/tags?post=4213"}],"curies":[{"name":"wp","href":"https:\/\/api.w.org\/{rel}","templated":true}]}}