{"id":4274,"date":"2019-03-18T11:00:22","date_gmt":"2019-03-18T09:00:22","guid":{"rendered":"https:\/\/www.evento.love\/blog\/?p=4274"},"modified":"2019-07-19T00:17:44","modified_gmt":"2019-07-18T22:17:44","slug":"un-cumpleanos-de-frutas-para-carlota","status":"publish","type":"post","link":"https:\/\/www.evento.love\/blog\/un-cumpleanos-de-frutas-para-carlota\/","title":{"rendered":"Un cumplea\u00f1os de frutas para Carlota"},"content":{"rendered":"<p>Nuestra querida Alba, de @rayasymanchas, nos contact\u00f3 muy ilusionada para que le ayud\u00e1ramos a organizar el <a href=\"https:\/\/www.evento.love\/cumpleanos\/\" target=\"_blank\" rel=\"noopener noreferrer\">cumplea\u00f1os<\/a> de dos a\u00f1os de su peque\u00f1a Carlota.<!--more--><\/p>\n<h2>Los preparativos<\/h2>\n<p>Le encantaba la idea de que fuera un cumplea\u00f1os de frutas, con tem\u00e1tica tutti frutti (con el juego de palabras two-ti frutti), \u00a1s\u00faper original! Adem\u00e1s, el equipo con el que \u00edbamos a crear esta fiesta de ensue\u00f1o no pod\u00eda ser mejor: Mam\u00e1 Leona para el dise\u00f1o de la papeler\u00eda y Manualidades Creativas Vintage para el photocall, grandes profesionales con las que ya colaboramos en el <a href=\"https:\/\/www.evento.love\/blog\/baby-shower-sorpresa-silvia-de-benito\/\" target=\"_blank\" rel=\"noopener noreferrer\">baby shower de Silvia de Benito<\/a>, entre otros.<\/p>\n<p>Pronto nos pusimos a organizar y definir la l\u00ednea del evento, c\u00f3mo iba a ser la papeler\u00eda y la decoraci\u00f3n. El equipo de Evento.love comenzamos por ver c\u00f3mo iba a ser toda la distribuci\u00f3n del cumplea\u00f1os en el sal\u00f3n. Una vez definido, nuestra mente ech\u00f3 a volar para dise\u00f1ar una decoraci\u00f3n inolvidable para el cumplea\u00f1os de Carlota.<\/p>\n<h2>El cumplea\u00f1os de frutas de Carlota<\/h2>\n<p>El montaje de este cumplea\u00f1os ten\u00eda mucha decoraci\u00f3n, por lo que decidimos distribuir el montaje en dos d\u00edas. El evento fue el 9 de marzo, y ya desde ese viernes 8 comenzamos a montarlo todo para que no faltara ning\u00fan detalle.<\/p>\n<p>Para la trasera, colocamos una espectacular <a href=\"https:\/\/www.evento.love\/tienda\/decoracion-con-globos\" target=\"_blank\" rel=\"noopener noreferrer\">estructura con globos<\/a> nido de abeja de colores, simbolizando la fruta. Acompa\u00f1ando el fondo, los ideales carteles de Mam\u00e1 Leona.<\/p>\n<p><img decoding=\"async\" loading=\"lazy\" class=\"aligncenter size-full wp-image-4282\" src=\"https:\/\/www.evento.love\/blog\/wp-content\/uploads\/2019\/03\/cumplea\u00f1os-frutas-7.jpg\" alt=\"cumplea\u00f1os de frutas\" width=\"850\" height=\"567\" srcset=\"https:\/\/www.evento.love\/blog\/wp-content\/uploads\/2019\/03\/cumplea\u00f1os-frutas-7.jpg 850w, https:\/\/www.evento.love\/blog\/wp-content\/uploads\/2019\/03\/cumplea\u00f1os-frutas-7-300x200.jpg 300w, https:\/\/www.evento.love\/blog\/wp-content\/uploads\/2019\/03\/cumplea\u00f1os-frutas-7-768x512.jpg 768w, https:\/\/www.evento.love\/blog\/wp-content\/uploads\/2019\/03\/cumplea\u00f1os-frutas-7-405x270.jpg 405w\" sizes=\"(max-width: 850px) 100vw, 850px\" \/><\/p>\n<p><img decoding=\"async\" loading=\"lazy\" class=\"aligncenter size-full wp-image-4285\" src=\"https:\/\/www.evento.love\/blog\/wp-content\/uploads\/2019\/03\/cumplea\u00f1os-frutas-12.jpg\" alt=\"cumplea\u00f1os de frutas\" width=\"850\" height=\"638\" srcset=\"https:\/\/www.evento.love\/blog\/wp-content\/uploads\/2019\/03\/cumplea\u00f1os-frutas-12.jpg 850w, https:\/\/www.evento.love\/blog\/wp-content\/uploads\/2019\/03\/cumplea\u00f1os-frutas-12-300x225.jpg 300w, https:\/\/www.evento.love\/blog\/wp-content\/uploads\/2019\/03\/cumplea\u00f1os-frutas-12-768x576.jpg 768w, https:\/\/www.evento.love\/blog\/wp-content\/uploads\/2019\/03\/cumplea\u00f1os-frutas-12-360x270.jpg 360w\" sizes=\"(max-width: 850px) 100vw, 850px\" \/><\/p>\n<p>Los <a href=\"https:\/\/www.evento.love\/tienda\/dulces\" target=\"_blank\" rel=\"noopener noreferrer\">dulces<\/a> con forma de frutas fueron un \u00e9xito: galletas, cupcakes, chuches&#8230;Y la gran <a href=\"https:\/\/www.evento.love\/tienda\/dulces\/tartas-personalizadas\/tartas-personalizadas\" target=\"_blank\" rel=\"noopener noreferrer\">tarta<\/a> de vainilla con crema de dulce de leche que dise\u00f1amos con nuestro obrador.<\/p>\n<p><img decoding=\"async\" loading=\"lazy\" class=\"aligncenter size-full wp-image-4284\" src=\"https:\/\/www.evento.love\/blog\/wp-content\/uploads\/2019\/03\/cumplea\u00f1os-frutas-9.jpg\" alt=\"cumplea\u00f1os de frutas\" width=\"850\" height=\"567\" srcset=\"https:\/\/www.evento.love\/blog\/wp-content\/uploads\/2019\/03\/cumplea\u00f1os-frutas-9.jpg 850w, https:\/\/www.evento.love\/blog\/wp-content\/uploads\/2019\/03\/cumplea\u00f1os-frutas-9-300x200.jpg 300w, https:\/\/www.evento.love\/blog\/wp-content\/uploads\/2019\/03\/cumplea\u00f1os-frutas-9-768x512.jpg 768w, https:\/\/www.evento.love\/blog\/wp-content\/uploads\/2019\/03\/cumplea\u00f1os-frutas-9-405x270.jpg 405w\" sizes=\"(max-width: 850px) 100vw, 850px\" \/><\/p>\n<p><img decoding=\"async\" loading=\"lazy\" class=\"aligncenter size-full wp-image-4283\" src=\"https:\/\/www.evento.love\/blog\/wp-content\/uploads\/2019\/03\/cumplea\u00f1os-frutas-8.jpg\" alt=\"cumplea\u00f1os de frutas\" width=\"850\" height=\"567\" srcset=\"https:\/\/www.evento.love\/blog\/wp-content\/uploads\/2019\/03\/cumplea\u00f1os-frutas-8.jpg 850w, https:\/\/www.evento.love\/blog\/wp-content\/uploads\/2019\/03\/cumplea\u00f1os-frutas-8-300x200.jpg 300w, https:\/\/www.evento.love\/blog\/wp-content\/uploads\/2019\/03\/cumplea\u00f1os-frutas-8-768x512.jpg 768w, https:\/\/www.evento.love\/blog\/wp-content\/uploads\/2019\/03\/cumplea\u00f1os-frutas-8-405x270.jpg 405w\" sizes=\"(max-width: 850px) 100vw, 850px\" \/><\/p>\n<p><img decoding=\"async\" loading=\"lazy\" class=\"aligncenter size-full wp-image-4276\" src=\"https:\/\/www.evento.love\/blog\/wp-content\/uploads\/2019\/03\/cumplea\u00f1os-frutas-1.jpg\" alt=\"cumplea\u00f1os de frutas\" width=\"850\" height=\"850\" srcset=\"https:\/\/www.evento.love\/blog\/wp-content\/uploads\/2019\/03\/cumplea\u00f1os-frutas-1.jpg 850w, https:\/\/www.evento.love\/blog\/wp-content\/uploads\/2019\/03\/cumplea\u00f1os-frutas-1-150x150.jpg 150w, https:\/\/www.evento.love\/blog\/wp-content\/uploads\/2019\/03\/cumplea\u00f1os-frutas-1-300x300.jpg 300w, https:\/\/www.evento.love\/blog\/wp-content\/uploads\/2019\/03\/cumplea\u00f1os-frutas-1-768x768.jpg 768w, https:\/\/www.evento.love\/blog\/wp-content\/uploads\/2019\/03\/cumplea\u00f1os-frutas-1-270x270.jpg 270w\" sizes=\"(max-width: 850px) 100vw, 850px\" \/><\/p>\n<p><img decoding=\"async\" loading=\"lazy\" class=\"aligncenter size-full wp-image-4277\" src=\"https:\/\/www.evento.love\/blog\/wp-content\/uploads\/2019\/03\/cumplea\u00f1os-frutas-2.jpg\" alt=\"cumplea\u00f1os de frutas\" width=\"850\" height=\"519\" srcset=\"https:\/\/www.evento.love\/blog\/wp-content\/uploads\/2019\/03\/cumplea\u00f1os-frutas-2.jpg 850w, https:\/\/www.evento.love\/blog\/wp-content\/uploads\/2019\/03\/cumplea\u00f1os-frutas-2-300x183.jpg 300w, https:\/\/www.evento.love\/blog\/wp-content\/uploads\/2019\/03\/cumplea\u00f1os-frutas-2-768x469.jpg 768w, https:\/\/www.evento.love\/blog\/wp-content\/uploads\/2019\/03\/cumplea\u00f1os-frutas-2-442x270.jpg 442w\" sizes=\"(max-width: 850px) 100vw, 850px\" \/><\/p>\n<p>El photocall, obra de Manualidades Creativas, fue en cart\u00f3n, a juego con el resto del dise\u00f1o. Para que las fotos fueran a\u00fan m\u00e1s especiales, colocamos nuestro <a href=\"https:\/\/www.evento.love\/tienda\/atrezzo-para-photocall\" target=\"_blank\" rel=\"noopener noreferrer\">atrezzo para photocall<\/a>. Un mont\u00f3n de sombreros originales para pasar un rato divertid\u00edsimo, tanto peques como mayores.<\/p>\n<p><img decoding=\"async\" loading=\"lazy\" class=\"aligncenter size-full wp-image-4280\" src=\"https:\/\/www.evento.love\/blog\/wp-content\/uploads\/2019\/03\/cumplea\u00f1os-frutas-5.jpg\" alt=\"cumplea\u00f1os de frutas\" width=\"850\" height=\"567\" srcset=\"https:\/\/www.evento.love\/blog\/wp-content\/uploads\/2019\/03\/cumplea\u00f1os-frutas-5.jpg 850w, https:\/\/www.evento.love\/blog\/wp-content\/uploads\/2019\/03\/cumplea\u00f1os-frutas-5-300x200.jpg 300w, https:\/\/www.evento.love\/blog\/wp-content\/uploads\/2019\/03\/cumplea\u00f1os-frutas-5-768x512.jpg 768w, https:\/\/www.evento.love\/blog\/wp-content\/uploads\/2019\/03\/cumplea\u00f1os-frutas-5-405x270.jpg 405w\" sizes=\"(max-width: 850px) 100vw, 850px\" \/><\/p>\n<p><img decoding=\"async\" loading=\"lazy\" class=\"aligncenter size-full wp-image-4278\" src=\"https:\/\/www.evento.love\/blog\/wp-content\/uploads\/2019\/03\/cumplea\u00f1os-frutas.jpg\" alt=\"cumplea\u00f1os de frutas\" width=\"850\" height=\"519\" srcset=\"https:\/\/www.evento.love\/blog\/wp-content\/uploads\/2019\/03\/cumplea\u00f1os-frutas.jpg 850w, https:\/\/www.evento.love\/blog\/wp-content\/uploads\/2019\/03\/cumplea\u00f1os-frutas-300x183.jpg 300w, https:\/\/www.evento.love\/blog\/wp-content\/uploads\/2019\/03\/cumplea\u00f1os-frutas-768x469.jpg 768w, https:\/\/www.evento.love\/blog\/wp-content\/uploads\/2019\/03\/cumplea\u00f1os-frutas-442x270.jpg 442w\" sizes=\"(max-width: 850px) 100vw, 850px\" \/><\/p>\n<p>Como siempre. para nosotros, lo importante es ver c\u00f3mo disfrutaron Carlota y todos sus seres queridos. \u00a1Gracias Alba por confiar en nosotras!<\/p>\n<p>&#8211;<\/p>\n<p>\u00bfQuieres que te ayudemos a hacer realidad la fiesta de tus sue\u00f1os? En Evento.love nos encargamos de todo para que t\u00fa solo tengas que disfrutar. Escr\u00edbenos a <a href=\"mailto:hola@evento.love\" target=\"_blank\" rel=\"noopener noreferrer\">hola@evento.love<\/a>. \u00a1Estamos deseando conocerte! \/\u00a0Do you want us to help you organizing the party of your dreams? Write to us at <a href=\"mailto:hola@evento.love\" target=\"_blank\" rel=\"noopener noreferrer\">hola@evento.love<\/a>. We are looking forward to meeting you!<\/p>\n    <div class=\"related-post grid\">\r\n                <div class=\"headline\">M\u00e1s art\u00edculos a tener en cuenta<\/div>\r\n        <div class=\"post-list \">\r\n\r\n                        <div class=\"item\">\r\n                        <div class=\"thumb post_thumb\">\r\n        <a  title=\"Baby Shower, mucho m\u00e1s que un evento social\" href=\"https:\/\/www.evento.love\/blog\/baby-shower-evento-social-madrid\/\">\r\n\r\n            <img width=\"150\" height=\"150\" src=\"https:\/\/www.evento.love\/blog\/wp-content\/uploads\/2016\/07\/babyshower-150x150.jpg\" class=\"attachment-thumbnail size-thumbnail wp-post-image\" alt=\"baby shower-fiesta-beb\u00e9-embarazo-embarazada\" decoding=\"async\" loading=\"lazy\" \/>\r\n\r\n        <\/a>\r\n    <\/div>\r\n\r\n    <a class=\"title post_title\"  title=\"Baby Shower, mucho m\u00e1s que un evento social\" href=\"https:\/\/www.evento.love\/blog\/baby-shower-evento-social-madrid\/\">\r\n                Baby Shower, mucho m\u00e1s que un evento social    <\/a>\r\n\r\n                <\/div>\r\n                            <div class=\"item\">\r\n                        <div class=\"thumb post_thumb\">\r\n        <a  title=\"12 consejos para un Baby Shower perfecto\" href=\"https:\/\/www.evento.love\/blog\/12-consejos-baby-shower-perfecto-madrid\/\">\r\n\r\n            <img width=\"150\" height=\"150\" src=\"https:\/\/www.evento.love\/blog\/wp-content\/uploads\/2016\/09\/16_05_20_12_consejos-para-que-tu-Baby-Shower-sea-perfecto-150x150.jpg\" class=\"attachment-thumbnail size-thumbnail wp-post-image\" alt=\"Baby Shower-perfecto-beb\u00e9-embarazado-embarazada-fiesta-babyshower\" decoding=\"async\" loading=\"lazy\" \/>\r\n\r\n        <\/a>\r\n    <\/div>\r\n\r\n    <a class=\"title post_title\"  title=\"12 consejos para un Baby Shower perfecto\" href=\"https:\/\/www.evento.love\/blog\/12-consejos-baby-shower-perfecto-madrid\/\">\r\n                12 consejos para un Baby Shower perfecto    <\/a>\r\n\r\n                <\/div>\r\n                            <div class=\"item\">\r\n                        <div class=\"thumb post_thumb\">\r\n        <a  title=\"Cu\u00e1ndo hacer el Baby Shower\" href=\"https:\/\/www.evento.love\/blog\/cuando-hacer-el-baby-shower-madrid\/\">\r\n\r\n            <img width=\"150\" height=\"150\" src=\"https:\/\/www.evento.love\/blog\/wp-content\/uploads\/2016\/09\/16_05_23_Cuando-hacer-el-Baby-Shower-150x150.jpg\" class=\"attachment-thumbnail size-thumbnail wp-post-image\" alt=\"Cu\u00e1ndo hacer el baby shower beb\u00e9 embarazo fiesta en Madrid\" decoding=\"async\" loading=\"lazy\" \/>\r\n\r\n        <\/a>\r\n    <\/div>\r\n\r\n    <a class=\"title post_title\"  title=\"Cu\u00e1ndo hacer el Baby Shower\" href=\"https:\/\/www.evento.love\/blog\/cuando-hacer-el-baby-shower-madrid\/\">\r\n                Cu\u00e1ndo hacer el Baby Shower    <\/a>\r\n\r\n                <\/div>\r\n                            <div class=\"item\">\r\n                        <div class=\"thumb post_thumb\">\r\n        <a  title=\"\u00bfQui\u00e9n debe organizar el Baby Shower?\" href=\"https:\/\/www.evento.love\/blog\/quien-organizar-baby-shower-madrid\/\">\r\n\r\n            <img width=\"150\" height=\"150\" src=\"https:\/\/www.evento.love\/blog\/wp-content\/uploads\/2016\/09\/16_05_29_Qui\u00e9n-organiza-el-Baby-Shower-150x150.jpg\" class=\"attachment-thumbnail size-thumbnail wp-post-image\" alt=\"Organizaci\u00f3n Baby Shower Madrid fiesta beb\u00e9 embarazada\" decoding=\"async\" loading=\"lazy\" \/>\r\n\r\n        <\/a>\r\n    <\/div>\r\n\r\n    <a class=\"title post_title\"  title=\"\u00bfQui\u00e9n debe organizar el Baby Shower?\" href=\"https:\/\/www.evento.love\/blog\/quien-organizar-baby-shower-madrid\/\">\r\n                \u00bfQui\u00e9n debe organizar el Baby Shower?    <\/a>\r\n\r\n                <\/div>\r\n            \r\n    <\/div>\r\n\r\n    <script>\r\n            <\/script>\r\n    <style>\r\n        .related-post {}\r\n\r\n        .related-post .post-list {\r\n            text-align: left;\r\n                    }\r\n\r\n        .related-post .post-list .item {\r\n            margin: 5px 10px;\r\n            padding: 0px;\r\n                    }\r\n\r\n        .related-post .headline {\r\n            font-size: 24px !important;\r\n            color: #000000 !important;\r\n                    }\r\n\r\n        .related-post .headline{\r\nfont-weight:400 !important;\r\ntext-transform: uppercase;\r\n}.related-post .post-list .item .post_thumb {\r\n            max-height: 180px;\r\n            margin: 10px 0px;\r\n            padding: 0px;\r\n            display: block;\r\n                    }\r\n\r\n        .related-post .post-list .item .post_title {\r\n            font-size: 12px;\r\n            color: #607d8b;\r\n            margin: 10px 0px;\r\n            padding: 0px;\r\n            display: block;\r\n            text-decoration: none;\r\n                    }\r\n\r\n        .related-post .post-list .item .post_excerpt {\r\n            font-size: 13px;\r\n            color: #3f3f3f;\r\n            margin: 10px 0px;\r\n            padding: 0px;\r\n            display: block;\r\n            text-decoration: none;\r\n                    }\r\n\r\n        @media only screen and (min-width: 1024px) {\r\n            .related-post .post-list .item {\r\n                width: 22%;\r\n            }\r\n        }\r\n\r\n        @media only screen and (min-width: 768px) and (max-width: 1023px) {\r\n            .related-post .post-list .item {\r\n                width: 90%;\r\n            }\r\n        }\r\n\r\n        @media only screen and (min-width: 0px) and (max-width: 767px) {\r\n            .related-post .post-list .item {\r\n                width: 30%;\r\n            }\r\n        }\r\n\r\n            <\/style>\r\n        <\/div>\r\n<!-- AddThis Advanced Settings generic via filter on the_content --><!-- AddThis Share Buttons generic via filter on the_content -->","protected":false},"excerpt":{"rendered":"<p>Nuestra querida Alba, de @rayasymanchas, nos contact\u00f3 muy ilusionada para que le ayud\u00e1ramos a organizar el cumplea\u00f1os de dos a\u00f1os de su peque\u00f1a Carlota. M\u00e1s art\u00edculos a tener en cuenta Baby Shower, mucho m\u00e1s que un evento social 12 consejos para un Baby Shower perfecto Cu\u00e1ndo hacer el Baby Shower \u00bfQui\u00e9n debe organizar el Baby Shower?<!-- AddThis Advanced Settings generic via filter on get_the_excerpt --><!-- AddThis Share Buttons generic via filter on get_the_excerpt --><\/p>\n    <div class=\"related-post grid\">\r\n                <div class=\"headline\">M\u00e1s art\u00edculos a tener en cuenta<\/div>\r\n        <div class=\"post-list \">\r\n\r\n                        <div class=\"item\">\r\n                        <div class=\"thumb post_thumb\">\r\n        <a  title=\"Baby Shower, mucho m\u00e1s que un evento social\" href=\"https:\/\/www.evento.love\/blog\/baby-shower-evento-social-madrid\/\">\r\n\r\n            <img width=\"150\" height=\"150\" src=\"https:\/\/www.evento.love\/blog\/wp-content\/uploads\/2016\/07\/babyshower-150x150.jpg\" class=\"attachment-thumbnail size-thumbnail wp-post-image\" alt=\"baby shower-fiesta-beb\u00e9-embarazo-embarazada\" decoding=\"async\" loading=\"lazy\" \/>\r\n\r\n        <\/a>\r\n    <\/div>\r\n\r\n    <a class=\"title post_title\"  title=\"Baby Shower, mucho m\u00e1s que un evento social\" href=\"https:\/\/www.evento.love\/blog\/baby-shower-evento-social-madrid\/\">\r\n                Baby Shower, mucho m\u00e1s que un evento social    <\/a>\r\n\r\n                <\/div>\r\n                            <div class=\"item\">\r\n                        <div class=\"thumb post_thumb\">\r\n        <a  title=\"12 consejos para un Baby Shower perfecto\" href=\"https:\/\/www.evento.love\/blog\/12-consejos-baby-shower-perfecto-madrid\/\">\r\n\r\n            <img width=\"150\" height=\"150\" src=\"https:\/\/www.evento.love\/blog\/wp-content\/uploads\/2016\/09\/16_05_20_12_consejos-para-que-tu-Baby-Shower-sea-perfecto-150x150.jpg\" class=\"attachment-thumbnail size-thumbnail wp-post-image\" alt=\"Baby Shower-perfecto-beb\u00e9-embarazado-embarazada-fiesta-babyshower\" decoding=\"async\" loading=\"lazy\" \/>\r\n\r\n        <\/a>\r\n    <\/div>\r\n\r\n    <a class=\"title post_title\"  title=\"12 consejos para un Baby Shower perfecto\" href=\"https:\/\/www.evento.love\/blog\/12-consejos-baby-shower-perfecto-madrid\/\">\r\n                12 consejos para un Baby Shower perfecto    <\/a>\r\n\r\n                <\/div>\r\n                            <div class=\"item\">\r\n                        <div class=\"thumb post_thumb\">\r\n        <a  title=\"Cu\u00e1ndo hacer el Baby Shower\" href=\"https:\/\/www.evento.love\/blog\/cuando-hacer-el-baby-shower-madrid\/\">\r\n\r\n            <img width=\"150\" height=\"150\" src=\"https:\/\/www.evento.love\/blog\/wp-content\/uploads\/2016\/09\/16_05_23_Cuando-hacer-el-Baby-Shower-150x150.jpg\" class=\"attachment-thumbnail size-thumbnail wp-post-image\" alt=\"Cu\u00e1ndo hacer el baby shower beb\u00e9 embarazo fiesta en Madrid\" decoding=\"async\" loading=\"lazy\" \/>\r\n\r\n        <\/a>\r\n    <\/div>\r\n\r\n    <a class=\"title post_title\"  title=\"Cu\u00e1ndo hacer el Baby Shower\" href=\"https:\/\/www.evento.love\/blog\/cuando-hacer-el-baby-shower-madrid\/\">\r\n                Cu\u00e1ndo hacer el Baby Shower    <\/a>\r\n\r\n                <\/div>\r\n                            <div class=\"item\">\r\n                        <div class=\"thumb post_thumb\">\r\n        <a  title=\"Baby Shower: Elaborando la lista de invitados\" href=\"https:\/\/www.evento.love\/blog\/baby-shower-lista-invitados-madrid\/\">\r\n\r\n            <img width=\"150\" height=\"150\" src=\"https:\/\/www.evento.love\/blog\/wp-content\/uploads\/2016\/09\/16_05_30_Baby-Shower-elaborando-la-lista-de-invitados-150x150.jpg\" class=\"attachment-thumbnail size-thumbnail wp-post-image\" alt=\"\" decoding=\"async\" loading=\"lazy\" \/>\r\n\r\n        <\/a>\r\n    <\/div>\r\n\r\n    <a class=\"title post_title\"  title=\"Baby Shower: Elaborando la lista de invitados\" href=\"https:\/\/www.evento.love\/blog\/baby-shower-lista-invitados-madrid\/\">\r\n                Baby Shower: Elaborando la lista de invitados    <\/a>\r\n\r\n                <\/div>\r\n            \r\n    <\/div>\r\n\r\n    <script>\r\n            <\/script>\r\n    <style>\r\n        .related-post {}\r\n\r\n        .related-post .post-list {\r\n            text-align: left;\r\n                    }\r\n\r\n        .related-post .post-list .item {\r\n            margin: 5px 10px;\r\n            padding: 0px;\r\n                    }\r\n\r\n        .related-post .headline {\r\n            font-size: 24px !important;\r\n            color: #000000 !important;\r\n                    }\r\n\r\n        .related-post .headline{\r\nfont-weight:400 !important;\r\ntext-transform: uppercase;\r\n}.related-post .post-list .item .post_thumb {\r\n            max-height: 180px;\r\n            margin: 10px 0px;\r\n            padding: 0px;\r\n            display: block;\r\n                    }\r\n\r\n        .related-post .post-list .item .post_title {\r\n            font-size: 12px;\r\n            color: #607d8b;\r\n            margin: 10px 0px;\r\n            padding: 0px;\r\n            display: block;\r\n            text-decoration: none;\r\n                    }\r\n\r\n        .related-post .post-list .item .post_excerpt {\r\n            font-size: 13px;\r\n            color: #3f3f3f;\r\n            margin: 10px 0px;\r\n            padding: 0px;\r\n            display: block;\r\n            text-decoration: none;\r\n                    }\r\n\r\n        @media only screen and (min-width: 1024px) {\r\n            .related-post .post-list .item {\r\n                width: 22%;\r\n            }\r\n        }\r\n\r\n        @media only screen and (min-width: 768px) and (max-width: 1023px) {\r\n            .related-post .post-list .item {\r\n                width: 90%;\r\n            }\r\n        }\r\n\r\n        @media only screen and (min-width: 0px) and (max-width: 767px) {\r\n            .related-post .post-list .item {\r\n                width: 30%;\r\n            }\r\n        }\r\n\r\n            <\/style>\r\n        <\/div>\r\n","protected":false},"author":1,"featured_media":4281,"comment_status":"closed","ping_status":"open","sticky":false,"template":"","format":"standard","meta":{"content-type":""},"categories":[391],"tags":[70,1281,710,969,814,422,40,31,1017],"yoast_head":"<!-- This site is optimized with the Yoast SEO plugin v20.7 - https:\/\/yoast.com\/wordpress\/plugins\/seo\/ -->\n<title>Un cumplea\u00f1os de frutas para Carlota - El Blog de evento.love<\/title>\n<meta name=\"description\" content=\"Descubre el cumplea\u00f1os de frutas que organizamos y dise\u00f1amos para Carlota, la peque de @rayasymanchas, con una mesa dulce tutti-frutti.\" \/>\n<meta name=\"robots\" content=\"index, follow, max-snippet:-1, max-image-preview:large, max-video-preview:-1\" \/>\n<meta property=\"og:locale\" content=\"es_ES\" \/>\n<meta property=\"og:type\" content=\"article\" \/>\n<meta property=\"og:title\" content=\"Un cumplea\u00f1os de frutas para Carlota - El Blog de evento.love\" \/>\n<meta property=\"og:description\" content=\"Descubre el cumplea\u00f1os de frutas que organizamos y dise\u00f1amos para Carlota, la peque de @rayasymanchas, con una mesa dulce tutti-frutti.\" \/>\n<meta property=\"og:url\" content=\"https:\/\/www.evento.love\/blog\/un-cumpleanos-de-frutas-para-carlota\/\" \/>\n<meta property=\"og:site_name\" content=\"El Blog de evento.love\" \/>\n<meta property=\"article:publisher\" content=\"https:\/\/www.facebook.com\/Evento.love\/\" \/>\n<meta property=\"article:published_time\" content=\"2019-03-18T09:00:22+00:00\" \/>\n<meta property=\"article:modified_time\" content=\"2019-07-18T22:17:44+00:00\" \/>\n<meta property=\"og:image\" content=\"https:\/\/www.evento.love\/blog\/wp-content\/uploads\/2019\/03\/cumplea\u00f1os-frutas-6.jpg\" \/>\n\t<meta property=\"og:image:width\" content=\"850\" \/>\n\t<meta property=\"og:image:height\" content=\"567\" \/>\n\t<meta property=\"og:image:type\" content=\"image\/jpeg\" \/>\n<meta name=\"author\" content=\"Evento Love\" \/>\n<meta name=\"twitter:card\" content=\"summary_large_image\" \/>\n<meta name=\"twitter:creator\" content=\"@Evento_love\" \/>\n<meta name=\"twitter:site\" content=\"@Evento_love\" \/>\n<meta name=\"twitter:label1\" content=\"Escrito por\" \/>\n\t<meta name=\"twitter:data1\" content=\"Evento Love\" \/>\n\t<meta name=\"twitter:label2\" content=\"Tiempo de lectura\" \/>\n\t<meta name=\"twitter:data2\" content=\"2 minutos\" \/>\n<!-- \/ Yoast SEO plugin. -->","yoast_head_json":{"title":"Un cumplea\u00f1os de frutas para Carlota - El Blog de evento.love","description":"Descubre el cumplea\u00f1os de frutas que organizamos y dise\u00f1amos para Carlota, la peque de @rayasymanchas, con una mesa dulce tutti-frutti.","robots":{"index":"index","follow":"follow","max-snippet":"max-snippet:-1","max-image-preview":"max-image-preview:large","max-video-preview":"max-video-preview:-1"},"og_locale":"es_ES","og_type":"article","og_title":"Un cumplea\u00f1os de frutas para Carlota - El Blog de evento.love","og_description":"Descubre el cumplea\u00f1os de frutas que organizamos y dise\u00f1amos para Carlota, la peque de @rayasymanchas, con una mesa dulce tutti-frutti.","og_url":"https:\/\/www.evento.love\/blog\/un-cumpleanos-de-frutas-para-carlota\/","og_site_name":"El Blog de evento.love","article_publisher":"https:\/\/www.facebook.com\/Evento.love\/","article_published_time":"2019-03-18T09:00:22+00:00","article_modified_time":"2019-07-18T22:17:44+00:00","og_image":[{"width":850,"height":567,"url":"https:\/\/www.evento.love\/blog\/wp-content\/uploads\/2019\/03\/cumplea\u00f1os-frutas-6.jpg","type":"image\/jpeg"}],"author":"Evento Love","twitter_card":"summary_large_image","twitter_creator":"@Evento_love","twitter_site":"@Evento_love","twitter_misc":{"Escrito por":"Evento Love","Tiempo de lectura":"2 minutos"},"schema":{"@context":"https:\/\/schema.org","@graph":[{"@type":"Article","@id":"https:\/\/www.evento.love\/blog\/un-cumpleanos-de-frutas-para-carlota\/#article","isPartOf":{"@id":"https:\/\/www.evento.love\/blog\/un-cumpleanos-de-frutas-para-carlota\/"},"author":{"name":"Evento Love","@id":"https:\/\/www.evento.love\/blog\/#\/schema\/person\/a184c2ed424b7fb3006372ce8051542c"},"headline":"Un cumplea\u00f1os de frutas para Carlota","datePublished":"2019-03-18T09:00:22+00:00","dateModified":"2019-07-18T22:17:44+00:00","mainEntityOfPage":{"@id":"https:\/\/www.evento.love\/blog\/un-cumpleanos-de-frutas-para-carlota\/"},"wordCount":431,"publisher":{"@id":"https:\/\/www.evento.love\/blog\/#organization"},"keywords":["cumplea\u00f1os","cumplea\u00f1os de frutas","cupcakes","decoraci\u00f3n con globos","galletas","mesa dulce","photocall","tarta","tarta personalizada"],"articleSection":["Nuestros eventos"],"inLanguage":"es"},{"@type":"WebPage","@id":"https:\/\/www.evento.love\/blog\/un-cumpleanos-de-frutas-para-carlota\/","url":"https:\/\/www.evento.love\/blog\/un-cumpleanos-de-frutas-para-carlota\/","name":"Un cumplea\u00f1os de frutas para Carlota - El Blog de evento.love","isPartOf":{"@id":"https:\/\/www.evento.love\/blog\/#website"},"datePublished":"2019-03-18T09:00:22+00:00","dateModified":"2019-07-18T22:17:44+00:00","description":"Descubre el cumplea\u00f1os de frutas que organizamos y dise\u00f1amos para Carlota, la peque de @rayasymanchas, con una mesa dulce tutti-frutti.","breadcrumb":{"@id":"https:\/\/www.evento.love\/blog\/un-cumpleanos-de-frutas-para-carlota\/#breadcrumb"},"inLanguage":"es","potentialAction":[{"@type":"ReadAction","target":["https:\/\/www.evento.love\/blog\/un-cumpleanos-de-frutas-para-carlota\/"]}]},{"@type":"BreadcrumbList","@id":"https:\/\/www.evento.love\/blog\/un-cumpleanos-de-frutas-para-carlota\/#breadcrumb","itemListElement":[{"@type":"ListItem","position":1,"name":"Evento.love","item":"https:\/\/www.evento.love\/blog\/"},{"@type":"ListItem","position":2,"name":"Nuestros eventos","item":"https:\/\/www.evento.love\/blog\/category\/nuestros-eventos\/"},{"@type":"ListItem","position":3,"name":"Un cumplea\u00f1os de frutas para Carlota"}]},{"@type":"WebSite","@id":"https:\/\/www.evento.love\/blog\/#website","url":"https:\/\/www.evento.love\/blog\/","name":"El Blog de evento.love","description":"T\u00fa lo mereces. Disfruta de tu momento","publisher":{"@id":"https:\/\/www.evento.love\/blog\/#organization"},"potentialAction":[{"@type":"SearchAction","target":{"@type":"EntryPoint","urlTemplate":"https:\/\/www.evento.love\/blog\/?s={search_term_string}"},"query-input":"required name=search_term_string"}],"inLanguage":"es"},{"@type":"Organization","@id":"https:\/\/www.evento.love\/blog\/#organization","name":"evento.love","url":"https:\/\/www.evento.love\/blog\/","logo":{"@type":"ImageObject","inLanguage":"es","@id":"https:\/\/www.evento.love\/blog\/#\/schema\/logo\/image\/","url":"https:\/\/www.evento.love\/blog\/wp-content\/uploads\/2016\/07\/logo-evento-love.png","contentUrl":"https:\/\/www.evento.love\/blog\/wp-content\/uploads\/2016\/07\/logo-evento-love.png","width":197,"height":59,"caption":"evento.love"},"image":{"@id":"https:\/\/www.evento.love\/blog\/#\/schema\/logo\/image\/"},"sameAs":["https:\/\/www.facebook.com\/Evento.love\/","https:\/\/twitter.com\/Evento_love","https:\/\/www.instagram.com\/evento.love\/","https:\/\/es.pinterest.com\/evento_love\/","https:\/\/www.youtube.com\/channel\/UCcVbo6ymzx-7FlDJja8aQnw"]},{"@type":"Person","@id":"https:\/\/www.evento.love\/blog\/#\/schema\/person\/a184c2ed424b7fb3006372ce8051542c","name":"Evento Love"}]}},"_links":{"self":[{"href":"https:\/\/www.evento.love\/blog\/wp-json\/wp\/v2\/posts\/4274"}],"collection":[{"href":"https:\/\/www.evento.love\/blog\/wp-json\/wp\/v2\/posts"}],"about":[{"href":"https:\/\/www.evento.love\/blog\/wp-json\/wp\/v2\/types\/post"}],"author":[{"embeddable":true,"href":"https:\/\/www.evento.love\/blog\/wp-json\/wp\/v2\/users\/1"}],"replies":[{"embeddable":true,"href":"https:\/\/www.evento.love\/blog\/wp-json\/wp\/v2\/comments?post=4274"}],"version-history":[{"count":7,"href":"https:\/\/www.evento.love\/blog\/wp-json\/wp\/v2\/posts\/4274\/revisions"}],"predecessor-version":[{"id":4870,"href":"https:\/\/www.evento.love\/blog\/wp-json\/wp\/v2\/posts\/4274\/revisions\/4870"}],"wp:featuredmedia":[{"embeddable":true,"href":"https:\/\/www.evento.love\/blog\/wp-json\/wp\/v2\/media\/4281"}],"wp:attachment":[{"href":"https:\/\/www.evento.love\/blog\/wp-json\/wp\/v2\/media?parent=4274"}],"wp:term":[{"taxonomy":"category","embeddable":true,"href":"https:\/\/www.evento.love\/blog\/wp-json\/wp\/v2\/categories?post=4274"},{"taxonomy":"post_tag","embeddable":true,"href":"https:\/\/www.evento.love\/blog\/wp-json\/wp\/v2\/tags?post=4274"}],"curies":[{"name":"wp","href":"https:\/\/api.w.org\/{rel}","templated":true}]}}