{"id":4429,"date":"2019-04-22T09:00:10","date_gmt":"2019-04-22T07:00:10","guid":{"rendered":"https:\/\/www.evento.love\/blog\/?p=4429"},"modified":"2019-07-19T00:17:43","modified_gmt":"2019-07-18T22:17:43","slug":"decoracion-con-globos-para-un-cumpleanos-infantil","status":"publish","type":"post","link":"https:\/\/www.evento.love\/blog\/decoracion-con-globos-para-un-cumpleanos-infantil\/","title":{"rendered":"Decoraci\u00f3n con globos para un cumplea\u00f1os infantil"},"content":{"rendered":"<p>Los globos son uno de los elementos decorativos m\u00e1s vers\u00e1tiles y que mejor pueden adaptarse a cada tipo de evento, ya sea un baby shower, bautizo, comuni\u00f3n, boda, fiesta de empresa o, por supuesto, un cumplea\u00f1os.<!--more--><\/p>\n<p>Hace unas semanas recibimos una llamada de una familia que iba organizar en un restaurante precioso un gran cumplea\u00f1os para una ni\u00f1a. Quer\u00edan algo especial, una decoraci\u00f3n original y vistosa que diera el toque &#8220;wow&#8221; al espacio que ten\u00edan en mente. Fue as\u00ed como decidimos dise\u00f1ar una espectacular <a href=\"https:\/\/www.evento.love\/tienda\/decoracion-con-globos\" target=\"_blank\" rel=\"noopener noreferrer\">decoraci\u00f3n con globos<\/a> para este cumplea\u00f1os infantil.<\/p>\n<p>Creamos el arco con diferentes tipos de globos de colores blanco, diferentes tonos de rosa y dorado. \u00bfQu\u00e9 os parece el resultado?<\/p>\n<p><img decoding=\"async\" loading=\"lazy\" class=\"aligncenter size-full wp-image-4432\" src=\"https:\/\/www.evento.love\/blog\/wp-content\/uploads\/2019\/04\/Eventolove-boda-bautizo-comunion-cumplea\u00f1os-babyshower-3.jpg\" alt=\"Decoraci\u00f3n con globos\" width=\"850\" height=\"556\" srcset=\"https:\/\/www.evento.love\/blog\/wp-content\/uploads\/2019\/04\/Eventolove-boda-bautizo-comunion-cumplea\u00f1os-babyshower-3.jpg 850w, https:\/\/www.evento.love\/blog\/wp-content\/uploads\/2019\/04\/Eventolove-boda-bautizo-comunion-cumplea\u00f1os-babyshower-3-300x196.jpg 300w, https:\/\/www.evento.love\/blog\/wp-content\/uploads\/2019\/04\/Eventolove-boda-bautizo-comunion-cumplea\u00f1os-babyshower-3-768x502.jpg 768w, https:\/\/www.evento.love\/blog\/wp-content\/uploads\/2019\/04\/Eventolove-boda-bautizo-comunion-cumplea\u00f1os-babyshower-3-413x270.jpg 413w\" sizes=\"(max-width: 850px) 100vw, 850px\" \/><\/p>\n<p><img decoding=\"async\" loading=\"lazy\" class=\"aligncenter size-full wp-image-4433\" src=\"https:\/\/www.evento.love\/blog\/wp-content\/uploads\/2019\/04\/Eventolove-boda-bautizo-comunion-cumplea\u00f1os-babyshower.jpg\" alt=\"Decoraci\u00f3n con globos\" width=\"850\" height=\"638\" srcset=\"https:\/\/www.evento.love\/blog\/wp-content\/uploads\/2019\/04\/Eventolove-boda-bautizo-comunion-cumplea\u00f1os-babyshower.jpg 850w, https:\/\/www.evento.love\/blog\/wp-content\/uploads\/2019\/04\/Eventolove-boda-bautizo-comunion-cumplea\u00f1os-babyshower-300x225.jpg 300w, https:\/\/www.evento.love\/blog\/wp-content\/uploads\/2019\/04\/Eventolove-boda-bautizo-comunion-cumplea\u00f1os-babyshower-768x576.jpg 768w, https:\/\/www.evento.love\/blog\/wp-content\/uploads\/2019\/04\/Eventolove-boda-bautizo-comunion-cumplea\u00f1os-babyshower-360x270.jpg 360w\" sizes=\"(max-width: 850px) 100vw, 850px\" \/><\/p>\n<p><img decoding=\"async\" loading=\"lazy\" class=\"aligncenter size-full wp-image-4431\" src=\"https:\/\/www.evento.love\/blog\/wp-content\/uploads\/2019\/04\/Eventolove-boda-bautizo-comunion-cumplea\u00f1os-babyshower-1.jpg\" alt=\"Decoraci\u00f3n con globos\" width=\"850\" height=\"556\" srcset=\"https:\/\/www.evento.love\/blog\/wp-content\/uploads\/2019\/04\/Eventolove-boda-bautizo-comunion-cumplea\u00f1os-babyshower-1.jpg 850w, https:\/\/www.evento.love\/blog\/wp-content\/uploads\/2019\/04\/Eventolove-boda-bautizo-comunion-cumplea\u00f1os-babyshower-1-300x196.jpg 300w, https:\/\/www.evento.love\/blog\/wp-content\/uploads\/2019\/04\/Eventolove-boda-bautizo-comunion-cumplea\u00f1os-babyshower-1-768x502.jpg 768w, https:\/\/www.evento.love\/blog\/wp-content\/uploads\/2019\/04\/Eventolove-boda-bautizo-comunion-cumplea\u00f1os-babyshower-1-413x270.jpg 413w\" sizes=\"(max-width: 850px) 100vw, 850px\" \/><\/p>\n<p>Con esta decoraci\u00f3n tan especial, a juego con las flores que inundaban la sala, su familia quiso darle a la peque\u00f1a la mejor fiesta del mundo, y lo que m\u00e1s nos enamora es que contaran con nosotras para dise\u00f1arla.<\/p>\n<p>En <a href=\"https:\/\/www.evento.love\" target=\"_blank\" rel=\"noopener noreferrer\">Evento.love<\/a> somos event planners con un \u00fanico objetivo: verte feliz. Por eso, y porque sabemos que planear cualquier tipo de fiesta requiere de tiempo y organizaci\u00f3n, te ayudamos con todos los pasos para que tu &#8220;obligaci\u00f3n&#8221; sea, simplemente, disfrutar:<\/p>\n<ul>\n<li>B\u00fasqueda de <a href=\"https:\/\/www.evento.love\/tienda\/espacios\" target=\"_blank\" rel=\"noopener noreferrer\">espacio<\/a><\/li>\n<li>Decoraci\u00f3n de la <a href=\"https:\/\/www.evento.love\/blog\/category\/nuestros-eventos\/\" target=\"_blank\" rel=\"noopener noreferrer\">mesa dulce<\/a><\/li>\n<li>Dise\u00f1o de <a href=\"https:\/\/www.evento.love\/tienda\/dulces\" target=\"_blank\" rel=\"noopener noreferrer\">alta reposter\u00eda<\/a><\/li>\n<li><a href=\"https:\/\/www.evento.love\/tienda\/catering\" target=\"_blank\" rel=\"noopener noreferrer\">Catering<\/a><\/li>\n<li>Carteler\u00eda y photocall<\/li>\n<li>Animaci\u00f3n<\/li>\n<li><a href=\"https:\/\/www.evento.love\/tienda\/decoracion-con-globos\" target=\"_blank\" rel=\"noopener noreferrer\">Decoraci\u00f3n con globos<\/a><\/li>\n<li><a href=\"https:\/\/www.evento.love\/tienda\/servicios\" target=\"_blank\" rel=\"noopener noreferrer\">M\u00fasica<\/a><\/li>\n<li><a href=\"https:\/\/www.evento.love\/tienda\/servicios\" target=\"_blank\" rel=\"noopener noreferrer\">Fot\u00f3grafo \/ vide\u00f3grafo<\/a><\/li>\n<\/ul>\n<p>Y, si ya tienes solucionados varios aspectos y necesitas ayuda solo en determinados pasos, \u00a1nosotros nos encargamos! Te ayudamos de manera <a href=\"https:\/\/www.evento.love\/blog\/organizamos-y-decoramos-tu-boda-a-medida\/\" target=\"_blank\" rel=\"noopener noreferrer\">integral o parcial<\/a>, y nos adaptamos a tus necesidades en cada momento. Porque cada proyecto es \u00fanico, organizamos y decoramos de manera totalmente personalizada.<\/p>\n<h3>Quiero celebrar mi evento<\/h3>\n<p>\u00bfTienes algo en mente y quieres que te ayudemos a hacerlo realidad? El bautizo o cumplea\u00f1os de tu peque\u00f1o, el baby shower de tu mujer, vuestra boda o un evento de empresa que quieres que salga a la perfecci\u00f3n&#8230;Escr\u00edbenos a <a href=\"mailto:hola@evento.love\" target=\"_blank\" rel=\"noopener noreferrer\">hola@evento.love<\/a> o ll\u00e1manos al\u00a0650669436. \/\u00a0Do you have something in mind and want us to help you make it happen? The christening or birthday of your kid, your wife&#8217;s baby shower, your wedding or a company event that has to be perfect&#8230;Write to <a href=\"mailto:hola@evento.love\" target=\"_blank\" rel=\"noopener noreferrer\">hola@evento.love<\/a> or call us at 650669436.<\/p>\n    <div class=\"related-post grid\">\r\n                <div class=\"headline\">M\u00e1s art\u00edculos a tener en cuenta<\/div>\r\n        <div class=\"post-list \">\r\n\r\n                        <div class=\"item\">\r\n                        <div class=\"thumb post_thumb\">\r\n        <a  title=\"Baby Shower, mucho m\u00e1s que un evento social\" href=\"https:\/\/www.evento.love\/blog\/baby-shower-evento-social-madrid\/\">\r\n\r\n            <img width=\"150\" height=\"150\" src=\"https:\/\/www.evento.love\/blog\/wp-content\/uploads\/2016\/07\/babyshower-150x150.jpg\" class=\"attachment-thumbnail size-thumbnail wp-post-image\" alt=\"baby shower-fiesta-beb\u00e9-embarazo-embarazada\" decoding=\"async\" loading=\"lazy\" \/>\r\n\r\n        <\/a>\r\n    <\/div>\r\n\r\n    <a class=\"title post_title\"  title=\"Baby Shower, mucho m\u00e1s que un evento social\" href=\"https:\/\/www.evento.love\/blog\/baby-shower-evento-social-madrid\/\">\r\n                Baby Shower, mucho m\u00e1s que un evento social    <\/a>\r\n\r\n                <\/div>\r\n                            <div class=\"item\">\r\n                        <div class=\"thumb post_thumb\">\r\n        <a  title=\"12 consejos para un Baby Shower perfecto\" href=\"https:\/\/www.evento.love\/blog\/12-consejos-baby-shower-perfecto-madrid\/\">\r\n\r\n            <img width=\"150\" height=\"150\" src=\"https:\/\/www.evento.love\/blog\/wp-content\/uploads\/2016\/09\/16_05_20_12_consejos-para-que-tu-Baby-Shower-sea-perfecto-150x150.jpg\" class=\"attachment-thumbnail size-thumbnail wp-post-image\" alt=\"Baby Shower-perfecto-beb\u00e9-embarazado-embarazada-fiesta-babyshower\" decoding=\"async\" loading=\"lazy\" \/>\r\n\r\n        <\/a>\r\n    <\/div>\r\n\r\n    <a class=\"title post_title\"  title=\"12 consejos para un Baby Shower perfecto\" href=\"https:\/\/www.evento.love\/blog\/12-consejos-baby-shower-perfecto-madrid\/\">\r\n                12 consejos para un Baby Shower perfecto    <\/a>\r\n\r\n                <\/div>\r\n                            <div class=\"item\">\r\n                        <div class=\"thumb post_thumb\">\r\n        <a  title=\"Cu\u00e1ndo hacer el Baby Shower\" href=\"https:\/\/www.evento.love\/blog\/cuando-hacer-el-baby-shower-madrid\/\">\r\n\r\n            <img width=\"150\" height=\"150\" src=\"https:\/\/www.evento.love\/blog\/wp-content\/uploads\/2016\/09\/16_05_23_Cuando-hacer-el-Baby-Shower-150x150.jpg\" class=\"attachment-thumbnail size-thumbnail wp-post-image\" alt=\"Cu\u00e1ndo hacer el baby shower beb\u00e9 embarazo fiesta en Madrid\" decoding=\"async\" loading=\"lazy\" \/>\r\n\r\n        <\/a>\r\n    <\/div>\r\n\r\n    <a class=\"title post_title\"  title=\"Cu\u00e1ndo hacer el Baby Shower\" href=\"https:\/\/www.evento.love\/blog\/cuando-hacer-el-baby-shower-madrid\/\">\r\n                Cu\u00e1ndo hacer el Baby Shower    <\/a>\r\n\r\n                <\/div>\r\n                            <div class=\"item\">\r\n                        <div class=\"thumb post_thumb\">\r\n        <a  title=\"\u00bfQui\u00e9n debe organizar el Baby Shower?\" href=\"https:\/\/www.evento.love\/blog\/quien-organizar-baby-shower-madrid\/\">\r\n\r\n            <img width=\"150\" height=\"150\" src=\"https:\/\/www.evento.love\/blog\/wp-content\/uploads\/2016\/09\/16_05_29_Qui\u00e9n-organiza-el-Baby-Shower-150x150.jpg\" class=\"attachment-thumbnail size-thumbnail wp-post-image\" alt=\"Organizaci\u00f3n Baby Shower Madrid fiesta beb\u00e9 embarazada\" decoding=\"async\" loading=\"lazy\" \/>\r\n\r\n        <\/a>\r\n    <\/div>\r\n\r\n    <a class=\"title post_title\"  title=\"\u00bfQui\u00e9n debe organizar el Baby Shower?\" href=\"https:\/\/www.evento.love\/blog\/quien-organizar-baby-shower-madrid\/\">\r\n                \u00bfQui\u00e9n debe organizar el Baby Shower?    <\/a>\r\n\r\n                <\/div>\r\n            \r\n    <\/div>\r\n\r\n    <script>\r\n            <\/script>\r\n    <style>\r\n        .related-post {}\r\n\r\n        .related-post .post-list {\r\n            text-align: left;\r\n                    }\r\n\r\n        .related-post .post-list .item {\r\n            margin: 5px 10px;\r\n            padding: 0px;\r\n                    }\r\n\r\n        .related-post .headline {\r\n            font-size: 24px !important;\r\n            color: #000000 !important;\r\n                    }\r\n\r\n        .related-post .headline{\r\nfont-weight:400 !important;\r\ntext-transform: uppercase;\r\n}.related-post .post-list .item .post_thumb {\r\n            max-height: 180px;\r\n            margin: 10px 0px;\r\n            padding: 0px;\r\n            display: block;\r\n                    }\r\n\r\n        .related-post .post-list .item .post_title {\r\n            font-size: 12px;\r\n            color: #607d8b;\r\n            margin: 10px 0px;\r\n            padding: 0px;\r\n            display: block;\r\n            text-decoration: none;\r\n                    }\r\n\r\n        .related-post .post-list .item .post_excerpt {\r\n            font-size: 13px;\r\n            color: #3f3f3f;\r\n            margin: 10px 0px;\r\n            padding: 0px;\r\n            display: block;\r\n            text-decoration: none;\r\n                    }\r\n\r\n        @media only screen and (min-width: 1024px) {\r\n            .related-post .post-list .item {\r\n                width: 22%;\r\n            }\r\n        }\r\n\r\n        @media only screen and (min-width: 768px) and (max-width: 1023px) {\r\n            .related-post .post-list .item {\r\n                width: 90%;\r\n            }\r\n        }\r\n\r\n        @media only screen and (min-width: 0px) and (max-width: 767px) {\r\n            .related-post .post-list .item {\r\n                width: 30%;\r\n            }\r\n        }\r\n\r\n            <\/style>\r\n        <\/div>\r\n<!-- AddThis Advanced Settings generic via filter on the_content --><!-- AddThis Share Buttons generic via filter on the_content -->","protected":false},"excerpt":{"rendered":"<p>Los globos son uno de los elementos decorativos m\u00e1s vers\u00e1tiles y que mejor pueden adaptarse a cada tipo de evento, ya sea un baby shower, bautizo, comuni\u00f3n, boda, fiesta de empresa o, por supuesto, un cumplea\u00f1os. M\u00e1s art\u00edculos a tener en cuenta Baby Shower, mucho m\u00e1s que un evento social 12 consejos para un Baby Shower perfecto Cu\u00e1ndo hacer el Baby Shower \u00bfQui\u00e9n debe organizar el Baby Shower?<!-- AddThis Advanced Settings generic via filter on get_the_excerpt --><!-- AddThis Share Buttons generic via filter on get_the_excerpt --><\/p>\n    <div class=\"related-post grid\">\r\n                <div class=\"headline\">M\u00e1s art\u00edculos a tener en cuenta<\/div>\r\n        <div class=\"post-list \">\r\n\r\n                        <div class=\"item\">\r\n                        <div class=\"thumb post_thumb\">\r\n        <a  title=\"Baby Shower, mucho m\u00e1s que un evento social\" href=\"https:\/\/www.evento.love\/blog\/baby-shower-evento-social-madrid\/\">\r\n\r\n            <img width=\"150\" height=\"150\" src=\"https:\/\/www.evento.love\/blog\/wp-content\/uploads\/2016\/07\/babyshower-150x150.jpg\" class=\"attachment-thumbnail size-thumbnail wp-post-image\" alt=\"baby shower-fiesta-beb\u00e9-embarazo-embarazada\" decoding=\"async\" loading=\"lazy\" \/>\r\n\r\n        <\/a>\r\n    <\/div>\r\n\r\n    <a class=\"title post_title\"  title=\"Baby Shower, mucho m\u00e1s que un evento social\" href=\"https:\/\/www.evento.love\/blog\/baby-shower-evento-social-madrid\/\">\r\n                Baby Shower, mucho m\u00e1s que un evento social    <\/a>\r\n\r\n                <\/div>\r\n                            <div class=\"item\">\r\n                        <div class=\"thumb post_thumb\">\r\n        <a  title=\"12 consejos para un Baby Shower perfecto\" href=\"https:\/\/www.evento.love\/blog\/12-consejos-baby-shower-perfecto-madrid\/\">\r\n\r\n            <img width=\"150\" height=\"150\" src=\"https:\/\/www.evento.love\/blog\/wp-content\/uploads\/2016\/09\/16_05_20_12_consejos-para-que-tu-Baby-Shower-sea-perfecto-150x150.jpg\" class=\"attachment-thumbnail size-thumbnail wp-post-image\" alt=\"Baby Shower-perfecto-beb\u00e9-embarazado-embarazada-fiesta-babyshower\" decoding=\"async\" loading=\"lazy\" \/>\r\n\r\n        <\/a>\r\n    <\/div>\r\n\r\n    <a class=\"title post_title\"  title=\"12 consejos para un Baby Shower perfecto\" href=\"https:\/\/www.evento.love\/blog\/12-consejos-baby-shower-perfecto-madrid\/\">\r\n                12 consejos para un Baby Shower perfecto    <\/a>\r\n\r\n                <\/div>\r\n                            <div class=\"item\">\r\n                        <div class=\"thumb post_thumb\">\r\n        <a  title=\"Cu\u00e1ndo hacer el Baby Shower\" href=\"https:\/\/www.evento.love\/blog\/cuando-hacer-el-baby-shower-madrid\/\">\r\n\r\n            <img width=\"150\" height=\"150\" src=\"https:\/\/www.evento.love\/blog\/wp-content\/uploads\/2016\/09\/16_05_23_Cuando-hacer-el-Baby-Shower-150x150.jpg\" class=\"attachment-thumbnail size-thumbnail wp-post-image\" alt=\"Cu\u00e1ndo hacer el baby shower beb\u00e9 embarazo fiesta en Madrid\" decoding=\"async\" loading=\"lazy\" \/>\r\n\r\n        <\/a>\r\n    <\/div>\r\n\r\n    <a class=\"title post_title\"  title=\"Cu\u00e1ndo hacer el Baby Shower\" href=\"https:\/\/www.evento.love\/blog\/cuando-hacer-el-baby-shower-madrid\/\">\r\n                Cu\u00e1ndo hacer el Baby Shower    <\/a>\r\n\r\n                <\/div>\r\n                            <div class=\"item\">\r\n                        <div class=\"thumb post_thumb\">\r\n        <a  title=\"Baby Shower: Elaborando la lista de invitados\" href=\"https:\/\/www.evento.love\/blog\/baby-shower-lista-invitados-madrid\/\">\r\n\r\n            <img width=\"150\" height=\"150\" src=\"https:\/\/www.evento.love\/blog\/wp-content\/uploads\/2016\/09\/16_05_30_Baby-Shower-elaborando-la-lista-de-invitados-150x150.jpg\" class=\"attachment-thumbnail size-thumbnail wp-post-image\" alt=\"\" decoding=\"async\" loading=\"lazy\" \/>\r\n\r\n        <\/a>\r\n    <\/div>\r\n\r\n    <a class=\"title post_title\"  title=\"Baby Shower: Elaborando la lista de invitados\" href=\"https:\/\/www.evento.love\/blog\/baby-shower-lista-invitados-madrid\/\">\r\n                Baby Shower: Elaborando la lista de invitados    <\/a>\r\n\r\n                <\/div>\r\n            \r\n    <\/div>\r\n\r\n    <script>\r\n            <\/script>\r\n    <style>\r\n        .related-post {}\r\n\r\n        .related-post .post-list {\r\n            text-align: left;\r\n                    }\r\n\r\n        .related-post .post-list .item {\r\n            margin: 5px 10px;\r\n            padding: 0px;\r\n                    }\r\n\r\n        .related-post .headline {\r\n            font-size: 24px !important;\r\n            color: #000000 !important;\r\n                    }\r\n\r\n        .related-post .headline{\r\nfont-weight:400 !important;\r\ntext-transform: uppercase;\r\n}.related-post .post-list .item .post_thumb {\r\n            max-height: 180px;\r\n            margin: 10px 0px;\r\n            padding: 0px;\r\n            display: block;\r\n                    }\r\n\r\n        .related-post .post-list .item .post_title {\r\n            font-size: 12px;\r\n            color: #607d8b;\r\n            margin: 10px 0px;\r\n            padding: 0px;\r\n            display: block;\r\n            text-decoration: none;\r\n                    }\r\n\r\n        .related-post .post-list .item .post_excerpt {\r\n            font-size: 13px;\r\n            color: #3f3f3f;\r\n            margin: 10px 0px;\r\n            padding: 0px;\r\n            display: block;\r\n            text-decoration: none;\r\n                    }\r\n\r\n        @media only screen and (min-width: 1024px) {\r\n            .related-post .post-list .item {\r\n                width: 22%;\r\n            }\r\n        }\r\n\r\n        @media only screen and (min-width: 768px) and (max-width: 1023px) {\r\n            .related-post .post-list .item {\r\n                width: 90%;\r\n            }\r\n        }\r\n\r\n        @media only screen and (min-width: 0px) and (max-width: 767px) {\r\n            .related-post .post-list .item {\r\n                width: 30%;\r\n            }\r\n        }\r\n\r\n            <\/style>\r\n        <\/div>\r\n","protected":false},"author":1,"featured_media":4434,"comment_status":"closed","ping_status":"open","sticky":false,"template":"","format":"standard","meta":{"content-type":""},"categories":[391],"tags":[1185,447,188,969,446,1314,1315,818,1316],"yoast_head":"<!-- This site is optimized with the Yoast SEO plugin v20.7 - https:\/\/yoast.com\/wordpress\/plugins\/seo\/ -->\n<title>Decoraci\u00f3n con globos para un cumplea\u00f1os infantil - El Blog de evento.love<\/title>\n<meta name=\"description\" content=\"Dise\u00f1amos una espectacular decoraci\u00f3n con globos para un cumplea\u00f1os en rosa, blanco y dorado. Organizamos y decoramos tu evento a medida.\" \/>\n<meta name=\"robots\" content=\"index, follow, max-snippet:-1, max-image-preview:large, max-video-preview:-1\" \/>\n<meta property=\"og:locale\" content=\"es_ES\" \/>\n<meta property=\"og:type\" content=\"article\" \/>\n<meta property=\"og:title\" content=\"Decoraci\u00f3n con globos para un cumplea\u00f1os infantil - El Blog de evento.love\" \/>\n<meta property=\"og:description\" content=\"Dise\u00f1amos una espectacular decoraci\u00f3n con globos para un cumplea\u00f1os en rosa, blanco y dorado. Organizamos y decoramos tu evento a medida.\" \/>\n<meta property=\"og:url\" content=\"https:\/\/www.evento.love\/blog\/decoracion-con-globos-para-un-cumpleanos-infantil\/\" \/>\n<meta property=\"og:site_name\" content=\"El Blog de evento.love\" \/>\n<meta property=\"article:publisher\" content=\"https:\/\/www.facebook.com\/Evento.love\/\" \/>\n<meta property=\"article:published_time\" content=\"2019-04-22T07:00:10+00:00\" \/>\n<meta property=\"article:modified_time\" content=\"2019-07-18T22:17:43+00:00\" \/>\n<meta property=\"og:image\" content=\"https:\/\/www.evento.love\/blog\/wp-content\/uploads\/2019\/04\/Eventolove-boda-bautizo-comunion-cumplea\u00f1os-babyshower-2.jpg\" \/>\n\t<meta property=\"og:image:width\" content=\"850\" \/>\n\t<meta property=\"og:image:height\" content=\"638\" \/>\n\t<meta property=\"og:image:type\" content=\"image\/jpeg\" \/>\n<meta name=\"author\" content=\"Evento Love\" \/>\n<meta name=\"twitter:card\" content=\"summary_large_image\" \/>\n<meta name=\"twitter:creator\" content=\"@Evento_love\" \/>\n<meta name=\"twitter:site\" content=\"@Evento_love\" \/>\n<meta name=\"twitter:label1\" content=\"Escrito por\" \/>\n\t<meta name=\"twitter:data1\" content=\"Evento Love\" \/>\n\t<meta name=\"twitter:label2\" content=\"Tiempo de lectura\" \/>\n\t<meta name=\"twitter:data2\" content=\"2 minutos\" \/>\n<!-- \/ Yoast SEO plugin. -->","yoast_head_json":{"title":"Decoraci\u00f3n con globos para un cumplea\u00f1os infantil - El Blog de evento.love","description":"Dise\u00f1amos una espectacular decoraci\u00f3n con globos para un cumplea\u00f1os en rosa, blanco y dorado. Organizamos y decoramos tu evento a medida.","robots":{"index":"index","follow":"follow","max-snippet":"max-snippet:-1","max-image-preview":"max-image-preview:large","max-video-preview":"max-video-preview:-1"},"og_locale":"es_ES","og_type":"article","og_title":"Decoraci\u00f3n con globos para un cumplea\u00f1os infantil - El Blog de evento.love","og_description":"Dise\u00f1amos una espectacular decoraci\u00f3n con globos para un cumplea\u00f1os en rosa, blanco y dorado. Organizamos y decoramos tu evento a medida.","og_url":"https:\/\/www.evento.love\/blog\/decoracion-con-globos-para-un-cumpleanos-infantil\/","og_site_name":"El Blog de evento.love","article_publisher":"https:\/\/www.facebook.com\/Evento.love\/","article_published_time":"2019-04-22T07:00:10+00:00","article_modified_time":"2019-07-18T22:17:43+00:00","og_image":[{"width":850,"height":638,"url":"https:\/\/www.evento.love\/blog\/wp-content\/uploads\/2019\/04\/Eventolove-boda-bautizo-comunion-cumplea\u00f1os-babyshower-2.jpg","type":"image\/jpeg"}],"author":"Evento Love","twitter_card":"summary_large_image","twitter_creator":"@Evento_love","twitter_site":"@Evento_love","twitter_misc":{"Escrito por":"Evento Love","Tiempo de lectura":"2 minutos"},"schema":{"@context":"https:\/\/schema.org","@graph":[{"@type":"Article","@id":"https:\/\/www.evento.love\/blog\/decoracion-con-globos-para-un-cumpleanos-infantil\/#article","isPartOf":{"@id":"https:\/\/www.evento.love\/blog\/decoracion-con-globos-para-un-cumpleanos-infantil\/"},"author":{"name":"Evento Love","@id":"https:\/\/www.evento.love\/blog\/#\/schema\/person\/a184c2ed424b7fb3006372ce8051542c"},"headline":"Decoraci\u00f3n con globos para un cumplea\u00f1os infantil","datePublished":"2019-04-22T07:00:10+00:00","dateModified":"2019-07-18T22:17:43+00:00","mainEntityOfPage":{"@id":"https:\/\/www.evento.love\/blog\/decoracion-con-globos-para-un-cumpleanos-infantil\/"},"wordCount":401,"publisher":{"@id":"https:\/\/www.evento.love\/blog\/#organization"},"keywords":["arco de globos","cumplea\u00f1os en madrid","cumplea\u00f1os infantil","decoraci\u00f3n con globos","decoracion de cumplea\u00f1os","decoraci\u00f3n integral","decoraci\u00f3n parcial","organizaci\u00f3n de eventos","organizaci\u00f3n integral"],"articleSection":["Nuestros eventos"],"inLanguage":"es"},{"@type":"WebPage","@id":"https:\/\/www.evento.love\/blog\/decoracion-con-globos-para-un-cumpleanos-infantil\/","url":"https:\/\/www.evento.love\/blog\/decoracion-con-globos-para-un-cumpleanos-infantil\/","name":"Decoraci\u00f3n con globos para un cumplea\u00f1os infantil - El Blog de evento.love","isPartOf":{"@id":"https:\/\/www.evento.love\/blog\/#website"},"datePublished":"2019-04-22T07:00:10+00:00","dateModified":"2019-07-18T22:17:43+00:00","description":"Dise\u00f1amos una espectacular decoraci\u00f3n con globos para un cumplea\u00f1os en rosa, blanco y dorado. Organizamos y decoramos tu evento a medida.","breadcrumb":{"@id":"https:\/\/www.evento.love\/blog\/decoracion-con-globos-para-un-cumpleanos-infantil\/#breadcrumb"},"inLanguage":"es","potentialAction":[{"@type":"ReadAction","target":["https:\/\/www.evento.love\/blog\/decoracion-con-globos-para-un-cumpleanos-infantil\/"]}]},{"@type":"BreadcrumbList","@id":"https:\/\/www.evento.love\/blog\/decoracion-con-globos-para-un-cumpleanos-infantil\/#breadcrumb","itemListElement":[{"@type":"ListItem","position":1,"name":"Evento.love","item":"https:\/\/www.evento.love\/blog\/"},{"@type":"ListItem","position":2,"name":"Nuestros eventos","item":"https:\/\/www.evento.love\/blog\/category\/nuestros-eventos\/"},{"@type":"ListItem","position":3,"name":"Decoraci\u00f3n con globos para un cumplea\u00f1os infantil"}]},{"@type":"WebSite","@id":"https:\/\/www.evento.love\/blog\/#website","url":"https:\/\/www.evento.love\/blog\/","name":"El Blog de evento.love","description":"T\u00fa lo mereces. Disfruta de tu momento","publisher":{"@id":"https:\/\/www.evento.love\/blog\/#organization"},"potentialAction":[{"@type":"SearchAction","target":{"@type":"EntryPoint","urlTemplate":"https:\/\/www.evento.love\/blog\/?s={search_term_string}"},"query-input":"required name=search_term_string"}],"inLanguage":"es"},{"@type":"Organization","@id":"https:\/\/www.evento.love\/blog\/#organization","name":"evento.love","url":"https:\/\/www.evento.love\/blog\/","logo":{"@type":"ImageObject","inLanguage":"es","@id":"https:\/\/www.evento.love\/blog\/#\/schema\/logo\/image\/","url":"https:\/\/www.evento.love\/blog\/wp-content\/uploads\/2016\/07\/logo-evento-love.png","contentUrl":"https:\/\/www.evento.love\/blog\/wp-content\/uploads\/2016\/07\/logo-evento-love.png","width":197,"height":59,"caption":"evento.love"},"image":{"@id":"https:\/\/www.evento.love\/blog\/#\/schema\/logo\/image\/"},"sameAs":["https:\/\/www.facebook.com\/Evento.love\/","https:\/\/twitter.com\/Evento_love","https:\/\/www.instagram.com\/evento.love\/","https:\/\/es.pinterest.com\/evento_love\/","https:\/\/www.youtube.com\/channel\/UCcVbo6ymzx-7FlDJja8aQnw"]},{"@type":"Person","@id":"https:\/\/www.evento.love\/blog\/#\/schema\/person\/a184c2ed424b7fb3006372ce8051542c","name":"Evento Love"}]}},"_links":{"self":[{"href":"https:\/\/www.evento.love\/blog\/wp-json\/wp\/v2\/posts\/4429"}],"collection":[{"href":"https:\/\/www.evento.love\/blog\/wp-json\/wp\/v2\/posts"}],"about":[{"href":"https:\/\/www.evento.love\/blog\/wp-json\/wp\/v2\/types\/post"}],"author":[{"embeddable":true,"href":"https:\/\/www.evento.love\/blog\/wp-json\/wp\/v2\/users\/1"}],"replies":[{"embeddable":true,"href":"https:\/\/www.evento.love\/blog\/wp-json\/wp\/v2\/comments?post=4429"}],"version-history":[{"count":9,"href":"https:\/\/www.evento.love\/blog\/wp-json\/wp\/v2\/posts\/4429\/revisions"}],"predecessor-version":[{"id":4860,"href":"https:\/\/www.evento.love\/blog\/wp-json\/wp\/v2\/posts\/4429\/revisions\/4860"}],"wp:featuredmedia":[{"embeddable":true,"href":"https:\/\/www.evento.love\/blog\/wp-json\/wp\/v2\/media\/4434"}],"wp:attachment":[{"href":"https:\/\/www.evento.love\/blog\/wp-json\/wp\/v2\/media?parent=4429"}],"wp:term":[{"taxonomy":"category","embeddable":true,"href":"https:\/\/www.evento.love\/blog\/wp-json\/wp\/v2\/categories?post=4429"},{"taxonomy":"post_tag","embeddable":true,"href":"https:\/\/www.evento.love\/blog\/wp-json\/wp\/v2\/tags?post=4429"}],"curies":[{"name":"wp","href":"https:\/\/api.w.org\/{rel}","templated":true}]}}