{"id":4470,"date":"2019-05-13T09:00:12","date_gmt":"2019-05-13T07:00:12","guid":{"rendered":"https:\/\/www.evento.love\/blog\/?p=4470"},"modified":"2019-07-19T00:17:43","modified_gmt":"2019-07-18T22:17:43","slug":"el-cumpleanos-granjero-de-nicolas","status":"publish","type":"post","link":"https:\/\/www.evento.love\/blog\/el-cumpleanos-granjero-de-nicolas\/","title":{"rendered":"El cumplea\u00f1os granjero de Nicol\u00e1s"},"content":{"rendered":"<p>Hace unos d\u00edas Nicol\u00e1s, el hijo de nuestra querida amiga Marta, cumpli\u00f3 2 a\u00f1itos y la ocasi\u00f3n merec\u00eda una celebraci\u00f3n a lo grande.<!--more-->Cuando Marta nos contact\u00f3 nos pidi\u00f3 que le ayud\u00e1ramos a organizar el cumplea\u00f1os de Nicol\u00e1s con tem\u00e1tica granjera, y a nosotros \u00a1nos encant\u00f3 la idea! Quer\u00eda que organiz\u00e1ramos el catering, la mesa de bebidas, la animaci\u00f3n, la mesa dulce, decoraci\u00f3n y animaci\u00f3n. \u00a0Y as\u00ed fue c\u00f3mo decidimos convertir el precioso jard\u00edn familiar en una granja llena de animales.<\/p>\n<p>Ese d\u00eda, muy tempranito, comenzamos a montar la decoraci\u00f3n. Colocamos la <a href=\"https:\/\/www.evento.love\/tienda\/dulces\" target=\"_blank\" rel=\"noopener noreferrer\">mesa dulce<\/a> en un rinc\u00f3n del jard\u00edn con fondo de vegetaci\u00f3n para darle un toque a\u00fan m\u00e1s natural. Y para enmarcar la que ser\u00eda la protagonista indiscutible de la decoraci\u00f3n, construimos una maravillosa <a href=\"https:\/\/www.evento.love\/tienda\/decoracion-con-globos\" target=\"_blank\" rel=\"noopener noreferrer\">estructura de globos<\/a> en rojo, negro, blanco y con estampado de vaca. \u00a1Mirad qu\u00e9 ideal!<\/p>\n<p><img decoding=\"async\" loading=\"lazy\" class=\"aligncenter size-full wp-image-4478\" src=\"https:\/\/www.evento.love\/blog\/wp-content\/uploads\/2019\/05\/cumpleanos-granjero-animales-evento.love-6.jpg\" alt=\"Cumplea\u00f1os granjero\" width=\"850\" height=\"567\" srcset=\"https:\/\/www.evento.love\/blog\/wp-content\/uploads\/2019\/05\/cumpleanos-granjero-animales-evento.love-6.jpg 850w, https:\/\/www.evento.love\/blog\/wp-content\/uploads\/2019\/05\/cumpleanos-granjero-animales-evento.love-6-300x200.jpg 300w, https:\/\/www.evento.love\/blog\/wp-content\/uploads\/2019\/05\/cumpleanos-granjero-animales-evento.love-6-768x512.jpg 768w, https:\/\/www.evento.love\/blog\/wp-content\/uploads\/2019\/05\/cumpleanos-granjero-animales-evento.love-6-405x270.jpg 405w\" sizes=\"(max-width: 850px) 100vw, 850px\" \/><\/p>\n<p>El estampado de cuadros rojo y blanco inund\u00f3 la celebraci\u00f3n, \u00a1hasta la mam\u00e1 y Nicol\u00e1s iban vestidos as\u00ed! Fue precioso ver c\u00f3mo todo formaba parte de un ambiente dise\u00f1ado para hacer feliz al peque. As\u00ed que sobre el mantel, colocamos la mesa dulce con reposter\u00eda dise\u00f1ada 100% a medida para el evento. Galletas y cakepops de animales y una <a href=\"https:\/\/www.evento.love\/blog\/tarta-personalizada-para-tu-evento-en-madrid\/\" target=\"_blank\" rel=\"noopener noreferrer\">gran tarta <\/a>como eje central.<\/p>\n<p><img decoding=\"async\" loading=\"lazy\" class=\"aligncenter size-full wp-image-4473\" src=\"https:\/\/www.evento.love\/blog\/wp-content\/uploads\/2019\/05\/cumpleanos-granjero-animales-evento.love_.jpg\" alt=\"Cumplea\u00f1os granjero\" width=\"850\" height=\"638\" srcset=\"https:\/\/www.evento.love\/blog\/wp-content\/uploads\/2019\/05\/cumpleanos-granjero-animales-evento.love_.jpg 850w, https:\/\/www.evento.love\/blog\/wp-content\/uploads\/2019\/05\/cumpleanos-granjero-animales-evento.love_-300x225.jpg 300w, https:\/\/www.evento.love\/blog\/wp-content\/uploads\/2019\/05\/cumpleanos-granjero-animales-evento.love_-768x576.jpg 768w, https:\/\/www.evento.love\/blog\/wp-content\/uploads\/2019\/05\/cumpleanos-granjero-animales-evento.love_-360x270.jpg 360w\" sizes=\"(max-width: 850px) 100vw, 850px\" \/><\/p>\n<p><img decoding=\"async\" loading=\"lazy\" class=\"aligncenter size-full wp-image-4481\" src=\"https:\/\/www.evento.love\/blog\/wp-content\/uploads\/2019\/05\/cumpleanos-granjero-animales-evento.love-9.jpg\" alt=\"\" width=\"850\" height=\"850\" srcset=\"https:\/\/www.evento.love\/blog\/wp-content\/uploads\/2019\/05\/cumpleanos-granjero-animales-evento.love-9.jpg 850w, https:\/\/www.evento.love\/blog\/wp-content\/uploads\/2019\/05\/cumpleanos-granjero-animales-evento.love-9-150x150.jpg 150w, https:\/\/www.evento.love\/blog\/wp-content\/uploads\/2019\/05\/cumpleanos-granjero-animales-evento.love-9-300x300.jpg 300w, https:\/\/www.evento.love\/blog\/wp-content\/uploads\/2019\/05\/cumpleanos-granjero-animales-evento.love-9-768x768.jpg 768w, https:\/\/www.evento.love\/blog\/wp-content\/uploads\/2019\/05\/cumpleanos-granjero-animales-evento.love-9-270x270.jpg 270w\" sizes=\"(max-width: 850px) 100vw, 850px\" \/><\/p>\n<p><img decoding=\"async\" loading=\"lazy\" class=\"aligncenter size-full wp-image-4480\" src=\"https:\/\/www.evento.love\/blog\/wp-content\/uploads\/2019\/05\/cumpleanos-granjero-animales-evento.love-8.jpg\" alt=\"Cumplea\u00f1os granjero\" width=\"850\" height=\"567\" srcset=\"https:\/\/www.evento.love\/blog\/wp-content\/uploads\/2019\/05\/cumpleanos-granjero-animales-evento.love-8.jpg 850w, https:\/\/www.evento.love\/blog\/wp-content\/uploads\/2019\/05\/cumpleanos-granjero-animales-evento.love-8-300x200.jpg 300w, https:\/\/www.evento.love\/blog\/wp-content\/uploads\/2019\/05\/cumpleanos-granjero-animales-evento.love-8-768x512.jpg 768w, https:\/\/www.evento.love\/blog\/wp-content\/uploads\/2019\/05\/cumpleanos-granjero-animales-evento.love-8-405x270.jpg 405w\" sizes=\"(max-width: 850px) 100vw, 850px\" \/><\/p>\n<p><img decoding=\"async\" loading=\"lazy\" class=\"aligncenter size-full wp-image-4477\" src=\"https:\/\/www.evento.love\/blog\/wp-content\/uploads\/2019\/05\/cumpleanos-granjero-animales-evento.love-5.jpg\" alt=\"Cumplea\u00f1os granjero\" width=\"850\" height=\"567\" srcset=\"https:\/\/www.evento.love\/blog\/wp-content\/uploads\/2019\/05\/cumpleanos-granjero-animales-evento.love-5.jpg 850w, https:\/\/www.evento.love\/blog\/wp-content\/uploads\/2019\/05\/cumpleanos-granjero-animales-evento.love-5-300x200.jpg 300w, https:\/\/www.evento.love\/blog\/wp-content\/uploads\/2019\/05\/cumpleanos-granjero-animales-evento.love-5-768x512.jpg 768w, https:\/\/www.evento.love\/blog\/wp-content\/uploads\/2019\/05\/cumpleanos-granjero-animales-evento.love-5-405x270.jpg 405w\" sizes=\"(max-width: 850px) 100vw, 850px\" \/><\/p>\n<p><img decoding=\"async\" loading=\"lazy\" class=\"aligncenter size-full wp-image-4476\" src=\"https:\/\/www.evento.love\/blog\/wp-content\/uploads\/2019\/05\/cumpleanos-granjero-animales-evento.love-4.jpg\" alt=\"Cumplea\u00f1os granjero\" width=\"850\" height=\"567\" srcset=\"https:\/\/www.evento.love\/blog\/wp-content\/uploads\/2019\/05\/cumpleanos-granjero-animales-evento.love-4.jpg 850w, https:\/\/www.evento.love\/blog\/wp-content\/uploads\/2019\/05\/cumpleanos-granjero-animales-evento.love-4-300x200.jpg 300w, https:\/\/www.evento.love\/blog\/wp-content\/uploads\/2019\/05\/cumpleanos-granjero-animales-evento.love-4-768x512.jpg 768w, https:\/\/www.evento.love\/blog\/wp-content\/uploads\/2019\/05\/cumpleanos-granjero-animales-evento.love-4-405x270.jpg 405w\" sizes=\"(max-width: 850px) 100vw, 850px\" \/><\/p>\n<p>Al pie de la mesa hicimos una composici\u00f3n de cajas r\u00fasticas, girasoles y regaderas y, en el lateral, colocamos los regalos para los invitados. Unas macetas ideales con semillas para plantar su propia plata. \u00bfQu\u00e9 os parece la idea? Un divertido espantap\u00e1jaros custodiaba los regalos.<\/p>\n<p><img decoding=\"async\" loading=\"lazy\" class=\"aligncenter size-full wp-image-4479\" src=\"https:\/\/www.evento.love\/blog\/wp-content\/uploads\/2019\/05\/cumpleanos-granjero-animales-evento.love-7.jpg\" alt=\"Cumplea\u00f1os granjero\" width=\"850\" height=\"567\" srcset=\"https:\/\/www.evento.love\/blog\/wp-content\/uploads\/2019\/05\/cumpleanos-granjero-animales-evento.love-7.jpg 850w, https:\/\/www.evento.love\/blog\/wp-content\/uploads\/2019\/05\/cumpleanos-granjero-animales-evento.love-7-300x200.jpg 300w, https:\/\/www.evento.love\/blog\/wp-content\/uploads\/2019\/05\/cumpleanos-granjero-animales-evento.love-7-768x512.jpg 768w, https:\/\/www.evento.love\/blog\/wp-content\/uploads\/2019\/05\/cumpleanos-granjero-animales-evento.love-7-405x270.jpg 405w\" sizes=\"(max-width: 850px) 100vw, 850px\" \/><\/p>\n<p><img decoding=\"async\" loading=\"lazy\" class=\"aligncenter size-full wp-image-4475\" src=\"https:\/\/www.evento.love\/blog\/wp-content\/uploads\/2019\/05\/cumpleanos-granjero-animales-evento.love-2.jpg\" alt=\"Cumplea\u00f1os granjero\" width=\"600\" height=\"900\" srcset=\"https:\/\/www.evento.love\/blog\/wp-content\/uploads\/2019\/05\/cumpleanos-granjero-animales-evento.love-2.jpg 600w, https:\/\/www.evento.love\/blog\/wp-content\/uploads\/2019\/05\/cumpleanos-granjero-animales-evento.love-2-200x300.jpg 200w, https:\/\/www.evento.love\/blog\/wp-content\/uploads\/2019\/05\/cumpleanos-granjero-animales-evento.love-2-180x270.jpg 180w\" sizes=\"(max-width: 600px) 100vw, 600px\" \/><\/p>\n<p>Junto a la mesa dulce hab\u00eda un bonito \u00e1rbol que ped\u00eda a gritos ser decorado. As\u00ed pues, colocamos la preciosa pi\u00f1ata con forma de granero y detalles de espantap\u00e1jaros para completar el rinc\u00f3n.\u00a0Desde Evento.love tambi\u00e9n nos encargamos del <a href=\"https:\/\/www.evento.love\/tienda\/catering\" target=\"_blank\" rel=\"noopener noreferrer\">catering<\/a> para ni\u00f1os y mayores y la mesa de bebidas.\u00a0Sali\u00f3 un d\u00eda precioso con un sol radiante y los invitados pudieron disfrutar de un rato muy agradable mientras los peque\u00f1os disfrutaban con los animales. \u00a1Y S\u00ed! tambi\u00e9n hab\u00eda animales de verdad \ud83d\ude42 No sab\u00e9is c\u00f3mo se lo pasaron&#8230;<\/p>\n<p><img decoding=\"async\" loading=\"lazy\" class=\"aligncenter size-full wp-image-4484\" src=\"https:\/\/www.evento.love\/blog\/wp-content\/uploads\/2019\/05\/cumpleanos-granja-animales.jpg\" alt=\"\" width=\"850\" height=\"638\" srcset=\"https:\/\/www.evento.love\/blog\/wp-content\/uploads\/2019\/05\/cumpleanos-granja-animales.jpg 850w, https:\/\/www.evento.love\/blog\/wp-content\/uploads\/2019\/05\/cumpleanos-granja-animales-300x225.jpg 300w, https:\/\/www.evento.love\/blog\/wp-content\/uploads\/2019\/05\/cumpleanos-granja-animales-768x576.jpg 768w, https:\/\/www.evento.love\/blog\/wp-content\/uploads\/2019\/05\/cumpleanos-granja-animales-360x270.jpg 360w\" sizes=\"(max-width: 850px) 100vw, 850px\" \/><\/p>\n<p>Como siempre, nos quedamos con la carita de felicidad de Nicol\u00e1s al ver su gran fiesta. \u00a1Os dejamos con el v\u00eddeo para que ve\u00e1is todos los detalles!<\/p>\n<p><iframe loading=\"lazy\" width=\"640\" height=\"360\" src=\"https:\/\/www.youtube.com\/embed\/_uREifgeV8I?feature=oembed\" frameborder=\"0\" allow=\"accelerometer; autoplay; encrypted-media; gyroscope; picture-in-picture\" allowfullscreen><\/iframe><\/p>\n<p>&#8211;<\/p>\n<p>\u00bfQuieres que organicemos un cumplea\u00f1os tem\u00e1tico para tu peque\u00f1@? Escr\u00edbenos a <a href=\"mailto:hola@evento.love\" target=\"_blank\" rel=\"noopener noreferrer\">hola@evento.love<\/a> y nos encargaremos de todos los detalles.<\/p>\n    <div class=\"related-post grid\">\r\n                <div class=\"headline\">M\u00e1s art\u00edculos a tener en cuenta<\/div>\r\n        <div class=\"post-list \">\r\n\r\n                        <div class=\"item\">\r\n                        <div class=\"thumb post_thumb\">\r\n        <a  title=\"Baby Shower, mucho m\u00e1s que un evento social\" href=\"https:\/\/www.evento.love\/blog\/baby-shower-evento-social-madrid\/\">\r\n\r\n            <img width=\"150\" height=\"150\" src=\"https:\/\/www.evento.love\/blog\/wp-content\/uploads\/2016\/07\/babyshower-150x150.jpg\" class=\"attachment-thumbnail size-thumbnail wp-post-image\" alt=\"baby shower-fiesta-beb\u00e9-embarazo-embarazada\" decoding=\"async\" loading=\"lazy\" \/>\r\n\r\n        <\/a>\r\n    <\/div>\r\n\r\n    <a class=\"title post_title\"  title=\"Baby Shower, mucho m\u00e1s que un evento social\" href=\"https:\/\/www.evento.love\/blog\/baby-shower-evento-social-madrid\/\">\r\n                Baby Shower, mucho m\u00e1s que un evento social    <\/a>\r\n\r\n                <\/div>\r\n                            <div class=\"item\">\r\n                        <div class=\"thumb post_thumb\">\r\n        <a  title=\"12 consejos para un Baby Shower perfecto\" href=\"https:\/\/www.evento.love\/blog\/12-consejos-baby-shower-perfecto-madrid\/\">\r\n\r\n            <img width=\"150\" height=\"150\" src=\"https:\/\/www.evento.love\/blog\/wp-content\/uploads\/2016\/09\/16_05_20_12_consejos-para-que-tu-Baby-Shower-sea-perfecto-150x150.jpg\" class=\"attachment-thumbnail size-thumbnail wp-post-image\" alt=\"Baby Shower-perfecto-beb\u00e9-embarazado-embarazada-fiesta-babyshower\" decoding=\"async\" loading=\"lazy\" \/>\r\n\r\n        <\/a>\r\n    <\/div>\r\n\r\n    <a class=\"title post_title\"  title=\"12 consejos para un Baby Shower perfecto\" href=\"https:\/\/www.evento.love\/blog\/12-consejos-baby-shower-perfecto-madrid\/\">\r\n                12 consejos para un Baby Shower perfecto    <\/a>\r\n\r\n                <\/div>\r\n                            <div class=\"item\">\r\n                        <div class=\"thumb post_thumb\">\r\n        <a  title=\"Cu\u00e1ndo hacer el Baby Shower\" href=\"https:\/\/www.evento.love\/blog\/cuando-hacer-el-baby-shower-madrid\/\">\r\n\r\n            <img width=\"150\" height=\"150\" src=\"https:\/\/www.evento.love\/blog\/wp-content\/uploads\/2016\/09\/16_05_23_Cuando-hacer-el-Baby-Shower-150x150.jpg\" class=\"attachment-thumbnail size-thumbnail wp-post-image\" alt=\"Cu\u00e1ndo hacer el baby shower beb\u00e9 embarazo fiesta en Madrid\" decoding=\"async\" loading=\"lazy\" \/>\r\n\r\n        <\/a>\r\n    <\/div>\r\n\r\n    <a class=\"title post_title\"  title=\"Cu\u00e1ndo hacer el Baby Shower\" href=\"https:\/\/www.evento.love\/blog\/cuando-hacer-el-baby-shower-madrid\/\">\r\n                Cu\u00e1ndo hacer el Baby Shower    <\/a>\r\n\r\n                <\/div>\r\n                            <div class=\"item\">\r\n                        <div class=\"thumb post_thumb\">\r\n        <a  title=\"\u00bfQui\u00e9n debe organizar el Baby Shower?\" href=\"https:\/\/www.evento.love\/blog\/quien-organizar-baby-shower-madrid\/\">\r\n\r\n            <img width=\"150\" height=\"150\" src=\"https:\/\/www.evento.love\/blog\/wp-content\/uploads\/2016\/09\/16_05_29_Qui\u00e9n-organiza-el-Baby-Shower-150x150.jpg\" class=\"attachment-thumbnail size-thumbnail wp-post-image\" alt=\"Organizaci\u00f3n Baby Shower Madrid fiesta beb\u00e9 embarazada\" decoding=\"async\" loading=\"lazy\" \/>\r\n\r\n        <\/a>\r\n    <\/div>\r\n\r\n    <a class=\"title post_title\"  title=\"\u00bfQui\u00e9n debe organizar el Baby Shower?\" href=\"https:\/\/www.evento.love\/blog\/quien-organizar-baby-shower-madrid\/\">\r\n                \u00bfQui\u00e9n debe organizar el Baby Shower?    <\/a>\r\n\r\n                <\/div>\r\n            \r\n    <\/div>\r\n\r\n    <script>\r\n            <\/script>\r\n    <style>\r\n        .related-post {}\r\n\r\n        .related-post .post-list {\r\n            text-align: left;\r\n                    }\r\n\r\n        .related-post .post-list .item {\r\n            margin: 5px 10px;\r\n            padding: 0px;\r\n                    }\r\n\r\n        .related-post .headline {\r\n            font-size: 24px !important;\r\n            color: #000000 !important;\r\n                    }\r\n\r\n        .related-post .headline{\r\nfont-weight:400 !important;\r\ntext-transform: uppercase;\r\n}.related-post .post-list .item .post_thumb {\r\n            max-height: 180px;\r\n            margin: 10px 0px;\r\n            padding: 0px;\r\n            display: block;\r\n                    }\r\n\r\n        .related-post .post-list .item .post_title {\r\n            font-size: 12px;\r\n            color: #607d8b;\r\n            margin: 10px 0px;\r\n            padding: 0px;\r\n            display: block;\r\n            text-decoration: none;\r\n                    }\r\n\r\n        .related-post .post-list .item .post_excerpt {\r\n            font-size: 13px;\r\n            color: #3f3f3f;\r\n            margin: 10px 0px;\r\n            padding: 0px;\r\n            display: block;\r\n            text-decoration: none;\r\n                    }\r\n\r\n        @media only screen and (min-width: 1024px) {\r\n            .related-post .post-list .item {\r\n                width: 22%;\r\n            }\r\n        }\r\n\r\n        @media only screen and (min-width: 768px) and (max-width: 1023px) {\r\n            .related-post .post-list .item {\r\n                width: 90%;\r\n            }\r\n        }\r\n\r\n        @media only screen and (min-width: 0px) and (max-width: 767px) {\r\n            .related-post .post-list .item {\r\n                width: 30%;\r\n            }\r\n        }\r\n\r\n            <\/style>\r\n        <\/div>\r\n<!-- AddThis Advanced Settings generic via filter on the_content --><!-- AddThis Share Buttons generic via filter on the_content -->","protected":false},"excerpt":{"rendered":"<p>Hace unos d\u00edas Nicol\u00e1s, el hijo de nuestra querida amiga Marta, cumpli\u00f3 2 a\u00f1itos y la ocasi\u00f3n merec\u00eda una celebraci\u00f3n a lo grande. M\u00e1s art\u00edculos a tener en cuenta Baby Shower, mucho m\u00e1s que un evento social 12 consejos para un Baby Shower perfecto Cu\u00e1ndo hacer el Baby Shower \u00bfQui\u00e9n debe organizar el Baby Shower?<!-- AddThis Advanced Settings generic via filter on get_the_excerpt --><!-- AddThis Share Buttons generic via filter on get_the_excerpt --><\/p>\n    <div class=\"related-post grid\">\r\n                <div class=\"headline\">M\u00e1s art\u00edculos a tener en cuenta<\/div>\r\n        <div class=\"post-list \">\r\n\r\n                        <div class=\"item\">\r\n                        <div class=\"thumb post_thumb\">\r\n        <a  title=\"Baby Shower, mucho m\u00e1s que un evento social\" href=\"https:\/\/www.evento.love\/blog\/baby-shower-evento-social-madrid\/\">\r\n\r\n            <img width=\"150\" height=\"150\" src=\"https:\/\/www.evento.love\/blog\/wp-content\/uploads\/2016\/07\/babyshower-150x150.jpg\" class=\"attachment-thumbnail size-thumbnail wp-post-image\" alt=\"baby shower-fiesta-beb\u00e9-embarazo-embarazada\" decoding=\"async\" loading=\"lazy\" \/>\r\n\r\n        <\/a>\r\n    <\/div>\r\n\r\n    <a class=\"title post_title\"  title=\"Baby Shower, mucho m\u00e1s que un evento social\" href=\"https:\/\/www.evento.love\/blog\/baby-shower-evento-social-madrid\/\">\r\n                Baby Shower, mucho m\u00e1s que un evento social    <\/a>\r\n\r\n                <\/div>\r\n                            <div class=\"item\">\r\n                        <div class=\"thumb post_thumb\">\r\n        <a  title=\"12 consejos para un Baby Shower perfecto\" href=\"https:\/\/www.evento.love\/blog\/12-consejos-baby-shower-perfecto-madrid\/\">\r\n\r\n            <img width=\"150\" height=\"150\" src=\"https:\/\/www.evento.love\/blog\/wp-content\/uploads\/2016\/09\/16_05_20_12_consejos-para-que-tu-Baby-Shower-sea-perfecto-150x150.jpg\" class=\"attachment-thumbnail size-thumbnail wp-post-image\" alt=\"Baby Shower-perfecto-beb\u00e9-embarazado-embarazada-fiesta-babyshower\" decoding=\"async\" loading=\"lazy\" \/>\r\n\r\n        <\/a>\r\n    <\/div>\r\n\r\n    <a class=\"title post_title\"  title=\"12 consejos para un Baby Shower perfecto\" href=\"https:\/\/www.evento.love\/blog\/12-consejos-baby-shower-perfecto-madrid\/\">\r\n                12 consejos para un Baby Shower perfecto    <\/a>\r\n\r\n                <\/div>\r\n                            <div class=\"item\">\r\n                        <div class=\"thumb post_thumb\">\r\n        <a  title=\"Cu\u00e1ndo hacer el Baby Shower\" href=\"https:\/\/www.evento.love\/blog\/cuando-hacer-el-baby-shower-madrid\/\">\r\n\r\n            <img width=\"150\" height=\"150\" src=\"https:\/\/www.evento.love\/blog\/wp-content\/uploads\/2016\/09\/16_05_23_Cuando-hacer-el-Baby-Shower-150x150.jpg\" class=\"attachment-thumbnail size-thumbnail wp-post-image\" alt=\"Cu\u00e1ndo hacer el baby shower beb\u00e9 embarazo fiesta en Madrid\" decoding=\"async\" loading=\"lazy\" \/>\r\n\r\n        <\/a>\r\n    <\/div>\r\n\r\n    <a class=\"title post_title\"  title=\"Cu\u00e1ndo hacer el Baby Shower\" href=\"https:\/\/www.evento.love\/blog\/cuando-hacer-el-baby-shower-madrid\/\">\r\n                Cu\u00e1ndo hacer el Baby Shower    <\/a>\r\n\r\n                <\/div>\r\n                            <div class=\"item\">\r\n                        <div class=\"thumb post_thumb\">\r\n        <a  title=\"Baby Shower: Elaborando la lista de invitados\" href=\"https:\/\/www.evento.love\/blog\/baby-shower-lista-invitados-madrid\/\">\r\n\r\n            <img width=\"150\" height=\"150\" src=\"https:\/\/www.evento.love\/blog\/wp-content\/uploads\/2016\/09\/16_05_30_Baby-Shower-elaborando-la-lista-de-invitados-150x150.jpg\" class=\"attachment-thumbnail size-thumbnail wp-post-image\" alt=\"\" decoding=\"async\" loading=\"lazy\" \/>\r\n\r\n        <\/a>\r\n    <\/div>\r\n\r\n    <a class=\"title post_title\"  title=\"Baby Shower: Elaborando la lista de invitados\" href=\"https:\/\/www.evento.love\/blog\/baby-shower-lista-invitados-madrid\/\">\r\n                Baby Shower: Elaborando la lista de invitados    <\/a>\r\n\r\n                <\/div>\r\n            \r\n    <\/div>\r\n\r\n    <script>\r\n            <\/script>\r\n    <style>\r\n        .related-post {}\r\n\r\n        .related-post .post-list {\r\n            text-align: left;\r\n                    }\r\n\r\n        .related-post .post-list .item {\r\n            margin: 5px 10px;\r\n            padding: 0px;\r\n                    }\r\n\r\n        .related-post .headline {\r\n            font-size: 24px !important;\r\n            color: #000000 !important;\r\n                    }\r\n\r\n        .related-post .headline{\r\nfont-weight:400 !important;\r\ntext-transform: uppercase;\r\n}.related-post .post-list .item .post_thumb {\r\n            max-height: 180px;\r\n            margin: 10px 0px;\r\n            padding: 0px;\r\n            display: block;\r\n                    }\r\n\r\n        .related-post .post-list .item .post_title {\r\n            font-size: 12px;\r\n            color: #607d8b;\r\n            margin: 10px 0px;\r\n            padding: 0px;\r\n            display: block;\r\n            text-decoration: none;\r\n                    }\r\n\r\n        .related-post .post-list .item .post_excerpt {\r\n            font-size: 13px;\r\n            color: #3f3f3f;\r\n            margin: 10px 0px;\r\n            padding: 0px;\r\n            display: block;\r\n            text-decoration: none;\r\n                    }\r\n\r\n        @media only screen and (min-width: 1024px) {\r\n            .related-post .post-list .item {\r\n                width: 22%;\r\n            }\r\n        }\r\n\r\n        @media only screen and (min-width: 768px) and (max-width: 1023px) {\r\n            .related-post .post-list .item {\r\n                width: 90%;\r\n            }\r\n        }\r\n\r\n        @media only screen and (min-width: 0px) and (max-width: 767px) {\r\n            .related-post .post-list .item {\r\n                width: 30%;\r\n            }\r\n        }\r\n\r\n            <\/style>\r\n        <\/div>\r\n","protected":false},"author":1,"featured_media":4474,"comment_status":"closed","ping_status":"open","sticky":false,"template":"","format":"standard","meta":{"content-type":""},"categories":[57,391],"tags":[524,1104,1322,1320,1321,447,1319,188,316,969,446,422],"yoast_head":"<!-- This site is optimized with the Yoast SEO plugin v20.7 - https:\/\/yoast.com\/wordpress\/plugins\/seo\/ -->\n<title>El cumplea\u00f1os granjero de Nicol\u00e1s - El Blog de evento.love<\/title>\n<meta name=\"description\" content=\"Convertimos un jard\u00edn en una aut\u00e9ntica granja llena de animales para el segundo cumplea\u00f1os de Nicol\u00e1s, un divertido cumplea\u00f1os granjero.\" \/>\n<meta name=\"robots\" content=\"index, follow, max-snippet:-1, max-image-preview:large, max-video-preview:-1\" \/>\n<meta property=\"og:locale\" content=\"es_ES\" \/>\n<meta property=\"og:type\" content=\"article\" \/>\n<meta property=\"og:title\" content=\"El cumplea\u00f1os granjero de Nicol\u00e1s - El Blog de evento.love\" \/>\n<meta property=\"og:description\" content=\"Convertimos un jard\u00edn en una aut\u00e9ntica granja llena de animales para el segundo cumplea\u00f1os de Nicol\u00e1s, un divertido cumplea\u00f1os granjero.\" \/>\n<meta property=\"og:url\" content=\"https:\/\/www.evento.love\/blog\/el-cumpleanos-granjero-de-nicolas\/\" \/>\n<meta property=\"og:site_name\" content=\"El Blog de evento.love\" \/>\n<meta property=\"article:publisher\" content=\"https:\/\/www.facebook.com\/Evento.love\/\" \/>\n<meta property=\"article:published_time\" content=\"2019-05-13T07:00:12+00:00\" \/>\n<meta property=\"article:modified_time\" content=\"2019-07-18T22:17:43+00:00\" \/>\n<meta property=\"og:image\" content=\"https:\/\/www.evento.love\/blog\/wp-content\/uploads\/2019\/05\/cumpleanos-granjero-animales-evento.love-1.jpg\" \/>\n\t<meta property=\"og:image:width\" content=\"850\" \/>\n\t<meta property=\"og:image:height\" content=\"567\" \/>\n\t<meta property=\"og:image:type\" content=\"image\/jpeg\" \/>\n<meta name=\"author\" content=\"Evento Love\" \/>\n<meta name=\"twitter:card\" content=\"summary_large_image\" \/>\n<meta name=\"twitter:creator\" content=\"@Evento_love\" \/>\n<meta name=\"twitter:site\" content=\"@Evento_love\" \/>\n<meta name=\"twitter:label1\" content=\"Escrito por\" \/>\n\t<meta name=\"twitter:data1\" content=\"Evento Love\" \/>\n\t<meta name=\"twitter:label2\" content=\"Tiempo de lectura\" \/>\n\t<meta name=\"twitter:data2\" content=\"2 minutos\" \/>\n<!-- \/ Yoast SEO plugin. -->","yoast_head_json":{"title":"El cumplea\u00f1os granjero de Nicol\u00e1s - El Blog de evento.love","description":"Convertimos un jard\u00edn en una aut\u00e9ntica granja llena de animales para el segundo cumplea\u00f1os de Nicol\u00e1s, un divertido cumplea\u00f1os granjero.","robots":{"index":"index","follow":"follow","max-snippet":"max-snippet:-1","max-image-preview":"max-image-preview:large","max-video-preview":"max-video-preview:-1"},"og_locale":"es_ES","og_type":"article","og_title":"El cumplea\u00f1os granjero de Nicol\u00e1s - El Blog de evento.love","og_description":"Convertimos un jard\u00edn en una aut\u00e9ntica granja llena de animales para el segundo cumplea\u00f1os de Nicol\u00e1s, un divertido cumplea\u00f1os granjero.","og_url":"https:\/\/www.evento.love\/blog\/el-cumpleanos-granjero-de-nicolas\/","og_site_name":"El Blog de evento.love","article_publisher":"https:\/\/www.facebook.com\/Evento.love\/","article_published_time":"2019-05-13T07:00:12+00:00","article_modified_time":"2019-07-18T22:17:43+00:00","og_image":[{"width":850,"height":567,"url":"https:\/\/www.evento.love\/blog\/wp-content\/uploads\/2019\/05\/cumpleanos-granjero-animales-evento.love-1.jpg","type":"image\/jpeg"}],"author":"Evento Love","twitter_card":"summary_large_image","twitter_creator":"@Evento_love","twitter_site":"@Evento_love","twitter_misc":{"Escrito por":"Evento Love","Tiempo de lectura":"2 minutos"},"schema":{"@context":"https:\/\/schema.org","@graph":[{"@type":"Article","@id":"https:\/\/www.evento.love\/blog\/el-cumpleanos-granjero-de-nicolas\/#article","isPartOf":{"@id":"https:\/\/www.evento.love\/blog\/el-cumpleanos-granjero-de-nicolas\/"},"author":{"name":"Evento Love","@id":"https:\/\/www.evento.love\/blog\/#\/schema\/person\/a184c2ed424b7fb3006372ce8051542c"},"headline":"El cumplea\u00f1os granjero de Nicol\u00e1s","datePublished":"2019-05-13T07:00:12+00:00","dateModified":"2019-07-18T22:17:43+00:00","mainEntityOfPage":{"@id":"https:\/\/www.evento.love\/blog\/el-cumpleanos-granjero-de-nicolas\/"},"wordCount":453,"publisher":{"@id":"https:\/\/www.evento.love\/blog\/#organization"},"keywords":["catering","c\u00f3ctel","Cumplea\u00f1os al aire libre","cumplea\u00f1os de animales","cumplea\u00f1os en el jard\u00edn","cumplea\u00f1os en madrid","Cumplea\u00f1os granjero","cumplea\u00f1os infantil","decoracion","decoraci\u00f3n con globos","decoracion de cumplea\u00f1os","mesa dulce"],"articleSection":["Cumplea\u00f1os","Nuestros eventos"],"inLanguage":"es"},{"@type":"WebPage","@id":"https:\/\/www.evento.love\/blog\/el-cumpleanos-granjero-de-nicolas\/","url":"https:\/\/www.evento.love\/blog\/el-cumpleanos-granjero-de-nicolas\/","name":"El cumplea\u00f1os granjero de Nicol\u00e1s - El Blog de evento.love","isPartOf":{"@id":"https:\/\/www.evento.love\/blog\/#website"},"datePublished":"2019-05-13T07:00:12+00:00","dateModified":"2019-07-18T22:17:43+00:00","description":"Convertimos un jard\u00edn en una aut\u00e9ntica granja llena de animales para el segundo cumplea\u00f1os de Nicol\u00e1s, un divertido cumplea\u00f1os granjero.","breadcrumb":{"@id":"https:\/\/www.evento.love\/blog\/el-cumpleanos-granjero-de-nicolas\/#breadcrumb"},"inLanguage":"es","potentialAction":[{"@type":"ReadAction","target":["https:\/\/www.evento.love\/blog\/el-cumpleanos-granjero-de-nicolas\/"]}]},{"@type":"BreadcrumbList","@id":"https:\/\/www.evento.love\/blog\/el-cumpleanos-granjero-de-nicolas\/#breadcrumb","itemListElement":[{"@type":"ListItem","position":1,"name":"Evento.love","item":"https:\/\/www.evento.love\/blog\/"},{"@type":"ListItem","position":2,"name":"Cumplea\u00f1os","item":"https:\/\/www.evento.love\/blog\/category\/cumpleanos\/"},{"@type":"ListItem","position":3,"name":"El cumplea\u00f1os granjero de Nicol\u00e1s"}]},{"@type":"WebSite","@id":"https:\/\/www.evento.love\/blog\/#website","url":"https:\/\/www.evento.love\/blog\/","name":"El Blog de evento.love","description":"T\u00fa lo mereces. Disfruta de tu momento","publisher":{"@id":"https:\/\/www.evento.love\/blog\/#organization"},"potentialAction":[{"@type":"SearchAction","target":{"@type":"EntryPoint","urlTemplate":"https:\/\/www.evento.love\/blog\/?s={search_term_string}"},"query-input":"required name=search_term_string"}],"inLanguage":"es"},{"@type":"Organization","@id":"https:\/\/www.evento.love\/blog\/#organization","name":"evento.love","url":"https:\/\/www.evento.love\/blog\/","logo":{"@type":"ImageObject","inLanguage":"es","@id":"https:\/\/www.evento.love\/blog\/#\/schema\/logo\/image\/","url":"https:\/\/www.evento.love\/blog\/wp-content\/uploads\/2016\/07\/logo-evento-love.png","contentUrl":"https:\/\/www.evento.love\/blog\/wp-content\/uploads\/2016\/07\/logo-evento-love.png","width":197,"height":59,"caption":"evento.love"},"image":{"@id":"https:\/\/www.evento.love\/blog\/#\/schema\/logo\/image\/"},"sameAs":["https:\/\/www.facebook.com\/Evento.love\/","https:\/\/twitter.com\/Evento_love","https:\/\/www.instagram.com\/evento.love\/","https:\/\/es.pinterest.com\/evento_love\/","https:\/\/www.youtube.com\/channel\/UCcVbo6ymzx-7FlDJja8aQnw"]},{"@type":"Person","@id":"https:\/\/www.evento.love\/blog\/#\/schema\/person\/a184c2ed424b7fb3006372ce8051542c","name":"Evento Love"}]}},"_links":{"self":[{"href":"https:\/\/www.evento.love\/blog\/wp-json\/wp\/v2\/posts\/4470"}],"collection":[{"href":"https:\/\/www.evento.love\/blog\/wp-json\/wp\/v2\/posts"}],"about":[{"href":"https:\/\/www.evento.love\/blog\/wp-json\/wp\/v2\/types\/post"}],"author":[{"embeddable":true,"href":"https:\/\/www.evento.love\/blog\/wp-json\/wp\/v2\/users\/1"}],"replies":[{"embeddable":true,"href":"https:\/\/www.evento.love\/blog\/wp-json\/wp\/v2\/comments?post=4470"}],"version-history":[{"count":8,"href":"https:\/\/www.evento.love\/blog\/wp-json\/wp\/v2\/posts\/4470\/revisions"}],"predecessor-version":[{"id":4859,"href":"https:\/\/www.evento.love\/blog\/wp-json\/wp\/v2\/posts\/4470\/revisions\/4859"}],"wp:featuredmedia":[{"embeddable":true,"href":"https:\/\/www.evento.love\/blog\/wp-json\/wp\/v2\/media\/4474"}],"wp:attachment":[{"href":"https:\/\/www.evento.love\/blog\/wp-json\/wp\/v2\/media?parent=4470"}],"wp:term":[{"taxonomy":"category","embeddable":true,"href":"https:\/\/www.evento.love\/blog\/wp-json\/wp\/v2\/categories?post=4470"},{"taxonomy":"post_tag","embeddable":true,"href":"https:\/\/www.evento.love\/blog\/wp-json\/wp\/v2\/tags?post=4470"}],"curies":[{"name":"wp","href":"https:\/\/api.w.org\/{rel}","templated":true}]}}