{"id":4488,"date":"2019-05-16T09:00:17","date_gmt":"2019-05-16T07:00:17","guid":{"rendered":"https:\/\/www.evento.love\/blog\/?p=4488"},"modified":"2019-07-19T00:17:43","modified_gmt":"2019-07-18T22:17:43","slug":"frutas-en-tu-boda-la-ultima-tendencia","status":"publish","type":"post","link":"https:\/\/www.evento.love\/blog\/frutas-en-tu-boda-la-ultima-tendencia\/","title":{"rendered":"Frutas en tu boda&#8230;\u00a1la \u00faltima tendencia!"},"content":{"rendered":"<p>Ya est\u00e1 aqu\u00ed, ya lleg\u00f3&#8230;\u00a1la \u00e9poca de bodas, bautizos y comuniones! Aunque sean unos meses agotadores&#8230;lo cierto es que los esperamos con much\u00edsima ilusi\u00f3n.<!--more--><\/p>\n<p>Pero entre boda y boda, no dejamos de buscar inspiraci\u00f3n para seguir las \u00faltimas <a href=\"https:\/\/www.evento.love\/blog\/?s=tendencias+de+boda\" target=\"_blank\" rel=\"noopener noreferrer\">tendencias de boda<\/a> y aplicarlas en nuestras decoraciones, darles ideas a los novios y seguir dando rienda suelta a nuestra creatividad. Hoy os queremos hablar de una tendencia muy concreta que nos parece fresca, original y muy resultona: utilizar frutas como centros de mesa.<\/p>\n<p>Todos los elementos naturales suelen ser un punto a favor en las decoraciones ya que, especialmente si es <a href=\"https:\/\/www.evento.love\/blog\/5-aspectos-a-tener-en-cuenta-para-una-boda-al-aire-libre\/\" target=\"_blank\" rel=\"noopener noreferrer\">al aire libre<\/a>, hacen que la composici\u00f3n se funda con la naturaleza. Por eso desde el momento en el que vimos que se pon\u00eda de moda este tipo de decoraci\u00f3n, no nos extra\u00f1\u00f3 en absoluto, \u00a1es ideal!<\/p>\n<p>Si a\u00fan no tienes claro c\u00f3mo puedes colocar las piezas de fruta en tu boda, repasamos las opciones e ideas que m\u00e1s nos han gustado. \u00a1Empezamos!<\/p>\n<p>Las dos primeras opciones son de La Sastrer\u00eda de las Flores. Se trata de dos composiciones, una con manzanas y otra con naranjas m\u00e1s tropical. \u00a1No sabr\u00edamos elegir!<\/p>\n<p><img decoding=\"async\" loading=\"lazy\" class=\"aligncenter wp-image-4490\" src=\"https:\/\/www.evento.love\/blog\/wp-content\/uploads\/2019\/05\/frutas-centros-mesa-boda.jpg\" alt=\"Tendencias de boda\" width=\"635\" height=\"656\" \/><\/p>\n<p><img decoding=\"async\" loading=\"lazy\" class=\"aligncenter wp-image-4489\" src=\"https:\/\/www.evento.love\/blog\/wp-content\/uploads\/2019\/05\/frutas-centros-mesa-boda-1.jpg\" alt=\"Tendencias de boda\" width=\"627\" height=\"701\" \/><\/p>\n<p>El color de las granadas es precioso, por eso son una de las mejores opciones a la hora de componer un centro en tonos rojos y rosas. Este de Savia Bruta nos chifla:<\/p>\n<figure id=\"attachment_4491\" aria-describedby=\"caption-attachment-4491\" style=\"width: 611px\" class=\"wp-caption aligncenter\"><img decoding=\"async\" loading=\"lazy\" class=\"wp-image-4491 \" src=\"https:\/\/www.evento.love\/blog\/wp-content\/uploads\/2019\/05\/frutas-centros-mesa-boda-2.jpg\" alt=\"Tendencias de boda\" width=\"611\" height=\"921\" srcset=\"https:\/\/www.evento.love\/blog\/wp-content\/uploads\/2019\/05\/frutas-centros-mesa-boda-2.jpg 850w, https:\/\/www.evento.love\/blog\/wp-content\/uploads\/2019\/05\/frutas-centros-mesa-boda-2-199x300.jpg 199w, https:\/\/www.evento.love\/blog\/wp-content\/uploads\/2019\/05\/frutas-centros-mesa-boda-2-768x1157.jpg 768w, https:\/\/www.evento.love\/blog\/wp-content\/uploads\/2019\/05\/frutas-centros-mesa-boda-2-679x1024.jpg 679w, https:\/\/www.evento.love\/blog\/wp-content\/uploads\/2019\/05\/frutas-centros-mesa-boda-2-179x270.jpg 179w\" sizes=\"(max-width: 611px) 100vw, 611px\" \/><figcaption id=\"caption-attachment-4491\" class=\"wp-caption-text\">Fotograf\u00eda: Pablo B\u00e9glez<\/figcaption><\/figure>\n<p>Una opci\u00f3n m\u00e1s oto\u00f1al, la que propone Casa de Perrin con mini calabazas:<\/p>\n<p><img decoding=\"async\" loading=\"lazy\" class=\"aligncenter wp-image-4492\" src=\"https:\/\/www.evento.love\/blog\/wp-content\/uploads\/2019\/05\/frutas-centros-mesa-boda-4.jpg\" alt=\"Tendencias de boda\" width=\"619\" height=\"778\" srcset=\"https:\/\/www.evento.love\/blog\/wp-content\/uploads\/2019\/05\/frutas-centros-mesa-boda-4.jpg 850w, https:\/\/www.evento.love\/blog\/wp-content\/uploads\/2019\/05\/frutas-centros-mesa-boda-4-239x300.jpg 239w, https:\/\/www.evento.love\/blog\/wp-content\/uploads\/2019\/05\/frutas-centros-mesa-boda-4-768x965.jpg 768w, https:\/\/www.evento.love\/blog\/wp-content\/uploads\/2019\/05\/frutas-centros-mesa-boda-4-815x1024.jpg 815w, https:\/\/www.evento.love\/blog\/wp-content\/uploads\/2019\/05\/frutas-centros-mesa-boda-4-215x270.jpg 215w\" sizes=\"(max-width: 619px) 100vw, 619px\" \/><\/p>\n<p>\u00bfY qu\u00e9 me dec\u00eds de las uvas? Son elegantes y en racimos grandes tiene una ca\u00edda espectacular.<\/p>\n<figure id=\"attachment_4493\" aria-describedby=\"caption-attachment-4493\" style=\"width: 700px\" class=\"wp-caption aligncenter\"><img decoding=\"async\" loading=\"lazy\" class=\"size-full wp-image-4493\" src=\"https:\/\/www.evento.love\/blog\/wp-content\/uploads\/2019\/05\/frutas-centro-mesa-boda-5.jpg\" alt=\"Tendencias de boda\" width=\"700\" height=\"956\" srcset=\"https:\/\/www.evento.love\/blog\/wp-content\/uploads\/2019\/05\/frutas-centro-mesa-boda-5.jpg 700w, https:\/\/www.evento.love\/blog\/wp-content\/uploads\/2019\/05\/frutas-centro-mesa-boda-5-220x300.jpg 220w, https:\/\/www.evento.love\/blog\/wp-content\/uploads\/2019\/05\/frutas-centro-mesa-boda-5-198x270.jpg 198w\" sizes=\"(max-width: 700px) 100vw, 700px\" \/><figcaption id=\"caption-attachment-4493\" class=\"wp-caption-text\">Fotograf\u00eda: Sylvie Gil \/ Dise\u00f1o floral: Laetitia C. Fleurs D\u2019atelier \/ Visto en Oncewed<\/figcaption><\/figure>\n<p>&nbsp;<\/p>\n<figure id=\"attachment_4494\" aria-describedby=\"caption-attachment-4494\" style=\"width: 691px\" class=\"wp-caption aligncenter\"><img decoding=\"async\" loading=\"lazy\" class=\" wp-image-4494\" src=\"https:\/\/www.evento.love\/blog\/wp-content\/uploads\/2019\/05\/frutas-centros-mesas-boda-6.jpg\" alt=\"Tendencias de boda\" width=\"691\" height=\"460\" srcset=\"https:\/\/www.evento.love\/blog\/wp-content\/uploads\/2019\/05\/frutas-centros-mesas-boda-6.jpg 548w, https:\/\/www.evento.love\/blog\/wp-content\/uploads\/2019\/05\/frutas-centros-mesas-boda-6-300x200.jpg 300w, https:\/\/www.evento.love\/blog\/wp-content\/uploads\/2019\/05\/frutas-centros-mesas-boda-6-405x270.jpg 405w\" sizes=\"(max-width: 691px) 100vw, 691px\" \/><figcaption id=\"caption-attachment-4494\" class=\"wp-caption-text\">Fotograf\u00eda: Karla Korn \/ Flores: Botanical Bliss \/ Visto en weddingchicks.com<\/figcaption><\/figure>\n<p>La fruta cortada tambi\u00e9n queda genial, y puede decorar jarrones tan bonitos como estos:<\/p>\n<figure id=\"attachment_4497\" aria-describedby=\"caption-attachment-4497\" style=\"width: 564px\" class=\"wp-caption aligncenter\"><img decoding=\"async\" loading=\"lazy\" class=\"size-full wp-image-4497\" src=\"https:\/\/www.evento.love\/blog\/wp-content\/uploads\/2019\/05\/frutas-centro-mesa-bodas-7.jpg\" alt=\"Tendencias de boda\" width=\"564\" height=\"845\" srcset=\"https:\/\/www.evento.love\/blog\/wp-content\/uploads\/2019\/05\/frutas-centro-mesa-bodas-7.jpg 564w, https:\/\/www.evento.love\/blog\/wp-content\/uploads\/2019\/05\/frutas-centro-mesa-bodas-7-200x300.jpg 200w, https:\/\/www.evento.love\/blog\/wp-content\/uploads\/2019\/05\/frutas-centro-mesa-bodas-7-180x270.jpg 180w\" sizes=\"(max-width: 564px) 100vw, 564px\" \/><figcaption id=\"caption-attachment-4497\" class=\"wp-caption-text\">Visto en Country Living<\/figcaption><\/figure>\n<p>&nbsp;<\/p>\n<figure id=\"attachment_4496\" aria-describedby=\"caption-attachment-4496\" style=\"width: 563px\" class=\"wp-caption aligncenter\"><img decoding=\"async\" loading=\"lazy\" class=\" wp-image-4496\" src=\"https:\/\/www.evento.love\/blog\/wp-content\/uploads\/2019\/05\/frutas-centro-mesa-bodas-9.jpg\" alt=\"Tendencias de boda\" width=\"563\" height=\"844\" srcset=\"https:\/\/www.evento.love\/blog\/wp-content\/uploads\/2019\/05\/frutas-centro-mesa-bodas-9.jpg 850w, https:\/\/www.evento.love\/blog\/wp-content\/uploads\/2019\/05\/frutas-centro-mesa-bodas-9-200x300.jpg 200w, https:\/\/www.evento.love\/blog\/wp-content\/uploads\/2019\/05\/frutas-centro-mesa-bodas-9-768x1152.jpg 768w, https:\/\/www.evento.love\/blog\/wp-content\/uploads\/2019\/05\/frutas-centro-mesa-bodas-9-683x1024.jpg 683w, https:\/\/www.evento.love\/blog\/wp-content\/uploads\/2019\/05\/frutas-centro-mesa-bodas-9-180x270.jpg 180w\" sizes=\"(max-width: 563px) 100vw, 563px\" \/><figcaption id=\"caption-attachment-4496\" class=\"wp-caption-text\">Pinterest<\/figcaption><\/figure>\n<p>&nbsp;<\/p>\n<figure id=\"attachment_4499\" aria-describedby=\"caption-attachment-4499\" style=\"width: 560px\" class=\"wp-caption aligncenter\"><img decoding=\"async\" loading=\"lazy\" class=\" wp-image-4499\" src=\"https:\/\/www.evento.love\/blog\/wp-content\/uploads\/2019\/05\/frutas-centros-mesa-boda-8.jpg\" alt=\"Tendencias de bodas\" width=\"560\" height=\"840\" srcset=\"https:\/\/www.evento.love\/blog\/wp-content\/uploads\/2019\/05\/frutas-centros-mesa-boda-8.jpg 540w, https:\/\/www.evento.love\/blog\/wp-content\/uploads\/2019\/05\/frutas-centros-mesa-boda-8-200x300.jpg 200w, https:\/\/www.evento.love\/blog\/wp-content\/uploads\/2019\/05\/frutas-centros-mesa-boda-8-180x270.jpg 180w\" sizes=\"(max-width: 560px) 100vw, 560px\" \/><figcaption id=\"caption-attachment-4499\" class=\"wp-caption-text\">Visto en Knotsvilla<\/figcaption><\/figure>\n<p>&#8211;<\/p>\n<p>\u00bfQuieres saber m\u00e1s sobre tendencias de boda y que te ayudemos a organizar el d\u00eda m\u00e1s especial de tu boda? Escr\u00edbenos a <a href=\"mailto:hola@evento.love\" target=\"_blank\" rel=\"noopener noreferrer\">hola@evento.love<\/a> y no te pierdas nada siguiendo nuestro <a href=\"https:\/\/www.evento.love\/blog\/\" target=\"_blank\" rel=\"noopener noreferrer\">blog<\/a> y <a href=\"https:\/\/www.instagram.com\/evento.love\/\" target=\"_blank\" rel=\"noopener noreferrer\">redes sociales.<\/a> \u00a1Te esperamos!<\/p>\n    <div class=\"related-post grid\">\r\n                <div class=\"headline\">M\u00e1s art\u00edculos a tener en cuenta<\/div>\r\n        <div class=\"post-list \">\r\n\r\n                        <div class=\"item\">\r\n                        <div class=\"thumb post_thumb\">\r\n        <a  title=\"C\u00f3mo elegir tem\u00e1tica y decoraci\u00f3n de tu baby shower\" href=\"https:\/\/www.evento.love\/blog\/elegir-tematica-decoracion-baby-shower-madrid\/\">\r\n\r\n            <img width=\"150\" height=\"150\" src=\"https:\/\/www.evento.love\/blog\/wp-content\/uploads\/2016\/09\/16_06_22_Tematica-y-decoraci\u00f3n-en-un-baby-shower-150x150.jpg\" class=\"attachment-thumbnail size-thumbnail wp-post-image\" alt=\"\" decoding=\"async\" loading=\"lazy\" \/>\r\n\r\n        <\/a>\r\n    <\/div>\r\n\r\n    <a class=\"title post_title\"  title=\"C\u00f3mo elegir tem\u00e1tica y decoraci\u00f3n de tu baby shower\" href=\"https:\/\/www.evento.love\/blog\/elegir-tematica-decoracion-baby-shower-madrid\/\">\r\n                C\u00f3mo elegir tem\u00e1tica y decoraci\u00f3n de tu baby shower    <\/a>\r\n\r\n                <\/div>\r\n                            <div class=\"item\">\r\n                        <div class=\"thumb post_thumb\">\r\n        <a  title=\"Juegos y actividades en tu baby shower\" href=\"https:\/\/www.evento.love\/blog\/juegos-actividades-baby-shower-madrid\/\">\r\n\r\n            <img width=\"150\" height=\"150\" src=\"https:\/\/www.evento.love\/blog\/wp-content\/uploads\/2016\/09\/16_06_28_Juegos-y-actividades-en-tu-baby-shower-150x150.jpg\" class=\"attachment-thumbnail size-thumbnail wp-post-image\" alt=\"\" decoding=\"async\" loading=\"lazy\" \/>\r\n\r\n        <\/a>\r\n    <\/div>\r\n\r\n    <a class=\"title post_title\"  title=\"Juegos y actividades en tu baby shower\" href=\"https:\/\/www.evento.love\/blog\/juegos-actividades-baby-shower-madrid\/\">\r\n                Juegos y actividades en tu baby shower    <\/a>\r\n\r\n                <\/div>\r\n                            <div class=\"item\">\r\n                        <div class=\"thumb post_thumb\">\r\n        <a  title=\"C\u00f3mo inmortalizar tu baby shower\" href=\"https:\/\/www.evento.love\/blog\/inmortalizar-baby-shower-madrid\/\">\r\n\r\n            <img width=\"150\" height=\"150\" src=\"https:\/\/www.evento.love\/blog\/wp-content\/uploads\/2016\/09\/16_06_30_C\u00f3mo-inmortalizar-tu-baby-shower-150x150.jpg\" class=\"attachment-thumbnail size-thumbnail wp-post-image\" alt=\"\" decoding=\"async\" loading=\"lazy\" \/>\r\n\r\n        <\/a>\r\n    <\/div>\r\n\r\n    <a class=\"title post_title\"  title=\"C\u00f3mo inmortalizar tu baby shower\" href=\"https:\/\/www.evento.love\/blog\/inmortalizar-baby-shower-madrid\/\">\r\n                C\u00f3mo inmortalizar tu baby shower    <\/a>\r\n\r\n                <\/div>\r\n                            <div class=\"item\">\r\n                        <div class=\"thumb post_thumb\">\r\n        <a  title=\"Juegos en el baby shower\" href=\"https:\/\/www.evento.love\/blog\/juegos-baby-shower-madrid\/\">\r\n\r\n            <img width=\"150\" height=\"150\" src=\"https:\/\/www.evento.love\/blog\/wp-content\/uploads\/2016\/09\/16_07_22_Juegos-para-el-baby-shower-150x150.jpg\" class=\"attachment-thumbnail size-thumbnail wp-post-image\" alt=\"\" decoding=\"async\" loading=\"lazy\" \/>\r\n\r\n        <\/a>\r\n    <\/div>\r\n\r\n    <a class=\"title post_title\"  title=\"Juegos en el baby shower\" href=\"https:\/\/www.evento.love\/blog\/juegos-baby-shower-madrid\/\">\r\n                Juegos en el baby shower    <\/a>\r\n\r\n                <\/div>\r\n            \r\n    <\/div>\r\n\r\n    <script>\r\n            <\/script>\r\n    <style>\r\n        .related-post {}\r\n\r\n        .related-post .post-list {\r\n            text-align: left;\r\n                    }\r\n\r\n        .related-post .post-list .item {\r\n            margin: 5px 10px;\r\n            padding: 0px;\r\n                    }\r\n\r\n        .related-post .headline {\r\n            font-size: 24px !important;\r\n            color: #000000 !important;\r\n                    }\r\n\r\n        .related-post .headline{\r\nfont-weight:400 !important;\r\ntext-transform: uppercase;\r\n}.related-post .post-list .item .post_thumb {\r\n            max-height: 180px;\r\n            margin: 10px 0px;\r\n            padding: 0px;\r\n            display: block;\r\n                    }\r\n\r\n        .related-post .post-list .item .post_title {\r\n            font-size: 12px;\r\n            color: #607d8b;\r\n            margin: 10px 0px;\r\n            padding: 0px;\r\n            display: block;\r\n            text-decoration: none;\r\n                    }\r\n\r\n        .related-post .post-list .item .post_excerpt {\r\n            font-size: 13px;\r\n            color: #3f3f3f;\r\n            margin: 10px 0px;\r\n            padding: 0px;\r\n            display: block;\r\n            text-decoration: none;\r\n                    }\r\n\r\n        @media only screen and (min-width: 1024px) {\r\n            .related-post .post-list .item {\r\n                width: 22%;\r\n            }\r\n        }\r\n\r\n        @media only screen and (min-width: 768px) and (max-width: 1023px) {\r\n            .related-post .post-list .item {\r\n                width: 90%;\r\n            }\r\n        }\r\n\r\n        @media only screen and (min-width: 0px) and (max-width: 767px) {\r\n            .related-post .post-list .item {\r\n                width: 30%;\r\n            }\r\n        }\r\n\r\n            <\/style>\r\n        <\/div>\r\n<!-- AddThis Advanced Settings generic via filter on the_content --><!-- AddThis Share Buttons generic via filter on the_content -->","protected":false},"excerpt":{"rendered":"<p>Ya est\u00e1 aqu\u00ed, ya lleg\u00f3&#8230;\u00a1la \u00e9poca de bodas, bautizos y comuniones! Aunque sean unos meses agotadores&#8230;lo cierto es que los esperamos con much\u00edsima ilusi\u00f3n. M\u00e1s art\u00edculos a tener en cuenta Baby Shower, mucho m\u00e1s que un evento social 12 consejos para un Baby Shower perfecto Cu\u00e1ndo hacer el Baby Shower Baby Shower: Elaborando la lista de invitados<!-- AddThis Advanced Settings generic via filter on get_the_excerpt --><!-- AddThis Share Buttons generic via filter on get_the_excerpt --><\/p>\n    <div class=\"related-post grid\">\r\n                <div class=\"headline\">M\u00e1s art\u00edculos a tener en cuenta<\/div>\r\n        <div class=\"post-list \">\r\n\r\n                        <div class=\"item\">\r\n                        <div class=\"thumb post_thumb\">\r\n        <a  title=\"Baby Shower, mucho m\u00e1s que un evento social\" href=\"https:\/\/www.evento.love\/blog\/baby-shower-evento-social-madrid\/\">\r\n\r\n            <img width=\"150\" height=\"150\" src=\"https:\/\/www.evento.love\/blog\/wp-content\/uploads\/2016\/07\/babyshower-150x150.jpg\" class=\"attachment-thumbnail size-thumbnail wp-post-image\" alt=\"baby shower-fiesta-beb\u00e9-embarazo-embarazada\" decoding=\"async\" loading=\"lazy\" \/>\r\n\r\n        <\/a>\r\n    <\/div>\r\n\r\n    <a class=\"title post_title\"  title=\"Baby Shower, mucho m\u00e1s que un evento social\" href=\"https:\/\/www.evento.love\/blog\/baby-shower-evento-social-madrid\/\">\r\n                Baby Shower, mucho m\u00e1s que un evento social    <\/a>\r\n\r\n                <\/div>\r\n                            <div class=\"item\">\r\n                        <div class=\"thumb post_thumb\">\r\n        <a  title=\"12 consejos para un Baby Shower perfecto\" href=\"https:\/\/www.evento.love\/blog\/12-consejos-baby-shower-perfecto-madrid\/\">\r\n\r\n            <img width=\"150\" height=\"150\" src=\"https:\/\/www.evento.love\/blog\/wp-content\/uploads\/2016\/09\/16_05_20_12_consejos-para-que-tu-Baby-Shower-sea-perfecto-150x150.jpg\" class=\"attachment-thumbnail size-thumbnail wp-post-image\" alt=\"Baby Shower-perfecto-beb\u00e9-embarazado-embarazada-fiesta-babyshower\" decoding=\"async\" loading=\"lazy\" \/>\r\n\r\n        <\/a>\r\n    <\/div>\r\n\r\n    <a class=\"title post_title\"  title=\"12 consejos para un Baby Shower perfecto\" href=\"https:\/\/www.evento.love\/blog\/12-consejos-baby-shower-perfecto-madrid\/\">\r\n                12 consejos para un Baby Shower perfecto    <\/a>\r\n\r\n                <\/div>\r\n                            <div class=\"item\">\r\n                        <div class=\"thumb post_thumb\">\r\n        <a  title=\"Cu\u00e1ndo hacer el Baby Shower\" href=\"https:\/\/www.evento.love\/blog\/cuando-hacer-el-baby-shower-madrid\/\">\r\n\r\n            <img width=\"150\" height=\"150\" src=\"https:\/\/www.evento.love\/blog\/wp-content\/uploads\/2016\/09\/16_05_23_Cuando-hacer-el-Baby-Shower-150x150.jpg\" class=\"attachment-thumbnail size-thumbnail wp-post-image\" alt=\"Cu\u00e1ndo hacer el baby shower beb\u00e9 embarazo fiesta en Madrid\" decoding=\"async\" loading=\"lazy\" \/>\r\n\r\n        <\/a>\r\n    <\/div>\r\n\r\n    <a class=\"title post_title\"  title=\"Cu\u00e1ndo hacer el Baby Shower\" href=\"https:\/\/www.evento.love\/blog\/cuando-hacer-el-baby-shower-madrid\/\">\r\n                Cu\u00e1ndo hacer el Baby Shower    <\/a>\r\n\r\n                <\/div>\r\n                            <div class=\"item\">\r\n                        <div class=\"thumb post_thumb\">\r\n        <a  title=\"\u00bfQui\u00e9n debe organizar el Baby Shower?\" href=\"https:\/\/www.evento.love\/blog\/quien-organizar-baby-shower-madrid\/\">\r\n\r\n            <img width=\"150\" height=\"150\" src=\"https:\/\/www.evento.love\/blog\/wp-content\/uploads\/2016\/09\/16_05_29_Qui\u00e9n-organiza-el-Baby-Shower-150x150.jpg\" class=\"attachment-thumbnail size-thumbnail wp-post-image\" alt=\"Organizaci\u00f3n Baby Shower Madrid fiesta beb\u00e9 embarazada\" decoding=\"async\" loading=\"lazy\" \/>\r\n\r\n        <\/a>\r\n    <\/div>\r\n\r\n    <a class=\"title post_title\"  title=\"\u00bfQui\u00e9n debe organizar el Baby Shower?\" href=\"https:\/\/www.evento.love\/blog\/quien-organizar-baby-shower-madrid\/\">\r\n                \u00bfQui\u00e9n debe organizar el Baby Shower?    <\/a>\r\n\r\n                <\/div>\r\n            \r\n    <\/div>\r\n\r\n    <script>\r\n            <\/script>\r\n    <style>\r\n        .related-post {}\r\n\r\n        .related-post .post-list {\r\n            text-align: left;\r\n                    }\r\n\r\n        .related-post .post-list .item {\r\n            margin: 5px 10px;\r\n            padding: 0px;\r\n                    }\r\n\r\n        .related-post .headline {\r\n            font-size: 24px !important;\r\n            color: #000000 !important;\r\n                    }\r\n\r\n        .related-post .headline{\r\nfont-weight:400 !important;\r\ntext-transform: uppercase;\r\n}.related-post .post-list .item .post_thumb {\r\n            max-height: 180px;\r\n            margin: 10px 0px;\r\n            padding: 0px;\r\n            display: block;\r\n                    }\r\n\r\n        .related-post .post-list .item .post_title {\r\n            font-size: 12px;\r\n            color: #607d8b;\r\n            margin: 10px 0px;\r\n            padding: 0px;\r\n            display: block;\r\n            text-decoration: none;\r\n                    }\r\n\r\n        .related-post .post-list .item .post_excerpt {\r\n            font-size: 13px;\r\n            color: #3f3f3f;\r\n            margin: 10px 0px;\r\n            padding: 0px;\r\n            display: block;\r\n            text-decoration: none;\r\n                    }\r\n\r\n        @media only screen and (min-width: 1024px) {\r\n            .related-post .post-list .item {\r\n                width: 22%;\r\n            }\r\n        }\r\n\r\n        @media only screen and (min-width: 768px) and (max-width: 1023px) {\r\n            .related-post .post-list .item {\r\n                width: 90%;\r\n            }\r\n        }\r\n\r\n        @media only screen and (min-width: 0px) and (max-width: 767px) {\r\n            .related-post .post-list .item {\r\n                width: 30%;\r\n            }\r\n        }\r\n\r\n            <\/style>\r\n        <\/div>\r\n","protected":false},"author":1,"featured_media":4491,"comment_status":"closed","ping_status":"open","sticky":false,"template":"","format":"standard","meta":{"content-type":""},"categories":[756],"tags":[1325,375,987,1271,1323,316,1324,889,1020,888],"yoast_head":"<!-- This site is optimized with the Yoast SEO plugin v20.7 - https:\/\/yoast.com\/wordpress\/plugins\/seo\/ -->\n<title>Frutas en tu boda...\u00a1la \u00faltima tendencia! - El Blog de evento.love<\/title>\n<meta name=\"description\" content=\"Tendencias de boda 2019: repasamos las mejores ideas de centros de mesa decorados con frutas para darle un toque tropical al espacio del banquete.\" \/>\n<meta name=\"robots\" content=\"index, follow, max-snippet:-1, max-image-preview:large, max-video-preview:-1\" \/>\n<meta property=\"og:locale\" content=\"es_ES\" \/>\n<meta property=\"og:type\" content=\"article\" \/>\n<meta property=\"og:title\" content=\"Frutas en tu boda...\u00a1la \u00faltima tendencia! - El Blog de evento.love\" \/>\n<meta property=\"og:description\" content=\"Tendencias de boda 2019: repasamos las mejores ideas de centros de mesa decorados con frutas para darle un toque tropical al espacio del banquete.\" \/>\n<meta property=\"og:url\" content=\"https:\/\/www.evento.love\/blog\/frutas-en-tu-boda-la-ultima-tendencia\/\" \/>\n<meta property=\"og:site_name\" content=\"El Blog de evento.love\" \/>\n<meta property=\"article:publisher\" content=\"https:\/\/www.facebook.com\/Evento.love\/\" \/>\n<meta property=\"article:published_time\" content=\"2019-05-16T07:00:17+00:00\" \/>\n<meta property=\"article:modified_time\" content=\"2019-07-18T22:17:43+00:00\" \/>\n<meta property=\"og:image\" content=\"https:\/\/www.evento.love\/blog\/wp-content\/uploads\/2019\/05\/frutas-centros-mesa-boda-2.jpg\" \/>\n\t<meta property=\"og:image:width\" content=\"850\" \/>\n\t<meta property=\"og:image:height\" content=\"1281\" \/>\n\t<meta property=\"og:image:type\" content=\"image\/jpeg\" \/>\n<meta name=\"author\" content=\"Evento Love\" \/>\n<meta name=\"twitter:card\" content=\"summary_large_image\" \/>\n<meta name=\"twitter:creator\" content=\"@Evento_love\" \/>\n<meta name=\"twitter:site\" content=\"@Evento_love\" \/>\n<meta name=\"twitter:label1\" content=\"Escrito por\" \/>\n\t<meta name=\"twitter:data1\" content=\"Evento Love\" \/>\n\t<meta name=\"twitter:label2\" content=\"Tiempo de lectura\" \/>\n\t<meta name=\"twitter:data2\" content=\"2 minutos\" \/>\n<!-- \/ Yoast SEO plugin. -->","yoast_head_json":{"title":"Frutas en tu boda...\u00a1la \u00faltima tendencia! - El Blog de evento.love","description":"Tendencias de boda 2019: repasamos las mejores ideas de centros de mesa decorados con frutas para darle un toque tropical al espacio del banquete.","robots":{"index":"index","follow":"follow","max-snippet":"max-snippet:-1","max-image-preview":"max-image-preview:large","max-video-preview":"max-video-preview:-1"},"og_locale":"es_ES","og_type":"article","og_title":"Frutas en tu boda...\u00a1la \u00faltima tendencia! - El Blog de evento.love","og_description":"Tendencias de boda 2019: repasamos las mejores ideas de centros de mesa decorados con frutas para darle un toque tropical al espacio del banquete.","og_url":"https:\/\/www.evento.love\/blog\/frutas-en-tu-boda-la-ultima-tendencia\/","og_site_name":"El Blog de evento.love","article_publisher":"https:\/\/www.facebook.com\/Evento.love\/","article_published_time":"2019-05-16T07:00:17+00:00","article_modified_time":"2019-07-18T22:17:43+00:00","og_image":[{"width":850,"height":1281,"url":"https:\/\/www.evento.love\/blog\/wp-content\/uploads\/2019\/05\/frutas-centros-mesa-boda-2.jpg","type":"image\/jpeg"}],"author":"Evento Love","twitter_card":"summary_large_image","twitter_creator":"@Evento_love","twitter_site":"@Evento_love","twitter_misc":{"Escrito por":"Evento Love","Tiempo de lectura":"2 minutos"},"schema":{"@context":"https:\/\/schema.org","@graph":[{"@type":"Article","@id":"https:\/\/www.evento.love\/blog\/frutas-en-tu-boda-la-ultima-tendencia\/#article","isPartOf":{"@id":"https:\/\/www.evento.love\/blog\/frutas-en-tu-boda-la-ultima-tendencia\/"},"author":{"name":"Evento Love","@id":"https:\/\/www.evento.love\/blog\/#\/schema\/person\/a184c2ed424b7fb3006372ce8051542c"},"headline":"Frutas en tu boda&#8230;\u00a1la \u00faltima tendencia!","datePublished":"2019-05-16T07:00:17+00:00","dateModified":"2019-07-18T22:17:43+00:00","mainEntityOfPage":{"@id":"https:\/\/www.evento.love\/blog\/frutas-en-tu-boda-la-ultima-tendencia\/"},"wordCount":422,"publisher":{"@id":"https:\/\/www.evento.love\/blog\/#organization"},"keywords":["banquetes de boda","boda","bodas 2019","centros de mesa","centros de mesa con frutas","decoracion","decoraci\u00f3n con frutas","organizaci\u00f3n de bodas","tendencias de boda","wedding planner"],"articleSection":["Bodas"],"inLanguage":"es"},{"@type":"WebPage","@id":"https:\/\/www.evento.love\/blog\/frutas-en-tu-boda-la-ultima-tendencia\/","url":"https:\/\/www.evento.love\/blog\/frutas-en-tu-boda-la-ultima-tendencia\/","name":"Frutas en tu boda...\u00a1la \u00faltima tendencia! - El Blog de evento.love","isPartOf":{"@id":"https:\/\/www.evento.love\/blog\/#website"},"datePublished":"2019-05-16T07:00:17+00:00","dateModified":"2019-07-18T22:17:43+00:00","description":"Tendencias de boda 2019: repasamos las mejores ideas de centros de mesa decorados con frutas para darle un toque tropical al espacio del banquete.","breadcrumb":{"@id":"https:\/\/www.evento.love\/blog\/frutas-en-tu-boda-la-ultima-tendencia\/#breadcrumb"},"inLanguage":"es","potentialAction":[{"@type":"ReadAction","target":["https:\/\/www.evento.love\/blog\/frutas-en-tu-boda-la-ultima-tendencia\/"]}]},{"@type":"BreadcrumbList","@id":"https:\/\/www.evento.love\/blog\/frutas-en-tu-boda-la-ultima-tendencia\/#breadcrumb","itemListElement":[{"@type":"ListItem","position":1,"name":"Evento.love","item":"https:\/\/www.evento.love\/blog\/"},{"@type":"ListItem","position":2,"name":"Bodas","item":"https:\/\/www.evento.love\/blog\/category\/bodas\/"},{"@type":"ListItem","position":3,"name":"Frutas en tu boda&#8230;\u00a1la \u00faltima tendencia!"}]},{"@type":"WebSite","@id":"https:\/\/www.evento.love\/blog\/#website","url":"https:\/\/www.evento.love\/blog\/","name":"El Blog de evento.love","description":"T\u00fa lo mereces. Disfruta de tu momento","publisher":{"@id":"https:\/\/www.evento.love\/blog\/#organization"},"potentialAction":[{"@type":"SearchAction","target":{"@type":"EntryPoint","urlTemplate":"https:\/\/www.evento.love\/blog\/?s={search_term_string}"},"query-input":"required name=search_term_string"}],"inLanguage":"es"},{"@type":"Organization","@id":"https:\/\/www.evento.love\/blog\/#organization","name":"evento.love","url":"https:\/\/www.evento.love\/blog\/","logo":{"@type":"ImageObject","inLanguage":"es","@id":"https:\/\/www.evento.love\/blog\/#\/schema\/logo\/image\/","url":"https:\/\/www.evento.love\/blog\/wp-content\/uploads\/2016\/07\/logo-evento-love.png","contentUrl":"https:\/\/www.evento.love\/blog\/wp-content\/uploads\/2016\/07\/logo-evento-love.png","width":197,"height":59,"caption":"evento.love"},"image":{"@id":"https:\/\/www.evento.love\/blog\/#\/schema\/logo\/image\/"},"sameAs":["https:\/\/www.facebook.com\/Evento.love\/","https:\/\/twitter.com\/Evento_love","https:\/\/www.instagram.com\/evento.love\/","https:\/\/es.pinterest.com\/evento_love\/","https:\/\/www.youtube.com\/channel\/UCcVbo6ymzx-7FlDJja8aQnw"]},{"@type":"Person","@id":"https:\/\/www.evento.love\/blog\/#\/schema\/person\/a184c2ed424b7fb3006372ce8051542c","name":"Evento Love"}]}},"_links":{"self":[{"href":"https:\/\/www.evento.love\/blog\/wp-json\/wp\/v2\/posts\/4488"}],"collection":[{"href":"https:\/\/www.evento.love\/blog\/wp-json\/wp\/v2\/posts"}],"about":[{"href":"https:\/\/www.evento.love\/blog\/wp-json\/wp\/v2\/types\/post"}],"author":[{"embeddable":true,"href":"https:\/\/www.evento.love\/blog\/wp-json\/wp\/v2\/users\/1"}],"replies":[{"embeddable":true,"href":"https:\/\/www.evento.love\/blog\/wp-json\/wp\/v2\/comments?post=4488"}],"version-history":[{"count":5,"href":"https:\/\/www.evento.love\/blog\/wp-json\/wp\/v2\/posts\/4488\/revisions"}],"predecessor-version":[{"id":4858,"href":"https:\/\/www.evento.love\/blog\/wp-json\/wp\/v2\/posts\/4488\/revisions\/4858"}],"wp:featuredmedia":[{"embeddable":true,"href":"https:\/\/www.evento.love\/blog\/wp-json\/wp\/v2\/media\/4491"}],"wp:attachment":[{"href":"https:\/\/www.evento.love\/blog\/wp-json\/wp\/v2\/media?parent=4488"}],"wp:term":[{"taxonomy":"category","embeddable":true,"href":"https:\/\/www.evento.love\/blog\/wp-json\/wp\/v2\/categories?post=4488"},{"taxonomy":"post_tag","embeddable":true,"href":"https:\/\/www.evento.love\/blog\/wp-json\/wp\/v2\/tags?post=4488"}],"curies":[{"name":"wp","href":"https:\/\/api.w.org\/{rel}","templated":true}]}}