{"id":469,"date":"2016-12-25T23:03:44","date_gmt":"2016-12-25T23:03:44","guid":{"rendered":"https:\/\/www.evento.love\/blog\/?p=469"},"modified":"2018-11-07T17:04:49","modified_gmt":"2018-11-07T15:04:49","slug":"baby-shower-jimena-inspirado-la-naturaleza-las-motos-madrid","status":"publish","type":"post","link":"https:\/\/www.evento.love\/blog\/baby-shower-jimena-inspirado-la-naturaleza-las-motos-madrid\/","title":{"rendered":"Baby shower de Jimena: inspirado en la naturaleza\u2026.\u00a1y en las motos!"},"content":{"rendered":"<p>El pasado viernes 23 de diciembre, tan s\u00f3lo dos d\u00edas antes de Navidad, celebramos un <a href=\"https:\/\/www.evento.love\/blog\/baby-shower-sorpresa-para-el-jefe-y-un-companero\/\">baby shower por sorpresa<\/a> para una beb\u00e9 que nacer\u00e1 muy pronto Jimena, y a quien su pap\u00e1 le encantan las motos.<!--more--><\/p>\n<p>El baby shower\u00a0 fue en casa de Mar\u00eda, la madre de la futura mam\u00e1. Y era una fiesta sorpresa organizado por la propia Mar\u00eda y por Borja, el futuro pap\u00e1, para Ana. La ni\u00f1a se llamar\u00e1 Jimena. Evento.love se encarg\u00f3 con much\u00edsima ilusi\u00f3n y cari\u00f1o del Buffet, la barra libre de bebidas con camarera, <a href=\"https:\/\/www.evento.love\/blog\/cuatro-elementos-decoracion-baby-shower\/\">la mesa dulce con su decoraci\u00f3n<\/a>, la tarta y el fondo de Photocall con el atrezzo.<\/p>\n<p><img decoding=\"async\" loading=\"lazy\" class=\"aligncenter size-full wp-image-471\" src=\"https:\/\/www.evento.love\/blog\/wp-content\/uploads\/2016\/12\/IMG_2633-1.jpg\" alt=\"img_2633-1\" width=\"800\" height=\"533\" srcset=\"https:\/\/www.evento.love\/blog\/wp-content\/uploads\/2016\/12\/IMG_2633-1.jpg 800w, https:\/\/www.evento.love\/blog\/wp-content\/uploads\/2016\/12\/IMG_2633-1-300x200.jpg 300w, https:\/\/www.evento.love\/blog\/wp-content\/uploads\/2016\/12\/IMG_2633-1-768x512.jpg 768w, https:\/\/www.evento.love\/blog\/wp-content\/uploads\/2016\/12\/IMG_2633-1-405x270.jpg 405w\" sizes=\"(max-width: 800px) 100vw, 800px\" \/><img decoding=\"async\" loading=\"lazy\" class=\"aligncenter size-full wp-image-475\" src=\"https:\/\/www.evento.love\/blog\/wp-content\/uploads\/2016\/12\/IMG_2726-1_Ver2.jpg\" alt=\"img_2726-1_ver2\" width=\"800\" height=\"633\" srcset=\"https:\/\/www.evento.love\/blog\/wp-content\/uploads\/2016\/12\/IMG_2726-1_Ver2.jpg 800w, https:\/\/www.evento.love\/blog\/wp-content\/uploads\/2016\/12\/IMG_2726-1_Ver2-300x237.jpg 300w, https:\/\/www.evento.love\/blog\/wp-content\/uploads\/2016\/12\/IMG_2726-1_Ver2-768x608.jpg 768w, https:\/\/www.evento.love\/blog\/wp-content\/uploads\/2016\/12\/IMG_2726-1_Ver2-341x270.jpg 341w\" sizes=\"(max-width: 800px) 100vw, 800px\" \/><\/p>\n<p>&nbsp;<\/p>\n<p>La decoraci\u00f3n se hizo siguiendo el gusto de Ana, en colores topo alternados con claros, jugando con la naturaleza y tambi\u00e9n resaltando la afici\u00f3n de Borja por las motos. Por esta raz\u00f3n, el topper de la tarta fue el casco de Borja con la peque\u00f1a Jimena durmiendo en su interior.<\/p>\n<p><img decoding=\"async\" loading=\"lazy\" class=\"aligncenter size-full wp-image-479\" src=\"https:\/\/www.evento.love\/blog\/wp-content\/uploads\/2016\/12\/IMG_2564-1.jpg\" alt=\"img_2564-1\" width=\"800\" height=\"533\" srcset=\"https:\/\/www.evento.love\/blog\/wp-content\/uploads\/2016\/12\/IMG_2564-1.jpg 800w, https:\/\/www.evento.love\/blog\/wp-content\/uploads\/2016\/12\/IMG_2564-1-300x200.jpg 300w, https:\/\/www.evento.love\/blog\/wp-content\/uploads\/2016\/12\/IMG_2564-1-768x512.jpg 768w, https:\/\/www.evento.love\/blog\/wp-content\/uploads\/2016\/12\/IMG_2564-1-405x270.jpg 405w\" sizes=\"(max-width: 800px) 100vw, 800px\" \/><\/p>\n<p>Y por encontrarnos en estas fechas tan especiales, utilizamos la flor de pascua blanca en la decoraci\u00f3n.<\/p>\n<p><img decoding=\"async\" loading=\"lazy\" class=\"aligncenter size-full wp-image-474\" src=\"https:\/\/www.evento.love\/blog\/wp-content\/uploads\/2016\/12\/IMG_2710-1.jpg\" alt=\"img_2710-1\" width=\"800\" height=\"533\" srcset=\"https:\/\/www.evento.love\/blog\/wp-content\/uploads\/2016\/12\/IMG_2710-1.jpg 800w, https:\/\/www.evento.love\/blog\/wp-content\/uploads\/2016\/12\/IMG_2710-1-300x200.jpg 300w, https:\/\/www.evento.love\/blog\/wp-content\/uploads\/2016\/12\/IMG_2710-1-768x512.jpg 768w, https:\/\/www.evento.love\/blog\/wp-content\/uploads\/2016\/12\/IMG_2710-1-405x270.jpg 405w\" sizes=\"(max-width: 800px) 100vw, 800px\" \/><\/p>\n<p>Preparamos un catering para 25 personas que consisti\u00f3 en:<\/p>\n<ul>\n<li>Mini-hamburguesa con salsa barbacoa y queso.<\/li>\n<li>Mini-perrito de cocktail con k\u00e9tchup, mostaza y cebollita frita<\/li>\n<li>Gambas rebozadas con salsa rosa<\/li>\n<li>Twister de queso gouda<\/li>\n<li>Mini-brochetita de pollo adobado<\/li>\n<li>Taquito de tortilla con pan<\/li>\n<li>Mini-croquetitas de ib\u00e9ricos<\/li>\n<li>Panecillo de colores relleno de jam\u00f3n serrano con tomate natural<\/li>\n<li>Arrollado de pan de miga relleno de salm\u00f3n y alcaparras<\/li>\n<\/ul>\n<p><img decoding=\"async\" loading=\"lazy\" class=\"aligncenter size-full wp-image-473\" src=\"https:\/\/www.evento.love\/blog\/wp-content\/uploads\/2016\/12\/IMG_2700-1.jpg\" alt=\"img_2700-1\" width=\"800\" height=\"533\" srcset=\"https:\/\/www.evento.love\/blog\/wp-content\/uploads\/2016\/12\/IMG_2700-1.jpg 800w, https:\/\/www.evento.love\/blog\/wp-content\/uploads\/2016\/12\/IMG_2700-1-300x200.jpg 300w, https:\/\/www.evento.love\/blog\/wp-content\/uploads\/2016\/12\/IMG_2700-1-768x512.jpg 768w, https:\/\/www.evento.love\/blog\/wp-content\/uploads\/2016\/12\/IMG_2700-1-405x270.jpg 405w\" sizes=\"(max-width: 800px) 100vw, 800px\" \/><img decoding=\"async\" loading=\"lazy\" class=\"aligncenter size-full wp-image-472\" src=\"https:\/\/www.evento.love\/blog\/wp-content\/uploads\/2016\/12\/IMG_2692-1.jpg\" alt=\"img_2692-1\" width=\"800\" height=\"533\" srcset=\"https:\/\/www.evento.love\/blog\/wp-content\/uploads\/2016\/12\/IMG_2692-1.jpg 800w, https:\/\/www.evento.love\/blog\/wp-content\/uploads\/2016\/12\/IMG_2692-1-300x200.jpg 300w, https:\/\/www.evento.love\/blog\/wp-content\/uploads\/2016\/12\/IMG_2692-1-768x512.jpg 768w, https:\/\/www.evento.love\/blog\/wp-content\/uploads\/2016\/12\/IMG_2692-1-405x270.jpg 405w\" sizes=\"(max-width: 800px) 100vw, 800px\" \/><\/p>\n<p>Tambi\u00e9n pusimos a disposici\u00f3n de los invitados una barra libre de vino blanco, tinto, cerveza, gaseosas y agua. Y, por supuesto, no pudo faltar el cava para el brindis por la peque\u00f1a Jimena que est\u00e1 por nacer.<\/p>\n<p><img decoding=\"async\" loading=\"lazy\" class=\"aligncenter size-full wp-image-477\" src=\"https:\/\/www.evento.love\/blog\/wp-content\/uploads\/2016\/12\/IMG_2735-1.jpg\" alt=\"img_2735-1\" width=\"800\" height=\"533\" srcset=\"https:\/\/www.evento.love\/blog\/wp-content\/uploads\/2016\/12\/IMG_2735-1.jpg 800w, https:\/\/www.evento.love\/blog\/wp-content\/uploads\/2016\/12\/IMG_2735-1-300x200.jpg 300w, https:\/\/www.evento.love\/blog\/wp-content\/uploads\/2016\/12\/IMG_2735-1-768x512.jpg 768w, https:\/\/www.evento.love\/blog\/wp-content\/uploads\/2016\/12\/IMG_2735-1-405x270.jpg 405w\" sizes=\"(max-width: 800px) 100vw, 800px\" \/><img decoding=\"async\" loading=\"lazy\" class=\"aligncenter size-full wp-image-476\" src=\"https:\/\/www.evento.love\/blog\/wp-content\/uploads\/2016\/12\/IMG_2728-1.jpg\" alt=\"img_2728-1\" width=\"800\" height=\"533\" srcset=\"https:\/\/www.evento.love\/blog\/wp-content\/uploads\/2016\/12\/IMG_2728-1.jpg 800w, https:\/\/www.evento.love\/blog\/wp-content\/uploads\/2016\/12\/IMG_2728-1-300x200.jpg 300w, https:\/\/www.evento.love\/blog\/wp-content\/uploads\/2016\/12\/IMG_2728-1-768x512.jpg 768w, https:\/\/www.evento.love\/blog\/wp-content\/uploads\/2016\/12\/IMG_2728-1-405x270.jpg 405w\" sizes=\"(max-width: 800px) 100vw, 800px\" \/><\/p>\n<p>La <a href=\"https:\/\/www.evento.love\/tienda\/dulces\">mesa dulce<\/a> para el disfrute de todos los all\u00ed presentes estaba compuesta por:<\/p>\n<ul>\n<li>Tarta de chocolate con Nutella recubierta en Fondant y decorada<\/li>\n<li>Vasitos Dulces de Red Velvet y Green Velvet con frosting de queso<\/li>\n<li>Cupcakes de chocolate con crema de trufas y vainilla con dulce de leche<\/li>\n<li>Piruletas de chocolate con crujiente de cacahuete<\/li>\n<li>Galletas decoradas<\/li>\n<\/ul>\n<p><img decoding=\"async\" loading=\"lazy\" class=\"aligncenter size-full wp-image-482\" src=\"https:\/\/www.evento.love\/blog\/wp-content\/uploads\/2016\/12\/IMG_2577-1.jpg\" alt=\"img_2577-1\" width=\"800\" height=\"533\" srcset=\"https:\/\/www.evento.love\/blog\/wp-content\/uploads\/2016\/12\/IMG_2577-1.jpg 800w, https:\/\/www.evento.love\/blog\/wp-content\/uploads\/2016\/12\/IMG_2577-1-300x200.jpg 300w, https:\/\/www.evento.love\/blog\/wp-content\/uploads\/2016\/12\/IMG_2577-1-768x512.jpg 768w, https:\/\/www.evento.love\/blog\/wp-content\/uploads\/2016\/12\/IMG_2577-1-405x270.jpg 405w\" sizes=\"(max-width: 800px) 100vw, 800px\" \/><img decoding=\"async\" loading=\"lazy\" class=\"aligncenter size-full wp-image-481\" src=\"https:\/\/www.evento.love\/blog\/wp-content\/uploads\/2016\/12\/IMG_2572-1.jpg\" alt=\"img_2572-1\" width=\"800\" height=\"533\" srcset=\"https:\/\/www.evento.love\/blog\/wp-content\/uploads\/2016\/12\/IMG_2572-1.jpg 800w, https:\/\/www.evento.love\/blog\/wp-content\/uploads\/2016\/12\/IMG_2572-1-300x200.jpg 300w, https:\/\/www.evento.love\/blog\/wp-content\/uploads\/2016\/12\/IMG_2572-1-768x512.jpg 768w, https:\/\/www.evento.love\/blog\/wp-content\/uploads\/2016\/12\/IMG_2572-1-405x270.jpg 405w\" sizes=\"(max-width: 800px) 100vw, 800px\" \/><img decoding=\"async\" loading=\"lazy\" class=\"aligncenter size-full wp-image-480\" src=\"https:\/\/www.evento.love\/blog\/wp-content\/uploads\/2016\/12\/IMG_2571-1.jpg\" alt=\"img_2571-1\" width=\"800\" height=\"533\" srcset=\"https:\/\/www.evento.love\/blog\/wp-content\/uploads\/2016\/12\/IMG_2571-1.jpg 800w, https:\/\/www.evento.love\/blog\/wp-content\/uploads\/2016\/12\/IMG_2571-1-300x200.jpg 300w, https:\/\/www.evento.love\/blog\/wp-content\/uploads\/2016\/12\/IMG_2571-1-768x512.jpg 768w, https:\/\/www.evento.love\/blog\/wp-content\/uploads\/2016\/12\/IMG_2571-1-405x270.jpg 405w\" sizes=\"(max-width: 800px) 100vw, 800px\" \/><img decoding=\"async\" loading=\"lazy\" class=\"aligncenter size-full wp-image-483\" src=\"https:\/\/www.evento.love\/blog\/wp-content\/uploads\/2016\/12\/IMG_2580-1.jpg\" alt=\"img_2580-1\" width=\"800\" height=\"533\" srcset=\"https:\/\/www.evento.love\/blog\/wp-content\/uploads\/2016\/12\/IMG_2580-1.jpg 800w, https:\/\/www.evento.love\/blog\/wp-content\/uploads\/2016\/12\/IMG_2580-1-300x200.jpg 300w, https:\/\/www.evento.love\/blog\/wp-content\/uploads\/2016\/12\/IMG_2580-1-768x512.jpg 768w, https:\/\/www.evento.love\/blog\/wp-content\/uploads\/2016\/12\/IMG_2580-1-405x270.jpg 405w\" sizes=\"(max-width: 800px) 100vw, 800px\" \/><img decoding=\"async\" loading=\"lazy\" class=\"aligncenter size-full wp-image-485\" src=\"https:\/\/www.evento.love\/blog\/wp-content\/uploads\/2016\/12\/IMG_2587-1.jpg\" alt=\"img_2587-1\" width=\"800\" height=\"533\" srcset=\"https:\/\/www.evento.love\/blog\/wp-content\/uploads\/2016\/12\/IMG_2587-1.jpg 800w, https:\/\/www.evento.love\/blog\/wp-content\/uploads\/2016\/12\/IMG_2587-1-300x200.jpg 300w, https:\/\/www.evento.love\/blog\/wp-content\/uploads\/2016\/12\/IMG_2587-1-768x512.jpg 768w, https:\/\/www.evento.love\/blog\/wp-content\/uploads\/2016\/12\/IMG_2587-1-405x270.jpg 405w\" sizes=\"(max-width: 800px) 100vw, 800px\" \/><\/p>\n<p>Deseamos que a todos los que acudieron al baby shower de Jimena y a su familia: la futura mam\u00e1 y pap\u00e1, y su encantadora abuela, disfrutasen del evento, tanto como nosotros disfrutamos prepar\u00e1ndolo. \u00a1Gracias por contar con evento.love!<\/p>\n<h2 style=\"text-align: center;\"><a href=\"https:\/\/www.evento.love\/solicita-tu-presupuesto.html\">Si quieres celebrar tu baby shower, \u00a1ponte en contacto con nosotros!<\/a><\/h2>\n<p><img decoding=\"async\" loading=\"lazy\" class=\"aligncenter size-full wp-image-470\" src=\"https:\/\/www.evento.love\/blog\/wp-content\/uploads\/2016\/12\/IMG_2593-1.jpg\" alt=\"img_2593-1\" width=\"800\" height=\"533\" srcset=\"https:\/\/www.evento.love\/blog\/wp-content\/uploads\/2016\/12\/IMG_2593-1.jpg 800w, https:\/\/www.evento.love\/blog\/wp-content\/uploads\/2016\/12\/IMG_2593-1-300x200.jpg 300w, https:\/\/www.evento.love\/blog\/wp-content\/uploads\/2016\/12\/IMG_2593-1-768x512.jpg 768w, https:\/\/www.evento.love\/blog\/wp-content\/uploads\/2016\/12\/IMG_2593-1-405x270.jpg 405w\" sizes=\"(max-width: 800px) 100vw, 800px\" \/><img decoding=\"async\" loading=\"lazy\" class=\"aligncenter size-full wp-image-484\" src=\"https:\/\/www.evento.love\/blog\/wp-content\/uploads\/2016\/12\/IMG_2582-1.jpg\" alt=\"img_2582-1\" width=\"800\" height=\"533\" srcset=\"https:\/\/www.evento.love\/blog\/wp-content\/uploads\/2016\/12\/IMG_2582-1.jpg 800w, https:\/\/www.evento.love\/blog\/wp-content\/uploads\/2016\/12\/IMG_2582-1-300x200.jpg 300w, https:\/\/www.evento.love\/blog\/wp-content\/uploads\/2016\/12\/IMG_2582-1-768x512.jpg 768w, https:\/\/www.evento.love\/blog\/wp-content\/uploads\/2016\/12\/IMG_2582-1-405x270.jpg 405w\" sizes=\"(max-width: 800px) 100vw, 800px\" \/><\/p>\n<p>&nbsp;<\/p>\n    <div class=\"related-post grid\">\r\n                <div class=\"headline\">M\u00e1s art\u00edculos a tener en cuenta<\/div>\r\n        <div class=\"post-list \">\r\n\r\n                        <div class=\"item\">\r\n                        <div class=\"thumb post_thumb\">\r\n        <a  title=\"Baby Shower, mucho m\u00e1s que un evento social\" href=\"https:\/\/www.evento.love\/blog\/baby-shower-evento-social-madrid\/\">\r\n\r\n            <img width=\"150\" height=\"150\" src=\"https:\/\/www.evento.love\/blog\/wp-content\/uploads\/2016\/07\/babyshower-150x150.jpg\" class=\"attachment-thumbnail size-thumbnail wp-post-image\" alt=\"baby shower-fiesta-beb\u00e9-embarazo-embarazada\" decoding=\"async\" loading=\"lazy\" \/>\r\n\r\n        <\/a>\r\n    <\/div>\r\n\r\n    <a class=\"title post_title\"  title=\"Baby Shower, mucho m\u00e1s que un evento social\" href=\"https:\/\/www.evento.love\/blog\/baby-shower-evento-social-madrid\/\">\r\n                Baby Shower, mucho m\u00e1s que un evento social    <\/a>\r\n\r\n                <\/div>\r\n                            <div class=\"item\">\r\n                        <div class=\"thumb post_thumb\">\r\n        <a  title=\"12 consejos para un Baby Shower perfecto\" href=\"https:\/\/www.evento.love\/blog\/12-consejos-baby-shower-perfecto-madrid\/\">\r\n\r\n            <img width=\"150\" height=\"150\" src=\"https:\/\/www.evento.love\/blog\/wp-content\/uploads\/2016\/09\/16_05_20_12_consejos-para-que-tu-Baby-Shower-sea-perfecto-150x150.jpg\" class=\"attachment-thumbnail size-thumbnail wp-post-image\" alt=\"Baby Shower-perfecto-beb\u00e9-embarazado-embarazada-fiesta-babyshower\" decoding=\"async\" loading=\"lazy\" \/>\r\n\r\n        <\/a>\r\n    <\/div>\r\n\r\n    <a class=\"title post_title\"  title=\"12 consejos para un Baby Shower perfecto\" href=\"https:\/\/www.evento.love\/blog\/12-consejos-baby-shower-perfecto-madrid\/\">\r\n                12 consejos para un Baby Shower perfecto    <\/a>\r\n\r\n                <\/div>\r\n                            <div class=\"item\">\r\n                        <div class=\"thumb post_thumb\">\r\n        <a  title=\"Cu\u00e1ndo hacer el Baby Shower\" href=\"https:\/\/www.evento.love\/blog\/cuando-hacer-el-baby-shower-madrid\/\">\r\n\r\n            <img width=\"150\" height=\"150\" src=\"https:\/\/www.evento.love\/blog\/wp-content\/uploads\/2016\/09\/16_05_23_Cuando-hacer-el-Baby-Shower-150x150.jpg\" class=\"attachment-thumbnail size-thumbnail wp-post-image\" alt=\"Cu\u00e1ndo hacer el baby shower beb\u00e9 embarazo fiesta en Madrid\" decoding=\"async\" loading=\"lazy\" \/>\r\n\r\n        <\/a>\r\n    <\/div>\r\n\r\n    <a class=\"title post_title\"  title=\"Cu\u00e1ndo hacer el Baby Shower\" href=\"https:\/\/www.evento.love\/blog\/cuando-hacer-el-baby-shower-madrid\/\">\r\n                Cu\u00e1ndo hacer el Baby Shower    <\/a>\r\n\r\n                <\/div>\r\n                            <div class=\"item\">\r\n                        <div class=\"thumb post_thumb\">\r\n        <a  title=\"Baby Shower: Elaborando la lista de invitados\" href=\"https:\/\/www.evento.love\/blog\/baby-shower-lista-invitados-madrid\/\">\r\n\r\n            <img width=\"150\" height=\"150\" src=\"https:\/\/www.evento.love\/blog\/wp-content\/uploads\/2016\/09\/16_05_30_Baby-Shower-elaborando-la-lista-de-invitados-150x150.jpg\" class=\"attachment-thumbnail size-thumbnail wp-post-image\" alt=\"\" decoding=\"async\" loading=\"lazy\" \/>\r\n\r\n        <\/a>\r\n    <\/div>\r\n\r\n    <a class=\"title post_title\"  title=\"Baby Shower: Elaborando la lista de invitados\" href=\"https:\/\/www.evento.love\/blog\/baby-shower-lista-invitados-madrid\/\">\r\n                Baby Shower: Elaborando la lista de invitados    <\/a>\r\n\r\n                <\/div>\r\n            \r\n    <\/div>\r\n\r\n    <script>\r\n            <\/script>\r\n    <style>\r\n        .related-post {}\r\n\r\n        .related-post .post-list {\r\n            text-align: left;\r\n                    }\r\n\r\n        .related-post .post-list .item {\r\n            margin: 5px 10px;\r\n            padding: 0px;\r\n                    }\r\n\r\n        .related-post .headline {\r\n            font-size: 24px !important;\r\n            color: #000000 !important;\r\n                    }\r\n\r\n        .related-post .headline{\r\nfont-weight:400 !important;\r\ntext-transform: uppercase;\r\n}.related-post .post-list .item .post_thumb {\r\n            max-height: 180px;\r\n            margin: 10px 0px;\r\n            padding: 0px;\r\n            display: block;\r\n                    }\r\n\r\n        .related-post .post-list .item .post_title {\r\n            font-size: 12px;\r\n            color: #607d8b;\r\n            margin: 10px 0px;\r\n            padding: 0px;\r\n            display: block;\r\n            text-decoration: none;\r\n                    }\r\n\r\n        .related-post .post-list .item .post_excerpt {\r\n            font-size: 13px;\r\n            color: #3f3f3f;\r\n            margin: 10px 0px;\r\n            padding: 0px;\r\n            display: block;\r\n            text-decoration: none;\r\n                    }\r\n\r\n        @media only screen and (min-width: 1024px) {\r\n            .related-post .post-list .item {\r\n                width: 22%;\r\n            }\r\n        }\r\n\r\n        @media only screen and (min-width: 768px) and (max-width: 1023px) {\r\n            .related-post .post-list .item {\r\n                width: 90%;\r\n            }\r\n        }\r\n\r\n        @media only screen and (min-width: 0px) and (max-width: 767px) {\r\n            .related-post .post-list .item {\r\n                width: 30%;\r\n            }\r\n        }\r\n\r\n            <\/style>\r\n        <\/div>\r\n<!-- AddThis Advanced Settings generic via filter on the_content --><!-- AddThis Share Buttons generic via filter on the_content -->","protected":false},"excerpt":{"rendered":"<p>El pasado viernes 23 de diciembre, tan s\u00f3lo dos d\u00edas antes de Navidad, celebramos un baby shower por sorpresa para una beb\u00e9 que nacer\u00e1 muy pronto Jimena, y a quien su pap\u00e1 le encantan las motos. M\u00e1s art\u00edculos a tener en cuenta Baby Shower, mucho m\u00e1s que un evento social 12 consejos para un Baby Shower perfecto Cu\u00e1ndo hacer el Baby Shower Baby Shower: Elaborando la lista de invitados<!-- AddThis Advanced Settings generic via filter on get_the_excerpt --><!-- AddThis Share Buttons generic via filter on get_the_excerpt --><\/p>\n    <div class=\"related-post grid\">\r\n                <div class=\"headline\">M\u00e1s art\u00edculos a tener en cuenta<\/div>\r\n        <div class=\"post-list \">\r\n\r\n                        <div class=\"item\">\r\n                        <div class=\"thumb post_thumb\">\r\n        <a  title=\"Baby Shower, mucho m\u00e1s que un evento social\" href=\"https:\/\/www.evento.love\/blog\/baby-shower-evento-social-madrid\/\">\r\n\r\n            <img width=\"150\" height=\"150\" src=\"https:\/\/www.evento.love\/blog\/wp-content\/uploads\/2016\/07\/babyshower-150x150.jpg\" class=\"attachment-thumbnail size-thumbnail wp-post-image\" alt=\"baby shower-fiesta-beb\u00e9-embarazo-embarazada\" decoding=\"async\" loading=\"lazy\" \/>\r\n\r\n        <\/a>\r\n    <\/div>\r\n\r\n    <a class=\"title post_title\"  title=\"Baby Shower, mucho m\u00e1s que un evento social\" href=\"https:\/\/www.evento.love\/blog\/baby-shower-evento-social-madrid\/\">\r\n                Baby Shower, mucho m\u00e1s que un evento social    <\/a>\r\n\r\n                <\/div>\r\n                            <div class=\"item\">\r\n                        <div class=\"thumb post_thumb\">\r\n        <a  title=\"12 consejos para un Baby Shower perfecto\" href=\"https:\/\/www.evento.love\/blog\/12-consejos-baby-shower-perfecto-madrid\/\">\r\n\r\n            <img width=\"150\" height=\"150\" src=\"https:\/\/www.evento.love\/blog\/wp-content\/uploads\/2016\/09\/16_05_20_12_consejos-para-que-tu-Baby-Shower-sea-perfecto-150x150.jpg\" class=\"attachment-thumbnail size-thumbnail wp-post-image\" alt=\"Baby Shower-perfecto-beb\u00e9-embarazado-embarazada-fiesta-babyshower\" decoding=\"async\" loading=\"lazy\" \/>\r\n\r\n        <\/a>\r\n    <\/div>\r\n\r\n    <a class=\"title post_title\"  title=\"12 consejos para un Baby Shower perfecto\" href=\"https:\/\/www.evento.love\/blog\/12-consejos-baby-shower-perfecto-madrid\/\">\r\n                12 consejos para un Baby Shower perfecto    <\/a>\r\n\r\n                <\/div>\r\n                            <div class=\"item\">\r\n                        <div class=\"thumb post_thumb\">\r\n        <a  title=\"Cu\u00e1ndo hacer el Baby Shower\" href=\"https:\/\/www.evento.love\/blog\/cuando-hacer-el-baby-shower-madrid\/\">\r\n\r\n            <img width=\"150\" height=\"150\" src=\"https:\/\/www.evento.love\/blog\/wp-content\/uploads\/2016\/09\/16_05_23_Cuando-hacer-el-Baby-Shower-150x150.jpg\" class=\"attachment-thumbnail size-thumbnail wp-post-image\" alt=\"Cu\u00e1ndo hacer el baby shower beb\u00e9 embarazo fiesta en Madrid\" decoding=\"async\" loading=\"lazy\" \/>\r\n\r\n        <\/a>\r\n    <\/div>\r\n\r\n    <a class=\"title post_title\"  title=\"Cu\u00e1ndo hacer el Baby Shower\" href=\"https:\/\/www.evento.love\/blog\/cuando-hacer-el-baby-shower-madrid\/\">\r\n                Cu\u00e1ndo hacer el Baby Shower    <\/a>\r\n\r\n                <\/div>\r\n                            <div class=\"item\">\r\n                        <div class=\"thumb post_thumb\">\r\n        <a  title=\"\u00bfQui\u00e9n debe organizar el Baby Shower?\" href=\"https:\/\/www.evento.love\/blog\/quien-organizar-baby-shower-madrid\/\">\r\n\r\n            <img width=\"150\" height=\"150\" src=\"https:\/\/www.evento.love\/blog\/wp-content\/uploads\/2016\/09\/16_05_29_Qui\u00e9n-organiza-el-Baby-Shower-150x150.jpg\" class=\"attachment-thumbnail size-thumbnail wp-post-image\" alt=\"Organizaci\u00f3n Baby Shower Madrid fiesta beb\u00e9 embarazada\" decoding=\"async\" loading=\"lazy\" \/>\r\n\r\n        <\/a>\r\n    <\/div>\r\n\r\n    <a class=\"title post_title\"  title=\"\u00bfQui\u00e9n debe organizar el Baby Shower?\" href=\"https:\/\/www.evento.love\/blog\/quien-organizar-baby-shower-madrid\/\">\r\n                \u00bfQui\u00e9n debe organizar el Baby Shower?    <\/a>\r\n\r\n                <\/div>\r\n            \r\n    <\/div>\r\n\r\n    <script>\r\n            <\/script>\r\n    <style>\r\n        .related-post {}\r\n\r\n        .related-post .post-list {\r\n            text-align: left;\r\n                    }\r\n\r\n        .related-post .post-list .item {\r\n            margin: 5px 10px;\r\n            padding: 0px;\r\n                    }\r\n\r\n        .related-post .headline {\r\n            font-size: 24px !important;\r\n            color: #000000 !important;\r\n                    }\r\n\r\n        .related-post .headline{\r\nfont-weight:400 !important;\r\ntext-transform: uppercase;\r\n}.related-post .post-list .item .post_thumb {\r\n            max-height: 180px;\r\n            margin: 10px 0px;\r\n            padding: 0px;\r\n            display: block;\r\n                    }\r\n\r\n        .related-post .post-list .item .post_title {\r\n            font-size: 12px;\r\n            color: #607d8b;\r\n            margin: 10px 0px;\r\n            padding: 0px;\r\n            display: block;\r\n            text-decoration: none;\r\n                    }\r\n\r\n        .related-post .post-list .item .post_excerpt {\r\n            font-size: 13px;\r\n            color: #3f3f3f;\r\n            margin: 10px 0px;\r\n            padding: 0px;\r\n            display: block;\r\n            text-decoration: none;\r\n                    }\r\n\r\n        @media only screen and (min-width: 1024px) {\r\n            .related-post .post-list .item {\r\n                width: 22%;\r\n            }\r\n        }\r\n\r\n        @media only screen and (min-width: 768px) and (max-width: 1023px) {\r\n            .related-post .post-list .item {\r\n                width: 90%;\r\n            }\r\n        }\r\n\r\n        @media only screen and (min-width: 0px) and (max-width: 767px) {\r\n            .related-post .post-list .item {\r\n                width: 30%;\r\n            }\r\n        }\r\n\r\n            <\/style>\r\n        <\/div>\r\n","protected":false},"author":1,"featured_media":478,"comment_status":"open","ping_status":"open","sticky":false,"template":"","format":"standard","meta":{"content-type":""},"categories":[2,391],"tags":[9,487,486,93,484,490,669,668,119,489,491,423,482,488,483,485],"yoast_head":"<!-- This site is optimized with the Yoast SEO plugin v20.7 - https:\/\/yoast.com\/wordpress\/plugins\/seo\/ -->\n<title>Baby shower de Jimena: inspirado en la naturaleza\u2026.\u00a1y en las motos! - El Blog de evento.love<\/title>\n<meta name=\"description\" content=\"Celebramos el baby shower sorpresa en Madrid para una beb\u00e9 que nacer\u00e1 muy pronto Jimena, nos ocupamos de la decoraci\u00f3n, la mesa dulce y el catering\" \/>\n<meta name=\"robots\" content=\"index, follow, max-snippet:-1, max-image-preview:large, max-video-preview:-1\" \/>\n<meta property=\"og:locale\" content=\"es_ES\" \/>\n<meta property=\"og:type\" content=\"article\" \/>\n<meta property=\"og:title\" content=\"Baby shower de Jimena: inspirado en la naturaleza\u2026.\u00a1y en las motos! - El Blog de evento.love\" \/>\n<meta property=\"og:description\" content=\"Celebramos el baby shower sorpresa en Madrid para una beb\u00e9 que nacer\u00e1 muy pronto Jimena, nos ocupamos de la decoraci\u00f3n, la mesa dulce y el catering\" \/>\n<meta property=\"og:url\" content=\"https:\/\/www.evento.love\/blog\/baby-shower-jimena-inspirado-la-naturaleza-las-motos-madrid\/\" \/>\n<meta property=\"og:site_name\" content=\"El Blog de evento.love\" \/>\n<meta property=\"article:publisher\" content=\"https:\/\/www.facebook.com\/Evento.love\/\" \/>\n<meta property=\"article:published_time\" content=\"2016-12-25T23:03:44+00:00\" \/>\n<meta property=\"article:modified_time\" content=\"2018-11-07T15:04:49+00:00\" \/>\n<meta property=\"og:image\" content=\"https:\/\/www.evento.love\/blog\/wp-content\/uploads\/2016\/12\/16_12_21.jpg\" \/>\n\t<meta property=\"og:image:width\" content=\"847\" \/>\n\t<meta property=\"og:image:height\" content=\"470\" \/>\n\t<meta property=\"og:image:type\" content=\"image\/jpeg\" \/>\n<meta name=\"author\" content=\"Evento Love\" \/>\n<meta name=\"twitter:card\" content=\"summary_large_image\" \/>\n<meta name=\"twitter:creator\" content=\"@Evento_love\" \/>\n<meta name=\"twitter:site\" content=\"@Evento_love\" \/>\n<meta name=\"twitter:label1\" content=\"Escrito por\" \/>\n\t<meta name=\"twitter:data1\" content=\"Evento Love\" \/>\n\t<meta name=\"twitter:label2\" content=\"Tiempo de lectura\" \/>\n\t<meta name=\"twitter:data2\" content=\"2 minutos\" \/>\n<!-- \/ Yoast SEO plugin. -->","yoast_head_json":{"title":"Baby shower de Jimena: inspirado en la naturaleza\u2026.\u00a1y en las motos! - El Blog de evento.love","description":"Celebramos el baby shower sorpresa en Madrid para una beb\u00e9 que nacer\u00e1 muy pronto Jimena, nos ocupamos de la decoraci\u00f3n, la mesa dulce y el catering","robots":{"index":"index","follow":"follow","max-snippet":"max-snippet:-1","max-image-preview":"max-image-preview:large","max-video-preview":"max-video-preview:-1"},"og_locale":"es_ES","og_type":"article","og_title":"Baby shower de Jimena: inspirado en la naturaleza\u2026.\u00a1y en las motos! - El Blog de evento.love","og_description":"Celebramos el baby shower sorpresa en Madrid para una beb\u00e9 que nacer\u00e1 muy pronto Jimena, nos ocupamos de la decoraci\u00f3n, la mesa dulce y el catering","og_url":"https:\/\/www.evento.love\/blog\/baby-shower-jimena-inspirado-la-naturaleza-las-motos-madrid\/","og_site_name":"El Blog de evento.love","article_publisher":"https:\/\/www.facebook.com\/Evento.love\/","article_published_time":"2016-12-25T23:03:44+00:00","article_modified_time":"2018-11-07T15:04:49+00:00","og_image":[{"width":847,"height":470,"url":"https:\/\/www.evento.love\/blog\/wp-content\/uploads\/2016\/12\/16_12_21.jpg","type":"image\/jpeg"}],"author":"Evento Love","twitter_card":"summary_large_image","twitter_creator":"@Evento_love","twitter_site":"@Evento_love","twitter_misc":{"Escrito por":"Evento Love","Tiempo de lectura":"2 minutos"},"schema":{"@context":"https:\/\/schema.org","@graph":[{"@type":"Article","@id":"https:\/\/www.evento.love\/blog\/baby-shower-jimena-inspirado-la-naturaleza-las-motos-madrid\/#article","isPartOf":{"@id":"https:\/\/www.evento.love\/blog\/baby-shower-jimena-inspirado-la-naturaleza-las-motos-madrid\/"},"author":{"name":"Evento Love","@id":"https:\/\/www.evento.love\/blog\/#\/schema\/person\/a184c2ed424b7fb3006372ce8051542c"},"headline":"Baby shower de Jimena: inspirado en la naturaleza\u2026.\u00a1y en las motos!","datePublished":"2016-12-25T23:03:44+00:00","dateModified":"2018-11-07T15:04:49+00:00","mainEntityOfPage":{"@id":"https:\/\/www.evento.love\/blog\/baby-shower-jimena-inspirado-la-naturaleza-las-motos-madrid\/"},"wordCount":419,"commentCount":0,"publisher":{"@id":"https:\/\/www.evento.love\/blog\/#organization"},"keywords":["baby shower","baby shower en madrid","baby shower enla capital","baby shower madrid","baby shower tematico","barra libre baby shower","event planner","event planner madrid","menu baby shower","menu baby shower madrid","mesa dulce baby shower","nuestros baby shower","nuestros eventos","photo call para baby shower","tematica motos","tematicas baby shower"],"articleSection":["Baby Shower","Nuestros eventos"],"inLanguage":"es","potentialAction":[{"@type":"CommentAction","name":"Comment","target":["https:\/\/www.evento.love\/blog\/baby-shower-jimena-inspirado-la-naturaleza-las-motos-madrid\/#respond"]}]},{"@type":"WebPage","@id":"https:\/\/www.evento.love\/blog\/baby-shower-jimena-inspirado-la-naturaleza-las-motos-madrid\/","url":"https:\/\/www.evento.love\/blog\/baby-shower-jimena-inspirado-la-naturaleza-las-motos-madrid\/","name":"Baby shower de Jimena: inspirado en la naturaleza\u2026.\u00a1y en las motos! - El Blog de evento.love","isPartOf":{"@id":"https:\/\/www.evento.love\/blog\/#website"},"datePublished":"2016-12-25T23:03:44+00:00","dateModified":"2018-11-07T15:04:49+00:00","description":"Celebramos el baby shower sorpresa en Madrid para una beb\u00e9 que nacer\u00e1 muy pronto Jimena, nos ocupamos de la decoraci\u00f3n, la mesa dulce y el catering","breadcrumb":{"@id":"https:\/\/www.evento.love\/blog\/baby-shower-jimena-inspirado-la-naturaleza-las-motos-madrid\/#breadcrumb"},"inLanguage":"es","potentialAction":[{"@type":"ReadAction","target":["https:\/\/www.evento.love\/blog\/baby-shower-jimena-inspirado-la-naturaleza-las-motos-madrid\/"]}]},{"@type":"BreadcrumbList","@id":"https:\/\/www.evento.love\/blog\/baby-shower-jimena-inspirado-la-naturaleza-las-motos-madrid\/#breadcrumb","itemListElement":[{"@type":"ListItem","position":1,"name":"Evento.love","item":"https:\/\/www.evento.love\/blog\/"},{"@type":"ListItem","position":2,"name":"Nuestros eventos","item":"https:\/\/www.evento.love\/blog\/category\/nuestros-eventos\/"},{"@type":"ListItem","position":3,"name":"Baby shower de Jimena: inspirado en la naturaleza\u2026.\u00a1y en las motos!"}]},{"@type":"WebSite","@id":"https:\/\/www.evento.love\/blog\/#website","url":"https:\/\/www.evento.love\/blog\/","name":"El Blog de evento.love","description":"T\u00fa lo mereces. Disfruta de tu momento","publisher":{"@id":"https:\/\/www.evento.love\/blog\/#organization"},"potentialAction":[{"@type":"SearchAction","target":{"@type":"EntryPoint","urlTemplate":"https:\/\/www.evento.love\/blog\/?s={search_term_string}"},"query-input":"required name=search_term_string"}],"inLanguage":"es"},{"@type":"Organization","@id":"https:\/\/www.evento.love\/blog\/#organization","name":"evento.love","url":"https:\/\/www.evento.love\/blog\/","logo":{"@type":"ImageObject","inLanguage":"es","@id":"https:\/\/www.evento.love\/blog\/#\/schema\/logo\/image\/","url":"https:\/\/www.evento.love\/blog\/wp-content\/uploads\/2016\/07\/logo-evento-love.png","contentUrl":"https:\/\/www.evento.love\/blog\/wp-content\/uploads\/2016\/07\/logo-evento-love.png","width":197,"height":59,"caption":"evento.love"},"image":{"@id":"https:\/\/www.evento.love\/blog\/#\/schema\/logo\/image\/"},"sameAs":["https:\/\/www.facebook.com\/Evento.love\/","https:\/\/twitter.com\/Evento_love","https:\/\/www.instagram.com\/evento.love\/","https:\/\/es.pinterest.com\/evento_love\/","https:\/\/www.youtube.com\/channel\/UCcVbo6ymzx-7FlDJja8aQnw"]},{"@type":"Person","@id":"https:\/\/www.evento.love\/blog\/#\/schema\/person\/a184c2ed424b7fb3006372ce8051542c","name":"Evento Love"}]}},"_links":{"self":[{"href":"https:\/\/www.evento.love\/blog\/wp-json\/wp\/v2\/posts\/469"}],"collection":[{"href":"https:\/\/www.evento.love\/blog\/wp-json\/wp\/v2\/posts"}],"about":[{"href":"https:\/\/www.evento.love\/blog\/wp-json\/wp\/v2\/types\/post"}],"author":[{"embeddable":true,"href":"https:\/\/www.evento.love\/blog\/wp-json\/wp\/v2\/users\/1"}],"replies":[{"embeddable":true,"href":"https:\/\/www.evento.love\/blog\/wp-json\/wp\/v2\/comments?post=469"}],"version-history":[{"count":4,"href":"https:\/\/www.evento.love\/blog\/wp-json\/wp\/v2\/posts\/469\/revisions"}],"predecessor-version":[{"id":3180,"href":"https:\/\/www.evento.love\/blog\/wp-json\/wp\/v2\/posts\/469\/revisions\/3180"}],"wp:featuredmedia":[{"embeddable":true,"href":"https:\/\/www.evento.love\/blog\/wp-json\/wp\/v2\/media\/478"}],"wp:attachment":[{"href":"https:\/\/www.evento.love\/blog\/wp-json\/wp\/v2\/media?parent=469"}],"wp:term":[{"taxonomy":"category","embeddable":true,"href":"https:\/\/www.evento.love\/blog\/wp-json\/wp\/v2\/categories?post=469"},{"taxonomy":"post_tag","embeddable":true,"href":"https:\/\/www.evento.love\/blog\/wp-json\/wp\/v2\/tags?post=469"}],"curies":[{"name":"wp","href":"https:\/\/api.w.org\/{rel}","templated":true}]}}