{"id":5144,"date":"2019-08-12T09:08:36","date_gmt":"2019-08-12T07:08:36","guid":{"rendered":"https:\/\/www.evento.love\/blog\/?p=5144"},"modified":"2019-08-12T09:08:36","modified_gmt":"2019-08-12T07:08:36","slug":"10-zapatos-para-una-novia-de-otono","status":"publish","type":"post","link":"https:\/\/www.evento.love\/blog\/10-zapatos-para-una-novia-de-otono\/","title":{"rendered":"10 zapatos para una novia de oto\u00f1o"},"content":{"rendered":"<p>\u00bfC\u00f3mo est\u00e1is pasando el mes de agosto? Desde Evento.love no paramos de trabajar en proyectos nuevos con una sonrisa de oreja a oreja. \u00a1Nos encanta tener tanto movimiento tambi\u00e9n de vacaciones!<!--more--><\/p>\n<p>Aunque aun queda mucho <a href=\"https:\/\/www.evento.love\/blog\/5-tendencias-en-looks-de-invitada-para-las-bodas-de-verano\/?utm_source=post&amp;utm_medium=zapatos-boda-otono\" target=\"_blank\" rel=\"noopener noreferrer\">verano<\/a>, ya sab\u00e9is que en cuesti\u00f3n de bodas la antelaci\u00f3n siempre es un punto a favor, por eso hoy nos queremos adentrar en el maravilloso mundo de las <a href=\"https:\/\/www.evento.love\/blog\/autumn-weddings-decoration-ideas\/?utm_source=post&amp;utm_medium=zapatos-boda-otono\" target=\"_blank\" rel=\"noopener noreferrer\">bodas de oto\u00f1o<\/a>, celebraciones que tienen una magia especial y que est\u00e1n a la vuelta de la esquina. Para abrir boca con esta nueva temporada, os hemos preparado una selecci\u00f3n (de esas que tanto os gustan) con 10 zapatos para una novia de oto\u00f1o absolutamente ideales y para todos los estilos. Adem\u00e1s, \u00a1algunos est\u00e1n de rebajas! \ud83d\ude09<\/p>\n<p>En este ranking escogemos los diez que m\u00e1s nos gustan para esta temporada, e incluimos dise\u00f1os tanto en colores blancos y nudes como en tonos m\u00e1s potentes para las novias que quieran dar un toque de color a su look de novia. \u00a1Vamos all\u00e1!<\/p>\n<h2>1, Terciopelo verde botella<\/h2>\n<figure id=\"attachment_5146\" aria-describedby=\"caption-attachment-5146\" style=\"width: 850px\" class=\"wp-caption aligncenter\"><img decoding=\"async\" loading=\"lazy\" class=\"size-full wp-image-5146\" src=\"https:\/\/www.evento.love\/blog\/wp-content\/uploads\/2019\/08\/zapatos-novia-otono-evento.love-asos.png\" alt=\"zapatos para una novia de oto\u00f1o\" width=\"850\" height=\"786\" srcset=\"https:\/\/www.evento.love\/blog\/wp-content\/uploads\/2019\/08\/zapatos-novia-otono-evento.love-asos.png 850w, https:\/\/www.evento.love\/blog\/wp-content\/uploads\/2019\/08\/zapatos-novia-otono-evento.love-asos-300x277.png 300w, https:\/\/www.evento.love\/blog\/wp-content\/uploads\/2019\/08\/zapatos-novia-otono-evento.love-asos-768x710.png 768w, https:\/\/www.evento.love\/blog\/wp-content\/uploads\/2019\/08\/zapatos-novia-otono-evento.love-asos-292x270.png 292w\" sizes=\"(max-width: 850px) 100vw, 850px\" \/><figcaption id=\"caption-attachment-5146\" class=\"wp-caption-text\">Asos<\/figcaption><\/figure>\n<h2>2. Bailarinas en negro con detalle joya<\/h2>\n<p><img decoding=\"async\" loading=\"lazy\" class=\"aligncenter size-full wp-image-5148\" src=\"https:\/\/www.evento.love\/blog\/wp-content\/uploads\/2019\/08\/zapatos-novia-otono-prettyballerinas-evento.love_.png\" alt=\"\" width=\"850\" height=\"838\" srcset=\"https:\/\/www.evento.love\/blog\/wp-content\/uploads\/2019\/08\/zapatos-novia-otono-prettyballerinas-evento.love_.png 850w, https:\/\/www.evento.love\/blog\/wp-content\/uploads\/2019\/08\/zapatos-novia-otono-prettyballerinas-evento.love_-300x296.png 300w, https:\/\/www.evento.love\/blog\/wp-content\/uploads\/2019\/08\/zapatos-novia-otono-prettyballerinas-evento.love_-768x757.png 768w, https:\/\/www.evento.love\/blog\/wp-content\/uploads\/2019\/08\/zapatos-novia-otono-prettyballerinas-evento.love_-274x270.png 274w\" sizes=\"(max-width: 850px) 100vw, 850px\" \/><\/p>\n<h2>3. En blanco y con plataforma<\/h2>\n<figure id=\"attachment_5149\" aria-describedby=\"caption-attachment-5149\" style=\"width: 850px\" class=\"wp-caption aligncenter\"><img decoding=\"async\" loading=\"lazy\" class=\"wp-image-5149 size-full\" src=\"https:\/\/www.evento.love\/blog\/wp-content\/uploads\/2019\/08\/zapatos-novia-otono-ursula-mascaro-evento.love_.png\" alt=\"zapatos para novia\" width=\"850\" height=\"655\" srcset=\"https:\/\/www.evento.love\/blog\/wp-content\/uploads\/2019\/08\/zapatos-novia-otono-ursula-mascaro-evento.love_.png 850w, https:\/\/www.evento.love\/blog\/wp-content\/uploads\/2019\/08\/zapatos-novia-otono-ursula-mascaro-evento.love_-300x231.png 300w, https:\/\/www.evento.love\/blog\/wp-content\/uploads\/2019\/08\/zapatos-novia-otono-ursula-mascaro-evento.love_-768x592.png 768w, https:\/\/www.evento.love\/blog\/wp-content\/uploads\/2019\/08\/zapatos-novia-otono-ursula-mascaro-evento.love_-350x270.png 350w\" sizes=\"(max-width: 850px) 100vw, 850px\" \/><figcaption id=\"caption-attachment-5149\" class=\"wp-caption-text\">\u00darsula Mascar\u00f3<\/figcaption><\/figure>\n<h2>4. El rojo siempre es un acierto<\/h2>\n<p><img decoding=\"async\" loading=\"lazy\" class=\"aligncenter size-full wp-image-5150\" src=\"https:\/\/www.evento.love\/blog\/wp-content\/uploads\/2019\/08\/zapatos-novia-oto\u00f1o-membur-evento.love_.png\" alt=\"zapatos para una novia de oto\u00f1o\" width=\"850\" height=\"667\" srcset=\"https:\/\/www.evento.love\/blog\/wp-content\/uploads\/2019\/08\/zapatos-novia-oto\u00f1o-membur-evento.love_.png 850w, https:\/\/www.evento.love\/blog\/wp-content\/uploads\/2019\/08\/zapatos-novia-oto\u00f1o-membur-evento.love_-300x235.png 300w, https:\/\/www.evento.love\/blog\/wp-content\/uploads\/2019\/08\/zapatos-novia-oto\u00f1o-membur-evento.love_-768x603.png 768w, https:\/\/www.evento.love\/blog\/wp-content\/uploads\/2019\/08\/zapatos-novia-oto\u00f1o-membur-evento.love_-344x270.png 344w\" sizes=\"(max-width: 850px) 100vw, 850px\" \/><\/p>\n<h2>5. Mostaza y con lazo<\/h2>\n<figure id=\"attachment_5151\" aria-describedby=\"caption-attachment-5151\" style=\"width: 1172px\" class=\"wp-caption aligncenter\"><img decoding=\"async\" loading=\"lazy\" class=\"wp-image-5151 size-full\" src=\"https:\/\/www.evento.love\/blog\/wp-content\/uploads\/2019\/08\/zapatos-novia-otono-lolitablu-evento.love_-e1565592678341.jpg\" alt=\"zapatos para una novia de oto\u00f1o\" width=\"1172\" height=\"710\" srcset=\"https:\/\/www.evento.love\/blog\/wp-content\/uploads\/2019\/08\/zapatos-novia-otono-lolitablu-evento.love_-e1565592678341.jpg 1172w, https:\/\/www.evento.love\/blog\/wp-content\/uploads\/2019\/08\/zapatos-novia-otono-lolitablu-evento.love_-e1565592678341-300x182.jpg 300w, https:\/\/www.evento.love\/blog\/wp-content\/uploads\/2019\/08\/zapatos-novia-otono-lolitablu-evento.love_-e1565592678341-768x465.jpg 768w, https:\/\/www.evento.love\/blog\/wp-content\/uploads\/2019\/08\/zapatos-novia-otono-lolitablu-evento.love_-e1565592678341-1024x620.jpg 1024w, https:\/\/www.evento.love\/blog\/wp-content\/uploads\/2019\/08\/zapatos-novia-otono-lolitablu-evento.love_-e1565592678341-446x270.jpg 446w\" sizes=\"(max-width: 1172px) 100vw, 1172px\" \/><figcaption id=\"caption-attachment-5151\" class=\"wp-caption-text\">Lolitablu<\/figcaption><\/figure>\n<h2>6. El granate, \u00a1uno de los colores del oto\u00f1o!<\/h2>\n<p>&nbsp;<\/p>\n<figure id=\"attachment_5152\" aria-describedby=\"caption-attachment-5152\" style=\"width: 720px\" class=\"wp-caption aligncenter\"><img decoding=\"async\" loading=\"lazy\" class=\"wp-image-5152 size-full\" src=\"https:\/\/www.evento.love\/blog\/wp-content\/uploads\/2019\/08\/zapatos-novia-otono-nuriacobo-evento.love_.jpg\" alt=\"boda de oto\u00f1o\" width=\"720\" height=\"506\" srcset=\"https:\/\/www.evento.love\/blog\/wp-content\/uploads\/2019\/08\/zapatos-novia-otono-nuriacobo-evento.love_.jpg 720w, https:\/\/www.evento.love\/blog\/wp-content\/uploads\/2019\/08\/zapatos-novia-otono-nuriacobo-evento.love_-300x211.jpg 300w, https:\/\/www.evento.love\/blog\/wp-content\/uploads\/2019\/08\/zapatos-novia-otono-nuriacobo-evento.love_-384x270.jpg 384w\" sizes=\"(max-width: 720px) 100vw, 720px\" \/><figcaption id=\"caption-attachment-5152\" class=\"wp-caption-text\">Nuria Cobo<\/figcaption><\/figure>\n<h2>7. Sandalia en verde y dorado<\/h2>\n<figure id=\"attachment_5153\" aria-describedby=\"caption-attachment-5153\" style=\"width: 682px\" class=\"wp-caption aligncenter\"><img decoding=\"async\" loading=\"lazy\" class=\"wp-image-5153 size-full\" src=\"https:\/\/www.evento.love\/blog\/wp-content\/uploads\/2019\/08\/zapatos-novia-otono-customandchic-evento.love_-e1565592732231.jpg\" alt=\"zapatos para una novia de oto\u00f1o\" width=\"682\" height=\"492\" srcset=\"https:\/\/www.evento.love\/blog\/wp-content\/uploads\/2019\/08\/zapatos-novia-otono-customandchic-evento.love_-e1565592732231.jpg 682w, https:\/\/www.evento.love\/blog\/wp-content\/uploads\/2019\/08\/zapatos-novia-otono-customandchic-evento.love_-e1565592732231-300x216.jpg 300w, https:\/\/www.evento.love\/blog\/wp-content\/uploads\/2019\/08\/zapatos-novia-otono-customandchic-evento.love_-e1565592732231-374x270.jpg 374w\" sizes=\"(max-width: 682px) 100vw, 682px\" \/><figcaption id=\"caption-attachment-5153\" class=\"wp-caption-text\">Custom and chic<\/figcaption><\/figure>\n<h2>8. Rosa empolvado con maxi flor<\/h2>\n<figure id=\"attachment_5154\" aria-describedby=\"caption-attachment-5154\" style=\"width: 1526px\" class=\"wp-caption aligncenter\"><img decoding=\"async\" loading=\"lazy\" class=\"wp-image-5154 size-full\" src=\"https:\/\/www.evento.love\/blog\/wp-content\/uploads\/2019\/08\/zapatos-novia-otono-rosa-clara-evento.love_-e1565592759508.jpg\" alt=\"zapatos para una novia de oto\u00f1o\" width=\"1526\" height=\"1032\" srcset=\"https:\/\/www.evento.love\/blog\/wp-content\/uploads\/2019\/08\/zapatos-novia-otono-rosa-clara-evento.love_-e1565592759508.jpg 1526w, https:\/\/www.evento.love\/blog\/wp-content\/uploads\/2019\/08\/zapatos-novia-otono-rosa-clara-evento.love_-e1565592759508-300x203.jpg 300w, https:\/\/www.evento.love\/blog\/wp-content\/uploads\/2019\/08\/zapatos-novia-otono-rosa-clara-evento.love_-e1565592759508-768x519.jpg 768w, https:\/\/www.evento.love\/blog\/wp-content\/uploads\/2019\/08\/zapatos-novia-otono-rosa-clara-evento.love_-e1565592759508-1024x693.jpg 1024w, https:\/\/www.evento.love\/blog\/wp-content\/uploads\/2019\/08\/zapatos-novia-otono-rosa-clara-evento.love_-e1565592759508-399x270.jpg 399w\" sizes=\"(max-width: 1526px) 100vw, 1526px\" \/><figcaption id=\"caption-attachment-5154\" class=\"wp-caption-text\">Rosa Clar\u00e1<\/figcaption><\/figure>\n<h2>9. Glitter<\/h2>\n<figure id=\"attachment_5155\" aria-describedby=\"caption-attachment-5155\" style=\"width: 1955px\" class=\"wp-caption aligncenter\"><img decoding=\"async\" loading=\"lazy\" class=\"wp-image-5155 size-full\" src=\"https:\/\/www.evento.love\/blog\/wp-content\/uploads\/2019\/08\/zapatos-novia-otono-doriani-evento.love_-e1565592786834.jpg\" alt=\"zapatos para una novia de oto\u00f1o\" width=\"1955\" height=\"1430\" srcset=\"https:\/\/www.evento.love\/blog\/wp-content\/uploads\/2019\/08\/zapatos-novia-otono-doriani-evento.love_-e1565592786834.jpg 1955w, https:\/\/www.evento.love\/blog\/wp-content\/uploads\/2019\/08\/zapatos-novia-otono-doriani-evento.love_-e1565592786834-300x219.jpg 300w, https:\/\/www.evento.love\/blog\/wp-content\/uploads\/2019\/08\/zapatos-novia-otono-doriani-evento.love_-e1565592786834-768x562.jpg 768w, https:\/\/www.evento.love\/blog\/wp-content\/uploads\/2019\/08\/zapatos-novia-otono-doriani-evento.love_-e1565592786834-1024x749.jpg 1024w, https:\/\/www.evento.love\/blog\/wp-content\/uploads\/2019\/08\/zapatos-novia-otono-doriani-evento.love_-e1565592786834-369x270.jpg 369w\" sizes=\"(max-width: 1955px) 100vw, 1955px\" \/><figcaption id=\"caption-attachment-5155\" class=\"wp-caption-text\">Doriani<\/figcaption><\/figure>\n<h2>10. En rosa y con cristales de Swarovski<\/h2>\n<figure id=\"attachment_5156\" aria-describedby=\"caption-attachment-5156\" style=\"width: 550px\" class=\"wp-caption aligncenter\"><img decoding=\"async\" loading=\"lazy\" class=\"wp-image-5156 size-full\" src=\"https:\/\/www.evento.love\/blog\/wp-content\/uploads\/2019\/08\/zapatos-novia-otono-lodi-evento.love_.jpg\" alt=\"zapatos\" width=\"550\" height=\"550\" srcset=\"https:\/\/www.evento.love\/blog\/wp-content\/uploads\/2019\/08\/zapatos-novia-otono-lodi-evento.love_.jpg 550w, https:\/\/www.evento.love\/blog\/wp-content\/uploads\/2019\/08\/zapatos-novia-otono-lodi-evento.love_-150x150.jpg 150w, https:\/\/www.evento.love\/blog\/wp-content\/uploads\/2019\/08\/zapatos-novia-otono-lodi-evento.love_-300x300.jpg 300w, https:\/\/www.evento.love\/blog\/wp-content\/uploads\/2019\/08\/zapatos-novia-otono-lodi-evento.love_-270x270.jpg 270w\" sizes=\"(max-width: 550px) 100vw, 550px\" \/><figcaption id=\"caption-attachment-5156\" class=\"wp-caption-text\">Lodi<\/figcaption><\/figure>\n<p>\u00bfCon cu\u00e1l de estos zapatos para una novia de oto\u00f1o te quedar\u00edas?, \u00bfte atrever\u00edas con un toque de color? \u00a1Cu\u00e9ntanoslo en comentarios y en <a href=\"https:\/\/www.instagram.com\/evento.love\/?utm_source=post&amp;utm_medium=zapatos-boda-otono\" target=\"_blank\" rel=\"noopener noreferrer\">nuestras redes<\/a>! Y si quieres que te ayudamos con la organizaci\u00f3n de tu gran d\u00eda, que te asesoremos con el look nupcial y convirtamos los preparativos en una experiencia inolvidable, escr\u00edbenos a <a href=\"mailto:hola@evento.love\" target=\"_blank\" rel=\"noopener noreferrer\">hola@evento.love<\/a> \ud83d\ude42<\/p>\n    <div class=\"related-post grid\">\r\n                <div class=\"headline\">M\u00e1s art\u00edculos a tener en cuenta<\/div>\r\n        <div class=\"post-list \">\r\n\r\n                        <div class=\"item\">\r\n                        <div class=\"thumb post_thumb\">\r\n        <a  title=\"5+1 ideas imprescindibles para dar un toque especial a tu boda\" href=\"https:\/\/www.evento.love\/blog\/ideas-imprescindibles-tu-boda-madrid\/\">\r\n\r\n            <img width=\"150\" height=\"150\" src=\"https:\/\/www.evento.love\/blog\/wp-content\/uploads\/2017\/04\/17_04_01-150x150.jpg\" class=\"attachment-thumbnail size-thumbnail wp-post-image\" alt=\"Ideas para tu boda organizaci\u00f3n eventos madrid\" decoding=\"async\" loading=\"lazy\" \/>\r\n\r\n        <\/a>\r\n    <\/div>\r\n\r\n    <a class=\"title post_title\"  title=\"5+1 ideas imprescindibles para dar un toque especial a tu boda\" href=\"https:\/\/www.evento.love\/blog\/ideas-imprescindibles-tu-boda-madrid\/\">\r\n                5+1 ideas imprescindibles para dar un toque especial a tu boda    <\/a>\r\n\r\n                <\/div>\r\n                            <div class=\"item\">\r\n                        <div class=\"thumb post_thumb\">\r\n        <a  title=\"\u00bfQu\u00e9 es una preboda?\" href=\"https:\/\/www.evento.love\/blog\/que-es-una-preboda-madrid\/\">\r\n\r\n            <img width=\"150\" height=\"150\" src=\"https:\/\/www.evento.love\/blog\/wp-content\/uploads\/2017\/04\/17_04_15-150x150.jpg\" class=\"attachment-thumbnail size-thumbnail wp-post-image\" alt=\"preboda boda fotograf\u00eda novios madrid\" decoding=\"async\" loading=\"lazy\" \/>\r\n\r\n        <\/a>\r\n    <\/div>\r\n\r\n    <a class=\"title post_title\"  title=\"\u00bfQu\u00e9 es una preboda?\" href=\"https:\/\/www.evento.love\/blog\/que-es-una-preboda-madrid\/\">\r\n                \u00bfQu\u00e9 es una preboda?    <\/a>\r\n\r\n                <\/div>\r\n                            <div class=\"item\">\r\n                        <div class=\"thumb post_thumb\">\r\n        <a  title=\"Consejos para organizar una sesi\u00f3n postboda\" href=\"https:\/\/www.evento.love\/blog\/consejos-sesion-postboda-madrid\/\">\r\n\r\n            <img width=\"150\" height=\"150\" src=\"https:\/\/www.evento.love\/blog\/wp-content\/uploads\/2017\/05\/17_05_10-150x150.jpg\" class=\"attachment-thumbnail size-thumbnail wp-post-image\" alt=\"Consejos para una sesi\u00f3n de fotograf\u00eda postboda en Madrid\" decoding=\"async\" loading=\"lazy\" \/>\r\n\r\n        <\/a>\r\n    <\/div>\r\n\r\n    <a class=\"title post_title\"  title=\"Consejos para organizar una sesi\u00f3n postboda\" href=\"https:\/\/www.evento.love\/blog\/consejos-sesion-postboda-madrid\/\">\r\n                Consejos para organizar una sesi\u00f3n postboda    <\/a>\r\n\r\n                <\/div>\r\n                            <div class=\"item\">\r\n                        <div class=\"thumb post_thumb\">\r\n        <a  title=\"Cinco hermosos textos para leer en una boda\" href=\"https:\/\/www.evento.love\/blog\/cinco-hermosos-textos-pueden-leer-boda\/\">\r\n\r\n            <img width=\"150\" height=\"150\" src=\"https:\/\/www.evento.love\/blog\/wp-content\/uploads\/2017\/06\/16_06_08-150x150.jpg\" class=\"attachment-thumbnail size-thumbnail wp-post-image\" alt=\"textos para leer en una boda religiosa civil madrid\" decoding=\"async\" loading=\"lazy\" \/>\r\n\r\n        <\/a>\r\n    <\/div>\r\n\r\n    <a class=\"title post_title\"  title=\"Cinco hermosos textos para leer en una boda\" href=\"https:\/\/www.evento.love\/blog\/cinco-hermosos-textos-pueden-leer-boda\/\">\r\n                Cinco hermosos textos para leer en una boda    <\/a>\r\n\r\n                <\/div>\r\n            \r\n    <\/div>\r\n\r\n    <script>\r\n            <\/script>\r\n    <style>\r\n        .related-post {}\r\n\r\n        .related-post .post-list {\r\n            text-align: left;\r\n                    }\r\n\r\n        .related-post .post-list .item {\r\n            margin: 5px 10px;\r\n            padding: 0px;\r\n                    }\r\n\r\n        .related-post .headline {\r\n            font-size: 24px !important;\r\n            color: #000000 !important;\r\n                    }\r\n\r\n        .related-post .headline{\r\nfont-weight:400 !important;\r\ntext-transform: uppercase;\r\n}.related-post .post-list .item .post_thumb {\r\n            max-height: 180px;\r\n            margin: 10px 0px;\r\n            padding: 0px;\r\n            display: block;\r\n                    }\r\n\r\n        .related-post .post-list .item .post_title {\r\n            font-size: 12px;\r\n            color: #607d8b;\r\n            margin: 10px 0px;\r\n            padding: 0px;\r\n            display: block;\r\n            text-decoration: none;\r\n                    }\r\n\r\n        .related-post .post-list .item .post_excerpt {\r\n            font-size: 13px;\r\n            color: #3f3f3f;\r\n            margin: 10px 0px;\r\n            padding: 0px;\r\n            display: block;\r\n            text-decoration: none;\r\n                    }\r\n\r\n        @media only screen and (min-width: 1024px) {\r\n            .related-post .post-list .item {\r\n                width: 22%;\r\n            }\r\n        }\r\n\r\n        @media only screen and (min-width: 768px) and (max-width: 1023px) {\r\n            .related-post .post-list .item {\r\n                width: 90%;\r\n            }\r\n        }\r\n\r\n        @media only screen and (min-width: 0px) and (max-width: 767px) {\r\n            .related-post .post-list .item {\r\n                width: 30%;\r\n            }\r\n        }\r\n\r\n            <\/style>\r\n        <\/div>\r\n<!-- AddThis Advanced Settings generic via filter on the_content --><!-- AddThis Share Buttons generic via filter on the_content -->","protected":false},"excerpt":{"rendered":"<p>\u00bfC\u00f3mo est\u00e1is pasando el mes de agosto? Desde Evento.love no paramos de trabajar en proyectos nuevos con una sonrisa de oreja a oreja. \u00a1Nos encanta tener tanto movimiento tambi\u00e9n de vacaciones! M\u00e1s art\u00edculos a tener en cuenta Juegos y actividades en tu baby shower C\u00f3mo inmortalizar tu baby shower Juegos en el baby shower Un beb\u00e9 en camino \u00bfBaby shower o bautizo?<!-- AddThis Advanced Settings generic via filter on get_the_excerpt --><!-- AddThis Share Buttons generic via filter on get_the_excerpt --><\/p>\n    <div class=\"related-post grid\">\r\n                <div class=\"headline\">M\u00e1s art\u00edculos a tener en cuenta<\/div>\r\n        <div class=\"post-list \">\r\n\r\n                        <div class=\"item\">\r\n                        <div class=\"thumb post_thumb\">\r\n        <a  title=\"Baby Shower, mucho m\u00e1s que un evento social\" href=\"https:\/\/www.evento.love\/blog\/baby-shower-evento-social-madrid\/\">\r\n\r\n            <img width=\"150\" height=\"150\" src=\"https:\/\/www.evento.love\/blog\/wp-content\/uploads\/2016\/07\/babyshower-150x150.jpg\" class=\"attachment-thumbnail size-thumbnail wp-post-image\" alt=\"baby shower-fiesta-beb\u00e9-embarazo-embarazada\" decoding=\"async\" loading=\"lazy\" \/>\r\n\r\n        <\/a>\r\n    <\/div>\r\n\r\n    <a class=\"title post_title\"  title=\"Baby Shower, mucho m\u00e1s que un evento social\" href=\"https:\/\/www.evento.love\/blog\/baby-shower-evento-social-madrid\/\">\r\n                Baby Shower, mucho m\u00e1s que un evento social    <\/a>\r\n\r\n                <\/div>\r\n                            <div class=\"item\">\r\n                        <div class=\"thumb post_thumb\">\r\n        <a  title=\"12 consejos para un Baby Shower perfecto\" href=\"https:\/\/www.evento.love\/blog\/12-consejos-baby-shower-perfecto-madrid\/\">\r\n\r\n            <img width=\"150\" height=\"150\" src=\"https:\/\/www.evento.love\/blog\/wp-content\/uploads\/2016\/09\/16_05_20_12_consejos-para-que-tu-Baby-Shower-sea-perfecto-150x150.jpg\" class=\"attachment-thumbnail size-thumbnail wp-post-image\" alt=\"Baby Shower-perfecto-beb\u00e9-embarazado-embarazada-fiesta-babyshower\" decoding=\"async\" loading=\"lazy\" \/>\r\n\r\n        <\/a>\r\n    <\/div>\r\n\r\n    <a class=\"title post_title\"  title=\"12 consejos para un Baby Shower perfecto\" href=\"https:\/\/www.evento.love\/blog\/12-consejos-baby-shower-perfecto-madrid\/\">\r\n                12 consejos para un Baby Shower perfecto    <\/a>\r\n\r\n                <\/div>\r\n                            <div class=\"item\">\r\n                        <div class=\"thumb post_thumb\">\r\n        <a  title=\"Cu\u00e1ndo hacer el Baby Shower\" href=\"https:\/\/www.evento.love\/blog\/cuando-hacer-el-baby-shower-madrid\/\">\r\n\r\n            <img width=\"150\" height=\"150\" src=\"https:\/\/www.evento.love\/blog\/wp-content\/uploads\/2016\/09\/16_05_23_Cuando-hacer-el-Baby-Shower-150x150.jpg\" class=\"attachment-thumbnail size-thumbnail wp-post-image\" alt=\"Cu\u00e1ndo hacer el baby shower beb\u00e9 embarazo fiesta en Madrid\" decoding=\"async\" loading=\"lazy\" \/>\r\n\r\n        <\/a>\r\n    <\/div>\r\n\r\n    <a class=\"title post_title\"  title=\"Cu\u00e1ndo hacer el Baby Shower\" href=\"https:\/\/www.evento.love\/blog\/cuando-hacer-el-baby-shower-madrid\/\">\r\n                Cu\u00e1ndo hacer el Baby Shower    <\/a>\r\n\r\n                <\/div>\r\n                            <div class=\"item\">\r\n                        <div class=\"thumb post_thumb\">\r\n        <a  title=\"\u00bfQui\u00e9n debe organizar el Baby Shower?\" href=\"https:\/\/www.evento.love\/blog\/quien-organizar-baby-shower-madrid\/\">\r\n\r\n            <img width=\"150\" height=\"150\" src=\"https:\/\/www.evento.love\/blog\/wp-content\/uploads\/2016\/09\/16_05_29_Qui\u00e9n-organiza-el-Baby-Shower-150x150.jpg\" class=\"attachment-thumbnail size-thumbnail wp-post-image\" alt=\"Organizaci\u00f3n Baby Shower Madrid fiesta beb\u00e9 embarazada\" decoding=\"async\" loading=\"lazy\" \/>\r\n\r\n        <\/a>\r\n    <\/div>\r\n\r\n    <a class=\"title post_title\"  title=\"\u00bfQui\u00e9n debe organizar el Baby Shower?\" href=\"https:\/\/www.evento.love\/blog\/quien-organizar-baby-shower-madrid\/\">\r\n                \u00bfQui\u00e9n debe organizar el Baby Shower?    <\/a>\r\n\r\n                <\/div>\r\n            \r\n    <\/div>\r\n\r\n    <script>\r\n            <\/script>\r\n    <style>\r\n        .related-post {}\r\n\r\n        .related-post .post-list {\r\n            text-align: left;\r\n                    }\r\n\r\n        .related-post .post-list .item {\r\n            margin: 5px 10px;\r\n            padding: 0px;\r\n                    }\r\n\r\n        .related-post .headline {\r\n            font-size: 24px !important;\r\n            color: #000000 !important;\r\n                    }\r\n\r\n        .related-post .headline{\r\nfont-weight:400 !important;\r\ntext-transform: uppercase;\r\n}.related-post .post-list .item .post_thumb {\r\n            max-height: 180px;\r\n            margin: 10px 0px;\r\n            padding: 0px;\r\n            display: block;\r\n                    }\r\n\r\n        .related-post .post-list .item .post_title {\r\n            font-size: 12px;\r\n            color: #607d8b;\r\n            margin: 10px 0px;\r\n            padding: 0px;\r\n            display: block;\r\n            text-decoration: none;\r\n                    }\r\n\r\n        .related-post .post-list .item .post_excerpt {\r\n            font-size: 13px;\r\n            color: #3f3f3f;\r\n            margin: 10px 0px;\r\n            padding: 0px;\r\n            display: block;\r\n            text-decoration: none;\r\n                    }\r\n\r\n        @media only screen and (min-width: 1024px) {\r\n            .related-post .post-list .item {\r\n                width: 22%;\r\n            }\r\n        }\r\n\r\n        @media only screen and (min-width: 768px) and (max-width: 1023px) {\r\n            .related-post .post-list .item {\r\n                width: 90%;\r\n            }\r\n        }\r\n\r\n        @media only screen and (min-width: 0px) and (max-width: 767px) {\r\n            .related-post .post-list .item {\r\n                width: 30%;\r\n            }\r\n        }\r\n\r\n            <\/style>\r\n        <\/div>\r\n","protected":false},"author":1,"featured_media":5154,"comment_status":"closed","ping_status":"closed","sticky":false,"template":"","format":"standard","meta":{"content-type":""},"categories":[756],"tags":[1410,987,1409,1263,1414,1411,888,1413,1412,1408],"yoast_head":"<!-- This site is optimized with the Yoast SEO plugin v20.7 - https:\/\/yoast.com\/wordpress\/plugins\/seo\/ -->\n<title>10 zapatos para una novia de oto\u00f1o - El Blog de evento.love<\/title>\n<meta name=\"description\" content=\"Los zapatos para una novia de oto\u00f1o m\u00e1s ideales de la temporada 2019 y para todos los estilos, de todos los colores y con tacones de diferentes alturas.\" \/>\n<meta name=\"robots\" content=\"index, follow, max-snippet:-1, max-image-preview:large, max-video-preview:-1\" \/>\n<meta property=\"og:locale\" content=\"es_ES\" \/>\n<meta property=\"og:type\" content=\"article\" \/>\n<meta property=\"og:title\" content=\"10 zapatos para una novia de oto\u00f1o - El Blog de evento.love\" \/>\n<meta property=\"og:description\" content=\"Los zapatos para una novia de oto\u00f1o m\u00e1s ideales de la temporada 2019 y para todos los estilos, de todos los colores y con tacones de diferentes alturas.\" \/>\n<meta property=\"og:url\" content=\"https:\/\/www.evento.love\/blog\/10-zapatos-para-una-novia-de-otono\/\" \/>\n<meta property=\"og:site_name\" content=\"El Blog de evento.love\" \/>\n<meta property=\"article:publisher\" content=\"https:\/\/www.facebook.com\/Evento.love\/\" \/>\n<meta property=\"article:published_time\" content=\"2019-08-12T07:08:36+00:00\" \/>\n<meta property=\"og:image\" content=\"https:\/\/www.evento.love\/blog\/wp-content\/uploads\/2019\/08\/zapatos-novia-otono-rosa-clara-evento.love_-e1565592759508.jpg\" \/>\n\t<meta property=\"og:image:width\" content=\"1526\" \/>\n\t<meta property=\"og:image:height\" content=\"1032\" \/>\n\t<meta property=\"og:image:type\" content=\"image\/jpeg\" \/>\n<meta name=\"author\" content=\"Evento Love\" \/>\n<meta name=\"twitter:card\" content=\"summary_large_image\" \/>\n<meta name=\"twitter:creator\" content=\"@Evento_love\" \/>\n<meta name=\"twitter:site\" content=\"@Evento_love\" \/>\n<meta name=\"twitter:label1\" content=\"Escrito por\" \/>\n\t<meta name=\"twitter:data1\" content=\"Evento Love\" \/>\n\t<meta name=\"twitter:label2\" content=\"Tiempo de lectura\" \/>\n\t<meta name=\"twitter:data2\" content=\"2 minutos\" \/>\n<!-- \/ Yoast SEO plugin. -->","yoast_head_json":{"title":"10 zapatos para una novia de oto\u00f1o - El Blog de evento.love","description":"Los zapatos para una novia de oto\u00f1o m\u00e1s ideales de la temporada 2019 y para todos los estilos, de todos los colores y con tacones de diferentes alturas.","robots":{"index":"index","follow":"follow","max-snippet":"max-snippet:-1","max-image-preview":"max-image-preview:large","max-video-preview":"max-video-preview:-1"},"og_locale":"es_ES","og_type":"article","og_title":"10 zapatos para una novia de oto\u00f1o - El Blog de evento.love","og_description":"Los zapatos para una novia de oto\u00f1o m\u00e1s ideales de la temporada 2019 y para todos los estilos, de todos los colores y con tacones de diferentes alturas.","og_url":"https:\/\/www.evento.love\/blog\/10-zapatos-para-una-novia-de-otono\/","og_site_name":"El Blog de evento.love","article_publisher":"https:\/\/www.facebook.com\/Evento.love\/","article_published_time":"2019-08-12T07:08:36+00:00","og_image":[{"width":1526,"height":1032,"url":"https:\/\/www.evento.love\/blog\/wp-content\/uploads\/2019\/08\/zapatos-novia-otono-rosa-clara-evento.love_-e1565592759508.jpg","type":"image\/jpeg"}],"author":"Evento Love","twitter_card":"summary_large_image","twitter_creator":"@Evento_love","twitter_site":"@Evento_love","twitter_misc":{"Escrito por":"Evento Love","Tiempo de lectura":"2 minutos"},"schema":{"@context":"https:\/\/schema.org","@graph":[{"@type":"Article","@id":"https:\/\/www.evento.love\/blog\/10-zapatos-para-una-novia-de-otono\/#article","isPartOf":{"@id":"https:\/\/www.evento.love\/blog\/10-zapatos-para-una-novia-de-otono\/"},"author":{"name":"Evento Love","@id":"https:\/\/www.evento.love\/blog\/#\/schema\/person\/a184c2ed424b7fb3006372ce8051542c"},"headline":"10 zapatos para una novia de oto\u00f1o","datePublished":"2019-08-12T07:08:36+00:00","dateModified":"2019-08-12T07:08:36+00:00","mainEntityOfPage":{"@id":"https:\/\/www.evento.love\/blog\/10-zapatos-para-una-novia-de-otono\/"},"wordCount":373,"publisher":{"@id":"https:\/\/www.evento.love\/blog\/#organization"},"keywords":["autumn weddings","bodas 2019","bodas de oto\u00f1o","ideas para bodas","tendencias de novia tendencias 2019","tendencias en zapatos de novia","wedding planner","zapatos de novia con color","zapatos de novia de terciopelo","zapatos para una novia de oto\u00f1o"],"articleSection":["Bodas"],"inLanguage":"es"},{"@type":"WebPage","@id":"https:\/\/www.evento.love\/blog\/10-zapatos-para-una-novia-de-otono\/","url":"https:\/\/www.evento.love\/blog\/10-zapatos-para-una-novia-de-otono\/","name":"10 zapatos para una novia de oto\u00f1o - El Blog de evento.love","isPartOf":{"@id":"https:\/\/www.evento.love\/blog\/#website"},"datePublished":"2019-08-12T07:08:36+00:00","dateModified":"2019-08-12T07:08:36+00:00","description":"Los zapatos para una novia de oto\u00f1o m\u00e1s ideales de la temporada 2019 y para todos los estilos, de todos los colores y con tacones de diferentes alturas.","breadcrumb":{"@id":"https:\/\/www.evento.love\/blog\/10-zapatos-para-una-novia-de-otono\/#breadcrumb"},"inLanguage":"es","potentialAction":[{"@type":"ReadAction","target":["https:\/\/www.evento.love\/blog\/10-zapatos-para-una-novia-de-otono\/"]}]},{"@type":"BreadcrumbList","@id":"https:\/\/www.evento.love\/blog\/10-zapatos-para-una-novia-de-otono\/#breadcrumb","itemListElement":[{"@type":"ListItem","position":1,"name":"Evento.love","item":"https:\/\/www.evento.love\/blog\/"},{"@type":"ListItem","position":2,"name":"Bodas","item":"https:\/\/www.evento.love\/blog\/category\/bodas\/"},{"@type":"ListItem","position":3,"name":"10 zapatos para una novia de oto\u00f1o"}]},{"@type":"WebSite","@id":"https:\/\/www.evento.love\/blog\/#website","url":"https:\/\/www.evento.love\/blog\/","name":"El Blog de evento.love","description":"T\u00fa lo mereces. Disfruta de tu momento","publisher":{"@id":"https:\/\/www.evento.love\/blog\/#organization"},"potentialAction":[{"@type":"SearchAction","target":{"@type":"EntryPoint","urlTemplate":"https:\/\/www.evento.love\/blog\/?s={search_term_string}"},"query-input":"required name=search_term_string"}],"inLanguage":"es"},{"@type":"Organization","@id":"https:\/\/www.evento.love\/blog\/#organization","name":"evento.love","url":"https:\/\/www.evento.love\/blog\/","logo":{"@type":"ImageObject","inLanguage":"es","@id":"https:\/\/www.evento.love\/blog\/#\/schema\/logo\/image\/","url":"https:\/\/www.evento.love\/blog\/wp-content\/uploads\/2016\/07\/logo-evento-love.png","contentUrl":"https:\/\/www.evento.love\/blog\/wp-content\/uploads\/2016\/07\/logo-evento-love.png","width":197,"height":59,"caption":"evento.love"},"image":{"@id":"https:\/\/www.evento.love\/blog\/#\/schema\/logo\/image\/"},"sameAs":["https:\/\/www.facebook.com\/Evento.love\/","https:\/\/twitter.com\/Evento_love","https:\/\/www.instagram.com\/evento.love\/","https:\/\/es.pinterest.com\/evento_love\/","https:\/\/www.youtube.com\/channel\/UCcVbo6ymzx-7FlDJja8aQnw"]},{"@type":"Person","@id":"https:\/\/www.evento.love\/blog\/#\/schema\/person\/a184c2ed424b7fb3006372ce8051542c","name":"Evento Love"}]}},"_links":{"self":[{"href":"https:\/\/www.evento.love\/blog\/wp-json\/wp\/v2\/posts\/5144"}],"collection":[{"href":"https:\/\/www.evento.love\/blog\/wp-json\/wp\/v2\/posts"}],"about":[{"href":"https:\/\/www.evento.love\/blog\/wp-json\/wp\/v2\/types\/post"}],"author":[{"embeddable":true,"href":"https:\/\/www.evento.love\/blog\/wp-json\/wp\/v2\/users\/1"}],"replies":[{"embeddable":true,"href":"https:\/\/www.evento.love\/blog\/wp-json\/wp\/v2\/comments?post=5144"}],"version-history":[{"count":4,"href":"https:\/\/www.evento.love\/blog\/wp-json\/wp\/v2\/posts\/5144\/revisions"}],"predecessor-version":[{"id":5160,"href":"https:\/\/www.evento.love\/blog\/wp-json\/wp\/v2\/posts\/5144\/revisions\/5160"}],"wp:featuredmedia":[{"embeddable":true,"href":"https:\/\/www.evento.love\/blog\/wp-json\/wp\/v2\/media\/5154"}],"wp:attachment":[{"href":"https:\/\/www.evento.love\/blog\/wp-json\/wp\/v2\/media?parent=5144"}],"wp:term":[{"taxonomy":"category","embeddable":true,"href":"https:\/\/www.evento.love\/blog\/wp-json\/wp\/v2\/categories?post=5144"},{"taxonomy":"post_tag","embeddable":true,"href":"https:\/\/www.evento.love\/blog\/wp-json\/wp\/v2\/tags?post=5144"}],"curies":[{"name":"wp","href":"https:\/\/api.w.org\/{rel}","templated":true}]}}