{"id":5202,"date":"2019-08-26T09:00:48","date_gmt":"2019-08-26T07:00:48","guid":{"rendered":"https:\/\/www.evento.love\/blog\/?p=5202"},"modified":"2019-08-25T20:24:38","modified_gmt":"2019-08-25T18:24:38","slug":"8-tartas-personalizadas-y-originales-para-tu-evento","status":"publish","type":"post","link":"https:\/\/www.evento.love\/blog\/8-tartas-personalizadas-y-originales-para-tu-evento\/","title":{"rendered":"8 tartas personalizadas y originales para tu evento"},"content":{"rendered":"<p>Aunque ya hemos hablado en alguna otra ocasi\u00f3n de ellas, hoy queremos darles otra vez el protagonismo que se merecen, y recopilar nuestras mejores creaciones de los \u00faltimos meses. Hablamos, c\u00f3mo no, de nuestras tartas personalizadas.<!--more--><\/p>\n<p>Sabemos que son obras comestibles, que tarde o temprano ser\u00e1n devoradas y que son completamente ef\u00edmeras. \u00a1Y eso es lo que m\u00e1s nos gusta! Las tartas son algo b\u00e1sico para un evento, son la viva imagen de la celebraci\u00f3n y la alegr\u00eda, ya sea en una boda, un bautizo, una comuni\u00f3n, un evento de empresa y, por supuesto, \u00a1un cumplea\u00f1os!<\/p>\n<p>Por eso ponemos much\u00edsimo cari\u00f1o y esfuerzo para que este elemento sea tal y como lo so\u00f1\u00e1is. Para empezar, solo necesitamos que nos dig\u00e1is el n\u00famero aproximado de invitados, los sabores que m\u00e1s os gusten y vuestra tem\u00e1tica o estilo preferido. A partir de ah\u00ed, nos encargaremos con nuestro obrador de dise\u00f1ar el boceto que despu\u00e9s se har\u00e1 realidad en una tarta que, adem\u00e1s de bonita, \u00a1estar\u00e1 deliciosa!<\/p>\n<p>A continuaci\u00f3n, os mostramos las 8 tartas personalizadas (y completamente artesanales) m\u00e1s ideales que hemos realizado desde principios de a\u00f1o. Ser\u00e1 la manera perfecta de que encontr\u00e9is inspiraci\u00f3n para vuestro evento \ud83d\ude42<\/p>\n<h2>1. Tarta de angelitos para un bautizo<\/h2>\n<p><a href=\"https:\/\/www.evento.love\/blog\/el-bautizo-de-angelitos-de-la-pequena-carlota\/?utm_source=web&amp;utm_medium=post&amp;utm_campaign=tartas-personalizadas-originales\"><img decoding=\"async\" loading=\"lazy\" class=\"aligncenter wp-image-5205 size-full\" src=\"https:\/\/www.evento.love\/blog\/wp-content\/uploads\/2019\/08\/tarta-personalizada-bautizo-angelitos-1.jpg\" alt=\"tartas personalizadas\" width=\"850\" height=\"586\" srcset=\"https:\/\/www.evento.love\/blog\/wp-content\/uploads\/2019\/08\/tarta-personalizada-bautizo-angelitos-1.jpg 850w, https:\/\/www.evento.love\/blog\/wp-content\/uploads\/2019\/08\/tarta-personalizada-bautizo-angelitos-1-300x207.jpg 300w, https:\/\/www.evento.love\/blog\/wp-content\/uploads\/2019\/08\/tarta-personalizada-bautizo-angelitos-1-768x529.jpg 768w, https:\/\/www.evento.love\/blog\/wp-content\/uploads\/2019\/08\/tarta-personalizada-bautizo-angelitos-1-392x270.jpg 392w\" sizes=\"(max-width: 850px) 100vw, 850px\" \/><\/a><\/p>\n<h2>2. Tarta futbolera para una comuni\u00f3n<\/h2>\n<p><a href=\"https:\/\/www.evento.love\/blog\/gol-de-luis-una-comunion-con-tematica-futbolera\/?utm_source=web&amp;utm_medium=post&amp;utm_campaign=tartas-personalizadas-originales\"><img decoding=\"async\" loading=\"lazy\" class=\"aligncenter wp-image-5206 size-full\" src=\"https:\/\/www.evento.love\/blog\/wp-content\/uploads\/2019\/08\/tarta-personalizada-comunion-tematica-futbol-9.jpg\" alt=\"tarta de f\u00fatbol\" width=\"850\" height=\"567\" srcset=\"https:\/\/www.evento.love\/blog\/wp-content\/uploads\/2019\/08\/tarta-personalizada-comunion-tematica-futbol-9.jpg 850w, https:\/\/www.evento.love\/blog\/wp-content\/uploads\/2019\/08\/tarta-personalizada-comunion-tematica-futbol-9-300x200.jpg 300w, https:\/\/www.evento.love\/blog\/wp-content\/uploads\/2019\/08\/tarta-personalizada-comunion-tematica-futbol-9-768x512.jpg 768w, https:\/\/www.evento.love\/blog\/wp-content\/uploads\/2019\/08\/tarta-personalizada-comunion-tematica-futbol-9-405x270.jpg 405w\" sizes=\"(max-width: 850px) 100vw, 850px\" \/><\/a><\/p>\n<h2>3. Tarta de frutas para un cumplea\u00f1os infantil<a href=\"https:\/\/www.evento.love\/blog\/un-cumpleanos-de-frutas-para-carlota\/?utm_source=web&amp;utm_medium=post&amp;utm_campaign=tartas-personalizadas-originales\"><img decoding=\"async\" loading=\"lazy\" class=\"aligncenter wp-image-5210\" src=\"https:\/\/www.evento.love\/blog\/wp-content\/uploads\/2019\/08\/tarta-personalizada-cumplea\u00f1os-frutas-2.jpg\" alt=\"Tartas personalizadas\" width=\"850\" height=\"519\" srcset=\"https:\/\/www.evento.love\/blog\/wp-content\/uploads\/2019\/08\/tarta-personalizada-cumplea\u00f1os-frutas-2.jpg 850w, https:\/\/www.evento.love\/blog\/wp-content\/uploads\/2019\/08\/tarta-personalizada-cumplea\u00f1os-frutas-2-300x183.jpg 300w, https:\/\/www.evento.love\/blog\/wp-content\/uploads\/2019\/08\/tarta-personalizada-cumplea\u00f1os-frutas-2-768x469.jpg 768w, https:\/\/www.evento.love\/blog\/wp-content\/uploads\/2019\/08\/tarta-personalizada-cumplea\u00f1os-frutas-2-442x270.jpg 442w\" sizes=\"(max-width: 850px) 100vw, 850px\" \/><\/a><\/h2>\n<h2>4. Naked cake para un babyshower<\/h2>\n<p><a href=\"https:\/\/www.evento.love\/blog\/baby-shower-sorpresa-silvia-de-benito\/?utm_source=web&amp;utm_medium=post&amp;utm_campaign=tartas-personalizadas-originales\"><img decoding=\"async\" loading=\"lazy\" class=\"aligncenter wp-image-5204\" src=\"https:\/\/www.evento.love\/blog\/wp-content\/uploads\/2019\/08\/tarta-personalizada-babyshower-silviadebenito-8.jpg\" alt=\"naked cake\" width=\"850\" height=\"567\" srcset=\"https:\/\/www.evento.love\/blog\/wp-content\/uploads\/2019\/08\/tarta-personalizada-babyshower-silviadebenito-8.jpg 850w, https:\/\/www.evento.love\/blog\/wp-content\/uploads\/2019\/08\/tarta-personalizada-babyshower-silviadebenito-8-300x200.jpg 300w, https:\/\/www.evento.love\/blog\/wp-content\/uploads\/2019\/08\/tarta-personalizada-babyshower-silviadebenito-8-768x512.jpg 768w, https:\/\/www.evento.love\/blog\/wp-content\/uploads\/2019\/08\/tarta-personalizada-babyshower-silviadebenito-8-405x270.jpg 405w\" sizes=\"(max-width: 850px) 100vw, 850px\" \/><\/a><\/p>\n<h2>5. Tarta de cumplea\u00f1os de Pocoy\u00f3<\/h2>\n<p><a href=\"https:\/\/www.evento.love\/blog\/un-cumpleanos-de-pocoyo-para-matteo\/?utm_source=web&amp;utm_medium=post&amp;utm_campaign=tartas-personalizadas-originales\"><img decoding=\"async\" loading=\"lazy\" class=\"aligncenter wp-image-5208 size-full\" src=\"https:\/\/www.evento.love\/blog\/wp-content\/uploads\/2019\/08\/tarta-personalizada-cumpleanos-pocoyo-4.jpg\" alt=\"tarta de Pocoy\u00f3\" width=\"850\" height=\"567\" srcset=\"https:\/\/www.evento.love\/blog\/wp-content\/uploads\/2019\/08\/tarta-personalizada-cumpleanos-pocoyo-4.jpg 850w, https:\/\/www.evento.love\/blog\/wp-content\/uploads\/2019\/08\/tarta-personalizada-cumpleanos-pocoyo-4-300x200.jpg 300w, https:\/\/www.evento.love\/blog\/wp-content\/uploads\/2019\/08\/tarta-personalizada-cumpleanos-pocoyo-4-768x512.jpg 768w, https:\/\/www.evento.love\/blog\/wp-content\/uploads\/2019\/08\/tarta-personalizada-cumpleanos-pocoyo-4-405x270.jpg 405w\" sizes=\"(max-width: 850px) 100vw, 850px\" \/><\/a><\/p>\n<h2>6. Tarta de unicornio para su primer a\u00f1ito<\/h2>\n<p><a href=\"https:\/\/www.evento.love\/blog\/un-cumpleanos-de-unicornios-para-celebrar-el-primer-ano-de-monchito\/?utm_source=web&amp;utm_medium=post&amp;utm_campaign=tartas-personalizadas-originales\"><img decoding=\"async\" loading=\"lazy\" class=\"aligncenter wp-image-5209 size-full\" src=\"https:\/\/www.evento.love\/blog\/wp-content\/uploads\/2019\/08\/tarta-personalizada-cumpleanos-unicornios-1.jpg\" alt=\"tartas personalizadas\" width=\"850\" height=\"553\" srcset=\"https:\/\/www.evento.love\/blog\/wp-content\/uploads\/2019\/08\/tarta-personalizada-cumpleanos-unicornios-1.jpg 850w, https:\/\/www.evento.love\/blog\/wp-content\/uploads\/2019\/08\/tarta-personalizada-cumpleanos-unicornios-1-300x195.jpg 300w, https:\/\/www.evento.love\/blog\/wp-content\/uploads\/2019\/08\/tarta-personalizada-cumpleanos-unicornios-1-768x500.jpg 768w, https:\/\/www.evento.love\/blog\/wp-content\/uploads\/2019\/08\/tarta-personalizada-cumpleanos-unicornios-1-415x270.jpg 415w\" sizes=\"(max-width: 850px) 100vw, 850px\" \/><\/a><\/p>\n<h2>7. Tarta rosa con patucos para una fiesta del beb\u00e9<\/h2>\n<p><a href=\"https:\/\/www.evento.love\/blog\/el-baby-shower-rosa-de-sofia\/?utm_source=web&amp;utm_medium=post&amp;utm_campaign=tartas-personalizadas-originales\"><img decoding=\"async\" loading=\"lazy\" class=\"aligncenter wp-image-5203 size-full\" src=\"https:\/\/www.evento.love\/blog\/wp-content\/uploads\/2019\/08\/tarta-personalizada-babyshower-rosa-9.jpg\" alt=\"tarta para un babyshower\" width=\"850\" height=\"567\" srcset=\"https:\/\/www.evento.love\/blog\/wp-content\/uploads\/2019\/08\/tarta-personalizada-babyshower-rosa-9.jpg 850w, https:\/\/www.evento.love\/blog\/wp-content\/uploads\/2019\/08\/tarta-personalizada-babyshower-rosa-9-300x200.jpg 300w, https:\/\/www.evento.love\/blog\/wp-content\/uploads\/2019\/08\/tarta-personalizada-babyshower-rosa-9-768x512.jpg 768w, https:\/\/www.evento.love\/blog\/wp-content\/uploads\/2019\/08\/tarta-personalizada-babyshower-rosa-9-405x270.jpg 405w\" sizes=\"(max-width: 850px) 100vw, 850px\" \/><\/a><\/p>\n<h2>8. Tarta de Peppa Pig<\/h2>\n<p><a href=\"https:\/\/www.evento.love\/blog\/un-cumpleanos-de-peppa-pig\/?utm_source=web&amp;utm_medium=post&amp;utm_campaign=tartas-personalizadas-originales\"><img decoding=\"async\" loading=\"lazy\" class=\"aligncenter wp-image-5207 size-full\" src=\"https:\/\/www.evento.love\/blog\/wp-content\/uploads\/2019\/08\/tarta-personalizada-cumpleanos-peppa-pic-evento-love-decoracion-madrid-14.jpg\" alt=\"tarta Peppa Pig\" width=\"850\" height=\"567\" srcset=\"https:\/\/www.evento.love\/blog\/wp-content\/uploads\/2019\/08\/tarta-personalizada-cumpleanos-peppa-pic-evento-love-decoracion-madrid-14.jpg 850w, https:\/\/www.evento.love\/blog\/wp-content\/uploads\/2019\/08\/tarta-personalizada-cumpleanos-peppa-pic-evento-love-decoracion-madrid-14-300x200.jpg 300w, https:\/\/www.evento.love\/blog\/wp-content\/uploads\/2019\/08\/tarta-personalizada-cumpleanos-peppa-pic-evento-love-decoracion-madrid-14-768x512.jpg 768w, https:\/\/www.evento.love\/blog\/wp-content\/uploads\/2019\/08\/tarta-personalizada-cumpleanos-peppa-pic-evento-love-decoracion-madrid-14-405x270.jpg 405w\" sizes=\"(max-width: 850px) 100vw, 850px\" \/><\/a><\/p>\n<p>\u00bfCu\u00e1l es vuestra preferida? A nosotras se nos ha dibujado una sonrisa al recordar todos y cada uno de estos eventos que han hecho de lo que llevamos de 2019 un a\u00f1o perfecto. Y todo gracias a vosotros, mam\u00e1s y pap\u00e1s, futuros abuelos, t\u00edos y amigos que han querido dar una sorpresa alguien especial, cumplea\u00f1eros divertidos y novios so\u00f1adores que conf\u00edan en nosotras para su d\u00eda m\u00e1s especial.<\/p>\n<p>&#8211;<\/p>\n<p>Si quieres encargar tu tarta personalizada en Madrid y alrededores, escr\u00edbenos a hola@evento.love. Te llamaremos para que nos cuentes todos los detalles, tus ideas y TODO lo que necesites. Nosotros nos encargamos del resto&#8230;;)<\/p>\n    <div class=\"related-post grid\">\r\n                <div class=\"headline\">M\u00e1s art\u00edculos a tener en cuenta<\/div>\r\n        <div class=\"post-list \">\r\n\r\n                        <div class=\"item\">\r\n                        <div class=\"thumb post_thumb\">\r\n        <a  title=\"Baby Shower, mucho m\u00e1s que un evento social\" href=\"https:\/\/www.evento.love\/blog\/baby-shower-evento-social-madrid\/\">\r\n\r\n            <img width=\"150\" height=\"150\" src=\"https:\/\/www.evento.love\/blog\/wp-content\/uploads\/2016\/07\/babyshower-150x150.jpg\" class=\"attachment-thumbnail size-thumbnail wp-post-image\" alt=\"baby shower-fiesta-beb\u00e9-embarazo-embarazada\" decoding=\"async\" loading=\"lazy\" \/>\r\n\r\n        <\/a>\r\n    <\/div>\r\n\r\n    <a class=\"title post_title\"  title=\"Baby Shower, mucho m\u00e1s que un evento social\" href=\"https:\/\/www.evento.love\/blog\/baby-shower-evento-social-madrid\/\">\r\n                Baby Shower, mucho m\u00e1s que un evento social    <\/a>\r\n\r\n                <\/div>\r\n                            <div class=\"item\">\r\n                        <div class=\"thumb post_thumb\">\r\n        <a  title=\"12 consejos para un Baby Shower perfecto\" href=\"https:\/\/www.evento.love\/blog\/12-consejos-baby-shower-perfecto-madrid\/\">\r\n\r\n            <img width=\"150\" height=\"150\" src=\"https:\/\/www.evento.love\/blog\/wp-content\/uploads\/2016\/09\/16_05_20_12_consejos-para-que-tu-Baby-Shower-sea-perfecto-150x150.jpg\" class=\"attachment-thumbnail size-thumbnail wp-post-image\" alt=\"Baby Shower-perfecto-beb\u00e9-embarazado-embarazada-fiesta-babyshower\" decoding=\"async\" loading=\"lazy\" \/>\r\n\r\n        <\/a>\r\n    <\/div>\r\n\r\n    <a class=\"title post_title\"  title=\"12 consejos para un Baby Shower perfecto\" href=\"https:\/\/www.evento.love\/blog\/12-consejos-baby-shower-perfecto-madrid\/\">\r\n                12 consejos para un Baby Shower perfecto    <\/a>\r\n\r\n                <\/div>\r\n                            <div class=\"item\">\r\n                        <div class=\"thumb post_thumb\">\r\n        <a  title=\"Cu\u00e1ndo hacer el Baby Shower\" href=\"https:\/\/www.evento.love\/blog\/cuando-hacer-el-baby-shower-madrid\/\">\r\n\r\n            <img width=\"150\" height=\"150\" src=\"https:\/\/www.evento.love\/blog\/wp-content\/uploads\/2016\/09\/16_05_23_Cuando-hacer-el-Baby-Shower-150x150.jpg\" class=\"attachment-thumbnail size-thumbnail wp-post-image\" alt=\"Cu\u00e1ndo hacer el baby shower beb\u00e9 embarazo fiesta en Madrid\" decoding=\"async\" loading=\"lazy\" \/>\r\n\r\n        <\/a>\r\n    <\/div>\r\n\r\n    <a class=\"title post_title\"  title=\"Cu\u00e1ndo hacer el Baby Shower\" href=\"https:\/\/www.evento.love\/blog\/cuando-hacer-el-baby-shower-madrid\/\">\r\n                Cu\u00e1ndo hacer el Baby Shower    <\/a>\r\n\r\n                <\/div>\r\n                            <div class=\"item\">\r\n                        <div class=\"thumb post_thumb\">\r\n        <a  title=\"\u00bfQui\u00e9n debe organizar el Baby Shower?\" href=\"https:\/\/www.evento.love\/blog\/quien-organizar-baby-shower-madrid\/\">\r\n\r\n            <img width=\"150\" height=\"150\" src=\"https:\/\/www.evento.love\/blog\/wp-content\/uploads\/2016\/09\/16_05_29_Qui\u00e9n-organiza-el-Baby-Shower-150x150.jpg\" class=\"attachment-thumbnail size-thumbnail wp-post-image\" alt=\"Organizaci\u00f3n Baby Shower Madrid fiesta beb\u00e9 embarazada\" decoding=\"async\" loading=\"lazy\" \/>\r\n\r\n        <\/a>\r\n    <\/div>\r\n\r\n    <a class=\"title post_title\"  title=\"\u00bfQui\u00e9n debe organizar el Baby Shower?\" href=\"https:\/\/www.evento.love\/blog\/quien-organizar-baby-shower-madrid\/\">\r\n                \u00bfQui\u00e9n debe organizar el Baby Shower?    <\/a>\r\n\r\n                <\/div>\r\n            \r\n    <\/div>\r\n\r\n    <script>\r\n            <\/script>\r\n    <style>\r\n        .related-post {}\r\n\r\n        .related-post .post-list {\r\n            text-align: left;\r\n                    }\r\n\r\n        .related-post .post-list .item {\r\n            margin: 5px 10px;\r\n            padding: 0px;\r\n                    }\r\n\r\n        .related-post .headline {\r\n            font-size: 24px !important;\r\n            color: #000000 !important;\r\n                    }\r\n\r\n        .related-post .headline{\r\nfont-weight:400 !important;\r\ntext-transform: uppercase;\r\n}.related-post .post-list .item .post_thumb {\r\n            max-height: 180px;\r\n            margin: 10px 0px;\r\n            padding: 0px;\r\n            display: block;\r\n                    }\r\n\r\n        .related-post .post-list .item .post_title {\r\n            font-size: 12px;\r\n            color: #607d8b;\r\n            margin: 10px 0px;\r\n            padding: 0px;\r\n            display: block;\r\n            text-decoration: none;\r\n                    }\r\n\r\n        .related-post .post-list .item .post_excerpt {\r\n            font-size: 13px;\r\n            color: #3f3f3f;\r\n            margin: 10px 0px;\r\n            padding: 0px;\r\n            display: block;\r\n            text-decoration: none;\r\n                    }\r\n\r\n        @media only screen and (min-width: 1024px) {\r\n            .related-post .post-list .item {\r\n                width: 22%;\r\n            }\r\n        }\r\n\r\n        @media only screen and (min-width: 768px) and (max-width: 1023px) {\r\n            .related-post .post-list .item {\r\n                width: 90%;\r\n            }\r\n        }\r\n\r\n        @media only screen and (min-width: 0px) and (max-width: 767px) {\r\n            .related-post .post-list .item {\r\n                width: 30%;\r\n            }\r\n        }\r\n\r\n            <\/style>\r\n        <\/div>\r\n<!-- AddThis Advanced Settings generic via filter on the_content --><!-- AddThis Share Buttons generic via filter on the_content -->","protected":false},"excerpt":{"rendered":"<p>Aunque ya hemos hablado en alguna otra ocasi\u00f3n de ellas, hoy queremos darles otra vez el protagonismo que se merecen, y recopilar nuestras mejores creaciones de los \u00faltimos meses. Hablamos, c\u00f3mo no, de nuestras tartas personalizadas. M\u00e1s art\u00edculos a tener en cuenta Baby Shower, mucho m\u00e1s que un evento social 12 consejos para un Baby Shower perfecto Cu\u00e1ndo hacer el Baby Shower \u00bfQui\u00e9n debe organizar el Baby Shower?<!-- AddThis Advanced Settings generic via filter on get_the_excerpt --><!-- AddThis Share Buttons generic via filter on get_the_excerpt --><\/p>\n    <div class=\"related-post grid\">\r\n                <div class=\"headline\">M\u00e1s art\u00edculos a tener en cuenta<\/div>\r\n        <div class=\"post-list \">\r\n\r\n                        <div class=\"item\">\r\n                        <div class=\"thumb post_thumb\">\r\n        <a  title=\"Baby Shower, mucho m\u00e1s que un evento social\" href=\"https:\/\/www.evento.love\/blog\/baby-shower-evento-social-madrid\/\">\r\n\r\n            <img width=\"150\" height=\"150\" src=\"https:\/\/www.evento.love\/blog\/wp-content\/uploads\/2016\/07\/babyshower-150x150.jpg\" class=\"attachment-thumbnail size-thumbnail wp-post-image\" alt=\"baby shower-fiesta-beb\u00e9-embarazo-embarazada\" decoding=\"async\" loading=\"lazy\" \/>\r\n\r\n        <\/a>\r\n    <\/div>\r\n\r\n    <a class=\"title post_title\"  title=\"Baby Shower, mucho m\u00e1s que un evento social\" href=\"https:\/\/www.evento.love\/blog\/baby-shower-evento-social-madrid\/\">\r\n                Baby Shower, mucho m\u00e1s que un evento social    <\/a>\r\n\r\n                <\/div>\r\n                            <div class=\"item\">\r\n                        <div class=\"thumb post_thumb\">\r\n        <a  title=\"12 consejos para un Baby Shower perfecto\" href=\"https:\/\/www.evento.love\/blog\/12-consejos-baby-shower-perfecto-madrid\/\">\r\n\r\n            <img width=\"150\" height=\"150\" src=\"https:\/\/www.evento.love\/blog\/wp-content\/uploads\/2016\/09\/16_05_20_12_consejos-para-que-tu-Baby-Shower-sea-perfecto-150x150.jpg\" class=\"attachment-thumbnail size-thumbnail wp-post-image\" alt=\"Baby Shower-perfecto-beb\u00e9-embarazado-embarazada-fiesta-babyshower\" decoding=\"async\" loading=\"lazy\" \/>\r\n\r\n        <\/a>\r\n    <\/div>\r\n\r\n    <a class=\"title post_title\"  title=\"12 consejos para un Baby Shower perfecto\" href=\"https:\/\/www.evento.love\/blog\/12-consejos-baby-shower-perfecto-madrid\/\">\r\n                12 consejos para un Baby Shower perfecto    <\/a>\r\n\r\n                <\/div>\r\n                            <div class=\"item\">\r\n                        <div class=\"thumb post_thumb\">\r\n        <a  title=\"Cu\u00e1ndo hacer el Baby Shower\" href=\"https:\/\/www.evento.love\/blog\/cuando-hacer-el-baby-shower-madrid\/\">\r\n\r\n            <img width=\"150\" height=\"150\" src=\"https:\/\/www.evento.love\/blog\/wp-content\/uploads\/2016\/09\/16_05_23_Cuando-hacer-el-Baby-Shower-150x150.jpg\" class=\"attachment-thumbnail size-thumbnail wp-post-image\" alt=\"Cu\u00e1ndo hacer el baby shower beb\u00e9 embarazo fiesta en Madrid\" decoding=\"async\" loading=\"lazy\" \/>\r\n\r\n        <\/a>\r\n    <\/div>\r\n\r\n    <a class=\"title post_title\"  title=\"Cu\u00e1ndo hacer el Baby Shower\" href=\"https:\/\/www.evento.love\/blog\/cuando-hacer-el-baby-shower-madrid\/\">\r\n                Cu\u00e1ndo hacer el Baby Shower    <\/a>\r\n\r\n                <\/div>\r\n                            <div class=\"item\">\r\n                        <div class=\"thumb post_thumb\">\r\n        <a  title=\"Baby Shower: Elaborando la lista de invitados\" href=\"https:\/\/www.evento.love\/blog\/baby-shower-lista-invitados-madrid\/\">\r\n\r\n            <img width=\"150\" height=\"150\" src=\"https:\/\/www.evento.love\/blog\/wp-content\/uploads\/2016\/09\/16_05_30_Baby-Shower-elaborando-la-lista-de-invitados-150x150.jpg\" class=\"attachment-thumbnail size-thumbnail wp-post-image\" alt=\"\" decoding=\"async\" loading=\"lazy\" \/>\r\n\r\n        <\/a>\r\n    <\/div>\r\n\r\n    <a class=\"title post_title\"  title=\"Baby Shower: Elaborando la lista de invitados\" href=\"https:\/\/www.evento.love\/blog\/baby-shower-lista-invitados-madrid\/\">\r\n                Baby Shower: Elaborando la lista de invitados    <\/a>\r\n\r\n                <\/div>\r\n            \r\n    <\/div>\r\n\r\n    <script>\r\n            <\/script>\r\n    <style>\r\n        .related-post {}\r\n\r\n        .related-post .post-list {\r\n            text-align: left;\r\n                    }\r\n\r\n        .related-post .post-list .item {\r\n            margin: 5px 10px;\r\n            padding: 0px;\r\n                    }\r\n\r\n        .related-post .headline {\r\n            font-size: 24px !important;\r\n            color: #000000 !important;\r\n                    }\r\n\r\n        .related-post .headline{\r\nfont-weight:400 !important;\r\ntext-transform: uppercase;\r\n}.related-post .post-list .item .post_thumb {\r\n            max-height: 180px;\r\n            margin: 10px 0px;\r\n            padding: 0px;\r\n            display: block;\r\n                    }\r\n\r\n        .related-post .post-list .item .post_title {\r\n            font-size: 12px;\r\n            color: #607d8b;\r\n            margin: 10px 0px;\r\n            padding: 0px;\r\n            display: block;\r\n            text-decoration: none;\r\n                    }\r\n\r\n        .related-post .post-list .item .post_excerpt {\r\n            font-size: 13px;\r\n            color: #3f3f3f;\r\n            margin: 10px 0px;\r\n            padding: 0px;\r\n            display: block;\r\n            text-decoration: none;\r\n                    }\r\n\r\n        @media only screen and (min-width: 1024px) {\r\n            .related-post .post-list .item {\r\n                width: 22%;\r\n            }\r\n        }\r\n\r\n        @media only screen and (min-width: 768px) and (max-width: 1023px) {\r\n            .related-post .post-list .item {\r\n                width: 90%;\r\n            }\r\n        }\r\n\r\n        @media only screen and (min-width: 0px) and (max-width: 767px) {\r\n            .related-post .post-list .item {\r\n                width: 30%;\r\n            }\r\n        }\r\n\r\n            <\/style>\r\n        <\/div>\r\n","protected":false},"author":1,"featured_media":5210,"comment_status":"closed","ping_status":"closed","sticky":false,"template":"","format":"standard","meta":{"content-type":""},"categories":[807],"tags":[703,1497,1422,1501,1498,1502,1500,1503,1499,1495,1496],"yoast_head":"<!-- This site is optimized with the Yoast SEO plugin v20.7 - https:\/\/yoast.com\/wordpress\/plugins\/seo\/ -->\n<title>8 tartas personalizadas y originales para tu evento - El Blog de evento.love<\/title>\n<meta name=\"description\" content=\"Dise\u00f1amos tartas personalizadas, artesanales y con la tem\u00e1tica que t\u00fa elijas para tu evento en Madrid: comuniones, bautizos, babyshowers, cumplea\u00f1os y bodas\" \/>\n<meta name=\"robots\" content=\"index, follow, max-snippet:-1, max-image-preview:large, max-video-preview:-1\" \/>\n<meta property=\"og:locale\" content=\"es_ES\" \/>\n<meta property=\"og:type\" content=\"article\" \/>\n<meta property=\"og:title\" content=\"8 tartas personalizadas y originales para tu evento - El Blog de evento.love\" \/>\n<meta property=\"og:description\" content=\"Dise\u00f1amos tartas personalizadas, artesanales y con la tem\u00e1tica que t\u00fa elijas para tu evento en Madrid: comuniones, bautizos, babyshowers, cumplea\u00f1os y bodas\" \/>\n<meta property=\"og:url\" content=\"https:\/\/www.evento.love\/blog\/8-tartas-personalizadas-y-originales-para-tu-evento\/\" \/>\n<meta property=\"og:site_name\" content=\"El Blog de evento.love\" \/>\n<meta property=\"article:publisher\" content=\"https:\/\/www.facebook.com\/Evento.love\/\" \/>\n<meta property=\"article:published_time\" content=\"2019-08-26T07:00:48+00:00\" \/>\n<meta property=\"article:modified_time\" content=\"2019-08-25T18:24:38+00:00\" \/>\n<meta property=\"og:image\" content=\"https:\/\/www.evento.love\/blog\/wp-content\/uploads\/2019\/08\/tarta-personalizada-cumplea\u00f1os-frutas-2.jpg\" \/>\n\t<meta property=\"og:image:width\" content=\"850\" \/>\n\t<meta property=\"og:image:height\" content=\"519\" \/>\n\t<meta property=\"og:image:type\" content=\"image\/jpeg\" \/>\n<meta name=\"author\" content=\"Evento Love\" \/>\n<meta name=\"twitter:card\" content=\"summary_large_image\" \/>\n<meta name=\"twitter:creator\" content=\"@Evento_love\" \/>\n<meta name=\"twitter:site\" content=\"@Evento_love\" \/>\n<meta name=\"twitter:label1\" content=\"Escrito por\" \/>\n\t<meta name=\"twitter:data1\" content=\"Evento Love\" \/>\n\t<meta name=\"twitter:label2\" content=\"Tiempo de lectura\" \/>\n\t<meta name=\"twitter:data2\" content=\"2 minutos\" \/>\n<!-- \/ Yoast SEO plugin. -->","yoast_head_json":{"title":"8 tartas personalizadas y originales para tu evento - El Blog de evento.love","description":"Dise\u00f1amos tartas personalizadas, artesanales y con la tem\u00e1tica que t\u00fa elijas para tu evento en Madrid: comuniones, bautizos, babyshowers, cumplea\u00f1os y bodas","robots":{"index":"index","follow":"follow","max-snippet":"max-snippet:-1","max-image-preview":"max-image-preview:large","max-video-preview":"max-video-preview:-1"},"og_locale":"es_ES","og_type":"article","og_title":"8 tartas personalizadas y originales para tu evento - El Blog de evento.love","og_description":"Dise\u00f1amos tartas personalizadas, artesanales y con la tem\u00e1tica que t\u00fa elijas para tu evento en Madrid: comuniones, bautizos, babyshowers, cumplea\u00f1os y bodas","og_url":"https:\/\/www.evento.love\/blog\/8-tartas-personalizadas-y-originales-para-tu-evento\/","og_site_name":"El Blog de evento.love","article_publisher":"https:\/\/www.facebook.com\/Evento.love\/","article_published_time":"2019-08-26T07:00:48+00:00","article_modified_time":"2019-08-25T18:24:38+00:00","og_image":[{"width":850,"height":519,"url":"https:\/\/www.evento.love\/blog\/wp-content\/uploads\/2019\/08\/tarta-personalizada-cumplea\u00f1os-frutas-2.jpg","type":"image\/jpeg"}],"author":"Evento Love","twitter_card":"summary_large_image","twitter_creator":"@Evento_love","twitter_site":"@Evento_love","twitter_misc":{"Escrito por":"Evento Love","Tiempo de lectura":"2 minutos"},"schema":{"@context":"https:\/\/schema.org","@graph":[{"@type":"Article","@id":"https:\/\/www.evento.love\/blog\/8-tartas-personalizadas-y-originales-para-tu-evento\/#article","isPartOf":{"@id":"https:\/\/www.evento.love\/blog\/8-tartas-personalizadas-y-originales-para-tu-evento\/"},"author":{"name":"Evento Love","@id":"https:\/\/www.evento.love\/blog\/#\/schema\/person\/a184c2ed424b7fb3006372ce8051542c"},"headline":"8 tartas personalizadas y originales para tu evento","datePublished":"2019-08-26T07:00:48+00:00","dateModified":"2019-08-25T18:24:38+00:00","mainEntityOfPage":{"@id":"https:\/\/www.evento.love\/blog\/8-tartas-personalizadas-y-originales-para-tu-evento\/"},"wordCount":393,"publisher":{"@id":"https:\/\/www.evento.love\/blog\/#organization"},"keywords":["reposteria","reposter\u00eda para eventos","reposter\u00eda personalizada","tartas originales en Madrid","tartas para babyshower","tartas para bautizos","tartas para bodas","tartas para comuniones","tartas para cumplea\u00f1os","tartas personalizadas en Madrid","tartas tem\u00e1ticas"],"articleSection":["Catering y Mesas dulces"],"inLanguage":"es"},{"@type":"WebPage","@id":"https:\/\/www.evento.love\/blog\/8-tartas-personalizadas-y-originales-para-tu-evento\/","url":"https:\/\/www.evento.love\/blog\/8-tartas-personalizadas-y-originales-para-tu-evento\/","name":"8 tartas personalizadas y originales para tu evento - El Blog de evento.love","isPartOf":{"@id":"https:\/\/www.evento.love\/blog\/#website"},"datePublished":"2019-08-26T07:00:48+00:00","dateModified":"2019-08-25T18:24:38+00:00","description":"Dise\u00f1amos tartas personalizadas, artesanales y con la tem\u00e1tica que t\u00fa elijas para tu evento en Madrid: comuniones, bautizos, babyshowers, cumplea\u00f1os y bodas","breadcrumb":{"@id":"https:\/\/www.evento.love\/blog\/8-tartas-personalizadas-y-originales-para-tu-evento\/#breadcrumb"},"inLanguage":"es","potentialAction":[{"@type":"ReadAction","target":["https:\/\/www.evento.love\/blog\/8-tartas-personalizadas-y-originales-para-tu-evento\/"]}]},{"@type":"BreadcrumbList","@id":"https:\/\/www.evento.love\/blog\/8-tartas-personalizadas-y-originales-para-tu-evento\/#breadcrumb","itemListElement":[{"@type":"ListItem","position":1,"name":"Evento.love","item":"https:\/\/www.evento.love\/blog\/"},{"@type":"ListItem","position":2,"name":"Catering y Mesas dulces","item":"https:\/\/www.evento.love\/blog\/category\/catering-y-mesas-dulces\/"},{"@type":"ListItem","position":3,"name":"8 tartas personalizadas y originales para tu evento"}]},{"@type":"WebSite","@id":"https:\/\/www.evento.love\/blog\/#website","url":"https:\/\/www.evento.love\/blog\/","name":"El Blog de evento.love","description":"T\u00fa lo mereces. Disfruta de tu momento","publisher":{"@id":"https:\/\/www.evento.love\/blog\/#organization"},"potentialAction":[{"@type":"SearchAction","target":{"@type":"EntryPoint","urlTemplate":"https:\/\/www.evento.love\/blog\/?s={search_term_string}"},"query-input":"required name=search_term_string"}],"inLanguage":"es"},{"@type":"Organization","@id":"https:\/\/www.evento.love\/blog\/#organization","name":"evento.love","url":"https:\/\/www.evento.love\/blog\/","logo":{"@type":"ImageObject","inLanguage":"es","@id":"https:\/\/www.evento.love\/blog\/#\/schema\/logo\/image\/","url":"https:\/\/www.evento.love\/blog\/wp-content\/uploads\/2016\/07\/logo-evento-love.png","contentUrl":"https:\/\/www.evento.love\/blog\/wp-content\/uploads\/2016\/07\/logo-evento-love.png","width":197,"height":59,"caption":"evento.love"},"image":{"@id":"https:\/\/www.evento.love\/blog\/#\/schema\/logo\/image\/"},"sameAs":["https:\/\/www.facebook.com\/Evento.love\/","https:\/\/twitter.com\/Evento_love","https:\/\/www.instagram.com\/evento.love\/","https:\/\/es.pinterest.com\/evento_love\/","https:\/\/www.youtube.com\/channel\/UCcVbo6ymzx-7FlDJja8aQnw"]},{"@type":"Person","@id":"https:\/\/www.evento.love\/blog\/#\/schema\/person\/a184c2ed424b7fb3006372ce8051542c","name":"Evento Love"}]}},"_links":{"self":[{"href":"https:\/\/www.evento.love\/blog\/wp-json\/wp\/v2\/posts\/5202"}],"collection":[{"href":"https:\/\/www.evento.love\/blog\/wp-json\/wp\/v2\/posts"}],"about":[{"href":"https:\/\/www.evento.love\/blog\/wp-json\/wp\/v2\/types\/post"}],"author":[{"embeddable":true,"href":"https:\/\/www.evento.love\/blog\/wp-json\/wp\/v2\/users\/1"}],"replies":[{"embeddable":true,"href":"https:\/\/www.evento.love\/blog\/wp-json\/wp\/v2\/comments?post=5202"}],"version-history":[{"count":4,"href":"https:\/\/www.evento.love\/blog\/wp-json\/wp\/v2\/posts\/5202\/revisions"}],"predecessor-version":[{"id":5214,"href":"https:\/\/www.evento.love\/blog\/wp-json\/wp\/v2\/posts\/5202\/revisions\/5214"}],"wp:featuredmedia":[{"embeddable":true,"href":"https:\/\/www.evento.love\/blog\/wp-json\/wp\/v2\/media\/5210"}],"wp:attachment":[{"href":"https:\/\/www.evento.love\/blog\/wp-json\/wp\/v2\/media?parent=5202"}],"wp:term":[{"taxonomy":"category","embeddable":true,"href":"https:\/\/www.evento.love\/blog\/wp-json\/wp\/v2\/categories?post=5202"},{"taxonomy":"post_tag","embeddable":true,"href":"https:\/\/www.evento.love\/blog\/wp-json\/wp\/v2\/tags?post=5202"}],"curies":[{"name":"wp","href":"https:\/\/api.w.org\/{rel}","templated":true}]}}