{"id":5295,"date":"2019-09-09T09:00:02","date_gmt":"2019-09-09T07:00:02","guid":{"rendered":"https:\/\/www.evento.love\/blog\/?p=5295"},"modified":"2019-09-08T22:38:36","modified_gmt":"2019-09-08T20:38:36","slug":"alerta-tendencia-decora-tu-boda-con-espejos","status":"publish","type":"post","link":"https:\/\/www.evento.love\/blog\/alerta-tendencia-decora-tu-boda-con-espejos\/","title":{"rendered":"Alerta, tendencia: decora tu boda con espejos"},"content":{"rendered":"<p>Primera semana de septiembre superada y hoy comienza la segunda. \u00a1Esto est\u00e1 hecho! Esperamos que hay\u00e1is empezado con buen pie y teng\u00e1is la agenda llena de planes maravillosos. Tanto, como una gran boda \ud83d\ude42<!--more--><\/p>\n<p>Y es que septiembre se ha convertido en los \u00faltimos a\u00f1os en el mes de las bodas. \u00a1Y nos encanta! Es un mes lleno de inspiraci\u00f3n en redes sociales y a nuestro alrededor para ir cogiendo ideas para las bodas que quedan hasta fin de a\u00f1o y, por supuesto, las que est\u00e1n por venir en 2020. La vida corre que vuela&#8230;<\/p>\n<p>Por eso hoy, continuamos con una de vuestras (y nuestras) secciones favoritas del blog: hablar de una <a href=\"https:\/\/www.evento.love\/blog\/category\/decoracion\/?utm_source=web&amp;utm_medium=post&amp;utm_campaign=boda\" target=\"_blank\" rel=\"noopener noreferrer\">tendencia en decoraci\u00f3n<\/a>. Esta vez toca hablar de una tendencia que nos apasiona, porque se est\u00e1 volviendo atemporal (siempre ha estado ah\u00ed y \u00faltimamente con m\u00e1s fuerza), es elegante y aporta magia y luminosidad. \u00bfQu\u00e9 m\u00e1s podemos pedir?<\/p>\n<p>Hablamos de la decoraci\u00f3n de boda con espejos. Se trata de un elemento tremendamente vers\u00e1til, perfecto para cualquier rinc\u00f3n de vuestra boda. \u00bfQuieres comprobarlo? \u00a1All\u00e1 Vamos!<\/p>\n<h2>Ideas de decoraci\u00f3n de boda con espejos<\/h2>\n<h3>En el seating plan:<\/h3>\n<figure id=\"attachment_5296\" aria-describedby=\"caption-attachment-5296\" style=\"width: 564px\" class=\"wp-caption aligncenter\"><img decoding=\"async\" loading=\"lazy\" class=\"size-full wp-image-5296\" src=\"https:\/\/www.evento.love\/blog\/wp-content\/uploads\/2019\/09\/decoraci\u00f3n-boda-espejos.jpg\" alt=\"boda con espejos\" width=\"564\" height=\"846\" srcset=\"https:\/\/www.evento.love\/blog\/wp-content\/uploads\/2019\/09\/decoraci\u00f3n-boda-espejos.jpg 564w, https:\/\/www.evento.love\/blog\/wp-content\/uploads\/2019\/09\/decoraci\u00f3n-boda-espejos-200x300.jpg 200w, https:\/\/www.evento.love\/blog\/wp-content\/uploads\/2019\/09\/decoraci\u00f3n-boda-espejos-180x270.jpg 180w\" sizes=\"(max-width: 564px) 100vw, 564px\" \/><figcaption id=\"caption-attachment-5296\" class=\"wp-caption-text\">Visto en Luckydayseventsco.com \/ Photographer: Forestry Films<\/figcaption><\/figure>\n<h3>En los centros de mesa:<\/h3>\n<figure id=\"attachment_5297\" aria-describedby=\"caption-attachment-5297\" style=\"width: 850px\" class=\"wp-caption aligncenter\"><img decoding=\"async\" loading=\"lazy\" class=\"size-full wp-image-5297\" src=\"https:\/\/www.evento.love\/blog\/wp-content\/uploads\/2019\/09\/espejos-decoracion-bodas-centros-mesa.jpg\" alt=\"boda con espejos\" width=\"850\" height=\"567\" srcset=\"https:\/\/www.evento.love\/blog\/wp-content\/uploads\/2019\/09\/espejos-decoracion-bodas-centros-mesa.jpg 850w, https:\/\/www.evento.love\/blog\/wp-content\/uploads\/2019\/09\/espejos-decoracion-bodas-centros-mesa-300x200.jpg 300w, https:\/\/www.evento.love\/blog\/wp-content\/uploads\/2019\/09\/espejos-decoracion-bodas-centros-mesa-768x512.jpg 768w, https:\/\/www.evento.love\/blog\/wp-content\/uploads\/2019\/09\/espejos-decoracion-bodas-centros-mesa-405x270.jpg 405w\" sizes=\"(max-width: 850px) 100vw, 850px\" \/><figcaption id=\"caption-attachment-5297\" class=\"wp-caption-text\">Dise\u00f1o y organizaci\u00f3n: Evento.love \/ Fot\u00f3grafo: @fotografiaraulgonzalez<\/figcaption><\/figure>\n<h3>En la carteler\u00eda de los diferentes rincones:<\/h3>\n<figure id=\"attachment_5298\" aria-describedby=\"caption-attachment-5298\" style=\"width: 564px\" class=\"wp-caption aligncenter\"><img decoding=\"async\" loading=\"lazy\" class=\"size-full wp-image-5298\" src=\"https:\/\/www.evento.love\/blog\/wp-content\/uploads\/2019\/09\/decoraci\u00f3n-espejos.jpg\" alt=\"Decoraci\u00f3n de boda\" width=\"564\" height=\"766\" srcset=\"https:\/\/www.evento.love\/blog\/wp-content\/uploads\/2019\/09\/decoraci\u00f3n-espejos.jpg 564w, https:\/\/www.evento.love\/blog\/wp-content\/uploads\/2019\/09\/decoraci\u00f3n-espejos-221x300.jpg 221w, https:\/\/www.evento.love\/blog\/wp-content\/uploads\/2019\/09\/decoraci\u00f3n-espejos-199x270.jpg 199w\" sizes=\"(max-width: 564px) 100vw, 564px\" \/><figcaption id=\"caption-attachment-5298\" class=\"wp-caption-text\">Visto en Brides.com<\/figcaption><\/figure>\n<h3>A modo de soporte\/bandeja:<\/h3>\n<figure id=\"attachment_5299\" aria-describedby=\"caption-attachment-5299\" style=\"width: 564px\" class=\"wp-caption aligncenter\"><img decoding=\"async\" loading=\"lazy\" class=\"size-full wp-image-5299\" src=\"https:\/\/www.evento.love\/blog\/wp-content\/uploads\/2019\/09\/decoracion-boda-espejo.jpg\" alt=\"Decoraci\u00f3n\" width=\"564\" height=\"846\" srcset=\"https:\/\/www.evento.love\/blog\/wp-content\/uploads\/2019\/09\/decoracion-boda-espejo.jpg 564w, https:\/\/www.evento.love\/blog\/wp-content\/uploads\/2019\/09\/decoracion-boda-espejo-200x300.jpg 200w, https:\/\/www.evento.love\/blog\/wp-content\/uploads\/2019\/09\/decoracion-boda-espejo-180x270.jpg 180w\" sizes=\"(max-width: 564px) 100vw, 564px\" \/><figcaption id=\"caption-attachment-5299\" class=\"wp-caption-text\">Visto en deerpearlflowers.com<\/figcaption><\/figure>\n<figure id=\"attachment_4322\" aria-describedby=\"caption-attachment-4322\" style=\"width: 850px\" class=\"wp-caption aligncenter\"><img decoding=\"async\" loading=\"lazy\" class=\"size-full wp-image-4322\" src=\"https:\/\/www.evento.love\/blog\/wp-content\/uploads\/2019\/03\/bautizo-angelitos-4.jpg\" alt=\"Bautizo de angelitos\" width=\"850\" height=\"586\" srcset=\"https:\/\/www.evento.love\/blog\/wp-content\/uploads\/2019\/03\/bautizo-angelitos-4.jpg 850w, https:\/\/www.evento.love\/blog\/wp-content\/uploads\/2019\/03\/bautizo-angelitos-4-300x207.jpg 300w, https:\/\/www.evento.love\/blog\/wp-content\/uploads\/2019\/03\/bautizo-angelitos-4-768x529.jpg 768w, https:\/\/www.evento.love\/blog\/wp-content\/uploads\/2019\/03\/bautizo-angelitos-4-392x270.jpg 392w\" sizes=\"(max-width: 850px) 100vw, 850px\" \/><figcaption id=\"caption-attachment-4322\" class=\"wp-caption-text\">Evento.love<\/figcaption><\/figure>\n<h3>Para dar profundidad al espacio:<\/h3>\n<figure id=\"attachment_5300\" aria-describedby=\"caption-attachment-5300\" style=\"width: 564px\" class=\"wp-caption aligncenter\"><img decoding=\"async\" loading=\"lazy\" class=\"size-full wp-image-5300\" src=\"https:\/\/www.evento.love\/blog\/wp-content\/uploads\/2019\/09\/decoracion-espejo.jpg\" alt=\"decoraci\u00f3n de boda con espejos\" width=\"564\" height=\"846\" srcset=\"https:\/\/www.evento.love\/blog\/wp-content\/uploads\/2019\/09\/decoracion-espejo.jpg 564w, https:\/\/www.evento.love\/blog\/wp-content\/uploads\/2019\/09\/decoracion-espejo-200x300.jpg 200w, https:\/\/www.evento.love\/blog\/wp-content\/uploads\/2019\/09\/decoracion-espejo-180x270.jpg 180w\" sizes=\"(max-width: 564px) 100vw, 564px\" \/><figcaption id=\"caption-attachment-5300\" class=\"wp-caption-text\">Visto en onefabday.com<\/figcaption><\/figure>\n<h3>Como estructuras para la ceremonia:<\/h3>\n<figure id=\"attachment_5302\" aria-describedby=\"caption-attachment-5302\" style=\"width: 564px\" class=\"wp-caption aligncenter\"><img decoding=\"async\" loading=\"lazy\" class=\"size-full wp-image-5302\" src=\"https:\/\/www.evento.love\/blog\/wp-content\/uploads\/2019\/09\/decoracion-boda-espejos-tendencia.jpg\" alt=\"decoraci\u00f3n de bodas\" width=\"564\" height=\"845\" srcset=\"https:\/\/www.evento.love\/blog\/wp-content\/uploads\/2019\/09\/decoracion-boda-espejos-tendencia.jpg 564w, https:\/\/www.evento.love\/blog\/wp-content\/uploads\/2019\/09\/decoracion-boda-espejos-tendencia-200x300.jpg 200w, https:\/\/www.evento.love\/blog\/wp-content\/uploads\/2019\/09\/decoracion-boda-espejos-tendencia-180x270.jpg 180w\" sizes=\"(max-width: 564px) 100vw, 564px\" \/><figcaption id=\"caption-attachment-5302\" class=\"wp-caption-text\">Fot\u00f3grafo: Eyes 2 see \/ Visto en The Knot<\/figcaption><\/figure>\n<p>\u00bfQu\u00e9 os han parecido estas ideas? \u00a1A nosotras nos tienen enamoradas! Cont\u00e1dnoslo en comentarios y en nuestras redes<a href=\"https:\/\/www.instagram.com\/evento.love\/?utm_source=web&amp;utm_medium=post&amp;utm_campaign=espejos\" target=\"_blank\" rel=\"noopener noreferrer\">nuestras redes<\/a>, \u00a1os estaremos leyendo! Y, si quer\u00e9is que os ayudemos a organizar, dise\u00f1ar, decorar y coordinar el d\u00eda m\u00e1s feliz de vuestras vidas, os esperamos en <a href=\"mailto:hola@evento.love\" target=\"_blank\" rel=\"noopener noreferrer\">hola@evento.love<\/a>\u00a0o en el 650669436 para comenzar a hacer realidad vuestra boda so\u00f1ada \ud83d\ude42<\/p>\n    <div class=\"related-post grid\">\r\n                <div class=\"headline\">M\u00e1s art\u00edculos a tener en cuenta<\/div>\r\n        <div class=\"post-list \">\r\n\r\n                        <div class=\"item\">\r\n                        <div class=\"thumb post_thumb\">\r\n        <a  title=\"Juegos y actividades en tu baby shower\" href=\"https:\/\/www.evento.love\/blog\/juegos-actividades-baby-shower-madrid\/\">\r\n\r\n            <img width=\"150\" height=\"150\" src=\"https:\/\/www.evento.love\/blog\/wp-content\/uploads\/2016\/09\/16_06_28_Juegos-y-actividades-en-tu-baby-shower-150x150.jpg\" class=\"attachment-thumbnail size-thumbnail wp-post-image\" alt=\"\" decoding=\"async\" loading=\"lazy\" \/>\r\n\r\n        <\/a>\r\n    <\/div>\r\n\r\n    <a class=\"title post_title\"  title=\"Juegos y actividades en tu baby shower\" href=\"https:\/\/www.evento.love\/blog\/juegos-actividades-baby-shower-madrid\/\">\r\n                Juegos y actividades en tu baby shower    <\/a>\r\n\r\n                <\/div>\r\n                            <div class=\"item\">\r\n                        <div class=\"thumb post_thumb\">\r\n        <a  title=\"C\u00f3mo inmortalizar tu baby shower\" href=\"https:\/\/www.evento.love\/blog\/inmortalizar-baby-shower-madrid\/\">\r\n\r\n            <img width=\"150\" height=\"150\" src=\"https:\/\/www.evento.love\/blog\/wp-content\/uploads\/2016\/09\/16_06_30_C\u00f3mo-inmortalizar-tu-baby-shower-150x150.jpg\" class=\"attachment-thumbnail size-thumbnail wp-post-image\" alt=\"\" decoding=\"async\" loading=\"lazy\" \/>\r\n\r\n        <\/a>\r\n    <\/div>\r\n\r\n    <a class=\"title post_title\"  title=\"C\u00f3mo inmortalizar tu baby shower\" href=\"https:\/\/www.evento.love\/blog\/inmortalizar-baby-shower-madrid\/\">\r\n                C\u00f3mo inmortalizar tu baby shower    <\/a>\r\n\r\n                <\/div>\r\n                            <div class=\"item\">\r\n                        <div class=\"thumb post_thumb\">\r\n        <a  title=\"Juegos en el baby shower\" href=\"https:\/\/www.evento.love\/blog\/juegos-baby-shower-madrid\/\">\r\n\r\n            <img width=\"150\" height=\"150\" src=\"https:\/\/www.evento.love\/blog\/wp-content\/uploads\/2016\/09\/16_07_22_Juegos-para-el-baby-shower-150x150.jpg\" class=\"attachment-thumbnail size-thumbnail wp-post-image\" alt=\"\" decoding=\"async\" loading=\"lazy\" \/>\r\n\r\n        <\/a>\r\n    <\/div>\r\n\r\n    <a class=\"title post_title\"  title=\"Juegos en el baby shower\" href=\"https:\/\/www.evento.love\/blog\/juegos-baby-shower-madrid\/\">\r\n                Juegos en el baby shower    <\/a>\r\n\r\n                <\/div>\r\n                            <div class=\"item\">\r\n                        <div class=\"thumb post_thumb\">\r\n        <a  title=\"Un beb\u00e9 en camino \u00bfBaby shower o bautizo?\" href=\"https:\/\/www.evento.love\/blog\/bebe-baby-shower-bautizo-madrid\/\">\r\n\r\n            <img width=\"150\" height=\"150\" src=\"https:\/\/www.evento.love\/blog\/wp-content\/uploads\/2016\/09\/16_07_30_Un-beb\u00e9-en-camino-\u00bfBaby-Shower-o-Bautizo-150x150.jpg\" class=\"attachment-thumbnail size-thumbnail wp-post-image\" alt=\"\" decoding=\"async\" loading=\"lazy\" \/>\r\n\r\n        <\/a>\r\n    <\/div>\r\n\r\n    <a class=\"title post_title\"  title=\"Un beb\u00e9 en camino \u00bfBaby shower o bautizo?\" href=\"https:\/\/www.evento.love\/blog\/bebe-baby-shower-bautizo-madrid\/\">\r\n                Un beb\u00e9 en camino \u00bfBaby shower o bautizo?    <\/a>\r\n\r\n                <\/div>\r\n            \r\n    <\/div>\r\n\r\n    <script>\r\n            <\/script>\r\n    <style>\r\n        .related-post {}\r\n\r\n        .related-post .post-list {\r\n            text-align: left;\r\n                    }\r\n\r\n        .related-post .post-list .item {\r\n            margin: 5px 10px;\r\n            padding: 0px;\r\n                    }\r\n\r\n        .related-post .headline {\r\n            font-size: 24px !important;\r\n            color: #000000 !important;\r\n                    }\r\n\r\n        .related-post .headline{\r\nfont-weight:400 !important;\r\ntext-transform: uppercase;\r\n}.related-post .post-list .item .post_thumb {\r\n            max-height: 180px;\r\n            margin: 10px 0px;\r\n            padding: 0px;\r\n            display: block;\r\n                    }\r\n\r\n        .related-post .post-list .item .post_title {\r\n            font-size: 12px;\r\n            color: #607d8b;\r\n            margin: 10px 0px;\r\n            padding: 0px;\r\n            display: block;\r\n            text-decoration: none;\r\n                    }\r\n\r\n        .related-post .post-list .item .post_excerpt {\r\n            font-size: 13px;\r\n            color: #3f3f3f;\r\n            margin: 10px 0px;\r\n            padding: 0px;\r\n            display: block;\r\n            text-decoration: none;\r\n                    }\r\n\r\n        @media only screen and (min-width: 1024px) {\r\n            .related-post .post-list .item {\r\n                width: 22%;\r\n            }\r\n        }\r\n\r\n        @media only screen and (min-width: 768px) and (max-width: 1023px) {\r\n            .related-post .post-list .item {\r\n                width: 90%;\r\n            }\r\n        }\r\n\r\n        @media only screen and (min-width: 0px) and (max-width: 767px) {\r\n            .related-post .post-list .item {\r\n                width: 30%;\r\n            }\r\n        }\r\n\r\n            <\/style>\r\n        <\/div>\r\n<!-- AddThis Advanced Settings generic via filter on the_content --><!-- AddThis Share Buttons generic via filter on the_content -->","protected":false},"excerpt":{"rendered":"<p>Primera semana de septiembre superada y hoy comienza la segunda. \u00a1Esto est\u00e1 hecho! Esperamos que hay\u00e1is empezado con buen pie y teng\u00e1is la agenda llena de planes maravillosos. Tanto, como una gran boda \ud83d\ude42 M\u00e1s art\u00edculos a tener en cuenta Baby Shower, mucho m\u00e1s que un evento social 12 consejos para un Baby Shower perfecto Cu\u00e1ndo hacer el Baby Shower Baby Shower: Elaborando la lista de invitados<!-- AddThis Advanced Settings generic via filter on get_the_excerpt --><!-- AddThis Share Buttons generic via filter on get_the_excerpt --><\/p>\n    <div class=\"related-post grid\">\r\n                <div class=\"headline\">M\u00e1s art\u00edculos a tener en cuenta<\/div>\r\n        <div class=\"post-list \">\r\n\r\n                        <div class=\"item\">\r\n                        <div class=\"thumb post_thumb\">\r\n        <a  title=\"Baby Shower, mucho m\u00e1s que un evento social\" href=\"https:\/\/www.evento.love\/blog\/baby-shower-evento-social-madrid\/\">\r\n\r\n            <img width=\"150\" height=\"150\" src=\"https:\/\/www.evento.love\/blog\/wp-content\/uploads\/2016\/07\/babyshower-150x150.jpg\" class=\"attachment-thumbnail size-thumbnail wp-post-image\" alt=\"baby shower-fiesta-beb\u00e9-embarazo-embarazada\" decoding=\"async\" loading=\"lazy\" \/>\r\n\r\n        <\/a>\r\n    <\/div>\r\n\r\n    <a class=\"title post_title\"  title=\"Baby Shower, mucho m\u00e1s que un evento social\" href=\"https:\/\/www.evento.love\/blog\/baby-shower-evento-social-madrid\/\">\r\n                Baby Shower, mucho m\u00e1s que un evento social    <\/a>\r\n\r\n                <\/div>\r\n                            <div class=\"item\">\r\n                        <div class=\"thumb post_thumb\">\r\n        <a  title=\"12 consejos para un Baby Shower perfecto\" href=\"https:\/\/www.evento.love\/blog\/12-consejos-baby-shower-perfecto-madrid\/\">\r\n\r\n            <img width=\"150\" height=\"150\" src=\"https:\/\/www.evento.love\/blog\/wp-content\/uploads\/2016\/09\/16_05_20_12_consejos-para-que-tu-Baby-Shower-sea-perfecto-150x150.jpg\" class=\"attachment-thumbnail size-thumbnail wp-post-image\" alt=\"Baby Shower-perfecto-beb\u00e9-embarazado-embarazada-fiesta-babyshower\" decoding=\"async\" loading=\"lazy\" \/>\r\n\r\n        <\/a>\r\n    <\/div>\r\n\r\n    <a class=\"title post_title\"  title=\"12 consejos para un Baby Shower perfecto\" href=\"https:\/\/www.evento.love\/blog\/12-consejos-baby-shower-perfecto-madrid\/\">\r\n                12 consejos para un Baby Shower perfecto    <\/a>\r\n\r\n                <\/div>\r\n                            <div class=\"item\">\r\n                        <div class=\"thumb post_thumb\">\r\n        <a  title=\"Cu\u00e1ndo hacer el Baby Shower\" href=\"https:\/\/www.evento.love\/blog\/cuando-hacer-el-baby-shower-madrid\/\">\r\n\r\n            <img width=\"150\" height=\"150\" src=\"https:\/\/www.evento.love\/blog\/wp-content\/uploads\/2016\/09\/16_05_23_Cuando-hacer-el-Baby-Shower-150x150.jpg\" class=\"attachment-thumbnail size-thumbnail wp-post-image\" alt=\"Cu\u00e1ndo hacer el baby shower beb\u00e9 embarazo fiesta en Madrid\" decoding=\"async\" loading=\"lazy\" \/>\r\n\r\n        <\/a>\r\n    <\/div>\r\n\r\n    <a class=\"title post_title\"  title=\"Cu\u00e1ndo hacer el Baby Shower\" href=\"https:\/\/www.evento.love\/blog\/cuando-hacer-el-baby-shower-madrid\/\">\r\n                Cu\u00e1ndo hacer el Baby Shower    <\/a>\r\n\r\n                <\/div>\r\n                            <div class=\"item\">\r\n                        <div class=\"thumb post_thumb\">\r\n        <a  title=\"\u00bfQui\u00e9n debe organizar el Baby Shower?\" href=\"https:\/\/www.evento.love\/blog\/quien-organizar-baby-shower-madrid\/\">\r\n\r\n            <img width=\"150\" height=\"150\" src=\"https:\/\/www.evento.love\/blog\/wp-content\/uploads\/2016\/09\/16_05_29_Qui\u00e9n-organiza-el-Baby-Shower-150x150.jpg\" class=\"attachment-thumbnail size-thumbnail wp-post-image\" alt=\"Organizaci\u00f3n Baby Shower Madrid fiesta beb\u00e9 embarazada\" decoding=\"async\" loading=\"lazy\" \/>\r\n\r\n        <\/a>\r\n    <\/div>\r\n\r\n    <a class=\"title post_title\"  title=\"\u00bfQui\u00e9n debe organizar el Baby Shower?\" href=\"https:\/\/www.evento.love\/blog\/quien-organizar-baby-shower-madrid\/\">\r\n                \u00bfQui\u00e9n debe organizar el Baby Shower?    <\/a>\r\n\r\n                <\/div>\r\n            \r\n    <\/div>\r\n\r\n    <script>\r\n            <\/script>\r\n    <style>\r\n        .related-post {}\r\n\r\n        .related-post .post-list {\r\n            text-align: left;\r\n                    }\r\n\r\n        .related-post .post-list .item {\r\n            margin: 5px 10px;\r\n            padding: 0px;\r\n                    }\r\n\r\n        .related-post .headline {\r\n            font-size: 24px !important;\r\n            color: #000000 !important;\r\n                    }\r\n\r\n        .related-post .headline{\r\nfont-weight:400 !important;\r\ntext-transform: uppercase;\r\n}.related-post .post-list .item .post_thumb {\r\n            max-height: 180px;\r\n            margin: 10px 0px;\r\n            padding: 0px;\r\n            display: block;\r\n                    }\r\n\r\n        .related-post .post-list .item .post_title {\r\n            font-size: 12px;\r\n            color: #607d8b;\r\n            margin: 10px 0px;\r\n            padding: 0px;\r\n            display: block;\r\n            text-decoration: none;\r\n                    }\r\n\r\n        .related-post .post-list .item .post_excerpt {\r\n            font-size: 13px;\r\n            color: #3f3f3f;\r\n            margin: 10px 0px;\r\n            padding: 0px;\r\n            display: block;\r\n            text-decoration: none;\r\n                    }\r\n\r\n        @media only screen and (min-width: 1024px) {\r\n            .related-post .post-list .item {\r\n                width: 22%;\r\n            }\r\n        }\r\n\r\n        @media only screen and (min-width: 768px) and (max-width: 1023px) {\r\n            .related-post .post-list .item {\r\n                width: 90%;\r\n            }\r\n        }\r\n\r\n        @media only screen and (min-width: 0px) and (max-width: 767px) {\r\n            .related-post .post-list .item {\r\n                width: 30%;\r\n            }\r\n        }\r\n\r\n            <\/style>\r\n        <\/div>\r\n","protected":false},"author":1,"featured_media":5304,"comment_status":"closed","ping_status":"closed","sticky":false,"template":"","format":"standard","meta":{"content-type":""},"categories":[756],"tags":[375,1515,979,889,1516,1020,888,1161],"yoast_head":"<!-- This site is optimized with the Yoast SEO plugin v20.7 - https:\/\/yoast.com\/wordpress\/plugins\/seo\/ -->\n<title>Alerta, tendencia: decora tu boda con espejos - El Blog de evento.love<\/title>\n<meta name=\"description\" content=\"Descubrimos una de las tendencias de boda que m\u00e1s enamoran a los novios: la decoraci\u00f3n de boda con espejos. Magia y luminosidad por todos los rincones.\" \/>\n<meta name=\"robots\" content=\"index, follow, max-snippet:-1, max-image-preview:large, max-video-preview:-1\" \/>\n<meta property=\"og:locale\" content=\"es_ES\" \/>\n<meta property=\"og:type\" content=\"article\" \/>\n<meta property=\"og:title\" content=\"Alerta, tendencia: decora tu boda con espejos - El Blog de evento.love\" \/>\n<meta property=\"og:description\" content=\"Descubrimos una de las tendencias de boda que m\u00e1s enamoran a los novios: la decoraci\u00f3n de boda con espejos. Magia y luminosidad por todos los rincones.\" \/>\n<meta property=\"og:url\" content=\"https:\/\/www.evento.love\/blog\/alerta-tendencia-decora-tu-boda-con-espejos\/\" \/>\n<meta property=\"og:site_name\" content=\"El Blog de evento.love\" \/>\n<meta property=\"article:publisher\" content=\"https:\/\/www.facebook.com\/Evento.love\/\" \/>\n<meta property=\"article:published_time\" content=\"2019-09-09T07:00:02+00:00\" \/>\n<meta property=\"article:modified_time\" content=\"2019-09-08T20:38:36+00:00\" \/>\n<meta property=\"og:image\" content=\"https:\/\/www.evento.love\/blog\/wp-content\/uploads\/2019\/09\/BeFunky-collage-2.jpg\" \/>\n\t<meta property=\"og:image:width\" content=\"850\" \/>\n\t<meta property=\"og:image:height\" content=\"564\" \/>\n\t<meta property=\"og:image:type\" content=\"image\/jpeg\" \/>\n<meta name=\"author\" content=\"Evento Love\" \/>\n<meta name=\"twitter:card\" content=\"summary_large_image\" \/>\n<meta name=\"twitter:creator\" content=\"@Evento_love\" \/>\n<meta name=\"twitter:site\" content=\"@Evento_love\" \/>\n<meta name=\"twitter:label1\" content=\"Escrito por\" \/>\n\t<meta name=\"twitter:data1\" content=\"Evento Love\" \/>\n\t<meta name=\"twitter:label2\" content=\"Tiempo de lectura\" \/>\n\t<meta name=\"twitter:data2\" content=\"2 minutos\" \/>\n<!-- \/ Yoast SEO plugin. -->","yoast_head_json":{"title":"Alerta, tendencia: decora tu boda con espejos - El Blog de evento.love","description":"Descubrimos una de las tendencias de boda que m\u00e1s enamoran a los novios: la decoraci\u00f3n de boda con espejos. Magia y luminosidad por todos los rincones.","robots":{"index":"index","follow":"follow","max-snippet":"max-snippet:-1","max-image-preview":"max-image-preview:large","max-video-preview":"max-video-preview:-1"},"og_locale":"es_ES","og_type":"article","og_title":"Alerta, tendencia: decora tu boda con espejos - El Blog de evento.love","og_description":"Descubrimos una de las tendencias de boda que m\u00e1s enamoran a los novios: la decoraci\u00f3n de boda con espejos. Magia y luminosidad por todos los rincones.","og_url":"https:\/\/www.evento.love\/blog\/alerta-tendencia-decora-tu-boda-con-espejos\/","og_site_name":"El Blog de evento.love","article_publisher":"https:\/\/www.facebook.com\/Evento.love\/","article_published_time":"2019-09-09T07:00:02+00:00","article_modified_time":"2019-09-08T20:38:36+00:00","og_image":[{"width":850,"height":564,"url":"https:\/\/www.evento.love\/blog\/wp-content\/uploads\/2019\/09\/BeFunky-collage-2.jpg","type":"image\/jpeg"}],"author":"Evento Love","twitter_card":"summary_large_image","twitter_creator":"@Evento_love","twitter_site":"@Evento_love","twitter_misc":{"Escrito por":"Evento Love","Tiempo de lectura":"2 minutos"},"schema":{"@context":"https:\/\/schema.org","@graph":[{"@type":"Article","@id":"https:\/\/www.evento.love\/blog\/alerta-tendencia-decora-tu-boda-con-espejos\/#article","isPartOf":{"@id":"https:\/\/www.evento.love\/blog\/alerta-tendencia-decora-tu-boda-con-espejos\/"},"author":{"name":"Evento Love","@id":"https:\/\/www.evento.love\/blog\/#\/schema\/person\/a184c2ed424b7fb3006372ce8051542c"},"headline":"Alerta, tendencia: decora tu boda con espejos","datePublished":"2019-09-09T07:00:02+00:00","dateModified":"2019-09-08T20:38:36+00:00","mainEntityOfPage":{"@id":"https:\/\/www.evento.love\/blog\/alerta-tendencia-decora-tu-boda-con-espejos\/"},"wordCount":385,"publisher":{"@id":"https:\/\/www.evento.love\/blog\/#organization"},"keywords":["boda","boda con espejos","decoraci\u00f3n de boda","organizaci\u00f3n de bodas","seating plan con espejos","tendencias de boda","wedding planner","wedding planner en Madrid"],"articleSection":["Bodas"],"inLanguage":"es"},{"@type":"WebPage","@id":"https:\/\/www.evento.love\/blog\/alerta-tendencia-decora-tu-boda-con-espejos\/","url":"https:\/\/www.evento.love\/blog\/alerta-tendencia-decora-tu-boda-con-espejos\/","name":"Alerta, tendencia: decora tu boda con espejos - El Blog de evento.love","isPartOf":{"@id":"https:\/\/www.evento.love\/blog\/#website"},"datePublished":"2019-09-09T07:00:02+00:00","dateModified":"2019-09-08T20:38:36+00:00","description":"Descubrimos una de las tendencias de boda que m\u00e1s enamoran a los novios: la decoraci\u00f3n de boda con espejos. Magia y luminosidad por todos los rincones.","breadcrumb":{"@id":"https:\/\/www.evento.love\/blog\/alerta-tendencia-decora-tu-boda-con-espejos\/#breadcrumb"},"inLanguage":"es","potentialAction":[{"@type":"ReadAction","target":["https:\/\/www.evento.love\/blog\/alerta-tendencia-decora-tu-boda-con-espejos\/"]}]},{"@type":"BreadcrumbList","@id":"https:\/\/www.evento.love\/blog\/alerta-tendencia-decora-tu-boda-con-espejos\/#breadcrumb","itemListElement":[{"@type":"ListItem","position":1,"name":"Evento.love","item":"https:\/\/www.evento.love\/blog\/"},{"@type":"ListItem","position":2,"name":"Bodas","item":"https:\/\/www.evento.love\/blog\/category\/bodas\/"},{"@type":"ListItem","position":3,"name":"Alerta, tendencia: decora tu boda con espejos"}]},{"@type":"WebSite","@id":"https:\/\/www.evento.love\/blog\/#website","url":"https:\/\/www.evento.love\/blog\/","name":"El Blog de evento.love","description":"T\u00fa lo mereces. Disfruta de tu momento","publisher":{"@id":"https:\/\/www.evento.love\/blog\/#organization"},"potentialAction":[{"@type":"SearchAction","target":{"@type":"EntryPoint","urlTemplate":"https:\/\/www.evento.love\/blog\/?s={search_term_string}"},"query-input":"required name=search_term_string"}],"inLanguage":"es"},{"@type":"Organization","@id":"https:\/\/www.evento.love\/blog\/#organization","name":"evento.love","url":"https:\/\/www.evento.love\/blog\/","logo":{"@type":"ImageObject","inLanguage":"es","@id":"https:\/\/www.evento.love\/blog\/#\/schema\/logo\/image\/","url":"https:\/\/www.evento.love\/blog\/wp-content\/uploads\/2016\/07\/logo-evento-love.png","contentUrl":"https:\/\/www.evento.love\/blog\/wp-content\/uploads\/2016\/07\/logo-evento-love.png","width":197,"height":59,"caption":"evento.love"},"image":{"@id":"https:\/\/www.evento.love\/blog\/#\/schema\/logo\/image\/"},"sameAs":["https:\/\/www.facebook.com\/Evento.love\/","https:\/\/twitter.com\/Evento_love","https:\/\/www.instagram.com\/evento.love\/","https:\/\/es.pinterest.com\/evento_love\/","https:\/\/www.youtube.com\/channel\/UCcVbo6ymzx-7FlDJja8aQnw"]},{"@type":"Person","@id":"https:\/\/www.evento.love\/blog\/#\/schema\/person\/a184c2ed424b7fb3006372ce8051542c","name":"Evento Love"}]}},"_links":{"self":[{"href":"https:\/\/www.evento.love\/blog\/wp-json\/wp\/v2\/posts\/5295"}],"collection":[{"href":"https:\/\/www.evento.love\/blog\/wp-json\/wp\/v2\/posts"}],"about":[{"href":"https:\/\/www.evento.love\/blog\/wp-json\/wp\/v2\/types\/post"}],"author":[{"embeddable":true,"href":"https:\/\/www.evento.love\/blog\/wp-json\/wp\/v2\/users\/1"}],"replies":[{"embeddable":true,"href":"https:\/\/www.evento.love\/blog\/wp-json\/wp\/v2\/comments?post=5295"}],"version-history":[{"count":3,"href":"https:\/\/www.evento.love\/blog\/wp-json\/wp\/v2\/posts\/5295\/revisions"}],"predecessor-version":[{"id":5305,"href":"https:\/\/www.evento.love\/blog\/wp-json\/wp\/v2\/posts\/5295\/revisions\/5305"}],"wp:featuredmedia":[{"embeddable":true,"href":"https:\/\/www.evento.love\/blog\/wp-json\/wp\/v2\/media\/5304"}],"wp:attachment":[{"href":"https:\/\/www.evento.love\/blog\/wp-json\/wp\/v2\/media?parent=5295"}],"wp:term":[{"taxonomy":"category","embeddable":true,"href":"https:\/\/www.evento.love\/blog\/wp-json\/wp\/v2\/categories?post=5295"},{"taxonomy":"post_tag","embeddable":true,"href":"https:\/\/www.evento.love\/blog\/wp-json\/wp\/v2\/tags?post=5295"}],"curies":[{"name":"wp","href":"https:\/\/api.w.org\/{rel}","templated":true}]}}