{"id":5308,"date":"2019-09-12T09:00:12","date_gmt":"2019-09-12T07:00:12","guid":{"rendered":"https:\/\/www.evento.love\/blog\/?p=5308"},"modified":"2019-09-12T07:27:28","modified_gmt":"2019-09-12T05:27:28","slug":"tu-catering-en-madrid-desayunos-y-breaks-deliciosos","status":"publish","type":"post","link":"https:\/\/www.evento.love\/blog\/tu-catering-en-madrid-desayunos-y-breaks-deliciosos\/","title":{"rendered":"Tu catering en Madrid: desayunos y breaks deliciosos"},"content":{"rendered":"<p>\u00a1Hola a tod@s! \u00bfC\u00f3mo est\u00e1is? Nosotros felices de contaros que ya est\u00e1 disponible en nuestra <a href=\"https:\/\/www.evento.love\/tienda\/catering?utm_source=web&amp;utm_medium=post&amp;utm_campaign=catering-desayunos\" target=\"_blank\" rel=\"noopener noreferrer\">tienda online<\/a> nuestro cat\u00e1logo de bandejas saladas y dulces para catering en Madrid y alrededores.<!--more--><\/p>\n<p>Como sab\u00e9is, en Evento.love nos encargamos de organizar de principio a fin tu evento, lo que incluye proporcionarte todos y cada uno de los mejores servicios para que salga tal y como lo ten\u00edas planeado. Eso incluye, por supuesto, \u00a1el catering!<\/p>\n<p>Aunque desde hace tiempo ofrecemos este servicio tanto para eventos sociales como eventos de empresa, con esta nueva pesta\u00f1a de la tienda podr\u00e9is ver, en detalle, las opciones de catering que encajen con tu evento. Y, por supuesto, estaremos en <a href=\"mailto:hola@evento.love\" target=\"_blank\" rel=\"noopener noreferrer\">hola@evento.love<\/a> para atender todas vuestras dudas. \u00a1Las posibilidades son infinitas!<\/p>\n<p>En el post de hoy queremos hablaros un poquito m\u00e1s sobre nuestro catering y, en concreto, el que ofrecemos para <strong>breaks y desayunos<\/strong> tanto de empresa como familiares. \u00a1All\u00e1 vamos!<\/p>\n<h2><strong>Las bandejas m\u00e1s deliciosas<\/strong><\/h2>\n<p>Contamos con una selecci\u00f3n de bandejas simples o combinadas, que incluyen tanto canap\u00e9s salados como bocaditos dulces.<\/p>\n<p>Ideales para un <strong>desayuno en familia o con amig@s<\/strong> en el que no te apetezca cocinar&#8230;\u00a1solo disfrutar!<\/p>\n<p><img decoding=\"async\" loading=\"lazy\" class=\"aligncenter size-full wp-image-5312\" src=\"https:\/\/www.evento.love\/blog\/wp-content\/uploads\/2019\/09\/catering-madrid-evento.love-desayunos.jpg\" alt=\"catering Madrid\" width=\"850\" height=\"850\" srcset=\"https:\/\/www.evento.love\/blog\/wp-content\/uploads\/2019\/09\/catering-madrid-evento.love-desayunos.jpg 850w, https:\/\/www.evento.love\/blog\/wp-content\/uploads\/2019\/09\/catering-madrid-evento.love-desayunos-150x150.jpg 150w, https:\/\/www.evento.love\/blog\/wp-content\/uploads\/2019\/09\/catering-madrid-evento.love-desayunos-300x300.jpg 300w, https:\/\/www.evento.love\/blog\/wp-content\/uploads\/2019\/09\/catering-madrid-evento.love-desayunos-768x768.jpg 768w, https:\/\/www.evento.love\/blog\/wp-content\/uploads\/2019\/09\/catering-madrid-evento.love-desayunos-270x270.jpg 270w\" sizes=\"(max-width: 850px) 100vw, 850px\" \/><\/p>\n<p>Y perfectas para los <strong>desayunos o breaks de empresa<\/strong> en los que el catering es un elemento primordial.<\/p>\n<p><img decoding=\"async\" loading=\"lazy\" class=\"aligncenter size-full wp-image-5311\" src=\"https:\/\/www.evento.love\/blog\/wp-content\/uploads\/2019\/09\/catering-madrid-evento.love-coffee.jpg\" alt=\"catering Madrid\" width=\"850\" height=\"850\" srcset=\"https:\/\/www.evento.love\/blog\/wp-content\/uploads\/2019\/09\/catering-madrid-evento.love-coffee.jpg 850w, https:\/\/www.evento.love\/blog\/wp-content\/uploads\/2019\/09\/catering-madrid-evento.love-coffee-150x150.jpg 150w, https:\/\/www.evento.love\/blog\/wp-content\/uploads\/2019\/09\/catering-madrid-evento.love-coffee-300x300.jpg 300w, https:\/\/www.evento.love\/blog\/wp-content\/uploads\/2019\/09\/catering-madrid-evento.love-coffee-768x768.jpg 768w, https:\/\/www.evento.love\/blog\/wp-content\/uploads\/2019\/09\/catering-madrid-evento.love-coffee-270x270.jpg 270w\" sizes=\"(max-width: 850px) 100vw, 850px\" \/><\/p>\n<p>Adem\u00e1s, tambi\u00e9n ofrecemos distintos servicios de catering con camareros:<\/p>\n<p><img decoding=\"async\" loading=\"lazy\" class=\"aligncenter size-full wp-image-5310\" src=\"https:\/\/www.evento.love\/blog\/wp-content\/uploads\/2019\/09\/catering-madrid.jpg\" alt=\"catering Madrid\" width=\"850\" height=\"695\" srcset=\"https:\/\/www.evento.love\/blog\/wp-content\/uploads\/2019\/09\/catering-madrid.jpg 850w, https:\/\/www.evento.love\/blog\/wp-content\/uploads\/2019\/09\/catering-madrid-300x245.jpg 300w, https:\/\/www.evento.love\/blog\/wp-content\/uploads\/2019\/09\/catering-madrid-768x628.jpg 768w, https:\/\/www.evento.love\/blog\/wp-content\/uploads\/2019\/09\/catering-madrid-330x270.jpg 330w\" sizes=\"(max-width: 850px) 100vw, 850px\" \/><\/p>\n<p>En esta categor\u00eda de la web tambi\u00e9n podr\u00e1s ver nuestra oferta de bebidas<a href=\"https:\/\/www.evento.love\/tienda\/desayunos-y-breaks?utm_source=web&amp;utm_medium=post&amp;utm_campaign=catering-desayunos\" target=\"_blank\" rel=\"noopener noreferrer\">nuestra oferta de bebidas<\/a>.<\/p>\n<h2><strong>\u00bfC\u00f3mo encargo el catering?<\/strong><\/h2>\n<ul>\n<li>Si quieres organizar un evento y buscas un catering en Madrid para deleitar a todos tus invitados, estaremos encantadas de reunirnos contigo para ver cu\u00e1les son las necesidades, n\u00famero de personas y tipo de evento. Tan pronto como sea posible te enviaremos una propuesta de catering personalizado con el presupuesto para tu aprobaci\u00f3n.<\/li>\n<\/ul>\n<p>&nbsp;<\/p>\n<ul>\n<li>Si prefieres hacerlo online, \u00a1perfecto! En <a href=\"https:\/\/www.evento.love\/tienda\/desayunos-y-breaks?utm_source=web&amp;utm_medium=post&amp;utm_campaign=catering-desayunos\" target=\"_blank\" rel=\"noopener noreferrer\">este link<\/a> encontrar\u00e1s el acceso a la oferta de catering. El pedido m\u00ednimo es de 60 \u20ac (170 \u20ac en fines de semana y festivos).<\/li>\n<\/ul>\n<p style=\"text-align: center;\"><strong>Horario de recepci\u00f3n de pedidos:<\/strong><\/p>\n<p style=\"text-align: center;\">Entregas en d\u00edas laborables: antes de las 14 horas del d\u00eda anterior<\/p>\n<p style=\"text-align: center;\">Entregas en fines de semana: antes de las 14 horas del jueves<\/p>\n<p style=\"text-align: center;\">Entregas en festivo: 2 d\u00edas h\u00e1biles antes de la fecha de entrega (hasta las 14 horas)<\/p>\n<p style=\"text-align: center;\">&#8211;<\/p>\n<p>Y, por supuesto, estaremos atendiendo a <a href=\"mailto:hola@evento.love\" target=\"_blank\" rel=\"noopener noreferrer\">nuestro mail<\/a> y en el tel\u00e9fono 650669436 para solucionar todas vuestras dudas. No olvides que&#8230;\u00a1nada es imposible! Estaremos encantados de formar parte de vuestro evento \ud83d\ude42<\/p>\n    <div class=\"related-post grid\">\r\n                <div class=\"headline\">M\u00e1s art\u00edculos a tener en cuenta<\/div>\r\n        <div class=\"post-list \">\r\n\r\n                        <div class=\"item\">\r\n                        <div class=\"thumb post_thumb\">\r\n        <a  title=\"Baby Shower, mucho m\u00e1s que un evento social\" href=\"https:\/\/www.evento.love\/blog\/baby-shower-evento-social-madrid\/\">\r\n\r\n            <img width=\"150\" height=\"150\" src=\"https:\/\/www.evento.love\/blog\/wp-content\/uploads\/2016\/07\/babyshower-150x150.jpg\" class=\"attachment-thumbnail size-thumbnail wp-post-image\" alt=\"baby shower-fiesta-beb\u00e9-embarazo-embarazada\" decoding=\"async\" loading=\"lazy\" \/>\r\n\r\n        <\/a>\r\n    <\/div>\r\n\r\n    <a class=\"title post_title\"  title=\"Baby Shower, mucho m\u00e1s que un evento social\" href=\"https:\/\/www.evento.love\/blog\/baby-shower-evento-social-madrid\/\">\r\n                Baby Shower, mucho m\u00e1s que un evento social    <\/a>\r\n\r\n                <\/div>\r\n                            <div class=\"item\">\r\n                        <div class=\"thumb post_thumb\">\r\n        <a  title=\"12 consejos para un Baby Shower perfecto\" href=\"https:\/\/www.evento.love\/blog\/12-consejos-baby-shower-perfecto-madrid\/\">\r\n\r\n            <img width=\"150\" height=\"150\" src=\"https:\/\/www.evento.love\/blog\/wp-content\/uploads\/2016\/09\/16_05_20_12_consejos-para-que-tu-Baby-Shower-sea-perfecto-150x150.jpg\" class=\"attachment-thumbnail size-thumbnail wp-post-image\" alt=\"Baby Shower-perfecto-beb\u00e9-embarazado-embarazada-fiesta-babyshower\" decoding=\"async\" loading=\"lazy\" \/>\r\n\r\n        <\/a>\r\n    <\/div>\r\n\r\n    <a class=\"title post_title\"  title=\"12 consejos para un Baby Shower perfecto\" href=\"https:\/\/www.evento.love\/blog\/12-consejos-baby-shower-perfecto-madrid\/\">\r\n                12 consejos para un Baby Shower perfecto    <\/a>\r\n\r\n                <\/div>\r\n                            <div class=\"item\">\r\n                        <div class=\"thumb post_thumb\">\r\n        <a  title=\"Cu\u00e1ndo hacer el Baby Shower\" href=\"https:\/\/www.evento.love\/blog\/cuando-hacer-el-baby-shower-madrid\/\">\r\n\r\n            <img width=\"150\" height=\"150\" src=\"https:\/\/www.evento.love\/blog\/wp-content\/uploads\/2016\/09\/16_05_23_Cuando-hacer-el-Baby-Shower-150x150.jpg\" class=\"attachment-thumbnail size-thumbnail wp-post-image\" alt=\"Cu\u00e1ndo hacer el baby shower beb\u00e9 embarazo fiesta en Madrid\" decoding=\"async\" loading=\"lazy\" \/>\r\n\r\n        <\/a>\r\n    <\/div>\r\n\r\n    <a class=\"title post_title\"  title=\"Cu\u00e1ndo hacer el Baby Shower\" href=\"https:\/\/www.evento.love\/blog\/cuando-hacer-el-baby-shower-madrid\/\">\r\n                Cu\u00e1ndo hacer el Baby Shower    <\/a>\r\n\r\n                <\/div>\r\n                            <div class=\"item\">\r\n                        <div class=\"thumb post_thumb\">\r\n        <a  title=\"\u00bfQui\u00e9n debe organizar el Baby Shower?\" href=\"https:\/\/www.evento.love\/blog\/quien-organizar-baby-shower-madrid\/\">\r\n\r\n            <img width=\"150\" height=\"150\" src=\"https:\/\/www.evento.love\/blog\/wp-content\/uploads\/2016\/09\/16_05_29_Qui\u00e9n-organiza-el-Baby-Shower-150x150.jpg\" class=\"attachment-thumbnail size-thumbnail wp-post-image\" alt=\"Organizaci\u00f3n Baby Shower Madrid fiesta beb\u00e9 embarazada\" decoding=\"async\" loading=\"lazy\" \/>\r\n\r\n        <\/a>\r\n    <\/div>\r\n\r\n    <a class=\"title post_title\"  title=\"\u00bfQui\u00e9n debe organizar el Baby Shower?\" href=\"https:\/\/www.evento.love\/blog\/quien-organizar-baby-shower-madrid\/\">\r\n                \u00bfQui\u00e9n debe organizar el Baby Shower?    <\/a>\r\n\r\n                <\/div>\r\n            \r\n    <\/div>\r\n\r\n    <script>\r\n            <\/script>\r\n    <style>\r\n        .related-post {}\r\n\r\n        .related-post .post-list {\r\n            text-align: left;\r\n                    }\r\n\r\n        .related-post .post-list .item {\r\n            margin: 5px 10px;\r\n            padding: 0px;\r\n                    }\r\n\r\n        .related-post .headline {\r\n            font-size: 24px !important;\r\n            color: #000000 !important;\r\n                    }\r\n\r\n        .related-post .headline{\r\nfont-weight:400 !important;\r\ntext-transform: uppercase;\r\n}.related-post .post-list .item .post_thumb {\r\n            max-height: 180px;\r\n            margin: 10px 0px;\r\n            padding: 0px;\r\n            display: block;\r\n                    }\r\n\r\n        .related-post .post-list .item .post_title {\r\n            font-size: 12px;\r\n            color: #607d8b;\r\n            margin: 10px 0px;\r\n            padding: 0px;\r\n            display: block;\r\n            text-decoration: none;\r\n                    }\r\n\r\n        .related-post .post-list .item .post_excerpt {\r\n            font-size: 13px;\r\n            color: #3f3f3f;\r\n            margin: 10px 0px;\r\n            padding: 0px;\r\n            display: block;\r\n            text-decoration: none;\r\n                    }\r\n\r\n        @media only screen and (min-width: 1024px) {\r\n            .related-post .post-list .item {\r\n                width: 22%;\r\n            }\r\n        }\r\n\r\n        @media only screen and (min-width: 768px) and (max-width: 1023px) {\r\n            .related-post .post-list .item {\r\n                width: 90%;\r\n            }\r\n        }\r\n\r\n        @media only screen and (min-width: 0px) and (max-width: 767px) {\r\n            .related-post .post-list .item {\r\n                width: 30%;\r\n            }\r\n        }\r\n\r\n            <\/style>\r\n        <\/div>\r\n<!-- AddThis Advanced Settings generic via filter on the_content --><!-- AddThis Share Buttons generic via filter on the_content -->","protected":false},"excerpt":{"rendered":"<p>\u00a1Hola a tod@s! \u00bfC\u00f3mo est\u00e1is? Nosotros felices de contaros que ya est\u00e1 disponible en nuestra tienda online nuestro cat\u00e1logo de bandejas saladas y dulces para catering en Madrid y alrededores. M\u00e1s art\u00edculos a tener en cuenta Baby Shower, mucho m\u00e1s que un evento social 12 consejos para un Baby Shower perfecto Cu\u00e1ndo hacer el Baby Shower \u00bfQui\u00e9n debe organizar el Baby Shower?<!-- AddThis Advanced Settings generic via filter on get_the_excerpt --><!-- AddThis Share Buttons generic via filter on get_the_excerpt --><\/p>\n    <div class=\"related-post grid\">\r\n                <div class=\"headline\">M\u00e1s art\u00edculos a tener en cuenta<\/div>\r\n        <div class=\"post-list \">\r\n\r\n                        <div class=\"item\">\r\n                        <div class=\"thumb post_thumb\">\r\n        <a  title=\"Baby Shower, mucho m\u00e1s que un evento social\" href=\"https:\/\/www.evento.love\/blog\/baby-shower-evento-social-madrid\/\">\r\n\r\n            <img width=\"150\" height=\"150\" src=\"https:\/\/www.evento.love\/blog\/wp-content\/uploads\/2016\/07\/babyshower-150x150.jpg\" class=\"attachment-thumbnail size-thumbnail wp-post-image\" alt=\"baby shower-fiesta-beb\u00e9-embarazo-embarazada\" decoding=\"async\" loading=\"lazy\" \/>\r\n\r\n        <\/a>\r\n    <\/div>\r\n\r\n    <a class=\"title post_title\"  title=\"Baby Shower, mucho m\u00e1s que un evento social\" href=\"https:\/\/www.evento.love\/blog\/baby-shower-evento-social-madrid\/\">\r\n                Baby Shower, mucho m\u00e1s que un evento social    <\/a>\r\n\r\n                <\/div>\r\n                            <div class=\"item\">\r\n                        <div class=\"thumb post_thumb\">\r\n        <a  title=\"12 consejos para un Baby Shower perfecto\" href=\"https:\/\/www.evento.love\/blog\/12-consejos-baby-shower-perfecto-madrid\/\">\r\n\r\n            <img width=\"150\" height=\"150\" src=\"https:\/\/www.evento.love\/blog\/wp-content\/uploads\/2016\/09\/16_05_20_12_consejos-para-que-tu-Baby-Shower-sea-perfecto-150x150.jpg\" class=\"attachment-thumbnail size-thumbnail wp-post-image\" alt=\"Baby Shower-perfecto-beb\u00e9-embarazado-embarazada-fiesta-babyshower\" decoding=\"async\" loading=\"lazy\" \/>\r\n\r\n        <\/a>\r\n    <\/div>\r\n\r\n    <a class=\"title post_title\"  title=\"12 consejos para un Baby Shower perfecto\" href=\"https:\/\/www.evento.love\/blog\/12-consejos-baby-shower-perfecto-madrid\/\">\r\n                12 consejos para un Baby Shower perfecto    <\/a>\r\n\r\n                <\/div>\r\n                            <div class=\"item\">\r\n                        <div class=\"thumb post_thumb\">\r\n        <a  title=\"Cu\u00e1ndo hacer el Baby Shower\" href=\"https:\/\/www.evento.love\/blog\/cuando-hacer-el-baby-shower-madrid\/\">\r\n\r\n            <img width=\"150\" height=\"150\" src=\"https:\/\/www.evento.love\/blog\/wp-content\/uploads\/2016\/09\/16_05_23_Cuando-hacer-el-Baby-Shower-150x150.jpg\" class=\"attachment-thumbnail size-thumbnail wp-post-image\" alt=\"Cu\u00e1ndo hacer el baby shower beb\u00e9 embarazo fiesta en Madrid\" decoding=\"async\" loading=\"lazy\" \/>\r\n\r\n        <\/a>\r\n    <\/div>\r\n\r\n    <a class=\"title post_title\"  title=\"Cu\u00e1ndo hacer el Baby Shower\" href=\"https:\/\/www.evento.love\/blog\/cuando-hacer-el-baby-shower-madrid\/\">\r\n                Cu\u00e1ndo hacer el Baby Shower    <\/a>\r\n\r\n                <\/div>\r\n                            <div class=\"item\">\r\n                        <div class=\"thumb post_thumb\">\r\n        <a  title=\"Baby Shower: Elaborando la lista de invitados\" href=\"https:\/\/www.evento.love\/blog\/baby-shower-lista-invitados-madrid\/\">\r\n\r\n            <img width=\"150\" height=\"150\" src=\"https:\/\/www.evento.love\/blog\/wp-content\/uploads\/2016\/09\/16_05_30_Baby-Shower-elaborando-la-lista-de-invitados-150x150.jpg\" class=\"attachment-thumbnail size-thumbnail wp-post-image\" alt=\"\" decoding=\"async\" loading=\"lazy\" \/>\r\n\r\n        <\/a>\r\n    <\/div>\r\n\r\n    <a class=\"title post_title\"  title=\"Baby Shower: Elaborando la lista de invitados\" href=\"https:\/\/www.evento.love\/blog\/baby-shower-lista-invitados-madrid\/\">\r\n                Baby Shower: Elaborando la lista de invitados    <\/a>\r\n\r\n                <\/div>\r\n            \r\n    <\/div>\r\n\r\n    <script>\r\n            <\/script>\r\n    <style>\r\n        .related-post {}\r\n\r\n        .related-post .post-list {\r\n            text-align: left;\r\n                    }\r\n\r\n        .related-post .post-list .item {\r\n            margin: 5px 10px;\r\n            padding: 0px;\r\n                    }\r\n\r\n        .related-post .headline {\r\n            font-size: 24px !important;\r\n            color: #000000 !important;\r\n                    }\r\n\r\n        .related-post .headline{\r\nfont-weight:400 !important;\r\ntext-transform: uppercase;\r\n}.related-post .post-list .item .post_thumb {\r\n            max-height: 180px;\r\n            margin: 10px 0px;\r\n            padding: 0px;\r\n            display: block;\r\n                    }\r\n\r\n        .related-post .post-list .item .post_title {\r\n            font-size: 12px;\r\n            color: #607d8b;\r\n            margin: 10px 0px;\r\n            padding: 0px;\r\n            display: block;\r\n            text-decoration: none;\r\n                    }\r\n\r\n        .related-post .post-list .item .post_excerpt {\r\n            font-size: 13px;\r\n            color: #3f3f3f;\r\n            margin: 10px 0px;\r\n            padding: 0px;\r\n            display: block;\r\n            text-decoration: none;\r\n                    }\r\n\r\n        @media only screen and (min-width: 1024px) {\r\n            .related-post .post-list .item {\r\n                width: 22%;\r\n            }\r\n        }\r\n\r\n        @media only screen and (min-width: 768px) and (max-width: 1023px) {\r\n            .related-post .post-list .item {\r\n                width: 90%;\r\n            }\r\n        }\r\n\r\n        @media only screen and (min-width: 0px) and (max-width: 767px) {\r\n            .related-post .post-list .item {\r\n                width: 30%;\r\n            }\r\n        }\r\n\r\n            <\/style>\r\n        <\/div>\r\n","protected":false},"author":1,"featured_media":5313,"comment_status":"closed","ping_status":"closed","sticky":false,"template":"","format":"standard","meta":{"content-type":""},"categories":[807],"tags":[1519,524,1517,1520,1518,1006],"yoast_head":"<!-- This site is optimized with the Yoast SEO plugin v20.7 - https:\/\/yoast.com\/wordpress\/plugins\/seo\/ -->\n<title>Tu catering en Madrid: desayunos y breaks deliciosos - El Blog de evento.love<\/title>\n<meta name=\"description\" content=\"Si necesitas un catering en Madrid para breaks y coffee de empresa o desayunos familiares y entre amigos, te mostramos todas las opciones.\" \/>\n<meta name=\"robots\" content=\"index, follow, max-snippet:-1, max-image-preview:large, max-video-preview:-1\" \/>\n<meta property=\"og:locale\" content=\"es_ES\" \/>\n<meta property=\"og:type\" content=\"article\" \/>\n<meta property=\"og:title\" content=\"Tu catering en Madrid: desayunos y breaks deliciosos - El Blog de evento.love\" \/>\n<meta property=\"og:description\" content=\"Si necesitas un catering en Madrid para breaks y coffee de empresa o desayunos familiares y entre amigos, te mostramos todas las opciones.\" \/>\n<meta property=\"og:url\" content=\"https:\/\/www.evento.love\/blog\/tu-catering-en-madrid-desayunos-y-breaks-deliciosos\/\" \/>\n<meta property=\"og:site_name\" content=\"El Blog de evento.love\" \/>\n<meta property=\"article:publisher\" content=\"https:\/\/www.facebook.com\/Evento.love\/\" \/>\n<meta property=\"article:published_time\" content=\"2019-09-12T07:00:12+00:00\" \/>\n<meta property=\"article:modified_time\" content=\"2019-09-12T05:27:28+00:00\" \/>\n<meta property=\"og:image\" content=\"https:\/\/www.evento.love\/blog\/wp-content\/uploads\/2019\/09\/catering-madrid-evento.love_.jpg\" \/>\n\t<meta property=\"og:image:width\" content=\"850\" \/>\n\t<meta property=\"og:image:height\" content=\"565\" \/>\n\t<meta property=\"og:image:type\" content=\"image\/jpeg\" \/>\n<meta name=\"author\" content=\"Evento Love\" \/>\n<meta name=\"twitter:card\" content=\"summary_large_image\" \/>\n<meta name=\"twitter:creator\" content=\"@Evento_love\" \/>\n<meta name=\"twitter:site\" content=\"@Evento_love\" \/>\n<meta name=\"twitter:label1\" content=\"Escrito por\" \/>\n\t<meta name=\"twitter:data1\" content=\"Evento Love\" \/>\n\t<meta name=\"twitter:label2\" content=\"Tiempo de lectura\" \/>\n\t<meta name=\"twitter:data2\" content=\"2 minutos\" \/>\n<!-- \/ Yoast SEO plugin. -->","yoast_head_json":{"title":"Tu catering en Madrid: desayunos y breaks deliciosos - El Blog de evento.love","description":"Si necesitas un catering en Madrid para breaks y coffee de empresa o desayunos familiares y entre amigos, te mostramos todas las opciones.","robots":{"index":"index","follow":"follow","max-snippet":"max-snippet:-1","max-image-preview":"max-image-preview:large","max-video-preview":"max-video-preview:-1"},"og_locale":"es_ES","og_type":"article","og_title":"Tu catering en Madrid: desayunos y breaks deliciosos - El Blog de evento.love","og_description":"Si necesitas un catering en Madrid para breaks y coffee de empresa o desayunos familiares y entre amigos, te mostramos todas las opciones.","og_url":"https:\/\/www.evento.love\/blog\/tu-catering-en-madrid-desayunos-y-breaks-deliciosos\/","og_site_name":"El Blog de evento.love","article_publisher":"https:\/\/www.facebook.com\/Evento.love\/","article_published_time":"2019-09-12T07:00:12+00:00","article_modified_time":"2019-09-12T05:27:28+00:00","og_image":[{"width":850,"height":565,"url":"https:\/\/www.evento.love\/blog\/wp-content\/uploads\/2019\/09\/catering-madrid-evento.love_.jpg","type":"image\/jpeg"}],"author":"Evento Love","twitter_card":"summary_large_image","twitter_creator":"@Evento_love","twitter_site":"@Evento_love","twitter_misc":{"Escrito por":"Evento Love","Tiempo de lectura":"2 minutos"},"schema":{"@context":"https:\/\/schema.org","@graph":[{"@type":"Article","@id":"https:\/\/www.evento.love\/blog\/tu-catering-en-madrid-desayunos-y-breaks-deliciosos\/#article","isPartOf":{"@id":"https:\/\/www.evento.love\/blog\/tu-catering-en-madrid-desayunos-y-breaks-deliciosos\/"},"author":{"name":"Evento Love","@id":"https:\/\/www.evento.love\/blog\/#\/schema\/person\/a184c2ed424b7fb3006372ce8051542c"},"headline":"Tu catering en Madrid: desayunos y breaks deliciosos","datePublished":"2019-09-12T07:00:12+00:00","dateModified":"2019-09-12T05:27:28+00:00","mainEntityOfPage":{"@id":"https:\/\/www.evento.love\/blog\/tu-catering-en-madrid-desayunos-y-breaks-deliciosos\/"},"wordCount":432,"publisher":{"@id":"https:\/\/www.evento.love\/blog\/#organization"},"keywords":["breaks de empresa","catering","catering en Madrid","catering para desayunos","desayunos de empresa","eventos de empresa"],"articleSection":["Catering y Mesas dulces"],"inLanguage":"es"},{"@type":"WebPage","@id":"https:\/\/www.evento.love\/blog\/tu-catering-en-madrid-desayunos-y-breaks-deliciosos\/","url":"https:\/\/www.evento.love\/blog\/tu-catering-en-madrid-desayunos-y-breaks-deliciosos\/","name":"Tu catering en Madrid: desayunos y breaks deliciosos - El Blog de evento.love","isPartOf":{"@id":"https:\/\/www.evento.love\/blog\/#website"},"datePublished":"2019-09-12T07:00:12+00:00","dateModified":"2019-09-12T05:27:28+00:00","description":"Si necesitas un catering en Madrid para breaks y coffee de empresa o desayunos familiares y entre amigos, te mostramos todas las opciones.","breadcrumb":{"@id":"https:\/\/www.evento.love\/blog\/tu-catering-en-madrid-desayunos-y-breaks-deliciosos\/#breadcrumb"},"inLanguage":"es","potentialAction":[{"@type":"ReadAction","target":["https:\/\/www.evento.love\/blog\/tu-catering-en-madrid-desayunos-y-breaks-deliciosos\/"]}]},{"@type":"BreadcrumbList","@id":"https:\/\/www.evento.love\/blog\/tu-catering-en-madrid-desayunos-y-breaks-deliciosos\/#breadcrumb","itemListElement":[{"@type":"ListItem","position":1,"name":"Evento.love","item":"https:\/\/www.evento.love\/blog\/"},{"@type":"ListItem","position":2,"name":"Catering y Mesas dulces","item":"https:\/\/www.evento.love\/blog\/category\/catering-y-mesas-dulces\/"},{"@type":"ListItem","position":3,"name":"Tu catering en Madrid: desayunos y breaks deliciosos"}]},{"@type":"WebSite","@id":"https:\/\/www.evento.love\/blog\/#website","url":"https:\/\/www.evento.love\/blog\/","name":"El Blog de evento.love","description":"T\u00fa lo mereces. Disfruta de tu momento","publisher":{"@id":"https:\/\/www.evento.love\/blog\/#organization"},"potentialAction":[{"@type":"SearchAction","target":{"@type":"EntryPoint","urlTemplate":"https:\/\/www.evento.love\/blog\/?s={search_term_string}"},"query-input":"required name=search_term_string"}],"inLanguage":"es"},{"@type":"Organization","@id":"https:\/\/www.evento.love\/blog\/#organization","name":"evento.love","url":"https:\/\/www.evento.love\/blog\/","logo":{"@type":"ImageObject","inLanguage":"es","@id":"https:\/\/www.evento.love\/blog\/#\/schema\/logo\/image\/","url":"https:\/\/www.evento.love\/blog\/wp-content\/uploads\/2016\/07\/logo-evento-love.png","contentUrl":"https:\/\/www.evento.love\/blog\/wp-content\/uploads\/2016\/07\/logo-evento-love.png","width":197,"height":59,"caption":"evento.love"},"image":{"@id":"https:\/\/www.evento.love\/blog\/#\/schema\/logo\/image\/"},"sameAs":["https:\/\/www.facebook.com\/Evento.love\/","https:\/\/twitter.com\/Evento_love","https:\/\/www.instagram.com\/evento.love\/","https:\/\/es.pinterest.com\/evento_love\/","https:\/\/www.youtube.com\/channel\/UCcVbo6ymzx-7FlDJja8aQnw"]},{"@type":"Person","@id":"https:\/\/www.evento.love\/blog\/#\/schema\/person\/a184c2ed424b7fb3006372ce8051542c","name":"Evento Love"}]}},"_links":{"self":[{"href":"https:\/\/www.evento.love\/blog\/wp-json\/wp\/v2\/posts\/5308"}],"collection":[{"href":"https:\/\/www.evento.love\/blog\/wp-json\/wp\/v2\/posts"}],"about":[{"href":"https:\/\/www.evento.love\/blog\/wp-json\/wp\/v2\/types\/post"}],"author":[{"embeddable":true,"href":"https:\/\/www.evento.love\/blog\/wp-json\/wp\/v2\/users\/1"}],"replies":[{"embeddable":true,"href":"https:\/\/www.evento.love\/blog\/wp-json\/wp\/v2\/comments?post=5308"}],"version-history":[{"count":4,"href":"https:\/\/www.evento.love\/blog\/wp-json\/wp\/v2\/posts\/5308\/revisions"}],"predecessor-version":[{"id":5316,"href":"https:\/\/www.evento.love\/blog\/wp-json\/wp\/v2\/posts\/5308\/revisions\/5316"}],"wp:featuredmedia":[{"embeddable":true,"href":"https:\/\/www.evento.love\/blog\/wp-json\/wp\/v2\/media\/5313"}],"wp:attachment":[{"href":"https:\/\/www.evento.love\/blog\/wp-json\/wp\/v2\/media?parent=5308"}],"wp:term":[{"taxonomy":"category","embeddable":true,"href":"https:\/\/www.evento.love\/blog\/wp-json\/wp\/v2\/categories?post=5308"},{"taxonomy":"post_tag","embeddable":true,"href":"https:\/\/www.evento.love\/blog\/wp-json\/wp\/v2\/tags?post=5308"}],"curies":[{"name":"wp","href":"https:\/\/api.w.org\/{rel}","templated":true}]}}