{"id":5318,"date":"2019-09-16T09:00:59","date_gmt":"2019-09-16T07:00:59","guid":{"rendered":"https:\/\/www.evento.love\/blog\/?p=5318"},"modified":"2019-09-15T23:28:32","modified_gmt":"2019-09-15T21:28:32","slug":"save-the-date-nos-vemos-en-la-feria-bodatop","status":"publish","type":"post","link":"https:\/\/www.evento.love\/blog\/save-the-date-nos-vemos-en-la-feria-bodatop\/","title":{"rendered":"SAVE THE DATE: \u00a1Nos vemos en la feria BodaTop!"},"content":{"rendered":"<p>Estamos felices de anunciaros que el pr\u00f3ximo fin de semana, el equipo de Evento.love estaremos en la <strong>feria de bodas BodaTop<\/strong>, listos para conoceros y que juntos planeemos el d\u00eda m\u00e1s feliz de vuestras vidas \ud83d\ude42<!--more-->En Evento.love nos encanta conocer a nuestros novios, charlar, escuchar sus ideas, sus necesidades, sus preocupaciones y sus ilusiones para poder, en funci\u00f3n de cada pareja, acompa\u00f1arles en esta gran aventura. \u00a1Por eso no podemos estar m\u00e1s felices de formar parte de esta gran feria de bodas en Madrid!<\/p>\n<p><img decoding=\"async\" loading=\"lazy\" class=\"aligncenter size-full wp-image-5325\" src=\"https:\/\/www.evento.love\/blog\/wp-content\/uploads\/2019\/09\/evento.love-bodatop.png\" alt=\"BodaTop\" width=\"596\" height=\"596\" srcset=\"https:\/\/www.evento.love\/blog\/wp-content\/uploads\/2019\/09\/evento.love-bodatop.png 596w, https:\/\/www.evento.love\/blog\/wp-content\/uploads\/2019\/09\/evento.love-bodatop-150x150.png 150w, https:\/\/www.evento.love\/blog\/wp-content\/uploads\/2019\/09\/evento.love-bodatop-300x300.png 300w, https:\/\/www.evento.love\/blog\/wp-content\/uploads\/2019\/09\/evento.love-bodatop-270x270.png 270w\" sizes=\"(max-width: 596px) 100vw, 596px\" \/><\/p>\n<p>Durante dos jornadas completas estaremos esper\u00e1ndoos en un precioso stand, con una decoraci\u00f3n de ensue\u00f1o&#8230;\u00a1no pod\u00eda ser de otra manera! Dise\u00f1ar la decoraci\u00f3n de vuestra boda es nuestra pasi\u00f3n, y quer\u00edamos reflejar nuestra esencia y la de nuestros novios en un espacio ideal, acogedor y muy en tendencia para que nos sentemos a charlar sobre vuestros sue\u00f1os.<\/p>\n<h2>\u00bfNos acompa\u00f1\u00e1is? Aqu\u00ed os damos todos los detalles:<\/h2>\n<p><strong>\u00bfCu\u00e1ndo?<\/strong> 21 y 22 de septiembre 2019<\/p>\n<p><strong>\u00bfD\u00f3nde?<\/strong> Hotel NH Collection Eurobuilding de Madrid:\u00a0Calle de Padre Dami\u00e1n, 23, 28036<\/p>\n<p><strong>\u00bfA qu\u00e9 hora?<\/strong>\u00a0De 11:00h a 20:00h<\/p>\n<h2 style=\"text-align: center;\">-&gt;<a href=\"https:\/\/www.feriabodatop.es\/madrid?utm_source=web&amp;utm_medium=post&amp;utm_campaign=bodatop\" target=\"_blank\" rel=\"noopener noreferrer\">\u00a1Consigue aqu\u00ed tu entrada gratis!<\/a>&lt;-<\/h2>\n<p><a href=\"https:\/\/www.feriabodatop.es\/madrid?utm_source=web&amp;utm_medium=post&amp;utm_campaign=bodatop\"><img decoding=\"async\" loading=\"lazy\" class=\"aligncenter wp-image-5323\" src=\"https:\/\/www.evento.love\/blog\/wp-content\/uploads\/2019\/09\/Bodatop-logo-3\u00aa-edicion-evento-love-wedding-planner.jpg\" alt=\"BodaTop\" width=\"476\" height=\"287\" srcset=\"https:\/\/www.evento.love\/blog\/wp-content\/uploads\/2019\/09\/Bodatop-logo-3\u00aa-edicion-evento-love-wedding-planner.jpg 850w, https:\/\/www.evento.love\/blog\/wp-content\/uploads\/2019\/09\/Bodatop-logo-3\u00aa-edicion-evento-love-wedding-planner-300x181.jpg 300w, https:\/\/www.evento.love\/blog\/wp-content\/uploads\/2019\/09\/Bodatop-logo-3\u00aa-edicion-evento-love-wedding-planner-768x464.jpg 768w, https:\/\/www.evento.love\/blog\/wp-content\/uploads\/2019\/09\/Bodatop-logo-3\u00aa-edicion-evento-love-wedding-planner-447x270.jpg 447w\" sizes=\"(max-width: 476px) 100vw, 476px\" \/><\/a><\/p>\n<div dir=\"auto\">En Evento.love os ayudamos a dise\u00f1ar, organizar y decorar vuestra boda, desde que os promet\u00e9is hasta que se va el \u00faltimo invitado.\u00a0Durante ese proceso, feliz pero intenso, nos encargaremos de absolutamente todo para que vosotros solo teng\u00e1is que disfrutar:<\/div>\n<ul>\n<li>B\u00fasqueda de espacio y visitas<\/li>\n<li>Documentaci\u00f3n<\/li>\n<li>Dise\u00f1o y decoraci\u00f3n<\/li>\n<li>B\u00fasqueda y coordinaci\u00f3n de proveedores: m\u00fasica, animaci\u00f3n, catering, flores, fot\u00f3grafo&#8230;<\/li>\n<li>Presupuesto<\/li>\n<li>Coordinaci\u00f3n del d\u00eda B<\/li>\n<li>M\u00e1s servicios: fiesta preboda, bridal shower, cena de bienvenida&#8230;<\/li>\n<\/ul>\n<p>Descubre m\u00e1s sobre nuestros servicios personalizados <a href=\"https:\/\/www.evento.love\/blog\/organizamos-y-decoramos-tu-boda-a-medida\/?utm_source=web&amp;utm_medium=post&amp;utm_campaign=bodatop\" target=\"_blank\" rel=\"noopener noreferrer\">aqu\u00ed<\/a>.<\/p>\n<div dir=\"auto\">Os esperamos en nuestro stand de BodaTop para comenzar a darle forma al d\u00eda m\u00e1s feliz de vuestras vidas \ud83d\ude42<\/div>\n<div dir=\"auto\"><\/div>\n<div dir=\"auto\">\u00bfTienes una amiga o familiar que vaya a casarse? \u00a1No olvides mandarme este link!\u00a0Y si quieres saber m\u00e1s sobre nuestros servicios de wedding planner y decoraci\u00f3n de bodas, no dudes en escribirnos a\u00a0<a href=\"mailto:hola@evento.love\" target=\"_blank\" rel=\"noopener noreferrer\">hola@evento.love<\/a>.<\/div>\n    <div class=\"related-post grid\">\r\n                <div class=\"headline\">M\u00e1s art\u00edculos a tener en cuenta<\/div>\r\n        <div class=\"post-list \">\r\n\r\n                        <div class=\"item\">\r\n                        <div class=\"thumb post_thumb\">\r\n        <a  title=\"C\u00f3mo inmortalizar tu baby shower\" href=\"https:\/\/www.evento.love\/blog\/inmortalizar-baby-shower-madrid\/\">\r\n\r\n            <img width=\"150\" height=\"150\" src=\"https:\/\/www.evento.love\/blog\/wp-content\/uploads\/2016\/09\/16_06_30_C\u00f3mo-inmortalizar-tu-baby-shower-150x150.jpg\" class=\"attachment-thumbnail size-thumbnail wp-post-image\" alt=\"\" decoding=\"async\" loading=\"lazy\" \/>\r\n\r\n        <\/a>\r\n    <\/div>\r\n\r\n    <a class=\"title post_title\"  title=\"C\u00f3mo inmortalizar tu baby shower\" href=\"https:\/\/www.evento.love\/blog\/inmortalizar-baby-shower-madrid\/\">\r\n                C\u00f3mo inmortalizar tu baby shower    <\/a>\r\n\r\n                <\/div>\r\n                            <div class=\"item\">\r\n                        <div class=\"thumb post_thumb\">\r\n        <a  title=\"C\u00f3mo crear un fotomat\u00f3n o photocall para tu fiesta\" href=\"https:\/\/www.evento.love\/blog\/crear-fotomaton-photocall-fiesta-madrid\/\">\r\n\r\n            <img width=\"150\" height=\"150\" src=\"https:\/\/www.evento.love\/blog\/wp-content\/uploads\/2016\/11\/C\u00d3MO-CREAR-UN-FOTOMAT\u00d3N-O-PHOTOCALL-PARA-TU-FIESTA-150x150.jpg\" class=\"attachment-thumbnail size-thumbnail wp-post-image\" alt=\"C\u00d3MO CREAR UN FOTOMAT\u00d3N O PHOTOCALL PARA TU FIESTA\" decoding=\"async\" loading=\"lazy\" \/>\r\n\r\n        <\/a>\r\n    <\/div>\r\n\r\n    <a class=\"title post_title\"  title=\"C\u00f3mo crear un fotomat\u00f3n o photocall para tu fiesta\" href=\"https:\/\/www.evento.love\/blog\/crear-fotomaton-photocall-fiesta-madrid\/\">\r\n                C\u00f3mo crear un fotomat\u00f3n o photocall para tu fiesta    <\/a>\r\n\r\n                <\/div>\r\n                            <div class=\"item\">\r\n                        <div class=\"thumb post_thumb\">\r\n        <a  title=\"8 ideas para utilizar pizarras en tu fiesta\" href=\"https:\/\/www.evento.love\/blog\/8-ideas-para-utilizar-pizarras-en-tu-fiesta-madrid\/\">\r\n\r\n            <img width=\"150\" height=\"150\" src=\"https:\/\/www.evento.love\/blog\/wp-content\/uploads\/2017\/04\/17_03_18-150x150.jpg\" class=\"attachment-thumbnail size-thumbnail wp-post-image\" alt=\"8 ideas para utilizar pizarras en tu fiesta\" decoding=\"async\" loading=\"lazy\" \/>\r\n\r\n        <\/a>\r\n    <\/div>\r\n\r\n    <a class=\"title post_title\"  title=\"8 ideas para utilizar pizarras en tu fiesta\" href=\"https:\/\/www.evento.love\/blog\/8-ideas-para-utilizar-pizarras-en-tu-fiesta-madrid\/\">\r\n                8 ideas para utilizar pizarras en tu fiesta    <\/a>\r\n\r\n                <\/div>\r\n                            <div class=\"item\">\r\n                        <div class=\"thumb post_thumb\">\r\n        <a  title=\"5+1 ideas imprescindibles para dar un toque especial a tu boda\" href=\"https:\/\/www.evento.love\/blog\/ideas-imprescindibles-tu-boda-madrid\/\">\r\n\r\n            <img width=\"150\" height=\"150\" src=\"https:\/\/www.evento.love\/blog\/wp-content\/uploads\/2017\/04\/17_04_01-150x150.jpg\" class=\"attachment-thumbnail size-thumbnail wp-post-image\" alt=\"Ideas para tu boda organizaci\u00f3n eventos madrid\" decoding=\"async\" loading=\"lazy\" \/>\r\n\r\n        <\/a>\r\n    <\/div>\r\n\r\n    <a class=\"title post_title\"  title=\"5+1 ideas imprescindibles para dar un toque especial a tu boda\" href=\"https:\/\/www.evento.love\/blog\/ideas-imprescindibles-tu-boda-madrid\/\">\r\n                5+1 ideas imprescindibles para dar un toque especial a tu boda    <\/a>\r\n\r\n                <\/div>\r\n            \r\n    <\/div>\r\n\r\n    <script>\r\n            <\/script>\r\n    <style>\r\n        .related-post {}\r\n\r\n        .related-post .post-list {\r\n            text-align: left;\r\n                    }\r\n\r\n        .related-post .post-list .item {\r\n            margin: 5px 10px;\r\n            padding: 0px;\r\n                    }\r\n\r\n        .related-post .headline {\r\n            font-size: 24px !important;\r\n            color: #000000 !important;\r\n                    }\r\n\r\n        .related-post .headline{\r\nfont-weight:400 !important;\r\ntext-transform: uppercase;\r\n}.related-post .post-list .item .post_thumb {\r\n            max-height: 180px;\r\n            margin: 10px 0px;\r\n            padding: 0px;\r\n            display: block;\r\n                    }\r\n\r\n        .related-post .post-list .item .post_title {\r\n            font-size: 12px;\r\n            color: #607d8b;\r\n            margin: 10px 0px;\r\n            padding: 0px;\r\n            display: block;\r\n            text-decoration: none;\r\n                    }\r\n\r\n        .related-post .post-list .item .post_excerpt {\r\n            font-size: 13px;\r\n            color: #3f3f3f;\r\n            margin: 10px 0px;\r\n            padding: 0px;\r\n            display: block;\r\n            text-decoration: none;\r\n                    }\r\n\r\n        @media only screen and (min-width: 1024px) {\r\n            .related-post .post-list .item {\r\n                width: 22%;\r\n            }\r\n        }\r\n\r\n        @media only screen and (min-width: 768px) and (max-width: 1023px) {\r\n            .related-post .post-list .item {\r\n                width: 90%;\r\n            }\r\n        }\r\n\r\n        @media only screen and (min-width: 0px) and (max-width: 767px) {\r\n            .related-post .post-list .item {\r\n                width: 30%;\r\n            }\r\n        }\r\n\r\n            <\/style>\r\n        <\/div>\r\n<!-- AddThis Advanced Settings generic via filter on the_content --><!-- AddThis Share Buttons generic via filter on the_content -->","protected":false},"excerpt":{"rendered":"<p>Estamos felices de anunciaros que el pr\u00f3ximo fin de semana, el equipo de Evento.love estaremos en la feria de bodas BodaTop, listos para conoceros y que juntos planeemos el d\u00eda m\u00e1s feliz de vuestras vidas \ud83d\ude42 M\u00e1s art\u00edculos a tener en cuenta Baby Shower, mucho m\u00e1s que un evento social 12 consejos para un Baby Shower perfecto Cu\u00e1ndo hacer el Baby Shower \u00bfQui\u00e9n debe organizar el Baby Shower?<!-- AddThis Advanced Settings generic via filter on get_the_excerpt --><!-- AddThis Share Buttons generic via filter on get_the_excerpt --><\/p>\n    <div class=\"related-post grid\">\r\n                <div class=\"headline\">M\u00e1s art\u00edculos a tener en cuenta<\/div>\r\n        <div class=\"post-list \">\r\n\r\n                        <div class=\"item\">\r\n                        <div class=\"thumb post_thumb\">\r\n        <a  title=\"Baby Shower, mucho m\u00e1s que un evento social\" href=\"https:\/\/www.evento.love\/blog\/baby-shower-evento-social-madrid\/\">\r\n\r\n            <img width=\"150\" height=\"150\" src=\"https:\/\/www.evento.love\/blog\/wp-content\/uploads\/2016\/07\/babyshower-150x150.jpg\" class=\"attachment-thumbnail size-thumbnail wp-post-image\" alt=\"baby shower-fiesta-beb\u00e9-embarazo-embarazada\" decoding=\"async\" loading=\"lazy\" \/>\r\n\r\n        <\/a>\r\n    <\/div>\r\n\r\n    <a class=\"title post_title\"  title=\"Baby Shower, mucho m\u00e1s que un evento social\" href=\"https:\/\/www.evento.love\/blog\/baby-shower-evento-social-madrid\/\">\r\n                Baby Shower, mucho m\u00e1s que un evento social    <\/a>\r\n\r\n                <\/div>\r\n                            <div class=\"item\">\r\n                        <div class=\"thumb post_thumb\">\r\n        <a  title=\"12 consejos para un Baby Shower perfecto\" href=\"https:\/\/www.evento.love\/blog\/12-consejos-baby-shower-perfecto-madrid\/\">\r\n\r\n            <img width=\"150\" height=\"150\" src=\"https:\/\/www.evento.love\/blog\/wp-content\/uploads\/2016\/09\/16_05_20_12_consejos-para-que-tu-Baby-Shower-sea-perfecto-150x150.jpg\" class=\"attachment-thumbnail size-thumbnail wp-post-image\" alt=\"Baby Shower-perfecto-beb\u00e9-embarazado-embarazada-fiesta-babyshower\" decoding=\"async\" loading=\"lazy\" \/>\r\n\r\n        <\/a>\r\n    <\/div>\r\n\r\n    <a class=\"title post_title\"  title=\"12 consejos para un Baby Shower perfecto\" href=\"https:\/\/www.evento.love\/blog\/12-consejos-baby-shower-perfecto-madrid\/\">\r\n                12 consejos para un Baby Shower perfecto    <\/a>\r\n\r\n                <\/div>\r\n                            <div class=\"item\">\r\n                        <div class=\"thumb post_thumb\">\r\n        <a  title=\"Cu\u00e1ndo hacer el Baby Shower\" href=\"https:\/\/www.evento.love\/blog\/cuando-hacer-el-baby-shower-madrid\/\">\r\n\r\n            <img width=\"150\" height=\"150\" src=\"https:\/\/www.evento.love\/blog\/wp-content\/uploads\/2016\/09\/16_05_23_Cuando-hacer-el-Baby-Shower-150x150.jpg\" class=\"attachment-thumbnail size-thumbnail wp-post-image\" alt=\"Cu\u00e1ndo hacer el baby shower beb\u00e9 embarazo fiesta en Madrid\" decoding=\"async\" loading=\"lazy\" \/>\r\n\r\n        <\/a>\r\n    <\/div>\r\n\r\n    <a class=\"title post_title\"  title=\"Cu\u00e1ndo hacer el Baby Shower\" href=\"https:\/\/www.evento.love\/blog\/cuando-hacer-el-baby-shower-madrid\/\">\r\n                Cu\u00e1ndo hacer el Baby Shower    <\/a>\r\n\r\n                <\/div>\r\n                            <div class=\"item\">\r\n                        <div class=\"thumb post_thumb\">\r\n        <a  title=\"Baby Shower: Elaborando la lista de invitados\" href=\"https:\/\/www.evento.love\/blog\/baby-shower-lista-invitados-madrid\/\">\r\n\r\n            <img width=\"150\" height=\"150\" src=\"https:\/\/www.evento.love\/blog\/wp-content\/uploads\/2016\/09\/16_05_30_Baby-Shower-elaborando-la-lista-de-invitados-150x150.jpg\" class=\"attachment-thumbnail size-thumbnail wp-post-image\" alt=\"\" decoding=\"async\" loading=\"lazy\" \/>\r\n\r\n        <\/a>\r\n    <\/div>\r\n\r\n    <a class=\"title post_title\"  title=\"Baby Shower: Elaborando la lista de invitados\" href=\"https:\/\/www.evento.love\/blog\/baby-shower-lista-invitados-madrid\/\">\r\n                Baby Shower: Elaborando la lista de invitados    <\/a>\r\n\r\n                <\/div>\r\n            \r\n    <\/div>\r\n\r\n    <script>\r\n            <\/script>\r\n    <style>\r\n        .related-post {}\r\n\r\n        .related-post .post-list {\r\n            text-align: left;\r\n                    }\r\n\r\n        .related-post .post-list .item {\r\n            margin: 5px 10px;\r\n            padding: 0px;\r\n                    }\r\n\r\n        .related-post .headline {\r\n            font-size: 24px !important;\r\n            color: #000000 !important;\r\n                    }\r\n\r\n        .related-post .headline{\r\nfont-weight:400 !important;\r\ntext-transform: uppercase;\r\n}.related-post .post-list .item .post_thumb {\r\n            max-height: 180px;\r\n            margin: 10px 0px;\r\n            padding: 0px;\r\n            display: block;\r\n                    }\r\n\r\n        .related-post .post-list .item .post_title {\r\n            font-size: 12px;\r\n            color: #607d8b;\r\n            margin: 10px 0px;\r\n            padding: 0px;\r\n            display: block;\r\n            text-decoration: none;\r\n                    }\r\n\r\n        .related-post .post-list .item .post_excerpt {\r\n            font-size: 13px;\r\n            color: #3f3f3f;\r\n            margin: 10px 0px;\r\n            padding: 0px;\r\n            display: block;\r\n            text-decoration: none;\r\n                    }\r\n\r\n        @media only screen and (min-width: 1024px) {\r\n            .related-post .post-list .item {\r\n                width: 22%;\r\n            }\r\n        }\r\n\r\n        @media only screen and (min-width: 768px) and (max-width: 1023px) {\r\n            .related-post .post-list .item {\r\n                width: 90%;\r\n            }\r\n        }\r\n\r\n        @media only screen and (min-width: 0px) and (max-width: 767px) {\r\n            .related-post .post-list .item {\r\n                width: 30%;\r\n            }\r\n        }\r\n\r\n            <\/style>\r\n        <\/div>\r\n","protected":false},"author":1,"featured_media":5323,"comment_status":"closed","ping_status":"closed","sticky":false,"template":"","format":"standard","meta":{"content-type":""},"categories":[756],"tags":[987,1522,1523,316,934,1521,889,986,888,1415],"yoast_head":"<!-- This site is optimized with the Yoast SEO plugin v20.7 - https:\/\/yoast.com\/wordpress\/plugins\/seo\/ -->\n<title>SAVE THE DATE: \u00a1Nos vemos en la feria BodaTop! - El Blog de evento.love<\/title>\n<meta name=\"description\" content=\"Tu wedding planner te espera en la feria BodaTop el 21 y 22 de septiembre 2019 en el Hotel NH Collection Eurobuilding de Madrid.\" \/>\n<meta name=\"robots\" content=\"index, follow, max-snippet:-1, max-image-preview:large, max-video-preview:-1\" \/>\n<meta property=\"og:locale\" content=\"es_ES\" \/>\n<meta property=\"og:type\" content=\"article\" \/>\n<meta property=\"og:title\" content=\"SAVE THE DATE: \u00a1Nos vemos en la feria BodaTop! - El Blog de evento.love\" \/>\n<meta property=\"og:description\" content=\"Tu wedding planner te espera en la feria BodaTop el 21 y 22 de septiembre 2019 en el Hotel NH Collection Eurobuilding de Madrid.\" \/>\n<meta property=\"og:url\" content=\"https:\/\/www.evento.love\/blog\/save-the-date-nos-vemos-en-la-feria-bodatop\/\" \/>\n<meta property=\"og:site_name\" content=\"El Blog de evento.love\" \/>\n<meta property=\"article:publisher\" content=\"https:\/\/www.facebook.com\/Evento.love\/\" \/>\n<meta property=\"article:published_time\" content=\"2019-09-16T07:00:59+00:00\" \/>\n<meta property=\"article:modified_time\" content=\"2019-09-15T21:28:32+00:00\" \/>\n<meta property=\"og:image\" content=\"https:\/\/www.evento.love\/blog\/wp-content\/uploads\/2019\/09\/Bodatop-logo-3\u00aa-edicion-evento-love-wedding-planner.jpg\" \/>\n\t<meta property=\"og:image:width\" content=\"850\" \/>\n\t<meta property=\"og:image:height\" content=\"513\" \/>\n\t<meta property=\"og:image:type\" content=\"image\/jpeg\" \/>\n<meta name=\"author\" content=\"Evento Love\" \/>\n<meta name=\"twitter:card\" content=\"summary_large_image\" \/>\n<meta name=\"twitter:creator\" content=\"@Evento_love\" \/>\n<meta name=\"twitter:site\" content=\"@Evento_love\" \/>\n<meta name=\"twitter:label1\" content=\"Escrito por\" \/>\n\t<meta name=\"twitter:data1\" content=\"Evento Love\" \/>\n\t<meta name=\"twitter:label2\" content=\"Tiempo de lectura\" \/>\n\t<meta name=\"twitter:data2\" content=\"2 minutos\" \/>\n<!-- \/ Yoast SEO plugin. -->","yoast_head_json":{"title":"SAVE THE DATE: \u00a1Nos vemos en la feria BodaTop! - El Blog de evento.love","description":"Tu wedding planner te espera en la feria BodaTop el 21 y 22 de septiembre 2019 en el Hotel NH Collection Eurobuilding de Madrid.","robots":{"index":"index","follow":"follow","max-snippet":"max-snippet:-1","max-image-preview":"max-image-preview:large","max-video-preview":"max-video-preview:-1"},"og_locale":"es_ES","og_type":"article","og_title":"SAVE THE DATE: \u00a1Nos vemos en la feria BodaTop! - El Blog de evento.love","og_description":"Tu wedding planner te espera en la feria BodaTop el 21 y 22 de septiembre 2019 en el Hotel NH Collection Eurobuilding de Madrid.","og_url":"https:\/\/www.evento.love\/blog\/save-the-date-nos-vemos-en-la-feria-bodatop\/","og_site_name":"El Blog de evento.love","article_publisher":"https:\/\/www.facebook.com\/Evento.love\/","article_published_time":"2019-09-16T07:00:59+00:00","article_modified_time":"2019-09-15T21:28:32+00:00","og_image":[{"width":850,"height":513,"url":"https:\/\/www.evento.love\/blog\/wp-content\/uploads\/2019\/09\/Bodatop-logo-3\u00aa-edicion-evento-love-wedding-planner.jpg","type":"image\/jpeg"}],"author":"Evento Love","twitter_card":"summary_large_image","twitter_creator":"@Evento_love","twitter_site":"@Evento_love","twitter_misc":{"Escrito por":"Evento Love","Tiempo de lectura":"2 minutos"},"schema":{"@context":"https:\/\/schema.org","@graph":[{"@type":"Article","@id":"https:\/\/www.evento.love\/blog\/save-the-date-nos-vemos-en-la-feria-bodatop\/#article","isPartOf":{"@id":"https:\/\/www.evento.love\/blog\/save-the-date-nos-vemos-en-la-feria-bodatop\/"},"author":{"name":"Evento Love","@id":"https:\/\/www.evento.love\/blog\/#\/schema\/person\/a184c2ed424b7fb3006372ce8051542c"},"headline":"SAVE THE DATE: \u00a1Nos vemos en la feria BodaTop!","datePublished":"2019-09-16T07:00:59+00:00","dateModified":"2019-09-15T21:28:32+00:00","mainEntityOfPage":{"@id":"https:\/\/www.evento.love\/blog\/save-the-date-nos-vemos-en-la-feria-bodatop\/"},"wordCount":368,"publisher":{"@id":"https:\/\/www.evento.love\/blog\/#organization"},"keywords":["bodas 2019","bodas 2020","bodas 2021","decoracion","decoraci\u00f3n de bodas","feria de bodas en madrid","organizaci\u00f3n de bodas","tendencias de bodas","wedding planner","wedding planner madrid"],"articleSection":["Bodas"],"inLanguage":"es"},{"@type":"WebPage","@id":"https:\/\/www.evento.love\/blog\/save-the-date-nos-vemos-en-la-feria-bodatop\/","url":"https:\/\/www.evento.love\/blog\/save-the-date-nos-vemos-en-la-feria-bodatop\/","name":"SAVE THE DATE: \u00a1Nos vemos en la feria BodaTop! - El Blog de evento.love","isPartOf":{"@id":"https:\/\/www.evento.love\/blog\/#website"},"datePublished":"2019-09-16T07:00:59+00:00","dateModified":"2019-09-15T21:28:32+00:00","description":"Tu wedding planner te espera en la feria BodaTop el 21 y 22 de septiembre 2019 en el Hotel NH Collection Eurobuilding de Madrid.","breadcrumb":{"@id":"https:\/\/www.evento.love\/blog\/save-the-date-nos-vemos-en-la-feria-bodatop\/#breadcrumb"},"inLanguage":"es","potentialAction":[{"@type":"ReadAction","target":["https:\/\/www.evento.love\/blog\/save-the-date-nos-vemos-en-la-feria-bodatop\/"]}]},{"@type":"BreadcrumbList","@id":"https:\/\/www.evento.love\/blog\/save-the-date-nos-vemos-en-la-feria-bodatop\/#breadcrumb","itemListElement":[{"@type":"ListItem","position":1,"name":"Evento.love","item":"https:\/\/www.evento.love\/blog\/"},{"@type":"ListItem","position":2,"name":"Bodas","item":"https:\/\/www.evento.love\/blog\/category\/bodas\/"},{"@type":"ListItem","position":3,"name":"SAVE THE DATE: \u00a1Nos vemos en la feria BodaTop!"}]},{"@type":"WebSite","@id":"https:\/\/www.evento.love\/blog\/#website","url":"https:\/\/www.evento.love\/blog\/","name":"El Blog de evento.love","description":"T\u00fa lo mereces. Disfruta de tu momento","publisher":{"@id":"https:\/\/www.evento.love\/blog\/#organization"},"potentialAction":[{"@type":"SearchAction","target":{"@type":"EntryPoint","urlTemplate":"https:\/\/www.evento.love\/blog\/?s={search_term_string}"},"query-input":"required name=search_term_string"}],"inLanguage":"es"},{"@type":"Organization","@id":"https:\/\/www.evento.love\/blog\/#organization","name":"evento.love","url":"https:\/\/www.evento.love\/blog\/","logo":{"@type":"ImageObject","inLanguage":"es","@id":"https:\/\/www.evento.love\/blog\/#\/schema\/logo\/image\/","url":"https:\/\/www.evento.love\/blog\/wp-content\/uploads\/2016\/07\/logo-evento-love.png","contentUrl":"https:\/\/www.evento.love\/blog\/wp-content\/uploads\/2016\/07\/logo-evento-love.png","width":197,"height":59,"caption":"evento.love"},"image":{"@id":"https:\/\/www.evento.love\/blog\/#\/schema\/logo\/image\/"},"sameAs":["https:\/\/www.facebook.com\/Evento.love\/","https:\/\/twitter.com\/Evento_love","https:\/\/www.instagram.com\/evento.love\/","https:\/\/es.pinterest.com\/evento_love\/","https:\/\/www.youtube.com\/channel\/UCcVbo6ymzx-7FlDJja8aQnw"]},{"@type":"Person","@id":"https:\/\/www.evento.love\/blog\/#\/schema\/person\/a184c2ed424b7fb3006372ce8051542c","name":"Evento Love"}]}},"_links":{"self":[{"href":"https:\/\/www.evento.love\/blog\/wp-json\/wp\/v2\/posts\/5318"}],"collection":[{"href":"https:\/\/www.evento.love\/blog\/wp-json\/wp\/v2\/posts"}],"about":[{"href":"https:\/\/www.evento.love\/blog\/wp-json\/wp\/v2\/types\/post"}],"author":[{"embeddable":true,"href":"https:\/\/www.evento.love\/blog\/wp-json\/wp\/v2\/users\/1"}],"replies":[{"embeddable":true,"href":"https:\/\/www.evento.love\/blog\/wp-json\/wp\/v2\/comments?post=5318"}],"version-history":[{"count":5,"href":"https:\/\/www.evento.love\/blog\/wp-json\/wp\/v2\/posts\/5318\/revisions"}],"predecessor-version":[{"id":5327,"href":"https:\/\/www.evento.love\/blog\/wp-json\/wp\/v2\/posts\/5318\/revisions\/5327"}],"wp:featuredmedia":[{"embeddable":true,"href":"https:\/\/www.evento.love\/blog\/wp-json\/wp\/v2\/media\/5323"}],"wp:attachment":[{"href":"https:\/\/www.evento.love\/blog\/wp-json\/wp\/v2\/media?parent=5318"}],"wp:term":[{"taxonomy":"category","embeddable":true,"href":"https:\/\/www.evento.love\/blog\/wp-json\/wp\/v2\/categories?post=5318"},{"taxonomy":"post_tag","embeddable":true,"href":"https:\/\/www.evento.love\/blog\/wp-json\/wp\/v2\/tags?post=5318"}],"curies":[{"name":"wp","href":"https:\/\/api.w.org\/{rel}","templated":true}]}}