{"id":5419,"date":"2019-10-07T09:00:05","date_gmt":"2019-10-07T07:00:05","guid":{"rendered":"https:\/\/www.evento.love\/blog\/?p=5419"},"modified":"2019-10-10T07:29:20","modified_gmt":"2019-10-10T05:29:20","slug":"5-tendencias-para-invitadas-de-otono","status":"publish","type":"post","link":"https:\/\/www.evento.love\/blog\/5-tendencias-para-invitadas-de-otono\/","title":{"rendered":"5 tendencias para invitadas de oto\u00f1o"},"content":{"rendered":"<p>Aunque en Madrid y en muchas zonas de Espa\u00f1a parece que el verano no llega a su fin, el oto\u00f1o ya apetece, especialmente si hablamos de moda y looks de invitada.<!--more--><\/p>\n<p>Si hace unos meses os d\u00e1bamos los tips para ser <a href=\"https:\/\/www.evento.love\/blog\/5-tendencias-en-looks-de-invitada-para-las-bodas-de-verano\/?utm_source=web&amp;utm_medium=post&amp;utm_campaign=invitadas-otono\" target=\"_blank\" rel=\"noopener noreferrer\">la invitada perfecta el pasado verano<\/a>, hoy volvemos con uno de esos post que os encantan, llenos de ideas, inspiraci\u00f3n y dise\u00f1adores que os aseguramos os van a enamorar. Esta vez, como no pod\u00eda ser de otra manera, \u00a1entramos de lleno en los looks de invitadas de oto\u00f1o!<\/p>\n<p>Algunas de las tendencias que os mostramos a continuaci\u00f3n ya llevan tiempo con nosotros pero siguen pisando muy fuerte esta temporada y, adem\u00e1s, son s\u00faper favorecedoras. Adem\u00e1s, si ten\u00e9is una boda pr\u00f3ximamente, os recomendamos 100% las marcas que incluimos en esta lista. \u00a1Tienen dise\u00f1os ideales!<\/p>\n<h2>Looks para invitadas de oto\u00f1o<\/h2>\n<h3>1. Vestidos bicolor<\/h3>\n<p>Pueden ser con combinaciones sencillas y colores neutros como tonos m\u00e1s vibrantes y llamativos.<\/p>\n<figure id=\"attachment_5424\" aria-describedby=\"caption-attachment-5424\" style=\"width: 850px\" class=\"wp-caption aligncenter\"><img decoding=\"async\" loading=\"lazy\" class=\"wp-image-5424 size-full\" src=\"https:\/\/www.evento.love\/blog\/wp-content\/uploads\/2019\/10\/evento.love-tendencias-invitadas-otono-coosy.jpg\" alt=\"bodas\" width=\"850\" height=\"600\" srcset=\"https:\/\/www.evento.love\/blog\/wp-content\/uploads\/2019\/10\/evento.love-tendencias-invitadas-otono-coosy.jpg 850w, https:\/\/www.evento.love\/blog\/wp-content\/uploads\/2019\/10\/evento.love-tendencias-invitadas-otono-coosy-300x212.jpg 300w, https:\/\/www.evento.love\/blog\/wp-content\/uploads\/2019\/10\/evento.love-tendencias-invitadas-otono-coosy-768x542.jpg 768w, https:\/\/www.evento.love\/blog\/wp-content\/uploads\/2019\/10\/evento.love-tendencias-invitadas-otono-coosy-383x270.jpg 383w\" sizes=\"(max-width: 850px) 100vw, 850px\" \/><figcaption id=\"caption-attachment-5424\" class=\"wp-caption-text\">Coosy<\/figcaption><\/figure>\n<h3>2. Morados y lilas<\/h3>\n<p>Las tonalidades de la temporada, tanto en ropa casual como en dise\u00f1os de invitada.<\/p>\n<figure id=\"attachment_5423\" aria-describedby=\"caption-attachment-5423\" style=\"width: 850px\" class=\"wp-caption aligncenter\"><img decoding=\"async\" loading=\"lazy\" class=\"size-full wp-image-5423\" src=\"https:\/\/www.evento.love\/blog\/wp-content\/uploads\/2019\/10\/evento.love-tendencias-invitadas-otono-bimani13.jpg\" alt=\"Invitadas de oto\u00f1o\" width=\"850\" height=\"629\" srcset=\"https:\/\/www.evento.love\/blog\/wp-content\/uploads\/2019\/10\/evento.love-tendencias-invitadas-otono-bimani13.jpg 850w, https:\/\/www.evento.love\/blog\/wp-content\/uploads\/2019\/10\/evento.love-tendencias-invitadas-otono-bimani13-300x222.jpg 300w, https:\/\/www.evento.love\/blog\/wp-content\/uploads\/2019\/10\/evento.love-tendencias-invitadas-otono-bimani13-768x568.jpg 768w, https:\/\/www.evento.love\/blog\/wp-content\/uploads\/2019\/10\/evento.love-tendencias-invitadas-otono-bimani13-365x270.jpg 365w\" sizes=\"(max-width: 850px) 100vw, 850px\" \/><figcaption id=\"caption-attachment-5423\" class=\"wp-caption-text\">Bimani 13<\/figcaption><\/figure>\n<h3>3. Organza<\/h3>\n<p>\u00a1Nos encanta! Ideal tanto en vestido como en camisa combinada con un pantal\u00f3n palazzo.<\/p>\n<figure id=\"attachment_5422\" aria-describedby=\"caption-attachment-5422\" style=\"width: 850px\" class=\"wp-caption aligncenter\"><img decoding=\"async\" loading=\"lazy\" class=\"wp-image-5422 size-full\" src=\"https:\/\/www.evento.love\/blog\/wp-content\/uploads\/2019\/10\/evento.love-tendencias-invitadas-otono-zara.jpg\" alt=\"bodas\" width=\"850\" height=\"629\" srcset=\"https:\/\/www.evento.love\/blog\/wp-content\/uploads\/2019\/10\/evento.love-tendencias-invitadas-otono-zara.jpg 850w, https:\/\/www.evento.love\/blog\/wp-content\/uploads\/2019\/10\/evento.love-tendencias-invitadas-otono-zara-300x222.jpg 300w, https:\/\/www.evento.love\/blog\/wp-content\/uploads\/2019\/10\/evento.love-tendencias-invitadas-otono-zara-768x568.jpg 768w, https:\/\/www.evento.love\/blog\/wp-content\/uploads\/2019\/10\/evento.love-tendencias-invitadas-otono-zara-365x270.jpg 365w\" sizes=\"(max-width: 850px) 100vw, 850px\" \/><figcaption id=\"caption-attachment-5422\" class=\"wp-caption-text\">Zara<\/figcaption><\/figure>\n<h3>4. Mangas fantas\u00eda<\/h3>\n<figure id=\"attachment_5421\" aria-describedby=\"caption-attachment-5421\" style=\"width: 850px\" class=\"wp-caption aligncenter\"><img decoding=\"async\" loading=\"lazy\" class=\"wp-image-5421 size-full\" src=\"https:\/\/www.evento.love\/blog\/wp-content\/uploads\/2019\/10\/evento.love-tendencias-invitadas-otono-panambi.jpg\" alt=\"bodas de oto\u00f1o\" width=\"850\" height=\"629\" srcset=\"https:\/\/www.evento.love\/blog\/wp-content\/uploads\/2019\/10\/evento.love-tendencias-invitadas-otono-panambi.jpg 850w, https:\/\/www.evento.love\/blog\/wp-content\/uploads\/2019\/10\/evento.love-tendencias-invitadas-otono-panambi-300x222.jpg 300w, https:\/\/www.evento.love\/blog\/wp-content\/uploads\/2019\/10\/evento.love-tendencias-invitadas-otono-panambi-768x568.jpg 768w, https:\/\/www.evento.love\/blog\/wp-content\/uploads\/2019\/10\/evento.love-tendencias-invitadas-otono-panambi-365x270.jpg 365w\" sizes=\"(max-width: 850px) 100vw, 850px\" \/><figcaption id=\"caption-attachment-5421\" class=\"wp-caption-text\">Panambi<\/figcaption><\/figure>\n<h3>5. Lunares<\/h3>\n<p>Nuestros favoritos para bodas, no importa en qu\u00e9 estaci\u00f3n. Fijaos en estas combinaciones con base de colores oto\u00f1ales beige y teja&#8230;\u00a1Maravilla!<\/p>\n<figure id=\"attachment_5420\" aria-describedby=\"caption-attachment-5420\" style=\"width: 850px\" class=\"wp-caption aligncenter\"><img decoding=\"async\" loading=\"lazy\" class=\"size-full wp-image-5420\" src=\"https:\/\/www.evento.love\/blog\/wp-content\/uploads\/2019\/10\/evento.love-tendencias-invitadas-otono-choatelier.jpg\" alt=\"invitadas de oto\u00f1o\" width=\"850\" height=\"629\" srcset=\"https:\/\/www.evento.love\/blog\/wp-content\/uploads\/2019\/10\/evento.love-tendencias-invitadas-otono-choatelier.jpg 850w, https:\/\/www.evento.love\/blog\/wp-content\/uploads\/2019\/10\/evento.love-tendencias-invitadas-otono-choatelier-300x222.jpg 300w, https:\/\/www.evento.love\/blog\/wp-content\/uploads\/2019\/10\/evento.love-tendencias-invitadas-otono-choatelier-768x568.jpg 768w, https:\/\/www.evento.love\/blog\/wp-content\/uploads\/2019\/10\/evento.love-tendencias-invitadas-otono-choatelier-365x270.jpg 365w\" sizes=\"(max-width: 850px) 100vw, 850px\" \/><figcaption id=\"caption-attachment-5420\" class=\"wp-caption-text\">Cho Atelier<\/figcaption><\/figure>\n<p>Si no quieres perderte las tendencias que cada temporada arrasan en las bodas, no te olvides de seguir nuestros posts semanales (lunes y jueves) en <a href=\"https:\/\/www.evento.love\/blog\/?utm_source=web&amp;utm_medium=post&amp;utm_campaign=invitadas-otono\" target=\"_blank\" rel=\"noopener noreferrer\">nuestro blog<\/a> y en <a href=\"https:\/\/www.instagram.com\/evento.love\/?utm_source=web&amp;utm_medium=post&amp;utm_campaign=invitadas-otono\" target=\"_blank\" rel=\"noopener noreferrer\">redes sociales<\/a>. \u00a1Os esperamos!<\/p>\n<p>Y si quieres saber m\u00e1s sobre nuestros servicios en <a href=\"https:\/\/www.evento.love\/bodas\/index.html?utm_source=web&amp;utm_medium=post&amp;utm_campaign=invitadas-otono\" target=\"_blank\" rel=\"noopener noreferrer\">organizaci\u00f3n y decoraci\u00f3n<\/a> de boda en Madrid, escr\u00edbenos a <a href=\"mailto:hola@evento.love\">hola@evento.love<\/a> \ud83d\ude42<\/p>\n    <div class=\"related-post grid\">\r\n                <div class=\"headline\">M\u00e1s art\u00edculos a tener en cuenta<\/div>\r\n        <div class=\"post-list \">\r\n\r\n                        <div class=\"item\">\r\n                        <div class=\"thumb post_thumb\">\r\n        <a  title=\"C\u00f3mo inmortalizar tu baby shower\" href=\"https:\/\/www.evento.love\/blog\/inmortalizar-baby-shower-madrid\/\">\r\n\r\n            <img width=\"150\" height=\"150\" src=\"https:\/\/www.evento.love\/blog\/wp-content\/uploads\/2016\/09\/16_06_30_C\u00f3mo-inmortalizar-tu-baby-shower-150x150.jpg\" class=\"attachment-thumbnail size-thumbnail wp-post-image\" alt=\"\" decoding=\"async\" loading=\"lazy\" \/>\r\n\r\n        <\/a>\r\n    <\/div>\r\n\r\n    <a class=\"title post_title\"  title=\"C\u00f3mo inmortalizar tu baby shower\" href=\"https:\/\/www.evento.love\/blog\/inmortalizar-baby-shower-madrid\/\">\r\n                C\u00f3mo inmortalizar tu baby shower    <\/a>\r\n\r\n                <\/div>\r\n                            <div class=\"item\">\r\n                        <div class=\"thumb post_thumb\">\r\n        <a  title=\"C\u00f3mo crear un fotomat\u00f3n o photocall para tu fiesta\" href=\"https:\/\/www.evento.love\/blog\/crear-fotomaton-photocall-fiesta-madrid\/\">\r\n\r\n            <img width=\"150\" height=\"150\" src=\"https:\/\/www.evento.love\/blog\/wp-content\/uploads\/2016\/11\/C\u00d3MO-CREAR-UN-FOTOMAT\u00d3N-O-PHOTOCALL-PARA-TU-FIESTA-150x150.jpg\" class=\"attachment-thumbnail size-thumbnail wp-post-image\" alt=\"C\u00d3MO CREAR UN FOTOMAT\u00d3N O PHOTOCALL PARA TU FIESTA\" decoding=\"async\" loading=\"lazy\" \/>\r\n\r\n        <\/a>\r\n    <\/div>\r\n\r\n    <a class=\"title post_title\"  title=\"C\u00f3mo crear un fotomat\u00f3n o photocall para tu fiesta\" href=\"https:\/\/www.evento.love\/blog\/crear-fotomaton-photocall-fiesta-madrid\/\">\r\n                C\u00f3mo crear un fotomat\u00f3n o photocall para tu fiesta    <\/a>\r\n\r\n                <\/div>\r\n                            <div class=\"item\">\r\n                        <div class=\"thumb post_thumb\">\r\n        <a  title=\"8 ideas para utilizar pizarras en tu fiesta\" href=\"https:\/\/www.evento.love\/blog\/8-ideas-para-utilizar-pizarras-en-tu-fiesta-madrid\/\">\r\n\r\n            <img width=\"150\" height=\"150\" src=\"https:\/\/www.evento.love\/blog\/wp-content\/uploads\/2017\/04\/17_03_18-150x150.jpg\" class=\"attachment-thumbnail size-thumbnail wp-post-image\" alt=\"8 ideas para utilizar pizarras en tu fiesta\" decoding=\"async\" loading=\"lazy\" \/>\r\n\r\n        <\/a>\r\n    <\/div>\r\n\r\n    <a class=\"title post_title\"  title=\"8 ideas para utilizar pizarras en tu fiesta\" href=\"https:\/\/www.evento.love\/blog\/8-ideas-para-utilizar-pizarras-en-tu-fiesta-madrid\/\">\r\n                8 ideas para utilizar pizarras en tu fiesta    <\/a>\r\n\r\n                <\/div>\r\n                            <div class=\"item\">\r\n                        <div class=\"thumb post_thumb\">\r\n        <a  title=\"5+1 ideas imprescindibles para dar un toque especial a tu boda\" href=\"https:\/\/www.evento.love\/blog\/ideas-imprescindibles-tu-boda-madrid\/\">\r\n\r\n            <img width=\"150\" height=\"150\" src=\"https:\/\/www.evento.love\/blog\/wp-content\/uploads\/2017\/04\/17_04_01-150x150.jpg\" class=\"attachment-thumbnail size-thumbnail wp-post-image\" alt=\"Ideas para tu boda organizaci\u00f3n eventos madrid\" decoding=\"async\" loading=\"lazy\" \/>\r\n\r\n        <\/a>\r\n    <\/div>\r\n\r\n    <a class=\"title post_title\"  title=\"5+1 ideas imprescindibles para dar un toque especial a tu boda\" href=\"https:\/\/www.evento.love\/blog\/ideas-imprescindibles-tu-boda-madrid\/\">\r\n                5+1 ideas imprescindibles para dar un toque especial a tu boda    <\/a>\r\n\r\n                <\/div>\r\n            \r\n    <\/div>\r\n\r\n    <script>\r\n            <\/script>\r\n    <style>\r\n        .related-post {}\r\n\r\n        .related-post .post-list {\r\n            text-align: left;\r\n                    }\r\n\r\n        .related-post .post-list .item {\r\n            margin: 5px 10px;\r\n            padding: 0px;\r\n                    }\r\n\r\n        .related-post .headline {\r\n            font-size: 24px !important;\r\n            color: #000000 !important;\r\n                    }\r\n\r\n        .related-post .headline{\r\nfont-weight:400 !important;\r\ntext-transform: uppercase;\r\n}.related-post .post-list .item .post_thumb {\r\n            max-height: 180px;\r\n            margin: 10px 0px;\r\n            padding: 0px;\r\n            display: block;\r\n                    }\r\n\r\n        .related-post .post-list .item .post_title {\r\n            font-size: 12px;\r\n            color: #607d8b;\r\n            margin: 10px 0px;\r\n            padding: 0px;\r\n            display: block;\r\n            text-decoration: none;\r\n                    }\r\n\r\n        .related-post .post-list .item .post_excerpt {\r\n            font-size: 13px;\r\n            color: #3f3f3f;\r\n            margin: 10px 0px;\r\n            padding: 0px;\r\n            display: block;\r\n            text-decoration: none;\r\n                    }\r\n\r\n        @media only screen and (min-width: 1024px) {\r\n            .related-post .post-list .item {\r\n                width: 22%;\r\n            }\r\n        }\r\n\r\n        @media only screen and (min-width: 768px) and (max-width: 1023px) {\r\n            .related-post .post-list .item {\r\n                width: 90%;\r\n            }\r\n        }\r\n\r\n        @media only screen and (min-width: 0px) and (max-width: 767px) {\r\n            .related-post .post-list .item {\r\n                width: 30%;\r\n            }\r\n        }\r\n\r\n            <\/style>\r\n        <\/div>\r\n<!-- AddThis Advanced Settings generic via filter on the_content --><!-- AddThis Share Buttons generic via filter on the_content -->","protected":false},"excerpt":{"rendered":"<p>Aunque en Madrid y en muchas zonas de Espa\u00f1a parece que el verano no llega a su fin, el oto\u00f1o ya apetece, especialmente si hablamos de moda y looks de invitada. M\u00e1s art\u00edculos a tener en cuenta Baby Shower, mucho m\u00e1s que un evento social 12 consejos para un Baby Shower perfecto Cu\u00e1ndo hacer el Baby Shower \u00bfQui\u00e9n debe organizar el Baby Shower?<!-- AddThis Advanced Settings generic via filter on get_the_excerpt --><!-- AddThis Share Buttons generic via filter on get_the_excerpt --><\/p>\n    <div class=\"related-post grid\">\r\n                <div class=\"headline\">M\u00e1s art\u00edculos a tener en cuenta<\/div>\r\n        <div class=\"post-list \">\r\n\r\n                        <div class=\"item\">\r\n                        <div class=\"thumb post_thumb\">\r\n        <a  title=\"Baby Shower, mucho m\u00e1s que un evento social\" href=\"https:\/\/www.evento.love\/blog\/baby-shower-evento-social-madrid\/\">\r\n\r\n            <img width=\"150\" height=\"150\" src=\"https:\/\/www.evento.love\/blog\/wp-content\/uploads\/2016\/07\/babyshower-150x150.jpg\" class=\"attachment-thumbnail size-thumbnail wp-post-image\" alt=\"baby shower-fiesta-beb\u00e9-embarazo-embarazada\" decoding=\"async\" loading=\"lazy\" \/>\r\n\r\n        <\/a>\r\n    <\/div>\r\n\r\n    <a class=\"title post_title\"  title=\"Baby Shower, mucho m\u00e1s que un evento social\" href=\"https:\/\/www.evento.love\/blog\/baby-shower-evento-social-madrid\/\">\r\n                Baby Shower, mucho m\u00e1s que un evento social    <\/a>\r\n\r\n                <\/div>\r\n                            <div class=\"item\">\r\n                        <div class=\"thumb post_thumb\">\r\n        <a  title=\"12 consejos para un Baby Shower perfecto\" href=\"https:\/\/www.evento.love\/blog\/12-consejos-baby-shower-perfecto-madrid\/\">\r\n\r\n            <img width=\"150\" height=\"150\" src=\"https:\/\/www.evento.love\/blog\/wp-content\/uploads\/2016\/09\/16_05_20_12_consejos-para-que-tu-Baby-Shower-sea-perfecto-150x150.jpg\" class=\"attachment-thumbnail size-thumbnail wp-post-image\" alt=\"Baby Shower-perfecto-beb\u00e9-embarazado-embarazada-fiesta-babyshower\" decoding=\"async\" loading=\"lazy\" \/>\r\n\r\n        <\/a>\r\n    <\/div>\r\n\r\n    <a class=\"title post_title\"  title=\"12 consejos para un Baby Shower perfecto\" href=\"https:\/\/www.evento.love\/blog\/12-consejos-baby-shower-perfecto-madrid\/\">\r\n                12 consejos para un Baby Shower perfecto    <\/a>\r\n\r\n                <\/div>\r\n                            <div class=\"item\">\r\n                        <div class=\"thumb post_thumb\">\r\n        <a  title=\"Cu\u00e1ndo hacer el Baby Shower\" href=\"https:\/\/www.evento.love\/blog\/cuando-hacer-el-baby-shower-madrid\/\">\r\n\r\n            <img width=\"150\" height=\"150\" src=\"https:\/\/www.evento.love\/blog\/wp-content\/uploads\/2016\/09\/16_05_23_Cuando-hacer-el-Baby-Shower-150x150.jpg\" class=\"attachment-thumbnail size-thumbnail wp-post-image\" alt=\"Cu\u00e1ndo hacer el baby shower beb\u00e9 embarazo fiesta en Madrid\" decoding=\"async\" loading=\"lazy\" \/>\r\n\r\n        <\/a>\r\n    <\/div>\r\n\r\n    <a class=\"title post_title\"  title=\"Cu\u00e1ndo hacer el Baby Shower\" href=\"https:\/\/www.evento.love\/blog\/cuando-hacer-el-baby-shower-madrid\/\">\r\n                Cu\u00e1ndo hacer el Baby Shower    <\/a>\r\n\r\n                <\/div>\r\n                            <div class=\"item\">\r\n                        <div class=\"thumb post_thumb\">\r\n        <a  title=\"Baby Shower: Elaborando la lista de invitados\" href=\"https:\/\/www.evento.love\/blog\/baby-shower-lista-invitados-madrid\/\">\r\n\r\n            <img width=\"150\" height=\"150\" src=\"https:\/\/www.evento.love\/blog\/wp-content\/uploads\/2016\/09\/16_05_30_Baby-Shower-elaborando-la-lista-de-invitados-150x150.jpg\" class=\"attachment-thumbnail size-thumbnail wp-post-image\" alt=\"\" decoding=\"async\" loading=\"lazy\" \/>\r\n\r\n        <\/a>\r\n    <\/div>\r\n\r\n    <a class=\"title post_title\"  title=\"Baby Shower: Elaborando la lista de invitados\" href=\"https:\/\/www.evento.love\/blog\/baby-shower-lista-invitados-madrid\/\">\r\n                Baby Shower: Elaborando la lista de invitados    <\/a>\r\n\r\n                <\/div>\r\n            \r\n    <\/div>\r\n\r\n    <script>\r\n            <\/script>\r\n    <style>\r\n        .related-post {}\r\n\r\n        .related-post .post-list {\r\n            text-align: left;\r\n                    }\r\n\r\n        .related-post .post-list .item {\r\n            margin: 5px 10px;\r\n            padding: 0px;\r\n                    }\r\n\r\n        .related-post .headline {\r\n            font-size: 24px !important;\r\n            color: #000000 !important;\r\n                    }\r\n\r\n        .related-post .headline{\r\nfont-weight:400 !important;\r\ntext-transform: uppercase;\r\n}.related-post .post-list .item .post_thumb {\r\n            max-height: 180px;\r\n            margin: 10px 0px;\r\n            padding: 0px;\r\n            display: block;\r\n                    }\r\n\r\n        .related-post .post-list .item .post_title {\r\n            font-size: 12px;\r\n            color: #607d8b;\r\n            margin: 10px 0px;\r\n            padding: 0px;\r\n            display: block;\r\n            text-decoration: none;\r\n                    }\r\n\r\n        .related-post .post-list .item .post_excerpt {\r\n            font-size: 13px;\r\n            color: #3f3f3f;\r\n            margin: 10px 0px;\r\n            padding: 0px;\r\n            display: block;\r\n            text-decoration: none;\r\n                    }\r\n\r\n        @media only screen and (min-width: 1024px) {\r\n            .related-post .post-list .item {\r\n                width: 22%;\r\n            }\r\n        }\r\n\r\n        @media only screen and (min-width: 768px) and (max-width: 1023px) {\r\n            .related-post .post-list .item {\r\n                width: 90%;\r\n            }\r\n        }\r\n\r\n        @media only screen and (min-width: 0px) and (max-width: 767px) {\r\n            .related-post .post-list .item {\r\n                width: 30%;\r\n            }\r\n        }\r\n\r\n            <\/style>\r\n        <\/div>\r\n","protected":false},"author":1,"featured_media":5420,"comment_status":"open","ping_status":"open","sticky":false,"template":"","format":"standard","meta":{"content-type":""},"categories":[756],"tags":[752,1536,1535,1367,1369,1537,1373,888,1161],"yoast_head":"<!-- This site is optimized with the Yoast SEO plugin v20.7 - https:\/\/yoast.com\/wordpress\/plugins\/seo\/ -->\n<title>5 tendencias para invitadas de oto\u00f1o - El Blog de evento.love<\/title>\n<meta name=\"description\" content=\"Descubre las mejores y m\u00e1s ideales tendencias para invitadas de oto\u00f1o, as\u00ed como las tiendas, marcas y dise\u00f1adores m\u00e1s top del momento.\" \/>\n<meta name=\"robots\" content=\"index, follow, max-snippet:-1, max-image-preview:large, max-video-preview:-1\" \/>\n<meta property=\"og:locale\" content=\"es_ES\" \/>\n<meta property=\"og:type\" content=\"article\" \/>\n<meta property=\"og:title\" content=\"5 tendencias para invitadas de oto\u00f1o - El Blog de evento.love\" \/>\n<meta property=\"og:description\" content=\"Descubre las mejores y m\u00e1s ideales tendencias para invitadas de oto\u00f1o, as\u00ed como las tiendas, marcas y dise\u00f1adores m\u00e1s top del momento.\" \/>\n<meta property=\"og:url\" content=\"https:\/\/www.evento.love\/blog\/5-tendencias-para-invitadas-de-otono\/\" \/>\n<meta property=\"og:site_name\" content=\"El Blog de evento.love\" \/>\n<meta property=\"article:publisher\" content=\"https:\/\/www.facebook.com\/Evento.love\/\" \/>\n<meta property=\"article:published_time\" content=\"2019-10-07T07:00:05+00:00\" \/>\n<meta property=\"article:modified_time\" content=\"2019-10-10T05:29:20+00:00\" \/>\n<meta property=\"og:image\" content=\"https:\/\/www.evento.love\/blog\/wp-content\/uploads\/2019\/10\/evento.love-tendencias-invitadas-otono-choatelier.jpg\" \/>\n\t<meta property=\"og:image:width\" content=\"850\" \/>\n\t<meta property=\"og:image:height\" content=\"629\" \/>\n\t<meta property=\"og:image:type\" content=\"image\/jpeg\" \/>\n<meta name=\"author\" content=\"Evento Love\" \/>\n<meta name=\"twitter:card\" content=\"summary_large_image\" \/>\n<meta name=\"twitter:creator\" content=\"@Evento_love\" \/>\n<meta name=\"twitter:site\" content=\"@Evento_love\" \/>\n<meta name=\"twitter:label1\" content=\"Escrito por\" \/>\n\t<meta name=\"twitter:data1\" content=\"Evento Love\" \/>\n\t<meta name=\"twitter:label2\" content=\"Tiempo de lectura\" \/>\n\t<meta name=\"twitter:data2\" content=\"2 minutos\" \/>\n<!-- \/ Yoast SEO plugin. -->","yoast_head_json":{"title":"5 tendencias para invitadas de oto\u00f1o - El Blog de evento.love","description":"Descubre las mejores y m\u00e1s ideales tendencias para invitadas de oto\u00f1o, as\u00ed como las tiendas, marcas y dise\u00f1adores m\u00e1s top del momento.","robots":{"index":"index","follow":"follow","max-snippet":"max-snippet:-1","max-image-preview":"max-image-preview:large","max-video-preview":"max-video-preview:-1"},"og_locale":"es_ES","og_type":"article","og_title":"5 tendencias para invitadas de oto\u00f1o - El Blog de evento.love","og_description":"Descubre las mejores y m\u00e1s ideales tendencias para invitadas de oto\u00f1o, as\u00ed como las tiendas, marcas y dise\u00f1adores m\u00e1s top del momento.","og_url":"https:\/\/www.evento.love\/blog\/5-tendencias-para-invitadas-de-otono\/","og_site_name":"El Blog de evento.love","article_publisher":"https:\/\/www.facebook.com\/Evento.love\/","article_published_time":"2019-10-07T07:00:05+00:00","article_modified_time":"2019-10-10T05:29:20+00:00","og_image":[{"width":850,"height":629,"url":"https:\/\/www.evento.love\/blog\/wp-content\/uploads\/2019\/10\/evento.love-tendencias-invitadas-otono-choatelier.jpg","type":"image\/jpeg"}],"author":"Evento Love","twitter_card":"summary_large_image","twitter_creator":"@Evento_love","twitter_site":"@Evento_love","twitter_misc":{"Escrito por":"Evento Love","Tiempo de lectura":"2 minutos"},"schema":{"@context":"https:\/\/schema.org","@graph":[{"@type":"Article","@id":"https:\/\/www.evento.love\/blog\/5-tendencias-para-invitadas-de-otono\/#article","isPartOf":{"@id":"https:\/\/www.evento.love\/blog\/5-tendencias-para-invitadas-de-otono\/"},"author":{"name":"Evento Love","@id":"https:\/\/www.evento.love\/blog\/#\/schema\/person\/a184c2ed424b7fb3006372ce8051542c"},"headline":"5 tendencias para invitadas de oto\u00f1o","datePublished":"2019-10-07T07:00:05+00:00","dateModified":"2019-10-10T05:29:20+00:00","mainEntityOfPage":{"@id":"https:\/\/www.evento.love\/blog\/5-tendencias-para-invitadas-de-otono\/"},"wordCount":337,"commentCount":0,"publisher":{"@id":"https:\/\/www.evento.love\/blog\/#organization"},"keywords":["bodas","invitada en Madrid","invitadas de oto\u00f1o","looks de invitada","tendencias de invitada","tendencias de oto\u00f1o","vestidos de invitada","wedding planner","wedding planner en Madrid"],"articleSection":["Bodas"],"inLanguage":"es","potentialAction":[{"@type":"CommentAction","name":"Comment","target":["https:\/\/www.evento.love\/blog\/5-tendencias-para-invitadas-de-otono\/#respond"]}]},{"@type":"WebPage","@id":"https:\/\/www.evento.love\/blog\/5-tendencias-para-invitadas-de-otono\/","url":"https:\/\/www.evento.love\/blog\/5-tendencias-para-invitadas-de-otono\/","name":"5 tendencias para invitadas de oto\u00f1o - El Blog de evento.love","isPartOf":{"@id":"https:\/\/www.evento.love\/blog\/#website"},"datePublished":"2019-10-07T07:00:05+00:00","dateModified":"2019-10-10T05:29:20+00:00","description":"Descubre las mejores y m\u00e1s ideales tendencias para invitadas de oto\u00f1o, as\u00ed como las tiendas, marcas y dise\u00f1adores m\u00e1s top del momento.","breadcrumb":{"@id":"https:\/\/www.evento.love\/blog\/5-tendencias-para-invitadas-de-otono\/#breadcrumb"},"inLanguage":"es","potentialAction":[{"@type":"ReadAction","target":["https:\/\/www.evento.love\/blog\/5-tendencias-para-invitadas-de-otono\/"]}]},{"@type":"BreadcrumbList","@id":"https:\/\/www.evento.love\/blog\/5-tendencias-para-invitadas-de-otono\/#breadcrumb","itemListElement":[{"@type":"ListItem","position":1,"name":"Evento.love","item":"https:\/\/www.evento.love\/blog\/"},{"@type":"ListItem","position":2,"name":"Bodas","item":"https:\/\/www.evento.love\/blog\/category\/bodas\/"},{"@type":"ListItem","position":3,"name":"5 tendencias para invitadas de oto\u00f1o"}]},{"@type":"WebSite","@id":"https:\/\/www.evento.love\/blog\/#website","url":"https:\/\/www.evento.love\/blog\/","name":"El Blog de evento.love","description":"T\u00fa lo mereces. Disfruta de tu momento","publisher":{"@id":"https:\/\/www.evento.love\/blog\/#organization"},"potentialAction":[{"@type":"SearchAction","target":{"@type":"EntryPoint","urlTemplate":"https:\/\/www.evento.love\/blog\/?s={search_term_string}"},"query-input":"required name=search_term_string"}],"inLanguage":"es"},{"@type":"Organization","@id":"https:\/\/www.evento.love\/blog\/#organization","name":"evento.love","url":"https:\/\/www.evento.love\/blog\/","logo":{"@type":"ImageObject","inLanguage":"es","@id":"https:\/\/www.evento.love\/blog\/#\/schema\/logo\/image\/","url":"https:\/\/www.evento.love\/blog\/wp-content\/uploads\/2016\/07\/logo-evento-love.png","contentUrl":"https:\/\/www.evento.love\/blog\/wp-content\/uploads\/2016\/07\/logo-evento-love.png","width":197,"height":59,"caption":"evento.love"},"image":{"@id":"https:\/\/www.evento.love\/blog\/#\/schema\/logo\/image\/"},"sameAs":["https:\/\/www.facebook.com\/Evento.love\/","https:\/\/twitter.com\/Evento_love","https:\/\/www.instagram.com\/evento.love\/","https:\/\/es.pinterest.com\/evento_love\/","https:\/\/www.youtube.com\/channel\/UCcVbo6ymzx-7FlDJja8aQnw"]},{"@type":"Person","@id":"https:\/\/www.evento.love\/blog\/#\/schema\/person\/a184c2ed424b7fb3006372ce8051542c","name":"Evento Love"}]}},"_links":{"self":[{"href":"https:\/\/www.evento.love\/blog\/wp-json\/wp\/v2\/posts\/5419"}],"collection":[{"href":"https:\/\/www.evento.love\/blog\/wp-json\/wp\/v2\/posts"}],"about":[{"href":"https:\/\/www.evento.love\/blog\/wp-json\/wp\/v2\/types\/post"}],"author":[{"embeddable":true,"href":"https:\/\/www.evento.love\/blog\/wp-json\/wp\/v2\/users\/1"}],"replies":[{"embeddable":true,"href":"https:\/\/www.evento.love\/blog\/wp-json\/wp\/v2\/comments?post=5419"}],"version-history":[{"count":4,"href":"https:\/\/www.evento.love\/blog\/wp-json\/wp\/v2\/posts\/5419\/revisions"}],"predecessor-version":[{"id":5442,"href":"https:\/\/www.evento.love\/blog\/wp-json\/wp\/v2\/posts\/5419\/revisions\/5442"}],"wp:featuredmedia":[{"embeddable":true,"href":"https:\/\/www.evento.love\/blog\/wp-json\/wp\/v2\/media\/5420"}],"wp:attachment":[{"href":"https:\/\/www.evento.love\/blog\/wp-json\/wp\/v2\/media?parent=5419"}],"wp:term":[{"taxonomy":"category","embeddable":true,"href":"https:\/\/www.evento.love\/blog\/wp-json\/wp\/v2\/categories?post=5419"},{"taxonomy":"post_tag","embeddable":true,"href":"https:\/\/www.evento.love\/blog\/wp-json\/wp\/v2\/tags?post=5419"}],"curies":[{"name":"wp","href":"https:\/\/api.w.org\/{rel}","templated":true}]}}