{"id":5521,"date":"2019-10-28T09:00:45","date_gmt":"2019-10-28T07:00:45","guid":{"rendered":"https:\/\/www.evento.love\/blog\/?p=5521"},"modified":"2019-10-27T18:55:54","modified_gmt":"2019-10-27T16:55:54","slug":"las-3-claves-para-elegir-a-tu-wedding-planner","status":"publish","type":"post","link":"https:\/\/www.evento.love\/blog\/las-3-claves-para-elegir-a-tu-wedding-planner\/","title":{"rendered":"Las 3 claves para elegir a tu wedding planner"},"content":{"rendered":"<p>Aunque comenz\u00f3 a profesionalizarse en Estados Unidos, la figura de la wedding planner ya comienza a asentarse en Espa\u00f1a y son muchos los novios que deciden contar con esta profesional en el intenso y emocionante camino hacia el altar.<!--more--><\/p>\n<p>El hecho de que sea una opci\u00f3n cada vez m\u00e1s popular en nuestro pa\u00eds ha hecho, tambi\u00e9n, que cada vez haya m\u00e1s y m\u00e1s profesionales donde elegir, especialmente en una gran ciudad como Madrid. Por eso, deb\u00e9is guiaros por una serie de aspectos que determinar\u00e1n qui\u00e9n ser\u00e1 la mejor wedding planner para vosotros y, aunque existen <a href=\"https:\/\/www.evento.love\/blog\/10-razones-para-contratar-a-una-wedding-planner\/?utm_source=web&amp;utm_medium=post&amp;utm_campaign=feeling\" target=\"_blank\" rel=\"noopener noreferrer\">millones de puntos que podr\u00edamos revisar<\/a>, hemos seleccionado 3 que son fundamentales y que, con ellos, el resto de requisitos estar\u00e1n m\u00e1s que garantizados. \u00a1All\u00e1 vamos!<\/p>\n<h2>Gu\u00eda para escoger a tu wedding planner<\/h2>\n<h3>1. El feeling<\/h3>\n<p>Lo primero de todo, primer\u00edsimo, lo m\u00e1s importante: el feeling. Organizar una boda no es organizar otro tipo de evento. En una boda entran en juego emociones y sentimientos, recordad que ser\u00e1 el d\u00eda m\u00e1s feliz de vuestras vidas. \u00bfQui\u00e9n quer\u00e9is que est\u00e9 a vuestro lado? Alguien que os comprenda, os escuche y os asesore buscando \u00fanicamente vuestra felicidad.<\/p>\n<p>Por eso, para el <a href=\"https:\/\/www.instagram.com\/evento.love\/?utm_source=web&amp;utm_medium=post&amp;utm_campaign=feeling\" target=\"_blank\" rel=\"noopener noreferrer\">#TeamEvento.love<\/a> es tan importante que nos pongamos cara, que podamos charlar desde el primer momento para que nos conozc\u00e1is y os conozcamos, de tal manera que podamos expresaros que vuestra felicidad es nuestro \u00fanico objetivo.<\/p>\n<p><img decoding=\"async\" loading=\"lazy\" class=\"aligncenter size-full wp-image-5526\" src=\"https:\/\/www.evento.love\/blog\/wp-content\/uploads\/2019\/10\/wedding-planner-evento.love-madrid.jpg\" alt=\"wedding planner\" width=\"850\" height=\"577\" srcset=\"https:\/\/www.evento.love\/blog\/wp-content\/uploads\/2019\/10\/wedding-planner-evento.love-madrid.jpg 850w, https:\/\/www.evento.love\/blog\/wp-content\/uploads\/2019\/10\/wedding-planner-evento.love-madrid-300x204.jpg 300w, https:\/\/www.evento.love\/blog\/wp-content\/uploads\/2019\/10\/wedding-planner-evento.love-madrid-768x521.jpg 768w, https:\/\/www.evento.love\/blog\/wp-content\/uploads\/2019\/10\/wedding-planner-evento.love-madrid-398x270.jpg 398w\" sizes=\"(max-width: 850px) 100vw, 850px\" \/><\/p>\n<h4><strong>Pero&#8230;\u00bfy qu\u00e9 pasa si tengo un presupuesto limitado?<\/strong><\/h4>\n<p>En Evento.love no tenemos una tarifa plana, sino que <a href=\"https:\/\/www.evento.love\/blog\/organizamos-y-decoramos-tu-boda-a-medida\/?utm_source=web&amp;utm_medium=post&amp;utm_campaign=feeling\" target=\"_blank\" rel=\"noopener noreferrer\">nos adaptamos a las necesidades de cada pareja<\/a>. Porque cada novio y novia es diferente, tienen sus propios sue\u00f1os y quieren y se merecen una boda \u00fanica. \u00a1Y nosotros lo sabemos! De hecho, es parte de la magia de nuestro trabajo&#8230;no hay dos bodas iguales.<\/p>\n<p>Por esta raz\u00f3n, trabajamos siempre bajo el presupuesto que vosotros marqu\u00e9is y, en funci\u00f3n de eso, construimos vuestro gran d\u00eda consiguiendo siempre lo mejor para vosotros: proveedores profesionales, un equipo de 10, un lugar m\u00e1gico y una decoraci\u00f3n hecha 100% a medida.<\/p>\n<p>Porque para escoger a tu wedding planner el factor del presupuesto nunca deber\u00eda entrar en juego. Lo fundamental es ese feeling que sientes desde el minuto 1 que conoces a una persona, la ves trabajar y sabes que es la profesional que quieres que est\u00e9 a tu lado desde ese momento hasta que se vaya el \u00faltimo invitado.<\/p>\n<h3>2. Los servicios<\/h3>\n<p>Una vez ya vislumbr\u00e1is ese feeling, es muy importante que conozc\u00e1is todos los servicios que puede ofreceros. Desde la b\u00fasqueda de espacio hasta la decoraci\u00f3n o el a veces tedioso papeleo&#8230;Una wedding planner ha poder encargarse de todos y cada uno de los detalles.<\/p>\n<p>En Evento.love os ayudaremos en todo y, cuando decimos todo, es en TODO. Adem\u00e1s de la parte m\u00e1s l\u00f3gica de una wedding planner, como el espacio o la decoraci\u00f3n, tambi\u00e9n os asesoramos en todos los pasos del camino, desde la organizaci\u00f3n de la documentaci\u00f3n y las facturas, pasando por el asesoramiento en vuestra b\u00fasqueda de vestido y traje, hasta a encontrar un proveedor espec\u00edfico que busqu\u00e9is para hacer realidad un sue\u00f1o. \u00a1Estaremos con vosotros para <a href=\"https:\/\/www.evento.love\/blog\/8-situaciones-en-las-que-tu-wedding-planner-sera-tu-salvacion\/?utm_source=web&amp;utm_medium=post&amp;utm_campaign=feeling\" target=\"_blank\" rel=\"noopener noreferrer\">todo lo que necesit\u00e9is<\/a>!<\/p>\n<h3>3. La disponibilidad y flexibilidad<\/h3>\n<p>Por \u00faltimo, pero no menos importante, deb\u00e9is tener en cuenta que una wedding planner deber\u00e1 estar ah\u00ed, con vosotros, siempre que necesit\u00e9is una llamada o una reuni\u00f3n, acompa\u00f1aros a visitar un proveedor o contestar un WhatsApp que os quita el sue\u00f1o. Para todo eso y mucho m\u00e1s, Evento.love estar\u00e1 ah\u00ed para vosotros v\u00eda m\u00f3vil, email y, por supuesto, en persona.<\/p>\n<p>&#8211;<\/p>\n<p>\u00bfQuieres que nos conozcamos para que nos cont\u00e9is c\u00f3mo os imagin\u00e1is vuestro gran d\u00eda? Escr\u00edbenos a <a href=\"mailto:hola@evento.love\" target=\"_blank\" rel=\"noopener noreferrer\">hola@evento.love<\/a>. \u00a1Estamos deseando conoceros!<\/p>\n    <div class=\"related-post grid\">\r\n                <div class=\"headline\">M\u00e1s art\u00edculos a tener en cuenta<\/div>\r\n        <div class=\"post-list \">\r\n\r\n                        <div class=\"item\">\r\n                        <div class=\"thumb post_thumb\">\r\n        <a  title=\"C\u00f3mo inmortalizar tu baby shower\" href=\"https:\/\/www.evento.love\/blog\/inmortalizar-baby-shower-madrid\/\">\r\n\r\n            <img width=\"150\" height=\"150\" src=\"https:\/\/www.evento.love\/blog\/wp-content\/uploads\/2016\/09\/16_06_30_C\u00f3mo-inmortalizar-tu-baby-shower-150x150.jpg\" class=\"attachment-thumbnail size-thumbnail wp-post-image\" alt=\"\" decoding=\"async\" loading=\"lazy\" \/>\r\n\r\n        <\/a>\r\n    <\/div>\r\n\r\n    <a class=\"title post_title\"  title=\"C\u00f3mo inmortalizar tu baby shower\" href=\"https:\/\/www.evento.love\/blog\/inmortalizar-baby-shower-madrid\/\">\r\n                C\u00f3mo inmortalizar tu baby shower    <\/a>\r\n\r\n                <\/div>\r\n                            <div class=\"item\">\r\n                        <div class=\"thumb post_thumb\">\r\n        <a  title=\"C\u00f3mo crear un fotomat\u00f3n o photocall para tu fiesta\" href=\"https:\/\/www.evento.love\/blog\/crear-fotomaton-photocall-fiesta-madrid\/\">\r\n\r\n            <img width=\"150\" height=\"150\" src=\"https:\/\/www.evento.love\/blog\/wp-content\/uploads\/2016\/11\/C\u00d3MO-CREAR-UN-FOTOMAT\u00d3N-O-PHOTOCALL-PARA-TU-FIESTA-150x150.jpg\" class=\"attachment-thumbnail size-thumbnail wp-post-image\" alt=\"C\u00d3MO CREAR UN FOTOMAT\u00d3N O PHOTOCALL PARA TU FIESTA\" decoding=\"async\" loading=\"lazy\" \/>\r\n\r\n        <\/a>\r\n    <\/div>\r\n\r\n    <a class=\"title post_title\"  title=\"C\u00f3mo crear un fotomat\u00f3n o photocall para tu fiesta\" href=\"https:\/\/www.evento.love\/blog\/crear-fotomaton-photocall-fiesta-madrid\/\">\r\n                C\u00f3mo crear un fotomat\u00f3n o photocall para tu fiesta    <\/a>\r\n\r\n                <\/div>\r\n                            <div class=\"item\">\r\n                        <div class=\"thumb post_thumb\">\r\n        <a  title=\"8 ideas para utilizar pizarras en tu fiesta\" href=\"https:\/\/www.evento.love\/blog\/8-ideas-para-utilizar-pizarras-en-tu-fiesta-madrid\/\">\r\n\r\n            <img width=\"150\" height=\"150\" src=\"https:\/\/www.evento.love\/blog\/wp-content\/uploads\/2017\/04\/17_03_18-150x150.jpg\" class=\"attachment-thumbnail size-thumbnail wp-post-image\" alt=\"8 ideas para utilizar pizarras en tu fiesta\" decoding=\"async\" loading=\"lazy\" \/>\r\n\r\n        <\/a>\r\n    <\/div>\r\n\r\n    <a class=\"title post_title\"  title=\"8 ideas para utilizar pizarras en tu fiesta\" href=\"https:\/\/www.evento.love\/blog\/8-ideas-para-utilizar-pizarras-en-tu-fiesta-madrid\/\">\r\n                8 ideas para utilizar pizarras en tu fiesta    <\/a>\r\n\r\n                <\/div>\r\n                            <div class=\"item\">\r\n                        <div class=\"thumb post_thumb\">\r\n        <a  title=\"5+1 ideas imprescindibles para dar un toque especial a tu boda\" href=\"https:\/\/www.evento.love\/blog\/ideas-imprescindibles-tu-boda-madrid\/\">\r\n\r\n            <img width=\"150\" height=\"150\" src=\"https:\/\/www.evento.love\/blog\/wp-content\/uploads\/2017\/04\/17_04_01-150x150.jpg\" class=\"attachment-thumbnail size-thumbnail wp-post-image\" alt=\"Ideas para tu boda organizaci\u00f3n eventos madrid\" decoding=\"async\" loading=\"lazy\" \/>\r\n\r\n        <\/a>\r\n    <\/div>\r\n\r\n    <a class=\"title post_title\"  title=\"5+1 ideas imprescindibles para dar un toque especial a tu boda\" href=\"https:\/\/www.evento.love\/blog\/ideas-imprescindibles-tu-boda-madrid\/\">\r\n                5+1 ideas imprescindibles para dar un toque especial a tu boda    <\/a>\r\n\r\n                <\/div>\r\n            \r\n    <\/div>\r\n\r\n    <script>\r\n            <\/script>\r\n    <style>\r\n        .related-post {}\r\n\r\n        .related-post .post-list {\r\n            text-align: left;\r\n                    }\r\n\r\n        .related-post .post-list .item {\r\n            margin: 5px 10px;\r\n            padding: 0px;\r\n                    }\r\n\r\n        .related-post .headline {\r\n            font-size: 24px !important;\r\n            color: #000000 !important;\r\n                    }\r\n\r\n        .related-post .headline{\r\nfont-weight:400 !important;\r\ntext-transform: uppercase;\r\n}.related-post .post-list .item .post_thumb {\r\n            max-height: 180px;\r\n            margin: 10px 0px;\r\n            padding: 0px;\r\n            display: block;\r\n                    }\r\n\r\n        .related-post .post-list .item .post_title {\r\n            font-size: 12px;\r\n            color: #607d8b;\r\n            margin: 10px 0px;\r\n            padding: 0px;\r\n            display: block;\r\n            text-decoration: none;\r\n                    }\r\n\r\n        .related-post .post-list .item .post_excerpt {\r\n            font-size: 13px;\r\n            color: #3f3f3f;\r\n            margin: 10px 0px;\r\n            padding: 0px;\r\n            display: block;\r\n            text-decoration: none;\r\n                    }\r\n\r\n        @media only screen and (min-width: 1024px) {\r\n            .related-post .post-list .item {\r\n                width: 22%;\r\n            }\r\n        }\r\n\r\n        @media only screen and (min-width: 768px) and (max-width: 1023px) {\r\n            .related-post .post-list .item {\r\n                width: 90%;\r\n            }\r\n        }\r\n\r\n        @media only screen and (min-width: 0px) and (max-width: 767px) {\r\n            .related-post .post-list .item {\r\n                width: 30%;\r\n            }\r\n        }\r\n\r\n            <\/style>\r\n        <\/div>\r\n<!-- AddThis Advanced Settings generic via filter on the_content --><!-- AddThis Share Buttons generic via filter on the_content -->","protected":false},"excerpt":{"rendered":"<p>Aunque comenz\u00f3 a profesionalizarse en Estados Unidos, la figura de la wedding planner ya comienza a asentarse en Espa\u00f1a y son muchos los novios que deciden contar con esta profesional en el intenso y emocionante camino hacia el altar. M\u00e1s art\u00edculos a tener en cuenta Baby Shower, mucho m\u00e1s que un evento social 12 consejos para un Baby Shower perfecto Cu\u00e1ndo hacer el Baby Shower \u00bfQui\u00e9n debe organizar el Baby Shower?<!-- AddThis Advanced Settings generic via filter on get_the_excerpt --><!-- AddThis Share Buttons generic via filter on get_the_excerpt --><\/p>\n    <div class=\"related-post grid\">\r\n                <div class=\"headline\">M\u00e1s art\u00edculos a tener en cuenta<\/div>\r\n        <div class=\"post-list \">\r\n\r\n                        <div class=\"item\">\r\n                        <div class=\"thumb post_thumb\">\r\n        <a  title=\"Baby Shower, mucho m\u00e1s que un evento social\" href=\"https:\/\/www.evento.love\/blog\/baby-shower-evento-social-madrid\/\">\r\n\r\n            <img width=\"150\" height=\"150\" src=\"https:\/\/www.evento.love\/blog\/wp-content\/uploads\/2016\/07\/babyshower-150x150.jpg\" class=\"attachment-thumbnail size-thumbnail wp-post-image\" alt=\"baby shower-fiesta-beb\u00e9-embarazo-embarazada\" decoding=\"async\" loading=\"lazy\" \/>\r\n\r\n        <\/a>\r\n    <\/div>\r\n\r\n    <a class=\"title post_title\"  title=\"Baby Shower, mucho m\u00e1s que un evento social\" href=\"https:\/\/www.evento.love\/blog\/baby-shower-evento-social-madrid\/\">\r\n                Baby Shower, mucho m\u00e1s que un evento social    <\/a>\r\n\r\n                <\/div>\r\n                            <div class=\"item\">\r\n                        <div class=\"thumb post_thumb\">\r\n        <a  title=\"12 consejos para un Baby Shower perfecto\" href=\"https:\/\/www.evento.love\/blog\/12-consejos-baby-shower-perfecto-madrid\/\">\r\n\r\n            <img width=\"150\" height=\"150\" src=\"https:\/\/www.evento.love\/blog\/wp-content\/uploads\/2016\/09\/16_05_20_12_consejos-para-que-tu-Baby-Shower-sea-perfecto-150x150.jpg\" class=\"attachment-thumbnail size-thumbnail wp-post-image\" alt=\"Baby Shower-perfecto-beb\u00e9-embarazado-embarazada-fiesta-babyshower\" decoding=\"async\" loading=\"lazy\" \/>\r\n\r\n        <\/a>\r\n    <\/div>\r\n\r\n    <a class=\"title post_title\"  title=\"12 consejos para un Baby Shower perfecto\" href=\"https:\/\/www.evento.love\/blog\/12-consejos-baby-shower-perfecto-madrid\/\">\r\n                12 consejos para un Baby Shower perfecto    <\/a>\r\n\r\n                <\/div>\r\n                            <div class=\"item\">\r\n                        <div class=\"thumb post_thumb\">\r\n        <a  title=\"Cu\u00e1ndo hacer el Baby Shower\" href=\"https:\/\/www.evento.love\/blog\/cuando-hacer-el-baby-shower-madrid\/\">\r\n\r\n            <img width=\"150\" height=\"150\" src=\"https:\/\/www.evento.love\/blog\/wp-content\/uploads\/2016\/09\/16_05_23_Cuando-hacer-el-Baby-Shower-150x150.jpg\" class=\"attachment-thumbnail size-thumbnail wp-post-image\" alt=\"Cu\u00e1ndo hacer el baby shower beb\u00e9 embarazo fiesta en Madrid\" decoding=\"async\" loading=\"lazy\" \/>\r\n\r\n        <\/a>\r\n    <\/div>\r\n\r\n    <a class=\"title post_title\"  title=\"Cu\u00e1ndo hacer el Baby Shower\" href=\"https:\/\/www.evento.love\/blog\/cuando-hacer-el-baby-shower-madrid\/\">\r\n                Cu\u00e1ndo hacer el Baby Shower    <\/a>\r\n\r\n                <\/div>\r\n                            <div class=\"item\">\r\n                        <div class=\"thumb post_thumb\">\r\n        <a  title=\"Baby Shower: Elaborando la lista de invitados\" href=\"https:\/\/www.evento.love\/blog\/baby-shower-lista-invitados-madrid\/\">\r\n\r\n            <img width=\"150\" height=\"150\" src=\"https:\/\/www.evento.love\/blog\/wp-content\/uploads\/2016\/09\/16_05_30_Baby-Shower-elaborando-la-lista-de-invitados-150x150.jpg\" class=\"attachment-thumbnail size-thumbnail wp-post-image\" alt=\"\" decoding=\"async\" loading=\"lazy\" \/>\r\n\r\n        <\/a>\r\n    <\/div>\r\n\r\n    <a class=\"title post_title\"  title=\"Baby Shower: Elaborando la lista de invitados\" href=\"https:\/\/www.evento.love\/blog\/baby-shower-lista-invitados-madrid\/\">\r\n                Baby Shower: Elaborando la lista de invitados    <\/a>\r\n\r\n                <\/div>\r\n            \r\n    <\/div>\r\n\r\n    <script>\r\n            <\/script>\r\n    <style>\r\n        .related-post {}\r\n\r\n        .related-post .post-list {\r\n            text-align: left;\r\n                    }\r\n\r\n        .related-post .post-list .item {\r\n            margin: 5px 10px;\r\n            padding: 0px;\r\n                    }\r\n\r\n        .related-post .headline {\r\n            font-size: 24px !important;\r\n            color: #000000 !important;\r\n                    }\r\n\r\n        .related-post .headline{\r\nfont-weight:400 !important;\r\ntext-transform: uppercase;\r\n}.related-post .post-list .item .post_thumb {\r\n            max-height: 180px;\r\n            margin: 10px 0px;\r\n            padding: 0px;\r\n            display: block;\r\n                    }\r\n\r\n        .related-post .post-list .item .post_title {\r\n            font-size: 12px;\r\n            color: #607d8b;\r\n            margin: 10px 0px;\r\n            padding: 0px;\r\n            display: block;\r\n            text-decoration: none;\r\n                    }\r\n\r\n        .related-post .post-list .item .post_excerpt {\r\n            font-size: 13px;\r\n            color: #3f3f3f;\r\n            margin: 10px 0px;\r\n            padding: 0px;\r\n            display: block;\r\n            text-decoration: none;\r\n                    }\r\n\r\n        @media only screen and (min-width: 1024px) {\r\n            .related-post .post-list .item {\r\n                width: 22%;\r\n            }\r\n        }\r\n\r\n        @media only screen and (min-width: 768px) and (max-width: 1023px) {\r\n            .related-post .post-list .item {\r\n                width: 90%;\r\n            }\r\n        }\r\n\r\n        @media only screen and (min-width: 0px) and (max-width: 767px) {\r\n            .related-post .post-list .item {\r\n                width: 30%;\r\n            }\r\n        }\r\n\r\n            <\/style>\r\n        <\/div>\r\n","protected":false},"author":1,"featured_media":5524,"comment_status":"open","ping_status":"open","sticky":false,"template":"","format":"standard","meta":{"content-type":""},"categories":[756],"tags":[752,1566,889,1341,888,1161],"yoast_head":"<!-- This site is optimized with the Yoast SEO plugin v20.7 - https:\/\/yoast.com\/wordpress\/plugins\/seo\/ -->\n<title>Las 3 claves para elegir a tu wedding planner - El Blog de evento.love<\/title>\n<meta name=\"description\" content=\"Te damos los tres aspectos clave para escoger qui\u00e9n sera tu wedding planner, esa figura que te acompa\u00f1ar\u00e1 desde la pedida hasta el d\u00eda de tu boda.\" \/>\n<meta name=\"robots\" content=\"index, follow, max-snippet:-1, max-image-preview:large, max-video-preview:-1\" \/>\n<meta property=\"og:locale\" content=\"es_ES\" \/>\n<meta property=\"og:type\" content=\"article\" \/>\n<meta property=\"og:title\" content=\"Las 3 claves para elegir a tu wedding planner - El Blog de evento.love\" \/>\n<meta property=\"og:description\" content=\"Te damos los tres aspectos clave para escoger qui\u00e9n sera tu wedding planner, esa figura que te acompa\u00f1ar\u00e1 desde la pedida hasta el d\u00eda de tu boda.\" \/>\n<meta property=\"og:url\" content=\"https:\/\/www.evento.love\/blog\/las-3-claves-para-elegir-a-tu-wedding-planner\/\" \/>\n<meta property=\"og:site_name\" content=\"El Blog de evento.love\" \/>\n<meta property=\"article:publisher\" content=\"https:\/\/www.facebook.com\/Evento.love\/\" \/>\n<meta property=\"article:published_time\" content=\"2019-10-28T07:00:45+00:00\" \/>\n<meta property=\"article:modified_time\" content=\"2019-10-27T16:55:54+00:00\" \/>\n<meta property=\"og:image\" content=\"https:\/\/www.evento.love\/blog\/wp-content\/uploads\/2019\/10\/wedding-planner-si-quiero-evento.love-madrid.jpg\" \/>\n\t<meta property=\"og:image:width\" content=\"850\" \/>\n\t<meta property=\"og:image:height\" content=\"449\" \/>\n\t<meta property=\"og:image:type\" content=\"image\/jpeg\" \/>\n<meta name=\"author\" content=\"Evento Love\" \/>\n<meta name=\"twitter:card\" content=\"summary_large_image\" \/>\n<meta name=\"twitter:creator\" content=\"@Evento_love\" \/>\n<meta name=\"twitter:site\" content=\"@Evento_love\" \/>\n<meta name=\"twitter:label1\" content=\"Escrito por\" \/>\n\t<meta name=\"twitter:data1\" content=\"Evento Love\" \/>\n\t<meta name=\"twitter:label2\" content=\"Tiempo de lectura\" \/>\n\t<meta name=\"twitter:data2\" content=\"3 minutos\" \/>\n<!-- \/ Yoast SEO plugin. -->","yoast_head_json":{"title":"Las 3 claves para elegir a tu wedding planner - El Blog de evento.love","description":"Te damos los tres aspectos clave para escoger qui\u00e9n sera tu wedding planner, esa figura que te acompa\u00f1ar\u00e1 desde la pedida hasta el d\u00eda de tu boda.","robots":{"index":"index","follow":"follow","max-snippet":"max-snippet:-1","max-image-preview":"max-image-preview:large","max-video-preview":"max-video-preview:-1"},"og_locale":"es_ES","og_type":"article","og_title":"Las 3 claves para elegir a tu wedding planner - El Blog de evento.love","og_description":"Te damos los tres aspectos clave para escoger qui\u00e9n sera tu wedding planner, esa figura que te acompa\u00f1ar\u00e1 desde la pedida hasta el d\u00eda de tu boda.","og_url":"https:\/\/www.evento.love\/blog\/las-3-claves-para-elegir-a-tu-wedding-planner\/","og_site_name":"El Blog de evento.love","article_publisher":"https:\/\/www.facebook.com\/Evento.love\/","article_published_time":"2019-10-28T07:00:45+00:00","article_modified_time":"2019-10-27T16:55:54+00:00","og_image":[{"width":850,"height":449,"url":"https:\/\/www.evento.love\/blog\/wp-content\/uploads\/2019\/10\/wedding-planner-si-quiero-evento.love-madrid.jpg","type":"image\/jpeg"}],"author":"Evento Love","twitter_card":"summary_large_image","twitter_creator":"@Evento_love","twitter_site":"@Evento_love","twitter_misc":{"Escrito por":"Evento Love","Tiempo de lectura":"3 minutos"},"schema":{"@context":"https:\/\/schema.org","@graph":[{"@type":"Article","@id":"https:\/\/www.evento.love\/blog\/las-3-claves-para-elegir-a-tu-wedding-planner\/#article","isPartOf":{"@id":"https:\/\/www.evento.love\/blog\/las-3-claves-para-elegir-a-tu-wedding-planner\/"},"author":{"name":"Evento Love","@id":"https:\/\/www.evento.love\/blog\/#\/schema\/person\/a184c2ed424b7fb3006372ce8051542c"},"headline":"Las 3 claves para elegir a tu wedding planner","datePublished":"2019-10-28T07:00:45+00:00","dateModified":"2019-10-27T16:55:54+00:00","mainEntityOfPage":{"@id":"https:\/\/www.evento.love\/blog\/las-3-claves-para-elegir-a-tu-wedding-planner\/"},"wordCount":671,"commentCount":0,"publisher":{"@id":"https:\/\/www.evento.love\/blog\/#organization"},"keywords":["bodas","escoger a tu wedding planner","organizaci\u00f3n de bodas","organizadora de bodas","wedding planner","wedding planner en Madrid"],"articleSection":["Bodas"],"inLanguage":"es","potentialAction":[{"@type":"CommentAction","name":"Comment","target":["https:\/\/www.evento.love\/blog\/las-3-claves-para-elegir-a-tu-wedding-planner\/#respond"]}]},{"@type":"WebPage","@id":"https:\/\/www.evento.love\/blog\/las-3-claves-para-elegir-a-tu-wedding-planner\/","url":"https:\/\/www.evento.love\/blog\/las-3-claves-para-elegir-a-tu-wedding-planner\/","name":"Las 3 claves para elegir a tu wedding planner - El Blog de evento.love","isPartOf":{"@id":"https:\/\/www.evento.love\/blog\/#website"},"datePublished":"2019-10-28T07:00:45+00:00","dateModified":"2019-10-27T16:55:54+00:00","description":"Te damos los tres aspectos clave para escoger qui\u00e9n sera tu wedding planner, esa figura que te acompa\u00f1ar\u00e1 desde la pedida hasta el d\u00eda de tu boda.","breadcrumb":{"@id":"https:\/\/www.evento.love\/blog\/las-3-claves-para-elegir-a-tu-wedding-planner\/#breadcrumb"},"inLanguage":"es","potentialAction":[{"@type":"ReadAction","target":["https:\/\/www.evento.love\/blog\/las-3-claves-para-elegir-a-tu-wedding-planner\/"]}]},{"@type":"BreadcrumbList","@id":"https:\/\/www.evento.love\/blog\/las-3-claves-para-elegir-a-tu-wedding-planner\/#breadcrumb","itemListElement":[{"@type":"ListItem","position":1,"name":"Evento.love","item":"https:\/\/www.evento.love\/blog\/"},{"@type":"ListItem","position":2,"name":"Bodas","item":"https:\/\/www.evento.love\/blog\/category\/bodas\/"},{"@type":"ListItem","position":3,"name":"Las 3 claves para elegir a tu wedding planner"}]},{"@type":"WebSite","@id":"https:\/\/www.evento.love\/blog\/#website","url":"https:\/\/www.evento.love\/blog\/","name":"El Blog de evento.love","description":"T\u00fa lo mereces. Disfruta de tu momento","publisher":{"@id":"https:\/\/www.evento.love\/blog\/#organization"},"potentialAction":[{"@type":"SearchAction","target":{"@type":"EntryPoint","urlTemplate":"https:\/\/www.evento.love\/blog\/?s={search_term_string}"},"query-input":"required name=search_term_string"}],"inLanguage":"es"},{"@type":"Organization","@id":"https:\/\/www.evento.love\/blog\/#organization","name":"evento.love","url":"https:\/\/www.evento.love\/blog\/","logo":{"@type":"ImageObject","inLanguage":"es","@id":"https:\/\/www.evento.love\/blog\/#\/schema\/logo\/image\/","url":"https:\/\/www.evento.love\/blog\/wp-content\/uploads\/2016\/07\/logo-evento-love.png","contentUrl":"https:\/\/www.evento.love\/blog\/wp-content\/uploads\/2016\/07\/logo-evento-love.png","width":197,"height":59,"caption":"evento.love"},"image":{"@id":"https:\/\/www.evento.love\/blog\/#\/schema\/logo\/image\/"},"sameAs":["https:\/\/www.facebook.com\/Evento.love\/","https:\/\/twitter.com\/Evento_love","https:\/\/www.instagram.com\/evento.love\/","https:\/\/es.pinterest.com\/evento_love\/","https:\/\/www.youtube.com\/channel\/UCcVbo6ymzx-7FlDJja8aQnw"]},{"@type":"Person","@id":"https:\/\/www.evento.love\/blog\/#\/schema\/person\/a184c2ed424b7fb3006372ce8051542c","name":"Evento Love"}]}},"_links":{"self":[{"href":"https:\/\/www.evento.love\/blog\/wp-json\/wp\/v2\/posts\/5521"}],"collection":[{"href":"https:\/\/www.evento.love\/blog\/wp-json\/wp\/v2\/posts"}],"about":[{"href":"https:\/\/www.evento.love\/blog\/wp-json\/wp\/v2\/types\/post"}],"author":[{"embeddable":true,"href":"https:\/\/www.evento.love\/blog\/wp-json\/wp\/v2\/users\/1"}],"replies":[{"embeddable":true,"href":"https:\/\/www.evento.love\/blog\/wp-json\/wp\/v2\/comments?post=5521"}],"version-history":[{"count":4,"href":"https:\/\/www.evento.love\/blog\/wp-json\/wp\/v2\/posts\/5521\/revisions"}],"predecessor-version":[{"id":5527,"href":"https:\/\/www.evento.love\/blog\/wp-json\/wp\/v2\/posts\/5521\/revisions\/5527"}],"wp:featuredmedia":[{"embeddable":true,"href":"https:\/\/www.evento.love\/blog\/wp-json\/wp\/v2\/media\/5524"}],"wp:attachment":[{"href":"https:\/\/www.evento.love\/blog\/wp-json\/wp\/v2\/media?parent=5521"}],"wp:term":[{"taxonomy":"category","embeddable":true,"href":"https:\/\/www.evento.love\/blog\/wp-json\/wp\/v2\/categories?post=5521"},{"taxonomy":"post_tag","embeddable":true,"href":"https:\/\/www.evento.love\/blog\/wp-json\/wp\/v2\/tags?post=5521"}],"curies":[{"name":"wp","href":"https:\/\/api.w.org\/{rel}","templated":true}]}}