{"id":5529,"date":"2019-10-31T09:00:15","date_gmt":"2019-10-31T07:00:15","guid":{"rendered":"https:\/\/www.evento.love\/blog\/?p=5529"},"modified":"2019-11-01T01:01:48","modified_gmt":"2019-10-31T23:01:48","slug":"el-cumpleanos-de-tipis-de-lucia-y-su-papa","status":"publish","type":"post","link":"https:\/\/www.evento.love\/blog\/el-cumpleanos-de-tipis-de-lucia-y-su-papa\/","title":{"rendered":"El cumplea\u00f1os de tipis de Luc\u00eda y su pap\u00e1"},"content":{"rendered":"<p>En el mes de julio se puso en contacto con nosotros Carolina para contarnos que estaba muy feliz organizando el cumple de su peque y de su esposo, que ser\u00eda el mismo d\u00eda a finales de noviembre.<!--more--><\/p>\n<p>Nos encanta cuando tenemos tiempo para pensar, proponer, dise\u00f1ar y organizar nuestros eventos. Esto nos abre todas las posibilidades, siempre teniendo en mente los gustos y deseos de los agasajados y aportando toda nuestra experiencia y saber hacer.\u00a0Por eso, desde ese mismo momento comenzamos a darle forma al <a href=\"https:\/\/www.evento.love\/blog\/category\/cumpleanos\/?utm_source=web&amp;utm_medium=post&amp;utm_campaign=cumpleanos-tipis\" target=\"_blank\" rel=\"noopener noreferrer\">cumplea\u00f1os<\/a>.<\/p>\n<p>Nuestros eventos siempre son un reto para nosotros, porque cada uno es diferente y cuenta con su magia y sus detalles. En el caso de este cumplea\u00f1os, la particularidad radicaba en el hecho de que era una fiesta doble, para una ni\u00f1a y su padre, \u00a1maravilloso!<\/p>\n<p><img decoding=\"async\" loading=\"lazy\" class=\"aligncenter size-full wp-image-5542\" src=\"https:\/\/www.evento.love\/blog\/wp-content\/uploads\/2019\/10\/cumpleanos-tipis-evento.love-4.jpg\" alt=\"cumplea\u00f1os de tipis\" width=\"850\" height=\"638\" srcset=\"https:\/\/www.evento.love\/blog\/wp-content\/uploads\/2019\/10\/cumpleanos-tipis-evento.love-4.jpg 850w, https:\/\/www.evento.love\/blog\/wp-content\/uploads\/2019\/10\/cumpleanos-tipis-evento.love-4-300x225.jpg 300w, https:\/\/www.evento.love\/blog\/wp-content\/uploads\/2019\/10\/cumpleanos-tipis-evento.love-4-768x576.jpg 768w, https:\/\/www.evento.love\/blog\/wp-content\/uploads\/2019\/10\/cumpleanos-tipis-evento.love-4-360x270.jpg 360w\" sizes=\"(max-width: 850px) 100vw, 850px\" \/><\/p>\n<p>En nuestra primera reuni\u00f3n personal visitamos el espacio donde se celebrar\u00eda y conversamos con Carolina sobre las diferentes ideas, tanto de tem\u00e1tica como de colores, comenzando con las invitaciones. Tras varias opciones que barajamos, finalmente qued\u00f3 claro, \u00a1ser\u00eda un cumplea\u00f1os de tipis! Lo dise\u00f1ar\u00edamos en una gama de tonos pasteles y verdes.<\/p>\n<p>Una vez dise\u00f1adas las invitaciones, el mismo concepto lo replicamos en toda la decoraci\u00f3n, tanto en los globos eligiendo la mejor disposici\u00f3n y los colores, como en la papeler\u00eda y la carteler\u00eda, dise\u00f1ada por\u00a0@mamaleona.oficial.<\/p>\n<p><img decoding=\"async\" loading=\"lazy\" class=\"aligncenter wp-image-5541\" src=\"https:\/\/www.evento.love\/blog\/wp-content\/uploads\/2019\/10\/cumpleanos-tipis-evento.love-3.jpg\" alt=\"cumplea\u00f1os de tipis\" width=\"600\" height=\"800\" srcset=\"https:\/\/www.evento.love\/blog\/wp-content\/uploads\/2019\/10\/cumpleanos-tipis-evento.love-3.jpg 850w, https:\/\/www.evento.love\/blog\/wp-content\/uploads\/2019\/10\/cumpleanos-tipis-evento.love-3-225x300.jpg 225w, https:\/\/www.evento.love\/blog\/wp-content\/uploads\/2019\/10\/cumpleanos-tipis-evento.love-3-768x1024.jpg 768w, https:\/\/www.evento.love\/blog\/wp-content\/uploads\/2019\/10\/cumpleanos-tipis-evento.love-3-203x270.jpg 203w\" sizes=\"(max-width: 600px) 100vw, 600px\" \/><\/p>\n<p>Adem\u00e1s, propusimos a\u00f1adir a la decoraci\u00f3n un tipi, ideal para que los ni\u00f1os disfruten jugando entre ellos y con los mayores, abuelos, t\u00edos, amigos&#8230;Dan un toque muy divertido divertido y crean un ambiente de juego y participaci\u00f3n.<\/p>\n<p>&nbsp;<\/p>\n<p>Carolina quer\u00eda montar un c\u00f3rner con fotos de su maravillosa familia y \u00a1as\u00ed lo hicimos! Porque las decoraciones con fotograf\u00edas nos encantan y son un detalle de lo m\u00e1s especial y personal.<\/p>\n<p>&nbsp;<\/p>\n<p>Para el catering salado optamos por una selecci\u00f3n variada, al gusto de todos los invitados. La gran estrella fue la maravillosa <a href=\"https:\/\/www.evento.love\/tienda\/dulces?utm_source=web&amp;utm_medium=post&amp;utm_campaign=cumpleanos-tipis\" target=\"_blank\" rel=\"noopener noreferrer\">mesa dulce<\/a> donde colocamos la tarta\u00a0la tarta y las galletas personalizadas para el cumplea\u00f1os de tipis. Una tarta seminaked de bizcocho de vainilla con crema de dulce de leche, y las galletas con las iniciales de los cumplea\u00f1os. Adem\u00e1s, preparamos unas preciosas y muy deliciosas brochetas de chuches de colores en forma de flecha, con plumas y punta de coraz\u00f3n, \u00a1que hicieron las delicias de todos!<\/p>\n<p><img decoding=\"async\" loading=\"lazy\" class=\"aligncenter size-full wp-image-5545\" src=\"https:\/\/www.evento.love\/blog\/wp-content\/uploads\/2019\/10\/cumpleanos-tipis-evento.love-1.jpg\" alt=\"\" width=\"850\" height=\"638\" srcset=\"https:\/\/www.evento.love\/blog\/wp-content\/uploads\/2019\/10\/cumpleanos-tipis-evento.love-1.jpg 850w, https:\/\/www.evento.love\/blog\/wp-content\/uploads\/2019\/10\/cumpleanos-tipis-evento.love-1-300x225.jpg 300w, https:\/\/www.evento.love\/blog\/wp-content\/uploads\/2019\/10\/cumpleanos-tipis-evento.love-1-768x576.jpg 768w, https:\/\/www.evento.love\/blog\/wp-content\/uploads\/2019\/10\/cumpleanos-tipis-evento.love-1-360x270.jpg 360w\" sizes=\"(max-width: 850px) 100vw, 850px\" \/><\/p>\n<p><img decoding=\"async\" loading=\"lazy\" class=\"aligncenter size-full wp-image-5539\" src=\"https:\/\/www.evento.love\/blog\/wp-content\/uploads\/2019\/10\/cumpleanos-tipis-evento.love-8.jpg\" alt=\"galletas personalizadas\" width=\"850\" height=\"567\" srcset=\"https:\/\/www.evento.love\/blog\/wp-content\/uploads\/2019\/10\/cumpleanos-tipis-evento.love-8.jpg 850w, https:\/\/www.evento.love\/blog\/wp-content\/uploads\/2019\/10\/cumpleanos-tipis-evento.love-8-300x200.jpg 300w, https:\/\/www.evento.love\/blog\/wp-content\/uploads\/2019\/10\/cumpleanos-tipis-evento.love-8-768x512.jpg 768w, https:\/\/www.evento.love\/blog\/wp-content\/uploads\/2019\/10\/cumpleanos-tipis-evento.love-8-405x270.jpg 405w\" sizes=\"(max-width: 850px) 100vw, 850px\" \/><\/p>\n<p><img decoding=\"async\" loading=\"lazy\" class=\"aligncenter size-full wp-image-5535\" src=\"https:\/\/www.evento.love\/blog\/wp-content\/uploads\/2019\/10\/cumpleanos-tipis-evento.love-10.jpg\" alt=\"cumplea\u00f1os de tipis\" width=\"600\" height=\"900\" srcset=\"https:\/\/www.evento.love\/blog\/wp-content\/uploads\/2019\/10\/cumpleanos-tipis-evento.love-10.jpg 600w, https:\/\/www.evento.love\/blog\/wp-content\/uploads\/2019\/10\/cumpleanos-tipis-evento.love-10-200x300.jpg 200w, https:\/\/www.evento.love\/blog\/wp-content\/uploads\/2019\/10\/cumpleanos-tipis-evento.love-10-180x270.jpg 180w\" sizes=\"(max-width: 600px) 100vw, 600px\" \/><\/p>\n<p>La mesa dulce y el tipi lo acompa\u00f1amos por unas <a href=\"https:\/\/www.evento.love\/tienda\/decoracion-con-globos?utm_source=web&amp;utm_medium=post&amp;utm_campaign=cumpleanos-tipis\" target=\"_blank\" rel=\"noopener noreferrer\">estructuras de globos ideales<\/a>, consiguiendo ese &#8220;efecto wow&#8221; que tanto buscamos con nuestras decoraciones.<\/p>\n<p>El d\u00eda del montaje, a primera hora de la ma\u00f1ana, estuvimos en el espacio de usos m\u00faltiples de la bonita urbanizaci\u00f3n de la familia y, tras todos los detalles que dise\u00f1amos durante meses, poco a poco se fue haciendo la magia.<\/p>\n<p><img decoding=\"async\" loading=\"lazy\" class=\"aligncenter size-full wp-image-5546\" src=\"https:\/\/www.evento.love\/blog\/wp-content\/uploads\/2019\/10\/cumpleanos-tipis-evento.love-12.jpg\" alt=\"\" width=\"850\" height=\"638\" srcset=\"https:\/\/www.evento.love\/blog\/wp-content\/uploads\/2019\/10\/cumpleanos-tipis-evento.love-12.jpg 850w, https:\/\/www.evento.love\/blog\/wp-content\/uploads\/2019\/10\/cumpleanos-tipis-evento.love-12-300x225.jpg 300w, https:\/\/www.evento.love\/blog\/wp-content\/uploads\/2019\/10\/cumpleanos-tipis-evento.love-12-768x576.jpg 768w, https:\/\/www.evento.love\/blog\/wp-content\/uploads\/2019\/10\/cumpleanos-tipis-evento.love-12-360x270.jpg 360w\" sizes=\"(max-width: 850px) 100vw, 850px\" \/> <img decoding=\"async\" loading=\"lazy\" class=\"aligncenter size-full wp-image-5543\" src=\"https:\/\/www.evento.love\/blog\/wp-content\/uploads\/2019\/10\/cumpleanos-tipis-evento.love-11.jpg\" alt=\"\" width=\"850\" height=\"638\" srcset=\"https:\/\/www.evento.love\/blog\/wp-content\/uploads\/2019\/10\/cumpleanos-tipis-evento.love-11.jpg 850w, https:\/\/www.evento.love\/blog\/wp-content\/uploads\/2019\/10\/cumpleanos-tipis-evento.love-11-300x225.jpg 300w, https:\/\/www.evento.love\/blog\/wp-content\/uploads\/2019\/10\/cumpleanos-tipis-evento.love-11-768x576.jpg 768w, https:\/\/www.evento.love\/blog\/wp-content\/uploads\/2019\/10\/cumpleanos-tipis-evento.love-11-360x270.jpg 360w\" sizes=\"(max-width: 850px) 100vw, 850px\" \/><\/p>\n<p><em>Muchas gracias a toda la familia y a la mam\u00e1 <a class=\"notranslate\" href=\"https:\/\/www.instagram.com\/carolinamg16\/\">@carolinamg16<\/a> por confiar en nosotros para el dise\u00f1o, organizaci\u00f3n y decoraci\u00f3n.<\/em>\u00a0<em>Y a todos los los invitados nos felicitaron y dieron la enhorabuena por este maravilloso cumple. \u00a1Que os guste es nuestra mayor recompensa!<\/em><\/p>\n<p>&#8211;<br \/>\nSi quieres que <a href=\"https:\/\/www.evento.love\/blog\/category\/cumpleanos\/?utm_source=web&amp;utm_medium=post&amp;utm_campaign=cumpleanos-tipis\" target=\"_blank\" rel=\"noopener noreferrer\">organicemos y dise\u00f1emos la decoraci\u00f3n de tu cumplea\u00f1os<\/a>, ponte en contacto con nosotros en <a href=\"mailto:hola@evento.love\" target=\"_blank\" rel=\"noopener noreferrer\">hola@evento.love<\/a>. \u00a1Te esperamos!<\/p>\n    <div class=\"related-post grid\">\r\n                <div class=\"headline\">M\u00e1s art\u00edculos a tener en cuenta<\/div>\r\n        <div class=\"post-list \">\r\n\r\n                        <div class=\"item\">\r\n                        <div class=\"thumb post_thumb\">\r\n        <a  title=\"Baby Shower, mucho m\u00e1s que un evento social\" href=\"https:\/\/www.evento.love\/blog\/baby-shower-evento-social-madrid\/\">\r\n\r\n            <img width=\"150\" height=\"150\" src=\"https:\/\/www.evento.love\/blog\/wp-content\/uploads\/2016\/07\/babyshower-150x150.jpg\" class=\"attachment-thumbnail size-thumbnail wp-post-image\" alt=\"baby shower-fiesta-beb\u00e9-embarazo-embarazada\" decoding=\"async\" loading=\"lazy\" \/>\r\n\r\n        <\/a>\r\n    <\/div>\r\n\r\n    <a class=\"title post_title\"  title=\"Baby Shower, mucho m\u00e1s que un evento social\" href=\"https:\/\/www.evento.love\/blog\/baby-shower-evento-social-madrid\/\">\r\n                Baby Shower, mucho m\u00e1s que un evento social    <\/a>\r\n\r\n                <\/div>\r\n                            <div class=\"item\">\r\n                        <div class=\"thumb post_thumb\">\r\n        <a  title=\"12 consejos para un Baby Shower perfecto\" href=\"https:\/\/www.evento.love\/blog\/12-consejos-baby-shower-perfecto-madrid\/\">\r\n\r\n            <img width=\"150\" height=\"150\" src=\"https:\/\/www.evento.love\/blog\/wp-content\/uploads\/2016\/09\/16_05_20_12_consejos-para-que-tu-Baby-Shower-sea-perfecto-150x150.jpg\" class=\"attachment-thumbnail size-thumbnail wp-post-image\" alt=\"Baby Shower-perfecto-beb\u00e9-embarazado-embarazada-fiesta-babyshower\" decoding=\"async\" loading=\"lazy\" \/>\r\n\r\n        <\/a>\r\n    <\/div>\r\n\r\n    <a class=\"title post_title\"  title=\"12 consejos para un Baby Shower perfecto\" href=\"https:\/\/www.evento.love\/blog\/12-consejos-baby-shower-perfecto-madrid\/\">\r\n                12 consejos para un Baby Shower perfecto    <\/a>\r\n\r\n                <\/div>\r\n                            <div class=\"item\">\r\n                        <div class=\"thumb post_thumb\">\r\n        <a  title=\"Cu\u00e1ndo hacer el Baby Shower\" href=\"https:\/\/www.evento.love\/blog\/cuando-hacer-el-baby-shower-madrid\/\">\r\n\r\n            <img width=\"150\" height=\"150\" src=\"https:\/\/www.evento.love\/blog\/wp-content\/uploads\/2016\/09\/16_05_23_Cuando-hacer-el-Baby-Shower-150x150.jpg\" class=\"attachment-thumbnail size-thumbnail wp-post-image\" alt=\"Cu\u00e1ndo hacer el baby shower beb\u00e9 embarazo fiesta en Madrid\" decoding=\"async\" loading=\"lazy\" \/>\r\n\r\n        <\/a>\r\n    <\/div>\r\n\r\n    <a class=\"title post_title\"  title=\"Cu\u00e1ndo hacer el Baby Shower\" href=\"https:\/\/www.evento.love\/blog\/cuando-hacer-el-baby-shower-madrid\/\">\r\n                Cu\u00e1ndo hacer el Baby Shower    <\/a>\r\n\r\n                <\/div>\r\n                            <div class=\"item\">\r\n                        <div class=\"thumb post_thumb\">\r\n        <a  title=\"\u00bfQui\u00e9n debe organizar el Baby Shower?\" href=\"https:\/\/www.evento.love\/blog\/quien-organizar-baby-shower-madrid\/\">\r\n\r\n            <img width=\"150\" height=\"150\" src=\"https:\/\/www.evento.love\/blog\/wp-content\/uploads\/2016\/09\/16_05_29_Qui\u00e9n-organiza-el-Baby-Shower-150x150.jpg\" class=\"attachment-thumbnail size-thumbnail wp-post-image\" alt=\"Organizaci\u00f3n Baby Shower Madrid fiesta beb\u00e9 embarazada\" decoding=\"async\" loading=\"lazy\" \/>\r\n\r\n        <\/a>\r\n    <\/div>\r\n\r\n    <a class=\"title post_title\"  title=\"\u00bfQui\u00e9n debe organizar el Baby Shower?\" href=\"https:\/\/www.evento.love\/blog\/quien-organizar-baby-shower-madrid\/\">\r\n                \u00bfQui\u00e9n debe organizar el Baby Shower?    <\/a>\r\n\r\n                <\/div>\r\n            \r\n    <\/div>\r\n\r\n    <script>\r\n            <\/script>\r\n    <style>\r\n        .related-post {}\r\n\r\n        .related-post .post-list {\r\n            text-align: left;\r\n                    }\r\n\r\n        .related-post .post-list .item {\r\n            margin: 5px 10px;\r\n            padding: 0px;\r\n                    }\r\n\r\n        .related-post .headline {\r\n            font-size: 24px !important;\r\n            color: #000000 !important;\r\n                    }\r\n\r\n        .related-post .headline{\r\nfont-weight:400 !important;\r\ntext-transform: uppercase;\r\n}.related-post .post-list .item .post_thumb {\r\n            max-height: 180px;\r\n            margin: 10px 0px;\r\n            padding: 0px;\r\n            display: block;\r\n                    }\r\n\r\n        .related-post .post-list .item .post_title {\r\n            font-size: 12px;\r\n            color: #607d8b;\r\n            margin: 10px 0px;\r\n            padding: 0px;\r\n            display: block;\r\n            text-decoration: none;\r\n                    }\r\n\r\n        .related-post .post-list .item .post_excerpt {\r\n            font-size: 13px;\r\n            color: #3f3f3f;\r\n            margin: 10px 0px;\r\n            padding: 0px;\r\n            display: block;\r\n            text-decoration: none;\r\n                    }\r\n\r\n        @media only screen and (min-width: 1024px) {\r\n            .related-post .post-list .item {\r\n                width: 22%;\r\n            }\r\n        }\r\n\r\n        @media only screen and (min-width: 768px) and (max-width: 1023px) {\r\n            .related-post .post-list .item {\r\n                width: 90%;\r\n            }\r\n        }\r\n\r\n        @media only screen and (min-width: 0px) and (max-width: 767px) {\r\n            .related-post .post-list .item {\r\n                width: 30%;\r\n            }\r\n        }\r\n\r\n            <\/style>\r\n        <\/div>\r\n<!-- AddThis Advanced Settings generic via filter on the_content --><!-- AddThis Share Buttons generic via filter on the_content -->","protected":false},"excerpt":{"rendered":"<p>En el mes de julio se puso en contacto con nosotros Carolina para contarnos que estaba muy feliz organizando el cumple de su peque y de su esposo, que ser\u00eda el mismo d\u00eda a finales de noviembre. M\u00e1s art\u00edculos a tener en cuenta Baby Shower, mucho m\u00e1s que un evento social 12 consejos para un Baby Shower perfecto Cu\u00e1ndo hacer el Baby Shower \u00bfQui\u00e9n debe organizar el Baby Shower?<!-- AddThis Advanced Settings generic via filter on get_the_excerpt --><!-- AddThis Share Buttons generic via filter on get_the_excerpt --><\/p>\n    <div class=\"related-post grid\">\r\n                <div class=\"headline\">M\u00e1s art\u00edculos a tener en cuenta<\/div>\r\n        <div class=\"post-list \">\r\n\r\n                        <div class=\"item\">\r\n                        <div class=\"thumb post_thumb\">\r\n        <a  title=\"Baby Shower, mucho m\u00e1s que un evento social\" href=\"https:\/\/www.evento.love\/blog\/baby-shower-evento-social-madrid\/\">\r\n\r\n            <img width=\"150\" height=\"150\" src=\"https:\/\/www.evento.love\/blog\/wp-content\/uploads\/2016\/07\/babyshower-150x150.jpg\" class=\"attachment-thumbnail size-thumbnail wp-post-image\" alt=\"baby shower-fiesta-beb\u00e9-embarazo-embarazada\" decoding=\"async\" loading=\"lazy\" \/>\r\n\r\n        <\/a>\r\n    <\/div>\r\n\r\n    <a class=\"title post_title\"  title=\"Baby Shower, mucho m\u00e1s que un evento social\" href=\"https:\/\/www.evento.love\/blog\/baby-shower-evento-social-madrid\/\">\r\n                Baby Shower, mucho m\u00e1s que un evento social    <\/a>\r\n\r\n                <\/div>\r\n                            <div class=\"item\">\r\n                        <div class=\"thumb post_thumb\">\r\n        <a  title=\"12 consejos para un Baby Shower perfecto\" href=\"https:\/\/www.evento.love\/blog\/12-consejos-baby-shower-perfecto-madrid\/\">\r\n\r\n            <img width=\"150\" height=\"150\" src=\"https:\/\/www.evento.love\/blog\/wp-content\/uploads\/2016\/09\/16_05_20_12_consejos-para-que-tu-Baby-Shower-sea-perfecto-150x150.jpg\" class=\"attachment-thumbnail size-thumbnail wp-post-image\" alt=\"Baby Shower-perfecto-beb\u00e9-embarazado-embarazada-fiesta-babyshower\" decoding=\"async\" loading=\"lazy\" \/>\r\n\r\n        <\/a>\r\n    <\/div>\r\n\r\n    <a class=\"title post_title\"  title=\"12 consejos para un Baby Shower perfecto\" href=\"https:\/\/www.evento.love\/blog\/12-consejos-baby-shower-perfecto-madrid\/\">\r\n                12 consejos para un Baby Shower perfecto    <\/a>\r\n\r\n                <\/div>\r\n                            <div class=\"item\">\r\n                        <div class=\"thumb post_thumb\">\r\n        <a  title=\"Cu\u00e1ndo hacer el Baby Shower\" href=\"https:\/\/www.evento.love\/blog\/cuando-hacer-el-baby-shower-madrid\/\">\r\n\r\n            <img width=\"150\" height=\"150\" src=\"https:\/\/www.evento.love\/blog\/wp-content\/uploads\/2016\/09\/16_05_23_Cuando-hacer-el-Baby-Shower-150x150.jpg\" class=\"attachment-thumbnail size-thumbnail wp-post-image\" alt=\"Cu\u00e1ndo hacer el baby shower beb\u00e9 embarazo fiesta en Madrid\" decoding=\"async\" loading=\"lazy\" \/>\r\n\r\n        <\/a>\r\n    <\/div>\r\n\r\n    <a class=\"title post_title\"  title=\"Cu\u00e1ndo hacer el Baby Shower\" href=\"https:\/\/www.evento.love\/blog\/cuando-hacer-el-baby-shower-madrid\/\">\r\n                Cu\u00e1ndo hacer el Baby Shower    <\/a>\r\n\r\n                <\/div>\r\n                            <div class=\"item\">\r\n                        <div class=\"thumb post_thumb\">\r\n        <a  title=\"Baby Shower: Elaborando la lista de invitados\" href=\"https:\/\/www.evento.love\/blog\/baby-shower-lista-invitados-madrid\/\">\r\n\r\n            <img width=\"150\" height=\"150\" src=\"https:\/\/www.evento.love\/blog\/wp-content\/uploads\/2016\/09\/16_05_30_Baby-Shower-elaborando-la-lista-de-invitados-150x150.jpg\" class=\"attachment-thumbnail size-thumbnail wp-post-image\" alt=\"\" decoding=\"async\" loading=\"lazy\" \/>\r\n\r\n        <\/a>\r\n    <\/div>\r\n\r\n    <a class=\"title post_title\"  title=\"Baby Shower: Elaborando la lista de invitados\" href=\"https:\/\/www.evento.love\/blog\/baby-shower-lista-invitados-madrid\/\">\r\n                Baby Shower: Elaborando la lista de invitados    <\/a>\r\n\r\n                <\/div>\r\n            \r\n    <\/div>\r\n\r\n    <script>\r\n            <\/script>\r\n    <style>\r\n        .related-post {}\r\n\r\n        .related-post .post-list {\r\n            text-align: left;\r\n                    }\r\n\r\n        .related-post .post-list .item {\r\n            margin: 5px 10px;\r\n            padding: 0px;\r\n                    }\r\n\r\n        .related-post .headline {\r\n            font-size: 24px !important;\r\n            color: #000000 !important;\r\n                    }\r\n\r\n        .related-post .headline{\r\nfont-weight:400 !important;\r\ntext-transform: uppercase;\r\n}.related-post .post-list .item .post_thumb {\r\n            max-height: 180px;\r\n            margin: 10px 0px;\r\n            padding: 0px;\r\n            display: block;\r\n                    }\r\n\r\n        .related-post .post-list .item .post_title {\r\n            font-size: 12px;\r\n            color: #607d8b;\r\n            margin: 10px 0px;\r\n            padding: 0px;\r\n            display: block;\r\n            text-decoration: none;\r\n                    }\r\n\r\n        .related-post .post-list .item .post_excerpt {\r\n            font-size: 13px;\r\n            color: #3f3f3f;\r\n            margin: 10px 0px;\r\n            padding: 0px;\r\n            display: block;\r\n            text-decoration: none;\r\n                    }\r\n\r\n        @media only screen and (min-width: 1024px) {\r\n            .related-post .post-list .item {\r\n                width: 22%;\r\n            }\r\n        }\r\n\r\n        @media only screen and (min-width: 768px) and (max-width: 1023px) {\r\n            .related-post .post-list .item {\r\n                width: 90%;\r\n            }\r\n        }\r\n\r\n        @media only screen and (min-width: 0px) and (max-width: 767px) {\r\n            .related-post .post-list .item {\r\n                width: 30%;\r\n            }\r\n        }\r\n\r\n            <\/style>\r\n        <\/div>\r\n","protected":false},"author":1,"featured_media":5543,"comment_status":"open","ping_status":"open","sticky":false,"template":"","format":"standard","meta":{"content-type":""},"categories":[57,391],"tags":[514,1567,447,316,969,446,422,908,1017,1174,1568],"yoast_head":"<!-- This site is optimized with the Yoast SEO plugin v20.7 - https:\/\/yoast.com\/wordpress\/plugins\/seo\/ -->\n<title>El cumplea\u00f1os de tipis de Luc\u00eda y su pap\u00e1 - El Blog de evento.love<\/title>\n<meta name=\"description\" content=\"Descubre el cumplea\u00f1os de tipis doble que dise\u00f1amos, decoramos y organizamos para una ni\u00f1a y su pap\u00e1, que celebraban juntos el gran d\u00eda.\" \/>\n<meta name=\"robots\" content=\"index, follow, max-snippet:-1, max-image-preview:large, max-video-preview:-1\" \/>\n<meta property=\"og:locale\" content=\"es_ES\" \/>\n<meta property=\"og:type\" content=\"article\" \/>\n<meta property=\"og:title\" content=\"El cumplea\u00f1os de tipis de Luc\u00eda y su pap\u00e1 - El Blog de evento.love\" \/>\n<meta property=\"og:description\" content=\"Descubre el cumplea\u00f1os de tipis doble que dise\u00f1amos, decoramos y organizamos para una ni\u00f1a y su pap\u00e1, que celebraban juntos el gran d\u00eda.\" \/>\n<meta property=\"og:url\" content=\"https:\/\/www.evento.love\/blog\/el-cumpleanos-de-tipis-de-lucia-y-su-papa\/\" \/>\n<meta property=\"og:site_name\" content=\"El Blog de evento.love\" \/>\n<meta property=\"article:publisher\" content=\"https:\/\/www.facebook.com\/Evento.love\/\" \/>\n<meta property=\"article:published_time\" content=\"2019-10-31T07:00:15+00:00\" \/>\n<meta property=\"article:modified_time\" content=\"2019-10-31T23:01:48+00:00\" \/>\n<meta property=\"og:image\" content=\"https:\/\/www.evento.love\/blog\/wp-content\/uploads\/2019\/10\/cumpleanos-tipis-evento.love-11.jpg\" \/>\n\t<meta property=\"og:image:width\" content=\"850\" \/>\n\t<meta property=\"og:image:height\" content=\"638\" \/>\n\t<meta property=\"og:image:type\" content=\"image\/jpeg\" \/>\n<meta name=\"author\" content=\"Evento Love\" \/>\n<meta name=\"twitter:card\" content=\"summary_large_image\" \/>\n<meta name=\"twitter:creator\" content=\"@Evento_love\" \/>\n<meta name=\"twitter:site\" content=\"@Evento_love\" \/>\n<meta name=\"twitter:label1\" content=\"Escrito por\" \/>\n\t<meta name=\"twitter:data1\" content=\"Evento Love\" \/>\n\t<meta name=\"twitter:label2\" content=\"Tiempo de lectura\" \/>\n\t<meta name=\"twitter:data2\" content=\"3 minutos\" \/>\n<!-- \/ Yoast SEO plugin. -->","yoast_head_json":{"title":"El cumplea\u00f1os de tipis de Luc\u00eda y su pap\u00e1 - El Blog de evento.love","description":"Descubre el cumplea\u00f1os de tipis doble que dise\u00f1amos, decoramos y organizamos para una ni\u00f1a y su pap\u00e1, que celebraban juntos el gran d\u00eda.","robots":{"index":"index","follow":"follow","max-snippet":"max-snippet:-1","max-image-preview":"max-image-preview:large","max-video-preview":"max-video-preview:-1"},"og_locale":"es_ES","og_type":"article","og_title":"El cumplea\u00f1os de tipis de Luc\u00eda y su pap\u00e1 - El Blog de evento.love","og_description":"Descubre el cumplea\u00f1os de tipis doble que dise\u00f1amos, decoramos y organizamos para una ni\u00f1a y su pap\u00e1, que celebraban juntos el gran d\u00eda.","og_url":"https:\/\/www.evento.love\/blog\/el-cumpleanos-de-tipis-de-lucia-y-su-papa\/","og_site_name":"El Blog de evento.love","article_publisher":"https:\/\/www.facebook.com\/Evento.love\/","article_published_time":"2019-10-31T07:00:15+00:00","article_modified_time":"2019-10-31T23:01:48+00:00","og_image":[{"width":850,"height":638,"url":"https:\/\/www.evento.love\/blog\/wp-content\/uploads\/2019\/10\/cumpleanos-tipis-evento.love-11.jpg","type":"image\/jpeg"}],"author":"Evento Love","twitter_card":"summary_large_image","twitter_creator":"@Evento_love","twitter_site":"@Evento_love","twitter_misc":{"Escrito por":"Evento Love","Tiempo de lectura":"3 minutos"},"schema":{"@context":"https:\/\/schema.org","@graph":[{"@type":"Article","@id":"https:\/\/www.evento.love\/blog\/el-cumpleanos-de-tipis-de-lucia-y-su-papa\/#article","isPartOf":{"@id":"https:\/\/www.evento.love\/blog\/el-cumpleanos-de-tipis-de-lucia-y-su-papa\/"},"author":{"name":"Evento Love","@id":"https:\/\/www.evento.love\/blog\/#\/schema\/person\/a184c2ed424b7fb3006372ce8051542c"},"headline":"El cumplea\u00f1os de tipis de Luc\u00eda y su pap\u00e1","datePublished":"2019-10-31T07:00:15+00:00","dateModified":"2019-10-31T23:01:48+00:00","mainEntityOfPage":{"@id":"https:\/\/www.evento.love\/blog\/el-cumpleanos-de-tipis-de-lucia-y-su-papa\/"},"wordCount":570,"commentCount":0,"publisher":{"@id":"https:\/\/www.evento.love\/blog\/#organization"},"keywords":["candy bar","cumplea\u00f1os de tipis","cumplea\u00f1os en madrid","decoracion","decoraci\u00f3n con globos","decoracion de cumplea\u00f1os","mesa dulce","organizaci\u00f3n de cumplea\u00f1os","tarta personalizada","tendencias en decoraci\u00f3n","tipis"],"articleSection":["Cumplea\u00f1os","Nuestros eventos"],"inLanguage":"es","potentialAction":[{"@type":"CommentAction","name":"Comment","target":["https:\/\/www.evento.love\/blog\/el-cumpleanos-de-tipis-de-lucia-y-su-papa\/#respond"]}]},{"@type":"WebPage","@id":"https:\/\/www.evento.love\/blog\/el-cumpleanos-de-tipis-de-lucia-y-su-papa\/","url":"https:\/\/www.evento.love\/blog\/el-cumpleanos-de-tipis-de-lucia-y-su-papa\/","name":"El cumplea\u00f1os de tipis de Luc\u00eda y su pap\u00e1 - El Blog de evento.love","isPartOf":{"@id":"https:\/\/www.evento.love\/blog\/#website"},"datePublished":"2019-10-31T07:00:15+00:00","dateModified":"2019-10-31T23:01:48+00:00","description":"Descubre el cumplea\u00f1os de tipis doble que dise\u00f1amos, decoramos y organizamos para una ni\u00f1a y su pap\u00e1, que celebraban juntos el gran d\u00eda.","breadcrumb":{"@id":"https:\/\/www.evento.love\/blog\/el-cumpleanos-de-tipis-de-lucia-y-su-papa\/#breadcrumb"},"inLanguage":"es","potentialAction":[{"@type":"ReadAction","target":["https:\/\/www.evento.love\/blog\/el-cumpleanos-de-tipis-de-lucia-y-su-papa\/"]}]},{"@type":"BreadcrumbList","@id":"https:\/\/www.evento.love\/blog\/el-cumpleanos-de-tipis-de-lucia-y-su-papa\/#breadcrumb","itemListElement":[{"@type":"ListItem","position":1,"name":"Evento.love","item":"https:\/\/www.evento.love\/blog\/"},{"@type":"ListItem","position":2,"name":"Nuestros eventos","item":"https:\/\/www.evento.love\/blog\/category\/nuestros-eventos\/"},{"@type":"ListItem","position":3,"name":"El cumplea\u00f1os de tipis de Luc\u00eda y su pap\u00e1"}]},{"@type":"WebSite","@id":"https:\/\/www.evento.love\/blog\/#website","url":"https:\/\/www.evento.love\/blog\/","name":"El Blog de evento.love","description":"T\u00fa lo mereces. Disfruta de tu momento","publisher":{"@id":"https:\/\/www.evento.love\/blog\/#organization"},"potentialAction":[{"@type":"SearchAction","target":{"@type":"EntryPoint","urlTemplate":"https:\/\/www.evento.love\/blog\/?s={search_term_string}"},"query-input":"required name=search_term_string"}],"inLanguage":"es"},{"@type":"Organization","@id":"https:\/\/www.evento.love\/blog\/#organization","name":"evento.love","url":"https:\/\/www.evento.love\/blog\/","logo":{"@type":"ImageObject","inLanguage":"es","@id":"https:\/\/www.evento.love\/blog\/#\/schema\/logo\/image\/","url":"https:\/\/www.evento.love\/blog\/wp-content\/uploads\/2016\/07\/logo-evento-love.png","contentUrl":"https:\/\/www.evento.love\/blog\/wp-content\/uploads\/2016\/07\/logo-evento-love.png","width":197,"height":59,"caption":"evento.love"},"image":{"@id":"https:\/\/www.evento.love\/blog\/#\/schema\/logo\/image\/"},"sameAs":["https:\/\/www.facebook.com\/Evento.love\/","https:\/\/twitter.com\/Evento_love","https:\/\/www.instagram.com\/evento.love\/","https:\/\/es.pinterest.com\/evento_love\/","https:\/\/www.youtube.com\/channel\/UCcVbo6ymzx-7FlDJja8aQnw"]},{"@type":"Person","@id":"https:\/\/www.evento.love\/blog\/#\/schema\/person\/a184c2ed424b7fb3006372ce8051542c","name":"Evento Love"}]}},"_links":{"self":[{"href":"https:\/\/www.evento.love\/blog\/wp-json\/wp\/v2\/posts\/5529"}],"collection":[{"href":"https:\/\/www.evento.love\/blog\/wp-json\/wp\/v2\/posts"}],"about":[{"href":"https:\/\/www.evento.love\/blog\/wp-json\/wp\/v2\/types\/post"}],"author":[{"embeddable":true,"href":"https:\/\/www.evento.love\/blog\/wp-json\/wp\/v2\/users\/1"}],"replies":[{"embeddable":true,"href":"https:\/\/www.evento.love\/blog\/wp-json\/wp\/v2\/comments?post=5529"}],"version-history":[{"count":6,"href":"https:\/\/www.evento.love\/blog\/wp-json\/wp\/v2\/posts\/5529\/revisions"}],"predecessor-version":[{"id":5550,"href":"https:\/\/www.evento.love\/blog\/wp-json\/wp\/v2\/posts\/5529\/revisions\/5550"}],"wp:featuredmedia":[{"embeddable":true,"href":"https:\/\/www.evento.love\/blog\/wp-json\/wp\/v2\/media\/5543"}],"wp:attachment":[{"href":"https:\/\/www.evento.love\/blog\/wp-json\/wp\/v2\/media?parent=5529"}],"wp:term":[{"taxonomy":"category","embeddable":true,"href":"https:\/\/www.evento.love\/blog\/wp-json\/wp\/v2\/categories?post=5529"},{"taxonomy":"post_tag","embeddable":true,"href":"https:\/\/www.evento.love\/blog\/wp-json\/wp\/v2\/tags?post=5529"}],"curies":[{"name":"wp","href":"https:\/\/api.w.org\/{rel}","templated":true}]}}