{"id":5603,"date":"2019-11-14T09:00:59","date_gmt":"2019-11-14T07:00:59","guid":{"rendered":"https:\/\/www.evento.love\/blog\/?p=5603"},"modified":"2019-11-14T08:27:28","modified_gmt":"2019-11-14T06:27:28","slug":"las-3-claves-para-que-tus-fotografias-de-boda-sean-espectaculares","status":"publish","type":"post","link":"https:\/\/www.evento.love\/blog\/las-3-claves-para-que-tus-fotografias-de-boda-sean-espectaculares\/","title":{"rendered":"Las 3 claves para que tus fotograf\u00edas de boda sean espectaculares"},"content":{"rendered":"<p>Las fotograf\u00edas son los recuerdos m\u00e1s preciados que podemos tener, y m\u00e1s si se trata de un d\u00eda <a href=\"https:\/\/www.evento.love\/bodas\/index.html?utm_source=web&amp;utm_medium=post&amp;utm_campaign=fotografia-bodas\" target=\"_blank\" rel=\"noopener noreferrer\">tan especial como una boda<\/a>.<!--more--><\/p>\n<p>A lo largo de la organizaci\u00f3n de tu boda son muchos (infinitos) detalles que ten\u00e9is que tener en cuenta. Sin embargo, en toda esa lista de &#8220;to-do&#8221; hay un punto especialmente relevante: el fot\u00f3grafo.<\/p>\n<p>Este profesional ser\u00e1 el encargado de una de las partes mas bonitas del d\u00eda y, al mismo tiempo, el responsable de que todo salga a la perfecci\u00f3n. Y es que las fotograf\u00edas, realizadas por un profesional, ser\u00e1n capaces de contar una historia de amor preciosa y reflejar los maravillosos momentos que vivir\u00e9is el d\u00eda m\u00e1s feliz de vuestras vidas.<\/p>\n<p>Por eso, y con el \u00e1nimo de ayudaros a encontrar a la persona adecuada, hoy os traemos 3 claves para que vuestras fotograf\u00edas de boda sean espectaculares.<\/p>\n<h2>1. Una reuni\u00f3n previa<\/h2>\n<p>En primer lugar, es important\u00edsimo que solicit\u00e9is una reuni\u00f3n con los fot\u00f3grafos que m\u00e1s os gusten, y tras haber visto sus trabajos en la web o por otras v\u00edas. Como siempre decimos, las personas y el feeling son lo m\u00e1s importante, por eso es fundamental que os conozc\u00e1is, os pong\u00e1is cara y noteis si ten\u00e9is esa conexi\u00f3n tan necesaria para los proveedores del que ser\u00e1 el d\u00eda m\u00e1s feliz de vuestras vidas.<\/p>\n<p><img decoding=\"async\" loading=\"lazy\" class=\"aligncenter size-full wp-image-5605\" src=\"https:\/\/www.evento.love\/blog\/wp-content\/uploads\/2019\/11\/fotografias-de-boda.jpg\" alt=\"fotograf\u00edas de boda\" width=\"850\" height=\"565\" srcset=\"https:\/\/www.evento.love\/blog\/wp-content\/uploads\/2019\/11\/fotografias-de-boda.jpg 850w, https:\/\/www.evento.love\/blog\/wp-content\/uploads\/2019\/11\/fotografias-de-boda-300x199.jpg 300w, https:\/\/www.evento.love\/blog\/wp-content\/uploads\/2019\/11\/fotografias-de-boda-768x510.jpg 768w, https:\/\/www.evento.love\/blog\/wp-content\/uploads\/2019\/11\/fotografias-de-boda-406x270.jpg 406w\" sizes=\"(max-width: 850px) 100vw, 850px\" \/><\/p>\n<h2>2. Foco en el timing<\/h2>\n<p>Por otro lado, otro tip imprescindible es preparar una &#8220;escaleta&#8221; de las fotograf\u00edas de boda. Siempre decimos que los novios son los primeros que tienen que disfrutar del c\u00f3ctel y de todos los momentos de su boda, por eso las fotograf\u00edas no deber\u00edan llevaros demasiado tiempo.<\/p>\n<p>Para conseguir sacar todas las fotograf\u00edas de la boda sin perderos nada de ella, es crucial que prepareis con el fot\u00f3grafo la lista de fotos que quer\u00e9is tener (con padres, hermanos, amigos&#8230;), de tal manera que todo est\u00e9 completamente preparado para ir a &#8220;tiro hecho&#8221;.<\/p>\n<p>El resto de fotograf\u00edas seran, como a nosotras m\u00e1s nos gusta, &#8220;espont\u00e1neas&#8221;, y no os quitar\u00e1n tiempo para disfrutar con vuestros seres queridos.<\/p>\n<h2>3. Una sesi\u00f3n preboda<\/h2>\n<p>Y, por \u00faltimo, os recomendamos encarecidamente realizar una sesi\u00f3n de fotos preboda porque, adem\u00e1s de ser un recuerdo precioso, os ayudar\u00e1 a perder el miedo y el pudor a la c\u00e1mara, y os conectar\u00e1 con el fot\u00f3grafo, d\u00e1ndoos la confianza suficiente para posar naturales el d\u00eda de vuestra boda.<\/p>\n<p>&#8211;<\/p>\n<p>\u00bfQuieres que organicemos el d\u00eda m\u00e1s feliz de vuestras vidas? Te esperamos en <a href=\"mailto:hola@evento.love\" target=\"_blank\" rel=\"noopener noreferrer\">hola@evento.love<\/a>. Estamos deseando conoceros y comenzar a perfilar todos los detalles de vuestra boda <img decoding=\"async\" class=\"emoji\" draggable=\"false\" src=\"https:\/\/s.w.org\/images\/core\/emoji\/12.0.0-1\/svg\/1f642.svg\" alt=\"\n<\/p>\n    <div class=\"related-post grid\">\r\n                <div class=\"headline\">M\u00e1s art\u00edculos a tener en cuenta<\/div>\r\n        <div class=\"post-list \">\r\n\r\n                        <div class=\"item\">\r\n                        <div class=\"thumb post_thumb\">\r\n        <a  title=\"Juegos y actividades en tu baby shower\" href=\"https:\/\/www.evento.love\/blog\/juegos-actividades-baby-shower-madrid\/\">\r\n\r\n            <img width=\"150\" height=\"150\" src=\"https:\/\/www.evento.love\/blog\/wp-content\/uploads\/2016\/09\/16_06_28_Juegos-y-actividades-en-tu-baby-shower-150x150.jpg\" class=\"attachment-thumbnail size-thumbnail wp-post-image\" alt=\"\" decoding=\"async\" loading=\"lazy\" \/>\r\n\r\n        <\/a>\r\n    <\/div>\r\n\r\n    <a class=\"title post_title\"  title=\"Juegos y actividades en tu baby shower\" href=\"https:\/\/www.evento.love\/blog\/juegos-actividades-baby-shower-madrid\/\">\r\n                Juegos y actividades en tu baby shower    <\/a>\r\n\r\n                <\/div>\r\n                            <div class=\"item\">\r\n                        <div class=\"thumb post_thumb\">\r\n        <a  title=\"C\u00f3mo inmortalizar tu baby shower\" href=\"https:\/\/www.evento.love\/blog\/inmortalizar-baby-shower-madrid\/\">\r\n\r\n            <img width=\"150\" height=\"150\" src=\"https:\/\/www.evento.love\/blog\/wp-content\/uploads\/2016\/09\/16_06_30_C\u00f3mo-inmortalizar-tu-baby-shower-150x150.jpg\" class=\"attachment-thumbnail size-thumbnail wp-post-image\" alt=\"\" decoding=\"async\" loading=\"lazy\" \/>\r\n\r\n        <\/a>\r\n    <\/div>\r\n\r\n    <a class=\"title post_title\"  title=\"C\u00f3mo inmortalizar tu baby shower\" href=\"https:\/\/www.evento.love\/blog\/inmortalizar-baby-shower-madrid\/\">\r\n                C\u00f3mo inmortalizar tu baby shower    <\/a>\r\n\r\n                <\/div>\r\n                            <div class=\"item\">\r\n                        <div class=\"thumb post_thumb\">\r\n        <a  title=\"Juegos en el baby shower\" href=\"https:\/\/www.evento.love\/blog\/juegos-baby-shower-madrid\/\">\r\n\r\n            <img width=\"150\" height=\"150\" src=\"https:\/\/www.evento.love\/blog\/wp-content\/uploads\/2016\/09\/16_07_22_Juegos-para-el-baby-shower-150x150.jpg\" class=\"attachment-thumbnail size-thumbnail wp-post-image\" alt=\"\" decoding=\"async\" loading=\"lazy\" \/>\r\n\r\n        <\/a>\r\n    <\/div>\r\n\r\n    <a class=\"title post_title\"  title=\"Juegos en el baby shower\" href=\"https:\/\/www.evento.love\/blog\/juegos-baby-shower-madrid\/\">\r\n                Juegos en el baby shower    <\/a>\r\n\r\n                <\/div>\r\n                            <div class=\"item\">\r\n                        <div class=\"thumb post_thumb\">\r\n        <a  title=\"Un beb\u00e9 en camino \u00bfBaby shower o bautizo?\" href=\"https:\/\/www.evento.love\/blog\/bebe-baby-shower-bautizo-madrid\/\">\r\n\r\n            <img width=\"150\" height=\"150\" src=\"https:\/\/www.evento.love\/blog\/wp-content\/uploads\/2016\/09\/16_07_30_Un-beb\u00e9-en-camino-\u00bfBaby-Shower-o-Bautizo-150x150.jpg\" class=\"attachment-thumbnail size-thumbnail wp-post-image\" alt=\"\" decoding=\"async\" loading=\"lazy\" \/>\r\n\r\n        <\/a>\r\n    <\/div>\r\n\r\n    <a class=\"title post_title\"  title=\"Un beb\u00e9 en camino \u00bfBaby shower o bautizo?\" href=\"https:\/\/www.evento.love\/blog\/bebe-baby-shower-bautizo-madrid\/\">\r\n                Un beb\u00e9 en camino \u00bfBaby shower o bautizo?    <\/a>\r\n\r\n                <\/div>\r\n            \r\n    <\/div>\r\n\r\n    <script>\r\n            <\/script>\r\n    <style>\r\n        .related-post {}\r\n\r\n        .related-post .post-list {\r\n            text-align: left;\r\n                    }\r\n\r\n        .related-post .post-list .item {\r\n            margin: 5px 10px;\r\n            padding: 0px;\r\n                    }\r\n\r\n        .related-post .headline {\r\n            font-size: 24px !important;\r\n            color: #000000 !important;\r\n                    }\r\n\r\n        .related-post .headline{\r\nfont-weight:400 !important;\r\ntext-transform: uppercase;\r\n}.related-post .post-list .item .post_thumb {\r\n            max-height: 180px;\r\n            margin: 10px 0px;\r\n            padding: 0px;\r\n            display: block;\r\n                    }\r\n\r\n        .related-post .post-list .item .post_title {\r\n            font-size: 12px;\r\n            color: #607d8b;\r\n            margin: 10px 0px;\r\n            padding: 0px;\r\n            display: block;\r\n            text-decoration: none;\r\n                    }\r\n\r\n        .related-post .post-list .item .post_excerpt {\r\n            font-size: 13px;\r\n            color: #3f3f3f;\r\n            margin: 10px 0px;\r\n            padding: 0px;\r\n            display: block;\r\n            text-decoration: none;\r\n                    }\r\n\r\n        @media only screen and (min-width: 1024px) {\r\n            .related-post .post-list .item {\r\n                width: 22%;\r\n            }\r\n        }\r\n\r\n        @media only screen and (min-width: 768px) and (max-width: 1023px) {\r\n            .related-post .post-list .item {\r\n                width: 90%;\r\n            }\r\n        }\r\n\r\n        @media only screen and (min-width: 0px) and (max-width: 767px) {\r\n            .related-post .post-list .item {\r\n                width: 30%;\r\n            }\r\n        }\r\n\r\n            <\/style>\r\n        <\/div>\r\n<!-- AddThis Advanced Settings generic via filter on the_content --><!-- AddThis Share Buttons generic via filter on the_content -->","protected":false},"excerpt":{"rendered":"<p>Las fotograf\u00edas son los recuerdos m\u00e1s preciados que podemos tener, y m\u00e1s si se trata de un d\u00eda tan especial como una boda. M\u00e1s art\u00edculos a tener en cuenta Baby Shower, mucho m\u00e1s que un evento social 12 consejos para un Baby Shower perfecto Cu\u00e1ndo hacer el Baby Shower Baby Shower: Elaborando la lista de invitados<!-- AddThis Advanced Settings generic via filter on get_the_excerpt --><!-- AddThis Share Buttons generic via filter on get_the_excerpt --><\/p>\n    <div class=\"related-post grid\">\r\n                <div class=\"headline\">M\u00e1s art\u00edculos a tener en cuenta<\/div>\r\n        <div class=\"post-list \">\r\n\r\n                        <div class=\"item\">\r\n                        <div class=\"thumb post_thumb\">\r\n        <a  title=\"Baby Shower, mucho m\u00e1s que un evento social\" href=\"https:\/\/www.evento.love\/blog\/baby-shower-evento-social-madrid\/\">\r\n\r\n            <img width=\"150\" height=\"150\" src=\"https:\/\/www.evento.love\/blog\/wp-content\/uploads\/2016\/07\/babyshower-150x150.jpg\" class=\"attachment-thumbnail size-thumbnail wp-post-image\" alt=\"baby shower-fiesta-beb\u00e9-embarazo-embarazada\" decoding=\"async\" loading=\"lazy\" \/>\r\n\r\n        <\/a>\r\n    <\/div>\r\n\r\n    <a class=\"title post_title\"  title=\"Baby Shower, mucho m\u00e1s que un evento social\" href=\"https:\/\/www.evento.love\/blog\/baby-shower-evento-social-madrid\/\">\r\n                Baby Shower, mucho m\u00e1s que un evento social    <\/a>\r\n\r\n                <\/div>\r\n                            <div class=\"item\">\r\n                        <div class=\"thumb post_thumb\">\r\n        <a  title=\"12 consejos para un Baby Shower perfecto\" href=\"https:\/\/www.evento.love\/blog\/12-consejos-baby-shower-perfecto-madrid\/\">\r\n\r\n            <img width=\"150\" height=\"150\" src=\"https:\/\/www.evento.love\/blog\/wp-content\/uploads\/2016\/09\/16_05_20_12_consejos-para-que-tu-Baby-Shower-sea-perfecto-150x150.jpg\" class=\"attachment-thumbnail size-thumbnail wp-post-image\" alt=\"Baby Shower-perfecto-beb\u00e9-embarazado-embarazada-fiesta-babyshower\" decoding=\"async\" loading=\"lazy\" \/>\r\n\r\n        <\/a>\r\n    <\/div>\r\n\r\n    <a class=\"title post_title\"  title=\"12 consejos para un Baby Shower perfecto\" href=\"https:\/\/www.evento.love\/blog\/12-consejos-baby-shower-perfecto-madrid\/\">\r\n                12 consejos para un Baby Shower perfecto    <\/a>\r\n\r\n                <\/div>\r\n                            <div class=\"item\">\r\n                        <div class=\"thumb post_thumb\">\r\n        <a  title=\"Cu\u00e1ndo hacer el Baby Shower\" href=\"https:\/\/www.evento.love\/blog\/cuando-hacer-el-baby-shower-madrid\/\">\r\n\r\n            <img width=\"150\" height=\"150\" src=\"https:\/\/www.evento.love\/blog\/wp-content\/uploads\/2016\/09\/16_05_23_Cuando-hacer-el-Baby-Shower-150x150.jpg\" class=\"attachment-thumbnail size-thumbnail wp-post-image\" alt=\"Cu\u00e1ndo hacer el baby shower beb\u00e9 embarazo fiesta en Madrid\" decoding=\"async\" loading=\"lazy\" \/>\r\n\r\n        <\/a>\r\n    <\/div>\r\n\r\n    <a class=\"title post_title\"  title=\"Cu\u00e1ndo hacer el Baby Shower\" href=\"https:\/\/www.evento.love\/blog\/cuando-hacer-el-baby-shower-madrid\/\">\r\n                Cu\u00e1ndo hacer el Baby Shower    <\/a>\r\n\r\n                <\/div>\r\n                            <div class=\"item\">\r\n                        <div class=\"thumb post_thumb\">\r\n        <a  title=\"\u00bfQui\u00e9n debe organizar el Baby Shower?\" href=\"https:\/\/www.evento.love\/blog\/quien-organizar-baby-shower-madrid\/\">\r\n\r\n            <img width=\"150\" height=\"150\" src=\"https:\/\/www.evento.love\/blog\/wp-content\/uploads\/2016\/09\/16_05_29_Qui\u00e9n-organiza-el-Baby-Shower-150x150.jpg\" class=\"attachment-thumbnail size-thumbnail wp-post-image\" alt=\"Organizaci\u00f3n Baby Shower Madrid fiesta beb\u00e9 embarazada\" decoding=\"async\" loading=\"lazy\" \/>\r\n\r\n        <\/a>\r\n    <\/div>\r\n\r\n    <a class=\"title post_title\"  title=\"\u00bfQui\u00e9n debe organizar el Baby Shower?\" href=\"https:\/\/www.evento.love\/blog\/quien-organizar-baby-shower-madrid\/\">\r\n                \u00bfQui\u00e9n debe organizar el Baby Shower?    <\/a>\r\n\r\n                <\/div>\r\n            \r\n    <\/div>\r\n\r\n    <script>\r\n            <\/script>\r\n    <style>\r\n        .related-post {}\r\n\r\n        .related-post .post-list {\r\n            text-align: left;\r\n                    }\r\n\r\n        .related-post .post-list .item {\r\n            margin: 5px 10px;\r\n            padding: 0px;\r\n                    }\r\n\r\n        .related-post .headline {\r\n            font-size: 24px !important;\r\n            color: #000000 !important;\r\n                    }\r\n\r\n        .related-post .headline{\r\nfont-weight:400 !important;\r\ntext-transform: uppercase;\r\n}.related-post .post-list .item .post_thumb {\r\n            max-height: 180px;\r\n            margin: 10px 0px;\r\n            padding: 0px;\r\n            display: block;\r\n                    }\r\n\r\n        .related-post .post-list .item .post_title {\r\n            font-size: 12px;\r\n            color: #607d8b;\r\n            margin: 10px 0px;\r\n            padding: 0px;\r\n            display: block;\r\n            text-decoration: none;\r\n                    }\r\n\r\n        .related-post .post-list .item .post_excerpt {\r\n            font-size: 13px;\r\n            color: #3f3f3f;\r\n            margin: 10px 0px;\r\n            padding: 0px;\r\n            display: block;\r\n            text-decoration: none;\r\n                    }\r\n\r\n        @media only screen and (min-width: 1024px) {\r\n            .related-post .post-list .item {\r\n                width: 22%;\r\n            }\r\n        }\r\n\r\n        @media only screen and (min-width: 768px) and (max-width: 1023px) {\r\n            .related-post .post-list .item {\r\n                width: 90%;\r\n            }\r\n        }\r\n\r\n        @media only screen and (min-width: 0px) and (max-width: 767px) {\r\n            .related-post .post-list .item {\r\n                width: 30%;\r\n            }\r\n        }\r\n\r\n            <\/style>\r\n        <\/div>\r\n","protected":false},"author":1,"featured_media":5604,"comment_status":"open","ping_status":"open","sticky":false,"template":"","format":"standard","meta":{"content-type":""},"categories":[756],"tags":[375,895,1577,1576,1341,888,1161],"yoast_head":"<!-- This site is optimized with the Yoast SEO plugin v20.7 - https:\/\/yoast.com\/wordpress\/plugins\/seo\/ -->\n<title>Las 3 claves para que tus fotograf\u00edas de boda sean espectaculares - El Blog de evento.love<\/title>\n<meta name=\"description\" content=\"Te contamos los secretos y las claves para lograr que tus fotograf\u00edas de boda sean espectaculares y el recuerdo m\u00e1s bonito de vuestras vidas.\" \/>\n<meta name=\"robots\" content=\"index, follow, max-snippet:-1, max-image-preview:large, max-video-preview:-1\" \/>\n<meta property=\"og:locale\" content=\"es_ES\" \/>\n<meta property=\"og:type\" content=\"article\" \/>\n<meta property=\"og:title\" content=\"Las 3 claves para que tus fotograf\u00edas de boda sean espectaculares - El Blog de evento.love\" \/>\n<meta property=\"og:description\" content=\"Te contamos los secretos y las claves para lograr que tus fotograf\u00edas de boda sean espectaculares y el recuerdo m\u00e1s bonito de vuestras vidas.\" \/>\n<meta property=\"og:url\" content=\"https:\/\/www.evento.love\/blog\/las-3-claves-para-que-tus-fotografias-de-boda-sean-espectaculares\/\" \/>\n<meta property=\"og:site_name\" content=\"El Blog de evento.love\" \/>\n<meta property=\"article:publisher\" content=\"https:\/\/www.facebook.com\/Evento.love\/\" \/>\n<meta property=\"article:published_time\" content=\"2019-11-14T07:00:59+00:00\" \/>\n<meta property=\"article:modified_time\" content=\"2019-11-14T06:27:28+00:00\" \/>\n<meta property=\"og:image\" content=\"https:\/\/www.evento.love\/blog\/wp-content\/uploads\/2019\/11\/fotografias-de-boda-1.jpg\" \/>\n\t<meta property=\"og:image:width\" content=\"850\" \/>\n\t<meta property=\"og:image:height\" content=\"570\" \/>\n\t<meta property=\"og:image:type\" content=\"image\/jpeg\" \/>\n<meta name=\"author\" content=\"Evento Love\" \/>\n<meta name=\"twitter:card\" content=\"summary_large_image\" \/>\n<meta name=\"twitter:creator\" content=\"@Evento_love\" \/>\n<meta name=\"twitter:site\" content=\"@Evento_love\" \/>\n<meta name=\"twitter:label1\" content=\"Escrito por\" \/>\n\t<meta name=\"twitter:data1\" content=\"Evento Love\" \/>\n\t<meta name=\"twitter:label2\" content=\"Tiempo de lectura\" \/>\n\t<meta name=\"twitter:data2\" content=\"2 minutos\" \/>\n<!-- \/ Yoast SEO plugin. -->","yoast_head_json":{"title":"Las 3 claves para que tus fotograf\u00edas de boda sean espectaculares - El Blog de evento.love","description":"Te contamos los secretos y las claves para lograr que tus fotograf\u00edas de boda sean espectaculares y el recuerdo m\u00e1s bonito de vuestras vidas.","robots":{"index":"index","follow":"follow","max-snippet":"max-snippet:-1","max-image-preview":"max-image-preview:large","max-video-preview":"max-video-preview:-1"},"og_locale":"es_ES","og_type":"article","og_title":"Las 3 claves para que tus fotograf\u00edas de boda sean espectaculares - El Blog de evento.love","og_description":"Te contamos los secretos y las claves para lograr que tus fotograf\u00edas de boda sean espectaculares y el recuerdo m\u00e1s bonito de vuestras vidas.","og_url":"https:\/\/www.evento.love\/blog\/las-3-claves-para-que-tus-fotografias-de-boda-sean-espectaculares\/","og_site_name":"El Blog de evento.love","article_publisher":"https:\/\/www.facebook.com\/Evento.love\/","article_published_time":"2019-11-14T07:00:59+00:00","article_modified_time":"2019-11-14T06:27:28+00:00","og_image":[{"width":850,"height":570,"url":"https:\/\/www.evento.love\/blog\/wp-content\/uploads\/2019\/11\/fotografias-de-boda-1.jpg","type":"image\/jpeg"}],"author":"Evento Love","twitter_card":"summary_large_image","twitter_creator":"@Evento_love","twitter_site":"@Evento_love","twitter_misc":{"Escrito por":"Evento Love","Tiempo de lectura":"2 minutos"},"schema":{"@context":"https:\/\/schema.org","@graph":[{"@type":"Article","@id":"https:\/\/www.evento.love\/blog\/las-3-claves-para-que-tus-fotografias-de-boda-sean-espectaculares\/#article","isPartOf":{"@id":"https:\/\/www.evento.love\/blog\/las-3-claves-para-que-tus-fotografias-de-boda-sean-espectaculares\/"},"author":{"name":"Evento Love","@id":"https:\/\/www.evento.love\/blog\/#\/schema\/person\/a184c2ed424b7fb3006372ce8051542c"},"headline":"Las 3 claves para que tus fotograf\u00edas de boda sean espectaculares","datePublished":"2019-11-14T07:00:59+00:00","dateModified":"2019-11-14T06:27:28+00:00","mainEntityOfPage":{"@id":"https:\/\/www.evento.love\/blog\/las-3-claves-para-que-tus-fotografias-de-boda-sean-espectaculares\/"},"wordCount":477,"commentCount":0,"publisher":{"@id":"https:\/\/www.evento.love\/blog\/#organization"},"keywords":["boda","boda en Madrid","fotograf\u00eda de boda","fot\u00f3grafos de boda","organizadora de bodas","wedding planner","wedding planner en Madrid"],"articleSection":["Bodas"],"inLanguage":"es","potentialAction":[{"@type":"CommentAction","name":"Comment","target":["https:\/\/www.evento.love\/blog\/las-3-claves-para-que-tus-fotografias-de-boda-sean-espectaculares\/#respond"]}]},{"@type":"WebPage","@id":"https:\/\/www.evento.love\/blog\/las-3-claves-para-que-tus-fotografias-de-boda-sean-espectaculares\/","url":"https:\/\/www.evento.love\/blog\/las-3-claves-para-que-tus-fotografias-de-boda-sean-espectaculares\/","name":"Las 3 claves para que tus fotograf\u00edas de boda sean espectaculares - El Blog de evento.love","isPartOf":{"@id":"https:\/\/www.evento.love\/blog\/#website"},"datePublished":"2019-11-14T07:00:59+00:00","dateModified":"2019-11-14T06:27:28+00:00","description":"Te contamos los secretos y las claves para lograr que tus fotograf\u00edas de boda sean espectaculares y el recuerdo m\u00e1s bonito de vuestras vidas.","breadcrumb":{"@id":"https:\/\/www.evento.love\/blog\/las-3-claves-para-que-tus-fotografias-de-boda-sean-espectaculares\/#breadcrumb"},"inLanguage":"es","potentialAction":[{"@type":"ReadAction","target":["https:\/\/www.evento.love\/blog\/las-3-claves-para-que-tus-fotografias-de-boda-sean-espectaculares\/"]}]},{"@type":"BreadcrumbList","@id":"https:\/\/www.evento.love\/blog\/las-3-claves-para-que-tus-fotografias-de-boda-sean-espectaculares\/#breadcrumb","itemListElement":[{"@type":"ListItem","position":1,"name":"Evento.love","item":"https:\/\/www.evento.love\/blog\/"},{"@type":"ListItem","position":2,"name":"Bodas","item":"https:\/\/www.evento.love\/blog\/category\/bodas\/"},{"@type":"ListItem","position":3,"name":"Las 3 claves para que tus fotograf\u00edas de boda sean espectaculares"}]},{"@type":"WebSite","@id":"https:\/\/www.evento.love\/blog\/#website","url":"https:\/\/www.evento.love\/blog\/","name":"El Blog de evento.love","description":"T\u00fa lo mereces. Disfruta de tu momento","publisher":{"@id":"https:\/\/www.evento.love\/blog\/#organization"},"potentialAction":[{"@type":"SearchAction","target":{"@type":"EntryPoint","urlTemplate":"https:\/\/www.evento.love\/blog\/?s={search_term_string}"},"query-input":"required name=search_term_string"}],"inLanguage":"es"},{"@type":"Organization","@id":"https:\/\/www.evento.love\/blog\/#organization","name":"evento.love","url":"https:\/\/www.evento.love\/blog\/","logo":{"@type":"ImageObject","inLanguage":"es","@id":"https:\/\/www.evento.love\/blog\/#\/schema\/logo\/image\/","url":"https:\/\/www.evento.love\/blog\/wp-content\/uploads\/2016\/07\/logo-evento-love.png","contentUrl":"https:\/\/www.evento.love\/blog\/wp-content\/uploads\/2016\/07\/logo-evento-love.png","width":197,"height":59,"caption":"evento.love"},"image":{"@id":"https:\/\/www.evento.love\/blog\/#\/schema\/logo\/image\/"},"sameAs":["https:\/\/www.facebook.com\/Evento.love\/","https:\/\/twitter.com\/Evento_love","https:\/\/www.instagram.com\/evento.love\/","https:\/\/es.pinterest.com\/evento_love\/","https:\/\/www.youtube.com\/channel\/UCcVbo6ymzx-7FlDJja8aQnw"]},{"@type":"Person","@id":"https:\/\/www.evento.love\/blog\/#\/schema\/person\/a184c2ed424b7fb3006372ce8051542c","name":"Evento Love"}]}},"_links":{"self":[{"href":"https:\/\/www.evento.love\/blog\/wp-json\/wp\/v2\/posts\/5603"}],"collection":[{"href":"https:\/\/www.evento.love\/blog\/wp-json\/wp\/v2\/posts"}],"about":[{"href":"https:\/\/www.evento.love\/blog\/wp-json\/wp\/v2\/types\/post"}],"author":[{"embeddable":true,"href":"https:\/\/www.evento.love\/blog\/wp-json\/wp\/v2\/users\/1"}],"replies":[{"embeddable":true,"href":"https:\/\/www.evento.love\/blog\/wp-json\/wp\/v2\/comments?post=5603"}],"version-history":[{"count":1,"href":"https:\/\/www.evento.love\/blog\/wp-json\/wp\/v2\/posts\/5603\/revisions"}],"predecessor-version":[{"id":5606,"href":"https:\/\/www.evento.love\/blog\/wp-json\/wp\/v2\/posts\/5603\/revisions\/5606"}],"wp:featuredmedia":[{"embeddable":true,"href":"https:\/\/www.evento.love\/blog\/wp-json\/wp\/v2\/media\/5604"}],"wp:attachment":[{"href":"https:\/\/www.evento.love\/blog\/wp-json\/wp\/v2\/media?parent=5603"}],"wp:term":[{"taxonomy":"category","embeddable":true,"href":"https:\/\/www.evento.love\/blog\/wp-json\/wp\/v2\/categories?post=5603"},{"taxonomy":"post_tag","embeddable":true,"href":"https:\/\/www.evento.love\/blog\/wp-json\/wp\/v2\/tags?post=5603"}],"curies":[{"name":"wp","href":"https:\/\/api.w.org\/{rel}","templated":true}]}}