{"id":5737,"date":"2019-12-16T09:00:56","date_gmt":"2019-12-16T07:00:56","guid":{"rendered":"https:\/\/www.evento.love\/blog\/?p=5737"},"modified":"2019-12-15T23:36:43","modified_gmt":"2019-12-15T21:36:43","slug":"5-ramos-de-novia-para-bodas-de-invierno","status":"publish","type":"post","link":"https:\/\/www.evento.love\/blog\/5-ramos-de-novia-para-bodas-de-invierno\/","title":{"rendered":"5 ramos de novia para bodas de invierno"},"content":{"rendered":"<p><a href=\"https:\/\/www.evento.love\/blog\/la-paniculata-una-flor-ideal-para-la-decoracion-de-tu-boda\/?utm_source=web&amp;utm_medium=post&amp;utm_campaign=ramos-novia-invierno\" target=\"_blank\" rel=\"noopener noreferrer\">La pasada semana os confesamos en el blog<\/a> nuestro amor por las flores y, en concreto, por nuestra adorada paniculata, adem\u00e1s de daros ideas de composiciones para bodas.<!--more--><\/p>\n<p>Ante el \u00e9xito del post y, como sabemos que os chiflan las flores tanto como al equipo de Evento.love, hoy hemos decidido publicar un post ya cl\u00e1sico de nuestro blog cada temporada: ideas de ramos de novia ideales para una boda de&#8230;\u00a1invierno!<\/p>\n<p>Mucho m\u00e1s all\u00e1 de la \u00e9poca en la que vayas a dar el &#8220;s\u00ed, quiero&#8221;, lo primero de todo que debes pensar a la hora de escoger tu ramo de novia es en la composici\u00f3n, tipo de flor y colores con los que m\u00e1s te sientas t\u00fa. Porque lo fundamental, no nos casaremos de repetirlo, es que te sientas t\u00fa misma en todo momento y tanto tu outfit como la decoraci\u00f3n de la boda reflejen tu personalidad y la de tu pareja.<\/p>\n<p>Dicho esto, cada temporada desde Evento.love nos gusta seleccionar los ramos con colores que m\u00e1s &#8220;apetecen&#8221; en los meses del a\u00f1o en los que nos encontramos, para as\u00ed poder inspirar a todas las novias que nos leen y est\u00e1n en plena organizaci\u00f3n de su gran d\u00eda.<\/p>\n<p>Y sin m\u00e1s dilaci\u00f3n, a continuaci\u00f3n os mostramos nuestro top 5 de ramos de novia para una boda de invierno. \u00a1Vamos all\u00e1!<\/p>\n<h2>1. En tonos rosas y granates<\/h2>\n<figure id=\"attachment_5740\" aria-describedby=\"caption-attachment-5740\" style=\"width: 850px\" class=\"wp-caption aligncenter\"><img decoding=\"async\" loading=\"lazy\" class=\"size-full wp-image-5740\" src=\"https:\/\/www.evento.love\/blog\/wp-content\/uploads\/2019\/12\/ramos-de-novia-invierno-florfruitsevents.jpg\" alt=\"ramos de novia\" width=\"850\" height=\"567\" srcset=\"https:\/\/www.evento.love\/blog\/wp-content\/uploads\/2019\/12\/ramos-de-novia-invierno-florfruitsevents.jpg 850w, https:\/\/www.evento.love\/blog\/wp-content\/uploads\/2019\/12\/ramos-de-novia-invierno-florfruitsevents-300x200.jpg 300w, https:\/\/www.evento.love\/blog\/wp-content\/uploads\/2019\/12\/ramos-de-novia-invierno-florfruitsevents-768x512.jpg 768w, https:\/\/www.evento.love\/blog\/wp-content\/uploads\/2019\/12\/ramos-de-novia-invierno-florfruitsevents-405x270.jpg 405w\" sizes=\"(max-width: 850px) 100vw, 850px\" \/><figcaption id=\"caption-attachment-5740\" class=\"wp-caption-text\">Flor Fruits Eventos<\/figcaption><\/figure>\n<h2>2. Con un toque azul<\/h2>\n<figure id=\"attachment_5741\" aria-describedby=\"caption-attachment-5741\" style=\"width: 600px\" class=\"wp-caption aligncenter\"><img decoding=\"async\" loading=\"lazy\" class=\"wp-image-5741 size-full\" src=\"https:\/\/www.evento.love\/blog\/wp-content\/uploads\/2019\/12\/ramos-de-novia-invierno-MARGARITA_SE_LLAMA_MI_AMOR_RAMO_AZUL_100-2.jpg\" alt=\"Margarita se llama mi amor\" width=\"600\" height=\"900\" srcset=\"https:\/\/www.evento.love\/blog\/wp-content\/uploads\/2019\/12\/ramos-de-novia-invierno-MARGARITA_SE_LLAMA_MI_AMOR_RAMO_AZUL_100-2.jpg 600w, https:\/\/www.evento.love\/blog\/wp-content\/uploads\/2019\/12\/ramos-de-novia-invierno-MARGARITA_SE_LLAMA_MI_AMOR_RAMO_AZUL_100-2-200x300.jpg 200w, https:\/\/www.evento.love\/blog\/wp-content\/uploads\/2019\/12\/ramos-de-novia-invierno-MARGARITA_SE_LLAMA_MI_AMOR_RAMO_AZUL_100-2-180x270.jpg 180w\" sizes=\"(max-width: 600px) 100vw, 600px\" \/><figcaption id=\"caption-attachment-5741\" class=\"wp-caption-text\">Margarita se llama mi amor<\/figcaption><\/figure>\n<h3>3. En azul, blanco y rosa intenso<\/h3>\n<figure id=\"attachment_5739\" aria-describedby=\"caption-attachment-5739\" style=\"width: 700px\" class=\"wp-caption aligncenter\"><img decoding=\"async\" loading=\"lazy\" class=\"wp-image-5739 size-full\" src=\"https:\/\/www.evento.love\/blog\/wp-content\/uploads\/2019\/12\/ramos-de-novia-invierno-floresmenta.jpg\" alt=\"ramos de novia\" width=\"700\" height=\"700\" srcset=\"https:\/\/www.evento.love\/blog\/wp-content\/uploads\/2019\/12\/ramos-de-novia-invierno-floresmenta.jpg 700w, https:\/\/www.evento.love\/blog\/wp-content\/uploads\/2019\/12\/ramos-de-novia-invierno-floresmenta-150x150.jpg 150w, https:\/\/www.evento.love\/blog\/wp-content\/uploads\/2019\/12\/ramos-de-novia-invierno-floresmenta-300x300.jpg 300w, https:\/\/www.evento.love\/blog\/wp-content\/uploads\/2019\/12\/ramos-de-novia-invierno-floresmenta-270x270.jpg 270w\" sizes=\"(max-width: 700px) 100vw, 700px\" \/><figcaption id=\"caption-attachment-5739\" class=\"wp-caption-text\">Flores Menta<\/figcaption><\/figure>\n<h2>4. En blanco y beige<\/h2>\n<figure id=\"attachment_5742\" aria-describedby=\"caption-attachment-5742\" style=\"width: 850px\" class=\"wp-caption aligncenter\"><img decoding=\"async\" loading=\"lazy\" class=\"wp-image-5742 size-full\" src=\"https:\/\/www.evento.love\/blog\/wp-content\/uploads\/2019\/12\/sallyhambleton-ramos-de-novia-invierno-.jpg\" alt=\"Sally Hambleton\" width=\"850\" height=\"567\" srcset=\"https:\/\/www.evento.love\/blog\/wp-content\/uploads\/2019\/12\/sallyhambleton-ramos-de-novia-invierno-.jpg 850w, https:\/\/www.evento.love\/blog\/wp-content\/uploads\/2019\/12\/sallyhambleton-ramos-de-novia-invierno--300x200.jpg 300w, https:\/\/www.evento.love\/blog\/wp-content\/uploads\/2019\/12\/sallyhambleton-ramos-de-novia-invierno--768x512.jpg 768w, https:\/\/www.evento.love\/blog\/wp-content\/uploads\/2019\/12\/sallyhambleton-ramos-de-novia-invierno--405x270.jpg 405w\" sizes=\"(max-width: 850px) 100vw, 850px\" \/><figcaption id=\"caption-attachment-5742\" class=\"wp-caption-text\">Sally Hambleton<\/figcaption><\/figure>\n<h2>5. En burdeos y rosa empolvado<\/h2>\n<p><img decoding=\"async\" loading=\"lazy\" class=\"wp-image-5743 size-full aligncenter\" src=\"https:\/\/www.evento.love\/blog\/wp-content\/uploads\/2019\/12\/fernando-espadas-ramos-de-novia-invierno-.jpg\" alt=\"Fernando Espadas ramos de novia\" width=\"800\" height=\"800\" srcset=\"https:\/\/www.evento.love\/blog\/wp-content\/uploads\/2019\/12\/fernando-espadas-ramos-de-novia-invierno-.jpg 800w, https:\/\/www.evento.love\/blog\/wp-content\/uploads\/2019\/12\/fernando-espadas-ramos-de-novia-invierno--150x150.jpg 150w, https:\/\/www.evento.love\/blog\/wp-content\/uploads\/2019\/12\/fernando-espadas-ramos-de-novia-invierno--300x300.jpg 300w, https:\/\/www.evento.love\/blog\/wp-content\/uploads\/2019\/12\/fernando-espadas-ramos-de-novia-invierno--768x768.jpg 768w, https:\/\/www.evento.love\/blog\/wp-content\/uploads\/2019\/12\/fernando-espadas-ramos-de-novia-invierno--270x270.jpg 270w\" sizes=\"(max-width: 800px) 100vw, 800px\" \/>\u00a0 \u00a0 \u00a0 \u00a0 \u00a0 \u00a0 \u00a0 \u00a0<span style=\"font-size: 14px;\">Fernando Espadas<\/span><\/p>\n<p>\u00bfQuieres conocer todas las tendencias de boda y para novias? S\u00edguenos en el blog y en <a href=\"https:\/\/www.instagram.com\/evento.love\/?utm_source=web&amp;utm_medium=post&amp;utm_campaign=flores-boda-otono\" target=\"_blank\" rel=\"noopener noreferrer\">nuestras redes sociales<\/a>. \u00a1Nos encanta inspirar a los futuros novios! Y si quer\u00e9is que os ayudemos en el camino de la organizaci\u00f3n de vuestro gran d\u00eda, no dud\u00e9is en escribirnos a <a href=\"https:\/\/hola@evento.love\" target=\"_blank\" rel=\"noopener noreferrer\">hola@evento.love<\/a>.<\/p>\n    <div class=\"related-post grid\">\r\n                <div class=\"headline\">M\u00e1s art\u00edculos a tener en cuenta<\/div>\r\n        <div class=\"post-list \">\r\n\r\n                        <div class=\"item\">\r\n                        <div class=\"thumb post_thumb\">\r\n        <a  title=\"5+1 ideas imprescindibles para dar un toque especial a tu boda\" href=\"https:\/\/www.evento.love\/blog\/ideas-imprescindibles-tu-boda-madrid\/\">\r\n\r\n            <img width=\"150\" height=\"150\" src=\"https:\/\/www.evento.love\/blog\/wp-content\/uploads\/2017\/04\/17_04_01-150x150.jpg\" class=\"attachment-thumbnail size-thumbnail wp-post-image\" alt=\"Ideas para tu boda organizaci\u00f3n eventos madrid\" decoding=\"async\" loading=\"lazy\" \/>\r\n\r\n        <\/a>\r\n    <\/div>\r\n\r\n    <a class=\"title post_title\"  title=\"5+1 ideas imprescindibles para dar un toque especial a tu boda\" href=\"https:\/\/www.evento.love\/blog\/ideas-imprescindibles-tu-boda-madrid\/\">\r\n                5+1 ideas imprescindibles para dar un toque especial a tu boda    <\/a>\r\n\r\n                <\/div>\r\n                            <div class=\"item\">\r\n                        <div class=\"thumb post_thumb\">\r\n        <a  title=\"\u00bfQu\u00e9 es una preboda?\" href=\"https:\/\/www.evento.love\/blog\/que-es-una-preboda-madrid\/\">\r\n\r\n            <img width=\"150\" height=\"150\" src=\"https:\/\/www.evento.love\/blog\/wp-content\/uploads\/2017\/04\/17_04_15-150x150.jpg\" class=\"attachment-thumbnail size-thumbnail wp-post-image\" alt=\"preboda boda fotograf\u00eda novios madrid\" decoding=\"async\" loading=\"lazy\" \/>\r\n\r\n        <\/a>\r\n    <\/div>\r\n\r\n    <a class=\"title post_title\"  title=\"\u00bfQu\u00e9 es una preboda?\" href=\"https:\/\/www.evento.love\/blog\/que-es-una-preboda-madrid\/\">\r\n                \u00bfQu\u00e9 es una preboda?    <\/a>\r\n\r\n                <\/div>\r\n                            <div class=\"item\">\r\n                        <div class=\"thumb post_thumb\">\r\n        <a  title=\"Consejos para organizar una sesi\u00f3n postboda\" href=\"https:\/\/www.evento.love\/blog\/consejos-sesion-postboda-madrid\/\">\r\n\r\n            <img width=\"150\" height=\"150\" src=\"https:\/\/www.evento.love\/blog\/wp-content\/uploads\/2017\/05\/17_05_10-150x150.jpg\" class=\"attachment-thumbnail size-thumbnail wp-post-image\" alt=\"Consejos para una sesi\u00f3n de fotograf\u00eda postboda en Madrid\" decoding=\"async\" loading=\"lazy\" \/>\r\n\r\n        <\/a>\r\n    <\/div>\r\n\r\n    <a class=\"title post_title\"  title=\"Consejos para organizar una sesi\u00f3n postboda\" href=\"https:\/\/www.evento.love\/blog\/consejos-sesion-postboda-madrid\/\">\r\n                Consejos para organizar una sesi\u00f3n postboda    <\/a>\r\n\r\n                <\/div>\r\n                            <div class=\"item\">\r\n                        <div class=\"thumb post_thumb\">\r\n        <a  title=\"Cinco hermosos textos para leer en una boda\" href=\"https:\/\/www.evento.love\/blog\/cinco-hermosos-textos-pueden-leer-boda\/\">\r\n\r\n            <img width=\"150\" height=\"150\" src=\"https:\/\/www.evento.love\/blog\/wp-content\/uploads\/2017\/06\/16_06_08-150x150.jpg\" class=\"attachment-thumbnail size-thumbnail wp-post-image\" alt=\"textos para leer en una boda religiosa civil madrid\" decoding=\"async\" loading=\"lazy\" \/>\r\n\r\n        <\/a>\r\n    <\/div>\r\n\r\n    <a class=\"title post_title\"  title=\"Cinco hermosos textos para leer en una boda\" href=\"https:\/\/www.evento.love\/blog\/cinco-hermosos-textos-pueden-leer-boda\/\">\r\n                Cinco hermosos textos para leer en una boda    <\/a>\r\n\r\n                <\/div>\r\n            \r\n    <\/div>\r\n\r\n    <script>\r\n            <\/script>\r\n    <style>\r\n        .related-post {}\r\n\r\n        .related-post .post-list {\r\n            text-align: left;\r\n                    }\r\n\r\n        .related-post .post-list .item {\r\n            margin: 5px 10px;\r\n            padding: 0px;\r\n                    }\r\n\r\n        .related-post .headline {\r\n            font-size: 24px !important;\r\n            color: #000000 !important;\r\n                    }\r\n\r\n        .related-post .headline{\r\nfont-weight:400 !important;\r\ntext-transform: uppercase;\r\n}.related-post .post-list .item .post_thumb {\r\n            max-height: 180px;\r\n            margin: 10px 0px;\r\n            padding: 0px;\r\n            display: block;\r\n                    }\r\n\r\n        .related-post .post-list .item .post_title {\r\n            font-size: 12px;\r\n            color: #607d8b;\r\n            margin: 10px 0px;\r\n            padding: 0px;\r\n            display: block;\r\n            text-decoration: none;\r\n                    }\r\n\r\n        .related-post .post-list .item .post_excerpt {\r\n            font-size: 13px;\r\n            color: #3f3f3f;\r\n            margin: 10px 0px;\r\n            padding: 0px;\r\n            display: block;\r\n            text-decoration: none;\r\n                    }\r\n\r\n        @media only screen and (min-width: 1024px) {\r\n            .related-post .post-list .item {\r\n                width: 22%;\r\n            }\r\n        }\r\n\r\n        @media only screen and (min-width: 768px) and (max-width: 1023px) {\r\n            .related-post .post-list .item {\r\n                width: 90%;\r\n            }\r\n        }\r\n\r\n        @media only screen and (min-width: 0px) and (max-width: 767px) {\r\n            .related-post .post-list .item {\r\n                width: 30%;\r\n            }\r\n        }\r\n\r\n            <\/style>\r\n        <\/div>\r\n<!-- AddThis Advanced Settings generic via filter on the_content --><!-- AddThis Share Buttons generic via filter on the_content -->","protected":false},"excerpt":{"rendered":"<p>La pasada semana os confesamos en el blog nuestro amor por las flores y, en concreto, por nuestra adorada paniculata, adem\u00e1s de daros ideas de composiciones para bodas. M\u00e1s art\u00edculos a tener en cuenta Juegos y actividades en tu baby shower C\u00f3mo inmortalizar tu baby shower Juegos en el baby shower Un beb\u00e9 en camino \u00bfBaby shower o bautizo?<!-- AddThis Advanced Settings generic via filter on get_the_excerpt --><!-- AddThis Share Buttons generic via filter on get_the_excerpt --><\/p>\n    <div class=\"related-post grid\">\r\n                <div class=\"headline\">M\u00e1s art\u00edculos a tener en cuenta<\/div>\r\n        <div class=\"post-list \">\r\n\r\n                        <div class=\"item\">\r\n                        <div class=\"thumb post_thumb\">\r\n        <a  title=\"Baby Shower, mucho m\u00e1s que un evento social\" href=\"https:\/\/www.evento.love\/blog\/baby-shower-evento-social-madrid\/\">\r\n\r\n            <img width=\"150\" height=\"150\" src=\"https:\/\/www.evento.love\/blog\/wp-content\/uploads\/2016\/07\/babyshower-150x150.jpg\" class=\"attachment-thumbnail size-thumbnail wp-post-image\" alt=\"baby shower-fiesta-beb\u00e9-embarazo-embarazada\" decoding=\"async\" loading=\"lazy\" \/>\r\n\r\n        <\/a>\r\n    <\/div>\r\n\r\n    <a class=\"title post_title\"  title=\"Baby Shower, mucho m\u00e1s que un evento social\" href=\"https:\/\/www.evento.love\/blog\/baby-shower-evento-social-madrid\/\">\r\n                Baby Shower, mucho m\u00e1s que un evento social    <\/a>\r\n\r\n                <\/div>\r\n                            <div class=\"item\">\r\n                        <div class=\"thumb post_thumb\">\r\n        <a  title=\"12 consejos para un Baby Shower perfecto\" href=\"https:\/\/www.evento.love\/blog\/12-consejos-baby-shower-perfecto-madrid\/\">\r\n\r\n            <img width=\"150\" height=\"150\" src=\"https:\/\/www.evento.love\/blog\/wp-content\/uploads\/2016\/09\/16_05_20_12_consejos-para-que-tu-Baby-Shower-sea-perfecto-150x150.jpg\" class=\"attachment-thumbnail size-thumbnail wp-post-image\" alt=\"Baby Shower-perfecto-beb\u00e9-embarazado-embarazada-fiesta-babyshower\" decoding=\"async\" loading=\"lazy\" \/>\r\n\r\n        <\/a>\r\n    <\/div>\r\n\r\n    <a class=\"title post_title\"  title=\"12 consejos para un Baby Shower perfecto\" href=\"https:\/\/www.evento.love\/blog\/12-consejos-baby-shower-perfecto-madrid\/\">\r\n                12 consejos para un Baby Shower perfecto    <\/a>\r\n\r\n                <\/div>\r\n                            <div class=\"item\">\r\n                        <div class=\"thumb post_thumb\">\r\n        <a  title=\"Cu\u00e1ndo hacer el Baby Shower\" href=\"https:\/\/www.evento.love\/blog\/cuando-hacer-el-baby-shower-madrid\/\">\r\n\r\n            <img width=\"150\" height=\"150\" src=\"https:\/\/www.evento.love\/blog\/wp-content\/uploads\/2016\/09\/16_05_23_Cuando-hacer-el-Baby-Shower-150x150.jpg\" class=\"attachment-thumbnail size-thumbnail wp-post-image\" alt=\"Cu\u00e1ndo hacer el baby shower beb\u00e9 embarazo fiesta en Madrid\" decoding=\"async\" loading=\"lazy\" \/>\r\n\r\n        <\/a>\r\n    <\/div>\r\n\r\n    <a class=\"title post_title\"  title=\"Cu\u00e1ndo hacer el Baby Shower\" href=\"https:\/\/www.evento.love\/blog\/cuando-hacer-el-baby-shower-madrid\/\">\r\n                Cu\u00e1ndo hacer el Baby Shower    <\/a>\r\n\r\n                <\/div>\r\n                            <div class=\"item\">\r\n                        <div class=\"thumb post_thumb\">\r\n        <a  title=\"\u00bfQui\u00e9n debe organizar el Baby Shower?\" href=\"https:\/\/www.evento.love\/blog\/quien-organizar-baby-shower-madrid\/\">\r\n\r\n            <img width=\"150\" height=\"150\" src=\"https:\/\/www.evento.love\/blog\/wp-content\/uploads\/2016\/09\/16_05_29_Qui\u00e9n-organiza-el-Baby-Shower-150x150.jpg\" class=\"attachment-thumbnail size-thumbnail wp-post-image\" alt=\"Organizaci\u00f3n Baby Shower Madrid fiesta beb\u00e9 embarazada\" decoding=\"async\" loading=\"lazy\" \/>\r\n\r\n        <\/a>\r\n    <\/div>\r\n\r\n    <a class=\"title post_title\"  title=\"\u00bfQui\u00e9n debe organizar el Baby Shower?\" href=\"https:\/\/www.evento.love\/blog\/quien-organizar-baby-shower-madrid\/\">\r\n                \u00bfQui\u00e9n debe organizar el Baby Shower?    <\/a>\r\n\r\n                <\/div>\r\n            \r\n    <\/div>\r\n\r\n    <script>\r\n            <\/script>\r\n    <style>\r\n        .related-post {}\r\n\r\n        .related-post .post-list {\r\n            text-align: left;\r\n                    }\r\n\r\n        .related-post .post-list .item {\r\n            margin: 5px 10px;\r\n            padding: 0px;\r\n                    }\r\n\r\n        .related-post .headline {\r\n            font-size: 24px !important;\r\n            color: #000000 !important;\r\n                    }\r\n\r\n        .related-post .headline{\r\nfont-weight:400 !important;\r\ntext-transform: uppercase;\r\n}.related-post .post-list .item .post_thumb {\r\n            max-height: 180px;\r\n            margin: 10px 0px;\r\n            padding: 0px;\r\n            display: block;\r\n                    }\r\n\r\n        .related-post .post-list .item .post_title {\r\n            font-size: 12px;\r\n            color: #607d8b;\r\n            margin: 10px 0px;\r\n            padding: 0px;\r\n            display: block;\r\n            text-decoration: none;\r\n                    }\r\n\r\n        .related-post .post-list .item .post_excerpt {\r\n            font-size: 13px;\r\n            color: #3f3f3f;\r\n            margin: 10px 0px;\r\n            padding: 0px;\r\n            display: block;\r\n            text-decoration: none;\r\n                    }\r\n\r\n        @media only screen and (min-width: 1024px) {\r\n            .related-post .post-list .item {\r\n                width: 22%;\r\n            }\r\n        }\r\n\r\n        @media only screen and (min-width: 768px) and (max-width: 1023px) {\r\n            .related-post .post-list .item {\r\n                width: 90%;\r\n            }\r\n        }\r\n\r\n        @media only screen and (min-width: 0px) and (max-width: 767px) {\r\n            .related-post .post-list .item {\r\n                width: 30%;\r\n            }\r\n        }\r\n\r\n            <\/style>\r\n        <\/div>\r\n","protected":false},"author":1,"featured_media":5742,"comment_status":"open","ping_status":"open","sticky":false,"template":"","format":"standard","meta":{"content-type":""},"categories":[756],"tags":[1071,1595,934,1033,1341,1241,1594,888,1161],"yoast_head":"<!-- This site is optimized with the Yoast SEO plugin v20.7 - https:\/\/yoast.com\/wordpress\/plugins\/seo\/ -->\n<title>5 ramos de novia para bodas de invierno - El Blog de evento.love<\/title>\n<meta name=\"description\" content=\"Descubre los ramos de novia m\u00e1s ideales, rom\u00e1nticos, elegantes y en tendencia para las bodas de invierno temporada 2019\/2020.\" \/>\n<meta name=\"robots\" content=\"index, follow, max-snippet:-1, max-image-preview:large, max-video-preview:-1\" \/>\n<meta property=\"og:locale\" content=\"es_ES\" \/>\n<meta property=\"og:type\" content=\"article\" \/>\n<meta property=\"og:title\" content=\"5 ramos de novia para bodas de invierno - El Blog de evento.love\" \/>\n<meta property=\"og:description\" content=\"Descubre los ramos de novia m\u00e1s ideales, rom\u00e1nticos, elegantes y en tendencia para las bodas de invierno temporada 2019\/2020.\" \/>\n<meta property=\"og:url\" content=\"https:\/\/www.evento.love\/blog\/5-ramos-de-novia-para-bodas-de-invierno\/\" \/>\n<meta property=\"og:site_name\" content=\"El Blog de evento.love\" \/>\n<meta property=\"article:publisher\" content=\"https:\/\/www.facebook.com\/Evento.love\/\" \/>\n<meta property=\"article:published_time\" content=\"2019-12-16T07:00:56+00:00\" \/>\n<meta property=\"article:modified_time\" content=\"2019-12-15T21:36:43+00:00\" \/>\n<meta property=\"og:image\" content=\"https:\/\/www.evento.love\/blog\/wp-content\/uploads\/2019\/12\/sallyhambleton-ramos-de-novia-invierno-.jpg\" \/>\n\t<meta property=\"og:image:width\" content=\"850\" \/>\n\t<meta property=\"og:image:height\" content=\"567\" \/>\n\t<meta property=\"og:image:type\" content=\"image\/jpeg\" \/>\n<meta name=\"author\" content=\"Evento Love\" \/>\n<meta name=\"twitter:card\" content=\"summary_large_image\" \/>\n<meta name=\"twitter:creator\" content=\"@Evento_love\" \/>\n<meta name=\"twitter:site\" content=\"@Evento_love\" \/>\n<meta name=\"twitter:label1\" content=\"Escrito por\" \/>\n\t<meta name=\"twitter:data1\" content=\"Evento Love\" \/>\n\t<meta name=\"twitter:label2\" content=\"Tiempo de lectura\" \/>\n\t<meta name=\"twitter:data2\" content=\"2 minutos\" \/>\n<!-- \/ Yoast SEO plugin. -->","yoast_head_json":{"title":"5 ramos de novia para bodas de invierno - El Blog de evento.love","description":"Descubre los ramos de novia m\u00e1s ideales, rom\u00e1nticos, elegantes y en tendencia para las bodas de invierno temporada 2019\/2020.","robots":{"index":"index","follow":"follow","max-snippet":"max-snippet:-1","max-image-preview":"max-image-preview:large","max-video-preview":"max-video-preview:-1"},"og_locale":"es_ES","og_type":"article","og_title":"5 ramos de novia para bodas de invierno - El Blog de evento.love","og_description":"Descubre los ramos de novia m\u00e1s ideales, rom\u00e1nticos, elegantes y en tendencia para las bodas de invierno temporada 2019\/2020.","og_url":"https:\/\/www.evento.love\/blog\/5-ramos-de-novia-para-bodas-de-invierno\/","og_site_name":"El Blog de evento.love","article_publisher":"https:\/\/www.facebook.com\/Evento.love\/","article_published_time":"2019-12-16T07:00:56+00:00","article_modified_time":"2019-12-15T21:36:43+00:00","og_image":[{"width":850,"height":567,"url":"https:\/\/www.evento.love\/blog\/wp-content\/uploads\/2019\/12\/sallyhambleton-ramos-de-novia-invierno-.jpg","type":"image\/jpeg"}],"author":"Evento Love","twitter_card":"summary_large_image","twitter_creator":"@Evento_love","twitter_site":"@Evento_love","twitter_misc":{"Escrito por":"Evento Love","Tiempo de lectura":"2 minutos"},"schema":{"@context":"https:\/\/schema.org","@graph":[{"@type":"Article","@id":"https:\/\/www.evento.love\/blog\/5-ramos-de-novia-para-bodas-de-invierno\/#article","isPartOf":{"@id":"https:\/\/www.evento.love\/blog\/5-ramos-de-novia-para-bodas-de-invierno\/"},"author":{"name":"Evento Love","@id":"https:\/\/www.evento.love\/blog\/#\/schema\/person\/a184c2ed424b7fb3006372ce8051542c"},"headline":"5 ramos de novia para bodas de invierno","datePublished":"2019-12-16T07:00:56+00:00","dateModified":"2019-12-15T21:36:43+00:00","mainEntityOfPage":{"@id":"https:\/\/www.evento.love\/blog\/5-ramos-de-novia-para-bodas-de-invierno\/"},"wordCount":364,"commentCount":0,"publisher":{"@id":"https:\/\/www.evento.love\/blog\/#organization"},"keywords":["boda de invierno","boda invernal","decoraci\u00f3n de bodas","flores de boda","organizadora de bodas","ramos de novia","ramos de novia de invierno","wedding planner","wedding planner en Madrid"],"articleSection":["Bodas"],"inLanguage":"es","potentialAction":[{"@type":"CommentAction","name":"Comment","target":["https:\/\/www.evento.love\/blog\/5-ramos-de-novia-para-bodas-de-invierno\/#respond"]}]},{"@type":"WebPage","@id":"https:\/\/www.evento.love\/blog\/5-ramos-de-novia-para-bodas-de-invierno\/","url":"https:\/\/www.evento.love\/blog\/5-ramos-de-novia-para-bodas-de-invierno\/","name":"5 ramos de novia para bodas de invierno - El Blog de evento.love","isPartOf":{"@id":"https:\/\/www.evento.love\/blog\/#website"},"datePublished":"2019-12-16T07:00:56+00:00","dateModified":"2019-12-15T21:36:43+00:00","description":"Descubre los ramos de novia m\u00e1s ideales, rom\u00e1nticos, elegantes y en tendencia para las bodas de invierno temporada 2019\/2020.","breadcrumb":{"@id":"https:\/\/www.evento.love\/blog\/5-ramos-de-novia-para-bodas-de-invierno\/#breadcrumb"},"inLanguage":"es","potentialAction":[{"@type":"ReadAction","target":["https:\/\/www.evento.love\/blog\/5-ramos-de-novia-para-bodas-de-invierno\/"]}]},{"@type":"BreadcrumbList","@id":"https:\/\/www.evento.love\/blog\/5-ramos-de-novia-para-bodas-de-invierno\/#breadcrumb","itemListElement":[{"@type":"ListItem","position":1,"name":"Evento.love","item":"https:\/\/www.evento.love\/blog\/"},{"@type":"ListItem","position":2,"name":"Bodas","item":"https:\/\/www.evento.love\/blog\/category\/bodas\/"},{"@type":"ListItem","position":3,"name":"5 ramos de novia para bodas de invierno"}]},{"@type":"WebSite","@id":"https:\/\/www.evento.love\/blog\/#website","url":"https:\/\/www.evento.love\/blog\/","name":"El Blog de evento.love","description":"T\u00fa lo mereces. Disfruta de tu momento","publisher":{"@id":"https:\/\/www.evento.love\/blog\/#organization"},"potentialAction":[{"@type":"SearchAction","target":{"@type":"EntryPoint","urlTemplate":"https:\/\/www.evento.love\/blog\/?s={search_term_string}"},"query-input":"required name=search_term_string"}],"inLanguage":"es"},{"@type":"Organization","@id":"https:\/\/www.evento.love\/blog\/#organization","name":"evento.love","url":"https:\/\/www.evento.love\/blog\/","logo":{"@type":"ImageObject","inLanguage":"es","@id":"https:\/\/www.evento.love\/blog\/#\/schema\/logo\/image\/","url":"https:\/\/www.evento.love\/blog\/wp-content\/uploads\/2016\/07\/logo-evento-love.png","contentUrl":"https:\/\/www.evento.love\/blog\/wp-content\/uploads\/2016\/07\/logo-evento-love.png","width":197,"height":59,"caption":"evento.love"},"image":{"@id":"https:\/\/www.evento.love\/blog\/#\/schema\/logo\/image\/"},"sameAs":["https:\/\/www.facebook.com\/Evento.love\/","https:\/\/twitter.com\/Evento_love","https:\/\/www.instagram.com\/evento.love\/","https:\/\/es.pinterest.com\/evento_love\/","https:\/\/www.youtube.com\/channel\/UCcVbo6ymzx-7FlDJja8aQnw"]},{"@type":"Person","@id":"https:\/\/www.evento.love\/blog\/#\/schema\/person\/a184c2ed424b7fb3006372ce8051542c","name":"Evento Love"}]}},"_links":{"self":[{"href":"https:\/\/www.evento.love\/blog\/wp-json\/wp\/v2\/posts\/5737"}],"collection":[{"href":"https:\/\/www.evento.love\/blog\/wp-json\/wp\/v2\/posts"}],"about":[{"href":"https:\/\/www.evento.love\/blog\/wp-json\/wp\/v2\/types\/post"}],"author":[{"embeddable":true,"href":"https:\/\/www.evento.love\/blog\/wp-json\/wp\/v2\/users\/1"}],"replies":[{"embeddable":true,"href":"https:\/\/www.evento.love\/blog\/wp-json\/wp\/v2\/comments?post=5737"}],"version-history":[{"count":3,"href":"https:\/\/www.evento.love\/blog\/wp-json\/wp\/v2\/posts\/5737\/revisions"}],"predecessor-version":[{"id":5745,"href":"https:\/\/www.evento.love\/blog\/wp-json\/wp\/v2\/posts\/5737\/revisions\/5745"}],"wp:featuredmedia":[{"embeddable":true,"href":"https:\/\/www.evento.love\/blog\/wp-json\/wp\/v2\/media\/5742"}],"wp:attachment":[{"href":"https:\/\/www.evento.love\/blog\/wp-json\/wp\/v2\/media?parent=5737"}],"wp:term":[{"taxonomy":"category","embeddable":true,"href":"https:\/\/www.evento.love\/blog\/wp-json\/wp\/v2\/categories?post=5737"},{"taxonomy":"post_tag","embeddable":true,"href":"https:\/\/www.evento.love\/blog\/wp-json\/wp\/v2\/tags?post=5737"}],"curies":[{"name":"wp","href":"https:\/\/api.w.org\/{rel}","templated":true}]}}